{"id":34818,"date":"2022-12-22T18:12:38","date_gmt":"2022-12-22T23:12:38","guid":{"rendered":"http:\/\/www.uartes.edu.ec\/sitio\/?p=34818"},"modified":"2024-07-04T11:22:18","modified_gmt":"2024-07-04T16:22:18","slug":"gabriela-rivadeneira-artista-seleccionada-para-la-xvi-bienal-internacional-de-cuenca","status":"publish","type":"post","link":"https:\/\/www.uartes.edu.ec\/sitio\/fr\/blog\/2022\/12\/22\/gabriela-rivadeneira-artista-seleccionada-para-la-xvi-bienal-internacional-de-cuenca\/","title":{"rendered":"Gabriela Rivadeneira, artista seleccionada para la XVI Bienal Internacional de Cuenca"},"content":{"rendered":"<p>La obra de la artista pl\u00e1stica Gabriela Rivadeneira Crespo participar\u00e1 en la XVI Bienal Internacional de Cuenca, que lleva el t\u00edtulo de \u201cQuiz\u00e1 Ma\u00f1ana\u201d, a inaugurarse en diciembre de 2023. La docente de la Escuela de Cine y directora de Pol\u00edticas de Investigaci\u00f3n de la Universidad de las Artes fue seleccionada junto a cinco artistas ecuatorianos y 25 extranjeros.<\/p>\n\n\n\n<p>El proceso selectivo estuvo a cargo del curador argentino Ferran Barenblit, quien considera que el arte \u201cse sit\u00faa entre lo dicho y lo no dicho, en la idea de&nbsp;que cuando se dice algo es posible que se quiera decir exactamente lo contrario. Eso es lo que le otorga su desmedido potencial, el pensar que todo puede ocurrir,&nbsp;quiz\u00e1 ma\u00f1ana\u201d.&nbsp;<\/p>\n\n\n\n<p>La participaci\u00f3n de Rivadeneira Crespo se efectu\u00f3 mediante invitaci\u00f3n directa del curador, a inicios de diciembre del presente a\u00f1o. Ferran Barenblit ha dirigido el Centro de Arte Santa M\u00f3nica (Barcelona), el Centro de Arte 2 de Mayo (M\u00f3stoles)&nbsp;y el Museo de Arte Contempor\u00e1neo de Barcelona. Reside en Ann Arbor, Estados Unidos, donde es profesor visitante en la Universidad Michigan.&nbsp;<\/p>\n\n\n<div class=\"wp-block-image\">\n<figure class=\"aligncenter size-large\"><img fetchpriority=\"high\" decoding=\"async\" width=\"644\" height=\"429\" src=\"http:\/\/www.uartes.edu.ec\/sitio\/wp-content\/uploads\/2022\/12\/cc-644x429.jpg\" alt=\"\" class=\"wp-image-34820\" srcset=\"https:\/\/www.uartes.edu.ec\/sitio\/wp-content\/uploads\/2022\/12\/cc-644x429.jpg 644w, https:\/\/www.uartes.edu.ec\/sitio\/wp-content\/uploads\/2022\/12\/cc-768x511.jpg 768w, https:\/\/www.uartes.edu.ec\/sitio\/wp-content\/uploads\/2022\/12\/cc.jpg 2000w, https:\/\/www.uartes.edu.ec\/sitio\/wp-content\/uploads\/2022\/12\/cc-600x399.jpg 600w, https:\/\/www.uartes.edu.ec\/sitio\/wp-content\/uploads\/2022\/12\/cc-272x182.jpg 272w\" sizes=\"(max-width: 644px) 100vw, 644px\" \/><\/figure>\n<\/div>\n\n\n<p>Gabriela Rivadeneira Crespo (Quito, 1971), es PhD en Artes (por la Universidad Sorbona-Pante\u00f3n Paris I), cuenta con una maestr\u00eda en Did\u00e1ctica de la Imagen y dos licenciaturas: en Estudios Cinematogr\u00e1ficos y Audiovisuales (por la Universidad Par\u00eds III) y en Artes Pl\u00e1sticas (por la Universidad Central del Ecuador). Inici\u00f3 su carrera art\u00edstica en 1996. Entre 1999 y 2012 fue miembro del grupo art\u00edstico PCCP. Ha participado en varias exposiciones en el Ecuador (CAC, Museo del BCE, Museo Camilo Egas, entre otras) e internacionales en Francia, Ucrania, EEUU, Espa\u00f1a y Alemania. Su trabajo explora los di\u00e1logos entre cine y arte contempor\u00e1neo a trav\u00e9s de un recorrido transversal entre estudios cinematogr\u00e1ficos, teor\u00eda est\u00e9tica y pr\u00e1ctica art\u00edstica contempor\u00e1nea. En este 2022 realiz\u00f3 una exposici\u00f3n colectiva \u201cQuiz\u00e1 un d\u00eda el cielo ser\u00e1 silencio\u201d (Centro de Arte Contempor\u00e1neo de Quito) y una individual \u201cEl Siglo\u201d (La Rotativa, edificio El Tel\u00e9grafo de Guayaquil).<\/p>\n\n\n\n<p>M\u00e1s informaci\u00f3n acerca de la Bienal de Cuenca en el siguiente link: <br><a href=\"https:\/\/blog.bienaldecuenca.org\/index.php\/2022\/12\/12\/seleccion-de-artistas-para-la-16-edicion-bienal-de-cuenca\/\">https:\/\/blog.bienaldecuenca.org\/index.php\/2022\/12\/12\/seleccion-de-artistas-para-la-16-edicion-bienal-de-cuenca\/<\/a><\/p>\n\n\n<div class=\"wp-block-image\">\n<figure class=\"aligncenter size-large\"><img decoding=\"async\" width=\"644\" height=\"429\" src=\"http:\/\/www.uartes.edu.ec\/sitio\/wp-content\/uploads\/2022\/12\/xx-644x429.jpg\" alt=\"\" class=\"wp-image-34821\" srcset=\"https:\/\/www.uartes.edu.ec\/sitio\/wp-content\/uploads\/2022\/12\/xx-644x429.jpg 644w, https:\/\/www.uartes.edu.ec\/sitio\/wp-content\/uploads\/2022\/12\/xx-768x511.jpg 768w, https:\/\/www.uartes.edu.ec\/sitio\/wp-content\/uploads\/2022\/12\/xx.jpg 2000w, https:\/\/www.uartes.edu.ec\/sitio\/wp-content\/uploads\/2022\/12\/xx-600x399.jpg 600w, https:\/\/www.uartes.edu.ec\/sitio\/wp-content\/uploads\/2022\/12\/xx-272x182.jpg 272w\" sizes=\"(max-width: 644px) 100vw, 644px\" \/><\/figure>\n<\/div>","protected":false},"excerpt":{"rendered":"<p>La obra de la artista pl\u00e1stica Gabriela Rivadeneira Crespo participar\u00e1 en la XVI Bienal Internacional de Cuenca, que lleva el t\u00edtulo de \u201cQuiz\u00e1 Ma\u00f1ana\u201d, a inaugurarse en diciembre de 2023. La docente de la Escuela de Cine y directora de Pol\u00edticas de Investigaci\u00f3n de la Universidad de las Artes fue seleccionada junto a cinco artistas ecuatorianos y 25 extranjeros. <\/p>","protected":false},"author":10,"featured_media":34819,"comment_status":"open","ping_status":"open","sticky":false,"template":"","format":"standard","meta":{"_acf_changed":false,"_uag_custom_page_level_css":"","_monsterinsights_skip_tracking":false,"_monsterinsights_sitenote_active":false,"_monsterinsights_sitenote_note":"","_monsterinsights_sitenote_category":0,"cybocfi_hide_featured_image":"","footnotes":""},"categories":[717,80,82,147,75],"tags":[890],"infouartes":[],"class_list":["post-34818","post","type-post","status-publish","format-standard","has-post-thumbnail","hentry","category-1d","category-academico","category-artes","category-cine","category-docentes","tag-seleccionada-a-bienal"],"acf":[],"yoast_head":"<!-- This site is optimized with the Yoast SEO plugin v27.4 - https:\/\/yoast.com\/product\/yoast-seo-wordpress\/ -->\n<title>Universidad de las Artes - Gabriela Rivadeneira, artista seleccionada para la XVI Bienal Internacional de Cuenca<\/title>\n<meta name=\"description\" content=\"Universidad de las Artes - Gabriela Rivadeneira, artista seleccionada para la XVI Bienal Internacional de Cuenca\" \/>\n<meta name=\"robots\" content=\"index, follow, max-snippet:-1, max-image-preview:large, max-video-preview:-1\" \/>\n<link rel=\"canonical\" href=\"https:\/\/www.uartes.edu.ec\/sitio\/fr\/blog\/2022\/12\/22\/gabriela-rivadeneira-artista-seleccionada-para-la-xvi-bienal-internacional-de-cuenca\/\" \/>\n<meta property=\"og:locale\" content=\"fr_FR\" \/>\n<meta property=\"og:type\" content=\"article\" \/>\n<meta property=\"og:title\" content=\"Universidad de las Artes - Gabriela Rivadeneira, artista seleccionada para la XVI Bienal Internacional de Cuenca\" \/>\n<meta property=\"og:description\" content=\"Universidad de las Artes - Gabriela Rivadeneira, artista seleccionada para la XVI Bienal Internacional de Cuenca\" \/>\n<meta property=\"og:url\" content=\"https:\/\/www.uartes.edu.ec\/sitio\/fr\/blog\/2022\/12\/22\/gabriela-rivadeneira-artista-seleccionada-para-la-xvi-bienal-internacional-de-cuenca\/\" \/>\n<meta property=\"og:site_name\" content=\"Universidad de las Artes\" \/>\n<meta property=\"article:publisher\" content=\"https:\/\/www.facebook.com\/uartesec\" \/>\n<meta property=\"article:published_time\" content=\"2022-12-22T23:12:38+00:00\" \/>\n<meta property=\"article:modified_time\" content=\"2024-07-04T16:22:18+00:00\" \/>\n<meta property=\"og:image\" content=\"https:\/\/www.uartes.edu.ec\/sitio\/wp-content\/uploads\/2022\/12\/vv.jpg\" \/>\n\t<meta property=\"og:image:width\" content=\"2000\" \/>\n\t<meta property=\"og:image:height\" content=\"1333\" \/>\n\t<meta property=\"og:image:type\" content=\"image\/jpeg\" \/>\n<meta name=\"author\" content=\"ccortez\" \/>\n<meta name=\"twitter:card\" content=\"summary_large_image\" \/>\n<meta name=\"twitter:creator\" content=\"@uartesec\" \/>\n<meta name=\"twitter:site\" content=\"@uartesec\" \/>\n<meta name=\"twitter:label1\" content=\"\u00c9crit par\" \/>\n\t<meta name=\"twitter:data1\" content=\"ccortez\" \/>\n\t<meta name=\"twitter:label2\" content=\"Dur\u00e9e de lecture estim\u00e9e\" \/>\n\t<meta name=\"twitter:data2\" content=\"2 minutes\" \/>\n<script type=\"application\/ld+json\" class=\"yoast-schema-graph\">{\"@context\":\"https:\\\/\\\/schema.org\",\"@graph\":[{\"@type\":\"Article\",\"@id\":\"https:\\\/\\\/www.uartes.edu.ec\\\/sitio\\\/fr\\\/blog\\\/2022\\\/12\\\/22\\\/gabriela-rivadeneira-artista-seleccionada-para-la-xvi-bienal-internacional-de-cuenca\\\/#article\",\"isPartOf\":{\"@id\":\"https:\\\/\\\/www.uartes.edu.ec\\\/sitio\\\/fr\\\/blog\\\/2022\\\/12\\\/22\\\/gabriela-rivadeneira-artista-seleccionada-para-la-xvi-bienal-internacional-de-cuenca\\\/\"},\"author\":{\"name\":\"ccortez\",\"@id\":\"https:\\\/\\\/www.uartes.edu.ec\\\/sitio\\\/fr\\\/#\\\/schema\\\/person\\\/efa1b8275797664fd7f13a79ccc0b1f4\"},\"headline\":\"Gabriela Rivadeneira, artista seleccionada para la XVI Bienal Internacional de Cuenca\",\"datePublished\":\"2022-12-22T23:12:38+00:00\",\"dateModified\":\"2024-07-04T16:22:18+00:00\",\"mainEntityOfPage\":{\"@id\":\"https:\\\/\\\/www.uartes.edu.ec\\\/sitio\\\/fr\\\/blog\\\/2022\\\/12\\\/22\\\/gabriela-rivadeneira-artista-seleccionada-para-la-xvi-bienal-internacional-de-cuenca\\\/\"},\"wordCount\":390,\"commentCount\":0,\"publisher\":{\"@id\":\"https:\\\/\\\/www.uartes.edu.ec\\\/sitio\\\/fr\\\/#organization\"},\"image\":{\"@id\":\"https:\\\/\\\/www.uartes.edu.ec\\\/sitio\\\/fr\\\/blog\\\/2022\\\/12\\\/22\\\/gabriela-rivadeneira-artista-seleccionada-para-la-xvi-bienal-internacional-de-cuenca\\\/#primaryimage\"},\"thumbnailUrl\":\"https:\\\/\\\/www.uartes.edu.ec\\\/sitio\\\/wp-content\\\/uploads\\\/2022\\\/12\\\/vv.jpg\",\"keywords\":[\"seleccionada a bienal\"],\"articleSection\":[\"1D\",\"Acad\u00e9mico\",\"Artes\",\"Cine\",\"Docentes\"],\"inLanguage\":\"fr-FR\",\"potentialAction\":[{\"@type\":\"CommentAction\",\"name\":\"Comment\",\"target\":[\"https:\\\/\\\/www.uartes.edu.ec\\\/sitio\\\/fr\\\/blog\\\/2022\\\/12\\\/22\\\/gabriela-rivadeneira-artista-seleccionada-para-la-xvi-bienal-internacional-de-cuenca\\\/#respond\"]}]},{\"@type\":[\"WebPage\",\"ItemPage\"],\"@id\":\"https:\\\/\\\/www.uartes.edu.ec\\\/sitio\\\/fr\\\/blog\\\/2022\\\/12\\\/22\\\/gabriela-rivadeneira-artista-seleccionada-para-la-xvi-bienal-internacional-de-cuenca\\\/\",\"url\":\"https:\\\/\\\/www.uartes.edu.ec\\\/sitio\\\/fr\\\/blog\\\/2022\\\/12\\\/22\\\/gabriela-rivadeneira-artista-seleccionada-para-la-xvi-bienal-internacional-de-cuenca\\\/\",\"name\":\"Universidad de las Artes - Gabriela Rivadeneira, artista seleccionada para la XVI Bienal Internacional de Cuenca\",\"isPartOf\":{\"@id\":\"https:\\\/\\\/www.uartes.edu.ec\\\/sitio\\\/fr\\\/#website\"},\"primaryImageOfPage\":{\"@id\":\"https:\\\/\\\/www.uartes.edu.ec\\\/sitio\\\/fr\\\/blog\\\/2022\\\/12\\\/22\\\/gabriela-rivadeneira-artista-seleccionada-para-la-xvi-bienal-internacional-de-cuenca\\\/#primaryimage\"},\"image\":{\"@id\":\"https:\\\/\\\/www.uartes.edu.ec\\\/sitio\\\/fr\\\/blog\\\/2022\\\/12\\\/22\\\/gabriela-rivadeneira-artista-seleccionada-para-la-xvi-bienal-internacional-de-cuenca\\\/#primaryimage\"},\"thumbnailUrl\":\"https:\\\/\\\/www.uartes.edu.ec\\\/sitio\\\/wp-content\\\/uploads\\\/2022\\\/12\\\/vv.jpg\",\"datePublished\":\"2022-12-22T23:12:38+00:00\",\"dateModified\":\"2024-07-04T16:22:18+00:00\",\"description\":\"Universidad de las Artes - Gabriela Rivadeneira, artista seleccionada para la XVI Bienal Internacional de Cuenca\",\"breadcrumb\":{\"@id\":\"https:\\\/\\\/www.uartes.edu.ec\\\/sitio\\\/fr\\\/blog\\\/2022\\\/12\\\/22\\\/gabriela-rivadeneira-artista-seleccionada-para-la-xvi-bienal-internacional-de-cuenca\\\/#breadcrumb\"},\"inLanguage\":\"fr-FR\",\"potentialAction\":[{\"@type\":\"ReadAction\",\"target\":[\"https:\\\/\\\/www.uartes.edu.ec\\\/sitio\\\/fr\\\/blog\\\/2022\\\/12\\\/22\\\/gabriela-rivadeneira-artista-seleccionada-para-la-xvi-bienal-internacional-de-cuenca\\\/\"]}]},{\"@type\":\"ImageObject\",\"inLanguage\":\"fr-FR\",\"@id\":\"https:\\\/\\\/www.uartes.edu.ec\\\/sitio\\\/fr\\\/blog\\\/2022\\\/12\\\/22\\\/gabriela-rivadeneira-artista-seleccionada-para-la-xvi-bienal-internacional-de-cuenca\\\/#primaryimage\",\"url\":\"https:\\\/\\\/www.uartes.edu.ec\\\/sitio\\\/wp-content\\\/uploads\\\/2022\\\/12\\\/vv.jpg\",\"contentUrl\":\"https:\\\/\\\/www.uartes.edu.ec\\\/sitio\\\/wp-content\\\/uploads\\\/2022\\\/12\\\/vv.jpg\",\"width\":2000,\"height\":1333},{\"@type\":\"BreadcrumbList\",\"@id\":\"https:\\\/\\\/www.uartes.edu.ec\\\/sitio\\\/fr\\\/blog\\\/2022\\\/12\\\/22\\\/gabriela-rivadeneira-artista-seleccionada-para-la-xvi-bienal-internacional-de-cuenca\\\/#breadcrumb\",\"itemListElement\":[{\"@type\":\"ListItem\",\"position\":1,\"name\":\"Inicio\",\"item\":\"https:\\\/\\\/www.uartes.edu.ec\\\/sitio\\\/\"},{\"@type\":\"ListItem\",\"position\":2,\"name\":\"Gabriela Rivadeneira, artista seleccionada para la XVI Bienal Internacional de Cuenca\"}]},{\"@type\":\"WebSite\",\"@id\":\"https:\\\/\\\/www.uartes.edu.ec\\\/sitio\\\/fr\\\/#website\",\"url\":\"https:\\\/\\\/www.uartes.edu.ec\\\/sitio\\\/fr\\\/\",\"name\":\"Universidad de las Artes\",\"description\":\"Sitio oficial de la Universidad Nacional de las Artes del Ecuador\",\"publisher\":{\"@id\":\"https:\\\/\\\/www.uartes.edu.ec\\\/sitio\\\/fr\\\/#organization\"},\"potentialAction\":[{\"@type\":\"SearchAction\",\"target\":{\"@type\":\"EntryPoint\",\"urlTemplate\":\"https:\\\/\\\/www.uartes.edu.ec\\\/sitio\\\/fr\\\/?s={search_term_string}\"},\"query-input\":{\"@type\":\"PropertyValueSpecification\",\"valueRequired\":true,\"valueName\":\"search_term_string\"}}],\"inLanguage\":\"fr-FR\"},{\"@type\":\"Organization\",\"@id\":\"https:\\\/\\\/www.uartes.edu.ec\\\/sitio\\\/fr\\\/#organization\",\"name\":\"Universidad de las Artes\",\"url\":\"https:\\\/\\\/www.uartes.edu.ec\\\/sitio\\\/fr\\\/\",\"logo\":{\"@type\":\"ImageObject\",\"inLanguage\":\"fr-FR\",\"@id\":\"https:\\\/\\\/www.uartes.edu.ec\\\/sitio\\\/fr\\\/#\\\/schema\\\/logo\\\/image\\\/\",\"url\":\"https:\\\/\\\/www.uartes.edu.ec\\\/sitio\\\/wp-content\\\/uploads\\\/2022\\\/07\\\/logo-ua-horizontal.png\",\"contentUrl\":\"https:\\\/\\\/www.uartes.edu.ec\\\/sitio\\\/wp-content\\\/uploads\\\/2022\\\/07\\\/logo-ua-horizontal.png\",\"width\":800,\"height\":276,\"caption\":\"Universidad de las Artes\"},\"image\":{\"@id\":\"https:\\\/\\\/www.uartes.edu.ec\\\/sitio\\\/fr\\\/#\\\/schema\\\/logo\\\/image\\\/\"},\"sameAs\":[\"https:\\\/\\\/www.facebook.com\\\/uartesec\",\"https:\\\/\\\/x.com\\\/uartesec\",\"https:\\\/\\\/www.tiktok.com\\\/@uartesec\"]},{\"@type\":\"Person\",\"@id\":\"https:\\\/\\\/www.uartes.edu.ec\\\/sitio\\\/fr\\\/#\\\/schema\\\/person\\\/efa1b8275797664fd7f13a79ccc0b1f4\",\"name\":\"ccortez\",\"image\":{\"@type\":\"ImageObject\",\"inLanguage\":\"fr-FR\",\"@id\":\"https:\\\/\\\/secure.gravatar.com\\\/avatar\\\/b2a6f664a3ae8e074346ef91775736c5ec479e637ecced6842de9dc98b5da9cd?s=96&d=mm&r=g\",\"url\":\"https:\\\/\\\/secure.gravatar.com\\\/avatar\\\/b2a6f664a3ae8e074346ef91775736c5ec479e637ecced6842de9dc98b5da9cd?s=96&d=mm&r=g\",\"contentUrl\":\"https:\\\/\\\/secure.gravatar.com\\\/avatar\\\/b2a6f664a3ae8e074346ef91775736c5ec479e637ecced6842de9dc98b5da9cd?s=96&d=mm&r=g\",\"caption\":\"ccortez\"},\"url\":\"https:\\\/\\\/www.uartes.edu.ec\\\/sitio\\\/fr\\\/blog\\\/author\\\/ccortez\\\/\"}]}<\/script>\n<!-- \/ Yoast SEO plugin. -->","yoast_head_json":{"title":"Universidad de las Artes - Gabriela Rivadeneira, artista seleccionada para la XVI Bienal Internacional de Cuenca","description":"Universidad de las Artes - Gabriela Rivadeneira, artista seleccionada para la XVI Bienal Internacional de Cuenca","robots":{"index":"index","follow":"follow","max-snippet":"max-snippet:-1","max-image-preview":"max-image-preview:large","max-video-preview":"max-video-preview:-1"},"canonical":"https:\/\/www.uartes.edu.ec\/sitio\/fr\/blog\/2022\/12\/22\/gabriela-rivadeneira-artista-seleccionada-para-la-xvi-bienal-internacional-de-cuenca\/","og_locale":"fr_FR","og_type":"article","og_title":"Universidad de las Artes - Gabriela Rivadeneira, artista seleccionada para la XVI Bienal Internacional de Cuenca","og_description":"Universidad de las Artes - Gabriela Rivadeneira, artista seleccionada para la XVI Bienal Internacional de Cuenca","og_url":"https:\/\/www.uartes.edu.ec\/sitio\/fr\/blog\/2022\/12\/22\/gabriela-rivadeneira-artista-seleccionada-para-la-xvi-bienal-internacional-de-cuenca\/","og_site_name":"Universidad de las Artes","article_publisher":"https:\/\/www.facebook.com\/uartesec","article_published_time":"2022-12-22T23:12:38+00:00","article_modified_time":"2024-07-04T16:22:18+00:00","og_image":[{"width":2000,"height":1333,"url":"https:\/\/www.uartes.edu.ec\/sitio\/wp-content\/uploads\/2022\/12\/vv.jpg","type":"image\/jpeg"}],"author":"ccortez","twitter_card":"summary_large_image","twitter_creator":"@uartesec","twitter_site":"@uartesec","twitter_misc":{"\u00c9crit par":"ccortez","Dur\u00e9e de lecture estim\u00e9e":"2 minutes"},"schema":{"@context":"https:\/\/schema.org","@graph":[{"@type":"Article","@id":"https:\/\/www.uartes.edu.ec\/sitio\/fr\/blog\/2022\/12\/22\/gabriela-rivadeneira-artista-seleccionada-para-la-xvi-bienal-internacional-de-cuenca\/#article","isPartOf":{"@id":"https:\/\/www.uartes.edu.ec\/sitio\/fr\/blog\/2022\/12\/22\/gabriela-rivadeneira-artista-seleccionada-para-la-xvi-bienal-internacional-de-cuenca\/"},"author":{"name":"ccortez","@id":"https:\/\/www.uartes.edu.ec\/sitio\/fr\/#\/schema\/person\/efa1b8275797664fd7f13a79ccc0b1f4"},"headline":"Gabriela Rivadeneira, artista seleccionada para la XVI Bienal Internacional de Cuenca","datePublished":"2022-12-22T23:12:38+00:00","dateModified":"2024-07-04T16:22:18+00:00","mainEntityOfPage":{"@id":"https:\/\/www.uartes.edu.ec\/sitio\/fr\/blog\/2022\/12\/22\/gabriela-rivadeneira-artista-seleccionada-para-la-xvi-bienal-internacional-de-cuenca\/"},"wordCount":390,"commentCount":0,"publisher":{"@id":"https:\/\/www.uartes.edu.ec\/sitio\/fr\/#organization"},"image":{"@id":"https:\/\/www.uartes.edu.ec\/sitio\/fr\/blog\/2022\/12\/22\/gabriela-rivadeneira-artista-seleccionada-para-la-xvi-bienal-internacional-de-cuenca\/#primaryimage"},"thumbnailUrl":"https:\/\/www.uartes.edu.ec\/sitio\/wp-content\/uploads\/2022\/12\/vv.jpg","keywords":["seleccionada a bienal"],"articleSection":["1D","Acad\u00e9mico","Artes","Cine","Docentes"],"inLanguage":"fr-FR","potentialAction":[{"@type":"CommentAction","name":"Comment","target":["https:\/\/www.uartes.edu.ec\/sitio\/fr\/blog\/2022\/12\/22\/gabriela-rivadeneira-artista-seleccionada-para-la-xvi-bienal-internacional-de-cuenca\/#respond"]}]},{"@type":["WebPage","ItemPage"],"@id":"https:\/\/www.uartes.edu.ec\/sitio\/fr\/blog\/2022\/12\/22\/gabriela-rivadeneira-artista-seleccionada-para-la-xvi-bienal-internacional-de-cuenca\/","url":"https:\/\/www.uartes.edu.ec\/sitio\/fr\/blog\/2022\/12\/22\/gabriela-rivadeneira-artista-seleccionada-para-la-xvi-bienal-internacional-de-cuenca\/","name":"Universidad de las Artes - Gabriela Rivadeneira, artista seleccionada para la XVI Bienal Internacional de Cuenca","isPartOf":{"@id":"https:\/\/www.uartes.edu.ec\/sitio\/fr\/#website"},"primaryImageOfPage":{"@id":"https:\/\/www.uartes.edu.ec\/sitio\/fr\/blog\/2022\/12\/22\/gabriela-rivadeneira-artista-seleccionada-para-la-xvi-bienal-internacional-de-cuenca\/#primaryimage"},"image":{"@id":"https:\/\/www.uartes.edu.ec\/sitio\/fr\/blog\/2022\/12\/22\/gabriela-rivadeneira-artista-seleccionada-para-la-xvi-bienal-internacional-de-cuenca\/#primaryimage"},"thumbnailUrl":"https:\/\/www.uartes.edu.ec\/sitio\/wp-content\/uploads\/2022\/12\/vv.jpg","datePublished":"2022-12-22T23:12:38+00:00","dateModified":"2024-07-04T16:22:18+00:00","description":"Universidad de las Artes - Gabriela Rivadeneira, artista seleccionada para la XVI Bienal Internacional de Cuenca","breadcrumb":{"@id":"https:\/\/www.uartes.edu.ec\/sitio\/fr\/blog\/2022\/12\/22\/gabriela-rivadeneira-artista-seleccionada-para-la-xvi-bienal-internacional-de-cuenca\/#breadcrumb"},"inLanguage":"fr-FR","potentialAction":[{"@type":"ReadAction","target":["https:\/\/www.uartes.edu.ec\/sitio\/fr\/blog\/2022\/12\/22\/gabriela-rivadeneira-artista-seleccionada-para-la-xvi-bienal-internacional-de-cuenca\/"]}]},{"@type":"ImageObject","inLanguage":"fr-FR","@id":"https:\/\/www.uartes.edu.ec\/sitio\/fr\/blog\/2022\/12\/22\/gabriela-rivadeneira-artista-seleccionada-para-la-xvi-bienal-internacional-de-cuenca\/#primaryimage","url":"https:\/\/www.uartes.edu.ec\/sitio\/wp-content\/uploads\/2022\/12\/vv.jpg","contentUrl":"https:\/\/www.uartes.edu.ec\/sitio\/wp-content\/uploads\/2022\/12\/vv.jpg","width":2000,"height":1333},{"@type":"BreadcrumbList","@id":"https:\/\/www.uartes.edu.ec\/sitio\/fr\/blog\/2022\/12\/22\/gabriela-rivadeneira-artista-seleccionada-para-la-xvi-bienal-internacional-de-cuenca\/#breadcrumb","itemListElement":[{"@type":"ListItem","position":1,"name":"Inicio","item":"https:\/\/www.uartes.edu.ec\/sitio\/"},{"@type":"ListItem","position":2,"name":"Gabriela Rivadeneira, artista seleccionada para la XVI Bienal Internacional de Cuenca"}]},{"@type":"WebSite","@id":"https:\/\/www.uartes.edu.ec\/sitio\/fr\/#website","url":"https:\/\/www.uartes.edu.ec\/sitio\/fr\/","name":"Universidad de las Artes","description":"Sitio oficial de la Universidad Nacional de las Artes del Ecuador","publisher":{"@id":"https:\/\/www.uartes.edu.ec\/sitio\/fr\/#organization"},"potentialAction":[{"@type":"SearchAction","target":{"@type":"EntryPoint","urlTemplate":"https:\/\/www.uartes.edu.ec\/sitio\/fr\/?s={search_term_string}"},"query-input":{"@type":"PropertyValueSpecification","valueRequired":true,"valueName":"search_term_string"}}],"inLanguage":"fr-FR"},{"@type":"Organization","@id":"https:\/\/www.uartes.edu.ec\/sitio\/fr\/#organization","name":"Universidad de las Artes","url":"https:\/\/www.uartes.edu.ec\/sitio\/fr\/","logo":{"@type":"ImageObject","inLanguage":"fr-FR","@id":"https:\/\/www.uartes.edu.ec\/sitio\/fr\/#\/schema\/logo\/image\/","url":"https:\/\/www.uartes.edu.ec\/sitio\/wp-content\/uploads\/2022\/07\/logo-ua-horizontal.png","contentUrl":"https:\/\/www.uartes.edu.ec\/sitio\/wp-content\/uploads\/2022\/07\/logo-ua-horizontal.png","width":800,"height":276,"caption":"Universidad de las Artes"},"image":{"@id":"https:\/\/www.uartes.edu.ec\/sitio\/fr\/#\/schema\/logo\/image\/"},"sameAs":["https:\/\/www.facebook.com\/uartesec","https:\/\/x.com\/uartesec","https:\/\/www.tiktok.com\/@uartesec"]},{"@type":"Person","@id":"https:\/\/www.uartes.edu.ec\/sitio\/fr\/#\/schema\/person\/efa1b8275797664fd7f13a79ccc0b1f4","name":"ccortez","image":{"@type":"ImageObject","inLanguage":"fr-FR","@id":"https:\/\/secure.gravatar.com\/avatar\/b2a6f664a3ae8e074346ef91775736c5ec479e637ecced6842de9dc98b5da9cd?s=96&d=mm&r=g","url":"https:\/\/secure.gravatar.com\/avatar\/b2a6f664a3ae8e074346ef91775736c5ec479e637ecced6842de9dc98b5da9cd?s=96&d=mm&r=g","contentUrl":"https:\/\/secure.gravatar.com\/avatar\/b2a6f664a3ae8e074346ef91775736c5ec479e637ecced6842de9dc98b5da9cd?s=96&d=mm&r=g","caption":"ccortez"},"url":"https:\/\/www.uartes.edu.ec\/sitio\/fr\/blog\/author\/ccortez\/"}]}},"uagb_featured_image_src":{"full":["https:\/\/www.uartes.edu.ec\/sitio\/wp-content\/uploads\/2022\/12\/vv.jpg",2000,1333,false],"thumbnail":["https:\/\/www.uartes.edu.ec\/sitio\/wp-content\/uploads\/2022\/12\/vv-150x150.jpg",150,150,true],"medium":["https:\/\/www.uartes.edu.ec\/sitio\/wp-content\/uploads\/2022\/12\/vv-300x200.jpg",300,200,true],"medium_large":["https:\/\/www.uartes.edu.ec\/sitio\/wp-content\/uploads\/2022\/12\/vv-768x512.jpg",768,512,true],"large":["https:\/\/www.uartes.edu.ec\/sitio\/wp-content\/uploads\/2022\/12\/vv-644x429.jpg",644,429,true],"1536x1536":["https:\/\/www.uartes.edu.ec\/sitio\/wp-content\/uploads\/2022\/12\/vv-1536x1024.jpg",1536,1024,true],"2048x2048":["https:\/\/www.uartes.edu.ec\/sitio\/wp-content\/uploads\/2022\/12\/vv.jpg",2000,1333,false],"trp-custom-language-flag":["https:\/\/www.uartes.edu.ec\/sitio\/wp-content\/uploads\/2022\/12\/vv.jpg",18,12,false],"htmega_size_585x295":["https:\/\/www.uartes.edu.ec\/sitio\/wp-content\/uploads\/2022\/12\/vv.jpg",443,295,false],"htmega_size_1170x536":["https:\/\/www.uartes.edu.ec\/sitio\/wp-content\/uploads\/2022\/12\/vv.jpg",804,536,false],"htmega_size_396x360":["https:\/\/www.uartes.edu.ec\/sitio\/wp-content\/uploads\/2022\/12\/vv.jpg",396,264,false],"gb-block-post-grid-landscape":["https:\/\/www.uartes.edu.ec\/sitio\/wp-content\/uploads\/2022\/12\/vv-600x400.jpg",600,400,true],"gb-block-post-grid-square":["https:\/\/www.uartes.edu.ec\/sitio\/wp-content\/uploads\/2022\/12\/vv-600x600.jpg",600,600,true],"university-hub-thumb":["https:\/\/www.uartes.edu.ec\/sitio\/wp-content\/uploads\/2022\/12\/vv-400x267.jpg",400,267,true]},"uagb_author_info":{"display_name":"ccortez","author_link":"https:\/\/www.uartes.edu.ec\/sitio\/fr\/blog\/author\/ccortez\/"},"uagb_comment_info":0,"uagb_excerpt":"La obra de la artista pl\u00e1stica Gabriela Rivadeneira Crespo participar\u00e1 en la XVI Bienal Internacional de Cuenca, que lleva el t\u00edtulo de \u201cQuiz\u00e1 Ma\u00f1ana\u201d, a inaugurarse en diciembre de 2023. La docente de la Escuela de Cine y directora de Pol\u00edticas de Investigaci\u00f3n de la Universidad de las Artes fue seleccionada junto a cinco artistas\u2026","featured_image_src":"https:\/\/www.uartes.edu.ec\/sitio\/wp-content\/uploads\/2022\/12\/vv-600x400.jpg","featured_image_src_square":"https:\/\/www.uartes.edu.ec\/sitio\/wp-content\/uploads\/2022\/12\/vv-600x600.jpg","author_info":{"display_name":"ccortez","author_link":"https:\/\/www.uartes.edu.ec\/sitio\/fr\/blog\/author\/ccortez\/"},"publishpress_future_workflow_manual_trigger":{"enabledWorkflows":[]},"distributor_meta":false,"distributor_terms":false,"distributor_media":false,"distributor_original_site_name":"Universidad de las Artes","distributor_original_site_url":"https:\/\/www.uartes.edu.ec\/sitio\/fr","push-errors":false,"_links":{"self":[{"href":"https:\/\/www.uartes.edu.ec\/sitio\/fr\/wp-json\/wp\/v2\/posts\/34818","targetHints":{"allow":["GET"]}}],"collection":[{"href":"https:\/\/www.uartes.edu.ec\/sitio\/fr\/wp-json\/wp\/v2\/posts"}],"about":[{"href":"https:\/\/www.uartes.edu.ec\/sitio\/fr\/wp-json\/wp\/v2\/types\/post"}],"author":[{"embeddable":true,"href":"https:\/\/www.uartes.edu.ec\/sitio\/fr\/wp-json\/wp\/v2\/users\/10"}],"replies":[{"embeddable":true,"href":"https:\/\/www.uartes.edu.ec\/sitio\/fr\/wp-json\/wp\/v2\/comments?post=34818"}],"version-history":[{"count":4,"href":"https:\/\/www.uartes.edu.ec\/sitio\/fr\/wp-json\/wp\/v2\/posts\/34818\/revisions"}],"predecessor-version":[{"id":34854,"href":"https:\/\/www.uartes.edu.ec\/sitio\/fr\/wp-json\/wp\/v2\/posts\/34818\/revisions\/34854"}],"wp:featuredmedia":[{"embeddable":true,"href":"https:\/\/www.uartes.edu.ec\/sitio\/fr\/wp-json\/wp\/v2\/media\/34819"}],"wp:attachment":[{"href":"https:\/\/www.uartes.edu.ec\/sitio\/fr\/wp-json\/wp\/v2\/media?parent=34818"}],"wp:term":[{"taxonomy":"category","embeddable":true,"href":"https:\/\/www.uartes.edu.ec\/sitio\/fr\/wp-json\/wp\/v2\/categories?post=34818"},{"taxonomy":"post_tag","embeddable":true,"href":"https:\/\/www.uartes.edu.ec\/sitio\/fr\/wp-json\/wp\/v2\/tags?post=34818"},{"taxonomy":"infouartes","embeddable":true,"href":"https:\/\/www.uartes.edu.ec\/sitio\/fr\/wp-json\/wp\/v2\/infouartes?post=34818"}],"curies":[{"name":"wp","href":"https:\/\/api.w.org\/{rel}","templated":true}]}}