{"id":35121,"date":"2022-12-28T21:09:28","date_gmt":"2022-12-29T02:09:28","guid":{"rendered":"http:\/\/www.uartes.edu.ec\/sitio\/?p=35121"},"modified":"2024-07-04T11:22:17","modified_gmt":"2024-07-04T16:22:17","slug":"la-maestria-de-artes-y-epistemologias-digitales-de-la-uartes-es-la-primera-de-investigacion-interdisciplinar","status":"publish","type":"post","link":"https:\/\/www.uartes.edu.ec\/sitio\/fr\/blog\/2022\/12\/28\/la-maestria-de-artes-y-epistemologias-digitales-de-la-uartes-es-la-primera-de-investigacion-interdisciplinar\/","title":{"rendered":"La maestr\u00eda en Artes y Epistemolog\u00edas Digitales de la UArtes tiene trayectoria de investigaci\u00f3n interdisciplinar"},"content":{"rendered":"<p>La maestr\u00eda en Artes y Epistemolog\u00edas Digitales es uno de los nuevos programas de posgrados de la Universidad de las Artes. Tiene trayectoria de investigaci\u00f3n interdisciplinar y busca formar especialistas en las teor\u00edas del arte y de la cultura de las tecnolog\u00edas digitales, entendiendo la estrecha relaci\u00f3n de estos campos, sus influencias mutuas, sus procesos de creaci\u00f3n, an\u00e1lisis y archivo, as\u00ed como sus pol\u00edticas desde el contexto del Sur Global.<\/p>\n\n\n\n<p>Su definici\u00f3n est\u00e1 en el sitio web <a href=\"http:\/\/www.uartes.edu.ec\/sitio\/la-universidad\/posgrado\">http:\/\/www.uartes.edu.ec\/sitio\/la-universidad\/posgrado<\/a>, donde constan tambi\u00e9n los perfiles de ingreso y de egreso de quienes deciden postularse y cursar esta propuesta de estudio de cuarto nivel.<\/p>\n\n\n\n<p>En di\u00e1logo con InfoUArtes, la doctora Diana Medina, directora de la Escuela de Posgrados, explic\u00f3 que la maestr\u00eda es la primera de\u00a0investigaci\u00f3n. Las otras, dijo, son profesionalizantes. \u201cSignifica que sus componentes did\u00e1cticos y pedag\u00f3gicos est\u00e1n orientados a la formaci\u00f3n de la investigaci\u00f3n del postulante en el \u00e1mbito de la epistemolog\u00eda digital y el arte\u201d.<\/p>\n\n\n\n<p>El t\u00e9rmino epistemolog\u00eda gener\u00f3 un debate interno, coment\u00f3 al consultarle acerca de la g\u00e9nesis de la maestr\u00eda y el proceso que sigui\u00f3 hasta su aprobaci\u00f3n por el \u00d3rgano Colegiado Superior (OCS) de la UArtes y, posteriormente, por el Consejo de Estudios Superiores (CES). \u201cDebatimos mucho si se quedaba o no (como epistemolog\u00eda), porque tambi\u00e9n podr\u00edamos haberla llamado, por ejemplo, Principios digitales\u201d.<\/p>\n\n\n\n<h3 class=\"wp-block-heading\"><strong>Una parte de la filosof\u00eda<\/strong><\/h3>\n\n\n\n<p>Epistemolog\u00eda es un t\u00e9rmino que deber\u00edamos replantearnos sin que se nos trabe la lengua, anot\u00f3 Medina y la explic\u00f3 como una parte de la filosof\u00eda que estudia los principios, fundamentos, extensi\u00f3n y m\u00e9todos del conocimiento humano. \u201cLa dimensi\u00f3n digital, la vida virtual, todo el aparataje, la fuerza y la potencia que tiene el mundo digital y virtual en este momento y lo que viene a futuro tambi\u00e9n exige sus principios, su fundamentaci\u00f3n. Pensar y reflexionar sobre cu\u00e1l es el alcance de esos principios en nuestra vida cotidiana y en el futuro\u201d.<\/p>\n\n\n\n<p>Esa es la base del pensamiento, agreg\u00f3 la directora de la Escuela de Posgrados de la UArtes. Lo digital parece impuesto por la sociedad y por el consumo, \u201centonces, vamos a revisar igualmente sus principios, profundidad y alcance y obtener su visi\u00f3n filos\u00f3fica. Cu\u00e1l es el conocimiento de lo que genera una de las grandes pr\u00e1cticas, consumo y h\u00e1bitos relacionados con lo digital, que nos permea, mantiene conectados con el resto del mundo, ha cambiado nuestros h\u00e1bitos de consumo y de vida. Son fundamentos. All\u00ed hay problemas te\u00f3ricos porque han transformado a la sociedad y con la pandemia qued\u00f3 evidenciado c\u00f3mo la conexi\u00f3n, virtualidad y tecnolog\u00eda se afirmaron\u201d.<\/p>\n\n\n\n<p>La doctora Medina manifest\u00f3 que hay que pensar en las brechas generacionales y educativas y lo qu\u00e9 pasa con pa\u00edses que actualmente son grandes potencias en t\u00e9rminos tecnol\u00f3gicos frente a otros menos desarrollados en esa \u00e1rea. \u201cYa no solo es una diferencia econ\u00f3mica, est\u00e1n como 20 a\u00f1os por delante o 10 a\u00f1os por detr\u00e1s y all\u00ed hay un reto importante en la educaci\u00f3n. Por eso esta maestr\u00eda es tan importante para Ecuador, para nosotros. Est\u00e1, adem\u00e1s, el arte. No es solo la epistemolog\u00eda digital, que podr\u00eda ser un problema social o educativo nada m\u00e1s. Qu\u00e9 pasa con las pr\u00e1cticas art\u00edsticas, los conceptos y las est\u00e9ticas frente a este problema, c\u00f3mo se interrelacionan\u201d.<\/p>\n\n\n\n<h3 class=\"wp-block-heading\"><strong>El arte, gran respuesta a lo digital<\/strong><\/h3>\n\n\n\n<p>El arte ha sido una de las grandes respuestas a lo digital desde siempre, refiri\u00f3 y trajo a la memoria que el cine se crea por una tecnolog\u00eda particular, al igual que la fotograf\u00eda. \u201cLa tecnolog\u00eda y el arte siempre han estado de la mano y pensar esa epistemolog\u00eda digital supone posicionarse en esa relaci\u00f3n frente a los retos del arte\u201d.<\/p>\n\n\n\n<p>En suma, la maestr\u00eda en Artes y Epistemolog\u00edas Digitales ofrece herramientas de pensamiento, de reflexi\u00f3n, de escritura y de investigaci\u00f3n. Su objetivo es que los\/las maestrandos\/as, a partir de estudiar un abanico de teor\u00edas cr\u00edticas que abordan arte, cultura, pol\u00edtica, aprendizaje y creatividad en el contexto digital, est\u00e9n capacitados\/as para el desarrollo te\u00f3rico del campo, ya sea mediante la investigaci\u00f3n acad\u00e9mica, la investigaci\u00f3n enmarcada en instituciones p\u00fablicas o privadas, o a trav\u00e9s de la investigaci\u00f3n en, para y a trav\u00e9s de las artes.<\/p>\n\n\n\n<p>\u201cUno de los grandes debates del arte es c\u00f3mo se insertan las t\u00e9cnicas tradicionales, ya no es solamente el pintor, sino c\u00f3mo el pintor usa ciertas herramientas digitales para aprovechar su obra. (\u2026) Hay todo un debate sobre si realmente lo digital es arte por s\u00ed mismo, porque con los algoritmos parecer\u00eda que los genios son los t\u00e9cnicos o los programadores. Es fundamental que en el arte se d\u00e9 este debate porque, quiz\u00e1s, para los cient\u00edficos es mucho m\u00e1s accesible programar, tener datos, manejar esos datos y generar escenarios a futuro, sin embargo, el arte nunca se ha quedado atr\u00e1s. Ha sido un puntal para que lo digital tambi\u00e9n se desarrolle (\u2026)\u201d.<\/p>\n\n\n\n<p>La doctora Medina tambi\u00e9n mencion\u00f3 que hay muchos artistas que, por ejemplo, crean obras a partir del cuestionamiento de la interfaz, se crean personajes en instagram y van planteando problemas, como la bulimia y la anorexia, por ejemplo. Entonces, c\u00f3mo lo digital (en este caso una plataforma) permite que el arte se posicione, por un lado, de manera cr\u00edtica y tambi\u00e9n intervenga y que la sociedad pueda acceder y ser parte de ese tipo de arte de manera cr\u00edtica.<\/p>\n\n\n\n<h3 class=\"wp-block-heading\"><strong>\u00bfHacia qui\u00e9nes va dirigida la maestr\u00eda?<\/strong><\/h3>\n\n\n\n<p>A profesionales con t\u00edtulo de tercer nivel (licenciatura) que cuenten con una trayectoria af\u00edn al campo de las artes y\/o las tecnolog\u00edas, y quieran continuar su trayectoria acad\u00e9mica a trav\u00e9s de la especializaci\u00f3n o profundizaci\u00f3n de conocimientos y competencias en investigaci\u00f3n y creaci\u00f3n desde las tecnolog\u00edas aplicadas al campo de las artes.<\/p>\n\n\n\n<p>\u201cPuede que existan profesionales interesados en lo digital que desconozcan el campo art\u00edstico o viceversa, gente af\u00edn al arte que desee profundizar en esa dimensi\u00f3n epistemol\u00f3gica, precisamente de principios y fundamentos de lo digital\u201d, explic\u00f3 Medina.<\/p>\n\n\n\n<p>El\/La mag\u00edster en Arte y Epistemolog\u00eda Digital podr\u00e1 participar y dirigir procesos de investigaci\u00f3n en el campo acad\u00e9mico de cuarto nivel. Estar\u00e1 capacitado\/a para la docencia superior en temas relacionados con el arte, la&nbsp;cultura y las tecnolog\u00edas digitales. Podr\u00e1 dise\u00f1ar realizar o participar en procesos de investigaci\u00f3n ligados a su campo de estudio en instituciones privadas y p\u00fablicas, donde tendr\u00e1 competencias para desarrollar pol\u00edticas digitales. Podr\u00e1 tambi\u00e9n abordar y ampliar procesos de gesti\u00f3n, promoci\u00f3n, investigaci\u00f3n y curadur\u00eda digital de pr\u00e1cticas art\u00edsticas, entre otros contenidos.<\/p>\n\n\n\n<p>La modalidad de la maestr\u00eda en Artes y Epistemolog\u00edas Digitales es h\u00edbrida, dura dos a\u00f1os y su arancel es de $5.140,65; el costo de la matr\u00edcula es de $514,07 con mensualidades $285,60. Se puede cancelar con tarjeta de cr\u00e9dito, entre otras facilidades de pago.<\/p>","protected":false},"excerpt":{"rendered":"<p>La maestr\u00eda en Artes y Epistemolog\u00edas Digitales es uno de los nuevos programas de posgrados de la Universidad de las Artes. Tiene trayectoria de investigaci\u00f3n interdisciplinar y busca formar especialistas en las teor\u00edas del arte y de la cultura de las tecnolog\u00edas digitales, entendiendo la estrecha relaci\u00f3n de estos campos, sus influencias mutuas, sus procesos de creaci\u00f3n, an\u00e1lisis y archivo. <\/p>","protected":false},"author":10,"featured_media":35122,"comment_status":"open","ping_status":"open","sticky":false,"template":"","format":"standard","meta":{"_acf_changed":false,"_uag_custom_page_level_css":"","_monsterinsights_skip_tracking":false,"_monsterinsights_sitenote_active":false,"_monsterinsights_sitenote_note":"","_monsterinsights_sitenote_category":0,"cybocfi_hide_featured_image":"","footnotes":""},"categories":[713,490,75,76,284,264],"tags":[893],"infouartes":[],"class_list":["post-35121","post","type-post","status-publish","format-standard","has-post-thumbnail","hentry","category-1b","category-alumni","category-docentes","category-estudiantes","category-investigacion","category-maestrias","tag-nuevo-programa-de-posgrado"],"acf":[],"yoast_head":"<!-- This site is optimized with the Yoast SEO plugin v27.4 - https:\/\/yoast.com\/product\/yoast-seo-wordpress\/ -->\n<title>Universidad de las Artes - La maestr\u00eda en Artes y Epistemolog\u00edas Digitales de la UArtes tiene trayectoria de investigaci\u00f3n interdisciplinar<\/title>\n<meta name=\"description\" content=\"Universidad de las Artes - La maestr\u00eda en Artes y Epistemolog\u00edas Digitales de la UArtes tiene trayectoria de investigaci\u00f3n interdisciplinar\" \/>\n<meta name=\"robots\" content=\"index, follow, max-snippet:-1, max-image-preview:large, max-video-preview:-1\" \/>\n<link rel=\"canonical\" href=\"https:\/\/www.uartes.edu.ec\/sitio\/fr\/blog\/2022\/12\/28\/la-maestria-de-artes-y-epistemologias-digitales-de-la-uartes-es-la-primera-de-investigacion-interdisciplinar\/\" \/>\n<meta property=\"og:locale\" content=\"fr_FR\" \/>\n<meta property=\"og:type\" content=\"article\" \/>\n<meta property=\"og:title\" content=\"Universidad de las Artes - La maestr\u00eda en Artes y Epistemolog\u00edas Digitales de la UArtes tiene trayectoria de investigaci\u00f3n interdisciplinar\" \/>\n<meta property=\"og:description\" content=\"Universidad de las Artes - La maestr\u00eda en Artes y Epistemolog\u00edas Digitales de la UArtes tiene trayectoria de investigaci\u00f3n interdisciplinar\" \/>\n<meta property=\"og:url\" content=\"https:\/\/www.uartes.edu.ec\/sitio\/fr\/blog\/2022\/12\/28\/la-maestria-de-artes-y-epistemologias-digitales-de-la-uartes-es-la-primera-de-investigacion-interdisciplinar\/\" \/>\n<meta property=\"og:site_name\" content=\"Universidad de las Artes\" \/>\n<meta property=\"article:publisher\" content=\"https:\/\/www.facebook.com\/uartesec\" \/>\n<meta property=\"article:published_time\" content=\"2022-12-29T02:09:28+00:00\" \/>\n<meta property=\"article:modified_time\" content=\"2024-07-04T16:22:17+00:00\" \/>\n<meta property=\"og:image\" content=\"https:\/\/www.uartes.edu.ec\/sitio\/wp-content\/uploads\/2022\/12\/ARTES-Y-EPISTEMOLOGIAS-DIGITALES.jpg\" \/>\n\t<meta property=\"og:image:width\" content=\"2000\" \/>\n\t<meta property=\"og:image:height\" content=\"1333\" \/>\n\t<meta property=\"og:image:type\" content=\"image\/jpeg\" \/>\n<meta name=\"author\" content=\"ccortez\" \/>\n<meta name=\"twitter:card\" content=\"summary_large_image\" \/>\n<meta name=\"twitter:creator\" content=\"@uartesec\" \/>\n<meta name=\"twitter:site\" content=\"@uartesec\" \/>\n<meta name=\"twitter:label1\" content=\"\u00c9crit par\" \/>\n\t<meta name=\"twitter:data1\" content=\"ccortez\" \/>\n\t<meta name=\"twitter:label2\" content=\"Dur\u00e9e de lecture estim\u00e9e\" \/>\n\t<meta name=\"twitter:data2\" content=\"6 minutes\" \/>\n<script type=\"application\/ld+json\" class=\"yoast-schema-graph\">{\"@context\":\"https:\\\/\\\/schema.org\",\"@graph\":[{\"@type\":\"Article\",\"@id\":\"https:\\\/\\\/www.uartes.edu.ec\\\/sitio\\\/fr\\\/blog\\\/2022\\\/12\\\/28\\\/la-maestria-de-artes-y-epistemologias-digitales-de-la-uartes-es-la-primera-de-investigacion-interdisciplinar\\\/#article\",\"isPartOf\":{\"@id\":\"https:\\\/\\\/www.uartes.edu.ec\\\/sitio\\\/fr\\\/blog\\\/2022\\\/12\\\/28\\\/la-maestria-de-artes-y-epistemologias-digitales-de-la-uartes-es-la-primera-de-investigacion-interdisciplinar\\\/\"},\"author\":{\"name\":\"ccortez\",\"@id\":\"https:\\\/\\\/www.uartes.edu.ec\\\/sitio\\\/fr\\\/#\\\/schema\\\/person\\\/efa1b8275797664fd7f13a79ccc0b1f4\"},\"headline\":\"La maestr\u00eda en Artes y Epistemolog\u00edas Digitales de la UArtes tiene trayectoria de investigaci\u00f3n interdisciplinar\",\"datePublished\":\"2022-12-29T02:09:28+00:00\",\"dateModified\":\"2024-07-04T16:22:17+00:00\",\"mainEntityOfPage\":{\"@id\":\"https:\\\/\\\/www.uartes.edu.ec\\\/sitio\\\/fr\\\/blog\\\/2022\\\/12\\\/28\\\/la-maestria-de-artes-y-epistemologias-digitales-de-la-uartes-es-la-primera-de-investigacion-interdisciplinar\\\/\"},\"wordCount\":1264,\"commentCount\":0,\"publisher\":{\"@id\":\"https:\\\/\\\/www.uartes.edu.ec\\\/sitio\\\/fr\\\/#organization\"},\"image\":{\"@id\":\"https:\\\/\\\/www.uartes.edu.ec\\\/sitio\\\/fr\\\/blog\\\/2022\\\/12\\\/28\\\/la-maestria-de-artes-y-epistemologias-digitales-de-la-uartes-es-la-primera-de-investigacion-interdisciplinar\\\/#primaryimage\"},\"thumbnailUrl\":\"https:\\\/\\\/www.uartes.edu.ec\\\/sitio\\\/wp-content\\\/uploads\\\/2022\\\/12\\\/ARTES-Y-EPISTEMOLOGIAS-DIGITALES.jpg\",\"keywords\":[\"nuevo programa de posgrado\"],\"articleSection\":[\"1B\",\"Alumni\",\"Docentes\",\"Estudiantes\",\"Investigaci\u00f3n\",\"Maestr\u00edas\"],\"inLanguage\":\"fr-FR\",\"potentialAction\":[{\"@type\":\"CommentAction\",\"name\":\"Comment\",\"target\":[\"https:\\\/\\\/www.uartes.edu.ec\\\/sitio\\\/fr\\\/blog\\\/2022\\\/12\\\/28\\\/la-maestria-de-artes-y-epistemologias-digitales-de-la-uartes-es-la-primera-de-investigacion-interdisciplinar\\\/#respond\"]}]},{\"@type\":[\"WebPage\",\"ItemPage\"],\"@id\":\"https:\\\/\\\/www.uartes.edu.ec\\\/sitio\\\/fr\\\/blog\\\/2022\\\/12\\\/28\\\/la-maestria-de-artes-y-epistemologias-digitales-de-la-uartes-es-la-primera-de-investigacion-interdisciplinar\\\/\",\"url\":\"https:\\\/\\\/www.uartes.edu.ec\\\/sitio\\\/fr\\\/blog\\\/2022\\\/12\\\/28\\\/la-maestria-de-artes-y-epistemologias-digitales-de-la-uartes-es-la-primera-de-investigacion-interdisciplinar\\\/\",\"name\":\"Universidad de las Artes - La maestr\u00eda en Artes y Epistemolog\u00edas Digitales de la UArtes tiene trayectoria de investigaci\u00f3n interdisciplinar\",\"isPartOf\":{\"@id\":\"https:\\\/\\\/www.uartes.edu.ec\\\/sitio\\\/fr\\\/#website\"},\"primaryImageOfPage\":{\"@id\":\"https:\\\/\\\/www.uartes.edu.ec\\\/sitio\\\/fr\\\/blog\\\/2022\\\/12\\\/28\\\/la-maestria-de-artes-y-epistemologias-digitales-de-la-uartes-es-la-primera-de-investigacion-interdisciplinar\\\/#primaryimage\"},\"image\":{\"@id\":\"https:\\\/\\\/www.uartes.edu.ec\\\/sitio\\\/fr\\\/blog\\\/2022\\\/12\\\/28\\\/la-maestria-de-artes-y-epistemologias-digitales-de-la-uartes-es-la-primera-de-investigacion-interdisciplinar\\\/#primaryimage\"},\"thumbnailUrl\":\"https:\\\/\\\/www.uartes.edu.ec\\\/sitio\\\/wp-content\\\/uploads\\\/2022\\\/12\\\/ARTES-Y-EPISTEMOLOGIAS-DIGITALES.jpg\",\"datePublished\":\"2022-12-29T02:09:28+00:00\",\"dateModified\":\"2024-07-04T16:22:17+00:00\",\"description\":\"Universidad de las Artes - La maestr\u00eda en Artes y Epistemolog\u00edas Digitales de la UArtes tiene trayectoria de investigaci\u00f3n interdisciplinar\",\"breadcrumb\":{\"@id\":\"https:\\\/\\\/www.uartes.edu.ec\\\/sitio\\\/fr\\\/blog\\\/2022\\\/12\\\/28\\\/la-maestria-de-artes-y-epistemologias-digitales-de-la-uartes-es-la-primera-de-investigacion-interdisciplinar\\\/#breadcrumb\"},\"inLanguage\":\"fr-FR\",\"potentialAction\":[{\"@type\":\"ReadAction\",\"target\":[\"https:\\\/\\\/www.uartes.edu.ec\\\/sitio\\\/fr\\\/blog\\\/2022\\\/12\\\/28\\\/la-maestria-de-artes-y-epistemologias-digitales-de-la-uartes-es-la-primera-de-investigacion-interdisciplinar\\\/\"]}]},{\"@type\":\"ImageObject\",\"inLanguage\":\"fr-FR\",\"@id\":\"https:\\\/\\\/www.uartes.edu.ec\\\/sitio\\\/fr\\\/blog\\\/2022\\\/12\\\/28\\\/la-maestria-de-artes-y-epistemologias-digitales-de-la-uartes-es-la-primera-de-investigacion-interdisciplinar\\\/#primaryimage\",\"url\":\"https:\\\/\\\/www.uartes.edu.ec\\\/sitio\\\/wp-content\\\/uploads\\\/2022\\\/12\\\/ARTES-Y-EPISTEMOLOGIAS-DIGITALES.jpg\",\"contentUrl\":\"https:\\\/\\\/www.uartes.edu.ec\\\/sitio\\\/wp-content\\\/uploads\\\/2022\\\/12\\\/ARTES-Y-EPISTEMOLOGIAS-DIGITALES.jpg\",\"width\":2000,\"height\":1333},{\"@type\":\"BreadcrumbList\",\"@id\":\"https:\\\/\\\/www.uartes.edu.ec\\\/sitio\\\/fr\\\/blog\\\/2022\\\/12\\\/28\\\/la-maestria-de-artes-y-epistemologias-digitales-de-la-uartes-es-la-primera-de-investigacion-interdisciplinar\\\/#breadcrumb\",\"itemListElement\":[{\"@type\":\"ListItem\",\"position\":1,\"name\":\"Inicio\",\"item\":\"https:\\\/\\\/www.uartes.edu.ec\\\/sitio\\\/\"},{\"@type\":\"ListItem\",\"position\":2,\"name\":\"La maestr\u00eda en Artes y Epistemolog\u00edas Digitales de la UArtes tiene trayectoria de investigaci\u00f3n interdisciplinar\"}]},{\"@type\":\"WebSite\",\"@id\":\"https:\\\/\\\/www.uartes.edu.ec\\\/sitio\\\/fr\\\/#website\",\"url\":\"https:\\\/\\\/www.uartes.edu.ec\\\/sitio\\\/fr\\\/\",\"name\":\"Universidad de las Artes\",\"description\":\"Sitio oficial de la Universidad Nacional de las Artes del Ecuador\",\"publisher\":{\"@id\":\"https:\\\/\\\/www.uartes.edu.ec\\\/sitio\\\/fr\\\/#organization\"},\"potentialAction\":[{\"@type\":\"SearchAction\",\"target\":{\"@type\":\"EntryPoint\",\"urlTemplate\":\"https:\\\/\\\/www.uartes.edu.ec\\\/sitio\\\/fr\\\/?s={search_term_string}\"},\"query-input\":{\"@type\":\"PropertyValueSpecification\",\"valueRequired\":true,\"valueName\":\"search_term_string\"}}],\"inLanguage\":\"fr-FR\"},{\"@type\":\"Organization\",\"@id\":\"https:\\\/\\\/www.uartes.edu.ec\\\/sitio\\\/fr\\\/#organization\",\"name\":\"Universidad de las Artes\",\"url\":\"https:\\\/\\\/www.uartes.edu.ec\\\/sitio\\\/fr\\\/\",\"logo\":{\"@type\":\"ImageObject\",\"inLanguage\":\"fr-FR\",\"@id\":\"https:\\\/\\\/www.uartes.edu.ec\\\/sitio\\\/fr\\\/#\\\/schema\\\/logo\\\/image\\\/\",\"url\":\"https:\\\/\\\/www.uartes.edu.ec\\\/sitio\\\/wp-content\\\/uploads\\\/2022\\\/07\\\/logo-ua-horizontal.png\",\"contentUrl\":\"https:\\\/\\\/www.uartes.edu.ec\\\/sitio\\\/wp-content\\\/uploads\\\/2022\\\/07\\\/logo-ua-horizontal.png\",\"width\":800,\"height\":276,\"caption\":\"Universidad de las Artes\"},\"image\":{\"@id\":\"https:\\\/\\\/www.uartes.edu.ec\\\/sitio\\\/fr\\\/#\\\/schema\\\/logo\\\/image\\\/\"},\"sameAs\":[\"https:\\\/\\\/www.facebook.com\\\/uartesec\",\"https:\\\/\\\/x.com\\\/uartesec\",\"https:\\\/\\\/www.tiktok.com\\\/@uartesec\"]},{\"@type\":\"Person\",\"@id\":\"https:\\\/\\\/www.uartes.edu.ec\\\/sitio\\\/fr\\\/#\\\/schema\\\/person\\\/efa1b8275797664fd7f13a79ccc0b1f4\",\"name\":\"ccortez\",\"image\":{\"@type\":\"ImageObject\",\"inLanguage\":\"fr-FR\",\"@id\":\"https:\\\/\\\/secure.gravatar.com\\\/avatar\\\/b2a6f664a3ae8e074346ef91775736c5ec479e637ecced6842de9dc98b5da9cd?s=96&d=mm&r=g\",\"url\":\"https:\\\/\\\/secure.gravatar.com\\\/avatar\\\/b2a6f664a3ae8e074346ef91775736c5ec479e637ecced6842de9dc98b5da9cd?s=96&d=mm&r=g\",\"contentUrl\":\"https:\\\/\\\/secure.gravatar.com\\\/avatar\\\/b2a6f664a3ae8e074346ef91775736c5ec479e637ecced6842de9dc98b5da9cd?s=96&d=mm&r=g\",\"caption\":\"ccortez\"},\"url\":\"https:\\\/\\\/www.uartes.edu.ec\\\/sitio\\\/fr\\\/blog\\\/author\\\/ccortez\\\/\"}]}<\/script>\n<!-- \/ Yoast SEO plugin. -->","yoast_head_json":{"title":"Universidad de las Artes - La maestr\u00eda en Artes y Epistemolog\u00edas Digitales de la UArtes tiene trayectoria de investigaci\u00f3n interdisciplinar","description":"Universidad de las Artes - La maestr\u00eda en Artes y Epistemolog\u00edas Digitales de la UArtes tiene trayectoria de investigaci\u00f3n interdisciplinar","robots":{"index":"index","follow":"follow","max-snippet":"max-snippet:-1","max-image-preview":"max-image-preview:large","max-video-preview":"max-video-preview:-1"},"canonical":"https:\/\/www.uartes.edu.ec\/sitio\/fr\/blog\/2022\/12\/28\/la-maestria-de-artes-y-epistemologias-digitales-de-la-uartes-es-la-primera-de-investigacion-interdisciplinar\/","og_locale":"fr_FR","og_type":"article","og_title":"Universidad de las Artes - La maestr\u00eda en Artes y Epistemolog\u00edas Digitales de la UArtes tiene trayectoria de investigaci\u00f3n interdisciplinar","og_description":"Universidad de las Artes - La maestr\u00eda en Artes y Epistemolog\u00edas Digitales de la UArtes tiene trayectoria de investigaci\u00f3n interdisciplinar","og_url":"https:\/\/www.uartes.edu.ec\/sitio\/fr\/blog\/2022\/12\/28\/la-maestria-de-artes-y-epistemologias-digitales-de-la-uartes-es-la-primera-de-investigacion-interdisciplinar\/","og_site_name":"Universidad de las Artes","article_publisher":"https:\/\/www.facebook.com\/uartesec","article_published_time":"2022-12-29T02:09:28+00:00","article_modified_time":"2024-07-04T16:22:17+00:00","og_image":[{"width":2000,"height":1333,"url":"https:\/\/www.uartes.edu.ec\/sitio\/wp-content\/uploads\/2022\/12\/ARTES-Y-EPISTEMOLOGIAS-DIGITALES.jpg","type":"image\/jpeg"}],"author":"ccortez","twitter_card":"summary_large_image","twitter_creator":"@uartesec","twitter_site":"@uartesec","twitter_misc":{"\u00c9crit par":"ccortez","Dur\u00e9e de lecture estim\u00e9e":"6 minutes"},"schema":{"@context":"https:\/\/schema.org","@graph":[{"@type":"Article","@id":"https:\/\/www.uartes.edu.ec\/sitio\/fr\/blog\/2022\/12\/28\/la-maestria-de-artes-y-epistemologias-digitales-de-la-uartes-es-la-primera-de-investigacion-interdisciplinar\/#article","isPartOf":{"@id":"https:\/\/www.uartes.edu.ec\/sitio\/fr\/blog\/2022\/12\/28\/la-maestria-de-artes-y-epistemologias-digitales-de-la-uartes-es-la-primera-de-investigacion-interdisciplinar\/"},"author":{"name":"ccortez","@id":"https:\/\/www.uartes.edu.ec\/sitio\/fr\/#\/schema\/person\/efa1b8275797664fd7f13a79ccc0b1f4"},"headline":"La maestr\u00eda en Artes y Epistemolog\u00edas Digitales de la UArtes tiene trayectoria de investigaci\u00f3n interdisciplinar","datePublished":"2022-12-29T02:09:28+00:00","dateModified":"2024-07-04T16:22:17+00:00","mainEntityOfPage":{"@id":"https:\/\/www.uartes.edu.ec\/sitio\/fr\/blog\/2022\/12\/28\/la-maestria-de-artes-y-epistemologias-digitales-de-la-uartes-es-la-primera-de-investigacion-interdisciplinar\/"},"wordCount":1264,"commentCount":0,"publisher":{"@id":"https:\/\/www.uartes.edu.ec\/sitio\/fr\/#organization"},"image":{"@id":"https:\/\/www.uartes.edu.ec\/sitio\/fr\/blog\/2022\/12\/28\/la-maestria-de-artes-y-epistemologias-digitales-de-la-uartes-es-la-primera-de-investigacion-interdisciplinar\/#primaryimage"},"thumbnailUrl":"https:\/\/www.uartes.edu.ec\/sitio\/wp-content\/uploads\/2022\/12\/ARTES-Y-EPISTEMOLOGIAS-DIGITALES.jpg","keywords":["nuevo programa de posgrado"],"articleSection":["1B","Alumni","Docentes","Estudiantes","Investigaci\u00f3n","Maestr\u00edas"],"inLanguage":"fr-FR","potentialAction":[{"@type":"CommentAction","name":"Comment","target":["https:\/\/www.uartes.edu.ec\/sitio\/fr\/blog\/2022\/12\/28\/la-maestria-de-artes-y-epistemologias-digitales-de-la-uartes-es-la-primera-de-investigacion-interdisciplinar\/#respond"]}]},{"@type":["WebPage","ItemPage"],"@id":"https:\/\/www.uartes.edu.ec\/sitio\/fr\/blog\/2022\/12\/28\/la-maestria-de-artes-y-epistemologias-digitales-de-la-uartes-es-la-primera-de-investigacion-interdisciplinar\/","url":"https:\/\/www.uartes.edu.ec\/sitio\/fr\/blog\/2022\/12\/28\/la-maestria-de-artes-y-epistemologias-digitales-de-la-uartes-es-la-primera-de-investigacion-interdisciplinar\/","name":"Universidad de las Artes - La maestr\u00eda en Artes y Epistemolog\u00edas Digitales de la UArtes tiene trayectoria de investigaci\u00f3n interdisciplinar","isPartOf":{"@id":"https:\/\/www.uartes.edu.ec\/sitio\/fr\/#website"},"primaryImageOfPage":{"@id":"https:\/\/www.uartes.edu.ec\/sitio\/fr\/blog\/2022\/12\/28\/la-maestria-de-artes-y-epistemologias-digitales-de-la-uartes-es-la-primera-de-investigacion-interdisciplinar\/#primaryimage"},"image":{"@id":"https:\/\/www.uartes.edu.ec\/sitio\/fr\/blog\/2022\/12\/28\/la-maestria-de-artes-y-epistemologias-digitales-de-la-uartes-es-la-primera-de-investigacion-interdisciplinar\/#primaryimage"},"thumbnailUrl":"https:\/\/www.uartes.edu.ec\/sitio\/wp-content\/uploads\/2022\/12\/ARTES-Y-EPISTEMOLOGIAS-DIGITALES.jpg","datePublished":"2022-12-29T02:09:28+00:00","dateModified":"2024-07-04T16:22:17+00:00","description":"Universidad de las Artes - La maestr\u00eda en Artes y Epistemolog\u00edas Digitales de la UArtes tiene trayectoria de investigaci\u00f3n interdisciplinar","breadcrumb":{"@id":"https:\/\/www.uartes.edu.ec\/sitio\/fr\/blog\/2022\/12\/28\/la-maestria-de-artes-y-epistemologias-digitales-de-la-uartes-es-la-primera-de-investigacion-interdisciplinar\/#breadcrumb"},"inLanguage":"fr-FR","potentialAction":[{"@type":"ReadAction","target":["https:\/\/www.uartes.edu.ec\/sitio\/fr\/blog\/2022\/12\/28\/la-maestria-de-artes-y-epistemologias-digitales-de-la-uartes-es-la-primera-de-investigacion-interdisciplinar\/"]}]},{"@type":"ImageObject","inLanguage":"fr-FR","@id":"https:\/\/www.uartes.edu.ec\/sitio\/fr\/blog\/2022\/12\/28\/la-maestria-de-artes-y-epistemologias-digitales-de-la-uartes-es-la-primera-de-investigacion-interdisciplinar\/#primaryimage","url":"https:\/\/www.uartes.edu.ec\/sitio\/wp-content\/uploads\/2022\/12\/ARTES-Y-EPISTEMOLOGIAS-DIGITALES.jpg","contentUrl":"https:\/\/www.uartes.edu.ec\/sitio\/wp-content\/uploads\/2022\/12\/ARTES-Y-EPISTEMOLOGIAS-DIGITALES.jpg","width":2000,"height":1333},{"@type":"BreadcrumbList","@id":"https:\/\/www.uartes.edu.ec\/sitio\/fr\/blog\/2022\/12\/28\/la-maestria-de-artes-y-epistemologias-digitales-de-la-uartes-es-la-primera-de-investigacion-interdisciplinar\/#breadcrumb","itemListElement":[{"@type":"ListItem","position":1,"name":"Inicio","item":"https:\/\/www.uartes.edu.ec\/sitio\/"},{"@type":"ListItem","position":2,"name":"La maestr\u00eda en Artes y Epistemolog\u00edas Digitales de la UArtes tiene trayectoria de investigaci\u00f3n interdisciplinar"}]},{"@type":"WebSite","@id":"https:\/\/www.uartes.edu.ec\/sitio\/fr\/#website","url":"https:\/\/www.uartes.edu.ec\/sitio\/fr\/","name":"Universidad de las Artes","description":"Sitio oficial de la Universidad Nacional de las Artes del Ecuador","publisher":{"@id":"https:\/\/www.uartes.edu.ec\/sitio\/fr\/#organization"},"potentialAction":[{"@type":"SearchAction","target":{"@type":"EntryPoint","urlTemplate":"https:\/\/www.uartes.edu.ec\/sitio\/fr\/?s={search_term_string}"},"query-input":{"@type":"PropertyValueSpecification","valueRequired":true,"valueName":"search_term_string"}}],"inLanguage":"fr-FR"},{"@type":"Organization","@id":"https:\/\/www.uartes.edu.ec\/sitio\/fr\/#organization","name":"Universidad de las Artes","url":"https:\/\/www.uartes.edu.ec\/sitio\/fr\/","logo":{"@type":"ImageObject","inLanguage":"fr-FR","@id":"https:\/\/www.uartes.edu.ec\/sitio\/fr\/#\/schema\/logo\/image\/","url":"https:\/\/www.uartes.edu.ec\/sitio\/wp-content\/uploads\/2022\/07\/logo-ua-horizontal.png","contentUrl":"https:\/\/www.uartes.edu.ec\/sitio\/wp-content\/uploads\/2022\/07\/logo-ua-horizontal.png","width":800,"height":276,"caption":"Universidad de las Artes"},"image":{"@id":"https:\/\/www.uartes.edu.ec\/sitio\/fr\/#\/schema\/logo\/image\/"},"sameAs":["https:\/\/www.facebook.com\/uartesec","https:\/\/x.com\/uartesec","https:\/\/www.tiktok.com\/@uartesec"]},{"@type":"Person","@id":"https:\/\/www.uartes.edu.ec\/sitio\/fr\/#\/schema\/person\/efa1b8275797664fd7f13a79ccc0b1f4","name":"ccortez","image":{"@type":"ImageObject","inLanguage":"fr-FR","@id":"https:\/\/secure.gravatar.com\/avatar\/b2a6f664a3ae8e074346ef91775736c5ec479e637ecced6842de9dc98b5da9cd?s=96&d=mm&r=g","url":"https:\/\/secure.gravatar.com\/avatar\/b2a6f664a3ae8e074346ef91775736c5ec479e637ecced6842de9dc98b5da9cd?s=96&d=mm&r=g","contentUrl":"https:\/\/secure.gravatar.com\/avatar\/b2a6f664a3ae8e074346ef91775736c5ec479e637ecced6842de9dc98b5da9cd?s=96&d=mm&r=g","caption":"ccortez"},"url":"https:\/\/www.uartes.edu.ec\/sitio\/fr\/blog\/author\/ccortez\/"}]}},"uagb_featured_image_src":{"full":["https:\/\/www.uartes.edu.ec\/sitio\/wp-content\/uploads\/2022\/12\/ARTES-Y-EPISTEMOLOGIAS-DIGITALES.jpg",2000,1333,false],"thumbnail":["https:\/\/www.uartes.edu.ec\/sitio\/wp-content\/uploads\/2022\/12\/ARTES-Y-EPISTEMOLOGIAS-DIGITALES-150x150.jpg",150,150,true],"medium":["https:\/\/www.uartes.edu.ec\/sitio\/wp-content\/uploads\/2022\/12\/ARTES-Y-EPISTEMOLOGIAS-DIGITALES-300x200.jpg",300,200,true],"medium_large":["https:\/\/www.uartes.edu.ec\/sitio\/wp-content\/uploads\/2022\/12\/ARTES-Y-EPISTEMOLOGIAS-DIGITALES-768x512.jpg",768,512,true],"large":["https:\/\/www.uartes.edu.ec\/sitio\/wp-content\/uploads\/2022\/12\/ARTES-Y-EPISTEMOLOGIAS-DIGITALES-644x429.jpg",644,429,true],"1536x1536":["https:\/\/www.uartes.edu.ec\/sitio\/wp-content\/uploads\/2022\/12\/ARTES-Y-EPISTEMOLOGIAS-DIGITALES-1536x1024.jpg",1536,1024,true],"2048x2048":["https:\/\/www.uartes.edu.ec\/sitio\/wp-content\/uploads\/2022\/12\/ARTES-Y-EPISTEMOLOGIAS-DIGITALES.jpg",2000,1333,false],"trp-custom-language-flag":["https:\/\/www.uartes.edu.ec\/sitio\/wp-content\/uploads\/2022\/12\/ARTES-Y-EPISTEMOLOGIAS-DIGITALES.jpg",18,12,false],"htmega_size_585x295":["https:\/\/www.uartes.edu.ec\/sitio\/wp-content\/uploads\/2022\/12\/ARTES-Y-EPISTEMOLOGIAS-DIGITALES.jpg",443,295,false],"htmega_size_1170x536":["https:\/\/www.uartes.edu.ec\/sitio\/wp-content\/uploads\/2022\/12\/ARTES-Y-EPISTEMOLOGIAS-DIGITALES.jpg",804,536,false],"htmega_size_396x360":["https:\/\/www.uartes.edu.ec\/sitio\/wp-content\/uploads\/2022\/12\/ARTES-Y-EPISTEMOLOGIAS-DIGITALES.jpg",396,264,false],"gb-block-post-grid-landscape":["https:\/\/www.uartes.edu.ec\/sitio\/wp-content\/uploads\/2022\/12\/ARTES-Y-EPISTEMOLOGIAS-DIGITALES-600x400.jpg",600,400,true],"gb-block-post-grid-square":["https:\/\/www.uartes.edu.ec\/sitio\/wp-content\/uploads\/2022\/12\/ARTES-Y-EPISTEMOLOGIAS-DIGITALES-600x600.jpg",600,600,true],"university-hub-thumb":["https:\/\/www.uartes.edu.ec\/sitio\/wp-content\/uploads\/2022\/12\/ARTES-Y-EPISTEMOLOGIAS-DIGITALES-400x267.jpg",400,267,true],"mailpoet_newsletter_max":["https:\/\/www.uartes.edu.ec\/sitio\/wp-content\/uploads\/2022\/12\/ARTES-Y-EPISTEMOLOGIAS-DIGITALES.jpg",1320,880,false]},"uagb_author_info":{"display_name":"ccortez","author_link":"https:\/\/www.uartes.edu.ec\/sitio\/fr\/blog\/author\/ccortez\/"},"uagb_comment_info":0,"uagb_excerpt":"La maestr\u00eda en Artes y Epistemolog\u00edas Digitales es uno de los nuevos programas de posgrados de la Universidad de las Artes. Tiene trayectoria de investigaci\u00f3n interdisciplinar y busca formar especialistas en las teor\u00edas del arte y de la cultura de las tecnolog\u00edas digitales, entendiendo la estrecha relaci\u00f3n de estos campos, sus influencias mutuas, sus procesos\u2026","featured_image_src":"https:\/\/www.uartes.edu.ec\/sitio\/wp-content\/uploads\/2022\/12\/ARTES-Y-EPISTEMOLOGIAS-DIGITALES-600x400.jpg","featured_image_src_square":"https:\/\/www.uartes.edu.ec\/sitio\/wp-content\/uploads\/2022\/12\/ARTES-Y-EPISTEMOLOGIAS-DIGITALES-600x600.jpg","author_info":{"display_name":"ccortez","author_link":"https:\/\/www.uartes.edu.ec\/sitio\/fr\/blog\/author\/ccortez\/"},"publishpress_future_workflow_manual_trigger":{"enabledWorkflows":[]},"distributor_meta":false,"distributor_terms":false,"distributor_media":false,"distributor_original_site_name":"Universidad de las Artes","distributor_original_site_url":"https:\/\/www.uartes.edu.ec\/sitio\/fr","push-errors":false,"_links":{"self":[{"href":"https:\/\/www.uartes.edu.ec\/sitio\/fr\/wp-json\/wp\/v2\/posts\/35121","targetHints":{"allow":["GET"]}}],"collection":[{"href":"https:\/\/www.uartes.edu.ec\/sitio\/fr\/wp-json\/wp\/v2\/posts"}],"about":[{"href":"https:\/\/www.uartes.edu.ec\/sitio\/fr\/wp-json\/wp\/v2\/types\/post"}],"author":[{"embeddable":true,"href":"https:\/\/www.uartes.edu.ec\/sitio\/fr\/wp-json\/wp\/v2\/users\/10"}],"replies":[{"embeddable":true,"href":"https:\/\/www.uartes.edu.ec\/sitio\/fr\/wp-json\/wp\/v2\/comments?post=35121"}],"version-history":[{"count":8,"href":"https:\/\/www.uartes.edu.ec\/sitio\/fr\/wp-json\/wp\/v2\/posts\/35121\/revisions"}],"predecessor-version":[{"id":35429,"href":"https:\/\/www.uartes.edu.ec\/sitio\/fr\/wp-json\/wp\/v2\/posts\/35121\/revisions\/35429"}],"wp:featuredmedia":[{"embeddable":true,"href":"https:\/\/www.uartes.edu.ec\/sitio\/fr\/wp-json\/wp\/v2\/media\/35122"}],"wp:attachment":[{"href":"https:\/\/www.uartes.edu.ec\/sitio\/fr\/wp-json\/wp\/v2\/media?parent=35121"}],"wp:term":[{"taxonomy":"category","embeddable":true,"href":"https:\/\/www.uartes.edu.ec\/sitio\/fr\/wp-json\/wp\/v2\/categories?post=35121"},{"taxonomy":"post_tag","embeddable":true,"href":"https:\/\/www.uartes.edu.ec\/sitio\/fr\/wp-json\/wp\/v2\/tags?post=35121"},{"taxonomy":"infouartes","embeddable":true,"href":"https:\/\/www.uartes.edu.ec\/sitio\/fr\/wp-json\/wp\/v2\/infouartes?post=35121"}],"curies":[{"name":"wp","href":"https:\/\/api.w.org\/{rel}","templated":true}]}}