{"id":35163,"date":"2022-12-28T22:38:05","date_gmt":"2022-12-29T03:38:05","guid":{"rendered":"http:\/\/www.uartes.edu.ec\/sitio\/?p=35163"},"modified":"2024-07-04T11:22:16","modified_gmt":"2024-07-04T16:22:16","slug":"las-artes-escenicas-se-suman-a-la-oferta-de-los-programas-de-posgrado","status":"publish","type":"post","link":"https:\/\/www.uartes.edu.ec\/sitio\/fr\/blog\/2022\/12\/28\/las-artes-escenicas-se-suman-a-la-oferta-de-los-programas-de-posgrado\/","title":{"rendered":"Artes Esc\u00e9nicas, una maestr\u00eda que especializa y profundiza conocimientos en pedagog\u00eda, creaci\u00f3n e investigaci\u00f3n"},"content":{"rendered":"<p>Al obtener la licenciatura en Danza, M\u00f3nica (prefiere omitir su apellido) pens\u00f3 en cursar una maestr\u00eda en el exterior, lo cual, evidentemente, le generar\u00eda grandes costos. No solo por el estudio, sino porque deb\u00eda dejar el pa\u00eds para establecerse en otro. La \u00fanica forma de alcanzar esa profesionalizaci\u00f3n de cuarto nivel era realizando un pr\u00e9stamo. Estaba solo en averiguaciones, anota, hasta que en redes sociales supo que la Universidad de las Artes abrir\u00e1 el programa de posgrados en Artes Esc\u00e9nicas.<\/p>\n\n\n\n<p>Su experiencia no es la \u00fanica, pues hay otros profesionales de la danza y el teatro que, tras culminar sus carreras, confiesan haberse mantenido en una constante b\u00fasqueda de informaci\u00f3n respecto a maestr\u00edas internacionales en Artes Esc\u00e9nicas, para no tener que profesionalizarse en programas afines.<\/p>\n\n\n\n<p>La doctora Diana Medina, directora de la Escuela de Posgrados de la UArtes, comenta que, justamente, esta propuesta acad\u00e9mica se plante\u00f3 como respuesta a ese vac\u00edo, \u201cal trabajo corporal esc\u00e9nico presencial de los artistas, que siempre han estado\u201d. El objetivo es formar profesionales especialistas en creaci\u00f3n-investigaci\u00f3n, capaces de generar obras, procesos pedag\u00f3gicos e investigativos en el campo de las artes esc\u00e9nicas desde perspectivas cr\u00edticas, interculturales y transdisciplinares, vinculando sus procesos a diversos campos del conocimiento-acci\u00f3n de la escena expandida.<\/p>\n\n\n\n<h3 class=\"wp-block-heading\"><strong>En interacci\u00f3n con las dem\u00e1s artes<\/strong><\/h3>\n\n\n\n<p>\u201cC\u00f3mo los dem\u00e1s artistas tienen que ver, en este caso, con el mismo momento de la presentaci\u00f3n; c\u00f3mo el cuerpo, los materiales, la tecnolog\u00eda corporal y todo lo que tiene que ver con el cuerpo interacciona con el espacio-tiempo, donde interviene lo digital, el ruido, el silencio, el sonido. Hay todo un trabajo all\u00ed. Las artes esc\u00e9nicas vistas en su dimensi\u00f3n con interacci\u00f3n con las dem\u00e1s artes y, en este caso, con el campo de lo virtual y lo digital\u201d, expresa.<\/p>\n\n\n\n<p>Medina destaca que las artes esc\u00e9nicas han estado a la vanguardia junto con la tecnolog\u00eda, \u201cya sean en digitales o t\u00e9cnicas concretas que permiten su ampliaci\u00f3n, c\u00f3mo interviene la voz, el sonido, las grabaciones, proyecciones con la escena misma y c\u00f3mo eso genera el tipo de escena, di\u00e1logos, sensibilidades que se exponen en esos escenarios. Si hay un arte que depende de la interacci\u00f3n in situ con el p\u00fablico son las artes esc\u00e9nicas\u201d.<\/p>\n\n\n\n<p>A\u00f1ade que hay una profesionalizaci\u00f3n y actualizaci\u00f3n porque el teatro y las artes esc\u00e9nicas en general, como son pr\u00e1cticas tradicionales y tienen una fuerza cultural profunda, parecer\u00eda que no se tocan, \u201cpero no, han sido interrogadas, intervenidas, se han expuesto, se han pensado a s\u00ed mismas. Cuando eso ocurre pasamos a otro nivel de profundizaci\u00f3n y es por eso la importancia de esta maestr\u00eda\u201d.<\/p>\n\n\n\n<h3 class=\"wp-block-heading\"><strong>Espacio de di\u00e1logo m\u00e1s articulado<\/strong><\/h3>\n\n\n\n<p>Los saberes pueden quedarse muy anclados en pr\u00e1cticas y estrategias muy convencionales, pero las artes esc\u00e9nicas nunca lo han hecho y ahora tienen un espacio de di\u00e1logo mucho m\u00e1s articulado con nuevas tecnolog\u00edas, nuevas maneras pedag\u00f3gicas, nuevas metodolog\u00edas de ense\u00f1anza, con nuevos posesionamientos con relaci\u00f3n a los cuerpos, a las voces, a los sonidos, a los ruidos, intervienen todas las artes.&nbsp;<\/p>\n\n\n\n<p>Concebida en modalidad h\u00eddrida y con una duraci\u00f3n de un a\u00f1o y medio, en los cuales el estudiante cursar\u00e1 tres semestres, esta nueva maestr\u00eda de la UArtes est\u00e1 dirigida a profesionales con t\u00edtulo de tercer nivel que cuenten con una trayectoria af\u00edn al campo de las artes esc\u00e9nicas y est\u00e9n en busca de especializaci\u00f3n o profundizaci\u00f3n de conocimientos y competencias en pedagog\u00eda, creaci\u00f3n e investigaci\u00f3n te\u00f3rico-pr\u00e1ctica integrada en el campo de las artes esc\u00e9nicas.<\/p>\n\n\n\n<p>Al titularse, ser\u00e1 capaz de explorar\u202fnuevas maneras de acceder a la creaci\u00f3n e investigaci\u00f3n art\u00edstica,\u202fas\u00ed como a\u202fla\u202fpedagog\u00eda\u202fde las artes esc\u00e9nicas desde un enfoque te\u00f3rico-pr\u00e1ctico integrado. Su campo laboral comprende, adem\u00e1s de la docencia universitaria, la investigaci\u00f3n acad\u00e9mica y la asesor\u00eda u consultor\u00eda en \u00e1mbitos relacionados con el fen\u00f3meno esc\u00e9nico y la gesti\u00f3n comunitaria de las artes.&nbsp;<\/p>\n\n\n\n<p>El costo de la colegiatura es de $4.928, con una matr\u00edcula de $492 y mensualidades de $328. Para impartir la maestr\u00eda, comenta Medina, se est\u00e1n tocando puertas de artistas docentes muy importantes de Ecuador y Latinoam\u00e9rica. Te\u00f3ricos, escritores, dramaturgos. Gabriela Ponce y Esteban Donoso est\u00e1n interesados en el programa, revela.<\/p>","protected":false},"excerpt":{"rendered":"<p>La maestr\u00eda en Artes Esc\u00e9nicas de la Universidad de las Artes busca formar profesionales especialistas en creaci\u00f3n-investigaci\u00f3n, capaces de generar obras, procesos pedag\u00f3gicos e investigativos en ese \u00e1mbito, desde perspectivas cr\u00edticas, interculturales y transdisciplinares, vinculando sus procesos a diversos campos del conocimiento-acci\u00f3n de la escena expandida.<\/p>","protected":false},"author":10,"featured_media":35164,"comment_status":"open","ping_status":"open","sticky":false,"template":"","format":"standard","meta":{"_acf_changed":false,"_uag_custom_page_level_css":"","_monsterinsights_skip_tracking":false,"_monsterinsights_sitenote_active":false,"_monsterinsights_sitenote_note":"","_monsterinsights_sitenote_category":0,"cybocfi_hide_featured_image":"","footnotes":""},"categories":[714,80,75,76,284,264],"tags":[893],"infouartes":[],"class_list":["post-35163","post","type-post","status-publish","format-standard","has-post-thumbnail","hentry","category-2b","category-academico","category-docentes","category-estudiantes","category-investigacion","category-maestrias","tag-nuevo-programa-de-posgrado"],"acf":[],"yoast_head":"<!-- This site is optimized with the Yoast SEO plugin v27.4 - https:\/\/yoast.com\/product\/yoast-seo-wordpress\/ -->\n<title>Universidad de las Artes - Artes Esc\u00e9nicas, una maestr\u00eda que especializa y profundiza conocimientos en pedagog\u00eda, creaci\u00f3n e investigaci\u00f3n<\/title>\n<meta name=\"description\" content=\"Universidad de las Artes - Artes Esc\u00e9nicas, una maestr\u00eda que especializa y profundiza conocimientos en pedagog\u00eda, creaci\u00f3n e investigaci\u00f3n\" \/>\n<meta name=\"robots\" content=\"index, follow, max-snippet:-1, max-image-preview:large, max-video-preview:-1\" \/>\n<link rel=\"canonical\" href=\"https:\/\/www.uartes.edu.ec\/sitio\/fr\/blog\/2022\/12\/28\/las-artes-escenicas-se-suman-a-la-oferta-de-los-programas-de-posgrado\/\" \/>\n<meta property=\"og:locale\" content=\"fr_FR\" \/>\n<meta property=\"og:type\" content=\"article\" \/>\n<meta property=\"og:title\" content=\"Universidad de las Artes - Artes Esc\u00e9nicas, una maestr\u00eda que especializa y profundiza conocimientos en pedagog\u00eda, creaci\u00f3n e investigaci\u00f3n\" \/>\n<meta property=\"og:description\" content=\"Universidad de las Artes - Artes Esc\u00e9nicas, una maestr\u00eda que especializa y profundiza conocimientos en pedagog\u00eda, creaci\u00f3n e investigaci\u00f3n\" \/>\n<meta property=\"og:url\" content=\"https:\/\/www.uartes.edu.ec\/sitio\/fr\/blog\/2022\/12\/28\/las-artes-escenicas-se-suman-a-la-oferta-de-los-programas-de-posgrado\/\" \/>\n<meta property=\"og:site_name\" content=\"Universidad de las Artes\" \/>\n<meta property=\"article:publisher\" content=\"https:\/\/www.facebook.com\/uartesec\" \/>\n<meta property=\"article:published_time\" content=\"2022-12-29T03:38:05+00:00\" \/>\n<meta property=\"article:modified_time\" content=\"2024-07-04T16:22:16+00:00\" \/>\n<meta property=\"og:image\" content=\"https:\/\/www.uartes.edu.ec\/sitio\/wp-content\/uploads\/2022\/12\/ARTES-ESCENICAS.jpg\" \/>\n\t<meta property=\"og:image:width\" content=\"2000\" \/>\n\t<meta property=\"og:image:height\" content=\"1333\" \/>\n\t<meta property=\"og:image:type\" content=\"image\/jpeg\" \/>\n<meta name=\"author\" content=\"ccortez\" \/>\n<meta name=\"twitter:card\" content=\"summary_large_image\" \/>\n<meta name=\"twitter:creator\" content=\"@uartesec\" \/>\n<meta name=\"twitter:site\" content=\"@uartesec\" \/>\n<meta name=\"twitter:label1\" content=\"\u00c9crit par\" \/>\n\t<meta name=\"twitter:data1\" content=\"ccortez\" \/>\n\t<meta name=\"twitter:label2\" content=\"Dur\u00e9e de lecture estim\u00e9e\" \/>\n\t<meta name=\"twitter:data2\" content=\"4 minutes\" \/>\n<script type=\"application\/ld+json\" class=\"yoast-schema-graph\">{\"@context\":\"https:\\\/\\\/schema.org\",\"@graph\":[{\"@type\":\"Article\",\"@id\":\"https:\\\/\\\/www.uartes.edu.ec\\\/sitio\\\/fr\\\/blog\\\/2022\\\/12\\\/28\\\/las-artes-escenicas-se-suman-a-la-oferta-de-los-programas-de-posgrado\\\/#article\",\"isPartOf\":{\"@id\":\"https:\\\/\\\/www.uartes.edu.ec\\\/sitio\\\/fr\\\/blog\\\/2022\\\/12\\\/28\\\/las-artes-escenicas-se-suman-a-la-oferta-de-los-programas-de-posgrado\\\/\"},\"author\":{\"name\":\"ccortez\",\"@id\":\"https:\\\/\\\/www.uartes.edu.ec\\\/sitio\\\/fr\\\/#\\\/schema\\\/person\\\/efa1b8275797664fd7f13a79ccc0b1f4\"},\"headline\":\"Artes Esc\u00e9nicas, una maestr\u00eda que especializa y profundiza conocimientos en pedagog\u00eda, creaci\u00f3n e investigaci\u00f3n\",\"datePublished\":\"2022-12-29T03:38:05+00:00\",\"dateModified\":\"2024-07-04T16:22:16+00:00\",\"mainEntityOfPage\":{\"@id\":\"https:\\\/\\\/www.uartes.edu.ec\\\/sitio\\\/fr\\\/blog\\\/2022\\\/12\\\/28\\\/las-artes-escenicas-se-suman-a-la-oferta-de-los-programas-de-posgrado\\\/\"},\"wordCount\":795,\"commentCount\":0,\"publisher\":{\"@id\":\"https:\\\/\\\/www.uartes.edu.ec\\\/sitio\\\/fr\\\/#organization\"},\"image\":{\"@id\":\"https:\\\/\\\/www.uartes.edu.ec\\\/sitio\\\/fr\\\/blog\\\/2022\\\/12\\\/28\\\/las-artes-escenicas-se-suman-a-la-oferta-de-los-programas-de-posgrado\\\/#primaryimage\"},\"thumbnailUrl\":\"https:\\\/\\\/www.uartes.edu.ec\\\/sitio\\\/wp-content\\\/uploads\\\/2022\\\/12\\\/ARTES-ESCENICAS.jpg\",\"keywords\":[\"nuevo programa de posgrado\"],\"articleSection\":[\"2B\",\"Acad\u00e9mico\",\"Docentes\",\"Estudiantes\",\"Investigaci\u00f3n\",\"Maestr\u00edas\"],\"inLanguage\":\"fr-FR\",\"potentialAction\":[{\"@type\":\"CommentAction\",\"name\":\"Comment\",\"target\":[\"https:\\\/\\\/www.uartes.edu.ec\\\/sitio\\\/fr\\\/blog\\\/2022\\\/12\\\/28\\\/las-artes-escenicas-se-suman-a-la-oferta-de-los-programas-de-posgrado\\\/#respond\"]}]},{\"@type\":[\"WebPage\",\"ItemPage\"],\"@id\":\"https:\\\/\\\/www.uartes.edu.ec\\\/sitio\\\/fr\\\/blog\\\/2022\\\/12\\\/28\\\/las-artes-escenicas-se-suman-a-la-oferta-de-los-programas-de-posgrado\\\/\",\"url\":\"https:\\\/\\\/www.uartes.edu.ec\\\/sitio\\\/fr\\\/blog\\\/2022\\\/12\\\/28\\\/las-artes-escenicas-se-suman-a-la-oferta-de-los-programas-de-posgrado\\\/\",\"name\":\"Universidad de las Artes - Artes Esc\u00e9nicas, una maestr\u00eda que especializa y profundiza conocimientos en pedagog\u00eda, creaci\u00f3n e investigaci\u00f3n\",\"isPartOf\":{\"@id\":\"https:\\\/\\\/www.uartes.edu.ec\\\/sitio\\\/fr\\\/#website\"},\"primaryImageOfPage\":{\"@id\":\"https:\\\/\\\/www.uartes.edu.ec\\\/sitio\\\/fr\\\/blog\\\/2022\\\/12\\\/28\\\/las-artes-escenicas-se-suman-a-la-oferta-de-los-programas-de-posgrado\\\/#primaryimage\"},\"image\":{\"@id\":\"https:\\\/\\\/www.uartes.edu.ec\\\/sitio\\\/fr\\\/blog\\\/2022\\\/12\\\/28\\\/las-artes-escenicas-se-suman-a-la-oferta-de-los-programas-de-posgrado\\\/#primaryimage\"},\"thumbnailUrl\":\"https:\\\/\\\/www.uartes.edu.ec\\\/sitio\\\/wp-content\\\/uploads\\\/2022\\\/12\\\/ARTES-ESCENICAS.jpg\",\"datePublished\":\"2022-12-29T03:38:05+00:00\",\"dateModified\":\"2024-07-04T16:22:16+00:00\",\"description\":\"Universidad de las Artes - Artes Esc\u00e9nicas, una maestr\u00eda que especializa y profundiza conocimientos en pedagog\u00eda, creaci\u00f3n e investigaci\u00f3n\",\"breadcrumb\":{\"@id\":\"https:\\\/\\\/www.uartes.edu.ec\\\/sitio\\\/fr\\\/blog\\\/2022\\\/12\\\/28\\\/las-artes-escenicas-se-suman-a-la-oferta-de-los-programas-de-posgrado\\\/#breadcrumb\"},\"inLanguage\":\"fr-FR\",\"potentialAction\":[{\"@type\":\"ReadAction\",\"target\":[\"https:\\\/\\\/www.uartes.edu.ec\\\/sitio\\\/fr\\\/blog\\\/2022\\\/12\\\/28\\\/las-artes-escenicas-se-suman-a-la-oferta-de-los-programas-de-posgrado\\\/\"]}]},{\"@type\":\"ImageObject\",\"inLanguage\":\"fr-FR\",\"@id\":\"https:\\\/\\\/www.uartes.edu.ec\\\/sitio\\\/fr\\\/blog\\\/2022\\\/12\\\/28\\\/las-artes-escenicas-se-suman-a-la-oferta-de-los-programas-de-posgrado\\\/#primaryimage\",\"url\":\"https:\\\/\\\/www.uartes.edu.ec\\\/sitio\\\/wp-content\\\/uploads\\\/2022\\\/12\\\/ARTES-ESCENICAS.jpg\",\"contentUrl\":\"https:\\\/\\\/www.uartes.edu.ec\\\/sitio\\\/wp-content\\\/uploads\\\/2022\\\/12\\\/ARTES-ESCENICAS.jpg\",\"width\":2000,\"height\":1333},{\"@type\":\"BreadcrumbList\",\"@id\":\"https:\\\/\\\/www.uartes.edu.ec\\\/sitio\\\/fr\\\/blog\\\/2022\\\/12\\\/28\\\/las-artes-escenicas-se-suman-a-la-oferta-de-los-programas-de-posgrado\\\/#breadcrumb\",\"itemListElement\":[{\"@type\":\"ListItem\",\"position\":1,\"name\":\"Inicio\",\"item\":\"https:\\\/\\\/www.uartes.edu.ec\\\/sitio\\\/\"},{\"@type\":\"ListItem\",\"position\":2,\"name\":\"Artes Esc\u00e9nicas, una maestr\u00eda que especializa y profundiza conocimientos en pedagog\u00eda, creaci\u00f3n e investigaci\u00f3n\"}]},{\"@type\":\"WebSite\",\"@id\":\"https:\\\/\\\/www.uartes.edu.ec\\\/sitio\\\/fr\\\/#website\",\"url\":\"https:\\\/\\\/www.uartes.edu.ec\\\/sitio\\\/fr\\\/\",\"name\":\"Universidad de las Artes\",\"description\":\"Sitio oficial de la Universidad Nacional de las Artes del Ecuador\",\"publisher\":{\"@id\":\"https:\\\/\\\/www.uartes.edu.ec\\\/sitio\\\/fr\\\/#organization\"},\"potentialAction\":[{\"@type\":\"SearchAction\",\"target\":{\"@type\":\"EntryPoint\",\"urlTemplate\":\"https:\\\/\\\/www.uartes.edu.ec\\\/sitio\\\/fr\\\/?s={search_term_string}\"},\"query-input\":{\"@type\":\"PropertyValueSpecification\",\"valueRequired\":true,\"valueName\":\"search_term_string\"}}],\"inLanguage\":\"fr-FR\"},{\"@type\":\"Organization\",\"@id\":\"https:\\\/\\\/www.uartes.edu.ec\\\/sitio\\\/fr\\\/#organization\",\"name\":\"Universidad de las Artes\",\"url\":\"https:\\\/\\\/www.uartes.edu.ec\\\/sitio\\\/fr\\\/\",\"logo\":{\"@type\":\"ImageObject\",\"inLanguage\":\"fr-FR\",\"@id\":\"https:\\\/\\\/www.uartes.edu.ec\\\/sitio\\\/fr\\\/#\\\/schema\\\/logo\\\/image\\\/\",\"url\":\"https:\\\/\\\/www.uartes.edu.ec\\\/sitio\\\/wp-content\\\/uploads\\\/2022\\\/07\\\/logo-ua-horizontal.png\",\"contentUrl\":\"https:\\\/\\\/www.uartes.edu.ec\\\/sitio\\\/wp-content\\\/uploads\\\/2022\\\/07\\\/logo-ua-horizontal.png\",\"width\":800,\"height\":276,\"caption\":\"Universidad de las Artes\"},\"image\":{\"@id\":\"https:\\\/\\\/www.uartes.edu.ec\\\/sitio\\\/fr\\\/#\\\/schema\\\/logo\\\/image\\\/\"},\"sameAs\":[\"https:\\\/\\\/www.facebook.com\\\/uartesec\",\"https:\\\/\\\/x.com\\\/uartesec\",\"https:\\\/\\\/www.tiktok.com\\\/@uartesec\"]},{\"@type\":\"Person\",\"@id\":\"https:\\\/\\\/www.uartes.edu.ec\\\/sitio\\\/fr\\\/#\\\/schema\\\/person\\\/efa1b8275797664fd7f13a79ccc0b1f4\",\"name\":\"ccortez\",\"image\":{\"@type\":\"ImageObject\",\"inLanguage\":\"fr-FR\",\"@id\":\"https:\\\/\\\/secure.gravatar.com\\\/avatar\\\/b2a6f664a3ae8e074346ef91775736c5ec479e637ecced6842de9dc98b5da9cd?s=96&d=mm&r=g\",\"url\":\"https:\\\/\\\/secure.gravatar.com\\\/avatar\\\/b2a6f664a3ae8e074346ef91775736c5ec479e637ecced6842de9dc98b5da9cd?s=96&d=mm&r=g\",\"contentUrl\":\"https:\\\/\\\/secure.gravatar.com\\\/avatar\\\/b2a6f664a3ae8e074346ef91775736c5ec479e637ecced6842de9dc98b5da9cd?s=96&d=mm&r=g\",\"caption\":\"ccortez\"},\"url\":\"https:\\\/\\\/www.uartes.edu.ec\\\/sitio\\\/fr\\\/blog\\\/author\\\/ccortez\\\/\"}]}<\/script>\n<!-- \/ Yoast SEO plugin. -->","yoast_head_json":{"title":"Universidad de las Artes - Artes Esc\u00e9nicas, una maestr\u00eda que especializa y profundiza conocimientos en pedagog\u00eda, creaci\u00f3n e investigaci\u00f3n","description":"Universidad de las Artes - Artes Esc\u00e9nicas, una maestr\u00eda que especializa y profundiza conocimientos en pedagog\u00eda, creaci\u00f3n e investigaci\u00f3n","robots":{"index":"index","follow":"follow","max-snippet":"max-snippet:-1","max-image-preview":"max-image-preview:large","max-video-preview":"max-video-preview:-1"},"canonical":"https:\/\/www.uartes.edu.ec\/sitio\/fr\/blog\/2022\/12\/28\/las-artes-escenicas-se-suman-a-la-oferta-de-los-programas-de-posgrado\/","og_locale":"fr_FR","og_type":"article","og_title":"Universidad de las Artes - Artes Esc\u00e9nicas, una maestr\u00eda que especializa y profundiza conocimientos en pedagog\u00eda, creaci\u00f3n e investigaci\u00f3n","og_description":"Universidad de las Artes - Artes Esc\u00e9nicas, una maestr\u00eda que especializa y profundiza conocimientos en pedagog\u00eda, creaci\u00f3n e investigaci\u00f3n","og_url":"https:\/\/www.uartes.edu.ec\/sitio\/fr\/blog\/2022\/12\/28\/las-artes-escenicas-se-suman-a-la-oferta-de-los-programas-de-posgrado\/","og_site_name":"Universidad de las Artes","article_publisher":"https:\/\/www.facebook.com\/uartesec","article_published_time":"2022-12-29T03:38:05+00:00","article_modified_time":"2024-07-04T16:22:16+00:00","og_image":[{"width":2000,"height":1333,"url":"https:\/\/www.uartes.edu.ec\/sitio\/wp-content\/uploads\/2022\/12\/ARTES-ESCENICAS.jpg","type":"image\/jpeg"}],"author":"ccortez","twitter_card":"summary_large_image","twitter_creator":"@uartesec","twitter_site":"@uartesec","twitter_misc":{"\u00c9crit par":"ccortez","Dur\u00e9e de lecture estim\u00e9e":"4 minutes"},"schema":{"@context":"https:\/\/schema.org","@graph":[{"@type":"Article","@id":"https:\/\/www.uartes.edu.ec\/sitio\/fr\/blog\/2022\/12\/28\/las-artes-escenicas-se-suman-a-la-oferta-de-los-programas-de-posgrado\/#article","isPartOf":{"@id":"https:\/\/www.uartes.edu.ec\/sitio\/fr\/blog\/2022\/12\/28\/las-artes-escenicas-se-suman-a-la-oferta-de-los-programas-de-posgrado\/"},"author":{"name":"ccortez","@id":"https:\/\/www.uartes.edu.ec\/sitio\/fr\/#\/schema\/person\/efa1b8275797664fd7f13a79ccc0b1f4"},"headline":"Artes Esc\u00e9nicas, una maestr\u00eda que especializa y profundiza conocimientos en pedagog\u00eda, creaci\u00f3n e investigaci\u00f3n","datePublished":"2022-12-29T03:38:05+00:00","dateModified":"2024-07-04T16:22:16+00:00","mainEntityOfPage":{"@id":"https:\/\/www.uartes.edu.ec\/sitio\/fr\/blog\/2022\/12\/28\/las-artes-escenicas-se-suman-a-la-oferta-de-los-programas-de-posgrado\/"},"wordCount":795,"commentCount":0,"publisher":{"@id":"https:\/\/www.uartes.edu.ec\/sitio\/fr\/#organization"},"image":{"@id":"https:\/\/www.uartes.edu.ec\/sitio\/fr\/blog\/2022\/12\/28\/las-artes-escenicas-se-suman-a-la-oferta-de-los-programas-de-posgrado\/#primaryimage"},"thumbnailUrl":"https:\/\/www.uartes.edu.ec\/sitio\/wp-content\/uploads\/2022\/12\/ARTES-ESCENICAS.jpg","keywords":["nuevo programa de posgrado"],"articleSection":["2B","Acad\u00e9mico","Docentes","Estudiantes","Investigaci\u00f3n","Maestr\u00edas"],"inLanguage":"fr-FR","potentialAction":[{"@type":"CommentAction","name":"Comment","target":["https:\/\/www.uartes.edu.ec\/sitio\/fr\/blog\/2022\/12\/28\/las-artes-escenicas-se-suman-a-la-oferta-de-los-programas-de-posgrado\/#respond"]}]},{"@type":["WebPage","ItemPage"],"@id":"https:\/\/www.uartes.edu.ec\/sitio\/fr\/blog\/2022\/12\/28\/las-artes-escenicas-se-suman-a-la-oferta-de-los-programas-de-posgrado\/","url":"https:\/\/www.uartes.edu.ec\/sitio\/fr\/blog\/2022\/12\/28\/las-artes-escenicas-se-suman-a-la-oferta-de-los-programas-de-posgrado\/","name":"Universidad de las Artes - Artes Esc\u00e9nicas, una maestr\u00eda que especializa y profundiza conocimientos en pedagog\u00eda, creaci\u00f3n e investigaci\u00f3n","isPartOf":{"@id":"https:\/\/www.uartes.edu.ec\/sitio\/fr\/#website"},"primaryImageOfPage":{"@id":"https:\/\/www.uartes.edu.ec\/sitio\/fr\/blog\/2022\/12\/28\/las-artes-escenicas-se-suman-a-la-oferta-de-los-programas-de-posgrado\/#primaryimage"},"image":{"@id":"https:\/\/www.uartes.edu.ec\/sitio\/fr\/blog\/2022\/12\/28\/las-artes-escenicas-se-suman-a-la-oferta-de-los-programas-de-posgrado\/#primaryimage"},"thumbnailUrl":"https:\/\/www.uartes.edu.ec\/sitio\/wp-content\/uploads\/2022\/12\/ARTES-ESCENICAS.jpg","datePublished":"2022-12-29T03:38:05+00:00","dateModified":"2024-07-04T16:22:16+00:00","description":"Universidad de las Artes - Artes Esc\u00e9nicas, una maestr\u00eda que especializa y profundiza conocimientos en pedagog\u00eda, creaci\u00f3n e investigaci\u00f3n","breadcrumb":{"@id":"https:\/\/www.uartes.edu.ec\/sitio\/fr\/blog\/2022\/12\/28\/las-artes-escenicas-se-suman-a-la-oferta-de-los-programas-de-posgrado\/#breadcrumb"},"inLanguage":"fr-FR","potentialAction":[{"@type":"ReadAction","target":["https:\/\/www.uartes.edu.ec\/sitio\/fr\/blog\/2022\/12\/28\/las-artes-escenicas-se-suman-a-la-oferta-de-los-programas-de-posgrado\/"]}]},{"@type":"ImageObject","inLanguage":"fr-FR","@id":"https:\/\/www.uartes.edu.ec\/sitio\/fr\/blog\/2022\/12\/28\/las-artes-escenicas-se-suman-a-la-oferta-de-los-programas-de-posgrado\/#primaryimage","url":"https:\/\/www.uartes.edu.ec\/sitio\/wp-content\/uploads\/2022\/12\/ARTES-ESCENICAS.jpg","contentUrl":"https:\/\/www.uartes.edu.ec\/sitio\/wp-content\/uploads\/2022\/12\/ARTES-ESCENICAS.jpg","width":2000,"height":1333},{"@type":"BreadcrumbList","@id":"https:\/\/www.uartes.edu.ec\/sitio\/fr\/blog\/2022\/12\/28\/las-artes-escenicas-se-suman-a-la-oferta-de-los-programas-de-posgrado\/#breadcrumb","itemListElement":[{"@type":"ListItem","position":1,"name":"Inicio","item":"https:\/\/www.uartes.edu.ec\/sitio\/"},{"@type":"ListItem","position":2,"name":"Artes Esc\u00e9nicas, una maestr\u00eda que especializa y profundiza conocimientos en pedagog\u00eda, creaci\u00f3n e investigaci\u00f3n"}]},{"@type":"WebSite","@id":"https:\/\/www.uartes.edu.ec\/sitio\/fr\/#website","url":"https:\/\/www.uartes.edu.ec\/sitio\/fr\/","name":"Universidad de las Artes","description":"Sitio oficial de la Universidad Nacional de las Artes del Ecuador","publisher":{"@id":"https:\/\/www.uartes.edu.ec\/sitio\/fr\/#organization"},"potentialAction":[{"@type":"SearchAction","target":{"@type":"EntryPoint","urlTemplate":"https:\/\/www.uartes.edu.ec\/sitio\/fr\/?s={search_term_string}"},"query-input":{"@type":"PropertyValueSpecification","valueRequired":true,"valueName":"search_term_string"}}],"inLanguage":"fr-FR"},{"@type":"Organization","@id":"https:\/\/www.uartes.edu.ec\/sitio\/fr\/#organization","name":"Universidad de las Artes","url":"https:\/\/www.uartes.edu.ec\/sitio\/fr\/","logo":{"@type":"ImageObject","inLanguage":"fr-FR","@id":"https:\/\/www.uartes.edu.ec\/sitio\/fr\/#\/schema\/logo\/image\/","url":"https:\/\/www.uartes.edu.ec\/sitio\/wp-content\/uploads\/2022\/07\/logo-ua-horizontal.png","contentUrl":"https:\/\/www.uartes.edu.ec\/sitio\/wp-content\/uploads\/2022\/07\/logo-ua-horizontal.png","width":800,"height":276,"caption":"Universidad de las Artes"},"image":{"@id":"https:\/\/www.uartes.edu.ec\/sitio\/fr\/#\/schema\/logo\/image\/"},"sameAs":["https:\/\/www.facebook.com\/uartesec","https:\/\/x.com\/uartesec","https:\/\/www.tiktok.com\/@uartesec"]},{"@type":"Person","@id":"https:\/\/www.uartes.edu.ec\/sitio\/fr\/#\/schema\/person\/efa1b8275797664fd7f13a79ccc0b1f4","name":"ccortez","image":{"@type":"ImageObject","inLanguage":"fr-FR","@id":"https:\/\/secure.gravatar.com\/avatar\/b2a6f664a3ae8e074346ef91775736c5ec479e637ecced6842de9dc98b5da9cd?s=96&d=mm&r=g","url":"https:\/\/secure.gravatar.com\/avatar\/b2a6f664a3ae8e074346ef91775736c5ec479e637ecced6842de9dc98b5da9cd?s=96&d=mm&r=g","contentUrl":"https:\/\/secure.gravatar.com\/avatar\/b2a6f664a3ae8e074346ef91775736c5ec479e637ecced6842de9dc98b5da9cd?s=96&d=mm&r=g","caption":"ccortez"},"url":"https:\/\/www.uartes.edu.ec\/sitio\/fr\/blog\/author\/ccortez\/"}]}},"uagb_featured_image_src":{"full":["https:\/\/www.uartes.edu.ec\/sitio\/wp-content\/uploads\/2022\/12\/ARTES-ESCENICAS.jpg",2000,1333,false],"thumbnail":["https:\/\/www.uartes.edu.ec\/sitio\/wp-content\/uploads\/2022\/12\/ARTES-ESCENICAS-150x150.jpg",150,150,true],"medium":["https:\/\/www.uartes.edu.ec\/sitio\/wp-content\/uploads\/2022\/12\/ARTES-ESCENICAS-300x200.jpg",300,200,true],"medium_large":["https:\/\/www.uartes.edu.ec\/sitio\/wp-content\/uploads\/2022\/12\/ARTES-ESCENICAS-768x512.jpg",768,512,true],"large":["https:\/\/www.uartes.edu.ec\/sitio\/wp-content\/uploads\/2022\/12\/ARTES-ESCENICAS-644x429.jpg",644,429,true],"1536x1536":["https:\/\/www.uartes.edu.ec\/sitio\/wp-content\/uploads\/2022\/12\/ARTES-ESCENICAS-1536x1024.jpg",1536,1024,true],"2048x2048":["https:\/\/www.uartes.edu.ec\/sitio\/wp-content\/uploads\/2022\/12\/ARTES-ESCENICAS.jpg",2000,1333,false],"trp-custom-language-flag":["https:\/\/www.uartes.edu.ec\/sitio\/wp-content\/uploads\/2022\/12\/ARTES-ESCENICAS.jpg",18,12,false],"htmega_size_585x295":["https:\/\/www.uartes.edu.ec\/sitio\/wp-content\/uploads\/2022\/12\/ARTES-ESCENICAS.jpg",443,295,false],"htmega_size_1170x536":["https:\/\/www.uartes.edu.ec\/sitio\/wp-content\/uploads\/2022\/12\/ARTES-ESCENICAS.jpg",804,536,false],"htmega_size_396x360":["https:\/\/www.uartes.edu.ec\/sitio\/wp-content\/uploads\/2022\/12\/ARTES-ESCENICAS.jpg",396,264,false],"gb-block-post-grid-landscape":["https:\/\/www.uartes.edu.ec\/sitio\/wp-content\/uploads\/2022\/12\/ARTES-ESCENICAS-600x400.jpg",600,400,true],"gb-block-post-grid-square":["https:\/\/www.uartes.edu.ec\/sitio\/wp-content\/uploads\/2022\/12\/ARTES-ESCENICAS-600x600.jpg",600,600,true],"university-hub-thumb":["https:\/\/www.uartes.edu.ec\/sitio\/wp-content\/uploads\/2022\/12\/ARTES-ESCENICAS-400x267.jpg",400,267,true],"mailpoet_newsletter_max":["https:\/\/www.uartes.edu.ec\/sitio\/wp-content\/uploads\/2022\/12\/ARTES-ESCENICAS.jpg",1320,880,false]},"uagb_author_info":{"display_name":"ccortez","author_link":"https:\/\/www.uartes.edu.ec\/sitio\/fr\/blog\/author\/ccortez\/"},"uagb_comment_info":0,"uagb_excerpt":"La maestr\u00eda en Artes Esc\u00e9nicas de la Universidad de las Artes busca formar profesionales especialistas en creaci\u00f3n-investigaci\u00f3n, capaces de generar obras, procesos pedag\u00f3gicos e investigativos en ese \u00e1mbito, desde perspectivas cr\u00edticas, interculturales y transdisciplinares, vinculando sus procesos a diversos campos del conocimiento-acci\u00f3n de la escena expandida.","featured_image_src":"https:\/\/www.uartes.edu.ec\/sitio\/wp-content\/uploads\/2022\/12\/ARTES-ESCENICAS-600x400.jpg","featured_image_src_square":"https:\/\/www.uartes.edu.ec\/sitio\/wp-content\/uploads\/2022\/12\/ARTES-ESCENICAS-600x600.jpg","author_info":{"display_name":"ccortez","author_link":"https:\/\/www.uartes.edu.ec\/sitio\/fr\/blog\/author\/ccortez\/"},"publishpress_future_workflow_manual_trigger":{"enabledWorkflows":[]},"distributor_meta":false,"distributor_terms":false,"distributor_media":false,"distributor_original_site_name":"Universidad de las Artes","distributor_original_site_url":"https:\/\/www.uartes.edu.ec\/sitio\/fr","push-errors":false,"_links":{"self":[{"href":"https:\/\/www.uartes.edu.ec\/sitio\/fr\/wp-json\/wp\/v2\/posts\/35163","targetHints":{"allow":["GET"]}}],"collection":[{"href":"https:\/\/www.uartes.edu.ec\/sitio\/fr\/wp-json\/wp\/v2\/posts"}],"about":[{"href":"https:\/\/www.uartes.edu.ec\/sitio\/fr\/wp-json\/wp\/v2\/types\/post"}],"author":[{"embeddable":true,"href":"https:\/\/www.uartes.edu.ec\/sitio\/fr\/wp-json\/wp\/v2\/users\/10"}],"replies":[{"embeddable":true,"href":"https:\/\/www.uartes.edu.ec\/sitio\/fr\/wp-json\/wp\/v2\/comments?post=35163"}],"version-history":[{"count":3,"href":"https:\/\/www.uartes.edu.ec\/sitio\/fr\/wp-json\/wp\/v2\/posts\/35163\/revisions"}],"predecessor-version":[{"id":35440,"href":"https:\/\/www.uartes.edu.ec\/sitio\/fr\/wp-json\/wp\/v2\/posts\/35163\/revisions\/35440"}],"wp:featuredmedia":[{"embeddable":true,"href":"https:\/\/www.uartes.edu.ec\/sitio\/fr\/wp-json\/wp\/v2\/media\/35164"}],"wp:attachment":[{"href":"https:\/\/www.uartes.edu.ec\/sitio\/fr\/wp-json\/wp\/v2\/media?parent=35163"}],"wp:term":[{"taxonomy":"category","embeddable":true,"href":"https:\/\/www.uartes.edu.ec\/sitio\/fr\/wp-json\/wp\/v2\/categories?post=35163"},{"taxonomy":"post_tag","embeddable":true,"href":"https:\/\/www.uartes.edu.ec\/sitio\/fr\/wp-json\/wp\/v2\/tags?post=35163"},{"taxonomy":"infouartes","embeddable":true,"href":"https:\/\/www.uartes.edu.ec\/sitio\/fr\/wp-json\/wp\/v2\/infouartes?post=35163"}],"curies":[{"name":"wp","href":"https:\/\/api.w.org\/{rel}","templated":true}]}}