{"id":35245,"date":"2022-12-29T17:35:20","date_gmt":"2022-12-29T22:35:20","guid":{"rendered":"http:\/\/www.uartes.edu.ec\/sitio\/?p=35245"},"modified":"2025-08-04T17:36:49","modified_gmt":"2025-08-04T22:36:49","slug":"presidente-del-tribunal-electoral-uartes-anima-a-la-comunidad-universitaria-a-participar-en-las-elecciones","status":"publish","type":"post","link":"https:\/\/www.uartes.edu.ec\/sitio\/fr\/blog\/2022\/12\/29\/presidente-del-tribunal-electoral-uartes-anima-a-la-comunidad-universitaria-a-participar-en-las-elecciones\/","title":{"rendered":"Presidente del TE anima a la comunidad a participar en las elecciones de la UArtes"},"content":{"rendered":"<p>Cercanos al proceso en que la comunidad universitaria deber\u00e1 elegir a los representantes estudiantiles y administrativos ante el \u00d3rgano Colegiado Superior (OCS) y los Consejos Directivos de Escuela (CDE), InfoUArtes dialog\u00f3 con el presidente del Tribunal Electoral de la UArtes, Rub\u00e9n Riera, quien recalc\u00f3 la importancia de participar en las elecciones que tendr\u00e1n lugar el martes 24 de enero de 2023.\u00a0<\/p>\n\n\n\n<p>El tambi\u00e9n docente menciona que los tres pilares de la Universidad de las Artes: administrativos, docentes y estudiantes, deben ser vislumbrados equitativamente y para ello, explica, es necesario que las voces de cada n\u00facleo sean escuchadas. Y, justamente, son el OCS y los CDE donde los llamados se convierten en decisiones y cambios. &nbsp;<\/p>\n\n\n\n<p>Siempre est\u00e1 la oportunidad de sentirse representado dentro de la universidad; las reuniones del OCS y los Consejos son parte de esas oportunidades con sus canales abiertos de comunicaci\u00f3n.&nbsp;<\/p>\n\n\n\n<p>Los delegados de cada escuela se encargan de transmitirle a las entidades los problemas que ata\u00f1en a las respectivas comunidades de nuestra instituci\u00f3n.&nbsp;<\/p>\n\n\n\n<p>Es necesario informarse respecto a las candidaturas, conocer de las propuestas y participar en las votaciones, precisa Riera. &nbsp;<\/p>\n\n\n\n<p>A\u00f1ade que, en esta ocasi\u00f3n, la convocatoria de inscripciones, que finaliz\u00f3 el pasado 23 de diciembre, atrajo a muchos m\u00e1s candidatos que en fechas pasadas.<\/p>\n\n\n\n<p>\u00bfCu\u00e1les han sido el sentir y las inquietudes de los estudiantes respecto al proceso electoral?, preguntamos a Riera como docente. Indic\u00f3 que varios alumnos manifestaron desconocer del actual periodo de elecciones y que varios de sus compa\u00f1eros docentes han debido ser voceros del proceso para que as\u00ed sus estudiantes est\u00e9n al tanto.&nbsp;<\/p>\n\n\n\n<p>La participaci\u00f3n e inter\u00e9s activo de los estudiantes es fundamental no solo para la UArtes, sino para su vida en general, dado que tomar\u00e1n, o toman ya parte, de la pol\u00edtica de nuestro pa\u00eds.&nbsp;\u201cNo siempre vas a ganar en democracia, pero lo importante es que hayas hecho el acto de que tu opini\u00f3n se escuche\u201d.&nbsp;<\/p>\n\n\n\n<h3 class=\"wp-block-heading\"><strong>Calendario de elecciones<\/strong><\/h3>\n\n\n\n<p>Acorde al calendario de elecciones, entre el 3 y 4 de enero de 2023 se har\u00e1n las respectivas calificaci\u00f3n y notificaci\u00f3n a la comunidad universitaria de la inscripci\u00f3n de las candidaturas. &nbsp;<\/p>\n\n\n\n<p>Hasta el 5 de enero, la comunidad universitaria podr\u00e1 presentar las impugnaciones a las listas por escrito y presentando los respectivos documentos. Riera destac\u00f3 la importancia de las impugnaciones y de que se realicen en el tiempo reglamentado.&nbsp;<\/p>\n\n\n\n<p>Los candidatos tendr\u00e1n entre el 10 y el 11 de enero para entregar al Tribunal Electoral la informaci\u00f3n referente.<\/p>\n\n\n\n<p>El jueves 12 de enero, el Tribunal Electoral resolver\u00e1 y calificar\u00e1 y el viernes 13 notificar\u00e1 a la comunidad universitaria sobre la resoluci\u00f3n de impugnaciones.<\/p>\n\n\n\n<p>Acorde al cronograma de elecciones, la campa\u00f1a electoral de los candidatos estudiantiles y administrativos para integrar como miembros el OCS y el CDE se iniciar\u00e1 el lunes 16 y cerrar\u00e1 el viernes 20 de enero.<\/p>\n\n\n\n<p>El Padr\u00f3n Electoral Definitivo (PED) se encuentra publicado en el sitio web de la Universidad de las Artes, en la p\u00e1gina de elecciones. La jornada electoral se cumplir\u00e1 el martes 24 de enero y a su t\u00e9rmino el Tribunal Electoral de la UArtes dar\u00e1 a conocer los resultados en los medios de comunicaci\u00f3n de nuestra instituci\u00f3n de educaci\u00f3n superior. Al d\u00eda siguiente, el 25, se har\u00e1 la proclamaci\u00f3n de resultados.<\/p>\n\n\n\n<p>La posesi\u00f3n de los nuevos representantes ante el OCS y el CDE se realizar\u00e1 el 9 de febrero de 2023.<\/p>\n\n\n\n<p>Texto: Carmen Cortez\/Daniella Vera S., estudiante de la Escuela de Literatura.<\/p>\n\n\n\n<p>M\u00e1s informaci\u00f3n sobre el proceso electoral:<br><a href=\"http:\/\/www.uartes.edu.ec\/sitio\/la-universidad\/institucional\/elecciones\/\">http:\/\/www.uartes.edu.ec\/sitio\/la-universidad\/institucional\/elecciones\/<\/a><\/p>","protected":false},"excerpt":{"rendered":"<p>Cercanos al proceso en que la comunidad universitaria deber\u00e1 elegir a los representantes estudiantiles y administrativos ante el \u00d3rgano Colegiado Superior (OCS) y los Consejos Directivos de Escuela (CDE), InfoUArtes dialog\u00f3 con el presidente del Tribunal Electoral de la UArtes, Rub\u00e9n Riera, quien recalc\u00f3 la importancia de participar en las elecciones que tendr\u00e1n lugar el martes 24 de enero de 2023. <\/p>","protected":false},"author":10,"featured_media":35246,"comment_status":"open","ping_status":"open","sticky":false,"template":"","format":"standard","meta":{"_acf_changed":false,"_uag_custom_page_level_css":"","_monsterinsights_skip_tracking":false,"_monsterinsights_sitenote_active":false,"_monsterinsights_sitenote_note":"","_monsterinsights_sitenote_category":0,"cybocfi_hide_featured_image":"","footnotes":""},"categories":[438,159,150,157,147,75,76,77,175],"tags":[846],"infouartes":[],"class_list":["post-35245","post","type-post","status-publish","format-standard","has-post-thumbnail","hentry","category-administrativos","category-artes-escenicas","category-artes-sonoras","category-artes-visuales","category-cine","category-docentes","category-estudiantes","category-gestion","category-literatura","tag-proceso-electoral"],"acf":[],"yoast_head":"<!-- This site is optimized with the Yoast SEO plugin v27.4 - https:\/\/yoast.com\/product\/yoast-seo-wordpress\/ -->\n<title>Universidad de las Artes - Presidente del TE anima a la comunidad a participar en las elecciones de la UArtes<\/title>\n<meta name=\"description\" content=\"Universidad de las Artes - Presidente del TE anima a la comunidad a participar en las elecciones de la UArtes\" \/>\n<meta name=\"robots\" content=\"index, follow, max-snippet:-1, max-image-preview:large, max-video-preview:-1\" \/>\n<link rel=\"canonical\" href=\"https:\/\/www.uartes.edu.ec\/sitio\/fr\/blog\/2022\/12\/29\/presidente-del-tribunal-electoral-uartes-anima-a-la-comunidad-universitaria-a-participar-en-las-elecciones\/\" \/>\n<meta property=\"og:locale\" content=\"fr_FR\" \/>\n<meta property=\"og:type\" content=\"article\" \/>\n<meta property=\"og:title\" content=\"Universidad de las Artes - Presidente del TE anima a la comunidad a participar en las elecciones de la UArtes\" \/>\n<meta property=\"og:description\" content=\"Universidad de las Artes - Presidente del TE anima a la comunidad a participar en las elecciones de la UArtes\" \/>\n<meta property=\"og:url\" content=\"https:\/\/www.uartes.edu.ec\/sitio\/fr\/blog\/2022\/12\/29\/presidente-del-tribunal-electoral-uartes-anima-a-la-comunidad-universitaria-a-participar-en-las-elecciones\/\" \/>\n<meta property=\"og:site_name\" content=\"Universidad de las Artes\" \/>\n<meta property=\"article:publisher\" content=\"https:\/\/www.facebook.com\/uartesec\" \/>\n<meta property=\"article:published_time\" content=\"2022-12-29T22:35:20+00:00\" \/>\n<meta property=\"article:modified_time\" content=\"2025-08-04T22:36:49+00:00\" \/>\n<meta property=\"og:image\" content=\"https:\/\/www.uartes.edu.ec\/sitio\/wp-content\/uploads\/2022\/12\/RUBEN-RIERA.jpg\" \/>\n\t<meta property=\"og:image:width\" content=\"2000\" \/>\n\t<meta property=\"og:image:height\" content=\"1333\" \/>\n\t<meta property=\"og:image:type\" content=\"image\/jpeg\" \/>\n<meta name=\"author\" content=\"ccortez\" \/>\n<meta name=\"twitter:card\" content=\"summary_large_image\" \/>\n<meta name=\"twitter:creator\" content=\"@uartesec\" \/>\n<meta name=\"twitter:site\" content=\"@uartesec\" \/>\n<meta name=\"twitter:label1\" content=\"\u00c9crit par\" \/>\n\t<meta name=\"twitter:data1\" content=\"ccortez\" \/>\n\t<meta name=\"twitter:label2\" content=\"Dur\u00e9e de lecture estim\u00e9e\" \/>\n\t<meta name=\"twitter:data2\" content=\"3 minutes\" \/>\n<script type=\"application\/ld+json\" class=\"yoast-schema-graph\">{\"@context\":\"https:\\\/\\\/schema.org\",\"@graph\":[{\"@type\":\"Article\",\"@id\":\"https:\\\/\\\/www.uartes.edu.ec\\\/sitio\\\/fr\\\/blog\\\/2022\\\/12\\\/29\\\/presidente-del-tribunal-electoral-uartes-anima-a-la-comunidad-universitaria-a-participar-en-las-elecciones\\\/#article\",\"isPartOf\":{\"@id\":\"https:\\\/\\\/www.uartes.edu.ec\\\/sitio\\\/fr\\\/blog\\\/2022\\\/12\\\/29\\\/presidente-del-tribunal-electoral-uartes-anima-a-la-comunidad-universitaria-a-participar-en-las-elecciones\\\/\"},\"author\":{\"name\":\"ccortez\",\"@id\":\"https:\\\/\\\/www.uartes.edu.ec\\\/sitio\\\/fr\\\/#\\\/schema\\\/person\\\/efa1b8275797664fd7f13a79ccc0b1f4\"},\"headline\":\"Presidente del TE anima a la comunidad a participar en las elecciones de la UArtes\",\"datePublished\":\"2022-12-29T22:35:20+00:00\",\"dateModified\":\"2025-08-04T22:36:49+00:00\",\"mainEntityOfPage\":{\"@id\":\"https:\\\/\\\/www.uartes.edu.ec\\\/sitio\\\/fr\\\/blog\\\/2022\\\/12\\\/29\\\/presidente-del-tribunal-electoral-uartes-anima-a-la-comunidad-universitaria-a-participar-en-las-elecciones\\\/\"},\"wordCount\":630,\"commentCount\":0,\"publisher\":{\"@id\":\"https:\\\/\\\/www.uartes.edu.ec\\\/sitio\\\/fr\\\/#organization\"},\"image\":{\"@id\":\"https:\\\/\\\/www.uartes.edu.ec\\\/sitio\\\/fr\\\/blog\\\/2022\\\/12\\\/29\\\/presidente-del-tribunal-electoral-uartes-anima-a-la-comunidad-universitaria-a-participar-en-las-elecciones\\\/#primaryimage\"},\"thumbnailUrl\":\"https:\\\/\\\/www.uartes.edu.ec\\\/sitio\\\/wp-content\\\/uploads\\\/2022\\\/12\\\/RUBEN-RIERA.jpg\",\"keywords\":[\"proceso electoral\"],\"articleSection\":[\"Administrativos\",\"Artes Esc\u00e9nicas\",\"Artes Sonoras\",\"Artes Visuales\",\"Cine\",\"Docentes\",\"Estudiantes\",\"Gesti\u00f3n\",\"Literatura\"],\"inLanguage\":\"fr-FR\",\"potentialAction\":[{\"@type\":\"CommentAction\",\"name\":\"Comment\",\"target\":[\"https:\\\/\\\/www.uartes.edu.ec\\\/sitio\\\/fr\\\/blog\\\/2022\\\/12\\\/29\\\/presidente-del-tribunal-electoral-uartes-anima-a-la-comunidad-universitaria-a-participar-en-las-elecciones\\\/#respond\"]}]},{\"@type\":[\"WebPage\",\"ItemPage\"],\"@id\":\"https:\\\/\\\/www.uartes.edu.ec\\\/sitio\\\/fr\\\/blog\\\/2022\\\/12\\\/29\\\/presidente-del-tribunal-electoral-uartes-anima-a-la-comunidad-universitaria-a-participar-en-las-elecciones\\\/\",\"url\":\"https:\\\/\\\/www.uartes.edu.ec\\\/sitio\\\/fr\\\/blog\\\/2022\\\/12\\\/29\\\/presidente-del-tribunal-electoral-uartes-anima-a-la-comunidad-universitaria-a-participar-en-las-elecciones\\\/\",\"name\":\"Universidad de las Artes - Presidente del TE anima a la comunidad a participar en las elecciones de la UArtes\",\"isPartOf\":{\"@id\":\"https:\\\/\\\/www.uartes.edu.ec\\\/sitio\\\/fr\\\/#website\"},\"primaryImageOfPage\":{\"@id\":\"https:\\\/\\\/www.uartes.edu.ec\\\/sitio\\\/fr\\\/blog\\\/2022\\\/12\\\/29\\\/presidente-del-tribunal-electoral-uartes-anima-a-la-comunidad-universitaria-a-participar-en-las-elecciones\\\/#primaryimage\"},\"image\":{\"@id\":\"https:\\\/\\\/www.uartes.edu.ec\\\/sitio\\\/fr\\\/blog\\\/2022\\\/12\\\/29\\\/presidente-del-tribunal-electoral-uartes-anima-a-la-comunidad-universitaria-a-participar-en-las-elecciones\\\/#primaryimage\"},\"thumbnailUrl\":\"https:\\\/\\\/www.uartes.edu.ec\\\/sitio\\\/wp-content\\\/uploads\\\/2022\\\/12\\\/RUBEN-RIERA.jpg\",\"datePublished\":\"2022-12-29T22:35:20+00:00\",\"dateModified\":\"2025-08-04T22:36:49+00:00\",\"description\":\"Universidad de las Artes - Presidente del TE anima a la comunidad a participar en las elecciones de la UArtes\",\"breadcrumb\":{\"@id\":\"https:\\\/\\\/www.uartes.edu.ec\\\/sitio\\\/fr\\\/blog\\\/2022\\\/12\\\/29\\\/presidente-del-tribunal-electoral-uartes-anima-a-la-comunidad-universitaria-a-participar-en-las-elecciones\\\/#breadcrumb\"},\"inLanguage\":\"fr-FR\",\"potentialAction\":[{\"@type\":\"ReadAction\",\"target\":[\"https:\\\/\\\/www.uartes.edu.ec\\\/sitio\\\/fr\\\/blog\\\/2022\\\/12\\\/29\\\/presidente-del-tribunal-electoral-uartes-anima-a-la-comunidad-universitaria-a-participar-en-las-elecciones\\\/\"]}]},{\"@type\":\"ImageObject\",\"inLanguage\":\"fr-FR\",\"@id\":\"https:\\\/\\\/www.uartes.edu.ec\\\/sitio\\\/fr\\\/blog\\\/2022\\\/12\\\/29\\\/presidente-del-tribunal-electoral-uartes-anima-a-la-comunidad-universitaria-a-participar-en-las-elecciones\\\/#primaryimage\",\"url\":\"https:\\\/\\\/www.uartes.edu.ec\\\/sitio\\\/wp-content\\\/uploads\\\/2022\\\/12\\\/RUBEN-RIERA.jpg\",\"contentUrl\":\"https:\\\/\\\/www.uartes.edu.ec\\\/sitio\\\/wp-content\\\/uploads\\\/2022\\\/12\\\/RUBEN-RIERA.jpg\",\"width\":2000,\"height\":1333},{\"@type\":\"BreadcrumbList\",\"@id\":\"https:\\\/\\\/www.uartes.edu.ec\\\/sitio\\\/fr\\\/blog\\\/2022\\\/12\\\/29\\\/presidente-del-tribunal-electoral-uartes-anima-a-la-comunidad-universitaria-a-participar-en-las-elecciones\\\/#breadcrumb\",\"itemListElement\":[{\"@type\":\"ListItem\",\"position\":1,\"name\":\"Inicio\",\"item\":\"https:\\\/\\\/www.uartes.edu.ec\\\/sitio\\\/\"},{\"@type\":\"ListItem\",\"position\":2,\"name\":\"Presidente del Tribunal Electoral anima a la comunidad universitaria a participar en las elecciones UArtes\"}]},{\"@type\":\"WebSite\",\"@id\":\"https:\\\/\\\/www.uartes.edu.ec\\\/sitio\\\/fr\\\/#website\",\"url\":\"https:\\\/\\\/www.uartes.edu.ec\\\/sitio\\\/fr\\\/\",\"name\":\"Universidad de las Artes\",\"description\":\"Sitio oficial de la Universidad Nacional de las Artes del Ecuador\",\"publisher\":{\"@id\":\"https:\\\/\\\/www.uartes.edu.ec\\\/sitio\\\/fr\\\/#organization\"},\"potentialAction\":[{\"@type\":\"SearchAction\",\"target\":{\"@type\":\"EntryPoint\",\"urlTemplate\":\"https:\\\/\\\/www.uartes.edu.ec\\\/sitio\\\/fr\\\/?s={search_term_string}\"},\"query-input\":{\"@type\":\"PropertyValueSpecification\",\"valueRequired\":true,\"valueName\":\"search_term_string\"}}],\"inLanguage\":\"fr-FR\"},{\"@type\":\"Organization\",\"@id\":\"https:\\\/\\\/www.uartes.edu.ec\\\/sitio\\\/fr\\\/#organization\",\"name\":\"Universidad de las Artes\",\"url\":\"https:\\\/\\\/www.uartes.edu.ec\\\/sitio\\\/fr\\\/\",\"logo\":{\"@type\":\"ImageObject\",\"inLanguage\":\"fr-FR\",\"@id\":\"https:\\\/\\\/www.uartes.edu.ec\\\/sitio\\\/fr\\\/#\\\/schema\\\/logo\\\/image\\\/\",\"url\":\"https:\\\/\\\/www.uartes.edu.ec\\\/sitio\\\/wp-content\\\/uploads\\\/2022\\\/07\\\/logo-ua-horizontal.png\",\"contentUrl\":\"https:\\\/\\\/www.uartes.edu.ec\\\/sitio\\\/wp-content\\\/uploads\\\/2022\\\/07\\\/logo-ua-horizontal.png\",\"width\":800,\"height\":276,\"caption\":\"Universidad de las Artes\"},\"image\":{\"@id\":\"https:\\\/\\\/www.uartes.edu.ec\\\/sitio\\\/fr\\\/#\\\/schema\\\/logo\\\/image\\\/\"},\"sameAs\":[\"https:\\\/\\\/www.facebook.com\\\/uartesec\",\"https:\\\/\\\/x.com\\\/uartesec\",\"https:\\\/\\\/www.tiktok.com\\\/@uartesec\"]},{\"@type\":\"Person\",\"@id\":\"https:\\\/\\\/www.uartes.edu.ec\\\/sitio\\\/fr\\\/#\\\/schema\\\/person\\\/efa1b8275797664fd7f13a79ccc0b1f4\",\"name\":\"ccortez\",\"image\":{\"@type\":\"ImageObject\",\"inLanguage\":\"fr-FR\",\"@id\":\"https:\\\/\\\/secure.gravatar.com\\\/avatar\\\/b2a6f664a3ae8e074346ef91775736c5ec479e637ecced6842de9dc98b5da9cd?s=96&d=mm&r=g\",\"url\":\"https:\\\/\\\/secure.gravatar.com\\\/avatar\\\/b2a6f664a3ae8e074346ef91775736c5ec479e637ecced6842de9dc98b5da9cd?s=96&d=mm&r=g\",\"contentUrl\":\"https:\\\/\\\/secure.gravatar.com\\\/avatar\\\/b2a6f664a3ae8e074346ef91775736c5ec479e637ecced6842de9dc98b5da9cd?s=96&d=mm&r=g\",\"caption\":\"ccortez\"},\"url\":\"https:\\\/\\\/www.uartes.edu.ec\\\/sitio\\\/fr\\\/blog\\\/author\\\/ccortez\\\/\"}]}<\/script>\n<!-- \/ Yoast SEO plugin. -->","yoast_head_json":{"title":"Universidad de las Artes - Presidente del TE anima a la comunidad a participar en las elecciones de la UArtes","description":"Universidad de las Artes - Presidente del TE anima a la comunidad a participar en las elecciones de la UArtes","robots":{"index":"index","follow":"follow","max-snippet":"max-snippet:-1","max-image-preview":"max-image-preview:large","max-video-preview":"max-video-preview:-1"},"canonical":"https:\/\/www.uartes.edu.ec\/sitio\/fr\/blog\/2022\/12\/29\/presidente-del-tribunal-electoral-uartes-anima-a-la-comunidad-universitaria-a-participar-en-las-elecciones\/","og_locale":"fr_FR","og_type":"article","og_title":"Universidad de las Artes - Presidente del TE anima a la comunidad a participar en las elecciones de la UArtes","og_description":"Universidad de las Artes - Presidente del TE anima a la comunidad a participar en las elecciones de la UArtes","og_url":"https:\/\/www.uartes.edu.ec\/sitio\/fr\/blog\/2022\/12\/29\/presidente-del-tribunal-electoral-uartes-anima-a-la-comunidad-universitaria-a-participar-en-las-elecciones\/","og_site_name":"Universidad de las Artes","article_publisher":"https:\/\/www.facebook.com\/uartesec","article_published_time":"2022-12-29T22:35:20+00:00","article_modified_time":"2025-08-04T22:36:49+00:00","og_image":[{"width":2000,"height":1333,"url":"https:\/\/www.uartes.edu.ec\/sitio\/wp-content\/uploads\/2022\/12\/RUBEN-RIERA.jpg","type":"image\/jpeg"}],"author":"ccortez","twitter_card":"summary_large_image","twitter_creator":"@uartesec","twitter_site":"@uartesec","twitter_misc":{"\u00c9crit par":"ccortez","Dur\u00e9e de lecture estim\u00e9e":"3 minutes"},"schema":{"@context":"https:\/\/schema.org","@graph":[{"@type":"Article","@id":"https:\/\/www.uartes.edu.ec\/sitio\/fr\/blog\/2022\/12\/29\/presidente-del-tribunal-electoral-uartes-anima-a-la-comunidad-universitaria-a-participar-en-las-elecciones\/#article","isPartOf":{"@id":"https:\/\/www.uartes.edu.ec\/sitio\/fr\/blog\/2022\/12\/29\/presidente-del-tribunal-electoral-uartes-anima-a-la-comunidad-universitaria-a-participar-en-las-elecciones\/"},"author":{"name":"ccortez","@id":"https:\/\/www.uartes.edu.ec\/sitio\/fr\/#\/schema\/person\/efa1b8275797664fd7f13a79ccc0b1f4"},"headline":"Presidente del TE anima a la comunidad a participar en las elecciones de la UArtes","datePublished":"2022-12-29T22:35:20+00:00","dateModified":"2025-08-04T22:36:49+00:00","mainEntityOfPage":{"@id":"https:\/\/www.uartes.edu.ec\/sitio\/fr\/blog\/2022\/12\/29\/presidente-del-tribunal-electoral-uartes-anima-a-la-comunidad-universitaria-a-participar-en-las-elecciones\/"},"wordCount":630,"commentCount":0,"publisher":{"@id":"https:\/\/www.uartes.edu.ec\/sitio\/fr\/#organization"},"image":{"@id":"https:\/\/www.uartes.edu.ec\/sitio\/fr\/blog\/2022\/12\/29\/presidente-del-tribunal-electoral-uartes-anima-a-la-comunidad-universitaria-a-participar-en-las-elecciones\/#primaryimage"},"thumbnailUrl":"https:\/\/www.uartes.edu.ec\/sitio\/wp-content\/uploads\/2022\/12\/RUBEN-RIERA.jpg","keywords":["proceso electoral"],"articleSection":["Administrativos","Artes Esc\u00e9nicas","Artes Sonoras","Artes Visuales","Cine","Docentes","Estudiantes","Gesti\u00f3n","Literatura"],"inLanguage":"fr-FR","potentialAction":[{"@type":"CommentAction","name":"Comment","target":["https:\/\/www.uartes.edu.ec\/sitio\/fr\/blog\/2022\/12\/29\/presidente-del-tribunal-electoral-uartes-anima-a-la-comunidad-universitaria-a-participar-en-las-elecciones\/#respond"]}]},{"@type":["WebPage","ItemPage"],"@id":"https:\/\/www.uartes.edu.ec\/sitio\/fr\/blog\/2022\/12\/29\/presidente-del-tribunal-electoral-uartes-anima-a-la-comunidad-universitaria-a-participar-en-las-elecciones\/","url":"https:\/\/www.uartes.edu.ec\/sitio\/fr\/blog\/2022\/12\/29\/presidente-del-tribunal-electoral-uartes-anima-a-la-comunidad-universitaria-a-participar-en-las-elecciones\/","name":"Universidad de las Artes - Presidente del TE anima a la comunidad a participar en las elecciones de la UArtes","isPartOf":{"@id":"https:\/\/www.uartes.edu.ec\/sitio\/fr\/#website"},"primaryImageOfPage":{"@id":"https:\/\/www.uartes.edu.ec\/sitio\/fr\/blog\/2022\/12\/29\/presidente-del-tribunal-electoral-uartes-anima-a-la-comunidad-universitaria-a-participar-en-las-elecciones\/#primaryimage"},"image":{"@id":"https:\/\/www.uartes.edu.ec\/sitio\/fr\/blog\/2022\/12\/29\/presidente-del-tribunal-electoral-uartes-anima-a-la-comunidad-universitaria-a-participar-en-las-elecciones\/#primaryimage"},"thumbnailUrl":"https:\/\/www.uartes.edu.ec\/sitio\/wp-content\/uploads\/2022\/12\/RUBEN-RIERA.jpg","datePublished":"2022-12-29T22:35:20+00:00","dateModified":"2025-08-04T22:36:49+00:00","description":"Universidad de las Artes - Presidente del TE anima a la comunidad a participar en las elecciones de la UArtes","breadcrumb":{"@id":"https:\/\/www.uartes.edu.ec\/sitio\/fr\/blog\/2022\/12\/29\/presidente-del-tribunal-electoral-uartes-anima-a-la-comunidad-universitaria-a-participar-en-las-elecciones\/#breadcrumb"},"inLanguage":"fr-FR","potentialAction":[{"@type":"ReadAction","target":["https:\/\/www.uartes.edu.ec\/sitio\/fr\/blog\/2022\/12\/29\/presidente-del-tribunal-electoral-uartes-anima-a-la-comunidad-universitaria-a-participar-en-las-elecciones\/"]}]},{"@type":"ImageObject","inLanguage":"fr-FR","@id":"https:\/\/www.uartes.edu.ec\/sitio\/fr\/blog\/2022\/12\/29\/presidente-del-tribunal-electoral-uartes-anima-a-la-comunidad-universitaria-a-participar-en-las-elecciones\/#primaryimage","url":"https:\/\/www.uartes.edu.ec\/sitio\/wp-content\/uploads\/2022\/12\/RUBEN-RIERA.jpg","contentUrl":"https:\/\/www.uartes.edu.ec\/sitio\/wp-content\/uploads\/2022\/12\/RUBEN-RIERA.jpg","width":2000,"height":1333},{"@type":"BreadcrumbList","@id":"https:\/\/www.uartes.edu.ec\/sitio\/fr\/blog\/2022\/12\/29\/presidente-del-tribunal-electoral-uartes-anima-a-la-comunidad-universitaria-a-participar-en-las-elecciones\/#breadcrumb","itemListElement":[{"@type":"ListItem","position":1,"name":"Inicio","item":"https:\/\/www.uartes.edu.ec\/sitio\/"},{"@type":"ListItem","position":2,"name":"Presidente del Tribunal Electoral anima a la comunidad universitaria a participar en las elecciones UArtes"}]},{"@type":"WebSite","@id":"https:\/\/www.uartes.edu.ec\/sitio\/fr\/#website","url":"https:\/\/www.uartes.edu.ec\/sitio\/fr\/","name":"Universidad de las Artes","description":"Sitio oficial de la Universidad Nacional de las Artes del Ecuador","publisher":{"@id":"https:\/\/www.uartes.edu.ec\/sitio\/fr\/#organization"},"potentialAction":[{"@type":"SearchAction","target":{"@type":"EntryPoint","urlTemplate":"https:\/\/www.uartes.edu.ec\/sitio\/fr\/?s={search_term_string}"},"query-input":{"@type":"PropertyValueSpecification","valueRequired":true,"valueName":"search_term_string"}}],"inLanguage":"fr-FR"},{"@type":"Organization","@id":"https:\/\/www.uartes.edu.ec\/sitio\/fr\/#organization","name":"Universidad de las Artes","url":"https:\/\/www.uartes.edu.ec\/sitio\/fr\/","logo":{"@type":"ImageObject","inLanguage":"fr-FR","@id":"https:\/\/www.uartes.edu.ec\/sitio\/fr\/#\/schema\/logo\/image\/","url":"https:\/\/www.uartes.edu.ec\/sitio\/wp-content\/uploads\/2022\/07\/logo-ua-horizontal.png","contentUrl":"https:\/\/www.uartes.edu.ec\/sitio\/wp-content\/uploads\/2022\/07\/logo-ua-horizontal.png","width":800,"height":276,"caption":"Universidad de las Artes"},"image":{"@id":"https:\/\/www.uartes.edu.ec\/sitio\/fr\/#\/schema\/logo\/image\/"},"sameAs":["https:\/\/www.facebook.com\/uartesec","https:\/\/x.com\/uartesec","https:\/\/www.tiktok.com\/@uartesec"]},{"@type":"Person","@id":"https:\/\/www.uartes.edu.ec\/sitio\/fr\/#\/schema\/person\/efa1b8275797664fd7f13a79ccc0b1f4","name":"ccortez","image":{"@type":"ImageObject","inLanguage":"fr-FR","@id":"https:\/\/secure.gravatar.com\/avatar\/b2a6f664a3ae8e074346ef91775736c5ec479e637ecced6842de9dc98b5da9cd?s=96&d=mm&r=g","url":"https:\/\/secure.gravatar.com\/avatar\/b2a6f664a3ae8e074346ef91775736c5ec479e637ecced6842de9dc98b5da9cd?s=96&d=mm&r=g","contentUrl":"https:\/\/secure.gravatar.com\/avatar\/b2a6f664a3ae8e074346ef91775736c5ec479e637ecced6842de9dc98b5da9cd?s=96&d=mm&r=g","caption":"ccortez"},"url":"https:\/\/www.uartes.edu.ec\/sitio\/fr\/blog\/author\/ccortez\/"}]}},"uagb_featured_image_src":{"full":["https:\/\/www.uartes.edu.ec\/sitio\/wp-content\/uploads\/2022\/12\/RUBEN-RIERA.jpg",2000,1333,false],"thumbnail":["https:\/\/www.uartes.edu.ec\/sitio\/wp-content\/uploads\/2022\/12\/RUBEN-RIERA-150x150.jpg",150,150,true],"medium":["https:\/\/www.uartes.edu.ec\/sitio\/wp-content\/uploads\/2022\/12\/RUBEN-RIERA-300x200.jpg",300,200,true],"medium_large":["https:\/\/www.uartes.edu.ec\/sitio\/wp-content\/uploads\/2022\/12\/RUBEN-RIERA-768x512.jpg",768,512,true],"large":["https:\/\/www.uartes.edu.ec\/sitio\/wp-content\/uploads\/2022\/12\/RUBEN-RIERA-644x429.jpg",644,429,true],"1536x1536":["https:\/\/www.uartes.edu.ec\/sitio\/wp-content\/uploads\/2022\/12\/RUBEN-RIERA-1536x1024.jpg",1536,1024,true],"2048x2048":["https:\/\/www.uartes.edu.ec\/sitio\/wp-content\/uploads\/2022\/12\/RUBEN-RIERA.jpg",2000,1333,false],"trp-custom-language-flag":["https:\/\/www.uartes.edu.ec\/sitio\/wp-content\/uploads\/2022\/12\/RUBEN-RIERA.jpg",18,12,false],"htmega_size_585x295":["https:\/\/www.uartes.edu.ec\/sitio\/wp-content\/uploads\/2022\/12\/RUBEN-RIERA.jpg",443,295,false],"htmega_size_1170x536":["https:\/\/www.uartes.edu.ec\/sitio\/wp-content\/uploads\/2022\/12\/RUBEN-RIERA.jpg",804,536,false],"htmega_size_396x360":["https:\/\/www.uartes.edu.ec\/sitio\/wp-content\/uploads\/2022\/12\/RUBEN-RIERA.jpg",396,264,false],"gb-block-post-grid-landscape":["https:\/\/www.uartes.edu.ec\/sitio\/wp-content\/uploads\/2022\/12\/RUBEN-RIERA-600x400.jpg",600,400,true],"gb-block-post-grid-square":["https:\/\/www.uartes.edu.ec\/sitio\/wp-content\/uploads\/2022\/12\/RUBEN-RIERA-600x600.jpg",600,600,true],"university-hub-thumb":["https:\/\/www.uartes.edu.ec\/sitio\/wp-content\/uploads\/2022\/12\/RUBEN-RIERA-400x267.jpg",400,267,true]},"uagb_author_info":{"display_name":"ccortez","author_link":"https:\/\/www.uartes.edu.ec\/sitio\/fr\/blog\/author\/ccortez\/"},"uagb_comment_info":0,"uagb_excerpt":"Cercanos al proceso en que la comunidad universitaria deber\u00e1 elegir a los representantes estudiantiles y administrativos ante el \u00d3rgano Colegiado Superior (OCS) y los Consejos Directivos de Escuela (CDE), InfoUArtes dialog\u00f3 con el presidente del Tribunal Electoral de la UArtes, Rub\u00e9n Riera, quien recalc\u00f3 la importancia de participar en las elecciones que tendr\u00e1n lugar el\u2026","featured_image_src":"https:\/\/www.uartes.edu.ec\/sitio\/wp-content\/uploads\/2022\/12\/RUBEN-RIERA-600x400.jpg","featured_image_src_square":"https:\/\/www.uartes.edu.ec\/sitio\/wp-content\/uploads\/2022\/12\/RUBEN-RIERA-600x600.jpg","author_info":{"display_name":"ccortez","author_link":"https:\/\/www.uartes.edu.ec\/sitio\/fr\/blog\/author\/ccortez\/"},"publishpress_future_workflow_manual_trigger":{"enabledWorkflows":[]},"distributor_meta":false,"distributor_terms":false,"distributor_media":false,"distributor_original_site_name":"Universidad de las Artes","distributor_original_site_url":"https:\/\/www.uartes.edu.ec\/sitio\/fr","push-errors":false,"_links":{"self":[{"href":"https:\/\/www.uartes.edu.ec\/sitio\/fr\/wp-json\/wp\/v2\/posts\/35245","targetHints":{"allow":["GET"]}}],"collection":[{"href":"https:\/\/www.uartes.edu.ec\/sitio\/fr\/wp-json\/wp\/v2\/posts"}],"about":[{"href":"https:\/\/www.uartes.edu.ec\/sitio\/fr\/wp-json\/wp\/v2\/types\/post"}],"author":[{"embeddable":true,"href":"https:\/\/www.uartes.edu.ec\/sitio\/fr\/wp-json\/wp\/v2\/users\/10"}],"replies":[{"embeddable":true,"href":"https:\/\/www.uartes.edu.ec\/sitio\/fr\/wp-json\/wp\/v2\/comments?post=35245"}],"version-history":[{"count":10,"href":"https:\/\/www.uartes.edu.ec\/sitio\/fr\/wp-json\/wp\/v2\/posts\/35245\/revisions"}],"predecessor-version":[{"id":76254,"href":"https:\/\/www.uartes.edu.ec\/sitio\/fr\/wp-json\/wp\/v2\/posts\/35245\/revisions\/76254"}],"wp:featuredmedia":[{"embeddable":true,"href":"https:\/\/www.uartes.edu.ec\/sitio\/fr\/wp-json\/wp\/v2\/media\/35246"}],"wp:attachment":[{"href":"https:\/\/www.uartes.edu.ec\/sitio\/fr\/wp-json\/wp\/v2\/media?parent=35245"}],"wp:term":[{"taxonomy":"category","embeddable":true,"href":"https:\/\/www.uartes.edu.ec\/sitio\/fr\/wp-json\/wp\/v2\/categories?post=35245"},{"taxonomy":"post_tag","embeddable":true,"href":"https:\/\/www.uartes.edu.ec\/sitio\/fr\/wp-json\/wp\/v2\/tags?post=35245"},{"taxonomy":"infouartes","embeddable":true,"href":"https:\/\/www.uartes.edu.ec\/sitio\/fr\/wp-json\/wp\/v2\/infouartes?post=35245"}],"curies":[{"name":"wp","href":"https:\/\/api.w.org\/{rel}","templated":true}]}}