{"id":354,"date":"2017-02-10T11:12:41","date_gmt":"2017-02-10T16:12:41","guid":{"rendered":"http:\/\/www.uartes.edu.ec\/infouartes\/?p=354"},"modified":"2024-07-04T11:54:22","modified_gmt":"2024-07-04T16:54:22","slug":"teatro-benjamin-carrion-sera-sede-de-la-uartes-en-loja","status":"publish","type":"post","link":"https:\/\/www.uartes.edu.ec\/sitio\/fr\/blog\/2017\/02\/10\/teatro-benjamin-carrion-sera-sede-de-la-uartes-en-loja\/","title":{"rendered":"Teatro Benjam\u00edn Carri\u00f3n ser\u00e1 sede de la UArtes en Loja"},"content":{"rendered":"<p><strong>Andr\u00e9s Arauz<\/strong>, Ministro Coordinador de Conocimiento y Talento Humano (MCCTH), y <strong>Ramiro Noriega<\/strong> , Rector de la Universidad de las Artes del Ecuador (UArtes), recorrieron este jueves ocho de febrero las instalaciones los espacios de lo que ser\u00e1n las nuevas sedes de la UArtes en Loja y Cuenca.<\/p>\n<p>En Loja recorrieron, junto a la Gobernadora de la Provincia, Johanna Ortiz, las inmediaciones del Teatro Nacional Benjam\u00edn Carri\u00f3n y sus edificios anexos donde se instalar\u00e1 la UArtes en su Sede Loja. En este espacio funcionar\u00e1 tambi\u00e9n la Orquesta Sinf\u00f3nica de Loja.<\/p>\n<p>\u201cDe acuerdo al C\u00f3digo Ingenios y a la Ley Org\u00e1nica de Cultura los Conservatorios pasan a convertirse en sedes de la Universidad de las Artes. La comunidad de los artistas ten\u00edan limitantes ya que los estudiantes de los Conservatorios solo pod\u00edan obtener un t\u00edtulo de tecn\u00f3logo, ahora como estudiantes de la UArtes no solo pueden llegar a tener una carrera de licenciatura, sino que adem\u00e1s tienen una perspectiva de posgrado porque la Universidad de las Artes es tambi\u00e9n una universidad de investigaci\u00f3n en las artes\u201d, indic\u00f3 el Ministro Andr\u00e9s Arauz.<\/p>\n<p>Ramiro Noriega, por su parte, apunt\u00f3 que desde la UArtes se ha venido promoviendo cambios al sistema de educaci\u00f3n superior para reconocer las especificidades del campo art\u00edstico. \u201cNo queremos refrendar la idea de que un artista es un ser excepcional, porque eso no nos hace falta, lo que nos hace falta es entender la singularidad del campo art\u00edstico para as\u00ed entender mejor el papel y el lugar del arte en el desarrollo de la sociedad\u201d.<\/p>\n<p>Los Conservatorios, indica Noriega, al ser catalogados como institutos han tenido un techo invisible, eso ha impedido que el m\u00fasico pueda, en t\u00e9rminos de la educaci\u00f3n, desplegarse. \u201cUn m\u00fasico no es un tecn\u00f3logo, es un artista. Al establecer a los Conservatorios de Quito, Cuenca y Loja en el contexto de la Universidad de las Artes estamos quitando ese limitante y permitiendo la transformaci\u00f3n\u201d, resalt\u00f3.<\/p>\n<p>En temas de equipamiento, el Ministro Arauz confirm\u00f3 que la SENESCYT realizar\u00e1 una inversi\u00f3n de 300 mil d\u00f3lares para complementar la inversi\u00f3n en la compra de instrumentos musicales que requieren los Conservatorios Superiores, ya que hasta el momento los estudiantes utilizaban instrumentos prestados del Ministerio de Educaci\u00f3n.<\/p>\n<p>Se espera que para finales del 2017, luego de la aprobaci\u00f3n del expediente del programa acad\u00e9mico por parte del CES, los estudiantes de los Conservatorios de Quito, Cuenca y Loja sean parte de la Universidad de las Artes.<\/p>\n<p>(*) Fotograf\u00eda tomada del Ministerio Coordinador de Conocimiento y Talento Humano<\/p>","protected":false},"excerpt":{"rendered":"<p>Andr\u00e9s Arauz, Ministro Coordinador de Conocimiento y Talento Humano (MCCTH), y Ramiro Noriega , Rector de la Universidad de las Artes del Ecuador (UArtes), recorrieron este jueves ocho de febrero las instalaciones los espacios de lo que ser\u00e1n las nuevas sedes de la UArtes en Loja y Cuenca. En Loja recorrieron, junto a la Gobernadora [&hellip;]<\/p>\n","protected":false},"author":1,"featured_media":2582,"comment_status":"closed","ping_status":"open","sticky":false,"template":"","format":"standard","meta":{"_acf_changed":false,"_uag_custom_page_level_css":"","_monsterinsights_skip_tracking":false,"_monsterinsights_sitenote_active":false,"_monsterinsights_sitenote_note":"","_monsterinsights_sitenote_category":0,"cybocfi_hide_featured_image":"","footnotes":""},"categories":[83],"tags":[],"infouartes":[],"class_list":["post-354","post","type-post","status-publish","format-standard","has-post-thumbnail","hentry","category-sedes"],"acf":[],"yoast_head":"<!-- This site is optimized with the Yoast SEO plugin v27.4 - https:\/\/yoast.com\/product\/yoast-seo-wordpress\/ -->\n<title>Universidad de las Artes - Teatro Benjam\u00edn Carri\u00f3n ser\u00e1 sede de la UArtes en Loja<\/title>\n<meta name=\"description\" content=\"Universidad de las Artes - Teatro Benjam\u00edn Carri\u00f3n ser\u00e1 sede de la UArtes en Loja\" \/>\n<meta name=\"robots\" content=\"index, follow, max-snippet:-1, max-image-preview:large, max-video-preview:-1\" \/>\n<link rel=\"canonical\" href=\"https:\/\/www.uartes.edu.ec\/sitio\/fr\/blog\/2017\/02\/10\/teatro-benjamin-carrion-sera-sede-de-la-uartes-en-loja\/\" \/>\n<meta property=\"og:locale\" content=\"fr_FR\" \/>\n<meta property=\"og:type\" content=\"article\" \/>\n<meta property=\"og:title\" content=\"Universidad de las Artes - Teatro Benjam\u00edn Carri\u00f3n ser\u00e1 sede de la UArtes en Loja\" \/>\n<meta property=\"og:description\" content=\"Universidad de las Artes - Teatro Benjam\u00edn Carri\u00f3n ser\u00e1 sede de la UArtes en Loja\" \/>\n<meta property=\"og:url\" content=\"https:\/\/www.uartes.edu.ec\/sitio\/fr\/blog\/2017\/02\/10\/teatro-benjamin-carrion-sera-sede-de-la-uartes-en-loja\/\" \/>\n<meta property=\"og:site_name\" content=\"Universidad de las Artes\" \/>\n<meta property=\"article:publisher\" content=\"https:\/\/www.facebook.com\/uartesec\" \/>\n<meta property=\"article:published_time\" content=\"2017-02-10T16:12:41+00:00\" \/>\n<meta property=\"article:modified_time\" content=\"2024-07-04T16:54:22+00:00\" \/>\n<meta property=\"og:image\" content=\"https:\/\/www.uartes.edu.ec\/sitio\/wp-content\/uploads\/2017\/02\/C4JoaY8WAAAt9wO-1132x509.jpg\" \/>\n\t<meta property=\"og:image:width\" content=\"1132\" \/>\n\t<meta property=\"og:image:height\" content=\"509\" \/>\n\t<meta property=\"og:image:type\" content=\"image\/jpeg\" \/>\n<meta name=\"author\" content=\"Universidad de las Artes\" \/>\n<meta name=\"twitter:card\" content=\"summary_large_image\" \/>\n<meta name=\"twitter:creator\" content=\"@uartesec\" \/>\n<meta name=\"twitter:site\" content=\"@uartesec\" \/>\n<meta name=\"twitter:label1\" content=\"\u00c9crit par\" \/>\n\t<meta name=\"twitter:data1\" content=\"Universidad de las Artes\" \/>\n\t<meta name=\"twitter:label2\" content=\"Dur\u00e9e de lecture estim\u00e9e\" \/>\n\t<meta name=\"twitter:data2\" content=\"2 minutes\" \/>\n<script type=\"application\/ld+json\" class=\"yoast-schema-graph\">{\"@context\":\"https:\\\/\\\/schema.org\",\"@graph\":[{\"@type\":\"Article\",\"@id\":\"https:\\\/\\\/www.uartes.edu.ec\\\/sitio\\\/fr\\\/blog\\\/2017\\\/02\\\/10\\\/teatro-benjamin-carrion-sera-sede-de-la-uartes-en-loja\\\/#article\",\"isPartOf\":{\"@id\":\"https:\\\/\\\/www.uartes.edu.ec\\\/sitio\\\/fr\\\/blog\\\/2017\\\/02\\\/10\\\/teatro-benjamin-carrion-sera-sede-de-la-uartes-en-loja\\\/\"},\"author\":{\"name\":\"Universidad de las Artes\",\"@id\":\"https:\\\/\\\/www.uartes.edu.ec\\\/sitio\\\/fr\\\/#\\\/schema\\\/person\\\/f33f8c1d2af0d5c80a38c8abf458184a\"},\"headline\":\"Teatro Benjam\u00edn Carri\u00f3n ser\u00e1 sede de la UArtes en Loja\",\"datePublished\":\"2017-02-10T16:12:41+00:00\",\"dateModified\":\"2024-07-04T16:54:22+00:00\",\"mainEntityOfPage\":{\"@id\":\"https:\\\/\\\/www.uartes.edu.ec\\\/sitio\\\/fr\\\/blog\\\/2017\\\/02\\\/10\\\/teatro-benjamin-carrion-sera-sede-de-la-uartes-en-loja\\\/\"},\"wordCount\":455,\"publisher\":{\"@id\":\"https:\\\/\\\/www.uartes.edu.ec\\\/sitio\\\/fr\\\/#organization\"},\"image\":{\"@id\":\"https:\\\/\\\/www.uartes.edu.ec\\\/sitio\\\/fr\\\/blog\\\/2017\\\/02\\\/10\\\/teatro-benjamin-carrion-sera-sede-de-la-uartes-en-loja\\\/#primaryimage\"},\"thumbnailUrl\":\"https:\\\/\\\/www.uartes.edu.ec\\\/sitio\\\/wp-content\\\/uploads\\\/2017\\\/02\\\/C4JoaY8WAAAt9wO-1132x509.jpg\",\"articleSection\":[\"Sedes\"],\"inLanguage\":\"fr-FR\"},{\"@type\":[\"WebPage\",\"ItemPage\"],\"@id\":\"https:\\\/\\\/www.uartes.edu.ec\\\/sitio\\\/fr\\\/blog\\\/2017\\\/02\\\/10\\\/teatro-benjamin-carrion-sera-sede-de-la-uartes-en-loja\\\/\",\"url\":\"https:\\\/\\\/www.uartes.edu.ec\\\/sitio\\\/fr\\\/blog\\\/2017\\\/02\\\/10\\\/teatro-benjamin-carrion-sera-sede-de-la-uartes-en-loja\\\/\",\"name\":\"Universidad de las Artes - Teatro Benjam\u00edn Carri\u00f3n ser\u00e1 sede de la UArtes en Loja\",\"isPartOf\":{\"@id\":\"https:\\\/\\\/www.uartes.edu.ec\\\/sitio\\\/fr\\\/#website\"},\"primaryImageOfPage\":{\"@id\":\"https:\\\/\\\/www.uartes.edu.ec\\\/sitio\\\/fr\\\/blog\\\/2017\\\/02\\\/10\\\/teatro-benjamin-carrion-sera-sede-de-la-uartes-en-loja\\\/#primaryimage\"},\"image\":{\"@id\":\"https:\\\/\\\/www.uartes.edu.ec\\\/sitio\\\/fr\\\/blog\\\/2017\\\/02\\\/10\\\/teatro-benjamin-carrion-sera-sede-de-la-uartes-en-loja\\\/#primaryimage\"},\"thumbnailUrl\":\"https:\\\/\\\/www.uartes.edu.ec\\\/sitio\\\/wp-content\\\/uploads\\\/2017\\\/02\\\/C4JoaY8WAAAt9wO-1132x509.jpg\",\"datePublished\":\"2017-02-10T16:12:41+00:00\",\"dateModified\":\"2024-07-04T16:54:22+00:00\",\"description\":\"Universidad de las Artes - Teatro Benjam\u00edn Carri\u00f3n ser\u00e1 sede de la UArtes en Loja\",\"breadcrumb\":{\"@id\":\"https:\\\/\\\/www.uartes.edu.ec\\\/sitio\\\/fr\\\/blog\\\/2017\\\/02\\\/10\\\/teatro-benjamin-carrion-sera-sede-de-la-uartes-en-loja\\\/#breadcrumb\"},\"inLanguage\":\"fr-FR\",\"potentialAction\":[{\"@type\":\"ReadAction\",\"target\":[\"https:\\\/\\\/www.uartes.edu.ec\\\/sitio\\\/fr\\\/blog\\\/2017\\\/02\\\/10\\\/teatro-benjamin-carrion-sera-sede-de-la-uartes-en-loja\\\/\"]}]},{\"@type\":\"ImageObject\",\"inLanguage\":\"fr-FR\",\"@id\":\"https:\\\/\\\/www.uartes.edu.ec\\\/sitio\\\/fr\\\/blog\\\/2017\\\/02\\\/10\\\/teatro-benjamin-carrion-sera-sede-de-la-uartes-en-loja\\\/#primaryimage\",\"url\":\"https:\\\/\\\/www.uartes.edu.ec\\\/sitio\\\/wp-content\\\/uploads\\\/2017\\\/02\\\/C4JoaY8WAAAt9wO-1132x509.jpg\",\"contentUrl\":\"https:\\\/\\\/www.uartes.edu.ec\\\/sitio\\\/wp-content\\\/uploads\\\/2017\\\/02\\\/C4JoaY8WAAAt9wO-1132x509.jpg\",\"width\":1132,\"height\":509},{\"@type\":\"BreadcrumbList\",\"@id\":\"https:\\\/\\\/www.uartes.edu.ec\\\/sitio\\\/fr\\\/blog\\\/2017\\\/02\\\/10\\\/teatro-benjamin-carrion-sera-sede-de-la-uartes-en-loja\\\/#breadcrumb\",\"itemListElement\":[{\"@type\":\"ListItem\",\"position\":1,\"name\":\"Inicio\",\"item\":\"https:\\\/\\\/www.uartes.edu.ec\\\/sitio\\\/\"},{\"@type\":\"ListItem\",\"position\":2,\"name\":\"Teatro Benjam\u00edn Carri\u00f3n ser\u00e1 sede de la UArtes en Loja\"}]},{\"@type\":\"WebSite\",\"@id\":\"https:\\\/\\\/www.uartes.edu.ec\\\/sitio\\\/fr\\\/#website\",\"url\":\"https:\\\/\\\/www.uartes.edu.ec\\\/sitio\\\/fr\\\/\",\"name\":\"Universidad de las Artes\",\"description\":\"Sitio oficial de la Universidad Nacional de las Artes del Ecuador\",\"publisher\":{\"@id\":\"https:\\\/\\\/www.uartes.edu.ec\\\/sitio\\\/fr\\\/#organization\"},\"potentialAction\":[{\"@type\":\"SearchAction\",\"target\":{\"@type\":\"EntryPoint\",\"urlTemplate\":\"https:\\\/\\\/www.uartes.edu.ec\\\/sitio\\\/fr\\\/?s={search_term_string}\"},\"query-input\":{\"@type\":\"PropertyValueSpecification\",\"valueRequired\":true,\"valueName\":\"search_term_string\"}}],\"inLanguage\":\"fr-FR\"},{\"@type\":\"Organization\",\"@id\":\"https:\\\/\\\/www.uartes.edu.ec\\\/sitio\\\/fr\\\/#organization\",\"name\":\"Universidad de las Artes\",\"url\":\"https:\\\/\\\/www.uartes.edu.ec\\\/sitio\\\/fr\\\/\",\"logo\":{\"@type\":\"ImageObject\",\"inLanguage\":\"fr-FR\",\"@id\":\"https:\\\/\\\/www.uartes.edu.ec\\\/sitio\\\/fr\\\/#\\\/schema\\\/logo\\\/image\\\/\",\"url\":\"https:\\\/\\\/www.uartes.edu.ec\\\/sitio\\\/wp-content\\\/uploads\\\/2022\\\/07\\\/logo-ua-horizontal.png\",\"contentUrl\":\"https:\\\/\\\/www.uartes.edu.ec\\\/sitio\\\/wp-content\\\/uploads\\\/2022\\\/07\\\/logo-ua-horizontal.png\",\"width\":800,\"height\":276,\"caption\":\"Universidad de las Artes\"},\"image\":{\"@id\":\"https:\\\/\\\/www.uartes.edu.ec\\\/sitio\\\/fr\\\/#\\\/schema\\\/logo\\\/image\\\/\"},\"sameAs\":[\"https:\\\/\\\/www.facebook.com\\\/uartesec\",\"https:\\\/\\\/x.com\\\/uartesec\",\"https:\\\/\\\/www.tiktok.com\\\/@uartesec\"]},{\"@type\":\"Person\",\"@id\":\"https:\\\/\\\/www.uartes.edu.ec\\\/sitio\\\/fr\\\/#\\\/schema\\\/person\\\/f33f8c1d2af0d5c80a38c8abf458184a\",\"name\":\"Universidad de las Artes\",\"image\":{\"@type\":\"ImageObject\",\"inLanguage\":\"fr-FR\",\"@id\":\"https:\\\/\\\/secure.gravatar.com\\\/avatar\\\/52e4757902f5cfa5ac52d020e5be83cae5487519154b6c35482fe08d589f3c13?s=96&d=mm&r=g\",\"url\":\"https:\\\/\\\/secure.gravatar.com\\\/avatar\\\/52e4757902f5cfa5ac52d020e5be83cae5487519154b6c35482fe08d589f3c13?s=96&d=mm&r=g\",\"contentUrl\":\"https:\\\/\\\/secure.gravatar.com\\\/avatar\\\/52e4757902f5cfa5ac52d020e5be83cae5487519154b6c35482fe08d589f3c13?s=96&d=mm&r=g\",\"caption\":\"Universidad de las Artes\"},\"url\":\"https:\\\/\\\/www.uartes.edu.ec\\\/sitio\\\/fr\\\/blog\\\/author\\\/dircomadm\\\/\"}]}<\/script>\n<!-- \/ Yoast SEO plugin. -->","yoast_head_json":{"title":"Universidad de las Artes - Teatro Benjam\u00edn Carri\u00f3n ser\u00e1 sede de la UArtes en Loja","description":"Universidad de las Artes - Teatro Benjam\u00edn Carri\u00f3n ser\u00e1 sede de la UArtes en Loja","robots":{"index":"index","follow":"follow","max-snippet":"max-snippet:-1","max-image-preview":"max-image-preview:large","max-video-preview":"max-video-preview:-1"},"canonical":"https:\/\/www.uartes.edu.ec\/sitio\/fr\/blog\/2017\/02\/10\/teatro-benjamin-carrion-sera-sede-de-la-uartes-en-loja\/","og_locale":"fr_FR","og_type":"article","og_title":"Universidad de las Artes - Teatro Benjam\u00edn Carri\u00f3n ser\u00e1 sede de la UArtes en Loja","og_description":"Universidad de las Artes - Teatro Benjam\u00edn Carri\u00f3n ser\u00e1 sede de la UArtes en Loja","og_url":"https:\/\/www.uartes.edu.ec\/sitio\/fr\/blog\/2017\/02\/10\/teatro-benjamin-carrion-sera-sede-de-la-uartes-en-loja\/","og_site_name":"Universidad de las Artes","article_publisher":"https:\/\/www.facebook.com\/uartesec","article_published_time":"2017-02-10T16:12:41+00:00","article_modified_time":"2024-07-04T16:54:22+00:00","og_image":[{"width":1132,"height":509,"url":"https:\/\/www.uartes.edu.ec\/sitio\/wp-content\/uploads\/2017\/02\/C4JoaY8WAAAt9wO-1132x509.jpg","type":"image\/jpeg"}],"author":"Universidad de las Artes","twitter_card":"summary_large_image","twitter_creator":"@uartesec","twitter_site":"@uartesec","twitter_misc":{"\u00c9crit par":"Universidad de las Artes","Dur\u00e9e de lecture estim\u00e9e":"2 minutes"},"schema":{"@context":"https:\/\/schema.org","@graph":[{"@type":"Article","@id":"https:\/\/www.uartes.edu.ec\/sitio\/fr\/blog\/2017\/02\/10\/teatro-benjamin-carrion-sera-sede-de-la-uartes-en-loja\/#article","isPartOf":{"@id":"https:\/\/www.uartes.edu.ec\/sitio\/fr\/blog\/2017\/02\/10\/teatro-benjamin-carrion-sera-sede-de-la-uartes-en-loja\/"},"author":{"name":"Universidad de las Artes","@id":"https:\/\/www.uartes.edu.ec\/sitio\/fr\/#\/schema\/person\/f33f8c1d2af0d5c80a38c8abf458184a"},"headline":"Teatro Benjam\u00edn Carri\u00f3n ser\u00e1 sede de la UArtes en Loja","datePublished":"2017-02-10T16:12:41+00:00","dateModified":"2024-07-04T16:54:22+00:00","mainEntityOfPage":{"@id":"https:\/\/www.uartes.edu.ec\/sitio\/fr\/blog\/2017\/02\/10\/teatro-benjamin-carrion-sera-sede-de-la-uartes-en-loja\/"},"wordCount":455,"publisher":{"@id":"https:\/\/www.uartes.edu.ec\/sitio\/fr\/#organization"},"image":{"@id":"https:\/\/www.uartes.edu.ec\/sitio\/fr\/blog\/2017\/02\/10\/teatro-benjamin-carrion-sera-sede-de-la-uartes-en-loja\/#primaryimage"},"thumbnailUrl":"https:\/\/www.uartes.edu.ec\/sitio\/wp-content\/uploads\/2017\/02\/C4JoaY8WAAAt9wO-1132x509.jpg","articleSection":["Sedes"],"inLanguage":"fr-FR"},{"@type":["WebPage","ItemPage"],"@id":"https:\/\/www.uartes.edu.ec\/sitio\/fr\/blog\/2017\/02\/10\/teatro-benjamin-carrion-sera-sede-de-la-uartes-en-loja\/","url":"https:\/\/www.uartes.edu.ec\/sitio\/fr\/blog\/2017\/02\/10\/teatro-benjamin-carrion-sera-sede-de-la-uartes-en-loja\/","name":"Universidad de las Artes - Teatro Benjam\u00edn Carri\u00f3n ser\u00e1 sede de la UArtes en Loja","isPartOf":{"@id":"https:\/\/www.uartes.edu.ec\/sitio\/fr\/#website"},"primaryImageOfPage":{"@id":"https:\/\/www.uartes.edu.ec\/sitio\/fr\/blog\/2017\/02\/10\/teatro-benjamin-carrion-sera-sede-de-la-uartes-en-loja\/#primaryimage"},"image":{"@id":"https:\/\/www.uartes.edu.ec\/sitio\/fr\/blog\/2017\/02\/10\/teatro-benjamin-carrion-sera-sede-de-la-uartes-en-loja\/#primaryimage"},"thumbnailUrl":"https:\/\/www.uartes.edu.ec\/sitio\/wp-content\/uploads\/2017\/02\/C4JoaY8WAAAt9wO-1132x509.jpg","datePublished":"2017-02-10T16:12:41+00:00","dateModified":"2024-07-04T16:54:22+00:00","description":"Universidad de las Artes - Teatro Benjam\u00edn Carri\u00f3n ser\u00e1 sede de la UArtes en Loja","breadcrumb":{"@id":"https:\/\/www.uartes.edu.ec\/sitio\/fr\/blog\/2017\/02\/10\/teatro-benjamin-carrion-sera-sede-de-la-uartes-en-loja\/#breadcrumb"},"inLanguage":"fr-FR","potentialAction":[{"@type":"ReadAction","target":["https:\/\/www.uartes.edu.ec\/sitio\/fr\/blog\/2017\/02\/10\/teatro-benjamin-carrion-sera-sede-de-la-uartes-en-loja\/"]}]},{"@type":"ImageObject","inLanguage":"fr-FR","@id":"https:\/\/www.uartes.edu.ec\/sitio\/fr\/blog\/2017\/02\/10\/teatro-benjamin-carrion-sera-sede-de-la-uartes-en-loja\/#primaryimage","url":"https:\/\/www.uartes.edu.ec\/sitio\/wp-content\/uploads\/2017\/02\/C4JoaY8WAAAt9wO-1132x509.jpg","contentUrl":"https:\/\/www.uartes.edu.ec\/sitio\/wp-content\/uploads\/2017\/02\/C4JoaY8WAAAt9wO-1132x509.jpg","width":1132,"height":509},{"@type":"BreadcrumbList","@id":"https:\/\/www.uartes.edu.ec\/sitio\/fr\/blog\/2017\/02\/10\/teatro-benjamin-carrion-sera-sede-de-la-uartes-en-loja\/#breadcrumb","itemListElement":[{"@type":"ListItem","position":1,"name":"Inicio","item":"https:\/\/www.uartes.edu.ec\/sitio\/"},{"@type":"ListItem","position":2,"name":"Teatro Benjam\u00edn Carri\u00f3n ser\u00e1 sede de la UArtes en Loja"}]},{"@type":"WebSite","@id":"https:\/\/www.uartes.edu.ec\/sitio\/fr\/#website","url":"https:\/\/www.uartes.edu.ec\/sitio\/fr\/","name":"Universidad de las Artes","description":"Sitio oficial de la Universidad Nacional de las Artes del Ecuador","publisher":{"@id":"https:\/\/www.uartes.edu.ec\/sitio\/fr\/#organization"},"potentialAction":[{"@type":"SearchAction","target":{"@type":"EntryPoint","urlTemplate":"https:\/\/www.uartes.edu.ec\/sitio\/fr\/?s={search_term_string}"},"query-input":{"@type":"PropertyValueSpecification","valueRequired":true,"valueName":"search_term_string"}}],"inLanguage":"fr-FR"},{"@type":"Organization","@id":"https:\/\/www.uartes.edu.ec\/sitio\/fr\/#organization","name":"Universidad de las Artes","url":"https:\/\/www.uartes.edu.ec\/sitio\/fr\/","logo":{"@type":"ImageObject","inLanguage":"fr-FR","@id":"https:\/\/www.uartes.edu.ec\/sitio\/fr\/#\/schema\/logo\/image\/","url":"https:\/\/www.uartes.edu.ec\/sitio\/wp-content\/uploads\/2022\/07\/logo-ua-horizontal.png","contentUrl":"https:\/\/www.uartes.edu.ec\/sitio\/wp-content\/uploads\/2022\/07\/logo-ua-horizontal.png","width":800,"height":276,"caption":"Universidad de las Artes"},"image":{"@id":"https:\/\/www.uartes.edu.ec\/sitio\/fr\/#\/schema\/logo\/image\/"},"sameAs":["https:\/\/www.facebook.com\/uartesec","https:\/\/x.com\/uartesec","https:\/\/www.tiktok.com\/@uartesec"]},{"@type":"Person","@id":"https:\/\/www.uartes.edu.ec\/sitio\/fr\/#\/schema\/person\/f33f8c1d2af0d5c80a38c8abf458184a","name":"Universidad de las Artes","image":{"@type":"ImageObject","inLanguage":"fr-FR","@id":"https:\/\/secure.gravatar.com\/avatar\/52e4757902f5cfa5ac52d020e5be83cae5487519154b6c35482fe08d589f3c13?s=96&d=mm&r=g","url":"https:\/\/secure.gravatar.com\/avatar\/52e4757902f5cfa5ac52d020e5be83cae5487519154b6c35482fe08d589f3c13?s=96&d=mm&r=g","contentUrl":"https:\/\/secure.gravatar.com\/avatar\/52e4757902f5cfa5ac52d020e5be83cae5487519154b6c35482fe08d589f3c13?s=96&d=mm&r=g","caption":"Universidad de las Artes"},"url":"https:\/\/www.uartes.edu.ec\/sitio\/fr\/blog\/author\/dircomadm\/"}]}},"uagb_featured_image_src":{"full":["https:\/\/www.uartes.edu.ec\/sitio\/wp-content\/uploads\/2017\/02\/C4JoaY8WAAAt9wO-1132x509.jpg",1132,509,false],"thumbnail":["https:\/\/www.uartes.edu.ec\/sitio\/wp-content\/uploads\/2017\/02\/C4JoaY8WAAAt9wO-1132x509-150x150.jpg",150,150,true],"medium":["https:\/\/www.uartes.edu.ec\/sitio\/wp-content\/uploads\/2017\/02\/C4JoaY8WAAAt9wO-1132x509-300x135.jpg",300,135,true],"medium_large":["https:\/\/www.uartes.edu.ec\/sitio\/wp-content\/uploads\/2017\/02\/C4JoaY8WAAAt9wO-1132x509-768x345.jpg",768,345,true],"large":["https:\/\/www.uartes.edu.ec\/sitio\/wp-content\/uploads\/2017\/02\/C4JoaY8WAAAt9wO-1132x509-1024x460.jpg",644,289,true],"1536x1536":["https:\/\/www.uartes.edu.ec\/sitio\/wp-content\/uploads\/2017\/02\/C4JoaY8WAAAt9wO-1132x509.jpg",1132,509,false],"2048x2048":["https:\/\/www.uartes.edu.ec\/sitio\/wp-content\/uploads\/2017\/02\/C4JoaY8WAAAt9wO-1132x509.jpg",1132,509,false],"trp-custom-language-flag":["https:\/\/www.uartes.edu.ec\/sitio\/wp-content\/uploads\/2017\/02\/C4JoaY8WAAAt9wO-1132x509.jpg",18,8,false],"htmega_size_585x295":["https:\/\/www.uartes.edu.ec\/sitio\/wp-content\/uploads\/2017\/02\/C4JoaY8WAAAt9wO-1132x509.jpg",585,263,false],"htmega_size_1170x536":["https:\/\/www.uartes.edu.ec\/sitio\/wp-content\/uploads\/2017\/02\/C4JoaY8WAAAt9wO-1132x509.jpg",1132,509,false],"htmega_size_396x360":["https:\/\/www.uartes.edu.ec\/sitio\/wp-content\/uploads\/2017\/02\/C4JoaY8WAAAt9wO-1132x509.jpg",396,178,false],"gb-block-post-grid-landscape":["https:\/\/www.uartes.edu.ec\/sitio\/wp-content\/uploads\/2017\/02\/C4JoaY8WAAAt9wO-1132x509.jpg",600,270,false],"gb-block-post-grid-square":["https:\/\/www.uartes.edu.ec\/sitio\/wp-content\/uploads\/2017\/02\/C4JoaY8WAAAt9wO-1132x509.jpg",600,270,false],"university-hub-thumb":["https:\/\/www.uartes.edu.ec\/sitio\/wp-content\/uploads\/2017\/02\/C4JoaY8WAAAt9wO-1132x509.jpg",400,180,false]},"uagb_author_info":{"display_name":"Universidad de las Artes","author_link":"https:\/\/www.uartes.edu.ec\/sitio\/fr\/blog\/author\/dircomadm\/"},"uagb_comment_info":0,"uagb_excerpt":"Andr\u00e9s Arauz, Ministro Coordinador de Conocimiento y Talento Humano (MCCTH), y Ramiro Noriega , Rector de la Universidad de las Artes del Ecuador (UArtes), recorrieron este jueves ocho de febrero las instalaciones los espacios de lo que ser\u00e1n las nuevas sedes de la UArtes en Loja y Cuenca. En Loja recorrieron, junto a la Gobernadora\u2026","featured_image_src":"https:\/\/www.uartes.edu.ec\/sitio\/wp-content\/uploads\/2017\/02\/C4JoaY8WAAAt9wO-1132x509.jpg","featured_image_src_square":"https:\/\/www.uartes.edu.ec\/sitio\/wp-content\/uploads\/2017\/02\/C4JoaY8WAAAt9wO-1132x509.jpg","author_info":{"display_name":"Universidad de las Artes","author_link":"https:\/\/www.uartes.edu.ec\/sitio\/fr\/blog\/author\/dircomadm\/"},"publishpress_future_workflow_manual_trigger":{"enabledWorkflows":[]},"distributor_meta":false,"distributor_terms":false,"distributor_media":false,"distributor_original_site_name":"Universidad de las Artes","distributor_original_site_url":"https:\/\/www.uartes.edu.ec\/sitio\/fr","push-errors":false,"_links":{"self":[{"href":"https:\/\/www.uartes.edu.ec\/sitio\/fr\/wp-json\/wp\/v2\/posts\/354","targetHints":{"allow":["GET"]}}],"collection":[{"href":"https:\/\/www.uartes.edu.ec\/sitio\/fr\/wp-json\/wp\/v2\/posts"}],"about":[{"href":"https:\/\/www.uartes.edu.ec\/sitio\/fr\/wp-json\/wp\/v2\/types\/post"}],"author":[{"embeddable":true,"href":"https:\/\/www.uartes.edu.ec\/sitio\/fr\/wp-json\/wp\/v2\/users\/1"}],"replies":[{"embeddable":true,"href":"https:\/\/www.uartes.edu.ec\/sitio\/fr\/wp-json\/wp\/v2\/comments?post=354"}],"version-history":[{"count":1,"href":"https:\/\/www.uartes.edu.ec\/sitio\/fr\/wp-json\/wp\/v2\/posts\/354\/revisions"}],"predecessor-version":[{"id":2583,"href":"https:\/\/www.uartes.edu.ec\/sitio\/fr\/wp-json\/wp\/v2\/posts\/354\/revisions\/2583"}],"wp:featuredmedia":[{"embeddable":true,"href":"https:\/\/www.uartes.edu.ec\/sitio\/fr\/wp-json\/wp\/v2\/media\/2582"}],"wp:attachment":[{"href":"https:\/\/www.uartes.edu.ec\/sitio\/fr\/wp-json\/wp\/v2\/media?parent=354"}],"wp:term":[{"taxonomy":"category","embeddable":true,"href":"https:\/\/www.uartes.edu.ec\/sitio\/fr\/wp-json\/wp\/v2\/categories?post=354"},{"taxonomy":"post_tag","embeddable":true,"href":"https:\/\/www.uartes.edu.ec\/sitio\/fr\/wp-json\/wp\/v2\/tags?post=354"},{"taxonomy":"infouartes","embeddable":true,"href":"https:\/\/www.uartes.edu.ec\/sitio\/fr\/wp-json\/wp\/v2\/infouartes?post=354"}],"curies":[{"name":"wp","href":"https:\/\/api.w.org\/{rel}","templated":true}]}}