{"id":3562,"date":"2019-05-22T16:30:37","date_gmt":"2019-05-22T21:30:37","guid":{"rendered":"http:\/\/www.uartes.edu.ec\/sitio\/?p=3562"},"modified":"2024-07-04T11:51:09","modified_gmt":"2024-07-04T16:51:09","slug":"arte-urbano-convoca-nueva-jornada-en-la-biblioteca-de-las-artes","status":"publish","type":"post","link":"https:\/\/www.uartes.edu.ec\/sitio\/fr\/blog\/2019\/05\/22\/arte-urbano-convoca-nueva-jornada-en-la-biblioteca-de-las-artes\/","title":{"rendered":"Arte Urbano convoca nueva jornada en la Biblioteca de las Artes"},"content":{"rendered":"<p>Ma\u00f1ana, 23 de mayo, desde las 10h30 hasta las 20h00, en el tercer\npiso de la Biblioteca de las Artes se desarrollar\u00e1 el conversatorio\n\u00abVand\u00e1licos ilegales y otras epistemolog\u00edas de la calle\u201d. El evento\nacad\u00e9mico y de v\u00ednculo con la comunidad ser\u00e1 el primero de varios encuentros\nque se realizar\u00e1n para hablar sobre el grafiti en Guayaquil. La actividad la\norganiza la c\u00e1tedra de Arte Urbano que dicta Mar\u00eda Fernanda L\u00f3pez, docente de\nla Universidad de las Artes.<\/p>\n\n\n\n<p>A la cita est\u00e1n convocados representantes de las crews que\nen las d\u00e9cadas de los 90 estuvieron haciendo letra chapeteo, tradicionalmente\nguayaca. \u00abEl objetivo del conversatorio es desatanizar este tipo de\nmovimientos culturales, porque el grafiti lo es. Hay gente que est\u00e1 preservando\nlas piezas de grafiti porque son parte de la memoria de la ciudad. Si no\ntenemos esa conciencia, es dif\u00edcil aportar a las nuevas generaciones\ninteresadas en ocupar el espacio p\u00fablico, es un tema pol\u00edtico; la gente que\nhace arte fuera del museo corre doble riesgo en sociedades s\u00faper\nconservadoras\u00bb, se\u00f1ala L\u00f3pez.<\/p>\n\n\n\n<p><strong>Libro y video durante\nconservatorio<\/strong><\/p>\n\n\n\n<div class=\"wp-block-image\"><figure class=\"aligncenter\"><img fetchpriority=\"high\" decoding=\"async\" width=\"644\" height=\"429\" src=\"http:\/\/www.uartes.edu.ec\/sitio\/wp-content\/uploads\/2019\/05\/Fernando-Figueroa-644x429.jpg\" alt=\"\" class=\"wp-image-3558\" srcset=\"https:\/\/www.uartes.edu.ec\/sitio\/wp-content\/uploads\/2019\/05\/Fernando-Figueroa-644x429.jpg 644w, https:\/\/www.uartes.edu.ec\/sitio\/wp-content\/uploads\/2019\/05\/Fernando-Figueroa-300x200.jpg 300w, https:\/\/www.uartes.edu.ec\/sitio\/wp-content\/uploads\/2019\/05\/Fernando-Figueroa-768x512.jpg 768w, https:\/\/www.uartes.edu.ec\/sitio\/wp-content\/uploads\/2019\/05\/Fernando-Figueroa-400x267.jpg 400w, https:\/\/www.uartes.edu.ec\/sitio\/wp-content\/uploads\/2019\/05\/Fernando-Figueroa-272x182.jpg 272w, https:\/\/www.uartes.edu.ec\/sitio\/wp-content\/uploads\/2019\/05\/Fernando-Figueroa.jpg 1500w\" sizes=\"(max-width: 644px) 100vw, 644px\" \/><\/figure><\/div>\n\n\n\n<p>En el conversatorio la docente entregar\u00e1 cuatro libros de la\nautor\u00eda de Fernando Figueroa, considerado uno de los te\u00f3ricos de habla hispana\nm\u00e1s reconocidos en el tema del arte urbano. \u201cLa Biblioteca de las Artes ser\u00e1 la\n\u00fanica en el pa\u00eds y Sudam\u00e9rica que tendr\u00e1 esos textos de teor\u00eda especializada en\ngrafitis\u201d, anota. <\/p>\n\n\n\n<p>Tambi\u00e9n se proyectar\u00e1 un material audiovisual in\u00e9dito acerca\nde las crews. Este es un archivo que L\u00f3pez realiz\u00f3 con el cineasta guayaquile\u00f1o\nMario Rodr\u00edguez sobre la trayectoria de la crew Infamous. Lo trabajaron para la\nconferencia que ella dict\u00f3 en Holanda el a\u00f1o pasado sobre el arte urbano.<\/p>\n\n\n\n<p><strong>\u00abDe letras y de\nluchas\u00bb, las vivencias del taller <\/strong><\/p>\n\n\n\n<p>Tambi\u00e9n en el tema del arte urbano, Mar\u00eda Fernanda L\u00f3pez\norganiz\u00f3 los pasados <\/p>\n\n\n\n<p>16 y 17 de mayo las Primeras Jornadas de Gr\u00e1fica Popular que,\ndesde las 10h30 hasta las 16h00, se desarrollaron en las instalaciones de la Federaci\u00f3n\nde Organizaciones Campesinas del Litoral (Fecaol), ubicadas en Puente Luc\u00eda, km\n27 v\u00eda a Daule.<\/p>\n\n\n\n<p>El prop\u00f3sito, seg\u00fan indic\u00f3 entonces, fue acercar a los\nestudiantes a la diversificaci\u00f3n que tiene el arte urbano (que denomina arte de\nla calle), la implicaci\u00f3n pol\u00edtica y el di\u00e1logo que tiene con la comunidad. Los\ntalleres los dict\u00f3 Daniel Guayasam\u00edn,\nartista urbano conocido como IzReal comprometido con las clases sociales y los\nmovimientos de letras y cartelismo popular. <\/p>\n\n\n\n<p>David Paucar, alumno de Artes Visuales de la UArtes que\nestuvo presente en la actividad, comenta: \u201cEstudiantes y miembros de la Fecaol\nrecibieron una introducci\u00f3n acerca de la gr\u00e1fica popular que hay en las calles\ndel pa\u00eds, espec\u00edficamente el lettering. IzReal ense\u00f1\u00f3 c\u00f3mo realizar caligrafity,\nexplicando desde su estructura b\u00e1sica hasta su distinci\u00f3n de grafiti\u201d.<\/p>\n\n\n\n<p>Terminado el taller, a\u00f1ade Paucar, fueron manos a la obra, pues\nlos estudiantes pintaron en las paredes iconograf\u00edas agrarias y naturaleza. \u201cAl\nagricultor transportando su cosecha y animales que lo acompa\u00f1an en el campo, en\nsu actividad. David Guayasam\u00edn pint\u00f3 en la fachada de las oficinas de la Fecaol\npalabras como soberan\u00eda alimentaria, comer sano y comer sabroso. Lo hizo con un\nestilo \u00fanico al que \u00e9l denomina Chica y que consiste en tres tonos de colores\u201d.<\/p>\n\n\n\n<p>Paucar indica que los miembros de la Fecaol tambi\u00e9n\nrealizaron gr\u00e1fica popular. \u201cEllos optaron por representar a la modernizaci\u00f3n\ncon el ferrocarril, al que se\u00f1alaron como un gran avance para el comercio por\nfacilitar el comercio entre Costa y Sierra\u201d.<\/p>","protected":false},"excerpt":{"rendered":"<p>Ma\u00f1ana, 23 de mayo, desde las 10h30 hasta las 20h00, en el tercer piso de la Biblioteca de las Artes se desarrollar\u00e1 el conversatorio \u00abVand\u00e1licos ilegales y otras epistemolog\u00edas de la calle\u201d. El evento acad\u00e9mico y de v\u00ednculo con la comunidad ser\u00e1 el primero de varios encuentros que se realizar\u00e1n para hablar sobre el grafiti [&hellip;]<\/p>\n","protected":false},"author":1,"featured_media":3559,"comment_status":"closed","ping_status":"closed","sticky":false,"template":"","format":"standard","meta":{"_acf_changed":false,"_uag_custom_page_level_css":"","_monsterinsights_skip_tracking":false,"_monsterinsights_sitenote_active":false,"_monsterinsights_sitenote_note":"","_monsterinsights_sitenote_category":0,"cybocfi_hide_featured_image":"","footnotes":""},"categories":[82,75,76],"tags":[],"infouartes":[],"class_list":["post-3562","post","type-post","status-publish","format-standard","has-post-thumbnail","hentry","category-artes","category-docentes","category-estudiantes"],"acf":[],"yoast_head":"<!-- This site is optimized with the Yoast SEO plugin v27.4 - https:\/\/yoast.com\/product\/yoast-seo-wordpress\/ -->\n<title>Universidad de las Artes - Arte Urbano convoca nueva jornada en la Biblioteca de las Artes<\/title>\n<meta name=\"description\" content=\"Universidad de las Artes - Arte Urbano convoca nueva jornada en la Biblioteca de las Artes\" \/>\n<meta name=\"robots\" content=\"index, follow, max-snippet:-1, max-image-preview:large, max-video-preview:-1\" \/>\n<link rel=\"canonical\" href=\"https:\/\/www.uartes.edu.ec\/sitio\/fr\/blog\/2019\/05\/22\/arte-urbano-convoca-nueva-jornada-en-la-biblioteca-de-las-artes\/\" \/>\n<meta property=\"og:locale\" content=\"fr_FR\" \/>\n<meta property=\"og:type\" content=\"article\" \/>\n<meta property=\"og:title\" content=\"Universidad de las Artes - Arte Urbano convoca nueva jornada en la Biblioteca de las Artes\" \/>\n<meta property=\"og:description\" content=\"Universidad de las Artes - Arte Urbano convoca nueva jornada en la Biblioteca de las Artes\" \/>\n<meta property=\"og:url\" content=\"https:\/\/www.uartes.edu.ec\/sitio\/fr\/blog\/2019\/05\/22\/arte-urbano-convoca-nueva-jornada-en-la-biblioteca-de-las-artes\/\" \/>\n<meta property=\"og:site_name\" content=\"Universidad de las Artes\" \/>\n<meta property=\"article:publisher\" content=\"https:\/\/www.facebook.com\/uartesec\" \/>\n<meta property=\"article:published_time\" content=\"2019-05-22T21:30:37+00:00\" \/>\n<meta property=\"article:modified_time\" content=\"2024-07-04T16:51:09+00:00\" \/>\n<meta property=\"og:image\" content=\"https:\/\/www.uartes.edu.ec\/sitio\/wp-content\/uploads\/2019\/05\/Letra-y-lucha-PORTADA.jpg\" \/>\n\t<meta property=\"og:image:width\" content=\"1500\" \/>\n\t<meta property=\"og:image:height\" content=\"1000\" \/>\n\t<meta property=\"og:image:type\" content=\"image\/jpeg\" \/>\n<meta name=\"author\" content=\"Universidad de las Artes\" \/>\n<meta name=\"twitter:card\" content=\"summary_large_image\" \/>\n<meta name=\"twitter:creator\" content=\"@uartesec\" \/>\n<meta name=\"twitter:site\" content=\"@uartesec\" \/>\n<meta name=\"twitter:label1\" content=\"\u00c9crit par\" \/>\n\t<meta name=\"twitter:data1\" content=\"Universidad de las Artes\" \/>\n\t<meta name=\"twitter:label2\" content=\"Dur\u00e9e de lecture estim\u00e9e\" \/>\n\t<meta name=\"twitter:data2\" content=\"3 minutes\" \/>\n<script type=\"application\/ld+json\" class=\"yoast-schema-graph\">{\"@context\":\"https:\\\/\\\/schema.org\",\"@graph\":[{\"@type\":\"Article\",\"@id\":\"https:\\\/\\\/www.uartes.edu.ec\\\/sitio\\\/fr\\\/blog\\\/2019\\\/05\\\/22\\\/arte-urbano-convoca-nueva-jornada-en-la-biblioteca-de-las-artes\\\/#article\",\"isPartOf\":{\"@id\":\"https:\\\/\\\/www.uartes.edu.ec\\\/sitio\\\/fr\\\/blog\\\/2019\\\/05\\\/22\\\/arte-urbano-convoca-nueva-jornada-en-la-biblioteca-de-las-artes\\\/\"},\"author\":{\"name\":\"Universidad de las Artes\",\"@id\":\"https:\\\/\\\/www.uartes.edu.ec\\\/sitio\\\/fr\\\/#\\\/schema\\\/person\\\/f33f8c1d2af0d5c80a38c8abf458184a\"},\"headline\":\"Arte Urbano convoca nueva jornada en la Biblioteca de las Artes\",\"datePublished\":\"2019-05-22T21:30:37+00:00\",\"dateModified\":\"2024-07-04T16:51:09+00:00\",\"mainEntityOfPage\":{\"@id\":\"https:\\\/\\\/www.uartes.edu.ec\\\/sitio\\\/fr\\\/blog\\\/2019\\\/05\\\/22\\\/arte-urbano-convoca-nueva-jornada-en-la-biblioteca-de-las-artes\\\/\"},\"wordCount\":638,\"publisher\":{\"@id\":\"https:\\\/\\\/www.uartes.edu.ec\\\/sitio\\\/fr\\\/#organization\"},\"image\":{\"@id\":\"https:\\\/\\\/www.uartes.edu.ec\\\/sitio\\\/fr\\\/blog\\\/2019\\\/05\\\/22\\\/arte-urbano-convoca-nueva-jornada-en-la-biblioteca-de-las-artes\\\/#primaryimage\"},\"thumbnailUrl\":\"https:\\\/\\\/www.uartes.edu.ec\\\/sitio\\\/wp-content\\\/uploads\\\/2019\\\/05\\\/Letra-y-lucha-PORTADA.jpg\",\"articleSection\":[\"Artes\",\"Docentes\",\"Estudiantes\"],\"inLanguage\":\"fr-FR\"},{\"@type\":[\"WebPage\",\"ItemPage\"],\"@id\":\"https:\\\/\\\/www.uartes.edu.ec\\\/sitio\\\/fr\\\/blog\\\/2019\\\/05\\\/22\\\/arte-urbano-convoca-nueva-jornada-en-la-biblioteca-de-las-artes\\\/\",\"url\":\"https:\\\/\\\/www.uartes.edu.ec\\\/sitio\\\/fr\\\/blog\\\/2019\\\/05\\\/22\\\/arte-urbano-convoca-nueva-jornada-en-la-biblioteca-de-las-artes\\\/\",\"name\":\"Universidad de las Artes - Arte Urbano convoca nueva jornada en la Biblioteca de las Artes\",\"isPartOf\":{\"@id\":\"https:\\\/\\\/www.uartes.edu.ec\\\/sitio\\\/fr\\\/#website\"},\"primaryImageOfPage\":{\"@id\":\"https:\\\/\\\/www.uartes.edu.ec\\\/sitio\\\/fr\\\/blog\\\/2019\\\/05\\\/22\\\/arte-urbano-convoca-nueva-jornada-en-la-biblioteca-de-las-artes\\\/#primaryimage\"},\"image\":{\"@id\":\"https:\\\/\\\/www.uartes.edu.ec\\\/sitio\\\/fr\\\/blog\\\/2019\\\/05\\\/22\\\/arte-urbano-convoca-nueva-jornada-en-la-biblioteca-de-las-artes\\\/#primaryimage\"},\"thumbnailUrl\":\"https:\\\/\\\/www.uartes.edu.ec\\\/sitio\\\/wp-content\\\/uploads\\\/2019\\\/05\\\/Letra-y-lucha-PORTADA.jpg\",\"datePublished\":\"2019-05-22T21:30:37+00:00\",\"dateModified\":\"2024-07-04T16:51:09+00:00\",\"description\":\"Universidad de las Artes - Arte Urbano convoca nueva jornada en la Biblioteca de las Artes\",\"breadcrumb\":{\"@id\":\"https:\\\/\\\/www.uartes.edu.ec\\\/sitio\\\/fr\\\/blog\\\/2019\\\/05\\\/22\\\/arte-urbano-convoca-nueva-jornada-en-la-biblioteca-de-las-artes\\\/#breadcrumb\"},\"inLanguage\":\"fr-FR\",\"potentialAction\":[{\"@type\":\"ReadAction\",\"target\":[\"https:\\\/\\\/www.uartes.edu.ec\\\/sitio\\\/fr\\\/blog\\\/2019\\\/05\\\/22\\\/arte-urbano-convoca-nueva-jornada-en-la-biblioteca-de-las-artes\\\/\"]}]},{\"@type\":\"ImageObject\",\"inLanguage\":\"fr-FR\",\"@id\":\"https:\\\/\\\/www.uartes.edu.ec\\\/sitio\\\/fr\\\/blog\\\/2019\\\/05\\\/22\\\/arte-urbano-convoca-nueva-jornada-en-la-biblioteca-de-las-artes\\\/#primaryimage\",\"url\":\"https:\\\/\\\/www.uartes.edu.ec\\\/sitio\\\/wp-content\\\/uploads\\\/2019\\\/05\\\/Letra-y-lucha-PORTADA.jpg\",\"contentUrl\":\"https:\\\/\\\/www.uartes.edu.ec\\\/sitio\\\/wp-content\\\/uploads\\\/2019\\\/05\\\/Letra-y-lucha-PORTADA.jpg\",\"width\":1500,\"height\":1000},{\"@type\":\"BreadcrumbList\",\"@id\":\"https:\\\/\\\/www.uartes.edu.ec\\\/sitio\\\/fr\\\/blog\\\/2019\\\/05\\\/22\\\/arte-urbano-convoca-nueva-jornada-en-la-biblioteca-de-las-artes\\\/#breadcrumb\",\"itemListElement\":[{\"@type\":\"ListItem\",\"position\":1,\"name\":\"Inicio\",\"item\":\"https:\\\/\\\/www.uartes.edu.ec\\\/sitio\\\/\"},{\"@type\":\"ListItem\",\"position\":2,\"name\":\"Arte Urbano convoca nueva jornada en la Biblioteca de las Artes\"}]},{\"@type\":\"WebSite\",\"@id\":\"https:\\\/\\\/www.uartes.edu.ec\\\/sitio\\\/fr\\\/#website\",\"url\":\"https:\\\/\\\/www.uartes.edu.ec\\\/sitio\\\/fr\\\/\",\"name\":\"Universidad de las Artes\",\"description\":\"Sitio oficial de la Universidad Nacional de las Artes del Ecuador\",\"publisher\":{\"@id\":\"https:\\\/\\\/www.uartes.edu.ec\\\/sitio\\\/fr\\\/#organization\"},\"potentialAction\":[{\"@type\":\"SearchAction\",\"target\":{\"@type\":\"EntryPoint\",\"urlTemplate\":\"https:\\\/\\\/www.uartes.edu.ec\\\/sitio\\\/fr\\\/?s={search_term_string}\"},\"query-input\":{\"@type\":\"PropertyValueSpecification\",\"valueRequired\":true,\"valueName\":\"search_term_string\"}}],\"inLanguage\":\"fr-FR\"},{\"@type\":\"Organization\",\"@id\":\"https:\\\/\\\/www.uartes.edu.ec\\\/sitio\\\/fr\\\/#organization\",\"name\":\"Universidad de las Artes\",\"url\":\"https:\\\/\\\/www.uartes.edu.ec\\\/sitio\\\/fr\\\/\",\"logo\":{\"@type\":\"ImageObject\",\"inLanguage\":\"fr-FR\",\"@id\":\"https:\\\/\\\/www.uartes.edu.ec\\\/sitio\\\/fr\\\/#\\\/schema\\\/logo\\\/image\\\/\",\"url\":\"https:\\\/\\\/www.uartes.edu.ec\\\/sitio\\\/wp-content\\\/uploads\\\/2022\\\/07\\\/logo-ua-horizontal.png\",\"contentUrl\":\"https:\\\/\\\/www.uartes.edu.ec\\\/sitio\\\/wp-content\\\/uploads\\\/2022\\\/07\\\/logo-ua-horizontal.png\",\"width\":800,\"height\":276,\"caption\":\"Universidad de las Artes\"},\"image\":{\"@id\":\"https:\\\/\\\/www.uartes.edu.ec\\\/sitio\\\/fr\\\/#\\\/schema\\\/logo\\\/image\\\/\"},\"sameAs\":[\"https:\\\/\\\/www.facebook.com\\\/uartesec\",\"https:\\\/\\\/x.com\\\/uartesec\",\"https:\\\/\\\/www.tiktok.com\\\/@uartesec\"]},{\"@type\":\"Person\",\"@id\":\"https:\\\/\\\/www.uartes.edu.ec\\\/sitio\\\/fr\\\/#\\\/schema\\\/person\\\/f33f8c1d2af0d5c80a38c8abf458184a\",\"name\":\"Universidad de las Artes\",\"image\":{\"@type\":\"ImageObject\",\"inLanguage\":\"fr-FR\",\"@id\":\"https:\\\/\\\/secure.gravatar.com\\\/avatar\\\/52e4757902f5cfa5ac52d020e5be83cae5487519154b6c35482fe08d589f3c13?s=96&d=mm&r=g\",\"url\":\"https:\\\/\\\/secure.gravatar.com\\\/avatar\\\/52e4757902f5cfa5ac52d020e5be83cae5487519154b6c35482fe08d589f3c13?s=96&d=mm&r=g\",\"contentUrl\":\"https:\\\/\\\/secure.gravatar.com\\\/avatar\\\/52e4757902f5cfa5ac52d020e5be83cae5487519154b6c35482fe08d589f3c13?s=96&d=mm&r=g\",\"caption\":\"Universidad de las Artes\"},\"url\":\"https:\\\/\\\/www.uartes.edu.ec\\\/sitio\\\/fr\\\/blog\\\/author\\\/dircomadm\\\/\"}]}<\/script>\n<!-- \/ Yoast SEO plugin. -->","yoast_head_json":{"title":"Universidad de las Artes - Arte Urbano convoca nueva jornada en la Biblioteca de las Artes","description":"Universidad de las Artes - Arte Urbano convoca nueva jornada en la Biblioteca de las Artes","robots":{"index":"index","follow":"follow","max-snippet":"max-snippet:-1","max-image-preview":"max-image-preview:large","max-video-preview":"max-video-preview:-1"},"canonical":"https:\/\/www.uartes.edu.ec\/sitio\/fr\/blog\/2019\/05\/22\/arte-urbano-convoca-nueva-jornada-en-la-biblioteca-de-las-artes\/","og_locale":"fr_FR","og_type":"article","og_title":"Universidad de las Artes - Arte Urbano convoca nueva jornada en la Biblioteca de las Artes","og_description":"Universidad de las Artes - Arte Urbano convoca nueva jornada en la Biblioteca de las Artes","og_url":"https:\/\/www.uartes.edu.ec\/sitio\/fr\/blog\/2019\/05\/22\/arte-urbano-convoca-nueva-jornada-en-la-biblioteca-de-las-artes\/","og_site_name":"Universidad de las Artes","article_publisher":"https:\/\/www.facebook.com\/uartesec","article_published_time":"2019-05-22T21:30:37+00:00","article_modified_time":"2024-07-04T16:51:09+00:00","og_image":[{"width":1500,"height":1000,"url":"https:\/\/www.uartes.edu.ec\/sitio\/wp-content\/uploads\/2019\/05\/Letra-y-lucha-PORTADA.jpg","type":"image\/jpeg"}],"author":"Universidad de las Artes","twitter_card":"summary_large_image","twitter_creator":"@uartesec","twitter_site":"@uartesec","twitter_misc":{"\u00c9crit par":"Universidad de las Artes","Dur\u00e9e de lecture estim\u00e9e":"3 minutes"},"schema":{"@context":"https:\/\/schema.org","@graph":[{"@type":"Article","@id":"https:\/\/www.uartes.edu.ec\/sitio\/fr\/blog\/2019\/05\/22\/arte-urbano-convoca-nueva-jornada-en-la-biblioteca-de-las-artes\/#article","isPartOf":{"@id":"https:\/\/www.uartes.edu.ec\/sitio\/fr\/blog\/2019\/05\/22\/arte-urbano-convoca-nueva-jornada-en-la-biblioteca-de-las-artes\/"},"author":{"name":"Universidad de las Artes","@id":"https:\/\/www.uartes.edu.ec\/sitio\/fr\/#\/schema\/person\/f33f8c1d2af0d5c80a38c8abf458184a"},"headline":"Arte Urbano convoca nueva jornada en la Biblioteca de las Artes","datePublished":"2019-05-22T21:30:37+00:00","dateModified":"2024-07-04T16:51:09+00:00","mainEntityOfPage":{"@id":"https:\/\/www.uartes.edu.ec\/sitio\/fr\/blog\/2019\/05\/22\/arte-urbano-convoca-nueva-jornada-en-la-biblioteca-de-las-artes\/"},"wordCount":638,"publisher":{"@id":"https:\/\/www.uartes.edu.ec\/sitio\/fr\/#organization"},"image":{"@id":"https:\/\/www.uartes.edu.ec\/sitio\/fr\/blog\/2019\/05\/22\/arte-urbano-convoca-nueva-jornada-en-la-biblioteca-de-las-artes\/#primaryimage"},"thumbnailUrl":"https:\/\/www.uartes.edu.ec\/sitio\/wp-content\/uploads\/2019\/05\/Letra-y-lucha-PORTADA.jpg","articleSection":["Artes","Docentes","Estudiantes"],"inLanguage":"fr-FR"},{"@type":["WebPage","ItemPage"],"@id":"https:\/\/www.uartes.edu.ec\/sitio\/fr\/blog\/2019\/05\/22\/arte-urbano-convoca-nueva-jornada-en-la-biblioteca-de-las-artes\/","url":"https:\/\/www.uartes.edu.ec\/sitio\/fr\/blog\/2019\/05\/22\/arte-urbano-convoca-nueva-jornada-en-la-biblioteca-de-las-artes\/","name":"Universidad de las Artes - Arte Urbano convoca nueva jornada en la Biblioteca de las Artes","isPartOf":{"@id":"https:\/\/www.uartes.edu.ec\/sitio\/fr\/#website"},"primaryImageOfPage":{"@id":"https:\/\/www.uartes.edu.ec\/sitio\/fr\/blog\/2019\/05\/22\/arte-urbano-convoca-nueva-jornada-en-la-biblioteca-de-las-artes\/#primaryimage"},"image":{"@id":"https:\/\/www.uartes.edu.ec\/sitio\/fr\/blog\/2019\/05\/22\/arte-urbano-convoca-nueva-jornada-en-la-biblioteca-de-las-artes\/#primaryimage"},"thumbnailUrl":"https:\/\/www.uartes.edu.ec\/sitio\/wp-content\/uploads\/2019\/05\/Letra-y-lucha-PORTADA.jpg","datePublished":"2019-05-22T21:30:37+00:00","dateModified":"2024-07-04T16:51:09+00:00","description":"Universidad de las Artes - Arte Urbano convoca nueva jornada en la Biblioteca de las Artes","breadcrumb":{"@id":"https:\/\/www.uartes.edu.ec\/sitio\/fr\/blog\/2019\/05\/22\/arte-urbano-convoca-nueva-jornada-en-la-biblioteca-de-las-artes\/#breadcrumb"},"inLanguage":"fr-FR","potentialAction":[{"@type":"ReadAction","target":["https:\/\/www.uartes.edu.ec\/sitio\/fr\/blog\/2019\/05\/22\/arte-urbano-convoca-nueva-jornada-en-la-biblioteca-de-las-artes\/"]}]},{"@type":"ImageObject","inLanguage":"fr-FR","@id":"https:\/\/www.uartes.edu.ec\/sitio\/fr\/blog\/2019\/05\/22\/arte-urbano-convoca-nueva-jornada-en-la-biblioteca-de-las-artes\/#primaryimage","url":"https:\/\/www.uartes.edu.ec\/sitio\/wp-content\/uploads\/2019\/05\/Letra-y-lucha-PORTADA.jpg","contentUrl":"https:\/\/www.uartes.edu.ec\/sitio\/wp-content\/uploads\/2019\/05\/Letra-y-lucha-PORTADA.jpg","width":1500,"height":1000},{"@type":"BreadcrumbList","@id":"https:\/\/www.uartes.edu.ec\/sitio\/fr\/blog\/2019\/05\/22\/arte-urbano-convoca-nueva-jornada-en-la-biblioteca-de-las-artes\/#breadcrumb","itemListElement":[{"@type":"ListItem","position":1,"name":"Inicio","item":"https:\/\/www.uartes.edu.ec\/sitio\/"},{"@type":"ListItem","position":2,"name":"Arte Urbano convoca nueva jornada en la Biblioteca de las Artes"}]},{"@type":"WebSite","@id":"https:\/\/www.uartes.edu.ec\/sitio\/fr\/#website","url":"https:\/\/www.uartes.edu.ec\/sitio\/fr\/","name":"Universidad de las Artes","description":"Sitio oficial de la Universidad Nacional de las Artes del Ecuador","publisher":{"@id":"https:\/\/www.uartes.edu.ec\/sitio\/fr\/#organization"},"potentialAction":[{"@type":"SearchAction","target":{"@type":"EntryPoint","urlTemplate":"https:\/\/www.uartes.edu.ec\/sitio\/fr\/?s={search_term_string}"},"query-input":{"@type":"PropertyValueSpecification","valueRequired":true,"valueName":"search_term_string"}}],"inLanguage":"fr-FR"},{"@type":"Organization","@id":"https:\/\/www.uartes.edu.ec\/sitio\/fr\/#organization","name":"Universidad de las Artes","url":"https:\/\/www.uartes.edu.ec\/sitio\/fr\/","logo":{"@type":"ImageObject","inLanguage":"fr-FR","@id":"https:\/\/www.uartes.edu.ec\/sitio\/fr\/#\/schema\/logo\/image\/","url":"https:\/\/www.uartes.edu.ec\/sitio\/wp-content\/uploads\/2022\/07\/logo-ua-horizontal.png","contentUrl":"https:\/\/www.uartes.edu.ec\/sitio\/wp-content\/uploads\/2022\/07\/logo-ua-horizontal.png","width":800,"height":276,"caption":"Universidad de las Artes"},"image":{"@id":"https:\/\/www.uartes.edu.ec\/sitio\/fr\/#\/schema\/logo\/image\/"},"sameAs":["https:\/\/www.facebook.com\/uartesec","https:\/\/x.com\/uartesec","https:\/\/www.tiktok.com\/@uartesec"]},{"@type":"Person","@id":"https:\/\/www.uartes.edu.ec\/sitio\/fr\/#\/schema\/person\/f33f8c1d2af0d5c80a38c8abf458184a","name":"Universidad de las Artes","image":{"@type":"ImageObject","inLanguage":"fr-FR","@id":"https:\/\/secure.gravatar.com\/avatar\/52e4757902f5cfa5ac52d020e5be83cae5487519154b6c35482fe08d589f3c13?s=96&d=mm&r=g","url":"https:\/\/secure.gravatar.com\/avatar\/52e4757902f5cfa5ac52d020e5be83cae5487519154b6c35482fe08d589f3c13?s=96&d=mm&r=g","contentUrl":"https:\/\/secure.gravatar.com\/avatar\/52e4757902f5cfa5ac52d020e5be83cae5487519154b6c35482fe08d589f3c13?s=96&d=mm&r=g","caption":"Universidad de las Artes"},"url":"https:\/\/www.uartes.edu.ec\/sitio\/fr\/blog\/author\/dircomadm\/"}]}},"uagb_featured_image_src":{"full":["https:\/\/www.uartes.edu.ec\/sitio\/wp-content\/uploads\/2019\/05\/Letra-y-lucha-PORTADA.jpg",1500,1000,false],"thumbnail":["https:\/\/www.uartes.edu.ec\/sitio\/wp-content\/uploads\/2019\/05\/Letra-y-lucha-PORTADA-150x150.jpg",150,150,true],"medium":["https:\/\/www.uartes.edu.ec\/sitio\/wp-content\/uploads\/2019\/05\/Letra-y-lucha-PORTADA-300x200.jpg",300,200,true],"medium_large":["https:\/\/www.uartes.edu.ec\/sitio\/wp-content\/uploads\/2019\/05\/Letra-y-lucha-PORTADA-768x512.jpg",768,512,true],"large":["https:\/\/www.uartes.edu.ec\/sitio\/wp-content\/uploads\/2019\/05\/Letra-y-lucha-PORTADA-644x429.jpg",644,429,true],"1536x1536":["https:\/\/www.uartes.edu.ec\/sitio\/wp-content\/uploads\/2019\/05\/Letra-y-lucha-PORTADA.jpg",1500,1000,false],"2048x2048":["https:\/\/www.uartes.edu.ec\/sitio\/wp-content\/uploads\/2019\/05\/Letra-y-lucha-PORTADA.jpg",1500,1000,false],"trp-custom-language-flag":["https:\/\/www.uartes.edu.ec\/sitio\/wp-content\/uploads\/2019\/05\/Letra-y-lucha-PORTADA.jpg",18,12,false],"htmega_size_585x295":["https:\/\/www.uartes.edu.ec\/sitio\/wp-content\/uploads\/2019\/05\/Letra-y-lucha-PORTADA.jpg",443,295,false],"htmega_size_1170x536":["https:\/\/www.uartes.edu.ec\/sitio\/wp-content\/uploads\/2019\/05\/Letra-y-lucha-PORTADA.jpg",804,536,false],"htmega_size_396x360":["https:\/\/www.uartes.edu.ec\/sitio\/wp-content\/uploads\/2019\/05\/Letra-y-lucha-PORTADA.jpg",396,264,false],"gb-block-post-grid-landscape":["https:\/\/www.uartes.edu.ec\/sitio\/wp-content\/uploads\/2019\/05\/Letra-y-lucha-PORTADA.jpg",600,400,false],"gb-block-post-grid-square":["https:\/\/www.uartes.edu.ec\/sitio\/wp-content\/uploads\/2019\/05\/Letra-y-lucha-PORTADA.jpg",600,400,false],"university-hub-thumb":["https:\/\/www.uartes.edu.ec\/sitio\/wp-content\/uploads\/2019\/05\/Letra-y-lucha-PORTADA-400x267.jpg",400,267,true],"mailpoet_newsletter_max":["https:\/\/www.uartes.edu.ec\/sitio\/wp-content\/uploads\/2019\/05\/Letra-y-lucha-PORTADA.jpg",1320,880,false]},"uagb_author_info":{"display_name":"Universidad de las Artes","author_link":"https:\/\/www.uartes.edu.ec\/sitio\/fr\/blog\/author\/dircomadm\/"},"uagb_comment_info":0,"uagb_excerpt":"Ma\u00f1ana, 23 de mayo, desde las 10h30 hasta las 20h00, en el tercer piso de la Biblioteca de las Artes se desarrollar\u00e1 el conversatorio \u00abVand\u00e1licos ilegales y otras epistemolog\u00edas de la calle\u201d. El evento acad\u00e9mico y de v\u00ednculo con la comunidad ser\u00e1 el primero de varios encuentros que se realizar\u00e1n para hablar sobre el grafiti\u2026","featured_image_src":"https:\/\/www.uartes.edu.ec\/sitio\/wp-content\/uploads\/2019\/05\/Letra-y-lucha-PORTADA.jpg","featured_image_src_square":"https:\/\/www.uartes.edu.ec\/sitio\/wp-content\/uploads\/2019\/05\/Letra-y-lucha-PORTADA.jpg","author_info":{"display_name":"Universidad de las Artes","author_link":"https:\/\/www.uartes.edu.ec\/sitio\/fr\/blog\/author\/dircomadm\/"},"publishpress_future_workflow_manual_trigger":{"enabledWorkflows":[]},"distributor_meta":false,"distributor_terms":false,"distributor_media":false,"distributor_original_site_name":"Universidad de las Artes","distributor_original_site_url":"https:\/\/www.uartes.edu.ec\/sitio\/fr","push-errors":false,"_links":{"self":[{"href":"https:\/\/www.uartes.edu.ec\/sitio\/fr\/wp-json\/wp\/v2\/posts\/3562","targetHints":{"allow":["GET"]}}],"collection":[{"href":"https:\/\/www.uartes.edu.ec\/sitio\/fr\/wp-json\/wp\/v2\/posts"}],"about":[{"href":"https:\/\/www.uartes.edu.ec\/sitio\/fr\/wp-json\/wp\/v2\/types\/post"}],"author":[{"embeddable":true,"href":"https:\/\/www.uartes.edu.ec\/sitio\/fr\/wp-json\/wp\/v2\/users\/1"}],"replies":[{"embeddable":true,"href":"https:\/\/www.uartes.edu.ec\/sitio\/fr\/wp-json\/wp\/v2\/comments?post=3562"}],"version-history":[{"count":2,"href":"https:\/\/www.uartes.edu.ec\/sitio\/fr\/wp-json\/wp\/v2\/posts\/3562\/revisions"}],"predecessor-version":[{"id":57818,"href":"https:\/\/www.uartes.edu.ec\/sitio\/fr\/wp-json\/wp\/v2\/posts\/3562\/revisions\/57818"}],"wp:featuredmedia":[{"embeddable":true,"href":"https:\/\/www.uartes.edu.ec\/sitio\/fr\/wp-json\/wp\/v2\/media\/3559"}],"wp:attachment":[{"href":"https:\/\/www.uartes.edu.ec\/sitio\/fr\/wp-json\/wp\/v2\/media?parent=3562"}],"wp:term":[{"taxonomy":"category","embeddable":true,"href":"https:\/\/www.uartes.edu.ec\/sitio\/fr\/wp-json\/wp\/v2\/categories?post=3562"},{"taxonomy":"post_tag","embeddable":true,"href":"https:\/\/www.uartes.edu.ec\/sitio\/fr\/wp-json\/wp\/v2\/tags?post=3562"},{"taxonomy":"infouartes","embeddable":true,"href":"https:\/\/www.uartes.edu.ec\/sitio\/fr\/wp-json\/wp\/v2\/infouartes?post=3562"}],"curies":[{"name":"wp","href":"https:\/\/api.w.org\/{rel}","templated":true}]}}