{"id":36,"date":"2017-04-17T18:45:10","date_gmt":"2017-04-17T23:45:10","guid":{"rendered":"http:\/\/www.uartes.edu.ec\/infouartes\/?p=36"},"modified":"2024-07-04T11:54:22","modified_gmt":"2024-07-04T16:54:22","slug":"programa-de-la-uartes-permitio-a-la-ciudadania-tomar-clases-de-lenguas-extranjeras-sin-costo","status":"publish","type":"post","link":"https:\/\/www.uartes.edu.ec\/sitio\/fr\/blog\/2017\/04\/17\/programa-de-la-uartes-permitio-a-la-ciudadania-tomar-clases-de-lenguas-extranjeras-sin-costo\/","title":{"rendered":"Programa de la UArtes permiti\u00f3 a la ciudadan\u00eda tomar clases de lenguas extranjeras sin costo"},"content":{"rendered":"<p>El Departamento de Lenguas Extranjeras (DLE) de la Universidad de las Artes del Ecuador (UArtes) inici\u00f3, desde noviembre de 2016, el programa piloto de educaci\u00f3n denominado \u2018<strong>Sociedad Biling\u00fce\u2019<\/strong>. Este programa nace de la necesidad de fomentar una ciudadan\u00eda biling\u00fce, sobre todo para los ecuatorianos que buscan acceder a mejores oportunidades laborares y vivenciales en un presente globalizado.<\/p>\n<p>El programa invit\u00f3 a 40 miembros de la comunidad guayaquile\u00f1a a participar de los cursos ofrecidos por el Departamento de Lenguas Extranjeras para la nivelaci\u00f3n y aprendizaje de ingl\u00e9s, franc\u00e9s y portugu\u00e9s. Este segmento de invitados lo constituyeron profesionales, jubilados, amas de casa y estudiantes de otras universidades quienes pudieron inscribirse en los cursos como miembros de la comunidad universitaria de la UArtes, debiendo cumplir en todas las responsabilidades estipuladas por el syllabus de cada docente.<\/p>\n<p>Los estudiantes participaron de manera activa compartiendo conocimientos junto a los estudiantes de la UArtes, tres veces a la semana por diecisiete semanas. Si bien ellos no contaron con una inscripci\u00f3n acad\u00e9mica oficial en&nbsp;la UArtes, debieron obligatoriamente participar en clases, cumplir con tareas y asistencia, realizar producciones art\u00edsticas y rendir examinaciones finales.<\/p>\n<p>Los resultados del proyecto piloto fueron muy importantes. La motivaci\u00f3n hacia el aprendizaje, el sentido de responsabilidad y compromiso de muchos adultos hacia la educaci\u00f3n continua influy\u00f3 positivamente en los estudiantes de la UArtes. Otro gran acierto del proyecto fue evidenciar que el aprendizaje de una lengua extranjera es un espacio generador de di\u00e1logos entre estudiantes, profesores, administrativos y miembros de la comunidad. La lengua nos vincula a todos, as\u00ed como el inter\u00e9s de volvernos m\u00e1s competentes internacionalmente a trav\u00e9s de ella.<\/p>\n<p>En este primer ciclo acad\u00e9mico 2017 el Departamento de Lenguas Extranjeras abri\u00f3 nuevamente el programa para el personal administrativo de la UArtes, al momento el Departamento cuenta con cupos \u00fanicamente para franc\u00e9s y portugu\u00e9s, ya que las clases de ingl\u00e9s est\u00e1n sin cupo. Sin embargo, el equipo del DLE continuar\u00e1 trabajando para expandir&nbsp;su servicio al pa\u00eds, por el momento, impartiendo clases de lenguas extranjeras gratuitas, de calidad y enriquecidas por el entorno acad\u00e9mico enfocado en las artes.<\/p>\n<p>Para informaci\u00f3n sobre futuro cursos o inquietudes comunicarse al email: <a href=\"mailto:fernando.intriago@uartes.edu.ec\">fernando.intriago@uartes.edu.ec<\/a><\/p>","protected":false},"excerpt":{"rendered":"<p>El Departamento de Lenguas Extranjeras (DLE) de la Universidad de las Artes del Ecuador (UArtes) inici\u00f3, desde noviembre de 2016, el programa piloto de educaci\u00f3n denominado \u2018Sociedad Biling\u00fce\u2019. Este programa nace de la necesidad de fomentar una ciudadan\u00eda biling\u00fce, sobre todo para los ecuatorianos que buscan acceder a mejores oportunidades laborares y vivenciales en un [&hellip;]<\/p>\n","protected":false},"author":1,"featured_media":2588,"comment_status":"closed","ping_status":"open","sticky":false,"template":"","format":"standard","meta":{"_acf_changed":false,"_uag_custom_page_level_css":"","_monsterinsights_skip_tracking":false,"_monsterinsights_sitenote_active":false,"_monsterinsights_sitenote_note":"","_monsterinsights_sitenote_category":0,"cybocfi_hide_featured_image":"","footnotes":""},"categories":[79],"tags":[],"infouartes":[],"class_list":["post-36","post","type-post","status-publish","format-standard","has-post-thumbnail","hentry","category-vinculo"],"acf":[],"yoast_head":"<!-- This site is optimized with the Yoast SEO plugin v27.4 - https:\/\/yoast.com\/product\/yoast-seo-wordpress\/ -->\n<title>Universidad de las Artes - Programa de la UArtes permiti\u00f3 a la ciudadan\u00eda tomar clases de lenguas extranjeras sin costo<\/title>\n<meta name=\"description\" content=\"Universidad de las Artes - Programa de la UArtes permiti\u00f3 a la ciudadan\u00eda tomar clases de lenguas extranjeras sin costo\" \/>\n<meta name=\"robots\" content=\"index, follow, max-snippet:-1, max-image-preview:large, max-video-preview:-1\" \/>\n<link rel=\"canonical\" href=\"https:\/\/www.uartes.edu.ec\/sitio\/fr\/blog\/2017\/04\/17\/programa-de-la-uartes-permitio-a-la-ciudadania-tomar-clases-de-lenguas-extranjeras-sin-costo\/\" \/>\n<meta property=\"og:locale\" content=\"fr_FR\" \/>\n<meta property=\"og:type\" content=\"article\" \/>\n<meta property=\"og:title\" content=\"Universidad de las Artes - Programa de la UArtes permiti\u00f3 a la ciudadan\u00eda tomar clases de lenguas extranjeras sin costo\" \/>\n<meta property=\"og:description\" content=\"Universidad de las Artes - Programa de la UArtes permiti\u00f3 a la ciudadan\u00eda tomar clases de lenguas extranjeras sin costo\" \/>\n<meta property=\"og:url\" content=\"https:\/\/www.uartes.edu.ec\/sitio\/fr\/blog\/2017\/04\/17\/programa-de-la-uartes-permitio-a-la-ciudadania-tomar-clases-de-lenguas-extranjeras-sin-costo\/\" \/>\n<meta property=\"og:site_name\" content=\"Universidad de las Artes\" \/>\n<meta property=\"article:publisher\" content=\"https:\/\/www.facebook.com\/uartesec\" \/>\n<meta property=\"article:published_time\" content=\"2017-04-17T23:45:10+00:00\" \/>\n<meta property=\"article:modified_time\" content=\"2024-07-04T16:54:22+00:00\" \/>\n<meta property=\"og:image\" content=\"https:\/\/www.uartes.edu.ec\/sitio\/wp-content\/uploads\/2017\/04\/Programa-de-la-UArtespermitio\u0301alaciudadani\u0301a2-scaled.jpg\" \/>\n\t<meta property=\"og:image:width\" content=\"3648\" \/>\n\t<meta property=\"og:image:height\" content=\"1636\" \/>\n\t<meta property=\"og:image:type\" content=\"image\/jpeg\" \/>\n<meta name=\"author\" content=\"Universidad de las Artes\" \/>\n<meta name=\"twitter:card\" content=\"summary_large_image\" \/>\n<meta name=\"twitter:creator\" content=\"@uartesec\" \/>\n<meta name=\"twitter:site\" content=\"@uartesec\" \/>\n<meta name=\"twitter:label1\" content=\"\u00c9crit par\" \/>\n\t<meta name=\"twitter:data1\" content=\"Universidad de las Artes\" \/>\n\t<meta name=\"twitter:label2\" content=\"Dur\u00e9e de lecture estim\u00e9e\" \/>\n\t<meta name=\"twitter:data2\" content=\"2 minutes\" \/>\n<script type=\"application\/ld+json\" class=\"yoast-schema-graph\">{\"@context\":\"https:\\\/\\\/schema.org\",\"@graph\":[{\"@type\":\"Article\",\"@id\":\"https:\\\/\\\/www.uartes.edu.ec\\\/sitio\\\/fr\\\/blog\\\/2017\\\/04\\\/17\\\/programa-de-la-uartes-permitio-a-la-ciudadania-tomar-clases-de-lenguas-extranjeras-sin-costo\\\/#article\",\"isPartOf\":{\"@id\":\"https:\\\/\\\/www.uartes.edu.ec\\\/sitio\\\/fr\\\/blog\\\/2017\\\/04\\\/17\\\/programa-de-la-uartes-permitio-a-la-ciudadania-tomar-clases-de-lenguas-extranjeras-sin-costo\\\/\"},\"author\":{\"name\":\"Universidad de las Artes\",\"@id\":\"https:\\\/\\\/www.uartes.edu.ec\\\/sitio\\\/fr\\\/#\\\/schema\\\/person\\\/f33f8c1d2af0d5c80a38c8abf458184a\"},\"headline\":\"Programa de la UArtes permiti\u00f3 a la ciudadan\u00eda tomar clases de lenguas extranjeras sin costo\",\"datePublished\":\"2017-04-17T23:45:10+00:00\",\"dateModified\":\"2024-07-04T16:54:22+00:00\",\"mainEntityOfPage\":{\"@id\":\"https:\\\/\\\/www.uartes.edu.ec\\\/sitio\\\/fr\\\/blog\\\/2017\\\/04\\\/17\\\/programa-de-la-uartes-permitio-a-la-ciudadania-tomar-clases-de-lenguas-extranjeras-sin-costo\\\/\"},\"wordCount\":402,\"publisher\":{\"@id\":\"https:\\\/\\\/www.uartes.edu.ec\\\/sitio\\\/fr\\\/#organization\"},\"image\":{\"@id\":\"https:\\\/\\\/www.uartes.edu.ec\\\/sitio\\\/fr\\\/blog\\\/2017\\\/04\\\/17\\\/programa-de-la-uartes-permitio-a-la-ciudadania-tomar-clases-de-lenguas-extranjeras-sin-costo\\\/#primaryimage\"},\"thumbnailUrl\":\"https:\\\/\\\/www.uartes.edu.ec\\\/sitio\\\/wp-content\\\/uploads\\\/2017\\\/04\\\/Programa-de-la-UArtespermitio\u0301alaciudadani\u0301a2-scaled.jpg\",\"articleSection\":[\"V\u00ednculo\"],\"inLanguage\":\"fr-FR\"},{\"@type\":[\"WebPage\",\"ItemPage\"],\"@id\":\"https:\\\/\\\/www.uartes.edu.ec\\\/sitio\\\/fr\\\/blog\\\/2017\\\/04\\\/17\\\/programa-de-la-uartes-permitio-a-la-ciudadania-tomar-clases-de-lenguas-extranjeras-sin-costo\\\/\",\"url\":\"https:\\\/\\\/www.uartes.edu.ec\\\/sitio\\\/fr\\\/blog\\\/2017\\\/04\\\/17\\\/programa-de-la-uartes-permitio-a-la-ciudadania-tomar-clases-de-lenguas-extranjeras-sin-costo\\\/\",\"name\":\"Universidad de las Artes - Programa de la UArtes permiti\u00f3 a la ciudadan\u00eda tomar clases de lenguas extranjeras sin costo\",\"isPartOf\":{\"@id\":\"https:\\\/\\\/www.uartes.edu.ec\\\/sitio\\\/fr\\\/#website\"},\"primaryImageOfPage\":{\"@id\":\"https:\\\/\\\/www.uartes.edu.ec\\\/sitio\\\/fr\\\/blog\\\/2017\\\/04\\\/17\\\/programa-de-la-uartes-permitio-a-la-ciudadania-tomar-clases-de-lenguas-extranjeras-sin-costo\\\/#primaryimage\"},\"image\":{\"@id\":\"https:\\\/\\\/www.uartes.edu.ec\\\/sitio\\\/fr\\\/blog\\\/2017\\\/04\\\/17\\\/programa-de-la-uartes-permitio-a-la-ciudadania-tomar-clases-de-lenguas-extranjeras-sin-costo\\\/#primaryimage\"},\"thumbnailUrl\":\"https:\\\/\\\/www.uartes.edu.ec\\\/sitio\\\/wp-content\\\/uploads\\\/2017\\\/04\\\/Programa-de-la-UArtespermitio\u0301alaciudadani\u0301a2-scaled.jpg\",\"datePublished\":\"2017-04-17T23:45:10+00:00\",\"dateModified\":\"2024-07-04T16:54:22+00:00\",\"description\":\"Universidad de las Artes - Programa de la UArtes permiti\u00f3 a la ciudadan\u00eda tomar clases de lenguas extranjeras sin costo\",\"breadcrumb\":{\"@id\":\"https:\\\/\\\/www.uartes.edu.ec\\\/sitio\\\/fr\\\/blog\\\/2017\\\/04\\\/17\\\/programa-de-la-uartes-permitio-a-la-ciudadania-tomar-clases-de-lenguas-extranjeras-sin-costo\\\/#breadcrumb\"},\"inLanguage\":\"fr-FR\",\"potentialAction\":[{\"@type\":\"ReadAction\",\"target\":[\"https:\\\/\\\/www.uartes.edu.ec\\\/sitio\\\/fr\\\/blog\\\/2017\\\/04\\\/17\\\/programa-de-la-uartes-permitio-a-la-ciudadania-tomar-clases-de-lenguas-extranjeras-sin-costo\\\/\"]}]},{\"@type\":\"ImageObject\",\"inLanguage\":\"fr-FR\",\"@id\":\"https:\\\/\\\/www.uartes.edu.ec\\\/sitio\\\/fr\\\/blog\\\/2017\\\/04\\\/17\\\/programa-de-la-uartes-permitio-a-la-ciudadania-tomar-clases-de-lenguas-extranjeras-sin-costo\\\/#primaryimage\",\"url\":\"https:\\\/\\\/www.uartes.edu.ec\\\/sitio\\\/wp-content\\\/uploads\\\/2017\\\/04\\\/Programa-de-la-UArtespermitio\u0301alaciudadani\u0301a2-scaled.jpg\",\"contentUrl\":\"https:\\\/\\\/www.uartes.edu.ec\\\/sitio\\\/wp-content\\\/uploads\\\/2017\\\/04\\\/Programa-de-la-UArtespermitio\u0301alaciudadani\u0301a2-scaled.jpg\",\"width\":3648,\"height\":1636},{\"@type\":\"BreadcrumbList\",\"@id\":\"https:\\\/\\\/www.uartes.edu.ec\\\/sitio\\\/fr\\\/blog\\\/2017\\\/04\\\/17\\\/programa-de-la-uartes-permitio-a-la-ciudadania-tomar-clases-de-lenguas-extranjeras-sin-costo\\\/#breadcrumb\",\"itemListElement\":[{\"@type\":\"ListItem\",\"position\":1,\"name\":\"Inicio\",\"item\":\"https:\\\/\\\/www.uartes.edu.ec\\\/sitio\\\/\"},{\"@type\":\"ListItem\",\"position\":2,\"name\":\"Programa de la UArtes permiti\u00f3 a la ciudadan\u00eda tomar clases de lenguas extranjeras sin costo\"}]},{\"@type\":\"WebSite\",\"@id\":\"https:\\\/\\\/www.uartes.edu.ec\\\/sitio\\\/fr\\\/#website\",\"url\":\"https:\\\/\\\/www.uartes.edu.ec\\\/sitio\\\/fr\\\/\",\"name\":\"Universidad de las Artes\",\"description\":\"Sitio oficial de la Universidad Nacional de las Artes del Ecuador\",\"publisher\":{\"@id\":\"https:\\\/\\\/www.uartes.edu.ec\\\/sitio\\\/fr\\\/#organization\"},\"potentialAction\":[{\"@type\":\"SearchAction\",\"target\":{\"@type\":\"EntryPoint\",\"urlTemplate\":\"https:\\\/\\\/www.uartes.edu.ec\\\/sitio\\\/fr\\\/?s={search_term_string}\"},\"query-input\":{\"@type\":\"PropertyValueSpecification\",\"valueRequired\":true,\"valueName\":\"search_term_string\"}}],\"inLanguage\":\"fr-FR\"},{\"@type\":\"Organization\",\"@id\":\"https:\\\/\\\/www.uartes.edu.ec\\\/sitio\\\/fr\\\/#organization\",\"name\":\"Universidad de las Artes\",\"url\":\"https:\\\/\\\/www.uartes.edu.ec\\\/sitio\\\/fr\\\/\",\"logo\":{\"@type\":\"ImageObject\",\"inLanguage\":\"fr-FR\",\"@id\":\"https:\\\/\\\/www.uartes.edu.ec\\\/sitio\\\/fr\\\/#\\\/schema\\\/logo\\\/image\\\/\",\"url\":\"https:\\\/\\\/www.uartes.edu.ec\\\/sitio\\\/wp-content\\\/uploads\\\/2022\\\/07\\\/logo-ua-horizontal.png\",\"contentUrl\":\"https:\\\/\\\/www.uartes.edu.ec\\\/sitio\\\/wp-content\\\/uploads\\\/2022\\\/07\\\/logo-ua-horizontal.png\",\"width\":800,\"height\":276,\"caption\":\"Universidad de las Artes\"},\"image\":{\"@id\":\"https:\\\/\\\/www.uartes.edu.ec\\\/sitio\\\/fr\\\/#\\\/schema\\\/logo\\\/image\\\/\"},\"sameAs\":[\"https:\\\/\\\/www.facebook.com\\\/uartesec\",\"https:\\\/\\\/x.com\\\/uartesec\",\"https:\\\/\\\/www.tiktok.com\\\/@uartesec\"]},{\"@type\":\"Person\",\"@id\":\"https:\\\/\\\/www.uartes.edu.ec\\\/sitio\\\/fr\\\/#\\\/schema\\\/person\\\/f33f8c1d2af0d5c80a38c8abf458184a\",\"name\":\"Universidad de las Artes\",\"image\":{\"@type\":\"ImageObject\",\"inLanguage\":\"fr-FR\",\"@id\":\"https:\\\/\\\/secure.gravatar.com\\\/avatar\\\/52e4757902f5cfa5ac52d020e5be83cae5487519154b6c35482fe08d589f3c13?s=96&d=mm&r=g\",\"url\":\"https:\\\/\\\/secure.gravatar.com\\\/avatar\\\/52e4757902f5cfa5ac52d020e5be83cae5487519154b6c35482fe08d589f3c13?s=96&d=mm&r=g\",\"contentUrl\":\"https:\\\/\\\/secure.gravatar.com\\\/avatar\\\/52e4757902f5cfa5ac52d020e5be83cae5487519154b6c35482fe08d589f3c13?s=96&d=mm&r=g\",\"caption\":\"Universidad de las Artes\"},\"url\":\"https:\\\/\\\/www.uartes.edu.ec\\\/sitio\\\/fr\\\/blog\\\/author\\\/dircomadm\\\/\"}]}<\/script>\n<!-- \/ Yoast SEO plugin. -->","yoast_head_json":{"title":"Universidad de las Artes - Programa de la UArtes permiti\u00f3 a la ciudadan\u00eda tomar clases de lenguas extranjeras sin costo","description":"Universidad de las Artes - Programa de la UArtes permiti\u00f3 a la ciudadan\u00eda tomar clases de lenguas extranjeras sin costo","robots":{"index":"index","follow":"follow","max-snippet":"max-snippet:-1","max-image-preview":"max-image-preview:large","max-video-preview":"max-video-preview:-1"},"canonical":"https:\/\/www.uartes.edu.ec\/sitio\/fr\/blog\/2017\/04\/17\/programa-de-la-uartes-permitio-a-la-ciudadania-tomar-clases-de-lenguas-extranjeras-sin-costo\/","og_locale":"fr_FR","og_type":"article","og_title":"Universidad de las Artes - Programa de la UArtes permiti\u00f3 a la ciudadan\u00eda tomar clases de lenguas extranjeras sin costo","og_description":"Universidad de las Artes - Programa de la UArtes permiti\u00f3 a la ciudadan\u00eda tomar clases de lenguas extranjeras sin costo","og_url":"https:\/\/www.uartes.edu.ec\/sitio\/fr\/blog\/2017\/04\/17\/programa-de-la-uartes-permitio-a-la-ciudadania-tomar-clases-de-lenguas-extranjeras-sin-costo\/","og_site_name":"Universidad de las Artes","article_publisher":"https:\/\/www.facebook.com\/uartesec","article_published_time":"2017-04-17T23:45:10+00:00","article_modified_time":"2024-07-04T16:54:22+00:00","og_image":[{"width":3648,"height":1636,"url":"https:\/\/www.uartes.edu.ec\/sitio\/wp-content\/uploads\/2017\/04\/Programa-de-la-UArtespermitio\u0301alaciudadani\u0301a2-scaled.jpg","type":"image\/jpeg"}],"author":"Universidad de las Artes","twitter_card":"summary_large_image","twitter_creator":"@uartesec","twitter_site":"@uartesec","twitter_misc":{"\u00c9crit par":"Universidad de las Artes","Dur\u00e9e de lecture estim\u00e9e":"2 minutes"},"schema":{"@context":"https:\/\/schema.org","@graph":[{"@type":"Article","@id":"https:\/\/www.uartes.edu.ec\/sitio\/fr\/blog\/2017\/04\/17\/programa-de-la-uartes-permitio-a-la-ciudadania-tomar-clases-de-lenguas-extranjeras-sin-costo\/#article","isPartOf":{"@id":"https:\/\/www.uartes.edu.ec\/sitio\/fr\/blog\/2017\/04\/17\/programa-de-la-uartes-permitio-a-la-ciudadania-tomar-clases-de-lenguas-extranjeras-sin-costo\/"},"author":{"name":"Universidad de las Artes","@id":"https:\/\/www.uartes.edu.ec\/sitio\/fr\/#\/schema\/person\/f33f8c1d2af0d5c80a38c8abf458184a"},"headline":"Programa de la UArtes permiti\u00f3 a la ciudadan\u00eda tomar clases de lenguas extranjeras sin costo","datePublished":"2017-04-17T23:45:10+00:00","dateModified":"2024-07-04T16:54:22+00:00","mainEntityOfPage":{"@id":"https:\/\/www.uartes.edu.ec\/sitio\/fr\/blog\/2017\/04\/17\/programa-de-la-uartes-permitio-a-la-ciudadania-tomar-clases-de-lenguas-extranjeras-sin-costo\/"},"wordCount":402,"publisher":{"@id":"https:\/\/www.uartes.edu.ec\/sitio\/fr\/#organization"},"image":{"@id":"https:\/\/www.uartes.edu.ec\/sitio\/fr\/blog\/2017\/04\/17\/programa-de-la-uartes-permitio-a-la-ciudadania-tomar-clases-de-lenguas-extranjeras-sin-costo\/#primaryimage"},"thumbnailUrl":"https:\/\/www.uartes.edu.ec\/sitio\/wp-content\/uploads\/2017\/04\/Programa-de-la-UArtespermitio\u0301alaciudadani\u0301a2-scaled.jpg","articleSection":["V\u00ednculo"],"inLanguage":"fr-FR"},{"@type":["WebPage","ItemPage"],"@id":"https:\/\/www.uartes.edu.ec\/sitio\/fr\/blog\/2017\/04\/17\/programa-de-la-uartes-permitio-a-la-ciudadania-tomar-clases-de-lenguas-extranjeras-sin-costo\/","url":"https:\/\/www.uartes.edu.ec\/sitio\/fr\/blog\/2017\/04\/17\/programa-de-la-uartes-permitio-a-la-ciudadania-tomar-clases-de-lenguas-extranjeras-sin-costo\/","name":"Universidad de las Artes - Programa de la UArtes permiti\u00f3 a la ciudadan\u00eda tomar clases de lenguas extranjeras sin costo","isPartOf":{"@id":"https:\/\/www.uartes.edu.ec\/sitio\/fr\/#website"},"primaryImageOfPage":{"@id":"https:\/\/www.uartes.edu.ec\/sitio\/fr\/blog\/2017\/04\/17\/programa-de-la-uartes-permitio-a-la-ciudadania-tomar-clases-de-lenguas-extranjeras-sin-costo\/#primaryimage"},"image":{"@id":"https:\/\/www.uartes.edu.ec\/sitio\/fr\/blog\/2017\/04\/17\/programa-de-la-uartes-permitio-a-la-ciudadania-tomar-clases-de-lenguas-extranjeras-sin-costo\/#primaryimage"},"thumbnailUrl":"https:\/\/www.uartes.edu.ec\/sitio\/wp-content\/uploads\/2017\/04\/Programa-de-la-UArtespermitio\u0301alaciudadani\u0301a2-scaled.jpg","datePublished":"2017-04-17T23:45:10+00:00","dateModified":"2024-07-04T16:54:22+00:00","description":"Universidad de las Artes - Programa de la UArtes permiti\u00f3 a la ciudadan\u00eda tomar clases de lenguas extranjeras sin costo","breadcrumb":{"@id":"https:\/\/www.uartes.edu.ec\/sitio\/fr\/blog\/2017\/04\/17\/programa-de-la-uartes-permitio-a-la-ciudadania-tomar-clases-de-lenguas-extranjeras-sin-costo\/#breadcrumb"},"inLanguage":"fr-FR","potentialAction":[{"@type":"ReadAction","target":["https:\/\/www.uartes.edu.ec\/sitio\/fr\/blog\/2017\/04\/17\/programa-de-la-uartes-permitio-a-la-ciudadania-tomar-clases-de-lenguas-extranjeras-sin-costo\/"]}]},{"@type":"ImageObject","inLanguage":"fr-FR","@id":"https:\/\/www.uartes.edu.ec\/sitio\/fr\/blog\/2017\/04\/17\/programa-de-la-uartes-permitio-a-la-ciudadania-tomar-clases-de-lenguas-extranjeras-sin-costo\/#primaryimage","url":"https:\/\/www.uartes.edu.ec\/sitio\/wp-content\/uploads\/2017\/04\/Programa-de-la-UArtespermitio\u0301alaciudadani\u0301a2-scaled.jpg","contentUrl":"https:\/\/www.uartes.edu.ec\/sitio\/wp-content\/uploads\/2017\/04\/Programa-de-la-UArtespermitio\u0301alaciudadani\u0301a2-scaled.jpg","width":3648,"height":1636},{"@type":"BreadcrumbList","@id":"https:\/\/www.uartes.edu.ec\/sitio\/fr\/blog\/2017\/04\/17\/programa-de-la-uartes-permitio-a-la-ciudadania-tomar-clases-de-lenguas-extranjeras-sin-costo\/#breadcrumb","itemListElement":[{"@type":"ListItem","position":1,"name":"Inicio","item":"https:\/\/www.uartes.edu.ec\/sitio\/"},{"@type":"ListItem","position":2,"name":"Programa de la UArtes permiti\u00f3 a la ciudadan\u00eda tomar clases de lenguas extranjeras sin costo"}]},{"@type":"WebSite","@id":"https:\/\/www.uartes.edu.ec\/sitio\/fr\/#website","url":"https:\/\/www.uartes.edu.ec\/sitio\/fr\/","name":"Universidad de las Artes","description":"Sitio oficial de la Universidad Nacional de las Artes del Ecuador","publisher":{"@id":"https:\/\/www.uartes.edu.ec\/sitio\/fr\/#organization"},"potentialAction":[{"@type":"SearchAction","target":{"@type":"EntryPoint","urlTemplate":"https:\/\/www.uartes.edu.ec\/sitio\/fr\/?s={search_term_string}"},"query-input":{"@type":"PropertyValueSpecification","valueRequired":true,"valueName":"search_term_string"}}],"inLanguage":"fr-FR"},{"@type":"Organization","@id":"https:\/\/www.uartes.edu.ec\/sitio\/fr\/#organization","name":"Universidad de las Artes","url":"https:\/\/www.uartes.edu.ec\/sitio\/fr\/","logo":{"@type":"ImageObject","inLanguage":"fr-FR","@id":"https:\/\/www.uartes.edu.ec\/sitio\/fr\/#\/schema\/logo\/image\/","url":"https:\/\/www.uartes.edu.ec\/sitio\/wp-content\/uploads\/2022\/07\/logo-ua-horizontal.png","contentUrl":"https:\/\/www.uartes.edu.ec\/sitio\/wp-content\/uploads\/2022\/07\/logo-ua-horizontal.png","width":800,"height":276,"caption":"Universidad de las Artes"},"image":{"@id":"https:\/\/www.uartes.edu.ec\/sitio\/fr\/#\/schema\/logo\/image\/"},"sameAs":["https:\/\/www.facebook.com\/uartesec","https:\/\/x.com\/uartesec","https:\/\/www.tiktok.com\/@uartesec"]},{"@type":"Person","@id":"https:\/\/www.uartes.edu.ec\/sitio\/fr\/#\/schema\/person\/f33f8c1d2af0d5c80a38c8abf458184a","name":"Universidad de las Artes","image":{"@type":"ImageObject","inLanguage":"fr-FR","@id":"https:\/\/secure.gravatar.com\/avatar\/52e4757902f5cfa5ac52d020e5be83cae5487519154b6c35482fe08d589f3c13?s=96&d=mm&r=g","url":"https:\/\/secure.gravatar.com\/avatar\/52e4757902f5cfa5ac52d020e5be83cae5487519154b6c35482fe08d589f3c13?s=96&d=mm&r=g","contentUrl":"https:\/\/secure.gravatar.com\/avatar\/52e4757902f5cfa5ac52d020e5be83cae5487519154b6c35482fe08d589f3c13?s=96&d=mm&r=g","caption":"Universidad de las Artes"},"url":"https:\/\/www.uartes.edu.ec\/sitio\/fr\/blog\/author\/dircomadm\/"}]}},"uagb_featured_image_src":{"full":["https:\/\/www.uartes.edu.ec\/sitio\/wp-content\/uploads\/2017\/04\/Programa-de-la-UArtespermitio\u0301alaciudadani\u0301a2-scaled.jpg",3648,1636,false],"thumbnail":["https:\/\/www.uartes.edu.ec\/sitio\/wp-content\/uploads\/2017\/04\/Programa-de-la-UArtespermitio\u0301alaciudadani\u0301a2-150x150.jpg",150,150,true],"medium":["https:\/\/www.uartes.edu.ec\/sitio\/wp-content\/uploads\/2017\/04\/Programa-de-la-UArtespermitio\u0301alaciudadani\u0301a2-300x135.jpg",300,135,true],"medium_large":["https:\/\/www.uartes.edu.ec\/sitio\/wp-content\/uploads\/2017\/04\/Programa-de-la-UArtespermitio\u0301alaciudadani\u0301a2-768x344.jpg",768,344,true],"large":["https:\/\/www.uartes.edu.ec\/sitio\/wp-content\/uploads\/2017\/04\/Programa-de-la-UArtespermitio\u0301alaciudadani\u0301a2-1024x459.jpg",644,289,true],"1536x1536":["https:\/\/www.uartes.edu.ec\/sitio\/wp-content\/uploads\/2017\/04\/Programa-de-la-UArtespermitio\u0301alaciudadani\u0301a2-scaled.jpg",1536,689,false],"2048x2048":["https:\/\/www.uartes.edu.ec\/sitio\/wp-content\/uploads\/2017\/04\/Programa-de-la-UArtespermitio\u0301alaciudadani\u0301a2-scaled.jpg",2048,918,false],"trp-custom-language-flag":["https:\/\/www.uartes.edu.ec\/sitio\/wp-content\/uploads\/2017\/04\/Programa-de-la-UArtespermitio\u0301alaciudadani\u0301a2-scaled.jpg",18,8,false],"htmega_size_585x295":["https:\/\/www.uartes.edu.ec\/sitio\/wp-content\/uploads\/2017\/04\/Programa-de-la-UArtespermitio\u0301alaciudadani\u0301a2-scaled.jpg",585,262,false],"htmega_size_1170x536":["https:\/\/www.uartes.edu.ec\/sitio\/wp-content\/uploads\/2017\/04\/Programa-de-la-UArtespermitio\u0301alaciudadani\u0301a2-scaled.jpg",1170,525,false],"htmega_size_396x360":["https:\/\/www.uartes.edu.ec\/sitio\/wp-content\/uploads\/2017\/04\/Programa-de-la-UArtespermitio\u0301alaciudadani\u0301a2-scaled.jpg",396,178,false],"gb-block-post-grid-landscape":["https:\/\/www.uartes.edu.ec\/sitio\/wp-content\/uploads\/2017\/04\/Programa-de-la-UArtespermitio\u0301alaciudadani\u0301a2-scaled.jpg",600,269,false],"gb-block-post-grid-square":["https:\/\/www.uartes.edu.ec\/sitio\/wp-content\/uploads\/2017\/04\/Programa-de-la-UArtespermitio\u0301alaciudadani\u0301a2-scaled.jpg",600,269,false],"university-hub-thumb":["https:\/\/www.uartes.edu.ec\/sitio\/wp-content\/uploads\/2017\/04\/Programa-de-la-UArtespermitio\u0301alaciudadani\u0301a2-scaled.jpg",400,179,false]},"uagb_author_info":{"display_name":"Universidad de las Artes","author_link":"https:\/\/www.uartes.edu.ec\/sitio\/fr\/blog\/author\/dircomadm\/"},"uagb_comment_info":0,"uagb_excerpt":"El Departamento de Lenguas Extranjeras (DLE) de la Universidad de las Artes del Ecuador (UArtes) inici\u00f3, desde noviembre de 2016, el programa piloto de educaci\u00f3n denominado \u2018Sociedad Biling\u00fce\u2019. Este programa nace de la necesidad de fomentar una ciudadan\u00eda biling\u00fce, sobre todo para los ecuatorianos que buscan acceder a mejores oportunidades laborares y vivenciales en un\u2026","featured_image_src":"https:\/\/www.uartes.edu.ec\/sitio\/wp-content\/uploads\/2017\/04\/Programa-de-la-UArtespermitio\u0301alaciudadani\u0301a2-scaled.jpg","featured_image_src_square":"https:\/\/www.uartes.edu.ec\/sitio\/wp-content\/uploads\/2017\/04\/Programa-de-la-UArtespermitio\u0301alaciudadani\u0301a2-scaled.jpg","author_info":{"display_name":"Universidad de las Artes","author_link":"https:\/\/www.uartes.edu.ec\/sitio\/fr\/blog\/author\/dircomadm\/"},"publishpress_future_workflow_manual_trigger":{"enabledWorkflows":[]},"distributor_meta":false,"distributor_terms":false,"distributor_media":false,"distributor_original_site_name":"Universidad de las Artes","distributor_original_site_url":"https:\/\/www.uartes.edu.ec\/sitio\/fr","push-errors":false,"_links":{"self":[{"href":"https:\/\/www.uartes.edu.ec\/sitio\/fr\/wp-json\/wp\/v2\/posts\/36","targetHints":{"allow":["GET"]}}],"collection":[{"href":"https:\/\/www.uartes.edu.ec\/sitio\/fr\/wp-json\/wp\/v2\/posts"}],"about":[{"href":"https:\/\/www.uartes.edu.ec\/sitio\/fr\/wp-json\/wp\/v2\/types\/post"}],"author":[{"embeddable":true,"href":"https:\/\/www.uartes.edu.ec\/sitio\/fr\/wp-json\/wp\/v2\/users\/1"}],"replies":[{"embeddable":true,"href":"https:\/\/www.uartes.edu.ec\/sitio\/fr\/wp-json\/wp\/v2\/comments?post=36"}],"version-history":[{"count":1,"href":"https:\/\/www.uartes.edu.ec\/sitio\/fr\/wp-json\/wp\/v2\/posts\/36\/revisions"}],"predecessor-version":[{"id":2589,"href":"https:\/\/www.uartes.edu.ec\/sitio\/fr\/wp-json\/wp\/v2\/posts\/36\/revisions\/2589"}],"wp:featuredmedia":[{"embeddable":true,"href":"https:\/\/www.uartes.edu.ec\/sitio\/fr\/wp-json\/wp\/v2\/media\/2588"}],"wp:attachment":[{"href":"https:\/\/www.uartes.edu.ec\/sitio\/fr\/wp-json\/wp\/v2\/media?parent=36"}],"wp:term":[{"taxonomy":"category","embeddable":true,"href":"https:\/\/www.uartes.edu.ec\/sitio\/fr\/wp-json\/wp\/v2\/categories?post=36"},{"taxonomy":"post_tag","embeddable":true,"href":"https:\/\/www.uartes.edu.ec\/sitio\/fr\/wp-json\/wp\/v2\/tags?post=36"},{"taxonomy":"infouartes","embeddable":true,"href":"https:\/\/www.uartes.edu.ec\/sitio\/fr\/wp-json\/wp\/v2\/infouartes?post=36"}],"curies":[{"name":"wp","href":"https:\/\/api.w.org\/{rel}","templated":true}]}}