{"id":3609,"date":"2019-05-31T19:12:52","date_gmt":"2019-06-01T00:12:52","guid":{"rendered":"http:\/\/www.uartes.edu.ec\/sitio\/?p=3609"},"modified":"2024-07-04T11:51:08","modified_gmt":"2024-07-04T16:51:08","slug":"uartes-presente-en-la-incorporacion-de-455-maestrantes-de-la-unae","status":"publish","type":"post","link":"https:\/\/www.uartes.edu.ec\/sitio\/fr\/blog\/2019\/05\/31\/uartes-presente-en-la-incorporacion-de-455-maestrantes-de-la-unae\/","title":{"rendered":"UArtes presente en la incorporaci\u00f3n de 455 maestrantes de la UNAE"},"content":{"rendered":"<p>La Universidad de las Artes, representada por su rector, Ramiro Noriega, fue invitada por la Universidad Nacional de Educaci\u00f3n (UNAE) a la ceremonia de graduaci\u00f3n de los 455 maestrantes de la Maestr\u00cda en Educaci\u00f3n que imparte la instituci\u00f3n junto con la Universitat de Barcelona (UB) y en convenio con el Ministerio de Educaci\u00f3n del Ecuador. La UArtes tambi\u00e9n estuvo presente en el acto solemne que se realiz\u00f3 luego por el cuarto aniversario de la UNAE.<\/p>\r\n\r\n\r\n\r\n<p>Los graduandos de la UNAE son todos docentes en ejercicio del sistema de educaci\u00f3n p\u00fablico ecuatoriano, raz\u00f3n por la cual, indicaron sus autoridades, la Maestr\u00eda en Educaci\u00f3n se inscribi\u00f3 en la estrategia de crear las condiciones para que la educaci\u00f3n del pa\u00eds se fortalezca con un personal altamente formado y calificado, acorde a las exigencias del siglo XXl.<\/p>\r\n\r\n\r\n\r\n<p>La presencia de la UArtes en las ceremonias de la UNAE se debe al trabajo conjunto desarrollado con la carrera de Pedagog\u00eda de las Artes y Humanidades, la cual es la primera experiencia de esa \u00edndole en el pa\u00eds. Los estudiantes estar\u00e1n en la UArtes por tres semestres, presentando al final sus proyectos de titulaci\u00f3n en cualquiera de las dos universidades. Este convenio busca formar a los siguientes profesores de artes de colegios o centros de educaci\u00f3n secundaria que se ocupar\u00edan de la ense\u00f1anza de educaci\u00f3n cultural y art\u00edstica.<\/p>\r\n<p>La UArtes fomenta y apoya la transferencia de conocimientos, siempre en servicio para la sociedad ecuatoriana, asegurando el derecho a la educaci\u00f3n en artes con altos est\u00e1ndares de calidad.<\/p>","protected":false},"excerpt":{"rendered":"<p>La Universidad de las Artes, representada por su rector, Ramiro Noriega, fue invitada por la Universidad Nacional de Educaci\u00f3n (UNAE) a la ceremonia de graduaci\u00f3n de los 455 maestrantes de la Maestr\u00cda en Educaci\u00f3n que imparte la instituci\u00f3n junto con la Universitat de Barcelona (UB) y en convenio con el Ministerio de Educaci\u00f3n del Ecuador. [&hellip;]<\/p>\n","protected":false},"author":1,"featured_media":3612,"comment_status":"closed","ping_status":"closed","sticky":false,"template":"","format":"standard","meta":{"_acf_changed":false,"_uag_custom_page_level_css":"","_monsterinsights_skip_tracking":false,"_monsterinsights_sitenote_active":false,"_monsterinsights_sitenote_note":"","_monsterinsights_sitenote_category":0,"cybocfi_hide_featured_image":"","footnotes":""},"categories":[77,84],"tags":[229],"infouartes":[],"class_list":["post-3609","post","type-post","status-publish","format-standard","has-post-thumbnail","hentry","category-gestion","category-rectorado","tag-pedagogia-de-las-artes-y-humanidades"],"acf":[],"yoast_head":"<!-- This site is optimized with the Yoast SEO plugin v27.4 - https:\/\/yoast.com\/product\/yoast-seo-wordpress\/ -->\n<title>Universidad de las Artes - UArtes presente en la incorporaci\u00f3n de 455 maestrantes de la UNAE<\/title>\n<meta name=\"description\" content=\"Universidad de las Artes - UArtes presente en la incorporaci\u00f3n de 455 maestrantes de la UNAE\" \/>\n<meta name=\"robots\" content=\"index, follow, max-snippet:-1, max-image-preview:large, max-video-preview:-1\" \/>\n<link rel=\"canonical\" href=\"https:\/\/www.uartes.edu.ec\/sitio\/fr\/blog\/2019\/05\/31\/uartes-presente-en-la-incorporacion-de-455-maestrantes-de-la-unae\/\" \/>\n<meta property=\"og:locale\" content=\"fr_FR\" \/>\n<meta property=\"og:type\" content=\"article\" \/>\n<meta property=\"og:title\" content=\"Universidad de las Artes - UArtes presente en la incorporaci\u00f3n de 455 maestrantes de la UNAE\" \/>\n<meta property=\"og:description\" content=\"Universidad de las Artes - UArtes presente en la incorporaci\u00f3n de 455 maestrantes de la UNAE\" \/>\n<meta property=\"og:url\" content=\"https:\/\/www.uartes.edu.ec\/sitio\/fr\/blog\/2019\/05\/31\/uartes-presente-en-la-incorporacion-de-455-maestrantes-de-la-unae\/\" \/>\n<meta property=\"og:site_name\" content=\"Universidad de las Artes\" \/>\n<meta property=\"article:publisher\" content=\"https:\/\/www.facebook.com\/uartesec\" \/>\n<meta property=\"article:published_time\" content=\"2019-06-01T00:12:52+00:00\" \/>\n<meta property=\"article:modified_time\" content=\"2024-07-04T16:51:08+00:00\" \/>\n<meta property=\"og:image\" content=\"https:\/\/www.uartes.edu.ec\/sitio\/wp-content\/uploads\/2019\/06\/Rector-UARTES-UNAE.jpg\" \/>\n\t<meta property=\"og:image:width\" content=\"1500\" \/>\n\t<meta property=\"og:image:height\" content=\"1000\" \/>\n\t<meta property=\"og:image:type\" content=\"image\/jpeg\" \/>\n<meta name=\"author\" content=\"Universidad de las Artes\" \/>\n<meta name=\"twitter:card\" content=\"summary_large_image\" \/>\n<meta name=\"twitter:creator\" content=\"@uartesec\" \/>\n<meta name=\"twitter:site\" content=\"@uartesec\" \/>\n<meta name=\"twitter:label1\" content=\"\u00c9crit par\" \/>\n\t<meta name=\"twitter:data1\" content=\"Universidad de las Artes\" \/>\n\t<meta name=\"twitter:label2\" content=\"Dur\u00e9e de lecture estim\u00e9e\" \/>\n\t<meta name=\"twitter:data2\" content=\"1 minute\" \/>\n<script type=\"application\/ld+json\" class=\"yoast-schema-graph\">{\"@context\":\"https:\\\/\\\/schema.org\",\"@graph\":[{\"@type\":\"Article\",\"@id\":\"https:\\\/\\\/www.uartes.edu.ec\\\/sitio\\\/fr\\\/blog\\\/2019\\\/05\\\/31\\\/uartes-presente-en-la-incorporacion-de-455-maestrantes-de-la-unae\\\/#article\",\"isPartOf\":{\"@id\":\"https:\\\/\\\/www.uartes.edu.ec\\\/sitio\\\/fr\\\/blog\\\/2019\\\/05\\\/31\\\/uartes-presente-en-la-incorporacion-de-455-maestrantes-de-la-unae\\\/\"},\"author\":{\"name\":\"Universidad de las Artes\",\"@id\":\"https:\\\/\\\/www.uartes.edu.ec\\\/sitio\\\/fr\\\/#\\\/schema\\\/person\\\/f33f8c1d2af0d5c80a38c8abf458184a\"},\"headline\":\"UArtes presente en la incorporaci\u00f3n de 455 maestrantes de la UNAE\",\"datePublished\":\"2019-06-01T00:12:52+00:00\",\"dateModified\":\"2024-07-04T16:51:08+00:00\",\"mainEntityOfPage\":{\"@id\":\"https:\\\/\\\/www.uartes.edu.ec\\\/sitio\\\/fr\\\/blog\\\/2019\\\/05\\\/31\\\/uartes-presente-en-la-incorporacion-de-455-maestrantes-de-la-unae\\\/\"},\"wordCount\":286,\"publisher\":{\"@id\":\"https:\\\/\\\/www.uartes.edu.ec\\\/sitio\\\/fr\\\/#organization\"},\"image\":{\"@id\":\"https:\\\/\\\/www.uartes.edu.ec\\\/sitio\\\/fr\\\/blog\\\/2019\\\/05\\\/31\\\/uartes-presente-en-la-incorporacion-de-455-maestrantes-de-la-unae\\\/#primaryimage\"},\"thumbnailUrl\":\"https:\\\/\\\/www.uartes.edu.ec\\\/sitio\\\/wp-content\\\/uploads\\\/2019\\\/06\\\/Rector-UARTES-UNAE.jpg\",\"keywords\":[\"Pedagog\u00eda de las Artes y Humanidades\"],\"articleSection\":[\"Gesti\u00f3n\",\"Rectorado\"],\"inLanguage\":\"fr-FR\"},{\"@type\":[\"WebPage\",\"ItemPage\"],\"@id\":\"https:\\\/\\\/www.uartes.edu.ec\\\/sitio\\\/fr\\\/blog\\\/2019\\\/05\\\/31\\\/uartes-presente-en-la-incorporacion-de-455-maestrantes-de-la-unae\\\/\",\"url\":\"https:\\\/\\\/www.uartes.edu.ec\\\/sitio\\\/fr\\\/blog\\\/2019\\\/05\\\/31\\\/uartes-presente-en-la-incorporacion-de-455-maestrantes-de-la-unae\\\/\",\"name\":\"Universidad de las Artes - UArtes presente en la incorporaci\u00f3n de 455 maestrantes de la UNAE\",\"isPartOf\":{\"@id\":\"https:\\\/\\\/www.uartes.edu.ec\\\/sitio\\\/fr\\\/#website\"},\"primaryImageOfPage\":{\"@id\":\"https:\\\/\\\/www.uartes.edu.ec\\\/sitio\\\/fr\\\/blog\\\/2019\\\/05\\\/31\\\/uartes-presente-en-la-incorporacion-de-455-maestrantes-de-la-unae\\\/#primaryimage\"},\"image\":{\"@id\":\"https:\\\/\\\/www.uartes.edu.ec\\\/sitio\\\/fr\\\/blog\\\/2019\\\/05\\\/31\\\/uartes-presente-en-la-incorporacion-de-455-maestrantes-de-la-unae\\\/#primaryimage\"},\"thumbnailUrl\":\"https:\\\/\\\/www.uartes.edu.ec\\\/sitio\\\/wp-content\\\/uploads\\\/2019\\\/06\\\/Rector-UARTES-UNAE.jpg\",\"datePublished\":\"2019-06-01T00:12:52+00:00\",\"dateModified\":\"2024-07-04T16:51:08+00:00\",\"description\":\"Universidad de las Artes - UArtes presente en la incorporaci\u00f3n de 455 maestrantes de la UNAE\",\"breadcrumb\":{\"@id\":\"https:\\\/\\\/www.uartes.edu.ec\\\/sitio\\\/fr\\\/blog\\\/2019\\\/05\\\/31\\\/uartes-presente-en-la-incorporacion-de-455-maestrantes-de-la-unae\\\/#breadcrumb\"},\"inLanguage\":\"fr-FR\",\"potentialAction\":[{\"@type\":\"ReadAction\",\"target\":[\"https:\\\/\\\/www.uartes.edu.ec\\\/sitio\\\/fr\\\/blog\\\/2019\\\/05\\\/31\\\/uartes-presente-en-la-incorporacion-de-455-maestrantes-de-la-unae\\\/\"]}]},{\"@type\":\"ImageObject\",\"inLanguage\":\"fr-FR\",\"@id\":\"https:\\\/\\\/www.uartes.edu.ec\\\/sitio\\\/fr\\\/blog\\\/2019\\\/05\\\/31\\\/uartes-presente-en-la-incorporacion-de-455-maestrantes-de-la-unae\\\/#primaryimage\",\"url\":\"https:\\\/\\\/www.uartes.edu.ec\\\/sitio\\\/wp-content\\\/uploads\\\/2019\\\/06\\\/Rector-UARTES-UNAE.jpg\",\"contentUrl\":\"https:\\\/\\\/www.uartes.edu.ec\\\/sitio\\\/wp-content\\\/uploads\\\/2019\\\/06\\\/Rector-UARTES-UNAE.jpg\",\"width\":1500,\"height\":1000},{\"@type\":\"BreadcrumbList\",\"@id\":\"https:\\\/\\\/www.uartes.edu.ec\\\/sitio\\\/fr\\\/blog\\\/2019\\\/05\\\/31\\\/uartes-presente-en-la-incorporacion-de-455-maestrantes-de-la-unae\\\/#breadcrumb\",\"itemListElement\":[{\"@type\":\"ListItem\",\"position\":1,\"name\":\"Inicio\",\"item\":\"https:\\\/\\\/www.uartes.edu.ec\\\/sitio\\\/\"},{\"@type\":\"ListItem\",\"position\":2,\"name\":\"UArtes presente en la incorporaci\u00f3n de 455 maestrantes de la UNAE\"}]},{\"@type\":\"WebSite\",\"@id\":\"https:\\\/\\\/www.uartes.edu.ec\\\/sitio\\\/fr\\\/#website\",\"url\":\"https:\\\/\\\/www.uartes.edu.ec\\\/sitio\\\/fr\\\/\",\"name\":\"Universidad de las Artes\",\"description\":\"Sitio oficial de la Universidad Nacional de las Artes del Ecuador\",\"publisher\":{\"@id\":\"https:\\\/\\\/www.uartes.edu.ec\\\/sitio\\\/fr\\\/#organization\"},\"potentialAction\":[{\"@type\":\"SearchAction\",\"target\":{\"@type\":\"EntryPoint\",\"urlTemplate\":\"https:\\\/\\\/www.uartes.edu.ec\\\/sitio\\\/fr\\\/?s={search_term_string}\"},\"query-input\":{\"@type\":\"PropertyValueSpecification\",\"valueRequired\":true,\"valueName\":\"search_term_string\"}}],\"inLanguage\":\"fr-FR\"},{\"@type\":\"Organization\",\"@id\":\"https:\\\/\\\/www.uartes.edu.ec\\\/sitio\\\/fr\\\/#organization\",\"name\":\"Universidad de las Artes\",\"url\":\"https:\\\/\\\/www.uartes.edu.ec\\\/sitio\\\/fr\\\/\",\"logo\":{\"@type\":\"ImageObject\",\"inLanguage\":\"fr-FR\",\"@id\":\"https:\\\/\\\/www.uartes.edu.ec\\\/sitio\\\/fr\\\/#\\\/schema\\\/logo\\\/image\\\/\",\"url\":\"https:\\\/\\\/www.uartes.edu.ec\\\/sitio\\\/wp-content\\\/uploads\\\/2022\\\/07\\\/logo-ua-horizontal.png\",\"contentUrl\":\"https:\\\/\\\/www.uartes.edu.ec\\\/sitio\\\/wp-content\\\/uploads\\\/2022\\\/07\\\/logo-ua-horizontal.png\",\"width\":800,\"height\":276,\"caption\":\"Universidad de las Artes\"},\"image\":{\"@id\":\"https:\\\/\\\/www.uartes.edu.ec\\\/sitio\\\/fr\\\/#\\\/schema\\\/logo\\\/image\\\/\"},\"sameAs\":[\"https:\\\/\\\/www.facebook.com\\\/uartesec\",\"https:\\\/\\\/x.com\\\/uartesec\",\"https:\\\/\\\/www.tiktok.com\\\/@uartesec\"]},{\"@type\":\"Person\",\"@id\":\"https:\\\/\\\/www.uartes.edu.ec\\\/sitio\\\/fr\\\/#\\\/schema\\\/person\\\/f33f8c1d2af0d5c80a38c8abf458184a\",\"name\":\"Universidad de las Artes\",\"image\":{\"@type\":\"ImageObject\",\"inLanguage\":\"fr-FR\",\"@id\":\"https:\\\/\\\/secure.gravatar.com\\\/avatar\\\/52e4757902f5cfa5ac52d020e5be83cae5487519154b6c35482fe08d589f3c13?s=96&d=mm&r=g\",\"url\":\"https:\\\/\\\/secure.gravatar.com\\\/avatar\\\/52e4757902f5cfa5ac52d020e5be83cae5487519154b6c35482fe08d589f3c13?s=96&d=mm&r=g\",\"contentUrl\":\"https:\\\/\\\/secure.gravatar.com\\\/avatar\\\/52e4757902f5cfa5ac52d020e5be83cae5487519154b6c35482fe08d589f3c13?s=96&d=mm&r=g\",\"caption\":\"Universidad de las Artes\"},\"url\":\"https:\\\/\\\/www.uartes.edu.ec\\\/sitio\\\/fr\\\/blog\\\/author\\\/dircomadm\\\/\"}]}<\/script>\n<!-- \/ Yoast SEO plugin. -->","yoast_head_json":{"title":"Universidad de las Artes - UArtes presente en la incorporaci\u00f3n de 455 maestrantes de la UNAE","description":"Universidad de las Artes - UArtes presente en la incorporaci\u00f3n de 455 maestrantes de la UNAE","robots":{"index":"index","follow":"follow","max-snippet":"max-snippet:-1","max-image-preview":"max-image-preview:large","max-video-preview":"max-video-preview:-1"},"canonical":"https:\/\/www.uartes.edu.ec\/sitio\/fr\/blog\/2019\/05\/31\/uartes-presente-en-la-incorporacion-de-455-maestrantes-de-la-unae\/","og_locale":"fr_FR","og_type":"article","og_title":"Universidad de las Artes - UArtes presente en la incorporaci\u00f3n de 455 maestrantes de la UNAE","og_description":"Universidad de las Artes - UArtes presente en la incorporaci\u00f3n de 455 maestrantes de la UNAE","og_url":"https:\/\/www.uartes.edu.ec\/sitio\/fr\/blog\/2019\/05\/31\/uartes-presente-en-la-incorporacion-de-455-maestrantes-de-la-unae\/","og_site_name":"Universidad de las Artes","article_publisher":"https:\/\/www.facebook.com\/uartesec","article_published_time":"2019-06-01T00:12:52+00:00","article_modified_time":"2024-07-04T16:51:08+00:00","og_image":[{"width":1500,"height":1000,"url":"https:\/\/www.uartes.edu.ec\/sitio\/wp-content\/uploads\/2019\/06\/Rector-UARTES-UNAE.jpg","type":"image\/jpeg"}],"author":"Universidad de las Artes","twitter_card":"summary_large_image","twitter_creator":"@uartesec","twitter_site":"@uartesec","twitter_misc":{"\u00c9crit par":"Universidad de las Artes","Dur\u00e9e de lecture estim\u00e9e":"1 minute"},"schema":{"@context":"https:\/\/schema.org","@graph":[{"@type":"Article","@id":"https:\/\/www.uartes.edu.ec\/sitio\/fr\/blog\/2019\/05\/31\/uartes-presente-en-la-incorporacion-de-455-maestrantes-de-la-unae\/#article","isPartOf":{"@id":"https:\/\/www.uartes.edu.ec\/sitio\/fr\/blog\/2019\/05\/31\/uartes-presente-en-la-incorporacion-de-455-maestrantes-de-la-unae\/"},"author":{"name":"Universidad de las Artes","@id":"https:\/\/www.uartes.edu.ec\/sitio\/fr\/#\/schema\/person\/f33f8c1d2af0d5c80a38c8abf458184a"},"headline":"UArtes presente en la incorporaci\u00f3n de 455 maestrantes de la UNAE","datePublished":"2019-06-01T00:12:52+00:00","dateModified":"2024-07-04T16:51:08+00:00","mainEntityOfPage":{"@id":"https:\/\/www.uartes.edu.ec\/sitio\/fr\/blog\/2019\/05\/31\/uartes-presente-en-la-incorporacion-de-455-maestrantes-de-la-unae\/"},"wordCount":286,"publisher":{"@id":"https:\/\/www.uartes.edu.ec\/sitio\/fr\/#organization"},"image":{"@id":"https:\/\/www.uartes.edu.ec\/sitio\/fr\/blog\/2019\/05\/31\/uartes-presente-en-la-incorporacion-de-455-maestrantes-de-la-unae\/#primaryimage"},"thumbnailUrl":"https:\/\/www.uartes.edu.ec\/sitio\/wp-content\/uploads\/2019\/06\/Rector-UARTES-UNAE.jpg","keywords":["Pedagog\u00eda de las Artes y Humanidades"],"articleSection":["Gesti\u00f3n","Rectorado"],"inLanguage":"fr-FR"},{"@type":["WebPage","ItemPage"],"@id":"https:\/\/www.uartes.edu.ec\/sitio\/fr\/blog\/2019\/05\/31\/uartes-presente-en-la-incorporacion-de-455-maestrantes-de-la-unae\/","url":"https:\/\/www.uartes.edu.ec\/sitio\/fr\/blog\/2019\/05\/31\/uartes-presente-en-la-incorporacion-de-455-maestrantes-de-la-unae\/","name":"Universidad de las Artes - UArtes presente en la incorporaci\u00f3n de 455 maestrantes de la UNAE","isPartOf":{"@id":"https:\/\/www.uartes.edu.ec\/sitio\/fr\/#website"},"primaryImageOfPage":{"@id":"https:\/\/www.uartes.edu.ec\/sitio\/fr\/blog\/2019\/05\/31\/uartes-presente-en-la-incorporacion-de-455-maestrantes-de-la-unae\/#primaryimage"},"image":{"@id":"https:\/\/www.uartes.edu.ec\/sitio\/fr\/blog\/2019\/05\/31\/uartes-presente-en-la-incorporacion-de-455-maestrantes-de-la-unae\/#primaryimage"},"thumbnailUrl":"https:\/\/www.uartes.edu.ec\/sitio\/wp-content\/uploads\/2019\/06\/Rector-UARTES-UNAE.jpg","datePublished":"2019-06-01T00:12:52+00:00","dateModified":"2024-07-04T16:51:08+00:00","description":"Universidad de las Artes - UArtes presente en la incorporaci\u00f3n de 455 maestrantes de la UNAE","breadcrumb":{"@id":"https:\/\/www.uartes.edu.ec\/sitio\/fr\/blog\/2019\/05\/31\/uartes-presente-en-la-incorporacion-de-455-maestrantes-de-la-unae\/#breadcrumb"},"inLanguage":"fr-FR","potentialAction":[{"@type":"ReadAction","target":["https:\/\/www.uartes.edu.ec\/sitio\/fr\/blog\/2019\/05\/31\/uartes-presente-en-la-incorporacion-de-455-maestrantes-de-la-unae\/"]}]},{"@type":"ImageObject","inLanguage":"fr-FR","@id":"https:\/\/www.uartes.edu.ec\/sitio\/fr\/blog\/2019\/05\/31\/uartes-presente-en-la-incorporacion-de-455-maestrantes-de-la-unae\/#primaryimage","url":"https:\/\/www.uartes.edu.ec\/sitio\/wp-content\/uploads\/2019\/06\/Rector-UARTES-UNAE.jpg","contentUrl":"https:\/\/www.uartes.edu.ec\/sitio\/wp-content\/uploads\/2019\/06\/Rector-UARTES-UNAE.jpg","width":1500,"height":1000},{"@type":"BreadcrumbList","@id":"https:\/\/www.uartes.edu.ec\/sitio\/fr\/blog\/2019\/05\/31\/uartes-presente-en-la-incorporacion-de-455-maestrantes-de-la-unae\/#breadcrumb","itemListElement":[{"@type":"ListItem","position":1,"name":"Inicio","item":"https:\/\/www.uartes.edu.ec\/sitio\/"},{"@type":"ListItem","position":2,"name":"UArtes presente en la incorporaci\u00f3n de 455 maestrantes de la UNAE"}]},{"@type":"WebSite","@id":"https:\/\/www.uartes.edu.ec\/sitio\/fr\/#website","url":"https:\/\/www.uartes.edu.ec\/sitio\/fr\/","name":"Universidad de las Artes","description":"Sitio oficial de la Universidad Nacional de las Artes del Ecuador","publisher":{"@id":"https:\/\/www.uartes.edu.ec\/sitio\/fr\/#organization"},"potentialAction":[{"@type":"SearchAction","target":{"@type":"EntryPoint","urlTemplate":"https:\/\/www.uartes.edu.ec\/sitio\/fr\/?s={search_term_string}"},"query-input":{"@type":"PropertyValueSpecification","valueRequired":true,"valueName":"search_term_string"}}],"inLanguage":"fr-FR"},{"@type":"Organization","@id":"https:\/\/www.uartes.edu.ec\/sitio\/fr\/#organization","name":"Universidad de las Artes","url":"https:\/\/www.uartes.edu.ec\/sitio\/fr\/","logo":{"@type":"ImageObject","inLanguage":"fr-FR","@id":"https:\/\/www.uartes.edu.ec\/sitio\/fr\/#\/schema\/logo\/image\/","url":"https:\/\/www.uartes.edu.ec\/sitio\/wp-content\/uploads\/2022\/07\/logo-ua-horizontal.png","contentUrl":"https:\/\/www.uartes.edu.ec\/sitio\/wp-content\/uploads\/2022\/07\/logo-ua-horizontal.png","width":800,"height":276,"caption":"Universidad de las Artes"},"image":{"@id":"https:\/\/www.uartes.edu.ec\/sitio\/fr\/#\/schema\/logo\/image\/"},"sameAs":["https:\/\/www.facebook.com\/uartesec","https:\/\/x.com\/uartesec","https:\/\/www.tiktok.com\/@uartesec"]},{"@type":"Person","@id":"https:\/\/www.uartes.edu.ec\/sitio\/fr\/#\/schema\/person\/f33f8c1d2af0d5c80a38c8abf458184a","name":"Universidad de las Artes","image":{"@type":"ImageObject","inLanguage":"fr-FR","@id":"https:\/\/secure.gravatar.com\/avatar\/52e4757902f5cfa5ac52d020e5be83cae5487519154b6c35482fe08d589f3c13?s=96&d=mm&r=g","url":"https:\/\/secure.gravatar.com\/avatar\/52e4757902f5cfa5ac52d020e5be83cae5487519154b6c35482fe08d589f3c13?s=96&d=mm&r=g","contentUrl":"https:\/\/secure.gravatar.com\/avatar\/52e4757902f5cfa5ac52d020e5be83cae5487519154b6c35482fe08d589f3c13?s=96&d=mm&r=g","caption":"Universidad de las Artes"},"url":"https:\/\/www.uartes.edu.ec\/sitio\/fr\/blog\/author\/dircomadm\/"}]}},"uagb_featured_image_src":{"full":["https:\/\/www.uartes.edu.ec\/sitio\/wp-content\/uploads\/2019\/06\/Rector-UARTES-UNAE.jpg",1500,1000,false],"thumbnail":["https:\/\/www.uartes.edu.ec\/sitio\/wp-content\/uploads\/2019\/06\/Rector-UARTES-UNAE-150x150.jpg",150,150,true],"medium":["https:\/\/www.uartes.edu.ec\/sitio\/wp-content\/uploads\/2019\/06\/Rector-UARTES-UNAE-300x200.jpg",300,200,true],"medium_large":["https:\/\/www.uartes.edu.ec\/sitio\/wp-content\/uploads\/2019\/06\/Rector-UARTES-UNAE-768x512.jpg",768,512,true],"large":["https:\/\/www.uartes.edu.ec\/sitio\/wp-content\/uploads\/2019\/06\/Rector-UARTES-UNAE-644x429.jpg",644,429,true],"1536x1536":["https:\/\/www.uartes.edu.ec\/sitio\/wp-content\/uploads\/2019\/06\/Rector-UARTES-UNAE.jpg",1500,1000,false],"2048x2048":["https:\/\/www.uartes.edu.ec\/sitio\/wp-content\/uploads\/2019\/06\/Rector-UARTES-UNAE.jpg",1500,1000,false],"trp-custom-language-flag":["https:\/\/www.uartes.edu.ec\/sitio\/wp-content\/uploads\/2019\/06\/Rector-UARTES-UNAE.jpg",18,12,false],"htmega_size_585x295":["https:\/\/www.uartes.edu.ec\/sitio\/wp-content\/uploads\/2019\/06\/Rector-UARTES-UNAE.jpg",443,295,false],"htmega_size_1170x536":["https:\/\/www.uartes.edu.ec\/sitio\/wp-content\/uploads\/2019\/06\/Rector-UARTES-UNAE.jpg",804,536,false],"htmega_size_396x360":["https:\/\/www.uartes.edu.ec\/sitio\/wp-content\/uploads\/2019\/06\/Rector-UARTES-UNAE.jpg",396,264,false],"gb-block-post-grid-landscape":["https:\/\/www.uartes.edu.ec\/sitio\/wp-content\/uploads\/2019\/06\/Rector-UARTES-UNAE.jpg",600,400,false],"gb-block-post-grid-square":["https:\/\/www.uartes.edu.ec\/sitio\/wp-content\/uploads\/2019\/06\/Rector-UARTES-UNAE.jpg",600,400,false],"university-hub-thumb":["https:\/\/www.uartes.edu.ec\/sitio\/wp-content\/uploads\/2019\/06\/Rector-UARTES-UNAE-400x267.jpg",400,267,true]},"uagb_author_info":{"display_name":"Universidad de las Artes","author_link":"https:\/\/www.uartes.edu.ec\/sitio\/fr\/blog\/author\/dircomadm\/"},"uagb_comment_info":0,"uagb_excerpt":"La Universidad de las Artes, representada por su rector, Ramiro Noriega, fue invitada por la Universidad Nacional de Educaci\u00f3n (UNAE) a la ceremonia de graduaci\u00f3n de los 455 maestrantes de la Maestr\u00cda en Educaci\u00f3n que imparte la instituci\u00f3n junto con la Universitat de Barcelona (UB) y en convenio con el Ministerio de Educaci\u00f3n del Ecuador.\u2026","featured_image_src":"https:\/\/www.uartes.edu.ec\/sitio\/wp-content\/uploads\/2019\/06\/Rector-UARTES-UNAE.jpg","featured_image_src_square":"https:\/\/www.uartes.edu.ec\/sitio\/wp-content\/uploads\/2019\/06\/Rector-UARTES-UNAE.jpg","author_info":{"display_name":"Universidad de las Artes","author_link":"https:\/\/www.uartes.edu.ec\/sitio\/fr\/blog\/author\/dircomadm\/"},"publishpress_future_workflow_manual_trigger":{"enabledWorkflows":[]},"distributor_meta":false,"distributor_terms":false,"distributor_media":false,"distributor_original_site_name":"Universidad de las Artes","distributor_original_site_url":"https:\/\/www.uartes.edu.ec\/sitio\/fr","push-errors":false,"_links":{"self":[{"href":"https:\/\/www.uartes.edu.ec\/sitio\/fr\/wp-json\/wp\/v2\/posts\/3609","targetHints":{"allow":["GET"]}}],"collection":[{"href":"https:\/\/www.uartes.edu.ec\/sitio\/fr\/wp-json\/wp\/v2\/posts"}],"about":[{"href":"https:\/\/www.uartes.edu.ec\/sitio\/fr\/wp-json\/wp\/v2\/types\/post"}],"author":[{"embeddable":true,"href":"https:\/\/www.uartes.edu.ec\/sitio\/fr\/wp-json\/wp\/v2\/users\/1"}],"replies":[{"embeddable":true,"href":"https:\/\/www.uartes.edu.ec\/sitio\/fr\/wp-json\/wp\/v2\/comments?post=3609"}],"version-history":[{"count":2,"href":"https:\/\/www.uartes.edu.ec\/sitio\/fr\/wp-json\/wp\/v2\/posts\/3609\/revisions"}],"predecessor-version":[{"id":3616,"href":"https:\/\/www.uartes.edu.ec\/sitio\/fr\/wp-json\/wp\/v2\/posts\/3609\/revisions\/3616"}],"wp:featuredmedia":[{"embeddable":true,"href":"https:\/\/www.uartes.edu.ec\/sitio\/fr\/wp-json\/wp\/v2\/media\/3612"}],"wp:attachment":[{"href":"https:\/\/www.uartes.edu.ec\/sitio\/fr\/wp-json\/wp\/v2\/media?parent=3609"}],"wp:term":[{"taxonomy":"category","embeddable":true,"href":"https:\/\/www.uartes.edu.ec\/sitio\/fr\/wp-json\/wp\/v2\/categories?post=3609"},{"taxonomy":"post_tag","embeddable":true,"href":"https:\/\/www.uartes.edu.ec\/sitio\/fr\/wp-json\/wp\/v2\/tags?post=3609"},{"taxonomy":"infouartes","embeddable":true,"href":"https:\/\/www.uartes.edu.ec\/sitio\/fr\/wp-json\/wp\/v2\/infouartes?post=3609"}],"curies":[{"name":"wp","href":"https:\/\/api.w.org\/{rel}","templated":true}]}}