{"id":3617,"date":"2019-06-04T15:44:55","date_gmt":"2019-06-04T20:44:55","guid":{"rendered":"http:\/\/www.uartes.edu.ec\/sitio\/?p=3617"},"modified":"2024-07-04T11:51:07","modified_gmt":"2024-07-04T16:51:07","slug":"seis-estudiantes-de-la-escuela-de-artes-sonoras-estan-proximos-a-titularse","status":"publish","type":"post","link":"https:\/\/www.uartes.edu.ec\/sitio\/fr\/blog\/2019\/06\/04\/seis-estudiantes-de-la-escuela-de-artes-sonoras-estan-proximos-a-titularse\/","title":{"rendered":"Seis estudiantes de la Escuela de Artes Sonoras est\u00e1n pr\u00f3ximos a titularse"},"content":{"rendered":"<p>Durante la Semana 14, los\nfuturos licenciados en la carrera de Artes Sonoras de la Universidad de las\nArtes presentar\u00e1n diversos conciertos como parte de su proyecto de titulaci\u00f3n.\nEllos son: <\/p>\n\n\n\n<p><strong>Elizabeth\nBarahona, quien <\/strong>explica\nque est\u00e1 trabajando en un proyecto art\u00edstico interdisciplinario sobre la\nexperiencia femenina en la industria musical con respecto al movimiento\n\u00abMe Too\u00bb. Este consiste en la elaboraci\u00f3n de una serie de canciones\nque retraten la experiencia femenina en la industria de la m\u00fasica, el cual combina\ntexto literario, m\u00fasica y danza. Su motivaci\u00f3n fue descubrir que las mujeres\nsomos minor\u00eda en este campo y que el rol de la mujer como m\u00fasica es estereotipado\ny sexualizado, lo que resulta que el lugar de la mujer en la m\u00fasica sea\nbastante vulnerable e inseguro. \u201cHay muy pocas mujeres instrumentistas en\nescenarios, o en ambientes t\u00e9cnicos y de industria como productoras,\ncompositoras, etc.\u201d, asegura.<\/p>\n\n\n\n<p>Art\u00edsticamente conocido\ncomo <strong>Le<\/strong> <strong>Guaba,<\/strong> el futuro licenciado de la UArtes define su proyecto de\ntitulaci\u00f3n \u201cPortoviejo Rock City: Retrospectiva de un movimiento musical 1999-2019\n\u201c, donde analiza las t\u00e9cnicas y canciones compuestas y grabadas por bandas de Portoviejo,\ncomo La Rola, Los Pescados, Lagartija Electr\u00f3nica, Pro y Contra y Warros.&nbsp; Para el concierto final tocar\u00e1 junto a\nalgunos de los integrantes originales de estas bandas.<\/p>\n\n\n\n<p>Por su parte,<strong> Jefferson G\u00f3mez <\/strong>trabaja en una\ncomposici\u00f3n para un ensamble de vientos de madera y metal basada en las\nmelod\u00edas o tonos del Inti Raymi de la comunidad La Calera, de la ciudad de\nCotacachi, de donde es proveniente. Para su trabajo de titulaci\u00f3n, Jefferson ha\nrecolectado audios de las melod\u00edas de la comunidad para luego analizar la\nconcepci\u00f3n de ellos con respecto a la m\u00fasica y su importancia dentro del ritual.\nEsta es la base para componer sus propias melod\u00edas. Al final retratar\u00e1 varios\nmomentos del ritual a trav\u00e9s de tres movimientos en toda la obra, los cuales\ntienen diferentes conceptos arm\u00f3nicos y estil\u00edsticos.<\/p>\n\n\n\n<div class=\"wp-block-image\"><figure class=\"aligncenter\"><img fetchpriority=\"high\" decoding=\"async\" width=\"644\" height=\"430\" src=\"http:\/\/www.uartes.edu.ec\/sitio\/wp-content\/uploads\/2019\/06\/Captura-de-pantalla-2019-05-29-a-la-644x430.jpg\" alt=\"\" class=\"wp-image-3618\" srcset=\"https:\/\/www.uartes.edu.ec\/sitio\/wp-content\/uploads\/2019\/06\/Captura-de-pantalla-2019-05-29-a-la-644x430.jpg 644w, https:\/\/www.uartes.edu.ec\/sitio\/wp-content\/uploads\/2019\/06\/Captura-de-pantalla-2019-05-29-a-la-300x200.jpg 300w, https:\/\/www.uartes.edu.ec\/sitio\/wp-content\/uploads\/2019\/06\/Captura-de-pantalla-2019-05-29-a-la-400x267.jpg 400w, https:\/\/www.uartes.edu.ec\/sitio\/wp-content\/uploads\/2019\/06\/Captura-de-pantalla-2019-05-29-a-la-272x182.jpg 272w, https:\/\/www.uartes.edu.ec\/sitio\/wp-content\/uploads\/2019\/06\/Captura-de-pantalla-2019-05-29-a-la.jpg 754w\" sizes=\"(max-width: 644px) 100vw, 644px\" \/><\/figure><\/div>\n\n\n\n<p><strong>Gustavo Arregui<\/strong> (foto) afirma que en la m\u00fasica cl\u00e1sica las composiciones para soprano l\u00edrica y guitarra cl\u00e1sica son limitadas, por lo que lo ha motivado a adaptar dichas canciones para piano a su instrumento, la guitarra, como parte de trabajo de investigaci\u00f3n. Con este repertorio ya ha grabado un video clip junto a Sof\u00eda Izurieta, soprano, en el Monasterio del Carmen en Quito. En base a esto, el estudiante se encuentra componiendo sus propias piezas que ser\u00e1n presentadas luego en un concierto en Quito.<\/p>\n\n\n\n<figure class=\"wp-block-embed-youtube aligncenter wp-block-embed is-type-video is-provider-youtube wp-embed-aspect-16-9 wp-has-aspect-ratio\"><div class=\"wp-block-embed__wrapper\">\nhttps:\/\/www.youtube.com\/watch?v=O-lvtjQFt3g\n<\/div><\/figure>\n\n\n\n<p><strong>Jos\u00e9 Omar\nTapia<\/strong> basar\u00e1\nsu proyecto de titulaci\u00f3n en un an\u00e1lisis a Tom Morello, guitarrista\nestadounidense, estudiando sus t\u00e9cnicas, forma arm\u00f3nica, escalas y\nprincipalmente su experimentaci\u00f3n con diversos pedales. Para su concierto\nfinal, el interpretar\u00e1 algunas de las canciones m\u00e1s representativas de la banda\n<em>Rage Against the Machines<\/em>, donde Morello es\nintegrante. Asimismo, a\u00f1adir\u00e1 al repertorio dos piezas de su autor\u00eda basado en\nsu investigaci\u00f3n. \u201cMe intereso por las clases de\nnuevas tecnolog\u00edas, experimentaci\u00f3n con sonido, ruido, grabaciones. Y para mi\nproyecto final uno dos cosas que me gustan, la guitarra y la experimentaci\u00f3n.\u201d<\/p>\n\n\n\n<p><strong>C\u00e9sar Latorre<\/strong> ofrecer\u00e1 un recital de guitarra el\u00e9ctrica\ncomo solista. Le intereso ofrecer al p\u00fablico un espect\u00e1culo que no se da\nsiempre y que permite presentar al instrumento con otras caracteristicas como\nel uso de t\u00e9cnicas extendidas para guitarra, guitarra preparada y uso de\npedales. Unas de las obras a interpretar es \u201cPartita in A Minor\u201d de Johan\nSebastian Bach, obra que fue adaptada para el instrumento.<\/p>","protected":false},"excerpt":{"rendered":"<p>Durante la Semana 14, los futuros licenciados en la carrera de Artes Sonoras de la Universidad de las Artes presentar\u00e1n diversos conciertos como parte de su proyecto de titulaci\u00f3n. Ellos son: Elizabeth Barahona, quien explica que est\u00e1 trabajando en un proyecto art\u00edstico interdisciplinario sobre la experiencia femenina en la industria musical con respecto al movimiento [&hellip;]<\/p>\n","protected":false},"author":1,"featured_media":3619,"comment_status":"closed","ping_status":"closed","sticky":false,"template":"","format":"standard","meta":{"_acf_changed":false,"_uag_custom_page_level_css":"","_monsterinsights_skip_tracking":false,"_monsterinsights_sitenote_active":false,"_monsterinsights_sitenote_note":"","_monsterinsights_sitenote_category":0,"cybocfi_hide_featured_image":"","footnotes":""},"categories":[76],"tags":[],"infouartes":[],"class_list":["post-3617","post","type-post","status-publish","format-standard","has-post-thumbnail","hentry","category-estudiantes"],"acf":[],"yoast_head":"<!-- This site is optimized with the Yoast SEO plugin v27.4 - https:\/\/yoast.com\/product\/yoast-seo-wordpress\/ -->\n<title>Universidad de las Artes - Seis estudiantes de la Escuela de Artes Sonoras est\u00e1n pr\u00f3ximos a titularse<\/title>\n<meta name=\"description\" content=\"Universidad de las Artes - Seis estudiantes de la Escuela de Artes Sonoras est\u00e1n pr\u00f3ximos a titularse\" \/>\n<meta name=\"robots\" content=\"index, follow, max-snippet:-1, max-image-preview:large, max-video-preview:-1\" \/>\n<link rel=\"canonical\" href=\"https:\/\/www.uartes.edu.ec\/sitio\/fr\/blog\/2019\/06\/04\/seis-estudiantes-de-la-escuela-de-artes-sonoras-estan-proximos-a-titularse\/\" \/>\n<meta property=\"og:locale\" content=\"fr_FR\" \/>\n<meta property=\"og:type\" content=\"article\" \/>\n<meta property=\"og:title\" content=\"Universidad de las Artes - Seis estudiantes de la Escuela de Artes Sonoras est\u00e1n pr\u00f3ximos a titularse\" \/>\n<meta property=\"og:description\" content=\"Universidad de las Artes - Seis estudiantes de la Escuela de Artes Sonoras est\u00e1n pr\u00f3ximos a titularse\" \/>\n<meta property=\"og:url\" content=\"https:\/\/www.uartes.edu.ec\/sitio\/fr\/blog\/2019\/06\/04\/seis-estudiantes-de-la-escuela-de-artes-sonoras-estan-proximos-a-titularse\/\" \/>\n<meta property=\"og:site_name\" content=\"Universidad de las Artes\" \/>\n<meta property=\"article:publisher\" content=\"https:\/\/www.facebook.com\/uartesec\" \/>\n<meta property=\"article:published_time\" content=\"2019-06-04T20:44:55+00:00\" \/>\n<meta property=\"article:modified_time\" content=\"2024-07-04T16:51:07+00:00\" \/>\n<meta property=\"og:image\" content=\"https:\/\/www.uartes.edu.ec\/sitio\/wp-content\/uploads\/2019\/06\/Captura-de-pantalla-2019-05-29-a-las-17.24.jpg\" \/>\n\t<meta property=\"og:image:width\" content=\"753\" \/>\n\t<meta property=\"og:image:height\" content=\"501\" \/>\n\t<meta property=\"og:image:type\" content=\"image\/jpeg\" \/>\n<meta name=\"author\" content=\"Universidad de las Artes\" \/>\n<meta name=\"twitter:card\" content=\"summary_large_image\" \/>\n<meta name=\"twitter:creator\" content=\"@uartesec\" \/>\n<meta name=\"twitter:site\" content=\"@uartesec\" \/>\n<meta name=\"twitter:label1\" content=\"\u00c9crit par\" \/>\n\t<meta name=\"twitter:data1\" content=\"Universidad de las Artes\" \/>\n\t<meta name=\"twitter:label2\" content=\"Dur\u00e9e de lecture estim\u00e9e\" \/>\n\t<meta name=\"twitter:data2\" content=\"3 minutes\" \/>\n<script type=\"application\/ld+json\" class=\"yoast-schema-graph\">{\"@context\":\"https:\\\/\\\/schema.org\",\"@graph\":[{\"@type\":\"Article\",\"@id\":\"https:\\\/\\\/www.uartes.edu.ec\\\/sitio\\\/fr\\\/blog\\\/2019\\\/06\\\/04\\\/seis-estudiantes-de-la-escuela-de-artes-sonoras-estan-proximos-a-titularse\\\/#article\",\"isPartOf\":{\"@id\":\"https:\\\/\\\/www.uartes.edu.ec\\\/sitio\\\/fr\\\/blog\\\/2019\\\/06\\\/04\\\/seis-estudiantes-de-la-escuela-de-artes-sonoras-estan-proximos-a-titularse\\\/\"},\"author\":{\"name\":\"Universidad de las Artes\",\"@id\":\"https:\\\/\\\/www.uartes.edu.ec\\\/sitio\\\/fr\\\/#\\\/schema\\\/person\\\/f33f8c1d2af0d5c80a38c8abf458184a\"},\"headline\":\"Seis estudiantes de la Escuela de Artes Sonoras est\u00e1n pr\u00f3ximos a titularse\",\"datePublished\":\"2019-06-04T20:44:55+00:00\",\"dateModified\":\"2024-07-04T16:51:07+00:00\",\"mainEntityOfPage\":{\"@id\":\"https:\\\/\\\/www.uartes.edu.ec\\\/sitio\\\/fr\\\/blog\\\/2019\\\/06\\\/04\\\/seis-estudiantes-de-la-escuela-de-artes-sonoras-estan-proximos-a-titularse\\\/\"},\"wordCount\":636,\"publisher\":{\"@id\":\"https:\\\/\\\/www.uartes.edu.ec\\\/sitio\\\/fr\\\/#organization\"},\"image\":{\"@id\":\"https:\\\/\\\/www.uartes.edu.ec\\\/sitio\\\/fr\\\/blog\\\/2019\\\/06\\\/04\\\/seis-estudiantes-de-la-escuela-de-artes-sonoras-estan-proximos-a-titularse\\\/#primaryimage\"},\"thumbnailUrl\":\"https:\\\/\\\/www.uartes.edu.ec\\\/sitio\\\/wp-content\\\/uploads\\\/2019\\\/06\\\/Captura-de-pantalla-2019-05-29-a-las-17.24.jpg\",\"articleSection\":[\"Estudiantes\"],\"inLanguage\":\"fr-FR\"},{\"@type\":[\"WebPage\",\"ItemPage\"],\"@id\":\"https:\\\/\\\/www.uartes.edu.ec\\\/sitio\\\/fr\\\/blog\\\/2019\\\/06\\\/04\\\/seis-estudiantes-de-la-escuela-de-artes-sonoras-estan-proximos-a-titularse\\\/\",\"url\":\"https:\\\/\\\/www.uartes.edu.ec\\\/sitio\\\/fr\\\/blog\\\/2019\\\/06\\\/04\\\/seis-estudiantes-de-la-escuela-de-artes-sonoras-estan-proximos-a-titularse\\\/\",\"name\":\"Universidad de las Artes - Seis estudiantes de la Escuela de Artes Sonoras est\u00e1n pr\u00f3ximos a titularse\",\"isPartOf\":{\"@id\":\"https:\\\/\\\/www.uartes.edu.ec\\\/sitio\\\/fr\\\/#website\"},\"primaryImageOfPage\":{\"@id\":\"https:\\\/\\\/www.uartes.edu.ec\\\/sitio\\\/fr\\\/blog\\\/2019\\\/06\\\/04\\\/seis-estudiantes-de-la-escuela-de-artes-sonoras-estan-proximos-a-titularse\\\/#primaryimage\"},\"image\":{\"@id\":\"https:\\\/\\\/www.uartes.edu.ec\\\/sitio\\\/fr\\\/blog\\\/2019\\\/06\\\/04\\\/seis-estudiantes-de-la-escuela-de-artes-sonoras-estan-proximos-a-titularse\\\/#primaryimage\"},\"thumbnailUrl\":\"https:\\\/\\\/www.uartes.edu.ec\\\/sitio\\\/wp-content\\\/uploads\\\/2019\\\/06\\\/Captura-de-pantalla-2019-05-29-a-las-17.24.jpg\",\"datePublished\":\"2019-06-04T20:44:55+00:00\",\"dateModified\":\"2024-07-04T16:51:07+00:00\",\"description\":\"Universidad de las Artes - Seis estudiantes de la Escuela de Artes Sonoras est\u00e1n pr\u00f3ximos a titularse\",\"breadcrumb\":{\"@id\":\"https:\\\/\\\/www.uartes.edu.ec\\\/sitio\\\/fr\\\/blog\\\/2019\\\/06\\\/04\\\/seis-estudiantes-de-la-escuela-de-artes-sonoras-estan-proximos-a-titularse\\\/#breadcrumb\"},\"inLanguage\":\"fr-FR\",\"potentialAction\":[{\"@type\":\"ReadAction\",\"target\":[\"https:\\\/\\\/www.uartes.edu.ec\\\/sitio\\\/fr\\\/blog\\\/2019\\\/06\\\/04\\\/seis-estudiantes-de-la-escuela-de-artes-sonoras-estan-proximos-a-titularse\\\/\"]}]},{\"@type\":\"ImageObject\",\"inLanguage\":\"fr-FR\",\"@id\":\"https:\\\/\\\/www.uartes.edu.ec\\\/sitio\\\/fr\\\/blog\\\/2019\\\/06\\\/04\\\/seis-estudiantes-de-la-escuela-de-artes-sonoras-estan-proximos-a-titularse\\\/#primaryimage\",\"url\":\"https:\\\/\\\/www.uartes.edu.ec\\\/sitio\\\/wp-content\\\/uploads\\\/2019\\\/06\\\/Captura-de-pantalla-2019-05-29-a-las-17.24.jpg\",\"contentUrl\":\"https:\\\/\\\/www.uartes.edu.ec\\\/sitio\\\/wp-content\\\/uploads\\\/2019\\\/06\\\/Captura-de-pantalla-2019-05-29-a-las-17.24.jpg\",\"width\":753,\"height\":501},{\"@type\":\"BreadcrumbList\",\"@id\":\"https:\\\/\\\/www.uartes.edu.ec\\\/sitio\\\/fr\\\/blog\\\/2019\\\/06\\\/04\\\/seis-estudiantes-de-la-escuela-de-artes-sonoras-estan-proximos-a-titularse\\\/#breadcrumb\",\"itemListElement\":[{\"@type\":\"ListItem\",\"position\":1,\"name\":\"Inicio\",\"item\":\"https:\\\/\\\/www.uartes.edu.ec\\\/sitio\\\/\"},{\"@type\":\"ListItem\",\"position\":2,\"name\":\"Seis estudiantes de la Escuela de Artes Sonoras est\u00e1n pr\u00f3ximos a titularse\"}]},{\"@type\":\"WebSite\",\"@id\":\"https:\\\/\\\/www.uartes.edu.ec\\\/sitio\\\/fr\\\/#website\",\"url\":\"https:\\\/\\\/www.uartes.edu.ec\\\/sitio\\\/fr\\\/\",\"name\":\"Universidad de las Artes\",\"description\":\"Sitio oficial de la Universidad Nacional de las Artes del Ecuador\",\"publisher\":{\"@id\":\"https:\\\/\\\/www.uartes.edu.ec\\\/sitio\\\/fr\\\/#organization\"},\"potentialAction\":[{\"@type\":\"SearchAction\",\"target\":{\"@type\":\"EntryPoint\",\"urlTemplate\":\"https:\\\/\\\/www.uartes.edu.ec\\\/sitio\\\/fr\\\/?s={search_term_string}\"},\"query-input\":{\"@type\":\"PropertyValueSpecification\",\"valueRequired\":true,\"valueName\":\"search_term_string\"}}],\"inLanguage\":\"fr-FR\"},{\"@type\":\"Organization\",\"@id\":\"https:\\\/\\\/www.uartes.edu.ec\\\/sitio\\\/fr\\\/#organization\",\"name\":\"Universidad de las Artes\",\"url\":\"https:\\\/\\\/www.uartes.edu.ec\\\/sitio\\\/fr\\\/\",\"logo\":{\"@type\":\"ImageObject\",\"inLanguage\":\"fr-FR\",\"@id\":\"https:\\\/\\\/www.uartes.edu.ec\\\/sitio\\\/fr\\\/#\\\/schema\\\/logo\\\/image\\\/\",\"url\":\"https:\\\/\\\/www.uartes.edu.ec\\\/sitio\\\/wp-content\\\/uploads\\\/2022\\\/07\\\/logo-ua-horizontal.png\",\"contentUrl\":\"https:\\\/\\\/www.uartes.edu.ec\\\/sitio\\\/wp-content\\\/uploads\\\/2022\\\/07\\\/logo-ua-horizontal.png\",\"width\":800,\"height\":276,\"caption\":\"Universidad de las Artes\"},\"image\":{\"@id\":\"https:\\\/\\\/www.uartes.edu.ec\\\/sitio\\\/fr\\\/#\\\/schema\\\/logo\\\/image\\\/\"},\"sameAs\":[\"https:\\\/\\\/www.facebook.com\\\/uartesec\",\"https:\\\/\\\/x.com\\\/uartesec\",\"https:\\\/\\\/www.tiktok.com\\\/@uartesec\"]},{\"@type\":\"Person\",\"@id\":\"https:\\\/\\\/www.uartes.edu.ec\\\/sitio\\\/fr\\\/#\\\/schema\\\/person\\\/f33f8c1d2af0d5c80a38c8abf458184a\",\"name\":\"Universidad de las Artes\",\"image\":{\"@type\":\"ImageObject\",\"inLanguage\":\"fr-FR\",\"@id\":\"https:\\\/\\\/secure.gravatar.com\\\/avatar\\\/52e4757902f5cfa5ac52d020e5be83cae5487519154b6c35482fe08d589f3c13?s=96&d=mm&r=g\",\"url\":\"https:\\\/\\\/secure.gravatar.com\\\/avatar\\\/52e4757902f5cfa5ac52d020e5be83cae5487519154b6c35482fe08d589f3c13?s=96&d=mm&r=g\",\"contentUrl\":\"https:\\\/\\\/secure.gravatar.com\\\/avatar\\\/52e4757902f5cfa5ac52d020e5be83cae5487519154b6c35482fe08d589f3c13?s=96&d=mm&r=g\",\"caption\":\"Universidad de las Artes\"},\"url\":\"https:\\\/\\\/www.uartes.edu.ec\\\/sitio\\\/fr\\\/blog\\\/author\\\/dircomadm\\\/\"}]}<\/script>\n<!-- \/ Yoast SEO plugin. -->","yoast_head_json":{"title":"Universidad de las Artes - Seis estudiantes de la Escuela de Artes Sonoras est\u00e1n pr\u00f3ximos a titularse","description":"Universidad de las Artes - Seis estudiantes de la Escuela de Artes Sonoras est\u00e1n pr\u00f3ximos a titularse","robots":{"index":"index","follow":"follow","max-snippet":"max-snippet:-1","max-image-preview":"max-image-preview:large","max-video-preview":"max-video-preview:-1"},"canonical":"https:\/\/www.uartes.edu.ec\/sitio\/fr\/blog\/2019\/06\/04\/seis-estudiantes-de-la-escuela-de-artes-sonoras-estan-proximos-a-titularse\/","og_locale":"fr_FR","og_type":"article","og_title":"Universidad de las Artes - Seis estudiantes de la Escuela de Artes Sonoras est\u00e1n pr\u00f3ximos a titularse","og_description":"Universidad de las Artes - Seis estudiantes de la Escuela de Artes Sonoras est\u00e1n pr\u00f3ximos a titularse","og_url":"https:\/\/www.uartes.edu.ec\/sitio\/fr\/blog\/2019\/06\/04\/seis-estudiantes-de-la-escuela-de-artes-sonoras-estan-proximos-a-titularse\/","og_site_name":"Universidad de las Artes","article_publisher":"https:\/\/www.facebook.com\/uartesec","article_published_time":"2019-06-04T20:44:55+00:00","article_modified_time":"2024-07-04T16:51:07+00:00","og_image":[{"width":753,"height":501,"url":"https:\/\/www.uartes.edu.ec\/sitio\/wp-content\/uploads\/2019\/06\/Captura-de-pantalla-2019-05-29-a-las-17.24.jpg","type":"image\/jpeg"}],"author":"Universidad de las Artes","twitter_card":"summary_large_image","twitter_creator":"@uartesec","twitter_site":"@uartesec","twitter_misc":{"\u00c9crit par":"Universidad de las Artes","Dur\u00e9e de lecture estim\u00e9e":"3 minutes"},"schema":{"@context":"https:\/\/schema.org","@graph":[{"@type":"Article","@id":"https:\/\/www.uartes.edu.ec\/sitio\/fr\/blog\/2019\/06\/04\/seis-estudiantes-de-la-escuela-de-artes-sonoras-estan-proximos-a-titularse\/#article","isPartOf":{"@id":"https:\/\/www.uartes.edu.ec\/sitio\/fr\/blog\/2019\/06\/04\/seis-estudiantes-de-la-escuela-de-artes-sonoras-estan-proximos-a-titularse\/"},"author":{"name":"Universidad de las Artes","@id":"https:\/\/www.uartes.edu.ec\/sitio\/fr\/#\/schema\/person\/f33f8c1d2af0d5c80a38c8abf458184a"},"headline":"Seis estudiantes de la Escuela de Artes Sonoras est\u00e1n pr\u00f3ximos a titularse","datePublished":"2019-06-04T20:44:55+00:00","dateModified":"2024-07-04T16:51:07+00:00","mainEntityOfPage":{"@id":"https:\/\/www.uartes.edu.ec\/sitio\/fr\/blog\/2019\/06\/04\/seis-estudiantes-de-la-escuela-de-artes-sonoras-estan-proximos-a-titularse\/"},"wordCount":636,"publisher":{"@id":"https:\/\/www.uartes.edu.ec\/sitio\/fr\/#organization"},"image":{"@id":"https:\/\/www.uartes.edu.ec\/sitio\/fr\/blog\/2019\/06\/04\/seis-estudiantes-de-la-escuela-de-artes-sonoras-estan-proximos-a-titularse\/#primaryimage"},"thumbnailUrl":"https:\/\/www.uartes.edu.ec\/sitio\/wp-content\/uploads\/2019\/06\/Captura-de-pantalla-2019-05-29-a-las-17.24.jpg","articleSection":["Estudiantes"],"inLanguage":"fr-FR"},{"@type":["WebPage","ItemPage"],"@id":"https:\/\/www.uartes.edu.ec\/sitio\/fr\/blog\/2019\/06\/04\/seis-estudiantes-de-la-escuela-de-artes-sonoras-estan-proximos-a-titularse\/","url":"https:\/\/www.uartes.edu.ec\/sitio\/fr\/blog\/2019\/06\/04\/seis-estudiantes-de-la-escuela-de-artes-sonoras-estan-proximos-a-titularse\/","name":"Universidad de las Artes - Seis estudiantes de la Escuela de Artes Sonoras est\u00e1n pr\u00f3ximos a titularse","isPartOf":{"@id":"https:\/\/www.uartes.edu.ec\/sitio\/fr\/#website"},"primaryImageOfPage":{"@id":"https:\/\/www.uartes.edu.ec\/sitio\/fr\/blog\/2019\/06\/04\/seis-estudiantes-de-la-escuela-de-artes-sonoras-estan-proximos-a-titularse\/#primaryimage"},"image":{"@id":"https:\/\/www.uartes.edu.ec\/sitio\/fr\/blog\/2019\/06\/04\/seis-estudiantes-de-la-escuela-de-artes-sonoras-estan-proximos-a-titularse\/#primaryimage"},"thumbnailUrl":"https:\/\/www.uartes.edu.ec\/sitio\/wp-content\/uploads\/2019\/06\/Captura-de-pantalla-2019-05-29-a-las-17.24.jpg","datePublished":"2019-06-04T20:44:55+00:00","dateModified":"2024-07-04T16:51:07+00:00","description":"Universidad de las Artes - Seis estudiantes de la Escuela de Artes Sonoras est\u00e1n pr\u00f3ximos a titularse","breadcrumb":{"@id":"https:\/\/www.uartes.edu.ec\/sitio\/fr\/blog\/2019\/06\/04\/seis-estudiantes-de-la-escuela-de-artes-sonoras-estan-proximos-a-titularse\/#breadcrumb"},"inLanguage":"fr-FR","potentialAction":[{"@type":"ReadAction","target":["https:\/\/www.uartes.edu.ec\/sitio\/fr\/blog\/2019\/06\/04\/seis-estudiantes-de-la-escuela-de-artes-sonoras-estan-proximos-a-titularse\/"]}]},{"@type":"ImageObject","inLanguage":"fr-FR","@id":"https:\/\/www.uartes.edu.ec\/sitio\/fr\/blog\/2019\/06\/04\/seis-estudiantes-de-la-escuela-de-artes-sonoras-estan-proximos-a-titularse\/#primaryimage","url":"https:\/\/www.uartes.edu.ec\/sitio\/wp-content\/uploads\/2019\/06\/Captura-de-pantalla-2019-05-29-a-las-17.24.jpg","contentUrl":"https:\/\/www.uartes.edu.ec\/sitio\/wp-content\/uploads\/2019\/06\/Captura-de-pantalla-2019-05-29-a-las-17.24.jpg","width":753,"height":501},{"@type":"BreadcrumbList","@id":"https:\/\/www.uartes.edu.ec\/sitio\/fr\/blog\/2019\/06\/04\/seis-estudiantes-de-la-escuela-de-artes-sonoras-estan-proximos-a-titularse\/#breadcrumb","itemListElement":[{"@type":"ListItem","position":1,"name":"Inicio","item":"https:\/\/www.uartes.edu.ec\/sitio\/"},{"@type":"ListItem","position":2,"name":"Seis estudiantes de la Escuela de Artes Sonoras est\u00e1n pr\u00f3ximos a titularse"}]},{"@type":"WebSite","@id":"https:\/\/www.uartes.edu.ec\/sitio\/fr\/#website","url":"https:\/\/www.uartes.edu.ec\/sitio\/fr\/","name":"Universidad de las Artes","description":"Sitio oficial de la Universidad Nacional de las Artes del Ecuador","publisher":{"@id":"https:\/\/www.uartes.edu.ec\/sitio\/fr\/#organization"},"potentialAction":[{"@type":"SearchAction","target":{"@type":"EntryPoint","urlTemplate":"https:\/\/www.uartes.edu.ec\/sitio\/fr\/?s={search_term_string}"},"query-input":{"@type":"PropertyValueSpecification","valueRequired":true,"valueName":"search_term_string"}}],"inLanguage":"fr-FR"},{"@type":"Organization","@id":"https:\/\/www.uartes.edu.ec\/sitio\/fr\/#organization","name":"Universidad de las Artes","url":"https:\/\/www.uartes.edu.ec\/sitio\/fr\/","logo":{"@type":"ImageObject","inLanguage":"fr-FR","@id":"https:\/\/www.uartes.edu.ec\/sitio\/fr\/#\/schema\/logo\/image\/","url":"https:\/\/www.uartes.edu.ec\/sitio\/wp-content\/uploads\/2022\/07\/logo-ua-horizontal.png","contentUrl":"https:\/\/www.uartes.edu.ec\/sitio\/wp-content\/uploads\/2022\/07\/logo-ua-horizontal.png","width":800,"height":276,"caption":"Universidad de las Artes"},"image":{"@id":"https:\/\/www.uartes.edu.ec\/sitio\/fr\/#\/schema\/logo\/image\/"},"sameAs":["https:\/\/www.facebook.com\/uartesec","https:\/\/x.com\/uartesec","https:\/\/www.tiktok.com\/@uartesec"]},{"@type":"Person","@id":"https:\/\/www.uartes.edu.ec\/sitio\/fr\/#\/schema\/person\/f33f8c1d2af0d5c80a38c8abf458184a","name":"Universidad de las Artes","image":{"@type":"ImageObject","inLanguage":"fr-FR","@id":"https:\/\/secure.gravatar.com\/avatar\/52e4757902f5cfa5ac52d020e5be83cae5487519154b6c35482fe08d589f3c13?s=96&d=mm&r=g","url":"https:\/\/secure.gravatar.com\/avatar\/52e4757902f5cfa5ac52d020e5be83cae5487519154b6c35482fe08d589f3c13?s=96&d=mm&r=g","contentUrl":"https:\/\/secure.gravatar.com\/avatar\/52e4757902f5cfa5ac52d020e5be83cae5487519154b6c35482fe08d589f3c13?s=96&d=mm&r=g","caption":"Universidad de las Artes"},"url":"https:\/\/www.uartes.edu.ec\/sitio\/fr\/blog\/author\/dircomadm\/"}]}},"uagb_featured_image_src":{"full":["https:\/\/www.uartes.edu.ec\/sitio\/wp-content\/uploads\/2019\/06\/Captura-de-pantalla-2019-05-29-a-las-17.24.jpg",753,501,false],"thumbnail":["https:\/\/www.uartes.edu.ec\/sitio\/wp-content\/uploads\/2019\/06\/Captura-de-pantalla-2019-05-29-a-las-17.24-150x150.jpg",150,150,true],"medium":["https:\/\/www.uartes.edu.ec\/sitio\/wp-content\/uploads\/2019\/06\/Captura-de-pantalla-2019-05-29-a-las-17.24-300x200.jpg",300,200,true],"medium_large":["https:\/\/www.uartes.edu.ec\/sitio\/wp-content\/uploads\/2019\/06\/Captura-de-pantalla-2019-05-29-a-las-17.24.jpg",753,501,false],"large":["https:\/\/www.uartes.edu.ec\/sitio\/wp-content\/uploads\/2019\/06\/Captura-de-pantalla-2019-05-29-a-las-17.24-644x428.jpg",644,428,true],"1536x1536":["https:\/\/www.uartes.edu.ec\/sitio\/wp-content\/uploads\/2019\/06\/Captura-de-pantalla-2019-05-29-a-las-17.24.jpg",753,501,false],"2048x2048":["https:\/\/www.uartes.edu.ec\/sitio\/wp-content\/uploads\/2019\/06\/Captura-de-pantalla-2019-05-29-a-las-17.24.jpg",753,501,false],"trp-custom-language-flag":["https:\/\/www.uartes.edu.ec\/sitio\/wp-content\/uploads\/2019\/06\/Captura-de-pantalla-2019-05-29-a-las-17.24.jpg",18,12,false],"htmega_size_585x295":["https:\/\/www.uartes.edu.ec\/sitio\/wp-content\/uploads\/2019\/06\/Captura-de-pantalla-2019-05-29-a-las-17.24.jpg",443,295,false],"htmega_size_1170x536":["https:\/\/www.uartes.edu.ec\/sitio\/wp-content\/uploads\/2019\/06\/Captura-de-pantalla-2019-05-29-a-las-17.24.jpg",753,501,false],"htmega_size_396x360":["https:\/\/www.uartes.edu.ec\/sitio\/wp-content\/uploads\/2019\/06\/Captura-de-pantalla-2019-05-29-a-las-17.24.jpg",396,263,false],"gb-block-post-grid-landscape":["https:\/\/www.uartes.edu.ec\/sitio\/wp-content\/uploads\/2019\/06\/Captura-de-pantalla-2019-05-29-a-las-17.24.jpg",600,400,false],"gb-block-post-grid-square":["https:\/\/www.uartes.edu.ec\/sitio\/wp-content\/uploads\/2019\/06\/Captura-de-pantalla-2019-05-29-a-las-17.24.jpg",600,399,false],"university-hub-thumb":["https:\/\/www.uartes.edu.ec\/sitio\/wp-content\/uploads\/2019\/06\/Captura-de-pantalla-2019-05-29-a-las-17.24-400x266.jpg",400,266,true]},"uagb_author_info":{"display_name":"Universidad de las Artes","author_link":"https:\/\/www.uartes.edu.ec\/sitio\/fr\/blog\/author\/dircomadm\/"},"uagb_comment_info":0,"uagb_excerpt":"Durante la Semana 14, los futuros licenciados en la carrera de Artes Sonoras de la Universidad de las Artes presentar\u00e1n diversos conciertos como parte de su proyecto de titulaci\u00f3n. Ellos son: Elizabeth Barahona, quien explica que est\u00e1 trabajando en un proyecto art\u00edstico interdisciplinario sobre la experiencia femenina en la industria musical con respecto al movimiento\u2026","featured_image_src":"https:\/\/www.uartes.edu.ec\/sitio\/wp-content\/uploads\/2019\/06\/Captura-de-pantalla-2019-05-29-a-las-17.24.jpg","featured_image_src_square":"https:\/\/www.uartes.edu.ec\/sitio\/wp-content\/uploads\/2019\/06\/Captura-de-pantalla-2019-05-29-a-las-17.24.jpg","author_info":{"display_name":"Universidad de las Artes","author_link":"https:\/\/www.uartes.edu.ec\/sitio\/fr\/blog\/author\/dircomadm\/"},"publishpress_future_workflow_manual_trigger":{"enabledWorkflows":[]},"distributor_meta":false,"distributor_terms":false,"distributor_media":false,"distributor_original_site_name":"Universidad de las Artes","distributor_original_site_url":"https:\/\/www.uartes.edu.ec\/sitio\/fr","push-errors":false,"_links":{"self":[{"href":"https:\/\/www.uartes.edu.ec\/sitio\/fr\/wp-json\/wp\/v2\/posts\/3617","targetHints":{"allow":["GET"]}}],"collection":[{"href":"https:\/\/www.uartes.edu.ec\/sitio\/fr\/wp-json\/wp\/v2\/posts"}],"about":[{"href":"https:\/\/www.uartes.edu.ec\/sitio\/fr\/wp-json\/wp\/v2\/types\/post"}],"author":[{"embeddable":true,"href":"https:\/\/www.uartes.edu.ec\/sitio\/fr\/wp-json\/wp\/v2\/users\/1"}],"replies":[{"embeddable":true,"href":"https:\/\/www.uartes.edu.ec\/sitio\/fr\/wp-json\/wp\/v2\/comments?post=3617"}],"version-history":[{"count":2,"href":"https:\/\/www.uartes.edu.ec\/sitio\/fr\/wp-json\/wp\/v2\/posts\/3617\/revisions"}],"predecessor-version":[{"id":57812,"href":"https:\/\/www.uartes.edu.ec\/sitio\/fr\/wp-json\/wp\/v2\/posts\/3617\/revisions\/57812"}],"wp:featuredmedia":[{"embeddable":true,"href":"https:\/\/www.uartes.edu.ec\/sitio\/fr\/wp-json\/wp\/v2\/media\/3619"}],"wp:attachment":[{"href":"https:\/\/www.uartes.edu.ec\/sitio\/fr\/wp-json\/wp\/v2\/media?parent=3617"}],"wp:term":[{"taxonomy":"category","embeddable":true,"href":"https:\/\/www.uartes.edu.ec\/sitio\/fr\/wp-json\/wp\/v2\/categories?post=3617"},{"taxonomy":"post_tag","embeddable":true,"href":"https:\/\/www.uartes.edu.ec\/sitio\/fr\/wp-json\/wp\/v2\/tags?post=3617"},{"taxonomy":"infouartes","embeddable":true,"href":"https:\/\/www.uartes.edu.ec\/sitio\/fr\/wp-json\/wp\/v2\/infouartes?post=3617"}],"curies":[{"name":"wp","href":"https:\/\/api.w.org\/{rel}","templated":true}]}}