{"id":36239,"date":"2023-01-11T19:24:38","date_gmt":"2023-01-12T00:24:38","guid":{"rendered":"http:\/\/www.uartes.edu.ec\/sitio\/?p=36239"},"modified":"2024-07-04T11:21:49","modified_gmt":"2024-07-04T16:21:49","slug":"en-sus-ppp-estudiantes-de-produccion-musical-graban-con-edu-loor-la-version-de-estudio-de-inimaginable","status":"publish","type":"post","link":"https:\/\/www.uartes.edu.ec\/sitio\/fr\/blog\/2023\/01\/11\/en-sus-ppp-estudiantes-de-produccion-musical-graban-con-edu-loor-la-version-de-estudio-de-inimaginable\/","title":{"rendered":"En sus PPP, estudiantes de Producci\u00f3n Musical graban con Edu Loor la versi\u00f3n de estudio del sencillo \u201cInimaginable\u201d"},"content":{"rendered":"<p>Edu Loor es uno de los ocho estudiantes de la Escuela de Artes Sonoras de la Universidad de la Artes que realiza sus Pr\u00e1cticas PreProfesionales (PPP) en los Estudios de Grabaci\u00f3n de la EAS y es tambi\u00e9n el cantautor del tema \u201cInimaginable\u201d, del cual ya lanz\u00f3 una versi\u00f3n ac\u00fastica con instrumentaci\u00f3n minimalista.<\/p>\n\n\n\n<p>Recientemente subi\u00f3 una nueva versi\u00f3n a plataformas musicales como Spotify y al canal de YouTube de la EAS. Una versi\u00f3n realizada totalmente por \u00e9l y sus compa\u00f1eros en el Estudio de Grabaci\u00f3n A, ubicado en MZ14 Centro de Producci\u00f3n e Innovaci\u00f3n de la UArtes.<\/p>\n\n\n\n<p>Fue Dar\u00edo D\u00e1valos, alumnus y funcionario de nuestra universidad, quien dio a conocer sobre esta producci\u00f3n, destacando como objetivo que los estudiantes pusieran en pr\u00e1ctica todo lo aprendido en clases y sus pasant\u00edas. Todo lo hicieron ellos, anot\u00f3, se\u00f1alando incluso al video que acompa\u00f1a a la nueva versi\u00f3n.<\/p>\n\n\n<div class=\"wp-block-image\">\n<figure class=\"aligncenter size-large\"><img fetchpriority=\"high\" decoding=\"async\" width=\"644\" height=\"429\" src=\"http:\/\/www.uartes.edu.ec\/sitio\/wp-content\/uploads\/2023\/01\/ESTUDIO-MZ14-EAS-EDU-LOOR-3-644x429.jpg\" alt=\"\" class=\"wp-image-36241\" srcset=\"https:\/\/www.uartes.edu.ec\/sitio\/wp-content\/uploads\/2023\/01\/ESTUDIO-MZ14-EAS-EDU-LOOR-3-644x429.jpg 644w, https:\/\/www.uartes.edu.ec\/sitio\/wp-content\/uploads\/2023\/01\/ESTUDIO-MZ14-EAS-EDU-LOOR-3-768x511.jpg 768w, https:\/\/www.uartes.edu.ec\/sitio\/wp-content\/uploads\/2023\/01\/ESTUDIO-MZ14-EAS-EDU-LOOR-3.jpg 2000w, https:\/\/www.uartes.edu.ec\/sitio\/wp-content\/uploads\/2023\/01\/ESTUDIO-MZ14-EAS-EDU-LOOR-3-600x399.jpg 600w, https:\/\/www.uartes.edu.ec\/sitio\/wp-content\/uploads\/2023\/01\/ESTUDIO-MZ14-EAS-EDU-LOOR-3-272x182.jpg 272w\" sizes=\"(max-width: 644px) 100vw, 644px\" \/><\/figure>\n<\/div>\n\n<div class=\"wp-block-image\">\n<figure class=\"aligncenter size-large\"><img decoding=\"async\" width=\"644\" height=\"429\" src=\"http:\/\/www.uartes.edu.ec\/sitio\/wp-content\/uploads\/2023\/01\/ESTUDIO-MZ14-EAS-EDU-LOOR-4-644x429.jpg\" alt=\"\" class=\"wp-image-36242\" srcset=\"https:\/\/www.uartes.edu.ec\/sitio\/wp-content\/uploads\/2023\/01\/ESTUDIO-MZ14-EAS-EDU-LOOR-4-644x429.jpg 644w, https:\/\/www.uartes.edu.ec\/sitio\/wp-content\/uploads\/2023\/01\/ESTUDIO-MZ14-EAS-EDU-LOOR-4-768x511.jpg 768w, https:\/\/www.uartes.edu.ec\/sitio\/wp-content\/uploads\/2023\/01\/ESTUDIO-MZ14-EAS-EDU-LOOR-4.jpg 2000w, https:\/\/www.uartes.edu.ec\/sitio\/wp-content\/uploads\/2023\/01\/ESTUDIO-MZ14-EAS-EDU-LOOR-4-600x399.jpg 600w, https:\/\/www.uartes.edu.ec\/sitio\/wp-content\/uploads\/2023\/01\/ESTUDIO-MZ14-EAS-EDU-LOOR-4-272x182.jpg 272w\" sizes=\"(max-width: 644px) 100vw, 644px\" \/><\/figure>\n<\/div>\n\n\n<p>En di\u00e1logo con InfoUArtes, Edu Loor coment\u00f3 que el tema lo escribi\u00f3 antes de la pandemia y que entre 2018 y 2019 empez\u00f3 a madurarlo. No obstante, lo dej\u00f3 guardado porque no pensaba un futuro con este ni otras dos composiciones en proceso. Fue as\u00ed hasta abril de 2022 en que decidi\u00f3 empezarlos a trabajar. Entonces lanz\u00f3 la versi\u00f3n ac\u00fastica de \u201cInimaginable\u201d y \u201cAs\u00ed era ella\u201d.<\/p>\n\n\n\n<p>Lleg\u00f3 el tiempo de las PPP y desarroll\u00e1ndolas con sus compa\u00f1eros en los Estudios de Grabaci\u00f3n de la EAS es que D\u00e1valos, quien est\u00e1 a cargo de estos, los anim\u00f3 a grabar sus canciones. Como cada uno interpretaba un instrumento, solo restaba darse tiempo para ejecutar el proyecto.&nbsp;<\/p>\n\n\n\n<p>Constituy\u00f3 todo un reto, dijo Edu Loor, pues lo grabaron en un d\u00eda, de 08:00 a 18:00. \u201cAprendimos mucho, de lo que debemos y no\u201d, a\u00f1adi\u00f3. En las etapas de preproducci\u00f3n y producci\u00f3n se hicieron ensayos y arreglos; se grabaron uno a uno los instrumentos. Primero la bater\u00eda y teniendo la base, el teclado, la guitarra, los coros y voces\u2026<\/p>\n\n\n\n<p>En este proceso lo acompa\u00f1aron Kristel Flores, en la bater\u00eda; Cristian Echeverr\u00eda, en el bajo; Cristopher Cordero, en el teclado: Kevin Mart (Mart\u00ednez) y Karla Sol\u00f3rzano, en los coros. Como ingeniero de grabaci\u00f3n intervino El\u00edas Bodero.<\/p>\n\n\n\n<p>Sol\u00f3rzano, Cordero y Flores dieron tambi\u00e9n asistencia en la grabaci\u00f3n, mientras que Echeverr\u00eda asumi\u00f3 junto con Edu Loor la edici\u00f3n del audio. Mart hizo c\u00e1maras y Danny Robles, la edici\u00f3n del video. En el mix y mastering particip\u00f3 Alan Aguirre, de Fontanella Home, que con el nombre art\u00edstico de Lido Nor toc\u00f3 la guitarra.<\/p>\n\n\n<div class=\"wp-block-image\">\n<figure class=\"aligncenter size-large\"><img decoding=\"async\" width=\"644\" height=\"644\" src=\"http:\/\/www.uartes.edu.ec\/sitio\/wp-content\/uploads\/2023\/01\/edu8-644x644.jpeg\" alt=\"\" class=\"wp-image-36243\" srcset=\"https:\/\/www.uartes.edu.ec\/sitio\/wp-content\/uploads\/2023\/01\/edu8-644x644.jpeg 644w, https:\/\/www.uartes.edu.ec\/sitio\/wp-content\/uploads\/2023\/01\/edu8-300x300.jpeg 300w, https:\/\/www.uartes.edu.ec\/sitio\/wp-content\/uploads\/2023\/01\/edu8-150x150.jpeg 150w, https:\/\/www.uartes.edu.ec\/sitio\/wp-content\/uploads\/2023\/01\/edu8-768x768.jpeg 768w, https:\/\/www.uartes.edu.ec\/sitio\/wp-content\/uploads\/2023\/01\/edu8.jpeg 1280w, https:\/\/www.uartes.edu.ec\/sitio\/wp-content\/uploads\/2023\/01\/edu8-600x600.jpeg 600w, https:\/\/www.uartes.edu.ec\/sitio\/wp-content\/uploads\/2023\/01\/edu8-100x100.jpeg 100w, https:\/\/www.uartes.edu.ec\/sitio\/wp-content\/uploads\/2023\/01\/edu8-560x560.jpeg 560w\" sizes=\"(max-width: 644px) 100vw, 644px\" \/><\/figure>\n<\/div>\n\n\n<p>Cordero, quien est\u00e1 en noveno semestre de Producci\u00f3n Musical, manifest\u00f3 que de la experiencia se obtuvo un buen resultado. \u00c9l ya cumpli\u00f3 sus horas de PPP el semestre anterior, pero pidi\u00f3 quedarse para seguir ganando experiencia. Se hace un poco de todo, expres\u00f3, desde limpiar hasta grabar, ser operador de los programas de grabaci\u00f3n, montar equipos y cuidarlos, asesorar a los estudiantes\u2026 \u201cEstar a 100, atentos a todo\u201d.<\/p>\n\n\n\n<p>La grabaci\u00f3n de estudio de \u201cInimaginable\u201d no fue la primera para Edu Loor, quien cursa el octavo semestre de Producci\u00f3n Musical. \u201cHe participado en otras con menos instrumentos y m\u00fasicos, por ello creo que, para todos, la experiencia que vivimos fue \u00fanica\u201d.<\/p>\n\n\n\n<p>Por ser cantante y compositor y estar pr\u00f3ximo a titularse como productor parecer\u00eda que autoproducirse es f\u00e1cil. \u201cNo lo es porque uno se puede cerrar a nuevas ideas, por eso es bueno trabajar con alguien m\u00e1s, que existan otros o\u00eddos para contar con m\u00e1s aportes\u201d.<\/p>\n\n\n<div class=\"wp-block-image\">\n<figure class=\"aligncenter size-large\"><img loading=\"lazy\" decoding=\"async\" width=\"644\" height=\"429\" src=\"http:\/\/www.uartes.edu.ec\/sitio\/wp-content\/uploads\/2023\/01\/ESTUDIO-MZ14-EAS-EDU-LOOR-2-644x429.jpg\" alt=\"\" class=\"wp-image-36244\" srcset=\"https:\/\/www.uartes.edu.ec\/sitio\/wp-content\/uploads\/2023\/01\/ESTUDIO-MZ14-EAS-EDU-LOOR-2-644x429.jpg 644w, https:\/\/www.uartes.edu.ec\/sitio\/wp-content\/uploads\/2023\/01\/ESTUDIO-MZ14-EAS-EDU-LOOR-2-768x511.jpg 768w, https:\/\/www.uartes.edu.ec\/sitio\/wp-content\/uploads\/2023\/01\/ESTUDIO-MZ14-EAS-EDU-LOOR-2.jpg 2000w, https:\/\/www.uartes.edu.ec\/sitio\/wp-content\/uploads\/2023\/01\/ESTUDIO-MZ14-EAS-EDU-LOOR-2-600x399.jpg 600w, https:\/\/www.uartes.edu.ec\/sitio\/wp-content\/uploads\/2023\/01\/ESTUDIO-MZ14-EAS-EDU-LOOR-2-272x182.jpg 272w\" sizes=\"(max-width: 644px) 100vw, 644px\" \/><\/figure>\n<\/div>\n\n\n<p>Para este 2023, Edu prev\u00e9 lanzar un EP, cuyas canciones ya tiene. Ser\u00eda el cierre de una etapa que inici\u00f3 entre los 15 y 16 a\u00f1os cuando cantaba con pistas hasta que aprendi\u00f3 a tocar la guitarra y fue incursionando en la composici\u00f3n, siempre de manera autodidacta. \u201cAl terminar el colegio estaba seguro de que quer\u00eda dedicarme a la Producci\u00f3n Musical porque me gusta saber lo que hay detr\u00e1s de cada canci\u00f3n\u201d.<\/p>\n\n\n\n<p>Ingres\u00f3 a la UArtes con algo de conocimiento sobre producci\u00f3n musical y la experiencia de haber tomado parte en distintas iniciativas musicales dentro de la ciudad. Entre otros, el Festival Sat\u00e9lite 2012, desarrollado en el colegio Mariscal Sucre; los distintos eventos del Liceo Cristiano de Guayaquil, donde form\u00f3 parte durante 3 a\u00f1os de su agrupaci\u00f3n musical.<\/p>\n\n\n\n<p>En cuanto a las letras de sus canciones, Edu Loor indic\u00f3 que con ellas busca expresar emociones: soledad, ilusi\u00f3n, amor&#8230; Todo con melod\u00edas que se conecten con el oyente en un formato de lanzamiento del artista John Mayer en sus inicios.<\/p>\n\n\n\n<p>\u201cInimaginable\u201d en el canal de YouTube de la EAS: <a href=\"https:\/\/www.youtube.com\/watch?v=cWHR6hGctPs\">https:\/\/www.youtube.com\/watch?v=cWHR6hGctPs<\/a><\/p>\n\n\n\n<p>Fotos: Cortes\u00eda Edu Loor<\/p>","protected":false},"excerpt":{"rendered":"<p>Kristel Flores, Cristian Echeverr\u00eda, Cristopher Cordero, Kevin Mart (Mart\u00ednez), Karla Sol\u00f3rzano, Danny Robles, El\u00edas Bodero y Edu Loor son estudiantes de la Escuela de Artes Sonoras de la UArtes y durante sus Pr\u00e1cticas PreProfesionales en los Estudios de Grabaci\u00f3n de la EAS produjeron una nueva versi\u00f3n de \u201cInimaginable\u201d. Edu es su cantautor y ya cuenta con una producci\u00f3n ac\u00fastica con instrumentaci\u00f3n minimalista.<\/p>","protected":false},"author":10,"featured_media":36240,"comment_status":"open","ping_status":"open","sticky":false,"template":"","format":"standard","meta":{"_acf_changed":false,"_uag_custom_page_level_css":"","_monsterinsights_skip_tracking":false,"_monsterinsights_sitenote_active":false,"_monsterinsights_sitenote_note":"","_monsterinsights_sitenote_category":0,"cybocfi_hide_featured_image":"","footnotes":""},"categories":[716,150,75,76],"tags":[518],"infouartes":[],"class_list":["post-36239","post","type-post","status-publish","format-standard","has-post-thumbnail","hentry","category-1c","category-artes-sonoras","category-docentes","category-estudiantes","tag-produccion"],"acf":[],"yoast_head":"<!-- This site is optimized with the Yoast SEO plugin v27.4 - https:\/\/yoast.com\/product\/yoast-seo-wordpress\/ -->\n<title>Universidad de las Artes - En sus PPP, estudiantes de Producci\u00f3n Musical graban con Edu Loor la versi\u00f3n de estudio del sencillo \u201cInimaginable\u201d<\/title>\n<meta name=\"description\" content=\"Universidad de las Artes - En sus PPP, estudiantes de Producci\u00f3n Musical graban con Edu Loor la versi\u00f3n de estudio del sencillo \u201cInimaginable\u201d\" \/>\n<meta name=\"robots\" content=\"index, follow, max-snippet:-1, max-image-preview:large, max-video-preview:-1\" \/>\n<link rel=\"canonical\" href=\"https:\/\/www.uartes.edu.ec\/sitio\/fr\/blog\/2023\/01\/11\/en-sus-ppp-estudiantes-de-produccion-musical-graban-con-edu-loor-la-version-de-estudio-de-inimaginable\/\" \/>\n<meta property=\"og:locale\" content=\"fr_FR\" \/>\n<meta property=\"og:type\" content=\"article\" \/>\n<meta property=\"og:title\" content=\"Universidad de las Artes - En sus PPP, estudiantes de Producci\u00f3n Musical graban con Edu Loor la versi\u00f3n de estudio del sencillo \u201cInimaginable\u201d\" \/>\n<meta property=\"og:description\" content=\"Universidad de las Artes - En sus PPP, estudiantes de Producci\u00f3n Musical graban con Edu Loor la versi\u00f3n de estudio del sencillo \u201cInimaginable\u201d\" \/>\n<meta property=\"og:url\" content=\"https:\/\/www.uartes.edu.ec\/sitio\/fr\/blog\/2023\/01\/11\/en-sus-ppp-estudiantes-de-produccion-musical-graban-con-edu-loor-la-version-de-estudio-de-inimaginable\/\" \/>\n<meta property=\"og:site_name\" content=\"Universidad de las Artes\" \/>\n<meta property=\"article:publisher\" content=\"https:\/\/www.facebook.com\/uartesec\" \/>\n<meta property=\"article:published_time\" content=\"2023-01-12T00:24:38+00:00\" \/>\n<meta property=\"article:modified_time\" content=\"2024-07-04T16:21:49+00:00\" \/>\n<meta property=\"og:image\" content=\"https:\/\/www.uartes.edu.ec\/sitio\/wp-content\/uploads\/2023\/01\/ESTUDIO-MZ14-EAS-EDU-LOOR.jpg\" \/>\n\t<meta property=\"og:image:width\" content=\"2000\" \/>\n\t<meta property=\"og:image:height\" content=\"1333\" \/>\n\t<meta property=\"og:image:type\" content=\"image\/jpeg\" \/>\n<meta name=\"author\" content=\"ccortez\" \/>\n<meta name=\"twitter:card\" content=\"summary_large_image\" \/>\n<meta name=\"twitter:creator\" content=\"@uartesec\" \/>\n<meta name=\"twitter:site\" content=\"@uartesec\" \/>\n<meta name=\"twitter:label1\" content=\"\u00c9crit par\" \/>\n\t<meta name=\"twitter:data1\" content=\"ccortez\" \/>\n\t<meta name=\"twitter:label2\" content=\"Dur\u00e9e de lecture estim\u00e9e\" \/>\n\t<meta name=\"twitter:data2\" content=\"5 minutes\" \/>\n<script type=\"application\/ld+json\" class=\"yoast-schema-graph\">{\"@context\":\"https:\\\/\\\/schema.org\",\"@graph\":[{\"@type\":\"Article\",\"@id\":\"https:\\\/\\\/www.uartes.edu.ec\\\/sitio\\\/fr\\\/blog\\\/2023\\\/01\\\/11\\\/en-sus-ppp-estudiantes-de-produccion-musical-graban-con-edu-loor-la-version-de-estudio-de-inimaginable\\\/#article\",\"isPartOf\":{\"@id\":\"https:\\\/\\\/www.uartes.edu.ec\\\/sitio\\\/fr\\\/blog\\\/2023\\\/01\\\/11\\\/en-sus-ppp-estudiantes-de-produccion-musical-graban-con-edu-loor-la-version-de-estudio-de-inimaginable\\\/\"},\"author\":{\"name\":\"ccortez\",\"@id\":\"https:\\\/\\\/www.uartes.edu.ec\\\/sitio\\\/fr\\\/#\\\/schema\\\/person\\\/efa1b8275797664fd7f13a79ccc0b1f4\"},\"headline\":\"En sus PPP, estudiantes de Producci\u00f3n Musical graban con Edu Loor la versi\u00f3n de estudio del sencillo \u201cInimaginable\u201d\",\"datePublished\":\"2023-01-12T00:24:38+00:00\",\"dateModified\":\"2024-07-04T16:21:49+00:00\",\"mainEntityOfPage\":{\"@id\":\"https:\\\/\\\/www.uartes.edu.ec\\\/sitio\\\/fr\\\/blog\\\/2023\\\/01\\\/11\\\/en-sus-ppp-estudiantes-de-produccion-musical-graban-con-edu-loor-la-version-de-estudio-de-inimaginable\\\/\"},\"wordCount\":835,\"commentCount\":0,\"publisher\":{\"@id\":\"https:\\\/\\\/www.uartes.edu.ec\\\/sitio\\\/fr\\\/#organization\"},\"image\":{\"@id\":\"https:\\\/\\\/www.uartes.edu.ec\\\/sitio\\\/fr\\\/blog\\\/2023\\\/01\\\/11\\\/en-sus-ppp-estudiantes-de-produccion-musical-graban-con-edu-loor-la-version-de-estudio-de-inimaginable\\\/#primaryimage\"},\"thumbnailUrl\":\"https:\\\/\\\/www.uartes.edu.ec\\\/sitio\\\/wp-content\\\/uploads\\\/2023\\\/01\\\/ESTUDIO-MZ14-EAS-EDU-LOOR.jpg\",\"keywords\":[\"producci\u00f3n\"],\"articleSection\":[\"1C\",\"Artes Sonoras\",\"Docentes\",\"Estudiantes\"],\"inLanguage\":\"fr-FR\",\"potentialAction\":[{\"@type\":\"CommentAction\",\"name\":\"Comment\",\"target\":[\"https:\\\/\\\/www.uartes.edu.ec\\\/sitio\\\/fr\\\/blog\\\/2023\\\/01\\\/11\\\/en-sus-ppp-estudiantes-de-produccion-musical-graban-con-edu-loor-la-version-de-estudio-de-inimaginable\\\/#respond\"]}]},{\"@type\":[\"WebPage\",\"ItemPage\"],\"@id\":\"https:\\\/\\\/www.uartes.edu.ec\\\/sitio\\\/fr\\\/blog\\\/2023\\\/01\\\/11\\\/en-sus-ppp-estudiantes-de-produccion-musical-graban-con-edu-loor-la-version-de-estudio-de-inimaginable\\\/\",\"url\":\"https:\\\/\\\/www.uartes.edu.ec\\\/sitio\\\/fr\\\/blog\\\/2023\\\/01\\\/11\\\/en-sus-ppp-estudiantes-de-produccion-musical-graban-con-edu-loor-la-version-de-estudio-de-inimaginable\\\/\",\"name\":\"Universidad de las Artes - En sus PPP, estudiantes de Producci\u00f3n Musical graban con Edu Loor la versi\u00f3n de estudio del sencillo \u201cInimaginable\u201d\",\"isPartOf\":{\"@id\":\"https:\\\/\\\/www.uartes.edu.ec\\\/sitio\\\/fr\\\/#website\"},\"primaryImageOfPage\":{\"@id\":\"https:\\\/\\\/www.uartes.edu.ec\\\/sitio\\\/fr\\\/blog\\\/2023\\\/01\\\/11\\\/en-sus-ppp-estudiantes-de-produccion-musical-graban-con-edu-loor-la-version-de-estudio-de-inimaginable\\\/#primaryimage\"},\"image\":{\"@id\":\"https:\\\/\\\/www.uartes.edu.ec\\\/sitio\\\/fr\\\/blog\\\/2023\\\/01\\\/11\\\/en-sus-ppp-estudiantes-de-produccion-musical-graban-con-edu-loor-la-version-de-estudio-de-inimaginable\\\/#primaryimage\"},\"thumbnailUrl\":\"https:\\\/\\\/www.uartes.edu.ec\\\/sitio\\\/wp-content\\\/uploads\\\/2023\\\/01\\\/ESTUDIO-MZ14-EAS-EDU-LOOR.jpg\",\"datePublished\":\"2023-01-12T00:24:38+00:00\",\"dateModified\":\"2024-07-04T16:21:49+00:00\",\"description\":\"Universidad de las Artes - En sus PPP, estudiantes de Producci\u00f3n Musical graban con Edu Loor la versi\u00f3n de estudio del sencillo \u201cInimaginable\u201d\",\"breadcrumb\":{\"@id\":\"https:\\\/\\\/www.uartes.edu.ec\\\/sitio\\\/fr\\\/blog\\\/2023\\\/01\\\/11\\\/en-sus-ppp-estudiantes-de-produccion-musical-graban-con-edu-loor-la-version-de-estudio-de-inimaginable\\\/#breadcrumb\"},\"inLanguage\":\"fr-FR\",\"potentialAction\":[{\"@type\":\"ReadAction\",\"target\":[\"https:\\\/\\\/www.uartes.edu.ec\\\/sitio\\\/fr\\\/blog\\\/2023\\\/01\\\/11\\\/en-sus-ppp-estudiantes-de-produccion-musical-graban-con-edu-loor-la-version-de-estudio-de-inimaginable\\\/\"]}]},{\"@type\":\"ImageObject\",\"inLanguage\":\"fr-FR\",\"@id\":\"https:\\\/\\\/www.uartes.edu.ec\\\/sitio\\\/fr\\\/blog\\\/2023\\\/01\\\/11\\\/en-sus-ppp-estudiantes-de-produccion-musical-graban-con-edu-loor-la-version-de-estudio-de-inimaginable\\\/#primaryimage\",\"url\":\"https:\\\/\\\/www.uartes.edu.ec\\\/sitio\\\/wp-content\\\/uploads\\\/2023\\\/01\\\/ESTUDIO-MZ14-EAS-EDU-LOOR.jpg\",\"contentUrl\":\"https:\\\/\\\/www.uartes.edu.ec\\\/sitio\\\/wp-content\\\/uploads\\\/2023\\\/01\\\/ESTUDIO-MZ14-EAS-EDU-LOOR.jpg\",\"width\":2000,\"height\":1333},{\"@type\":\"BreadcrumbList\",\"@id\":\"https:\\\/\\\/www.uartes.edu.ec\\\/sitio\\\/fr\\\/blog\\\/2023\\\/01\\\/11\\\/en-sus-ppp-estudiantes-de-produccion-musical-graban-con-edu-loor-la-version-de-estudio-de-inimaginable\\\/#breadcrumb\",\"itemListElement\":[{\"@type\":\"ListItem\",\"position\":1,\"name\":\"Inicio\",\"item\":\"https:\\\/\\\/www.uartes.edu.ec\\\/sitio\\\/\"},{\"@type\":\"ListItem\",\"position\":2,\"name\":\"En sus PPP, estudiantes de Producci\u00f3n Musical graban con Edu Loor la versi\u00f3n de estudio del sencillo \u201cInimaginable\u201d\"}]},{\"@type\":\"WebSite\",\"@id\":\"https:\\\/\\\/www.uartes.edu.ec\\\/sitio\\\/fr\\\/#website\",\"url\":\"https:\\\/\\\/www.uartes.edu.ec\\\/sitio\\\/fr\\\/\",\"name\":\"Universidad de las Artes\",\"description\":\"Sitio oficial de la Universidad Nacional de las Artes del Ecuador\",\"publisher\":{\"@id\":\"https:\\\/\\\/www.uartes.edu.ec\\\/sitio\\\/fr\\\/#organization\"},\"potentialAction\":[{\"@type\":\"SearchAction\",\"target\":{\"@type\":\"EntryPoint\",\"urlTemplate\":\"https:\\\/\\\/www.uartes.edu.ec\\\/sitio\\\/fr\\\/?s={search_term_string}\"},\"query-input\":{\"@type\":\"PropertyValueSpecification\",\"valueRequired\":true,\"valueName\":\"search_term_string\"}}],\"inLanguage\":\"fr-FR\"},{\"@type\":\"Organization\",\"@id\":\"https:\\\/\\\/www.uartes.edu.ec\\\/sitio\\\/fr\\\/#organization\",\"name\":\"Universidad de las Artes\",\"url\":\"https:\\\/\\\/www.uartes.edu.ec\\\/sitio\\\/fr\\\/\",\"logo\":{\"@type\":\"ImageObject\",\"inLanguage\":\"fr-FR\",\"@id\":\"https:\\\/\\\/www.uartes.edu.ec\\\/sitio\\\/fr\\\/#\\\/schema\\\/logo\\\/image\\\/\",\"url\":\"https:\\\/\\\/www.uartes.edu.ec\\\/sitio\\\/wp-content\\\/uploads\\\/2022\\\/07\\\/logo-ua-horizontal.png\",\"contentUrl\":\"https:\\\/\\\/www.uartes.edu.ec\\\/sitio\\\/wp-content\\\/uploads\\\/2022\\\/07\\\/logo-ua-horizontal.png\",\"width\":800,\"height\":276,\"caption\":\"Universidad de las Artes\"},\"image\":{\"@id\":\"https:\\\/\\\/www.uartes.edu.ec\\\/sitio\\\/fr\\\/#\\\/schema\\\/logo\\\/image\\\/\"},\"sameAs\":[\"https:\\\/\\\/www.facebook.com\\\/uartesec\",\"https:\\\/\\\/x.com\\\/uartesec\",\"https:\\\/\\\/www.tiktok.com\\\/@uartesec\"]},{\"@type\":\"Person\",\"@id\":\"https:\\\/\\\/www.uartes.edu.ec\\\/sitio\\\/fr\\\/#\\\/schema\\\/person\\\/efa1b8275797664fd7f13a79ccc0b1f4\",\"name\":\"ccortez\",\"image\":{\"@type\":\"ImageObject\",\"inLanguage\":\"fr-FR\",\"@id\":\"https:\\\/\\\/secure.gravatar.com\\\/avatar\\\/b2a6f664a3ae8e074346ef91775736c5ec479e637ecced6842de9dc98b5da9cd?s=96&d=mm&r=g\",\"url\":\"https:\\\/\\\/secure.gravatar.com\\\/avatar\\\/b2a6f664a3ae8e074346ef91775736c5ec479e637ecced6842de9dc98b5da9cd?s=96&d=mm&r=g\",\"contentUrl\":\"https:\\\/\\\/secure.gravatar.com\\\/avatar\\\/b2a6f664a3ae8e074346ef91775736c5ec479e637ecced6842de9dc98b5da9cd?s=96&d=mm&r=g\",\"caption\":\"ccortez\"},\"url\":\"https:\\\/\\\/www.uartes.edu.ec\\\/sitio\\\/fr\\\/blog\\\/author\\\/ccortez\\\/\"}]}<\/script>\n<!-- \/ Yoast SEO plugin. -->","yoast_head_json":{"title":"Universidad de las Artes - En sus PPP, estudiantes de Producci\u00f3n Musical graban con Edu Loor la versi\u00f3n de estudio del sencillo \u201cInimaginable\u201d","description":"Universidad de las Artes - En sus PPP, estudiantes de Producci\u00f3n Musical graban con Edu Loor la versi\u00f3n de estudio del sencillo \u201cInimaginable\u201d","robots":{"index":"index","follow":"follow","max-snippet":"max-snippet:-1","max-image-preview":"max-image-preview:large","max-video-preview":"max-video-preview:-1"},"canonical":"https:\/\/www.uartes.edu.ec\/sitio\/fr\/blog\/2023\/01\/11\/en-sus-ppp-estudiantes-de-produccion-musical-graban-con-edu-loor-la-version-de-estudio-de-inimaginable\/","og_locale":"fr_FR","og_type":"article","og_title":"Universidad de las Artes - En sus PPP, estudiantes de Producci\u00f3n Musical graban con Edu Loor la versi\u00f3n de estudio del sencillo \u201cInimaginable\u201d","og_description":"Universidad de las Artes - En sus PPP, estudiantes de Producci\u00f3n Musical graban con Edu Loor la versi\u00f3n de estudio del sencillo \u201cInimaginable\u201d","og_url":"https:\/\/www.uartes.edu.ec\/sitio\/fr\/blog\/2023\/01\/11\/en-sus-ppp-estudiantes-de-produccion-musical-graban-con-edu-loor-la-version-de-estudio-de-inimaginable\/","og_site_name":"Universidad de las Artes","article_publisher":"https:\/\/www.facebook.com\/uartesec","article_published_time":"2023-01-12T00:24:38+00:00","article_modified_time":"2024-07-04T16:21:49+00:00","og_image":[{"width":2000,"height":1333,"url":"https:\/\/www.uartes.edu.ec\/sitio\/wp-content\/uploads\/2023\/01\/ESTUDIO-MZ14-EAS-EDU-LOOR.jpg","type":"image\/jpeg"}],"author":"ccortez","twitter_card":"summary_large_image","twitter_creator":"@uartesec","twitter_site":"@uartesec","twitter_misc":{"\u00c9crit par":"ccortez","Dur\u00e9e de lecture estim\u00e9e":"5 minutes"},"schema":{"@context":"https:\/\/schema.org","@graph":[{"@type":"Article","@id":"https:\/\/www.uartes.edu.ec\/sitio\/fr\/blog\/2023\/01\/11\/en-sus-ppp-estudiantes-de-produccion-musical-graban-con-edu-loor-la-version-de-estudio-de-inimaginable\/#article","isPartOf":{"@id":"https:\/\/www.uartes.edu.ec\/sitio\/fr\/blog\/2023\/01\/11\/en-sus-ppp-estudiantes-de-produccion-musical-graban-con-edu-loor-la-version-de-estudio-de-inimaginable\/"},"author":{"name":"ccortez","@id":"https:\/\/www.uartes.edu.ec\/sitio\/fr\/#\/schema\/person\/efa1b8275797664fd7f13a79ccc0b1f4"},"headline":"En sus PPP, estudiantes de Producci\u00f3n Musical graban con Edu Loor la versi\u00f3n de estudio del sencillo \u201cInimaginable\u201d","datePublished":"2023-01-12T00:24:38+00:00","dateModified":"2024-07-04T16:21:49+00:00","mainEntityOfPage":{"@id":"https:\/\/www.uartes.edu.ec\/sitio\/fr\/blog\/2023\/01\/11\/en-sus-ppp-estudiantes-de-produccion-musical-graban-con-edu-loor-la-version-de-estudio-de-inimaginable\/"},"wordCount":835,"commentCount":0,"publisher":{"@id":"https:\/\/www.uartes.edu.ec\/sitio\/fr\/#organization"},"image":{"@id":"https:\/\/www.uartes.edu.ec\/sitio\/fr\/blog\/2023\/01\/11\/en-sus-ppp-estudiantes-de-produccion-musical-graban-con-edu-loor-la-version-de-estudio-de-inimaginable\/#primaryimage"},"thumbnailUrl":"https:\/\/www.uartes.edu.ec\/sitio\/wp-content\/uploads\/2023\/01\/ESTUDIO-MZ14-EAS-EDU-LOOR.jpg","keywords":["producci\u00f3n"],"articleSection":["1C","Artes Sonoras","Docentes","Estudiantes"],"inLanguage":"fr-FR","potentialAction":[{"@type":"CommentAction","name":"Comment","target":["https:\/\/www.uartes.edu.ec\/sitio\/fr\/blog\/2023\/01\/11\/en-sus-ppp-estudiantes-de-produccion-musical-graban-con-edu-loor-la-version-de-estudio-de-inimaginable\/#respond"]}]},{"@type":["WebPage","ItemPage"],"@id":"https:\/\/www.uartes.edu.ec\/sitio\/fr\/blog\/2023\/01\/11\/en-sus-ppp-estudiantes-de-produccion-musical-graban-con-edu-loor-la-version-de-estudio-de-inimaginable\/","url":"https:\/\/www.uartes.edu.ec\/sitio\/fr\/blog\/2023\/01\/11\/en-sus-ppp-estudiantes-de-produccion-musical-graban-con-edu-loor-la-version-de-estudio-de-inimaginable\/","name":"Universidad de las Artes - En sus PPP, estudiantes de Producci\u00f3n Musical graban con Edu Loor la versi\u00f3n de estudio del sencillo \u201cInimaginable\u201d","isPartOf":{"@id":"https:\/\/www.uartes.edu.ec\/sitio\/fr\/#website"},"primaryImageOfPage":{"@id":"https:\/\/www.uartes.edu.ec\/sitio\/fr\/blog\/2023\/01\/11\/en-sus-ppp-estudiantes-de-produccion-musical-graban-con-edu-loor-la-version-de-estudio-de-inimaginable\/#primaryimage"},"image":{"@id":"https:\/\/www.uartes.edu.ec\/sitio\/fr\/blog\/2023\/01\/11\/en-sus-ppp-estudiantes-de-produccion-musical-graban-con-edu-loor-la-version-de-estudio-de-inimaginable\/#primaryimage"},"thumbnailUrl":"https:\/\/www.uartes.edu.ec\/sitio\/wp-content\/uploads\/2023\/01\/ESTUDIO-MZ14-EAS-EDU-LOOR.jpg","datePublished":"2023-01-12T00:24:38+00:00","dateModified":"2024-07-04T16:21:49+00:00","description":"Universidad de las Artes - En sus PPP, estudiantes de Producci\u00f3n Musical graban con Edu Loor la versi\u00f3n de estudio del sencillo \u201cInimaginable\u201d","breadcrumb":{"@id":"https:\/\/www.uartes.edu.ec\/sitio\/fr\/blog\/2023\/01\/11\/en-sus-ppp-estudiantes-de-produccion-musical-graban-con-edu-loor-la-version-de-estudio-de-inimaginable\/#breadcrumb"},"inLanguage":"fr-FR","potentialAction":[{"@type":"ReadAction","target":["https:\/\/www.uartes.edu.ec\/sitio\/fr\/blog\/2023\/01\/11\/en-sus-ppp-estudiantes-de-produccion-musical-graban-con-edu-loor-la-version-de-estudio-de-inimaginable\/"]}]},{"@type":"ImageObject","inLanguage":"fr-FR","@id":"https:\/\/www.uartes.edu.ec\/sitio\/fr\/blog\/2023\/01\/11\/en-sus-ppp-estudiantes-de-produccion-musical-graban-con-edu-loor-la-version-de-estudio-de-inimaginable\/#primaryimage","url":"https:\/\/www.uartes.edu.ec\/sitio\/wp-content\/uploads\/2023\/01\/ESTUDIO-MZ14-EAS-EDU-LOOR.jpg","contentUrl":"https:\/\/www.uartes.edu.ec\/sitio\/wp-content\/uploads\/2023\/01\/ESTUDIO-MZ14-EAS-EDU-LOOR.jpg","width":2000,"height":1333},{"@type":"BreadcrumbList","@id":"https:\/\/www.uartes.edu.ec\/sitio\/fr\/blog\/2023\/01\/11\/en-sus-ppp-estudiantes-de-produccion-musical-graban-con-edu-loor-la-version-de-estudio-de-inimaginable\/#breadcrumb","itemListElement":[{"@type":"ListItem","position":1,"name":"Inicio","item":"https:\/\/www.uartes.edu.ec\/sitio\/"},{"@type":"ListItem","position":2,"name":"En sus PPP, estudiantes de Producci\u00f3n Musical graban con Edu Loor la versi\u00f3n de estudio del sencillo \u201cInimaginable\u201d"}]},{"@type":"WebSite","@id":"https:\/\/www.uartes.edu.ec\/sitio\/fr\/#website","url":"https:\/\/www.uartes.edu.ec\/sitio\/fr\/","name":"Universidad de las Artes","description":"Sitio oficial de la Universidad Nacional de las Artes del Ecuador","publisher":{"@id":"https:\/\/www.uartes.edu.ec\/sitio\/fr\/#organization"},"potentialAction":[{"@type":"SearchAction","target":{"@type":"EntryPoint","urlTemplate":"https:\/\/www.uartes.edu.ec\/sitio\/fr\/?s={search_term_string}"},"query-input":{"@type":"PropertyValueSpecification","valueRequired":true,"valueName":"search_term_string"}}],"inLanguage":"fr-FR"},{"@type":"Organization","@id":"https:\/\/www.uartes.edu.ec\/sitio\/fr\/#organization","name":"Universidad de las Artes","url":"https:\/\/www.uartes.edu.ec\/sitio\/fr\/","logo":{"@type":"ImageObject","inLanguage":"fr-FR","@id":"https:\/\/www.uartes.edu.ec\/sitio\/fr\/#\/schema\/logo\/image\/","url":"https:\/\/www.uartes.edu.ec\/sitio\/wp-content\/uploads\/2022\/07\/logo-ua-horizontal.png","contentUrl":"https:\/\/www.uartes.edu.ec\/sitio\/wp-content\/uploads\/2022\/07\/logo-ua-horizontal.png","width":800,"height":276,"caption":"Universidad de las Artes"},"image":{"@id":"https:\/\/www.uartes.edu.ec\/sitio\/fr\/#\/schema\/logo\/image\/"},"sameAs":["https:\/\/www.facebook.com\/uartesec","https:\/\/x.com\/uartesec","https:\/\/www.tiktok.com\/@uartesec"]},{"@type":"Person","@id":"https:\/\/www.uartes.edu.ec\/sitio\/fr\/#\/schema\/person\/efa1b8275797664fd7f13a79ccc0b1f4","name":"ccortez","image":{"@type":"ImageObject","inLanguage":"fr-FR","@id":"https:\/\/secure.gravatar.com\/avatar\/b2a6f664a3ae8e074346ef91775736c5ec479e637ecced6842de9dc98b5da9cd?s=96&d=mm&r=g","url":"https:\/\/secure.gravatar.com\/avatar\/b2a6f664a3ae8e074346ef91775736c5ec479e637ecced6842de9dc98b5da9cd?s=96&d=mm&r=g","contentUrl":"https:\/\/secure.gravatar.com\/avatar\/b2a6f664a3ae8e074346ef91775736c5ec479e637ecced6842de9dc98b5da9cd?s=96&d=mm&r=g","caption":"ccortez"},"url":"https:\/\/www.uartes.edu.ec\/sitio\/fr\/blog\/author\/ccortez\/"}]}},"uagb_featured_image_src":{"full":["https:\/\/www.uartes.edu.ec\/sitio\/wp-content\/uploads\/2023\/01\/ESTUDIO-MZ14-EAS-EDU-LOOR.jpg",2000,1333,false],"thumbnail":["https:\/\/www.uartes.edu.ec\/sitio\/wp-content\/uploads\/2023\/01\/ESTUDIO-MZ14-EAS-EDU-LOOR-150x150.jpg",150,150,true],"medium":["https:\/\/www.uartes.edu.ec\/sitio\/wp-content\/uploads\/2023\/01\/ESTUDIO-MZ14-EAS-EDU-LOOR-300x200.jpg",300,200,true],"medium_large":["https:\/\/www.uartes.edu.ec\/sitio\/wp-content\/uploads\/2023\/01\/ESTUDIO-MZ14-EAS-EDU-LOOR-768x512.jpg",768,512,true],"large":["https:\/\/www.uartes.edu.ec\/sitio\/wp-content\/uploads\/2023\/01\/ESTUDIO-MZ14-EAS-EDU-LOOR-644x429.jpg",644,429,true],"1536x1536":["https:\/\/www.uartes.edu.ec\/sitio\/wp-content\/uploads\/2023\/01\/ESTUDIO-MZ14-EAS-EDU-LOOR-1536x1024.jpg",1536,1024,true],"2048x2048":["https:\/\/www.uartes.edu.ec\/sitio\/wp-content\/uploads\/2023\/01\/ESTUDIO-MZ14-EAS-EDU-LOOR.jpg",2000,1333,false],"trp-custom-language-flag":["https:\/\/www.uartes.edu.ec\/sitio\/wp-content\/uploads\/2023\/01\/ESTUDIO-MZ14-EAS-EDU-LOOR.jpg",18,12,false],"htmega_size_585x295":["https:\/\/www.uartes.edu.ec\/sitio\/wp-content\/uploads\/2023\/01\/ESTUDIO-MZ14-EAS-EDU-LOOR.jpg",443,295,false],"htmega_size_1170x536":["https:\/\/www.uartes.edu.ec\/sitio\/wp-content\/uploads\/2023\/01\/ESTUDIO-MZ14-EAS-EDU-LOOR.jpg",804,536,false],"htmega_size_396x360":["https:\/\/www.uartes.edu.ec\/sitio\/wp-content\/uploads\/2023\/01\/ESTUDIO-MZ14-EAS-EDU-LOOR.jpg",396,264,false],"gb-block-post-grid-landscape":["https:\/\/www.uartes.edu.ec\/sitio\/wp-content\/uploads\/2023\/01\/ESTUDIO-MZ14-EAS-EDU-LOOR-600x400.jpg",600,400,true],"gb-block-post-grid-square":["https:\/\/www.uartes.edu.ec\/sitio\/wp-content\/uploads\/2023\/01\/ESTUDIO-MZ14-EAS-EDU-LOOR-600x600.jpg",600,600,true],"university-hub-thumb":["https:\/\/www.uartes.edu.ec\/sitio\/wp-content\/uploads\/2023\/01\/ESTUDIO-MZ14-EAS-EDU-LOOR-400x267.jpg",400,267,true],"mailpoet_newsletter_max":["https:\/\/www.uartes.edu.ec\/sitio\/wp-content\/uploads\/2023\/01\/ESTUDIO-MZ14-EAS-EDU-LOOR.jpg",1320,880,false]},"uagb_author_info":{"display_name":"ccortez","author_link":"https:\/\/www.uartes.edu.ec\/sitio\/fr\/blog\/author\/ccortez\/"},"uagb_comment_info":0,"uagb_excerpt":"Kristel Flores, Cristian Echeverr\u00eda, Cristopher Cordero, Kevin Mart (Mart\u00ednez), Karla Sol\u00f3rzano, Danny Robles, El\u00edas Bodero y Edu Loor son estudiantes de la Escuela de Artes Sonoras de la UArtes y durante sus Pr\u00e1cticas PreProfesionales en los Estudios de Grabaci\u00f3n de la EAS produjeron una nueva versi\u00f3n de \u201cInimaginable\u201d. Edu es su cantautor y ya cuenta\u2026","featured_image_src":"https:\/\/www.uartes.edu.ec\/sitio\/wp-content\/uploads\/2023\/01\/ESTUDIO-MZ14-EAS-EDU-LOOR-600x400.jpg","featured_image_src_square":"https:\/\/www.uartes.edu.ec\/sitio\/wp-content\/uploads\/2023\/01\/ESTUDIO-MZ14-EAS-EDU-LOOR-600x600.jpg","author_info":{"display_name":"ccortez","author_link":"https:\/\/www.uartes.edu.ec\/sitio\/fr\/blog\/author\/ccortez\/"},"publishpress_future_workflow_manual_trigger":{"enabledWorkflows":[]},"distributor_meta":false,"distributor_terms":false,"distributor_media":false,"distributor_original_site_name":"Universidad de las Artes","distributor_original_site_url":"https:\/\/www.uartes.edu.ec\/sitio\/fr","push-errors":false,"_links":{"self":[{"href":"https:\/\/www.uartes.edu.ec\/sitio\/fr\/wp-json\/wp\/v2\/posts\/36239","targetHints":{"allow":["GET"]}}],"collection":[{"href":"https:\/\/www.uartes.edu.ec\/sitio\/fr\/wp-json\/wp\/v2\/posts"}],"about":[{"href":"https:\/\/www.uartes.edu.ec\/sitio\/fr\/wp-json\/wp\/v2\/types\/post"}],"author":[{"embeddable":true,"href":"https:\/\/www.uartes.edu.ec\/sitio\/fr\/wp-json\/wp\/v2\/users\/10"}],"replies":[{"embeddable":true,"href":"https:\/\/www.uartes.edu.ec\/sitio\/fr\/wp-json\/wp\/v2\/comments?post=36239"}],"version-history":[{"count":5,"href":"https:\/\/www.uartes.edu.ec\/sitio\/fr\/wp-json\/wp\/v2\/posts\/36239\/revisions"}],"predecessor-version":[{"id":36259,"href":"https:\/\/www.uartes.edu.ec\/sitio\/fr\/wp-json\/wp\/v2\/posts\/36239\/revisions\/36259"}],"wp:featuredmedia":[{"embeddable":true,"href":"https:\/\/www.uartes.edu.ec\/sitio\/fr\/wp-json\/wp\/v2\/media\/36240"}],"wp:attachment":[{"href":"https:\/\/www.uartes.edu.ec\/sitio\/fr\/wp-json\/wp\/v2\/media?parent=36239"}],"wp:term":[{"taxonomy":"category","embeddable":true,"href":"https:\/\/www.uartes.edu.ec\/sitio\/fr\/wp-json\/wp\/v2\/categories?post=36239"},{"taxonomy":"post_tag","embeddable":true,"href":"https:\/\/www.uartes.edu.ec\/sitio\/fr\/wp-json\/wp\/v2\/tags?post=36239"},{"taxonomy":"infouartes","embeddable":true,"href":"https:\/\/www.uartes.edu.ec\/sitio\/fr\/wp-json\/wp\/v2\/infouartes?post=36239"}],"curies":[{"name":"wp","href":"https:\/\/api.w.org\/{rel}","templated":true}]}}