{"id":3625,"date":"2019-06-05T13:15:05","date_gmt":"2019-06-05T18:15:05","guid":{"rendered":"http:\/\/www.uartes.edu.ec\/sitio\/?p=3625"},"modified":"2024-07-04T11:51:07","modified_gmt":"2024-07-04T16:51:07","slug":"uartes-y-aes-inauguraron-la-ii-edicion-de-las-conferencias-de-audio-y-sonido-del-ecuador","status":"publish","type":"post","link":"https:\/\/www.uartes.edu.ec\/sitio\/fr\/blog\/2019\/06\/05\/uartes-y-aes-inauguraron-la-ii-edicion-de-las-conferencias-de-audio-y-sonido-del-ecuador\/","title":{"rendered":"UArtes y AES inauguraron la II edici\u00f3n de las Conferencias de Audio y Sonido del Ecuador"},"content":{"rendered":"<p>Con charlas, talleres y una feria de audio se iniciaron\nla ma\u00f1ana de hoy, mi\u00e9rcoles 5 de junio, las Conferencias de Audio y Sonido del\nEcuador (CASE). El acto inaugural tuvo lugar en la sala de exposiciones del\nMuseo Nahim Isa\u00edas, donde estudiantes, docentes, expositores y organizadores celebraron\nllegar a la segunda edici\u00f3n de una actividad que congrega a reconocidos\nprofesionales del audio y del sonido no solo del pa\u00eds, sino del mundo. El encuentro\nes organizado por la Universidad de las Artes y la Asociaci\u00f3n de\nIngenieros de Audio del Ecuador (AES por sus siglas en ingl\u00e9s).<\/p>\n\n\n\n<p>En su discurso de bienvenida el director de la Escuela de\nArtes Sonoras de la UArtes, Andrey Astaiza, destac\u00f3 los avances que ha tenido la\nuniversidad, la cual \u201cya no es nueva, es una universidad joven que cuenta con\nuna Orquesta Sinf\u00f3nica de C\u00e1mara y un evento como CASE\u201d. Su edici\u00f3n es anual\n\u2013la primera tuvo lugar en el 2018\u2013, pues el prop\u00f3sito es formar una red de\nnetworking para que profesores, artistas y estudiantes puedan compartir\nexperiencia y conocimiento.<\/p>\n\n\n\n<p>En su intervenci\u00f3n, el rector de la Universidad de las\nArtes, Ramiro Noriega, resalt\u00f3 la importancia de la UArtes y sus 1.800\nestudiantes en la ciudad para crear p\u00fablicos y conectarse con la comunidad. \u201cUna\nuniversidad de puertas abiertas conectada al p\u00fablico, que disfrute de lo que\nhacemos y que vaya a consumir lo que creamos\u201d, afirm\u00f3. <\/p>\n\n\n\n<p>Agradeci\u00f3 a los organizadores, docentes, administrativos\ny dem\u00e1s personas involucradas en la realizaci\u00f3n de CASE, en especial a los\nexpositores, quienes \u201cson parte del flujo sangu\u00edneo de la universidad y le dan\nsentido a la UArtes\u201d.<\/p>\n\n\n\n<p>El representante del AES Ecuador y docente de la UArtes,\nDaniel Orejuela, habl\u00f3 de c\u00f3mo ha cambiado la industria musical. Record\u00f3 que\ncuando empez\u00f3 a estudiar no se pod\u00eda imaginar grabar discos o asistir en\nEcuador a una conferencia de audio, como las que \u00e9l tuvo la oportunidad de\nasistir en Europa. Por ello, con emoci\u00f3n dio la bienvenida a los expositores y\nal CASE.<\/p>\n\n\n\n<p>Finalmente, Renato Zamora, vicepresidente de AES Ecuador,\nindic\u00f3 que eventos y actividades como CASE consolidan la red profesional. \u00c9l invit\u00f3\na los presentes a la mesa redonda que sobre la industria musical ofrecer\u00e1 el Ministerio\nde Cultura y Patrimonio del Ecuador hoy, a las 14h00, en el Museo Nahim Isa\u00edas.<\/p>\n\n\n\n<p>La jornada de charlas y talleres se extender\u00e1n hasta las\n17h00. Acto seguido (a las 18h00), y durante los tres d\u00edas de CASE, habr\u00e1 una\npresentaci\u00f3n musical, en la plataforma cultural MZ14 (9 de Octubre y Panam\u00e1).<\/p>\n\n\n\n<p>La feria de audio que se abri\u00f3 hoy, a las 09h00, seguir\u00e1 en\nel pasaje illingworth del Palacio de la Gobernaci\u00f3n hasta las 17h00. Ma\u00f1ana, de\n08h00 a 17h00, y el viernes, de 08h00 a 12h00. La educaci\u00f3n p\u00fablica y de\ncalidad en artes es un derecho.<\/p>","protected":false},"excerpt":{"rendered":"<p>Con charlas, talleres y una feria de audio se iniciaron la ma\u00f1ana de hoy, mi\u00e9rcoles 5 de junio, las Conferencias de Audio y Sonido del Ecuador (CASE). El acto inaugural tuvo lugar en la sala de exposiciones del Museo Nahim Isa\u00edas, donde estudiantes, docentes, expositores y organizadores celebraron llegar a la segunda edici\u00f3n de una [&hellip;]<\/p>\n","protected":false},"author":1,"featured_media":3626,"comment_status":"closed","ping_status":"closed","sticky":false,"template":"","format":"standard","meta":{"_acf_changed":false,"_uag_custom_page_level_css":"","_monsterinsights_skip_tracking":false,"_monsterinsights_sitenote_active":false,"_monsterinsights_sitenote_note":"","_monsterinsights_sitenote_category":0,"cybocfi_hide_featured_image":"","footnotes":""},"categories":[80,79],"tags":[],"infouartes":[],"class_list":["post-3625","post","type-post","status-publish","format-standard","has-post-thumbnail","hentry","category-academico","category-vinculo"],"acf":[],"yoast_head":"<!-- This site is optimized with the Yoast SEO plugin v27.4 - https:\/\/yoast.com\/product\/yoast-seo-wordpress\/ -->\n<title>Universidad de las Artes - UArtes y AES inauguraron la II edici\u00f3n de las Conferencias de Audio y Sonido del Ecuador<\/title>\n<meta name=\"description\" content=\"Universidad de las Artes - UArtes y AES inauguraron la II edici\u00f3n de las Conferencias de Audio y Sonido del Ecuador\" \/>\n<meta name=\"robots\" content=\"index, follow, max-snippet:-1, max-image-preview:large, max-video-preview:-1\" \/>\n<link rel=\"canonical\" href=\"https:\/\/www.uartes.edu.ec\/sitio\/fr\/blog\/2019\/06\/05\/uartes-y-aes-inauguraron-la-ii-edicion-de-las-conferencias-de-audio-y-sonido-del-ecuador\/\" \/>\n<meta property=\"og:locale\" content=\"fr_FR\" \/>\n<meta property=\"og:type\" content=\"article\" \/>\n<meta property=\"og:title\" content=\"Universidad de las Artes - UArtes y AES inauguraron la II edici\u00f3n de las Conferencias de Audio y Sonido del Ecuador\" \/>\n<meta property=\"og:description\" content=\"Universidad de las Artes - UArtes y AES inauguraron la II edici\u00f3n de las Conferencias de Audio y Sonido del Ecuador\" \/>\n<meta property=\"og:url\" content=\"https:\/\/www.uartes.edu.ec\/sitio\/fr\/blog\/2019\/06\/05\/uartes-y-aes-inauguraron-la-ii-edicion-de-las-conferencias-de-audio-y-sonido-del-ecuador\/\" \/>\n<meta property=\"og:site_name\" content=\"Universidad de las Artes\" \/>\n<meta property=\"article:publisher\" content=\"https:\/\/www.facebook.com\/uartesec\" \/>\n<meta property=\"article:published_time\" content=\"2019-06-05T18:15:05+00:00\" \/>\n<meta property=\"article:modified_time\" content=\"2024-07-04T16:51:07+00:00\" \/>\n<meta property=\"og:image\" content=\"https:\/\/www.uartes.edu.ec\/sitio\/wp-content\/uploads\/2019\/06\/ramira-case.jpg\" \/>\n\t<meta property=\"og:image:width\" content=\"1080\" \/>\n\t<meta property=\"og:image:height\" content=\"720\" \/>\n\t<meta property=\"og:image:type\" content=\"image\/jpeg\" \/>\n<meta name=\"author\" content=\"Universidad de las Artes\" \/>\n<meta name=\"twitter:card\" content=\"summary_large_image\" \/>\n<meta name=\"twitter:creator\" content=\"@uartesec\" \/>\n<meta name=\"twitter:site\" content=\"@uartesec\" \/>\n<meta name=\"twitter:label1\" content=\"\u00c9crit par\" \/>\n\t<meta name=\"twitter:data1\" content=\"Universidad de las Artes\" \/>\n\t<meta name=\"twitter:label2\" content=\"Dur\u00e9e de lecture estim\u00e9e\" \/>\n\t<meta name=\"twitter:data2\" content=\"2 minutes\" \/>\n<script type=\"application\/ld+json\" class=\"yoast-schema-graph\">{\"@context\":\"https:\\\/\\\/schema.org\",\"@graph\":[{\"@type\":\"Article\",\"@id\":\"https:\\\/\\\/www.uartes.edu.ec\\\/sitio\\\/fr\\\/blog\\\/2019\\\/06\\\/05\\\/uartes-y-aes-inauguraron-la-ii-edicion-de-las-conferencias-de-audio-y-sonido-del-ecuador\\\/#article\",\"isPartOf\":{\"@id\":\"https:\\\/\\\/www.uartes.edu.ec\\\/sitio\\\/fr\\\/blog\\\/2019\\\/06\\\/05\\\/uartes-y-aes-inauguraron-la-ii-edicion-de-las-conferencias-de-audio-y-sonido-del-ecuador\\\/\"},\"author\":{\"name\":\"Universidad de las Artes\",\"@id\":\"https:\\\/\\\/www.uartes.edu.ec\\\/sitio\\\/fr\\\/#\\\/schema\\\/person\\\/f33f8c1d2af0d5c80a38c8abf458184a\"},\"headline\":\"UArtes y AES inauguraron la II edici\u00f3n de las Conferencias de Audio y Sonido del Ecuador\",\"datePublished\":\"2019-06-05T18:15:05+00:00\",\"dateModified\":\"2024-07-04T16:51:07+00:00\",\"mainEntityOfPage\":{\"@id\":\"https:\\\/\\\/www.uartes.edu.ec\\\/sitio\\\/fr\\\/blog\\\/2019\\\/06\\\/05\\\/uartes-y-aes-inauguraron-la-ii-edicion-de-las-conferencias-de-audio-y-sonido-del-ecuador\\\/\"},\"wordCount\":511,\"publisher\":{\"@id\":\"https:\\\/\\\/www.uartes.edu.ec\\\/sitio\\\/fr\\\/#organization\"},\"image\":{\"@id\":\"https:\\\/\\\/www.uartes.edu.ec\\\/sitio\\\/fr\\\/blog\\\/2019\\\/06\\\/05\\\/uartes-y-aes-inauguraron-la-ii-edicion-de-las-conferencias-de-audio-y-sonido-del-ecuador\\\/#primaryimage\"},\"thumbnailUrl\":\"https:\\\/\\\/www.uartes.edu.ec\\\/sitio\\\/wp-content\\\/uploads\\\/2019\\\/06\\\/ramira-case.jpg\",\"articleSection\":[\"Acad\u00e9mico\",\"V\u00ednculo\"],\"inLanguage\":\"fr-FR\"},{\"@type\":[\"WebPage\",\"ItemPage\"],\"@id\":\"https:\\\/\\\/www.uartes.edu.ec\\\/sitio\\\/fr\\\/blog\\\/2019\\\/06\\\/05\\\/uartes-y-aes-inauguraron-la-ii-edicion-de-las-conferencias-de-audio-y-sonido-del-ecuador\\\/\",\"url\":\"https:\\\/\\\/www.uartes.edu.ec\\\/sitio\\\/fr\\\/blog\\\/2019\\\/06\\\/05\\\/uartes-y-aes-inauguraron-la-ii-edicion-de-las-conferencias-de-audio-y-sonido-del-ecuador\\\/\",\"name\":\"Universidad de las Artes - UArtes y AES inauguraron la II edici\u00f3n de las Conferencias de Audio y Sonido del Ecuador\",\"isPartOf\":{\"@id\":\"https:\\\/\\\/www.uartes.edu.ec\\\/sitio\\\/fr\\\/#website\"},\"primaryImageOfPage\":{\"@id\":\"https:\\\/\\\/www.uartes.edu.ec\\\/sitio\\\/fr\\\/blog\\\/2019\\\/06\\\/05\\\/uartes-y-aes-inauguraron-la-ii-edicion-de-las-conferencias-de-audio-y-sonido-del-ecuador\\\/#primaryimage\"},\"image\":{\"@id\":\"https:\\\/\\\/www.uartes.edu.ec\\\/sitio\\\/fr\\\/blog\\\/2019\\\/06\\\/05\\\/uartes-y-aes-inauguraron-la-ii-edicion-de-las-conferencias-de-audio-y-sonido-del-ecuador\\\/#primaryimage\"},\"thumbnailUrl\":\"https:\\\/\\\/www.uartes.edu.ec\\\/sitio\\\/wp-content\\\/uploads\\\/2019\\\/06\\\/ramira-case.jpg\",\"datePublished\":\"2019-06-05T18:15:05+00:00\",\"dateModified\":\"2024-07-04T16:51:07+00:00\",\"description\":\"Universidad de las Artes - UArtes y AES inauguraron la II edici\u00f3n de las Conferencias de Audio y Sonido del Ecuador\",\"breadcrumb\":{\"@id\":\"https:\\\/\\\/www.uartes.edu.ec\\\/sitio\\\/fr\\\/blog\\\/2019\\\/06\\\/05\\\/uartes-y-aes-inauguraron-la-ii-edicion-de-las-conferencias-de-audio-y-sonido-del-ecuador\\\/#breadcrumb\"},\"inLanguage\":\"fr-FR\",\"potentialAction\":[{\"@type\":\"ReadAction\",\"target\":[\"https:\\\/\\\/www.uartes.edu.ec\\\/sitio\\\/fr\\\/blog\\\/2019\\\/06\\\/05\\\/uartes-y-aes-inauguraron-la-ii-edicion-de-las-conferencias-de-audio-y-sonido-del-ecuador\\\/\"]}]},{\"@type\":\"ImageObject\",\"inLanguage\":\"fr-FR\",\"@id\":\"https:\\\/\\\/www.uartes.edu.ec\\\/sitio\\\/fr\\\/blog\\\/2019\\\/06\\\/05\\\/uartes-y-aes-inauguraron-la-ii-edicion-de-las-conferencias-de-audio-y-sonido-del-ecuador\\\/#primaryimage\",\"url\":\"https:\\\/\\\/www.uartes.edu.ec\\\/sitio\\\/wp-content\\\/uploads\\\/2019\\\/06\\\/ramira-case.jpg\",\"contentUrl\":\"https:\\\/\\\/www.uartes.edu.ec\\\/sitio\\\/wp-content\\\/uploads\\\/2019\\\/06\\\/ramira-case.jpg\",\"width\":1080,\"height\":720},{\"@type\":\"BreadcrumbList\",\"@id\":\"https:\\\/\\\/www.uartes.edu.ec\\\/sitio\\\/fr\\\/blog\\\/2019\\\/06\\\/05\\\/uartes-y-aes-inauguraron-la-ii-edicion-de-las-conferencias-de-audio-y-sonido-del-ecuador\\\/#breadcrumb\",\"itemListElement\":[{\"@type\":\"ListItem\",\"position\":1,\"name\":\"Inicio\",\"item\":\"https:\\\/\\\/www.uartes.edu.ec\\\/sitio\\\/\"},{\"@type\":\"ListItem\",\"position\":2,\"name\":\"UArtes y AES inauguraron la II edici\u00f3n de las Conferencias de Audio y Sonido del Ecuador\"}]},{\"@type\":\"WebSite\",\"@id\":\"https:\\\/\\\/www.uartes.edu.ec\\\/sitio\\\/fr\\\/#website\",\"url\":\"https:\\\/\\\/www.uartes.edu.ec\\\/sitio\\\/fr\\\/\",\"name\":\"Universidad de las Artes\",\"description\":\"Sitio oficial de la Universidad Nacional de las Artes del Ecuador\",\"publisher\":{\"@id\":\"https:\\\/\\\/www.uartes.edu.ec\\\/sitio\\\/fr\\\/#organization\"},\"potentialAction\":[{\"@type\":\"SearchAction\",\"target\":{\"@type\":\"EntryPoint\",\"urlTemplate\":\"https:\\\/\\\/www.uartes.edu.ec\\\/sitio\\\/fr\\\/?s={search_term_string}\"},\"query-input\":{\"@type\":\"PropertyValueSpecification\",\"valueRequired\":true,\"valueName\":\"search_term_string\"}}],\"inLanguage\":\"fr-FR\"},{\"@type\":\"Organization\",\"@id\":\"https:\\\/\\\/www.uartes.edu.ec\\\/sitio\\\/fr\\\/#organization\",\"name\":\"Universidad de las Artes\",\"url\":\"https:\\\/\\\/www.uartes.edu.ec\\\/sitio\\\/fr\\\/\",\"logo\":{\"@type\":\"ImageObject\",\"inLanguage\":\"fr-FR\",\"@id\":\"https:\\\/\\\/www.uartes.edu.ec\\\/sitio\\\/fr\\\/#\\\/schema\\\/logo\\\/image\\\/\",\"url\":\"https:\\\/\\\/www.uartes.edu.ec\\\/sitio\\\/wp-content\\\/uploads\\\/2022\\\/07\\\/logo-ua-horizontal.png\",\"contentUrl\":\"https:\\\/\\\/www.uartes.edu.ec\\\/sitio\\\/wp-content\\\/uploads\\\/2022\\\/07\\\/logo-ua-horizontal.png\",\"width\":800,\"height\":276,\"caption\":\"Universidad de las Artes\"},\"image\":{\"@id\":\"https:\\\/\\\/www.uartes.edu.ec\\\/sitio\\\/fr\\\/#\\\/schema\\\/logo\\\/image\\\/\"},\"sameAs\":[\"https:\\\/\\\/www.facebook.com\\\/uartesec\",\"https:\\\/\\\/x.com\\\/uartesec\",\"https:\\\/\\\/www.tiktok.com\\\/@uartesec\"]},{\"@type\":\"Person\",\"@id\":\"https:\\\/\\\/www.uartes.edu.ec\\\/sitio\\\/fr\\\/#\\\/schema\\\/person\\\/f33f8c1d2af0d5c80a38c8abf458184a\",\"name\":\"Universidad de las Artes\",\"image\":{\"@type\":\"ImageObject\",\"inLanguage\":\"fr-FR\",\"@id\":\"https:\\\/\\\/secure.gravatar.com\\\/avatar\\\/52e4757902f5cfa5ac52d020e5be83cae5487519154b6c35482fe08d589f3c13?s=96&d=mm&r=g\",\"url\":\"https:\\\/\\\/secure.gravatar.com\\\/avatar\\\/52e4757902f5cfa5ac52d020e5be83cae5487519154b6c35482fe08d589f3c13?s=96&d=mm&r=g\",\"contentUrl\":\"https:\\\/\\\/secure.gravatar.com\\\/avatar\\\/52e4757902f5cfa5ac52d020e5be83cae5487519154b6c35482fe08d589f3c13?s=96&d=mm&r=g\",\"caption\":\"Universidad de las Artes\"},\"url\":\"https:\\\/\\\/www.uartes.edu.ec\\\/sitio\\\/fr\\\/blog\\\/author\\\/dircomadm\\\/\"}]}<\/script>\n<!-- \/ Yoast SEO plugin. -->","yoast_head_json":{"title":"Universidad de las Artes - UArtes y AES inauguraron la II edici\u00f3n de las Conferencias de Audio y Sonido del Ecuador","description":"Universidad de las Artes - UArtes y AES inauguraron la II edici\u00f3n de las Conferencias de Audio y Sonido del Ecuador","robots":{"index":"index","follow":"follow","max-snippet":"max-snippet:-1","max-image-preview":"max-image-preview:large","max-video-preview":"max-video-preview:-1"},"canonical":"https:\/\/www.uartes.edu.ec\/sitio\/fr\/blog\/2019\/06\/05\/uartes-y-aes-inauguraron-la-ii-edicion-de-las-conferencias-de-audio-y-sonido-del-ecuador\/","og_locale":"fr_FR","og_type":"article","og_title":"Universidad de las Artes - UArtes y AES inauguraron la II edici\u00f3n de las Conferencias de Audio y Sonido del Ecuador","og_description":"Universidad de las Artes - UArtes y AES inauguraron la II edici\u00f3n de las Conferencias de Audio y Sonido del Ecuador","og_url":"https:\/\/www.uartes.edu.ec\/sitio\/fr\/blog\/2019\/06\/05\/uartes-y-aes-inauguraron-la-ii-edicion-de-las-conferencias-de-audio-y-sonido-del-ecuador\/","og_site_name":"Universidad de las Artes","article_publisher":"https:\/\/www.facebook.com\/uartesec","article_published_time":"2019-06-05T18:15:05+00:00","article_modified_time":"2024-07-04T16:51:07+00:00","og_image":[{"width":1080,"height":720,"url":"https:\/\/www.uartes.edu.ec\/sitio\/wp-content\/uploads\/2019\/06\/ramira-case.jpg","type":"image\/jpeg"}],"author":"Universidad de las Artes","twitter_card":"summary_large_image","twitter_creator":"@uartesec","twitter_site":"@uartesec","twitter_misc":{"\u00c9crit par":"Universidad de las Artes","Dur\u00e9e de lecture estim\u00e9e":"2 minutes"},"schema":{"@context":"https:\/\/schema.org","@graph":[{"@type":"Article","@id":"https:\/\/www.uartes.edu.ec\/sitio\/fr\/blog\/2019\/06\/05\/uartes-y-aes-inauguraron-la-ii-edicion-de-las-conferencias-de-audio-y-sonido-del-ecuador\/#article","isPartOf":{"@id":"https:\/\/www.uartes.edu.ec\/sitio\/fr\/blog\/2019\/06\/05\/uartes-y-aes-inauguraron-la-ii-edicion-de-las-conferencias-de-audio-y-sonido-del-ecuador\/"},"author":{"name":"Universidad de las Artes","@id":"https:\/\/www.uartes.edu.ec\/sitio\/fr\/#\/schema\/person\/f33f8c1d2af0d5c80a38c8abf458184a"},"headline":"UArtes y AES inauguraron la II edici\u00f3n de las Conferencias de Audio y Sonido del Ecuador","datePublished":"2019-06-05T18:15:05+00:00","dateModified":"2024-07-04T16:51:07+00:00","mainEntityOfPage":{"@id":"https:\/\/www.uartes.edu.ec\/sitio\/fr\/blog\/2019\/06\/05\/uartes-y-aes-inauguraron-la-ii-edicion-de-las-conferencias-de-audio-y-sonido-del-ecuador\/"},"wordCount":511,"publisher":{"@id":"https:\/\/www.uartes.edu.ec\/sitio\/fr\/#organization"},"image":{"@id":"https:\/\/www.uartes.edu.ec\/sitio\/fr\/blog\/2019\/06\/05\/uartes-y-aes-inauguraron-la-ii-edicion-de-las-conferencias-de-audio-y-sonido-del-ecuador\/#primaryimage"},"thumbnailUrl":"https:\/\/www.uartes.edu.ec\/sitio\/wp-content\/uploads\/2019\/06\/ramira-case.jpg","articleSection":["Acad\u00e9mico","V\u00ednculo"],"inLanguage":"fr-FR"},{"@type":["WebPage","ItemPage"],"@id":"https:\/\/www.uartes.edu.ec\/sitio\/fr\/blog\/2019\/06\/05\/uartes-y-aes-inauguraron-la-ii-edicion-de-las-conferencias-de-audio-y-sonido-del-ecuador\/","url":"https:\/\/www.uartes.edu.ec\/sitio\/fr\/blog\/2019\/06\/05\/uartes-y-aes-inauguraron-la-ii-edicion-de-las-conferencias-de-audio-y-sonido-del-ecuador\/","name":"Universidad de las Artes - UArtes y AES inauguraron la II edici\u00f3n de las Conferencias de Audio y Sonido del Ecuador","isPartOf":{"@id":"https:\/\/www.uartes.edu.ec\/sitio\/fr\/#website"},"primaryImageOfPage":{"@id":"https:\/\/www.uartes.edu.ec\/sitio\/fr\/blog\/2019\/06\/05\/uartes-y-aes-inauguraron-la-ii-edicion-de-las-conferencias-de-audio-y-sonido-del-ecuador\/#primaryimage"},"image":{"@id":"https:\/\/www.uartes.edu.ec\/sitio\/fr\/blog\/2019\/06\/05\/uartes-y-aes-inauguraron-la-ii-edicion-de-las-conferencias-de-audio-y-sonido-del-ecuador\/#primaryimage"},"thumbnailUrl":"https:\/\/www.uartes.edu.ec\/sitio\/wp-content\/uploads\/2019\/06\/ramira-case.jpg","datePublished":"2019-06-05T18:15:05+00:00","dateModified":"2024-07-04T16:51:07+00:00","description":"Universidad de las Artes - UArtes y AES inauguraron la II edici\u00f3n de las Conferencias de Audio y Sonido del Ecuador","breadcrumb":{"@id":"https:\/\/www.uartes.edu.ec\/sitio\/fr\/blog\/2019\/06\/05\/uartes-y-aes-inauguraron-la-ii-edicion-de-las-conferencias-de-audio-y-sonido-del-ecuador\/#breadcrumb"},"inLanguage":"fr-FR","potentialAction":[{"@type":"ReadAction","target":["https:\/\/www.uartes.edu.ec\/sitio\/fr\/blog\/2019\/06\/05\/uartes-y-aes-inauguraron-la-ii-edicion-de-las-conferencias-de-audio-y-sonido-del-ecuador\/"]}]},{"@type":"ImageObject","inLanguage":"fr-FR","@id":"https:\/\/www.uartes.edu.ec\/sitio\/fr\/blog\/2019\/06\/05\/uartes-y-aes-inauguraron-la-ii-edicion-de-las-conferencias-de-audio-y-sonido-del-ecuador\/#primaryimage","url":"https:\/\/www.uartes.edu.ec\/sitio\/wp-content\/uploads\/2019\/06\/ramira-case.jpg","contentUrl":"https:\/\/www.uartes.edu.ec\/sitio\/wp-content\/uploads\/2019\/06\/ramira-case.jpg","width":1080,"height":720},{"@type":"BreadcrumbList","@id":"https:\/\/www.uartes.edu.ec\/sitio\/fr\/blog\/2019\/06\/05\/uartes-y-aes-inauguraron-la-ii-edicion-de-las-conferencias-de-audio-y-sonido-del-ecuador\/#breadcrumb","itemListElement":[{"@type":"ListItem","position":1,"name":"Inicio","item":"https:\/\/www.uartes.edu.ec\/sitio\/"},{"@type":"ListItem","position":2,"name":"UArtes y AES inauguraron la II edici\u00f3n de las Conferencias de Audio y Sonido del Ecuador"}]},{"@type":"WebSite","@id":"https:\/\/www.uartes.edu.ec\/sitio\/fr\/#website","url":"https:\/\/www.uartes.edu.ec\/sitio\/fr\/","name":"Universidad de las Artes","description":"Sitio oficial de la Universidad Nacional de las Artes del Ecuador","publisher":{"@id":"https:\/\/www.uartes.edu.ec\/sitio\/fr\/#organization"},"potentialAction":[{"@type":"SearchAction","target":{"@type":"EntryPoint","urlTemplate":"https:\/\/www.uartes.edu.ec\/sitio\/fr\/?s={search_term_string}"},"query-input":{"@type":"PropertyValueSpecification","valueRequired":true,"valueName":"search_term_string"}}],"inLanguage":"fr-FR"},{"@type":"Organization","@id":"https:\/\/www.uartes.edu.ec\/sitio\/fr\/#organization","name":"Universidad de las Artes","url":"https:\/\/www.uartes.edu.ec\/sitio\/fr\/","logo":{"@type":"ImageObject","inLanguage":"fr-FR","@id":"https:\/\/www.uartes.edu.ec\/sitio\/fr\/#\/schema\/logo\/image\/","url":"https:\/\/www.uartes.edu.ec\/sitio\/wp-content\/uploads\/2022\/07\/logo-ua-horizontal.png","contentUrl":"https:\/\/www.uartes.edu.ec\/sitio\/wp-content\/uploads\/2022\/07\/logo-ua-horizontal.png","width":800,"height":276,"caption":"Universidad de las Artes"},"image":{"@id":"https:\/\/www.uartes.edu.ec\/sitio\/fr\/#\/schema\/logo\/image\/"},"sameAs":["https:\/\/www.facebook.com\/uartesec","https:\/\/x.com\/uartesec","https:\/\/www.tiktok.com\/@uartesec"]},{"@type":"Person","@id":"https:\/\/www.uartes.edu.ec\/sitio\/fr\/#\/schema\/person\/f33f8c1d2af0d5c80a38c8abf458184a","name":"Universidad de las Artes","image":{"@type":"ImageObject","inLanguage":"fr-FR","@id":"https:\/\/secure.gravatar.com\/avatar\/52e4757902f5cfa5ac52d020e5be83cae5487519154b6c35482fe08d589f3c13?s=96&d=mm&r=g","url":"https:\/\/secure.gravatar.com\/avatar\/52e4757902f5cfa5ac52d020e5be83cae5487519154b6c35482fe08d589f3c13?s=96&d=mm&r=g","contentUrl":"https:\/\/secure.gravatar.com\/avatar\/52e4757902f5cfa5ac52d020e5be83cae5487519154b6c35482fe08d589f3c13?s=96&d=mm&r=g","caption":"Universidad de las Artes"},"url":"https:\/\/www.uartes.edu.ec\/sitio\/fr\/blog\/author\/dircomadm\/"}]}},"uagb_featured_image_src":{"full":["https:\/\/www.uartes.edu.ec\/sitio\/wp-content\/uploads\/2019\/06\/ramira-case.jpg",1080,720,false],"thumbnail":["https:\/\/www.uartes.edu.ec\/sitio\/wp-content\/uploads\/2019\/06\/ramira-case-150x150.jpg",150,150,true],"medium":["https:\/\/www.uartes.edu.ec\/sitio\/wp-content\/uploads\/2019\/06\/ramira-case-300x200.jpg",300,200,true],"medium_large":["https:\/\/www.uartes.edu.ec\/sitio\/wp-content\/uploads\/2019\/06\/ramira-case-768x512.jpg",768,512,true],"large":["https:\/\/www.uartes.edu.ec\/sitio\/wp-content\/uploads\/2019\/06\/ramira-case-644x429.jpg",644,429,true],"1536x1536":["https:\/\/www.uartes.edu.ec\/sitio\/wp-content\/uploads\/2019\/06\/ramira-case.jpg",1080,720,false],"2048x2048":["https:\/\/www.uartes.edu.ec\/sitio\/wp-content\/uploads\/2019\/06\/ramira-case.jpg",1080,720,false],"trp-custom-language-flag":["https:\/\/www.uartes.edu.ec\/sitio\/wp-content\/uploads\/2019\/06\/ramira-case.jpg",18,12,false],"htmega_size_585x295":["https:\/\/www.uartes.edu.ec\/sitio\/wp-content\/uploads\/2019\/06\/ramira-case.jpg",443,295,false],"htmega_size_1170x536":["https:\/\/www.uartes.edu.ec\/sitio\/wp-content\/uploads\/2019\/06\/ramira-case.jpg",804,536,false],"htmega_size_396x360":["https:\/\/www.uartes.edu.ec\/sitio\/wp-content\/uploads\/2019\/06\/ramira-case.jpg",396,264,false],"gb-block-post-grid-landscape":["https:\/\/www.uartes.edu.ec\/sitio\/wp-content\/uploads\/2019\/06\/ramira-case.jpg",600,400,false],"gb-block-post-grid-square":["https:\/\/www.uartes.edu.ec\/sitio\/wp-content\/uploads\/2019\/06\/ramira-case.jpg",600,400,false],"university-hub-thumb":["https:\/\/www.uartes.edu.ec\/sitio\/wp-content\/uploads\/2019\/06\/ramira-case-400x267.jpg",400,267,true]},"uagb_author_info":{"display_name":"Universidad de las Artes","author_link":"https:\/\/www.uartes.edu.ec\/sitio\/fr\/blog\/author\/dircomadm\/"},"uagb_comment_info":0,"uagb_excerpt":"Con charlas, talleres y una feria de audio se iniciaron la ma\u00f1ana de hoy, mi\u00e9rcoles 5 de junio, las Conferencias de Audio y Sonido del Ecuador (CASE). El acto inaugural tuvo lugar en la sala de exposiciones del Museo Nahim Isa\u00edas, donde estudiantes, docentes, expositores y organizadores celebraron llegar a la segunda edici\u00f3n de una\u2026","featured_image_src":"https:\/\/www.uartes.edu.ec\/sitio\/wp-content\/uploads\/2019\/06\/ramira-case.jpg","featured_image_src_square":"https:\/\/www.uartes.edu.ec\/sitio\/wp-content\/uploads\/2019\/06\/ramira-case.jpg","author_info":{"display_name":"Universidad de las Artes","author_link":"https:\/\/www.uartes.edu.ec\/sitio\/fr\/blog\/author\/dircomadm\/"},"publishpress_future_workflow_manual_trigger":{"enabledWorkflows":[]},"distributor_meta":false,"distributor_terms":false,"distributor_media":false,"distributor_original_site_name":"Universidad de las Artes","distributor_original_site_url":"https:\/\/www.uartes.edu.ec\/sitio\/fr","push-errors":false,"_links":{"self":[{"href":"https:\/\/www.uartes.edu.ec\/sitio\/fr\/wp-json\/wp\/v2\/posts\/3625","targetHints":{"allow":["GET"]}}],"collection":[{"href":"https:\/\/www.uartes.edu.ec\/sitio\/fr\/wp-json\/wp\/v2\/posts"}],"about":[{"href":"https:\/\/www.uartes.edu.ec\/sitio\/fr\/wp-json\/wp\/v2\/types\/post"}],"author":[{"embeddable":true,"href":"https:\/\/www.uartes.edu.ec\/sitio\/fr\/wp-json\/wp\/v2\/users\/1"}],"replies":[{"embeddable":true,"href":"https:\/\/www.uartes.edu.ec\/sitio\/fr\/wp-json\/wp\/v2\/comments?post=3625"}],"version-history":[{"count":1,"href":"https:\/\/www.uartes.edu.ec\/sitio\/fr\/wp-json\/wp\/v2\/posts\/3625\/revisions"}],"predecessor-version":[{"id":3627,"href":"https:\/\/www.uartes.edu.ec\/sitio\/fr\/wp-json\/wp\/v2\/posts\/3625\/revisions\/3627"}],"wp:featuredmedia":[{"embeddable":true,"href":"https:\/\/www.uartes.edu.ec\/sitio\/fr\/wp-json\/wp\/v2\/media\/3626"}],"wp:attachment":[{"href":"https:\/\/www.uartes.edu.ec\/sitio\/fr\/wp-json\/wp\/v2\/media?parent=3625"}],"wp:term":[{"taxonomy":"category","embeddable":true,"href":"https:\/\/www.uartes.edu.ec\/sitio\/fr\/wp-json\/wp\/v2\/categories?post=3625"},{"taxonomy":"post_tag","embeddable":true,"href":"https:\/\/www.uartes.edu.ec\/sitio\/fr\/wp-json\/wp\/v2\/tags?post=3625"},{"taxonomy":"infouartes","embeddable":true,"href":"https:\/\/www.uartes.edu.ec\/sitio\/fr\/wp-json\/wp\/v2\/infouartes?post=3625"}],"curies":[{"name":"wp","href":"https:\/\/api.w.org\/{rel}","templated":true}]}}