{"id":36314,"date":"2023-01-13T13:34:50","date_gmt":"2023-01-13T18:34:50","guid":{"rendered":"http:\/\/www.uartes.edu.ec\/sitio\/?p=36314"},"modified":"2024-07-04T11:21:48","modified_gmt":"2024-07-04T16:21:48","slug":"dos-o-mas-para-una-imagen-entre-el-gesto-y-lo-relacional-muestra-colectiva-de-estudiantes-de-artes-visuales","status":"publish","type":"post","link":"https:\/\/www.uartes.edu.ec\/sitio\/fr\/blog\/2023\/01\/13\/dos-o-mas-para-una-imagen-entre-el-gesto-y-lo-relacional-muestra-colectiva-de-estudiantes-de-artes-visuales\/","title":{"rendered":"\u201cDos (o m\u00e1s) para una imagen: entre el gesto y lo relacional\u201d, exposici\u00f3n colectiva de estudiantes de Visuales"},"content":{"rendered":"<p>En la Galer\u00eda 4ta. Pared de la Biblioteca de la Artes se inaugurar\u00e1 el pr\u00f3ximo 3 de febrero de 2023 la exposici\u00f3n colectiva \u201cDos (o m\u00e1s) para una imagen: entre el gesto y lo relacional\u201d de los estudiantes de sexto semestre de la carrera de Artes Visuales, desarrollada dentro de la asignatura Arte y Pensamiento Contempor\u00e1neo que dicta la MSc. Amalina Bomnin. La docente es su curadora y comparte con InfoUArtes reflexiones acerca de la propuesta expositiva:<\/p>\n\n\n\n<p>El \u00e1mbito art\u00edstico se expande cada vez m\u00e1s hacia zonas que antes no entend\u00edamos o percib\u00edamos como cercanas a este campo: tecnolog\u00eda, objetos, naturaleza, afectos, manipulaciones, favoritismos.<\/p>\n\n\n\n<p>Si antes para la ciencia era sumamente importante lo social, los horizontes actuales de la cultura y el conocimiento dependen de diversos factores que no son menos importantes que estas nociones macro dominantes durante los a\u00f1os sesenta y setenta. Estamos atravesados por un sinf\u00edn de relaciones que deber\u00e1n abordarse de igual modo sim\u00e9tricamente, con un \u00fanico lenguaje y una \u00fanica metodolog\u00eda (cosas, animales, m\u00e1quinas, naturalezas y grupos humanos).<\/p>\n\n\n\n<p>Los estudiantes de sexto semestre de la carrera de Artes Visuales, dentro de la asignatura Arte y Pensamiento Contempor\u00e1neo, han abordado diversos conceptos y teor\u00edas cr\u00edticas que desembocaron en la producci\u00f3n de videoarte, happenings, performances y acciones.<\/p>\n\n\n\n<p>Parafraseando a Jean-Luc Godard, quien comentaba la necesidad de la existencia de dos para la construcci\u00f3n de la imagen, hemos dispuesto relacionalmente conceptos como giro ling\u00fc\u00edstico, giro forense y teor\u00eda del actor-red para atender a la recurrencia de otros saberes relacionados con la espiritualidad o la intimidad en nuestras vidas; relatos sobre el olvido de nuestros m\u00e1s caros anhelos o sue\u00f1os; la activaci\u00f3n del rumor como estatuto impreciso pero latente en nuestro bregar; y tambi\u00e9n atentos a la necesidad de que en el arte confluyan resortes terap\u00e9uticos ante la avalancha de violencia y duelo.<\/p>\n\n\n\n<p>Quiz\u00e1s sean ejercicios para aligerar cargas acad\u00e9micas, pol\u00edticas, afectivas y morales en un mundo que podr\u00eda escap\u00e1rsenos de las manos si jugamos la mala partida de tomarnos demasiado en serio. Aquella frase que se torn\u00f3 c\u00e9lebre en el Nuevo Arte Cubano, durante los a\u00f1os noventa, salida de una pieza de Los Carpinteros, sigue ilustrando un probable camino venturoso: \u201cSe\u00f1or lo hemos perdido todo al juego -\u00bfTodo?- Todo menos una cosa -\u00bfCu\u00e1l?- Las ganas de volver a jugar\u201d.<\/p>\n\n\n\n<p>Texto: Amalina Bomnin (curadora), docente de la Universidad de las Artes.<br>Afiche: Dise\u00f1o de Pedro Guevara, estudiante de Artes Visuales.<\/p>","protected":false},"excerpt":{"rendered":"<p>En la Galer\u00eda 4ta. Pared de la Biblioteca de la Artes se inaugurar\u00e1 el 3 de febrero la muestra colectiva \u201cDos (o m\u00e1s) para una imagen: entre el gesto y lo relacional\u201d de los estudiantes de sexto semestre de Artes Visuales, desarrollada dentro de la asignatura Arte y Pensamiento Contempor\u00e1neo que dicta la MSc. Amalina Bomnin. La docente es su curadora y comparte con InfoUArtes reflexiones de la propuesta.<\/p>","protected":false},"author":10,"featured_media":37325,"comment_status":"open","ping_status":"open","sticky":false,"template":"","format":"standard","meta":{"_acf_changed":false,"_uag_custom_page_level_css":"","_monsterinsights_skip_tracking":false,"_monsterinsights_sitenote_active":false,"_monsterinsights_sitenote_note":"","_monsterinsights_sitenote_category":0,"cybocfi_hide_featured_image":"","footnotes":""},"categories":[720,80,157,75,76],"tags":[529],"infouartes":[],"class_list":["post-36314","post","type-post","status-publish","format-standard","has-post-thumbnail","hentry","category-3d","category-academico","category-artes-visuales","category-docentes","category-estudiantes","tag-muestra-colectiva"],"acf":[],"yoast_head":"<!-- This site is optimized with the Yoast SEO plugin v27.4 - https:\/\/yoast.com\/product\/yoast-seo-wordpress\/ -->\n<title>Universidad de las Artes - \u201cDos (o m\u00e1s) para una imagen: entre el gesto y lo relacional\u201d, exposici\u00f3n colectiva de estudiantes de Visuales<\/title>\n<meta name=\"description\" content=\"Universidad de las Artes - \u201cDos (o m\u00e1s) para una imagen: entre el gesto y lo relacional\u201d, exposici\u00f3n colectiva de estudiantes de Visuales\" \/>\n<meta name=\"robots\" content=\"index, follow, max-snippet:-1, max-image-preview:large, max-video-preview:-1\" \/>\n<link rel=\"canonical\" href=\"https:\/\/www.uartes.edu.ec\/sitio\/fr\/blog\/2023\/01\/13\/dos-o-mas-para-una-imagen-entre-el-gesto-y-lo-relacional-muestra-colectiva-de-estudiantes-de-artes-visuales\/\" \/>\n<meta property=\"og:locale\" content=\"fr_FR\" \/>\n<meta property=\"og:type\" content=\"article\" \/>\n<meta property=\"og:title\" content=\"Universidad de las Artes - \u201cDos (o m\u00e1s) para una imagen: entre el gesto y lo relacional\u201d, exposici\u00f3n colectiva de estudiantes de Visuales\" \/>\n<meta property=\"og:description\" content=\"Universidad de las Artes - \u201cDos (o m\u00e1s) para una imagen: entre el gesto y lo relacional\u201d, exposici\u00f3n colectiva de estudiantes de Visuales\" \/>\n<meta property=\"og:url\" content=\"https:\/\/www.uartes.edu.ec\/sitio\/fr\/blog\/2023\/01\/13\/dos-o-mas-para-una-imagen-entre-el-gesto-y-lo-relacional-muestra-colectiva-de-estudiantes-de-artes-visuales\/\" \/>\n<meta property=\"og:site_name\" content=\"Universidad de las Artes\" \/>\n<meta property=\"article:publisher\" content=\"https:\/\/www.facebook.com\/uartesec\" \/>\n<meta property=\"article:published_time\" content=\"2023-01-13T18:34:50+00:00\" \/>\n<meta property=\"article:modified_time\" content=\"2024-07-04T16:21:48+00:00\" \/>\n<meta property=\"og:image\" content=\"https:\/\/www.uartes.edu.ec\/sitio\/wp-content\/uploads\/2023\/01\/DOS-PARA-UNA-IMAGEN-01.jpg\" \/>\n\t<meta property=\"og:image:width\" content=\"2000\" \/>\n\t<meta property=\"og:image:height\" content=\"1333\" \/>\n\t<meta property=\"og:image:type\" content=\"image\/jpeg\" \/>\n<meta name=\"author\" content=\"ccortez\" \/>\n<meta name=\"twitter:card\" content=\"summary_large_image\" \/>\n<meta name=\"twitter:creator\" content=\"@uartesec\" \/>\n<meta name=\"twitter:site\" content=\"@uartesec\" \/>\n<meta name=\"twitter:label1\" content=\"\u00c9crit par\" \/>\n\t<meta name=\"twitter:data1\" content=\"ccortez\" \/>\n\t<meta name=\"twitter:label2\" content=\"Dur\u00e9e de lecture estim\u00e9e\" \/>\n\t<meta name=\"twitter:data2\" content=\"2 minutes\" \/>\n<script type=\"application\/ld+json\" class=\"yoast-schema-graph\">{\"@context\":\"https:\\\/\\\/schema.org\",\"@graph\":[{\"@type\":\"Article\",\"@id\":\"https:\\\/\\\/www.uartes.edu.ec\\\/sitio\\\/fr\\\/blog\\\/2023\\\/01\\\/13\\\/dos-o-mas-para-una-imagen-entre-el-gesto-y-lo-relacional-muestra-colectiva-de-estudiantes-de-artes-visuales\\\/#article\",\"isPartOf\":{\"@id\":\"https:\\\/\\\/www.uartes.edu.ec\\\/sitio\\\/fr\\\/blog\\\/2023\\\/01\\\/13\\\/dos-o-mas-para-una-imagen-entre-el-gesto-y-lo-relacional-muestra-colectiva-de-estudiantes-de-artes-visuales\\\/\"},\"author\":{\"name\":\"ccortez\",\"@id\":\"https:\\\/\\\/www.uartes.edu.ec\\\/sitio\\\/fr\\\/#\\\/schema\\\/person\\\/efa1b8275797664fd7f13a79ccc0b1f4\"},\"headline\":\"\u201cDos (o m\u00e1s) para una imagen: entre el gesto y lo relacional\u201d, exposici\u00f3n colectiva de estudiantes de Visuales\",\"datePublished\":\"2023-01-13T18:34:50+00:00\",\"dateModified\":\"2024-07-04T16:21:48+00:00\",\"mainEntityOfPage\":{\"@id\":\"https:\\\/\\\/www.uartes.edu.ec\\\/sitio\\\/fr\\\/blog\\\/2023\\\/01\\\/13\\\/dos-o-mas-para-una-imagen-entre-el-gesto-y-lo-relacional-muestra-colectiva-de-estudiantes-de-artes-visuales\\\/\"},\"wordCount\":460,\"commentCount\":0,\"publisher\":{\"@id\":\"https:\\\/\\\/www.uartes.edu.ec\\\/sitio\\\/fr\\\/#organization\"},\"image\":{\"@id\":\"https:\\\/\\\/www.uartes.edu.ec\\\/sitio\\\/fr\\\/blog\\\/2023\\\/01\\\/13\\\/dos-o-mas-para-una-imagen-entre-el-gesto-y-lo-relacional-muestra-colectiva-de-estudiantes-de-artes-visuales\\\/#primaryimage\"},\"thumbnailUrl\":\"https:\\\/\\\/www.uartes.edu.ec\\\/sitio\\\/wp-content\\\/uploads\\\/2023\\\/01\\\/DOS-PARA-UNA-IMAGEN-01.jpg\",\"keywords\":[\"muestra colectiva\"],\"articleSection\":[\"3D\",\"Acad\u00e9mico\",\"Artes Visuales\",\"Docentes\",\"Estudiantes\"],\"inLanguage\":\"fr-FR\",\"potentialAction\":[{\"@type\":\"CommentAction\",\"name\":\"Comment\",\"target\":[\"https:\\\/\\\/www.uartes.edu.ec\\\/sitio\\\/fr\\\/blog\\\/2023\\\/01\\\/13\\\/dos-o-mas-para-una-imagen-entre-el-gesto-y-lo-relacional-muestra-colectiva-de-estudiantes-de-artes-visuales\\\/#respond\"]}]},{\"@type\":[\"WebPage\",\"ItemPage\"],\"@id\":\"https:\\\/\\\/www.uartes.edu.ec\\\/sitio\\\/fr\\\/blog\\\/2023\\\/01\\\/13\\\/dos-o-mas-para-una-imagen-entre-el-gesto-y-lo-relacional-muestra-colectiva-de-estudiantes-de-artes-visuales\\\/\",\"url\":\"https:\\\/\\\/www.uartes.edu.ec\\\/sitio\\\/fr\\\/blog\\\/2023\\\/01\\\/13\\\/dos-o-mas-para-una-imagen-entre-el-gesto-y-lo-relacional-muestra-colectiva-de-estudiantes-de-artes-visuales\\\/\",\"name\":\"Universidad de las Artes - \u201cDos (o m\u00e1s) para una imagen: entre el gesto y lo relacional\u201d, exposici\u00f3n colectiva de estudiantes de Visuales\",\"isPartOf\":{\"@id\":\"https:\\\/\\\/www.uartes.edu.ec\\\/sitio\\\/fr\\\/#website\"},\"primaryImageOfPage\":{\"@id\":\"https:\\\/\\\/www.uartes.edu.ec\\\/sitio\\\/fr\\\/blog\\\/2023\\\/01\\\/13\\\/dos-o-mas-para-una-imagen-entre-el-gesto-y-lo-relacional-muestra-colectiva-de-estudiantes-de-artes-visuales\\\/#primaryimage\"},\"image\":{\"@id\":\"https:\\\/\\\/www.uartes.edu.ec\\\/sitio\\\/fr\\\/blog\\\/2023\\\/01\\\/13\\\/dos-o-mas-para-una-imagen-entre-el-gesto-y-lo-relacional-muestra-colectiva-de-estudiantes-de-artes-visuales\\\/#primaryimage\"},\"thumbnailUrl\":\"https:\\\/\\\/www.uartes.edu.ec\\\/sitio\\\/wp-content\\\/uploads\\\/2023\\\/01\\\/DOS-PARA-UNA-IMAGEN-01.jpg\",\"datePublished\":\"2023-01-13T18:34:50+00:00\",\"dateModified\":\"2024-07-04T16:21:48+00:00\",\"description\":\"Universidad de las Artes - \u201cDos (o m\u00e1s) para una imagen: entre el gesto y lo relacional\u201d, exposici\u00f3n colectiva de estudiantes de Visuales\",\"breadcrumb\":{\"@id\":\"https:\\\/\\\/www.uartes.edu.ec\\\/sitio\\\/fr\\\/blog\\\/2023\\\/01\\\/13\\\/dos-o-mas-para-una-imagen-entre-el-gesto-y-lo-relacional-muestra-colectiva-de-estudiantes-de-artes-visuales\\\/#breadcrumb\"},\"inLanguage\":\"fr-FR\",\"potentialAction\":[{\"@type\":\"ReadAction\",\"target\":[\"https:\\\/\\\/www.uartes.edu.ec\\\/sitio\\\/fr\\\/blog\\\/2023\\\/01\\\/13\\\/dos-o-mas-para-una-imagen-entre-el-gesto-y-lo-relacional-muestra-colectiva-de-estudiantes-de-artes-visuales\\\/\"]}]},{\"@type\":\"ImageObject\",\"inLanguage\":\"fr-FR\",\"@id\":\"https:\\\/\\\/www.uartes.edu.ec\\\/sitio\\\/fr\\\/blog\\\/2023\\\/01\\\/13\\\/dos-o-mas-para-una-imagen-entre-el-gesto-y-lo-relacional-muestra-colectiva-de-estudiantes-de-artes-visuales\\\/#primaryimage\",\"url\":\"https:\\\/\\\/www.uartes.edu.ec\\\/sitio\\\/wp-content\\\/uploads\\\/2023\\\/01\\\/DOS-PARA-UNA-IMAGEN-01.jpg\",\"contentUrl\":\"https:\\\/\\\/www.uartes.edu.ec\\\/sitio\\\/wp-content\\\/uploads\\\/2023\\\/01\\\/DOS-PARA-UNA-IMAGEN-01.jpg\",\"width\":2000,\"height\":1333},{\"@type\":\"BreadcrumbList\",\"@id\":\"https:\\\/\\\/www.uartes.edu.ec\\\/sitio\\\/fr\\\/blog\\\/2023\\\/01\\\/13\\\/dos-o-mas-para-una-imagen-entre-el-gesto-y-lo-relacional-muestra-colectiva-de-estudiantes-de-artes-visuales\\\/#breadcrumb\",\"itemListElement\":[{\"@type\":\"ListItem\",\"position\":1,\"name\":\"Inicio\",\"item\":\"https:\\\/\\\/www.uartes.edu.ec\\\/sitio\\\/\"},{\"@type\":\"ListItem\",\"position\":2,\"name\":\"\u201cDos (o m\u00e1s) para una imagen: entre el gesto y lo relacional\u201d, exposici\u00f3n colectiva de estudiantes de Visuales\"}]},{\"@type\":\"WebSite\",\"@id\":\"https:\\\/\\\/www.uartes.edu.ec\\\/sitio\\\/fr\\\/#website\",\"url\":\"https:\\\/\\\/www.uartes.edu.ec\\\/sitio\\\/fr\\\/\",\"name\":\"Universidad de las Artes\",\"description\":\"Sitio oficial de la Universidad Nacional de las Artes del Ecuador\",\"publisher\":{\"@id\":\"https:\\\/\\\/www.uartes.edu.ec\\\/sitio\\\/fr\\\/#organization\"},\"potentialAction\":[{\"@type\":\"SearchAction\",\"target\":{\"@type\":\"EntryPoint\",\"urlTemplate\":\"https:\\\/\\\/www.uartes.edu.ec\\\/sitio\\\/fr\\\/?s={search_term_string}\"},\"query-input\":{\"@type\":\"PropertyValueSpecification\",\"valueRequired\":true,\"valueName\":\"search_term_string\"}}],\"inLanguage\":\"fr-FR\"},{\"@type\":\"Organization\",\"@id\":\"https:\\\/\\\/www.uartes.edu.ec\\\/sitio\\\/fr\\\/#organization\",\"name\":\"Universidad de las Artes\",\"url\":\"https:\\\/\\\/www.uartes.edu.ec\\\/sitio\\\/fr\\\/\",\"logo\":{\"@type\":\"ImageObject\",\"inLanguage\":\"fr-FR\",\"@id\":\"https:\\\/\\\/www.uartes.edu.ec\\\/sitio\\\/fr\\\/#\\\/schema\\\/logo\\\/image\\\/\",\"url\":\"https:\\\/\\\/www.uartes.edu.ec\\\/sitio\\\/wp-content\\\/uploads\\\/2022\\\/07\\\/logo-ua-horizontal.png\",\"contentUrl\":\"https:\\\/\\\/www.uartes.edu.ec\\\/sitio\\\/wp-content\\\/uploads\\\/2022\\\/07\\\/logo-ua-horizontal.png\",\"width\":800,\"height\":276,\"caption\":\"Universidad de las Artes\"},\"image\":{\"@id\":\"https:\\\/\\\/www.uartes.edu.ec\\\/sitio\\\/fr\\\/#\\\/schema\\\/logo\\\/image\\\/\"},\"sameAs\":[\"https:\\\/\\\/www.facebook.com\\\/uartesec\",\"https:\\\/\\\/x.com\\\/uartesec\",\"https:\\\/\\\/www.tiktok.com\\\/@uartesec\"]},{\"@type\":\"Person\",\"@id\":\"https:\\\/\\\/www.uartes.edu.ec\\\/sitio\\\/fr\\\/#\\\/schema\\\/person\\\/efa1b8275797664fd7f13a79ccc0b1f4\",\"name\":\"ccortez\",\"image\":{\"@type\":\"ImageObject\",\"inLanguage\":\"fr-FR\",\"@id\":\"https:\\\/\\\/secure.gravatar.com\\\/avatar\\\/b2a6f664a3ae8e074346ef91775736c5ec479e637ecced6842de9dc98b5da9cd?s=96&d=mm&r=g\",\"url\":\"https:\\\/\\\/secure.gravatar.com\\\/avatar\\\/b2a6f664a3ae8e074346ef91775736c5ec479e637ecced6842de9dc98b5da9cd?s=96&d=mm&r=g\",\"contentUrl\":\"https:\\\/\\\/secure.gravatar.com\\\/avatar\\\/b2a6f664a3ae8e074346ef91775736c5ec479e637ecced6842de9dc98b5da9cd?s=96&d=mm&r=g\",\"caption\":\"ccortez\"},\"url\":\"https:\\\/\\\/www.uartes.edu.ec\\\/sitio\\\/fr\\\/blog\\\/author\\\/ccortez\\\/\"}]}<\/script>\n<!-- \/ Yoast SEO plugin. -->","yoast_head_json":{"title":"Universidad de las Artes - \u201cDos (o m\u00e1s) para una imagen: entre el gesto y lo relacional\u201d, exposici\u00f3n colectiva de estudiantes de Visuales","description":"Universidad de las Artes - \u201cDos (o m\u00e1s) para una imagen: entre el gesto y lo relacional\u201d, exposici\u00f3n colectiva de estudiantes de Visuales","robots":{"index":"index","follow":"follow","max-snippet":"max-snippet:-1","max-image-preview":"max-image-preview:large","max-video-preview":"max-video-preview:-1"},"canonical":"https:\/\/www.uartes.edu.ec\/sitio\/fr\/blog\/2023\/01\/13\/dos-o-mas-para-una-imagen-entre-el-gesto-y-lo-relacional-muestra-colectiva-de-estudiantes-de-artes-visuales\/","og_locale":"fr_FR","og_type":"article","og_title":"Universidad de las Artes - \u201cDos (o m\u00e1s) para una imagen: entre el gesto y lo relacional\u201d, exposici\u00f3n colectiva de estudiantes de Visuales","og_description":"Universidad de las Artes - \u201cDos (o m\u00e1s) para una imagen: entre el gesto y lo relacional\u201d, exposici\u00f3n colectiva de estudiantes de Visuales","og_url":"https:\/\/www.uartes.edu.ec\/sitio\/fr\/blog\/2023\/01\/13\/dos-o-mas-para-una-imagen-entre-el-gesto-y-lo-relacional-muestra-colectiva-de-estudiantes-de-artes-visuales\/","og_site_name":"Universidad de las Artes","article_publisher":"https:\/\/www.facebook.com\/uartesec","article_published_time":"2023-01-13T18:34:50+00:00","article_modified_time":"2024-07-04T16:21:48+00:00","og_image":[{"width":2000,"height":1333,"url":"https:\/\/www.uartes.edu.ec\/sitio\/wp-content\/uploads\/2023\/01\/DOS-PARA-UNA-IMAGEN-01.jpg","type":"image\/jpeg"}],"author":"ccortez","twitter_card":"summary_large_image","twitter_creator":"@uartesec","twitter_site":"@uartesec","twitter_misc":{"\u00c9crit par":"ccortez","Dur\u00e9e de lecture estim\u00e9e":"2 minutes"},"schema":{"@context":"https:\/\/schema.org","@graph":[{"@type":"Article","@id":"https:\/\/www.uartes.edu.ec\/sitio\/fr\/blog\/2023\/01\/13\/dos-o-mas-para-una-imagen-entre-el-gesto-y-lo-relacional-muestra-colectiva-de-estudiantes-de-artes-visuales\/#article","isPartOf":{"@id":"https:\/\/www.uartes.edu.ec\/sitio\/fr\/blog\/2023\/01\/13\/dos-o-mas-para-una-imagen-entre-el-gesto-y-lo-relacional-muestra-colectiva-de-estudiantes-de-artes-visuales\/"},"author":{"name":"ccortez","@id":"https:\/\/www.uartes.edu.ec\/sitio\/fr\/#\/schema\/person\/efa1b8275797664fd7f13a79ccc0b1f4"},"headline":"\u201cDos (o m\u00e1s) para una imagen: entre el gesto y lo relacional\u201d, exposici\u00f3n colectiva de estudiantes de Visuales","datePublished":"2023-01-13T18:34:50+00:00","dateModified":"2024-07-04T16:21:48+00:00","mainEntityOfPage":{"@id":"https:\/\/www.uartes.edu.ec\/sitio\/fr\/blog\/2023\/01\/13\/dos-o-mas-para-una-imagen-entre-el-gesto-y-lo-relacional-muestra-colectiva-de-estudiantes-de-artes-visuales\/"},"wordCount":460,"commentCount":0,"publisher":{"@id":"https:\/\/www.uartes.edu.ec\/sitio\/fr\/#organization"},"image":{"@id":"https:\/\/www.uartes.edu.ec\/sitio\/fr\/blog\/2023\/01\/13\/dos-o-mas-para-una-imagen-entre-el-gesto-y-lo-relacional-muestra-colectiva-de-estudiantes-de-artes-visuales\/#primaryimage"},"thumbnailUrl":"https:\/\/www.uartes.edu.ec\/sitio\/wp-content\/uploads\/2023\/01\/DOS-PARA-UNA-IMAGEN-01.jpg","keywords":["muestra colectiva"],"articleSection":["3D","Acad\u00e9mico","Artes Visuales","Docentes","Estudiantes"],"inLanguage":"fr-FR","potentialAction":[{"@type":"CommentAction","name":"Comment","target":["https:\/\/www.uartes.edu.ec\/sitio\/fr\/blog\/2023\/01\/13\/dos-o-mas-para-una-imagen-entre-el-gesto-y-lo-relacional-muestra-colectiva-de-estudiantes-de-artes-visuales\/#respond"]}]},{"@type":["WebPage","ItemPage"],"@id":"https:\/\/www.uartes.edu.ec\/sitio\/fr\/blog\/2023\/01\/13\/dos-o-mas-para-una-imagen-entre-el-gesto-y-lo-relacional-muestra-colectiva-de-estudiantes-de-artes-visuales\/","url":"https:\/\/www.uartes.edu.ec\/sitio\/fr\/blog\/2023\/01\/13\/dos-o-mas-para-una-imagen-entre-el-gesto-y-lo-relacional-muestra-colectiva-de-estudiantes-de-artes-visuales\/","name":"Universidad de las Artes - \u201cDos (o m\u00e1s) para una imagen: entre el gesto y lo relacional\u201d, exposici\u00f3n colectiva de estudiantes de Visuales","isPartOf":{"@id":"https:\/\/www.uartes.edu.ec\/sitio\/fr\/#website"},"primaryImageOfPage":{"@id":"https:\/\/www.uartes.edu.ec\/sitio\/fr\/blog\/2023\/01\/13\/dos-o-mas-para-una-imagen-entre-el-gesto-y-lo-relacional-muestra-colectiva-de-estudiantes-de-artes-visuales\/#primaryimage"},"image":{"@id":"https:\/\/www.uartes.edu.ec\/sitio\/fr\/blog\/2023\/01\/13\/dos-o-mas-para-una-imagen-entre-el-gesto-y-lo-relacional-muestra-colectiva-de-estudiantes-de-artes-visuales\/#primaryimage"},"thumbnailUrl":"https:\/\/www.uartes.edu.ec\/sitio\/wp-content\/uploads\/2023\/01\/DOS-PARA-UNA-IMAGEN-01.jpg","datePublished":"2023-01-13T18:34:50+00:00","dateModified":"2024-07-04T16:21:48+00:00","description":"Universidad de las Artes - \u201cDos (o m\u00e1s) para una imagen: entre el gesto y lo relacional\u201d, exposici\u00f3n colectiva de estudiantes de Visuales","breadcrumb":{"@id":"https:\/\/www.uartes.edu.ec\/sitio\/fr\/blog\/2023\/01\/13\/dos-o-mas-para-una-imagen-entre-el-gesto-y-lo-relacional-muestra-colectiva-de-estudiantes-de-artes-visuales\/#breadcrumb"},"inLanguage":"fr-FR","potentialAction":[{"@type":"ReadAction","target":["https:\/\/www.uartes.edu.ec\/sitio\/fr\/blog\/2023\/01\/13\/dos-o-mas-para-una-imagen-entre-el-gesto-y-lo-relacional-muestra-colectiva-de-estudiantes-de-artes-visuales\/"]}]},{"@type":"ImageObject","inLanguage":"fr-FR","@id":"https:\/\/www.uartes.edu.ec\/sitio\/fr\/blog\/2023\/01\/13\/dos-o-mas-para-una-imagen-entre-el-gesto-y-lo-relacional-muestra-colectiva-de-estudiantes-de-artes-visuales\/#primaryimage","url":"https:\/\/www.uartes.edu.ec\/sitio\/wp-content\/uploads\/2023\/01\/DOS-PARA-UNA-IMAGEN-01.jpg","contentUrl":"https:\/\/www.uartes.edu.ec\/sitio\/wp-content\/uploads\/2023\/01\/DOS-PARA-UNA-IMAGEN-01.jpg","width":2000,"height":1333},{"@type":"BreadcrumbList","@id":"https:\/\/www.uartes.edu.ec\/sitio\/fr\/blog\/2023\/01\/13\/dos-o-mas-para-una-imagen-entre-el-gesto-y-lo-relacional-muestra-colectiva-de-estudiantes-de-artes-visuales\/#breadcrumb","itemListElement":[{"@type":"ListItem","position":1,"name":"Inicio","item":"https:\/\/www.uartes.edu.ec\/sitio\/"},{"@type":"ListItem","position":2,"name":"\u201cDos (o m\u00e1s) para una imagen: entre el gesto y lo relacional\u201d, exposici\u00f3n colectiva de estudiantes de Visuales"}]},{"@type":"WebSite","@id":"https:\/\/www.uartes.edu.ec\/sitio\/fr\/#website","url":"https:\/\/www.uartes.edu.ec\/sitio\/fr\/","name":"Universidad de las Artes","description":"Sitio oficial de la Universidad Nacional de las Artes del Ecuador","publisher":{"@id":"https:\/\/www.uartes.edu.ec\/sitio\/fr\/#organization"},"potentialAction":[{"@type":"SearchAction","target":{"@type":"EntryPoint","urlTemplate":"https:\/\/www.uartes.edu.ec\/sitio\/fr\/?s={search_term_string}"},"query-input":{"@type":"PropertyValueSpecification","valueRequired":true,"valueName":"search_term_string"}}],"inLanguage":"fr-FR"},{"@type":"Organization","@id":"https:\/\/www.uartes.edu.ec\/sitio\/fr\/#organization","name":"Universidad de las Artes","url":"https:\/\/www.uartes.edu.ec\/sitio\/fr\/","logo":{"@type":"ImageObject","inLanguage":"fr-FR","@id":"https:\/\/www.uartes.edu.ec\/sitio\/fr\/#\/schema\/logo\/image\/","url":"https:\/\/www.uartes.edu.ec\/sitio\/wp-content\/uploads\/2022\/07\/logo-ua-horizontal.png","contentUrl":"https:\/\/www.uartes.edu.ec\/sitio\/wp-content\/uploads\/2022\/07\/logo-ua-horizontal.png","width":800,"height":276,"caption":"Universidad de las Artes"},"image":{"@id":"https:\/\/www.uartes.edu.ec\/sitio\/fr\/#\/schema\/logo\/image\/"},"sameAs":["https:\/\/www.facebook.com\/uartesec","https:\/\/x.com\/uartesec","https:\/\/www.tiktok.com\/@uartesec"]},{"@type":"Person","@id":"https:\/\/www.uartes.edu.ec\/sitio\/fr\/#\/schema\/person\/efa1b8275797664fd7f13a79ccc0b1f4","name":"ccortez","image":{"@type":"ImageObject","inLanguage":"fr-FR","@id":"https:\/\/secure.gravatar.com\/avatar\/b2a6f664a3ae8e074346ef91775736c5ec479e637ecced6842de9dc98b5da9cd?s=96&d=mm&r=g","url":"https:\/\/secure.gravatar.com\/avatar\/b2a6f664a3ae8e074346ef91775736c5ec479e637ecced6842de9dc98b5da9cd?s=96&d=mm&r=g","contentUrl":"https:\/\/secure.gravatar.com\/avatar\/b2a6f664a3ae8e074346ef91775736c5ec479e637ecced6842de9dc98b5da9cd?s=96&d=mm&r=g","caption":"ccortez"},"url":"https:\/\/www.uartes.edu.ec\/sitio\/fr\/blog\/author\/ccortez\/"}]}},"uagb_featured_image_src":{"full":["https:\/\/www.uartes.edu.ec\/sitio\/wp-content\/uploads\/2023\/01\/DOS-PARA-UNA-IMAGEN-01.jpg",2000,1333,false],"thumbnail":["https:\/\/www.uartes.edu.ec\/sitio\/wp-content\/uploads\/2023\/01\/DOS-PARA-UNA-IMAGEN-01-150x150.jpg",150,150,true],"medium":["https:\/\/www.uartes.edu.ec\/sitio\/wp-content\/uploads\/2023\/01\/DOS-PARA-UNA-IMAGEN-01-300x300.jpg",300,300,true],"medium_large":["https:\/\/www.uartes.edu.ec\/sitio\/wp-content\/uploads\/2023\/01\/DOS-PARA-UNA-IMAGEN-01-768x511.jpg",768,511,true],"large":["https:\/\/www.uartes.edu.ec\/sitio\/wp-content\/uploads\/2023\/01\/DOS-PARA-UNA-IMAGEN-01-644x429.jpg",644,429,true],"1536x1536":["https:\/\/www.uartes.edu.ec\/sitio\/wp-content\/uploads\/2023\/01\/DOS-PARA-UNA-IMAGEN-01-1536x1536.jpg",1536,1536,true],"2048x2048":["https:\/\/www.uartes.edu.ec\/sitio\/wp-content\/uploads\/2023\/01\/DOS-PARA-UNA-IMAGEN-01-2000x1333.jpg",2000,1333,true],"trp-custom-language-flag":["https:\/\/www.uartes.edu.ec\/sitio\/wp-content\/uploads\/2023\/01\/DOS-PARA-UNA-IMAGEN-01.jpg",18,12,false],"htmega_size_585x295":["https:\/\/www.uartes.edu.ec\/sitio\/wp-content\/uploads\/2023\/01\/DOS-PARA-UNA-IMAGEN-01.jpg",443,295,false],"htmega_size_1170x536":["https:\/\/www.uartes.edu.ec\/sitio\/wp-content\/uploads\/2023\/01\/DOS-PARA-UNA-IMAGEN-01.jpg",804,536,false],"htmega_size_396x360":["https:\/\/www.uartes.edu.ec\/sitio\/wp-content\/uploads\/2023\/01\/DOS-PARA-UNA-IMAGEN-01.jpg",396,264,false],"gb-block-post-grid-landscape":["https:\/\/www.uartes.edu.ec\/sitio\/wp-content\/uploads\/2023\/01\/DOS-PARA-UNA-IMAGEN-01-600x400.jpg",600,400,true],"gb-block-post-grid-square":["https:\/\/www.uartes.edu.ec\/sitio\/wp-content\/uploads\/2023\/01\/DOS-PARA-UNA-IMAGEN-01-600x600.jpg",600,600,true],"university-hub-thumb":["https:\/\/www.uartes.edu.ec\/sitio\/wp-content\/uploads\/2023\/01\/DOS-PARA-UNA-IMAGEN-01-400x300.jpg",400,300,true]},"uagb_author_info":{"display_name":"ccortez","author_link":"https:\/\/www.uartes.edu.ec\/sitio\/fr\/blog\/author\/ccortez\/"},"uagb_comment_info":0,"uagb_excerpt":"En la Galer\u00eda 4ta. Pared de la Biblioteca de la Artes se inaugurar\u00e1 el 3 de febrero la muestra colectiva \u201cDos (o m\u00e1s) para una imagen: entre el gesto y lo relacional\u201d de los estudiantes de sexto semestre de Artes Visuales, desarrollada dentro de la asignatura Arte y Pensamiento Contempor\u00e1neo que dicta la MSc. Amalina\u2026","featured_image_src":"https:\/\/www.uartes.edu.ec\/sitio\/wp-content\/uploads\/2023\/01\/DOS-PARA-UNA-IMAGEN-01-600x400.jpg","featured_image_src_square":"https:\/\/www.uartes.edu.ec\/sitio\/wp-content\/uploads\/2023\/01\/DOS-PARA-UNA-IMAGEN-01-600x600.jpg","author_info":{"display_name":"ccortez","author_link":"https:\/\/www.uartes.edu.ec\/sitio\/fr\/blog\/author\/ccortez\/"},"publishpress_future_workflow_manual_trigger":{"enabledWorkflows":[]},"distributor_meta":false,"distributor_terms":false,"distributor_media":false,"distributor_original_site_name":"Universidad de las Artes","distributor_original_site_url":"https:\/\/www.uartes.edu.ec\/sitio\/fr","push-errors":false,"_links":{"self":[{"href":"https:\/\/www.uartes.edu.ec\/sitio\/fr\/wp-json\/wp\/v2\/posts\/36314","targetHints":{"allow":["GET"]}}],"collection":[{"href":"https:\/\/www.uartes.edu.ec\/sitio\/fr\/wp-json\/wp\/v2\/posts"}],"about":[{"href":"https:\/\/www.uartes.edu.ec\/sitio\/fr\/wp-json\/wp\/v2\/types\/post"}],"author":[{"embeddable":true,"href":"https:\/\/www.uartes.edu.ec\/sitio\/fr\/wp-json\/wp\/v2\/users\/10"}],"replies":[{"embeddable":true,"href":"https:\/\/www.uartes.edu.ec\/sitio\/fr\/wp-json\/wp\/v2\/comments?post=36314"}],"version-history":[{"count":5,"href":"https:\/\/www.uartes.edu.ec\/sitio\/fr\/wp-json\/wp\/v2\/posts\/36314\/revisions"}],"predecessor-version":[{"id":36329,"href":"https:\/\/www.uartes.edu.ec\/sitio\/fr\/wp-json\/wp\/v2\/posts\/36314\/revisions\/36329"}],"wp:featuredmedia":[{"embeddable":true,"href":"https:\/\/www.uartes.edu.ec\/sitio\/fr\/wp-json\/wp\/v2\/media\/37325"}],"wp:attachment":[{"href":"https:\/\/www.uartes.edu.ec\/sitio\/fr\/wp-json\/wp\/v2\/media?parent=36314"}],"wp:term":[{"taxonomy":"category","embeddable":true,"href":"https:\/\/www.uartes.edu.ec\/sitio\/fr\/wp-json\/wp\/v2\/categories?post=36314"},{"taxonomy":"post_tag","embeddable":true,"href":"https:\/\/www.uartes.edu.ec\/sitio\/fr\/wp-json\/wp\/v2\/tags?post=36314"},{"taxonomy":"infouartes","embeddable":true,"href":"https:\/\/www.uartes.edu.ec\/sitio\/fr\/wp-json\/wp\/v2\/infouartes?post=36314"}],"curies":[{"name":"wp","href":"https:\/\/api.w.org\/{rel}","templated":true}]}}