{"id":36782,"date":"2023-01-20T18:34:58","date_gmt":"2023-01-20T23:34:58","guid":{"rendered":"http:\/\/www.uartes.edu.ec\/sitio\/?p=36782"},"modified":"2024-07-04T11:21:43","modified_gmt":"2024-07-04T16:21:43","slug":"con-emocion-agradecimiento-y-musica-se-celebraron-en-acto-solemne-los-4-anos-de-la-biblioteca-de-las-artes","status":"publish","type":"post","link":"https:\/\/www.uartes.edu.ec\/sitio\/fr\/blog\/2023\/01\/20\/con-emocion-agradecimiento-y-musica-se-celebraron-en-acto-solemne-los-4-anos-de-la-biblioteca-de-las-artes\/","title":{"rendered":"Con emoci\u00f3n, palabras de gratitud y m\u00fasica se celebraron en acto solemne los 4 a\u00f1os de la Biblioteca de las Artes"},"content":{"rendered":"<p>El acto solemne que se cumpli\u00f3 este 19 de enero por los cuatro a\u00f1os de la Biblioteca de las Artes fue de celebraci\u00f3n, pero tambi\u00e9n de agradecimiento a quienes con su trabajo y compromiso permiten que el espacio pueda coexistir; de encuentro con la comunidad, los colectivos e instituciones con los que ha impulsado actividades; y, de concretar relacionamientos, como la firma del convenio de cooperaci\u00f3n con la Orquesta Sinf\u00f3nica de Guayaquil (OSG).<\/p>\n\n\n\n<p>Gilda S\u00e1nchez, analista de Educaci\u00f3n Continua, condujo el acto. Junto a las autoridades de la Universidad de las Artes, el rector William Herrera y el vicerrector Acad\u00e9mico Bradley Hilgert, y su comunidad, asistieron, entre otros, Ana Mar\u00eda Tamayo, directora de la OSG; Nelly Espinel, directora Ejecutiva del MAAC; y, Alfredo Garc\u00eda, director del Archivo Hist\u00f3rico.<\/p>\n\n\n\n<p>Tambi\u00e9n los colectivos Silueta X, DASE, las asociaciones Nacional de Bibliotecarios y de Archiveros, ambas del Guayas, y 40 ni\u00f1os de la Unidad Educativa Alba Calder\u00f3n de Gil. Con ellos, Mappy Delgado, del Club de los A\u00f1os Dorados; y los usuarios, Jefferson Avelino, desde 2015; y, Len\u00edn S\u00e1nchez, desde 2019. &nbsp;<\/p>\n\n\n\n<h3 class=\"wp-block-heading\"><strong>Primera de estanter\u00eda abierta<\/strong><\/h3>\n\n\n\n<p>Soraya Campos, directora de Servicios Bibliotecarios del repositorio de la UArtes, tuvo las palabras de bienvenida. En su intervenci\u00f3n hizo un breve recorrido \u201cde lo que ha sido este proyecto y sue\u00f1o\u201d, inaugurado el 16 de enero de 2019 como la c\u00faspide de un proceso que arranc\u00f3 antes con la participaci\u00f3n de un equipo multidisciplinario que asumi\u00f3 la organizaci\u00f3n log\u00edstica y la definici\u00f3n de los servicios que iban a ser ofrecidos a sus futuros usuarios.<\/p>\n\n\n<div class=\"wp-block-image\">\n<figure class=\"aligncenter size-large\"><img fetchpriority=\"high\" decoding=\"async\" width=\"644\" height=\"429\" src=\"http:\/\/www.uartes.edu.ec\/sitio\/wp-content\/uploads\/2023\/01\/aniversario3-644x429.jpg\" alt=\"\" class=\"wp-image-36785\" srcset=\"https:\/\/www.uartes.edu.ec\/sitio\/wp-content\/uploads\/2023\/01\/aniversario3-644x429.jpg 644w, https:\/\/www.uartes.edu.ec\/sitio\/wp-content\/uploads\/2023\/01\/aniversario3-300x200.jpg 300w, https:\/\/www.uartes.edu.ec\/sitio\/wp-content\/uploads\/2023\/01\/aniversario3-768x512.jpg 768w, https:\/\/www.uartes.edu.ec\/sitio\/wp-content\/uploads\/2023\/01\/aniversario3-1536x1024.jpg 1536w, https:\/\/www.uartes.edu.ec\/sitio\/wp-content\/uploads\/2023\/01\/aniversario3-600x400.jpg 600w, https:\/\/www.uartes.edu.ec\/sitio\/wp-content\/uploads\/2023\/01\/aniversario3-400x267.jpg 400w, https:\/\/www.uartes.edu.ec\/sitio\/wp-content\/uploads\/2023\/01\/aniversario3-272x182.jpg 272w, https:\/\/www.uartes.edu.ec\/sitio\/wp-content\/uploads\/2023\/01\/aniversario3.jpg 2000w\" sizes=\"(max-width: 644px) 100vw, 644px\" \/><\/figure>\n<\/div>\n\n\n<p>Record\u00f3 as\u00ed la Sala Miguel Donoso, que se abri\u00f3 en mayo de 2015 en el Pabell\u00f3n Araceli Gilbert, y el traslado del fondo bibliogr\u00e1fico \u2013en 2017\u2013 a la Sala Tr\u00e1nsito Amagua\u00f1a del antiguo SRI. \u201cTodo este viaje vali\u00f3 la pena para estar hoy en un edificio ejemplo de la arquitectura moderna del Guayaquil de mediados del siglo XX, dise\u00f1ado por Karl Khon como Banco de Descuento\u201d.<\/p>\n\n\n\n<h3 class=\"wp-block-heading\"><strong>En la construcci\u00f3n de comunidades<\/strong><\/h3>\n\n\n\n<p>La Biblioteca de las Artes es la primera de estanter\u00eda abierta de la ciudad, dijo Campos, destacando la construcci\u00f3n de comunidades que la habitan y crean v\u00ednculos, \u201ccomo los padres y madres que traen a sus hijos a R\u00eda; familias enteras que conviven con nosotros en medio de la activaci\u00f3n lectora; ni\u00f1os y ni\u00f1as que reconocen en este lugar su entorno de juego y crecimiento; adolescentes que, motivados por gu\u00edas docentes, abren sus ojos a la experiencia del arte y del saber, y de todas las personas que nos visitan cada d\u00eda\u201d.&nbsp;<\/p>\n\n\n\n<p>Campos reforz\u00f3 este sentir con el pensamiento de David Lankes, director de la Escuela de Biblioteconom\u00eda y Ciencias de la Informaci\u00f3n de la Universidad de Carolina del Sur, que reza: \u201cLas malas bibliotecas solo construyen colecciones. Las buenas bibliotecas construyen servicios. Las grandes bibliotecas construyen comunidades\u201d.<\/p>\n\n\n<div class=\"wp-block-image\">\n<figure class=\"aligncenter size-large\"><img decoding=\"async\" width=\"644\" height=\"429\" src=\"http:\/\/www.uartes.edu.ec\/sitio\/wp-content\/uploads\/2023\/01\/BIBLIOTECA-DE-LAS-ARTES-PORTADA-1-644x429.jpg\" alt=\"\" class=\"wp-image-36792\" srcset=\"https:\/\/www.uartes.edu.ec\/sitio\/wp-content\/uploads\/2023\/01\/BIBLIOTECA-DE-LAS-ARTES-PORTADA-1-644x429.jpg 644w, https:\/\/www.uartes.edu.ec\/sitio\/wp-content\/uploads\/2023\/01\/BIBLIOTECA-DE-LAS-ARTES-PORTADA-1-768x511.jpg 768w, https:\/\/www.uartes.edu.ec\/sitio\/wp-content\/uploads\/2023\/01\/BIBLIOTECA-DE-LAS-ARTES-PORTADA-1.jpg 2000w, https:\/\/www.uartes.edu.ec\/sitio\/wp-content\/uploads\/2023\/01\/BIBLIOTECA-DE-LAS-ARTES-PORTADA-1-600x399.jpg 600w, https:\/\/www.uartes.edu.ec\/sitio\/wp-content\/uploads\/2023\/01\/BIBLIOTECA-DE-LAS-ARTES-PORTADA-1-272x182.jpg 272w\" sizes=\"(max-width: 644px) 100vw, 644px\" \/><\/figure>\n<\/div>\n\n\n<p>Tambi\u00e9n mencion\u00f3 la circulaci\u00f3n de conocimiento y saberes, de las pr\u00e1cticas art\u00edsticas de los estudiantes y de su convivencia con quienes no pertenecen a la universidad. Ha sido posible, a\u00f1adi\u00f3, porque nos pertenecemos a una universidad que considera a la educaci\u00f3n p\u00fablica en artes como un derecho \u201cy, por tanto, la cultura es un derecho inalienable de todos y todas\u201d.<\/p>\n\n\n\n<h3 class=\"wp-block-heading\"><strong>M\u00e1s de 50 mil visitantes solo en 2022<\/strong><\/h3>\n\n\n\n<p>En pandemia, la Biblioteca de las Artes mantuvo sus actividades de manera virtual y en 2022, de regreso del encierro por la COVID-19, registr\u00f3 m\u00e1s de 50.000 visitantes de todas las edades, quienes buscaron informaci\u00f3n bibliogr\u00e1fica, acceso a base de datos, uso de computadoras, participaci\u00f3n en talleres y conferencias, entre otras actividades culturales.<\/p>\n\n\n\n<p>Recalc\u00f3 el trabajo y la participaci\u00f3n de los graduados UArtes, claves para retomar la agenda con los talleres de la Convocatoria Alumni y las charlas de literatura Picnic Literario y Cronotop\u00edas, y la primera feria Lanfor Abierta, que este a\u00f1o tendr\u00e1 su segunda edici\u00f3n. Expres\u00f3 que la Biblioteca de las Artes le significa un hogar en el que ha aprendido mucho, no solo desde la ejecuci\u00f3n de su profesi\u00f3n, sino tambi\u00e9n la parte humana \u201cporque de eso se trata: creer en el poder del cambio que una biblioteca puede hacer en la vida de las personas\u201d.<\/p>\n\n\n\n<h3 class=\"wp-block-heading\"><strong>Un ser vivo con historia propia<\/strong><\/h3>\n\n\n\n<p>Seguidamente, Ana Mar\u00eda Gonz\u00e1lez, encargada de la Sala R\u00eda, comparti\u00f3 con los presentes que cuando recorre la Biblioteca con ni\u00f1as y ni\u00f1os compara su infraestructura con un ser vivo que tiene su propia historia, memoria, muchas extremidades y energ\u00eda. &nbsp;<\/p>\n\n\n<div class=\"wp-block-image\">\n<figure class=\"aligncenter size-large\"><img decoding=\"async\" width=\"644\" height=\"429\" src=\"http:\/\/www.uartes.edu.ec\/sitio\/wp-content\/uploads\/2023\/01\/aniversario4-644x429.jpg\" alt=\"\" class=\"wp-image-36786\" srcset=\"https:\/\/www.uartes.edu.ec\/sitio\/wp-content\/uploads\/2023\/01\/aniversario4-644x429.jpg 644w, https:\/\/www.uartes.edu.ec\/sitio\/wp-content\/uploads\/2023\/01\/aniversario4-300x200.jpg 300w, https:\/\/www.uartes.edu.ec\/sitio\/wp-content\/uploads\/2023\/01\/aniversario4-768x512.jpg 768w, https:\/\/www.uartes.edu.ec\/sitio\/wp-content\/uploads\/2023\/01\/aniversario4-1536x1024.jpg 1536w, https:\/\/www.uartes.edu.ec\/sitio\/wp-content\/uploads\/2023\/01\/aniversario4-600x400.jpg 600w, https:\/\/www.uartes.edu.ec\/sitio\/wp-content\/uploads\/2023\/01\/aniversario4-400x267.jpg 400w, https:\/\/www.uartes.edu.ec\/sitio\/wp-content\/uploads\/2023\/01\/aniversario4-272x182.jpg 272w, https:\/\/www.uartes.edu.ec\/sitio\/wp-content\/uploads\/2023\/01\/aniversario4.jpg 2000w\" sizes=\"(max-width: 644px) 100vw, 644px\" \/><\/figure>\n<\/div>\n\n\n<p>Ante la cercan\u00eda del cuarto aniversario de este ser dijo haber revisado en R\u00eda un libro que disfruta: \u201c\u00bfPuede volar un cangrejo?\u201d. \u201cDice s\u00ed y no. Si se sube al ala de una gaviota, s\u00ed, pero si no se sube, no. Y pensaba que es un poco as\u00ed nuestra relaci\u00f3n con la biblioteca. Somos como un cangrejo volando cuando estamos aqu\u00ed, pero tambi\u00e9n son ustedes las gaviotas que le dan vida a este espacio&#8230; Son las y los artistas estudiantes los que buscan las mejores formas de acercar a nuestras ni\u00f1as y ni\u00f1os a la exploraci\u00f3n art\u00edstica y abren paso a cambiar la forma en la que las escuelas y familias vemos el arte en la educaci\u00f3n\u201d. &nbsp;&nbsp;<\/p>\n\n\n\n<p>Subray\u00f3 la importancia de que la Biblioteca siga siendo parte de nuestras vidas, para investigar, explorar, hacer comunidad, volar\u2026 \u201cy, bueno, tambi\u00e9n de vez en cuando arrimarse a un puff o acostarse en el piso de la entrada. C\u00f3mo nos gusta observar la c\u00fapula y pensar\u2026 a lo mejor en cangrejos, pero pensar al fin, porque para eso tambi\u00e9n estamos aqu\u00ed. Gracias por celebrar con nosotros\u201d.&nbsp;<\/p>\n\n\n\n<h3 class=\"wp-block-heading\"><strong>Momento de celebrar y agradecer<\/strong><\/h3>\n\n\n\n<p>El rector de la UArtes aviv\u00f3 a\u00fan m\u00e1s las emociones, pues manifest\u00f3 mucho agradecimiento y mencion\u00f3, entre otros, al equipo de la Biblioteca y a todos quienes all\u00ed laboran. De Campos se\u00f1al\u00f3 su compromiso y habilidad para encontrar soluciones y proponer iniciativas. De Gonz\u00e1lez su energ\u00eda y el \u00e1nimo que imprime a uno de los espacios que considera fundamentales: R\u00eda, un sue\u00f1o hecho realidad que ha provocado el deseo de replicarlo y de abrir nuevos espacios de la ni\u00f1ez.<\/p>\n\n\n<div class=\"wp-block-image\">\n<figure class=\"aligncenter size-large\"><img loading=\"lazy\" decoding=\"async\" width=\"644\" height=\"429\" src=\"http:\/\/www.uartes.edu.ec\/sitio\/wp-content\/uploads\/2023\/01\/aniversario5-644x429.jpg\" alt=\"\" class=\"wp-image-36787\" srcset=\"https:\/\/www.uartes.edu.ec\/sitio\/wp-content\/uploads\/2023\/01\/aniversario5-644x429.jpg 644w, https:\/\/www.uartes.edu.ec\/sitio\/wp-content\/uploads\/2023\/01\/aniversario5-300x200.jpg 300w, https:\/\/www.uartes.edu.ec\/sitio\/wp-content\/uploads\/2023\/01\/aniversario5-768x512.jpg 768w, https:\/\/www.uartes.edu.ec\/sitio\/wp-content\/uploads\/2023\/01\/aniversario5-1536x1024.jpg 1536w, https:\/\/www.uartes.edu.ec\/sitio\/wp-content\/uploads\/2023\/01\/aniversario5-600x400.jpg 600w, https:\/\/www.uartes.edu.ec\/sitio\/wp-content\/uploads\/2023\/01\/aniversario5-400x267.jpg 400w, https:\/\/www.uartes.edu.ec\/sitio\/wp-content\/uploads\/2023\/01\/aniversario5-272x182.jpg 272w, https:\/\/www.uartes.edu.ec\/sitio\/wp-content\/uploads\/2023\/01\/aniversario5.jpg 2000w\" sizes=\"(max-width: 644px) 100vw, 644px\" \/><\/figure>\n<\/div>\n\n\n<p>El agradecimiento del rector fue tambi\u00e9n para Natalia Tamayo, ahora dedicada en la UArtes a la docencia, quien tuvo un rol fundamental en el nacimiento de la Biblioteca, que se\u00f1al\u00f3 como principal tesoro y dispositivo de la universidad. Espacio tan valioso por todo lo que permite y ofrece: la conservaci\u00f3n del patrimonio arquitect\u00f3nico, el Archivo de El Tel\u00e9grafo y la vinculaci\u00f3n, \u201ctal vez lo m\u00e1s poderoso por los tipos y grupos de personas con los que nos relacionamos, desde ni\u00f1os hasta adultos\u201d, refiri\u00f3 en alusi\u00f3n al Club de los A\u00f1os Dorados, cuyos integrantes acudieron al acto.<\/p>\n\n\n\n<p>\u201cEs una biblioteca p\u00fablica de una universidad p\u00fablica\u201d, lo cual no hay que olvidar y menos en un momento en que se cuestiona y est\u00e1n en peligro la infraestructura y los servicios p\u00fablicos, sobre todo aquellos que pertenecen al campo de la cultura, a\u00f1adi\u00f3. &nbsp;<\/p>\n\n\n\n<h3 class=\"wp-block-heading\"><strong>Convenio de cooperaci\u00f3n con la OSG<\/strong><\/h3>\n\n\n\n<p>Invitada tambi\u00e9n al p\u00f3dium, Ana Mar\u00eda Tamayo, directora Ejecutiva de la OSG,&nbsp;instituci\u00f3n hist\u00f3rica que tiene 73 a\u00f1os de existencia y a la que dijo quitarle el corbat\u00edn y vincularla m\u00e1s con la comunidad, de la cual es parte y a la que sirve. Por ello acudi\u00f3 a la UArtes, para firmar un convenio tan importante no solo para la orquesta, pues le permite tener m\u00e1s espacios de circulaci\u00f3n, sino para la universidad porque permite que se acerquen a lo que significa el trabajo que realizan.<\/p>\n\n\n<div class=\"wp-block-image\">\n<figure class=\"aligncenter size-large\"><img loading=\"lazy\" decoding=\"async\" width=\"644\" height=\"429\" src=\"http:\/\/www.uartes.edu.ec\/sitio\/wp-content\/uploads\/2023\/01\/aniversario6-644x429.jpg\" alt=\"\" class=\"wp-image-36788\" srcset=\"https:\/\/www.uartes.edu.ec\/sitio\/wp-content\/uploads\/2023\/01\/aniversario6-644x429.jpg 644w, https:\/\/www.uartes.edu.ec\/sitio\/wp-content\/uploads\/2023\/01\/aniversario6-300x200.jpg 300w, https:\/\/www.uartes.edu.ec\/sitio\/wp-content\/uploads\/2023\/01\/aniversario6-768x512.jpg 768w, https:\/\/www.uartes.edu.ec\/sitio\/wp-content\/uploads\/2023\/01\/aniversario6-1536x1024.jpg 1536w, https:\/\/www.uartes.edu.ec\/sitio\/wp-content\/uploads\/2023\/01\/aniversario6-600x400.jpg 600w, https:\/\/www.uartes.edu.ec\/sitio\/wp-content\/uploads\/2023\/01\/aniversario6-400x267.jpg 400w, https:\/\/www.uartes.edu.ec\/sitio\/wp-content\/uploads\/2023\/01\/aniversario6-272x182.jpg 272w, https:\/\/www.uartes.edu.ec\/sitio\/wp-content\/uploads\/2023\/01\/aniversario6.jpg 2000w\" sizes=\"(max-width: 644px) 100vw, 644px\" \/><\/figure>\n<\/div>\n\n\n<p>Justamente, en el convenio se indica como objetivo el trabajo colaborativo para el desarrollo de programas, proyectos y actividades conjuntas de formaci\u00f3n, vinculaci\u00f3n e investigaci\u00f3n en artes, que contribuyan a la creaci\u00f3n y circulaci\u00f3n de productos culturales en beneficio de la ciudadan\u00eda guayaquile\u00f1a y de ambas instituciones<\/p>\n\n\n\n<p>El acto solemne concluy\u00f3 con la intervenci\u00f3n del Grupo de C\u00e1mara de OSG y fue el experimentado m\u00fasico y docente de la Escuela de Artes Sonoras de la UArtes, Eduardo Manzanilla, quien hizo la presentaci\u00f3n de rigor y anunci\u00f3 los tres temas que interpretaron: \u201cGuayaquil vive por ti\u201d, \u201cStrangers in the night\u201d y \u201cNew York, New York\u201d. &nbsp;<\/p>\n\n\n<div class=\"wp-block-image\">\n<figure class=\"aligncenter size-large\"><img loading=\"lazy\" decoding=\"async\" width=\"644\" height=\"429\" src=\"http:\/\/www.uartes.edu.ec\/sitio\/wp-content\/uploads\/2023\/01\/aniversario9-644x429.jpg\" alt=\"\" class=\"wp-image-36791\" srcset=\"https:\/\/www.uartes.edu.ec\/sitio\/wp-content\/uploads\/2023\/01\/aniversario9-644x429.jpg 644w, https:\/\/www.uartes.edu.ec\/sitio\/wp-content\/uploads\/2023\/01\/aniversario9-300x200.jpg 300w, https:\/\/www.uartes.edu.ec\/sitio\/wp-content\/uploads\/2023\/01\/aniversario9-768x512.jpg 768w, https:\/\/www.uartes.edu.ec\/sitio\/wp-content\/uploads\/2023\/01\/aniversario9-1536x1024.jpg 1536w, https:\/\/www.uartes.edu.ec\/sitio\/wp-content\/uploads\/2023\/01\/aniversario9-600x400.jpg 600w, https:\/\/www.uartes.edu.ec\/sitio\/wp-content\/uploads\/2023\/01\/aniversario9-400x267.jpg 400w, https:\/\/www.uartes.edu.ec\/sitio\/wp-content\/uploads\/2023\/01\/aniversario9-272x182.jpg 272w, https:\/\/www.uartes.edu.ec\/sitio\/wp-content\/uploads\/2023\/01\/aniversario9.jpg 2000w\" sizes=\"(max-width: 644px) 100vw, 644px\" \/><\/figure>\n<\/div>","protected":false},"excerpt":{"rendered":"<p>El acto que se cumpli\u00f3 este 19 de enero por los 4 a\u00f1os de la Biblioteca de las Artes fue de celebraci\u00f3n, pero tambi\u00e9n de agradecimiento a quienes con su trabajo y compromiso permiten que el espacio pueda coexistir; de encuentro con la comunidad, los colectivos e instituciones con los que impulsa actividades; y, de concretar v\u00ednculos, como la firma del convenio con la Orquesta Sinf\u00f3nica de Guayaquil.<\/p>","protected":false},"author":10,"featured_media":36783,"comment_status":"open","ping_status":"open","sticky":false,"template":"","format":"standard","meta":{"_acf_changed":false,"_uag_custom_page_level_css":"","_monsterinsights_skip_tracking":false,"_monsterinsights_sitenote_active":false,"_monsterinsights_sitenote_note":"","_monsterinsights_sitenote_category":0,"cybocfi_hide_featured_image":"","footnotes":""},"categories":[712,80,438,490,82,75,76,77,83,85,79],"tags":[872],"infouartes":[],"class_list":["post-36782","post","type-post","status-publish","format-standard","has-post-thumbnail","hentry","category-1a","category-academico","category-administrativos","category-alumni","category-artes","category-docentes","category-estudiantes","category-gestion","category-sedes","category-servicios","category-vinculo","tag-aniversario"],"acf":[],"yoast_head":"<!-- This site is optimized with the Yoast SEO plugin v27.4 - https:\/\/yoast.com\/product\/yoast-seo-wordpress\/ -->\n<title>Universidad de las Artes - Con emoci\u00f3n, palabras de gratitud y m\u00fasica se celebraron en acto solemne los 4 a\u00f1os de la Biblioteca de las Artes<\/title>\n<meta name=\"description\" content=\"Universidad de las Artes - Con emoci\u00f3n, palabras de gratitud y m\u00fasica se celebraron en acto solemne los 4 a\u00f1os de la Biblioteca de las Artes\" \/>\n<meta name=\"robots\" content=\"index, follow, max-snippet:-1, max-image-preview:large, max-video-preview:-1\" \/>\n<link rel=\"canonical\" href=\"https:\/\/www.uartes.edu.ec\/sitio\/fr\/blog\/2023\/01\/20\/con-emocion-agradecimiento-y-musica-se-celebraron-en-acto-solemne-los-4-anos-de-la-biblioteca-de-las-artes\/\" \/>\n<meta property=\"og:locale\" content=\"fr_FR\" \/>\n<meta property=\"og:type\" content=\"article\" \/>\n<meta property=\"og:title\" content=\"Universidad de las Artes - Con emoci\u00f3n, palabras de gratitud y m\u00fasica se celebraron en acto solemne los 4 a\u00f1os de la Biblioteca de las Artes\" \/>\n<meta property=\"og:description\" content=\"Universidad de las Artes - Con emoci\u00f3n, palabras de gratitud y m\u00fasica se celebraron en acto solemne los 4 a\u00f1os de la Biblioteca de las Artes\" \/>\n<meta property=\"og:url\" content=\"https:\/\/www.uartes.edu.ec\/sitio\/fr\/blog\/2023\/01\/20\/con-emocion-agradecimiento-y-musica-se-celebraron-en-acto-solemne-los-4-anos-de-la-biblioteca-de-las-artes\/\" \/>\n<meta property=\"og:site_name\" content=\"Universidad de las Artes\" \/>\n<meta property=\"article:publisher\" content=\"https:\/\/www.facebook.com\/uartesec\" \/>\n<meta property=\"article:published_time\" content=\"2023-01-20T23:34:58+00:00\" \/>\n<meta property=\"article:modified_time\" content=\"2024-07-04T16:21:43+00:00\" \/>\n<meta property=\"og:image\" content=\"https:\/\/www.uartes.edu.ec\/sitio\/wp-content\/uploads\/2023\/01\/aniversario1.jpg\" \/>\n\t<meta property=\"og:image:width\" content=\"2000\" \/>\n\t<meta property=\"og:image:height\" content=\"1333\" \/>\n\t<meta property=\"og:image:type\" content=\"image\/jpeg\" \/>\n<meta name=\"author\" content=\"ccortez\" \/>\n<meta name=\"twitter:card\" content=\"summary_large_image\" \/>\n<meta name=\"twitter:creator\" content=\"@uartesec\" \/>\n<meta name=\"twitter:site\" content=\"@uartesec\" \/>\n<meta name=\"twitter:label1\" content=\"\u00c9crit par\" \/>\n\t<meta name=\"twitter:data1\" content=\"ccortez\" \/>\n\t<meta name=\"twitter:label2\" content=\"Dur\u00e9e de lecture estim\u00e9e\" \/>\n\t<meta name=\"twitter:data2\" content=\"8 minutes\" \/>\n<script type=\"application\/ld+json\" class=\"yoast-schema-graph\">{\"@context\":\"https:\\\/\\\/schema.org\",\"@graph\":[{\"@type\":\"Article\",\"@id\":\"https:\\\/\\\/www.uartes.edu.ec\\\/sitio\\\/fr\\\/blog\\\/2023\\\/01\\\/20\\\/con-emocion-agradecimiento-y-musica-se-celebraron-en-acto-solemne-los-4-anos-de-la-biblioteca-de-las-artes\\\/#article\",\"isPartOf\":{\"@id\":\"https:\\\/\\\/www.uartes.edu.ec\\\/sitio\\\/fr\\\/blog\\\/2023\\\/01\\\/20\\\/con-emocion-agradecimiento-y-musica-se-celebraron-en-acto-solemne-los-4-anos-de-la-biblioteca-de-las-artes\\\/\"},\"author\":{\"name\":\"ccortez\",\"@id\":\"https:\\\/\\\/www.uartes.edu.ec\\\/sitio\\\/fr\\\/#\\\/schema\\\/person\\\/efa1b8275797664fd7f13a79ccc0b1f4\"},\"headline\":\"Con emoci\u00f3n, palabras de gratitud y m\u00fasica se celebraron en acto solemne los 4 a\u00f1os de la Biblioteca de las Artes\",\"datePublished\":\"2023-01-20T23:34:58+00:00\",\"dateModified\":\"2024-07-04T16:21:43+00:00\",\"mainEntityOfPage\":{\"@id\":\"https:\\\/\\\/www.uartes.edu.ec\\\/sitio\\\/fr\\\/blog\\\/2023\\\/01\\\/20\\\/con-emocion-agradecimiento-y-musica-se-celebraron-en-acto-solemne-los-4-anos-de-la-biblioteca-de-las-artes\\\/\"},\"wordCount\":1475,\"commentCount\":0,\"publisher\":{\"@id\":\"https:\\\/\\\/www.uartes.edu.ec\\\/sitio\\\/fr\\\/#organization\"},\"image\":{\"@id\":\"https:\\\/\\\/www.uartes.edu.ec\\\/sitio\\\/fr\\\/blog\\\/2023\\\/01\\\/20\\\/con-emocion-agradecimiento-y-musica-se-celebraron-en-acto-solemne-los-4-anos-de-la-biblioteca-de-las-artes\\\/#primaryimage\"},\"thumbnailUrl\":\"https:\\\/\\\/www.uartes.edu.ec\\\/sitio\\\/wp-content\\\/uploads\\\/2023\\\/01\\\/aniversario1.jpg\",\"keywords\":[\"aniversario\"],\"articleSection\":[\"1A\",\"Acad\u00e9mico\",\"Administrativos\",\"Alumni\",\"Artes\",\"Docentes\",\"Estudiantes\",\"Gesti\u00f3n\",\"Sedes\",\"Servicios\",\"V\u00ednculo\"],\"inLanguage\":\"fr-FR\",\"potentialAction\":[{\"@type\":\"CommentAction\",\"name\":\"Comment\",\"target\":[\"https:\\\/\\\/www.uartes.edu.ec\\\/sitio\\\/fr\\\/blog\\\/2023\\\/01\\\/20\\\/con-emocion-agradecimiento-y-musica-se-celebraron-en-acto-solemne-los-4-anos-de-la-biblioteca-de-las-artes\\\/#respond\"]}]},{\"@type\":[\"WebPage\",\"ItemPage\"],\"@id\":\"https:\\\/\\\/www.uartes.edu.ec\\\/sitio\\\/fr\\\/blog\\\/2023\\\/01\\\/20\\\/con-emocion-agradecimiento-y-musica-se-celebraron-en-acto-solemne-los-4-anos-de-la-biblioteca-de-las-artes\\\/\",\"url\":\"https:\\\/\\\/www.uartes.edu.ec\\\/sitio\\\/fr\\\/blog\\\/2023\\\/01\\\/20\\\/con-emocion-agradecimiento-y-musica-se-celebraron-en-acto-solemne-los-4-anos-de-la-biblioteca-de-las-artes\\\/\",\"name\":\"Universidad de las Artes - Con emoci\u00f3n, palabras de gratitud y m\u00fasica se celebraron en acto solemne los 4 a\u00f1os de la Biblioteca de las Artes\",\"isPartOf\":{\"@id\":\"https:\\\/\\\/www.uartes.edu.ec\\\/sitio\\\/fr\\\/#website\"},\"primaryImageOfPage\":{\"@id\":\"https:\\\/\\\/www.uartes.edu.ec\\\/sitio\\\/fr\\\/blog\\\/2023\\\/01\\\/20\\\/con-emocion-agradecimiento-y-musica-se-celebraron-en-acto-solemne-los-4-anos-de-la-biblioteca-de-las-artes\\\/#primaryimage\"},\"image\":{\"@id\":\"https:\\\/\\\/www.uartes.edu.ec\\\/sitio\\\/fr\\\/blog\\\/2023\\\/01\\\/20\\\/con-emocion-agradecimiento-y-musica-se-celebraron-en-acto-solemne-los-4-anos-de-la-biblioteca-de-las-artes\\\/#primaryimage\"},\"thumbnailUrl\":\"https:\\\/\\\/www.uartes.edu.ec\\\/sitio\\\/wp-content\\\/uploads\\\/2023\\\/01\\\/aniversario1.jpg\",\"datePublished\":\"2023-01-20T23:34:58+00:00\",\"dateModified\":\"2024-07-04T16:21:43+00:00\",\"description\":\"Universidad de las Artes - Con emoci\u00f3n, palabras de gratitud y m\u00fasica se celebraron en acto solemne los 4 a\u00f1os de la Biblioteca de las Artes\",\"breadcrumb\":{\"@id\":\"https:\\\/\\\/www.uartes.edu.ec\\\/sitio\\\/fr\\\/blog\\\/2023\\\/01\\\/20\\\/con-emocion-agradecimiento-y-musica-se-celebraron-en-acto-solemne-los-4-anos-de-la-biblioteca-de-las-artes\\\/#breadcrumb\"},\"inLanguage\":\"fr-FR\",\"potentialAction\":[{\"@type\":\"ReadAction\",\"target\":[\"https:\\\/\\\/www.uartes.edu.ec\\\/sitio\\\/fr\\\/blog\\\/2023\\\/01\\\/20\\\/con-emocion-agradecimiento-y-musica-se-celebraron-en-acto-solemne-los-4-anos-de-la-biblioteca-de-las-artes\\\/\"]}]},{\"@type\":\"ImageObject\",\"inLanguage\":\"fr-FR\",\"@id\":\"https:\\\/\\\/www.uartes.edu.ec\\\/sitio\\\/fr\\\/blog\\\/2023\\\/01\\\/20\\\/con-emocion-agradecimiento-y-musica-se-celebraron-en-acto-solemne-los-4-anos-de-la-biblioteca-de-las-artes\\\/#primaryimage\",\"url\":\"https:\\\/\\\/www.uartes.edu.ec\\\/sitio\\\/wp-content\\\/uploads\\\/2023\\\/01\\\/aniversario1.jpg\",\"contentUrl\":\"https:\\\/\\\/www.uartes.edu.ec\\\/sitio\\\/wp-content\\\/uploads\\\/2023\\\/01\\\/aniversario1.jpg\",\"width\":2000,\"height\":1333},{\"@type\":\"BreadcrumbList\",\"@id\":\"https:\\\/\\\/www.uartes.edu.ec\\\/sitio\\\/fr\\\/blog\\\/2023\\\/01\\\/20\\\/con-emocion-agradecimiento-y-musica-se-celebraron-en-acto-solemne-los-4-anos-de-la-biblioteca-de-las-artes\\\/#breadcrumb\",\"itemListElement\":[{\"@type\":\"ListItem\",\"position\":1,\"name\":\"Inicio\",\"item\":\"https:\\\/\\\/www.uartes.edu.ec\\\/sitio\\\/\"},{\"@type\":\"ListItem\",\"position\":2,\"name\":\"Con emoci\u00f3n, palabras de gratitud y m\u00fasica se celebraron en acto solemne los 4 a\u00f1os de la Biblioteca de las Artes\"}]},{\"@type\":\"WebSite\",\"@id\":\"https:\\\/\\\/www.uartes.edu.ec\\\/sitio\\\/fr\\\/#website\",\"url\":\"https:\\\/\\\/www.uartes.edu.ec\\\/sitio\\\/fr\\\/\",\"name\":\"Universidad de las Artes\",\"description\":\"Sitio oficial de la Universidad Nacional de las Artes del Ecuador\",\"publisher\":{\"@id\":\"https:\\\/\\\/www.uartes.edu.ec\\\/sitio\\\/fr\\\/#organization\"},\"potentialAction\":[{\"@type\":\"SearchAction\",\"target\":{\"@type\":\"EntryPoint\",\"urlTemplate\":\"https:\\\/\\\/www.uartes.edu.ec\\\/sitio\\\/fr\\\/?s={search_term_string}\"},\"query-input\":{\"@type\":\"PropertyValueSpecification\",\"valueRequired\":true,\"valueName\":\"search_term_string\"}}],\"inLanguage\":\"fr-FR\"},{\"@type\":\"Organization\",\"@id\":\"https:\\\/\\\/www.uartes.edu.ec\\\/sitio\\\/fr\\\/#organization\",\"name\":\"Universidad de las Artes\",\"url\":\"https:\\\/\\\/www.uartes.edu.ec\\\/sitio\\\/fr\\\/\",\"logo\":{\"@type\":\"ImageObject\",\"inLanguage\":\"fr-FR\",\"@id\":\"https:\\\/\\\/www.uartes.edu.ec\\\/sitio\\\/fr\\\/#\\\/schema\\\/logo\\\/image\\\/\",\"url\":\"https:\\\/\\\/www.uartes.edu.ec\\\/sitio\\\/wp-content\\\/uploads\\\/2022\\\/07\\\/logo-ua-horizontal.png\",\"contentUrl\":\"https:\\\/\\\/www.uartes.edu.ec\\\/sitio\\\/wp-content\\\/uploads\\\/2022\\\/07\\\/logo-ua-horizontal.png\",\"width\":800,\"height\":276,\"caption\":\"Universidad de las Artes\"},\"image\":{\"@id\":\"https:\\\/\\\/www.uartes.edu.ec\\\/sitio\\\/fr\\\/#\\\/schema\\\/logo\\\/image\\\/\"},\"sameAs\":[\"https:\\\/\\\/www.facebook.com\\\/uartesec\",\"https:\\\/\\\/x.com\\\/uartesec\",\"https:\\\/\\\/www.tiktok.com\\\/@uartesec\"]},{\"@type\":\"Person\",\"@id\":\"https:\\\/\\\/www.uartes.edu.ec\\\/sitio\\\/fr\\\/#\\\/schema\\\/person\\\/efa1b8275797664fd7f13a79ccc0b1f4\",\"name\":\"ccortez\",\"image\":{\"@type\":\"ImageObject\",\"inLanguage\":\"fr-FR\",\"@id\":\"https:\\\/\\\/secure.gravatar.com\\\/avatar\\\/b2a6f664a3ae8e074346ef91775736c5ec479e637ecced6842de9dc98b5da9cd?s=96&d=mm&r=g\",\"url\":\"https:\\\/\\\/secure.gravatar.com\\\/avatar\\\/b2a6f664a3ae8e074346ef91775736c5ec479e637ecced6842de9dc98b5da9cd?s=96&d=mm&r=g\",\"contentUrl\":\"https:\\\/\\\/secure.gravatar.com\\\/avatar\\\/b2a6f664a3ae8e074346ef91775736c5ec479e637ecced6842de9dc98b5da9cd?s=96&d=mm&r=g\",\"caption\":\"ccortez\"},\"url\":\"https:\\\/\\\/www.uartes.edu.ec\\\/sitio\\\/fr\\\/blog\\\/author\\\/ccortez\\\/\"}]}<\/script>\n<!-- \/ Yoast SEO plugin. -->","yoast_head_json":{"title":"Universidad de las Artes - Con emoci\u00f3n, palabras de gratitud y m\u00fasica se celebraron en acto solemne los 4 a\u00f1os de la Biblioteca de las Artes","description":"Universidad de las Artes - Con emoci\u00f3n, palabras de gratitud y m\u00fasica se celebraron en acto solemne los 4 a\u00f1os de la Biblioteca de las Artes","robots":{"index":"index","follow":"follow","max-snippet":"max-snippet:-1","max-image-preview":"max-image-preview:large","max-video-preview":"max-video-preview:-1"},"canonical":"https:\/\/www.uartes.edu.ec\/sitio\/fr\/blog\/2023\/01\/20\/con-emocion-agradecimiento-y-musica-se-celebraron-en-acto-solemne-los-4-anos-de-la-biblioteca-de-las-artes\/","og_locale":"fr_FR","og_type":"article","og_title":"Universidad de las Artes - Con emoci\u00f3n, palabras de gratitud y m\u00fasica se celebraron en acto solemne los 4 a\u00f1os de la Biblioteca de las Artes","og_description":"Universidad de las Artes - Con emoci\u00f3n, palabras de gratitud y m\u00fasica se celebraron en acto solemne los 4 a\u00f1os de la Biblioteca de las Artes","og_url":"https:\/\/www.uartes.edu.ec\/sitio\/fr\/blog\/2023\/01\/20\/con-emocion-agradecimiento-y-musica-se-celebraron-en-acto-solemne-los-4-anos-de-la-biblioteca-de-las-artes\/","og_site_name":"Universidad de las Artes","article_publisher":"https:\/\/www.facebook.com\/uartesec","article_published_time":"2023-01-20T23:34:58+00:00","article_modified_time":"2024-07-04T16:21:43+00:00","og_image":[{"width":2000,"height":1333,"url":"https:\/\/www.uartes.edu.ec\/sitio\/wp-content\/uploads\/2023\/01\/aniversario1.jpg","type":"image\/jpeg"}],"author":"ccortez","twitter_card":"summary_large_image","twitter_creator":"@uartesec","twitter_site":"@uartesec","twitter_misc":{"\u00c9crit par":"ccortez","Dur\u00e9e de lecture estim\u00e9e":"8 minutes"},"schema":{"@context":"https:\/\/schema.org","@graph":[{"@type":"Article","@id":"https:\/\/www.uartes.edu.ec\/sitio\/fr\/blog\/2023\/01\/20\/con-emocion-agradecimiento-y-musica-se-celebraron-en-acto-solemne-los-4-anos-de-la-biblioteca-de-las-artes\/#article","isPartOf":{"@id":"https:\/\/www.uartes.edu.ec\/sitio\/fr\/blog\/2023\/01\/20\/con-emocion-agradecimiento-y-musica-se-celebraron-en-acto-solemne-los-4-anos-de-la-biblioteca-de-las-artes\/"},"author":{"name":"ccortez","@id":"https:\/\/www.uartes.edu.ec\/sitio\/fr\/#\/schema\/person\/efa1b8275797664fd7f13a79ccc0b1f4"},"headline":"Con emoci\u00f3n, palabras de gratitud y m\u00fasica se celebraron en acto solemne los 4 a\u00f1os de la Biblioteca de las Artes","datePublished":"2023-01-20T23:34:58+00:00","dateModified":"2024-07-04T16:21:43+00:00","mainEntityOfPage":{"@id":"https:\/\/www.uartes.edu.ec\/sitio\/fr\/blog\/2023\/01\/20\/con-emocion-agradecimiento-y-musica-se-celebraron-en-acto-solemne-los-4-anos-de-la-biblioteca-de-las-artes\/"},"wordCount":1475,"commentCount":0,"publisher":{"@id":"https:\/\/www.uartes.edu.ec\/sitio\/fr\/#organization"},"image":{"@id":"https:\/\/www.uartes.edu.ec\/sitio\/fr\/blog\/2023\/01\/20\/con-emocion-agradecimiento-y-musica-se-celebraron-en-acto-solemne-los-4-anos-de-la-biblioteca-de-las-artes\/#primaryimage"},"thumbnailUrl":"https:\/\/www.uartes.edu.ec\/sitio\/wp-content\/uploads\/2023\/01\/aniversario1.jpg","keywords":["aniversario"],"articleSection":["1A","Acad\u00e9mico","Administrativos","Alumni","Artes","Docentes","Estudiantes","Gesti\u00f3n","Sedes","Servicios","V\u00ednculo"],"inLanguage":"fr-FR","potentialAction":[{"@type":"CommentAction","name":"Comment","target":["https:\/\/www.uartes.edu.ec\/sitio\/fr\/blog\/2023\/01\/20\/con-emocion-agradecimiento-y-musica-se-celebraron-en-acto-solemne-los-4-anos-de-la-biblioteca-de-las-artes\/#respond"]}]},{"@type":["WebPage","ItemPage"],"@id":"https:\/\/www.uartes.edu.ec\/sitio\/fr\/blog\/2023\/01\/20\/con-emocion-agradecimiento-y-musica-se-celebraron-en-acto-solemne-los-4-anos-de-la-biblioteca-de-las-artes\/","url":"https:\/\/www.uartes.edu.ec\/sitio\/fr\/blog\/2023\/01\/20\/con-emocion-agradecimiento-y-musica-se-celebraron-en-acto-solemne-los-4-anos-de-la-biblioteca-de-las-artes\/","name":"Universidad de las Artes - Con emoci\u00f3n, palabras de gratitud y m\u00fasica se celebraron en acto solemne los 4 a\u00f1os de la Biblioteca de las Artes","isPartOf":{"@id":"https:\/\/www.uartes.edu.ec\/sitio\/fr\/#website"},"primaryImageOfPage":{"@id":"https:\/\/www.uartes.edu.ec\/sitio\/fr\/blog\/2023\/01\/20\/con-emocion-agradecimiento-y-musica-se-celebraron-en-acto-solemne-los-4-anos-de-la-biblioteca-de-las-artes\/#primaryimage"},"image":{"@id":"https:\/\/www.uartes.edu.ec\/sitio\/fr\/blog\/2023\/01\/20\/con-emocion-agradecimiento-y-musica-se-celebraron-en-acto-solemne-los-4-anos-de-la-biblioteca-de-las-artes\/#primaryimage"},"thumbnailUrl":"https:\/\/www.uartes.edu.ec\/sitio\/wp-content\/uploads\/2023\/01\/aniversario1.jpg","datePublished":"2023-01-20T23:34:58+00:00","dateModified":"2024-07-04T16:21:43+00:00","description":"Universidad de las Artes - Con emoci\u00f3n, palabras de gratitud y m\u00fasica se celebraron en acto solemne los 4 a\u00f1os de la Biblioteca de las Artes","breadcrumb":{"@id":"https:\/\/www.uartes.edu.ec\/sitio\/fr\/blog\/2023\/01\/20\/con-emocion-agradecimiento-y-musica-se-celebraron-en-acto-solemne-los-4-anos-de-la-biblioteca-de-las-artes\/#breadcrumb"},"inLanguage":"fr-FR","potentialAction":[{"@type":"ReadAction","target":["https:\/\/www.uartes.edu.ec\/sitio\/fr\/blog\/2023\/01\/20\/con-emocion-agradecimiento-y-musica-se-celebraron-en-acto-solemne-los-4-anos-de-la-biblioteca-de-las-artes\/"]}]},{"@type":"ImageObject","inLanguage":"fr-FR","@id":"https:\/\/www.uartes.edu.ec\/sitio\/fr\/blog\/2023\/01\/20\/con-emocion-agradecimiento-y-musica-se-celebraron-en-acto-solemne-los-4-anos-de-la-biblioteca-de-las-artes\/#primaryimage","url":"https:\/\/www.uartes.edu.ec\/sitio\/wp-content\/uploads\/2023\/01\/aniversario1.jpg","contentUrl":"https:\/\/www.uartes.edu.ec\/sitio\/wp-content\/uploads\/2023\/01\/aniversario1.jpg","width":2000,"height":1333},{"@type":"BreadcrumbList","@id":"https:\/\/www.uartes.edu.ec\/sitio\/fr\/blog\/2023\/01\/20\/con-emocion-agradecimiento-y-musica-se-celebraron-en-acto-solemne-los-4-anos-de-la-biblioteca-de-las-artes\/#breadcrumb","itemListElement":[{"@type":"ListItem","position":1,"name":"Inicio","item":"https:\/\/www.uartes.edu.ec\/sitio\/"},{"@type":"ListItem","position":2,"name":"Con emoci\u00f3n, palabras de gratitud y m\u00fasica se celebraron en acto solemne los 4 a\u00f1os de la Biblioteca de las Artes"}]},{"@type":"WebSite","@id":"https:\/\/www.uartes.edu.ec\/sitio\/fr\/#website","url":"https:\/\/www.uartes.edu.ec\/sitio\/fr\/","name":"Universidad de las Artes","description":"Sitio oficial de la Universidad Nacional de las Artes del Ecuador","publisher":{"@id":"https:\/\/www.uartes.edu.ec\/sitio\/fr\/#organization"},"potentialAction":[{"@type":"SearchAction","target":{"@type":"EntryPoint","urlTemplate":"https:\/\/www.uartes.edu.ec\/sitio\/fr\/?s={search_term_string}"},"query-input":{"@type":"PropertyValueSpecification","valueRequired":true,"valueName":"search_term_string"}}],"inLanguage":"fr-FR"},{"@type":"Organization","@id":"https:\/\/www.uartes.edu.ec\/sitio\/fr\/#organization","name":"Universidad de las Artes","url":"https:\/\/www.uartes.edu.ec\/sitio\/fr\/","logo":{"@type":"ImageObject","inLanguage":"fr-FR","@id":"https:\/\/www.uartes.edu.ec\/sitio\/fr\/#\/schema\/logo\/image\/","url":"https:\/\/www.uartes.edu.ec\/sitio\/wp-content\/uploads\/2022\/07\/logo-ua-horizontal.png","contentUrl":"https:\/\/www.uartes.edu.ec\/sitio\/wp-content\/uploads\/2022\/07\/logo-ua-horizontal.png","width":800,"height":276,"caption":"Universidad de las Artes"},"image":{"@id":"https:\/\/www.uartes.edu.ec\/sitio\/fr\/#\/schema\/logo\/image\/"},"sameAs":["https:\/\/www.facebook.com\/uartesec","https:\/\/x.com\/uartesec","https:\/\/www.tiktok.com\/@uartesec"]},{"@type":"Person","@id":"https:\/\/www.uartes.edu.ec\/sitio\/fr\/#\/schema\/person\/efa1b8275797664fd7f13a79ccc0b1f4","name":"ccortez","image":{"@type":"ImageObject","inLanguage":"fr-FR","@id":"https:\/\/secure.gravatar.com\/avatar\/b2a6f664a3ae8e074346ef91775736c5ec479e637ecced6842de9dc98b5da9cd?s=96&d=mm&r=g","url":"https:\/\/secure.gravatar.com\/avatar\/b2a6f664a3ae8e074346ef91775736c5ec479e637ecced6842de9dc98b5da9cd?s=96&d=mm&r=g","contentUrl":"https:\/\/secure.gravatar.com\/avatar\/b2a6f664a3ae8e074346ef91775736c5ec479e637ecced6842de9dc98b5da9cd?s=96&d=mm&r=g","caption":"ccortez"},"url":"https:\/\/www.uartes.edu.ec\/sitio\/fr\/blog\/author\/ccortez\/"}]}},"uagb_featured_image_src":{"full":["https:\/\/www.uartes.edu.ec\/sitio\/wp-content\/uploads\/2023\/01\/aniversario1.jpg",2000,1333,false],"thumbnail":["https:\/\/www.uartes.edu.ec\/sitio\/wp-content\/uploads\/2023\/01\/aniversario1-150x150.jpg",150,150,true],"medium":["https:\/\/www.uartes.edu.ec\/sitio\/wp-content\/uploads\/2023\/01\/aniversario1-300x200.jpg",300,200,true],"medium_large":["https:\/\/www.uartes.edu.ec\/sitio\/wp-content\/uploads\/2023\/01\/aniversario1-768x512.jpg",768,512,true],"large":["https:\/\/www.uartes.edu.ec\/sitio\/wp-content\/uploads\/2023\/01\/aniversario1-644x429.jpg",644,429,true],"1536x1536":["https:\/\/www.uartes.edu.ec\/sitio\/wp-content\/uploads\/2023\/01\/aniversario1-1536x1024.jpg",1536,1024,true],"2048x2048":["https:\/\/www.uartes.edu.ec\/sitio\/wp-content\/uploads\/2023\/01\/aniversario1.jpg",2000,1333,false],"trp-custom-language-flag":["https:\/\/www.uartes.edu.ec\/sitio\/wp-content\/uploads\/2023\/01\/aniversario1.jpg",18,12,false],"htmega_size_585x295":["https:\/\/www.uartes.edu.ec\/sitio\/wp-content\/uploads\/2023\/01\/aniversario1.jpg",443,295,false],"htmega_size_1170x536":["https:\/\/www.uartes.edu.ec\/sitio\/wp-content\/uploads\/2023\/01\/aniversario1.jpg",804,536,false],"htmega_size_396x360":["https:\/\/www.uartes.edu.ec\/sitio\/wp-content\/uploads\/2023\/01\/aniversario1.jpg",396,264,false],"gb-block-post-grid-landscape":["https:\/\/www.uartes.edu.ec\/sitio\/wp-content\/uploads\/2023\/01\/aniversario1-600x400.jpg",600,400,true],"gb-block-post-grid-square":["https:\/\/www.uartes.edu.ec\/sitio\/wp-content\/uploads\/2023\/01\/aniversario1-600x600.jpg",600,600,true],"university-hub-thumb":["https:\/\/www.uartes.edu.ec\/sitio\/wp-content\/uploads\/2023\/01\/aniversario1-400x267.jpg",400,267,true],"mailpoet_newsletter_max":["https:\/\/www.uartes.edu.ec\/sitio\/wp-content\/uploads\/2023\/01\/aniversario1.jpg",1320,880,false]},"uagb_author_info":{"display_name":"ccortez","author_link":"https:\/\/www.uartes.edu.ec\/sitio\/fr\/blog\/author\/ccortez\/"},"uagb_comment_info":0,"uagb_excerpt":"El acto que se cumpli\u00f3 este 19 de enero por los 4 a\u00f1os de la Biblioteca de las Artes fue de celebraci\u00f3n, pero tambi\u00e9n de agradecimiento a quienes con su trabajo y compromiso permiten que el espacio pueda coexistir; de encuentro con la comunidad, los colectivos e instituciones con los que impulsa actividades; y, de\u2026","featured_image_src":"https:\/\/www.uartes.edu.ec\/sitio\/wp-content\/uploads\/2023\/01\/aniversario1-600x400.jpg","featured_image_src_square":"https:\/\/www.uartes.edu.ec\/sitio\/wp-content\/uploads\/2023\/01\/aniversario1-600x600.jpg","author_info":{"display_name":"ccortez","author_link":"https:\/\/www.uartes.edu.ec\/sitio\/fr\/blog\/author\/ccortez\/"},"publishpress_future_workflow_manual_trigger":{"enabledWorkflows":[]},"distributor_meta":false,"distributor_terms":false,"distributor_media":false,"distributor_original_site_name":"Universidad de las Artes","distributor_original_site_url":"https:\/\/www.uartes.edu.ec\/sitio\/fr","push-errors":false,"_links":{"self":[{"href":"https:\/\/www.uartes.edu.ec\/sitio\/fr\/wp-json\/wp\/v2\/posts\/36782","targetHints":{"allow":["GET"]}}],"collection":[{"href":"https:\/\/www.uartes.edu.ec\/sitio\/fr\/wp-json\/wp\/v2\/posts"}],"about":[{"href":"https:\/\/www.uartes.edu.ec\/sitio\/fr\/wp-json\/wp\/v2\/types\/post"}],"author":[{"embeddable":true,"href":"https:\/\/www.uartes.edu.ec\/sitio\/fr\/wp-json\/wp\/v2\/users\/10"}],"replies":[{"embeddable":true,"href":"https:\/\/www.uartes.edu.ec\/sitio\/fr\/wp-json\/wp\/v2\/comments?post=36782"}],"version-history":[{"count":17,"href":"https:\/\/www.uartes.edu.ec\/sitio\/fr\/wp-json\/wp\/v2\/posts\/36782\/revisions"}],"predecessor-version":[{"id":37482,"href":"https:\/\/www.uartes.edu.ec\/sitio\/fr\/wp-json\/wp\/v2\/posts\/36782\/revisions\/37482"}],"wp:featuredmedia":[{"embeddable":true,"href":"https:\/\/www.uartes.edu.ec\/sitio\/fr\/wp-json\/wp\/v2\/media\/36783"}],"wp:attachment":[{"href":"https:\/\/www.uartes.edu.ec\/sitio\/fr\/wp-json\/wp\/v2\/media?parent=36782"}],"wp:term":[{"taxonomy":"category","embeddable":true,"href":"https:\/\/www.uartes.edu.ec\/sitio\/fr\/wp-json\/wp\/v2\/categories?post=36782"},{"taxonomy":"post_tag","embeddable":true,"href":"https:\/\/www.uartes.edu.ec\/sitio\/fr\/wp-json\/wp\/v2\/tags?post=36782"},{"taxonomy":"infouartes","embeddable":true,"href":"https:\/\/www.uartes.edu.ec\/sitio\/fr\/wp-json\/wp\/v2\/infouartes?post=36782"}],"curies":[{"name":"wp","href":"https:\/\/api.w.org\/{rel}","templated":true}]}}