{"id":36853,"date":"2023-01-19T18:34:00","date_gmt":"2023-01-19T23:34:00","guid":{"rendered":"http:\/\/www.uartes.edu.ec\/sitio\/?p=36853"},"modified":"2024-07-04T11:21:43","modified_gmt":"2024-07-04T16:21:43","slug":"educacion-continua-de-la-uartes-inicio-con-tres-cursos-su-nueva-etapa","status":"publish","type":"post","link":"https:\/\/www.uartes.edu.ec\/sitio\/fr\/blog\/2023\/01\/19\/educacion-continua-de-la-uartes-inicio-con-tres-cursos-su-nueva-etapa\/","title":{"rendered":"Educaci\u00f3n Continua de la UArtes inici\u00f3 con tres cursos su nueva etapa"},"content":{"rendered":"<p>Se inici\u00f3 el 16 de enero de 2023. El curso \u201cClown, autoconocimiento y juego\u201d que imparte el artista multidisplinario Carlos Quito Rodr\u00edguez es la primera de tres propuestas de la nueva etapa de Educaci\u00f3n Continua de la Universidad de las Artes, la cual permitir\u00e1 diversificar y ampliar su oferta. Las siguientes son \u201cProducci\u00f3n editorial: Libros impresos y digitales\u201d, con Carlos Reyes Ignatov, y \u201cProyectitis Aguda: Laboratorio de Gesti\u00f3n Cultural\u201d, con Daniela Fuentes Moncada.<\/p>\n\n\n\n<p>Gilda S\u00e1nchez, analista de Educaci\u00f3n Continua, manifest\u00f3 que en el marco de la Cooperaci\u00f3n Interinstitucional entre la UArtes y la Organizaci\u00f3n de Estados Iberoamericanos para la Educaci\u00f3n, la Ciencia y la Cultura (OEI) se realiz\u00f3 una convocatoria para la contrataci\u00f3n de artistas, docentes, investigadores y\/o actores culturales para diversificar la agenda de programaci\u00f3n mediante propuestas que favorezcan el perfeccionamiento profesional, la empleabilidad, el desarrollo personal y el di\u00e1logo de saberes.<\/p>\n\n\n\n<p>Esta convocatoria para la contrataci\u00f3n de profesionales externos es la que se inaugura con los tres cursos en menci\u00f3n, programados en este primer trimestre 2023 en modalidad virtual, presencial e h\u00edbrida. El de Clown, ya en marcha; \u201cProducci\u00f3n editorial: Libros impresos y digitales\u201d, del 23 de enero al 4 de abril, y \u201cProyectitis Aguda: Laboratorio de Gesti\u00f3n Cultural\u201d, del 30 de enero al 12 de febrero.<\/p>\n\n\n\n<h3 class=\"wp-block-heading\"><strong>Ampl\u00eda y diversifica la oferta<\/strong><\/h3>\n\n\n\n<p>Es una nueva etapa en que la oferta de Educaci\u00f3n Continua se ampl\u00eda y diversifica, reiter\u00f3 S\u00e1nchez y explic\u00f3 que anteriormente estaba un poco limitada a lo que los profesores y estudiantes pod\u00edan hacer en el marco de sus actividades de Vinculaci\u00f3n con la Sociedad o de sus labores de docencia.<\/p>\n\n\n\n<p>Los cursos de esta nueva etapa son autofinanciados, se\u00f1al\u00f3 la funcionaria UArtes, destacando que sus costos son asequibles porque el objetivo es promover una oferta autosustentable en el marco de la democratizaci\u00f3n del conocimiento.<\/p>\n\n\n\n<p>Son cursos de inversi\u00f3n que tiene su respectiva certificaci\u00f3n. \u201cComo somos una universidad, los certificados entran para carrera docente y hojas de vida, son aceptados por el Ministerio de Trabajo para postulaciones a ofertas laborales\u201d. A\u00f1adi\u00f3 que como universidad debemos estar relacionados con todo lo que nos sucede, con el entorno. \u201cTener la participaci\u00f3n de la comunidad externa, de profesionales, cada uno con experiencias diferentes en el \u00e1mbito de las artes era importante y por ello se lanz\u00f3 una convocatoria en 2022; un llamado a profesionales externos para que propusieran nuevos cursos, con nuevas formas de conocimiento que nos permitieran nutrir la oferta que tenemos\u201d.<\/p>\n\n\n\n<p>Para los cursos y talleres de este primer trimestre, S\u00e1nchez detall\u00f3 que se conform\u00f3 un comit\u00e9 de selecci\u00f3n que consider\u00f3 las necesidades de la colectividad e hizo las evaluaciones en base a criterios como pertinencia, experiencia del capacitador, necesidad de la oferta y su planteamiento. \u201cEn base a una r\u00fabrica de evaluaci\u00f3n, que fue publicada, se tom\u00f3 la decisi\u00f3n de acuerdo con los puntajes obtenidos en la aplicaci\u00f3n de la r\u00fabrica; cada uno emiti\u00f3 su criterio y en una media aritm\u00e9tica se obtuvo a los mayores puntuados, que son los ganadores de la convocatoria\u201d.<\/p>\n\n\n\n<h3 class=\"wp-block-heading\"><strong>Informaci\u00f3n en el sitio web <\/strong><\/h3>\n\n\n\n<p>En la web de Educaci\u00f3n Continua hay una amplia informaci\u00f3n acerca de los cursos del presente trimestre y de los que se han planificado desarrollar. Consta la informaci\u00f3n detallada de los cursos y de los docentes e instructores que los imparten. Tambi\u00e9n sus costos y forma de&nbsp;pago, que puede hacerse directamente desde la p\u00e1gina (si es con tarjeta de cr\u00e9dito, de d\u00e9bito, transferencias o dep\u00f3sitos).<\/p>\n\n\n\n<p>En una de las pesta\u00f1as del sitio est\u00e1 \u201cPostula tu curso\u201d, puesto que la comunidad puede enviar sus propuestas para en futuras convocatorias contar con una base de datos y seleccionar. Aunque la tem\u00e1tica es libre, lo que se proponga debe estar&nbsp;enmarcado en el \u00e1mbito de las artes y la gesti\u00f3n cultural.<\/p>\n\n\n\n<p>\u201cPara marzo estamos planificando los Talleres de Invierno, que ofrecer\u00e1n talleres de arte para ni\u00f1as, ni\u00f1os y adolescentes en esta temporada de vacaciones escolares\u201d, anot\u00f3 S\u00e1nchez y refiri\u00f3 que en la p\u00e1gina web de Educaci\u00f3n Continua est\u00e1n expuestas, asimismo, las propuestas a la comunidad de cursos y talleres gratuitos desarrollados por docentes y estudiantes UArtes en el marco de proyectos y programa de Vinculaci\u00f3n con la comunidad.<\/p>\n\n\n\n<p>La oferta disponible se actualizar\u00e1 constantemente en el sitio web de Educaci\u00f3n Continua:&nbsp;<a href=\"http:\/\/www.uartes.edu.ec\/continua\/uartes\/\" target=\"_blank\" rel=\"noreferrer noopener\">http:\/\/www.uartes.edu.ec\/continua\/uartes\/<\/a><\/p>","protected":false},"excerpt":{"rendered":"<p>Se inici\u00f3 el 16 de enero de 2023. El curso \u201cClown, autoconocimiento y juego\u201d que imparte el artista multidisplinario Carlos Quito Rodr\u00edguez es la primera de tres propuestas de la nueva etapa de Educaci\u00f3n Continua de la UArtes, la cual permitir\u00e1 diversificar y ampliar su oferta. Las siguientes son \u201cProducci\u00f3n editorial: Libros impresos y digitales\u201d, con Carlos Reyes Ignatov, y \u201cProyectitis Aguda: Laboratorio de Gesti\u00f3n Cultural\u201d, con Daniela Fuentes Moncada.<\/p>","protected":false},"author":10,"featured_media":36854,"comment_status":"open","ping_status":"open","sticky":false,"template":"","format":"standard","meta":{"_acf_changed":false,"_uag_custom_page_level_css":"","_monsterinsights_skip_tracking":false,"_monsterinsights_sitenote_active":false,"_monsterinsights_sitenote_note":"","_monsterinsights_sitenote_category":0,"cybocfi_hide_featured_image":"","footnotes":""},"categories":[714,80,82,79],"tags":[538],"infouartes":[],"class_list":["post-36853","post","type-post","status-publish","format-standard","has-post-thumbnail","hentry","category-2b","category-academico","category-artes","category-vinculo","tag-capacitacion"],"acf":[],"yoast_head":"<!-- This site is optimized with the Yoast SEO plugin v27.4 - https:\/\/yoast.com\/product\/yoast-seo-wordpress\/ -->\n<title>Universidad de las Artes - Educaci\u00f3n Continua de la UArtes inici\u00f3 con tres cursos su nueva etapa<\/title>\n<meta name=\"description\" content=\"Universidad de las Artes - Educaci\u00f3n Continua de la UArtes inici\u00f3 con tres cursos su nueva etapa\" \/>\n<meta name=\"robots\" content=\"index, follow, max-snippet:-1, max-image-preview:large, max-video-preview:-1\" \/>\n<link rel=\"canonical\" href=\"https:\/\/www.uartes.edu.ec\/sitio\/fr\/blog\/2023\/01\/19\/educacion-continua-de-la-uartes-inicio-con-tres-cursos-su-nueva-etapa\/\" \/>\n<meta property=\"og:locale\" content=\"fr_FR\" \/>\n<meta property=\"og:type\" content=\"article\" \/>\n<meta property=\"og:title\" content=\"Universidad de las Artes - Educaci\u00f3n Continua de la UArtes inici\u00f3 con tres cursos su nueva etapa\" \/>\n<meta property=\"og:description\" content=\"Universidad de las Artes - Educaci\u00f3n Continua de la UArtes inici\u00f3 con tres cursos su nueva etapa\" \/>\n<meta property=\"og:url\" content=\"https:\/\/www.uartes.edu.ec\/sitio\/fr\/blog\/2023\/01\/19\/educacion-continua-de-la-uartes-inicio-con-tres-cursos-su-nueva-etapa\/\" \/>\n<meta property=\"og:site_name\" content=\"Universidad de las Artes\" \/>\n<meta property=\"article:publisher\" content=\"https:\/\/www.facebook.com\/uartesec\" \/>\n<meta property=\"article:published_time\" content=\"2023-01-19T23:34:00+00:00\" \/>\n<meta property=\"article:modified_time\" content=\"2024-07-04T16:21:43+00:00\" \/>\n<meta property=\"og:image\" content=\"https:\/\/www.uartes.edu.ec\/sitio\/wp-content\/uploads\/2023\/01\/EDUACION-CONTINUA-web.jpg\" \/>\n\t<meta property=\"og:image:width\" content=\"2000\" \/>\n\t<meta property=\"og:image:height\" content=\"1333\" \/>\n\t<meta property=\"og:image:type\" content=\"image\/jpeg\" \/>\n<meta name=\"author\" content=\"ccortez\" \/>\n<meta name=\"twitter:card\" content=\"summary_large_image\" \/>\n<meta name=\"twitter:creator\" content=\"@uartesec\" \/>\n<meta name=\"twitter:site\" content=\"@uartesec\" \/>\n<meta name=\"twitter:label1\" content=\"\u00c9crit par\" \/>\n\t<meta name=\"twitter:data1\" content=\"ccortez\" \/>\n\t<meta name=\"twitter:label2\" content=\"Dur\u00e9e de lecture estim\u00e9e\" \/>\n\t<meta name=\"twitter:data2\" content=\"4 minutes\" \/>\n<script type=\"application\/ld+json\" class=\"yoast-schema-graph\">{\"@context\":\"https:\\\/\\\/schema.org\",\"@graph\":[{\"@type\":\"Article\",\"@id\":\"https:\\\/\\\/www.uartes.edu.ec\\\/sitio\\\/fr\\\/blog\\\/2023\\\/01\\\/19\\\/educacion-continua-de-la-uartes-inicio-con-tres-cursos-su-nueva-etapa\\\/#article\",\"isPartOf\":{\"@id\":\"https:\\\/\\\/www.uartes.edu.ec\\\/sitio\\\/fr\\\/blog\\\/2023\\\/01\\\/19\\\/educacion-continua-de-la-uartes-inicio-con-tres-cursos-su-nueva-etapa\\\/\"},\"author\":{\"name\":\"ccortez\",\"@id\":\"https:\\\/\\\/www.uartes.edu.ec\\\/sitio\\\/fr\\\/#\\\/schema\\\/person\\\/efa1b8275797664fd7f13a79ccc0b1f4\"},\"headline\":\"Educaci\u00f3n Continua de la UArtes inici\u00f3 con tres cursos su nueva etapa\",\"datePublished\":\"2023-01-19T23:34:00+00:00\",\"dateModified\":\"2024-07-04T16:21:43+00:00\",\"mainEntityOfPage\":{\"@id\":\"https:\\\/\\\/www.uartes.edu.ec\\\/sitio\\\/fr\\\/blog\\\/2023\\\/01\\\/19\\\/educacion-continua-de-la-uartes-inicio-con-tres-cursos-su-nueva-etapa\\\/\"},\"wordCount\":776,\"commentCount\":0,\"publisher\":{\"@id\":\"https:\\\/\\\/www.uartes.edu.ec\\\/sitio\\\/fr\\\/#organization\"},\"image\":{\"@id\":\"https:\\\/\\\/www.uartes.edu.ec\\\/sitio\\\/fr\\\/blog\\\/2023\\\/01\\\/19\\\/educacion-continua-de-la-uartes-inicio-con-tres-cursos-su-nueva-etapa\\\/#primaryimage\"},\"thumbnailUrl\":\"https:\\\/\\\/www.uartes.edu.ec\\\/sitio\\\/wp-content\\\/uploads\\\/2023\\\/01\\\/EDUACION-CONTINUA-web.jpg\",\"keywords\":[\"capacitaci\u00f3n\"],\"articleSection\":[\"2B\",\"Acad\u00e9mico\",\"Artes\",\"V\u00ednculo\"],\"inLanguage\":\"fr-FR\",\"potentialAction\":[{\"@type\":\"CommentAction\",\"name\":\"Comment\",\"target\":[\"https:\\\/\\\/www.uartes.edu.ec\\\/sitio\\\/fr\\\/blog\\\/2023\\\/01\\\/19\\\/educacion-continua-de-la-uartes-inicio-con-tres-cursos-su-nueva-etapa\\\/#respond\"]}]},{\"@type\":[\"WebPage\",\"ItemPage\"],\"@id\":\"https:\\\/\\\/www.uartes.edu.ec\\\/sitio\\\/fr\\\/blog\\\/2023\\\/01\\\/19\\\/educacion-continua-de-la-uartes-inicio-con-tres-cursos-su-nueva-etapa\\\/\",\"url\":\"https:\\\/\\\/www.uartes.edu.ec\\\/sitio\\\/fr\\\/blog\\\/2023\\\/01\\\/19\\\/educacion-continua-de-la-uartes-inicio-con-tres-cursos-su-nueva-etapa\\\/\",\"name\":\"Universidad de las Artes - Educaci\u00f3n Continua de la UArtes inici\u00f3 con tres cursos su nueva etapa\",\"isPartOf\":{\"@id\":\"https:\\\/\\\/www.uartes.edu.ec\\\/sitio\\\/fr\\\/#website\"},\"primaryImageOfPage\":{\"@id\":\"https:\\\/\\\/www.uartes.edu.ec\\\/sitio\\\/fr\\\/blog\\\/2023\\\/01\\\/19\\\/educacion-continua-de-la-uartes-inicio-con-tres-cursos-su-nueva-etapa\\\/#primaryimage\"},\"image\":{\"@id\":\"https:\\\/\\\/www.uartes.edu.ec\\\/sitio\\\/fr\\\/blog\\\/2023\\\/01\\\/19\\\/educacion-continua-de-la-uartes-inicio-con-tres-cursos-su-nueva-etapa\\\/#primaryimage\"},\"thumbnailUrl\":\"https:\\\/\\\/www.uartes.edu.ec\\\/sitio\\\/wp-content\\\/uploads\\\/2023\\\/01\\\/EDUACION-CONTINUA-web.jpg\",\"datePublished\":\"2023-01-19T23:34:00+00:00\",\"dateModified\":\"2024-07-04T16:21:43+00:00\",\"description\":\"Universidad de las Artes - Educaci\u00f3n Continua de la UArtes inici\u00f3 con tres cursos su nueva etapa\",\"breadcrumb\":{\"@id\":\"https:\\\/\\\/www.uartes.edu.ec\\\/sitio\\\/fr\\\/blog\\\/2023\\\/01\\\/19\\\/educacion-continua-de-la-uartes-inicio-con-tres-cursos-su-nueva-etapa\\\/#breadcrumb\"},\"inLanguage\":\"fr-FR\",\"potentialAction\":[{\"@type\":\"ReadAction\",\"target\":[\"https:\\\/\\\/www.uartes.edu.ec\\\/sitio\\\/fr\\\/blog\\\/2023\\\/01\\\/19\\\/educacion-continua-de-la-uartes-inicio-con-tres-cursos-su-nueva-etapa\\\/\"]}]},{\"@type\":\"ImageObject\",\"inLanguage\":\"fr-FR\",\"@id\":\"https:\\\/\\\/www.uartes.edu.ec\\\/sitio\\\/fr\\\/blog\\\/2023\\\/01\\\/19\\\/educacion-continua-de-la-uartes-inicio-con-tres-cursos-su-nueva-etapa\\\/#primaryimage\",\"url\":\"https:\\\/\\\/www.uartes.edu.ec\\\/sitio\\\/wp-content\\\/uploads\\\/2023\\\/01\\\/EDUACION-CONTINUA-web.jpg\",\"contentUrl\":\"https:\\\/\\\/www.uartes.edu.ec\\\/sitio\\\/wp-content\\\/uploads\\\/2023\\\/01\\\/EDUACION-CONTINUA-web.jpg\",\"width\":2000,\"height\":1333},{\"@type\":\"BreadcrumbList\",\"@id\":\"https:\\\/\\\/www.uartes.edu.ec\\\/sitio\\\/fr\\\/blog\\\/2023\\\/01\\\/19\\\/educacion-continua-de-la-uartes-inicio-con-tres-cursos-su-nueva-etapa\\\/#breadcrumb\",\"itemListElement\":[{\"@type\":\"ListItem\",\"position\":1,\"name\":\"Inicio\",\"item\":\"https:\\\/\\\/www.uartes.edu.ec\\\/sitio\\\/\"},{\"@type\":\"ListItem\",\"position\":2,\"name\":\"Educaci\u00f3n Continua de la UArtes inici\u00f3 con tres cursos su nueva etapa\"}]},{\"@type\":\"WebSite\",\"@id\":\"https:\\\/\\\/www.uartes.edu.ec\\\/sitio\\\/fr\\\/#website\",\"url\":\"https:\\\/\\\/www.uartes.edu.ec\\\/sitio\\\/fr\\\/\",\"name\":\"Universidad de las Artes\",\"description\":\"Sitio oficial de la Universidad Nacional de las Artes del Ecuador\",\"publisher\":{\"@id\":\"https:\\\/\\\/www.uartes.edu.ec\\\/sitio\\\/fr\\\/#organization\"},\"potentialAction\":[{\"@type\":\"SearchAction\",\"target\":{\"@type\":\"EntryPoint\",\"urlTemplate\":\"https:\\\/\\\/www.uartes.edu.ec\\\/sitio\\\/fr\\\/?s={search_term_string}\"},\"query-input\":{\"@type\":\"PropertyValueSpecification\",\"valueRequired\":true,\"valueName\":\"search_term_string\"}}],\"inLanguage\":\"fr-FR\"},{\"@type\":\"Organization\",\"@id\":\"https:\\\/\\\/www.uartes.edu.ec\\\/sitio\\\/fr\\\/#organization\",\"name\":\"Universidad de las Artes\",\"url\":\"https:\\\/\\\/www.uartes.edu.ec\\\/sitio\\\/fr\\\/\",\"logo\":{\"@type\":\"ImageObject\",\"inLanguage\":\"fr-FR\",\"@id\":\"https:\\\/\\\/www.uartes.edu.ec\\\/sitio\\\/fr\\\/#\\\/schema\\\/logo\\\/image\\\/\",\"url\":\"https:\\\/\\\/www.uartes.edu.ec\\\/sitio\\\/wp-content\\\/uploads\\\/2022\\\/07\\\/logo-ua-horizontal.png\",\"contentUrl\":\"https:\\\/\\\/www.uartes.edu.ec\\\/sitio\\\/wp-content\\\/uploads\\\/2022\\\/07\\\/logo-ua-horizontal.png\",\"width\":800,\"height\":276,\"caption\":\"Universidad de las Artes\"},\"image\":{\"@id\":\"https:\\\/\\\/www.uartes.edu.ec\\\/sitio\\\/fr\\\/#\\\/schema\\\/logo\\\/image\\\/\"},\"sameAs\":[\"https:\\\/\\\/www.facebook.com\\\/uartesec\",\"https:\\\/\\\/x.com\\\/uartesec\",\"https:\\\/\\\/www.tiktok.com\\\/@uartesec\"]},{\"@type\":\"Person\",\"@id\":\"https:\\\/\\\/www.uartes.edu.ec\\\/sitio\\\/fr\\\/#\\\/schema\\\/person\\\/efa1b8275797664fd7f13a79ccc0b1f4\",\"name\":\"ccortez\",\"image\":{\"@type\":\"ImageObject\",\"inLanguage\":\"fr-FR\",\"@id\":\"https:\\\/\\\/secure.gravatar.com\\\/avatar\\\/b2a6f664a3ae8e074346ef91775736c5ec479e637ecced6842de9dc98b5da9cd?s=96&d=mm&r=g\",\"url\":\"https:\\\/\\\/secure.gravatar.com\\\/avatar\\\/b2a6f664a3ae8e074346ef91775736c5ec479e637ecced6842de9dc98b5da9cd?s=96&d=mm&r=g\",\"contentUrl\":\"https:\\\/\\\/secure.gravatar.com\\\/avatar\\\/b2a6f664a3ae8e074346ef91775736c5ec479e637ecced6842de9dc98b5da9cd?s=96&d=mm&r=g\",\"caption\":\"ccortez\"},\"url\":\"https:\\\/\\\/www.uartes.edu.ec\\\/sitio\\\/fr\\\/blog\\\/author\\\/ccortez\\\/\"}]}<\/script>\n<!-- \/ Yoast SEO plugin. -->","yoast_head_json":{"title":"Universidad de las Artes - Educaci\u00f3n Continua de la UArtes inici\u00f3 con tres cursos su nueva etapa","description":"Universidad de las Artes - Educaci\u00f3n Continua de la UArtes inici\u00f3 con tres cursos su nueva etapa","robots":{"index":"index","follow":"follow","max-snippet":"max-snippet:-1","max-image-preview":"max-image-preview:large","max-video-preview":"max-video-preview:-1"},"canonical":"https:\/\/www.uartes.edu.ec\/sitio\/fr\/blog\/2023\/01\/19\/educacion-continua-de-la-uartes-inicio-con-tres-cursos-su-nueva-etapa\/","og_locale":"fr_FR","og_type":"article","og_title":"Universidad de las Artes - Educaci\u00f3n Continua de la UArtes inici\u00f3 con tres cursos su nueva etapa","og_description":"Universidad de las Artes - Educaci\u00f3n Continua de la UArtes inici\u00f3 con tres cursos su nueva etapa","og_url":"https:\/\/www.uartes.edu.ec\/sitio\/fr\/blog\/2023\/01\/19\/educacion-continua-de-la-uartes-inicio-con-tres-cursos-su-nueva-etapa\/","og_site_name":"Universidad de las Artes","article_publisher":"https:\/\/www.facebook.com\/uartesec","article_published_time":"2023-01-19T23:34:00+00:00","article_modified_time":"2024-07-04T16:21:43+00:00","og_image":[{"width":2000,"height":1333,"url":"https:\/\/www.uartes.edu.ec\/sitio\/wp-content\/uploads\/2023\/01\/EDUACION-CONTINUA-web.jpg","type":"image\/jpeg"}],"author":"ccortez","twitter_card":"summary_large_image","twitter_creator":"@uartesec","twitter_site":"@uartesec","twitter_misc":{"\u00c9crit par":"ccortez","Dur\u00e9e de lecture estim\u00e9e":"4 minutes"},"schema":{"@context":"https:\/\/schema.org","@graph":[{"@type":"Article","@id":"https:\/\/www.uartes.edu.ec\/sitio\/fr\/blog\/2023\/01\/19\/educacion-continua-de-la-uartes-inicio-con-tres-cursos-su-nueva-etapa\/#article","isPartOf":{"@id":"https:\/\/www.uartes.edu.ec\/sitio\/fr\/blog\/2023\/01\/19\/educacion-continua-de-la-uartes-inicio-con-tres-cursos-su-nueva-etapa\/"},"author":{"name":"ccortez","@id":"https:\/\/www.uartes.edu.ec\/sitio\/fr\/#\/schema\/person\/efa1b8275797664fd7f13a79ccc0b1f4"},"headline":"Educaci\u00f3n Continua de la UArtes inici\u00f3 con tres cursos su nueva etapa","datePublished":"2023-01-19T23:34:00+00:00","dateModified":"2024-07-04T16:21:43+00:00","mainEntityOfPage":{"@id":"https:\/\/www.uartes.edu.ec\/sitio\/fr\/blog\/2023\/01\/19\/educacion-continua-de-la-uartes-inicio-con-tres-cursos-su-nueva-etapa\/"},"wordCount":776,"commentCount":0,"publisher":{"@id":"https:\/\/www.uartes.edu.ec\/sitio\/fr\/#organization"},"image":{"@id":"https:\/\/www.uartes.edu.ec\/sitio\/fr\/blog\/2023\/01\/19\/educacion-continua-de-la-uartes-inicio-con-tres-cursos-su-nueva-etapa\/#primaryimage"},"thumbnailUrl":"https:\/\/www.uartes.edu.ec\/sitio\/wp-content\/uploads\/2023\/01\/EDUACION-CONTINUA-web.jpg","keywords":["capacitaci\u00f3n"],"articleSection":["2B","Acad\u00e9mico","Artes","V\u00ednculo"],"inLanguage":"fr-FR","potentialAction":[{"@type":"CommentAction","name":"Comment","target":["https:\/\/www.uartes.edu.ec\/sitio\/fr\/blog\/2023\/01\/19\/educacion-continua-de-la-uartes-inicio-con-tres-cursos-su-nueva-etapa\/#respond"]}]},{"@type":["WebPage","ItemPage"],"@id":"https:\/\/www.uartes.edu.ec\/sitio\/fr\/blog\/2023\/01\/19\/educacion-continua-de-la-uartes-inicio-con-tres-cursos-su-nueva-etapa\/","url":"https:\/\/www.uartes.edu.ec\/sitio\/fr\/blog\/2023\/01\/19\/educacion-continua-de-la-uartes-inicio-con-tres-cursos-su-nueva-etapa\/","name":"Universidad de las Artes - Educaci\u00f3n Continua de la UArtes inici\u00f3 con tres cursos su nueva etapa","isPartOf":{"@id":"https:\/\/www.uartes.edu.ec\/sitio\/fr\/#website"},"primaryImageOfPage":{"@id":"https:\/\/www.uartes.edu.ec\/sitio\/fr\/blog\/2023\/01\/19\/educacion-continua-de-la-uartes-inicio-con-tres-cursos-su-nueva-etapa\/#primaryimage"},"image":{"@id":"https:\/\/www.uartes.edu.ec\/sitio\/fr\/blog\/2023\/01\/19\/educacion-continua-de-la-uartes-inicio-con-tres-cursos-su-nueva-etapa\/#primaryimage"},"thumbnailUrl":"https:\/\/www.uartes.edu.ec\/sitio\/wp-content\/uploads\/2023\/01\/EDUACION-CONTINUA-web.jpg","datePublished":"2023-01-19T23:34:00+00:00","dateModified":"2024-07-04T16:21:43+00:00","description":"Universidad de las Artes - Educaci\u00f3n Continua de la UArtes inici\u00f3 con tres cursos su nueva etapa","breadcrumb":{"@id":"https:\/\/www.uartes.edu.ec\/sitio\/fr\/blog\/2023\/01\/19\/educacion-continua-de-la-uartes-inicio-con-tres-cursos-su-nueva-etapa\/#breadcrumb"},"inLanguage":"fr-FR","potentialAction":[{"@type":"ReadAction","target":["https:\/\/www.uartes.edu.ec\/sitio\/fr\/blog\/2023\/01\/19\/educacion-continua-de-la-uartes-inicio-con-tres-cursos-su-nueva-etapa\/"]}]},{"@type":"ImageObject","inLanguage":"fr-FR","@id":"https:\/\/www.uartes.edu.ec\/sitio\/fr\/blog\/2023\/01\/19\/educacion-continua-de-la-uartes-inicio-con-tres-cursos-su-nueva-etapa\/#primaryimage","url":"https:\/\/www.uartes.edu.ec\/sitio\/wp-content\/uploads\/2023\/01\/EDUACION-CONTINUA-web.jpg","contentUrl":"https:\/\/www.uartes.edu.ec\/sitio\/wp-content\/uploads\/2023\/01\/EDUACION-CONTINUA-web.jpg","width":2000,"height":1333},{"@type":"BreadcrumbList","@id":"https:\/\/www.uartes.edu.ec\/sitio\/fr\/blog\/2023\/01\/19\/educacion-continua-de-la-uartes-inicio-con-tres-cursos-su-nueva-etapa\/#breadcrumb","itemListElement":[{"@type":"ListItem","position":1,"name":"Inicio","item":"https:\/\/www.uartes.edu.ec\/sitio\/"},{"@type":"ListItem","position":2,"name":"Educaci\u00f3n Continua de la UArtes inici\u00f3 con tres cursos su nueva etapa"}]},{"@type":"WebSite","@id":"https:\/\/www.uartes.edu.ec\/sitio\/fr\/#website","url":"https:\/\/www.uartes.edu.ec\/sitio\/fr\/","name":"Universidad de las Artes","description":"Sitio oficial de la Universidad Nacional de las Artes del Ecuador","publisher":{"@id":"https:\/\/www.uartes.edu.ec\/sitio\/fr\/#organization"},"potentialAction":[{"@type":"SearchAction","target":{"@type":"EntryPoint","urlTemplate":"https:\/\/www.uartes.edu.ec\/sitio\/fr\/?s={search_term_string}"},"query-input":{"@type":"PropertyValueSpecification","valueRequired":true,"valueName":"search_term_string"}}],"inLanguage":"fr-FR"},{"@type":"Organization","@id":"https:\/\/www.uartes.edu.ec\/sitio\/fr\/#organization","name":"Universidad de las Artes","url":"https:\/\/www.uartes.edu.ec\/sitio\/fr\/","logo":{"@type":"ImageObject","inLanguage":"fr-FR","@id":"https:\/\/www.uartes.edu.ec\/sitio\/fr\/#\/schema\/logo\/image\/","url":"https:\/\/www.uartes.edu.ec\/sitio\/wp-content\/uploads\/2022\/07\/logo-ua-horizontal.png","contentUrl":"https:\/\/www.uartes.edu.ec\/sitio\/wp-content\/uploads\/2022\/07\/logo-ua-horizontal.png","width":800,"height":276,"caption":"Universidad de las Artes"},"image":{"@id":"https:\/\/www.uartes.edu.ec\/sitio\/fr\/#\/schema\/logo\/image\/"},"sameAs":["https:\/\/www.facebook.com\/uartesec","https:\/\/x.com\/uartesec","https:\/\/www.tiktok.com\/@uartesec"]},{"@type":"Person","@id":"https:\/\/www.uartes.edu.ec\/sitio\/fr\/#\/schema\/person\/efa1b8275797664fd7f13a79ccc0b1f4","name":"ccortez","image":{"@type":"ImageObject","inLanguage":"fr-FR","@id":"https:\/\/secure.gravatar.com\/avatar\/b2a6f664a3ae8e074346ef91775736c5ec479e637ecced6842de9dc98b5da9cd?s=96&d=mm&r=g","url":"https:\/\/secure.gravatar.com\/avatar\/b2a6f664a3ae8e074346ef91775736c5ec479e637ecced6842de9dc98b5da9cd?s=96&d=mm&r=g","contentUrl":"https:\/\/secure.gravatar.com\/avatar\/b2a6f664a3ae8e074346ef91775736c5ec479e637ecced6842de9dc98b5da9cd?s=96&d=mm&r=g","caption":"ccortez"},"url":"https:\/\/www.uartes.edu.ec\/sitio\/fr\/blog\/author\/ccortez\/"}]}},"uagb_featured_image_src":{"full":["https:\/\/www.uartes.edu.ec\/sitio\/wp-content\/uploads\/2023\/01\/EDUACION-CONTINUA-web.jpg",2000,1333,false],"thumbnail":["https:\/\/www.uartes.edu.ec\/sitio\/wp-content\/uploads\/2023\/01\/EDUACION-CONTINUA-web-150x150.jpg",150,150,true],"medium":["https:\/\/www.uartes.edu.ec\/sitio\/wp-content\/uploads\/2023\/01\/EDUACION-CONTINUA-web-300x200.jpg",300,200,true],"medium_large":["https:\/\/www.uartes.edu.ec\/sitio\/wp-content\/uploads\/2023\/01\/EDUACION-CONTINUA-web-768x512.jpg",768,512,true],"large":["https:\/\/www.uartes.edu.ec\/sitio\/wp-content\/uploads\/2023\/01\/EDUACION-CONTINUA-web-644x429.jpg",644,429,true],"1536x1536":["https:\/\/www.uartes.edu.ec\/sitio\/wp-content\/uploads\/2023\/01\/EDUACION-CONTINUA-web-1536x1024.jpg",1536,1024,true],"2048x2048":["https:\/\/www.uartes.edu.ec\/sitio\/wp-content\/uploads\/2023\/01\/EDUACION-CONTINUA-web.jpg",2000,1333,false],"trp-custom-language-flag":["https:\/\/www.uartes.edu.ec\/sitio\/wp-content\/uploads\/2023\/01\/EDUACION-CONTINUA-web.jpg",18,12,false],"htmega_size_585x295":["https:\/\/www.uartes.edu.ec\/sitio\/wp-content\/uploads\/2023\/01\/EDUACION-CONTINUA-web.jpg",443,295,false],"htmega_size_1170x536":["https:\/\/www.uartes.edu.ec\/sitio\/wp-content\/uploads\/2023\/01\/EDUACION-CONTINUA-web.jpg",804,536,false],"htmega_size_396x360":["https:\/\/www.uartes.edu.ec\/sitio\/wp-content\/uploads\/2023\/01\/EDUACION-CONTINUA-web.jpg",396,264,false],"gb-block-post-grid-landscape":["https:\/\/www.uartes.edu.ec\/sitio\/wp-content\/uploads\/2023\/01\/EDUACION-CONTINUA-web-600x400.jpg",600,400,true],"gb-block-post-grid-square":["https:\/\/www.uartes.edu.ec\/sitio\/wp-content\/uploads\/2023\/01\/EDUACION-CONTINUA-web-600x600.jpg",600,600,true],"university-hub-thumb":["https:\/\/www.uartes.edu.ec\/sitio\/wp-content\/uploads\/2023\/01\/EDUACION-CONTINUA-web-400x267.jpg",400,267,true]},"uagb_author_info":{"display_name":"ccortez","author_link":"https:\/\/www.uartes.edu.ec\/sitio\/fr\/blog\/author\/ccortez\/"},"uagb_comment_info":0,"uagb_excerpt":"Se inici\u00f3 el 16 de enero de 2023. El curso \u201cClown, autoconocimiento y juego\u201d que imparte el artista multidisplinario Carlos Quito Rodr\u00edguez es la primera de tres propuestas de la nueva etapa de Educaci\u00f3n Continua de la UArtes, la cual permitir\u00e1 diversificar y ampliar su oferta. Las siguientes son \u201cProducci\u00f3n editorial: Libros impresos y digitales\u201d,\u2026","featured_image_src":"https:\/\/www.uartes.edu.ec\/sitio\/wp-content\/uploads\/2023\/01\/EDUACION-CONTINUA-web-600x400.jpg","featured_image_src_square":"https:\/\/www.uartes.edu.ec\/sitio\/wp-content\/uploads\/2023\/01\/EDUACION-CONTINUA-web-600x600.jpg","author_info":{"display_name":"ccortez","author_link":"https:\/\/www.uartes.edu.ec\/sitio\/fr\/blog\/author\/ccortez\/"},"publishpress_future_workflow_manual_trigger":{"enabledWorkflows":[]},"distributor_meta":false,"distributor_terms":false,"distributor_media":false,"distributor_original_site_name":"Universidad de las Artes","distributor_original_site_url":"https:\/\/www.uartes.edu.ec\/sitio\/fr","push-errors":false,"_links":{"self":[{"href":"https:\/\/www.uartes.edu.ec\/sitio\/fr\/wp-json\/wp\/v2\/posts\/36853","targetHints":{"allow":["GET"]}}],"collection":[{"href":"https:\/\/www.uartes.edu.ec\/sitio\/fr\/wp-json\/wp\/v2\/posts"}],"about":[{"href":"https:\/\/www.uartes.edu.ec\/sitio\/fr\/wp-json\/wp\/v2\/types\/post"}],"author":[{"embeddable":true,"href":"https:\/\/www.uartes.edu.ec\/sitio\/fr\/wp-json\/wp\/v2\/users\/10"}],"replies":[{"embeddable":true,"href":"https:\/\/www.uartes.edu.ec\/sitio\/fr\/wp-json\/wp\/v2\/comments?post=36853"}],"version-history":[{"count":2,"href":"https:\/\/www.uartes.edu.ec\/sitio\/fr\/wp-json\/wp\/v2\/posts\/36853\/revisions"}],"predecessor-version":[{"id":36858,"href":"https:\/\/www.uartes.edu.ec\/sitio\/fr\/wp-json\/wp\/v2\/posts\/36853\/revisions\/36858"}],"wp:featuredmedia":[{"embeddable":true,"href":"https:\/\/www.uartes.edu.ec\/sitio\/fr\/wp-json\/wp\/v2\/media\/36854"}],"wp:attachment":[{"href":"https:\/\/www.uartes.edu.ec\/sitio\/fr\/wp-json\/wp\/v2\/media?parent=36853"}],"wp:term":[{"taxonomy":"category","embeddable":true,"href":"https:\/\/www.uartes.edu.ec\/sitio\/fr\/wp-json\/wp\/v2\/categories?post=36853"},{"taxonomy":"post_tag","embeddable":true,"href":"https:\/\/www.uartes.edu.ec\/sitio\/fr\/wp-json\/wp\/v2\/tags?post=36853"},{"taxonomy":"infouartes","embeddable":true,"href":"https:\/\/www.uartes.edu.ec\/sitio\/fr\/wp-json\/wp\/v2\/infouartes?post=36853"}],"curies":[{"name":"wp","href":"https:\/\/api.w.org\/{rel}","templated":true}]}}