{"id":37259,"date":"2023-01-20T18:40:00","date_gmt":"2023-01-20T23:40:00","guid":{"rendered":"http:\/\/www.uartes.edu.ec\/sitio\/?p=37259"},"modified":"2024-07-04T11:21:43","modified_gmt":"2024-07-04T16:21:43","slug":"videoarte-happenings-y-performances-en-muestra-colectiva-que-se-inaugurara-en-la-galeria-4ta-pared","status":"publish","type":"post","link":"https:\/\/www.uartes.edu.ec\/sitio\/fr\/blog\/2023\/01\/20\/videoarte-happenings-y-performances-en-muestra-colectiva-que-se-inaugurara-en-la-galeria-4ta-pared\/","title":{"rendered":"Videoarte, happenings, performances y otras acciones en muestra colectiva que se inaugurar\u00e1 en la 4ta Pared"},"content":{"rendered":"<p>La producci\u00f3n de videoarte, happenings, performances y otras acciones art\u00edsticas se ver\u00e1n en la muestra colectiva \u201cDos (o m\u00e1s) para una imagen: entre el gesto y lo relacional\u201d que se inaugurar\u00e1 el pr\u00f3ximo 3 de febrero en la Galer\u00eda 4ta. Pared de la Biblioteca de la Artes. Sus autores son estudiantes de sexto y s\u00e9ptimo semestre de la carrera de Artes Visuales, quienes, dentro de la asignatura Arte y Pensamiento Contempor\u00e1neo que dicta la MSc. Amalina Bomnin, han abordado diversos conceptos y teor\u00edas cr\u00edticas que desembocaron en las propuestas mencionadas.<\/p>\n\n\n\n<p>La docente es la curadora de la exposici\u00f3n en la que intervienen, entre otros, Alexandra S\u00e1nchez, Mar\u00eda Jos\u00e9 Hidalgo, Giuliana Idrovo, Cindy Cruz, Aithana Gloria, Pedro Guevara (<em>Pederrr<\/em>), Fernando Navarrete, Wellington Garc\u00eda, Milena Calle, Mar\u00eda Bel\u00e9n Calda, Carolina Aguirre, Erika Ontaneda, Nicole Olvera, Adri\u00e1n Pe\u00f1a, Jonathan Requene y Fernando Navarrete.<\/p>\n\n\n\n<p>Algunos de ellos comparten con InfoUArtes el contenido y los detalles de las obras con las que intervienen en la muestra.<\/p>\n\n\n\n<h3 class=\"wp-block-heading\"><strong>\u201cRojo siete nudos\u201d<\/strong><\/h3>\n\n\n\n<p>Giuliana Idrovo Reina, Mar\u00eda Jos\u00e9 Hidalgo, Cindy Cruz y Aithana Gloria trabajaron \u201cRojo siete nudos\u201d, un acto perform\u00e1tico con registro audiovisual que consiste en la elaboraci\u00f3n de diferentes amuletos por cada integrante, con una tem\u00e1tica diferente: desde la seguridad en el transporte p\u00fablico hasta la buena fortuna.<\/p>\n\n\n\n<p>As\u00ed lo explic\u00f3 Idrovo, quien de su experiencia como estudiante UArtes indica haber aprendido muchas cosas m\u00e1s all\u00e1 de los estudios acad\u00e9micos, \u201cdonde el aprendizaje y el desenvolvimiento en el mundo real es al final lo que te ayuda a conseguir mejores oportunidades de sobresalir en el mundo laboral\u201d. Anota que \u201cDos (o m\u00e1s) para una imagen: entre el gesto y lo relacional\u201d es la primera muestra en la que participa de manera oficial.<\/p>\n\n\n<div class=\"wp-block-image\">\n<figure class=\"aligncenter size-large\"><img fetchpriority=\"high\" decoding=\"async\" width=\"567\" height=\"387\" src=\"http:\/\/www.uartes.edu.ec\/sitio\/wp-content\/uploads\/2023\/01\/rojo1-567x387.jpg\" alt=\"\" class=\"wp-image-37321\" \/><\/figure>\n<\/div>\n\n\n<p>Mar\u00eda Jos\u00e9 Hidalgo, por su parte, explica que el proyecto lo concibieron para crear conciencia \u201csobre los peligros que vivimos las mujeres. El proceso fue primero preguntarnos qu\u00e9 tenemos en com\u00fan y sobre qu\u00e9 deber\u00edamos hablar, concluimos en que todas pasamos y sufrimos violencias machistas y sexistas a toda hora y lugar, de all\u00ed sali\u00f3 crear este tipo de amuleto protector\u201d.<\/p>\n\n\n\n<p>El tiempo de elaboraci\u00f3n fue variado porque cada una hizo el suyo, no hubo t\u00e9cnica porque fue happening performance, manifiesta Hidalgo, quien est\u00e1 en sexto semestre de Artes Visuales y confiesa no tener otras experiencias expositivas, pero s\u00ed, por ser cantante, en proyectos art\u00edsticos como \u201cLas mujeres cantan\u201d, que se realiz\u00f3 en Quito para visibilizar a las voces femeninas de Latinoam\u00e9rica.<\/p>\n\n\n\n<h3 class=\"wp-block-heading\"><strong>\u00abCont\u00e9monos\u00bb<\/strong><\/h3>\n\n\n\n<p>Pedro Guevara, cuyo seud\u00f3nimo es <em>Pederrr<\/em> y cursa el s\u00e9ptimo semestre de Artes Visuales, indica que de los temas abordados en la clase de Arte Contempor\u00e1neo identificaron la relevancia de lo relacional, los gestos y las actitudes en el arte. \u201cFormulamos una propuesta que convierta en part\u00edcipes a quienes antes fueron espectadores\u201d.<\/p>\n\n\n\n<p>La propuesta, en la que tambi\u00e9n intervienen Alexandra S\u00e1nchez y Cristina Santamar\u00eda, se titula \u00abCont\u00e9monos\u00bb. Es una obra instalativa conformada por un tabl\u00f3n de madera de 1,80cm de alto x 80cm de ancho y grosor de 4cm, con una base met\u00e1lica de 50cm. Previo a su ensamble se realizaron bocetos varios para aterrizar la abstracta imagen que en mente se ten\u00eda y que se la construy\u00f3 en Imbabura. Su traslado a Guayaquil fue lento y engorroso, pero victorioso, dice.<\/p>\n\n\n<div class=\"wp-block-image\">\n<figure class=\"aligncenter size-large\"><img decoding=\"async\" width=\"644\" height=\"429\" src=\"http:\/\/www.uartes.edu.ec\/sitio\/wp-content\/uploads\/2023\/01\/DOS-PARA-UNA-IMAGEN-03-644x429.jpg\" alt=\"\" class=\"wp-image-37323\" srcset=\"https:\/\/www.uartes.edu.ec\/sitio\/wp-content\/uploads\/2023\/01\/DOS-PARA-UNA-IMAGEN-03-644x429.jpg 644w, https:\/\/www.uartes.edu.ec\/sitio\/wp-content\/uploads\/2023\/01\/DOS-PARA-UNA-IMAGEN-03-768x511.jpg 768w, https:\/\/www.uartes.edu.ec\/sitio\/wp-content\/uploads\/2023\/01\/DOS-PARA-UNA-IMAGEN-03.jpg 2000w, https:\/\/www.uartes.edu.ec\/sitio\/wp-content\/uploads\/2023\/01\/DOS-PARA-UNA-IMAGEN-03-600x399.jpg 600w, https:\/\/www.uartes.edu.ec\/sitio\/wp-content\/uploads\/2023\/01\/DOS-PARA-UNA-IMAGEN-03-272x182.jpg 272w\" sizes=\"(max-width: 644px) 100vw, 644px\" \/><\/figure>\n<\/div>\n\n\n<p>La obra, entonces, surge a partir del reconocimiento de un bien com\u00fan que escasea la mayor parte del tiempo debido al acelerado movimiento rutinario, propio de nuestro tiempo: la conversa. \u201cLa din\u00e1mica se activa mediante un orificio de 2cm de di\u00e1metro en medio de esta pared falsa, a la altura de los ojos, ya que permite el traspaso del sonido, concretamente, y de nuestro inter\u00e9s: la voz, pues la obra sirve como veh\u00edculo activador del di\u00e1logo. Para ello, el objeto se coloca en el espacio transitado, a fin de servir como una brecha, perceptible, que irrumpa en la rutina de los individuos, invit\u00e1ndolos a actuar y compartir. Cabe mencionar que la propuesta cuenta con un peque\u00f1o letrero que indica una \u00fanica orden; cu\u00e9ntense algo\u201d, anota Guevara.<\/p>\n\n\n\n<h3 class=\"wp-block-heading\"><strong>\u201cResonancias\u201d<\/strong><\/h3>\n\n\n\n<p>Mar\u00eda Bel\u00e9n Calda y Carolina Aguirre participan con \u201cResonancias\u201d, una instalaci\u00f3n elaborada con una recopilaci\u00f3n de recursos audiovisuales y performance. El proyecto, explican sus autoras, consta de una producci\u00f3n instalativa en un lugar estrat\u00e9gico al aire libre, donde los espectadores, fuera y dentro del \u00e1mbito art\u00edstico, sean parte de ella con una peque\u00f1a actividad de esculpir con plastilina c\u00f3mo se sintieron o qu\u00e9 pensaron al escuchar \u201cpandemia del COVID-19\u201d.<\/p>\n\n\n\n<p>Las figuras que produzcan, sea algo figurativo o abstracto, ser\u00e1n parte de la recopilaci\u00f3n de evidencias en un video registro que Calda y Aguirre har\u00e1n, tanto en base a dichos trabajos como por quienes interact\u00faen con la obra. \u201cHaremos uso de medios de difusi\u00f3n como carteles\/pizarra que indiquen la actividad en proceso, contar\u00e1 con un equipamiento de mesas y sillas por si gustan sentarse, adem\u00e1s del equipo de grabaci\u00f3n. Las personas podr\u00e1n acercarse sin l\u00edmite alguno\u201d.<\/p>\n\n\n<div class=\"wp-block-image\">\n<figure class=\"aligncenter size-large\"><img decoding=\"async\" width=\"644\" height=\"429\" src=\"http:\/\/www.uartes.edu.ec\/sitio\/wp-content\/uploads\/2023\/01\/DOS-PARA-UNA-IMAGEN-04-644x429.jpg\" alt=\"\" class=\"wp-image-37324\" srcset=\"https:\/\/www.uartes.edu.ec\/sitio\/wp-content\/uploads\/2023\/01\/DOS-PARA-UNA-IMAGEN-04-644x429.jpg 644w, https:\/\/www.uartes.edu.ec\/sitio\/wp-content\/uploads\/2023\/01\/DOS-PARA-UNA-IMAGEN-04-768x511.jpg 768w, https:\/\/www.uartes.edu.ec\/sitio\/wp-content\/uploads\/2023\/01\/DOS-PARA-UNA-IMAGEN-04.jpg 2000w, https:\/\/www.uartes.edu.ec\/sitio\/wp-content\/uploads\/2023\/01\/DOS-PARA-UNA-IMAGEN-04-600x399.jpg 600w, https:\/\/www.uartes.edu.ec\/sitio\/wp-content\/uploads\/2023\/01\/DOS-PARA-UNA-IMAGEN-04-272x182.jpg 272w\" sizes=\"(max-width: 644px) 100vw, 644px\" \/><\/figure>\n<\/div>\n\n\n<h3 class=\"wp-block-heading\"><strong>\u201cEspacios Revelados\u201d<\/strong><\/h3>\n\n\n\n<p>Erika Ontaneda y Nicole Olvera participan con una obra h\u00edbrida de instalaci\u00f3n textil y taller l\u00fadico titulada \u201cEspacios Revelados\u201d, que contar\u00e1 de dos partes. La primera es un taller ofrecido en la Sala R\u00eda de la Biblioteca de las Artes, donde mediante diferentes actividades l\u00fadicas los profesores y los ni\u00f1os participantes de una escuela primaria invitada podr\u00e1n aprender m\u00e1s sobre el manejo de sus emociones y de c\u00f3mo canalizarlas de manera positiva para liberarse de sentimientos y preocupaciones que les generan estr\u00e9s cotidiano, permiti\u00e9ndoles aprender m\u00e1s sobre ellos mismos y sobre la importancia de soltar, Y prepar\u00e1ndolos emocionalmente para participar en la segunda parte de la obra.<\/p>\n\n\n\n<p>Esta segunda parte, anotan Ontaneda y Olvera, consiste en una instalaci\u00f3n art\u00edstica textil, que tendr\u00e1 forma de carpa teepee y pretender\u00e1 ser un refugio, pero tambi\u00e9n un lienzo en blanco, en donde los participantes podr\u00e1n liberarse mediante el ejercicio de la escritura, convirtiendo est\u00e1 carpa en un diario comunitario en el que puedan escribir sus preocupaciones de ese d\u00eda.<\/p>\n\n\n\n<h3 class=\"wp-block-heading\"><strong>\u201cCaja de los sue\u00f1os olvidados\u201d<\/strong><\/h3>\n\n\n\n<p>Welinton Garc\u00eda, Adri\u00e1n Pe\u00f1a, Jonathan Requene y Fernando Navarrete son los proponentes de \u201cCaja de los sue\u00f1os olvidados\u201d, una instalaci\u00f3n art\u00edstica elaborada como pieza escult\u00f3rica, video archivo y archivo interactivo. \u201cLa obra juega con los procesos de la memoria, de retomar un sue\u00f1o olvidado, truncado, frustrado o desechado, para traerlo de vuelta a la realidad, materializado en una figura inanimada. Se forma as\u00ed un v\u00ednculo de mutuo acuerdo, donde la persona que decide jugar se hace acreedora de la figura siempre y cuando deje a cambio un nombre para aquel ser que abandona la misteriosa estructura y nos cuente cu\u00e1l fue su sue\u00f1o olvidado\u201d.<\/p>\n\n\n\n<p>Como motivaci\u00f3n de este proyecto, Garc\u00eda, Pe\u00f1a, Requene y Navarreta se\u00f1alan \u201caquellos sue\u00f1os que no se logran concretar y en ese v\u00ednculo que se puede llegar a desarrollar por un objeto inanimado. El proyecto no es solamente un momento l\u00fadico donde las personas pueden por un instante salir de la rutina con algo totalmente aleatorio ocurriendo en su cotidianidad, sino que tambi\u00e9n es un espacio para poder entablar contacto con aquel pasado olvidado, ese sue\u00f1o perdido entre los vaivenes de la vida y de nuestras decisiones\u201d.<\/p>\n\n\n<div class=\"wp-block-image\">\n<figure class=\"aligncenter size-large\"><img loading=\"lazy\" decoding=\"async\" width=\"644\" height=\"429\" src=\"http:\/\/www.uartes.edu.ec\/sitio\/wp-content\/uploads\/2023\/01\/DOS-PARA-UNA-IMAGEN-01-644x429.jpg\" alt=\"\" class=\"wp-image-37325\" srcset=\"https:\/\/www.uartes.edu.ec\/sitio\/wp-content\/uploads\/2023\/01\/DOS-PARA-UNA-IMAGEN-01-644x429.jpg 644w, https:\/\/www.uartes.edu.ec\/sitio\/wp-content\/uploads\/2023\/01\/DOS-PARA-UNA-IMAGEN-01-768x511.jpg 768w, https:\/\/www.uartes.edu.ec\/sitio\/wp-content\/uploads\/2023\/01\/DOS-PARA-UNA-IMAGEN-01.jpg 2000w, https:\/\/www.uartes.edu.ec\/sitio\/wp-content\/uploads\/2023\/01\/DOS-PARA-UNA-IMAGEN-01-600x399.jpg 600w, https:\/\/www.uartes.edu.ec\/sitio\/wp-content\/uploads\/2023\/01\/DOS-PARA-UNA-IMAGEN-01-272x182.jpg 272w\" sizes=\"(max-width: 644px) 100vw, 644px\" \/><\/figure>\n<\/div>\n\n\n<p>Fotos: Cortes\u00eda de los expositores. Afiche: Pedro Guevara,<em> Pederrr.<\/em><\/p>","protected":false},"excerpt":{"rendered":"<p>Videoarte, happenings y performances se ver\u00e1n en la muestra colectiva \u201cDos (o m\u00e1s) para una imagen: entre el gesto y lo relacional\u201d que se inaugurar\u00e1 el 3 de febrero en la Galer\u00eda 4ta. Pared. Sus autores cursan el sexto y s\u00e9ptimo semestre de Artes Visuales y dentro de la asignatura Arte y Pensamiento Contempor\u00e1neo han abordado diversos conceptos y teor\u00edas cr\u00edticas que desembocaron en las propuestas mencionadas.<\/p>","protected":false},"author":10,"featured_media":37261,"comment_status":"open","ping_status":"open","sticky":false,"template":"","format":"standard","meta":{"_acf_changed":false,"_uag_custom_page_level_css":"","_monsterinsights_skip_tracking":false,"_monsterinsights_sitenote_active":false,"_monsterinsights_sitenote_note":"","_monsterinsights_sitenote_category":0,"cybocfi_hide_featured_image":"","footnotes":""},"categories":[719,82,157,75,284],"tags":[],"infouartes":[],"class_list":["post-37259","post","type-post","status-publish","format-standard","has-post-thumbnail","hentry","category-4d","category-artes","category-artes-visuales","category-docentes","category-investigacion"],"acf":[],"yoast_head":"<!-- This site is optimized with the Yoast SEO plugin v27.4 - https:\/\/yoast.com\/product\/yoast-seo-wordpress\/ -->\n<title>Universidad de las Artes - Videoarte, happenings, performances y otras acciones en muestra colectiva que se inaugurar\u00e1 en la 4ta Pared<\/title>\n<meta name=\"description\" content=\"Universidad de las Artes - Videoarte, happenings, performances y otras acciones en muestra colectiva que se inaugurar\u00e1 en la 4ta Pared\" \/>\n<meta name=\"robots\" content=\"index, follow, max-snippet:-1, max-image-preview:large, max-video-preview:-1\" \/>\n<link rel=\"canonical\" href=\"https:\/\/www.uartes.edu.ec\/sitio\/fr\/blog\/2023\/01\/20\/videoarte-happenings-y-performances-en-muestra-colectiva-que-se-inaugurara-en-la-galeria-4ta-pared\/\" \/>\n<meta property=\"og:locale\" content=\"fr_FR\" \/>\n<meta property=\"og:type\" content=\"article\" \/>\n<meta property=\"og:title\" content=\"Universidad de las Artes - Videoarte, happenings, performances y otras acciones en muestra colectiva que se inaugurar\u00e1 en la 4ta Pared\" \/>\n<meta property=\"og:description\" content=\"Universidad de las Artes - Videoarte, happenings, performances y otras acciones en muestra colectiva que se inaugurar\u00e1 en la 4ta Pared\" \/>\n<meta property=\"og:url\" content=\"https:\/\/www.uartes.edu.ec\/sitio\/fr\/blog\/2023\/01\/20\/videoarte-happenings-y-performances-en-muestra-colectiva-que-se-inaugurara-en-la-galeria-4ta-pared\/\" \/>\n<meta property=\"og:site_name\" content=\"Universidad de las Artes\" \/>\n<meta property=\"article:publisher\" content=\"https:\/\/www.facebook.com\/uartesec\" \/>\n<meta property=\"article:published_time\" content=\"2023-01-20T23:40:00+00:00\" \/>\n<meta property=\"article:modified_time\" content=\"2024-07-04T16:21:43+00:00\" \/>\n<meta property=\"og:image\" content=\"https:\/\/www.uartes.edu.ec\/sitio\/wp-content\/uploads\/2023\/01\/DOS-2.jpg\" \/>\n\t<meta property=\"og:image:width\" content=\"2000\" \/>\n\t<meta property=\"og:image:height\" content=\"1333\" \/>\n\t<meta property=\"og:image:type\" content=\"image\/jpeg\" \/>\n<meta name=\"author\" content=\"ccortez\" \/>\n<meta name=\"twitter:card\" content=\"summary_large_image\" \/>\n<meta name=\"twitter:creator\" content=\"@uartesec\" \/>\n<meta name=\"twitter:site\" content=\"@uartesec\" \/>\n<meta name=\"twitter:label1\" content=\"\u00c9crit par\" \/>\n\t<meta name=\"twitter:data1\" content=\"ccortez\" \/>\n\t<meta name=\"twitter:label2\" content=\"Dur\u00e9e de lecture estim\u00e9e\" \/>\n\t<meta name=\"twitter:data2\" content=\"7 minutes\" \/>\n<script type=\"application\/ld+json\" class=\"yoast-schema-graph\">{\"@context\":\"https:\\\/\\\/schema.org\",\"@graph\":[{\"@type\":\"Article\",\"@id\":\"https:\\\/\\\/www.uartes.edu.ec\\\/sitio\\\/fr\\\/blog\\\/2023\\\/01\\\/20\\\/videoarte-happenings-y-performances-en-muestra-colectiva-que-se-inaugurara-en-la-galeria-4ta-pared\\\/#article\",\"isPartOf\":{\"@id\":\"https:\\\/\\\/www.uartes.edu.ec\\\/sitio\\\/fr\\\/blog\\\/2023\\\/01\\\/20\\\/videoarte-happenings-y-performances-en-muestra-colectiva-que-se-inaugurara-en-la-galeria-4ta-pared\\\/\"},\"author\":{\"name\":\"ccortez\",\"@id\":\"https:\\\/\\\/www.uartes.edu.ec\\\/sitio\\\/fr\\\/#\\\/schema\\\/person\\\/efa1b8275797664fd7f13a79ccc0b1f4\"},\"headline\":\"Videoarte, happenings, performances y otras acciones en muestra colectiva que se inaugurar\u00e1 en la 4ta Pared\",\"datePublished\":\"2023-01-20T23:40:00+00:00\",\"dateModified\":\"2024-07-04T16:21:43+00:00\",\"mainEntityOfPage\":{\"@id\":\"https:\\\/\\\/www.uartes.edu.ec\\\/sitio\\\/fr\\\/blog\\\/2023\\\/01\\\/20\\\/videoarte-happenings-y-performances-en-muestra-colectiva-que-se-inaugurara-en-la-galeria-4ta-pared\\\/\"},\"wordCount\":1311,\"commentCount\":0,\"publisher\":{\"@id\":\"https:\\\/\\\/www.uartes.edu.ec\\\/sitio\\\/fr\\\/#organization\"},\"image\":{\"@id\":\"https:\\\/\\\/www.uartes.edu.ec\\\/sitio\\\/fr\\\/blog\\\/2023\\\/01\\\/20\\\/videoarte-happenings-y-performances-en-muestra-colectiva-que-se-inaugurara-en-la-galeria-4ta-pared\\\/#primaryimage\"},\"thumbnailUrl\":\"https:\\\/\\\/www.uartes.edu.ec\\\/sitio\\\/wp-content\\\/uploads\\\/2023\\\/01\\\/DOS-2.jpg\",\"articleSection\":[\"4D\",\"Artes\",\"Artes Visuales\",\"Docentes\",\"Investigaci\u00f3n\"],\"inLanguage\":\"fr-FR\",\"potentialAction\":[{\"@type\":\"CommentAction\",\"name\":\"Comment\",\"target\":[\"https:\\\/\\\/www.uartes.edu.ec\\\/sitio\\\/fr\\\/blog\\\/2023\\\/01\\\/20\\\/videoarte-happenings-y-performances-en-muestra-colectiva-que-se-inaugurara-en-la-galeria-4ta-pared\\\/#respond\"]}]},{\"@type\":[\"WebPage\",\"ItemPage\"],\"@id\":\"https:\\\/\\\/www.uartes.edu.ec\\\/sitio\\\/fr\\\/blog\\\/2023\\\/01\\\/20\\\/videoarte-happenings-y-performances-en-muestra-colectiva-que-se-inaugurara-en-la-galeria-4ta-pared\\\/\",\"url\":\"https:\\\/\\\/www.uartes.edu.ec\\\/sitio\\\/fr\\\/blog\\\/2023\\\/01\\\/20\\\/videoarte-happenings-y-performances-en-muestra-colectiva-que-se-inaugurara-en-la-galeria-4ta-pared\\\/\",\"name\":\"Universidad de las Artes - Videoarte, happenings, performances y otras acciones en muestra colectiva que se inaugurar\u00e1 en la 4ta Pared\",\"isPartOf\":{\"@id\":\"https:\\\/\\\/www.uartes.edu.ec\\\/sitio\\\/fr\\\/#website\"},\"primaryImageOfPage\":{\"@id\":\"https:\\\/\\\/www.uartes.edu.ec\\\/sitio\\\/fr\\\/blog\\\/2023\\\/01\\\/20\\\/videoarte-happenings-y-performances-en-muestra-colectiva-que-se-inaugurara-en-la-galeria-4ta-pared\\\/#primaryimage\"},\"image\":{\"@id\":\"https:\\\/\\\/www.uartes.edu.ec\\\/sitio\\\/fr\\\/blog\\\/2023\\\/01\\\/20\\\/videoarte-happenings-y-performances-en-muestra-colectiva-que-se-inaugurara-en-la-galeria-4ta-pared\\\/#primaryimage\"},\"thumbnailUrl\":\"https:\\\/\\\/www.uartes.edu.ec\\\/sitio\\\/wp-content\\\/uploads\\\/2023\\\/01\\\/DOS-2.jpg\",\"datePublished\":\"2023-01-20T23:40:00+00:00\",\"dateModified\":\"2024-07-04T16:21:43+00:00\",\"description\":\"Universidad de las Artes - Videoarte, happenings, performances y otras acciones en muestra colectiva que se inaugurar\u00e1 en la 4ta Pared\",\"breadcrumb\":{\"@id\":\"https:\\\/\\\/www.uartes.edu.ec\\\/sitio\\\/fr\\\/blog\\\/2023\\\/01\\\/20\\\/videoarte-happenings-y-performances-en-muestra-colectiva-que-se-inaugurara-en-la-galeria-4ta-pared\\\/#breadcrumb\"},\"inLanguage\":\"fr-FR\",\"potentialAction\":[{\"@type\":\"ReadAction\",\"target\":[\"https:\\\/\\\/www.uartes.edu.ec\\\/sitio\\\/fr\\\/blog\\\/2023\\\/01\\\/20\\\/videoarte-happenings-y-performances-en-muestra-colectiva-que-se-inaugurara-en-la-galeria-4ta-pared\\\/\"]}]},{\"@type\":\"ImageObject\",\"inLanguage\":\"fr-FR\",\"@id\":\"https:\\\/\\\/www.uartes.edu.ec\\\/sitio\\\/fr\\\/blog\\\/2023\\\/01\\\/20\\\/videoarte-happenings-y-performances-en-muestra-colectiva-que-se-inaugurara-en-la-galeria-4ta-pared\\\/#primaryimage\",\"url\":\"https:\\\/\\\/www.uartes.edu.ec\\\/sitio\\\/wp-content\\\/uploads\\\/2023\\\/01\\\/DOS-2.jpg\",\"contentUrl\":\"https:\\\/\\\/www.uartes.edu.ec\\\/sitio\\\/wp-content\\\/uploads\\\/2023\\\/01\\\/DOS-2.jpg\",\"width\":2000,\"height\":1333},{\"@type\":\"BreadcrumbList\",\"@id\":\"https:\\\/\\\/www.uartes.edu.ec\\\/sitio\\\/fr\\\/blog\\\/2023\\\/01\\\/20\\\/videoarte-happenings-y-performances-en-muestra-colectiva-que-se-inaugurara-en-la-galeria-4ta-pared\\\/#breadcrumb\",\"itemListElement\":[{\"@type\":\"ListItem\",\"position\":1,\"name\":\"Inicio\",\"item\":\"https:\\\/\\\/www.uartes.edu.ec\\\/sitio\\\/\"},{\"@type\":\"ListItem\",\"position\":2,\"name\":\"Videoarte, happenings, performances y otras acciones en muestra colectiva que se inaugurar\u00e1 en la 4ta Pared\"}]},{\"@type\":\"WebSite\",\"@id\":\"https:\\\/\\\/www.uartes.edu.ec\\\/sitio\\\/fr\\\/#website\",\"url\":\"https:\\\/\\\/www.uartes.edu.ec\\\/sitio\\\/fr\\\/\",\"name\":\"Universidad de las Artes\",\"description\":\"Sitio oficial de la Universidad Nacional de las Artes del Ecuador\",\"publisher\":{\"@id\":\"https:\\\/\\\/www.uartes.edu.ec\\\/sitio\\\/fr\\\/#organization\"},\"potentialAction\":[{\"@type\":\"SearchAction\",\"target\":{\"@type\":\"EntryPoint\",\"urlTemplate\":\"https:\\\/\\\/www.uartes.edu.ec\\\/sitio\\\/fr\\\/?s={search_term_string}\"},\"query-input\":{\"@type\":\"PropertyValueSpecification\",\"valueRequired\":true,\"valueName\":\"search_term_string\"}}],\"inLanguage\":\"fr-FR\"},{\"@type\":\"Organization\",\"@id\":\"https:\\\/\\\/www.uartes.edu.ec\\\/sitio\\\/fr\\\/#organization\",\"name\":\"Universidad de las Artes\",\"url\":\"https:\\\/\\\/www.uartes.edu.ec\\\/sitio\\\/fr\\\/\",\"logo\":{\"@type\":\"ImageObject\",\"inLanguage\":\"fr-FR\",\"@id\":\"https:\\\/\\\/www.uartes.edu.ec\\\/sitio\\\/fr\\\/#\\\/schema\\\/logo\\\/image\\\/\",\"url\":\"https:\\\/\\\/www.uartes.edu.ec\\\/sitio\\\/wp-content\\\/uploads\\\/2022\\\/07\\\/logo-ua-horizontal.png\",\"contentUrl\":\"https:\\\/\\\/www.uartes.edu.ec\\\/sitio\\\/wp-content\\\/uploads\\\/2022\\\/07\\\/logo-ua-horizontal.png\",\"width\":800,\"height\":276,\"caption\":\"Universidad de las Artes\"},\"image\":{\"@id\":\"https:\\\/\\\/www.uartes.edu.ec\\\/sitio\\\/fr\\\/#\\\/schema\\\/logo\\\/image\\\/\"},\"sameAs\":[\"https:\\\/\\\/www.facebook.com\\\/uartesec\",\"https:\\\/\\\/x.com\\\/uartesec\",\"https:\\\/\\\/www.tiktok.com\\\/@uartesec\"]},{\"@type\":\"Person\",\"@id\":\"https:\\\/\\\/www.uartes.edu.ec\\\/sitio\\\/fr\\\/#\\\/schema\\\/person\\\/efa1b8275797664fd7f13a79ccc0b1f4\",\"name\":\"ccortez\",\"image\":{\"@type\":\"ImageObject\",\"inLanguage\":\"fr-FR\",\"@id\":\"https:\\\/\\\/secure.gravatar.com\\\/avatar\\\/b2a6f664a3ae8e074346ef91775736c5ec479e637ecced6842de9dc98b5da9cd?s=96&d=mm&r=g\",\"url\":\"https:\\\/\\\/secure.gravatar.com\\\/avatar\\\/b2a6f664a3ae8e074346ef91775736c5ec479e637ecced6842de9dc98b5da9cd?s=96&d=mm&r=g\",\"contentUrl\":\"https:\\\/\\\/secure.gravatar.com\\\/avatar\\\/b2a6f664a3ae8e074346ef91775736c5ec479e637ecced6842de9dc98b5da9cd?s=96&d=mm&r=g\",\"caption\":\"ccortez\"},\"url\":\"https:\\\/\\\/www.uartes.edu.ec\\\/sitio\\\/fr\\\/blog\\\/author\\\/ccortez\\\/\"}]}<\/script>\n<!-- \/ Yoast SEO plugin. -->","yoast_head_json":{"title":"Universidad de las Artes - Videoarte, happenings, performances y otras acciones en muestra colectiva que se inaugurar\u00e1 en la 4ta Pared","description":"Universidad de las Artes - Videoarte, happenings, performances y otras acciones en muestra colectiva que se inaugurar\u00e1 en la 4ta Pared","robots":{"index":"index","follow":"follow","max-snippet":"max-snippet:-1","max-image-preview":"max-image-preview:large","max-video-preview":"max-video-preview:-1"},"canonical":"https:\/\/www.uartes.edu.ec\/sitio\/fr\/blog\/2023\/01\/20\/videoarte-happenings-y-performances-en-muestra-colectiva-que-se-inaugurara-en-la-galeria-4ta-pared\/","og_locale":"fr_FR","og_type":"article","og_title":"Universidad de las Artes - Videoarte, happenings, performances y otras acciones en muestra colectiva que se inaugurar\u00e1 en la 4ta Pared","og_description":"Universidad de las Artes - Videoarte, happenings, performances y otras acciones en muestra colectiva que se inaugurar\u00e1 en la 4ta Pared","og_url":"https:\/\/www.uartes.edu.ec\/sitio\/fr\/blog\/2023\/01\/20\/videoarte-happenings-y-performances-en-muestra-colectiva-que-se-inaugurara-en-la-galeria-4ta-pared\/","og_site_name":"Universidad de las Artes","article_publisher":"https:\/\/www.facebook.com\/uartesec","article_published_time":"2023-01-20T23:40:00+00:00","article_modified_time":"2024-07-04T16:21:43+00:00","og_image":[{"width":2000,"height":1333,"url":"https:\/\/www.uartes.edu.ec\/sitio\/wp-content\/uploads\/2023\/01\/DOS-2.jpg","type":"image\/jpeg"}],"author":"ccortez","twitter_card":"summary_large_image","twitter_creator":"@uartesec","twitter_site":"@uartesec","twitter_misc":{"\u00c9crit par":"ccortez","Dur\u00e9e de lecture estim\u00e9e":"7 minutes"},"schema":{"@context":"https:\/\/schema.org","@graph":[{"@type":"Article","@id":"https:\/\/www.uartes.edu.ec\/sitio\/fr\/blog\/2023\/01\/20\/videoarte-happenings-y-performances-en-muestra-colectiva-que-se-inaugurara-en-la-galeria-4ta-pared\/#article","isPartOf":{"@id":"https:\/\/www.uartes.edu.ec\/sitio\/fr\/blog\/2023\/01\/20\/videoarte-happenings-y-performances-en-muestra-colectiva-que-se-inaugurara-en-la-galeria-4ta-pared\/"},"author":{"name":"ccortez","@id":"https:\/\/www.uartes.edu.ec\/sitio\/fr\/#\/schema\/person\/efa1b8275797664fd7f13a79ccc0b1f4"},"headline":"Videoarte, happenings, performances y otras acciones en muestra colectiva que se inaugurar\u00e1 en la 4ta Pared","datePublished":"2023-01-20T23:40:00+00:00","dateModified":"2024-07-04T16:21:43+00:00","mainEntityOfPage":{"@id":"https:\/\/www.uartes.edu.ec\/sitio\/fr\/blog\/2023\/01\/20\/videoarte-happenings-y-performances-en-muestra-colectiva-que-se-inaugurara-en-la-galeria-4ta-pared\/"},"wordCount":1311,"commentCount":0,"publisher":{"@id":"https:\/\/www.uartes.edu.ec\/sitio\/fr\/#organization"},"image":{"@id":"https:\/\/www.uartes.edu.ec\/sitio\/fr\/blog\/2023\/01\/20\/videoarte-happenings-y-performances-en-muestra-colectiva-que-se-inaugurara-en-la-galeria-4ta-pared\/#primaryimage"},"thumbnailUrl":"https:\/\/www.uartes.edu.ec\/sitio\/wp-content\/uploads\/2023\/01\/DOS-2.jpg","articleSection":["4D","Artes","Artes Visuales","Docentes","Investigaci\u00f3n"],"inLanguage":"fr-FR","potentialAction":[{"@type":"CommentAction","name":"Comment","target":["https:\/\/www.uartes.edu.ec\/sitio\/fr\/blog\/2023\/01\/20\/videoarte-happenings-y-performances-en-muestra-colectiva-que-se-inaugurara-en-la-galeria-4ta-pared\/#respond"]}]},{"@type":["WebPage","ItemPage"],"@id":"https:\/\/www.uartes.edu.ec\/sitio\/fr\/blog\/2023\/01\/20\/videoarte-happenings-y-performances-en-muestra-colectiva-que-se-inaugurara-en-la-galeria-4ta-pared\/","url":"https:\/\/www.uartes.edu.ec\/sitio\/fr\/blog\/2023\/01\/20\/videoarte-happenings-y-performances-en-muestra-colectiva-que-se-inaugurara-en-la-galeria-4ta-pared\/","name":"Universidad de las Artes - Videoarte, happenings, performances y otras acciones en muestra colectiva que se inaugurar\u00e1 en la 4ta Pared","isPartOf":{"@id":"https:\/\/www.uartes.edu.ec\/sitio\/fr\/#website"},"primaryImageOfPage":{"@id":"https:\/\/www.uartes.edu.ec\/sitio\/fr\/blog\/2023\/01\/20\/videoarte-happenings-y-performances-en-muestra-colectiva-que-se-inaugurara-en-la-galeria-4ta-pared\/#primaryimage"},"image":{"@id":"https:\/\/www.uartes.edu.ec\/sitio\/fr\/blog\/2023\/01\/20\/videoarte-happenings-y-performances-en-muestra-colectiva-que-se-inaugurara-en-la-galeria-4ta-pared\/#primaryimage"},"thumbnailUrl":"https:\/\/www.uartes.edu.ec\/sitio\/wp-content\/uploads\/2023\/01\/DOS-2.jpg","datePublished":"2023-01-20T23:40:00+00:00","dateModified":"2024-07-04T16:21:43+00:00","description":"Universidad de las Artes - Videoarte, happenings, performances y otras acciones en muestra colectiva que se inaugurar\u00e1 en la 4ta Pared","breadcrumb":{"@id":"https:\/\/www.uartes.edu.ec\/sitio\/fr\/blog\/2023\/01\/20\/videoarte-happenings-y-performances-en-muestra-colectiva-que-se-inaugurara-en-la-galeria-4ta-pared\/#breadcrumb"},"inLanguage":"fr-FR","potentialAction":[{"@type":"ReadAction","target":["https:\/\/www.uartes.edu.ec\/sitio\/fr\/blog\/2023\/01\/20\/videoarte-happenings-y-performances-en-muestra-colectiva-que-se-inaugurara-en-la-galeria-4ta-pared\/"]}]},{"@type":"ImageObject","inLanguage":"fr-FR","@id":"https:\/\/www.uartes.edu.ec\/sitio\/fr\/blog\/2023\/01\/20\/videoarte-happenings-y-performances-en-muestra-colectiva-que-se-inaugurara-en-la-galeria-4ta-pared\/#primaryimage","url":"https:\/\/www.uartes.edu.ec\/sitio\/wp-content\/uploads\/2023\/01\/DOS-2.jpg","contentUrl":"https:\/\/www.uartes.edu.ec\/sitio\/wp-content\/uploads\/2023\/01\/DOS-2.jpg","width":2000,"height":1333},{"@type":"BreadcrumbList","@id":"https:\/\/www.uartes.edu.ec\/sitio\/fr\/blog\/2023\/01\/20\/videoarte-happenings-y-performances-en-muestra-colectiva-que-se-inaugurara-en-la-galeria-4ta-pared\/#breadcrumb","itemListElement":[{"@type":"ListItem","position":1,"name":"Inicio","item":"https:\/\/www.uartes.edu.ec\/sitio\/"},{"@type":"ListItem","position":2,"name":"Videoarte, happenings, performances y otras acciones en muestra colectiva que se inaugurar\u00e1 en la 4ta Pared"}]},{"@type":"WebSite","@id":"https:\/\/www.uartes.edu.ec\/sitio\/fr\/#website","url":"https:\/\/www.uartes.edu.ec\/sitio\/fr\/","name":"Universidad de las Artes","description":"Sitio oficial de la Universidad Nacional de las Artes del Ecuador","publisher":{"@id":"https:\/\/www.uartes.edu.ec\/sitio\/fr\/#organization"},"potentialAction":[{"@type":"SearchAction","target":{"@type":"EntryPoint","urlTemplate":"https:\/\/www.uartes.edu.ec\/sitio\/fr\/?s={search_term_string}"},"query-input":{"@type":"PropertyValueSpecification","valueRequired":true,"valueName":"search_term_string"}}],"inLanguage":"fr-FR"},{"@type":"Organization","@id":"https:\/\/www.uartes.edu.ec\/sitio\/fr\/#organization","name":"Universidad de las Artes","url":"https:\/\/www.uartes.edu.ec\/sitio\/fr\/","logo":{"@type":"ImageObject","inLanguage":"fr-FR","@id":"https:\/\/www.uartes.edu.ec\/sitio\/fr\/#\/schema\/logo\/image\/","url":"https:\/\/www.uartes.edu.ec\/sitio\/wp-content\/uploads\/2022\/07\/logo-ua-horizontal.png","contentUrl":"https:\/\/www.uartes.edu.ec\/sitio\/wp-content\/uploads\/2022\/07\/logo-ua-horizontal.png","width":800,"height":276,"caption":"Universidad de las Artes"},"image":{"@id":"https:\/\/www.uartes.edu.ec\/sitio\/fr\/#\/schema\/logo\/image\/"},"sameAs":["https:\/\/www.facebook.com\/uartesec","https:\/\/x.com\/uartesec","https:\/\/www.tiktok.com\/@uartesec"]},{"@type":"Person","@id":"https:\/\/www.uartes.edu.ec\/sitio\/fr\/#\/schema\/person\/efa1b8275797664fd7f13a79ccc0b1f4","name":"ccortez","image":{"@type":"ImageObject","inLanguage":"fr-FR","@id":"https:\/\/secure.gravatar.com\/avatar\/b2a6f664a3ae8e074346ef91775736c5ec479e637ecced6842de9dc98b5da9cd?s=96&d=mm&r=g","url":"https:\/\/secure.gravatar.com\/avatar\/b2a6f664a3ae8e074346ef91775736c5ec479e637ecced6842de9dc98b5da9cd?s=96&d=mm&r=g","contentUrl":"https:\/\/secure.gravatar.com\/avatar\/b2a6f664a3ae8e074346ef91775736c5ec479e637ecced6842de9dc98b5da9cd?s=96&d=mm&r=g","caption":"ccortez"},"url":"https:\/\/www.uartes.edu.ec\/sitio\/fr\/blog\/author\/ccortez\/"}]}},"uagb_featured_image_src":{"full":["https:\/\/www.uartes.edu.ec\/sitio\/wp-content\/uploads\/2023\/01\/DOS-2.jpg",2000,1333,false],"thumbnail":["https:\/\/www.uartes.edu.ec\/sitio\/wp-content\/uploads\/2023\/01\/DOS-2-150x150.jpg",150,150,true],"medium":["https:\/\/www.uartes.edu.ec\/sitio\/wp-content\/uploads\/2023\/01\/DOS-2-300x200.jpg",300,200,true],"medium_large":["https:\/\/www.uartes.edu.ec\/sitio\/wp-content\/uploads\/2023\/01\/DOS-2-768x512.jpg",768,512,true],"large":["https:\/\/www.uartes.edu.ec\/sitio\/wp-content\/uploads\/2023\/01\/DOS-2-644x429.jpg",644,429,true],"1536x1536":["https:\/\/www.uartes.edu.ec\/sitio\/wp-content\/uploads\/2023\/01\/DOS-2-1536x1024.jpg",1536,1024,true],"2048x2048":["https:\/\/www.uartes.edu.ec\/sitio\/wp-content\/uploads\/2023\/01\/DOS-2.jpg",2000,1333,false],"trp-custom-language-flag":["https:\/\/www.uartes.edu.ec\/sitio\/wp-content\/uploads\/2023\/01\/DOS-2.jpg",18,12,false],"htmega_size_585x295":["https:\/\/www.uartes.edu.ec\/sitio\/wp-content\/uploads\/2023\/01\/DOS-2.jpg",443,295,false],"htmega_size_1170x536":["https:\/\/www.uartes.edu.ec\/sitio\/wp-content\/uploads\/2023\/01\/DOS-2.jpg",804,536,false],"htmega_size_396x360":["https:\/\/www.uartes.edu.ec\/sitio\/wp-content\/uploads\/2023\/01\/DOS-2.jpg",396,264,false],"gb-block-post-grid-landscape":["https:\/\/www.uartes.edu.ec\/sitio\/wp-content\/uploads\/2023\/01\/DOS-2-600x400.jpg",600,400,true],"gb-block-post-grid-square":["https:\/\/www.uartes.edu.ec\/sitio\/wp-content\/uploads\/2023\/01\/DOS-2-600x600.jpg",600,600,true],"university-hub-thumb":["https:\/\/www.uartes.edu.ec\/sitio\/wp-content\/uploads\/2023\/01\/DOS-2-400x267.jpg",400,267,true],"mailpoet_newsletter_max":["https:\/\/www.uartes.edu.ec\/sitio\/wp-content\/uploads\/2023\/01\/DOS-2.jpg",1320,880,false]},"uagb_author_info":{"display_name":"ccortez","author_link":"https:\/\/www.uartes.edu.ec\/sitio\/fr\/blog\/author\/ccortez\/"},"uagb_comment_info":0,"uagb_excerpt":"Videoarte, happenings y performances se ver\u00e1n en la muestra colectiva \u201cDos (o m\u00e1s) para una imagen: entre el gesto y lo relacional\u201d que se inaugurar\u00e1 el 3 de febrero en la Galer\u00eda 4ta. Pared. Sus autores cursan el sexto y s\u00e9ptimo semestre de Artes Visuales y dentro de la asignatura Arte y Pensamiento Contempor\u00e1neo han\u2026","featured_image_src":"https:\/\/www.uartes.edu.ec\/sitio\/wp-content\/uploads\/2023\/01\/DOS-2-600x400.jpg","featured_image_src_square":"https:\/\/www.uartes.edu.ec\/sitio\/wp-content\/uploads\/2023\/01\/DOS-2-600x600.jpg","author_info":{"display_name":"ccortez","author_link":"https:\/\/www.uartes.edu.ec\/sitio\/fr\/blog\/author\/ccortez\/"},"publishpress_future_workflow_manual_trigger":{"enabledWorkflows":[]},"distributor_meta":false,"distributor_terms":false,"distributor_media":false,"distributor_original_site_name":"Universidad de las Artes","distributor_original_site_url":"https:\/\/www.uartes.edu.ec\/sitio\/fr","push-errors":false,"_links":{"self":[{"href":"https:\/\/www.uartes.edu.ec\/sitio\/fr\/wp-json\/wp\/v2\/posts\/37259","targetHints":{"allow":["GET"]}}],"collection":[{"href":"https:\/\/www.uartes.edu.ec\/sitio\/fr\/wp-json\/wp\/v2\/posts"}],"about":[{"href":"https:\/\/www.uartes.edu.ec\/sitio\/fr\/wp-json\/wp\/v2\/types\/post"}],"author":[{"embeddable":true,"href":"https:\/\/www.uartes.edu.ec\/sitio\/fr\/wp-json\/wp\/v2\/users\/10"}],"replies":[{"embeddable":true,"href":"https:\/\/www.uartes.edu.ec\/sitio\/fr\/wp-json\/wp\/v2\/comments?post=37259"}],"version-history":[{"count":16,"href":"https:\/\/www.uartes.edu.ec\/sitio\/fr\/wp-json\/wp\/v2\/posts\/37259\/revisions"}],"predecessor-version":[{"id":37362,"href":"https:\/\/www.uartes.edu.ec\/sitio\/fr\/wp-json\/wp\/v2\/posts\/37259\/revisions\/37362"}],"wp:featuredmedia":[{"embeddable":true,"href":"https:\/\/www.uartes.edu.ec\/sitio\/fr\/wp-json\/wp\/v2\/media\/37261"}],"wp:attachment":[{"href":"https:\/\/www.uartes.edu.ec\/sitio\/fr\/wp-json\/wp\/v2\/media?parent=37259"}],"wp:term":[{"taxonomy":"category","embeddable":true,"href":"https:\/\/www.uartes.edu.ec\/sitio\/fr\/wp-json\/wp\/v2\/categories?post=37259"},{"taxonomy":"post_tag","embeddable":true,"href":"https:\/\/www.uartes.edu.ec\/sitio\/fr\/wp-json\/wp\/v2\/tags?post=37259"},{"taxonomy":"infouartes","embeddable":true,"href":"https:\/\/www.uartes.edu.ec\/sitio\/fr\/wp-json\/wp\/v2\/infouartes?post=37259"}],"curies":[{"name":"wp","href":"https:\/\/api.w.org\/{rel}","templated":true}]}}