{"id":37930,"date":"2023-02-08T12:44:29","date_gmt":"2023-02-08T17:44:29","guid":{"rendered":"http:\/\/www.uartes.edu.ec\/sitio\/?p=37930"},"modified":"2024-07-04T11:21:32","modified_gmt":"2024-07-04T16:21:32","slug":"la-universidad-de-las-artes-participa-de-la-mundialmente-celebre-noche-de-las-ideas","status":"publish","type":"post","link":"https:\/\/www.uartes.edu.ec\/sitio\/fr\/blog\/2023\/02\/08\/la-universidad-de-las-artes-participa-de-la-mundialmente-celebre-noche-de-las-ideas\/","title":{"rendered":"UArtes participa de la mundialmente c\u00e9lebre \u201cLa Noche de las Ideas\u201d, cuya tem\u00e1tica en este a\u00f1o es 2023: &#8216;\u00bfM\u00e1s?&#8217;"},"content":{"rendered":"<p>La Universidad de las Artes participar\u00e1 en la edici\u00f3n 2023 de \u201cLa Noche de las Ideas\u201d de las alianzas francesas de Ecuador, un proyecto impulsado por el Institut Fran\u00e7ais de Par\u00eds desde 2016, en el que, a trav\u00e9s del pensamiento reflexivo, las artes y la cultura cient\u00edfica, se plantean debates contempor\u00e1neos que ocurren simult\u00e1neamente alrededor del mundo.<\/p>\n\n\n\n<p>Para este evento usualmente se re\u00fanen cientos de instituciones culturales y acad\u00e9micas, como cines, bibliotecas, museos, centros art\u00edsticos y establecimientos de educaci\u00f3n superior, para celebrar la libre circulaci\u00f3n de las ideas y del conocimiento entre pa\u00edses, culturas, disciplinas y generaciones.<\/p>\n\n\n\n<p>Con este motivo, se ha programado una agenda con&nbsp;actividades&nbsp;que se realizar\u00e1n el 9 de febrero de 2023, a las 18:00, en la sede centro de la Alianza Francesa de Guayaquil. En este evento participar\u00e1n como panelistas Alessandro Pignocchi, investigador en ciencias cognitivas y filosof\u00eda del arte, dedicado al dibujo de c\u00f3mics y a la ilustraci\u00f3n. Por parte de la UArtes intervendr\u00e1n Manuel Eduardo Sarmiento, cineasta, docente, periodista y gestor cultural; Luis P\u00e1ez, antrop\u00f3logo y especialista universitario en Cooperaci\u00f3n Cultural; y, Pablo Vargas, cineasta documentalista y catedr\u00e1tico. Nuestros docentes presentar\u00e1n proyectos de investigaci\u00f3n auspiciados por la UArtes desde el Vicerrectorado de Posgrado e Investigaci\u00f3n en Artes. Adem\u00e1s, contar\u00e1 con la participaci\u00f3n de Carla Bresciani, artista visual ecuatoriana, quien intervendr\u00e1 con una ilustraci\u00f3n en vivo.<\/p>\n\n\n\n<p>El tema de \u201cLa Noche de las Ideas\u201d ser\u00e1 2023: &#8216;\u00bfM\u00e1s?&#8217;. Este se refiere a la construcci\u00f3n de una econom\u00eda sostenible y justa, que considere los desaf\u00edos que plantea el crecimiento demogr\u00e1fico y la din\u00e1mica acelerada de la contempor\u00e1nea. Invita a reflexionar sobre nuestra percepci\u00f3n y relaci\u00f3n con la naturaleza \u2013explotado por unos y protegido por otros\u2013.<\/p>\n\n\n\n<p>Finalmente, es preciso mencionar que esta colaboraci\u00f3n se da en el marco del convenio de cooperaci\u00f3n entre la UArtes y la Alianza Francesa de Guayaquil.<\/p>\n\n\n\n<p>Para mayor informaci\u00f3n, pueden revisar las redes sociales de la Direcci\u00f3n de Relaciones Internacionales de la Universidad de las Artes <a href=\"https:\/\/www.instagram.com\/uartes.internacional\/?hl=es\">https:\/\/www.instagram.com\/uartes.internacional\/?hl=es<\/a><\/p>\n\n\n\n<p>Se invita a la comunidad universitaria a participar de la actividad este jueves 9 de febrero, a las 18:00, en la Alianza Francesa centro, ubicada en Hurtado y Jos\u00e9 Mascote.<\/p>","protected":false},"excerpt":{"rendered":"<p>La Universidad de las Artes participar\u00e1 en la edici\u00f3n 2023 de \u201cLa Noche de las Ideas\u201d de las alianzas francesas de Ecuador, un proyecto impulsado por el Institut Fran\u00e7ais de Par\u00eds desde 2016, en el que, a trav\u00e9s del pensamiento reflexivo, las artes y la cultura cient\u00edfica, se plantean debates contempor\u00e1neos que ocurren simult\u00e1neamente alrededor del mundo. <\/p>","protected":false},"author":10,"featured_media":37932,"comment_status":"open","ping_status":"open","sticky":false,"template":"","format":"standard","meta":{"_acf_changed":false,"_uag_custom_page_level_css":"","_monsterinsights_skip_tracking":false,"_monsterinsights_sitenote_active":false,"_monsterinsights_sitenote_note":"","_monsterinsights_sitenote_category":0,"cybocfi_hide_featured_image":"","footnotes":""},"categories":[714,80,75,76,77,79],"tags":[569,279],"infouartes":[],"class_list":["post-37930","post","type-post","status-publish","format-standard","has-post-thumbnail","hentry","category-2b","category-academico","category-docentes","category-estudiantes","category-gestion","category-vinculo","tag-alianza","tag-relaciones-internacionales"],"acf":[],"yoast_head":"<!-- This site is optimized with the Yoast SEO plugin v27.4 - https:\/\/yoast.com\/product\/yoast-seo-wordpress\/ -->\n<title>Universidad de las Artes - UArtes participa de la mundialmente c\u00e9lebre \u201cLa Noche de las Ideas\u201d, cuya tem\u00e1tica en este a\u00f1o es 2023: &#039;\u00bfM\u00e1s?&#039;<\/title>\n<meta name=\"description\" content=\"Universidad de las Artes - UArtes participa de la mundialmente c\u00e9lebre \u201cLa Noche de las Ideas\u201d, cuya tem\u00e1tica en este a\u00f1o es 2023: &#039;\u00bfM\u00e1s?&#039;\" \/>\n<meta name=\"robots\" content=\"index, follow, max-snippet:-1, max-image-preview:large, max-video-preview:-1\" \/>\n<link rel=\"canonical\" href=\"https:\/\/www.uartes.edu.ec\/sitio\/fr\/blog\/2023\/02\/08\/la-universidad-de-las-artes-participa-de-la-mundialmente-celebre-noche-de-las-ideas\/\" \/>\n<meta property=\"og:locale\" content=\"fr_FR\" \/>\n<meta property=\"og:type\" content=\"article\" \/>\n<meta property=\"og:title\" content=\"Universidad de las Artes - UArtes participa de la mundialmente c\u00e9lebre \u201cLa Noche de las Ideas\u201d, cuya tem\u00e1tica en este a\u00f1o es 2023: &#039;\u00bfM\u00e1s?&#039;\" \/>\n<meta property=\"og:description\" content=\"Universidad de las Artes - UArtes participa de la mundialmente c\u00e9lebre \u201cLa Noche de las Ideas\u201d, cuya tem\u00e1tica en este a\u00f1o es 2023: &#039;\u00bfM\u00e1s?&#039;\" \/>\n<meta property=\"og:url\" content=\"https:\/\/www.uartes.edu.ec\/sitio\/fr\/blog\/2023\/02\/08\/la-universidad-de-las-artes-participa-de-la-mundialmente-celebre-noche-de-las-ideas\/\" \/>\n<meta property=\"og:site_name\" content=\"Universidad de las Artes\" \/>\n<meta property=\"article:publisher\" content=\"https:\/\/www.facebook.com\/uartesec\" \/>\n<meta property=\"article:published_time\" content=\"2023-02-08T17:44:29+00:00\" \/>\n<meta property=\"article:modified_time\" content=\"2024-07-04T16:21:32+00:00\" \/>\n<meta property=\"og:image\" content=\"https:\/\/www.uartes.edu.ec\/sitio\/wp-content\/uploads\/2023\/02\/NOCHES.jpg\" \/>\n\t<meta property=\"og:image:width\" content=\"2000\" \/>\n\t<meta property=\"og:image:height\" content=\"1333\" \/>\n\t<meta property=\"og:image:type\" content=\"image\/jpeg\" \/>\n<meta name=\"author\" content=\"ccortez\" \/>\n<meta name=\"twitter:card\" content=\"summary_large_image\" \/>\n<meta name=\"twitter:creator\" content=\"@uartesec\" \/>\n<meta name=\"twitter:site\" content=\"@uartesec\" \/>\n<meta name=\"twitter:label1\" content=\"\u00c9crit par\" \/>\n\t<meta name=\"twitter:data1\" content=\"ccortez\" \/>\n\t<meta name=\"twitter:label2\" content=\"Dur\u00e9e de lecture estim\u00e9e\" \/>\n\t<meta name=\"twitter:data2\" content=\"2 minutes\" \/>\n<script type=\"application\/ld+json\" class=\"yoast-schema-graph\">{\"@context\":\"https:\\\/\\\/schema.org\",\"@graph\":[{\"@type\":\"Article\",\"@id\":\"https:\\\/\\\/www.uartes.edu.ec\\\/sitio\\\/fr\\\/blog\\\/2023\\\/02\\\/08\\\/la-universidad-de-las-artes-participa-de-la-mundialmente-celebre-noche-de-las-ideas\\\/#article\",\"isPartOf\":{\"@id\":\"https:\\\/\\\/www.uartes.edu.ec\\\/sitio\\\/fr\\\/blog\\\/2023\\\/02\\\/08\\\/la-universidad-de-las-artes-participa-de-la-mundialmente-celebre-noche-de-las-ideas\\\/\"},\"author\":{\"name\":\"ccortez\",\"@id\":\"https:\\\/\\\/www.uartes.edu.ec\\\/sitio\\\/fr\\\/#\\\/schema\\\/person\\\/efa1b8275797664fd7f13a79ccc0b1f4\"},\"headline\":\"UArtes participa de la mundialmente c\u00e9lebre \u201cLa Noche de las Ideas\u201d, cuya tem\u00e1tica en este a\u00f1o es 2023: &#8216;\u00bfM\u00e1s?&#8217;\",\"datePublished\":\"2023-02-08T17:44:29+00:00\",\"dateModified\":\"2024-07-04T16:21:32+00:00\",\"mainEntityOfPage\":{\"@id\":\"https:\\\/\\\/www.uartes.edu.ec\\\/sitio\\\/fr\\\/blog\\\/2023\\\/02\\\/08\\\/la-universidad-de-las-artes-participa-de-la-mundialmente-celebre-noche-de-las-ideas\\\/\"},\"wordCount\":420,\"commentCount\":0,\"publisher\":{\"@id\":\"https:\\\/\\\/www.uartes.edu.ec\\\/sitio\\\/fr\\\/#organization\"},\"image\":{\"@id\":\"https:\\\/\\\/www.uartes.edu.ec\\\/sitio\\\/fr\\\/blog\\\/2023\\\/02\\\/08\\\/la-universidad-de-las-artes-participa-de-la-mundialmente-celebre-noche-de-las-ideas\\\/#primaryimage\"},\"thumbnailUrl\":\"https:\\\/\\\/www.uartes.edu.ec\\\/sitio\\\/wp-content\\\/uploads\\\/2023\\\/02\\\/NOCHES.jpg\",\"keywords\":[\"alianza\",\"relaciones internacionales\"],\"articleSection\":[\"2B\",\"Acad\u00e9mico\",\"Docentes\",\"Estudiantes\",\"Gesti\u00f3n\",\"V\u00ednculo\"],\"inLanguage\":\"fr-FR\",\"potentialAction\":[{\"@type\":\"CommentAction\",\"name\":\"Comment\",\"target\":[\"https:\\\/\\\/www.uartes.edu.ec\\\/sitio\\\/fr\\\/blog\\\/2023\\\/02\\\/08\\\/la-universidad-de-las-artes-participa-de-la-mundialmente-celebre-noche-de-las-ideas\\\/#respond\"]}]},{\"@type\":[\"WebPage\",\"ItemPage\"],\"@id\":\"https:\\\/\\\/www.uartes.edu.ec\\\/sitio\\\/fr\\\/blog\\\/2023\\\/02\\\/08\\\/la-universidad-de-las-artes-participa-de-la-mundialmente-celebre-noche-de-las-ideas\\\/\",\"url\":\"https:\\\/\\\/www.uartes.edu.ec\\\/sitio\\\/fr\\\/blog\\\/2023\\\/02\\\/08\\\/la-universidad-de-las-artes-participa-de-la-mundialmente-celebre-noche-de-las-ideas\\\/\",\"name\":\"Universidad de las Artes - UArtes participa de la mundialmente c\u00e9lebre \u201cLa Noche de las Ideas\u201d, cuya tem\u00e1tica en este a\u00f1o es 2023: '\u00bfM\u00e1s?'\",\"isPartOf\":{\"@id\":\"https:\\\/\\\/www.uartes.edu.ec\\\/sitio\\\/fr\\\/#website\"},\"primaryImageOfPage\":{\"@id\":\"https:\\\/\\\/www.uartes.edu.ec\\\/sitio\\\/fr\\\/blog\\\/2023\\\/02\\\/08\\\/la-universidad-de-las-artes-participa-de-la-mundialmente-celebre-noche-de-las-ideas\\\/#primaryimage\"},\"image\":{\"@id\":\"https:\\\/\\\/www.uartes.edu.ec\\\/sitio\\\/fr\\\/blog\\\/2023\\\/02\\\/08\\\/la-universidad-de-las-artes-participa-de-la-mundialmente-celebre-noche-de-las-ideas\\\/#primaryimage\"},\"thumbnailUrl\":\"https:\\\/\\\/www.uartes.edu.ec\\\/sitio\\\/wp-content\\\/uploads\\\/2023\\\/02\\\/NOCHES.jpg\",\"datePublished\":\"2023-02-08T17:44:29+00:00\",\"dateModified\":\"2024-07-04T16:21:32+00:00\",\"description\":\"Universidad de las Artes - UArtes participa de la mundialmente c\u00e9lebre \u201cLa Noche de las Ideas\u201d, cuya tem\u00e1tica en este a\u00f1o es 2023: '\u00bfM\u00e1s?'\",\"breadcrumb\":{\"@id\":\"https:\\\/\\\/www.uartes.edu.ec\\\/sitio\\\/fr\\\/blog\\\/2023\\\/02\\\/08\\\/la-universidad-de-las-artes-participa-de-la-mundialmente-celebre-noche-de-las-ideas\\\/#breadcrumb\"},\"inLanguage\":\"fr-FR\",\"potentialAction\":[{\"@type\":\"ReadAction\",\"target\":[\"https:\\\/\\\/www.uartes.edu.ec\\\/sitio\\\/fr\\\/blog\\\/2023\\\/02\\\/08\\\/la-universidad-de-las-artes-participa-de-la-mundialmente-celebre-noche-de-las-ideas\\\/\"]}]},{\"@type\":\"ImageObject\",\"inLanguage\":\"fr-FR\",\"@id\":\"https:\\\/\\\/www.uartes.edu.ec\\\/sitio\\\/fr\\\/blog\\\/2023\\\/02\\\/08\\\/la-universidad-de-las-artes-participa-de-la-mundialmente-celebre-noche-de-las-ideas\\\/#primaryimage\",\"url\":\"https:\\\/\\\/www.uartes.edu.ec\\\/sitio\\\/wp-content\\\/uploads\\\/2023\\\/02\\\/NOCHES.jpg\",\"contentUrl\":\"https:\\\/\\\/www.uartes.edu.ec\\\/sitio\\\/wp-content\\\/uploads\\\/2023\\\/02\\\/NOCHES.jpg\",\"width\":2000,\"height\":1333},{\"@type\":\"BreadcrumbList\",\"@id\":\"https:\\\/\\\/www.uartes.edu.ec\\\/sitio\\\/fr\\\/blog\\\/2023\\\/02\\\/08\\\/la-universidad-de-las-artes-participa-de-la-mundialmente-celebre-noche-de-las-ideas\\\/#breadcrumb\",\"itemListElement\":[{\"@type\":\"ListItem\",\"position\":1,\"name\":\"Inicio\",\"item\":\"https:\\\/\\\/www.uartes.edu.ec\\\/sitio\\\/\"},{\"@type\":\"ListItem\",\"position\":2,\"name\":\"UArtes participa de la mundialmente c\u00e9lebre \u201cLa Noche de las Ideas\u201d, cuya tem\u00e1tica en este a\u00f1o es 2023: &#8216;\u00bfM\u00e1s?&#8217;\"}]},{\"@type\":\"WebSite\",\"@id\":\"https:\\\/\\\/www.uartes.edu.ec\\\/sitio\\\/fr\\\/#website\",\"url\":\"https:\\\/\\\/www.uartes.edu.ec\\\/sitio\\\/fr\\\/\",\"name\":\"Universidad de las Artes\",\"description\":\"Sitio oficial de la Universidad Nacional de las Artes del Ecuador\",\"publisher\":{\"@id\":\"https:\\\/\\\/www.uartes.edu.ec\\\/sitio\\\/fr\\\/#organization\"},\"potentialAction\":[{\"@type\":\"SearchAction\",\"target\":{\"@type\":\"EntryPoint\",\"urlTemplate\":\"https:\\\/\\\/www.uartes.edu.ec\\\/sitio\\\/fr\\\/?s={search_term_string}\"},\"query-input\":{\"@type\":\"PropertyValueSpecification\",\"valueRequired\":true,\"valueName\":\"search_term_string\"}}],\"inLanguage\":\"fr-FR\"},{\"@type\":\"Organization\",\"@id\":\"https:\\\/\\\/www.uartes.edu.ec\\\/sitio\\\/fr\\\/#organization\",\"name\":\"Universidad de las Artes\",\"url\":\"https:\\\/\\\/www.uartes.edu.ec\\\/sitio\\\/fr\\\/\",\"logo\":{\"@type\":\"ImageObject\",\"inLanguage\":\"fr-FR\",\"@id\":\"https:\\\/\\\/www.uartes.edu.ec\\\/sitio\\\/fr\\\/#\\\/schema\\\/logo\\\/image\\\/\",\"url\":\"https:\\\/\\\/www.uartes.edu.ec\\\/sitio\\\/wp-content\\\/uploads\\\/2022\\\/07\\\/logo-ua-horizontal.png\",\"contentUrl\":\"https:\\\/\\\/www.uartes.edu.ec\\\/sitio\\\/wp-content\\\/uploads\\\/2022\\\/07\\\/logo-ua-horizontal.png\",\"width\":800,\"height\":276,\"caption\":\"Universidad de las Artes\"},\"image\":{\"@id\":\"https:\\\/\\\/www.uartes.edu.ec\\\/sitio\\\/fr\\\/#\\\/schema\\\/logo\\\/image\\\/\"},\"sameAs\":[\"https:\\\/\\\/www.facebook.com\\\/uartesec\",\"https:\\\/\\\/x.com\\\/uartesec\",\"https:\\\/\\\/www.tiktok.com\\\/@uartesec\"]},{\"@type\":\"Person\",\"@id\":\"https:\\\/\\\/www.uartes.edu.ec\\\/sitio\\\/fr\\\/#\\\/schema\\\/person\\\/efa1b8275797664fd7f13a79ccc0b1f4\",\"name\":\"ccortez\",\"image\":{\"@type\":\"ImageObject\",\"inLanguage\":\"fr-FR\",\"@id\":\"https:\\\/\\\/secure.gravatar.com\\\/avatar\\\/b2a6f664a3ae8e074346ef91775736c5ec479e637ecced6842de9dc98b5da9cd?s=96&d=mm&r=g\",\"url\":\"https:\\\/\\\/secure.gravatar.com\\\/avatar\\\/b2a6f664a3ae8e074346ef91775736c5ec479e637ecced6842de9dc98b5da9cd?s=96&d=mm&r=g\",\"contentUrl\":\"https:\\\/\\\/secure.gravatar.com\\\/avatar\\\/b2a6f664a3ae8e074346ef91775736c5ec479e637ecced6842de9dc98b5da9cd?s=96&d=mm&r=g\",\"caption\":\"ccortez\"},\"url\":\"https:\\\/\\\/www.uartes.edu.ec\\\/sitio\\\/fr\\\/blog\\\/author\\\/ccortez\\\/\"}]}<\/script>\n<!-- \/ Yoast SEO plugin. -->","yoast_head_json":{"title":"Universidad de las Artes - UArtes participa de la mundialmente c\u00e9lebre \u201cLa Noche de las Ideas\u201d, cuya tem\u00e1tica en este a\u00f1o es 2023: '\u00bfM\u00e1s?'","description":"Universidad de las Artes - UArtes participa de la mundialmente c\u00e9lebre \u201cLa Noche de las Ideas\u201d, cuya tem\u00e1tica en este a\u00f1o es 2023: '\u00bfM\u00e1s?'","robots":{"index":"index","follow":"follow","max-snippet":"max-snippet:-1","max-image-preview":"max-image-preview:large","max-video-preview":"max-video-preview:-1"},"canonical":"https:\/\/www.uartes.edu.ec\/sitio\/fr\/blog\/2023\/02\/08\/la-universidad-de-las-artes-participa-de-la-mundialmente-celebre-noche-de-las-ideas\/","og_locale":"fr_FR","og_type":"article","og_title":"Universidad de las Artes - UArtes participa de la mundialmente c\u00e9lebre \u201cLa Noche de las Ideas\u201d, cuya tem\u00e1tica en este a\u00f1o es 2023: '\u00bfM\u00e1s?'","og_description":"Universidad de las Artes - UArtes participa de la mundialmente c\u00e9lebre \u201cLa Noche de las Ideas\u201d, cuya tem\u00e1tica en este a\u00f1o es 2023: '\u00bfM\u00e1s?'","og_url":"https:\/\/www.uartes.edu.ec\/sitio\/fr\/blog\/2023\/02\/08\/la-universidad-de-las-artes-participa-de-la-mundialmente-celebre-noche-de-las-ideas\/","og_site_name":"Universidad de las Artes","article_publisher":"https:\/\/www.facebook.com\/uartesec","article_published_time":"2023-02-08T17:44:29+00:00","article_modified_time":"2024-07-04T16:21:32+00:00","og_image":[{"width":2000,"height":1333,"url":"https:\/\/www.uartes.edu.ec\/sitio\/wp-content\/uploads\/2023\/02\/NOCHES.jpg","type":"image\/jpeg"}],"author":"ccortez","twitter_card":"summary_large_image","twitter_creator":"@uartesec","twitter_site":"@uartesec","twitter_misc":{"\u00c9crit par":"ccortez","Dur\u00e9e de lecture estim\u00e9e":"2 minutes"},"schema":{"@context":"https:\/\/schema.org","@graph":[{"@type":"Article","@id":"https:\/\/www.uartes.edu.ec\/sitio\/fr\/blog\/2023\/02\/08\/la-universidad-de-las-artes-participa-de-la-mundialmente-celebre-noche-de-las-ideas\/#article","isPartOf":{"@id":"https:\/\/www.uartes.edu.ec\/sitio\/fr\/blog\/2023\/02\/08\/la-universidad-de-las-artes-participa-de-la-mundialmente-celebre-noche-de-las-ideas\/"},"author":{"name":"ccortez","@id":"https:\/\/www.uartes.edu.ec\/sitio\/fr\/#\/schema\/person\/efa1b8275797664fd7f13a79ccc0b1f4"},"headline":"UArtes participa de la mundialmente c\u00e9lebre \u201cLa Noche de las Ideas\u201d, cuya tem\u00e1tica en este a\u00f1o es 2023: &#8216;\u00bfM\u00e1s?&#8217;","datePublished":"2023-02-08T17:44:29+00:00","dateModified":"2024-07-04T16:21:32+00:00","mainEntityOfPage":{"@id":"https:\/\/www.uartes.edu.ec\/sitio\/fr\/blog\/2023\/02\/08\/la-universidad-de-las-artes-participa-de-la-mundialmente-celebre-noche-de-las-ideas\/"},"wordCount":420,"commentCount":0,"publisher":{"@id":"https:\/\/www.uartes.edu.ec\/sitio\/fr\/#organization"},"image":{"@id":"https:\/\/www.uartes.edu.ec\/sitio\/fr\/blog\/2023\/02\/08\/la-universidad-de-las-artes-participa-de-la-mundialmente-celebre-noche-de-las-ideas\/#primaryimage"},"thumbnailUrl":"https:\/\/www.uartes.edu.ec\/sitio\/wp-content\/uploads\/2023\/02\/NOCHES.jpg","keywords":["alianza","relaciones internacionales"],"articleSection":["2B","Acad\u00e9mico","Docentes","Estudiantes","Gesti\u00f3n","V\u00ednculo"],"inLanguage":"fr-FR","potentialAction":[{"@type":"CommentAction","name":"Comment","target":["https:\/\/www.uartes.edu.ec\/sitio\/fr\/blog\/2023\/02\/08\/la-universidad-de-las-artes-participa-de-la-mundialmente-celebre-noche-de-las-ideas\/#respond"]}]},{"@type":["WebPage","ItemPage"],"@id":"https:\/\/www.uartes.edu.ec\/sitio\/fr\/blog\/2023\/02\/08\/la-universidad-de-las-artes-participa-de-la-mundialmente-celebre-noche-de-las-ideas\/","url":"https:\/\/www.uartes.edu.ec\/sitio\/fr\/blog\/2023\/02\/08\/la-universidad-de-las-artes-participa-de-la-mundialmente-celebre-noche-de-las-ideas\/","name":"Universidad de las Artes - UArtes participa de la mundialmente c\u00e9lebre \u201cLa Noche de las Ideas\u201d, cuya tem\u00e1tica en este a\u00f1o es 2023: '\u00bfM\u00e1s?'","isPartOf":{"@id":"https:\/\/www.uartes.edu.ec\/sitio\/fr\/#website"},"primaryImageOfPage":{"@id":"https:\/\/www.uartes.edu.ec\/sitio\/fr\/blog\/2023\/02\/08\/la-universidad-de-las-artes-participa-de-la-mundialmente-celebre-noche-de-las-ideas\/#primaryimage"},"image":{"@id":"https:\/\/www.uartes.edu.ec\/sitio\/fr\/blog\/2023\/02\/08\/la-universidad-de-las-artes-participa-de-la-mundialmente-celebre-noche-de-las-ideas\/#primaryimage"},"thumbnailUrl":"https:\/\/www.uartes.edu.ec\/sitio\/wp-content\/uploads\/2023\/02\/NOCHES.jpg","datePublished":"2023-02-08T17:44:29+00:00","dateModified":"2024-07-04T16:21:32+00:00","description":"Universidad de las Artes - UArtes participa de la mundialmente c\u00e9lebre \u201cLa Noche de las Ideas\u201d, cuya tem\u00e1tica en este a\u00f1o es 2023: '\u00bfM\u00e1s?'","breadcrumb":{"@id":"https:\/\/www.uartes.edu.ec\/sitio\/fr\/blog\/2023\/02\/08\/la-universidad-de-las-artes-participa-de-la-mundialmente-celebre-noche-de-las-ideas\/#breadcrumb"},"inLanguage":"fr-FR","potentialAction":[{"@type":"ReadAction","target":["https:\/\/www.uartes.edu.ec\/sitio\/fr\/blog\/2023\/02\/08\/la-universidad-de-las-artes-participa-de-la-mundialmente-celebre-noche-de-las-ideas\/"]}]},{"@type":"ImageObject","inLanguage":"fr-FR","@id":"https:\/\/www.uartes.edu.ec\/sitio\/fr\/blog\/2023\/02\/08\/la-universidad-de-las-artes-participa-de-la-mundialmente-celebre-noche-de-las-ideas\/#primaryimage","url":"https:\/\/www.uartes.edu.ec\/sitio\/wp-content\/uploads\/2023\/02\/NOCHES.jpg","contentUrl":"https:\/\/www.uartes.edu.ec\/sitio\/wp-content\/uploads\/2023\/02\/NOCHES.jpg","width":2000,"height":1333},{"@type":"BreadcrumbList","@id":"https:\/\/www.uartes.edu.ec\/sitio\/fr\/blog\/2023\/02\/08\/la-universidad-de-las-artes-participa-de-la-mundialmente-celebre-noche-de-las-ideas\/#breadcrumb","itemListElement":[{"@type":"ListItem","position":1,"name":"Inicio","item":"https:\/\/www.uartes.edu.ec\/sitio\/"},{"@type":"ListItem","position":2,"name":"UArtes participa de la mundialmente c\u00e9lebre \u201cLa Noche de las Ideas\u201d, cuya tem\u00e1tica en este a\u00f1o es 2023: &#8216;\u00bfM\u00e1s?&#8217;"}]},{"@type":"WebSite","@id":"https:\/\/www.uartes.edu.ec\/sitio\/fr\/#website","url":"https:\/\/www.uartes.edu.ec\/sitio\/fr\/","name":"Universidad de las Artes","description":"Sitio oficial de la Universidad Nacional de las Artes del Ecuador","publisher":{"@id":"https:\/\/www.uartes.edu.ec\/sitio\/fr\/#organization"},"potentialAction":[{"@type":"SearchAction","target":{"@type":"EntryPoint","urlTemplate":"https:\/\/www.uartes.edu.ec\/sitio\/fr\/?s={search_term_string}"},"query-input":{"@type":"PropertyValueSpecification","valueRequired":true,"valueName":"search_term_string"}}],"inLanguage":"fr-FR"},{"@type":"Organization","@id":"https:\/\/www.uartes.edu.ec\/sitio\/fr\/#organization","name":"Universidad de las Artes","url":"https:\/\/www.uartes.edu.ec\/sitio\/fr\/","logo":{"@type":"ImageObject","inLanguage":"fr-FR","@id":"https:\/\/www.uartes.edu.ec\/sitio\/fr\/#\/schema\/logo\/image\/","url":"https:\/\/www.uartes.edu.ec\/sitio\/wp-content\/uploads\/2022\/07\/logo-ua-horizontal.png","contentUrl":"https:\/\/www.uartes.edu.ec\/sitio\/wp-content\/uploads\/2022\/07\/logo-ua-horizontal.png","width":800,"height":276,"caption":"Universidad de las Artes"},"image":{"@id":"https:\/\/www.uartes.edu.ec\/sitio\/fr\/#\/schema\/logo\/image\/"},"sameAs":["https:\/\/www.facebook.com\/uartesec","https:\/\/x.com\/uartesec","https:\/\/www.tiktok.com\/@uartesec"]},{"@type":"Person","@id":"https:\/\/www.uartes.edu.ec\/sitio\/fr\/#\/schema\/person\/efa1b8275797664fd7f13a79ccc0b1f4","name":"ccortez","image":{"@type":"ImageObject","inLanguage":"fr-FR","@id":"https:\/\/secure.gravatar.com\/avatar\/b2a6f664a3ae8e074346ef91775736c5ec479e637ecced6842de9dc98b5da9cd?s=96&d=mm&r=g","url":"https:\/\/secure.gravatar.com\/avatar\/b2a6f664a3ae8e074346ef91775736c5ec479e637ecced6842de9dc98b5da9cd?s=96&d=mm&r=g","contentUrl":"https:\/\/secure.gravatar.com\/avatar\/b2a6f664a3ae8e074346ef91775736c5ec479e637ecced6842de9dc98b5da9cd?s=96&d=mm&r=g","caption":"ccortez"},"url":"https:\/\/www.uartes.edu.ec\/sitio\/fr\/blog\/author\/ccortez\/"}]}},"uagb_featured_image_src":{"full":["https:\/\/www.uartes.edu.ec\/sitio\/wp-content\/uploads\/2023\/02\/NOCHES.jpg",2000,1333,false],"thumbnail":["https:\/\/www.uartes.edu.ec\/sitio\/wp-content\/uploads\/2023\/02\/NOCHES-150x150.jpg",150,150,true],"medium":["https:\/\/www.uartes.edu.ec\/sitio\/wp-content\/uploads\/2023\/02\/NOCHES-300x200.jpg",300,200,true],"medium_large":["https:\/\/www.uartes.edu.ec\/sitio\/wp-content\/uploads\/2023\/02\/NOCHES-768x512.jpg",768,512,true],"large":["https:\/\/www.uartes.edu.ec\/sitio\/wp-content\/uploads\/2023\/02\/NOCHES-644x429.jpg",644,429,true],"1536x1536":["https:\/\/www.uartes.edu.ec\/sitio\/wp-content\/uploads\/2023\/02\/NOCHES-1536x1024.jpg",1536,1024,true],"2048x2048":["https:\/\/www.uartes.edu.ec\/sitio\/wp-content\/uploads\/2023\/02\/NOCHES.jpg",2000,1333,false],"trp-custom-language-flag":["https:\/\/www.uartes.edu.ec\/sitio\/wp-content\/uploads\/2023\/02\/NOCHES.jpg",18,12,false],"htmega_size_585x295":["https:\/\/www.uartes.edu.ec\/sitio\/wp-content\/uploads\/2023\/02\/NOCHES-585x295.jpg",585,295,true],"htmega_size_1170x536":["https:\/\/www.uartes.edu.ec\/sitio\/wp-content\/uploads\/2023\/02\/NOCHES-1170x536.jpg",1170,536,true],"htmega_size_396x360":["https:\/\/www.uartes.edu.ec\/sitio\/wp-content\/uploads\/2023\/02\/NOCHES-396x360.jpg",396,360,true],"gb-block-post-grid-landscape":["https:\/\/www.uartes.edu.ec\/sitio\/wp-content\/uploads\/2023\/02\/NOCHES-600x400.jpg",600,400,true],"gb-block-post-grid-square":["https:\/\/www.uartes.edu.ec\/sitio\/wp-content\/uploads\/2023\/02\/NOCHES-600x600.jpg",600,600,true],"university-hub-thumb":["https:\/\/www.uartes.edu.ec\/sitio\/wp-content\/uploads\/2023\/02\/NOCHES-400x267.jpg",400,267,true],"mailpoet_newsletter_max":["https:\/\/www.uartes.edu.ec\/sitio\/wp-content\/uploads\/2023\/02\/NOCHES.jpg",1320,880,false]},"uagb_author_info":{"display_name":"ccortez","author_link":"https:\/\/www.uartes.edu.ec\/sitio\/fr\/blog\/author\/ccortez\/"},"uagb_comment_info":0,"uagb_excerpt":"La Universidad de las Artes participar\u00e1 en la edici\u00f3n 2023 de \u201cLa Noche de las Ideas\u201d de las alianzas francesas de Ecuador, un proyecto impulsado por el Institut Fran\u00e7ais de Par\u00eds desde 2016, en el que, a trav\u00e9s del pensamiento reflexivo, las artes y la cultura cient\u00edfica, se plantean debates contempor\u00e1neos que ocurren simult\u00e1neamente alrededor\u2026","featured_image_src":"https:\/\/www.uartes.edu.ec\/sitio\/wp-content\/uploads\/2023\/02\/NOCHES-600x400.jpg","featured_image_src_square":"https:\/\/www.uartes.edu.ec\/sitio\/wp-content\/uploads\/2023\/02\/NOCHES-600x600.jpg","author_info":{"display_name":"ccortez","author_link":"https:\/\/www.uartes.edu.ec\/sitio\/fr\/blog\/author\/ccortez\/"},"publishpress_future_workflow_manual_trigger":{"enabledWorkflows":[]},"distributor_meta":false,"distributor_terms":false,"distributor_media":false,"distributor_original_site_name":"Universidad de las Artes","distributor_original_site_url":"https:\/\/www.uartes.edu.ec\/sitio\/fr","push-errors":false,"_links":{"self":[{"href":"https:\/\/www.uartes.edu.ec\/sitio\/fr\/wp-json\/wp\/v2\/posts\/37930","targetHints":{"allow":["GET"]}}],"collection":[{"href":"https:\/\/www.uartes.edu.ec\/sitio\/fr\/wp-json\/wp\/v2\/posts"}],"about":[{"href":"https:\/\/www.uartes.edu.ec\/sitio\/fr\/wp-json\/wp\/v2\/types\/post"}],"author":[{"embeddable":true,"href":"https:\/\/www.uartes.edu.ec\/sitio\/fr\/wp-json\/wp\/v2\/users\/10"}],"replies":[{"embeddable":true,"href":"https:\/\/www.uartes.edu.ec\/sitio\/fr\/wp-json\/wp\/v2\/comments?post=37930"}],"version-history":[{"count":12,"href":"https:\/\/www.uartes.edu.ec\/sitio\/fr\/wp-json\/wp\/v2\/posts\/37930\/revisions"}],"predecessor-version":[{"id":38040,"href":"https:\/\/www.uartes.edu.ec\/sitio\/fr\/wp-json\/wp\/v2\/posts\/37930\/revisions\/38040"}],"wp:featuredmedia":[{"embeddable":true,"href":"https:\/\/www.uartes.edu.ec\/sitio\/fr\/wp-json\/wp\/v2\/media\/37932"}],"wp:attachment":[{"href":"https:\/\/www.uartes.edu.ec\/sitio\/fr\/wp-json\/wp\/v2\/media?parent=37930"}],"wp:term":[{"taxonomy":"category","embeddable":true,"href":"https:\/\/www.uartes.edu.ec\/sitio\/fr\/wp-json\/wp\/v2\/categories?post=37930"},{"taxonomy":"post_tag","embeddable":true,"href":"https:\/\/www.uartes.edu.ec\/sitio\/fr\/wp-json\/wp\/v2\/tags?post=37930"},{"taxonomy":"infouartes","embeddable":true,"href":"https:\/\/www.uartes.edu.ec\/sitio\/fr\/wp-json\/wp\/v2\/infouartes?post=37930"}],"curies":[{"name":"wp","href":"https:\/\/api.w.org\/{rel}","templated":true}]}}