{"id":37973,"date":"2023-02-09T17:06:18","date_gmt":"2023-02-09T22:06:18","guid":{"rendered":"http:\/\/www.uartes.edu.ec\/sitio\/?p=37973"},"modified":"2024-07-04T11:21:32","modified_gmt":"2024-07-04T16:21:32","slug":"estudiantes-y-administrativos-uartes-eligieron-a-sus-representantes-ante-el-ocs-y-los-cde","status":"publish","type":"post","link":"https:\/\/www.uartes.edu.ec\/sitio\/fr\/blog\/2023\/02\/09\/estudiantes-y-administrativos-uartes-eligieron-a-sus-representantes-ante-el-ocs-y-los-cde\/","title":{"rendered":"En la UArtes, la comunidad estudiantil y el personal administrativo eligieron a sus representantes ante OCS y  CDE"},"content":{"rendered":"<p>El lunes 6 de febrero de 2023 la Universidad de las Artes cumpli\u00f3 con el proceso democr\u00e1tico en el que su comunidad eligi\u00f3 a sus representantes estudiantiles y administrativos ante el \u00d3rgano Colegiado Superior (OCS) y los Consejos Directivos de Escuela (CDE). El sufragio se realiz\u00f3 de manera electr\u00f3nica y con total normalidad, desde las 08:00 hasta las 17:00.<\/p>\n\n\n\n<p>Posteriormente, el Tribunal Electoral de la UArtes, que preside el docente Rub\u00e9n Riera, se reuni\u00f3 en el segundo piso del patrimonial edificio El Tel\u00e9grafo para revisar y proceder con el conteo de los votantes y votos, lo cual desarroll\u00f3 en presencia del personal t\u00e9cnico y log\u00edstico de las elecciones.<\/p>\n\n\n\n<p>Cabe anotar que, de conformidad con el Art. 71 del Reglamento de Elecciones de la Universidad de las Artes, se procedi\u00f3 luego a la publicaci\u00f3n del Acta Declaratoria de comicios electorales (No. UA-TRIBUNAL ELECTORAL-2023-001-AC-DCEL) y se comunic\u00f3 que, en virtud del Art. 72 del Reglamento Ibidem, la comunidad UArtes pod\u00eda presentar sus impugnaciones a los resultados del proceso del 7 al 8 de febrero.<\/p>\n\n\n\n<p>Cumplido ese tiempo, el Tribunal Electoral de la UArtes inform\u00f3 que no se registraron impugnaciones y que, acorde a lo establecido en el cronograma de elecciones, se ratificar\u00e1 el pr\u00f3ximo 16 de febrero el Acta Declaratoria de los comicios. La posesi\u00f3n de los nuevos representantes estudiantiles y administrativos ante el OCS y los CDE se realizar\u00e1 el 1 de marzo.<\/p>\n\n\n<div class=\"wp-block-image\">\n<figure class=\"aligncenter size-large\"><img fetchpriority=\"high\" decoding=\"async\" width=\"644\" height=\"429\" src=\"http:\/\/www.uartes.edu.ec\/sitio\/wp-content\/uploads\/2023\/02\/TRIBUNAL-5-644x429.jpg\" alt=\"\" class=\"wp-image-37977\" srcset=\"https:\/\/www.uartes.edu.ec\/sitio\/wp-content\/uploads\/2023\/02\/TRIBUNAL-5-644x429.jpg 644w, https:\/\/www.uartes.edu.ec\/sitio\/wp-content\/uploads\/2023\/02\/TRIBUNAL-5-768x511.jpg 768w, https:\/\/www.uartes.edu.ec\/sitio\/wp-content\/uploads\/2023\/02\/TRIBUNAL-5.jpg 2000w, https:\/\/www.uartes.edu.ec\/sitio\/wp-content\/uploads\/2023\/02\/TRIBUNAL-5-600x399.jpg 600w, https:\/\/www.uartes.edu.ec\/sitio\/wp-content\/uploads\/2023\/02\/TRIBUNAL-5-272x182.jpg 272w\" sizes=\"(max-width: 644px) 100vw, 644px\" \/><\/figure>\n<\/div>\n\n\n<p>Con base en las atribuciones especificadas, estas son las listas ganadoras:<\/p>\n\n\n\n<p><strong>Representantes estudiantiles ante el \u00d3rgano Colegiado Superior (OCS)<\/strong><br>-Escuela de Artes Esc\u00e9nicas (Lista MEPA): Abel Josu\u00e9 Berm\u00fadez Alvarado y Eli\u00e1n Alejandro Villavicencio C\u00e1rdenas<br>-Escuela de Artes Sonoras (Lista MEPA): Danny Esteban Robles Vega y Andrea Ver\u00f3nica Abad Pita.<br>-Escuela de Artes Visuales (Lista MEPA): Ailyn Gisella Wong Mendoza y Jos\u00e9 Jonathan Valenzuela Esp\u00edn.<br>-Escuela de Cine (Lista MEPA): Giovanni Andr\u00e9s Contero Acebo y Juan Eduardo Montenegro Viteri.<br>-Escuela de Literatura (Lista MEPA): Rosa Luc\u00eda Quiroz Catuto y Adriana Estefan\u00eda Gavilanes C\u00e1ceres.<br>-Departamento Transversal (Lista MEPA): Noem\u00ed Mar\u00eda Villena Gilbert y Kevin Joshue Alarc\u00f3n Cede\u00f1o.<\/p>\n\n\n\n<p><strong>Representantes administrativos ante los Consejos Directivos de Escuela (CDE)<\/strong><br>-Escuela de Artes Sonoras (Lista Unidad del Compromiso): Graciela Ver\u00f3nica Orellana Echeverr\u00eda y C\u00e9sar Augusto Guevara Macas.<br>-Escuela de Cine (Lista Unidad del Compromiso): Lourdes Patricia Padilla V\u00e1squez y Guillermo Eliseo S\u00e1nchez Villamar.<br>-Escuela de Artes Visuales: Emilia Elizabeth Moreno Posligua y Julio Cesar Viteri G\u00f3mez.<br>-Escuela de Artes Esc\u00e9nicas (Lista Unidad del Compromiso): \u00c1ngel Agust\u00edn Murillo Quimis y Mar\u00eda Fernanda Loor Mart\u00ednez.<\/p>\n\n\n\n<p><strong>Representantes estudiantiles a los Consejos Directivos de Escuela (CDE)<\/strong><br>-Escuela de Literatura (MEPA): Juan Felipe Paredes Bucheli y Anahi Katerine Caiza Jim\u00e9nez.<br>-Escuela de Artes Esc\u00e9nicas (MEPA): Mario Ernesto Correa S\u00e1nchez y Aar\u00f3n Guiseppe Camacho Salazar.<br>-Escuela de Artes Sonoras (MEPA): Gregory Jordy Lynch Sacoto y \u00c1ngela Mallerly Izurieta Alvarado.<br>-Escuela de Artes Visuales (MEPA): Daniel Alberto Lude\u00f1a L\u00f3pez y Pedro Alexander Guevara Nieto.<br>-Escuela de Cine (MEPA): Jair\u00ed Francisco Gereda Garc\u00eda y Dom\u00e9nica Camila Montero Zambrano.<br>-Escuela de Posgrado: Yinna Paola Higuera Bernal y Dami\u00e1n Alejandro Rosero Cazar.<\/p>\n\n\n\n<p><strong>Representante de los servidores y trabajadores al \u00d3rgano Colegiado Superior (OCS)<\/strong><br>-Administrativo (Lista Unidad del Compromiso): Mar\u00eda Ver\u00f3nica Mateus G\u00f3mez y Jos\u00e9 Gerardo Medina Vallejo.<\/p>\n\n\n\n<p>Texto y fotos: Tyrone Maridue\u00f1a Guerrero.<\/p>","protected":false},"excerpt":{"rendered":"<p>La jornada electoral se realiz\u00f3 el pasado 6 de febrero. Para brindar celeridad, eficiencia y eficacia con base en criterios de transparencia e imparcialidad en los comicios, la comunidad estudiantil y el personal administrativo de nuestra instituci\u00f3n eligi\u00f3 a sus representantes ante el \u00d3rgano Colegiado Superior y los Consejos Directivos de Escuela mediante voto electr\u00f3nico, para lo cual cont\u00f3 con el soporte de TICs.<\/p>","protected":false},"author":10,"featured_media":37976,"comment_status":"open","ping_status":"open","sticky":false,"template":"","format":"standard","meta":{"_acf_changed":false,"_uag_custom_page_level_css":"","_monsterinsights_skip_tracking":false,"_monsterinsights_sitenote_active":false,"_monsterinsights_sitenote_note":"","_monsterinsights_sitenote_category":0,"cybocfi_hide_featured_image":"","footnotes":""},"categories":[438,159,150,157,147,76,77,175],"tags":[],"infouartes":[],"class_list":["post-37973","post","type-post","status-publish","format-standard","has-post-thumbnail","hentry","category-administrativos","category-artes-escenicas","category-artes-sonoras","category-artes-visuales","category-cine","category-estudiantes","category-gestion","category-literatura"],"acf":[],"yoast_head":"<!-- This site is optimized with the Yoast SEO plugin v27.4 - https:\/\/yoast.com\/product\/yoast-seo-wordpress\/ -->\n<title>Universidad de las Artes - En la UArtes, la comunidad estudiantil y el personal administrativo eligieron a sus representantes ante OCS y CDE<\/title>\n<meta name=\"description\" content=\"Universidad de las Artes - En la UArtes, la comunidad estudiantil y el personal administrativo eligieron a sus representantes ante OCS y CDE\" \/>\n<meta name=\"robots\" content=\"index, follow, max-snippet:-1, max-image-preview:large, max-video-preview:-1\" \/>\n<link rel=\"canonical\" href=\"https:\/\/www.uartes.edu.ec\/sitio\/fr\/blog\/2023\/02\/09\/estudiantes-y-administrativos-uartes-eligieron-a-sus-representantes-ante-el-ocs-y-los-cde\/\" \/>\n<meta property=\"og:locale\" content=\"fr_FR\" \/>\n<meta property=\"og:type\" content=\"article\" \/>\n<meta property=\"og:title\" content=\"Universidad de las Artes - En la UArtes, la comunidad estudiantil y el personal administrativo eligieron a sus representantes ante OCS y CDE\" \/>\n<meta property=\"og:description\" content=\"Universidad de las Artes - En la UArtes, la comunidad estudiantil y el personal administrativo eligieron a sus representantes ante OCS y CDE\" \/>\n<meta property=\"og:url\" content=\"https:\/\/www.uartes.edu.ec\/sitio\/fr\/blog\/2023\/02\/09\/estudiantes-y-administrativos-uartes-eligieron-a-sus-representantes-ante-el-ocs-y-los-cde\/\" \/>\n<meta property=\"og:site_name\" content=\"Universidad de las Artes\" \/>\n<meta property=\"article:publisher\" content=\"https:\/\/www.facebook.com\/uartesec\" \/>\n<meta property=\"article:published_time\" content=\"2023-02-09T22:06:18+00:00\" \/>\n<meta property=\"article:modified_time\" content=\"2024-07-04T16:21:32+00:00\" \/>\n<meta property=\"og:image\" content=\"https:\/\/www.uartes.edu.ec\/sitio\/wp-content\/uploads\/2023\/02\/TRIBUNAL-1.jpg\" \/>\n\t<meta property=\"og:image:width\" content=\"2000\" \/>\n\t<meta property=\"og:image:height\" content=\"1333\" \/>\n\t<meta property=\"og:image:type\" content=\"image\/jpeg\" \/>\n<meta name=\"author\" content=\"ccortez\" \/>\n<meta name=\"twitter:card\" content=\"summary_large_image\" \/>\n<meta name=\"twitter:creator\" content=\"@uartesec\" \/>\n<meta name=\"twitter:site\" content=\"@uartesec\" \/>\n<meta name=\"twitter:label1\" content=\"\u00c9crit par\" \/>\n\t<meta name=\"twitter:data1\" content=\"ccortez\" \/>\n\t<meta name=\"twitter:label2\" content=\"Dur\u00e9e de lecture estim\u00e9e\" \/>\n\t<meta name=\"twitter:data2\" content=\"3 minutes\" \/>\n<script type=\"application\/ld+json\" class=\"yoast-schema-graph\">{\"@context\":\"https:\\\/\\\/schema.org\",\"@graph\":[{\"@type\":\"Article\",\"@id\":\"https:\\\/\\\/www.uartes.edu.ec\\\/sitio\\\/fr\\\/blog\\\/2023\\\/02\\\/09\\\/estudiantes-y-administrativos-uartes-eligieron-a-sus-representantes-ante-el-ocs-y-los-cde\\\/#article\",\"isPartOf\":{\"@id\":\"https:\\\/\\\/www.uartes.edu.ec\\\/sitio\\\/fr\\\/blog\\\/2023\\\/02\\\/09\\\/estudiantes-y-administrativos-uartes-eligieron-a-sus-representantes-ante-el-ocs-y-los-cde\\\/\"},\"author\":{\"name\":\"ccortez\",\"@id\":\"https:\\\/\\\/www.uartes.edu.ec\\\/sitio\\\/fr\\\/#\\\/schema\\\/person\\\/efa1b8275797664fd7f13a79ccc0b1f4\"},\"headline\":\"En la UArtes, la comunidad estudiantil y el personal administrativo eligieron a sus representantes ante OCS y CDE\",\"datePublished\":\"2023-02-09T22:06:18+00:00\",\"dateModified\":\"2024-07-04T16:21:32+00:00\",\"mainEntityOfPage\":{\"@id\":\"https:\\\/\\\/www.uartes.edu.ec\\\/sitio\\\/fr\\\/blog\\\/2023\\\/02\\\/09\\\/estudiantes-y-administrativos-uartes-eligieron-a-sus-representantes-ante-el-ocs-y-los-cde\\\/\"},\"wordCount\":584,\"commentCount\":0,\"publisher\":{\"@id\":\"https:\\\/\\\/www.uartes.edu.ec\\\/sitio\\\/fr\\\/#organization\"},\"image\":{\"@id\":\"https:\\\/\\\/www.uartes.edu.ec\\\/sitio\\\/fr\\\/blog\\\/2023\\\/02\\\/09\\\/estudiantes-y-administrativos-uartes-eligieron-a-sus-representantes-ante-el-ocs-y-los-cde\\\/#primaryimage\"},\"thumbnailUrl\":\"https:\\\/\\\/www.uartes.edu.ec\\\/sitio\\\/wp-content\\\/uploads\\\/2023\\\/02\\\/TRIBUNAL-1.jpg\",\"articleSection\":[\"Administrativos\",\"Artes Esc\u00e9nicas\",\"Artes Sonoras\",\"Artes Visuales\",\"Cine\",\"Estudiantes\",\"Gesti\u00f3n\",\"Literatura\"],\"inLanguage\":\"fr-FR\",\"potentialAction\":[{\"@type\":\"CommentAction\",\"name\":\"Comment\",\"target\":[\"https:\\\/\\\/www.uartes.edu.ec\\\/sitio\\\/fr\\\/blog\\\/2023\\\/02\\\/09\\\/estudiantes-y-administrativos-uartes-eligieron-a-sus-representantes-ante-el-ocs-y-los-cde\\\/#respond\"]}]},{\"@type\":[\"WebPage\",\"ItemPage\"],\"@id\":\"https:\\\/\\\/www.uartes.edu.ec\\\/sitio\\\/fr\\\/blog\\\/2023\\\/02\\\/09\\\/estudiantes-y-administrativos-uartes-eligieron-a-sus-representantes-ante-el-ocs-y-los-cde\\\/\",\"url\":\"https:\\\/\\\/www.uartes.edu.ec\\\/sitio\\\/fr\\\/blog\\\/2023\\\/02\\\/09\\\/estudiantes-y-administrativos-uartes-eligieron-a-sus-representantes-ante-el-ocs-y-los-cde\\\/\",\"name\":\"Universidad de las Artes - En la UArtes, la comunidad estudiantil y el personal administrativo eligieron a sus representantes ante OCS y CDE\",\"isPartOf\":{\"@id\":\"https:\\\/\\\/www.uartes.edu.ec\\\/sitio\\\/fr\\\/#website\"},\"primaryImageOfPage\":{\"@id\":\"https:\\\/\\\/www.uartes.edu.ec\\\/sitio\\\/fr\\\/blog\\\/2023\\\/02\\\/09\\\/estudiantes-y-administrativos-uartes-eligieron-a-sus-representantes-ante-el-ocs-y-los-cde\\\/#primaryimage\"},\"image\":{\"@id\":\"https:\\\/\\\/www.uartes.edu.ec\\\/sitio\\\/fr\\\/blog\\\/2023\\\/02\\\/09\\\/estudiantes-y-administrativos-uartes-eligieron-a-sus-representantes-ante-el-ocs-y-los-cde\\\/#primaryimage\"},\"thumbnailUrl\":\"https:\\\/\\\/www.uartes.edu.ec\\\/sitio\\\/wp-content\\\/uploads\\\/2023\\\/02\\\/TRIBUNAL-1.jpg\",\"datePublished\":\"2023-02-09T22:06:18+00:00\",\"dateModified\":\"2024-07-04T16:21:32+00:00\",\"description\":\"Universidad de las Artes - En la UArtes, la comunidad estudiantil y el personal administrativo eligieron a sus representantes ante OCS y CDE\",\"breadcrumb\":{\"@id\":\"https:\\\/\\\/www.uartes.edu.ec\\\/sitio\\\/fr\\\/blog\\\/2023\\\/02\\\/09\\\/estudiantes-y-administrativos-uartes-eligieron-a-sus-representantes-ante-el-ocs-y-los-cde\\\/#breadcrumb\"},\"inLanguage\":\"fr-FR\",\"potentialAction\":[{\"@type\":\"ReadAction\",\"target\":[\"https:\\\/\\\/www.uartes.edu.ec\\\/sitio\\\/fr\\\/blog\\\/2023\\\/02\\\/09\\\/estudiantes-y-administrativos-uartes-eligieron-a-sus-representantes-ante-el-ocs-y-los-cde\\\/\"]}]},{\"@type\":\"ImageObject\",\"inLanguage\":\"fr-FR\",\"@id\":\"https:\\\/\\\/www.uartes.edu.ec\\\/sitio\\\/fr\\\/blog\\\/2023\\\/02\\\/09\\\/estudiantes-y-administrativos-uartes-eligieron-a-sus-representantes-ante-el-ocs-y-los-cde\\\/#primaryimage\",\"url\":\"https:\\\/\\\/www.uartes.edu.ec\\\/sitio\\\/wp-content\\\/uploads\\\/2023\\\/02\\\/TRIBUNAL-1.jpg\",\"contentUrl\":\"https:\\\/\\\/www.uartes.edu.ec\\\/sitio\\\/wp-content\\\/uploads\\\/2023\\\/02\\\/TRIBUNAL-1.jpg\",\"width\":2000,\"height\":1333},{\"@type\":\"BreadcrumbList\",\"@id\":\"https:\\\/\\\/www.uartes.edu.ec\\\/sitio\\\/fr\\\/blog\\\/2023\\\/02\\\/09\\\/estudiantes-y-administrativos-uartes-eligieron-a-sus-representantes-ante-el-ocs-y-los-cde\\\/#breadcrumb\",\"itemListElement\":[{\"@type\":\"ListItem\",\"position\":1,\"name\":\"Inicio\",\"item\":\"https:\\\/\\\/www.uartes.edu.ec\\\/sitio\\\/\"},{\"@type\":\"ListItem\",\"position\":2,\"name\":\"En la UArtes, la comunidad estudiantil y el personal administrativo eligieron a sus representantes ante OCS y CDE\"}]},{\"@type\":\"WebSite\",\"@id\":\"https:\\\/\\\/www.uartes.edu.ec\\\/sitio\\\/fr\\\/#website\",\"url\":\"https:\\\/\\\/www.uartes.edu.ec\\\/sitio\\\/fr\\\/\",\"name\":\"Universidad de las Artes\",\"description\":\"Sitio oficial de la Universidad Nacional de las Artes del Ecuador\",\"publisher\":{\"@id\":\"https:\\\/\\\/www.uartes.edu.ec\\\/sitio\\\/fr\\\/#organization\"},\"potentialAction\":[{\"@type\":\"SearchAction\",\"target\":{\"@type\":\"EntryPoint\",\"urlTemplate\":\"https:\\\/\\\/www.uartes.edu.ec\\\/sitio\\\/fr\\\/?s={search_term_string}\"},\"query-input\":{\"@type\":\"PropertyValueSpecification\",\"valueRequired\":true,\"valueName\":\"search_term_string\"}}],\"inLanguage\":\"fr-FR\"},{\"@type\":\"Organization\",\"@id\":\"https:\\\/\\\/www.uartes.edu.ec\\\/sitio\\\/fr\\\/#organization\",\"name\":\"Universidad de las Artes\",\"url\":\"https:\\\/\\\/www.uartes.edu.ec\\\/sitio\\\/fr\\\/\",\"logo\":{\"@type\":\"ImageObject\",\"inLanguage\":\"fr-FR\",\"@id\":\"https:\\\/\\\/www.uartes.edu.ec\\\/sitio\\\/fr\\\/#\\\/schema\\\/logo\\\/image\\\/\",\"url\":\"https:\\\/\\\/www.uartes.edu.ec\\\/sitio\\\/wp-content\\\/uploads\\\/2022\\\/07\\\/logo-ua-horizontal.png\",\"contentUrl\":\"https:\\\/\\\/www.uartes.edu.ec\\\/sitio\\\/wp-content\\\/uploads\\\/2022\\\/07\\\/logo-ua-horizontal.png\",\"width\":800,\"height\":276,\"caption\":\"Universidad de las Artes\"},\"image\":{\"@id\":\"https:\\\/\\\/www.uartes.edu.ec\\\/sitio\\\/fr\\\/#\\\/schema\\\/logo\\\/image\\\/\"},\"sameAs\":[\"https:\\\/\\\/www.facebook.com\\\/uartesec\",\"https:\\\/\\\/x.com\\\/uartesec\",\"https:\\\/\\\/www.tiktok.com\\\/@uartesec\"]},{\"@type\":\"Person\",\"@id\":\"https:\\\/\\\/www.uartes.edu.ec\\\/sitio\\\/fr\\\/#\\\/schema\\\/person\\\/efa1b8275797664fd7f13a79ccc0b1f4\",\"name\":\"ccortez\",\"image\":{\"@type\":\"ImageObject\",\"inLanguage\":\"fr-FR\",\"@id\":\"https:\\\/\\\/secure.gravatar.com\\\/avatar\\\/b2a6f664a3ae8e074346ef91775736c5ec479e637ecced6842de9dc98b5da9cd?s=96&d=mm&r=g\",\"url\":\"https:\\\/\\\/secure.gravatar.com\\\/avatar\\\/b2a6f664a3ae8e074346ef91775736c5ec479e637ecced6842de9dc98b5da9cd?s=96&d=mm&r=g\",\"contentUrl\":\"https:\\\/\\\/secure.gravatar.com\\\/avatar\\\/b2a6f664a3ae8e074346ef91775736c5ec479e637ecced6842de9dc98b5da9cd?s=96&d=mm&r=g\",\"caption\":\"ccortez\"},\"url\":\"https:\\\/\\\/www.uartes.edu.ec\\\/sitio\\\/fr\\\/blog\\\/author\\\/ccortez\\\/\"}]}<\/script>\n<!-- \/ Yoast SEO plugin. -->","yoast_head_json":{"title":"Universidad de las Artes - En la UArtes, la comunidad estudiantil y el personal administrativo eligieron a sus representantes ante OCS y CDE","description":"Universidad de las Artes - En la UArtes, la comunidad estudiantil y el personal administrativo eligieron a sus representantes ante OCS y CDE","robots":{"index":"index","follow":"follow","max-snippet":"max-snippet:-1","max-image-preview":"max-image-preview:large","max-video-preview":"max-video-preview:-1"},"canonical":"https:\/\/www.uartes.edu.ec\/sitio\/fr\/blog\/2023\/02\/09\/estudiantes-y-administrativos-uartes-eligieron-a-sus-representantes-ante-el-ocs-y-los-cde\/","og_locale":"fr_FR","og_type":"article","og_title":"Universidad de las Artes - En la UArtes, la comunidad estudiantil y el personal administrativo eligieron a sus representantes ante OCS y CDE","og_description":"Universidad de las Artes - En la UArtes, la comunidad estudiantil y el personal administrativo eligieron a sus representantes ante OCS y CDE","og_url":"https:\/\/www.uartes.edu.ec\/sitio\/fr\/blog\/2023\/02\/09\/estudiantes-y-administrativos-uartes-eligieron-a-sus-representantes-ante-el-ocs-y-los-cde\/","og_site_name":"Universidad de las Artes","article_publisher":"https:\/\/www.facebook.com\/uartesec","article_published_time":"2023-02-09T22:06:18+00:00","article_modified_time":"2024-07-04T16:21:32+00:00","og_image":[{"width":2000,"height":1333,"url":"https:\/\/www.uartes.edu.ec\/sitio\/wp-content\/uploads\/2023\/02\/TRIBUNAL-1.jpg","type":"image\/jpeg"}],"author":"ccortez","twitter_card":"summary_large_image","twitter_creator":"@uartesec","twitter_site":"@uartesec","twitter_misc":{"\u00c9crit par":"ccortez","Dur\u00e9e de lecture estim\u00e9e":"3 minutes"},"schema":{"@context":"https:\/\/schema.org","@graph":[{"@type":"Article","@id":"https:\/\/www.uartes.edu.ec\/sitio\/fr\/blog\/2023\/02\/09\/estudiantes-y-administrativos-uartes-eligieron-a-sus-representantes-ante-el-ocs-y-los-cde\/#article","isPartOf":{"@id":"https:\/\/www.uartes.edu.ec\/sitio\/fr\/blog\/2023\/02\/09\/estudiantes-y-administrativos-uartes-eligieron-a-sus-representantes-ante-el-ocs-y-los-cde\/"},"author":{"name":"ccortez","@id":"https:\/\/www.uartes.edu.ec\/sitio\/fr\/#\/schema\/person\/efa1b8275797664fd7f13a79ccc0b1f4"},"headline":"En la UArtes, la comunidad estudiantil y el personal administrativo eligieron a sus representantes ante OCS y CDE","datePublished":"2023-02-09T22:06:18+00:00","dateModified":"2024-07-04T16:21:32+00:00","mainEntityOfPage":{"@id":"https:\/\/www.uartes.edu.ec\/sitio\/fr\/blog\/2023\/02\/09\/estudiantes-y-administrativos-uartes-eligieron-a-sus-representantes-ante-el-ocs-y-los-cde\/"},"wordCount":584,"commentCount":0,"publisher":{"@id":"https:\/\/www.uartes.edu.ec\/sitio\/fr\/#organization"},"image":{"@id":"https:\/\/www.uartes.edu.ec\/sitio\/fr\/blog\/2023\/02\/09\/estudiantes-y-administrativos-uartes-eligieron-a-sus-representantes-ante-el-ocs-y-los-cde\/#primaryimage"},"thumbnailUrl":"https:\/\/www.uartes.edu.ec\/sitio\/wp-content\/uploads\/2023\/02\/TRIBUNAL-1.jpg","articleSection":["Administrativos","Artes Esc\u00e9nicas","Artes Sonoras","Artes Visuales","Cine","Estudiantes","Gesti\u00f3n","Literatura"],"inLanguage":"fr-FR","potentialAction":[{"@type":"CommentAction","name":"Comment","target":["https:\/\/www.uartes.edu.ec\/sitio\/fr\/blog\/2023\/02\/09\/estudiantes-y-administrativos-uartes-eligieron-a-sus-representantes-ante-el-ocs-y-los-cde\/#respond"]}]},{"@type":["WebPage","ItemPage"],"@id":"https:\/\/www.uartes.edu.ec\/sitio\/fr\/blog\/2023\/02\/09\/estudiantes-y-administrativos-uartes-eligieron-a-sus-representantes-ante-el-ocs-y-los-cde\/","url":"https:\/\/www.uartes.edu.ec\/sitio\/fr\/blog\/2023\/02\/09\/estudiantes-y-administrativos-uartes-eligieron-a-sus-representantes-ante-el-ocs-y-los-cde\/","name":"Universidad de las Artes - En la UArtes, la comunidad estudiantil y el personal administrativo eligieron a sus representantes ante OCS y CDE","isPartOf":{"@id":"https:\/\/www.uartes.edu.ec\/sitio\/fr\/#website"},"primaryImageOfPage":{"@id":"https:\/\/www.uartes.edu.ec\/sitio\/fr\/blog\/2023\/02\/09\/estudiantes-y-administrativos-uartes-eligieron-a-sus-representantes-ante-el-ocs-y-los-cde\/#primaryimage"},"image":{"@id":"https:\/\/www.uartes.edu.ec\/sitio\/fr\/blog\/2023\/02\/09\/estudiantes-y-administrativos-uartes-eligieron-a-sus-representantes-ante-el-ocs-y-los-cde\/#primaryimage"},"thumbnailUrl":"https:\/\/www.uartes.edu.ec\/sitio\/wp-content\/uploads\/2023\/02\/TRIBUNAL-1.jpg","datePublished":"2023-02-09T22:06:18+00:00","dateModified":"2024-07-04T16:21:32+00:00","description":"Universidad de las Artes - En la UArtes, la comunidad estudiantil y el personal administrativo eligieron a sus representantes ante OCS y CDE","breadcrumb":{"@id":"https:\/\/www.uartes.edu.ec\/sitio\/fr\/blog\/2023\/02\/09\/estudiantes-y-administrativos-uartes-eligieron-a-sus-representantes-ante-el-ocs-y-los-cde\/#breadcrumb"},"inLanguage":"fr-FR","potentialAction":[{"@type":"ReadAction","target":["https:\/\/www.uartes.edu.ec\/sitio\/fr\/blog\/2023\/02\/09\/estudiantes-y-administrativos-uartes-eligieron-a-sus-representantes-ante-el-ocs-y-los-cde\/"]}]},{"@type":"ImageObject","inLanguage":"fr-FR","@id":"https:\/\/www.uartes.edu.ec\/sitio\/fr\/blog\/2023\/02\/09\/estudiantes-y-administrativos-uartes-eligieron-a-sus-representantes-ante-el-ocs-y-los-cde\/#primaryimage","url":"https:\/\/www.uartes.edu.ec\/sitio\/wp-content\/uploads\/2023\/02\/TRIBUNAL-1.jpg","contentUrl":"https:\/\/www.uartes.edu.ec\/sitio\/wp-content\/uploads\/2023\/02\/TRIBUNAL-1.jpg","width":2000,"height":1333},{"@type":"BreadcrumbList","@id":"https:\/\/www.uartes.edu.ec\/sitio\/fr\/blog\/2023\/02\/09\/estudiantes-y-administrativos-uartes-eligieron-a-sus-representantes-ante-el-ocs-y-los-cde\/#breadcrumb","itemListElement":[{"@type":"ListItem","position":1,"name":"Inicio","item":"https:\/\/www.uartes.edu.ec\/sitio\/"},{"@type":"ListItem","position":2,"name":"En la UArtes, la comunidad estudiantil y el personal administrativo eligieron a sus representantes ante OCS y CDE"}]},{"@type":"WebSite","@id":"https:\/\/www.uartes.edu.ec\/sitio\/fr\/#website","url":"https:\/\/www.uartes.edu.ec\/sitio\/fr\/","name":"Universidad de las Artes","description":"Sitio oficial de la Universidad Nacional de las Artes del Ecuador","publisher":{"@id":"https:\/\/www.uartes.edu.ec\/sitio\/fr\/#organization"},"potentialAction":[{"@type":"SearchAction","target":{"@type":"EntryPoint","urlTemplate":"https:\/\/www.uartes.edu.ec\/sitio\/fr\/?s={search_term_string}"},"query-input":{"@type":"PropertyValueSpecification","valueRequired":true,"valueName":"search_term_string"}}],"inLanguage":"fr-FR"},{"@type":"Organization","@id":"https:\/\/www.uartes.edu.ec\/sitio\/fr\/#organization","name":"Universidad de las Artes","url":"https:\/\/www.uartes.edu.ec\/sitio\/fr\/","logo":{"@type":"ImageObject","inLanguage":"fr-FR","@id":"https:\/\/www.uartes.edu.ec\/sitio\/fr\/#\/schema\/logo\/image\/","url":"https:\/\/www.uartes.edu.ec\/sitio\/wp-content\/uploads\/2022\/07\/logo-ua-horizontal.png","contentUrl":"https:\/\/www.uartes.edu.ec\/sitio\/wp-content\/uploads\/2022\/07\/logo-ua-horizontal.png","width":800,"height":276,"caption":"Universidad de las Artes"},"image":{"@id":"https:\/\/www.uartes.edu.ec\/sitio\/fr\/#\/schema\/logo\/image\/"},"sameAs":["https:\/\/www.facebook.com\/uartesec","https:\/\/x.com\/uartesec","https:\/\/www.tiktok.com\/@uartesec"]},{"@type":"Person","@id":"https:\/\/www.uartes.edu.ec\/sitio\/fr\/#\/schema\/person\/efa1b8275797664fd7f13a79ccc0b1f4","name":"ccortez","image":{"@type":"ImageObject","inLanguage":"fr-FR","@id":"https:\/\/secure.gravatar.com\/avatar\/b2a6f664a3ae8e074346ef91775736c5ec479e637ecced6842de9dc98b5da9cd?s=96&d=mm&r=g","url":"https:\/\/secure.gravatar.com\/avatar\/b2a6f664a3ae8e074346ef91775736c5ec479e637ecced6842de9dc98b5da9cd?s=96&d=mm&r=g","contentUrl":"https:\/\/secure.gravatar.com\/avatar\/b2a6f664a3ae8e074346ef91775736c5ec479e637ecced6842de9dc98b5da9cd?s=96&d=mm&r=g","caption":"ccortez"},"url":"https:\/\/www.uartes.edu.ec\/sitio\/fr\/blog\/author\/ccortez\/"}]}},"uagb_featured_image_src":{"full":["https:\/\/www.uartes.edu.ec\/sitio\/wp-content\/uploads\/2023\/02\/TRIBUNAL-1.jpg",2000,1333,false],"thumbnail":["https:\/\/www.uartes.edu.ec\/sitio\/wp-content\/uploads\/2023\/02\/TRIBUNAL-1-150x150.jpg",150,150,true],"medium":["https:\/\/www.uartes.edu.ec\/sitio\/wp-content\/uploads\/2023\/02\/TRIBUNAL-1-300x200.jpg",300,200,true],"medium_large":["https:\/\/www.uartes.edu.ec\/sitio\/wp-content\/uploads\/2023\/02\/TRIBUNAL-1-768x512.jpg",768,512,true],"large":["https:\/\/www.uartes.edu.ec\/sitio\/wp-content\/uploads\/2023\/02\/TRIBUNAL-1-644x429.jpg",644,429,true],"1536x1536":["https:\/\/www.uartes.edu.ec\/sitio\/wp-content\/uploads\/2023\/02\/TRIBUNAL-1-1536x1024.jpg",1536,1024,true],"2048x2048":["https:\/\/www.uartes.edu.ec\/sitio\/wp-content\/uploads\/2023\/02\/TRIBUNAL-1.jpg",2000,1333,false],"trp-custom-language-flag":["https:\/\/www.uartes.edu.ec\/sitio\/wp-content\/uploads\/2023\/02\/TRIBUNAL-1.jpg",18,12,false],"htmega_size_585x295":["https:\/\/www.uartes.edu.ec\/sitio\/wp-content\/uploads\/2023\/02\/TRIBUNAL-1-585x295.jpg",585,295,true],"htmega_size_1170x536":["https:\/\/www.uartes.edu.ec\/sitio\/wp-content\/uploads\/2023\/02\/TRIBUNAL-1-1170x536.jpg",1170,536,true],"htmega_size_396x360":["https:\/\/www.uartes.edu.ec\/sitio\/wp-content\/uploads\/2023\/02\/TRIBUNAL-1-396x360.jpg",396,360,true],"gb-block-post-grid-landscape":["https:\/\/www.uartes.edu.ec\/sitio\/wp-content\/uploads\/2023\/02\/TRIBUNAL-1-600x400.jpg",600,400,true],"gb-block-post-grid-square":["https:\/\/www.uartes.edu.ec\/sitio\/wp-content\/uploads\/2023\/02\/TRIBUNAL-1-600x600.jpg",600,600,true],"university-hub-thumb":["https:\/\/www.uartes.edu.ec\/sitio\/wp-content\/uploads\/2023\/02\/TRIBUNAL-1-400x267.jpg",400,267,true],"mailpoet_newsletter_max":["https:\/\/www.uartes.edu.ec\/sitio\/wp-content\/uploads\/2023\/02\/TRIBUNAL-1.jpg",1320,880,false]},"uagb_author_info":{"display_name":"ccortez","author_link":"https:\/\/www.uartes.edu.ec\/sitio\/fr\/blog\/author\/ccortez\/"},"uagb_comment_info":0,"uagb_excerpt":"La jornada electoral se realiz\u00f3 el pasado 6 de febrero. Para brindar celeridad, eficiencia y eficacia con base en criterios de transparencia e imparcialidad en los comicios, la comunidad estudiantil y el personal administrativo de nuestra instituci\u00f3n eligi\u00f3 a sus representantes ante el \u00d3rgano Colegiado Superior y los Consejos Directivos de Escuela mediante voto electr\u00f3nico,\u2026","featured_image_src":"https:\/\/www.uartes.edu.ec\/sitio\/wp-content\/uploads\/2023\/02\/TRIBUNAL-1-600x400.jpg","featured_image_src_square":"https:\/\/www.uartes.edu.ec\/sitio\/wp-content\/uploads\/2023\/02\/TRIBUNAL-1-600x600.jpg","author_info":{"display_name":"ccortez","author_link":"https:\/\/www.uartes.edu.ec\/sitio\/fr\/blog\/author\/ccortez\/"},"publishpress_future_workflow_manual_trigger":{"enabledWorkflows":[]},"distributor_meta":false,"distributor_terms":false,"distributor_media":false,"distributor_original_site_name":"Universidad de las Artes","distributor_original_site_url":"https:\/\/www.uartes.edu.ec\/sitio\/fr","push-errors":false,"_links":{"self":[{"href":"https:\/\/www.uartes.edu.ec\/sitio\/fr\/wp-json\/wp\/v2\/posts\/37973","targetHints":{"allow":["GET"]}}],"collection":[{"href":"https:\/\/www.uartes.edu.ec\/sitio\/fr\/wp-json\/wp\/v2\/posts"}],"about":[{"href":"https:\/\/www.uartes.edu.ec\/sitio\/fr\/wp-json\/wp\/v2\/types\/post"}],"author":[{"embeddable":true,"href":"https:\/\/www.uartes.edu.ec\/sitio\/fr\/wp-json\/wp\/v2\/users\/10"}],"replies":[{"embeddable":true,"href":"https:\/\/www.uartes.edu.ec\/sitio\/fr\/wp-json\/wp\/v2\/comments?post=37973"}],"version-history":[{"count":21,"href":"https:\/\/www.uartes.edu.ec\/sitio\/fr\/wp-json\/wp\/v2\/posts\/37973\/revisions"}],"predecessor-version":[{"id":44965,"href":"https:\/\/www.uartes.edu.ec\/sitio\/fr\/wp-json\/wp\/v2\/posts\/37973\/revisions\/44965"}],"wp:featuredmedia":[{"embeddable":true,"href":"https:\/\/www.uartes.edu.ec\/sitio\/fr\/wp-json\/wp\/v2\/media\/37976"}],"wp:attachment":[{"href":"https:\/\/www.uartes.edu.ec\/sitio\/fr\/wp-json\/wp\/v2\/media?parent=37973"}],"wp:term":[{"taxonomy":"category","embeddable":true,"href":"https:\/\/www.uartes.edu.ec\/sitio\/fr\/wp-json\/wp\/v2\/categories?post=37973"},{"taxonomy":"post_tag","embeddable":true,"href":"https:\/\/www.uartes.edu.ec\/sitio\/fr\/wp-json\/wp\/v2\/tags?post=37973"},{"taxonomy":"infouartes","embeddable":true,"href":"https:\/\/www.uartes.edu.ec\/sitio\/fr\/wp-json\/wp\/v2\/infouartes?post=37973"}],"curies":[{"name":"wp","href":"https:\/\/api.w.org\/{rel}","templated":true}]}}