{"id":38186,"date":"2023-02-10T14:50:00","date_gmt":"2023-02-10T19:50:00","guid":{"rendered":"http:\/\/www.uartes.edu.ec\/sitio\/?p=38186"},"modified":"2024-07-04T11:21:31","modified_gmt":"2024-07-04T16:21:31","slug":"en-seminario-taller-se-analizo-proceso-del-proyecto-pacha-estudiantes-pidieron-mas-trabajo-comunitario","status":"publish","type":"post","link":"https:\/\/www.uartes.edu.ec\/sitio\/fr\/blog\/2023\/02\/10\/en-seminario-taller-se-analizo-proceso-del-proyecto-pacha-estudiantes-pidieron-mas-trabajo-comunitario\/","title":{"rendered":"Seminario taller analiz\u00f3 procesos del Proyecto Pacha, dos a\u00f1os en territorio"},"content":{"rendered":"<p>Con las presentaciones de las Cantoras de Palenque y del grupo Reviviendo los Tambores en el Pasaje Illingworth, campus centro de la UArtes, culmin\u00f3 la tarde del 8 de febrero el \u201cSeminario Taller: Arte, Interculturalidad e intervenci\u00f3n comunitaria\u201d, iniciado por la ma\u00f1ana en la Biblioteca de las Artes. All\u00ed tuvieron lugar ponencias y se conformaron mesas de di\u00e1logo para reflexionar entorno al proceso del Proyecto Pacha en estos dos \u00faltimos a\u00f1os y so\u00f1ar en conjunto nuevos caminos de cara a futuros retos.<\/p>\n\n\n\n<p>El seminario taller lo organizaron los docentes de la asignatura Laboratorio en la Comunidad, del Departamento&nbsp;Transversal de Teor\u00edas Cr\u00edticas y Pr\u00e1cticas Experimentales de la UArtes, quienes ejecutan el proyecto. Hubo intervenciones desde el \u00e1mbito acad\u00e9mico y de las comunidades, coment\u00f3 Luis P\u00e1ez, quien interviene en Pacha junto con Natalia Tamayo.<\/p>\n\n\n\n<p>En su participaci\u00f3n, Tamayo mencion\u00f3 la importancia que tienen las pr\u00e1cticas art\u00edsticas para el desarrollo comunitario y los procesos de interaprendizaje. Dijo que, durante cuatro semestres, m\u00e1s de 500 estudiantes UArtes se involucraron con organizaciones comunitarias y pobladores de la Isla Trinitaria para consolidar procesos de corta y larga duraci\u00f3n atravesados por el arte.<\/p>\n\n\n<div class=\"wp-block-image\">\n<figure class=\"aligncenter size-large\"><img fetchpriority=\"high\" decoding=\"async\" width=\"644\" height=\"429\" src=\"http:\/\/www.uartes.edu.ec\/sitio\/wp-content\/uploads\/2023\/02\/03-SEMINARIO-TALLER-PACHA-644x429.jpg\" alt=\"\" class=\"wp-image-38188\" srcset=\"https:\/\/www.uartes.edu.ec\/sitio\/wp-content\/uploads\/2023\/02\/03-SEMINARIO-TALLER-PACHA-644x429.jpg 644w, https:\/\/www.uartes.edu.ec\/sitio\/wp-content\/uploads\/2023\/02\/03-SEMINARIO-TALLER-PACHA-768x511.jpg 768w, https:\/\/www.uartes.edu.ec\/sitio\/wp-content\/uploads\/2023\/02\/03-SEMINARIO-TALLER-PACHA.jpg 2000w, https:\/\/www.uartes.edu.ec\/sitio\/wp-content\/uploads\/2023\/02\/03-SEMINARIO-TALLER-PACHA-600x399.jpg 600w, https:\/\/www.uartes.edu.ec\/sitio\/wp-content\/uploads\/2023\/02\/03-SEMINARIO-TALLER-PACHA-272x182.jpg 272w\" sizes=\"(max-width: 644px) 100vw, 644px\" \/><\/figure>\n<\/div>\n\n<div class=\"wp-block-image\">\n<figure class=\"aligncenter size-large\"><img decoding=\"async\" width=\"644\" height=\"429\" src=\"http:\/\/www.uartes.edu.ec\/sitio\/wp-content\/uploads\/2023\/02\/01-SEMINARIO-TALLER-PACHA-644x429.jpg\" alt=\"\" class=\"wp-image-38189\" srcset=\"https:\/\/www.uartes.edu.ec\/sitio\/wp-content\/uploads\/2023\/02\/01-SEMINARIO-TALLER-PACHA-644x429.jpg 644w, https:\/\/www.uartes.edu.ec\/sitio\/wp-content\/uploads\/2023\/02\/01-SEMINARIO-TALLER-PACHA-768x511.jpg 768w, https:\/\/www.uartes.edu.ec\/sitio\/wp-content\/uploads\/2023\/02\/01-SEMINARIO-TALLER-PACHA.jpg 2000w, https:\/\/www.uartes.edu.ec\/sitio\/wp-content\/uploads\/2023\/02\/01-SEMINARIO-TALLER-PACHA-600x399.jpg 600w, https:\/\/www.uartes.edu.ec\/sitio\/wp-content\/uploads\/2023\/02\/01-SEMINARIO-TALLER-PACHA-272x182.jpg 272w\" sizes=\"(max-width: 644px) 100vw, 644px\" \/><\/figure>\n<\/div>\n\n\n<p>Lo hicieron dise\u00f1ando talleres de mediaci\u00f3n cultural, que se convirtieron en talleres de motivaci\u00f3n lectora, de pintura, de teatro y de danza; conformaron peque\u00f1os coros de ni\u00f1os y aprovecharon la m\u00fasica para trabajar tambi\u00e9n con adultos mayores. \u201cPrecisamente, el seminario taller busca poner en valor las pr\u00e1cticas art\u00edsticas analizadas desde las voces de acad\u00e9micos, organizaciones sociales, docentes y los mismos alumnos\u201d.<\/p>\n\n\n\n<p>En el encuentro intervinieron, entre otros, el vicerrector Acad\u00e9mico, Bradley Hilgert; Yulianela P\u00e9rez, directora de la Unidad Transversal; Patricia Toro, representante de la Asociaci\u00f3n&nbsp;Comunitaria&nbsp;Hilarte; Carlos Valencia, de&nbsp;Karib\u00fa; Sonia Viveros, de la Fundaci\u00f3n Az\u00facar, y mediante la plataforma de Zoom la acad\u00e9mica Kathya Hern\u00e1ndez. Posteriormente, se formaron mesas de di\u00e1logo para analizar inquietudes en torno a Pacha, la interculturalidad y los procesos pedag\u00f3gicos relacionados con las artes en la comunidad.<\/p>\n\n\n\n<p>Toro resalt\u00f3 la importancia de reflexionar cualquier pr\u00e1ctica, sobre todo las art\u00edsticas en territorio porque son nuevas, crean lecturas diferentes de la realidad \u201cy en esos espacios nos permiten escucharnos. Es interesante parar para reflexionar, lo cual nos hace volver a caminar mejor\u201d.<\/p>\n\n\n<div class=\"wp-block-image\">\n<figure class=\"aligncenter size-large\"><img decoding=\"async\" width=\"644\" height=\"429\" src=\"http:\/\/www.uartes.edu.ec\/sitio\/wp-content\/uploads\/2023\/02\/09-SEMINARIO-TALLER-PACHA-644x429.jpg\" alt=\"\" class=\"wp-image-38190\" srcset=\"https:\/\/www.uartes.edu.ec\/sitio\/wp-content\/uploads\/2023\/02\/09-SEMINARIO-TALLER-PACHA-644x429.jpg 644w, https:\/\/www.uartes.edu.ec\/sitio\/wp-content\/uploads\/2023\/02\/09-SEMINARIO-TALLER-PACHA-768x511.jpg 768w, https:\/\/www.uartes.edu.ec\/sitio\/wp-content\/uploads\/2023\/02\/09-SEMINARIO-TALLER-PACHA.jpg 2000w, https:\/\/www.uartes.edu.ec\/sitio\/wp-content\/uploads\/2023\/02\/09-SEMINARIO-TALLER-PACHA-600x399.jpg 600w, https:\/\/www.uartes.edu.ec\/sitio\/wp-content\/uploads\/2023\/02\/09-SEMINARIO-TALLER-PACHA-272x182.jpg 272w\" sizes=\"(max-width: 644px) 100vw, 644px\" \/><\/figure>\n<\/div>\n\n<div class=\"wp-block-image\">\n<figure class=\"aligncenter size-large\"><img loading=\"lazy\" decoding=\"async\" width=\"644\" height=\"429\" src=\"http:\/\/www.uartes.edu.ec\/sitio\/wp-content\/uploads\/2023\/02\/10-SEMINARIO-TALLER-PACHA-644x429.jpg\" alt=\"\" class=\"wp-image-38191\" srcset=\"https:\/\/www.uartes.edu.ec\/sitio\/wp-content\/uploads\/2023\/02\/10-SEMINARIO-TALLER-PACHA-644x429.jpg 644w, https:\/\/www.uartes.edu.ec\/sitio\/wp-content\/uploads\/2023\/02\/10-SEMINARIO-TALLER-PACHA-768x511.jpg 768w, https:\/\/www.uartes.edu.ec\/sitio\/wp-content\/uploads\/2023\/02\/10-SEMINARIO-TALLER-PACHA.jpg 2000w, https:\/\/www.uartes.edu.ec\/sitio\/wp-content\/uploads\/2023\/02\/10-SEMINARIO-TALLER-PACHA-600x399.jpg 600w, https:\/\/www.uartes.edu.ec\/sitio\/wp-content\/uploads\/2023\/02\/10-SEMINARIO-TALLER-PACHA-272x182.jpg 272w\" sizes=\"(max-width: 644px) 100vw, 644px\" \/><\/figure>\n<\/div>\n\n\n<p>Las mesas de di\u00e1logo tuvieron unos 50 participantes, entre miembros de la comunidad y estudiantes. \u201cEs importante escucharlos respecto al trabajo en territorio y los aportes que tienen o no en su proceso pedag\u00f3gico formativo, de c\u00f3mo quiz\u00e1s las artes pueden o no aportar al desarrollo comunitario, barrial, a la transformaci\u00f3n de la sociedad\u201d, anot\u00f3 P\u00e1ez.<\/p>\n\n\n\n<p>A\u00f1adi\u00f3 que Pacha culminaba en este semestre, pero decidieron ampliarlo un a\u00f1o m\u00e1s debido a los resultados obtenidos tanto para las comunidades como para los estudiantes que han tenido la oportunidad de vivir la experiencia de aula expandida, de salir y conocer otras realidades.<\/p>\n\n\n\n<p>La comunidad, los derechos culturales, la memoria y la identidad y lo que transversalmente signific\u00f3 Pacha; lo aprendido, las experiencias y posibles rutas a seguir fueron algunos de los temas abordados en las mesas de di\u00e1logo, cuyos resultados se conocieron en una plenaria. \u201cCada mesa ha aportado diferentes l\u00edneas y metodolog\u00eda del trabajo comunitario. Los chicos han concluido que la experiencia los ha vivificado y permitido reconocer y reconocerse\u201d, indic\u00f3 Tamayo.<\/p>\n\n\n\n<p>A\u00f1adi\u00f3 que, entre las conclusiones, se pidi\u00f3 m\u00e1s trabajo comunitario y que se inicie desde la primera clase. El estudiante Harold Franco destac\u00f3 el intercambio conseguido con la comunidad y poder conocer nuevas realidades. El arte es un aporte a la transformaci\u00f3n de las mentalidades y de tener opciones. \u201dEncontramos peque\u00f1os actores, m\u00fasicos y cantantes o adultos que a sus 40 a\u00f1os quieren cantar; hemos aprendido de los grandes, peque\u00f1os y pares\u201d.<\/p>\n\n\n<div class=\"wp-block-image\">\n<figure class=\"aligncenter size-large\"><img loading=\"lazy\" decoding=\"async\" width=\"644\" height=\"429\" src=\"http:\/\/www.uartes.edu.ec\/sitio\/wp-content\/uploads\/2023\/02\/06-SEMINARIO-TALLER-PACHA-644x429.jpg\" alt=\"\" class=\"wp-image-38192\" srcset=\"https:\/\/www.uartes.edu.ec\/sitio\/wp-content\/uploads\/2023\/02\/06-SEMINARIO-TALLER-PACHA-644x429.jpg 644w, https:\/\/www.uartes.edu.ec\/sitio\/wp-content\/uploads\/2023\/02\/06-SEMINARIO-TALLER-PACHA-768x511.jpg 768w, https:\/\/www.uartes.edu.ec\/sitio\/wp-content\/uploads\/2023\/02\/06-SEMINARIO-TALLER-PACHA.jpg 2000w, https:\/\/www.uartes.edu.ec\/sitio\/wp-content\/uploads\/2023\/02\/06-SEMINARIO-TALLER-PACHA-600x399.jpg 600w, https:\/\/www.uartes.edu.ec\/sitio\/wp-content\/uploads\/2023\/02\/06-SEMINARIO-TALLER-PACHA-272x182.jpg 272w\" sizes=\"(max-width: 644px) 100vw, 644px\" \/><\/figure>\n<\/div>","protected":false},"excerpt":{"rendered":"<p>Con las presentaciones de las Cantoras de Palenque y del grupo Reviviendo los Tambores en el Pasaje Illingworth, culmin\u00f3 la tarde del 8 de febrero el \u201cSeminario Taller: Arte, Interculturalidad e intervenci\u00f3n comunitaria\u201d, iniciado por la ma\u00f1ana en la Biblioteca de las Artes. All\u00ed tuvieron lugar ponencias y se conformaron mesas de di\u00e1logo para reflexionar entorno al proceso del Proyecto Pacha.<\/p>","protected":false},"author":10,"featured_media":38187,"comment_status":"open","ping_status":"open","sticky":false,"template":"","format":"standard","meta":{"_acf_changed":false,"_uag_custom_page_level_css":"","_monsterinsights_skip_tracking":false,"_monsterinsights_sitenote_active":false,"_monsterinsights_sitenote_note":"","_monsterinsights_sitenote_category":0,"cybocfi_hide_featured_image":"","footnotes":""},"categories":[712,159,150,157,147,75,76,175,79],"tags":[540],"infouartes":[],"class_list":["post-38186","post","type-post","status-publish","format-standard","has-post-thumbnail","hentry","category-1a","category-artes-escenicas","category-artes-sonoras","category-artes-visuales","category-cine","category-docentes","category-estudiantes","category-literatura","category-vinculo","tag-proyecto"],"acf":[],"yoast_head":"<!-- This site is optimized with the Yoast SEO plugin v27.4 - https:\/\/yoast.com\/product\/yoast-seo-wordpress\/ -->\n<title>Universidad de las Artes - Seminario taller analiz\u00f3 procesos del Proyecto Pacha, dos a\u00f1os en territorio<\/title>\n<meta name=\"description\" content=\"Universidad de las Artes - Seminario taller analiz\u00f3 procesos del Proyecto Pacha, dos a\u00f1os en territorio\" \/>\n<meta name=\"robots\" content=\"index, follow, max-snippet:-1, max-image-preview:large, max-video-preview:-1\" \/>\n<link rel=\"canonical\" href=\"https:\/\/www.uartes.edu.ec\/sitio\/fr\/blog\/2023\/02\/10\/en-seminario-taller-se-analizo-proceso-del-proyecto-pacha-estudiantes-pidieron-mas-trabajo-comunitario\/\" \/>\n<meta property=\"og:locale\" content=\"fr_FR\" \/>\n<meta property=\"og:type\" content=\"article\" \/>\n<meta property=\"og:title\" content=\"Universidad de las Artes - Seminario taller analiz\u00f3 procesos del Proyecto Pacha, dos a\u00f1os en territorio\" \/>\n<meta property=\"og:description\" content=\"Universidad de las Artes - Seminario taller analiz\u00f3 procesos del Proyecto Pacha, dos a\u00f1os en territorio\" \/>\n<meta property=\"og:url\" content=\"https:\/\/www.uartes.edu.ec\/sitio\/fr\/blog\/2023\/02\/10\/en-seminario-taller-se-analizo-proceso-del-proyecto-pacha-estudiantes-pidieron-mas-trabajo-comunitario\/\" \/>\n<meta property=\"og:site_name\" content=\"Universidad de las Artes\" \/>\n<meta property=\"article:publisher\" content=\"https:\/\/www.facebook.com\/uartesec\" \/>\n<meta property=\"article:published_time\" content=\"2023-02-10T19:50:00+00:00\" \/>\n<meta property=\"article:modified_time\" content=\"2024-07-04T16:21:31+00:00\" \/>\n<meta property=\"og:image\" content=\"https:\/\/www.uartes.edu.ec\/sitio\/wp-content\/uploads\/2023\/02\/07-SEMINARIO-TALLER-PACHA.jpg\" \/>\n\t<meta property=\"og:image:width\" content=\"2000\" \/>\n\t<meta property=\"og:image:height\" content=\"1333\" \/>\n\t<meta property=\"og:image:type\" content=\"image\/jpeg\" \/>\n<meta name=\"author\" content=\"ccortez\" \/>\n<meta name=\"twitter:card\" content=\"summary_large_image\" \/>\n<meta name=\"twitter:creator\" content=\"@uartesec\" \/>\n<meta name=\"twitter:site\" content=\"@uartesec\" \/>\n<meta name=\"twitter:label1\" content=\"\u00c9crit par\" \/>\n\t<meta name=\"twitter:data1\" content=\"ccortez\" \/>\n\t<meta name=\"twitter:label2\" content=\"Dur\u00e9e de lecture estim\u00e9e\" \/>\n\t<meta name=\"twitter:data2\" content=\"4 minutes\" \/>\n<script type=\"application\/ld+json\" class=\"yoast-schema-graph\">{\"@context\":\"https:\\\/\\\/schema.org\",\"@graph\":[{\"@type\":\"Article\",\"@id\":\"https:\\\/\\\/www.uartes.edu.ec\\\/sitio\\\/fr\\\/blog\\\/2023\\\/02\\\/10\\\/en-seminario-taller-se-analizo-proceso-del-proyecto-pacha-estudiantes-pidieron-mas-trabajo-comunitario\\\/#article\",\"isPartOf\":{\"@id\":\"https:\\\/\\\/www.uartes.edu.ec\\\/sitio\\\/fr\\\/blog\\\/2023\\\/02\\\/10\\\/en-seminario-taller-se-analizo-proceso-del-proyecto-pacha-estudiantes-pidieron-mas-trabajo-comunitario\\\/\"},\"author\":{\"name\":\"ccortez\",\"@id\":\"https:\\\/\\\/www.uartes.edu.ec\\\/sitio\\\/fr\\\/#\\\/schema\\\/person\\\/efa1b8275797664fd7f13a79ccc0b1f4\"},\"headline\":\"Seminario taller analiz\u00f3 procesos del Proyecto Pacha, dos a\u00f1os en territorio\",\"datePublished\":\"2023-02-10T19:50:00+00:00\",\"dateModified\":\"2024-07-04T16:21:31+00:00\",\"mainEntityOfPage\":{\"@id\":\"https:\\\/\\\/www.uartes.edu.ec\\\/sitio\\\/fr\\\/blog\\\/2023\\\/02\\\/10\\\/en-seminario-taller-se-analizo-proceso-del-proyecto-pacha-estudiantes-pidieron-mas-trabajo-comunitario\\\/\"},\"wordCount\":673,\"commentCount\":0,\"publisher\":{\"@id\":\"https:\\\/\\\/www.uartes.edu.ec\\\/sitio\\\/fr\\\/#organization\"},\"image\":{\"@id\":\"https:\\\/\\\/www.uartes.edu.ec\\\/sitio\\\/fr\\\/blog\\\/2023\\\/02\\\/10\\\/en-seminario-taller-se-analizo-proceso-del-proyecto-pacha-estudiantes-pidieron-mas-trabajo-comunitario\\\/#primaryimage\"},\"thumbnailUrl\":\"https:\\\/\\\/www.uartes.edu.ec\\\/sitio\\\/wp-content\\\/uploads\\\/2023\\\/02\\\/07-SEMINARIO-TALLER-PACHA.jpg\",\"keywords\":[\"proyecto\"],\"articleSection\":[\"1A\",\"Artes Esc\u00e9nicas\",\"Artes Sonoras\",\"Artes Visuales\",\"Cine\",\"Docentes\",\"Estudiantes\",\"Literatura\",\"V\u00ednculo\"],\"inLanguage\":\"fr-FR\",\"potentialAction\":[{\"@type\":\"CommentAction\",\"name\":\"Comment\",\"target\":[\"https:\\\/\\\/www.uartes.edu.ec\\\/sitio\\\/fr\\\/blog\\\/2023\\\/02\\\/10\\\/en-seminario-taller-se-analizo-proceso-del-proyecto-pacha-estudiantes-pidieron-mas-trabajo-comunitario\\\/#respond\"]}]},{\"@type\":[\"WebPage\",\"ItemPage\"],\"@id\":\"https:\\\/\\\/www.uartes.edu.ec\\\/sitio\\\/fr\\\/blog\\\/2023\\\/02\\\/10\\\/en-seminario-taller-se-analizo-proceso-del-proyecto-pacha-estudiantes-pidieron-mas-trabajo-comunitario\\\/\",\"url\":\"https:\\\/\\\/www.uartes.edu.ec\\\/sitio\\\/fr\\\/blog\\\/2023\\\/02\\\/10\\\/en-seminario-taller-se-analizo-proceso-del-proyecto-pacha-estudiantes-pidieron-mas-trabajo-comunitario\\\/\",\"name\":\"Universidad de las Artes - Seminario taller analiz\u00f3 procesos del Proyecto Pacha, dos a\u00f1os en territorio\",\"isPartOf\":{\"@id\":\"https:\\\/\\\/www.uartes.edu.ec\\\/sitio\\\/fr\\\/#website\"},\"primaryImageOfPage\":{\"@id\":\"https:\\\/\\\/www.uartes.edu.ec\\\/sitio\\\/fr\\\/blog\\\/2023\\\/02\\\/10\\\/en-seminario-taller-se-analizo-proceso-del-proyecto-pacha-estudiantes-pidieron-mas-trabajo-comunitario\\\/#primaryimage\"},\"image\":{\"@id\":\"https:\\\/\\\/www.uartes.edu.ec\\\/sitio\\\/fr\\\/blog\\\/2023\\\/02\\\/10\\\/en-seminario-taller-se-analizo-proceso-del-proyecto-pacha-estudiantes-pidieron-mas-trabajo-comunitario\\\/#primaryimage\"},\"thumbnailUrl\":\"https:\\\/\\\/www.uartes.edu.ec\\\/sitio\\\/wp-content\\\/uploads\\\/2023\\\/02\\\/07-SEMINARIO-TALLER-PACHA.jpg\",\"datePublished\":\"2023-02-10T19:50:00+00:00\",\"dateModified\":\"2024-07-04T16:21:31+00:00\",\"description\":\"Universidad de las Artes - Seminario taller analiz\u00f3 procesos del Proyecto Pacha, dos a\u00f1os en territorio\",\"breadcrumb\":{\"@id\":\"https:\\\/\\\/www.uartes.edu.ec\\\/sitio\\\/fr\\\/blog\\\/2023\\\/02\\\/10\\\/en-seminario-taller-se-analizo-proceso-del-proyecto-pacha-estudiantes-pidieron-mas-trabajo-comunitario\\\/#breadcrumb\"},\"inLanguage\":\"fr-FR\",\"potentialAction\":[{\"@type\":\"ReadAction\",\"target\":[\"https:\\\/\\\/www.uartes.edu.ec\\\/sitio\\\/fr\\\/blog\\\/2023\\\/02\\\/10\\\/en-seminario-taller-se-analizo-proceso-del-proyecto-pacha-estudiantes-pidieron-mas-trabajo-comunitario\\\/\"]}]},{\"@type\":\"ImageObject\",\"inLanguage\":\"fr-FR\",\"@id\":\"https:\\\/\\\/www.uartes.edu.ec\\\/sitio\\\/fr\\\/blog\\\/2023\\\/02\\\/10\\\/en-seminario-taller-se-analizo-proceso-del-proyecto-pacha-estudiantes-pidieron-mas-trabajo-comunitario\\\/#primaryimage\",\"url\":\"https:\\\/\\\/www.uartes.edu.ec\\\/sitio\\\/wp-content\\\/uploads\\\/2023\\\/02\\\/07-SEMINARIO-TALLER-PACHA.jpg\",\"contentUrl\":\"https:\\\/\\\/www.uartes.edu.ec\\\/sitio\\\/wp-content\\\/uploads\\\/2023\\\/02\\\/07-SEMINARIO-TALLER-PACHA.jpg\",\"width\":2000,\"height\":1333},{\"@type\":\"BreadcrumbList\",\"@id\":\"https:\\\/\\\/www.uartes.edu.ec\\\/sitio\\\/fr\\\/blog\\\/2023\\\/02\\\/10\\\/en-seminario-taller-se-analizo-proceso-del-proyecto-pacha-estudiantes-pidieron-mas-trabajo-comunitario\\\/#breadcrumb\",\"itemListElement\":[{\"@type\":\"ListItem\",\"position\":1,\"name\":\"Inicio\",\"item\":\"https:\\\/\\\/www.uartes.edu.ec\\\/sitio\\\/\"},{\"@type\":\"ListItem\",\"position\":2,\"name\":\"Seminario taller analiz\u00f3 procesos del Proyecto Pacha, dos a\u00f1os en territorio\"}]},{\"@type\":\"WebSite\",\"@id\":\"https:\\\/\\\/www.uartes.edu.ec\\\/sitio\\\/fr\\\/#website\",\"url\":\"https:\\\/\\\/www.uartes.edu.ec\\\/sitio\\\/fr\\\/\",\"name\":\"Universidad de las Artes\",\"description\":\"Sitio oficial de la Universidad Nacional de las Artes del Ecuador\",\"publisher\":{\"@id\":\"https:\\\/\\\/www.uartes.edu.ec\\\/sitio\\\/fr\\\/#organization\"},\"potentialAction\":[{\"@type\":\"SearchAction\",\"target\":{\"@type\":\"EntryPoint\",\"urlTemplate\":\"https:\\\/\\\/www.uartes.edu.ec\\\/sitio\\\/fr\\\/?s={search_term_string}\"},\"query-input\":{\"@type\":\"PropertyValueSpecification\",\"valueRequired\":true,\"valueName\":\"search_term_string\"}}],\"inLanguage\":\"fr-FR\"},{\"@type\":\"Organization\",\"@id\":\"https:\\\/\\\/www.uartes.edu.ec\\\/sitio\\\/fr\\\/#organization\",\"name\":\"Universidad de las Artes\",\"url\":\"https:\\\/\\\/www.uartes.edu.ec\\\/sitio\\\/fr\\\/\",\"logo\":{\"@type\":\"ImageObject\",\"inLanguage\":\"fr-FR\",\"@id\":\"https:\\\/\\\/www.uartes.edu.ec\\\/sitio\\\/fr\\\/#\\\/schema\\\/logo\\\/image\\\/\",\"url\":\"https:\\\/\\\/www.uartes.edu.ec\\\/sitio\\\/wp-content\\\/uploads\\\/2022\\\/07\\\/logo-ua-horizontal.png\",\"contentUrl\":\"https:\\\/\\\/www.uartes.edu.ec\\\/sitio\\\/wp-content\\\/uploads\\\/2022\\\/07\\\/logo-ua-horizontal.png\",\"width\":800,\"height\":276,\"caption\":\"Universidad de las Artes\"},\"image\":{\"@id\":\"https:\\\/\\\/www.uartes.edu.ec\\\/sitio\\\/fr\\\/#\\\/schema\\\/logo\\\/image\\\/\"},\"sameAs\":[\"https:\\\/\\\/www.facebook.com\\\/uartesec\",\"https:\\\/\\\/x.com\\\/uartesec\",\"https:\\\/\\\/www.tiktok.com\\\/@uartesec\"]},{\"@type\":\"Person\",\"@id\":\"https:\\\/\\\/www.uartes.edu.ec\\\/sitio\\\/fr\\\/#\\\/schema\\\/person\\\/efa1b8275797664fd7f13a79ccc0b1f4\",\"name\":\"ccortez\",\"image\":{\"@type\":\"ImageObject\",\"inLanguage\":\"fr-FR\",\"@id\":\"https:\\\/\\\/secure.gravatar.com\\\/avatar\\\/b2a6f664a3ae8e074346ef91775736c5ec479e637ecced6842de9dc98b5da9cd?s=96&d=mm&r=g\",\"url\":\"https:\\\/\\\/secure.gravatar.com\\\/avatar\\\/b2a6f664a3ae8e074346ef91775736c5ec479e637ecced6842de9dc98b5da9cd?s=96&d=mm&r=g\",\"contentUrl\":\"https:\\\/\\\/secure.gravatar.com\\\/avatar\\\/b2a6f664a3ae8e074346ef91775736c5ec479e637ecced6842de9dc98b5da9cd?s=96&d=mm&r=g\",\"caption\":\"ccortez\"},\"url\":\"https:\\\/\\\/www.uartes.edu.ec\\\/sitio\\\/fr\\\/blog\\\/author\\\/ccortez\\\/\"}]}<\/script>\n<!-- \/ Yoast SEO plugin. -->","yoast_head_json":{"title":"Universidad de las Artes - Seminario taller analiz\u00f3 procesos del Proyecto Pacha, dos a\u00f1os en territorio","description":"Universidad de las Artes - Seminario taller analiz\u00f3 procesos del Proyecto Pacha, dos a\u00f1os en territorio","robots":{"index":"index","follow":"follow","max-snippet":"max-snippet:-1","max-image-preview":"max-image-preview:large","max-video-preview":"max-video-preview:-1"},"canonical":"https:\/\/www.uartes.edu.ec\/sitio\/fr\/blog\/2023\/02\/10\/en-seminario-taller-se-analizo-proceso-del-proyecto-pacha-estudiantes-pidieron-mas-trabajo-comunitario\/","og_locale":"fr_FR","og_type":"article","og_title":"Universidad de las Artes - Seminario taller analiz\u00f3 procesos del Proyecto Pacha, dos a\u00f1os en territorio","og_description":"Universidad de las Artes - Seminario taller analiz\u00f3 procesos del Proyecto Pacha, dos a\u00f1os en territorio","og_url":"https:\/\/www.uartes.edu.ec\/sitio\/fr\/blog\/2023\/02\/10\/en-seminario-taller-se-analizo-proceso-del-proyecto-pacha-estudiantes-pidieron-mas-trabajo-comunitario\/","og_site_name":"Universidad de las Artes","article_publisher":"https:\/\/www.facebook.com\/uartesec","article_published_time":"2023-02-10T19:50:00+00:00","article_modified_time":"2024-07-04T16:21:31+00:00","og_image":[{"width":2000,"height":1333,"url":"https:\/\/www.uartes.edu.ec\/sitio\/wp-content\/uploads\/2023\/02\/07-SEMINARIO-TALLER-PACHA.jpg","type":"image\/jpeg"}],"author":"ccortez","twitter_card":"summary_large_image","twitter_creator":"@uartesec","twitter_site":"@uartesec","twitter_misc":{"\u00c9crit par":"ccortez","Dur\u00e9e de lecture estim\u00e9e":"4 minutes"},"schema":{"@context":"https:\/\/schema.org","@graph":[{"@type":"Article","@id":"https:\/\/www.uartes.edu.ec\/sitio\/fr\/blog\/2023\/02\/10\/en-seminario-taller-se-analizo-proceso-del-proyecto-pacha-estudiantes-pidieron-mas-trabajo-comunitario\/#article","isPartOf":{"@id":"https:\/\/www.uartes.edu.ec\/sitio\/fr\/blog\/2023\/02\/10\/en-seminario-taller-se-analizo-proceso-del-proyecto-pacha-estudiantes-pidieron-mas-trabajo-comunitario\/"},"author":{"name":"ccortez","@id":"https:\/\/www.uartes.edu.ec\/sitio\/fr\/#\/schema\/person\/efa1b8275797664fd7f13a79ccc0b1f4"},"headline":"Seminario taller analiz\u00f3 procesos del Proyecto Pacha, dos a\u00f1os en territorio","datePublished":"2023-02-10T19:50:00+00:00","dateModified":"2024-07-04T16:21:31+00:00","mainEntityOfPage":{"@id":"https:\/\/www.uartes.edu.ec\/sitio\/fr\/blog\/2023\/02\/10\/en-seminario-taller-se-analizo-proceso-del-proyecto-pacha-estudiantes-pidieron-mas-trabajo-comunitario\/"},"wordCount":673,"commentCount":0,"publisher":{"@id":"https:\/\/www.uartes.edu.ec\/sitio\/fr\/#organization"},"image":{"@id":"https:\/\/www.uartes.edu.ec\/sitio\/fr\/blog\/2023\/02\/10\/en-seminario-taller-se-analizo-proceso-del-proyecto-pacha-estudiantes-pidieron-mas-trabajo-comunitario\/#primaryimage"},"thumbnailUrl":"https:\/\/www.uartes.edu.ec\/sitio\/wp-content\/uploads\/2023\/02\/07-SEMINARIO-TALLER-PACHA.jpg","keywords":["proyecto"],"articleSection":["1A","Artes Esc\u00e9nicas","Artes Sonoras","Artes Visuales","Cine","Docentes","Estudiantes","Literatura","V\u00ednculo"],"inLanguage":"fr-FR","potentialAction":[{"@type":"CommentAction","name":"Comment","target":["https:\/\/www.uartes.edu.ec\/sitio\/fr\/blog\/2023\/02\/10\/en-seminario-taller-se-analizo-proceso-del-proyecto-pacha-estudiantes-pidieron-mas-trabajo-comunitario\/#respond"]}]},{"@type":["WebPage","ItemPage"],"@id":"https:\/\/www.uartes.edu.ec\/sitio\/fr\/blog\/2023\/02\/10\/en-seminario-taller-se-analizo-proceso-del-proyecto-pacha-estudiantes-pidieron-mas-trabajo-comunitario\/","url":"https:\/\/www.uartes.edu.ec\/sitio\/fr\/blog\/2023\/02\/10\/en-seminario-taller-se-analizo-proceso-del-proyecto-pacha-estudiantes-pidieron-mas-trabajo-comunitario\/","name":"Universidad de las Artes - Seminario taller analiz\u00f3 procesos del Proyecto Pacha, dos a\u00f1os en territorio","isPartOf":{"@id":"https:\/\/www.uartes.edu.ec\/sitio\/fr\/#website"},"primaryImageOfPage":{"@id":"https:\/\/www.uartes.edu.ec\/sitio\/fr\/blog\/2023\/02\/10\/en-seminario-taller-se-analizo-proceso-del-proyecto-pacha-estudiantes-pidieron-mas-trabajo-comunitario\/#primaryimage"},"image":{"@id":"https:\/\/www.uartes.edu.ec\/sitio\/fr\/blog\/2023\/02\/10\/en-seminario-taller-se-analizo-proceso-del-proyecto-pacha-estudiantes-pidieron-mas-trabajo-comunitario\/#primaryimage"},"thumbnailUrl":"https:\/\/www.uartes.edu.ec\/sitio\/wp-content\/uploads\/2023\/02\/07-SEMINARIO-TALLER-PACHA.jpg","datePublished":"2023-02-10T19:50:00+00:00","dateModified":"2024-07-04T16:21:31+00:00","description":"Universidad de las Artes - Seminario taller analiz\u00f3 procesos del Proyecto Pacha, dos a\u00f1os en territorio","breadcrumb":{"@id":"https:\/\/www.uartes.edu.ec\/sitio\/fr\/blog\/2023\/02\/10\/en-seminario-taller-se-analizo-proceso-del-proyecto-pacha-estudiantes-pidieron-mas-trabajo-comunitario\/#breadcrumb"},"inLanguage":"fr-FR","potentialAction":[{"@type":"ReadAction","target":["https:\/\/www.uartes.edu.ec\/sitio\/fr\/blog\/2023\/02\/10\/en-seminario-taller-se-analizo-proceso-del-proyecto-pacha-estudiantes-pidieron-mas-trabajo-comunitario\/"]}]},{"@type":"ImageObject","inLanguage":"fr-FR","@id":"https:\/\/www.uartes.edu.ec\/sitio\/fr\/blog\/2023\/02\/10\/en-seminario-taller-se-analizo-proceso-del-proyecto-pacha-estudiantes-pidieron-mas-trabajo-comunitario\/#primaryimage","url":"https:\/\/www.uartes.edu.ec\/sitio\/wp-content\/uploads\/2023\/02\/07-SEMINARIO-TALLER-PACHA.jpg","contentUrl":"https:\/\/www.uartes.edu.ec\/sitio\/wp-content\/uploads\/2023\/02\/07-SEMINARIO-TALLER-PACHA.jpg","width":2000,"height":1333},{"@type":"BreadcrumbList","@id":"https:\/\/www.uartes.edu.ec\/sitio\/fr\/blog\/2023\/02\/10\/en-seminario-taller-se-analizo-proceso-del-proyecto-pacha-estudiantes-pidieron-mas-trabajo-comunitario\/#breadcrumb","itemListElement":[{"@type":"ListItem","position":1,"name":"Inicio","item":"https:\/\/www.uartes.edu.ec\/sitio\/"},{"@type":"ListItem","position":2,"name":"Seminario taller analiz\u00f3 procesos del Proyecto Pacha, dos a\u00f1os en territorio"}]},{"@type":"WebSite","@id":"https:\/\/www.uartes.edu.ec\/sitio\/fr\/#website","url":"https:\/\/www.uartes.edu.ec\/sitio\/fr\/","name":"Universidad de las Artes","description":"Sitio oficial de la Universidad Nacional de las Artes del Ecuador","publisher":{"@id":"https:\/\/www.uartes.edu.ec\/sitio\/fr\/#organization"},"potentialAction":[{"@type":"SearchAction","target":{"@type":"EntryPoint","urlTemplate":"https:\/\/www.uartes.edu.ec\/sitio\/fr\/?s={search_term_string}"},"query-input":{"@type":"PropertyValueSpecification","valueRequired":true,"valueName":"search_term_string"}}],"inLanguage":"fr-FR"},{"@type":"Organization","@id":"https:\/\/www.uartes.edu.ec\/sitio\/fr\/#organization","name":"Universidad de las Artes","url":"https:\/\/www.uartes.edu.ec\/sitio\/fr\/","logo":{"@type":"ImageObject","inLanguage":"fr-FR","@id":"https:\/\/www.uartes.edu.ec\/sitio\/fr\/#\/schema\/logo\/image\/","url":"https:\/\/www.uartes.edu.ec\/sitio\/wp-content\/uploads\/2022\/07\/logo-ua-horizontal.png","contentUrl":"https:\/\/www.uartes.edu.ec\/sitio\/wp-content\/uploads\/2022\/07\/logo-ua-horizontal.png","width":800,"height":276,"caption":"Universidad de las Artes"},"image":{"@id":"https:\/\/www.uartes.edu.ec\/sitio\/fr\/#\/schema\/logo\/image\/"},"sameAs":["https:\/\/www.facebook.com\/uartesec","https:\/\/x.com\/uartesec","https:\/\/www.tiktok.com\/@uartesec"]},{"@type":"Person","@id":"https:\/\/www.uartes.edu.ec\/sitio\/fr\/#\/schema\/person\/efa1b8275797664fd7f13a79ccc0b1f4","name":"ccortez","image":{"@type":"ImageObject","inLanguage":"fr-FR","@id":"https:\/\/secure.gravatar.com\/avatar\/b2a6f664a3ae8e074346ef91775736c5ec479e637ecced6842de9dc98b5da9cd?s=96&d=mm&r=g","url":"https:\/\/secure.gravatar.com\/avatar\/b2a6f664a3ae8e074346ef91775736c5ec479e637ecced6842de9dc98b5da9cd?s=96&d=mm&r=g","contentUrl":"https:\/\/secure.gravatar.com\/avatar\/b2a6f664a3ae8e074346ef91775736c5ec479e637ecced6842de9dc98b5da9cd?s=96&d=mm&r=g","caption":"ccortez"},"url":"https:\/\/www.uartes.edu.ec\/sitio\/fr\/blog\/author\/ccortez\/"}]}},"uagb_featured_image_src":{"full":["https:\/\/www.uartes.edu.ec\/sitio\/wp-content\/uploads\/2023\/02\/07-SEMINARIO-TALLER-PACHA.jpg",2000,1333,false],"thumbnail":["https:\/\/www.uartes.edu.ec\/sitio\/wp-content\/uploads\/2023\/02\/07-SEMINARIO-TALLER-PACHA-150x150.jpg",150,150,true],"medium":["https:\/\/www.uartes.edu.ec\/sitio\/wp-content\/uploads\/2023\/02\/07-SEMINARIO-TALLER-PACHA-300x200.jpg",300,200,true],"medium_large":["https:\/\/www.uartes.edu.ec\/sitio\/wp-content\/uploads\/2023\/02\/07-SEMINARIO-TALLER-PACHA-768x512.jpg",768,512,true],"large":["https:\/\/www.uartes.edu.ec\/sitio\/wp-content\/uploads\/2023\/02\/07-SEMINARIO-TALLER-PACHA-644x429.jpg",644,429,true],"1536x1536":["https:\/\/www.uartes.edu.ec\/sitio\/wp-content\/uploads\/2023\/02\/07-SEMINARIO-TALLER-PACHA-1536x1024.jpg",1536,1024,true],"2048x2048":["https:\/\/www.uartes.edu.ec\/sitio\/wp-content\/uploads\/2023\/02\/07-SEMINARIO-TALLER-PACHA.jpg",2000,1333,false],"trp-custom-language-flag":["https:\/\/www.uartes.edu.ec\/sitio\/wp-content\/uploads\/2023\/02\/07-SEMINARIO-TALLER-PACHA.jpg",18,12,false],"htmega_size_585x295":["https:\/\/www.uartes.edu.ec\/sitio\/wp-content\/uploads\/2023\/02\/07-SEMINARIO-TALLER-PACHA-585x295.jpg",585,295,true],"htmega_size_1170x536":["https:\/\/www.uartes.edu.ec\/sitio\/wp-content\/uploads\/2023\/02\/07-SEMINARIO-TALLER-PACHA-1170x536.jpg",1170,536,true],"htmega_size_396x360":["https:\/\/www.uartes.edu.ec\/sitio\/wp-content\/uploads\/2023\/02\/07-SEMINARIO-TALLER-PACHA-396x360.jpg",396,360,true],"gb-block-post-grid-landscape":["https:\/\/www.uartes.edu.ec\/sitio\/wp-content\/uploads\/2023\/02\/07-SEMINARIO-TALLER-PACHA-600x400.jpg",600,400,true],"gb-block-post-grid-square":["https:\/\/www.uartes.edu.ec\/sitio\/wp-content\/uploads\/2023\/02\/07-SEMINARIO-TALLER-PACHA-600x600.jpg",600,600,true],"university-hub-thumb":["https:\/\/www.uartes.edu.ec\/sitio\/wp-content\/uploads\/2023\/02\/07-SEMINARIO-TALLER-PACHA-400x267.jpg",400,267,true],"mailpoet_newsletter_max":["https:\/\/www.uartes.edu.ec\/sitio\/wp-content\/uploads\/2023\/02\/07-SEMINARIO-TALLER-PACHA.jpg",1320,880,false]},"uagb_author_info":{"display_name":"ccortez","author_link":"https:\/\/www.uartes.edu.ec\/sitio\/fr\/blog\/author\/ccortez\/"},"uagb_comment_info":0,"uagb_excerpt":"Con las presentaciones de las Cantoras de Palenque y del grupo Reviviendo los Tambores en el Pasaje Illingworth, culmin\u00f3 la tarde del 8 de febrero el \u201cSeminario Taller: Arte, Interculturalidad e intervenci\u00f3n comunitaria\u201d, iniciado por la ma\u00f1ana en la Biblioteca de las Artes. All\u00ed tuvieron lugar ponencias y se conformaron mesas de di\u00e1logo para reflexionar\u2026","featured_image_src":"https:\/\/www.uartes.edu.ec\/sitio\/wp-content\/uploads\/2023\/02\/07-SEMINARIO-TALLER-PACHA-600x400.jpg","featured_image_src_square":"https:\/\/www.uartes.edu.ec\/sitio\/wp-content\/uploads\/2023\/02\/07-SEMINARIO-TALLER-PACHA-600x600.jpg","author_info":{"display_name":"ccortez","author_link":"https:\/\/www.uartes.edu.ec\/sitio\/fr\/blog\/author\/ccortez\/"},"publishpress_future_workflow_manual_trigger":{"enabledWorkflows":[]},"distributor_meta":false,"distributor_terms":false,"distributor_media":false,"distributor_original_site_name":"Universidad de las Artes","distributor_original_site_url":"https:\/\/www.uartes.edu.ec\/sitio\/fr","push-errors":false,"_links":{"self":[{"href":"https:\/\/www.uartes.edu.ec\/sitio\/fr\/wp-json\/wp\/v2\/posts\/38186","targetHints":{"allow":["GET"]}}],"collection":[{"href":"https:\/\/www.uartes.edu.ec\/sitio\/fr\/wp-json\/wp\/v2\/posts"}],"about":[{"href":"https:\/\/www.uartes.edu.ec\/sitio\/fr\/wp-json\/wp\/v2\/types\/post"}],"author":[{"embeddable":true,"href":"https:\/\/www.uartes.edu.ec\/sitio\/fr\/wp-json\/wp\/v2\/users\/10"}],"replies":[{"embeddable":true,"href":"https:\/\/www.uartes.edu.ec\/sitio\/fr\/wp-json\/wp\/v2\/comments?post=38186"}],"version-history":[{"count":12,"href":"https:\/\/www.uartes.edu.ec\/sitio\/fr\/wp-json\/wp\/v2\/posts\/38186\/revisions"}],"predecessor-version":[{"id":38229,"href":"https:\/\/www.uartes.edu.ec\/sitio\/fr\/wp-json\/wp\/v2\/posts\/38186\/revisions\/38229"}],"wp:featuredmedia":[{"embeddable":true,"href":"https:\/\/www.uartes.edu.ec\/sitio\/fr\/wp-json\/wp\/v2\/media\/38187"}],"wp:attachment":[{"href":"https:\/\/www.uartes.edu.ec\/sitio\/fr\/wp-json\/wp\/v2\/media?parent=38186"}],"wp:term":[{"taxonomy":"category","embeddable":true,"href":"https:\/\/www.uartes.edu.ec\/sitio\/fr\/wp-json\/wp\/v2\/categories?post=38186"},{"taxonomy":"post_tag","embeddable":true,"href":"https:\/\/www.uartes.edu.ec\/sitio\/fr\/wp-json\/wp\/v2\/tags?post=38186"},{"taxonomy":"infouartes","embeddable":true,"href":"https:\/\/www.uartes.edu.ec\/sitio\/fr\/wp-json\/wp\/v2\/infouartes?post=38186"}],"curies":[{"name":"wp","href":"https:\/\/api.w.org\/{rel}","templated":true}]}}