{"id":38583,"date":"2023-02-22T14:13:11","date_gmt":"2023-02-22T19:13:11","guid":{"rendered":"https:\/\/www.uartes.edu.ec\/sitio\/?p=38583"},"modified":"2024-07-04T11:21:28","modified_gmt":"2024-07-04T16:21:28","slug":"de-la-primera-cohorte-de-pah-anahi-altamirano-obtuvo-el-magna-cum-laude","status":"publish","type":"post","link":"https:\/\/www.uartes.edu.ec\/sitio\/fr\/blog\/2023\/02\/22\/de-la-primera-cohorte-de-pah-anahi-altamirano-obtuvo-el-magna-cum-laude\/","title":{"rendered":"De la primera cohorte de PAH, Anah\u00ed Altamirano obtuvo  magna cum laude"},"content":{"rendered":"<p>En la ceremonia de graduaci\u00f3n que realiz\u00f3 la Universidad Nacional de Educaci\u00f3n, la licenciada Anah\u00ed Altamirano no solo recibi\u00f3 el t\u00edtulo en la carrera de Pedagog\u00eda de las Artes y Humanidades que curs\u00f3 tambi\u00e9n en la UArtes, por el convenio entre ambas instituciones, sino tambi\u00e9n el reconocimiento por haber obtenido un alto promedio en la que constituye la primera promoci\u00f3n del PAH.<\/p>\n\n\n\n<p>InfoUArtes contact\u00f3 a Anah\u00ed Altamirano para recoger sus impresiones por el magna cum laude obtenido y para conocer de cerca su experiencia durante su preparaci\u00f3n acad\u00e9mica en la UArtes. A continuaci\u00f3n, sus respuestas a las inquietudes en una rese\u00f1a escrita en primera persona:&nbsp;<\/p>\n\n\n\n<p>Desde el momento en el que se me otorg\u00f3 el cupo para estudiar la carrera supe que exist\u00eda un convenio que me iba a permitir viajar a Guayaquil a fortalecer mi educaci\u00f3n en la Universidad de las Artes. Siempre estuve muy emocionada por esa transici\u00f3n, nunca tuve miedo ni sent\u00eda peligro de enfrentarme a un nuevo reto educativo. Conoc\u00eda la ciudad porque hab\u00eda pasado vacaciones o visitado familiares all\u00ed, pero era la primera vez que iba a establecerme en un nuevo contexto culturalmente.<\/p>\n\n\n<div class=\"wp-block-image\">\n<figure class=\"aligncenter size-large\"><img fetchpriority=\"high\" decoding=\"async\" width=\"644\" height=\"429\" src=\"https:\/\/www.uartes.edu.ec\/sitio\/wp-content\/uploads\/2023\/03\/anahi2-1-644x429.jpg\" alt=\"\" class=\"wp-image-38586\" srcset=\"https:\/\/www.uartes.edu.ec\/sitio\/wp-content\/uploads\/2023\/03\/anahi2-1-644x429.jpg 644w, https:\/\/www.uartes.edu.ec\/sitio\/wp-content\/uploads\/2023\/03\/anahi2-1-768x511.jpg 768w, https:\/\/www.uartes.edu.ec\/sitio\/wp-content\/uploads\/2023\/03\/anahi2-1.jpg 2000w, https:\/\/www.uartes.edu.ec\/sitio\/wp-content\/uploads\/2023\/03\/anahi2-1-600x399.jpg 600w, https:\/\/www.uartes.edu.ec\/sitio\/wp-content\/uploads\/2023\/03\/anahi2-1-272x182.jpg 272w\" sizes=\"(max-width: 644px) 100vw, 644px\" \/><\/figure>\n<\/div>\n\n\n<p>El clima siempre me ha encantado. La Costa y sus paisajes me fascinan porque al ser serrana, por mi salud me favorece. La adaptaci\u00f3n no me fue tan complicada. A pesar de ser muy hogare\u00f1a percib\u00ed por primera vez la independencia, pues estoy acostumbrada a convivir frecuentemente con toda mi familia y eso s\u00ed me peg\u00f3 emocionalmente, pero aun as\u00ed esta situaci\u00f3n se volvi\u00f3 llevadera gracias a mis amigas y compa\u00f1eros de clase con quienes creamos un v\u00ednculo m\u00e1s fuerte y afectivo, sobre todo, nos consideramos como esa familia que a todos nos hac\u00eda falta.<\/p>\n\n\n\n<p>Debo decir que lamentablemente el tiempo que estudi\u00e9 presencialmente en la UArtes fue muy corto. Dur\u00f3 siete meses debido a la pandemia por COVID-19. El a\u00f1o y medio que faltaba se torn\u00f3 online, aun as\u00ed, el tiempo experimentado ha sido para m\u00ed lo mejor. Durante las pr\u00e1cticas preprofesionales conoc\u00ed muchos espacios dedicados a educar mediante el arte; de hecho, Guayaquil es un lugar lleno de arte y cultura.<\/p>\n\n\n\n<p>Hicimos las PPP en la Asociaci\u00f3n Comunitaria Hilarte y fue espectacular porque por primera vez en mi vida conoc\u00eda una instituci\u00f3n donde el arte es el eje de aprendizaje inclusivo, Me llevo en el alma y la mente los buenos docentes que nos ense\u00f1aron a buscar por nosotros mismos la forma de aprender m\u00e1s de lo que ya sabemos. Nos volvieron estudiantes independientes y capaces de todo.<\/p>\n\n\n<div class=\"wp-block-image\">\n<figure class=\"aligncenter size-large\"><img decoding=\"async\" width=\"644\" height=\"429\" src=\"https:\/\/www.uartes.edu.ec\/sitio\/wp-content\/uploads\/2023\/03\/anahi0-644x429.jpg\" alt=\"\" class=\"wp-image-38587\" srcset=\"https:\/\/www.uartes.edu.ec\/sitio\/wp-content\/uploads\/2023\/03\/anahi0-644x429.jpg 644w, https:\/\/www.uartes.edu.ec\/sitio\/wp-content\/uploads\/2023\/03\/anahi0-768x511.jpg 768w, https:\/\/www.uartes.edu.ec\/sitio\/wp-content\/uploads\/2023\/03\/anahi0.jpg 2000w, https:\/\/www.uartes.edu.ec\/sitio\/wp-content\/uploads\/2023\/03\/anahi0-600x399.jpg 600w, https:\/\/www.uartes.edu.ec\/sitio\/wp-content\/uploads\/2023\/03\/anahi0-272x182.jpg 272w\" sizes=\"(max-width: 644px) 100vw, 644px\" \/><\/figure>\n<\/div>\n\n\n<p>Tambi\u00e9n al final del cuarto ciclo fuimos los encargados principales de llevar a cabo talleres vacacionales en una instituci\u00f3m educativa de Guayaquil, fue una \u00e9poca muy buena porque todos mis compa\u00f1eros y yo ya fung\u00edamos como docentes y se logr\u00f3 resultados satisfactorios para todos nosotros.<\/p>\n\n\n\n<p>Ser la primera cohorte de licenciados en Pedagog\u00eda de las Artes y Humanidades me hace sentir muy feliz y orgullosa porque somos los primeros en el pa\u00eds y con ello tenemos la oportunidad de mejorar y cambiar el sistema educativo en artes, ya que en la zona donde resido el arte, en especial, es desvalorizado. No hay consciencia sobre su significado y todo lo que se puede hacer, por ello me parece que es muy importante marcar precedentes. De mi parte, gracias a la educaci\u00f3n art\u00edstica que me brind\u00f3 la Universidad de las Artes.<\/p>\n\n\n\n<p>En cuanto al mejor promedio de mi promoci\u00f3n, la verdad no lo esperaba porque estoy consciente de que todos luchamos mucho para llegar hasta aqu\u00ed. Esta distinci\u00f3n significa para m\u00ed que no debo subestimarme, pues me doy cuenta de que soy capaz de esto y mucho m\u00e1s. No hay que darse por vencidos. A veces el estr\u00e9s y la frustraci\u00f3n propios de la vida estudiantil quieren hacernos tirar la toalla, pero no hay que permitirlo. La recompensa que hoy tengo es el pago a mis esfuerzos y sacrificios. Esta frase se ha vuelto mi mejor amiga: el que no arriesga, no gana.<\/p>\n\n\n\n<p>Texto: Carmen Cortez Foto: Roc\u00edo Mart\u00ednez\/DIRCOM<\/p>","protected":false},"excerpt":{"rendered":"<p>En la ceremonia de graduaci\u00f3n que realiz\u00f3 la Universidad Nacional de Educaci\u00f3n, la licenciada Anah\u00ed Altamirano Zumba no solo recibi\u00f3 el t\u00edtulo en la carrera de Pedagog\u00eda de las Artes y Humanidades que curs\u00f3 tambi\u00e9n en la UArtes, por el convenio entre ambas instituciones, sino tambi\u00e9n el reconocimiento por haber obtenido un alto promedio en la que constituye la primera promoci\u00f3n del PAH. La ceremonia tuvo lugar en Azogues, provincia de Ca\u00f1ar.<\/p>","protected":false},"author":10,"featured_media":38584,"comment_status":"open","ping_status":"open","sticky":false,"template":"","format":"standard","meta":{"_acf_changed":false,"_uag_custom_page_level_css":"","_monsterinsights_skip_tracking":false,"_monsterinsights_sitenote_active":false,"_monsterinsights_sitenote_note":"","_monsterinsights_sitenote_category":0,"cybocfi_hide_featured_image":"","footnotes":""},"categories":[719,80,82,76,77,175],"tags":[],"infouartes":[],"class_list":["post-38583","post","type-post","status-publish","format-standard","has-post-thumbnail","hentry","category-4d","category-academico","category-artes","category-estudiantes","category-gestion","category-literatura"],"acf":[],"yoast_head":"<!-- This site is optimized with the Yoast SEO plugin v27.4 - https:\/\/yoast.com\/product\/yoast-seo-wordpress\/ -->\n<title>Universidad de las Artes - De la primera cohorte de PAH, Anah\u00ed Altamirano obtuvo magna cum laude<\/title>\n<meta name=\"description\" content=\"Universidad de las Artes - De la primera cohorte de PAH, Anah\u00ed Altamirano obtuvo magna cum laude\" \/>\n<meta name=\"robots\" content=\"index, follow, max-snippet:-1, max-image-preview:large, max-video-preview:-1\" \/>\n<link rel=\"canonical\" href=\"https:\/\/www.uartes.edu.ec\/sitio\/fr\/blog\/2023\/02\/22\/de-la-primera-cohorte-de-pah-anahi-altamirano-obtuvo-el-magna-cum-laude\/\" \/>\n<meta property=\"og:locale\" content=\"fr_FR\" \/>\n<meta property=\"og:type\" content=\"article\" \/>\n<meta property=\"og:title\" content=\"Universidad de las Artes - De la primera cohorte de PAH, Anah\u00ed Altamirano obtuvo magna cum laude\" \/>\n<meta property=\"og:description\" content=\"Universidad de las Artes - De la primera cohorte de PAH, Anah\u00ed Altamirano obtuvo magna cum laude\" \/>\n<meta property=\"og:url\" content=\"https:\/\/www.uartes.edu.ec\/sitio\/fr\/blog\/2023\/02\/22\/de-la-primera-cohorte-de-pah-anahi-altamirano-obtuvo-el-magna-cum-laude\/\" \/>\n<meta property=\"og:site_name\" content=\"Universidad de las Artes\" \/>\n<meta property=\"article:publisher\" content=\"https:\/\/www.facebook.com\/uartesec\" \/>\n<meta property=\"article:published_time\" content=\"2023-02-22T19:13:11+00:00\" \/>\n<meta property=\"article:modified_time\" content=\"2024-07-04T16:21:28+00:00\" \/>\n<meta property=\"og:image\" content=\"https:\/\/www.uartes.edu.ec\/sitio\/wp-content\/uploads\/2023\/03\/anahi3.jpg\" \/>\n\t<meta property=\"og:image:width\" content=\"2000\" \/>\n\t<meta property=\"og:image:height\" content=\"1333\" \/>\n\t<meta property=\"og:image:type\" content=\"image\/jpeg\" \/>\n<meta name=\"author\" content=\"ccortez\" \/>\n<meta name=\"twitter:card\" content=\"summary_large_image\" \/>\n<meta name=\"twitter:creator\" content=\"@uartesec\" \/>\n<meta name=\"twitter:site\" content=\"@uartesec\" \/>\n<meta name=\"twitter:label1\" content=\"\u00c9crit par\" \/>\n\t<meta name=\"twitter:data1\" content=\"ccortez\" \/>\n\t<meta name=\"twitter:label2\" content=\"Dur\u00e9e de lecture estim\u00e9e\" \/>\n\t<meta name=\"twitter:data2\" content=\"4 minutes\" \/>\n<script type=\"application\/ld+json\" class=\"yoast-schema-graph\">{\"@context\":\"https:\\\/\\\/schema.org\",\"@graph\":[{\"@type\":\"Article\",\"@id\":\"https:\\\/\\\/www.uartes.edu.ec\\\/sitio\\\/fr\\\/blog\\\/2023\\\/02\\\/22\\\/de-la-primera-cohorte-de-pah-anahi-altamirano-obtuvo-el-magna-cum-laude\\\/#article\",\"isPartOf\":{\"@id\":\"https:\\\/\\\/www.uartes.edu.ec\\\/sitio\\\/fr\\\/blog\\\/2023\\\/02\\\/22\\\/de-la-primera-cohorte-de-pah-anahi-altamirano-obtuvo-el-magna-cum-laude\\\/\"},\"author\":{\"name\":\"ccortez\",\"@id\":\"https:\\\/\\\/www.uartes.edu.ec\\\/sitio\\\/fr\\\/#\\\/schema\\\/person\\\/efa1b8275797664fd7f13a79ccc0b1f4\"},\"headline\":\"De la primera cohorte de PAH, Anah\u00ed Altamirano obtuvo magna cum laude\",\"datePublished\":\"2023-02-22T19:13:11+00:00\",\"dateModified\":\"2024-07-04T16:21:28+00:00\",\"mainEntityOfPage\":{\"@id\":\"https:\\\/\\\/www.uartes.edu.ec\\\/sitio\\\/fr\\\/blog\\\/2023\\\/02\\\/22\\\/de-la-primera-cohorte-de-pah-anahi-altamirano-obtuvo-el-magna-cum-laude\\\/\"},\"wordCount\":725,\"commentCount\":0,\"publisher\":{\"@id\":\"https:\\\/\\\/www.uartes.edu.ec\\\/sitio\\\/fr\\\/#organization\"},\"image\":{\"@id\":\"https:\\\/\\\/www.uartes.edu.ec\\\/sitio\\\/fr\\\/blog\\\/2023\\\/02\\\/22\\\/de-la-primera-cohorte-de-pah-anahi-altamirano-obtuvo-el-magna-cum-laude\\\/#primaryimage\"},\"thumbnailUrl\":\"https:\\\/\\\/www.uartes.edu.ec\\\/sitio\\\/wp-content\\\/uploads\\\/2023\\\/03\\\/anahi3.jpg\",\"articleSection\":[\"4D\",\"Acad\u00e9mico\",\"Artes\",\"Estudiantes\",\"Gesti\u00f3n\",\"Literatura\"],\"inLanguage\":\"fr-FR\",\"potentialAction\":[{\"@type\":\"CommentAction\",\"name\":\"Comment\",\"target\":[\"https:\\\/\\\/www.uartes.edu.ec\\\/sitio\\\/fr\\\/blog\\\/2023\\\/02\\\/22\\\/de-la-primera-cohorte-de-pah-anahi-altamirano-obtuvo-el-magna-cum-laude\\\/#respond\"]}]},{\"@type\":[\"WebPage\",\"ItemPage\"],\"@id\":\"https:\\\/\\\/www.uartes.edu.ec\\\/sitio\\\/fr\\\/blog\\\/2023\\\/02\\\/22\\\/de-la-primera-cohorte-de-pah-anahi-altamirano-obtuvo-el-magna-cum-laude\\\/\",\"url\":\"https:\\\/\\\/www.uartes.edu.ec\\\/sitio\\\/fr\\\/blog\\\/2023\\\/02\\\/22\\\/de-la-primera-cohorte-de-pah-anahi-altamirano-obtuvo-el-magna-cum-laude\\\/\",\"name\":\"Universidad de las Artes - De la primera cohorte de PAH, Anah\u00ed Altamirano obtuvo magna cum laude\",\"isPartOf\":{\"@id\":\"https:\\\/\\\/www.uartes.edu.ec\\\/sitio\\\/fr\\\/#website\"},\"primaryImageOfPage\":{\"@id\":\"https:\\\/\\\/www.uartes.edu.ec\\\/sitio\\\/fr\\\/blog\\\/2023\\\/02\\\/22\\\/de-la-primera-cohorte-de-pah-anahi-altamirano-obtuvo-el-magna-cum-laude\\\/#primaryimage\"},\"image\":{\"@id\":\"https:\\\/\\\/www.uartes.edu.ec\\\/sitio\\\/fr\\\/blog\\\/2023\\\/02\\\/22\\\/de-la-primera-cohorte-de-pah-anahi-altamirano-obtuvo-el-magna-cum-laude\\\/#primaryimage\"},\"thumbnailUrl\":\"https:\\\/\\\/www.uartes.edu.ec\\\/sitio\\\/wp-content\\\/uploads\\\/2023\\\/03\\\/anahi3.jpg\",\"datePublished\":\"2023-02-22T19:13:11+00:00\",\"dateModified\":\"2024-07-04T16:21:28+00:00\",\"description\":\"Universidad de las Artes - De la primera cohorte de PAH, Anah\u00ed Altamirano obtuvo magna cum laude\",\"breadcrumb\":{\"@id\":\"https:\\\/\\\/www.uartes.edu.ec\\\/sitio\\\/fr\\\/blog\\\/2023\\\/02\\\/22\\\/de-la-primera-cohorte-de-pah-anahi-altamirano-obtuvo-el-magna-cum-laude\\\/#breadcrumb\"},\"inLanguage\":\"fr-FR\",\"potentialAction\":[{\"@type\":\"ReadAction\",\"target\":[\"https:\\\/\\\/www.uartes.edu.ec\\\/sitio\\\/fr\\\/blog\\\/2023\\\/02\\\/22\\\/de-la-primera-cohorte-de-pah-anahi-altamirano-obtuvo-el-magna-cum-laude\\\/\"]}]},{\"@type\":\"ImageObject\",\"inLanguage\":\"fr-FR\",\"@id\":\"https:\\\/\\\/www.uartes.edu.ec\\\/sitio\\\/fr\\\/blog\\\/2023\\\/02\\\/22\\\/de-la-primera-cohorte-de-pah-anahi-altamirano-obtuvo-el-magna-cum-laude\\\/#primaryimage\",\"url\":\"https:\\\/\\\/www.uartes.edu.ec\\\/sitio\\\/wp-content\\\/uploads\\\/2023\\\/03\\\/anahi3.jpg\",\"contentUrl\":\"https:\\\/\\\/www.uartes.edu.ec\\\/sitio\\\/wp-content\\\/uploads\\\/2023\\\/03\\\/anahi3.jpg\",\"width\":2000,\"height\":1333},{\"@type\":\"BreadcrumbList\",\"@id\":\"https:\\\/\\\/www.uartes.edu.ec\\\/sitio\\\/fr\\\/blog\\\/2023\\\/02\\\/22\\\/de-la-primera-cohorte-de-pah-anahi-altamirano-obtuvo-el-magna-cum-laude\\\/#breadcrumb\",\"itemListElement\":[{\"@type\":\"ListItem\",\"position\":1,\"name\":\"Inicio\",\"item\":\"https:\\\/\\\/www.uartes.edu.ec\\\/sitio\\\/\"},{\"@type\":\"ListItem\",\"position\":2,\"name\":\"De la primera cohorte de PAH, Anah\u00ed Altamirano obtuvo magna cum laude\"}]},{\"@type\":\"WebSite\",\"@id\":\"https:\\\/\\\/www.uartes.edu.ec\\\/sitio\\\/fr\\\/#website\",\"url\":\"https:\\\/\\\/www.uartes.edu.ec\\\/sitio\\\/fr\\\/\",\"name\":\"Universidad de las Artes\",\"description\":\"Sitio oficial de la Universidad Nacional de las Artes del Ecuador\",\"publisher\":{\"@id\":\"https:\\\/\\\/www.uartes.edu.ec\\\/sitio\\\/fr\\\/#organization\"},\"potentialAction\":[{\"@type\":\"SearchAction\",\"target\":{\"@type\":\"EntryPoint\",\"urlTemplate\":\"https:\\\/\\\/www.uartes.edu.ec\\\/sitio\\\/fr\\\/?s={search_term_string}\"},\"query-input\":{\"@type\":\"PropertyValueSpecification\",\"valueRequired\":true,\"valueName\":\"search_term_string\"}}],\"inLanguage\":\"fr-FR\"},{\"@type\":\"Organization\",\"@id\":\"https:\\\/\\\/www.uartes.edu.ec\\\/sitio\\\/fr\\\/#organization\",\"name\":\"Universidad de las Artes\",\"url\":\"https:\\\/\\\/www.uartes.edu.ec\\\/sitio\\\/fr\\\/\",\"logo\":{\"@type\":\"ImageObject\",\"inLanguage\":\"fr-FR\",\"@id\":\"https:\\\/\\\/www.uartes.edu.ec\\\/sitio\\\/fr\\\/#\\\/schema\\\/logo\\\/image\\\/\",\"url\":\"https:\\\/\\\/www.uartes.edu.ec\\\/sitio\\\/wp-content\\\/uploads\\\/2022\\\/07\\\/logo-ua-horizontal.png\",\"contentUrl\":\"https:\\\/\\\/www.uartes.edu.ec\\\/sitio\\\/wp-content\\\/uploads\\\/2022\\\/07\\\/logo-ua-horizontal.png\",\"width\":800,\"height\":276,\"caption\":\"Universidad de las Artes\"},\"image\":{\"@id\":\"https:\\\/\\\/www.uartes.edu.ec\\\/sitio\\\/fr\\\/#\\\/schema\\\/logo\\\/image\\\/\"},\"sameAs\":[\"https:\\\/\\\/www.facebook.com\\\/uartesec\",\"https:\\\/\\\/x.com\\\/uartesec\",\"https:\\\/\\\/www.tiktok.com\\\/@uartesec\"]},{\"@type\":\"Person\",\"@id\":\"https:\\\/\\\/www.uartes.edu.ec\\\/sitio\\\/fr\\\/#\\\/schema\\\/person\\\/efa1b8275797664fd7f13a79ccc0b1f4\",\"name\":\"ccortez\",\"image\":{\"@type\":\"ImageObject\",\"inLanguage\":\"fr-FR\",\"@id\":\"https:\\\/\\\/secure.gravatar.com\\\/avatar\\\/b2a6f664a3ae8e074346ef91775736c5ec479e637ecced6842de9dc98b5da9cd?s=96&d=mm&r=g\",\"url\":\"https:\\\/\\\/secure.gravatar.com\\\/avatar\\\/b2a6f664a3ae8e074346ef91775736c5ec479e637ecced6842de9dc98b5da9cd?s=96&d=mm&r=g\",\"contentUrl\":\"https:\\\/\\\/secure.gravatar.com\\\/avatar\\\/b2a6f664a3ae8e074346ef91775736c5ec479e637ecced6842de9dc98b5da9cd?s=96&d=mm&r=g\",\"caption\":\"ccortez\"},\"url\":\"https:\\\/\\\/www.uartes.edu.ec\\\/sitio\\\/fr\\\/blog\\\/author\\\/ccortez\\\/\"}]}<\/script>\n<!-- \/ Yoast SEO plugin. -->","yoast_head_json":{"title":"Universidad de las Artes - De la primera cohorte de PAH, Anah\u00ed Altamirano obtuvo magna cum laude","description":"Universidad de las Artes - De la primera cohorte de PAH, Anah\u00ed Altamirano obtuvo magna cum laude","robots":{"index":"index","follow":"follow","max-snippet":"max-snippet:-1","max-image-preview":"max-image-preview:large","max-video-preview":"max-video-preview:-1"},"canonical":"https:\/\/www.uartes.edu.ec\/sitio\/fr\/blog\/2023\/02\/22\/de-la-primera-cohorte-de-pah-anahi-altamirano-obtuvo-el-magna-cum-laude\/","og_locale":"fr_FR","og_type":"article","og_title":"Universidad de las Artes - De la primera cohorte de PAH, Anah\u00ed Altamirano obtuvo magna cum laude","og_description":"Universidad de las Artes - De la primera cohorte de PAH, Anah\u00ed Altamirano obtuvo magna cum laude","og_url":"https:\/\/www.uartes.edu.ec\/sitio\/fr\/blog\/2023\/02\/22\/de-la-primera-cohorte-de-pah-anahi-altamirano-obtuvo-el-magna-cum-laude\/","og_site_name":"Universidad de las Artes","article_publisher":"https:\/\/www.facebook.com\/uartesec","article_published_time":"2023-02-22T19:13:11+00:00","article_modified_time":"2024-07-04T16:21:28+00:00","og_image":[{"width":2000,"height":1333,"url":"https:\/\/www.uartes.edu.ec\/sitio\/wp-content\/uploads\/2023\/03\/anahi3.jpg","type":"image\/jpeg"}],"author":"ccortez","twitter_card":"summary_large_image","twitter_creator":"@uartesec","twitter_site":"@uartesec","twitter_misc":{"\u00c9crit par":"ccortez","Dur\u00e9e de lecture estim\u00e9e":"4 minutes"},"schema":{"@context":"https:\/\/schema.org","@graph":[{"@type":"Article","@id":"https:\/\/www.uartes.edu.ec\/sitio\/fr\/blog\/2023\/02\/22\/de-la-primera-cohorte-de-pah-anahi-altamirano-obtuvo-el-magna-cum-laude\/#article","isPartOf":{"@id":"https:\/\/www.uartes.edu.ec\/sitio\/fr\/blog\/2023\/02\/22\/de-la-primera-cohorte-de-pah-anahi-altamirano-obtuvo-el-magna-cum-laude\/"},"author":{"name":"ccortez","@id":"https:\/\/www.uartes.edu.ec\/sitio\/fr\/#\/schema\/person\/efa1b8275797664fd7f13a79ccc0b1f4"},"headline":"De la primera cohorte de PAH, Anah\u00ed Altamirano obtuvo magna cum laude","datePublished":"2023-02-22T19:13:11+00:00","dateModified":"2024-07-04T16:21:28+00:00","mainEntityOfPage":{"@id":"https:\/\/www.uartes.edu.ec\/sitio\/fr\/blog\/2023\/02\/22\/de-la-primera-cohorte-de-pah-anahi-altamirano-obtuvo-el-magna-cum-laude\/"},"wordCount":725,"commentCount":0,"publisher":{"@id":"https:\/\/www.uartes.edu.ec\/sitio\/fr\/#organization"},"image":{"@id":"https:\/\/www.uartes.edu.ec\/sitio\/fr\/blog\/2023\/02\/22\/de-la-primera-cohorte-de-pah-anahi-altamirano-obtuvo-el-magna-cum-laude\/#primaryimage"},"thumbnailUrl":"https:\/\/www.uartes.edu.ec\/sitio\/wp-content\/uploads\/2023\/03\/anahi3.jpg","articleSection":["4D","Acad\u00e9mico","Artes","Estudiantes","Gesti\u00f3n","Literatura"],"inLanguage":"fr-FR","potentialAction":[{"@type":"CommentAction","name":"Comment","target":["https:\/\/www.uartes.edu.ec\/sitio\/fr\/blog\/2023\/02\/22\/de-la-primera-cohorte-de-pah-anahi-altamirano-obtuvo-el-magna-cum-laude\/#respond"]}]},{"@type":["WebPage","ItemPage"],"@id":"https:\/\/www.uartes.edu.ec\/sitio\/fr\/blog\/2023\/02\/22\/de-la-primera-cohorte-de-pah-anahi-altamirano-obtuvo-el-magna-cum-laude\/","url":"https:\/\/www.uartes.edu.ec\/sitio\/fr\/blog\/2023\/02\/22\/de-la-primera-cohorte-de-pah-anahi-altamirano-obtuvo-el-magna-cum-laude\/","name":"Universidad de las Artes - De la primera cohorte de PAH, Anah\u00ed Altamirano obtuvo magna cum laude","isPartOf":{"@id":"https:\/\/www.uartes.edu.ec\/sitio\/fr\/#website"},"primaryImageOfPage":{"@id":"https:\/\/www.uartes.edu.ec\/sitio\/fr\/blog\/2023\/02\/22\/de-la-primera-cohorte-de-pah-anahi-altamirano-obtuvo-el-magna-cum-laude\/#primaryimage"},"image":{"@id":"https:\/\/www.uartes.edu.ec\/sitio\/fr\/blog\/2023\/02\/22\/de-la-primera-cohorte-de-pah-anahi-altamirano-obtuvo-el-magna-cum-laude\/#primaryimage"},"thumbnailUrl":"https:\/\/www.uartes.edu.ec\/sitio\/wp-content\/uploads\/2023\/03\/anahi3.jpg","datePublished":"2023-02-22T19:13:11+00:00","dateModified":"2024-07-04T16:21:28+00:00","description":"Universidad de las Artes - De la primera cohorte de PAH, Anah\u00ed Altamirano obtuvo magna cum laude","breadcrumb":{"@id":"https:\/\/www.uartes.edu.ec\/sitio\/fr\/blog\/2023\/02\/22\/de-la-primera-cohorte-de-pah-anahi-altamirano-obtuvo-el-magna-cum-laude\/#breadcrumb"},"inLanguage":"fr-FR","potentialAction":[{"@type":"ReadAction","target":["https:\/\/www.uartes.edu.ec\/sitio\/fr\/blog\/2023\/02\/22\/de-la-primera-cohorte-de-pah-anahi-altamirano-obtuvo-el-magna-cum-laude\/"]}]},{"@type":"ImageObject","inLanguage":"fr-FR","@id":"https:\/\/www.uartes.edu.ec\/sitio\/fr\/blog\/2023\/02\/22\/de-la-primera-cohorte-de-pah-anahi-altamirano-obtuvo-el-magna-cum-laude\/#primaryimage","url":"https:\/\/www.uartes.edu.ec\/sitio\/wp-content\/uploads\/2023\/03\/anahi3.jpg","contentUrl":"https:\/\/www.uartes.edu.ec\/sitio\/wp-content\/uploads\/2023\/03\/anahi3.jpg","width":2000,"height":1333},{"@type":"BreadcrumbList","@id":"https:\/\/www.uartes.edu.ec\/sitio\/fr\/blog\/2023\/02\/22\/de-la-primera-cohorte-de-pah-anahi-altamirano-obtuvo-el-magna-cum-laude\/#breadcrumb","itemListElement":[{"@type":"ListItem","position":1,"name":"Inicio","item":"https:\/\/www.uartes.edu.ec\/sitio\/"},{"@type":"ListItem","position":2,"name":"De la primera cohorte de PAH, Anah\u00ed Altamirano obtuvo magna cum laude"}]},{"@type":"WebSite","@id":"https:\/\/www.uartes.edu.ec\/sitio\/fr\/#website","url":"https:\/\/www.uartes.edu.ec\/sitio\/fr\/","name":"Universidad de las Artes","description":"Sitio oficial de la Universidad Nacional de las Artes del Ecuador","publisher":{"@id":"https:\/\/www.uartes.edu.ec\/sitio\/fr\/#organization"},"potentialAction":[{"@type":"SearchAction","target":{"@type":"EntryPoint","urlTemplate":"https:\/\/www.uartes.edu.ec\/sitio\/fr\/?s={search_term_string}"},"query-input":{"@type":"PropertyValueSpecification","valueRequired":true,"valueName":"search_term_string"}}],"inLanguage":"fr-FR"},{"@type":"Organization","@id":"https:\/\/www.uartes.edu.ec\/sitio\/fr\/#organization","name":"Universidad de las Artes","url":"https:\/\/www.uartes.edu.ec\/sitio\/fr\/","logo":{"@type":"ImageObject","inLanguage":"fr-FR","@id":"https:\/\/www.uartes.edu.ec\/sitio\/fr\/#\/schema\/logo\/image\/","url":"https:\/\/www.uartes.edu.ec\/sitio\/wp-content\/uploads\/2022\/07\/logo-ua-horizontal.png","contentUrl":"https:\/\/www.uartes.edu.ec\/sitio\/wp-content\/uploads\/2022\/07\/logo-ua-horizontal.png","width":800,"height":276,"caption":"Universidad de las Artes"},"image":{"@id":"https:\/\/www.uartes.edu.ec\/sitio\/fr\/#\/schema\/logo\/image\/"},"sameAs":["https:\/\/www.facebook.com\/uartesec","https:\/\/x.com\/uartesec","https:\/\/www.tiktok.com\/@uartesec"]},{"@type":"Person","@id":"https:\/\/www.uartes.edu.ec\/sitio\/fr\/#\/schema\/person\/efa1b8275797664fd7f13a79ccc0b1f4","name":"ccortez","image":{"@type":"ImageObject","inLanguage":"fr-FR","@id":"https:\/\/secure.gravatar.com\/avatar\/b2a6f664a3ae8e074346ef91775736c5ec479e637ecced6842de9dc98b5da9cd?s=96&d=mm&r=g","url":"https:\/\/secure.gravatar.com\/avatar\/b2a6f664a3ae8e074346ef91775736c5ec479e637ecced6842de9dc98b5da9cd?s=96&d=mm&r=g","contentUrl":"https:\/\/secure.gravatar.com\/avatar\/b2a6f664a3ae8e074346ef91775736c5ec479e637ecced6842de9dc98b5da9cd?s=96&d=mm&r=g","caption":"ccortez"},"url":"https:\/\/www.uartes.edu.ec\/sitio\/fr\/blog\/author\/ccortez\/"}]}},"uagb_featured_image_src":{"full":["https:\/\/www.uartes.edu.ec\/sitio\/wp-content\/uploads\/2023\/03\/anahi3.jpg",2000,1333,false],"thumbnail":["https:\/\/www.uartes.edu.ec\/sitio\/wp-content\/uploads\/2023\/03\/anahi3-150x150.jpg",150,150,true],"medium":["https:\/\/www.uartes.edu.ec\/sitio\/wp-content\/uploads\/2023\/03\/anahi3-300x200.jpg",300,200,true],"medium_large":["https:\/\/www.uartes.edu.ec\/sitio\/wp-content\/uploads\/2023\/03\/anahi3-768x512.jpg",768,512,true],"large":["https:\/\/www.uartes.edu.ec\/sitio\/wp-content\/uploads\/2023\/03\/anahi3-644x429.jpg",644,429,true],"1536x1536":["https:\/\/www.uartes.edu.ec\/sitio\/wp-content\/uploads\/2023\/03\/anahi3-1536x1024.jpg",1536,1024,true],"2048x2048":["https:\/\/www.uartes.edu.ec\/sitio\/wp-content\/uploads\/2023\/03\/anahi3.jpg",2000,1333,false],"trp-custom-language-flag":["https:\/\/www.uartes.edu.ec\/sitio\/wp-content\/uploads\/2023\/03\/anahi3.jpg",18,12,false],"htmega_size_585x295":["https:\/\/www.uartes.edu.ec\/sitio\/wp-content\/uploads\/2023\/03\/anahi3-585x295.jpg",585,295,true],"htmega_size_1170x536":["https:\/\/www.uartes.edu.ec\/sitio\/wp-content\/uploads\/2023\/03\/anahi3-1170x536.jpg",1170,536,true],"htmega_size_396x360":["https:\/\/www.uartes.edu.ec\/sitio\/wp-content\/uploads\/2023\/03\/anahi3-396x360.jpg",396,360,true],"gb-block-post-grid-landscape":["https:\/\/www.uartes.edu.ec\/sitio\/wp-content\/uploads\/2023\/03\/anahi3-600x400.jpg",600,400,true],"gb-block-post-grid-square":["https:\/\/www.uartes.edu.ec\/sitio\/wp-content\/uploads\/2023\/03\/anahi3-600x600.jpg",600,600,true],"university-hub-thumb":["https:\/\/www.uartes.edu.ec\/sitio\/wp-content\/uploads\/2023\/03\/anahi3-400x267.jpg",400,267,true],"mailpoet_newsletter_max":["https:\/\/www.uartes.edu.ec\/sitio\/wp-content\/uploads\/2023\/03\/anahi3.jpg",1320,880,false]},"uagb_author_info":{"display_name":"ccortez","author_link":"https:\/\/www.uartes.edu.ec\/sitio\/fr\/blog\/author\/ccortez\/"},"uagb_comment_info":0,"uagb_excerpt":"En la ceremonia de graduaci\u00f3n que realiz\u00f3 la Universidad Nacional de Educaci\u00f3n, la licenciada Anah\u00ed Altamirano Zumba no solo recibi\u00f3 el t\u00edtulo en la carrera de Pedagog\u00eda de las Artes y Humanidades que curs\u00f3 tambi\u00e9n en la UArtes, por el convenio entre ambas instituciones, sino tambi\u00e9n el reconocimiento por haber obtenido un alto promedio en\u2026","featured_image_src":"https:\/\/www.uartes.edu.ec\/sitio\/wp-content\/uploads\/2023\/03\/anahi3-600x400.jpg","featured_image_src_square":"https:\/\/www.uartes.edu.ec\/sitio\/wp-content\/uploads\/2023\/03\/anahi3-600x600.jpg","author_info":{"display_name":"ccortez","author_link":"https:\/\/www.uartes.edu.ec\/sitio\/fr\/blog\/author\/ccortez\/"},"publishpress_future_workflow_manual_trigger":{"enabledWorkflows":[]},"distributor_meta":false,"distributor_terms":false,"distributor_media":false,"distributor_original_site_name":"Universidad de las Artes","distributor_original_site_url":"https:\/\/www.uartes.edu.ec\/sitio\/fr","push-errors":false,"_links":{"self":[{"href":"https:\/\/www.uartes.edu.ec\/sitio\/fr\/wp-json\/wp\/v2\/posts\/38583","targetHints":{"allow":["GET"]}}],"collection":[{"href":"https:\/\/www.uartes.edu.ec\/sitio\/fr\/wp-json\/wp\/v2\/posts"}],"about":[{"href":"https:\/\/www.uartes.edu.ec\/sitio\/fr\/wp-json\/wp\/v2\/types\/post"}],"author":[{"embeddable":true,"href":"https:\/\/www.uartes.edu.ec\/sitio\/fr\/wp-json\/wp\/v2\/users\/10"}],"replies":[{"embeddable":true,"href":"https:\/\/www.uartes.edu.ec\/sitio\/fr\/wp-json\/wp\/v2\/comments?post=38583"}],"version-history":[{"count":4,"href":"https:\/\/www.uartes.edu.ec\/sitio\/fr\/wp-json\/wp\/v2\/posts\/38583\/revisions"}],"predecessor-version":[{"id":38705,"href":"https:\/\/www.uartes.edu.ec\/sitio\/fr\/wp-json\/wp\/v2\/posts\/38583\/revisions\/38705"}],"wp:featuredmedia":[{"embeddable":true,"href":"https:\/\/www.uartes.edu.ec\/sitio\/fr\/wp-json\/wp\/v2\/media\/38584"}],"wp:attachment":[{"href":"https:\/\/www.uartes.edu.ec\/sitio\/fr\/wp-json\/wp\/v2\/media?parent=38583"}],"wp:term":[{"taxonomy":"category","embeddable":true,"href":"https:\/\/www.uartes.edu.ec\/sitio\/fr\/wp-json\/wp\/v2\/categories?post=38583"},{"taxonomy":"post_tag","embeddable":true,"href":"https:\/\/www.uartes.edu.ec\/sitio\/fr\/wp-json\/wp\/v2\/tags?post=38583"},{"taxonomy":"infouartes","embeddable":true,"href":"https:\/\/www.uartes.edu.ec\/sitio\/fr\/wp-json\/wp\/v2\/infouartes?post=38583"}],"curies":[{"name":"wp","href":"https:\/\/api.w.org\/{rel}","templated":true}]}}