{"id":38620,"date":"2023-02-23T15:55:46","date_gmt":"2023-02-23T20:55:46","guid":{"rendered":"https:\/\/www.uartes.edu.ec\/sitio\/?p=38620"},"modified":"2024-07-04T11:21:28","modified_gmt":"2024-07-04T16:21:28","slug":"hermanos-edson-y-byron-guaman-sucuzhanay-estudiaron-en-unae-y-uartes-la-misma-carrera","status":"publish","type":"post","link":"https:\/\/www.uartes.edu.ec\/sitio\/fr\/blog\/2023\/02\/23\/hermanos-edson-y-byron-guaman-sucuzhanay-estudiaron-en-unae-y-uartes-la-misma-carrera\/","title":{"rendered":"Hermanos Edson y Byron Guam\u00e1n Sucuzha\u00f1ay estudiaron la misma carrera en la UNAE y la UArtes"},"content":{"rendered":"<p>En la familia Guam\u00e1n Sucuzha\u00f1ay hubo doble celebraci\u00f3n el pasado 16 de febrero, d\u00eda en que la Universidad Nacional de Educaci\u00f3n (UNAE) gradu\u00f3 a los estudiantes de la carrera de Pedagog\u00eda de las Artes y Humanidades, la cual por convenio de cooperaci\u00f3n interinstitucional comparte con la Universidad de las Artes.<\/p>\n\n\n\n<p>Edson Enmanuel y Byron Ariel, dos de los 16 egresados que obtuvieron la licenciatura, son hermanos. El primero atribuye a las casualidades de la vida haber estudiado la misma carrera. Revela que antes de la UNAE estaban en la Universidad de Cuenca y por circunstancias personales suyas y la salud de su hermano debieron retirarse.<\/p>\n\n\n\n<p>Entonces surgi\u00f3 la oportunidad de estudiar en la UNAE cuando se abri\u00f3 la carrera de Pedagog\u00eda de las Artes y Humanidades, de lo cual se enteraron por la novia de Byron Ariel, quien curs\u00f3 all\u00ed sus estudios. Optaron por postularse y sus padres, Sonia y Manuel, los apoyaron.<\/p>\n\n\n\n<p>Ya estando en la UNAE se enteraron de que deb\u00edan estudiar en la UArtes \u201cy el que no arriesga no gana; fue la mejor decisi\u00f3n que hemos tomado y en nuestros t\u00edtulos se refleja\u201d, anota Edson Enmanuel con la misma emoci\u00f3n con la que recibi\u00f3 su t\u00edtulo en una ceremonia en la que la UNAE gradu\u00f3 tambi\u00e9n a egresados de otras carreras. Los Guam\u00e1n Sucuzha\u00f1ay integran la primera cohorte de PAH.<\/p>\n\n\n<div class=\"wp-block-image\">\n<figure class=\"aligncenter size-large\"><img fetchpriority=\"high\" decoding=\"async\" width=\"644\" height=\"429\" src=\"https:\/\/www.uartes.edu.ec\/sitio\/wp-content\/uploads\/2023\/03\/cohorte2-644x429.jpg\" alt=\"\" class=\"wp-image-38628\" srcset=\"https:\/\/www.uartes.edu.ec\/sitio\/wp-content\/uploads\/2023\/03\/cohorte2-644x429.jpg 644w, https:\/\/www.uartes.edu.ec\/sitio\/wp-content\/uploads\/2023\/03\/cohorte2-768x511.jpg 768w, https:\/\/www.uartes.edu.ec\/sitio\/wp-content\/uploads\/2023\/03\/cohorte2.jpg 2000w, https:\/\/www.uartes.edu.ec\/sitio\/wp-content\/uploads\/2023\/03\/cohorte2-600x399.jpg 600w, https:\/\/www.uartes.edu.ec\/sitio\/wp-content\/uploads\/2023\/03\/cohorte2-272x182.jpg 272w\" sizes=\"(max-width: 644px) 100vw, 644px\" \/><\/figure>\n<\/div>\n\n\n<p>Revela tambi\u00e9n que nunca hab\u00eda estado en Guayaquil, ni conoc\u00eda la UArtes, solo la hab\u00eda visto por redes sociales. \u201cEra un mundo completamente desconocido para m\u00ed, tuve un poco de miedo al inicio y muchos allegados me aconsejaban cambiar de carrera para no tener que establecerme en la ciudad, pero fue la mejor decisi\u00f3n que he podido tomar en mi vida estudiarla y tener a la UArtes como mi hogar temporal en mi camino acad\u00e9mico\u201d.<\/p>\n\n\n\n<p>La acogida que les brind\u00f3 la UArtes fue de lo m\u00e1s gratificante, refiere. Los docentes y autoridades los recibieron con los brazos abiertos, ayudaron con informaci\u00f3n vital y llevaron a recorrer sus oficinas, edificios patrimoniales, campus centro, biblioteca, entre otros. \u201cSe nos brind\u00f3 un mes de ambientaci\u00f3n para adaptarnos al ritmo de UArtes y, al mismo tiempo, adaptarnos a Guayaquil. Siendo sincero me cost\u00f3 un poco, tanto por el clima como por las calles porque pod\u00eda perderme. Viv\u00eda a quince minutos de la universidad, cerca del Parque Centenario, y algunas veces me perd\u00ed en la ciudad, pero con el uso de la tecnolog\u00eda llegaba a mi destino\u201d.<\/p>\n\n\n\n<p>A las clases recibidas, Edson Enmanuel las califica de excelencia, con docentes de calidad. \u201cCada asignatura que se presentaba en la UArtes era \u00fanica y, justamente, en esas clases conoc\u00ed a excelentes profesores como Juan Jos\u00e9 Rocha, Jorge Tigrero, Pedro Mujica y muchos m\u00e1s. En mis estudios en la UArtes nunca se me presentaron problemas de aprendizaje, exceptuando Filosof\u00eda de la Est\u00e9tica que no la entend\u00eda muy bien, pero logr\u00e9 sobrellevar\u201d.<\/p>\n\n\n\n<p>Las pr\u00e1cticas preprofesionales fueron un punto clave, a\u00f1ade. \u201cVisitamos varias instituciones educativas, donde dimos talleres de arte a ni\u00f1os y j\u00f3venes. Fue una experiencia gratificante, pues los aprendido en el aula lo pon\u00edamos en pr\u00e1ctica, como algunos docentes mencionaban: teorizar la pr\u00e1ctica y practicar la teor\u00eda\u00bb.&nbsp;<\/p>\n\n\n<div class=\"wp-block-image\">\n<figure class=\"aligncenter size-large\"><img decoding=\"async\" width=\"644\" height=\"429\" src=\"https:\/\/www.uartes.edu.ec\/sitio\/wp-content\/uploads\/2023\/03\/UNAE-UARTES-GRADUADOS-644x429.jpg\" alt=\"\" class=\"wp-image-38630\" srcset=\"https:\/\/www.uartes.edu.ec\/sitio\/wp-content\/uploads\/2023\/03\/UNAE-UARTES-GRADUADOS-644x429.jpg 644w, https:\/\/www.uartes.edu.ec\/sitio\/wp-content\/uploads\/2023\/03\/UNAE-UARTES-GRADUADOS-768x511.jpg 768w, https:\/\/www.uartes.edu.ec\/sitio\/wp-content\/uploads\/2023\/03\/UNAE-UARTES-GRADUADOS.jpg 2000w, https:\/\/www.uartes.edu.ec\/sitio\/wp-content\/uploads\/2023\/03\/UNAE-UARTES-GRADUADOS-600x399.jpg 600w, https:\/\/www.uartes.edu.ec\/sitio\/wp-content\/uploads\/2023\/03\/UNAE-UARTES-GRADUADOS-272x182.jpg 272w\" sizes=\"(max-width: 644px) 100vw, 644px\" \/><\/figure>\n<\/div>\n\n\n<p>Este recorrido que Edson Enmanuel comparte corresponde al primer ciclo de los dos que deb\u00eda estudiar en la UArtes. Entonces se present\u00f3 la pandemia por COVID-19, \u201cque transform\u00f3 nuestras clases presenciales en virtuales y si bien el panorama de aprendizaje cambi\u00f3, no fue una barrera para seguir estudiando\u201d. Las PPP no pod\u00edan ser presenciales, pero se crearon talleres virtuales con videos tutoriales para seguirlas realizando. \u201cTengo much\u00edsimas an\u00e9cdotas de lo vivido en la UArtes, tanto presencial como virtual; lo definir\u00eda como un camino con fronteras, pero sin ning\u00fan l\u00edmite\u201d.<\/p>\n\n\n\n<h3 class=\"wp-block-heading\"><strong>Con una especializaci\u00f3n diferente<\/strong><\/h3>\n\n\n\n<p>As\u00ed como Edson Enmanuel, su hermano Byron Ariel indica tener mucho que contar de su permanencia en la UArtes. Coincide en que llegar a la universidad para estudiar el cuarto semestre los llev\u00f3 a vivir en una ciudad result\u00f3 que no conoc\u00edan; era la primera vez que se alejaba de su familia y no solo por la distancia, sino por el tiempo de permanencia en Guayaquil.<\/p>\n\n\n\n<p>\u201cAl iniciar las clases en la UArtes mi hermano y yo tomamos caminos distintos en temas acad\u00e9micos. Yo no soy muy bueno en cuanto a las \u00e1reas de las artes pl\u00e1sticas, las artes sonoras y las artes esc\u00e9nicas, raz\u00f3n por la cual eleg\u00ed seguir Literatura y me dediqu\u00e9 a desarrollarme en poes\u00eda, a trav\u00e9s de las asignaturas electivas\u201d.<\/p>\n\n\n\n<p>Que se form\u00f3 en educaci\u00f3n inclusiva, comenta y destaca la oportunidad que tuvo de llevarla a la pr\u00e1ctica en una asociaci\u00f3n de los suburbios de Guayaquil, donde trabaj\u00f3 con personas con necesidades educativas especiales. Le hubiese gustado seguir trabajando con ellos, agrega, pero lleg\u00f3 la pandemia. Experiment\u00f3 ansiedad y estr\u00e9s y reprob\u00f3 una asignatura electiva, raz\u00f3n por la cual volvi\u00f3 a la UArtes en noveno semestre de forma presencial hasta culminar el ciclo.<\/p>\n\n\n\n<p>Como cada uno eligi\u00f3 en qu\u00e9 especializarse realizaban sus trabajos de manera individual para conseguir sus propios m\u00e9ritos. As\u00ed sucedi\u00f3 en todo, sus proyectos de tesis y las PPP en Guayaquil, aunque en su natal Guap\u00e1n, en la provincia de Azogues, desarrollaron un proyecto com\u00fan: un mural gestionado con el GAD Parroquial.<\/p>\n\n\n\n<p>En la ceremonia de graduaci\u00f3n, Edson Enmanuel y Byron Ariel estuvieron acompa\u00f1ados por su mam\u00e1, Sonia, y su abuela materna, Luisa. Con ellas compartieron la emoci\u00f3n de obtener su licenciatura en Pedagog\u00eda de la Artes y Humanidades y de, como coinciden, tener ambos una segunda carrera.<\/p>\n\n\n\n<p>En la gr\u00e1fica, Edson Enmanuel y Byron Ariel Guam\u00e1n Sucuzha\u00f1ay junto a su madre, Sonia, y su abuela materna, Luisa.<br>Texto: Carmen Cortez. Foto: Roc\u00edo Mart\u00ednez\/DIRCOM.<\/p>","protected":false},"excerpt":{"rendered":"<p>En la familia Guam\u00e1n Sucuzha\u00f1ay hubo doble celebraci\u00f3n el d\u00eda en que la UNAE gradu\u00f3 a los estudiantes de la carrera de Pedagog\u00eda de las Artes y Humanidades, la cual por convenio de cooperaci\u00f3n comparte con la Universidad de las Artes. Edson Enmanuel y Byron Ariel, dos de los 16 egresados que obtuvieron la licenciatura, son hermanos y comparten la experiencia de estudiar en la UArtes.<\/p>","protected":false},"author":10,"featured_media":38625,"comment_status":"open","ping_status":"open","sticky":false,"template":"","format":"standard","meta":{"_acf_changed":false,"_uag_custom_page_level_css":"","_monsterinsights_skip_tracking":false,"_monsterinsights_sitenote_active":false,"_monsterinsights_sitenote_note":"","_monsterinsights_sitenote_category":0,"cybocfi_hide_featured_image":"","footnotes":""},"categories":[722,80,82,75,76,77,175],"tags":[],"infouartes":[],"class_list":["post-38620","post","type-post","status-publish","format-standard","has-post-thumbnail","hentry","category-1f","category-academico","category-artes","category-docentes","category-estudiantes","category-gestion","category-literatura"],"acf":[],"yoast_head":"<!-- This site is optimized with the Yoast SEO plugin v27.4 - https:\/\/yoast.com\/product\/yoast-seo-wordpress\/ -->\n<title>Universidad de las Artes - Hermanos Edson y Byron Guam\u00e1n Sucuzha\u00f1ay estudiaron la misma carrera en la UNAE y la UArtes<\/title>\n<meta name=\"description\" content=\"Universidad de las Artes - Hermanos Edson y Byron Guam\u00e1n Sucuzha\u00f1ay estudiaron la misma carrera en la UNAE y la UArtes\" \/>\n<meta name=\"robots\" content=\"index, follow, max-snippet:-1, max-image-preview:large, max-video-preview:-1\" \/>\n<link rel=\"canonical\" href=\"https:\/\/www.uartes.edu.ec\/sitio\/fr\/blog\/2023\/02\/23\/hermanos-edson-y-byron-guaman-sucuzhanay-estudiaron-en-unae-y-uartes-la-misma-carrera\/\" \/>\n<meta property=\"og:locale\" content=\"fr_FR\" \/>\n<meta property=\"og:type\" content=\"article\" \/>\n<meta property=\"og:title\" content=\"Universidad de las Artes - Hermanos Edson y Byron Guam\u00e1n Sucuzha\u00f1ay estudiaron la misma carrera en la UNAE y la UArtes\" \/>\n<meta property=\"og:description\" content=\"Universidad de las Artes - Hermanos Edson y Byron Guam\u00e1n Sucuzha\u00f1ay estudiaron la misma carrera en la UNAE y la UArtes\" \/>\n<meta property=\"og:url\" content=\"https:\/\/www.uartes.edu.ec\/sitio\/fr\/blog\/2023\/02\/23\/hermanos-edson-y-byron-guaman-sucuzhanay-estudiaron-en-unae-y-uartes-la-misma-carrera\/\" \/>\n<meta property=\"og:site_name\" content=\"Universidad de las Artes\" \/>\n<meta property=\"article:publisher\" content=\"https:\/\/www.facebook.com\/uartesec\" \/>\n<meta property=\"article:published_time\" content=\"2023-02-23T20:55:46+00:00\" \/>\n<meta property=\"article:modified_time\" content=\"2024-07-04T16:21:28+00:00\" \/>\n<meta property=\"og:image\" content=\"https:\/\/www.uartes.edu.ec\/sitio\/wp-content\/uploads\/2023\/03\/HERMANOS-GUAMAN-UNAE.jpg\" \/>\n\t<meta property=\"og:image:width\" content=\"2000\" \/>\n\t<meta property=\"og:image:height\" content=\"1333\" \/>\n\t<meta property=\"og:image:type\" content=\"image\/jpeg\" \/>\n<meta name=\"author\" content=\"ccortez\" \/>\n<meta name=\"twitter:card\" content=\"summary_large_image\" \/>\n<meta name=\"twitter:creator\" content=\"@uartesec\" \/>\n<meta name=\"twitter:site\" content=\"@uartesec\" \/>\n<meta name=\"twitter:label1\" content=\"\u00c9crit par\" \/>\n\t<meta name=\"twitter:data1\" content=\"ccortez\" \/>\n\t<meta name=\"twitter:label2\" content=\"Dur\u00e9e de lecture estim\u00e9e\" \/>\n\t<meta name=\"twitter:data2\" content=\"5 minutes\" \/>\n<script type=\"application\/ld+json\" class=\"yoast-schema-graph\">{\"@context\":\"https:\\\/\\\/schema.org\",\"@graph\":[{\"@type\":\"Article\",\"@id\":\"https:\\\/\\\/www.uartes.edu.ec\\\/sitio\\\/fr\\\/blog\\\/2023\\\/02\\\/23\\\/hermanos-edson-y-byron-guaman-sucuzhanay-estudiaron-en-unae-y-uartes-la-misma-carrera\\\/#article\",\"isPartOf\":{\"@id\":\"https:\\\/\\\/www.uartes.edu.ec\\\/sitio\\\/fr\\\/blog\\\/2023\\\/02\\\/23\\\/hermanos-edson-y-byron-guaman-sucuzhanay-estudiaron-en-unae-y-uartes-la-misma-carrera\\\/\"},\"author\":{\"name\":\"ccortez\",\"@id\":\"https:\\\/\\\/www.uartes.edu.ec\\\/sitio\\\/fr\\\/#\\\/schema\\\/person\\\/efa1b8275797664fd7f13a79ccc0b1f4\"},\"headline\":\"Hermanos Edson y Byron Guam\u00e1n Sucuzha\u00f1ay estudiaron la misma carrera en la UNAE y la UArtes\",\"datePublished\":\"2023-02-23T20:55:46+00:00\",\"dateModified\":\"2024-07-04T16:21:28+00:00\",\"mainEntityOfPage\":{\"@id\":\"https:\\\/\\\/www.uartes.edu.ec\\\/sitio\\\/fr\\\/blog\\\/2023\\\/02\\\/23\\\/hermanos-edson-y-byron-guaman-sucuzhanay-estudiaron-en-unae-y-uartes-la-misma-carrera\\\/\"},\"wordCount\":1027,\"commentCount\":0,\"publisher\":{\"@id\":\"https:\\\/\\\/www.uartes.edu.ec\\\/sitio\\\/fr\\\/#organization\"},\"image\":{\"@id\":\"https:\\\/\\\/www.uartes.edu.ec\\\/sitio\\\/fr\\\/blog\\\/2023\\\/02\\\/23\\\/hermanos-edson-y-byron-guaman-sucuzhanay-estudiaron-en-unae-y-uartes-la-misma-carrera\\\/#primaryimage\"},\"thumbnailUrl\":\"https:\\\/\\\/www.uartes.edu.ec\\\/sitio\\\/wp-content\\\/uploads\\\/2023\\\/03\\\/HERMANOS-GUAMAN-UNAE.jpg\",\"articleSection\":[\"1F\",\"Acad\u00e9mico\",\"Artes\",\"Docentes\",\"Estudiantes\",\"Gesti\u00f3n\",\"Literatura\"],\"inLanguage\":\"fr-FR\",\"potentialAction\":[{\"@type\":\"CommentAction\",\"name\":\"Comment\",\"target\":[\"https:\\\/\\\/www.uartes.edu.ec\\\/sitio\\\/fr\\\/blog\\\/2023\\\/02\\\/23\\\/hermanos-edson-y-byron-guaman-sucuzhanay-estudiaron-en-unae-y-uartes-la-misma-carrera\\\/#respond\"]}]},{\"@type\":[\"WebPage\",\"ItemPage\"],\"@id\":\"https:\\\/\\\/www.uartes.edu.ec\\\/sitio\\\/fr\\\/blog\\\/2023\\\/02\\\/23\\\/hermanos-edson-y-byron-guaman-sucuzhanay-estudiaron-en-unae-y-uartes-la-misma-carrera\\\/\",\"url\":\"https:\\\/\\\/www.uartes.edu.ec\\\/sitio\\\/fr\\\/blog\\\/2023\\\/02\\\/23\\\/hermanos-edson-y-byron-guaman-sucuzhanay-estudiaron-en-unae-y-uartes-la-misma-carrera\\\/\",\"name\":\"Universidad de las Artes - Hermanos Edson y Byron Guam\u00e1n Sucuzha\u00f1ay estudiaron la misma carrera en la UNAE y la UArtes\",\"isPartOf\":{\"@id\":\"https:\\\/\\\/www.uartes.edu.ec\\\/sitio\\\/fr\\\/#website\"},\"primaryImageOfPage\":{\"@id\":\"https:\\\/\\\/www.uartes.edu.ec\\\/sitio\\\/fr\\\/blog\\\/2023\\\/02\\\/23\\\/hermanos-edson-y-byron-guaman-sucuzhanay-estudiaron-en-unae-y-uartes-la-misma-carrera\\\/#primaryimage\"},\"image\":{\"@id\":\"https:\\\/\\\/www.uartes.edu.ec\\\/sitio\\\/fr\\\/blog\\\/2023\\\/02\\\/23\\\/hermanos-edson-y-byron-guaman-sucuzhanay-estudiaron-en-unae-y-uartes-la-misma-carrera\\\/#primaryimage\"},\"thumbnailUrl\":\"https:\\\/\\\/www.uartes.edu.ec\\\/sitio\\\/wp-content\\\/uploads\\\/2023\\\/03\\\/HERMANOS-GUAMAN-UNAE.jpg\",\"datePublished\":\"2023-02-23T20:55:46+00:00\",\"dateModified\":\"2024-07-04T16:21:28+00:00\",\"description\":\"Universidad de las Artes - Hermanos Edson y Byron Guam\u00e1n Sucuzha\u00f1ay estudiaron la misma carrera en la UNAE y la UArtes\",\"breadcrumb\":{\"@id\":\"https:\\\/\\\/www.uartes.edu.ec\\\/sitio\\\/fr\\\/blog\\\/2023\\\/02\\\/23\\\/hermanos-edson-y-byron-guaman-sucuzhanay-estudiaron-en-unae-y-uartes-la-misma-carrera\\\/#breadcrumb\"},\"inLanguage\":\"fr-FR\",\"potentialAction\":[{\"@type\":\"ReadAction\",\"target\":[\"https:\\\/\\\/www.uartes.edu.ec\\\/sitio\\\/fr\\\/blog\\\/2023\\\/02\\\/23\\\/hermanos-edson-y-byron-guaman-sucuzhanay-estudiaron-en-unae-y-uartes-la-misma-carrera\\\/\"]}]},{\"@type\":\"ImageObject\",\"inLanguage\":\"fr-FR\",\"@id\":\"https:\\\/\\\/www.uartes.edu.ec\\\/sitio\\\/fr\\\/blog\\\/2023\\\/02\\\/23\\\/hermanos-edson-y-byron-guaman-sucuzhanay-estudiaron-en-unae-y-uartes-la-misma-carrera\\\/#primaryimage\",\"url\":\"https:\\\/\\\/www.uartes.edu.ec\\\/sitio\\\/wp-content\\\/uploads\\\/2023\\\/03\\\/HERMANOS-GUAMAN-UNAE.jpg\",\"contentUrl\":\"https:\\\/\\\/www.uartes.edu.ec\\\/sitio\\\/wp-content\\\/uploads\\\/2023\\\/03\\\/HERMANOS-GUAMAN-UNAE.jpg\",\"width\":2000,\"height\":1333},{\"@type\":\"BreadcrumbList\",\"@id\":\"https:\\\/\\\/www.uartes.edu.ec\\\/sitio\\\/fr\\\/blog\\\/2023\\\/02\\\/23\\\/hermanos-edson-y-byron-guaman-sucuzhanay-estudiaron-en-unae-y-uartes-la-misma-carrera\\\/#breadcrumb\",\"itemListElement\":[{\"@type\":\"ListItem\",\"position\":1,\"name\":\"Inicio\",\"item\":\"https:\\\/\\\/www.uartes.edu.ec\\\/sitio\\\/\"},{\"@type\":\"ListItem\",\"position\":2,\"name\":\"Hermanos Edson y Byron Guam\u00e1n Sucuzha\u00f1ay estudiaron la misma carrera en la UNAE y la UArtes\"}]},{\"@type\":\"WebSite\",\"@id\":\"https:\\\/\\\/www.uartes.edu.ec\\\/sitio\\\/fr\\\/#website\",\"url\":\"https:\\\/\\\/www.uartes.edu.ec\\\/sitio\\\/fr\\\/\",\"name\":\"Universidad de las Artes\",\"description\":\"Sitio oficial de la Universidad Nacional de las Artes del Ecuador\",\"publisher\":{\"@id\":\"https:\\\/\\\/www.uartes.edu.ec\\\/sitio\\\/fr\\\/#organization\"},\"potentialAction\":[{\"@type\":\"SearchAction\",\"target\":{\"@type\":\"EntryPoint\",\"urlTemplate\":\"https:\\\/\\\/www.uartes.edu.ec\\\/sitio\\\/fr\\\/?s={search_term_string}\"},\"query-input\":{\"@type\":\"PropertyValueSpecification\",\"valueRequired\":true,\"valueName\":\"search_term_string\"}}],\"inLanguage\":\"fr-FR\"},{\"@type\":\"Organization\",\"@id\":\"https:\\\/\\\/www.uartes.edu.ec\\\/sitio\\\/fr\\\/#organization\",\"name\":\"Universidad de las Artes\",\"url\":\"https:\\\/\\\/www.uartes.edu.ec\\\/sitio\\\/fr\\\/\",\"logo\":{\"@type\":\"ImageObject\",\"inLanguage\":\"fr-FR\",\"@id\":\"https:\\\/\\\/www.uartes.edu.ec\\\/sitio\\\/fr\\\/#\\\/schema\\\/logo\\\/image\\\/\",\"url\":\"https:\\\/\\\/www.uartes.edu.ec\\\/sitio\\\/wp-content\\\/uploads\\\/2022\\\/07\\\/logo-ua-horizontal.png\",\"contentUrl\":\"https:\\\/\\\/www.uartes.edu.ec\\\/sitio\\\/wp-content\\\/uploads\\\/2022\\\/07\\\/logo-ua-horizontal.png\",\"width\":800,\"height\":276,\"caption\":\"Universidad de las Artes\"},\"image\":{\"@id\":\"https:\\\/\\\/www.uartes.edu.ec\\\/sitio\\\/fr\\\/#\\\/schema\\\/logo\\\/image\\\/\"},\"sameAs\":[\"https:\\\/\\\/www.facebook.com\\\/uartesec\",\"https:\\\/\\\/x.com\\\/uartesec\",\"https:\\\/\\\/www.tiktok.com\\\/@uartesec\"]},{\"@type\":\"Person\",\"@id\":\"https:\\\/\\\/www.uartes.edu.ec\\\/sitio\\\/fr\\\/#\\\/schema\\\/person\\\/efa1b8275797664fd7f13a79ccc0b1f4\",\"name\":\"ccortez\",\"image\":{\"@type\":\"ImageObject\",\"inLanguage\":\"fr-FR\",\"@id\":\"https:\\\/\\\/secure.gravatar.com\\\/avatar\\\/b2a6f664a3ae8e074346ef91775736c5ec479e637ecced6842de9dc98b5da9cd?s=96&d=mm&r=g\",\"url\":\"https:\\\/\\\/secure.gravatar.com\\\/avatar\\\/b2a6f664a3ae8e074346ef91775736c5ec479e637ecced6842de9dc98b5da9cd?s=96&d=mm&r=g\",\"contentUrl\":\"https:\\\/\\\/secure.gravatar.com\\\/avatar\\\/b2a6f664a3ae8e074346ef91775736c5ec479e637ecced6842de9dc98b5da9cd?s=96&d=mm&r=g\",\"caption\":\"ccortez\"},\"url\":\"https:\\\/\\\/www.uartes.edu.ec\\\/sitio\\\/fr\\\/blog\\\/author\\\/ccortez\\\/\"}]}<\/script>\n<!-- \/ Yoast SEO plugin. -->","yoast_head_json":{"title":"Universidad de las Artes - Hermanos Edson y Byron Guam\u00e1n Sucuzha\u00f1ay estudiaron la misma carrera en la UNAE y la UArtes","description":"Universidad de las Artes - Hermanos Edson y Byron Guam\u00e1n Sucuzha\u00f1ay estudiaron la misma carrera en la UNAE y la UArtes","robots":{"index":"index","follow":"follow","max-snippet":"max-snippet:-1","max-image-preview":"max-image-preview:large","max-video-preview":"max-video-preview:-1"},"canonical":"https:\/\/www.uartes.edu.ec\/sitio\/fr\/blog\/2023\/02\/23\/hermanos-edson-y-byron-guaman-sucuzhanay-estudiaron-en-unae-y-uartes-la-misma-carrera\/","og_locale":"fr_FR","og_type":"article","og_title":"Universidad de las Artes - Hermanos Edson y Byron Guam\u00e1n Sucuzha\u00f1ay estudiaron la misma carrera en la UNAE y la UArtes","og_description":"Universidad de las Artes - Hermanos Edson y Byron Guam\u00e1n Sucuzha\u00f1ay estudiaron la misma carrera en la UNAE y la UArtes","og_url":"https:\/\/www.uartes.edu.ec\/sitio\/fr\/blog\/2023\/02\/23\/hermanos-edson-y-byron-guaman-sucuzhanay-estudiaron-en-unae-y-uartes-la-misma-carrera\/","og_site_name":"Universidad de las Artes","article_publisher":"https:\/\/www.facebook.com\/uartesec","article_published_time":"2023-02-23T20:55:46+00:00","article_modified_time":"2024-07-04T16:21:28+00:00","og_image":[{"width":2000,"height":1333,"url":"https:\/\/www.uartes.edu.ec\/sitio\/wp-content\/uploads\/2023\/03\/HERMANOS-GUAMAN-UNAE.jpg","type":"image\/jpeg"}],"author":"ccortez","twitter_card":"summary_large_image","twitter_creator":"@uartesec","twitter_site":"@uartesec","twitter_misc":{"\u00c9crit par":"ccortez","Dur\u00e9e de lecture estim\u00e9e":"5 minutes"},"schema":{"@context":"https:\/\/schema.org","@graph":[{"@type":"Article","@id":"https:\/\/www.uartes.edu.ec\/sitio\/fr\/blog\/2023\/02\/23\/hermanos-edson-y-byron-guaman-sucuzhanay-estudiaron-en-unae-y-uartes-la-misma-carrera\/#article","isPartOf":{"@id":"https:\/\/www.uartes.edu.ec\/sitio\/fr\/blog\/2023\/02\/23\/hermanos-edson-y-byron-guaman-sucuzhanay-estudiaron-en-unae-y-uartes-la-misma-carrera\/"},"author":{"name":"ccortez","@id":"https:\/\/www.uartes.edu.ec\/sitio\/fr\/#\/schema\/person\/efa1b8275797664fd7f13a79ccc0b1f4"},"headline":"Hermanos Edson y Byron Guam\u00e1n Sucuzha\u00f1ay estudiaron la misma carrera en la UNAE y la UArtes","datePublished":"2023-02-23T20:55:46+00:00","dateModified":"2024-07-04T16:21:28+00:00","mainEntityOfPage":{"@id":"https:\/\/www.uartes.edu.ec\/sitio\/fr\/blog\/2023\/02\/23\/hermanos-edson-y-byron-guaman-sucuzhanay-estudiaron-en-unae-y-uartes-la-misma-carrera\/"},"wordCount":1027,"commentCount":0,"publisher":{"@id":"https:\/\/www.uartes.edu.ec\/sitio\/fr\/#organization"},"image":{"@id":"https:\/\/www.uartes.edu.ec\/sitio\/fr\/blog\/2023\/02\/23\/hermanos-edson-y-byron-guaman-sucuzhanay-estudiaron-en-unae-y-uartes-la-misma-carrera\/#primaryimage"},"thumbnailUrl":"https:\/\/www.uartes.edu.ec\/sitio\/wp-content\/uploads\/2023\/03\/HERMANOS-GUAMAN-UNAE.jpg","articleSection":["1F","Acad\u00e9mico","Artes","Docentes","Estudiantes","Gesti\u00f3n","Literatura"],"inLanguage":"fr-FR","potentialAction":[{"@type":"CommentAction","name":"Comment","target":["https:\/\/www.uartes.edu.ec\/sitio\/fr\/blog\/2023\/02\/23\/hermanos-edson-y-byron-guaman-sucuzhanay-estudiaron-en-unae-y-uartes-la-misma-carrera\/#respond"]}]},{"@type":["WebPage","ItemPage"],"@id":"https:\/\/www.uartes.edu.ec\/sitio\/fr\/blog\/2023\/02\/23\/hermanos-edson-y-byron-guaman-sucuzhanay-estudiaron-en-unae-y-uartes-la-misma-carrera\/","url":"https:\/\/www.uartes.edu.ec\/sitio\/fr\/blog\/2023\/02\/23\/hermanos-edson-y-byron-guaman-sucuzhanay-estudiaron-en-unae-y-uartes-la-misma-carrera\/","name":"Universidad de las Artes - Hermanos Edson y Byron Guam\u00e1n Sucuzha\u00f1ay estudiaron la misma carrera en la UNAE y la UArtes","isPartOf":{"@id":"https:\/\/www.uartes.edu.ec\/sitio\/fr\/#website"},"primaryImageOfPage":{"@id":"https:\/\/www.uartes.edu.ec\/sitio\/fr\/blog\/2023\/02\/23\/hermanos-edson-y-byron-guaman-sucuzhanay-estudiaron-en-unae-y-uartes-la-misma-carrera\/#primaryimage"},"image":{"@id":"https:\/\/www.uartes.edu.ec\/sitio\/fr\/blog\/2023\/02\/23\/hermanos-edson-y-byron-guaman-sucuzhanay-estudiaron-en-unae-y-uartes-la-misma-carrera\/#primaryimage"},"thumbnailUrl":"https:\/\/www.uartes.edu.ec\/sitio\/wp-content\/uploads\/2023\/03\/HERMANOS-GUAMAN-UNAE.jpg","datePublished":"2023-02-23T20:55:46+00:00","dateModified":"2024-07-04T16:21:28+00:00","description":"Universidad de las Artes - Hermanos Edson y Byron Guam\u00e1n Sucuzha\u00f1ay estudiaron la misma carrera en la UNAE y la UArtes","breadcrumb":{"@id":"https:\/\/www.uartes.edu.ec\/sitio\/fr\/blog\/2023\/02\/23\/hermanos-edson-y-byron-guaman-sucuzhanay-estudiaron-en-unae-y-uartes-la-misma-carrera\/#breadcrumb"},"inLanguage":"fr-FR","potentialAction":[{"@type":"ReadAction","target":["https:\/\/www.uartes.edu.ec\/sitio\/fr\/blog\/2023\/02\/23\/hermanos-edson-y-byron-guaman-sucuzhanay-estudiaron-en-unae-y-uartes-la-misma-carrera\/"]}]},{"@type":"ImageObject","inLanguage":"fr-FR","@id":"https:\/\/www.uartes.edu.ec\/sitio\/fr\/blog\/2023\/02\/23\/hermanos-edson-y-byron-guaman-sucuzhanay-estudiaron-en-unae-y-uartes-la-misma-carrera\/#primaryimage","url":"https:\/\/www.uartes.edu.ec\/sitio\/wp-content\/uploads\/2023\/03\/HERMANOS-GUAMAN-UNAE.jpg","contentUrl":"https:\/\/www.uartes.edu.ec\/sitio\/wp-content\/uploads\/2023\/03\/HERMANOS-GUAMAN-UNAE.jpg","width":2000,"height":1333},{"@type":"BreadcrumbList","@id":"https:\/\/www.uartes.edu.ec\/sitio\/fr\/blog\/2023\/02\/23\/hermanos-edson-y-byron-guaman-sucuzhanay-estudiaron-en-unae-y-uartes-la-misma-carrera\/#breadcrumb","itemListElement":[{"@type":"ListItem","position":1,"name":"Inicio","item":"https:\/\/www.uartes.edu.ec\/sitio\/"},{"@type":"ListItem","position":2,"name":"Hermanos Edson y Byron Guam\u00e1n Sucuzha\u00f1ay estudiaron la misma carrera en la UNAE y la UArtes"}]},{"@type":"WebSite","@id":"https:\/\/www.uartes.edu.ec\/sitio\/fr\/#website","url":"https:\/\/www.uartes.edu.ec\/sitio\/fr\/","name":"Universidad de las Artes","description":"Sitio oficial de la Universidad Nacional de las Artes del Ecuador","publisher":{"@id":"https:\/\/www.uartes.edu.ec\/sitio\/fr\/#organization"},"potentialAction":[{"@type":"SearchAction","target":{"@type":"EntryPoint","urlTemplate":"https:\/\/www.uartes.edu.ec\/sitio\/fr\/?s={search_term_string}"},"query-input":{"@type":"PropertyValueSpecification","valueRequired":true,"valueName":"search_term_string"}}],"inLanguage":"fr-FR"},{"@type":"Organization","@id":"https:\/\/www.uartes.edu.ec\/sitio\/fr\/#organization","name":"Universidad de las Artes","url":"https:\/\/www.uartes.edu.ec\/sitio\/fr\/","logo":{"@type":"ImageObject","inLanguage":"fr-FR","@id":"https:\/\/www.uartes.edu.ec\/sitio\/fr\/#\/schema\/logo\/image\/","url":"https:\/\/www.uartes.edu.ec\/sitio\/wp-content\/uploads\/2022\/07\/logo-ua-horizontal.png","contentUrl":"https:\/\/www.uartes.edu.ec\/sitio\/wp-content\/uploads\/2022\/07\/logo-ua-horizontal.png","width":800,"height":276,"caption":"Universidad de las Artes"},"image":{"@id":"https:\/\/www.uartes.edu.ec\/sitio\/fr\/#\/schema\/logo\/image\/"},"sameAs":["https:\/\/www.facebook.com\/uartesec","https:\/\/x.com\/uartesec","https:\/\/www.tiktok.com\/@uartesec"]},{"@type":"Person","@id":"https:\/\/www.uartes.edu.ec\/sitio\/fr\/#\/schema\/person\/efa1b8275797664fd7f13a79ccc0b1f4","name":"ccortez","image":{"@type":"ImageObject","inLanguage":"fr-FR","@id":"https:\/\/secure.gravatar.com\/avatar\/b2a6f664a3ae8e074346ef91775736c5ec479e637ecced6842de9dc98b5da9cd?s=96&d=mm&r=g","url":"https:\/\/secure.gravatar.com\/avatar\/b2a6f664a3ae8e074346ef91775736c5ec479e637ecced6842de9dc98b5da9cd?s=96&d=mm&r=g","contentUrl":"https:\/\/secure.gravatar.com\/avatar\/b2a6f664a3ae8e074346ef91775736c5ec479e637ecced6842de9dc98b5da9cd?s=96&d=mm&r=g","caption":"ccortez"},"url":"https:\/\/www.uartes.edu.ec\/sitio\/fr\/blog\/author\/ccortez\/"}]}},"uagb_featured_image_src":{"full":["https:\/\/www.uartes.edu.ec\/sitio\/wp-content\/uploads\/2023\/03\/HERMANOS-GUAMAN-UNAE.jpg",2000,1333,false],"thumbnail":["https:\/\/www.uartes.edu.ec\/sitio\/wp-content\/uploads\/2023\/03\/HERMANOS-GUAMAN-UNAE-150x150.jpg",150,150,true],"medium":["https:\/\/www.uartes.edu.ec\/sitio\/wp-content\/uploads\/2023\/03\/HERMANOS-GUAMAN-UNAE-300x200.jpg",300,200,true],"medium_large":["https:\/\/www.uartes.edu.ec\/sitio\/wp-content\/uploads\/2023\/03\/HERMANOS-GUAMAN-UNAE-768x512.jpg",768,512,true],"large":["https:\/\/www.uartes.edu.ec\/sitio\/wp-content\/uploads\/2023\/03\/HERMANOS-GUAMAN-UNAE-644x429.jpg",644,429,true],"1536x1536":["https:\/\/www.uartes.edu.ec\/sitio\/wp-content\/uploads\/2023\/03\/HERMANOS-GUAMAN-UNAE-1536x1024.jpg",1536,1024,true],"2048x2048":["https:\/\/www.uartes.edu.ec\/sitio\/wp-content\/uploads\/2023\/03\/HERMANOS-GUAMAN-UNAE.jpg",2000,1333,false],"trp-custom-language-flag":["https:\/\/www.uartes.edu.ec\/sitio\/wp-content\/uploads\/2023\/03\/HERMANOS-GUAMAN-UNAE.jpg",18,12,false],"htmega_size_585x295":["https:\/\/www.uartes.edu.ec\/sitio\/wp-content\/uploads\/2023\/03\/HERMANOS-GUAMAN-UNAE-585x295.jpg",585,295,true],"htmega_size_1170x536":["https:\/\/www.uartes.edu.ec\/sitio\/wp-content\/uploads\/2023\/03\/HERMANOS-GUAMAN-UNAE-1170x536.jpg",1170,536,true],"htmega_size_396x360":["https:\/\/www.uartes.edu.ec\/sitio\/wp-content\/uploads\/2023\/03\/HERMANOS-GUAMAN-UNAE-396x360.jpg",396,360,true],"gb-block-post-grid-landscape":["https:\/\/www.uartes.edu.ec\/sitio\/wp-content\/uploads\/2023\/03\/HERMANOS-GUAMAN-UNAE-600x400.jpg",600,400,true],"gb-block-post-grid-square":["https:\/\/www.uartes.edu.ec\/sitio\/wp-content\/uploads\/2023\/03\/HERMANOS-GUAMAN-UNAE-600x600.jpg",600,600,true],"university-hub-thumb":["https:\/\/www.uartes.edu.ec\/sitio\/wp-content\/uploads\/2023\/03\/HERMANOS-GUAMAN-UNAE-400x267.jpg",400,267,true],"mailpoet_newsletter_max":["https:\/\/www.uartes.edu.ec\/sitio\/wp-content\/uploads\/2023\/03\/HERMANOS-GUAMAN-UNAE.jpg",1320,880,false]},"uagb_author_info":{"display_name":"ccortez","author_link":"https:\/\/www.uartes.edu.ec\/sitio\/fr\/blog\/author\/ccortez\/"},"uagb_comment_info":0,"uagb_excerpt":"En la familia Guam\u00e1n Sucuzha\u00f1ay hubo doble celebraci\u00f3n el d\u00eda en que la UNAE gradu\u00f3 a los estudiantes de la carrera de Pedagog\u00eda de las Artes y Humanidades, la cual por convenio de cooperaci\u00f3n comparte con la Universidad de las Artes. Edson Enmanuel y Byron Ariel, dos de los 16 egresados que obtuvieron la licenciatura,\u2026","featured_image_src":"https:\/\/www.uartes.edu.ec\/sitio\/wp-content\/uploads\/2023\/03\/HERMANOS-GUAMAN-UNAE-600x400.jpg","featured_image_src_square":"https:\/\/www.uartes.edu.ec\/sitio\/wp-content\/uploads\/2023\/03\/HERMANOS-GUAMAN-UNAE-600x600.jpg","author_info":{"display_name":"ccortez","author_link":"https:\/\/www.uartes.edu.ec\/sitio\/fr\/blog\/author\/ccortez\/"},"publishpress_future_workflow_manual_trigger":{"enabledWorkflows":[]},"distributor_meta":false,"distributor_terms":false,"distributor_media":false,"distributor_original_site_name":"Universidad de las Artes","distributor_original_site_url":"https:\/\/www.uartes.edu.ec\/sitio\/fr","push-errors":false,"_links":{"self":[{"href":"https:\/\/www.uartes.edu.ec\/sitio\/fr\/wp-json\/wp\/v2\/posts\/38620","targetHints":{"allow":["GET"]}}],"collection":[{"href":"https:\/\/www.uartes.edu.ec\/sitio\/fr\/wp-json\/wp\/v2\/posts"}],"about":[{"href":"https:\/\/www.uartes.edu.ec\/sitio\/fr\/wp-json\/wp\/v2\/types\/post"}],"author":[{"embeddable":true,"href":"https:\/\/www.uartes.edu.ec\/sitio\/fr\/wp-json\/wp\/v2\/users\/10"}],"replies":[{"embeddable":true,"href":"https:\/\/www.uartes.edu.ec\/sitio\/fr\/wp-json\/wp\/v2\/comments?post=38620"}],"version-history":[{"count":12,"href":"https:\/\/www.uartes.edu.ec\/sitio\/fr\/wp-json\/wp\/v2\/posts\/38620\/revisions"}],"predecessor-version":[{"id":39094,"href":"https:\/\/www.uartes.edu.ec\/sitio\/fr\/wp-json\/wp\/v2\/posts\/38620\/revisions\/39094"}],"wp:featuredmedia":[{"embeddable":true,"href":"https:\/\/www.uartes.edu.ec\/sitio\/fr\/wp-json\/wp\/v2\/media\/38625"}],"wp:attachment":[{"href":"https:\/\/www.uartes.edu.ec\/sitio\/fr\/wp-json\/wp\/v2\/media?parent=38620"}],"wp:term":[{"taxonomy":"category","embeddable":true,"href":"https:\/\/www.uartes.edu.ec\/sitio\/fr\/wp-json\/wp\/v2\/categories?post=38620"},{"taxonomy":"post_tag","embeddable":true,"href":"https:\/\/www.uartes.edu.ec\/sitio\/fr\/wp-json\/wp\/v2\/tags?post=38620"},{"taxonomy":"infouartes","embeddable":true,"href":"https:\/\/www.uartes.edu.ec\/sitio\/fr\/wp-json\/wp\/v2\/infouartes?post=38620"}],"curies":[{"name":"wp","href":"https:\/\/api.w.org\/{rel}","templated":true}]}}