{"id":39021,"date":"2023-03-02T17:12:00","date_gmt":"2023-03-02T22:12:00","guid":{"rendered":"https:\/\/www.uartes.edu.ec\/sitio\/?p=39021"},"modified":"2024-07-04T11:21:27","modified_gmt":"2024-07-04T16:21:27","slug":"posesionados-los-nuevos-representantes-de-estudiantes-y-administrativos-ante-ocs-y-cde","status":"publish","type":"post","link":"https:\/\/www.uartes.edu.ec\/sitio\/fr\/blog\/2023\/03\/02\/posesionados-los-nuevos-representantes-de-estudiantes-y-administrativos-ante-ocs-y-cde\/","title":{"rendered":"Fueron posesionados los nuevos representantes de estudiantes y administrativos ante OCS y CDE"},"content":{"rendered":"<p>En sesi\u00f3n solemne realizada de manera virtual, presidida por el rector William Herrera y el Tribunal Electoral de la Universidad de las Artes, fueron posesionados este 1 de marzo de 2023 los nuevos representantes de los estudiantes y de los servidores y trabajadores ante el \u00d3rgano Colegiado Superior (OCS), as\u00ed como la representaci\u00f3n estudiantil y administrativa ante los Consejos Directivos de Escuela (CDE).<\/p>\n\n\n\n<p>Luego de la lectura que la abogada Patricia Ayala Happe, secretaria ad hoc del OCS, hizo del orden del d\u00eda de la sesi\u00f3n de posesi\u00f3n, el rector de la UArtes se\u00f1al\u00f3 dar inicio a un nuevo ciclo en la gesti\u00f3n de la representaci\u00f3n de los distintos estamentos de la universidad. Revel\u00f3 tambi\u00e9n la intenci\u00f3n del rectorado y el Tribunal Electoral de realizar la posesi\u00f3n de manera presencial, pero por el periodo intersemestral en el que se encuentra la universidad se opt\u00f3 por la modalidad telem\u00e1tica, a trav\u00e9s de la plataforma Zoom.<\/p>\n\n\n\n<p>Reiter\u00f3 la importancia del cogobierno, uno de los pilares claves para el funcionamiento de las instituciones de educaci\u00f3n superior del pa\u00eds, en este caso espec\u00edfico de la UArtes. Contar con el cogobierno permite tener autonom\u00eda frente al Sistema de Educaci\u00f3n Superior y otras instancias del Estado. Permite tomar una serie de decisiones con respecto al rumbo acad\u00e9mico de la universidad, nuestra manera de entender el trabajo pedag\u00f3gico y la formaci\u00f3n art\u00edstica del pa\u00eds, dijo.<\/p>\n\n\n\n<p>El doctor William Herrera felicit\u00f3 y agradeci\u00f3 a los nuevos representantes estudiantiles y administrativos ante el OCS y los CDE por el compromiso de participar como candidatos, Significa una gran responsabilidad asumir una postura en cada uno de los temas que se presenten en las agendas del OCS y del CDE, sostuvo y agradeci\u00f3, asimismo, a los miembros del Tribunal Electoral de la UArtes por el trabajo exigente que realizan, en paralelo con las actividades docentes, administrativas y de estudio que tienen a lo largo del semestre.<\/p>\n\n\n<div class=\"wp-block-image\">\n<figure class=\"aligncenter size-large\"><img decoding=\"async\" src=\"https:\/\/www.uartes.edu.ec\/sitio\/wp-content\/uploads\/2023\/03\/POSESION-OCS-644x429.jpg\" alt=\"\" \/><\/figure>\n<\/div>\n\n<div class=\"wp-block-image\">\n<figure class=\"aligncenter size-large\"><img fetchpriority=\"high\" decoding=\"async\" width=\"644\" height=\"429\" src=\"https:\/\/www.uartes.edu.ec\/sitio\/wp-content\/uploads\/2023\/03\/POSESION-OCS-2-644x429.jpg\" alt=\"\" class=\"wp-image-39024\" srcset=\"https:\/\/www.uartes.edu.ec\/sitio\/wp-content\/uploads\/2023\/03\/POSESION-OCS-2-644x429.jpg 644w, https:\/\/www.uartes.edu.ec\/sitio\/wp-content\/uploads\/2023\/03\/POSESION-OCS-2-768x511.jpg 768w, https:\/\/www.uartes.edu.ec\/sitio\/wp-content\/uploads\/2023\/03\/POSESION-OCS-2.jpg 2000w, https:\/\/www.uartes.edu.ec\/sitio\/wp-content\/uploads\/2023\/03\/POSESION-OCS-2-600x399.jpg 600w, https:\/\/www.uartes.edu.ec\/sitio\/wp-content\/uploads\/2023\/03\/POSESION-OCS-2-272x182.jpg 272w\" sizes=\"(max-width: 644px) 100vw, 644px\" \/><\/figure>\n<\/div>\n\n\n<p>Indic\u00f3 que, en particular, este \u00faltimo proceso eleccionario tuvo como caracter\u00edstica que los miembros del Tribunal Electoral UArtes se encontraban en periodo de pr\u00f3rroga de sus funciones; este TE organiz\u00f3 las primeras elecciones desde finales de 2020. Lo conforman, el doctor Rub\u00e9n Riera Esteban, como presidente; el economista Andr\u00e9s Sotomayor y la licenciada Soraya Campos, como representantes de los servidores y trabajadores de carrera; Brenda Guajala, como representante de los estudiantes; los doctores Juan Posso y David Villareal, como representantes de los docentes, y la abogada Estela Narv\u00e1ez Fern\u00e1ndez, como secretaria.<\/p>\n\n\n\n<p>\u201cEstar\u00edamos cerrando el primer ciclo de gesti\u00f3n de este Tribunal Electoral\u201d, mencion\u00f3 el rector, se\u00f1alando al TE como uno de los pilares de la autonom\u00eda y el cogobierno que permite el funcionamiento de la universidad.<\/p>\n\n\n\n<p>De igual manera, el doctor Herrera, quien preside el OCS, agradeci\u00f3 a los representantes estudiantiles y administrativos que conclu\u00edan funciones y a quienes integraron los Consejos Directivos de Escuela durante este periodo; han participado, expres\u00f3, de una serie de reuniones de trabajo y de sesiones. Han dado sus pntos de vista a los temas de la agenda de la UArtes.<\/p>\n\n\n\n<p>El docente Rub\u00e9n Riera, en su intervenci\u00f3n, anot\u00f3 que al Tribunal Electoral le resta trabajar en los archivos, lo cual es otro trabajo igualmente intenso. Refiri\u00f3 que en las reciente elecciones hubo un poco m\u00e1s de participaci\u00f3n por parte de la comunidad universitaria. Destac\u00f3 la existencia del MEPA, Movimiento Estudiantil por las Artes, y el anhelo de que existan otros grupos m\u00e1s, a fin de que en las futuras elecciones exista mayor n\u00famero de opiniones y todos se sintieran representados.<\/p>\n\n\n\n<p>Agradeci\u00f3 a las autoridades y a todos quienes hacen parte de la UArtes por el apoyo otorgado. Indic\u00f3 dejar un programa para la realizaci\u00f3n de elecciones, mismo que podr\u00eda servir para otras instituciones de educaci\u00f3n superior, puesto que en ese sentido no existen modelos. Riera admiti\u00f3 que se registraron momentos de tensi\u00f3n, pero que ha sido de gran placer el trabajo que el TE ha desempe\u00f1ado junto con toda la universidad. Con los estudiantes, por la relaci\u00f3n muy cercana con sus representantes, as\u00ed como con los administrativos. \u201cTodos han ayudado\u201d.<\/p>\n\n\n\n<p>Seguidamente a la intervenci\u00f3n de Riera, la secretaria ad hoc del OCS dio lectura al acta con los nombres de los nuevos representantes y sus dignidades. Son en total de 34, entre principales y alternos. Ellos fueron elegidos el pasado 6 de febrero por la comunidad universitaria mediante voto electr\u00f3nico.<\/p>\n\n\n\n<p>Los representantes estudiantiles ante el OCS son doce y su periodo es de 2023 a 2024; son un principal y un alterno por las escuelas de Artes Sonoras, Artes Esc\u00e9nicas, Artes Visuales, Cine y Literatura y por el Departamento Transversal de Teor\u00eda Cr\u00edtica y Pr\u00e1cticas Experimentales.<\/p>\n\n\n\n<p>As\u00ed tambi\u00e9n son doce los representantes estudiantiles ante los Consejos Directivos de Escuelas tanto de posgrado como de pregrado: Cine, Artes Visuales, Artes Esc\u00e9nicas, Literatura y Artes Sonoras; el periodo a cumplir es de 2023 a 2024.<\/p>\n\n\n\n<p>Ocho son los representantes administrativos ante el CDE, corresponden a las escuelas de Artes Sonoras, Artes Visuales, Artes Esc\u00e9nicas y Cine, y su periodo es de 2023 a 2025.&nbsp;<\/p>\n\n\n\n<p>Igualmente, los dos representantes que tendr\u00e1n los servidores y trabajadores ante el OCS estar\u00e1n dos a\u00f1os en funciones: del 2023 al 2025.<\/p>\n\n\n\n<p>Luego de la posesi\u00f3n, los nuevos miembros ante el OCS y el CDE entraron en funciones, se indic\u00f3 al t\u00e9rmino de la sesi\u00f3n.<\/p>","protected":false},"excerpt":{"rendered":"<p>En sesi\u00f3n solemne realizada de manera virtual, presidida por el rector William Herrera y el Tribunal Electoral de la Universidad de las Artes, fueron posesionados este 1 de marzo de 2023 los nuevos representantes de los estudiantes y de los servidores y trabajadores ante el \u00d3rgano Colegiado Superior (OCS), as\u00ed como la representaci\u00f3n estudiantil y administrativa ante los Consejos Directivos de Escuela (CDE). <\/p>","protected":false},"author":10,"featured_media":39022,"comment_status":"open","ping_status":"open","sticky":false,"template":"","format":"standard","meta":{"_acf_changed":false,"_uag_custom_page_level_css":"","_monsterinsights_skip_tracking":false,"_monsterinsights_sitenote_active":false,"_monsterinsights_sitenote_note":"","_monsterinsights_sitenote_category":0,"cybocfi_hide_featured_image":"","footnotes":""},"categories":[712,159,150,157,147,77,175],"tags":[937],"infouartes":[],"class_list":["post-39021","post","type-post","status-publish","format-standard","has-post-thumbnail","hentry","category-1a","category-artes-escenicas","category-artes-sonoras","category-artes-visuales","category-cine","category-gestion","category-literatura","tag-posesion"],"acf":[],"yoast_head":"<!-- This site is optimized with the Yoast SEO plugin v27.4 - https:\/\/yoast.com\/product\/yoast-seo-wordpress\/ -->\n<title>Universidad de las Artes - Fueron posesionados los nuevos representantes de estudiantes y administrativos ante OCS y CDE<\/title>\n<meta name=\"description\" content=\"Universidad de las Artes - Fueron posesionados los nuevos representantes de estudiantes y administrativos ante OCS y CDE\" \/>\n<meta name=\"robots\" content=\"index, follow, max-snippet:-1, max-image-preview:large, max-video-preview:-1\" \/>\n<link rel=\"canonical\" href=\"https:\/\/www.uartes.edu.ec\/sitio\/fr\/blog\/2023\/03\/02\/posesionados-los-nuevos-representantes-de-estudiantes-y-administrativos-ante-ocs-y-cde\/\" \/>\n<meta property=\"og:locale\" content=\"fr_FR\" \/>\n<meta property=\"og:type\" content=\"article\" \/>\n<meta property=\"og:title\" content=\"Universidad de las Artes - Fueron posesionados los nuevos representantes de estudiantes y administrativos ante OCS y CDE\" \/>\n<meta property=\"og:description\" content=\"Universidad de las Artes - Fueron posesionados los nuevos representantes de estudiantes y administrativos ante OCS y CDE\" \/>\n<meta property=\"og:url\" content=\"https:\/\/www.uartes.edu.ec\/sitio\/fr\/blog\/2023\/03\/02\/posesionados-los-nuevos-representantes-de-estudiantes-y-administrativos-ante-ocs-y-cde\/\" \/>\n<meta property=\"og:site_name\" content=\"Universidad de las Artes\" \/>\n<meta property=\"article:publisher\" content=\"https:\/\/www.facebook.com\/uartesec\" \/>\n<meta property=\"article:published_time\" content=\"2023-03-02T22:12:00+00:00\" \/>\n<meta property=\"article:modified_time\" content=\"2024-07-04T16:21:27+00:00\" \/>\n<meta property=\"og:image\" content=\"https:\/\/www.uartes.edu.ec\/sitio\/wp-content\/uploads\/2023\/03\/POSESION-OCS-3.jpg\" \/>\n\t<meta property=\"og:image:width\" content=\"2000\" \/>\n\t<meta property=\"og:image:height\" content=\"1333\" \/>\n\t<meta property=\"og:image:type\" content=\"image\/jpeg\" \/>\n<meta name=\"author\" content=\"ccortez\" \/>\n<meta name=\"twitter:card\" content=\"summary_large_image\" \/>\n<meta name=\"twitter:creator\" content=\"@uartesec\" \/>\n<meta name=\"twitter:site\" content=\"@uartesec\" \/>\n<meta name=\"twitter:label1\" content=\"\u00c9crit par\" \/>\n\t<meta name=\"twitter:data1\" content=\"ccortez\" \/>\n\t<meta name=\"twitter:label2\" content=\"Dur\u00e9e de lecture estim\u00e9e\" \/>\n\t<meta name=\"twitter:data2\" content=\"5 minutes\" \/>\n<script type=\"application\/ld+json\" class=\"yoast-schema-graph\">{\"@context\":\"https:\\\/\\\/schema.org\",\"@graph\":[{\"@type\":\"Article\",\"@id\":\"https:\\\/\\\/www.uartes.edu.ec\\\/sitio\\\/fr\\\/blog\\\/2023\\\/03\\\/02\\\/posesionados-los-nuevos-representantes-de-estudiantes-y-administrativos-ante-ocs-y-cde\\\/#article\",\"isPartOf\":{\"@id\":\"https:\\\/\\\/www.uartes.edu.ec\\\/sitio\\\/fr\\\/blog\\\/2023\\\/03\\\/02\\\/posesionados-los-nuevos-representantes-de-estudiantes-y-administrativos-ante-ocs-y-cde\\\/\"},\"author\":{\"name\":\"ccortez\",\"@id\":\"https:\\\/\\\/www.uartes.edu.ec\\\/sitio\\\/fr\\\/#\\\/schema\\\/person\\\/efa1b8275797664fd7f13a79ccc0b1f4\"},\"headline\":\"Fueron posesionados los nuevos representantes de estudiantes y administrativos ante OCS y CDE\",\"datePublished\":\"2023-03-02T22:12:00+00:00\",\"dateModified\":\"2024-07-04T16:21:27+00:00\",\"mainEntityOfPage\":{\"@id\":\"https:\\\/\\\/www.uartes.edu.ec\\\/sitio\\\/fr\\\/blog\\\/2023\\\/03\\\/02\\\/posesionados-los-nuevos-representantes-de-estudiantes-y-administrativos-ante-ocs-y-cde\\\/\"},\"wordCount\":940,\"commentCount\":0,\"publisher\":{\"@id\":\"https:\\\/\\\/www.uartes.edu.ec\\\/sitio\\\/fr\\\/#organization\"},\"image\":{\"@id\":\"https:\\\/\\\/www.uartes.edu.ec\\\/sitio\\\/fr\\\/blog\\\/2023\\\/03\\\/02\\\/posesionados-los-nuevos-representantes-de-estudiantes-y-administrativos-ante-ocs-y-cde\\\/#primaryimage\"},\"thumbnailUrl\":\"https:\\\/\\\/www.uartes.edu.ec\\\/sitio\\\/wp-content\\\/uploads\\\/2023\\\/03\\\/POSESION-OCS-3.jpg\",\"keywords\":[\"posesi\u00f3n\"],\"articleSection\":[\"1A\",\"Artes Esc\u00e9nicas\",\"Artes Sonoras\",\"Artes Visuales\",\"Cine\",\"Gesti\u00f3n\",\"Literatura\"],\"inLanguage\":\"fr-FR\",\"potentialAction\":[{\"@type\":\"CommentAction\",\"name\":\"Comment\",\"target\":[\"https:\\\/\\\/www.uartes.edu.ec\\\/sitio\\\/fr\\\/blog\\\/2023\\\/03\\\/02\\\/posesionados-los-nuevos-representantes-de-estudiantes-y-administrativos-ante-ocs-y-cde\\\/#respond\"]}]},{\"@type\":[\"WebPage\",\"ItemPage\"],\"@id\":\"https:\\\/\\\/www.uartes.edu.ec\\\/sitio\\\/fr\\\/blog\\\/2023\\\/03\\\/02\\\/posesionados-los-nuevos-representantes-de-estudiantes-y-administrativos-ante-ocs-y-cde\\\/\",\"url\":\"https:\\\/\\\/www.uartes.edu.ec\\\/sitio\\\/fr\\\/blog\\\/2023\\\/03\\\/02\\\/posesionados-los-nuevos-representantes-de-estudiantes-y-administrativos-ante-ocs-y-cde\\\/\",\"name\":\"Universidad de las Artes - Fueron posesionados los nuevos representantes de estudiantes y administrativos ante OCS y CDE\",\"isPartOf\":{\"@id\":\"https:\\\/\\\/www.uartes.edu.ec\\\/sitio\\\/fr\\\/#website\"},\"primaryImageOfPage\":{\"@id\":\"https:\\\/\\\/www.uartes.edu.ec\\\/sitio\\\/fr\\\/blog\\\/2023\\\/03\\\/02\\\/posesionados-los-nuevos-representantes-de-estudiantes-y-administrativos-ante-ocs-y-cde\\\/#primaryimage\"},\"image\":{\"@id\":\"https:\\\/\\\/www.uartes.edu.ec\\\/sitio\\\/fr\\\/blog\\\/2023\\\/03\\\/02\\\/posesionados-los-nuevos-representantes-de-estudiantes-y-administrativos-ante-ocs-y-cde\\\/#primaryimage\"},\"thumbnailUrl\":\"https:\\\/\\\/www.uartes.edu.ec\\\/sitio\\\/wp-content\\\/uploads\\\/2023\\\/03\\\/POSESION-OCS-3.jpg\",\"datePublished\":\"2023-03-02T22:12:00+00:00\",\"dateModified\":\"2024-07-04T16:21:27+00:00\",\"description\":\"Universidad de las Artes - Fueron posesionados los nuevos representantes de estudiantes y administrativos ante OCS y CDE\",\"breadcrumb\":{\"@id\":\"https:\\\/\\\/www.uartes.edu.ec\\\/sitio\\\/fr\\\/blog\\\/2023\\\/03\\\/02\\\/posesionados-los-nuevos-representantes-de-estudiantes-y-administrativos-ante-ocs-y-cde\\\/#breadcrumb\"},\"inLanguage\":\"fr-FR\",\"potentialAction\":[{\"@type\":\"ReadAction\",\"target\":[\"https:\\\/\\\/www.uartes.edu.ec\\\/sitio\\\/fr\\\/blog\\\/2023\\\/03\\\/02\\\/posesionados-los-nuevos-representantes-de-estudiantes-y-administrativos-ante-ocs-y-cde\\\/\"]}]},{\"@type\":\"ImageObject\",\"inLanguage\":\"fr-FR\",\"@id\":\"https:\\\/\\\/www.uartes.edu.ec\\\/sitio\\\/fr\\\/blog\\\/2023\\\/03\\\/02\\\/posesionados-los-nuevos-representantes-de-estudiantes-y-administrativos-ante-ocs-y-cde\\\/#primaryimage\",\"url\":\"https:\\\/\\\/www.uartes.edu.ec\\\/sitio\\\/wp-content\\\/uploads\\\/2023\\\/03\\\/POSESION-OCS-3.jpg\",\"contentUrl\":\"https:\\\/\\\/www.uartes.edu.ec\\\/sitio\\\/wp-content\\\/uploads\\\/2023\\\/03\\\/POSESION-OCS-3.jpg\",\"width\":2000,\"height\":1333},{\"@type\":\"BreadcrumbList\",\"@id\":\"https:\\\/\\\/www.uartes.edu.ec\\\/sitio\\\/fr\\\/blog\\\/2023\\\/03\\\/02\\\/posesionados-los-nuevos-representantes-de-estudiantes-y-administrativos-ante-ocs-y-cde\\\/#breadcrumb\",\"itemListElement\":[{\"@type\":\"ListItem\",\"position\":1,\"name\":\"Inicio\",\"item\":\"https:\\\/\\\/www.uartes.edu.ec\\\/sitio\\\/\"},{\"@type\":\"ListItem\",\"position\":2,\"name\":\"Fueron posesionados los nuevos representantes de estudiantes y administrativos ante OCS y CDE\"}]},{\"@type\":\"WebSite\",\"@id\":\"https:\\\/\\\/www.uartes.edu.ec\\\/sitio\\\/fr\\\/#website\",\"url\":\"https:\\\/\\\/www.uartes.edu.ec\\\/sitio\\\/fr\\\/\",\"name\":\"Universidad de las Artes\",\"description\":\"Sitio oficial de la Universidad Nacional de las Artes del Ecuador\",\"publisher\":{\"@id\":\"https:\\\/\\\/www.uartes.edu.ec\\\/sitio\\\/fr\\\/#organization\"},\"potentialAction\":[{\"@type\":\"SearchAction\",\"target\":{\"@type\":\"EntryPoint\",\"urlTemplate\":\"https:\\\/\\\/www.uartes.edu.ec\\\/sitio\\\/fr\\\/?s={search_term_string}\"},\"query-input\":{\"@type\":\"PropertyValueSpecification\",\"valueRequired\":true,\"valueName\":\"search_term_string\"}}],\"inLanguage\":\"fr-FR\"},{\"@type\":\"Organization\",\"@id\":\"https:\\\/\\\/www.uartes.edu.ec\\\/sitio\\\/fr\\\/#organization\",\"name\":\"Universidad de las Artes\",\"url\":\"https:\\\/\\\/www.uartes.edu.ec\\\/sitio\\\/fr\\\/\",\"logo\":{\"@type\":\"ImageObject\",\"inLanguage\":\"fr-FR\",\"@id\":\"https:\\\/\\\/www.uartes.edu.ec\\\/sitio\\\/fr\\\/#\\\/schema\\\/logo\\\/image\\\/\",\"url\":\"https:\\\/\\\/www.uartes.edu.ec\\\/sitio\\\/wp-content\\\/uploads\\\/2022\\\/07\\\/logo-ua-horizontal.png\",\"contentUrl\":\"https:\\\/\\\/www.uartes.edu.ec\\\/sitio\\\/wp-content\\\/uploads\\\/2022\\\/07\\\/logo-ua-horizontal.png\",\"width\":800,\"height\":276,\"caption\":\"Universidad de las Artes\"},\"image\":{\"@id\":\"https:\\\/\\\/www.uartes.edu.ec\\\/sitio\\\/fr\\\/#\\\/schema\\\/logo\\\/image\\\/\"},\"sameAs\":[\"https:\\\/\\\/www.facebook.com\\\/uartesec\",\"https:\\\/\\\/x.com\\\/uartesec\",\"https:\\\/\\\/www.tiktok.com\\\/@uartesec\"]},{\"@type\":\"Person\",\"@id\":\"https:\\\/\\\/www.uartes.edu.ec\\\/sitio\\\/fr\\\/#\\\/schema\\\/person\\\/efa1b8275797664fd7f13a79ccc0b1f4\",\"name\":\"ccortez\",\"image\":{\"@type\":\"ImageObject\",\"inLanguage\":\"fr-FR\",\"@id\":\"https:\\\/\\\/secure.gravatar.com\\\/avatar\\\/b2a6f664a3ae8e074346ef91775736c5ec479e637ecced6842de9dc98b5da9cd?s=96&d=mm&r=g\",\"url\":\"https:\\\/\\\/secure.gravatar.com\\\/avatar\\\/b2a6f664a3ae8e074346ef91775736c5ec479e637ecced6842de9dc98b5da9cd?s=96&d=mm&r=g\",\"contentUrl\":\"https:\\\/\\\/secure.gravatar.com\\\/avatar\\\/b2a6f664a3ae8e074346ef91775736c5ec479e637ecced6842de9dc98b5da9cd?s=96&d=mm&r=g\",\"caption\":\"ccortez\"},\"url\":\"https:\\\/\\\/www.uartes.edu.ec\\\/sitio\\\/fr\\\/blog\\\/author\\\/ccortez\\\/\"}]}<\/script>\n<!-- \/ Yoast SEO plugin. -->","yoast_head_json":{"title":"Universidad de las Artes - Fueron posesionados los nuevos representantes de estudiantes y administrativos ante OCS y CDE","description":"Universidad de las Artes - Fueron posesionados los nuevos representantes de estudiantes y administrativos ante OCS y CDE","robots":{"index":"index","follow":"follow","max-snippet":"max-snippet:-1","max-image-preview":"max-image-preview:large","max-video-preview":"max-video-preview:-1"},"canonical":"https:\/\/www.uartes.edu.ec\/sitio\/fr\/blog\/2023\/03\/02\/posesionados-los-nuevos-representantes-de-estudiantes-y-administrativos-ante-ocs-y-cde\/","og_locale":"fr_FR","og_type":"article","og_title":"Universidad de las Artes - Fueron posesionados los nuevos representantes de estudiantes y administrativos ante OCS y CDE","og_description":"Universidad de las Artes - Fueron posesionados los nuevos representantes de estudiantes y administrativos ante OCS y CDE","og_url":"https:\/\/www.uartes.edu.ec\/sitio\/fr\/blog\/2023\/03\/02\/posesionados-los-nuevos-representantes-de-estudiantes-y-administrativos-ante-ocs-y-cde\/","og_site_name":"Universidad de las Artes","article_publisher":"https:\/\/www.facebook.com\/uartesec","article_published_time":"2023-03-02T22:12:00+00:00","article_modified_time":"2024-07-04T16:21:27+00:00","og_image":[{"width":2000,"height":1333,"url":"https:\/\/www.uartes.edu.ec\/sitio\/wp-content\/uploads\/2023\/03\/POSESION-OCS-3.jpg","type":"image\/jpeg"}],"author":"ccortez","twitter_card":"summary_large_image","twitter_creator":"@uartesec","twitter_site":"@uartesec","twitter_misc":{"\u00c9crit par":"ccortez","Dur\u00e9e de lecture estim\u00e9e":"5 minutes"},"schema":{"@context":"https:\/\/schema.org","@graph":[{"@type":"Article","@id":"https:\/\/www.uartes.edu.ec\/sitio\/fr\/blog\/2023\/03\/02\/posesionados-los-nuevos-representantes-de-estudiantes-y-administrativos-ante-ocs-y-cde\/#article","isPartOf":{"@id":"https:\/\/www.uartes.edu.ec\/sitio\/fr\/blog\/2023\/03\/02\/posesionados-los-nuevos-representantes-de-estudiantes-y-administrativos-ante-ocs-y-cde\/"},"author":{"name":"ccortez","@id":"https:\/\/www.uartes.edu.ec\/sitio\/fr\/#\/schema\/person\/efa1b8275797664fd7f13a79ccc0b1f4"},"headline":"Fueron posesionados los nuevos representantes de estudiantes y administrativos ante OCS y CDE","datePublished":"2023-03-02T22:12:00+00:00","dateModified":"2024-07-04T16:21:27+00:00","mainEntityOfPage":{"@id":"https:\/\/www.uartes.edu.ec\/sitio\/fr\/blog\/2023\/03\/02\/posesionados-los-nuevos-representantes-de-estudiantes-y-administrativos-ante-ocs-y-cde\/"},"wordCount":940,"commentCount":0,"publisher":{"@id":"https:\/\/www.uartes.edu.ec\/sitio\/fr\/#organization"},"image":{"@id":"https:\/\/www.uartes.edu.ec\/sitio\/fr\/blog\/2023\/03\/02\/posesionados-los-nuevos-representantes-de-estudiantes-y-administrativos-ante-ocs-y-cde\/#primaryimage"},"thumbnailUrl":"https:\/\/www.uartes.edu.ec\/sitio\/wp-content\/uploads\/2023\/03\/POSESION-OCS-3.jpg","keywords":["posesi\u00f3n"],"articleSection":["1A","Artes Esc\u00e9nicas","Artes Sonoras","Artes Visuales","Cine","Gesti\u00f3n","Literatura"],"inLanguage":"fr-FR","potentialAction":[{"@type":"CommentAction","name":"Comment","target":["https:\/\/www.uartes.edu.ec\/sitio\/fr\/blog\/2023\/03\/02\/posesionados-los-nuevos-representantes-de-estudiantes-y-administrativos-ante-ocs-y-cde\/#respond"]}]},{"@type":["WebPage","ItemPage"],"@id":"https:\/\/www.uartes.edu.ec\/sitio\/fr\/blog\/2023\/03\/02\/posesionados-los-nuevos-representantes-de-estudiantes-y-administrativos-ante-ocs-y-cde\/","url":"https:\/\/www.uartes.edu.ec\/sitio\/fr\/blog\/2023\/03\/02\/posesionados-los-nuevos-representantes-de-estudiantes-y-administrativos-ante-ocs-y-cde\/","name":"Universidad de las Artes - Fueron posesionados los nuevos representantes de estudiantes y administrativos ante OCS y CDE","isPartOf":{"@id":"https:\/\/www.uartes.edu.ec\/sitio\/fr\/#website"},"primaryImageOfPage":{"@id":"https:\/\/www.uartes.edu.ec\/sitio\/fr\/blog\/2023\/03\/02\/posesionados-los-nuevos-representantes-de-estudiantes-y-administrativos-ante-ocs-y-cde\/#primaryimage"},"image":{"@id":"https:\/\/www.uartes.edu.ec\/sitio\/fr\/blog\/2023\/03\/02\/posesionados-los-nuevos-representantes-de-estudiantes-y-administrativos-ante-ocs-y-cde\/#primaryimage"},"thumbnailUrl":"https:\/\/www.uartes.edu.ec\/sitio\/wp-content\/uploads\/2023\/03\/POSESION-OCS-3.jpg","datePublished":"2023-03-02T22:12:00+00:00","dateModified":"2024-07-04T16:21:27+00:00","description":"Universidad de las Artes - Fueron posesionados los nuevos representantes de estudiantes y administrativos ante OCS y CDE","breadcrumb":{"@id":"https:\/\/www.uartes.edu.ec\/sitio\/fr\/blog\/2023\/03\/02\/posesionados-los-nuevos-representantes-de-estudiantes-y-administrativos-ante-ocs-y-cde\/#breadcrumb"},"inLanguage":"fr-FR","potentialAction":[{"@type":"ReadAction","target":["https:\/\/www.uartes.edu.ec\/sitio\/fr\/blog\/2023\/03\/02\/posesionados-los-nuevos-representantes-de-estudiantes-y-administrativos-ante-ocs-y-cde\/"]}]},{"@type":"ImageObject","inLanguage":"fr-FR","@id":"https:\/\/www.uartes.edu.ec\/sitio\/fr\/blog\/2023\/03\/02\/posesionados-los-nuevos-representantes-de-estudiantes-y-administrativos-ante-ocs-y-cde\/#primaryimage","url":"https:\/\/www.uartes.edu.ec\/sitio\/wp-content\/uploads\/2023\/03\/POSESION-OCS-3.jpg","contentUrl":"https:\/\/www.uartes.edu.ec\/sitio\/wp-content\/uploads\/2023\/03\/POSESION-OCS-3.jpg","width":2000,"height":1333},{"@type":"BreadcrumbList","@id":"https:\/\/www.uartes.edu.ec\/sitio\/fr\/blog\/2023\/03\/02\/posesionados-los-nuevos-representantes-de-estudiantes-y-administrativos-ante-ocs-y-cde\/#breadcrumb","itemListElement":[{"@type":"ListItem","position":1,"name":"Inicio","item":"https:\/\/www.uartes.edu.ec\/sitio\/"},{"@type":"ListItem","position":2,"name":"Fueron posesionados los nuevos representantes de estudiantes y administrativos ante OCS y CDE"}]},{"@type":"WebSite","@id":"https:\/\/www.uartes.edu.ec\/sitio\/fr\/#website","url":"https:\/\/www.uartes.edu.ec\/sitio\/fr\/","name":"Universidad de las Artes","description":"Sitio oficial de la Universidad Nacional de las Artes del Ecuador","publisher":{"@id":"https:\/\/www.uartes.edu.ec\/sitio\/fr\/#organization"},"potentialAction":[{"@type":"SearchAction","target":{"@type":"EntryPoint","urlTemplate":"https:\/\/www.uartes.edu.ec\/sitio\/fr\/?s={search_term_string}"},"query-input":{"@type":"PropertyValueSpecification","valueRequired":true,"valueName":"search_term_string"}}],"inLanguage":"fr-FR"},{"@type":"Organization","@id":"https:\/\/www.uartes.edu.ec\/sitio\/fr\/#organization","name":"Universidad de las Artes","url":"https:\/\/www.uartes.edu.ec\/sitio\/fr\/","logo":{"@type":"ImageObject","inLanguage":"fr-FR","@id":"https:\/\/www.uartes.edu.ec\/sitio\/fr\/#\/schema\/logo\/image\/","url":"https:\/\/www.uartes.edu.ec\/sitio\/wp-content\/uploads\/2022\/07\/logo-ua-horizontal.png","contentUrl":"https:\/\/www.uartes.edu.ec\/sitio\/wp-content\/uploads\/2022\/07\/logo-ua-horizontal.png","width":800,"height":276,"caption":"Universidad de las Artes"},"image":{"@id":"https:\/\/www.uartes.edu.ec\/sitio\/fr\/#\/schema\/logo\/image\/"},"sameAs":["https:\/\/www.facebook.com\/uartesec","https:\/\/x.com\/uartesec","https:\/\/www.tiktok.com\/@uartesec"]},{"@type":"Person","@id":"https:\/\/www.uartes.edu.ec\/sitio\/fr\/#\/schema\/person\/efa1b8275797664fd7f13a79ccc0b1f4","name":"ccortez","image":{"@type":"ImageObject","inLanguage":"fr-FR","@id":"https:\/\/secure.gravatar.com\/avatar\/b2a6f664a3ae8e074346ef91775736c5ec479e637ecced6842de9dc98b5da9cd?s=96&d=mm&r=g","url":"https:\/\/secure.gravatar.com\/avatar\/b2a6f664a3ae8e074346ef91775736c5ec479e637ecced6842de9dc98b5da9cd?s=96&d=mm&r=g","contentUrl":"https:\/\/secure.gravatar.com\/avatar\/b2a6f664a3ae8e074346ef91775736c5ec479e637ecced6842de9dc98b5da9cd?s=96&d=mm&r=g","caption":"ccortez"},"url":"https:\/\/www.uartes.edu.ec\/sitio\/fr\/blog\/author\/ccortez\/"}]}},"uagb_featured_image_src":{"full":["https:\/\/www.uartes.edu.ec\/sitio\/wp-content\/uploads\/2023\/03\/POSESION-OCS-3.jpg",2000,1333,false],"thumbnail":["https:\/\/www.uartes.edu.ec\/sitio\/wp-content\/uploads\/2023\/03\/POSESION-OCS-3-150x150.jpg",150,150,true],"medium":["https:\/\/www.uartes.edu.ec\/sitio\/wp-content\/uploads\/2023\/03\/POSESION-OCS-3-300x200.jpg",300,200,true],"medium_large":["https:\/\/www.uartes.edu.ec\/sitio\/wp-content\/uploads\/2023\/03\/POSESION-OCS-3-768x512.jpg",768,512,true],"large":["https:\/\/www.uartes.edu.ec\/sitio\/wp-content\/uploads\/2023\/03\/POSESION-OCS-3-644x429.jpg",644,429,true],"1536x1536":["https:\/\/www.uartes.edu.ec\/sitio\/wp-content\/uploads\/2023\/03\/POSESION-OCS-3-1536x1024.jpg",1536,1024,true],"2048x2048":["https:\/\/www.uartes.edu.ec\/sitio\/wp-content\/uploads\/2023\/03\/POSESION-OCS-3.jpg",2000,1333,false],"trp-custom-language-flag":["https:\/\/www.uartes.edu.ec\/sitio\/wp-content\/uploads\/2023\/03\/POSESION-OCS-3.jpg",18,12,false],"htmega_size_585x295":["https:\/\/www.uartes.edu.ec\/sitio\/wp-content\/uploads\/2023\/03\/POSESION-OCS-3-585x295.jpg",585,295,true],"htmega_size_1170x536":["https:\/\/www.uartes.edu.ec\/sitio\/wp-content\/uploads\/2023\/03\/POSESION-OCS-3-1170x536.jpg",1170,536,true],"htmega_size_396x360":["https:\/\/www.uartes.edu.ec\/sitio\/wp-content\/uploads\/2023\/03\/POSESION-OCS-3-396x360.jpg",396,360,true],"gb-block-post-grid-landscape":["https:\/\/www.uartes.edu.ec\/sitio\/wp-content\/uploads\/2023\/03\/POSESION-OCS-3-600x400.jpg",600,400,true],"gb-block-post-grid-square":["https:\/\/www.uartes.edu.ec\/sitio\/wp-content\/uploads\/2023\/03\/POSESION-OCS-3-600x600.jpg",600,600,true],"university-hub-thumb":["https:\/\/www.uartes.edu.ec\/sitio\/wp-content\/uploads\/2023\/03\/POSESION-OCS-3-400x267.jpg",400,267,true],"mailpoet_newsletter_max":["https:\/\/www.uartes.edu.ec\/sitio\/wp-content\/uploads\/2023\/03\/POSESION-OCS-3.jpg",1320,880,false]},"uagb_author_info":{"display_name":"ccortez","author_link":"https:\/\/www.uartes.edu.ec\/sitio\/fr\/blog\/author\/ccortez\/"},"uagb_comment_info":0,"uagb_excerpt":"En sesi\u00f3n solemne realizada de manera virtual, presidida por el rector William Herrera y el Tribunal Electoral de la Universidad de las Artes, fueron posesionados este 1 de marzo de 2023 los nuevos representantes de los estudiantes y de los servidores y trabajadores ante el \u00d3rgano Colegiado Superior (OCS), as\u00ed como la representaci\u00f3n estudiantil y\u2026","featured_image_src":"https:\/\/www.uartes.edu.ec\/sitio\/wp-content\/uploads\/2023\/03\/POSESION-OCS-3-600x400.jpg","featured_image_src_square":"https:\/\/www.uartes.edu.ec\/sitio\/wp-content\/uploads\/2023\/03\/POSESION-OCS-3-600x600.jpg","author_info":{"display_name":"ccortez","author_link":"https:\/\/www.uartes.edu.ec\/sitio\/fr\/blog\/author\/ccortez\/"},"publishpress_future_workflow_manual_trigger":{"enabledWorkflows":[]},"distributor_meta":false,"distributor_terms":false,"distributor_media":false,"distributor_original_site_name":"Universidad de las Artes","distributor_original_site_url":"https:\/\/www.uartes.edu.ec\/sitio\/fr","push-errors":false,"_links":{"self":[{"href":"https:\/\/www.uartes.edu.ec\/sitio\/fr\/wp-json\/wp\/v2\/posts\/39021","targetHints":{"allow":["GET"]}}],"collection":[{"href":"https:\/\/www.uartes.edu.ec\/sitio\/fr\/wp-json\/wp\/v2\/posts"}],"about":[{"href":"https:\/\/www.uartes.edu.ec\/sitio\/fr\/wp-json\/wp\/v2\/types\/post"}],"author":[{"embeddable":true,"href":"https:\/\/www.uartes.edu.ec\/sitio\/fr\/wp-json\/wp\/v2\/users\/10"}],"replies":[{"embeddable":true,"href":"https:\/\/www.uartes.edu.ec\/sitio\/fr\/wp-json\/wp\/v2\/comments?post=39021"}],"version-history":[{"count":5,"href":"https:\/\/www.uartes.edu.ec\/sitio\/fr\/wp-json\/wp\/v2\/posts\/39021\/revisions"}],"predecessor-version":[{"id":51850,"href":"https:\/\/www.uartes.edu.ec\/sitio\/fr\/wp-json\/wp\/v2\/posts\/39021\/revisions\/51850"}],"wp:featuredmedia":[{"embeddable":true,"href":"https:\/\/www.uartes.edu.ec\/sitio\/fr\/wp-json\/wp\/v2\/media\/39022"}],"wp:attachment":[{"href":"https:\/\/www.uartes.edu.ec\/sitio\/fr\/wp-json\/wp\/v2\/media?parent=39021"}],"wp:term":[{"taxonomy":"category","embeddable":true,"href":"https:\/\/www.uartes.edu.ec\/sitio\/fr\/wp-json\/wp\/v2\/categories?post=39021"},{"taxonomy":"post_tag","embeddable":true,"href":"https:\/\/www.uartes.edu.ec\/sitio\/fr\/wp-json\/wp\/v2\/tags?post=39021"},{"taxonomy":"infouartes","embeddable":true,"href":"https:\/\/www.uartes.edu.ec\/sitio\/fr\/wp-json\/wp\/v2\/infouartes?post=39021"}],"curies":[{"name":"wp","href":"https:\/\/api.w.org\/{rel}","templated":true}]}}