{"id":39611,"date":"2023-03-17T12:44:57","date_gmt":"2023-03-17T17:44:57","guid":{"rendered":"https:\/\/www.uartes.edu.ec\/sitio\/?p=39611"},"modified":"2024-07-04T11:21:24","modified_gmt":"2024-07-04T16:21:24","slug":"cortometraje-bajo-relieve-de-jahir-rosales-estudiante-de-cine-gana-premio-en-festival","status":"publish","type":"post","link":"https:\/\/www.uartes.edu.ec\/sitio\/fr\/blog\/2023\/03\/17\/cortometraje-bajo-relieve-de-jahir-rosales-estudiante-de-cine-gana-premio-en-festival\/","title":{"rendered":"Cortometraje \u201cBajo Relieve\u201d de Jahir Rosales, estudiante de Cine, gana su 7mo premio en festival internacional"},"content":{"rendered":"<p>La noticia de que hab\u00eda ganado con \u201cBajo Relieve\u201d su s\u00e9ptimo laurel en el Festival de Cine \u201c8 &amp; Halfilm Awards\u201d la dio en sus redes sociales de Facebook e Instagram. El estudiante Jahir Rosales cont\u00f3 con interesante narrativa c\u00f3mo lo que considera su primera obra como director y productor se llev\u00f3 ese reconocimiento, el cual se suma a otros ya recibidos.<\/p>\n\n\n\n<p>Tres a\u00f1os le tom\u00f3 al estudiante de quinto semestre de la Escuela de Cine de la Universidad de las Artes terminar el corto, tiempo en el que tambi\u00e9n con su guion y bajo su direcci\u00f3n produjo el documental \u201cNo tan distintos\u201d, el cual incluso dio a conocer antes e insert\u00f3 en la muestra colectiva \u201cGeofagia, cartograf\u00eda de lo invisible\u201d, que tuvo lugar en marzo del 2022 en el MZ14 Centro de Producci\u00f3n e Innovaci\u00f3n de la UArtes.<\/p>\n\n\n\n<p>Rosales consigui\u00f3 para \u201cBajo Relieve\u201d su s\u00e9ptimo reconocimiento, o laurel como \u00e9l as\u00ed lo se\u00f1ala en la web, por la invitaci\u00f3n directa que recibi\u00f3 de la directora del festival, Valentina Lumi, quien lo hab\u00eda visto en sus redes y le comunic\u00f3 que ten\u00eda pase directo. En sus mismas cuentas \u00e9l expres\u00f3 su agradecimiento, pues participar en la cita ten\u00eda su costo y no contaba con ese presupuesto.<\/p>\n\n\n<div class=\"wp-block-image\">\n<figure class=\"aligncenter size-large\"><img fetchpriority=\"high\" decoding=\"async\" width=\"644\" height=\"429\" src=\"https:\/\/www.uartes.edu.ec\/sitio\/wp-content\/uploads\/2023\/03\/JAHIR-ROSALES-02-644x429.jpg\" alt=\"\" class=\"wp-image-39613\" srcset=\"https:\/\/www.uartes.edu.ec\/sitio\/wp-content\/uploads\/2023\/03\/JAHIR-ROSALES-02-644x429.jpg 644w, https:\/\/www.uartes.edu.ec\/sitio\/wp-content\/uploads\/2023\/03\/JAHIR-ROSALES-02-768x511.jpg 768w, https:\/\/www.uartes.edu.ec\/sitio\/wp-content\/uploads\/2023\/03\/JAHIR-ROSALES-02.jpg 2000w, https:\/\/www.uartes.edu.ec\/sitio\/wp-content\/uploads\/2023\/03\/JAHIR-ROSALES-02-600x399.jpg 600w, https:\/\/www.uartes.edu.ec\/sitio\/wp-content\/uploads\/2023\/03\/JAHIR-ROSALES-02-272x182.jpg 272w\" sizes=\"(max-width: 644px) 100vw, 644px\" \/><\/figure>\n<\/div>\n\n\n<p>\u201cLa concepci\u00f3n de &#8216;Bajo relieve&#8217; fue muy hermosa, ya que a no ten\u00eda un proceso creativo al cual apegarme para poder desarrollar mis ideas\u201d, indica y detalla que el corto naci\u00f3 a partir de escuchar mucha m\u00fasica, en particular de Cerati, Spinneta y Charly Garc\u00eda.<\/p>\n\n\n\n<p>El nombre \u201cBajo relieve\u201d no tan solo hace referencia a \u201clas capas&#8217;\u201d que tienen las personas, sino tambi\u00e9n es un fragmento de la canci\u00f3n \u201cRa\u00edz\u201d de Cerati. \u201cNo tan distintos\u201d tiene igual un contexto en su nombre, pero, a la vez, se llama as\u00ed por el tema hom\u00f3nimo de Sumo.<\/p>\n\n\n\n<p>La m\u00fasica y el arte que ha hecho suyos durante ocho a\u00f1os de su vida lo sigue ayudando, expresa y da cuenta tambi\u00e9n que \u201cBajo Relieve\u201d surge a partir de su necesidad de revelarse contra algo que ha sido una constante en su vida: la violencia, la escasa educaci\u00f3n sexual y sus consecuencias.<\/p>\n\n\n<div class=\"wp-block-image\">\n<figure class=\"aligncenter size-large\"><img decoding=\"async\" width=\"644\" height=\"429\" src=\"https:\/\/www.uartes.edu.ec\/sitio\/wp-content\/uploads\/2023\/03\/JAHIR-ROSALES-03-644x429.jpg\" alt=\"\" class=\"wp-image-39614\" srcset=\"https:\/\/www.uartes.edu.ec\/sitio\/wp-content\/uploads\/2023\/03\/JAHIR-ROSALES-03-644x429.jpg 644w, https:\/\/www.uartes.edu.ec\/sitio\/wp-content\/uploads\/2023\/03\/JAHIR-ROSALES-03-768x511.jpg 768w, https:\/\/www.uartes.edu.ec\/sitio\/wp-content\/uploads\/2023\/03\/JAHIR-ROSALES-03.jpg 2000w, https:\/\/www.uartes.edu.ec\/sitio\/wp-content\/uploads\/2023\/03\/JAHIR-ROSALES-03-600x399.jpg 600w, https:\/\/www.uartes.edu.ec\/sitio\/wp-content\/uploads\/2023\/03\/JAHIR-ROSALES-03-272x182.jpg 272w\" sizes=\"(max-width: 644px) 100vw, 644px\" \/><\/figure>\n<\/div>\n\n\n<p>\u201cHay mucho de la vida de mi madre all\u00ed y, a la vez, soy yo sac\u00e1ndome tanta rabia y resentimiento a trav\u00e9s del cine\u201d. \u201cBajo Relieve\u201d nace tambi\u00e9n gracias a las vanguardias adheridas en la academia. \u201cVen\u00eda mucho con esa idea de Nouvelle Vague, Cinema Novo, Neorrealismo y Dogma 95, as\u00ed que me hab\u00eda puesto ese reto de poder hacer algo sin tanto tecnicismo y con lo que haya\u201d.<\/p>\n\n\n\n<p>Por eso \u201cBajo Relieve\u201d no tuvo una preproducci\u00f3n, ni tampoco grandes equipos; se grab\u00f3 con una Sony Alpha y equipo de sonido e iluminaci\u00f3n muy b\u00e1sico. \u201cLo que funcion\u00f3 es que est\u00e1bamos inspirados, con mucha sed de hacer cine y cuando yo les habl\u00e9 de la historia les encant\u00f3\u201d.<\/p>\n\n\n\n<p>El rodaje lo inici\u00f3 en 2019 y las citas internacionales en las que ha participado y obtenido laures son: Lift-Off Filmmaker Sessions (Reino Unido), The Paus Premieres Festival (Inglaterra), Festival del Cinema di Cefal\u00f9 (Italia, Palermo), Buenos Aires Film Festival Channel (Argentina), Jacques Tati Award \u2013 Menci\u00f3n Honorable (Francia, Castillonn\u00e8s), DMOFF \u2013 Ganador Best Student Short Film (Estados Unidos) y 8 &amp; Halfilm Awards \u2013 Menci\u00f3n Best Director (Italia, Roma).<\/p>\n\n\n\n<p>\u201cCon mi documental tambi\u00e9n obtuve buena respuesta por parte de los jurados, nueve en su totalidad, recorriendo pa\u00edses como Inglaterra, Argentina (Paran\u00e1 y Buenos Aires), Bangladesh, India (Bangalore y Noida), Italia y Francia\u201d, expresa Rosales, quien es copywritter y realiza asociaci\u00f3n de palabras para sus redes.<\/p>\n\n\n\n<p>A\u00f1ade que sus obras se distribuyen a trav\u00e9s de NEOFILMS, su productora. Actualmente prepara el estreno de su pr\u00f3xima obra titulada \u201cJurijri\u201d, una ficci\u00f3n de suspenso fant\u00e1stico que codirigi\u00f3 y se rod\u00f3 en la Amazon\u00eda. Trabaja igual en una nueva obra como director, que ser\u00e1 de ficci\u00f3n de terror.<\/p>\n\n\n\n<p>\u201cEn la productora estamos en un proceso transdisciplinar de la mano de la actriz y productora Paula Lescano para llevar a cabo la obra de teatro &#8216;Los ojos de Ana&#8217;, que exhibiremos en distintos mercados y tuvo ya una muy buena recepci\u00f3n con el p\u00fablico acad\u00e9mico de la UArtes\u201d, detalla Jahir Rosales, quien ha sido coproductor para otras obras universitarias de titulaci\u00f3n, como \u201cMeredith Rihannon\u201d, pr\u00f3xima a estrenarse, dirigida por Karla Guerra.<\/p>\n\n\n\n<p>Fotos: Cortes\u00eda Jahir Rosales, estudiante de la Escuela de Cine de la UArtes. <\/p>","protected":false},"excerpt":{"rendered":"<p>La noticia de que hab\u00eda ganado con \u201cBajo Relieve\u201d su s\u00e9ptimo laurel en el Festival de Cine \u201c8 &amp; Halfilm Awards\u201d la dio en sus redes sociales. En di\u00e1logo con InfoUArtes, Jahir Rosales, estudiante de quinto semestre de la Escuela de Cine de la UArtes, revela c\u00f3mo lo que considera su primera obra como director y productor se llev\u00f3 el galard\u00f3n internacional. Tres a\u00f1os le llev\u00f3 concluir el corto; aqu\u00ed su proceso. <\/p>","protected":false},"author":10,"featured_media":39612,"comment_status":"open","ping_status":"open","sticky":false,"template":"","format":"standard","meta":{"_acf_changed":false,"_uag_custom_page_level_css":"","_monsterinsights_skip_tracking":false,"_monsterinsights_sitenote_active":false,"_monsterinsights_sitenote_note":"","_monsterinsights_sitenote_category":0,"cybocfi_hide_featured_image":"","footnotes":""},"categories":[80,147,76],"tags":[],"infouartes":[],"class_list":["post-39611","post","type-post","status-publish","format-standard","has-post-thumbnail","hentry","category-academico","category-cine","category-estudiantes"],"acf":[],"yoast_head":"<!-- This site is optimized with the Yoast SEO plugin v27.4 - https:\/\/yoast.com\/product\/yoast-seo-wordpress\/ -->\n<title>Universidad de las Artes - Cortometraje \u201cBajo Relieve\u201d de Jahir Rosales, estudiante de Cine, gana su 7mo premio en festival internacional<\/title>\n<meta name=\"description\" content=\"Universidad de las Artes - Cortometraje \u201cBajo Relieve\u201d de Jahir Rosales, estudiante de Cine, gana su 7mo premio en festival internacional\" \/>\n<meta name=\"robots\" content=\"index, follow, max-snippet:-1, max-image-preview:large, max-video-preview:-1\" \/>\n<link rel=\"canonical\" href=\"https:\/\/www.uartes.edu.ec\/sitio\/fr\/blog\/2023\/03\/17\/cortometraje-bajo-relieve-de-jahir-rosales-estudiante-de-cine-gana-premio-en-festival\/\" \/>\n<meta property=\"og:locale\" content=\"fr_FR\" \/>\n<meta property=\"og:type\" content=\"article\" \/>\n<meta property=\"og:title\" content=\"Universidad de las Artes - Cortometraje \u201cBajo Relieve\u201d de Jahir Rosales, estudiante de Cine, gana su 7mo premio en festival internacional\" \/>\n<meta property=\"og:description\" content=\"Universidad de las Artes - Cortometraje \u201cBajo Relieve\u201d de Jahir Rosales, estudiante de Cine, gana su 7mo premio en festival internacional\" \/>\n<meta property=\"og:url\" content=\"https:\/\/www.uartes.edu.ec\/sitio\/fr\/blog\/2023\/03\/17\/cortometraje-bajo-relieve-de-jahir-rosales-estudiante-de-cine-gana-premio-en-festival\/\" \/>\n<meta property=\"og:site_name\" content=\"Universidad de las Artes\" \/>\n<meta property=\"article:publisher\" content=\"https:\/\/www.facebook.com\/uartesec\" \/>\n<meta property=\"article:published_time\" content=\"2023-03-17T17:44:57+00:00\" \/>\n<meta property=\"article:modified_time\" content=\"2024-07-04T16:21:24+00:00\" \/>\n<meta property=\"og:image\" content=\"https:\/\/www.uartes.edu.ec\/sitio\/wp-content\/uploads\/2023\/03\/JAHIR-ROSALES-01.jpg\" \/>\n\t<meta property=\"og:image:width\" content=\"2000\" \/>\n\t<meta property=\"og:image:height\" content=\"1333\" \/>\n\t<meta property=\"og:image:type\" content=\"image\/jpeg\" \/>\n<meta name=\"author\" content=\"ccortez\" \/>\n<meta name=\"twitter:card\" content=\"summary_large_image\" \/>\n<meta name=\"twitter:creator\" content=\"@uartesec\" \/>\n<meta name=\"twitter:site\" content=\"@uartesec\" \/>\n<meta name=\"twitter:label1\" content=\"\u00c9crit par\" \/>\n\t<meta name=\"twitter:data1\" content=\"ccortez\" \/>\n\t<meta name=\"twitter:label2\" content=\"Dur\u00e9e de lecture estim\u00e9e\" \/>\n\t<meta name=\"twitter:data2\" content=\"4 minutes\" \/>\n<script type=\"application\/ld+json\" class=\"yoast-schema-graph\">{\"@context\":\"https:\\\/\\\/schema.org\",\"@graph\":[{\"@type\":\"Article\",\"@id\":\"https:\\\/\\\/www.uartes.edu.ec\\\/sitio\\\/fr\\\/blog\\\/2023\\\/03\\\/17\\\/cortometraje-bajo-relieve-de-jahir-rosales-estudiante-de-cine-gana-premio-en-festival\\\/#article\",\"isPartOf\":{\"@id\":\"https:\\\/\\\/www.uartes.edu.ec\\\/sitio\\\/fr\\\/blog\\\/2023\\\/03\\\/17\\\/cortometraje-bajo-relieve-de-jahir-rosales-estudiante-de-cine-gana-premio-en-festival\\\/\"},\"author\":{\"name\":\"ccortez\",\"@id\":\"https:\\\/\\\/www.uartes.edu.ec\\\/sitio\\\/fr\\\/#\\\/schema\\\/person\\\/efa1b8275797664fd7f13a79ccc0b1f4\"},\"headline\":\"Cortometraje \u201cBajo Relieve\u201d de Jahir Rosales, estudiante de Cine, gana su 7mo premio en festival internacional\",\"datePublished\":\"2023-03-17T17:44:57+00:00\",\"dateModified\":\"2024-07-04T16:21:24+00:00\",\"mainEntityOfPage\":{\"@id\":\"https:\\\/\\\/www.uartes.edu.ec\\\/sitio\\\/fr\\\/blog\\\/2023\\\/03\\\/17\\\/cortometraje-bajo-relieve-de-jahir-rosales-estudiante-de-cine-gana-premio-en-festival\\\/\"},\"wordCount\":785,\"commentCount\":0,\"publisher\":{\"@id\":\"https:\\\/\\\/www.uartes.edu.ec\\\/sitio\\\/fr\\\/#organization\"},\"image\":{\"@id\":\"https:\\\/\\\/www.uartes.edu.ec\\\/sitio\\\/fr\\\/blog\\\/2023\\\/03\\\/17\\\/cortometraje-bajo-relieve-de-jahir-rosales-estudiante-de-cine-gana-premio-en-festival\\\/#primaryimage\"},\"thumbnailUrl\":\"https:\\\/\\\/www.uartes.edu.ec\\\/sitio\\\/wp-content\\\/uploads\\\/2023\\\/03\\\/JAHIR-ROSALES-01.jpg\",\"articleSection\":[\"Acad\u00e9mico\",\"Cine\",\"Estudiantes\"],\"inLanguage\":\"fr-FR\",\"potentialAction\":[{\"@type\":\"CommentAction\",\"name\":\"Comment\",\"target\":[\"https:\\\/\\\/www.uartes.edu.ec\\\/sitio\\\/fr\\\/blog\\\/2023\\\/03\\\/17\\\/cortometraje-bajo-relieve-de-jahir-rosales-estudiante-de-cine-gana-premio-en-festival\\\/#respond\"]}]},{\"@type\":[\"WebPage\",\"ItemPage\"],\"@id\":\"https:\\\/\\\/www.uartes.edu.ec\\\/sitio\\\/fr\\\/blog\\\/2023\\\/03\\\/17\\\/cortometraje-bajo-relieve-de-jahir-rosales-estudiante-de-cine-gana-premio-en-festival\\\/\",\"url\":\"https:\\\/\\\/www.uartes.edu.ec\\\/sitio\\\/fr\\\/blog\\\/2023\\\/03\\\/17\\\/cortometraje-bajo-relieve-de-jahir-rosales-estudiante-de-cine-gana-premio-en-festival\\\/\",\"name\":\"Universidad de las Artes - Cortometraje \u201cBajo Relieve\u201d de Jahir Rosales, estudiante de Cine, gana su 7mo premio en festival internacional\",\"isPartOf\":{\"@id\":\"https:\\\/\\\/www.uartes.edu.ec\\\/sitio\\\/fr\\\/#website\"},\"primaryImageOfPage\":{\"@id\":\"https:\\\/\\\/www.uartes.edu.ec\\\/sitio\\\/fr\\\/blog\\\/2023\\\/03\\\/17\\\/cortometraje-bajo-relieve-de-jahir-rosales-estudiante-de-cine-gana-premio-en-festival\\\/#primaryimage\"},\"image\":{\"@id\":\"https:\\\/\\\/www.uartes.edu.ec\\\/sitio\\\/fr\\\/blog\\\/2023\\\/03\\\/17\\\/cortometraje-bajo-relieve-de-jahir-rosales-estudiante-de-cine-gana-premio-en-festival\\\/#primaryimage\"},\"thumbnailUrl\":\"https:\\\/\\\/www.uartes.edu.ec\\\/sitio\\\/wp-content\\\/uploads\\\/2023\\\/03\\\/JAHIR-ROSALES-01.jpg\",\"datePublished\":\"2023-03-17T17:44:57+00:00\",\"dateModified\":\"2024-07-04T16:21:24+00:00\",\"description\":\"Universidad de las Artes - Cortometraje \u201cBajo Relieve\u201d de Jahir Rosales, estudiante de Cine, gana su 7mo premio en festival internacional\",\"breadcrumb\":{\"@id\":\"https:\\\/\\\/www.uartes.edu.ec\\\/sitio\\\/fr\\\/blog\\\/2023\\\/03\\\/17\\\/cortometraje-bajo-relieve-de-jahir-rosales-estudiante-de-cine-gana-premio-en-festival\\\/#breadcrumb\"},\"inLanguage\":\"fr-FR\",\"potentialAction\":[{\"@type\":\"ReadAction\",\"target\":[\"https:\\\/\\\/www.uartes.edu.ec\\\/sitio\\\/fr\\\/blog\\\/2023\\\/03\\\/17\\\/cortometraje-bajo-relieve-de-jahir-rosales-estudiante-de-cine-gana-premio-en-festival\\\/\"]}]},{\"@type\":\"ImageObject\",\"inLanguage\":\"fr-FR\",\"@id\":\"https:\\\/\\\/www.uartes.edu.ec\\\/sitio\\\/fr\\\/blog\\\/2023\\\/03\\\/17\\\/cortometraje-bajo-relieve-de-jahir-rosales-estudiante-de-cine-gana-premio-en-festival\\\/#primaryimage\",\"url\":\"https:\\\/\\\/www.uartes.edu.ec\\\/sitio\\\/wp-content\\\/uploads\\\/2023\\\/03\\\/JAHIR-ROSALES-01.jpg\",\"contentUrl\":\"https:\\\/\\\/www.uartes.edu.ec\\\/sitio\\\/wp-content\\\/uploads\\\/2023\\\/03\\\/JAHIR-ROSALES-01.jpg\",\"width\":2000,\"height\":1333},{\"@type\":\"BreadcrumbList\",\"@id\":\"https:\\\/\\\/www.uartes.edu.ec\\\/sitio\\\/fr\\\/blog\\\/2023\\\/03\\\/17\\\/cortometraje-bajo-relieve-de-jahir-rosales-estudiante-de-cine-gana-premio-en-festival\\\/#breadcrumb\",\"itemListElement\":[{\"@type\":\"ListItem\",\"position\":1,\"name\":\"Inicio\",\"item\":\"https:\\\/\\\/www.uartes.edu.ec\\\/sitio\\\/\"},{\"@type\":\"ListItem\",\"position\":2,\"name\":\"Cortometraje \u201cBajo Relieve\u201d de Jahir Rosales, estudiante de Cine, gana su 7mo premio en festival internacional\"}]},{\"@type\":\"WebSite\",\"@id\":\"https:\\\/\\\/www.uartes.edu.ec\\\/sitio\\\/fr\\\/#website\",\"url\":\"https:\\\/\\\/www.uartes.edu.ec\\\/sitio\\\/fr\\\/\",\"name\":\"Universidad de las Artes\",\"description\":\"Sitio oficial de la Universidad Nacional de las Artes del Ecuador\",\"publisher\":{\"@id\":\"https:\\\/\\\/www.uartes.edu.ec\\\/sitio\\\/fr\\\/#organization\"},\"potentialAction\":[{\"@type\":\"SearchAction\",\"target\":{\"@type\":\"EntryPoint\",\"urlTemplate\":\"https:\\\/\\\/www.uartes.edu.ec\\\/sitio\\\/fr\\\/?s={search_term_string}\"},\"query-input\":{\"@type\":\"PropertyValueSpecification\",\"valueRequired\":true,\"valueName\":\"search_term_string\"}}],\"inLanguage\":\"fr-FR\"},{\"@type\":\"Organization\",\"@id\":\"https:\\\/\\\/www.uartes.edu.ec\\\/sitio\\\/fr\\\/#organization\",\"name\":\"Universidad de las Artes\",\"url\":\"https:\\\/\\\/www.uartes.edu.ec\\\/sitio\\\/fr\\\/\",\"logo\":{\"@type\":\"ImageObject\",\"inLanguage\":\"fr-FR\",\"@id\":\"https:\\\/\\\/www.uartes.edu.ec\\\/sitio\\\/fr\\\/#\\\/schema\\\/logo\\\/image\\\/\",\"url\":\"https:\\\/\\\/www.uartes.edu.ec\\\/sitio\\\/wp-content\\\/uploads\\\/2022\\\/07\\\/logo-ua-horizontal.png\",\"contentUrl\":\"https:\\\/\\\/www.uartes.edu.ec\\\/sitio\\\/wp-content\\\/uploads\\\/2022\\\/07\\\/logo-ua-horizontal.png\",\"width\":800,\"height\":276,\"caption\":\"Universidad de las Artes\"},\"image\":{\"@id\":\"https:\\\/\\\/www.uartes.edu.ec\\\/sitio\\\/fr\\\/#\\\/schema\\\/logo\\\/image\\\/\"},\"sameAs\":[\"https:\\\/\\\/www.facebook.com\\\/uartesec\",\"https:\\\/\\\/x.com\\\/uartesec\",\"https:\\\/\\\/www.tiktok.com\\\/@uartesec\"]},{\"@type\":\"Person\",\"@id\":\"https:\\\/\\\/www.uartes.edu.ec\\\/sitio\\\/fr\\\/#\\\/schema\\\/person\\\/efa1b8275797664fd7f13a79ccc0b1f4\",\"name\":\"ccortez\",\"image\":{\"@type\":\"ImageObject\",\"inLanguage\":\"fr-FR\",\"@id\":\"https:\\\/\\\/secure.gravatar.com\\\/avatar\\\/b2a6f664a3ae8e074346ef91775736c5ec479e637ecced6842de9dc98b5da9cd?s=96&d=mm&r=g\",\"url\":\"https:\\\/\\\/secure.gravatar.com\\\/avatar\\\/b2a6f664a3ae8e074346ef91775736c5ec479e637ecced6842de9dc98b5da9cd?s=96&d=mm&r=g\",\"contentUrl\":\"https:\\\/\\\/secure.gravatar.com\\\/avatar\\\/b2a6f664a3ae8e074346ef91775736c5ec479e637ecced6842de9dc98b5da9cd?s=96&d=mm&r=g\",\"caption\":\"ccortez\"},\"url\":\"https:\\\/\\\/www.uartes.edu.ec\\\/sitio\\\/fr\\\/blog\\\/author\\\/ccortez\\\/\"}]}<\/script>\n<!-- \/ Yoast SEO plugin. -->","yoast_head_json":{"title":"Universidad de las Artes - Cortometraje \u201cBajo Relieve\u201d de Jahir Rosales, estudiante de Cine, gana su 7mo premio en festival internacional","description":"Universidad de las Artes - Cortometraje \u201cBajo Relieve\u201d de Jahir Rosales, estudiante de Cine, gana su 7mo premio en festival internacional","robots":{"index":"index","follow":"follow","max-snippet":"max-snippet:-1","max-image-preview":"max-image-preview:large","max-video-preview":"max-video-preview:-1"},"canonical":"https:\/\/www.uartes.edu.ec\/sitio\/fr\/blog\/2023\/03\/17\/cortometraje-bajo-relieve-de-jahir-rosales-estudiante-de-cine-gana-premio-en-festival\/","og_locale":"fr_FR","og_type":"article","og_title":"Universidad de las Artes - Cortometraje \u201cBajo Relieve\u201d de Jahir Rosales, estudiante de Cine, gana su 7mo premio en festival internacional","og_description":"Universidad de las Artes - Cortometraje \u201cBajo Relieve\u201d de Jahir Rosales, estudiante de Cine, gana su 7mo premio en festival internacional","og_url":"https:\/\/www.uartes.edu.ec\/sitio\/fr\/blog\/2023\/03\/17\/cortometraje-bajo-relieve-de-jahir-rosales-estudiante-de-cine-gana-premio-en-festival\/","og_site_name":"Universidad de las Artes","article_publisher":"https:\/\/www.facebook.com\/uartesec","article_published_time":"2023-03-17T17:44:57+00:00","article_modified_time":"2024-07-04T16:21:24+00:00","og_image":[{"width":2000,"height":1333,"url":"https:\/\/www.uartes.edu.ec\/sitio\/wp-content\/uploads\/2023\/03\/JAHIR-ROSALES-01.jpg","type":"image\/jpeg"}],"author":"ccortez","twitter_card":"summary_large_image","twitter_creator":"@uartesec","twitter_site":"@uartesec","twitter_misc":{"\u00c9crit par":"ccortez","Dur\u00e9e de lecture estim\u00e9e":"4 minutes"},"schema":{"@context":"https:\/\/schema.org","@graph":[{"@type":"Article","@id":"https:\/\/www.uartes.edu.ec\/sitio\/fr\/blog\/2023\/03\/17\/cortometraje-bajo-relieve-de-jahir-rosales-estudiante-de-cine-gana-premio-en-festival\/#article","isPartOf":{"@id":"https:\/\/www.uartes.edu.ec\/sitio\/fr\/blog\/2023\/03\/17\/cortometraje-bajo-relieve-de-jahir-rosales-estudiante-de-cine-gana-premio-en-festival\/"},"author":{"name":"ccortez","@id":"https:\/\/www.uartes.edu.ec\/sitio\/fr\/#\/schema\/person\/efa1b8275797664fd7f13a79ccc0b1f4"},"headline":"Cortometraje \u201cBajo Relieve\u201d de Jahir Rosales, estudiante de Cine, gana su 7mo premio en festival internacional","datePublished":"2023-03-17T17:44:57+00:00","dateModified":"2024-07-04T16:21:24+00:00","mainEntityOfPage":{"@id":"https:\/\/www.uartes.edu.ec\/sitio\/fr\/blog\/2023\/03\/17\/cortometraje-bajo-relieve-de-jahir-rosales-estudiante-de-cine-gana-premio-en-festival\/"},"wordCount":785,"commentCount":0,"publisher":{"@id":"https:\/\/www.uartes.edu.ec\/sitio\/fr\/#organization"},"image":{"@id":"https:\/\/www.uartes.edu.ec\/sitio\/fr\/blog\/2023\/03\/17\/cortometraje-bajo-relieve-de-jahir-rosales-estudiante-de-cine-gana-premio-en-festival\/#primaryimage"},"thumbnailUrl":"https:\/\/www.uartes.edu.ec\/sitio\/wp-content\/uploads\/2023\/03\/JAHIR-ROSALES-01.jpg","articleSection":["Acad\u00e9mico","Cine","Estudiantes"],"inLanguage":"fr-FR","potentialAction":[{"@type":"CommentAction","name":"Comment","target":["https:\/\/www.uartes.edu.ec\/sitio\/fr\/blog\/2023\/03\/17\/cortometraje-bajo-relieve-de-jahir-rosales-estudiante-de-cine-gana-premio-en-festival\/#respond"]}]},{"@type":["WebPage","ItemPage"],"@id":"https:\/\/www.uartes.edu.ec\/sitio\/fr\/blog\/2023\/03\/17\/cortometraje-bajo-relieve-de-jahir-rosales-estudiante-de-cine-gana-premio-en-festival\/","url":"https:\/\/www.uartes.edu.ec\/sitio\/fr\/blog\/2023\/03\/17\/cortometraje-bajo-relieve-de-jahir-rosales-estudiante-de-cine-gana-premio-en-festival\/","name":"Universidad de las Artes - Cortometraje \u201cBajo Relieve\u201d de Jahir Rosales, estudiante de Cine, gana su 7mo premio en festival internacional","isPartOf":{"@id":"https:\/\/www.uartes.edu.ec\/sitio\/fr\/#website"},"primaryImageOfPage":{"@id":"https:\/\/www.uartes.edu.ec\/sitio\/fr\/blog\/2023\/03\/17\/cortometraje-bajo-relieve-de-jahir-rosales-estudiante-de-cine-gana-premio-en-festival\/#primaryimage"},"image":{"@id":"https:\/\/www.uartes.edu.ec\/sitio\/fr\/blog\/2023\/03\/17\/cortometraje-bajo-relieve-de-jahir-rosales-estudiante-de-cine-gana-premio-en-festival\/#primaryimage"},"thumbnailUrl":"https:\/\/www.uartes.edu.ec\/sitio\/wp-content\/uploads\/2023\/03\/JAHIR-ROSALES-01.jpg","datePublished":"2023-03-17T17:44:57+00:00","dateModified":"2024-07-04T16:21:24+00:00","description":"Universidad de las Artes - Cortometraje \u201cBajo Relieve\u201d de Jahir Rosales, estudiante de Cine, gana su 7mo premio en festival internacional","breadcrumb":{"@id":"https:\/\/www.uartes.edu.ec\/sitio\/fr\/blog\/2023\/03\/17\/cortometraje-bajo-relieve-de-jahir-rosales-estudiante-de-cine-gana-premio-en-festival\/#breadcrumb"},"inLanguage":"fr-FR","potentialAction":[{"@type":"ReadAction","target":["https:\/\/www.uartes.edu.ec\/sitio\/fr\/blog\/2023\/03\/17\/cortometraje-bajo-relieve-de-jahir-rosales-estudiante-de-cine-gana-premio-en-festival\/"]}]},{"@type":"ImageObject","inLanguage":"fr-FR","@id":"https:\/\/www.uartes.edu.ec\/sitio\/fr\/blog\/2023\/03\/17\/cortometraje-bajo-relieve-de-jahir-rosales-estudiante-de-cine-gana-premio-en-festival\/#primaryimage","url":"https:\/\/www.uartes.edu.ec\/sitio\/wp-content\/uploads\/2023\/03\/JAHIR-ROSALES-01.jpg","contentUrl":"https:\/\/www.uartes.edu.ec\/sitio\/wp-content\/uploads\/2023\/03\/JAHIR-ROSALES-01.jpg","width":2000,"height":1333},{"@type":"BreadcrumbList","@id":"https:\/\/www.uartes.edu.ec\/sitio\/fr\/blog\/2023\/03\/17\/cortometraje-bajo-relieve-de-jahir-rosales-estudiante-de-cine-gana-premio-en-festival\/#breadcrumb","itemListElement":[{"@type":"ListItem","position":1,"name":"Inicio","item":"https:\/\/www.uartes.edu.ec\/sitio\/"},{"@type":"ListItem","position":2,"name":"Cortometraje \u201cBajo Relieve\u201d de Jahir Rosales, estudiante de Cine, gana su 7mo premio en festival internacional"}]},{"@type":"WebSite","@id":"https:\/\/www.uartes.edu.ec\/sitio\/fr\/#website","url":"https:\/\/www.uartes.edu.ec\/sitio\/fr\/","name":"Universidad de las Artes","description":"Sitio oficial de la Universidad Nacional de las Artes del Ecuador","publisher":{"@id":"https:\/\/www.uartes.edu.ec\/sitio\/fr\/#organization"},"potentialAction":[{"@type":"SearchAction","target":{"@type":"EntryPoint","urlTemplate":"https:\/\/www.uartes.edu.ec\/sitio\/fr\/?s={search_term_string}"},"query-input":{"@type":"PropertyValueSpecification","valueRequired":true,"valueName":"search_term_string"}}],"inLanguage":"fr-FR"},{"@type":"Organization","@id":"https:\/\/www.uartes.edu.ec\/sitio\/fr\/#organization","name":"Universidad de las Artes","url":"https:\/\/www.uartes.edu.ec\/sitio\/fr\/","logo":{"@type":"ImageObject","inLanguage":"fr-FR","@id":"https:\/\/www.uartes.edu.ec\/sitio\/fr\/#\/schema\/logo\/image\/","url":"https:\/\/www.uartes.edu.ec\/sitio\/wp-content\/uploads\/2022\/07\/logo-ua-horizontal.png","contentUrl":"https:\/\/www.uartes.edu.ec\/sitio\/wp-content\/uploads\/2022\/07\/logo-ua-horizontal.png","width":800,"height":276,"caption":"Universidad de las Artes"},"image":{"@id":"https:\/\/www.uartes.edu.ec\/sitio\/fr\/#\/schema\/logo\/image\/"},"sameAs":["https:\/\/www.facebook.com\/uartesec","https:\/\/x.com\/uartesec","https:\/\/www.tiktok.com\/@uartesec"]},{"@type":"Person","@id":"https:\/\/www.uartes.edu.ec\/sitio\/fr\/#\/schema\/person\/efa1b8275797664fd7f13a79ccc0b1f4","name":"ccortez","image":{"@type":"ImageObject","inLanguage":"fr-FR","@id":"https:\/\/secure.gravatar.com\/avatar\/b2a6f664a3ae8e074346ef91775736c5ec479e637ecced6842de9dc98b5da9cd?s=96&d=mm&r=g","url":"https:\/\/secure.gravatar.com\/avatar\/b2a6f664a3ae8e074346ef91775736c5ec479e637ecced6842de9dc98b5da9cd?s=96&d=mm&r=g","contentUrl":"https:\/\/secure.gravatar.com\/avatar\/b2a6f664a3ae8e074346ef91775736c5ec479e637ecced6842de9dc98b5da9cd?s=96&d=mm&r=g","caption":"ccortez"},"url":"https:\/\/www.uartes.edu.ec\/sitio\/fr\/blog\/author\/ccortez\/"}]}},"uagb_featured_image_src":{"full":["https:\/\/www.uartes.edu.ec\/sitio\/wp-content\/uploads\/2023\/03\/JAHIR-ROSALES-01.jpg",2000,1333,false],"thumbnail":["https:\/\/www.uartes.edu.ec\/sitio\/wp-content\/uploads\/2023\/03\/JAHIR-ROSALES-01-150x150.jpg",150,150,true],"medium":["https:\/\/www.uartes.edu.ec\/sitio\/wp-content\/uploads\/2023\/03\/JAHIR-ROSALES-01-300x200.jpg",300,200,true],"medium_large":["https:\/\/www.uartes.edu.ec\/sitio\/wp-content\/uploads\/2023\/03\/JAHIR-ROSALES-01-768x512.jpg",768,512,true],"large":["https:\/\/www.uartes.edu.ec\/sitio\/wp-content\/uploads\/2023\/03\/JAHIR-ROSALES-01-644x429.jpg",644,429,true],"1536x1536":["https:\/\/www.uartes.edu.ec\/sitio\/wp-content\/uploads\/2023\/03\/JAHIR-ROSALES-01-1536x1024.jpg",1536,1024,true],"2048x2048":["https:\/\/www.uartes.edu.ec\/sitio\/wp-content\/uploads\/2023\/03\/JAHIR-ROSALES-01.jpg",2000,1333,false],"trp-custom-language-flag":["https:\/\/www.uartes.edu.ec\/sitio\/wp-content\/uploads\/2023\/03\/JAHIR-ROSALES-01.jpg",18,12,false],"htmega_size_585x295":["https:\/\/www.uartes.edu.ec\/sitio\/wp-content\/uploads\/2023\/03\/JAHIR-ROSALES-01-585x295.jpg",585,295,true],"htmega_size_1170x536":["https:\/\/www.uartes.edu.ec\/sitio\/wp-content\/uploads\/2023\/03\/JAHIR-ROSALES-01-1170x536.jpg",1170,536,true],"htmega_size_396x360":["https:\/\/www.uartes.edu.ec\/sitio\/wp-content\/uploads\/2023\/03\/JAHIR-ROSALES-01-396x360.jpg",396,360,true],"gb-block-post-grid-landscape":["https:\/\/www.uartes.edu.ec\/sitio\/wp-content\/uploads\/2023\/03\/JAHIR-ROSALES-01-600x400.jpg",600,400,true],"gb-block-post-grid-square":["https:\/\/www.uartes.edu.ec\/sitio\/wp-content\/uploads\/2023\/03\/JAHIR-ROSALES-01-600x600.jpg",600,600,true],"university-hub-thumb":["https:\/\/www.uartes.edu.ec\/sitio\/wp-content\/uploads\/2023\/03\/JAHIR-ROSALES-01-400x267.jpg",400,267,true],"mailpoet_newsletter_max":["https:\/\/www.uartes.edu.ec\/sitio\/wp-content\/uploads\/2023\/03\/JAHIR-ROSALES-01.jpg",1320,880,false]},"uagb_author_info":{"display_name":"ccortez","author_link":"https:\/\/www.uartes.edu.ec\/sitio\/fr\/blog\/author\/ccortez\/"},"uagb_comment_info":0,"uagb_excerpt":"La noticia de que hab\u00eda ganado con \u201cBajo Relieve\u201d su s\u00e9ptimo laurel en el Festival de Cine \u201c8 &amp; Halfilm Awards\u201d la dio en sus redes sociales. En di\u00e1logo con InfoUArtes, Jahir Rosales, estudiante de quinto semestre de la Escuela de Cine de la UArtes, revela c\u00f3mo lo que considera su primera obra como director\u2026","featured_image_src":"https:\/\/www.uartes.edu.ec\/sitio\/wp-content\/uploads\/2023\/03\/JAHIR-ROSALES-01-600x400.jpg","featured_image_src_square":"https:\/\/www.uartes.edu.ec\/sitio\/wp-content\/uploads\/2023\/03\/JAHIR-ROSALES-01-600x600.jpg","author_info":{"display_name":"ccortez","author_link":"https:\/\/www.uartes.edu.ec\/sitio\/fr\/blog\/author\/ccortez\/"},"publishpress_future_workflow_manual_trigger":{"enabledWorkflows":[]},"distributor_meta":false,"distributor_terms":false,"distributor_media":false,"distributor_original_site_name":"Universidad de las Artes","distributor_original_site_url":"https:\/\/www.uartes.edu.ec\/sitio\/fr","push-errors":false,"_links":{"self":[{"href":"https:\/\/www.uartes.edu.ec\/sitio\/fr\/wp-json\/wp\/v2\/posts\/39611","targetHints":{"allow":["GET"]}}],"collection":[{"href":"https:\/\/www.uartes.edu.ec\/sitio\/fr\/wp-json\/wp\/v2\/posts"}],"about":[{"href":"https:\/\/www.uartes.edu.ec\/sitio\/fr\/wp-json\/wp\/v2\/types\/post"}],"author":[{"embeddable":true,"href":"https:\/\/www.uartes.edu.ec\/sitio\/fr\/wp-json\/wp\/v2\/users\/10"}],"replies":[{"embeddable":true,"href":"https:\/\/www.uartes.edu.ec\/sitio\/fr\/wp-json\/wp\/v2\/comments?post=39611"}],"version-history":[{"count":8,"href":"https:\/\/www.uartes.edu.ec\/sitio\/fr\/wp-json\/wp\/v2\/posts\/39611\/revisions"}],"predecessor-version":[{"id":39645,"href":"https:\/\/www.uartes.edu.ec\/sitio\/fr\/wp-json\/wp\/v2\/posts\/39611\/revisions\/39645"}],"wp:featuredmedia":[{"embeddable":true,"href":"https:\/\/www.uartes.edu.ec\/sitio\/fr\/wp-json\/wp\/v2\/media\/39612"}],"wp:attachment":[{"href":"https:\/\/www.uartes.edu.ec\/sitio\/fr\/wp-json\/wp\/v2\/media?parent=39611"}],"wp:term":[{"taxonomy":"category","embeddable":true,"href":"https:\/\/www.uartes.edu.ec\/sitio\/fr\/wp-json\/wp\/v2\/categories?post=39611"},{"taxonomy":"post_tag","embeddable":true,"href":"https:\/\/www.uartes.edu.ec\/sitio\/fr\/wp-json\/wp\/v2\/tags?post=39611"},{"taxonomy":"infouartes","embeddable":true,"href":"https:\/\/www.uartes.edu.ec\/sitio\/fr\/wp-json\/wp\/v2\/infouartes?post=39611"}],"curies":[{"name":"wp","href":"https:\/\/api.w.org\/{rel}","templated":true}]}}