{"id":39943,"date":"2023-03-23T14:46:00","date_gmt":"2023-03-23T19:46:00","guid":{"rendered":"https:\/\/www.uartes.edu.ec\/sitio\/?p=39943"},"modified":"2024-07-04T11:21:23","modified_gmt":"2024-07-04T16:21:23","slug":"el-arte-urbano-abre-espacios-y-da-pertinencia-melanie-padilla-ganadora-de-convocatoria-de-la-ccng","status":"publish","type":"post","link":"https:\/\/www.uartes.edu.ec\/sitio\/fr\/blog\/2023\/03\/23\/el-arte-urbano-abre-espacios-y-da-pertinencia-melanie-padilla-ganadora-de-convocatoria-de-la-ccng\/","title":{"rendered":"\u201cEl arte urbano abre espacios y da pertinencia\u201d: Melanie Padilla Medina, ganadora de convocatoria de la CCNG"},"content":{"rendered":"<p>Melanie Padilla Medina, estudiante de la Universidad de las Artes, gan\u00f3 la convocatoria p\u00fablica y abierta que la Casa de la Cultura N\u00facleo del Guayas (CCNG) dirigi\u00f3 a los artistas locales y nacionales para la intervenci\u00f3n de un muro exterior de su sede, ubicada en 9 de Octubre entre Pedro Moncayo y avenida Quito. La actividad es parte del 4to Encuentro \u201cArtes, mujeres y espacio p\u00fablico\u201d, que se inici\u00f3 en febrero pasado y concluir\u00e1 en abril pr\u00f3ximo.<\/p>\n\n\n\n<p>Subida en una escalera con brocha en mano, un recipiente de pintura y la concentraci\u00f3n propia de la artista que cuida al m\u00ednimo los detalles de su obra estaba este mi\u00e9rcoles 22 de marzo Melanie Padilla en los exteriores de la CCNG; era el segundo d\u00eda en que trabajaba en la propuesta art\u00edstica que envi\u00f3 a la convocatoria, la primera que realiza la instituci\u00f3n cultural provincial, dirigida por la doctora Martha Rizzo.<\/p>\n\n\n\n<p>En un di\u00e1logo previo, la doctora Mar\u00eda Fernanda L\u00f3pez, docente del Departamento Transversal de la UArtes y organizadora del encuentro, se\u00f1al\u00f3 varios de los hitos hist\u00f3ricos que tendr\u00eda la edici\u00f3n 2023. Los encabezaban, justamente, la intervenci\u00f3n del mural exterior en la CCNG y la apertura de la muestra que lleva el nombre de la cita y que se hizo el 8 de marzo en la Sala de Arte Contempor\u00e1neo del Museo Municipal de Guayaquil.&nbsp;<\/p>\n\n\n\n<p>\u201cEs hist\u00f3rico porque por primera vez el arte urbano, el arte de calle, el graffiti y el muro contempor\u00e1neo entran al Museo Municipal de Guayaquil y tienen presencia en la Casa de la Cultura N\u00facleo del Guayas. Es importante que como mujeres podamos ocupar estos espacios\u201d, anot\u00f3 <em>Mafo<\/em> L\u00f3pez, como es art\u00edsticamente conocida la docente, abogada, investigadora y curadora, quien tiene una diplomatura en Arte Ecuatoriano, un m\u00e1ster en Estudios de la Cultura con menci\u00f3n en Pol\u00edticas Culturales y&nbsp;un PhD en Teor\u00eda de la Cultura.<\/p>\n\n\n<div class=\"wp-block-image\">\n<figure class=\"aligncenter size-large\"><img fetchpriority=\"high\" decoding=\"async\" width=\"644\" height=\"429\" src=\"https:\/\/www.uartes.edu.ec\/sitio\/wp-content\/uploads\/2023\/03\/MELANIE-PADILLA-1-644x429.jpg\" alt=\"\" class=\"wp-image-39945\" srcset=\"https:\/\/www.uartes.edu.ec\/sitio\/wp-content\/uploads\/2023\/03\/MELANIE-PADILLA-1-644x429.jpg 644w, https:\/\/www.uartes.edu.ec\/sitio\/wp-content\/uploads\/2023\/03\/MELANIE-PADILLA-1-768x511.jpg 768w, https:\/\/www.uartes.edu.ec\/sitio\/wp-content\/uploads\/2023\/03\/MELANIE-PADILLA-1.jpg 2000w, https:\/\/www.uartes.edu.ec\/sitio\/wp-content\/uploads\/2023\/03\/MELANIE-PADILLA-1-600x399.jpg 600w, https:\/\/www.uartes.edu.ec\/sitio\/wp-content\/uploads\/2023\/03\/MELANIE-PADILLA-1-272x182.jpg 272w\" sizes=\"(max-width: 644px) 100vw, 644px\" \/><figcaption class=\"wp-element-caption\">Melanie Padilla con la doctora Martha Rizzo, directora de la Casa de la Cultura N\u00facleo del Guayas. <\/figcaption><\/figure>\n<\/div>\n\n\n<p>La doctora Rizzo dijo que en 2022 la CCNG abri\u00f3 las puertas a los artistas urbanos emergentes, todo en coordinaci\u00f3n con <em>Mafo<\/em> L\u00f3pez. \u201cEn este a\u00f1o hemos puesto \u00e9nfasis al muralismo y junto con la docente UArtes hicimos la convocatoria para la intervenci\u00f3n del mural externo, por la cual tuvimos participaciones de varias provincias del pa\u00eds y gan\u00f3 Melanie Padilla\u201d.<\/p>\n\n\n\n<p>Agreg\u00f3 que la propuesta de la estudiante UArtes result\u00f3 seleccionada por el potente mensaje del poder femenino hacia la interculturalidad y la intergeneracionalidad, que es con lo que trabaja fuertemente la CCNG. Indic\u00f3 tener un programa denominado \u201cArte por una cultura de paz\u201d, con tres proyectos que dan \u00e9nfasis a mujeres, ni\u00f1os y adolescentes, y en el que tambi\u00e9n se aborda el tema de la violencia. Revel\u00f3, adem\u00e1s, que el jurado de la convocatoria consider\u00f3 que la propuesta de Padilla ten\u00eda la armon\u00eda, los colores y el mensaje que deb\u00edan plasmarse en el muro.<\/p>\n\n\n\n<h3 class=\"wp-block-heading\"><strong>Estudia Creaci\u00f3n Teatral y es artista urbana<\/strong><\/h3>\n\n\n\n<p>Melanie Padilla cursa el noveno semestre de la carrera de Creaci\u00f3n Teatral y mientras trabajaba en el mural cont\u00f3 a InfoUArtes que por la interdisciplinariedad aprendida y desarrollada en su proceso acad\u00e9mico es que decidi\u00f3 tambi\u00e9n darle espacio al arte urbano. Adem\u00e1s, ha sido estudiante oyente, pues ha pedido entrar a las clases de esa carrera. \u201cEs tambi\u00e9n una decisi\u00f3n de qu\u00e9 hacer con tu tiempo\u201d.<\/p>\n\n\n\n<p>En sus etapas escolar y colegial destac\u00f3 en lo visual y teatral. Fue su profesora de Literatura, quien, conociendo de sus aptitudes, la anim\u00f3 a postular a la UArtes. Se inclin\u00f3 por la Creaci\u00f3n Teatral, pero sin descartar su otro talento, el cual reafirm\u00f3 al conocer a su pareja que s\u00ed estaba dedicado al arte urbano. Supo \u00e9l de sus propuestas visuales y la impuls\u00f3 al muralismo. El primero que intervino fue en una comunidad de Pascuales, donde se organiz\u00f3 una actividad autogestionada. Descubri\u00f3 entonces que lo suyo era el muralismo comunitario.<\/p>\n\n\n\n<p>\u201cLa gente se puede identificar con los murales que realizamos y decir que le pertenece. El arte urbano abre los espacios. En Pascuales el lugar donde pintamos el mural se reactiv\u00f3, colocaron juegos para ni\u00f1os y la imagen cambi\u00f3\u201d, expres\u00f3 Padilla, quien considera que el espacio p\u00fablico tiene muchas formas de di\u00e1logo, din\u00e1micas que integran a ni\u00f1os, adultos, gente mayor y otorga un sentido de pertinencia.<\/p>\n\n\n<div class=\"wp-block-image\">\n<figure class=\"aligncenter size-large\"><img decoding=\"async\" width=\"644\" height=\"362\" src=\"https:\/\/www.uartes.edu.ec\/sitio\/wp-content\/uploads\/2023\/03\/melanie100-644x362.jpeg\" alt=\"\" class=\"wp-image-39946\" srcset=\"https:\/\/www.uartes.edu.ec\/sitio\/wp-content\/uploads\/2023\/03\/melanie100-644x362.jpeg 644w, https:\/\/www.uartes.edu.ec\/sitio\/wp-content\/uploads\/2023\/03\/melanie100-768x431.jpeg 768w, https:\/\/www.uartes.edu.ec\/sitio\/wp-content\/uploads\/2023\/03\/melanie100.jpeg 1599w, https:\/\/www.uartes.edu.ec\/sitio\/wp-content\/uploads\/2023\/03\/melanie100-600x337.jpeg 600w\" sizes=\"(max-width: 644px) 100vw, 644px\" \/><\/figure>\n<\/div>\n\n\n<p>\u201cCuando la gente pasa y me pintar se acerca y comenta que le gusta el arte, se queda y pregunta por lo que ven, generando una interacci\u00f3n que enriquece la experiencia del artista y la propia. Salir a la calle es complejo. He sufrido algunos atropellos y lo he aceptado porque es parte de la intervenci\u00f3n\u201d, coment\u00f3.<\/p>\n\n\n\n<p><em>Mafo <\/em>L\u00f3pez la conoci\u00f3 cuando se dio el recorte presupuestario a las universidades. Ella subi\u00f3 a sus redes un mural que hizo contra esa medida con la leyenda \u201cEl presupuesto en artes genera cultura\u201d, mismo que le permiti\u00f3 darse cuenta de que la gente necesita saber que puede luchar por cultura a la cual tiene derecho y para la que no hay mucha versi\u00f3n.<\/p>\n\n\n\n<p>La convocatoria de la presente edici\u00f3n del encuentro no es la primera a la que respondi\u00f3. Tom\u00f3 parte en la anterior y present\u00f3 el mural Resistencia, por el paro nacional. Para la actual trabaj\u00f3 en el contexto de ser mujer y estar representada. Tras la respectiva investigaci\u00f3n decidi\u00f3 plasmar a mujeres de tres de las cuatro regiones del pa\u00eds: Costa, Sierra y Oriente. Reconoci\u00f3 haber entrado en conflicto por no poner a la regi\u00f3n Insular, pero lo vio m\u00e1s por el lado del mestizaje.<\/p>\n\n\n\n<p>Durante la indagaci\u00f3n y cuando realizaba el boceto conoci\u00f3 a mujeres de varias regiones del pa\u00eds, como Shuar y Saraguro. Sucedi\u00f3 mientras realizaba sus pr\u00e1cticas preprofesionales en Mu\u00e9gano Teatro con la Galer\u00eda Interactiva. Conocerlas le permiti\u00f3 adentrarse en sus culturas y como artista fue d\u00e1ndole forma a la representaci\u00f3n concebida. \u201cFue algo m\u00e1gico, no ten\u00eda idea de que las conocer\u00eda y siempre dije que pintar\u00eda este muro de la CCNG y se ha dado\u201d, expres\u00f3. En el arte urbano tiene su estilo, pero busc\u00f3 ser vers\u00e1til y mostrar algo m\u00e1s representativo.<\/p>\n\n\n\n<p>En su obra todas las mujeres est\u00e1n siendo representadas a trav\u00e9s de miradas, valores y \u00e9pocas, pues constan en sus tres facetas: ni\u00f1ez, juventud y madurez. \u201cHay edades, idiomas, s\u00edmbolos. No es mi mural, sino de todas\u201d.<\/p>\n\n\n\n<p>Texto y foto: Carmen Cortez<br>Foto: Cortes\u00eda CCNG<br>Foto: Cortes\u00eda Mafo L\u00f3pez<\/p>","protected":false},"excerpt":{"rendered":"<p>Estudia Creaci\u00f3n Teatral y es tambi\u00e9n artista urbana. Melanie Padilla gan\u00f3 la convocatoria de la Casa de la Cultura N\u00facleo del Guayas, en el marco del 4to Encuentro \u201cArtes, mujeres y espacio p\u00fablico\u201d; en el muro de la instituci\u00f3n ella pinta a mujeres de varias regiones del pa\u00eds. Las Dras. Mafo L\u00f3pez, organizadora de la cita, y Martha Rizzo, directora de CCNG, destacan la presencia del arte de calle en espacios culturales.     <\/p>","protected":false},"author":10,"featured_media":39944,"comment_status":"open","ping_status":"open","sticky":false,"template":"","format":"standard","meta":{"_acf_changed":false,"_uag_custom_page_level_css":"","_monsterinsights_skip_tracking":false,"_monsterinsights_sitenote_active":false,"_monsterinsights_sitenote_note":"","_monsterinsights_sitenote_category":0,"cybocfi_hide_featured_image":"","footnotes":""},"categories":[718,82,159,157,76,77,79],"tags":[794],"infouartes":[],"class_list":["post-39943","post","type-post","status-publish","format-standard","has-post-thumbnail","hentry","category-2d","category-artes","category-artes-escenicas","category-artes-visuales","category-estudiantes","category-gestion","category-vinculo","tag-mural"],"acf":[],"yoast_head":"<!-- This site is optimized with the Yoast SEO plugin v27.4 - https:\/\/yoast.com\/product\/yoast-seo-wordpress\/ -->\n<title>Universidad de las Artes - \u201cEl arte urbano abre espacios y da pertinencia\u201d: Melanie Padilla Medina, ganadora de convocatoria de la CCNG<\/title>\n<meta name=\"description\" content=\"Universidad de las Artes - \u201cEl arte urbano abre espacios y da pertinencia\u201d: Melanie Padilla Medina, ganadora de convocatoria de la CCNG\" \/>\n<meta name=\"robots\" content=\"index, follow, max-snippet:-1, max-image-preview:large, max-video-preview:-1\" \/>\n<link rel=\"canonical\" href=\"https:\/\/www.uartes.edu.ec\/sitio\/fr\/blog\/2023\/03\/23\/el-arte-urbano-abre-espacios-y-da-pertinencia-melanie-padilla-ganadora-de-convocatoria-de-la-ccng\/\" \/>\n<meta property=\"og:locale\" content=\"fr_FR\" \/>\n<meta property=\"og:type\" content=\"article\" \/>\n<meta property=\"og:title\" content=\"Universidad de las Artes - \u201cEl arte urbano abre espacios y da pertinencia\u201d: Melanie Padilla Medina, ganadora de convocatoria de la CCNG\" \/>\n<meta property=\"og:description\" content=\"Universidad de las Artes - \u201cEl arte urbano abre espacios y da pertinencia\u201d: Melanie Padilla Medina, ganadora de convocatoria de la CCNG\" \/>\n<meta property=\"og:url\" content=\"https:\/\/www.uartes.edu.ec\/sitio\/fr\/blog\/2023\/03\/23\/el-arte-urbano-abre-espacios-y-da-pertinencia-melanie-padilla-ganadora-de-convocatoria-de-la-ccng\/\" \/>\n<meta property=\"og:site_name\" content=\"Universidad de las Artes\" \/>\n<meta property=\"article:publisher\" content=\"https:\/\/www.facebook.com\/uartesec\" \/>\n<meta property=\"article:published_time\" content=\"2023-03-23T19:46:00+00:00\" \/>\n<meta property=\"article:modified_time\" content=\"2024-07-04T16:21:23+00:00\" \/>\n<meta property=\"og:image\" content=\"https:\/\/www.uartes.edu.ec\/sitio\/wp-content\/uploads\/2023\/03\/MELANIE-PADILLA-2.jpg\" \/>\n\t<meta property=\"og:image:width\" content=\"2000\" \/>\n\t<meta property=\"og:image:height\" content=\"1333\" \/>\n\t<meta property=\"og:image:type\" content=\"image\/jpeg\" \/>\n<meta name=\"author\" content=\"ccortez\" \/>\n<meta name=\"twitter:card\" content=\"summary_large_image\" \/>\n<meta name=\"twitter:creator\" content=\"@uartesec\" \/>\n<meta name=\"twitter:site\" content=\"@uartesec\" \/>\n<meta name=\"twitter:label1\" content=\"\u00c9crit par\" \/>\n\t<meta name=\"twitter:data1\" content=\"ccortez\" \/>\n\t<meta name=\"twitter:label2\" content=\"Dur\u00e9e de lecture estim\u00e9e\" \/>\n\t<meta name=\"twitter:data2\" content=\"6 minutes\" \/>\n<script type=\"application\/ld+json\" class=\"yoast-schema-graph\">{\"@context\":\"https:\\\/\\\/schema.org\",\"@graph\":[{\"@type\":\"Article\",\"@id\":\"https:\\\/\\\/www.uartes.edu.ec\\\/sitio\\\/fr\\\/blog\\\/2023\\\/03\\\/23\\\/el-arte-urbano-abre-espacios-y-da-pertinencia-melanie-padilla-ganadora-de-convocatoria-de-la-ccng\\\/#article\",\"isPartOf\":{\"@id\":\"https:\\\/\\\/www.uartes.edu.ec\\\/sitio\\\/fr\\\/blog\\\/2023\\\/03\\\/23\\\/el-arte-urbano-abre-espacios-y-da-pertinencia-melanie-padilla-ganadora-de-convocatoria-de-la-ccng\\\/\"},\"author\":{\"name\":\"ccortez\",\"@id\":\"https:\\\/\\\/www.uartes.edu.ec\\\/sitio\\\/fr\\\/#\\\/schema\\\/person\\\/efa1b8275797664fd7f13a79ccc0b1f4\"},\"headline\":\"\u201cEl arte urbano abre espacios y da pertinencia\u201d: Melanie Padilla Medina, ganadora de convocatoria de la CCNG\",\"datePublished\":\"2023-03-23T19:46:00+00:00\",\"dateModified\":\"2024-07-04T16:21:23+00:00\",\"mainEntityOfPage\":{\"@id\":\"https:\\\/\\\/www.uartes.edu.ec\\\/sitio\\\/fr\\\/blog\\\/2023\\\/03\\\/23\\\/el-arte-urbano-abre-espacios-y-da-pertinencia-melanie-padilla-ganadora-de-convocatoria-de-la-ccng\\\/\"},\"wordCount\":1151,\"commentCount\":0,\"publisher\":{\"@id\":\"https:\\\/\\\/www.uartes.edu.ec\\\/sitio\\\/fr\\\/#organization\"},\"image\":{\"@id\":\"https:\\\/\\\/www.uartes.edu.ec\\\/sitio\\\/fr\\\/blog\\\/2023\\\/03\\\/23\\\/el-arte-urbano-abre-espacios-y-da-pertinencia-melanie-padilla-ganadora-de-convocatoria-de-la-ccng\\\/#primaryimage\"},\"thumbnailUrl\":\"https:\\\/\\\/www.uartes.edu.ec\\\/sitio\\\/wp-content\\\/uploads\\\/2023\\\/03\\\/MELANIE-PADILLA-2.jpg\",\"keywords\":[\"mural\"],\"articleSection\":[\"2D\",\"Artes\",\"Artes Esc\u00e9nicas\",\"Artes Visuales\",\"Estudiantes\",\"Gesti\u00f3n\",\"V\u00ednculo\"],\"inLanguage\":\"fr-FR\",\"potentialAction\":[{\"@type\":\"CommentAction\",\"name\":\"Comment\",\"target\":[\"https:\\\/\\\/www.uartes.edu.ec\\\/sitio\\\/fr\\\/blog\\\/2023\\\/03\\\/23\\\/el-arte-urbano-abre-espacios-y-da-pertinencia-melanie-padilla-ganadora-de-convocatoria-de-la-ccng\\\/#respond\"]}]},{\"@type\":[\"WebPage\",\"ItemPage\"],\"@id\":\"https:\\\/\\\/www.uartes.edu.ec\\\/sitio\\\/fr\\\/blog\\\/2023\\\/03\\\/23\\\/el-arte-urbano-abre-espacios-y-da-pertinencia-melanie-padilla-ganadora-de-convocatoria-de-la-ccng\\\/\",\"url\":\"https:\\\/\\\/www.uartes.edu.ec\\\/sitio\\\/fr\\\/blog\\\/2023\\\/03\\\/23\\\/el-arte-urbano-abre-espacios-y-da-pertinencia-melanie-padilla-ganadora-de-convocatoria-de-la-ccng\\\/\",\"name\":\"Universidad de las Artes - \u201cEl arte urbano abre espacios y da pertinencia\u201d: Melanie Padilla Medina, ganadora de convocatoria de la CCNG\",\"isPartOf\":{\"@id\":\"https:\\\/\\\/www.uartes.edu.ec\\\/sitio\\\/fr\\\/#website\"},\"primaryImageOfPage\":{\"@id\":\"https:\\\/\\\/www.uartes.edu.ec\\\/sitio\\\/fr\\\/blog\\\/2023\\\/03\\\/23\\\/el-arte-urbano-abre-espacios-y-da-pertinencia-melanie-padilla-ganadora-de-convocatoria-de-la-ccng\\\/#primaryimage\"},\"image\":{\"@id\":\"https:\\\/\\\/www.uartes.edu.ec\\\/sitio\\\/fr\\\/blog\\\/2023\\\/03\\\/23\\\/el-arte-urbano-abre-espacios-y-da-pertinencia-melanie-padilla-ganadora-de-convocatoria-de-la-ccng\\\/#primaryimage\"},\"thumbnailUrl\":\"https:\\\/\\\/www.uartes.edu.ec\\\/sitio\\\/wp-content\\\/uploads\\\/2023\\\/03\\\/MELANIE-PADILLA-2.jpg\",\"datePublished\":\"2023-03-23T19:46:00+00:00\",\"dateModified\":\"2024-07-04T16:21:23+00:00\",\"description\":\"Universidad de las Artes - \u201cEl arte urbano abre espacios y da pertinencia\u201d: Melanie Padilla Medina, ganadora de convocatoria de la CCNG\",\"breadcrumb\":{\"@id\":\"https:\\\/\\\/www.uartes.edu.ec\\\/sitio\\\/fr\\\/blog\\\/2023\\\/03\\\/23\\\/el-arte-urbano-abre-espacios-y-da-pertinencia-melanie-padilla-ganadora-de-convocatoria-de-la-ccng\\\/#breadcrumb\"},\"inLanguage\":\"fr-FR\",\"potentialAction\":[{\"@type\":\"ReadAction\",\"target\":[\"https:\\\/\\\/www.uartes.edu.ec\\\/sitio\\\/fr\\\/blog\\\/2023\\\/03\\\/23\\\/el-arte-urbano-abre-espacios-y-da-pertinencia-melanie-padilla-ganadora-de-convocatoria-de-la-ccng\\\/\"]}]},{\"@type\":\"ImageObject\",\"inLanguage\":\"fr-FR\",\"@id\":\"https:\\\/\\\/www.uartes.edu.ec\\\/sitio\\\/fr\\\/blog\\\/2023\\\/03\\\/23\\\/el-arte-urbano-abre-espacios-y-da-pertinencia-melanie-padilla-ganadora-de-convocatoria-de-la-ccng\\\/#primaryimage\",\"url\":\"https:\\\/\\\/www.uartes.edu.ec\\\/sitio\\\/wp-content\\\/uploads\\\/2023\\\/03\\\/MELANIE-PADILLA-2.jpg\",\"contentUrl\":\"https:\\\/\\\/www.uartes.edu.ec\\\/sitio\\\/wp-content\\\/uploads\\\/2023\\\/03\\\/MELANIE-PADILLA-2.jpg\",\"width\":2000,\"height\":1333},{\"@type\":\"BreadcrumbList\",\"@id\":\"https:\\\/\\\/www.uartes.edu.ec\\\/sitio\\\/fr\\\/blog\\\/2023\\\/03\\\/23\\\/el-arte-urbano-abre-espacios-y-da-pertinencia-melanie-padilla-ganadora-de-convocatoria-de-la-ccng\\\/#breadcrumb\",\"itemListElement\":[{\"@type\":\"ListItem\",\"position\":1,\"name\":\"Inicio\",\"item\":\"https:\\\/\\\/www.uartes.edu.ec\\\/sitio\\\/\"},{\"@type\":\"ListItem\",\"position\":2,\"name\":\"\u201cEl arte urbano abre espacios y da pertinencia\u201d: Melanie Padilla Medina, ganadora de convocatoria de la CCNG\"}]},{\"@type\":\"WebSite\",\"@id\":\"https:\\\/\\\/www.uartes.edu.ec\\\/sitio\\\/fr\\\/#website\",\"url\":\"https:\\\/\\\/www.uartes.edu.ec\\\/sitio\\\/fr\\\/\",\"name\":\"Universidad de las Artes\",\"description\":\"Sitio oficial de la Universidad Nacional de las Artes del Ecuador\",\"publisher\":{\"@id\":\"https:\\\/\\\/www.uartes.edu.ec\\\/sitio\\\/fr\\\/#organization\"},\"potentialAction\":[{\"@type\":\"SearchAction\",\"target\":{\"@type\":\"EntryPoint\",\"urlTemplate\":\"https:\\\/\\\/www.uartes.edu.ec\\\/sitio\\\/fr\\\/?s={search_term_string}\"},\"query-input\":{\"@type\":\"PropertyValueSpecification\",\"valueRequired\":true,\"valueName\":\"search_term_string\"}}],\"inLanguage\":\"fr-FR\"},{\"@type\":\"Organization\",\"@id\":\"https:\\\/\\\/www.uartes.edu.ec\\\/sitio\\\/fr\\\/#organization\",\"name\":\"Universidad de las Artes\",\"url\":\"https:\\\/\\\/www.uartes.edu.ec\\\/sitio\\\/fr\\\/\",\"logo\":{\"@type\":\"ImageObject\",\"inLanguage\":\"fr-FR\",\"@id\":\"https:\\\/\\\/www.uartes.edu.ec\\\/sitio\\\/fr\\\/#\\\/schema\\\/logo\\\/image\\\/\",\"url\":\"https:\\\/\\\/www.uartes.edu.ec\\\/sitio\\\/wp-content\\\/uploads\\\/2022\\\/07\\\/logo-ua-horizontal.png\",\"contentUrl\":\"https:\\\/\\\/www.uartes.edu.ec\\\/sitio\\\/wp-content\\\/uploads\\\/2022\\\/07\\\/logo-ua-horizontal.png\",\"width\":800,\"height\":276,\"caption\":\"Universidad de las Artes\"},\"image\":{\"@id\":\"https:\\\/\\\/www.uartes.edu.ec\\\/sitio\\\/fr\\\/#\\\/schema\\\/logo\\\/image\\\/\"},\"sameAs\":[\"https:\\\/\\\/www.facebook.com\\\/uartesec\",\"https:\\\/\\\/x.com\\\/uartesec\",\"https:\\\/\\\/www.tiktok.com\\\/@uartesec\"]},{\"@type\":\"Person\",\"@id\":\"https:\\\/\\\/www.uartes.edu.ec\\\/sitio\\\/fr\\\/#\\\/schema\\\/person\\\/efa1b8275797664fd7f13a79ccc0b1f4\",\"name\":\"ccortez\",\"image\":{\"@type\":\"ImageObject\",\"inLanguage\":\"fr-FR\",\"@id\":\"https:\\\/\\\/secure.gravatar.com\\\/avatar\\\/b2a6f664a3ae8e074346ef91775736c5ec479e637ecced6842de9dc98b5da9cd?s=96&d=mm&r=g\",\"url\":\"https:\\\/\\\/secure.gravatar.com\\\/avatar\\\/b2a6f664a3ae8e074346ef91775736c5ec479e637ecced6842de9dc98b5da9cd?s=96&d=mm&r=g\",\"contentUrl\":\"https:\\\/\\\/secure.gravatar.com\\\/avatar\\\/b2a6f664a3ae8e074346ef91775736c5ec479e637ecced6842de9dc98b5da9cd?s=96&d=mm&r=g\",\"caption\":\"ccortez\"},\"url\":\"https:\\\/\\\/www.uartes.edu.ec\\\/sitio\\\/fr\\\/blog\\\/author\\\/ccortez\\\/\"}]}<\/script>\n<!-- \/ Yoast SEO plugin. -->","yoast_head_json":{"title":"Universidad de las Artes - \u201cEl arte urbano abre espacios y da pertinencia\u201d: Melanie Padilla Medina, ganadora de convocatoria de la CCNG","description":"Universidad de las Artes - \u201cEl arte urbano abre espacios y da pertinencia\u201d: Melanie Padilla Medina, ganadora de convocatoria de la CCNG","robots":{"index":"index","follow":"follow","max-snippet":"max-snippet:-1","max-image-preview":"max-image-preview:large","max-video-preview":"max-video-preview:-1"},"canonical":"https:\/\/www.uartes.edu.ec\/sitio\/fr\/blog\/2023\/03\/23\/el-arte-urbano-abre-espacios-y-da-pertinencia-melanie-padilla-ganadora-de-convocatoria-de-la-ccng\/","og_locale":"fr_FR","og_type":"article","og_title":"Universidad de las Artes - \u201cEl arte urbano abre espacios y da pertinencia\u201d: Melanie Padilla Medina, ganadora de convocatoria de la CCNG","og_description":"Universidad de las Artes - \u201cEl arte urbano abre espacios y da pertinencia\u201d: Melanie Padilla Medina, ganadora de convocatoria de la CCNG","og_url":"https:\/\/www.uartes.edu.ec\/sitio\/fr\/blog\/2023\/03\/23\/el-arte-urbano-abre-espacios-y-da-pertinencia-melanie-padilla-ganadora-de-convocatoria-de-la-ccng\/","og_site_name":"Universidad de las Artes","article_publisher":"https:\/\/www.facebook.com\/uartesec","article_published_time":"2023-03-23T19:46:00+00:00","article_modified_time":"2024-07-04T16:21:23+00:00","og_image":[{"width":2000,"height":1333,"url":"https:\/\/www.uartes.edu.ec\/sitio\/wp-content\/uploads\/2023\/03\/MELANIE-PADILLA-2.jpg","type":"image\/jpeg"}],"author":"ccortez","twitter_card":"summary_large_image","twitter_creator":"@uartesec","twitter_site":"@uartesec","twitter_misc":{"\u00c9crit par":"ccortez","Dur\u00e9e de lecture estim\u00e9e":"6 minutes"},"schema":{"@context":"https:\/\/schema.org","@graph":[{"@type":"Article","@id":"https:\/\/www.uartes.edu.ec\/sitio\/fr\/blog\/2023\/03\/23\/el-arte-urbano-abre-espacios-y-da-pertinencia-melanie-padilla-ganadora-de-convocatoria-de-la-ccng\/#article","isPartOf":{"@id":"https:\/\/www.uartes.edu.ec\/sitio\/fr\/blog\/2023\/03\/23\/el-arte-urbano-abre-espacios-y-da-pertinencia-melanie-padilla-ganadora-de-convocatoria-de-la-ccng\/"},"author":{"name":"ccortez","@id":"https:\/\/www.uartes.edu.ec\/sitio\/fr\/#\/schema\/person\/efa1b8275797664fd7f13a79ccc0b1f4"},"headline":"\u201cEl arte urbano abre espacios y da pertinencia\u201d: Melanie Padilla Medina, ganadora de convocatoria de la CCNG","datePublished":"2023-03-23T19:46:00+00:00","dateModified":"2024-07-04T16:21:23+00:00","mainEntityOfPage":{"@id":"https:\/\/www.uartes.edu.ec\/sitio\/fr\/blog\/2023\/03\/23\/el-arte-urbano-abre-espacios-y-da-pertinencia-melanie-padilla-ganadora-de-convocatoria-de-la-ccng\/"},"wordCount":1151,"commentCount":0,"publisher":{"@id":"https:\/\/www.uartes.edu.ec\/sitio\/fr\/#organization"},"image":{"@id":"https:\/\/www.uartes.edu.ec\/sitio\/fr\/blog\/2023\/03\/23\/el-arte-urbano-abre-espacios-y-da-pertinencia-melanie-padilla-ganadora-de-convocatoria-de-la-ccng\/#primaryimage"},"thumbnailUrl":"https:\/\/www.uartes.edu.ec\/sitio\/wp-content\/uploads\/2023\/03\/MELANIE-PADILLA-2.jpg","keywords":["mural"],"articleSection":["2D","Artes","Artes Esc\u00e9nicas","Artes Visuales","Estudiantes","Gesti\u00f3n","V\u00ednculo"],"inLanguage":"fr-FR","potentialAction":[{"@type":"CommentAction","name":"Comment","target":["https:\/\/www.uartes.edu.ec\/sitio\/fr\/blog\/2023\/03\/23\/el-arte-urbano-abre-espacios-y-da-pertinencia-melanie-padilla-ganadora-de-convocatoria-de-la-ccng\/#respond"]}]},{"@type":["WebPage","ItemPage"],"@id":"https:\/\/www.uartes.edu.ec\/sitio\/fr\/blog\/2023\/03\/23\/el-arte-urbano-abre-espacios-y-da-pertinencia-melanie-padilla-ganadora-de-convocatoria-de-la-ccng\/","url":"https:\/\/www.uartes.edu.ec\/sitio\/fr\/blog\/2023\/03\/23\/el-arte-urbano-abre-espacios-y-da-pertinencia-melanie-padilla-ganadora-de-convocatoria-de-la-ccng\/","name":"Universidad de las Artes - \u201cEl arte urbano abre espacios y da pertinencia\u201d: Melanie Padilla Medina, ganadora de convocatoria de la CCNG","isPartOf":{"@id":"https:\/\/www.uartes.edu.ec\/sitio\/fr\/#website"},"primaryImageOfPage":{"@id":"https:\/\/www.uartes.edu.ec\/sitio\/fr\/blog\/2023\/03\/23\/el-arte-urbano-abre-espacios-y-da-pertinencia-melanie-padilla-ganadora-de-convocatoria-de-la-ccng\/#primaryimage"},"image":{"@id":"https:\/\/www.uartes.edu.ec\/sitio\/fr\/blog\/2023\/03\/23\/el-arte-urbano-abre-espacios-y-da-pertinencia-melanie-padilla-ganadora-de-convocatoria-de-la-ccng\/#primaryimage"},"thumbnailUrl":"https:\/\/www.uartes.edu.ec\/sitio\/wp-content\/uploads\/2023\/03\/MELANIE-PADILLA-2.jpg","datePublished":"2023-03-23T19:46:00+00:00","dateModified":"2024-07-04T16:21:23+00:00","description":"Universidad de las Artes - \u201cEl arte urbano abre espacios y da pertinencia\u201d: Melanie Padilla Medina, ganadora de convocatoria de la CCNG","breadcrumb":{"@id":"https:\/\/www.uartes.edu.ec\/sitio\/fr\/blog\/2023\/03\/23\/el-arte-urbano-abre-espacios-y-da-pertinencia-melanie-padilla-ganadora-de-convocatoria-de-la-ccng\/#breadcrumb"},"inLanguage":"fr-FR","potentialAction":[{"@type":"ReadAction","target":["https:\/\/www.uartes.edu.ec\/sitio\/fr\/blog\/2023\/03\/23\/el-arte-urbano-abre-espacios-y-da-pertinencia-melanie-padilla-ganadora-de-convocatoria-de-la-ccng\/"]}]},{"@type":"ImageObject","inLanguage":"fr-FR","@id":"https:\/\/www.uartes.edu.ec\/sitio\/fr\/blog\/2023\/03\/23\/el-arte-urbano-abre-espacios-y-da-pertinencia-melanie-padilla-ganadora-de-convocatoria-de-la-ccng\/#primaryimage","url":"https:\/\/www.uartes.edu.ec\/sitio\/wp-content\/uploads\/2023\/03\/MELANIE-PADILLA-2.jpg","contentUrl":"https:\/\/www.uartes.edu.ec\/sitio\/wp-content\/uploads\/2023\/03\/MELANIE-PADILLA-2.jpg","width":2000,"height":1333},{"@type":"BreadcrumbList","@id":"https:\/\/www.uartes.edu.ec\/sitio\/fr\/blog\/2023\/03\/23\/el-arte-urbano-abre-espacios-y-da-pertinencia-melanie-padilla-ganadora-de-convocatoria-de-la-ccng\/#breadcrumb","itemListElement":[{"@type":"ListItem","position":1,"name":"Inicio","item":"https:\/\/www.uartes.edu.ec\/sitio\/"},{"@type":"ListItem","position":2,"name":"\u201cEl arte urbano abre espacios y da pertinencia\u201d: Melanie Padilla Medina, ganadora de convocatoria de la CCNG"}]},{"@type":"WebSite","@id":"https:\/\/www.uartes.edu.ec\/sitio\/fr\/#website","url":"https:\/\/www.uartes.edu.ec\/sitio\/fr\/","name":"Universidad de las Artes","description":"Sitio oficial de la Universidad Nacional de las Artes del Ecuador","publisher":{"@id":"https:\/\/www.uartes.edu.ec\/sitio\/fr\/#organization"},"potentialAction":[{"@type":"SearchAction","target":{"@type":"EntryPoint","urlTemplate":"https:\/\/www.uartes.edu.ec\/sitio\/fr\/?s={search_term_string}"},"query-input":{"@type":"PropertyValueSpecification","valueRequired":true,"valueName":"search_term_string"}}],"inLanguage":"fr-FR"},{"@type":"Organization","@id":"https:\/\/www.uartes.edu.ec\/sitio\/fr\/#organization","name":"Universidad de las Artes","url":"https:\/\/www.uartes.edu.ec\/sitio\/fr\/","logo":{"@type":"ImageObject","inLanguage":"fr-FR","@id":"https:\/\/www.uartes.edu.ec\/sitio\/fr\/#\/schema\/logo\/image\/","url":"https:\/\/www.uartes.edu.ec\/sitio\/wp-content\/uploads\/2022\/07\/logo-ua-horizontal.png","contentUrl":"https:\/\/www.uartes.edu.ec\/sitio\/wp-content\/uploads\/2022\/07\/logo-ua-horizontal.png","width":800,"height":276,"caption":"Universidad de las Artes"},"image":{"@id":"https:\/\/www.uartes.edu.ec\/sitio\/fr\/#\/schema\/logo\/image\/"},"sameAs":["https:\/\/www.facebook.com\/uartesec","https:\/\/x.com\/uartesec","https:\/\/www.tiktok.com\/@uartesec"]},{"@type":"Person","@id":"https:\/\/www.uartes.edu.ec\/sitio\/fr\/#\/schema\/person\/efa1b8275797664fd7f13a79ccc0b1f4","name":"ccortez","image":{"@type":"ImageObject","inLanguage":"fr-FR","@id":"https:\/\/secure.gravatar.com\/avatar\/b2a6f664a3ae8e074346ef91775736c5ec479e637ecced6842de9dc98b5da9cd?s=96&d=mm&r=g","url":"https:\/\/secure.gravatar.com\/avatar\/b2a6f664a3ae8e074346ef91775736c5ec479e637ecced6842de9dc98b5da9cd?s=96&d=mm&r=g","contentUrl":"https:\/\/secure.gravatar.com\/avatar\/b2a6f664a3ae8e074346ef91775736c5ec479e637ecced6842de9dc98b5da9cd?s=96&d=mm&r=g","caption":"ccortez"},"url":"https:\/\/www.uartes.edu.ec\/sitio\/fr\/blog\/author\/ccortez\/"}]}},"uagb_featured_image_src":{"full":["https:\/\/www.uartes.edu.ec\/sitio\/wp-content\/uploads\/2023\/03\/MELANIE-PADILLA-2.jpg",2000,1333,false],"thumbnail":["https:\/\/www.uartes.edu.ec\/sitio\/wp-content\/uploads\/2023\/03\/MELANIE-PADILLA-2-150x150.jpg",150,150,true],"medium":["https:\/\/www.uartes.edu.ec\/sitio\/wp-content\/uploads\/2023\/03\/MELANIE-PADILLA-2-300x200.jpg",300,200,true],"medium_large":["https:\/\/www.uartes.edu.ec\/sitio\/wp-content\/uploads\/2023\/03\/MELANIE-PADILLA-2-768x512.jpg",768,512,true],"large":["https:\/\/www.uartes.edu.ec\/sitio\/wp-content\/uploads\/2023\/03\/MELANIE-PADILLA-2-644x429.jpg",644,429,true],"1536x1536":["https:\/\/www.uartes.edu.ec\/sitio\/wp-content\/uploads\/2023\/03\/MELANIE-PADILLA-2-1536x1024.jpg",1536,1024,true],"2048x2048":["https:\/\/www.uartes.edu.ec\/sitio\/wp-content\/uploads\/2023\/03\/MELANIE-PADILLA-2.jpg",2000,1333,false],"trp-custom-language-flag":["https:\/\/www.uartes.edu.ec\/sitio\/wp-content\/uploads\/2023\/03\/MELANIE-PADILLA-2.jpg",18,12,false],"htmega_size_585x295":["https:\/\/www.uartes.edu.ec\/sitio\/wp-content\/uploads\/2023\/03\/MELANIE-PADILLA-2-585x295.jpg",585,295,true],"htmega_size_1170x536":["https:\/\/www.uartes.edu.ec\/sitio\/wp-content\/uploads\/2023\/03\/MELANIE-PADILLA-2-1170x536.jpg",1170,536,true],"htmega_size_396x360":["https:\/\/www.uartes.edu.ec\/sitio\/wp-content\/uploads\/2023\/03\/MELANIE-PADILLA-2-396x360.jpg",396,360,true],"gb-block-post-grid-landscape":["https:\/\/www.uartes.edu.ec\/sitio\/wp-content\/uploads\/2023\/03\/MELANIE-PADILLA-2-600x400.jpg",600,400,true],"gb-block-post-grid-square":["https:\/\/www.uartes.edu.ec\/sitio\/wp-content\/uploads\/2023\/03\/MELANIE-PADILLA-2-600x600.jpg",600,600,true],"university-hub-thumb":["https:\/\/www.uartes.edu.ec\/sitio\/wp-content\/uploads\/2023\/03\/MELANIE-PADILLA-2-400x267.jpg",400,267,true],"mailpoet_newsletter_max":["https:\/\/www.uartes.edu.ec\/sitio\/wp-content\/uploads\/2023\/03\/MELANIE-PADILLA-2.jpg",1320,880,false]},"uagb_author_info":{"display_name":"ccortez","author_link":"https:\/\/www.uartes.edu.ec\/sitio\/fr\/blog\/author\/ccortez\/"},"uagb_comment_info":0,"uagb_excerpt":"Estudia Creaci\u00f3n Teatral y es tambi\u00e9n artista urbana. Melanie Padilla gan\u00f3 la convocatoria de la Casa de la Cultura N\u00facleo del Guayas, en el marco del 4to Encuentro \u201cArtes, mujeres y espacio p\u00fablico\u201d; en el muro de la instituci\u00f3n ella pinta a mujeres de varias regiones del pa\u00eds. Las Dras. Mafo L\u00f3pez, organizadora de la\u2026","featured_image_src":"https:\/\/www.uartes.edu.ec\/sitio\/wp-content\/uploads\/2023\/03\/MELANIE-PADILLA-2-600x400.jpg","featured_image_src_square":"https:\/\/www.uartes.edu.ec\/sitio\/wp-content\/uploads\/2023\/03\/MELANIE-PADILLA-2-600x600.jpg","author_info":{"display_name":"ccortez","author_link":"https:\/\/www.uartes.edu.ec\/sitio\/fr\/blog\/author\/ccortez\/"},"publishpress_future_workflow_manual_trigger":{"enabledWorkflows":[]},"distributor_meta":false,"distributor_terms":false,"distributor_media":false,"distributor_original_site_name":"Universidad de las Artes","distributor_original_site_url":"https:\/\/www.uartes.edu.ec\/sitio\/fr","push-errors":false,"_links":{"self":[{"href":"https:\/\/www.uartes.edu.ec\/sitio\/fr\/wp-json\/wp\/v2\/posts\/39943","targetHints":{"allow":["GET"]}}],"collection":[{"href":"https:\/\/www.uartes.edu.ec\/sitio\/fr\/wp-json\/wp\/v2\/posts"}],"about":[{"href":"https:\/\/www.uartes.edu.ec\/sitio\/fr\/wp-json\/wp\/v2\/types\/post"}],"author":[{"embeddable":true,"href":"https:\/\/www.uartes.edu.ec\/sitio\/fr\/wp-json\/wp\/v2\/users\/10"}],"replies":[{"embeddable":true,"href":"https:\/\/www.uartes.edu.ec\/sitio\/fr\/wp-json\/wp\/v2\/comments?post=39943"}],"version-history":[{"count":6,"href":"https:\/\/www.uartes.edu.ec\/sitio\/fr\/wp-json\/wp\/v2\/posts\/39943\/revisions"}],"predecessor-version":[{"id":39964,"href":"https:\/\/www.uartes.edu.ec\/sitio\/fr\/wp-json\/wp\/v2\/posts\/39943\/revisions\/39964"}],"wp:featuredmedia":[{"embeddable":true,"href":"https:\/\/www.uartes.edu.ec\/sitio\/fr\/wp-json\/wp\/v2\/media\/39944"}],"wp:attachment":[{"href":"https:\/\/www.uartes.edu.ec\/sitio\/fr\/wp-json\/wp\/v2\/media?parent=39943"}],"wp:term":[{"taxonomy":"category","embeddable":true,"href":"https:\/\/www.uartes.edu.ec\/sitio\/fr\/wp-json\/wp\/v2\/categories?post=39943"},{"taxonomy":"post_tag","embeddable":true,"href":"https:\/\/www.uartes.edu.ec\/sitio\/fr\/wp-json\/wp\/v2\/tags?post=39943"},{"taxonomy":"infouartes","embeddable":true,"href":"https:\/\/www.uartes.edu.ec\/sitio\/fr\/wp-json\/wp\/v2\/infouartes?post=39943"}],"curies":[{"name":"wp","href":"https:\/\/api.w.org\/{rel}","templated":true}]}}