{"id":39984,"date":"2023-03-20T16:10:00","date_gmt":"2023-03-20T21:10:00","guid":{"rendered":"https:\/\/www.uartes.edu.ec\/sitio\/?p=39984"},"modified":"2024-07-04T11:21:23","modified_gmt":"2024-07-04T16:21:23","slug":"karen-macias-reinterpreto-los-personajes-femeninos-de-cinco-leyendas-ecuatorianas","status":"publish","type":"post","link":"https:\/\/www.uartes.edu.ec\/sitio\/fr\/blog\/2023\/03\/20\/karen-macias-reinterpreto-los-personajes-femeninos-de-cinco-leyendas-ecuatorianas\/","title":{"rendered":"Karen Mac\u00edas reinterpret\u00f3 personajes femeninos de 5 leyendas ecuatorianas"},"content":{"rendered":"<p>\u201cLas mujeres del destiempo: una reinterpretaci\u00f3n sobre los roles de g\u00e9nero en leyendas ecuatorianas\u201d es un producto art\u00edstico de cinco cuentos que Karen Mac\u00edas Pe\u00f1a construy\u00f3 a partir de una reinterpretaci\u00f3n de los personajes femeninos de cinco leyendas ecuatorianas: \u201cLa dama encantada del cerro Cachar\u00ed\u201d, \u201cLa viuda del tamarindo\u201d, \u201cEl conde de los lagartos\u201d, \u201cLa duenda\u201d y \u201cLa cano\u00edta fantasma\u201d.<\/p>\n\n\n\n<p>La hoy graduada de la Escuela de Literatura de la Universidad de las Artes present\u00f3 este producto art\u00edstico como tesis, la cual sustent\u00f3 el pasado 10 de marzo ante un jurado integrado por los docentes Pedro Mujica, su tutor, Solange Rodr\u00edguez y \u00c1ngela Arboleda.<\/p>\n\n\n\n<p>En di\u00e1logo con InfoUArtes, Karen Mac\u00edas dijo que busc\u00f3 construir nuevas versiones con nuevas representaciones femeninas que demuestren una construcci\u00f3n mejorada del tiempo. &nbsp;<\/p>\n\n\n\n<p>\u201cLas leyendas con las que trabajo vienen de una tradici\u00f3n oral familiar. Mi pap\u00e1 me las contaba desde que era peque\u00f1a y, a medida que las escuchaba, me fijaba c\u00f3mo cambiaba los escenarios o las situaciones, pero nunca lograba cambiar el personaje de la mujer. De alguna manera, la mujer era la que castigaba al hombre por ambicioso, o la mujer siempre era la que buscaba atraer la fatalidad. Esta forma de contar proviene de una memoria patriarcal, por esa raz\u00f3n, me vi la necesidad de construir nuevas versiones donde ubiquen a la mujer como la due\u00f1a de la historia y due\u00f1a de sus decisiones\u201d, explica.<\/p>\n\n\n<div class=\"wp-block-image\">\n<figure class=\"aligncenter size-large\"><img fetchpriority=\"high\" decoding=\"async\" width=\"644\" height=\"429\" src=\"https:\/\/www.uartes.edu.ec\/sitio\/wp-content\/uploads\/2023\/03\/KAREN-MACIAS-03-644x429.jpg\" alt=\"\" class=\"wp-image-39988\" srcset=\"https:\/\/www.uartes.edu.ec\/sitio\/wp-content\/uploads\/2023\/03\/KAREN-MACIAS-03-644x429.jpg 644w, https:\/\/www.uartes.edu.ec\/sitio\/wp-content\/uploads\/2023\/03\/KAREN-MACIAS-03-768x511.jpg 768w, https:\/\/www.uartes.edu.ec\/sitio\/wp-content\/uploads\/2023\/03\/KAREN-MACIAS-03.jpg 2000w, https:\/\/www.uartes.edu.ec\/sitio\/wp-content\/uploads\/2023\/03\/KAREN-MACIAS-03-600x399.jpg 600w, https:\/\/www.uartes.edu.ec\/sitio\/wp-content\/uploads\/2023\/03\/KAREN-MACIAS-03-272x182.jpg 272w\" sizes=\"(max-width: 644px) 100vw, 644px\" \/><\/figure>\n<\/div>\n\n\n<p>Agrega que el proceso fue bonito y tambi\u00e9n un poco complicado porque deb\u00eda trabajar con la memoria de sus familiares: pap\u00e1, hermano, mam\u00e1 y abuela. \u201cEllos hicieron un esfuerzo muy valioso para que me vuelvan a contar estas leyendas\u201d.<\/p>\n\n\n\n<p>Con lo siguiente que trabaj\u00f3 fue con los cuentos. \u201cEl primero que escrib\u00ed fue &#8216;Intereses osados&#8217; que viene de la leyenda &#8216;La dama encantada del cerro Cachar\u00ed&#8217;. Esta historia fue quiz\u00e1s f\u00e1cil de escribirla porque ten\u00eda muy presente los elementos situacionales de la leyenda. Por ejemplo, el cerro Cachar\u00ed es un lugar tur\u00edstico del cant\u00f3n Babahoyo, que queda en la provincia de Los R\u00edos. Este es el lugar donde ocurre la leyenda, m\u00e1s bien en sus alrededores\u201d.<\/p>\n\n\n\n<p>Para realizar una descripci\u00f3n exacta del lugar tuvo que visitarlo y visibilizarlo en todo su esplendor. \u201cFue un momento relevante en mi proceso creativo. A partir de ese punto, indagu\u00e9 mucho en el contexto hist\u00f3rico de las leyendas para poder resaltarlas en mis cuentos\u201d.<\/p>\n\n\n\n<p>Para su trabajo de tesis realiz\u00f3 una larga investigaci\u00f3n. Tuvo que adentrarse a muchos conceptos, como la perspectiva de g\u00e9nero, la literatura feminista, la transtextualidad, la oralidad, etc. \u201cAcud\u00ed a estos temas para realizar un trabajo m\u00e1s s\u00f3lido y que demuestre un equilibro de lo creativo con lo te\u00f3rico. Tambi\u00e9n me encontr\u00e9 con algunos textos que me sirvieron de gu\u00eda, como el libro &#8216;Esa mujer es la muerte&#8217; de \u00c1ngela Arboleda, que me ayud\u00f3 a perfeccionar mis personajes femeninos de los cuentos\u201d. &nbsp;&nbsp;<\/p>\n\n\n\n<p>Desarrollar la tesis le tom\u00f3 a Karen Mac\u00edas todo un semestre. Pudo realizarlo desde antes, comenta, pero quer\u00eda concentrarse en buscar un tutor o tutora para que la guiar\u00e1 en el proceso.<\/p>\n\n\n<div class=\"wp-block-image\">\n<figure class=\"aligncenter size-large\"><img decoding=\"async\" width=\"644\" height=\"429\" src=\"https:\/\/www.uartes.edu.ec\/sitio\/wp-content\/uploads\/2023\/03\/KAREN-MACIAS-02-644x429.jpg\" alt=\"\" class=\"wp-image-39989\" srcset=\"https:\/\/www.uartes.edu.ec\/sitio\/wp-content\/uploads\/2023\/03\/KAREN-MACIAS-02-644x429.jpg 644w, https:\/\/www.uartes.edu.ec\/sitio\/wp-content\/uploads\/2023\/03\/KAREN-MACIAS-02-768x511.jpg 768w, https:\/\/www.uartes.edu.ec\/sitio\/wp-content\/uploads\/2023\/03\/KAREN-MACIAS-02.jpg 2000w, https:\/\/www.uartes.edu.ec\/sitio\/wp-content\/uploads\/2023\/03\/KAREN-MACIAS-02-600x399.jpg 600w, https:\/\/www.uartes.edu.ec\/sitio\/wp-content\/uploads\/2023\/03\/KAREN-MACIAS-02-272x182.jpg 272w\" sizes=\"(max-width: 644px) 100vw, 644px\" \/><\/figure>\n<\/div>\n\n\n<p>Su proyecto de tesis, a\u00f1ade, le dej\u00f3 mucho conocimiento sobre el contexto hist\u00f3rico donde se desarrollaron las leyendas con las que trabaj\u00f3. \u201cMe sirvi\u00f3 para entender m\u00e1s de ellas y posicionarlas como se debe: personajes iguales. Pude realizar una mirada anal\u00edtica sobre ellos y ellas para comprender sus situaciones. Quiero pensar que aport\u00e9 un poco en la tradici\u00f3n oral, sobre todo en sus personajes femeninos. Para m\u00ed fue importante darles este nuevo giro a estas historias, puede que ayude a pr\u00f3ximos cuestionamientos sobre ello. Realmente fue muy gratificante realizar este proyecto\u201d.<\/p>\n\n\n\n<p>\u00bfQu\u00e9 la llev\u00f3 a estudiar en la Universidad de las Artes? Karen Mac\u00edas responde que naci\u00f3 y creci\u00f3 en Babahoyo, provincia de Los R\u00edos, pero toda su vida ha estado conectada con Guayaquil. \u201cSab\u00eda que quer\u00eda estudiar Literatura desde el momento que le\u00ed un peri\u00f3dico. Mi pap\u00e1 los compraba todos los domingos y eran los d\u00edas donde me sentaba a leer con \u00e9l. Quiz\u00e1s fue en ese momento que naci\u00f3 un inter\u00e9s y ya cuando me gradu\u00e9 de bachiller busqu\u00e9 carreras relacionadas\u201d.<\/p>\n\n\n\n<p>No las encontraba, indica, \u201chasta que me top\u00e9 con la UArtes cuando andaba por internet. Y el resto ya es historia: postul\u00e9, me preseleccionaron, me seleccionaron, entr\u00e9 a Nivelaci\u00f3n, pas\u00e9 Nivelaci\u00f3n y entr\u00e9 al semestre. Viajaba todos los d\u00edas de Babahoyo a Guayaquil y viceversa para asistir a clases, hasta antes de la pandemia que ya me mud\u00e9 a Guayaquil\u201d.&nbsp;<\/p>\n\n\n\n<p>Admite que el desempe\u00f1o que tuvo en la UArtes fue regular. \u201cSiento que no fui la mejor estudiante, pero tampoco la peor. Al menos, eso creo. Sin embargo, hab\u00eda clases que s\u00ed me esforzaba en prepararme bien, como las del itinerario. Eleg\u00ed &#8216;edici\u00f3n y creaci\u00f3n literaria&#8217; porque siempre me vi all\u00ed, siendo alg\u00fan tipo de editora o, por lo menos, un intento de ella. Realic\u00e9 mis pasant\u00edas en UArtes Ediciones, colabor\u00e9 dos a\u00f1os como asistente de edici\u00f3n en el &#8216;Cat\u00e1logo de los Graduados&#8217; y tambi\u00e9n colabor\u00e9 en una edici\u00f3n de &#8216;Pie de p\u00e1gina&#8217;. As\u00ed que, me siento un poco satisfecha, pero s\u00e9 que pude haber aprovechado m\u00e1s\u201d.<\/p>\n\n\n\n<p>\u00bfQu\u00e9 proyectos tiene tras obtener el t\u00edtulo? Seguir escribiendo, responde. \u201cTengo en mente el t\u00edtulo de una novela o cuentario (no est\u00e1 decidido a\u00fan) y las ideas, pero a\u00fan no las he estructurado bien. Espero hacerlo mientras busco trabajo y una maestr\u00eda. Ahora, me gustar\u00eda enfocarme en mis ideas, en leer novelas que est\u00e1n empolvadas y aprovechar las pocas oportunidades que se me presentan\u201d.<\/p>","protected":false},"excerpt":{"rendered":"<p>\u201cLas mujeres del destiempo: una reinterpretaci\u00f3n sobre los roles de g\u00e9nero en leyendas ecuatorianas\u201d es un producto art\u00edstico de cinco cuentos que Karen Mac\u00edas construy\u00f3, para su tesis de grado, a partir de una reinterpretaci\u00f3n de los personajes femeninos de cinco leyendas ecuatorianas. Estas son: \u201cLa dama encantada del cerro Cachar\u00ed\u201d, \u201cLa viuda del tamarindo\u201d, \u201cEl conde de los lagartos\u201d, \u201cLa duenda\u201d y \u201cLa cano\u00edta fantasma\u201d. <\/p>","protected":false},"author":10,"featured_media":39986,"comment_status":"open","ping_status":"open","sticky":false,"template":"","format":"standard","meta":{"_acf_changed":false,"_uag_custom_page_level_css":"","_monsterinsights_skip_tracking":false,"_monsterinsights_sitenote_active":false,"_monsterinsights_sitenote_note":"","_monsterinsights_sitenote_category":0,"cybocfi_hide_featured_image":"","footnotes":""},"categories":[719,80,76,284,175],"tags":[951],"infouartes":[],"class_list":["post-39984","post","type-post","status-publish","format-standard","has-post-thumbnail","hentry","category-4d","category-academico","category-estudiantes","category-investigacion","category-literatura","tag-sustentacion-de-tesis"],"acf":[],"yoast_head":"<!-- This site is optimized with the Yoast SEO plugin v27.4 - https:\/\/yoast.com\/product\/yoast-seo-wordpress\/ -->\n<title>Universidad de las Artes - Karen Mac\u00edas reinterpret\u00f3 personajes femeninos de 5 leyendas ecuatorianas<\/title>\n<meta name=\"description\" content=\"Universidad de las Artes - Karen Mac\u00edas reinterpret\u00f3 personajes femeninos de 5 leyendas ecuatorianas\" \/>\n<meta name=\"robots\" content=\"index, follow, max-snippet:-1, max-image-preview:large, max-video-preview:-1\" \/>\n<link rel=\"canonical\" href=\"https:\/\/www.uartes.edu.ec\/sitio\/fr\/blog\/2023\/03\/20\/karen-macias-reinterpreto-los-personajes-femeninos-de-cinco-leyendas-ecuatorianas\/\" \/>\n<meta property=\"og:locale\" content=\"fr_FR\" \/>\n<meta property=\"og:type\" content=\"article\" \/>\n<meta property=\"og:title\" content=\"Universidad de las Artes - Karen Mac\u00edas reinterpret\u00f3 personajes femeninos de 5 leyendas ecuatorianas\" \/>\n<meta property=\"og:description\" content=\"Universidad de las Artes - Karen Mac\u00edas reinterpret\u00f3 personajes femeninos de 5 leyendas ecuatorianas\" \/>\n<meta property=\"og:url\" content=\"https:\/\/www.uartes.edu.ec\/sitio\/fr\/blog\/2023\/03\/20\/karen-macias-reinterpreto-los-personajes-femeninos-de-cinco-leyendas-ecuatorianas\/\" \/>\n<meta property=\"og:site_name\" content=\"Universidad de las Artes\" \/>\n<meta property=\"article:publisher\" content=\"https:\/\/www.facebook.com\/uartesec\" \/>\n<meta property=\"article:published_time\" content=\"2023-03-20T21:10:00+00:00\" \/>\n<meta property=\"article:modified_time\" content=\"2024-07-04T16:21:23+00:00\" \/>\n<meta property=\"og:image\" content=\"https:\/\/www.uartes.edu.ec\/sitio\/wp-content\/uploads\/2023\/03\/KAREN-MACIAS-01.jpg\" \/>\n\t<meta property=\"og:image:width\" content=\"2000\" \/>\n\t<meta property=\"og:image:height\" content=\"1333\" \/>\n\t<meta property=\"og:image:type\" content=\"image\/jpeg\" \/>\n<meta name=\"author\" content=\"ccortez\" \/>\n<meta name=\"twitter:card\" content=\"summary_large_image\" \/>\n<meta name=\"twitter:creator\" content=\"@uartesec\" \/>\n<meta name=\"twitter:site\" content=\"@uartesec\" \/>\n<meta name=\"twitter:label1\" content=\"\u00c9crit par\" \/>\n\t<meta name=\"twitter:data1\" content=\"ccortez\" \/>\n\t<meta name=\"twitter:label2\" content=\"Dur\u00e9e de lecture estim\u00e9e\" \/>\n\t<meta name=\"twitter:data2\" content=\"5 minutes\" \/>\n<script type=\"application\/ld+json\" class=\"yoast-schema-graph\">{\"@context\":\"https:\\\/\\\/schema.org\",\"@graph\":[{\"@type\":\"Article\",\"@id\":\"https:\\\/\\\/www.uartes.edu.ec\\\/sitio\\\/fr\\\/blog\\\/2023\\\/03\\\/20\\\/karen-macias-reinterpreto-los-personajes-femeninos-de-cinco-leyendas-ecuatorianas\\\/#article\",\"isPartOf\":{\"@id\":\"https:\\\/\\\/www.uartes.edu.ec\\\/sitio\\\/fr\\\/blog\\\/2023\\\/03\\\/20\\\/karen-macias-reinterpreto-los-personajes-femeninos-de-cinco-leyendas-ecuatorianas\\\/\"},\"author\":{\"name\":\"ccortez\",\"@id\":\"https:\\\/\\\/www.uartes.edu.ec\\\/sitio\\\/fr\\\/#\\\/schema\\\/person\\\/efa1b8275797664fd7f13a79ccc0b1f4\"},\"headline\":\"Karen Mac\u00edas reinterpret\u00f3 personajes femeninos de 5 leyendas ecuatorianas\",\"datePublished\":\"2023-03-20T21:10:00+00:00\",\"dateModified\":\"2024-07-04T16:21:23+00:00\",\"mainEntityOfPage\":{\"@id\":\"https:\\\/\\\/www.uartes.edu.ec\\\/sitio\\\/fr\\\/blog\\\/2023\\\/03\\\/20\\\/karen-macias-reinterpreto-los-personajes-femeninos-de-cinco-leyendas-ecuatorianas\\\/\"},\"wordCount\":998,\"commentCount\":0,\"publisher\":{\"@id\":\"https:\\\/\\\/www.uartes.edu.ec\\\/sitio\\\/fr\\\/#organization\"},\"image\":{\"@id\":\"https:\\\/\\\/www.uartes.edu.ec\\\/sitio\\\/fr\\\/blog\\\/2023\\\/03\\\/20\\\/karen-macias-reinterpreto-los-personajes-femeninos-de-cinco-leyendas-ecuatorianas\\\/#primaryimage\"},\"thumbnailUrl\":\"https:\\\/\\\/www.uartes.edu.ec\\\/sitio\\\/wp-content\\\/uploads\\\/2023\\\/03\\\/KAREN-MACIAS-01.jpg\",\"keywords\":[\"sustentaci\u00f3n de tesis\"],\"articleSection\":[\"4D\",\"Acad\u00e9mico\",\"Estudiantes\",\"Investigaci\u00f3n\",\"Literatura\"],\"inLanguage\":\"fr-FR\",\"potentialAction\":[{\"@type\":\"CommentAction\",\"name\":\"Comment\",\"target\":[\"https:\\\/\\\/www.uartes.edu.ec\\\/sitio\\\/fr\\\/blog\\\/2023\\\/03\\\/20\\\/karen-macias-reinterpreto-los-personajes-femeninos-de-cinco-leyendas-ecuatorianas\\\/#respond\"]}]},{\"@type\":[\"WebPage\",\"ItemPage\"],\"@id\":\"https:\\\/\\\/www.uartes.edu.ec\\\/sitio\\\/fr\\\/blog\\\/2023\\\/03\\\/20\\\/karen-macias-reinterpreto-los-personajes-femeninos-de-cinco-leyendas-ecuatorianas\\\/\",\"url\":\"https:\\\/\\\/www.uartes.edu.ec\\\/sitio\\\/fr\\\/blog\\\/2023\\\/03\\\/20\\\/karen-macias-reinterpreto-los-personajes-femeninos-de-cinco-leyendas-ecuatorianas\\\/\",\"name\":\"Universidad de las Artes - Karen Mac\u00edas reinterpret\u00f3 personajes femeninos de 5 leyendas ecuatorianas\",\"isPartOf\":{\"@id\":\"https:\\\/\\\/www.uartes.edu.ec\\\/sitio\\\/fr\\\/#website\"},\"primaryImageOfPage\":{\"@id\":\"https:\\\/\\\/www.uartes.edu.ec\\\/sitio\\\/fr\\\/blog\\\/2023\\\/03\\\/20\\\/karen-macias-reinterpreto-los-personajes-femeninos-de-cinco-leyendas-ecuatorianas\\\/#primaryimage\"},\"image\":{\"@id\":\"https:\\\/\\\/www.uartes.edu.ec\\\/sitio\\\/fr\\\/blog\\\/2023\\\/03\\\/20\\\/karen-macias-reinterpreto-los-personajes-femeninos-de-cinco-leyendas-ecuatorianas\\\/#primaryimage\"},\"thumbnailUrl\":\"https:\\\/\\\/www.uartes.edu.ec\\\/sitio\\\/wp-content\\\/uploads\\\/2023\\\/03\\\/KAREN-MACIAS-01.jpg\",\"datePublished\":\"2023-03-20T21:10:00+00:00\",\"dateModified\":\"2024-07-04T16:21:23+00:00\",\"description\":\"Universidad de las Artes - Karen Mac\u00edas reinterpret\u00f3 personajes femeninos de 5 leyendas ecuatorianas\",\"breadcrumb\":{\"@id\":\"https:\\\/\\\/www.uartes.edu.ec\\\/sitio\\\/fr\\\/blog\\\/2023\\\/03\\\/20\\\/karen-macias-reinterpreto-los-personajes-femeninos-de-cinco-leyendas-ecuatorianas\\\/#breadcrumb\"},\"inLanguage\":\"fr-FR\",\"potentialAction\":[{\"@type\":\"ReadAction\",\"target\":[\"https:\\\/\\\/www.uartes.edu.ec\\\/sitio\\\/fr\\\/blog\\\/2023\\\/03\\\/20\\\/karen-macias-reinterpreto-los-personajes-femeninos-de-cinco-leyendas-ecuatorianas\\\/\"]}]},{\"@type\":\"ImageObject\",\"inLanguage\":\"fr-FR\",\"@id\":\"https:\\\/\\\/www.uartes.edu.ec\\\/sitio\\\/fr\\\/blog\\\/2023\\\/03\\\/20\\\/karen-macias-reinterpreto-los-personajes-femeninos-de-cinco-leyendas-ecuatorianas\\\/#primaryimage\",\"url\":\"https:\\\/\\\/www.uartes.edu.ec\\\/sitio\\\/wp-content\\\/uploads\\\/2023\\\/03\\\/KAREN-MACIAS-01.jpg\",\"contentUrl\":\"https:\\\/\\\/www.uartes.edu.ec\\\/sitio\\\/wp-content\\\/uploads\\\/2023\\\/03\\\/KAREN-MACIAS-01.jpg\",\"width\":2000,\"height\":1333},{\"@type\":\"BreadcrumbList\",\"@id\":\"https:\\\/\\\/www.uartes.edu.ec\\\/sitio\\\/fr\\\/blog\\\/2023\\\/03\\\/20\\\/karen-macias-reinterpreto-los-personajes-femeninos-de-cinco-leyendas-ecuatorianas\\\/#breadcrumb\",\"itemListElement\":[{\"@type\":\"ListItem\",\"position\":1,\"name\":\"Inicio\",\"item\":\"https:\\\/\\\/www.uartes.edu.ec\\\/sitio\\\/\"},{\"@type\":\"ListItem\",\"position\":2,\"name\":\"Karen Mac\u00edas reinterpret\u00f3 personajes femeninos de 5 leyendas ecuatorianas\"}]},{\"@type\":\"WebSite\",\"@id\":\"https:\\\/\\\/www.uartes.edu.ec\\\/sitio\\\/fr\\\/#website\",\"url\":\"https:\\\/\\\/www.uartes.edu.ec\\\/sitio\\\/fr\\\/\",\"name\":\"Universidad de las Artes\",\"description\":\"Sitio oficial de la Universidad Nacional de las Artes del Ecuador\",\"publisher\":{\"@id\":\"https:\\\/\\\/www.uartes.edu.ec\\\/sitio\\\/fr\\\/#organization\"},\"potentialAction\":[{\"@type\":\"SearchAction\",\"target\":{\"@type\":\"EntryPoint\",\"urlTemplate\":\"https:\\\/\\\/www.uartes.edu.ec\\\/sitio\\\/fr\\\/?s={search_term_string}\"},\"query-input\":{\"@type\":\"PropertyValueSpecification\",\"valueRequired\":true,\"valueName\":\"search_term_string\"}}],\"inLanguage\":\"fr-FR\"},{\"@type\":\"Organization\",\"@id\":\"https:\\\/\\\/www.uartes.edu.ec\\\/sitio\\\/fr\\\/#organization\",\"name\":\"Universidad de las Artes\",\"url\":\"https:\\\/\\\/www.uartes.edu.ec\\\/sitio\\\/fr\\\/\",\"logo\":{\"@type\":\"ImageObject\",\"inLanguage\":\"fr-FR\",\"@id\":\"https:\\\/\\\/www.uartes.edu.ec\\\/sitio\\\/fr\\\/#\\\/schema\\\/logo\\\/image\\\/\",\"url\":\"https:\\\/\\\/www.uartes.edu.ec\\\/sitio\\\/wp-content\\\/uploads\\\/2022\\\/07\\\/logo-ua-horizontal.png\",\"contentUrl\":\"https:\\\/\\\/www.uartes.edu.ec\\\/sitio\\\/wp-content\\\/uploads\\\/2022\\\/07\\\/logo-ua-horizontal.png\",\"width\":800,\"height\":276,\"caption\":\"Universidad de las Artes\"},\"image\":{\"@id\":\"https:\\\/\\\/www.uartes.edu.ec\\\/sitio\\\/fr\\\/#\\\/schema\\\/logo\\\/image\\\/\"},\"sameAs\":[\"https:\\\/\\\/www.facebook.com\\\/uartesec\",\"https:\\\/\\\/x.com\\\/uartesec\",\"https:\\\/\\\/www.tiktok.com\\\/@uartesec\"]},{\"@type\":\"Person\",\"@id\":\"https:\\\/\\\/www.uartes.edu.ec\\\/sitio\\\/fr\\\/#\\\/schema\\\/person\\\/efa1b8275797664fd7f13a79ccc0b1f4\",\"name\":\"ccortez\",\"image\":{\"@type\":\"ImageObject\",\"inLanguage\":\"fr-FR\",\"@id\":\"https:\\\/\\\/secure.gravatar.com\\\/avatar\\\/b2a6f664a3ae8e074346ef91775736c5ec479e637ecced6842de9dc98b5da9cd?s=96&d=mm&r=g\",\"url\":\"https:\\\/\\\/secure.gravatar.com\\\/avatar\\\/b2a6f664a3ae8e074346ef91775736c5ec479e637ecced6842de9dc98b5da9cd?s=96&d=mm&r=g\",\"contentUrl\":\"https:\\\/\\\/secure.gravatar.com\\\/avatar\\\/b2a6f664a3ae8e074346ef91775736c5ec479e637ecced6842de9dc98b5da9cd?s=96&d=mm&r=g\",\"caption\":\"ccortez\"},\"url\":\"https:\\\/\\\/www.uartes.edu.ec\\\/sitio\\\/fr\\\/blog\\\/author\\\/ccortez\\\/\"}]}<\/script>\n<!-- \/ Yoast SEO plugin. -->","yoast_head_json":{"title":"Universidad de las Artes - Karen Mac\u00edas reinterpret\u00f3 personajes femeninos de 5 leyendas ecuatorianas","description":"Universidad de las Artes - Karen Mac\u00edas reinterpret\u00f3 personajes femeninos de 5 leyendas ecuatorianas","robots":{"index":"index","follow":"follow","max-snippet":"max-snippet:-1","max-image-preview":"max-image-preview:large","max-video-preview":"max-video-preview:-1"},"canonical":"https:\/\/www.uartes.edu.ec\/sitio\/fr\/blog\/2023\/03\/20\/karen-macias-reinterpreto-los-personajes-femeninos-de-cinco-leyendas-ecuatorianas\/","og_locale":"fr_FR","og_type":"article","og_title":"Universidad de las Artes - Karen Mac\u00edas reinterpret\u00f3 personajes femeninos de 5 leyendas ecuatorianas","og_description":"Universidad de las Artes - Karen Mac\u00edas reinterpret\u00f3 personajes femeninos de 5 leyendas ecuatorianas","og_url":"https:\/\/www.uartes.edu.ec\/sitio\/fr\/blog\/2023\/03\/20\/karen-macias-reinterpreto-los-personajes-femeninos-de-cinco-leyendas-ecuatorianas\/","og_site_name":"Universidad de las Artes","article_publisher":"https:\/\/www.facebook.com\/uartesec","article_published_time":"2023-03-20T21:10:00+00:00","article_modified_time":"2024-07-04T16:21:23+00:00","og_image":[{"width":2000,"height":1333,"url":"https:\/\/www.uartes.edu.ec\/sitio\/wp-content\/uploads\/2023\/03\/KAREN-MACIAS-01.jpg","type":"image\/jpeg"}],"author":"ccortez","twitter_card":"summary_large_image","twitter_creator":"@uartesec","twitter_site":"@uartesec","twitter_misc":{"\u00c9crit par":"ccortez","Dur\u00e9e de lecture estim\u00e9e":"5 minutes"},"schema":{"@context":"https:\/\/schema.org","@graph":[{"@type":"Article","@id":"https:\/\/www.uartes.edu.ec\/sitio\/fr\/blog\/2023\/03\/20\/karen-macias-reinterpreto-los-personajes-femeninos-de-cinco-leyendas-ecuatorianas\/#article","isPartOf":{"@id":"https:\/\/www.uartes.edu.ec\/sitio\/fr\/blog\/2023\/03\/20\/karen-macias-reinterpreto-los-personajes-femeninos-de-cinco-leyendas-ecuatorianas\/"},"author":{"name":"ccortez","@id":"https:\/\/www.uartes.edu.ec\/sitio\/fr\/#\/schema\/person\/efa1b8275797664fd7f13a79ccc0b1f4"},"headline":"Karen Mac\u00edas reinterpret\u00f3 personajes femeninos de 5 leyendas ecuatorianas","datePublished":"2023-03-20T21:10:00+00:00","dateModified":"2024-07-04T16:21:23+00:00","mainEntityOfPage":{"@id":"https:\/\/www.uartes.edu.ec\/sitio\/fr\/blog\/2023\/03\/20\/karen-macias-reinterpreto-los-personajes-femeninos-de-cinco-leyendas-ecuatorianas\/"},"wordCount":998,"commentCount":0,"publisher":{"@id":"https:\/\/www.uartes.edu.ec\/sitio\/fr\/#organization"},"image":{"@id":"https:\/\/www.uartes.edu.ec\/sitio\/fr\/blog\/2023\/03\/20\/karen-macias-reinterpreto-los-personajes-femeninos-de-cinco-leyendas-ecuatorianas\/#primaryimage"},"thumbnailUrl":"https:\/\/www.uartes.edu.ec\/sitio\/wp-content\/uploads\/2023\/03\/KAREN-MACIAS-01.jpg","keywords":["sustentaci\u00f3n de tesis"],"articleSection":["4D","Acad\u00e9mico","Estudiantes","Investigaci\u00f3n","Literatura"],"inLanguage":"fr-FR","potentialAction":[{"@type":"CommentAction","name":"Comment","target":["https:\/\/www.uartes.edu.ec\/sitio\/fr\/blog\/2023\/03\/20\/karen-macias-reinterpreto-los-personajes-femeninos-de-cinco-leyendas-ecuatorianas\/#respond"]}]},{"@type":["WebPage","ItemPage"],"@id":"https:\/\/www.uartes.edu.ec\/sitio\/fr\/blog\/2023\/03\/20\/karen-macias-reinterpreto-los-personajes-femeninos-de-cinco-leyendas-ecuatorianas\/","url":"https:\/\/www.uartes.edu.ec\/sitio\/fr\/blog\/2023\/03\/20\/karen-macias-reinterpreto-los-personajes-femeninos-de-cinco-leyendas-ecuatorianas\/","name":"Universidad de las Artes - Karen Mac\u00edas reinterpret\u00f3 personajes femeninos de 5 leyendas ecuatorianas","isPartOf":{"@id":"https:\/\/www.uartes.edu.ec\/sitio\/fr\/#website"},"primaryImageOfPage":{"@id":"https:\/\/www.uartes.edu.ec\/sitio\/fr\/blog\/2023\/03\/20\/karen-macias-reinterpreto-los-personajes-femeninos-de-cinco-leyendas-ecuatorianas\/#primaryimage"},"image":{"@id":"https:\/\/www.uartes.edu.ec\/sitio\/fr\/blog\/2023\/03\/20\/karen-macias-reinterpreto-los-personajes-femeninos-de-cinco-leyendas-ecuatorianas\/#primaryimage"},"thumbnailUrl":"https:\/\/www.uartes.edu.ec\/sitio\/wp-content\/uploads\/2023\/03\/KAREN-MACIAS-01.jpg","datePublished":"2023-03-20T21:10:00+00:00","dateModified":"2024-07-04T16:21:23+00:00","description":"Universidad de las Artes - Karen Mac\u00edas reinterpret\u00f3 personajes femeninos de 5 leyendas ecuatorianas","breadcrumb":{"@id":"https:\/\/www.uartes.edu.ec\/sitio\/fr\/blog\/2023\/03\/20\/karen-macias-reinterpreto-los-personajes-femeninos-de-cinco-leyendas-ecuatorianas\/#breadcrumb"},"inLanguage":"fr-FR","potentialAction":[{"@type":"ReadAction","target":["https:\/\/www.uartes.edu.ec\/sitio\/fr\/blog\/2023\/03\/20\/karen-macias-reinterpreto-los-personajes-femeninos-de-cinco-leyendas-ecuatorianas\/"]}]},{"@type":"ImageObject","inLanguage":"fr-FR","@id":"https:\/\/www.uartes.edu.ec\/sitio\/fr\/blog\/2023\/03\/20\/karen-macias-reinterpreto-los-personajes-femeninos-de-cinco-leyendas-ecuatorianas\/#primaryimage","url":"https:\/\/www.uartes.edu.ec\/sitio\/wp-content\/uploads\/2023\/03\/KAREN-MACIAS-01.jpg","contentUrl":"https:\/\/www.uartes.edu.ec\/sitio\/wp-content\/uploads\/2023\/03\/KAREN-MACIAS-01.jpg","width":2000,"height":1333},{"@type":"BreadcrumbList","@id":"https:\/\/www.uartes.edu.ec\/sitio\/fr\/blog\/2023\/03\/20\/karen-macias-reinterpreto-los-personajes-femeninos-de-cinco-leyendas-ecuatorianas\/#breadcrumb","itemListElement":[{"@type":"ListItem","position":1,"name":"Inicio","item":"https:\/\/www.uartes.edu.ec\/sitio\/"},{"@type":"ListItem","position":2,"name":"Karen Mac\u00edas reinterpret\u00f3 personajes femeninos de 5 leyendas ecuatorianas"}]},{"@type":"WebSite","@id":"https:\/\/www.uartes.edu.ec\/sitio\/fr\/#website","url":"https:\/\/www.uartes.edu.ec\/sitio\/fr\/","name":"Universidad de las Artes","description":"Sitio oficial de la Universidad Nacional de las Artes del Ecuador","publisher":{"@id":"https:\/\/www.uartes.edu.ec\/sitio\/fr\/#organization"},"potentialAction":[{"@type":"SearchAction","target":{"@type":"EntryPoint","urlTemplate":"https:\/\/www.uartes.edu.ec\/sitio\/fr\/?s={search_term_string}"},"query-input":{"@type":"PropertyValueSpecification","valueRequired":true,"valueName":"search_term_string"}}],"inLanguage":"fr-FR"},{"@type":"Organization","@id":"https:\/\/www.uartes.edu.ec\/sitio\/fr\/#organization","name":"Universidad de las Artes","url":"https:\/\/www.uartes.edu.ec\/sitio\/fr\/","logo":{"@type":"ImageObject","inLanguage":"fr-FR","@id":"https:\/\/www.uartes.edu.ec\/sitio\/fr\/#\/schema\/logo\/image\/","url":"https:\/\/www.uartes.edu.ec\/sitio\/wp-content\/uploads\/2022\/07\/logo-ua-horizontal.png","contentUrl":"https:\/\/www.uartes.edu.ec\/sitio\/wp-content\/uploads\/2022\/07\/logo-ua-horizontal.png","width":800,"height":276,"caption":"Universidad de las Artes"},"image":{"@id":"https:\/\/www.uartes.edu.ec\/sitio\/fr\/#\/schema\/logo\/image\/"},"sameAs":["https:\/\/www.facebook.com\/uartesec","https:\/\/x.com\/uartesec","https:\/\/www.tiktok.com\/@uartesec"]},{"@type":"Person","@id":"https:\/\/www.uartes.edu.ec\/sitio\/fr\/#\/schema\/person\/efa1b8275797664fd7f13a79ccc0b1f4","name":"ccortez","image":{"@type":"ImageObject","inLanguage":"fr-FR","@id":"https:\/\/secure.gravatar.com\/avatar\/b2a6f664a3ae8e074346ef91775736c5ec479e637ecced6842de9dc98b5da9cd?s=96&d=mm&r=g","url":"https:\/\/secure.gravatar.com\/avatar\/b2a6f664a3ae8e074346ef91775736c5ec479e637ecced6842de9dc98b5da9cd?s=96&d=mm&r=g","contentUrl":"https:\/\/secure.gravatar.com\/avatar\/b2a6f664a3ae8e074346ef91775736c5ec479e637ecced6842de9dc98b5da9cd?s=96&d=mm&r=g","caption":"ccortez"},"url":"https:\/\/www.uartes.edu.ec\/sitio\/fr\/blog\/author\/ccortez\/"}]}},"uagb_featured_image_src":{"full":["https:\/\/www.uartes.edu.ec\/sitio\/wp-content\/uploads\/2023\/03\/KAREN-MACIAS-01.jpg",2000,1333,false],"thumbnail":["https:\/\/www.uartes.edu.ec\/sitio\/wp-content\/uploads\/2023\/03\/KAREN-MACIAS-01-150x150.jpg",150,150,true],"medium":["https:\/\/www.uartes.edu.ec\/sitio\/wp-content\/uploads\/2023\/03\/KAREN-MACIAS-01-300x200.jpg",300,200,true],"medium_large":["https:\/\/www.uartes.edu.ec\/sitio\/wp-content\/uploads\/2023\/03\/KAREN-MACIAS-01-768x512.jpg",768,512,true],"large":["https:\/\/www.uartes.edu.ec\/sitio\/wp-content\/uploads\/2023\/03\/KAREN-MACIAS-01-644x429.jpg",644,429,true],"1536x1536":["https:\/\/www.uartes.edu.ec\/sitio\/wp-content\/uploads\/2023\/03\/KAREN-MACIAS-01-1536x1024.jpg",1536,1024,true],"2048x2048":["https:\/\/www.uartes.edu.ec\/sitio\/wp-content\/uploads\/2023\/03\/KAREN-MACIAS-01.jpg",2000,1333,false],"trp-custom-language-flag":["https:\/\/www.uartes.edu.ec\/sitio\/wp-content\/uploads\/2023\/03\/KAREN-MACIAS-01.jpg",18,12,false],"htmega_size_585x295":["https:\/\/www.uartes.edu.ec\/sitio\/wp-content\/uploads\/2023\/03\/KAREN-MACIAS-01-585x295.jpg",585,295,true],"htmega_size_1170x536":["https:\/\/www.uartes.edu.ec\/sitio\/wp-content\/uploads\/2023\/03\/KAREN-MACIAS-01-1170x536.jpg",1170,536,true],"htmega_size_396x360":["https:\/\/www.uartes.edu.ec\/sitio\/wp-content\/uploads\/2023\/03\/KAREN-MACIAS-01-396x360.jpg",396,360,true],"gb-block-post-grid-landscape":["https:\/\/www.uartes.edu.ec\/sitio\/wp-content\/uploads\/2023\/03\/KAREN-MACIAS-01-600x400.jpg",600,400,true],"gb-block-post-grid-square":["https:\/\/www.uartes.edu.ec\/sitio\/wp-content\/uploads\/2023\/03\/KAREN-MACIAS-01-600x600.jpg",600,600,true],"university-hub-thumb":["https:\/\/www.uartes.edu.ec\/sitio\/wp-content\/uploads\/2023\/03\/KAREN-MACIAS-01-400x267.jpg",400,267,true],"mailpoet_newsletter_max":["https:\/\/www.uartes.edu.ec\/sitio\/wp-content\/uploads\/2023\/03\/KAREN-MACIAS-01.jpg",1320,880,false]},"uagb_author_info":{"display_name":"ccortez","author_link":"https:\/\/www.uartes.edu.ec\/sitio\/fr\/blog\/author\/ccortez\/"},"uagb_comment_info":0,"uagb_excerpt":"\u201cLas mujeres del destiempo: una reinterpretaci\u00f3n sobre los roles de g\u00e9nero en leyendas ecuatorianas\u201d es un producto art\u00edstico de cinco cuentos que Karen Mac\u00edas construy\u00f3, para su tesis de grado, a partir de una reinterpretaci\u00f3n de los personajes femeninos de cinco leyendas ecuatorianas. Estas son: \u201cLa dama encantada del cerro Cachar\u00ed\u201d, \u201cLa viuda del tamarindo\u201d,\u2026","featured_image_src":"https:\/\/www.uartes.edu.ec\/sitio\/wp-content\/uploads\/2023\/03\/KAREN-MACIAS-01-600x400.jpg","featured_image_src_square":"https:\/\/www.uartes.edu.ec\/sitio\/wp-content\/uploads\/2023\/03\/KAREN-MACIAS-01-600x600.jpg","author_info":{"display_name":"ccortez","author_link":"https:\/\/www.uartes.edu.ec\/sitio\/fr\/blog\/author\/ccortez\/"},"publishpress_future_workflow_manual_trigger":{"enabledWorkflows":[]},"distributor_meta":false,"distributor_terms":false,"distributor_media":false,"distributor_original_site_name":"Universidad de las Artes","distributor_original_site_url":"https:\/\/www.uartes.edu.ec\/sitio\/fr","push-errors":false,"_links":{"self":[{"href":"https:\/\/www.uartes.edu.ec\/sitio\/fr\/wp-json\/wp\/v2\/posts\/39984","targetHints":{"allow":["GET"]}}],"collection":[{"href":"https:\/\/www.uartes.edu.ec\/sitio\/fr\/wp-json\/wp\/v2\/posts"}],"about":[{"href":"https:\/\/www.uartes.edu.ec\/sitio\/fr\/wp-json\/wp\/v2\/types\/post"}],"author":[{"embeddable":true,"href":"https:\/\/www.uartes.edu.ec\/sitio\/fr\/wp-json\/wp\/v2\/users\/10"}],"replies":[{"embeddable":true,"href":"https:\/\/www.uartes.edu.ec\/sitio\/fr\/wp-json\/wp\/v2\/comments?post=39984"}],"version-history":[{"count":8,"href":"https:\/\/www.uartes.edu.ec\/sitio\/fr\/wp-json\/wp\/v2\/posts\/39984\/revisions"}],"predecessor-version":[{"id":40018,"href":"https:\/\/www.uartes.edu.ec\/sitio\/fr\/wp-json\/wp\/v2\/posts\/39984\/revisions\/40018"}],"wp:featuredmedia":[{"embeddable":true,"href":"https:\/\/www.uartes.edu.ec\/sitio\/fr\/wp-json\/wp\/v2\/media\/39986"}],"wp:attachment":[{"href":"https:\/\/www.uartes.edu.ec\/sitio\/fr\/wp-json\/wp\/v2\/media?parent=39984"}],"wp:term":[{"taxonomy":"category","embeddable":true,"href":"https:\/\/www.uartes.edu.ec\/sitio\/fr\/wp-json\/wp\/v2\/categories?post=39984"},{"taxonomy":"post_tag","embeddable":true,"href":"https:\/\/www.uartes.edu.ec\/sitio\/fr\/wp-json\/wp\/v2\/tags?post=39984"},{"taxonomy":"infouartes","embeddable":true,"href":"https:\/\/www.uartes.edu.ec\/sitio\/fr\/wp-json\/wp\/v2\/infouartes?post=39984"}],"curies":[{"name":"wp","href":"https:\/\/api.w.org\/{rel}","templated":true}]}}