{"id":40187,"date":"2023-03-28T20:09:00","date_gmt":"2023-03-29T01:09:00","guid":{"rendered":"https:\/\/www.uartes.edu.ec\/sitio\/?p=40187"},"modified":"2024-07-04T11:21:22","modified_gmt":"2024-07-04T16:21:22","slug":"el-aqui-y-el-ahora-acercate-al-clown-de-la-mano-de-chechi-un-taller-uartes-y-epico","status":"publish","type":"post","link":"https:\/\/www.uartes.edu.ec\/sitio\/fr\/blog\/2023\/03\/28\/el-aqui-y-el-ahora-acercate-al-clown-de-la-mano-de-chechi-un-taller-uartes-y-epico\/","title":{"rendered":"\u201cEl Aqu\u00ed y el Ahora, ac\u00e9rcate al clown de la mano de Chechi\u201d, un taller en acci\u00f3n conjunta de la UArtes y \u00c9PICO"},"content":{"rendered":"<p>La Universidad de las Artes participar\u00e1 con \u00c9PICO, EP (Empresa P\u00fablica para la Gesti\u00f3n de la Innovaci\u00f3n y Competitividad de la Alcald\u00eda de Guayaquil), en una nueva edici\u00f3n de \u201cUniendo Experiencias: Luces, C\u00e1mara y \u00a1Emprende!\u201d. En esta ocasi\u00f3n, y en el marco del D\u00eda Mundial del Teatro que se celebra el 27 de marzo de cada a\u00f1o, con un taller de Artes Esc\u00e9nicas.&nbsp;&nbsp;&nbsp;&nbsp;&nbsp;&nbsp;&nbsp;&nbsp;&nbsp;&nbsp;&nbsp;&nbsp;&nbsp;&nbsp;&nbsp;&nbsp;&nbsp;&nbsp;&nbsp;&nbsp;&nbsp;&nbsp;&nbsp;&nbsp;&nbsp;&nbsp;&nbsp;&nbsp;&nbsp;&nbsp;&nbsp;&nbsp;&nbsp;&nbsp;&nbsp;&nbsp;&nbsp;&nbsp;&nbsp;&nbsp;&nbsp;&nbsp;&nbsp;&nbsp;&nbsp;&nbsp;&nbsp;<\/p>\n\n\n\n<p>Se denomina \u201cEl Aqu\u00ed y el Ahora, ac\u00e9rcate al clown de la mano de Chechi\u201d y tiene lugar este jueves 30 de marzo de 2023, de 11:00 a 12:30 en Plaza Guayarte (del lado de la Av. Kennedy).<\/p>\n\n\n\n<p>El taller lo impartir\u00e1 Cecilia Salazar (Chechi), graduada en la carrera de Creaci\u00f3n Teatral de la Universidad de las Artes. El objetivo, se\u00f1ala la tallerista, es empezar a conocer la filosof\u00eda del clown mediante juegos l\u00fadicos que fortalezcan la idea de \u201cel aqu\u00ed y el ahora\u201d.<\/p>\n\n\n<div class=\"wp-block-image\">\n<figure class=\"aligncenter size-large\"><img fetchpriority=\"high\" decoding=\"async\" width=\"644\" height=\"429\" src=\"https:\/\/www.uartes.edu.ec\/sitio\/wp-content\/uploads\/2023\/03\/CHECHI-04-644x429.jpg\" alt=\"\" class=\"wp-image-40189\" srcset=\"https:\/\/www.uartes.edu.ec\/sitio\/wp-content\/uploads\/2023\/03\/CHECHI-04-644x429.jpg 644w, https:\/\/www.uartes.edu.ec\/sitio\/wp-content\/uploads\/2023\/03\/CHECHI-04-768x511.jpg 768w, https:\/\/www.uartes.edu.ec\/sitio\/wp-content\/uploads\/2023\/03\/CHECHI-04.jpg 2000w, https:\/\/www.uartes.edu.ec\/sitio\/wp-content\/uploads\/2023\/03\/CHECHI-04-600x399.jpg 600w, https:\/\/www.uartes.edu.ec\/sitio\/wp-content\/uploads\/2023\/03\/CHECHI-04-272x182.jpg 272w\" sizes=\"(max-width: 644px) 100vw, 644px\" \/><\/figure>\n<\/div>\n\n\n<p>\u201cJugar, sentir, ser y estar\u201d son palabras claves para empezar este viaje hacia uno mismo. Atenci\u00f3n, presencia, disponibilidad y placer en la escena, entrenamiento energ\u00e9tico \u2013estado de clown-relaci\u00f3n con el p\u00fablico, corporalidad del rid\u00edculo y relaci\u00f3n con los objetos\u2013. As\u00ed detalla Salazar el contenido del taller, donde \u201cel no juzgar y vivir el aqu\u00ed y el ahora la libertad del ser uno mismo, es poder conectar tu coraz\u00f3n con un otro, a trav\u00e9s de una mirada honesta y sincera\u201d.&nbsp;<\/p>\n\n\n\n<p>Los participantes al taller practicar\u00e1n una metodolog\u00eda activa, 100% vivencial, din\u00e1mica y participativa.&nbsp;&nbsp;<\/p>\n\n\n\n<p>Potenciar\u00e1n su creatividad mediante la improvisaci\u00f3n y la t\u00e9cnica clown. Conocer\u00e1n herramientas para desarrollar su capacidad de aprendizaje.<\/p>\n\n\n\n<p>Abierto para toda la comunidad y p\u00fablico en general, desde la UArtes y \u00c9PICO se indica que para \u201cEl Aqu\u00ed y el Ahora, ac\u00e9rcate al clown de la mano de Chechi\u201d est\u00e1n convocados especialmente estudiantes de actuaci\u00f3n teatral o afines para que ellos puedan desarrollar un taller din\u00e1mico con los emprendedores de nuestra comunidad. \u201cSabiendo que el teatro es un arte que, a diferencia de otras manifestaciones, contiene en s\u00ed una paradoja: el actor, en una representaci\u00f3n, es al mismo tiempo creador y creaci\u00f3n, es artista y obra de arte, Y nuestros emprendedores son creadores. Esto fomentar\u00eda sus expresiones en las diferentes circunstancias de la vida cotidiana que lidian. Es un aprendizaje que pueden aprovechar con sus estudiantes y viceversa. Esta iniciativa conecta a los emprendedores y ciudadanos de Guayaquil, a trav\u00e9s de actividades y din\u00e1micas disruptivas\u201d.<\/p>\n\n\n\n<h3 class=\"wp-block-heading\"><strong>Una artista que no deja de sorprenderse<\/strong><\/h3>\n\n\n\n<p>Aunque tiene la experiencia no solo de haber impartido ya otros talleres, sino de estar en la escena art\u00edstica, en di\u00e1logo con InfoUArtes Chechi Salazar confes\u00f3 no dejarle de sorprender este hacer art\u00edstico en el que lleva 21 a\u00f1os con pasi\u00f3n, disciplina, compromiso y responsabilidad, a fin de mantenerse presente en esta industria que se vuelve a veces ingrata y dif\u00edcil de seguir.<\/p>\n\n\n<div class=\"wp-block-image\">\n<figure class=\"aligncenter size-large\"><img decoding=\"async\" width=\"644\" height=\"429\" src=\"https:\/\/www.uartes.edu.ec\/sitio\/wp-content\/uploads\/2023\/03\/chechi-ok-1-644x429.jpg\" alt=\"\" class=\"wp-image-40190\" srcset=\"https:\/\/www.uartes.edu.ec\/sitio\/wp-content\/uploads\/2023\/03\/chechi-ok-1-644x429.jpg 644w, https:\/\/www.uartes.edu.ec\/sitio\/wp-content\/uploads\/2023\/03\/chechi-ok-1-768x511.jpg 768w, https:\/\/www.uartes.edu.ec\/sitio\/wp-content\/uploads\/2023\/03\/chechi-ok-1.jpg 2000w, https:\/\/www.uartes.edu.ec\/sitio\/wp-content\/uploads\/2023\/03\/chechi-ok-1-600x399.jpg 600w, https:\/\/www.uartes.edu.ec\/sitio\/wp-content\/uploads\/2023\/03\/chechi-ok-1-272x182.jpg 272w\" sizes=\"(max-width: 644px) 100vw, 644px\" \/><\/figure>\n<\/div>\n\n\n<p>El suyo es un trabajo realizado con coherencia, honestidad y compromiso. \u201cSi eso te hace feliz (es la clave), larga vida tendr\u00e1s en esta bella profesi\u00f3n\u201d, indica Salazar al preguntarle acerca de los pasos dados, los proyectos que ha puesto en marcha tras recibir el t\u00edtulo de licenciada en Creaci\u00f3n Teatral y las recomendaciones para quienes est\u00e1n cursando la carrera. \u201cSi siembras en tierra f\u00e9rtil, tu cosecha dar\u00e1 buenos frutos. Hay que saber dejar huellas a trav\u00e9s del trabajo realizado porque as\u00ed tu nombre permanecer\u00e1 en la memoria y en el coraz\u00f3n de los que pasaron por alg\u00fan taller tuyo, alguna obra de teatro, incluso compartiendo las aulas en la universidad\u201d.<\/p>\n\n\n\n<p>Comenta que volvi\u00f3 a vivir fuera de las aulas lo bonito de escuchar a\u00fan su nombre \u201cChechi, ella puede hacerlo, tiene experiencia, invit\u00e9mosla para que participe a este evento y nos ayude\u201d.<\/p>\n\n\n\n<p>\u201cLes invito a todos que decidieron hacer del arte su profesi\u00f3n, no desmayen, busquen todos los frentes que existen para autogestionar sus recursos econ\u00f3micos; como consejo, no est\u00e1 mal querer trabajar en otras \u00e1reas que no sean precisamente de arte, con el prop\u00f3sito de ir formando, como suelo decir, nuestra propia fortuna y estar listos para empezar este viaje de vivir del arte\u2026 porque nuestra capacidad no se limita. Somos privilegiados, ya que el artista tiene la sensibilidad de transformar un lugar cotidiano en extra-cotidiano\u201d.<\/p>\n\n\n\n<p>\u201cSigamos fortaleciendo nuestra armadura para ce\u00f1irla a nuestro cuerpo y ganar las batallas de las voces que te dicen que del arte no vives\u2026\u201d, dijo Salazar, quien tambi\u00e9n reiter\u00f3 lo que se\u00f1al\u00f3 en un di\u00e1logo anterior con InfoUArtes: \u201cLa nariz roja es como el pretexto de esa libertad de poder ser t\u00fa mismo, pero es decisi\u00f3n propia soltar las etiquetas y empezar a creer en uno mismo y reafirmarse como el ser valioso que es, tan lleno de potencialidades. Es tambi\u00e9n ponerse al servicio del otro. No es llegar a idolatrar una nariz, sino que la nariz te aliviane ciertas cargas\u201d.&nbsp;&nbsp;<\/p>\n\n\n\n<p>Fotos: Cortes\u00eda Cecilia (Chechi) Salazar, licenciada en Creaci\u00f3n Teatral, en la Universidad de las Artes.<\/p>","protected":false},"excerpt":{"rendered":"<p>Cecilia Salazar, graduada en Creaci\u00f3n Teatral en la UArtes, es quien impartir\u00e1 el taller, programado en una nueva edici\u00f3n de \u201cUniendo Experiencias: Luces, C\u00e1mara y \u00a1Emprende!\u201d, en el marco del D\u00eda Mundial del Teatro. Es el resultado de acciones conjuntas entre la Universidad de las Artes y \u00c9PICO, Empresa P\u00fablica para la Gesti\u00f3n de la Innovaci\u00f3n y Competitividad de la Alcald\u00eda de Guayaquil.<\/p>","protected":false},"author":10,"featured_media":40188,"comment_status":"open","ping_status":"open","sticky":false,"template":"","format":"standard","meta":{"_acf_changed":false,"_uag_custom_page_level_css":"","_monsterinsights_skip_tracking":false,"_monsterinsights_sitenote_active":false,"_monsterinsights_sitenote_note":"","_monsterinsights_sitenote_category":0,"cybocfi_hide_featured_image":"","footnotes":""},"categories":[716,490,159,77,83],"tags":[522],"infouartes":[],"class_list":["post-40187","post","type-post","status-publish","format-standard","has-post-thumbnail","hentry","category-1c","category-alumni","category-artes-escenicas","category-gestion","category-sedes","tag-taller"],"acf":[],"yoast_head":"<!-- This site is optimized with the Yoast SEO plugin v27.4 - https:\/\/yoast.com\/product\/yoast-seo-wordpress\/ -->\n<title>Universidad de las Artes - \u201cEl Aqu\u00ed y el Ahora, ac\u00e9rcate al clown de la mano de Chechi\u201d, un taller en acci\u00f3n conjunta de la UArtes y \u00c9PICO<\/title>\n<meta name=\"description\" content=\"Universidad de las Artes - \u201cEl Aqu\u00ed y el Ahora, ac\u00e9rcate al clown de la mano de Chechi\u201d, un taller en acci\u00f3n conjunta de la UArtes y \u00c9PICO\" \/>\n<meta name=\"robots\" content=\"index, follow, max-snippet:-1, max-image-preview:large, max-video-preview:-1\" \/>\n<link rel=\"canonical\" href=\"https:\/\/www.uartes.edu.ec\/sitio\/fr\/blog\/2023\/03\/28\/el-aqui-y-el-ahora-acercate-al-clown-de-la-mano-de-chechi-un-taller-uartes-y-epico\/\" \/>\n<meta property=\"og:locale\" content=\"fr_FR\" \/>\n<meta property=\"og:type\" content=\"article\" \/>\n<meta property=\"og:title\" content=\"Universidad de las Artes - \u201cEl Aqu\u00ed y el Ahora, ac\u00e9rcate al clown de la mano de Chechi\u201d, un taller en acci\u00f3n conjunta de la UArtes y \u00c9PICO\" \/>\n<meta property=\"og:description\" content=\"Universidad de las Artes - \u201cEl Aqu\u00ed y el Ahora, ac\u00e9rcate al clown de la mano de Chechi\u201d, un taller en acci\u00f3n conjunta de la UArtes y \u00c9PICO\" \/>\n<meta property=\"og:url\" content=\"https:\/\/www.uartes.edu.ec\/sitio\/fr\/blog\/2023\/03\/28\/el-aqui-y-el-ahora-acercate-al-clown-de-la-mano-de-chechi-un-taller-uartes-y-epico\/\" \/>\n<meta property=\"og:site_name\" content=\"Universidad de las Artes\" \/>\n<meta property=\"article:publisher\" content=\"https:\/\/www.facebook.com\/uartesec\" \/>\n<meta property=\"article:published_time\" content=\"2023-03-29T01:09:00+00:00\" \/>\n<meta property=\"article:modified_time\" content=\"2024-07-04T16:21:22+00:00\" \/>\n<meta property=\"og:image\" content=\"https:\/\/www.uartes.edu.ec\/sitio\/wp-content\/uploads\/2023\/03\/CHECHI-02.jpg\" \/>\n\t<meta property=\"og:image:width\" content=\"2000\" \/>\n\t<meta property=\"og:image:height\" content=\"1333\" \/>\n\t<meta property=\"og:image:type\" content=\"image\/jpeg\" \/>\n<meta name=\"author\" content=\"ccortez\" \/>\n<meta name=\"twitter:card\" content=\"summary_large_image\" \/>\n<meta name=\"twitter:creator\" content=\"@uartesec\" \/>\n<meta name=\"twitter:site\" content=\"@uartesec\" \/>\n<meta name=\"twitter:label1\" content=\"\u00c9crit par\" \/>\n\t<meta name=\"twitter:data1\" content=\"ccortez\" \/>\n\t<meta name=\"twitter:label2\" content=\"Dur\u00e9e de lecture estim\u00e9e\" \/>\n\t<meta name=\"twitter:data2\" content=\"5 minutes\" \/>\n<script type=\"application\/ld+json\" class=\"yoast-schema-graph\">{\"@context\":\"https:\\\/\\\/schema.org\",\"@graph\":[{\"@type\":\"Article\",\"@id\":\"https:\\\/\\\/www.uartes.edu.ec\\\/sitio\\\/fr\\\/blog\\\/2023\\\/03\\\/28\\\/el-aqui-y-el-ahora-acercate-al-clown-de-la-mano-de-chechi-un-taller-uartes-y-epico\\\/#article\",\"isPartOf\":{\"@id\":\"https:\\\/\\\/www.uartes.edu.ec\\\/sitio\\\/fr\\\/blog\\\/2023\\\/03\\\/28\\\/el-aqui-y-el-ahora-acercate-al-clown-de-la-mano-de-chechi-un-taller-uartes-y-epico\\\/\"},\"author\":{\"name\":\"ccortez\",\"@id\":\"https:\\\/\\\/www.uartes.edu.ec\\\/sitio\\\/fr\\\/#\\\/schema\\\/person\\\/efa1b8275797664fd7f13a79ccc0b1f4\"},\"headline\":\"\u201cEl Aqu\u00ed y el Ahora, ac\u00e9rcate al clown de la mano de Chechi\u201d, un taller en acci\u00f3n conjunta de la UArtes y \u00c9PICO\",\"datePublished\":\"2023-03-29T01:09:00+00:00\",\"dateModified\":\"2024-07-04T16:21:22+00:00\",\"mainEntityOfPage\":{\"@id\":\"https:\\\/\\\/www.uartes.edu.ec\\\/sitio\\\/fr\\\/blog\\\/2023\\\/03\\\/28\\\/el-aqui-y-el-ahora-acercate-al-clown-de-la-mano-de-chechi-un-taller-uartes-y-epico\\\/\"},\"wordCount\":946,\"commentCount\":0,\"publisher\":{\"@id\":\"https:\\\/\\\/www.uartes.edu.ec\\\/sitio\\\/fr\\\/#organization\"},\"image\":{\"@id\":\"https:\\\/\\\/www.uartes.edu.ec\\\/sitio\\\/fr\\\/blog\\\/2023\\\/03\\\/28\\\/el-aqui-y-el-ahora-acercate-al-clown-de-la-mano-de-chechi-un-taller-uartes-y-epico\\\/#primaryimage\"},\"thumbnailUrl\":\"https:\\\/\\\/www.uartes.edu.ec\\\/sitio\\\/wp-content\\\/uploads\\\/2023\\\/03\\\/CHECHI-02.jpg\",\"keywords\":[\"taller\"],\"articleSection\":[\"1C\",\"Alumni\",\"Artes Esc\u00e9nicas\",\"Gesti\u00f3n\",\"Sedes\"],\"inLanguage\":\"fr-FR\",\"potentialAction\":[{\"@type\":\"CommentAction\",\"name\":\"Comment\",\"target\":[\"https:\\\/\\\/www.uartes.edu.ec\\\/sitio\\\/fr\\\/blog\\\/2023\\\/03\\\/28\\\/el-aqui-y-el-ahora-acercate-al-clown-de-la-mano-de-chechi-un-taller-uartes-y-epico\\\/#respond\"]}]},{\"@type\":[\"WebPage\",\"ItemPage\"],\"@id\":\"https:\\\/\\\/www.uartes.edu.ec\\\/sitio\\\/fr\\\/blog\\\/2023\\\/03\\\/28\\\/el-aqui-y-el-ahora-acercate-al-clown-de-la-mano-de-chechi-un-taller-uartes-y-epico\\\/\",\"url\":\"https:\\\/\\\/www.uartes.edu.ec\\\/sitio\\\/fr\\\/blog\\\/2023\\\/03\\\/28\\\/el-aqui-y-el-ahora-acercate-al-clown-de-la-mano-de-chechi-un-taller-uartes-y-epico\\\/\",\"name\":\"Universidad de las Artes - \u201cEl Aqu\u00ed y el Ahora, ac\u00e9rcate al clown de la mano de Chechi\u201d, un taller en acci\u00f3n conjunta de la UArtes y \u00c9PICO\",\"isPartOf\":{\"@id\":\"https:\\\/\\\/www.uartes.edu.ec\\\/sitio\\\/fr\\\/#website\"},\"primaryImageOfPage\":{\"@id\":\"https:\\\/\\\/www.uartes.edu.ec\\\/sitio\\\/fr\\\/blog\\\/2023\\\/03\\\/28\\\/el-aqui-y-el-ahora-acercate-al-clown-de-la-mano-de-chechi-un-taller-uartes-y-epico\\\/#primaryimage\"},\"image\":{\"@id\":\"https:\\\/\\\/www.uartes.edu.ec\\\/sitio\\\/fr\\\/blog\\\/2023\\\/03\\\/28\\\/el-aqui-y-el-ahora-acercate-al-clown-de-la-mano-de-chechi-un-taller-uartes-y-epico\\\/#primaryimage\"},\"thumbnailUrl\":\"https:\\\/\\\/www.uartes.edu.ec\\\/sitio\\\/wp-content\\\/uploads\\\/2023\\\/03\\\/CHECHI-02.jpg\",\"datePublished\":\"2023-03-29T01:09:00+00:00\",\"dateModified\":\"2024-07-04T16:21:22+00:00\",\"description\":\"Universidad de las Artes - \u201cEl Aqu\u00ed y el Ahora, ac\u00e9rcate al clown de la mano de Chechi\u201d, un taller en acci\u00f3n conjunta de la UArtes y \u00c9PICO\",\"breadcrumb\":{\"@id\":\"https:\\\/\\\/www.uartes.edu.ec\\\/sitio\\\/fr\\\/blog\\\/2023\\\/03\\\/28\\\/el-aqui-y-el-ahora-acercate-al-clown-de-la-mano-de-chechi-un-taller-uartes-y-epico\\\/#breadcrumb\"},\"inLanguage\":\"fr-FR\",\"potentialAction\":[{\"@type\":\"ReadAction\",\"target\":[\"https:\\\/\\\/www.uartes.edu.ec\\\/sitio\\\/fr\\\/blog\\\/2023\\\/03\\\/28\\\/el-aqui-y-el-ahora-acercate-al-clown-de-la-mano-de-chechi-un-taller-uartes-y-epico\\\/\"]}]},{\"@type\":\"ImageObject\",\"inLanguage\":\"fr-FR\",\"@id\":\"https:\\\/\\\/www.uartes.edu.ec\\\/sitio\\\/fr\\\/blog\\\/2023\\\/03\\\/28\\\/el-aqui-y-el-ahora-acercate-al-clown-de-la-mano-de-chechi-un-taller-uartes-y-epico\\\/#primaryimage\",\"url\":\"https:\\\/\\\/www.uartes.edu.ec\\\/sitio\\\/wp-content\\\/uploads\\\/2023\\\/03\\\/CHECHI-02.jpg\",\"contentUrl\":\"https:\\\/\\\/www.uartes.edu.ec\\\/sitio\\\/wp-content\\\/uploads\\\/2023\\\/03\\\/CHECHI-02.jpg\",\"width\":2000,\"height\":1333},{\"@type\":\"BreadcrumbList\",\"@id\":\"https:\\\/\\\/www.uartes.edu.ec\\\/sitio\\\/fr\\\/blog\\\/2023\\\/03\\\/28\\\/el-aqui-y-el-ahora-acercate-al-clown-de-la-mano-de-chechi-un-taller-uartes-y-epico\\\/#breadcrumb\",\"itemListElement\":[{\"@type\":\"ListItem\",\"position\":1,\"name\":\"Inicio\",\"item\":\"https:\\\/\\\/www.uartes.edu.ec\\\/sitio\\\/\"},{\"@type\":\"ListItem\",\"position\":2,\"name\":\"\u201cEl Aqu\u00ed y el Ahora, ac\u00e9rcate al clown de la mano de Chechi\u201d, un taller en acci\u00f3n conjunta de la UArtes y \u00c9PICO\"}]},{\"@type\":\"WebSite\",\"@id\":\"https:\\\/\\\/www.uartes.edu.ec\\\/sitio\\\/fr\\\/#website\",\"url\":\"https:\\\/\\\/www.uartes.edu.ec\\\/sitio\\\/fr\\\/\",\"name\":\"Universidad de las Artes\",\"description\":\"Sitio oficial de la Universidad Nacional de las Artes del Ecuador\",\"publisher\":{\"@id\":\"https:\\\/\\\/www.uartes.edu.ec\\\/sitio\\\/fr\\\/#organization\"},\"potentialAction\":[{\"@type\":\"SearchAction\",\"target\":{\"@type\":\"EntryPoint\",\"urlTemplate\":\"https:\\\/\\\/www.uartes.edu.ec\\\/sitio\\\/fr\\\/?s={search_term_string}\"},\"query-input\":{\"@type\":\"PropertyValueSpecification\",\"valueRequired\":true,\"valueName\":\"search_term_string\"}}],\"inLanguage\":\"fr-FR\"},{\"@type\":\"Organization\",\"@id\":\"https:\\\/\\\/www.uartes.edu.ec\\\/sitio\\\/fr\\\/#organization\",\"name\":\"Universidad de las Artes\",\"url\":\"https:\\\/\\\/www.uartes.edu.ec\\\/sitio\\\/fr\\\/\",\"logo\":{\"@type\":\"ImageObject\",\"inLanguage\":\"fr-FR\",\"@id\":\"https:\\\/\\\/www.uartes.edu.ec\\\/sitio\\\/fr\\\/#\\\/schema\\\/logo\\\/image\\\/\",\"url\":\"https:\\\/\\\/www.uartes.edu.ec\\\/sitio\\\/wp-content\\\/uploads\\\/2022\\\/07\\\/logo-ua-horizontal.png\",\"contentUrl\":\"https:\\\/\\\/www.uartes.edu.ec\\\/sitio\\\/wp-content\\\/uploads\\\/2022\\\/07\\\/logo-ua-horizontal.png\",\"width\":800,\"height\":276,\"caption\":\"Universidad de las Artes\"},\"image\":{\"@id\":\"https:\\\/\\\/www.uartes.edu.ec\\\/sitio\\\/fr\\\/#\\\/schema\\\/logo\\\/image\\\/\"},\"sameAs\":[\"https:\\\/\\\/www.facebook.com\\\/uartesec\",\"https:\\\/\\\/x.com\\\/uartesec\",\"https:\\\/\\\/www.tiktok.com\\\/@uartesec\"]},{\"@type\":\"Person\",\"@id\":\"https:\\\/\\\/www.uartes.edu.ec\\\/sitio\\\/fr\\\/#\\\/schema\\\/person\\\/efa1b8275797664fd7f13a79ccc0b1f4\",\"name\":\"ccortez\",\"image\":{\"@type\":\"ImageObject\",\"inLanguage\":\"fr-FR\",\"@id\":\"https:\\\/\\\/secure.gravatar.com\\\/avatar\\\/b2a6f664a3ae8e074346ef91775736c5ec479e637ecced6842de9dc98b5da9cd?s=96&d=mm&r=g\",\"url\":\"https:\\\/\\\/secure.gravatar.com\\\/avatar\\\/b2a6f664a3ae8e074346ef91775736c5ec479e637ecced6842de9dc98b5da9cd?s=96&d=mm&r=g\",\"contentUrl\":\"https:\\\/\\\/secure.gravatar.com\\\/avatar\\\/b2a6f664a3ae8e074346ef91775736c5ec479e637ecced6842de9dc98b5da9cd?s=96&d=mm&r=g\",\"caption\":\"ccortez\"},\"url\":\"https:\\\/\\\/www.uartes.edu.ec\\\/sitio\\\/fr\\\/blog\\\/author\\\/ccortez\\\/\"}]}<\/script>\n<!-- \/ Yoast SEO plugin. -->","yoast_head_json":{"title":"Universidad de las Artes - \u201cEl Aqu\u00ed y el Ahora, ac\u00e9rcate al clown de la mano de Chechi\u201d, un taller en acci\u00f3n conjunta de la UArtes y \u00c9PICO","description":"Universidad de las Artes - \u201cEl Aqu\u00ed y el Ahora, ac\u00e9rcate al clown de la mano de Chechi\u201d, un taller en acci\u00f3n conjunta de la UArtes y \u00c9PICO","robots":{"index":"index","follow":"follow","max-snippet":"max-snippet:-1","max-image-preview":"max-image-preview:large","max-video-preview":"max-video-preview:-1"},"canonical":"https:\/\/www.uartes.edu.ec\/sitio\/fr\/blog\/2023\/03\/28\/el-aqui-y-el-ahora-acercate-al-clown-de-la-mano-de-chechi-un-taller-uartes-y-epico\/","og_locale":"fr_FR","og_type":"article","og_title":"Universidad de las Artes - \u201cEl Aqu\u00ed y el Ahora, ac\u00e9rcate al clown de la mano de Chechi\u201d, un taller en acci\u00f3n conjunta de la UArtes y \u00c9PICO","og_description":"Universidad de las Artes - \u201cEl Aqu\u00ed y el Ahora, ac\u00e9rcate al clown de la mano de Chechi\u201d, un taller en acci\u00f3n conjunta de la UArtes y \u00c9PICO","og_url":"https:\/\/www.uartes.edu.ec\/sitio\/fr\/blog\/2023\/03\/28\/el-aqui-y-el-ahora-acercate-al-clown-de-la-mano-de-chechi-un-taller-uartes-y-epico\/","og_site_name":"Universidad de las Artes","article_publisher":"https:\/\/www.facebook.com\/uartesec","article_published_time":"2023-03-29T01:09:00+00:00","article_modified_time":"2024-07-04T16:21:22+00:00","og_image":[{"width":2000,"height":1333,"url":"https:\/\/www.uartes.edu.ec\/sitio\/wp-content\/uploads\/2023\/03\/CHECHI-02.jpg","type":"image\/jpeg"}],"author":"ccortez","twitter_card":"summary_large_image","twitter_creator":"@uartesec","twitter_site":"@uartesec","twitter_misc":{"\u00c9crit par":"ccortez","Dur\u00e9e de lecture estim\u00e9e":"5 minutes"},"schema":{"@context":"https:\/\/schema.org","@graph":[{"@type":"Article","@id":"https:\/\/www.uartes.edu.ec\/sitio\/fr\/blog\/2023\/03\/28\/el-aqui-y-el-ahora-acercate-al-clown-de-la-mano-de-chechi-un-taller-uartes-y-epico\/#article","isPartOf":{"@id":"https:\/\/www.uartes.edu.ec\/sitio\/fr\/blog\/2023\/03\/28\/el-aqui-y-el-ahora-acercate-al-clown-de-la-mano-de-chechi-un-taller-uartes-y-epico\/"},"author":{"name":"ccortez","@id":"https:\/\/www.uartes.edu.ec\/sitio\/fr\/#\/schema\/person\/efa1b8275797664fd7f13a79ccc0b1f4"},"headline":"\u201cEl Aqu\u00ed y el Ahora, ac\u00e9rcate al clown de la mano de Chechi\u201d, un taller en acci\u00f3n conjunta de la UArtes y \u00c9PICO","datePublished":"2023-03-29T01:09:00+00:00","dateModified":"2024-07-04T16:21:22+00:00","mainEntityOfPage":{"@id":"https:\/\/www.uartes.edu.ec\/sitio\/fr\/blog\/2023\/03\/28\/el-aqui-y-el-ahora-acercate-al-clown-de-la-mano-de-chechi-un-taller-uartes-y-epico\/"},"wordCount":946,"commentCount":0,"publisher":{"@id":"https:\/\/www.uartes.edu.ec\/sitio\/fr\/#organization"},"image":{"@id":"https:\/\/www.uartes.edu.ec\/sitio\/fr\/blog\/2023\/03\/28\/el-aqui-y-el-ahora-acercate-al-clown-de-la-mano-de-chechi-un-taller-uartes-y-epico\/#primaryimage"},"thumbnailUrl":"https:\/\/www.uartes.edu.ec\/sitio\/wp-content\/uploads\/2023\/03\/CHECHI-02.jpg","keywords":["taller"],"articleSection":["1C","Alumni","Artes Esc\u00e9nicas","Gesti\u00f3n","Sedes"],"inLanguage":"fr-FR","potentialAction":[{"@type":"CommentAction","name":"Comment","target":["https:\/\/www.uartes.edu.ec\/sitio\/fr\/blog\/2023\/03\/28\/el-aqui-y-el-ahora-acercate-al-clown-de-la-mano-de-chechi-un-taller-uartes-y-epico\/#respond"]}]},{"@type":["WebPage","ItemPage"],"@id":"https:\/\/www.uartes.edu.ec\/sitio\/fr\/blog\/2023\/03\/28\/el-aqui-y-el-ahora-acercate-al-clown-de-la-mano-de-chechi-un-taller-uartes-y-epico\/","url":"https:\/\/www.uartes.edu.ec\/sitio\/fr\/blog\/2023\/03\/28\/el-aqui-y-el-ahora-acercate-al-clown-de-la-mano-de-chechi-un-taller-uartes-y-epico\/","name":"Universidad de las Artes - \u201cEl Aqu\u00ed y el Ahora, ac\u00e9rcate al clown de la mano de Chechi\u201d, un taller en acci\u00f3n conjunta de la UArtes y \u00c9PICO","isPartOf":{"@id":"https:\/\/www.uartes.edu.ec\/sitio\/fr\/#website"},"primaryImageOfPage":{"@id":"https:\/\/www.uartes.edu.ec\/sitio\/fr\/blog\/2023\/03\/28\/el-aqui-y-el-ahora-acercate-al-clown-de-la-mano-de-chechi-un-taller-uartes-y-epico\/#primaryimage"},"image":{"@id":"https:\/\/www.uartes.edu.ec\/sitio\/fr\/blog\/2023\/03\/28\/el-aqui-y-el-ahora-acercate-al-clown-de-la-mano-de-chechi-un-taller-uartes-y-epico\/#primaryimage"},"thumbnailUrl":"https:\/\/www.uartes.edu.ec\/sitio\/wp-content\/uploads\/2023\/03\/CHECHI-02.jpg","datePublished":"2023-03-29T01:09:00+00:00","dateModified":"2024-07-04T16:21:22+00:00","description":"Universidad de las Artes - \u201cEl Aqu\u00ed y el Ahora, ac\u00e9rcate al clown de la mano de Chechi\u201d, un taller en acci\u00f3n conjunta de la UArtes y \u00c9PICO","breadcrumb":{"@id":"https:\/\/www.uartes.edu.ec\/sitio\/fr\/blog\/2023\/03\/28\/el-aqui-y-el-ahora-acercate-al-clown-de-la-mano-de-chechi-un-taller-uartes-y-epico\/#breadcrumb"},"inLanguage":"fr-FR","potentialAction":[{"@type":"ReadAction","target":["https:\/\/www.uartes.edu.ec\/sitio\/fr\/blog\/2023\/03\/28\/el-aqui-y-el-ahora-acercate-al-clown-de-la-mano-de-chechi-un-taller-uartes-y-epico\/"]}]},{"@type":"ImageObject","inLanguage":"fr-FR","@id":"https:\/\/www.uartes.edu.ec\/sitio\/fr\/blog\/2023\/03\/28\/el-aqui-y-el-ahora-acercate-al-clown-de-la-mano-de-chechi-un-taller-uartes-y-epico\/#primaryimage","url":"https:\/\/www.uartes.edu.ec\/sitio\/wp-content\/uploads\/2023\/03\/CHECHI-02.jpg","contentUrl":"https:\/\/www.uartes.edu.ec\/sitio\/wp-content\/uploads\/2023\/03\/CHECHI-02.jpg","width":2000,"height":1333},{"@type":"BreadcrumbList","@id":"https:\/\/www.uartes.edu.ec\/sitio\/fr\/blog\/2023\/03\/28\/el-aqui-y-el-ahora-acercate-al-clown-de-la-mano-de-chechi-un-taller-uartes-y-epico\/#breadcrumb","itemListElement":[{"@type":"ListItem","position":1,"name":"Inicio","item":"https:\/\/www.uartes.edu.ec\/sitio\/"},{"@type":"ListItem","position":2,"name":"\u201cEl Aqu\u00ed y el Ahora, ac\u00e9rcate al clown de la mano de Chechi\u201d, un taller en acci\u00f3n conjunta de la UArtes y \u00c9PICO"}]},{"@type":"WebSite","@id":"https:\/\/www.uartes.edu.ec\/sitio\/fr\/#website","url":"https:\/\/www.uartes.edu.ec\/sitio\/fr\/","name":"Universidad de las Artes","description":"Sitio oficial de la Universidad Nacional de las Artes del Ecuador","publisher":{"@id":"https:\/\/www.uartes.edu.ec\/sitio\/fr\/#organization"},"potentialAction":[{"@type":"SearchAction","target":{"@type":"EntryPoint","urlTemplate":"https:\/\/www.uartes.edu.ec\/sitio\/fr\/?s={search_term_string}"},"query-input":{"@type":"PropertyValueSpecification","valueRequired":true,"valueName":"search_term_string"}}],"inLanguage":"fr-FR"},{"@type":"Organization","@id":"https:\/\/www.uartes.edu.ec\/sitio\/fr\/#organization","name":"Universidad de las Artes","url":"https:\/\/www.uartes.edu.ec\/sitio\/fr\/","logo":{"@type":"ImageObject","inLanguage":"fr-FR","@id":"https:\/\/www.uartes.edu.ec\/sitio\/fr\/#\/schema\/logo\/image\/","url":"https:\/\/www.uartes.edu.ec\/sitio\/wp-content\/uploads\/2022\/07\/logo-ua-horizontal.png","contentUrl":"https:\/\/www.uartes.edu.ec\/sitio\/wp-content\/uploads\/2022\/07\/logo-ua-horizontal.png","width":800,"height":276,"caption":"Universidad de las Artes"},"image":{"@id":"https:\/\/www.uartes.edu.ec\/sitio\/fr\/#\/schema\/logo\/image\/"},"sameAs":["https:\/\/www.facebook.com\/uartesec","https:\/\/x.com\/uartesec","https:\/\/www.tiktok.com\/@uartesec"]},{"@type":"Person","@id":"https:\/\/www.uartes.edu.ec\/sitio\/fr\/#\/schema\/person\/efa1b8275797664fd7f13a79ccc0b1f4","name":"ccortez","image":{"@type":"ImageObject","inLanguage":"fr-FR","@id":"https:\/\/secure.gravatar.com\/avatar\/b2a6f664a3ae8e074346ef91775736c5ec479e637ecced6842de9dc98b5da9cd?s=96&d=mm&r=g","url":"https:\/\/secure.gravatar.com\/avatar\/b2a6f664a3ae8e074346ef91775736c5ec479e637ecced6842de9dc98b5da9cd?s=96&d=mm&r=g","contentUrl":"https:\/\/secure.gravatar.com\/avatar\/b2a6f664a3ae8e074346ef91775736c5ec479e637ecced6842de9dc98b5da9cd?s=96&d=mm&r=g","caption":"ccortez"},"url":"https:\/\/www.uartes.edu.ec\/sitio\/fr\/blog\/author\/ccortez\/"}]}},"uagb_featured_image_src":{"full":["https:\/\/www.uartes.edu.ec\/sitio\/wp-content\/uploads\/2023\/03\/CHECHI-02.jpg",2000,1333,false],"thumbnail":["https:\/\/www.uartes.edu.ec\/sitio\/wp-content\/uploads\/2023\/03\/CHECHI-02-150x150.jpg",150,150,true],"medium":["https:\/\/www.uartes.edu.ec\/sitio\/wp-content\/uploads\/2023\/03\/CHECHI-02-300x200.jpg",300,200,true],"medium_large":["https:\/\/www.uartes.edu.ec\/sitio\/wp-content\/uploads\/2023\/03\/CHECHI-02-768x512.jpg",768,512,true],"large":["https:\/\/www.uartes.edu.ec\/sitio\/wp-content\/uploads\/2023\/03\/CHECHI-02-644x429.jpg",644,429,true],"1536x1536":["https:\/\/www.uartes.edu.ec\/sitio\/wp-content\/uploads\/2023\/03\/CHECHI-02-1536x1024.jpg",1536,1024,true],"2048x2048":["https:\/\/www.uartes.edu.ec\/sitio\/wp-content\/uploads\/2023\/03\/CHECHI-02.jpg",2000,1333,false],"trp-custom-language-flag":["https:\/\/www.uartes.edu.ec\/sitio\/wp-content\/uploads\/2023\/03\/CHECHI-02.jpg",18,12,false],"htmega_size_585x295":["https:\/\/www.uartes.edu.ec\/sitio\/wp-content\/uploads\/2023\/03\/CHECHI-02-585x295.jpg",585,295,true],"htmega_size_1170x536":["https:\/\/www.uartes.edu.ec\/sitio\/wp-content\/uploads\/2023\/03\/CHECHI-02-1170x536.jpg",1170,536,true],"htmega_size_396x360":["https:\/\/www.uartes.edu.ec\/sitio\/wp-content\/uploads\/2023\/03\/CHECHI-02-396x360.jpg",396,360,true],"gb-block-post-grid-landscape":["https:\/\/www.uartes.edu.ec\/sitio\/wp-content\/uploads\/2023\/03\/CHECHI-02-600x400.jpg",600,400,true],"gb-block-post-grid-square":["https:\/\/www.uartes.edu.ec\/sitio\/wp-content\/uploads\/2023\/03\/CHECHI-02-600x600.jpg",600,600,true],"university-hub-thumb":["https:\/\/www.uartes.edu.ec\/sitio\/wp-content\/uploads\/2023\/03\/CHECHI-02-400x267.jpg",400,267,true],"mailpoet_newsletter_max":["https:\/\/www.uartes.edu.ec\/sitio\/wp-content\/uploads\/2023\/03\/CHECHI-02.jpg",1320,880,false]},"uagb_author_info":{"display_name":"ccortez","author_link":"https:\/\/www.uartes.edu.ec\/sitio\/fr\/blog\/author\/ccortez\/"},"uagb_comment_info":0,"uagb_excerpt":"Cecilia Salazar, graduada en Creaci\u00f3n Teatral en la UArtes, es quien impartir\u00e1 el taller, programado en una nueva edici\u00f3n de \u201cUniendo Experiencias: Luces, C\u00e1mara y \u00a1Emprende!\u201d, en el marco del D\u00eda Mundial del Teatro. Es el resultado de acciones conjuntas entre la Universidad de las Artes y \u00c9PICO, Empresa P\u00fablica para la Gesti\u00f3n de la\u2026","featured_image_src":"https:\/\/www.uartes.edu.ec\/sitio\/wp-content\/uploads\/2023\/03\/CHECHI-02-600x400.jpg","featured_image_src_square":"https:\/\/www.uartes.edu.ec\/sitio\/wp-content\/uploads\/2023\/03\/CHECHI-02-600x600.jpg","author_info":{"display_name":"ccortez","author_link":"https:\/\/www.uartes.edu.ec\/sitio\/fr\/blog\/author\/ccortez\/"},"publishpress_future_workflow_manual_trigger":{"enabledWorkflows":[]},"distributor_meta":false,"distributor_terms":false,"distributor_media":false,"distributor_original_site_name":"Universidad de las Artes","distributor_original_site_url":"https:\/\/www.uartes.edu.ec\/sitio\/fr","push-errors":false,"_links":{"self":[{"href":"https:\/\/www.uartes.edu.ec\/sitio\/fr\/wp-json\/wp\/v2\/posts\/40187","targetHints":{"allow":["GET"]}}],"collection":[{"href":"https:\/\/www.uartes.edu.ec\/sitio\/fr\/wp-json\/wp\/v2\/posts"}],"about":[{"href":"https:\/\/www.uartes.edu.ec\/sitio\/fr\/wp-json\/wp\/v2\/types\/post"}],"author":[{"embeddable":true,"href":"https:\/\/www.uartes.edu.ec\/sitio\/fr\/wp-json\/wp\/v2\/users\/10"}],"replies":[{"embeddable":true,"href":"https:\/\/www.uartes.edu.ec\/sitio\/fr\/wp-json\/wp\/v2\/comments?post=40187"}],"version-history":[{"count":8,"href":"https:\/\/www.uartes.edu.ec\/sitio\/fr\/wp-json\/wp\/v2\/posts\/40187\/revisions"}],"predecessor-version":[{"id":40242,"href":"https:\/\/www.uartes.edu.ec\/sitio\/fr\/wp-json\/wp\/v2\/posts\/40187\/revisions\/40242"}],"wp:featuredmedia":[{"embeddable":true,"href":"https:\/\/www.uartes.edu.ec\/sitio\/fr\/wp-json\/wp\/v2\/media\/40188"}],"wp:attachment":[{"href":"https:\/\/www.uartes.edu.ec\/sitio\/fr\/wp-json\/wp\/v2\/media?parent=40187"}],"wp:term":[{"taxonomy":"category","embeddable":true,"href":"https:\/\/www.uartes.edu.ec\/sitio\/fr\/wp-json\/wp\/v2\/categories?post=40187"},{"taxonomy":"post_tag","embeddable":true,"href":"https:\/\/www.uartes.edu.ec\/sitio\/fr\/wp-json\/wp\/v2\/tags?post=40187"},{"taxonomy":"infouartes","embeddable":true,"href":"https:\/\/www.uartes.edu.ec\/sitio\/fr\/wp-json\/wp\/v2\/infouartes?post=40187"}],"curies":[{"name":"wp","href":"https:\/\/api.w.org\/{rel}","templated":true}]}}