{"id":40687,"date":"2023-04-05T17:53:00","date_gmt":"2023-04-05T22:53:00","guid":{"rendered":"https:\/\/www.uartes.edu.ec\/sitio\/?p=40687"},"modified":"2024-07-04T11:21:20","modified_gmt":"2024-07-04T16:21:20","slug":"creacion-del-ochoymedio-y-produccion-de-peliculas-valido-trayectoria-de-mariana-andrade-titulada-en-cine","status":"publish","type":"post","link":"https:\/\/www.uartes.edu.ec\/sitio\/fr\/blog\/2023\/04\/05\/creacion-del-ochoymedio-y-produccion-de-peliculas-valido-trayectoria-de-mariana-andrade-titulada-en-cine\/","title":{"rendered":"Creaci\u00f3n del Ochoymedio y producci\u00f3n de pel\u00edculas valid\u00f3 trayectoria de Mariana Andrade, titulada en Cine"},"content":{"rendered":"<p>Inici\u00f3 su carrera art\u00edstica en los 80, a los 20 a\u00f1os, y junto con un grupo de realizadores y productores cre\u00f3 el Ochoymedio. Es Mariana Andrade Estrella, quien, con otros 57 artistas en los \u00e1mbitos de Cine, Literatura, Creaci\u00f3n Teatral, Artes Musicales y Producci\u00f3n Musical, obtuvo de la UArtes una licenciatura mediante el proceso de Validaci\u00f3n de Trayectorias.<\/p>\n\n\n\n<p>Andrade comparte con InfoUArtes los pasos dados en el \u00e1mbito de la cinematograf\u00eda nacional, tambi\u00e9n su experiencia en el proceso de Validaci\u00f3n de Trayectorias. Es el tercero que realiza la Universidad de las Artes; en esta ocasi\u00f3n con la suscripci\u00f3n de un convenio de cooperaci\u00f3n interinstitucional con el Ministerio de Cultura y Patrimonio.<\/p>\n\n\n\n<p>Aqu\u00ed el texto de la ahora licenciada en Cine Mariana Andrade Estrella:<\/p>\n\n\n\n<p>Mi carrera art\u00edstica empez\u00f3 en la d\u00e9cada de los 80. Ten\u00eda apenas 20 a\u00f1os y ya era parte de esa generaci\u00f3n que empujaba todo por su propia voluntad y con sus propios recursos y esfuerzos, amparada en la mayor herramienta que ten\u00eda a mi favor: una f\u00e9rrea voluntad para conseguir nuestros sue\u00f1os y una capacidad creativa enorme para crear pel\u00edculas que parec\u00edan imposibles. He hecho varias en todo este tiempo, las cuales se convirtieron en referentes importantes de la historia de nuestro cine. Cre\u00e9 en la pr\u00e1ctica misma, en el quehacer, distintas formas de crear y producir.&nbsp;<\/p>\n\n\n\n<p>En el 2001, creamos, junto a un grupo de realizadores, artistas y productores, lo que ser\u00eda el primer complejo cinematogr\u00e1fico dedicado a la exhibici\u00f3n y promoci\u00f3n del cine ecuatoriano e independiente del mundo, el Ochoymedio. No hab\u00eda modelos ni referentes que tomar de ejemplo en Ecuador y en los cuales basarme. Tuve que crear modelos propios de operaci\u00f3n, de programaci\u00f3n, de comunicaci\u00f3n, de organizaci\u00f3n, que hicieron que el mismo llegue a convertirse en lo que es hoy: la plataforma de creaci\u00f3n, formaci\u00f3n, circulaci\u00f3n, exhibici\u00f3n y distribuci\u00f3n de la historia de m\u00e1s de 20 a\u00f1os de nuestro cine ecuatoriano y un referente nacional e internacional muy respetado en el campo.<\/p>\n\n\n\n<p>Por eso, luego de varias d\u00e9cadas de pr\u00e1ctica sostenida, y luego de haber pasado por todas las etapas para crear una pel\u00edcula, siento la necesidad de trasmitir mis conocimientos y de compartir lo atesorado. Hay mucho, much\u00edsimo que quiero compartir. Quiero ser docente, quiero ser maestra, entregar todo lo que s\u00e9, lo que he hecho con mis manos, con mi sensibilidad y con mi coraz\u00f3n.&nbsp;<\/p>\n\n\n\n<p>Cuando me preguntan por qu\u00e9 no tengo t\u00edtulo de cine, siempre les contesto:&nbsp;\u201cPorque estaba ocupada haciendo cine\u201d; \u201cporque no tuve tiempo de ir a ninguna escuela, por estar haciendo cine\u201d; \u201cporque no hab\u00eda escuelas de cine en Latinoam\u00e9rica, menos en Ecuador en ese tiempo\u201d.&nbsp;<\/p>\n\n\n\n<p>Con el t\u00edtulo que ahora me otorga la&nbsp;Universidad de las Artes creo que&nbsp;cumpl\u00ed el objetivo: los&nbsp;productores somos ahora considerados realizadores y creadores.<\/p>\n\n\n\n<p>\u201cLa producci\u00f3n cinematogr\u00e1fica es ahora un criterio expandido de la creaci\u00f3n para las nuevas generaciones\u201d.<\/p>\n\n\n\n<p>Foto: Cortes\u00eda Mariana Andrade Estrella.<\/p>","protected":false},"excerpt":{"rendered":"<p>Mariana Andrade Estrella inici\u00f3 su carrera art\u00edstica en los 80 y junto a un grupo de realizadores y artistas cre\u00f3 el Ochoymedio. Ha participado en los equipos de producci\u00f3n y como productora ejecutiva de pel\u00edculas como \u201cLa Tigra\u201d y \u201cEntre Marx y una mujer desnuda\u201d. Su m\u00e1s reciente meta fue obtener de la UArtes la licenciatura en Cine por Validaci\u00f3n de Trayectorias; con t\u00edtulo en mano su siguiente paso es ser docente.<\/p>","protected":false},"author":10,"featured_media":40688,"comment_status":"open","ping_status":"open","sticky":false,"template":"","format":"standard","meta":{"_acf_changed":false,"_uag_custom_page_level_css":"","_monsterinsights_skip_tracking":false,"_monsterinsights_sitenote_active":false,"_monsterinsights_sitenote_note":"","_monsterinsights_sitenote_category":0,"cybocfi_hide_featured_image":"","footnotes":""},"categories":[80,82,77],"tags":[269],"infouartes":[],"class_list":["post-40687","post","type-post","status-publish","format-standard","has-post-thumbnail","hentry","category-academico","category-artes","category-gestion","tag-validacion-de-trayectorias"],"acf":[],"yoast_head":"<!-- This site is optimized with the Yoast SEO plugin v27.4 - https:\/\/yoast.com\/product\/yoast-seo-wordpress\/ -->\n<title>Universidad de las Artes - Creaci\u00f3n del Ochoymedio y producci\u00f3n de pel\u00edculas valid\u00f3 trayectoria de Mariana Andrade, titulada en Cine<\/title>\n<meta name=\"description\" content=\"Universidad de las Artes - Creaci\u00f3n del Ochoymedio y producci\u00f3n de pel\u00edculas valid\u00f3 trayectoria de Mariana Andrade, titulada en Cine\" \/>\n<meta name=\"robots\" content=\"index, follow, max-snippet:-1, max-image-preview:large, max-video-preview:-1\" \/>\n<link rel=\"canonical\" href=\"https:\/\/www.uartes.edu.ec\/sitio\/fr\/blog\/2023\/04\/05\/creacion-del-ochoymedio-y-produccion-de-peliculas-valido-trayectoria-de-mariana-andrade-titulada-en-cine\/\" \/>\n<meta property=\"og:locale\" content=\"fr_FR\" \/>\n<meta property=\"og:type\" content=\"article\" \/>\n<meta property=\"og:title\" content=\"Universidad de las Artes - Creaci\u00f3n del Ochoymedio y producci\u00f3n de pel\u00edculas valid\u00f3 trayectoria de Mariana Andrade, titulada en Cine\" \/>\n<meta property=\"og:description\" content=\"Universidad de las Artes - Creaci\u00f3n del Ochoymedio y producci\u00f3n de pel\u00edculas valid\u00f3 trayectoria de Mariana Andrade, titulada en Cine\" \/>\n<meta property=\"og:url\" content=\"https:\/\/www.uartes.edu.ec\/sitio\/fr\/blog\/2023\/04\/05\/creacion-del-ochoymedio-y-produccion-de-peliculas-valido-trayectoria-de-mariana-andrade-titulada-en-cine\/\" \/>\n<meta property=\"og:site_name\" content=\"Universidad de las Artes\" \/>\n<meta property=\"article:publisher\" content=\"https:\/\/www.facebook.com\/uartesec\" \/>\n<meta property=\"article:published_time\" content=\"2023-04-05T22:53:00+00:00\" \/>\n<meta property=\"article:modified_time\" content=\"2024-07-04T16:21:20+00:00\" \/>\n<meta property=\"og:image\" content=\"https:\/\/www.uartes.edu.ec\/sitio\/wp-content\/uploads\/2023\/04\/04-MARIANA-ANDRADE.jpg\" \/>\n\t<meta property=\"og:image:width\" content=\"2000\" \/>\n\t<meta property=\"og:image:height\" content=\"1333\" \/>\n\t<meta property=\"og:image:type\" content=\"image\/jpeg\" \/>\n<meta name=\"author\" content=\"ccortez\" \/>\n<meta name=\"twitter:card\" content=\"summary_large_image\" \/>\n<meta name=\"twitter:creator\" content=\"@uartesec\" \/>\n<meta name=\"twitter:site\" content=\"@uartesec\" \/>\n<meta name=\"twitter:label1\" content=\"\u00c9crit par\" \/>\n\t<meta name=\"twitter:data1\" content=\"ccortez\" \/>\n\t<meta name=\"twitter:label2\" content=\"Dur\u00e9e de lecture estim\u00e9e\" \/>\n\t<meta name=\"twitter:data2\" content=\"3 minutes\" \/>\n<script type=\"application\/ld+json\" class=\"yoast-schema-graph\">{\"@context\":\"https:\\\/\\\/schema.org\",\"@graph\":[{\"@type\":\"Article\",\"@id\":\"https:\\\/\\\/www.uartes.edu.ec\\\/sitio\\\/fr\\\/blog\\\/2023\\\/04\\\/05\\\/creacion-del-ochoymedio-y-produccion-de-peliculas-valido-trayectoria-de-mariana-andrade-titulada-en-cine\\\/#article\",\"isPartOf\":{\"@id\":\"https:\\\/\\\/www.uartes.edu.ec\\\/sitio\\\/fr\\\/blog\\\/2023\\\/04\\\/05\\\/creacion-del-ochoymedio-y-produccion-de-peliculas-valido-trayectoria-de-mariana-andrade-titulada-en-cine\\\/\"},\"author\":{\"name\":\"ccortez\",\"@id\":\"https:\\\/\\\/www.uartes.edu.ec\\\/sitio\\\/fr\\\/#\\\/schema\\\/person\\\/efa1b8275797664fd7f13a79ccc0b1f4\"},\"headline\":\"Creaci\u00f3n del Ochoymedio y producci\u00f3n de pel\u00edculas valid\u00f3 trayectoria de Mariana Andrade, titulada en Cine\",\"datePublished\":\"2023-04-05T22:53:00+00:00\",\"dateModified\":\"2024-07-04T16:21:20+00:00\",\"mainEntityOfPage\":{\"@id\":\"https:\\\/\\\/www.uartes.edu.ec\\\/sitio\\\/fr\\\/blog\\\/2023\\\/04\\\/05\\\/creacion-del-ochoymedio-y-produccion-de-peliculas-valido-trayectoria-de-mariana-andrade-titulada-en-cine\\\/\"},\"wordCount\":553,\"commentCount\":0,\"publisher\":{\"@id\":\"https:\\\/\\\/www.uartes.edu.ec\\\/sitio\\\/fr\\\/#organization\"},\"image\":{\"@id\":\"https:\\\/\\\/www.uartes.edu.ec\\\/sitio\\\/fr\\\/blog\\\/2023\\\/04\\\/05\\\/creacion-del-ochoymedio-y-produccion-de-peliculas-valido-trayectoria-de-mariana-andrade-titulada-en-cine\\\/#primaryimage\"},\"thumbnailUrl\":\"https:\\\/\\\/www.uartes.edu.ec\\\/sitio\\\/wp-content\\\/uploads\\\/2023\\\/04\\\/04-MARIANA-ANDRADE.jpg\",\"keywords\":[\"Validaci\u00f3n de Trayectorias\"],\"articleSection\":[\"Acad\u00e9mico\",\"Artes\",\"Gesti\u00f3n\"],\"inLanguage\":\"fr-FR\",\"potentialAction\":[{\"@type\":\"CommentAction\",\"name\":\"Comment\",\"target\":[\"https:\\\/\\\/www.uartes.edu.ec\\\/sitio\\\/fr\\\/blog\\\/2023\\\/04\\\/05\\\/creacion-del-ochoymedio-y-produccion-de-peliculas-valido-trayectoria-de-mariana-andrade-titulada-en-cine\\\/#respond\"]}]},{\"@type\":[\"WebPage\",\"ItemPage\"],\"@id\":\"https:\\\/\\\/www.uartes.edu.ec\\\/sitio\\\/fr\\\/blog\\\/2023\\\/04\\\/05\\\/creacion-del-ochoymedio-y-produccion-de-peliculas-valido-trayectoria-de-mariana-andrade-titulada-en-cine\\\/\",\"url\":\"https:\\\/\\\/www.uartes.edu.ec\\\/sitio\\\/fr\\\/blog\\\/2023\\\/04\\\/05\\\/creacion-del-ochoymedio-y-produccion-de-peliculas-valido-trayectoria-de-mariana-andrade-titulada-en-cine\\\/\",\"name\":\"Universidad de las Artes - Creaci\u00f3n del Ochoymedio y producci\u00f3n de pel\u00edculas valid\u00f3 trayectoria de Mariana Andrade, titulada en Cine\",\"isPartOf\":{\"@id\":\"https:\\\/\\\/www.uartes.edu.ec\\\/sitio\\\/fr\\\/#website\"},\"primaryImageOfPage\":{\"@id\":\"https:\\\/\\\/www.uartes.edu.ec\\\/sitio\\\/fr\\\/blog\\\/2023\\\/04\\\/05\\\/creacion-del-ochoymedio-y-produccion-de-peliculas-valido-trayectoria-de-mariana-andrade-titulada-en-cine\\\/#primaryimage\"},\"image\":{\"@id\":\"https:\\\/\\\/www.uartes.edu.ec\\\/sitio\\\/fr\\\/blog\\\/2023\\\/04\\\/05\\\/creacion-del-ochoymedio-y-produccion-de-peliculas-valido-trayectoria-de-mariana-andrade-titulada-en-cine\\\/#primaryimage\"},\"thumbnailUrl\":\"https:\\\/\\\/www.uartes.edu.ec\\\/sitio\\\/wp-content\\\/uploads\\\/2023\\\/04\\\/04-MARIANA-ANDRADE.jpg\",\"datePublished\":\"2023-04-05T22:53:00+00:00\",\"dateModified\":\"2024-07-04T16:21:20+00:00\",\"description\":\"Universidad de las Artes - Creaci\u00f3n del Ochoymedio y producci\u00f3n de pel\u00edculas valid\u00f3 trayectoria de Mariana Andrade, titulada en Cine\",\"breadcrumb\":{\"@id\":\"https:\\\/\\\/www.uartes.edu.ec\\\/sitio\\\/fr\\\/blog\\\/2023\\\/04\\\/05\\\/creacion-del-ochoymedio-y-produccion-de-peliculas-valido-trayectoria-de-mariana-andrade-titulada-en-cine\\\/#breadcrumb\"},\"inLanguage\":\"fr-FR\",\"potentialAction\":[{\"@type\":\"ReadAction\",\"target\":[\"https:\\\/\\\/www.uartes.edu.ec\\\/sitio\\\/fr\\\/blog\\\/2023\\\/04\\\/05\\\/creacion-del-ochoymedio-y-produccion-de-peliculas-valido-trayectoria-de-mariana-andrade-titulada-en-cine\\\/\"]}]},{\"@type\":\"ImageObject\",\"inLanguage\":\"fr-FR\",\"@id\":\"https:\\\/\\\/www.uartes.edu.ec\\\/sitio\\\/fr\\\/blog\\\/2023\\\/04\\\/05\\\/creacion-del-ochoymedio-y-produccion-de-peliculas-valido-trayectoria-de-mariana-andrade-titulada-en-cine\\\/#primaryimage\",\"url\":\"https:\\\/\\\/www.uartes.edu.ec\\\/sitio\\\/wp-content\\\/uploads\\\/2023\\\/04\\\/04-MARIANA-ANDRADE.jpg\",\"contentUrl\":\"https:\\\/\\\/www.uartes.edu.ec\\\/sitio\\\/wp-content\\\/uploads\\\/2023\\\/04\\\/04-MARIANA-ANDRADE.jpg\",\"width\":2000,\"height\":1333},{\"@type\":\"BreadcrumbList\",\"@id\":\"https:\\\/\\\/www.uartes.edu.ec\\\/sitio\\\/fr\\\/blog\\\/2023\\\/04\\\/05\\\/creacion-del-ochoymedio-y-produccion-de-peliculas-valido-trayectoria-de-mariana-andrade-titulada-en-cine\\\/#breadcrumb\",\"itemListElement\":[{\"@type\":\"ListItem\",\"position\":1,\"name\":\"Inicio\",\"item\":\"https:\\\/\\\/www.uartes.edu.ec\\\/sitio\\\/\"},{\"@type\":\"ListItem\",\"position\":2,\"name\":\"Creaci\u00f3n del Ochoymedio y producci\u00f3n de pel\u00edculas valid\u00f3 trayectoria de Mariana Andrade, titulada en Cine\"}]},{\"@type\":\"WebSite\",\"@id\":\"https:\\\/\\\/www.uartes.edu.ec\\\/sitio\\\/fr\\\/#website\",\"url\":\"https:\\\/\\\/www.uartes.edu.ec\\\/sitio\\\/fr\\\/\",\"name\":\"Universidad de las Artes\",\"description\":\"Sitio oficial de la Universidad Nacional de las Artes del Ecuador\",\"publisher\":{\"@id\":\"https:\\\/\\\/www.uartes.edu.ec\\\/sitio\\\/fr\\\/#organization\"},\"potentialAction\":[{\"@type\":\"SearchAction\",\"target\":{\"@type\":\"EntryPoint\",\"urlTemplate\":\"https:\\\/\\\/www.uartes.edu.ec\\\/sitio\\\/fr\\\/?s={search_term_string}\"},\"query-input\":{\"@type\":\"PropertyValueSpecification\",\"valueRequired\":true,\"valueName\":\"search_term_string\"}}],\"inLanguage\":\"fr-FR\"},{\"@type\":\"Organization\",\"@id\":\"https:\\\/\\\/www.uartes.edu.ec\\\/sitio\\\/fr\\\/#organization\",\"name\":\"Universidad de las Artes\",\"url\":\"https:\\\/\\\/www.uartes.edu.ec\\\/sitio\\\/fr\\\/\",\"logo\":{\"@type\":\"ImageObject\",\"inLanguage\":\"fr-FR\",\"@id\":\"https:\\\/\\\/www.uartes.edu.ec\\\/sitio\\\/fr\\\/#\\\/schema\\\/logo\\\/image\\\/\",\"url\":\"https:\\\/\\\/www.uartes.edu.ec\\\/sitio\\\/wp-content\\\/uploads\\\/2022\\\/07\\\/logo-ua-horizontal.png\",\"contentUrl\":\"https:\\\/\\\/www.uartes.edu.ec\\\/sitio\\\/wp-content\\\/uploads\\\/2022\\\/07\\\/logo-ua-horizontal.png\",\"width\":800,\"height\":276,\"caption\":\"Universidad de las Artes\"},\"image\":{\"@id\":\"https:\\\/\\\/www.uartes.edu.ec\\\/sitio\\\/fr\\\/#\\\/schema\\\/logo\\\/image\\\/\"},\"sameAs\":[\"https:\\\/\\\/www.facebook.com\\\/uartesec\",\"https:\\\/\\\/x.com\\\/uartesec\",\"https:\\\/\\\/www.tiktok.com\\\/@uartesec\"]},{\"@type\":\"Person\",\"@id\":\"https:\\\/\\\/www.uartes.edu.ec\\\/sitio\\\/fr\\\/#\\\/schema\\\/person\\\/efa1b8275797664fd7f13a79ccc0b1f4\",\"name\":\"ccortez\",\"image\":{\"@type\":\"ImageObject\",\"inLanguage\":\"fr-FR\",\"@id\":\"https:\\\/\\\/secure.gravatar.com\\\/avatar\\\/b2a6f664a3ae8e074346ef91775736c5ec479e637ecced6842de9dc98b5da9cd?s=96&d=mm&r=g\",\"url\":\"https:\\\/\\\/secure.gravatar.com\\\/avatar\\\/b2a6f664a3ae8e074346ef91775736c5ec479e637ecced6842de9dc98b5da9cd?s=96&d=mm&r=g\",\"contentUrl\":\"https:\\\/\\\/secure.gravatar.com\\\/avatar\\\/b2a6f664a3ae8e074346ef91775736c5ec479e637ecced6842de9dc98b5da9cd?s=96&d=mm&r=g\",\"caption\":\"ccortez\"},\"url\":\"https:\\\/\\\/www.uartes.edu.ec\\\/sitio\\\/fr\\\/blog\\\/author\\\/ccortez\\\/\"}]}<\/script>\n<!-- \/ Yoast SEO plugin. -->","yoast_head_json":{"title":"Universidad de las Artes - Creaci\u00f3n del Ochoymedio y producci\u00f3n de pel\u00edculas valid\u00f3 trayectoria de Mariana Andrade, titulada en Cine","description":"Universidad de las Artes - Creaci\u00f3n del Ochoymedio y producci\u00f3n de pel\u00edculas valid\u00f3 trayectoria de Mariana Andrade, titulada en Cine","robots":{"index":"index","follow":"follow","max-snippet":"max-snippet:-1","max-image-preview":"max-image-preview:large","max-video-preview":"max-video-preview:-1"},"canonical":"https:\/\/www.uartes.edu.ec\/sitio\/fr\/blog\/2023\/04\/05\/creacion-del-ochoymedio-y-produccion-de-peliculas-valido-trayectoria-de-mariana-andrade-titulada-en-cine\/","og_locale":"fr_FR","og_type":"article","og_title":"Universidad de las Artes - Creaci\u00f3n del Ochoymedio y producci\u00f3n de pel\u00edculas valid\u00f3 trayectoria de Mariana Andrade, titulada en Cine","og_description":"Universidad de las Artes - Creaci\u00f3n del Ochoymedio y producci\u00f3n de pel\u00edculas valid\u00f3 trayectoria de Mariana Andrade, titulada en Cine","og_url":"https:\/\/www.uartes.edu.ec\/sitio\/fr\/blog\/2023\/04\/05\/creacion-del-ochoymedio-y-produccion-de-peliculas-valido-trayectoria-de-mariana-andrade-titulada-en-cine\/","og_site_name":"Universidad de las Artes","article_publisher":"https:\/\/www.facebook.com\/uartesec","article_published_time":"2023-04-05T22:53:00+00:00","article_modified_time":"2024-07-04T16:21:20+00:00","og_image":[{"width":2000,"height":1333,"url":"https:\/\/www.uartes.edu.ec\/sitio\/wp-content\/uploads\/2023\/04\/04-MARIANA-ANDRADE.jpg","type":"image\/jpeg"}],"author":"ccortez","twitter_card":"summary_large_image","twitter_creator":"@uartesec","twitter_site":"@uartesec","twitter_misc":{"\u00c9crit par":"ccortez","Dur\u00e9e de lecture estim\u00e9e":"3 minutes"},"schema":{"@context":"https:\/\/schema.org","@graph":[{"@type":"Article","@id":"https:\/\/www.uartes.edu.ec\/sitio\/fr\/blog\/2023\/04\/05\/creacion-del-ochoymedio-y-produccion-de-peliculas-valido-trayectoria-de-mariana-andrade-titulada-en-cine\/#article","isPartOf":{"@id":"https:\/\/www.uartes.edu.ec\/sitio\/fr\/blog\/2023\/04\/05\/creacion-del-ochoymedio-y-produccion-de-peliculas-valido-trayectoria-de-mariana-andrade-titulada-en-cine\/"},"author":{"name":"ccortez","@id":"https:\/\/www.uartes.edu.ec\/sitio\/fr\/#\/schema\/person\/efa1b8275797664fd7f13a79ccc0b1f4"},"headline":"Creaci\u00f3n del Ochoymedio y producci\u00f3n de pel\u00edculas valid\u00f3 trayectoria de Mariana Andrade, titulada en Cine","datePublished":"2023-04-05T22:53:00+00:00","dateModified":"2024-07-04T16:21:20+00:00","mainEntityOfPage":{"@id":"https:\/\/www.uartes.edu.ec\/sitio\/fr\/blog\/2023\/04\/05\/creacion-del-ochoymedio-y-produccion-de-peliculas-valido-trayectoria-de-mariana-andrade-titulada-en-cine\/"},"wordCount":553,"commentCount":0,"publisher":{"@id":"https:\/\/www.uartes.edu.ec\/sitio\/fr\/#organization"},"image":{"@id":"https:\/\/www.uartes.edu.ec\/sitio\/fr\/blog\/2023\/04\/05\/creacion-del-ochoymedio-y-produccion-de-peliculas-valido-trayectoria-de-mariana-andrade-titulada-en-cine\/#primaryimage"},"thumbnailUrl":"https:\/\/www.uartes.edu.ec\/sitio\/wp-content\/uploads\/2023\/04\/04-MARIANA-ANDRADE.jpg","keywords":["Validaci\u00f3n de Trayectorias"],"articleSection":["Acad\u00e9mico","Artes","Gesti\u00f3n"],"inLanguage":"fr-FR","potentialAction":[{"@type":"CommentAction","name":"Comment","target":["https:\/\/www.uartes.edu.ec\/sitio\/fr\/blog\/2023\/04\/05\/creacion-del-ochoymedio-y-produccion-de-peliculas-valido-trayectoria-de-mariana-andrade-titulada-en-cine\/#respond"]}]},{"@type":["WebPage","ItemPage"],"@id":"https:\/\/www.uartes.edu.ec\/sitio\/fr\/blog\/2023\/04\/05\/creacion-del-ochoymedio-y-produccion-de-peliculas-valido-trayectoria-de-mariana-andrade-titulada-en-cine\/","url":"https:\/\/www.uartes.edu.ec\/sitio\/fr\/blog\/2023\/04\/05\/creacion-del-ochoymedio-y-produccion-de-peliculas-valido-trayectoria-de-mariana-andrade-titulada-en-cine\/","name":"Universidad de las Artes - Creaci\u00f3n del Ochoymedio y producci\u00f3n de pel\u00edculas valid\u00f3 trayectoria de Mariana Andrade, titulada en Cine","isPartOf":{"@id":"https:\/\/www.uartes.edu.ec\/sitio\/fr\/#website"},"primaryImageOfPage":{"@id":"https:\/\/www.uartes.edu.ec\/sitio\/fr\/blog\/2023\/04\/05\/creacion-del-ochoymedio-y-produccion-de-peliculas-valido-trayectoria-de-mariana-andrade-titulada-en-cine\/#primaryimage"},"image":{"@id":"https:\/\/www.uartes.edu.ec\/sitio\/fr\/blog\/2023\/04\/05\/creacion-del-ochoymedio-y-produccion-de-peliculas-valido-trayectoria-de-mariana-andrade-titulada-en-cine\/#primaryimage"},"thumbnailUrl":"https:\/\/www.uartes.edu.ec\/sitio\/wp-content\/uploads\/2023\/04\/04-MARIANA-ANDRADE.jpg","datePublished":"2023-04-05T22:53:00+00:00","dateModified":"2024-07-04T16:21:20+00:00","description":"Universidad de las Artes - Creaci\u00f3n del Ochoymedio y producci\u00f3n de pel\u00edculas valid\u00f3 trayectoria de Mariana Andrade, titulada en Cine","breadcrumb":{"@id":"https:\/\/www.uartes.edu.ec\/sitio\/fr\/blog\/2023\/04\/05\/creacion-del-ochoymedio-y-produccion-de-peliculas-valido-trayectoria-de-mariana-andrade-titulada-en-cine\/#breadcrumb"},"inLanguage":"fr-FR","potentialAction":[{"@type":"ReadAction","target":["https:\/\/www.uartes.edu.ec\/sitio\/fr\/blog\/2023\/04\/05\/creacion-del-ochoymedio-y-produccion-de-peliculas-valido-trayectoria-de-mariana-andrade-titulada-en-cine\/"]}]},{"@type":"ImageObject","inLanguage":"fr-FR","@id":"https:\/\/www.uartes.edu.ec\/sitio\/fr\/blog\/2023\/04\/05\/creacion-del-ochoymedio-y-produccion-de-peliculas-valido-trayectoria-de-mariana-andrade-titulada-en-cine\/#primaryimage","url":"https:\/\/www.uartes.edu.ec\/sitio\/wp-content\/uploads\/2023\/04\/04-MARIANA-ANDRADE.jpg","contentUrl":"https:\/\/www.uartes.edu.ec\/sitio\/wp-content\/uploads\/2023\/04\/04-MARIANA-ANDRADE.jpg","width":2000,"height":1333},{"@type":"BreadcrumbList","@id":"https:\/\/www.uartes.edu.ec\/sitio\/fr\/blog\/2023\/04\/05\/creacion-del-ochoymedio-y-produccion-de-peliculas-valido-trayectoria-de-mariana-andrade-titulada-en-cine\/#breadcrumb","itemListElement":[{"@type":"ListItem","position":1,"name":"Inicio","item":"https:\/\/www.uartes.edu.ec\/sitio\/"},{"@type":"ListItem","position":2,"name":"Creaci\u00f3n del Ochoymedio y producci\u00f3n de pel\u00edculas valid\u00f3 trayectoria de Mariana Andrade, titulada en Cine"}]},{"@type":"WebSite","@id":"https:\/\/www.uartes.edu.ec\/sitio\/fr\/#website","url":"https:\/\/www.uartes.edu.ec\/sitio\/fr\/","name":"Universidad de las Artes","description":"Sitio oficial de la Universidad Nacional de las Artes del Ecuador","publisher":{"@id":"https:\/\/www.uartes.edu.ec\/sitio\/fr\/#organization"},"potentialAction":[{"@type":"SearchAction","target":{"@type":"EntryPoint","urlTemplate":"https:\/\/www.uartes.edu.ec\/sitio\/fr\/?s={search_term_string}"},"query-input":{"@type":"PropertyValueSpecification","valueRequired":true,"valueName":"search_term_string"}}],"inLanguage":"fr-FR"},{"@type":"Organization","@id":"https:\/\/www.uartes.edu.ec\/sitio\/fr\/#organization","name":"Universidad de las Artes","url":"https:\/\/www.uartes.edu.ec\/sitio\/fr\/","logo":{"@type":"ImageObject","inLanguage":"fr-FR","@id":"https:\/\/www.uartes.edu.ec\/sitio\/fr\/#\/schema\/logo\/image\/","url":"https:\/\/www.uartes.edu.ec\/sitio\/wp-content\/uploads\/2022\/07\/logo-ua-horizontal.png","contentUrl":"https:\/\/www.uartes.edu.ec\/sitio\/wp-content\/uploads\/2022\/07\/logo-ua-horizontal.png","width":800,"height":276,"caption":"Universidad de las Artes"},"image":{"@id":"https:\/\/www.uartes.edu.ec\/sitio\/fr\/#\/schema\/logo\/image\/"},"sameAs":["https:\/\/www.facebook.com\/uartesec","https:\/\/x.com\/uartesec","https:\/\/www.tiktok.com\/@uartesec"]},{"@type":"Person","@id":"https:\/\/www.uartes.edu.ec\/sitio\/fr\/#\/schema\/person\/efa1b8275797664fd7f13a79ccc0b1f4","name":"ccortez","image":{"@type":"ImageObject","inLanguage":"fr-FR","@id":"https:\/\/secure.gravatar.com\/avatar\/b2a6f664a3ae8e074346ef91775736c5ec479e637ecced6842de9dc98b5da9cd?s=96&d=mm&r=g","url":"https:\/\/secure.gravatar.com\/avatar\/b2a6f664a3ae8e074346ef91775736c5ec479e637ecced6842de9dc98b5da9cd?s=96&d=mm&r=g","contentUrl":"https:\/\/secure.gravatar.com\/avatar\/b2a6f664a3ae8e074346ef91775736c5ec479e637ecced6842de9dc98b5da9cd?s=96&d=mm&r=g","caption":"ccortez"},"url":"https:\/\/www.uartes.edu.ec\/sitio\/fr\/blog\/author\/ccortez\/"}]}},"uagb_featured_image_src":{"full":["https:\/\/www.uartes.edu.ec\/sitio\/wp-content\/uploads\/2023\/04\/04-MARIANA-ANDRADE.jpg",2000,1333,false],"thumbnail":["https:\/\/www.uartes.edu.ec\/sitio\/wp-content\/uploads\/2023\/04\/04-MARIANA-ANDRADE-150x150.jpg",150,150,true],"medium":["https:\/\/www.uartes.edu.ec\/sitio\/wp-content\/uploads\/2023\/04\/04-MARIANA-ANDRADE-300x200.jpg",300,200,true],"medium_large":["https:\/\/www.uartes.edu.ec\/sitio\/wp-content\/uploads\/2023\/04\/04-MARIANA-ANDRADE-768x512.jpg",768,512,true],"large":["https:\/\/www.uartes.edu.ec\/sitio\/wp-content\/uploads\/2023\/04\/04-MARIANA-ANDRADE-644x429.jpg",644,429,true],"1536x1536":["https:\/\/www.uartes.edu.ec\/sitio\/wp-content\/uploads\/2023\/04\/04-MARIANA-ANDRADE-1536x1024.jpg",1536,1024,true],"2048x2048":["https:\/\/www.uartes.edu.ec\/sitio\/wp-content\/uploads\/2023\/04\/04-MARIANA-ANDRADE.jpg",2000,1333,false],"trp-custom-language-flag":["https:\/\/www.uartes.edu.ec\/sitio\/wp-content\/uploads\/2023\/04\/04-MARIANA-ANDRADE.jpg",18,12,false],"htmega_size_585x295":["https:\/\/www.uartes.edu.ec\/sitio\/wp-content\/uploads\/2023\/04\/04-MARIANA-ANDRADE-585x295.jpg",585,295,true],"htmega_size_1170x536":["https:\/\/www.uartes.edu.ec\/sitio\/wp-content\/uploads\/2023\/04\/04-MARIANA-ANDRADE-1170x536.jpg",1170,536,true],"htmega_size_396x360":["https:\/\/www.uartes.edu.ec\/sitio\/wp-content\/uploads\/2023\/04\/04-MARIANA-ANDRADE-396x360.jpg",396,360,true],"gb-block-post-grid-landscape":["https:\/\/www.uartes.edu.ec\/sitio\/wp-content\/uploads\/2023\/04\/04-MARIANA-ANDRADE-600x400.jpg",600,400,true],"gb-block-post-grid-square":["https:\/\/www.uartes.edu.ec\/sitio\/wp-content\/uploads\/2023\/04\/04-MARIANA-ANDRADE-600x600.jpg",600,600,true],"university-hub-thumb":["https:\/\/www.uartes.edu.ec\/sitio\/wp-content\/uploads\/2023\/04\/04-MARIANA-ANDRADE-400x267.jpg",400,267,true]},"uagb_author_info":{"display_name":"ccortez","author_link":"https:\/\/www.uartes.edu.ec\/sitio\/fr\/blog\/author\/ccortez\/"},"uagb_comment_info":0,"uagb_excerpt":"Mariana Andrade Estrella inici\u00f3 su carrera art\u00edstica en los 80 y junto a un grupo de realizadores y artistas cre\u00f3 el Ochoymedio. Ha participado en los equipos de producci\u00f3n y como productora ejecutiva de pel\u00edculas como \u201cLa Tigra\u201d y \u201cEntre Marx y una mujer desnuda\u201d. Su m\u00e1s reciente meta fue obtener de la UArtes la\u2026","featured_image_src":"https:\/\/www.uartes.edu.ec\/sitio\/wp-content\/uploads\/2023\/04\/04-MARIANA-ANDRADE-600x400.jpg","featured_image_src_square":"https:\/\/www.uartes.edu.ec\/sitio\/wp-content\/uploads\/2023\/04\/04-MARIANA-ANDRADE-600x600.jpg","author_info":{"display_name":"ccortez","author_link":"https:\/\/www.uartes.edu.ec\/sitio\/fr\/blog\/author\/ccortez\/"},"publishpress_future_workflow_manual_trigger":{"enabledWorkflows":[]},"distributor_meta":false,"distributor_terms":false,"distributor_media":false,"distributor_original_site_name":"Universidad de las Artes","distributor_original_site_url":"https:\/\/www.uartes.edu.ec\/sitio\/fr","push-errors":false,"_links":{"self":[{"href":"https:\/\/www.uartes.edu.ec\/sitio\/fr\/wp-json\/wp\/v2\/posts\/40687","targetHints":{"allow":["GET"]}}],"collection":[{"href":"https:\/\/www.uartes.edu.ec\/sitio\/fr\/wp-json\/wp\/v2\/posts"}],"about":[{"href":"https:\/\/www.uartes.edu.ec\/sitio\/fr\/wp-json\/wp\/v2\/types\/post"}],"author":[{"embeddable":true,"href":"https:\/\/www.uartes.edu.ec\/sitio\/fr\/wp-json\/wp\/v2\/users\/10"}],"replies":[{"embeddable":true,"href":"https:\/\/www.uartes.edu.ec\/sitio\/fr\/wp-json\/wp\/v2\/comments?post=40687"}],"version-history":[{"count":1,"href":"https:\/\/www.uartes.edu.ec\/sitio\/fr\/wp-json\/wp\/v2\/posts\/40687\/revisions"}],"predecessor-version":[{"id":40689,"href":"https:\/\/www.uartes.edu.ec\/sitio\/fr\/wp-json\/wp\/v2\/posts\/40687\/revisions\/40689"}],"wp:featuredmedia":[{"embeddable":true,"href":"https:\/\/www.uartes.edu.ec\/sitio\/fr\/wp-json\/wp\/v2\/media\/40688"}],"wp:attachment":[{"href":"https:\/\/www.uartes.edu.ec\/sitio\/fr\/wp-json\/wp\/v2\/media?parent=40687"}],"wp:term":[{"taxonomy":"category","embeddable":true,"href":"https:\/\/www.uartes.edu.ec\/sitio\/fr\/wp-json\/wp\/v2\/categories?post=40687"},{"taxonomy":"post_tag","embeddable":true,"href":"https:\/\/www.uartes.edu.ec\/sitio\/fr\/wp-json\/wp\/v2\/tags?post=40687"},{"taxonomy":"infouartes","embeddable":true,"href":"https:\/\/www.uartes.edu.ec\/sitio\/fr\/wp-json\/wp\/v2\/infouartes?post=40687"}],"curies":[{"name":"wp","href":"https:\/\/api.w.org\/{rel}","templated":true}]}}