{"id":40797,"date":"2023-04-13T11:50:47","date_gmt":"2023-04-13T16:50:47","guid":{"rendered":"https:\/\/www.uartes.edu.ec\/sitio\/?p=40797"},"modified":"2024-07-04T11:21:18","modified_gmt":"2024-07-04T16:21:18","slug":"ser-docente-una-mision-que-apasiona-y-se-realiza-con-responsabilidad-y-compromiso","status":"publish","type":"post","link":"https:\/\/www.uartes.edu.ec\/sitio\/fr\/blog\/2023\/04\/13\/ser-docente-una-mision-que-apasiona-y-se-realiza-con-responsabilidad-y-compromiso\/","title":{"rendered":"Ser docente en artes, una misi\u00f3n que apasiona y se cumple con profundo compromiso y gran responsabilidad"},"content":{"rendered":"<p>El 13 de abril de cada a\u00f1o conmemoramos el D\u00eda del Maestro y de la Maestra en el Ecuador, fecha establecida por el natalicio del escritor y educador Juan Montalvo y por cuyo homenaje se rinde tambi\u00e9n un merecido reconocimiento a quienes con dedicaci\u00f3n transmiten sus conocimientos y saberes a ni\u00f1os, j\u00f3venes y adultos.<\/p>\n\n\n\n<p>La Universidad de las Artes celebra en este especial d\u00eda a todos sus docentes, quienes con admirable entrega contribuyen al desarrollo integral de nuestros estudiantes en el campo de la cultura y en la producci\u00f3n de conocimiento en arte; una labor que cumplen con entusiasmo, denuedo y pasi\u00f3n en cada clase, formando as\u00ed nuevos artistas.<\/p>\n\n\n\n<p>En esta ocasi\u00f3n compartimos algunos testimonios y opiniones de lo que significa ser docente y ser docente en artes:<\/p>\n\n\n<div class=\"wp-block-image\">\n<figure class=\"aligncenter size-large\"><img fetchpriority=\"high\" decoding=\"async\" width=\"644\" height=\"429\" src=\"https:\/\/www.uartes.edu.ec\/sitio\/wp-content\/uploads\/2023\/04\/VANESSA-PEREZ-1-644x429.jpg\" alt=\"\" class=\"wp-image-40819\" srcset=\"https:\/\/www.uartes.edu.ec\/sitio\/wp-content\/uploads\/2023\/04\/VANESSA-PEREZ-1-644x429.jpg 644w, https:\/\/www.uartes.edu.ec\/sitio\/wp-content\/uploads\/2023\/04\/VANESSA-PEREZ-1-768x511.jpg 768w, https:\/\/www.uartes.edu.ec\/sitio\/wp-content\/uploads\/2023\/04\/VANESSA-PEREZ-1.jpg 2000w, https:\/\/www.uartes.edu.ec\/sitio\/wp-content\/uploads\/2023\/04\/VANESSA-PEREZ-1-600x399.jpg 600w, https:\/\/www.uartes.edu.ec\/sitio\/wp-content\/uploads\/2023\/04\/VANESSA-PEREZ-1-272x182.jpg 272w\" sizes=\"(max-width: 644px) 100vw, 644px\" \/><figcaption class=\"wp-element-caption\">Vanessa P\u00e9rez, docente y coordinadora de la carrera de Danza, de la Escuela de Artes Esc\u00e9nicas.<\/figcaption><\/figure>\n<\/div>\n\n\n<p>\u201cSolo pensar en la docencia me lleva a imaginar la posibilidad de un lenguaje nuevo cada d\u00eda. La docencia en artes, a\u00fan m\u00e1s, es un compromiso muy profundo con la humanidad, con el lugar donde habito, con la gente con la que comparto\u201d, indica Vanessa P\u00e9rez, docente de la Escuela de Artes Esc\u00e9nicas. Para la tambi\u00e9n coordinadora de la carrera de Danza, la docencia en artes le brinda la posibilidad de \u201cuna mirada distinta al mundo, de una posibilidad creativa, de una reinterpretaci\u00f3n\u201d.<\/p>\n\n\n<div class=\"wp-block-image\">\n<figure class=\"aligncenter size-large\"><img decoding=\"async\" width=\"644\" height=\"429\" src=\"https:\/\/www.uartes.edu.ec\/sitio\/wp-content\/uploads\/2023\/04\/PRISCILA-CASTRO-BAJA-644x429.jpg\" alt=\"\" class=\"wp-image-40823\" srcset=\"https:\/\/www.uartes.edu.ec\/sitio\/wp-content\/uploads\/2023\/04\/PRISCILA-CASTRO-BAJA-644x429.jpg 644w, https:\/\/www.uartes.edu.ec\/sitio\/wp-content\/uploads\/2023\/04\/PRISCILA-CASTRO-BAJA-768x511.jpg 768w, https:\/\/www.uartes.edu.ec\/sitio\/wp-content\/uploads\/2023\/04\/PRISCILA-CASTRO-BAJA.jpg 2000w, https:\/\/www.uartes.edu.ec\/sitio\/wp-content\/uploads\/2023\/04\/PRISCILA-CASTRO-BAJA-600x399.jpg 600w, https:\/\/www.uartes.edu.ec\/sitio\/wp-content\/uploads\/2023\/04\/PRISCILA-CASTRO-BAJA-272x182.jpg 272w\" sizes=\"(max-width: 644px) 100vw, 644px\" \/><figcaption class=\"wp-element-caption\">Priscila Castro, docente de la Escuela de Artes Sonoras.<\/figcaption><\/figure>\n<\/div>\n\n\n<p>Siendo la docencia un pilar fundamental dentro del sistema educativo ecuatoriano, la maestra Priscila Castro, de la Escuela de Artes Sonoras, indica que es para ella una pasi\u00f3n incentivar al estudiante a conocer el mundo de la m\u00fasica y, sobre todo, \u201ccrear espacios donde ellos puedan opinar, puedan comparar y sacar sus propias conclusiones\u201d.<\/p>\n\n\n\n<p>El reconocido cineasta Javier Andrade, docente de la Escuela de Cine, considera un lujo \u201cpoder ense\u00f1ar aquello que a uno le gusta y tambi\u00e9n poder aprender de lo que significa ser un profesor, ser un docente y preparar cada clase. Yo creo que una docencia en artes es una responsabilidad, es un derecho y es tambi\u00e9n un placer\u201d.<\/p>\n\n\n<div class=\"wp-block-image\">\n<figure class=\"aligncenter size-large\"><img decoding=\"async\" width=\"644\" height=\"429\" src=\"https:\/\/www.uartes.edu.ec\/sitio\/wp-content\/uploads\/2023\/04\/JAVIER-ANDRADE-BAJA-644x429.jpg\" alt=\"\" class=\"wp-image-40824\" srcset=\"https:\/\/www.uartes.edu.ec\/sitio\/wp-content\/uploads\/2023\/04\/JAVIER-ANDRADE-BAJA-644x429.jpg 644w, https:\/\/www.uartes.edu.ec\/sitio\/wp-content\/uploads\/2023\/04\/JAVIER-ANDRADE-BAJA-768x511.jpg 768w, https:\/\/www.uartes.edu.ec\/sitio\/wp-content\/uploads\/2023\/04\/JAVIER-ANDRADE-BAJA.jpg 2000w, https:\/\/www.uartes.edu.ec\/sitio\/wp-content\/uploads\/2023\/04\/JAVIER-ANDRADE-BAJA-600x399.jpg 600w, https:\/\/www.uartes.edu.ec\/sitio\/wp-content\/uploads\/2023\/04\/JAVIER-ANDRADE-BAJA-272x182.jpg 272w\" sizes=\"(max-width: 644px) 100vw, 644px\" \/><\/figure>\n<\/div>\n\n<div class=\"wp-block-image\">\n<figure class=\"aligncenter size-large\"><img loading=\"lazy\" decoding=\"async\" width=\"644\" height=\"429\" src=\"https:\/\/www.uartes.edu.ec\/sitio\/wp-content\/uploads\/2023\/04\/JORGE-TRIGRERO-BAJA-644x429.jpg\" alt=\"\" class=\"wp-image-40825\" srcset=\"https:\/\/www.uartes.edu.ec\/sitio\/wp-content\/uploads\/2023\/04\/JORGE-TRIGRERO-BAJA-644x429.jpg 644w, https:\/\/www.uartes.edu.ec\/sitio\/wp-content\/uploads\/2023\/04\/JORGE-TRIGRERO-BAJA-768x511.jpg 768w, https:\/\/www.uartes.edu.ec\/sitio\/wp-content\/uploads\/2023\/04\/JORGE-TRIGRERO-BAJA.jpg 2000w, https:\/\/www.uartes.edu.ec\/sitio\/wp-content\/uploads\/2023\/04\/JORGE-TRIGRERO-BAJA-600x399.jpg 600w, https:\/\/www.uartes.edu.ec\/sitio\/wp-content\/uploads\/2023\/04\/JORGE-TRIGRERO-BAJA-272x182.jpg 272w\" sizes=\"(max-width: 644px) 100vw, 644px\" \/><figcaption class=\"wp-element-caption\">Javier Andrade (arriba) y Jorge Tigrero, docentes de las escuelas de Cine y de Literatura, respectivamente.<\/figcaption><\/figure>\n<\/div>\n\n\n<p>De la Escuela de Literatura, de la carrera de Pedagog\u00eda de las Artes y Humanidades, el docente Jorge Tigrero expresa que para \u00e9l ser maestro es su misi\u00f3n de vida cuyo eje es formar y desarrollar procesos de aprendizaje significativos a trav\u00e9s de los cuales los estudiantes puedan alcanzar sus metas.<\/p>\n\n\n\n<p>Para Rosita Elena Mart\u00ednez, docente del Departamento de Lenguas Extranjeras (DLE) de la UArtes, \u201cser maestro es una tarea noble y gratificante que implica mucho m\u00e1s que simplemente transmitir conocimientos. Es una vocaci\u00f3n que requiere de un compromiso y responsabilidad por el aprendizaje a partir del reconocimiento de las fortalezas del otro\u201d.<\/p>\n\n\n<div class=\"wp-block-image\">\n<figure class=\"aligncenter size-large\"><img loading=\"lazy\" decoding=\"async\" width=\"644\" height=\"429\" src=\"https:\/\/www.uartes.edu.ec\/sitio\/wp-content\/uploads\/2023\/04\/Rosa-Elena-Martinez-2-644x429.jpg\" alt=\"\" class=\"wp-image-40826\" srcset=\"https:\/\/www.uartes.edu.ec\/sitio\/wp-content\/uploads\/2023\/04\/Rosa-Elena-Martinez-2-644x429.jpg 644w, https:\/\/www.uartes.edu.ec\/sitio\/wp-content\/uploads\/2023\/04\/Rosa-Elena-Martinez-2-768x511.jpg 768w, https:\/\/www.uartes.edu.ec\/sitio\/wp-content\/uploads\/2023\/04\/Rosa-Elena-Martinez-2.jpg 2000w, https:\/\/www.uartes.edu.ec\/sitio\/wp-content\/uploads\/2023\/04\/Rosa-Elena-Martinez-2-600x399.jpg 600w, https:\/\/www.uartes.edu.ec\/sitio\/wp-content\/uploads\/2023\/04\/Rosa-Elena-Martinez-2-272x182.jpg 272w\" sizes=\"(max-width: 644px) 100vw, 644px\" \/><figcaption class=\"wp-element-caption\">Rosita Elena Mart\u00ednez, docente del Departamento de Lenguas Extranjeras (DLE) de la UArtes.<\/figcaption><\/figure>\n<\/div>\n\n\n<p>Agrega Mart\u00ednez que \u201cel ejercicio de la docencia nos ofrece la suerte de guiar al estudiante hacia el aprendizaje, labor que exige una constante actualizaci\u00f3n y preparaci\u00f3n para ofrecer lo mejor de uno mismo en cada clase. En este sentido, el maestro no solo transmite contenidos, sino tambi\u00e9n reconoce al sujeto que aprende como un ser dotado de emociones, sensaciones y\u00a0representaciones que le son propias\u201d.<\/p>\n\n\n\n<p>El maestro acompa\u00f1a al estudiante en su proceso de construcci\u00f3n del conocimiento, ense\u00f1a y aprende a ense\u00f1ar a trav\u00e9s de un proceso dial\u00e9ctico y significativo que se erige sobre valores como la empat\u00eda y el respeto, refiere Mart\u00ednez.<\/p>\n\n\n<div class=\"wp-block-image\">\n<figure class=\"aligncenter size-large\"><img loading=\"lazy\" decoding=\"async\" width=\"644\" height=\"429\" src=\"https:\/\/www.uartes.edu.ec\/sitio\/wp-content\/uploads\/2023\/04\/JUAN-CAGUANA-BAJA-644x429.jpg\" alt=\"\" class=\"wp-image-40827\" srcset=\"https:\/\/www.uartes.edu.ec\/sitio\/wp-content\/uploads\/2023\/04\/JUAN-CAGUANA-BAJA-644x429.jpg 644w, https:\/\/www.uartes.edu.ec\/sitio\/wp-content\/uploads\/2023\/04\/JUAN-CAGUANA-BAJA-768x511.jpg 768w, https:\/\/www.uartes.edu.ec\/sitio\/wp-content\/uploads\/2023\/04\/JUAN-CAGUANA-BAJA.jpg 2000w, https:\/\/www.uartes.edu.ec\/sitio\/wp-content\/uploads\/2023\/04\/JUAN-CAGUANA-BAJA-600x399.jpg 600w, https:\/\/www.uartes.edu.ec\/sitio\/wp-content\/uploads\/2023\/04\/JUAN-CAGUANA-BAJA-272x182.jpg 272w\" sizes=\"(max-width: 644px) 100vw, 644px\" \/><figcaption class=\"wp-element-caption\">Juan Caguana, docente de la Escuela de Artes Visuales.<\/figcaption><\/figure>\n<\/div>\n\n\n<p>El artista Juan Caguana comparte que, de su experiencia como docente de materias del nivel b\u00e1sico y avanzado de la carrera y Escuela de Artes Visuales, considera la labor que desempe\u00f1a junto a sus pares como \u201cun reconocimiento al universo de lo sensible, desde los diferentes lenguajes art\u00edsticos, facilitando al estudiante herramientas necesarias para defenderse en el campo que le interesa indagar\u201d.<\/p>\n\n\n\n<p>Michelle Ulloa Land\u00edvar es artista visual, graduada en el Instituto Superior Tecnol\u00f3gico de Artes del Ecuador. En la UArtes es docente de Nivelaci\u00f3n; sus inicios en el \u00e1mbito los dio en el ITAE como ayudante de c\u00e1tedra, anota y revela que anteriormente estuvo vinculada a otras ramas, como al de investigaci\u00f3n, al laboratorio de innovaci\u00f3n y producci\u00f3n, la comunicaci\u00f3n visual y la publicidad. \u201cPara m\u00ed ser docente y en artes es una de las experiencias m\u00e1s interesantes y enriquecedoras que experimento\u201d.<\/p>\n\n\n<div class=\"wp-block-image\">\n<figure class=\"aligncenter size-large\"><img loading=\"lazy\" decoding=\"async\" width=\"644\" height=\"429\" src=\"https:\/\/www.uartes.edu.ec\/sitio\/wp-content\/uploads\/2023\/04\/ULLOA-MICHELLE-644x429.jpg\" alt=\"\" class=\"wp-image-40849\" srcset=\"https:\/\/www.uartes.edu.ec\/sitio\/wp-content\/uploads\/2023\/04\/ULLOA-MICHELLE-644x429.jpg 644w, https:\/\/www.uartes.edu.ec\/sitio\/wp-content\/uploads\/2023\/04\/ULLOA-MICHELLE-768x511.jpg 768w, https:\/\/www.uartes.edu.ec\/sitio\/wp-content\/uploads\/2023\/04\/ULLOA-MICHELLE.jpg 2000w, https:\/\/www.uartes.edu.ec\/sitio\/wp-content\/uploads\/2023\/04\/ULLOA-MICHELLE-600x399.jpg 600w, https:\/\/www.uartes.edu.ec\/sitio\/wp-content\/uploads\/2023\/04\/ULLOA-MICHELLE-272x182.jpg 272w\" sizes=\"(max-width: 644px) 100vw, 644px\" \/><figcaption class=\"wp-element-caption\">Michelle Ulloa, artista visual y docente de Nivelaci\u00f3n.<\/figcaption><\/figure>\n<\/div>\n\n\n<p>Al ser artista, expresa, puede comprender esa necesidad de hacer y explorar arte que se vuelve imperiosa, \u201ca\u00fan con las diferentes interrogantes e inseguridades profesionales e incluso monetarias que el oficio de artista podr\u00eda encerrar. Esa necesidad de lanzarse a ese signo de interrogaci\u00f3n porque simplemente de otra forma uno no se siente completo\u201d.<\/p>\n\n\n\n<p>Ulloa estima que ese v\u00ednculo con personas que estudian arte hace que el encuentro con los estudiantes sea valioso. Adem\u00e1s, los diferentes procesos en el aula le han aportado de diversas maneras.<\/p>\n\n\n\n<p>Desde el Departamento\u00a0Transversal de Teor\u00edas Cr\u00edticas y Pr\u00e1cticas Experimentales, su directora y docente, Yulianela P\u00e9rez Garc\u00eda, comparte su sentir frente a la docencia: \u201ces un oficio de vida. Llevo unos 15 a\u00f1os aproximadamente ejerci\u00e9ndolo en varios espacios y sobre diferentes l\u00edneas. Lo entiendo no solo como la profesi\u00f3n aprehendida de ense\u00f1ar-aprender en el aula, lo veo como oficio de vida que va m\u00e1s all\u00e1 de esas barreras acad\u00e9micas inventadas. Es una actitud ante las personas que te rodean\u201d.<\/p>\n\n\n<div class=\"wp-block-image\">\n<figure class=\"aligncenter size-large\"><img loading=\"lazy\" decoding=\"async\" width=\"644\" height=\"429\" src=\"https:\/\/www.uartes.edu.ec\/sitio\/wp-content\/uploads\/2023\/04\/YULIANELA-PEREZ-WEB-OK-644x429.jpg\" alt=\"\" class=\"wp-image-41122\" srcset=\"https:\/\/www.uartes.edu.ec\/sitio\/wp-content\/uploads\/2023\/04\/YULIANELA-PEREZ-WEB-OK-644x429.jpg 644w, https:\/\/www.uartes.edu.ec\/sitio\/wp-content\/uploads\/2023\/04\/YULIANELA-PEREZ-WEB-OK-768x511.jpg 768w, https:\/\/www.uartes.edu.ec\/sitio\/wp-content\/uploads\/2023\/04\/YULIANELA-PEREZ-WEB-OK.jpg 2000w, https:\/\/www.uartes.edu.ec\/sitio\/wp-content\/uploads\/2023\/04\/YULIANELA-PEREZ-WEB-OK-600x399.jpg 600w, https:\/\/www.uartes.edu.ec\/sitio\/wp-content\/uploads\/2023\/04\/YULIANELA-PEREZ-WEB-OK-272x182.jpg 272w\" sizes=\"(max-width: 644px) 100vw, 644px\" \/><figcaption class=\"wp-element-caption\">Yulianela P\u00e9rez Garc\u00eda, directora y docente del Departamento\u00a0Transversal.<\/figcaption><\/figure>\n<\/div>\n\n\n<p>Cuando uno escoge ser docente, expresa P\u00e9rez, \u201cnunca se deja de serlo y creo que el objetivo final al que uno siempre aspira es dejar una huella, o al menos una motivaci\u00f3n de crecimiento en las y los otros\u201d.<\/p>\n\n\n\n<p>Ser docente en el campo de las artes, es un privilegio y un reto enorme, afirma la docente y directora de Transveral. \u201cUn privilegio en el contexto latinoamericano y ecuatoriano marcado por una matriz hist\u00f3rico-social tan desigual y jerarquizante. Un reto porque solo desde ese campo de lo sensible y simb\u00f3lico se pude apostar a reconstruir esa matriz y pensarla con otros \u00f3rdenes o al menos con un orden m\u00e1s humano\u201d.<\/p>\n\n\n\n<p>En la imagen principal, la docente Meining Cheung (c), quien es tambi\u00e9n directora de Acompa\u00f1amiento al \u00c9xito Acad\u00e9mico, con estudiantes y otros docentes UArtes, como Zoila Cevallos (atr\u00e1s, izq.).<\/p>","protected":false},"excerpt":{"rendered":"<p>La UArtes celebra en este 13 de abril a todos sus docentes, quienes con admirable entrega contribuyen al desarrollo integral de nuestros estudiantes en el campo de la cultura y del arte; una labor que cumplen con entusiasmo, denuedo y pasi\u00f3n, produciendo as\u00ed conocimiento en artes y formando nuevos artistas. Algunos de nuestros maestros y maestras comparten su sentir y la experiencia de ser un docente en artes.<\/p>","protected":false},"author":10,"featured_media":40798,"comment_status":"open","ping_status":"open","sticky":false,"template":"","format":"standard","meta":{"_acf_changed":false,"_uag_custom_page_level_css":"","_monsterinsights_skip_tracking":false,"_monsterinsights_sitenote_active":false,"_monsterinsights_sitenote_note":"","_monsterinsights_sitenote_category":0,"cybocfi_hide_featured_image":"","footnotes":""},"categories":[712,80,159,150,157,147,75,175],"tags":[665],"infouartes":[],"class_list":["post-40797","post","type-post","status-publish","format-standard","has-post-thumbnail","hentry","category-1a","category-academico","category-artes-escenicas","category-artes-sonoras","category-artes-visuales","category-cine","category-docentes","category-literatura","tag-celebracion"],"acf":[],"yoast_head":"<!-- This site is optimized with the Yoast SEO plugin v27.4 - https:\/\/yoast.com\/product\/yoast-seo-wordpress\/ -->\n<title>Universidad de las Artes - Ser docente en artes, una misi\u00f3n que apasiona y se cumple con profundo compromiso y gran responsabilidad<\/title>\n<meta name=\"description\" content=\"Universidad de las Artes - Ser docente en artes, una misi\u00f3n que apasiona y se cumple con profundo compromiso y gran responsabilidad\" \/>\n<meta name=\"robots\" content=\"index, follow, max-snippet:-1, max-image-preview:large, max-video-preview:-1\" \/>\n<link rel=\"canonical\" href=\"https:\/\/www.uartes.edu.ec\/sitio\/fr\/blog\/2023\/04\/13\/ser-docente-una-mision-que-apasiona-y-se-realiza-con-responsabilidad-y-compromiso\/\" \/>\n<meta property=\"og:locale\" content=\"fr_FR\" \/>\n<meta property=\"og:type\" content=\"article\" \/>\n<meta property=\"og:title\" content=\"Universidad de las Artes - Ser docente en artes, una misi\u00f3n que apasiona y se cumple con profundo compromiso y gran responsabilidad\" \/>\n<meta property=\"og:description\" content=\"Universidad de las Artes - Ser docente en artes, una misi\u00f3n que apasiona y se cumple con profundo compromiso y gran responsabilidad\" \/>\n<meta property=\"og:url\" content=\"https:\/\/www.uartes.edu.ec\/sitio\/fr\/blog\/2023\/04\/13\/ser-docente-una-mision-que-apasiona-y-se-realiza-con-responsabilidad-y-compromiso\/\" \/>\n<meta property=\"og:site_name\" content=\"Universidad de las Artes\" \/>\n<meta property=\"article:publisher\" content=\"https:\/\/www.facebook.com\/uartesec\" \/>\n<meta property=\"article:published_time\" content=\"2023-04-13T16:50:47+00:00\" \/>\n<meta property=\"article:modified_time\" content=\"2024-07-04T16:21:18+00:00\" \/>\n<meta property=\"og:image\" content=\"https:\/\/www.uartes.edu.ec\/sitio\/wp-content\/uploads\/2023\/04\/02-PORTADA-NOTA-WEB-DIA-MAESTRO.jpg\" \/>\n\t<meta property=\"og:image:width\" content=\"2000\" \/>\n\t<meta property=\"og:image:height\" content=\"1333\" \/>\n\t<meta property=\"og:image:type\" content=\"image\/jpeg\" \/>\n<meta name=\"author\" content=\"ccortez\" \/>\n<meta name=\"twitter:card\" content=\"summary_large_image\" \/>\n<meta name=\"twitter:creator\" content=\"@uartesec\" \/>\n<meta name=\"twitter:site\" content=\"@uartesec\" \/>\n<meta name=\"twitter:label1\" content=\"\u00c9crit par\" \/>\n\t<meta name=\"twitter:data1\" content=\"ccortez\" \/>\n\t<meta name=\"twitter:label2\" content=\"Dur\u00e9e de lecture estim\u00e9e\" \/>\n\t<meta name=\"twitter:data2\" content=\"7 minutes\" \/>\n<script type=\"application\/ld+json\" class=\"yoast-schema-graph\">{\"@context\":\"https:\\\/\\\/schema.org\",\"@graph\":[{\"@type\":\"Article\",\"@id\":\"https:\\\/\\\/www.uartes.edu.ec\\\/sitio\\\/fr\\\/blog\\\/2023\\\/04\\\/13\\\/ser-docente-una-mision-que-apasiona-y-se-realiza-con-responsabilidad-y-compromiso\\\/#article\",\"isPartOf\":{\"@id\":\"https:\\\/\\\/www.uartes.edu.ec\\\/sitio\\\/fr\\\/blog\\\/2023\\\/04\\\/13\\\/ser-docente-una-mision-que-apasiona-y-se-realiza-con-responsabilidad-y-compromiso\\\/\"},\"author\":{\"name\":\"ccortez\",\"@id\":\"https:\\\/\\\/www.uartes.edu.ec\\\/sitio\\\/fr\\\/#\\\/schema\\\/person\\\/efa1b8275797664fd7f13a79ccc0b1f4\"},\"headline\":\"Ser docente en artes, una misi\u00f3n que apasiona y se cumple con profundo compromiso y gran responsabilidad\",\"datePublished\":\"2023-04-13T16:50:47+00:00\",\"dateModified\":\"2024-07-04T16:21:18+00:00\",\"mainEntityOfPage\":{\"@id\":\"https:\\\/\\\/www.uartes.edu.ec\\\/sitio\\\/fr\\\/blog\\\/2023\\\/04\\\/13\\\/ser-docente-una-mision-que-apasiona-y-se-realiza-con-responsabilidad-y-compromiso\\\/\"},\"wordCount\":1157,\"commentCount\":0,\"publisher\":{\"@id\":\"https:\\\/\\\/www.uartes.edu.ec\\\/sitio\\\/fr\\\/#organization\"},\"image\":{\"@id\":\"https:\\\/\\\/www.uartes.edu.ec\\\/sitio\\\/fr\\\/blog\\\/2023\\\/04\\\/13\\\/ser-docente-una-mision-que-apasiona-y-se-realiza-con-responsabilidad-y-compromiso\\\/#primaryimage\"},\"thumbnailUrl\":\"https:\\\/\\\/www.uartes.edu.ec\\\/sitio\\\/wp-content\\\/uploads\\\/2023\\\/04\\\/02-PORTADA-NOTA-WEB-DIA-MAESTRO.jpg\",\"keywords\":[\"celebraci\u00f3n\"],\"articleSection\":[\"1A\",\"Acad\u00e9mico\",\"Artes Esc\u00e9nicas\",\"Artes Sonoras\",\"Artes Visuales\",\"Cine\",\"Docentes\",\"Literatura\"],\"inLanguage\":\"fr-FR\",\"potentialAction\":[{\"@type\":\"CommentAction\",\"name\":\"Comment\",\"target\":[\"https:\\\/\\\/www.uartes.edu.ec\\\/sitio\\\/fr\\\/blog\\\/2023\\\/04\\\/13\\\/ser-docente-una-mision-que-apasiona-y-se-realiza-con-responsabilidad-y-compromiso\\\/#respond\"]}]},{\"@type\":[\"WebPage\",\"ItemPage\"],\"@id\":\"https:\\\/\\\/www.uartes.edu.ec\\\/sitio\\\/fr\\\/blog\\\/2023\\\/04\\\/13\\\/ser-docente-una-mision-que-apasiona-y-se-realiza-con-responsabilidad-y-compromiso\\\/\",\"url\":\"https:\\\/\\\/www.uartes.edu.ec\\\/sitio\\\/fr\\\/blog\\\/2023\\\/04\\\/13\\\/ser-docente-una-mision-que-apasiona-y-se-realiza-con-responsabilidad-y-compromiso\\\/\",\"name\":\"Universidad de las Artes - Ser docente en artes, una misi\u00f3n que apasiona y se cumple con profundo compromiso y gran responsabilidad\",\"isPartOf\":{\"@id\":\"https:\\\/\\\/www.uartes.edu.ec\\\/sitio\\\/fr\\\/#website\"},\"primaryImageOfPage\":{\"@id\":\"https:\\\/\\\/www.uartes.edu.ec\\\/sitio\\\/fr\\\/blog\\\/2023\\\/04\\\/13\\\/ser-docente-una-mision-que-apasiona-y-se-realiza-con-responsabilidad-y-compromiso\\\/#primaryimage\"},\"image\":{\"@id\":\"https:\\\/\\\/www.uartes.edu.ec\\\/sitio\\\/fr\\\/blog\\\/2023\\\/04\\\/13\\\/ser-docente-una-mision-que-apasiona-y-se-realiza-con-responsabilidad-y-compromiso\\\/#primaryimage\"},\"thumbnailUrl\":\"https:\\\/\\\/www.uartes.edu.ec\\\/sitio\\\/wp-content\\\/uploads\\\/2023\\\/04\\\/02-PORTADA-NOTA-WEB-DIA-MAESTRO.jpg\",\"datePublished\":\"2023-04-13T16:50:47+00:00\",\"dateModified\":\"2024-07-04T16:21:18+00:00\",\"description\":\"Universidad de las Artes - Ser docente en artes, una misi\u00f3n que apasiona y se cumple con profundo compromiso y gran responsabilidad\",\"breadcrumb\":{\"@id\":\"https:\\\/\\\/www.uartes.edu.ec\\\/sitio\\\/fr\\\/blog\\\/2023\\\/04\\\/13\\\/ser-docente-una-mision-que-apasiona-y-se-realiza-con-responsabilidad-y-compromiso\\\/#breadcrumb\"},\"inLanguage\":\"fr-FR\",\"potentialAction\":[{\"@type\":\"ReadAction\",\"target\":[\"https:\\\/\\\/www.uartes.edu.ec\\\/sitio\\\/fr\\\/blog\\\/2023\\\/04\\\/13\\\/ser-docente-una-mision-que-apasiona-y-se-realiza-con-responsabilidad-y-compromiso\\\/\"]}]},{\"@type\":\"ImageObject\",\"inLanguage\":\"fr-FR\",\"@id\":\"https:\\\/\\\/www.uartes.edu.ec\\\/sitio\\\/fr\\\/blog\\\/2023\\\/04\\\/13\\\/ser-docente-una-mision-que-apasiona-y-se-realiza-con-responsabilidad-y-compromiso\\\/#primaryimage\",\"url\":\"https:\\\/\\\/www.uartes.edu.ec\\\/sitio\\\/wp-content\\\/uploads\\\/2023\\\/04\\\/02-PORTADA-NOTA-WEB-DIA-MAESTRO.jpg\",\"contentUrl\":\"https:\\\/\\\/www.uartes.edu.ec\\\/sitio\\\/wp-content\\\/uploads\\\/2023\\\/04\\\/02-PORTADA-NOTA-WEB-DIA-MAESTRO.jpg\",\"width\":2000,\"height\":1333},{\"@type\":\"BreadcrumbList\",\"@id\":\"https:\\\/\\\/www.uartes.edu.ec\\\/sitio\\\/fr\\\/blog\\\/2023\\\/04\\\/13\\\/ser-docente-una-mision-que-apasiona-y-se-realiza-con-responsabilidad-y-compromiso\\\/#breadcrumb\",\"itemListElement\":[{\"@type\":\"ListItem\",\"position\":1,\"name\":\"Inicio\",\"item\":\"https:\\\/\\\/www.uartes.edu.ec\\\/sitio\\\/\"},{\"@type\":\"ListItem\",\"position\":2,\"name\":\"Ser docente en artes, una misi\u00f3n que apasiona y se cumple con profundo compromiso y gran responsabilidad\"}]},{\"@type\":\"WebSite\",\"@id\":\"https:\\\/\\\/www.uartes.edu.ec\\\/sitio\\\/fr\\\/#website\",\"url\":\"https:\\\/\\\/www.uartes.edu.ec\\\/sitio\\\/fr\\\/\",\"name\":\"Universidad de las Artes\",\"description\":\"Sitio oficial de la Universidad Nacional de las Artes del Ecuador\",\"publisher\":{\"@id\":\"https:\\\/\\\/www.uartes.edu.ec\\\/sitio\\\/fr\\\/#organization\"},\"potentialAction\":[{\"@type\":\"SearchAction\",\"target\":{\"@type\":\"EntryPoint\",\"urlTemplate\":\"https:\\\/\\\/www.uartes.edu.ec\\\/sitio\\\/fr\\\/?s={search_term_string}\"},\"query-input\":{\"@type\":\"PropertyValueSpecification\",\"valueRequired\":true,\"valueName\":\"search_term_string\"}}],\"inLanguage\":\"fr-FR\"},{\"@type\":\"Organization\",\"@id\":\"https:\\\/\\\/www.uartes.edu.ec\\\/sitio\\\/fr\\\/#organization\",\"name\":\"Universidad de las Artes\",\"url\":\"https:\\\/\\\/www.uartes.edu.ec\\\/sitio\\\/fr\\\/\",\"logo\":{\"@type\":\"ImageObject\",\"inLanguage\":\"fr-FR\",\"@id\":\"https:\\\/\\\/www.uartes.edu.ec\\\/sitio\\\/fr\\\/#\\\/schema\\\/logo\\\/image\\\/\",\"url\":\"https:\\\/\\\/www.uartes.edu.ec\\\/sitio\\\/wp-content\\\/uploads\\\/2022\\\/07\\\/logo-ua-horizontal.png\",\"contentUrl\":\"https:\\\/\\\/www.uartes.edu.ec\\\/sitio\\\/wp-content\\\/uploads\\\/2022\\\/07\\\/logo-ua-horizontal.png\",\"width\":800,\"height\":276,\"caption\":\"Universidad de las Artes\"},\"image\":{\"@id\":\"https:\\\/\\\/www.uartes.edu.ec\\\/sitio\\\/fr\\\/#\\\/schema\\\/logo\\\/image\\\/\"},\"sameAs\":[\"https:\\\/\\\/www.facebook.com\\\/uartesec\",\"https:\\\/\\\/x.com\\\/uartesec\",\"https:\\\/\\\/www.tiktok.com\\\/@uartesec\"]},{\"@type\":\"Person\",\"@id\":\"https:\\\/\\\/www.uartes.edu.ec\\\/sitio\\\/fr\\\/#\\\/schema\\\/person\\\/efa1b8275797664fd7f13a79ccc0b1f4\",\"name\":\"ccortez\",\"image\":{\"@type\":\"ImageObject\",\"inLanguage\":\"fr-FR\",\"@id\":\"https:\\\/\\\/secure.gravatar.com\\\/avatar\\\/b2a6f664a3ae8e074346ef91775736c5ec479e637ecced6842de9dc98b5da9cd?s=96&d=mm&r=g\",\"url\":\"https:\\\/\\\/secure.gravatar.com\\\/avatar\\\/b2a6f664a3ae8e074346ef91775736c5ec479e637ecced6842de9dc98b5da9cd?s=96&d=mm&r=g\",\"contentUrl\":\"https:\\\/\\\/secure.gravatar.com\\\/avatar\\\/b2a6f664a3ae8e074346ef91775736c5ec479e637ecced6842de9dc98b5da9cd?s=96&d=mm&r=g\",\"caption\":\"ccortez\"},\"url\":\"https:\\\/\\\/www.uartes.edu.ec\\\/sitio\\\/fr\\\/blog\\\/author\\\/ccortez\\\/\"}]}<\/script>\n<!-- \/ Yoast SEO plugin. -->","yoast_head_json":{"title":"Universidad de las Artes - Ser docente en artes, una misi\u00f3n que apasiona y se cumple con profundo compromiso y gran responsabilidad","description":"Universidad de las Artes - Ser docente en artes, una misi\u00f3n que apasiona y se cumple con profundo compromiso y gran responsabilidad","robots":{"index":"index","follow":"follow","max-snippet":"max-snippet:-1","max-image-preview":"max-image-preview:large","max-video-preview":"max-video-preview:-1"},"canonical":"https:\/\/www.uartes.edu.ec\/sitio\/fr\/blog\/2023\/04\/13\/ser-docente-una-mision-que-apasiona-y-se-realiza-con-responsabilidad-y-compromiso\/","og_locale":"fr_FR","og_type":"article","og_title":"Universidad de las Artes - Ser docente en artes, una misi\u00f3n que apasiona y se cumple con profundo compromiso y gran responsabilidad","og_description":"Universidad de las Artes - Ser docente en artes, una misi\u00f3n que apasiona y se cumple con profundo compromiso y gran responsabilidad","og_url":"https:\/\/www.uartes.edu.ec\/sitio\/fr\/blog\/2023\/04\/13\/ser-docente-una-mision-que-apasiona-y-se-realiza-con-responsabilidad-y-compromiso\/","og_site_name":"Universidad de las Artes","article_publisher":"https:\/\/www.facebook.com\/uartesec","article_published_time":"2023-04-13T16:50:47+00:00","article_modified_time":"2024-07-04T16:21:18+00:00","og_image":[{"width":2000,"height":1333,"url":"https:\/\/www.uartes.edu.ec\/sitio\/wp-content\/uploads\/2023\/04\/02-PORTADA-NOTA-WEB-DIA-MAESTRO.jpg","type":"image\/jpeg"}],"author":"ccortez","twitter_card":"summary_large_image","twitter_creator":"@uartesec","twitter_site":"@uartesec","twitter_misc":{"\u00c9crit par":"ccortez","Dur\u00e9e de lecture estim\u00e9e":"7 minutes"},"schema":{"@context":"https:\/\/schema.org","@graph":[{"@type":"Article","@id":"https:\/\/www.uartes.edu.ec\/sitio\/fr\/blog\/2023\/04\/13\/ser-docente-una-mision-que-apasiona-y-se-realiza-con-responsabilidad-y-compromiso\/#article","isPartOf":{"@id":"https:\/\/www.uartes.edu.ec\/sitio\/fr\/blog\/2023\/04\/13\/ser-docente-una-mision-que-apasiona-y-se-realiza-con-responsabilidad-y-compromiso\/"},"author":{"name":"ccortez","@id":"https:\/\/www.uartes.edu.ec\/sitio\/fr\/#\/schema\/person\/efa1b8275797664fd7f13a79ccc0b1f4"},"headline":"Ser docente en artes, una misi\u00f3n que apasiona y se cumple con profundo compromiso y gran responsabilidad","datePublished":"2023-04-13T16:50:47+00:00","dateModified":"2024-07-04T16:21:18+00:00","mainEntityOfPage":{"@id":"https:\/\/www.uartes.edu.ec\/sitio\/fr\/blog\/2023\/04\/13\/ser-docente-una-mision-que-apasiona-y-se-realiza-con-responsabilidad-y-compromiso\/"},"wordCount":1157,"commentCount":0,"publisher":{"@id":"https:\/\/www.uartes.edu.ec\/sitio\/fr\/#organization"},"image":{"@id":"https:\/\/www.uartes.edu.ec\/sitio\/fr\/blog\/2023\/04\/13\/ser-docente-una-mision-que-apasiona-y-se-realiza-con-responsabilidad-y-compromiso\/#primaryimage"},"thumbnailUrl":"https:\/\/www.uartes.edu.ec\/sitio\/wp-content\/uploads\/2023\/04\/02-PORTADA-NOTA-WEB-DIA-MAESTRO.jpg","keywords":["celebraci\u00f3n"],"articleSection":["1A","Acad\u00e9mico","Artes Esc\u00e9nicas","Artes Sonoras","Artes Visuales","Cine","Docentes","Literatura"],"inLanguage":"fr-FR","potentialAction":[{"@type":"CommentAction","name":"Comment","target":["https:\/\/www.uartes.edu.ec\/sitio\/fr\/blog\/2023\/04\/13\/ser-docente-una-mision-que-apasiona-y-se-realiza-con-responsabilidad-y-compromiso\/#respond"]}]},{"@type":["WebPage","ItemPage"],"@id":"https:\/\/www.uartes.edu.ec\/sitio\/fr\/blog\/2023\/04\/13\/ser-docente-una-mision-que-apasiona-y-se-realiza-con-responsabilidad-y-compromiso\/","url":"https:\/\/www.uartes.edu.ec\/sitio\/fr\/blog\/2023\/04\/13\/ser-docente-una-mision-que-apasiona-y-se-realiza-con-responsabilidad-y-compromiso\/","name":"Universidad de las Artes - Ser docente en artes, una misi\u00f3n que apasiona y se cumple con profundo compromiso y gran responsabilidad","isPartOf":{"@id":"https:\/\/www.uartes.edu.ec\/sitio\/fr\/#website"},"primaryImageOfPage":{"@id":"https:\/\/www.uartes.edu.ec\/sitio\/fr\/blog\/2023\/04\/13\/ser-docente-una-mision-que-apasiona-y-se-realiza-con-responsabilidad-y-compromiso\/#primaryimage"},"image":{"@id":"https:\/\/www.uartes.edu.ec\/sitio\/fr\/blog\/2023\/04\/13\/ser-docente-una-mision-que-apasiona-y-se-realiza-con-responsabilidad-y-compromiso\/#primaryimage"},"thumbnailUrl":"https:\/\/www.uartes.edu.ec\/sitio\/wp-content\/uploads\/2023\/04\/02-PORTADA-NOTA-WEB-DIA-MAESTRO.jpg","datePublished":"2023-04-13T16:50:47+00:00","dateModified":"2024-07-04T16:21:18+00:00","description":"Universidad de las Artes - Ser docente en artes, una misi\u00f3n que apasiona y se cumple con profundo compromiso y gran responsabilidad","breadcrumb":{"@id":"https:\/\/www.uartes.edu.ec\/sitio\/fr\/blog\/2023\/04\/13\/ser-docente-una-mision-que-apasiona-y-se-realiza-con-responsabilidad-y-compromiso\/#breadcrumb"},"inLanguage":"fr-FR","potentialAction":[{"@type":"ReadAction","target":["https:\/\/www.uartes.edu.ec\/sitio\/fr\/blog\/2023\/04\/13\/ser-docente-una-mision-que-apasiona-y-se-realiza-con-responsabilidad-y-compromiso\/"]}]},{"@type":"ImageObject","inLanguage":"fr-FR","@id":"https:\/\/www.uartes.edu.ec\/sitio\/fr\/blog\/2023\/04\/13\/ser-docente-una-mision-que-apasiona-y-se-realiza-con-responsabilidad-y-compromiso\/#primaryimage","url":"https:\/\/www.uartes.edu.ec\/sitio\/wp-content\/uploads\/2023\/04\/02-PORTADA-NOTA-WEB-DIA-MAESTRO.jpg","contentUrl":"https:\/\/www.uartes.edu.ec\/sitio\/wp-content\/uploads\/2023\/04\/02-PORTADA-NOTA-WEB-DIA-MAESTRO.jpg","width":2000,"height":1333},{"@type":"BreadcrumbList","@id":"https:\/\/www.uartes.edu.ec\/sitio\/fr\/blog\/2023\/04\/13\/ser-docente-una-mision-que-apasiona-y-se-realiza-con-responsabilidad-y-compromiso\/#breadcrumb","itemListElement":[{"@type":"ListItem","position":1,"name":"Inicio","item":"https:\/\/www.uartes.edu.ec\/sitio\/"},{"@type":"ListItem","position":2,"name":"Ser docente en artes, una misi\u00f3n que apasiona y se cumple con profundo compromiso y gran responsabilidad"}]},{"@type":"WebSite","@id":"https:\/\/www.uartes.edu.ec\/sitio\/fr\/#website","url":"https:\/\/www.uartes.edu.ec\/sitio\/fr\/","name":"Universidad de las Artes","description":"Sitio oficial de la Universidad Nacional de las Artes del Ecuador","publisher":{"@id":"https:\/\/www.uartes.edu.ec\/sitio\/fr\/#organization"},"potentialAction":[{"@type":"SearchAction","target":{"@type":"EntryPoint","urlTemplate":"https:\/\/www.uartes.edu.ec\/sitio\/fr\/?s={search_term_string}"},"query-input":{"@type":"PropertyValueSpecification","valueRequired":true,"valueName":"search_term_string"}}],"inLanguage":"fr-FR"},{"@type":"Organization","@id":"https:\/\/www.uartes.edu.ec\/sitio\/fr\/#organization","name":"Universidad de las Artes","url":"https:\/\/www.uartes.edu.ec\/sitio\/fr\/","logo":{"@type":"ImageObject","inLanguage":"fr-FR","@id":"https:\/\/www.uartes.edu.ec\/sitio\/fr\/#\/schema\/logo\/image\/","url":"https:\/\/www.uartes.edu.ec\/sitio\/wp-content\/uploads\/2022\/07\/logo-ua-horizontal.png","contentUrl":"https:\/\/www.uartes.edu.ec\/sitio\/wp-content\/uploads\/2022\/07\/logo-ua-horizontal.png","width":800,"height":276,"caption":"Universidad de las Artes"},"image":{"@id":"https:\/\/www.uartes.edu.ec\/sitio\/fr\/#\/schema\/logo\/image\/"},"sameAs":["https:\/\/www.facebook.com\/uartesec","https:\/\/x.com\/uartesec","https:\/\/www.tiktok.com\/@uartesec"]},{"@type":"Person","@id":"https:\/\/www.uartes.edu.ec\/sitio\/fr\/#\/schema\/person\/efa1b8275797664fd7f13a79ccc0b1f4","name":"ccortez","image":{"@type":"ImageObject","inLanguage":"fr-FR","@id":"https:\/\/secure.gravatar.com\/avatar\/b2a6f664a3ae8e074346ef91775736c5ec479e637ecced6842de9dc98b5da9cd?s=96&d=mm&r=g","url":"https:\/\/secure.gravatar.com\/avatar\/b2a6f664a3ae8e074346ef91775736c5ec479e637ecced6842de9dc98b5da9cd?s=96&d=mm&r=g","contentUrl":"https:\/\/secure.gravatar.com\/avatar\/b2a6f664a3ae8e074346ef91775736c5ec479e637ecced6842de9dc98b5da9cd?s=96&d=mm&r=g","caption":"ccortez"},"url":"https:\/\/www.uartes.edu.ec\/sitio\/fr\/blog\/author\/ccortez\/"}]}},"uagb_featured_image_src":{"full":["https:\/\/www.uartes.edu.ec\/sitio\/wp-content\/uploads\/2023\/04\/02-PORTADA-NOTA-WEB-DIA-MAESTRO.jpg",2000,1333,false],"thumbnail":["https:\/\/www.uartes.edu.ec\/sitio\/wp-content\/uploads\/2023\/04\/02-PORTADA-NOTA-WEB-DIA-MAESTRO-150x150.jpg",150,150,true],"medium":["https:\/\/www.uartes.edu.ec\/sitio\/wp-content\/uploads\/2023\/04\/02-PORTADA-NOTA-WEB-DIA-MAESTRO-300x200.jpg",300,200,true],"medium_large":["https:\/\/www.uartes.edu.ec\/sitio\/wp-content\/uploads\/2023\/04\/02-PORTADA-NOTA-WEB-DIA-MAESTRO-768x512.jpg",768,512,true],"large":["https:\/\/www.uartes.edu.ec\/sitio\/wp-content\/uploads\/2023\/04\/02-PORTADA-NOTA-WEB-DIA-MAESTRO-644x429.jpg",644,429,true],"1536x1536":["https:\/\/www.uartes.edu.ec\/sitio\/wp-content\/uploads\/2023\/04\/02-PORTADA-NOTA-WEB-DIA-MAESTRO-1536x1024.jpg",1536,1024,true],"2048x2048":["https:\/\/www.uartes.edu.ec\/sitio\/wp-content\/uploads\/2023\/04\/02-PORTADA-NOTA-WEB-DIA-MAESTRO.jpg",2000,1333,false],"trp-custom-language-flag":["https:\/\/www.uartes.edu.ec\/sitio\/wp-content\/uploads\/2023\/04\/02-PORTADA-NOTA-WEB-DIA-MAESTRO.jpg",18,12,false],"htmega_size_585x295":["https:\/\/www.uartes.edu.ec\/sitio\/wp-content\/uploads\/2023\/04\/02-PORTADA-NOTA-WEB-DIA-MAESTRO-585x295.jpg",585,295,true],"htmega_size_1170x536":["https:\/\/www.uartes.edu.ec\/sitio\/wp-content\/uploads\/2023\/04\/02-PORTADA-NOTA-WEB-DIA-MAESTRO-1170x536.jpg",1170,536,true],"htmega_size_396x360":["https:\/\/www.uartes.edu.ec\/sitio\/wp-content\/uploads\/2023\/04\/02-PORTADA-NOTA-WEB-DIA-MAESTRO-396x360.jpg",396,360,true],"gb-block-post-grid-landscape":["https:\/\/www.uartes.edu.ec\/sitio\/wp-content\/uploads\/2023\/04\/02-PORTADA-NOTA-WEB-DIA-MAESTRO-600x400.jpg",600,400,true],"gb-block-post-grid-square":["https:\/\/www.uartes.edu.ec\/sitio\/wp-content\/uploads\/2023\/04\/02-PORTADA-NOTA-WEB-DIA-MAESTRO-600x600.jpg",600,600,true],"university-hub-thumb":["https:\/\/www.uartes.edu.ec\/sitio\/wp-content\/uploads\/2023\/04\/02-PORTADA-NOTA-WEB-DIA-MAESTRO-400x267.jpg",400,267,true],"mailpoet_newsletter_max":["https:\/\/www.uartes.edu.ec\/sitio\/wp-content\/uploads\/2023\/04\/02-PORTADA-NOTA-WEB-DIA-MAESTRO.jpg",1320,880,false]},"uagb_author_info":{"display_name":"ccortez","author_link":"https:\/\/www.uartes.edu.ec\/sitio\/fr\/blog\/author\/ccortez\/"},"uagb_comment_info":0,"uagb_excerpt":"La UArtes celebra en este 13 de abril a todos sus docentes, quienes con admirable entrega contribuyen al desarrollo integral de nuestros estudiantes en el campo de la cultura y del arte; una labor que cumplen con entusiasmo, denuedo y pasi\u00f3n, produciendo as\u00ed conocimiento en artes y formando nuevos artistas. Algunos de nuestros maestros y\u2026","featured_image_src":"https:\/\/www.uartes.edu.ec\/sitio\/wp-content\/uploads\/2023\/04\/02-PORTADA-NOTA-WEB-DIA-MAESTRO-600x400.jpg","featured_image_src_square":"https:\/\/www.uartes.edu.ec\/sitio\/wp-content\/uploads\/2023\/04\/02-PORTADA-NOTA-WEB-DIA-MAESTRO-600x600.jpg","author_info":{"display_name":"ccortez","author_link":"https:\/\/www.uartes.edu.ec\/sitio\/fr\/blog\/author\/ccortez\/"},"publishpress_future_workflow_manual_trigger":{"enabledWorkflows":[]},"distributor_meta":false,"distributor_terms":false,"distributor_media":false,"distributor_original_site_name":"Universidad de las Artes","distributor_original_site_url":"https:\/\/www.uartes.edu.ec\/sitio\/fr","push-errors":false,"_links":{"self":[{"href":"https:\/\/www.uartes.edu.ec\/sitio\/fr\/wp-json\/wp\/v2\/posts\/40797","targetHints":{"allow":["GET"]}}],"collection":[{"href":"https:\/\/www.uartes.edu.ec\/sitio\/fr\/wp-json\/wp\/v2\/posts"}],"about":[{"href":"https:\/\/www.uartes.edu.ec\/sitio\/fr\/wp-json\/wp\/v2\/types\/post"}],"author":[{"embeddable":true,"href":"https:\/\/www.uartes.edu.ec\/sitio\/fr\/wp-json\/wp\/v2\/users\/10"}],"replies":[{"embeddable":true,"href":"https:\/\/www.uartes.edu.ec\/sitio\/fr\/wp-json\/wp\/v2\/comments?post=40797"}],"version-history":[{"count":24,"href":"https:\/\/www.uartes.edu.ec\/sitio\/fr\/wp-json\/wp\/v2\/posts\/40797\/revisions"}],"predecessor-version":[{"id":41126,"href":"https:\/\/www.uartes.edu.ec\/sitio\/fr\/wp-json\/wp\/v2\/posts\/40797\/revisions\/41126"}],"wp:featuredmedia":[{"embeddable":true,"href":"https:\/\/www.uartes.edu.ec\/sitio\/fr\/wp-json\/wp\/v2\/media\/40798"}],"wp:attachment":[{"href":"https:\/\/www.uartes.edu.ec\/sitio\/fr\/wp-json\/wp\/v2\/media?parent=40797"}],"wp:term":[{"taxonomy":"category","embeddable":true,"href":"https:\/\/www.uartes.edu.ec\/sitio\/fr\/wp-json\/wp\/v2\/categories?post=40797"},{"taxonomy":"post_tag","embeddable":true,"href":"https:\/\/www.uartes.edu.ec\/sitio\/fr\/wp-json\/wp\/v2\/tags?post=40797"},{"taxonomy":"infouartes","embeddable":true,"href":"https:\/\/www.uartes.edu.ec\/sitio\/fr\/wp-json\/wp\/v2\/infouartes?post=40797"}],"curies":[{"name":"wp","href":"https:\/\/api.w.org\/{rel}","templated":true}]}}