{"id":40905,"date":"2023-04-07T14:17:38","date_gmt":"2023-04-07T19:17:38","guid":{"rendered":"https:\/\/www.uartes.edu.ec\/sitio\/?p=40905"},"modified":"2024-07-04T11:21:19","modified_gmt":"2024-07-04T16:21:19","slug":"destacada-participacion-de-comitiva-uartes-en-las-iv-jornadas-de-investigacion-feminista-de-flacso","status":"publish","type":"post","link":"https:\/\/www.uartes.edu.ec\/sitio\/fr\/blog\/2023\/04\/07\/destacada-participacion-de-comitiva-uartes-en-las-iv-jornadas-de-investigacion-feminista-de-flacso\/","title":{"rendered":"Destacada participaci\u00f3n tuvo comitiva de la UArtes en las cuartas Jornadas de Investigaci\u00f3n Feminista de FLACSO"},"content":{"rendered":"<p>Cuatro docentes, trece estudiantes, cinco egresados\/as y un funcionario de apoyo acad\u00e9mico integraron la delegaci\u00f3n de la Universidad de las Artes en las IV Jornadas de Investigaci\u00f3n Feminista de FLACSO (Facultad Latinoamericana de Ciencias Sociales), que tuvieron lugar en Quito.<\/p>\n\n\n\n<p>La docente Ybelice Brice\u00f1o, quien forma parte del Comit\u00e9 Organizador Externo de la FLACSO y brind\u00f3 asesor\u00eda a la actividad que se desarroll\u00f3 del 29 al 31 de marzo pasado, se\u00f1al\u00f3 a las jornadas como enriquecedoras, en especial para los estudiantes. Hubo m\u00e1s de 100 ponencias y actividades paralelas, como mesas y talleres; entre otros, de canto y de bordado feminista.<\/p>\n\n\n\n<p>Sostuvo que los estudiantes UArtes presentaron ponencias en un congreso que es de maestr\u00eda, lo cual es meritorio, y que los comentarios y observaciones fueron positivos. \u201cDesde hace varios meses hemos venido trabajando para impulsar esta participaci\u00f3n, as\u00ed como la de egresados, egresadas y docentes\u201d, dijo Brice\u00f1o, destacando el apoyo de la universidad, del Vicerrectorado Acad\u00e9mico y de la Unidad Transversal de Teor\u00edas Cr\u00edticas y Pr\u00e1cticas Experimentales en&nbsp;Artes.<\/p>\n\n\n\n<p>Los y las estudiantes presentes en las jornadas cursan las carreras de Artes Visuales, Cine, Artes Sonoras, Literatura y Creaci\u00f3n Teatral.<\/p>\n\n\n<div class=\"wp-block-image\">\n<figure class=\"aligncenter size-large\"><img fetchpriority=\"high\" decoding=\"async\" width=\"644\" height=\"429\" src=\"https:\/\/www.uartes.edu.ec\/sitio\/wp-content\/uploads\/2023\/04\/V-JORNADA-INVESTIGACION-FEMINISTA-01-644x429.jpg\" alt=\"\" class=\"wp-image-40908\" srcset=\"https:\/\/www.uartes.edu.ec\/sitio\/wp-content\/uploads\/2023\/04\/V-JORNADA-INVESTIGACION-FEMINISTA-01-644x429.jpg 644w, https:\/\/www.uartes.edu.ec\/sitio\/wp-content\/uploads\/2023\/04\/V-JORNADA-INVESTIGACION-FEMINISTA-01-768x511.jpg 768w, https:\/\/www.uartes.edu.ec\/sitio\/wp-content\/uploads\/2023\/04\/V-JORNADA-INVESTIGACION-FEMINISTA-01.jpg 2000w, https:\/\/www.uartes.edu.ec\/sitio\/wp-content\/uploads\/2023\/04\/V-JORNADA-INVESTIGACION-FEMINISTA-01-600x399.jpg 600w, https:\/\/www.uartes.edu.ec\/sitio\/wp-content\/uploads\/2023\/04\/V-JORNADA-INVESTIGACION-FEMINISTA-01-272x182.jpg 272w\" sizes=\"(max-width: 644px) 100vw, 644px\" \/><\/figure>\n<\/div>\n\n\n<p>Cabe anotar que, las IV Jornadas de Investigaci\u00f3n Feminista de la FLACSO, se efectuaron con ocasi\u00f3n del 25 aniversario de su programa de Estudios de G\u00e9nero y fueron propuestas en un contexto marcado por el crecimiento de la desigualdad social y la violencia que afecta de forma espec\u00edfica a las mujeres y a las personas de las disidencias sexogen\u00e9ricas y racializadas.<\/p>\n\n\n\n<p>Se enmarc\u00f3 como un momento hist\u00f3rico de proliferaci\u00f3n de conocimientos y acci\u00f3n pol\u00edtica feminista contra las injusticias, escenarios frente a los cuales es importante hacer un balance del trabajo realizado para plantear preguntas que aporten a construir nuevos horizontes de investigaci\u00f3n y de lucha. &nbsp;<\/p>\n\n\n\n<p>La convocatoria para las jornadas de este 2023 se establecieron como ejes: Feminismos diversos y acci\u00f3n colectiva; Historia y memoria de mujeres y disidencias; G\u00e9nero, trabajos y cuidados; G\u00e9nero, ambiente y territorio; G\u00e9nero, movilidades y fronteras; Sexualidades, cuerpos, emociones y poder; Violencias de g\u00e9nero y justicia; Democracia, autoritarismos y fundamentalismos patriarcales; Feminismos, cultura y poder; G\u00e9nero, estado y pol\u00edticas p\u00fablicas; Educaci\u00f3n, ciencia, tecnolog\u00eda y epistemolog\u00edas feministas; y, Masculinidades.<\/p>\n\n\n\n<p>La comitiva UArtes tuvo presencia tanto en las mesas como en los talleres. Unos como ponentes y otros como moderadores y facilitadores. En la mesa 77, que tuvo como tem\u00e1tica \u201cCultivar Gestos: Cuerpxs-archivos de las disidencias\u201d, Jordy Tapia Robles intervino con \u201cReinas, polic\u00edas y custodios: gabinete de infracciones\u201d.<\/p>\n\n\n<div class=\"wp-block-image\">\n<figure class=\"aligncenter size-large\"><img decoding=\"async\" width=\"644\" height=\"429\" src=\"https:\/\/www.uartes.edu.ec\/sitio\/wp-content\/uploads\/2023\/04\/V-JORNADA-INVESTIGACION-FEMINISTA-04-644x429.jpg\" alt=\"\" class=\"wp-image-40909\" srcset=\"https:\/\/www.uartes.edu.ec\/sitio\/wp-content\/uploads\/2023\/04\/V-JORNADA-INVESTIGACION-FEMINISTA-04-644x429.jpg 644w, https:\/\/www.uartes.edu.ec\/sitio\/wp-content\/uploads\/2023\/04\/V-JORNADA-INVESTIGACION-FEMINISTA-04-768x511.jpg 768w, https:\/\/www.uartes.edu.ec\/sitio\/wp-content\/uploads\/2023\/04\/V-JORNADA-INVESTIGACION-FEMINISTA-04.jpg 2000w, https:\/\/www.uartes.edu.ec\/sitio\/wp-content\/uploads\/2023\/04\/V-JORNADA-INVESTIGACION-FEMINISTA-04-600x399.jpg 600w, https:\/\/www.uartes.edu.ec\/sitio\/wp-content\/uploads\/2023\/04\/V-JORNADA-INVESTIGACION-FEMINISTA-04-272x182.jpg 272w\" sizes=\"(max-width: 644px) 100vw, 644px\" \/><\/figure>\n<\/div>\n\n\n<p>Su participaci\u00f3n en las jornadas, anot\u00f3 Jordy, se dio por invitaci\u00f3n directa de Paulina Le\u00f3n, su coordinadora y tambi\u00e9n de la Galer\u00eda Arte Actual de FLACSO.&nbsp;\u201cLa conozco desde hace algunos a\u00f1os cuando era estudiante UArtes. Me invit\u00f3 a participar en un project room en Quito y terminamos produciendo en conjunto con otros artistas un libro que hasta la actualidad se mueve por su tema innovador: una relectura de estatuillas prehisp\u00e1nicas que el Museo Nacional del Ecuador ha mantenido ocultas a lo largo de la historia\u201d.<\/p>\n\n\n\n<p>Su trabajo art\u00edstico, a\u00f1adi\u00f3, se centra en la cultura Ballroom y el Voguing, un g\u00e9nero de baile de la comunidad lgbti+. \u201cEn este contexto me han atribuido haber tra\u00eddo por primera vez esta cultura al pa\u00eds y haber organizado clases, exposiciones, encuentros y competencias en diferentes lugares del Ecuador\u201d.&nbsp;Intervino en la cita justamente con una ponencia performativa sobre esta cultura \u201cy me asign\u00f3 realizar el show de clausura.&nbsp;<\/p>\n\n\n\n<p>En la mesa 86, con el tema \u201cAn\u00f3malas\u201d Dispositivos perform\u00e1ticos, estuvieron Blanca Rivadeneira Kingman, quien fue moderadora y expuso acerca \u201cDe ciertas diestras acciones zurdas\u201d, y la docente Pilar Aranda con \u201cAnt\u00edgonas leyendo\u201d.<\/p>\n\n\n\n<p>En la mesa 105, bajo el t\u00edtulo \u201cEscribir el presente: poes\u00eda, ensayo y muchos cuerpos, la alumnus y funcionaria UArtes Yuliana Ortiz Ruano expuso \u201cConversatorio de infancias de orilla a partir de <em>Fiebre de Carnaval <\/em>(su novela).<\/p>\n\n\n<div class=\"wp-block-image\">\n<figure class=\"aligncenter size-large\"><img decoding=\"async\" width=\"644\" height=\"429\" src=\"https:\/\/www.uartes.edu.ec\/sitio\/wp-content\/uploads\/2023\/04\/V-JORNADA-INVESTIGACION-FEMINISTA-02-644x429.jpg\" alt=\"\" class=\"wp-image-40910\" srcset=\"https:\/\/www.uartes.edu.ec\/sitio\/wp-content\/uploads\/2023\/04\/V-JORNADA-INVESTIGACION-FEMINISTA-02-644x429.jpg 644w, https:\/\/www.uartes.edu.ec\/sitio\/wp-content\/uploads\/2023\/04\/V-JORNADA-INVESTIGACION-FEMINISTA-02-768x511.jpg 768w, https:\/\/www.uartes.edu.ec\/sitio\/wp-content\/uploads\/2023\/04\/V-JORNADA-INVESTIGACION-FEMINISTA-02.jpg 2000w, https:\/\/www.uartes.edu.ec\/sitio\/wp-content\/uploads\/2023\/04\/V-JORNADA-INVESTIGACION-FEMINISTA-02-600x399.jpg 600w, https:\/\/www.uartes.edu.ec\/sitio\/wp-content\/uploads\/2023\/04\/V-JORNADA-INVESTIGACION-FEMINISTA-02-272x182.jpg 272w\" sizes=\"(max-width: 644px) 100vw, 644px\" \/><\/figure>\n<\/div>\n\n\n<p>En la mesa 48, bajo el tema \u201cFeminismos, disidencias y activismos art\u00edsticos\u201d y moderada por Ybelice Brice\u00f1o, quien tambi\u00e9n disert\u00f3 sobre \u201cActivismos art\u00edsticos y nuevas formas de hacer pol\u00edtica\u201d, participaron Camila Calder\u00f3n con \u201cLa calle como portal para sabotear la apat\u00eda\u201d y Geovanna Salazar Martillo con \u201cEl Tendedero\u201d.<\/p>\n\n\n\n<p>En la mesa 21, denominada \u201cEl libro, el cine, el arte: las mujeres en el mundo del trabajo, la imagen f\u00edlmica y las pedagog\u00edas\u201d, la alumnus Astrid Coraima Torres tom\u00f3 parte con \u201cFragmentos de amor: reflexi\u00f3n sobre la construcci\u00f3n de una mirada feminista en <em>ANTI,<\/em> un cortometraje de ficci\u00f3n\u201d.<\/p>\n\n\n\n<p>En la mesa 85, \u201cPr\u00e1cticas art\u00edsticas desde los feminismos y disidencias\u201d y moderada por la docente Ybelice Brice\u00f1o, intervinieron Nicole Coronado con \u201cCicatrices de la ciudad\u201d; Mar\u00eda Milagros Freire y Salom\u00e9 Le\u00f3n con \u201cVulvam\u00e1gica\u201d; Roc\u00edo Gim\u00e9nez y Carol <em>(Zam)<\/em> Simba\u00f1a con \u201cBestiario\u201d; y, Mayro Romero con \u201cSobre el archivo marica y otras autoficciones\u201d.<\/p>\n\n\n\n<p>En el taller 4 \u201cREVO.LUZ.ION Organizando Proyecciones en el Espacio P\u00fablico\u201d tomaron parte como facilitadoras Daniela Espinosa y Lupe Paredes. En la actividad, que en las jornadas llegaba a su tercera edici\u00f3n, se indic\u00f3 que el proyectorazo es una acci\u00f3n colectiva y descentralizada. Sirve para informar, exponer causas que los medios hegem\u00f3nicos no quieren mostrar, aprovechando las posibilidades de las tecnolog\u00edas. Se propusieron, por tanto, diferentes herramientas que se pueden utilizar para hacer proyectorazos propios.<\/p>\n\n\n\n<p>Jorge Jos\u00e9 Narv\u00e1ez, tambi\u00e9n de la Universidad de las Artes, present\u00f3 \u201cEl deseo es m\u00e1s fuerte: recital de poes\u00eda disidente\u201d.<\/p>","protected":false},"excerpt":{"rendered":"<p>Cuatro docentes, 13 estudiantes, cinco egresados\/as y un funcionario de apoyo acad\u00e9mico integraron la delegaci\u00f3n de la Universidad de las Artes en las IV Jornadas de Investigaci\u00f3n Feminista de FLACSO, que tuvieron lugar en Quito. En la actividad, efectuada en el marco del 25 aniversario de su programa de Estudios de G\u00e9nero, hubo m\u00e1s de 100 ponencias y eventos paralelos, como mesas y talleres. <\/p>","protected":false},"author":10,"featured_media":40907,"comment_status":"open","ping_status":"open","sticky":false,"template":"","format":"standard","meta":{"_acf_changed":false,"_uag_custom_page_level_css":"","_monsterinsights_skip_tracking":false,"_monsterinsights_sitenote_active":false,"_monsterinsights_sitenote_note":"","_monsterinsights_sitenote_category":0,"cybocfi_hide_featured_image":"","footnotes":""},"categories":[714,80,490,82,75,76,77,284],"tags":[544],"infouartes":[],"class_list":["post-40905","post","type-post","status-publish","format-standard","has-post-thumbnail","hentry","category-2b","category-academico","category-alumni","category-artes","category-docentes","category-estudiantes","category-gestion","category-investigacion","tag-jornadas"],"acf":[],"yoast_head":"<!-- This site is optimized with the Yoast SEO plugin v27.4 - https:\/\/yoast.com\/product\/yoast-seo-wordpress\/ -->\n<title>Universidad de las Artes - Destacada participaci\u00f3n tuvo comitiva de la UArtes en las cuartas Jornadas de Investigaci\u00f3n Feminista de FLACSO<\/title>\n<meta name=\"description\" content=\"Universidad de las Artes - Destacada participaci\u00f3n tuvo comitiva de la UArtes en las cuartas Jornadas de Investigaci\u00f3n Feminista de FLACSO\" \/>\n<meta name=\"robots\" content=\"index, follow, max-snippet:-1, max-image-preview:large, max-video-preview:-1\" \/>\n<link rel=\"canonical\" href=\"https:\/\/www.uartes.edu.ec\/sitio\/fr\/blog\/2023\/04\/07\/destacada-participacion-de-comitiva-uartes-en-las-iv-jornadas-de-investigacion-feminista-de-flacso\/\" \/>\n<meta property=\"og:locale\" content=\"fr_FR\" \/>\n<meta property=\"og:type\" content=\"article\" \/>\n<meta property=\"og:title\" content=\"Universidad de las Artes - Destacada participaci\u00f3n tuvo comitiva de la UArtes en las cuartas Jornadas de Investigaci\u00f3n Feminista de FLACSO\" \/>\n<meta property=\"og:description\" content=\"Universidad de las Artes - Destacada participaci\u00f3n tuvo comitiva de la UArtes en las cuartas Jornadas de Investigaci\u00f3n Feminista de FLACSO\" \/>\n<meta property=\"og:url\" content=\"https:\/\/www.uartes.edu.ec\/sitio\/fr\/blog\/2023\/04\/07\/destacada-participacion-de-comitiva-uartes-en-las-iv-jornadas-de-investigacion-feminista-de-flacso\/\" \/>\n<meta property=\"og:site_name\" content=\"Universidad de las Artes\" \/>\n<meta property=\"article:publisher\" content=\"https:\/\/www.facebook.com\/uartesec\" \/>\n<meta property=\"article:published_time\" content=\"2023-04-07T19:17:38+00:00\" \/>\n<meta property=\"article:modified_time\" content=\"2024-07-04T16:21:19+00:00\" \/>\n<meta property=\"og:image\" content=\"https:\/\/www.uartes.edu.ec\/sitio\/wp-content\/uploads\/2023\/04\/V-JORNADA-INVESTIGACION-FEMINISTA-03.jpg\" \/>\n\t<meta property=\"og:image:width\" content=\"2000\" \/>\n\t<meta property=\"og:image:height\" content=\"1333\" \/>\n\t<meta property=\"og:image:type\" content=\"image\/jpeg\" \/>\n<meta name=\"author\" content=\"ccortez\" \/>\n<meta name=\"twitter:card\" content=\"summary_large_image\" \/>\n<meta name=\"twitter:creator\" content=\"@uartesec\" \/>\n<meta name=\"twitter:site\" content=\"@uartesec\" \/>\n<meta name=\"twitter:label1\" content=\"\u00c9crit par\" \/>\n\t<meta name=\"twitter:data1\" content=\"ccortez\" \/>\n\t<meta name=\"twitter:label2\" content=\"Dur\u00e9e de lecture estim\u00e9e\" \/>\n\t<meta name=\"twitter:data2\" content=\"5 minutes\" \/>\n<script type=\"application\/ld+json\" class=\"yoast-schema-graph\">{\"@context\":\"https:\\\/\\\/schema.org\",\"@graph\":[{\"@type\":\"Article\",\"@id\":\"https:\\\/\\\/www.uartes.edu.ec\\\/sitio\\\/fr\\\/blog\\\/2023\\\/04\\\/07\\\/destacada-participacion-de-comitiva-uartes-en-las-iv-jornadas-de-investigacion-feminista-de-flacso\\\/#article\",\"isPartOf\":{\"@id\":\"https:\\\/\\\/www.uartes.edu.ec\\\/sitio\\\/fr\\\/blog\\\/2023\\\/04\\\/07\\\/destacada-participacion-de-comitiva-uartes-en-las-iv-jornadas-de-investigacion-feminista-de-flacso\\\/\"},\"author\":{\"name\":\"ccortez\",\"@id\":\"https:\\\/\\\/www.uartes.edu.ec\\\/sitio\\\/fr\\\/#\\\/schema\\\/person\\\/efa1b8275797664fd7f13a79ccc0b1f4\"},\"headline\":\"Destacada participaci\u00f3n tuvo comitiva de la UArtes en las cuartas Jornadas de Investigaci\u00f3n Feminista de FLACSO\",\"datePublished\":\"2023-04-07T19:17:38+00:00\",\"dateModified\":\"2024-07-04T16:21:19+00:00\",\"mainEntityOfPage\":{\"@id\":\"https:\\\/\\\/www.uartes.edu.ec\\\/sitio\\\/fr\\\/blog\\\/2023\\\/04\\\/07\\\/destacada-participacion-de-comitiva-uartes-en-las-iv-jornadas-de-investigacion-feminista-de-flacso\\\/\"},\"wordCount\":981,\"commentCount\":0,\"publisher\":{\"@id\":\"https:\\\/\\\/www.uartes.edu.ec\\\/sitio\\\/fr\\\/#organization\"},\"image\":{\"@id\":\"https:\\\/\\\/www.uartes.edu.ec\\\/sitio\\\/fr\\\/blog\\\/2023\\\/04\\\/07\\\/destacada-participacion-de-comitiva-uartes-en-las-iv-jornadas-de-investigacion-feminista-de-flacso\\\/#primaryimage\"},\"thumbnailUrl\":\"https:\\\/\\\/www.uartes.edu.ec\\\/sitio\\\/wp-content\\\/uploads\\\/2023\\\/04\\\/V-JORNADA-INVESTIGACION-FEMINISTA-03.jpg\",\"keywords\":[\"jornadas\"],\"articleSection\":[\"2B\",\"Acad\u00e9mico\",\"Alumni\",\"Artes\",\"Docentes\",\"Estudiantes\",\"Gesti\u00f3n\",\"Investigaci\u00f3n\"],\"inLanguage\":\"fr-FR\",\"potentialAction\":[{\"@type\":\"CommentAction\",\"name\":\"Comment\",\"target\":[\"https:\\\/\\\/www.uartes.edu.ec\\\/sitio\\\/fr\\\/blog\\\/2023\\\/04\\\/07\\\/destacada-participacion-de-comitiva-uartes-en-las-iv-jornadas-de-investigacion-feminista-de-flacso\\\/#respond\"]}]},{\"@type\":[\"WebPage\",\"ItemPage\"],\"@id\":\"https:\\\/\\\/www.uartes.edu.ec\\\/sitio\\\/fr\\\/blog\\\/2023\\\/04\\\/07\\\/destacada-participacion-de-comitiva-uartes-en-las-iv-jornadas-de-investigacion-feminista-de-flacso\\\/\",\"url\":\"https:\\\/\\\/www.uartes.edu.ec\\\/sitio\\\/fr\\\/blog\\\/2023\\\/04\\\/07\\\/destacada-participacion-de-comitiva-uartes-en-las-iv-jornadas-de-investigacion-feminista-de-flacso\\\/\",\"name\":\"Universidad de las Artes - Destacada participaci\u00f3n tuvo comitiva de la UArtes en las cuartas Jornadas de Investigaci\u00f3n Feminista de FLACSO\",\"isPartOf\":{\"@id\":\"https:\\\/\\\/www.uartes.edu.ec\\\/sitio\\\/fr\\\/#website\"},\"primaryImageOfPage\":{\"@id\":\"https:\\\/\\\/www.uartes.edu.ec\\\/sitio\\\/fr\\\/blog\\\/2023\\\/04\\\/07\\\/destacada-participacion-de-comitiva-uartes-en-las-iv-jornadas-de-investigacion-feminista-de-flacso\\\/#primaryimage\"},\"image\":{\"@id\":\"https:\\\/\\\/www.uartes.edu.ec\\\/sitio\\\/fr\\\/blog\\\/2023\\\/04\\\/07\\\/destacada-participacion-de-comitiva-uartes-en-las-iv-jornadas-de-investigacion-feminista-de-flacso\\\/#primaryimage\"},\"thumbnailUrl\":\"https:\\\/\\\/www.uartes.edu.ec\\\/sitio\\\/wp-content\\\/uploads\\\/2023\\\/04\\\/V-JORNADA-INVESTIGACION-FEMINISTA-03.jpg\",\"datePublished\":\"2023-04-07T19:17:38+00:00\",\"dateModified\":\"2024-07-04T16:21:19+00:00\",\"description\":\"Universidad de las Artes - Destacada participaci\u00f3n tuvo comitiva de la UArtes en las cuartas Jornadas de Investigaci\u00f3n Feminista de FLACSO\",\"breadcrumb\":{\"@id\":\"https:\\\/\\\/www.uartes.edu.ec\\\/sitio\\\/fr\\\/blog\\\/2023\\\/04\\\/07\\\/destacada-participacion-de-comitiva-uartes-en-las-iv-jornadas-de-investigacion-feminista-de-flacso\\\/#breadcrumb\"},\"inLanguage\":\"fr-FR\",\"potentialAction\":[{\"@type\":\"ReadAction\",\"target\":[\"https:\\\/\\\/www.uartes.edu.ec\\\/sitio\\\/fr\\\/blog\\\/2023\\\/04\\\/07\\\/destacada-participacion-de-comitiva-uartes-en-las-iv-jornadas-de-investigacion-feminista-de-flacso\\\/\"]}]},{\"@type\":\"ImageObject\",\"inLanguage\":\"fr-FR\",\"@id\":\"https:\\\/\\\/www.uartes.edu.ec\\\/sitio\\\/fr\\\/blog\\\/2023\\\/04\\\/07\\\/destacada-participacion-de-comitiva-uartes-en-las-iv-jornadas-de-investigacion-feminista-de-flacso\\\/#primaryimage\",\"url\":\"https:\\\/\\\/www.uartes.edu.ec\\\/sitio\\\/wp-content\\\/uploads\\\/2023\\\/04\\\/V-JORNADA-INVESTIGACION-FEMINISTA-03.jpg\",\"contentUrl\":\"https:\\\/\\\/www.uartes.edu.ec\\\/sitio\\\/wp-content\\\/uploads\\\/2023\\\/04\\\/V-JORNADA-INVESTIGACION-FEMINISTA-03.jpg\",\"width\":2000,\"height\":1333},{\"@type\":\"BreadcrumbList\",\"@id\":\"https:\\\/\\\/www.uartes.edu.ec\\\/sitio\\\/fr\\\/blog\\\/2023\\\/04\\\/07\\\/destacada-participacion-de-comitiva-uartes-en-las-iv-jornadas-de-investigacion-feminista-de-flacso\\\/#breadcrumb\",\"itemListElement\":[{\"@type\":\"ListItem\",\"position\":1,\"name\":\"Inicio\",\"item\":\"https:\\\/\\\/www.uartes.edu.ec\\\/sitio\\\/\"},{\"@type\":\"ListItem\",\"position\":2,\"name\":\"Destacada participaci\u00f3n tuvo comitiva de la UArtes en las cuartas Jornadas de Investigaci\u00f3n Feminista de FLACSO\"}]},{\"@type\":\"WebSite\",\"@id\":\"https:\\\/\\\/www.uartes.edu.ec\\\/sitio\\\/fr\\\/#website\",\"url\":\"https:\\\/\\\/www.uartes.edu.ec\\\/sitio\\\/fr\\\/\",\"name\":\"Universidad de las Artes\",\"description\":\"Sitio oficial de la Universidad Nacional de las Artes del Ecuador\",\"publisher\":{\"@id\":\"https:\\\/\\\/www.uartes.edu.ec\\\/sitio\\\/fr\\\/#organization\"},\"potentialAction\":[{\"@type\":\"SearchAction\",\"target\":{\"@type\":\"EntryPoint\",\"urlTemplate\":\"https:\\\/\\\/www.uartes.edu.ec\\\/sitio\\\/fr\\\/?s={search_term_string}\"},\"query-input\":{\"@type\":\"PropertyValueSpecification\",\"valueRequired\":true,\"valueName\":\"search_term_string\"}}],\"inLanguage\":\"fr-FR\"},{\"@type\":\"Organization\",\"@id\":\"https:\\\/\\\/www.uartes.edu.ec\\\/sitio\\\/fr\\\/#organization\",\"name\":\"Universidad de las Artes\",\"url\":\"https:\\\/\\\/www.uartes.edu.ec\\\/sitio\\\/fr\\\/\",\"logo\":{\"@type\":\"ImageObject\",\"inLanguage\":\"fr-FR\",\"@id\":\"https:\\\/\\\/www.uartes.edu.ec\\\/sitio\\\/fr\\\/#\\\/schema\\\/logo\\\/image\\\/\",\"url\":\"https:\\\/\\\/www.uartes.edu.ec\\\/sitio\\\/wp-content\\\/uploads\\\/2022\\\/07\\\/logo-ua-horizontal.png\",\"contentUrl\":\"https:\\\/\\\/www.uartes.edu.ec\\\/sitio\\\/wp-content\\\/uploads\\\/2022\\\/07\\\/logo-ua-horizontal.png\",\"width\":800,\"height\":276,\"caption\":\"Universidad de las Artes\"},\"image\":{\"@id\":\"https:\\\/\\\/www.uartes.edu.ec\\\/sitio\\\/fr\\\/#\\\/schema\\\/logo\\\/image\\\/\"},\"sameAs\":[\"https:\\\/\\\/www.facebook.com\\\/uartesec\",\"https:\\\/\\\/x.com\\\/uartesec\",\"https:\\\/\\\/www.tiktok.com\\\/@uartesec\"]},{\"@type\":\"Person\",\"@id\":\"https:\\\/\\\/www.uartes.edu.ec\\\/sitio\\\/fr\\\/#\\\/schema\\\/person\\\/efa1b8275797664fd7f13a79ccc0b1f4\",\"name\":\"ccortez\",\"image\":{\"@type\":\"ImageObject\",\"inLanguage\":\"fr-FR\",\"@id\":\"https:\\\/\\\/secure.gravatar.com\\\/avatar\\\/b2a6f664a3ae8e074346ef91775736c5ec479e637ecced6842de9dc98b5da9cd?s=96&d=mm&r=g\",\"url\":\"https:\\\/\\\/secure.gravatar.com\\\/avatar\\\/b2a6f664a3ae8e074346ef91775736c5ec479e637ecced6842de9dc98b5da9cd?s=96&d=mm&r=g\",\"contentUrl\":\"https:\\\/\\\/secure.gravatar.com\\\/avatar\\\/b2a6f664a3ae8e074346ef91775736c5ec479e637ecced6842de9dc98b5da9cd?s=96&d=mm&r=g\",\"caption\":\"ccortez\"},\"url\":\"https:\\\/\\\/www.uartes.edu.ec\\\/sitio\\\/fr\\\/blog\\\/author\\\/ccortez\\\/\"}]}<\/script>\n<!-- \/ Yoast SEO plugin. -->","yoast_head_json":{"title":"Universidad de las Artes - Destacada participaci\u00f3n tuvo comitiva de la UArtes en las cuartas Jornadas de Investigaci\u00f3n Feminista de FLACSO","description":"Universidad de las Artes - Destacada participaci\u00f3n tuvo comitiva de la UArtes en las cuartas Jornadas de Investigaci\u00f3n Feminista de FLACSO","robots":{"index":"index","follow":"follow","max-snippet":"max-snippet:-1","max-image-preview":"max-image-preview:large","max-video-preview":"max-video-preview:-1"},"canonical":"https:\/\/www.uartes.edu.ec\/sitio\/fr\/blog\/2023\/04\/07\/destacada-participacion-de-comitiva-uartes-en-las-iv-jornadas-de-investigacion-feminista-de-flacso\/","og_locale":"fr_FR","og_type":"article","og_title":"Universidad de las Artes - Destacada participaci\u00f3n tuvo comitiva de la UArtes en las cuartas Jornadas de Investigaci\u00f3n Feminista de FLACSO","og_description":"Universidad de las Artes - Destacada participaci\u00f3n tuvo comitiva de la UArtes en las cuartas Jornadas de Investigaci\u00f3n Feminista de FLACSO","og_url":"https:\/\/www.uartes.edu.ec\/sitio\/fr\/blog\/2023\/04\/07\/destacada-participacion-de-comitiva-uartes-en-las-iv-jornadas-de-investigacion-feminista-de-flacso\/","og_site_name":"Universidad de las Artes","article_publisher":"https:\/\/www.facebook.com\/uartesec","article_published_time":"2023-04-07T19:17:38+00:00","article_modified_time":"2024-07-04T16:21:19+00:00","og_image":[{"width":2000,"height":1333,"url":"https:\/\/www.uartes.edu.ec\/sitio\/wp-content\/uploads\/2023\/04\/V-JORNADA-INVESTIGACION-FEMINISTA-03.jpg","type":"image\/jpeg"}],"author":"ccortez","twitter_card":"summary_large_image","twitter_creator":"@uartesec","twitter_site":"@uartesec","twitter_misc":{"\u00c9crit par":"ccortez","Dur\u00e9e de lecture estim\u00e9e":"5 minutes"},"schema":{"@context":"https:\/\/schema.org","@graph":[{"@type":"Article","@id":"https:\/\/www.uartes.edu.ec\/sitio\/fr\/blog\/2023\/04\/07\/destacada-participacion-de-comitiva-uartes-en-las-iv-jornadas-de-investigacion-feminista-de-flacso\/#article","isPartOf":{"@id":"https:\/\/www.uartes.edu.ec\/sitio\/fr\/blog\/2023\/04\/07\/destacada-participacion-de-comitiva-uartes-en-las-iv-jornadas-de-investigacion-feminista-de-flacso\/"},"author":{"name":"ccortez","@id":"https:\/\/www.uartes.edu.ec\/sitio\/fr\/#\/schema\/person\/efa1b8275797664fd7f13a79ccc0b1f4"},"headline":"Destacada participaci\u00f3n tuvo comitiva de la UArtes en las cuartas Jornadas de Investigaci\u00f3n Feminista de FLACSO","datePublished":"2023-04-07T19:17:38+00:00","dateModified":"2024-07-04T16:21:19+00:00","mainEntityOfPage":{"@id":"https:\/\/www.uartes.edu.ec\/sitio\/fr\/blog\/2023\/04\/07\/destacada-participacion-de-comitiva-uartes-en-las-iv-jornadas-de-investigacion-feminista-de-flacso\/"},"wordCount":981,"commentCount":0,"publisher":{"@id":"https:\/\/www.uartes.edu.ec\/sitio\/fr\/#organization"},"image":{"@id":"https:\/\/www.uartes.edu.ec\/sitio\/fr\/blog\/2023\/04\/07\/destacada-participacion-de-comitiva-uartes-en-las-iv-jornadas-de-investigacion-feminista-de-flacso\/#primaryimage"},"thumbnailUrl":"https:\/\/www.uartes.edu.ec\/sitio\/wp-content\/uploads\/2023\/04\/V-JORNADA-INVESTIGACION-FEMINISTA-03.jpg","keywords":["jornadas"],"articleSection":["2B","Acad\u00e9mico","Alumni","Artes","Docentes","Estudiantes","Gesti\u00f3n","Investigaci\u00f3n"],"inLanguage":"fr-FR","potentialAction":[{"@type":"CommentAction","name":"Comment","target":["https:\/\/www.uartes.edu.ec\/sitio\/fr\/blog\/2023\/04\/07\/destacada-participacion-de-comitiva-uartes-en-las-iv-jornadas-de-investigacion-feminista-de-flacso\/#respond"]}]},{"@type":["WebPage","ItemPage"],"@id":"https:\/\/www.uartes.edu.ec\/sitio\/fr\/blog\/2023\/04\/07\/destacada-participacion-de-comitiva-uartes-en-las-iv-jornadas-de-investigacion-feminista-de-flacso\/","url":"https:\/\/www.uartes.edu.ec\/sitio\/fr\/blog\/2023\/04\/07\/destacada-participacion-de-comitiva-uartes-en-las-iv-jornadas-de-investigacion-feminista-de-flacso\/","name":"Universidad de las Artes - Destacada participaci\u00f3n tuvo comitiva de la UArtes en las cuartas Jornadas de Investigaci\u00f3n Feminista de FLACSO","isPartOf":{"@id":"https:\/\/www.uartes.edu.ec\/sitio\/fr\/#website"},"primaryImageOfPage":{"@id":"https:\/\/www.uartes.edu.ec\/sitio\/fr\/blog\/2023\/04\/07\/destacada-participacion-de-comitiva-uartes-en-las-iv-jornadas-de-investigacion-feminista-de-flacso\/#primaryimage"},"image":{"@id":"https:\/\/www.uartes.edu.ec\/sitio\/fr\/blog\/2023\/04\/07\/destacada-participacion-de-comitiva-uartes-en-las-iv-jornadas-de-investigacion-feminista-de-flacso\/#primaryimage"},"thumbnailUrl":"https:\/\/www.uartes.edu.ec\/sitio\/wp-content\/uploads\/2023\/04\/V-JORNADA-INVESTIGACION-FEMINISTA-03.jpg","datePublished":"2023-04-07T19:17:38+00:00","dateModified":"2024-07-04T16:21:19+00:00","description":"Universidad de las Artes - Destacada participaci\u00f3n tuvo comitiva de la UArtes en las cuartas Jornadas de Investigaci\u00f3n Feminista de FLACSO","breadcrumb":{"@id":"https:\/\/www.uartes.edu.ec\/sitio\/fr\/blog\/2023\/04\/07\/destacada-participacion-de-comitiva-uartes-en-las-iv-jornadas-de-investigacion-feminista-de-flacso\/#breadcrumb"},"inLanguage":"fr-FR","potentialAction":[{"@type":"ReadAction","target":["https:\/\/www.uartes.edu.ec\/sitio\/fr\/blog\/2023\/04\/07\/destacada-participacion-de-comitiva-uartes-en-las-iv-jornadas-de-investigacion-feminista-de-flacso\/"]}]},{"@type":"ImageObject","inLanguage":"fr-FR","@id":"https:\/\/www.uartes.edu.ec\/sitio\/fr\/blog\/2023\/04\/07\/destacada-participacion-de-comitiva-uartes-en-las-iv-jornadas-de-investigacion-feminista-de-flacso\/#primaryimage","url":"https:\/\/www.uartes.edu.ec\/sitio\/wp-content\/uploads\/2023\/04\/V-JORNADA-INVESTIGACION-FEMINISTA-03.jpg","contentUrl":"https:\/\/www.uartes.edu.ec\/sitio\/wp-content\/uploads\/2023\/04\/V-JORNADA-INVESTIGACION-FEMINISTA-03.jpg","width":2000,"height":1333},{"@type":"BreadcrumbList","@id":"https:\/\/www.uartes.edu.ec\/sitio\/fr\/blog\/2023\/04\/07\/destacada-participacion-de-comitiva-uartes-en-las-iv-jornadas-de-investigacion-feminista-de-flacso\/#breadcrumb","itemListElement":[{"@type":"ListItem","position":1,"name":"Inicio","item":"https:\/\/www.uartes.edu.ec\/sitio\/"},{"@type":"ListItem","position":2,"name":"Destacada participaci\u00f3n tuvo comitiva de la UArtes en las cuartas Jornadas de Investigaci\u00f3n Feminista de FLACSO"}]},{"@type":"WebSite","@id":"https:\/\/www.uartes.edu.ec\/sitio\/fr\/#website","url":"https:\/\/www.uartes.edu.ec\/sitio\/fr\/","name":"Universidad de las Artes","description":"Sitio oficial de la Universidad Nacional de las Artes del Ecuador","publisher":{"@id":"https:\/\/www.uartes.edu.ec\/sitio\/fr\/#organization"},"potentialAction":[{"@type":"SearchAction","target":{"@type":"EntryPoint","urlTemplate":"https:\/\/www.uartes.edu.ec\/sitio\/fr\/?s={search_term_string}"},"query-input":{"@type":"PropertyValueSpecification","valueRequired":true,"valueName":"search_term_string"}}],"inLanguage":"fr-FR"},{"@type":"Organization","@id":"https:\/\/www.uartes.edu.ec\/sitio\/fr\/#organization","name":"Universidad de las Artes","url":"https:\/\/www.uartes.edu.ec\/sitio\/fr\/","logo":{"@type":"ImageObject","inLanguage":"fr-FR","@id":"https:\/\/www.uartes.edu.ec\/sitio\/fr\/#\/schema\/logo\/image\/","url":"https:\/\/www.uartes.edu.ec\/sitio\/wp-content\/uploads\/2022\/07\/logo-ua-horizontal.png","contentUrl":"https:\/\/www.uartes.edu.ec\/sitio\/wp-content\/uploads\/2022\/07\/logo-ua-horizontal.png","width":800,"height":276,"caption":"Universidad de las Artes"},"image":{"@id":"https:\/\/www.uartes.edu.ec\/sitio\/fr\/#\/schema\/logo\/image\/"},"sameAs":["https:\/\/www.facebook.com\/uartesec","https:\/\/x.com\/uartesec","https:\/\/www.tiktok.com\/@uartesec"]},{"@type":"Person","@id":"https:\/\/www.uartes.edu.ec\/sitio\/fr\/#\/schema\/person\/efa1b8275797664fd7f13a79ccc0b1f4","name":"ccortez","image":{"@type":"ImageObject","inLanguage":"fr-FR","@id":"https:\/\/secure.gravatar.com\/avatar\/b2a6f664a3ae8e074346ef91775736c5ec479e637ecced6842de9dc98b5da9cd?s=96&d=mm&r=g","url":"https:\/\/secure.gravatar.com\/avatar\/b2a6f664a3ae8e074346ef91775736c5ec479e637ecced6842de9dc98b5da9cd?s=96&d=mm&r=g","contentUrl":"https:\/\/secure.gravatar.com\/avatar\/b2a6f664a3ae8e074346ef91775736c5ec479e637ecced6842de9dc98b5da9cd?s=96&d=mm&r=g","caption":"ccortez"},"url":"https:\/\/www.uartes.edu.ec\/sitio\/fr\/blog\/author\/ccortez\/"}]}},"uagb_featured_image_src":{"full":["https:\/\/www.uartes.edu.ec\/sitio\/wp-content\/uploads\/2023\/04\/V-JORNADA-INVESTIGACION-FEMINISTA-03.jpg",2000,1333,false],"thumbnail":["https:\/\/www.uartes.edu.ec\/sitio\/wp-content\/uploads\/2023\/04\/V-JORNADA-INVESTIGACION-FEMINISTA-03-150x150.jpg",150,150,true],"medium":["https:\/\/www.uartes.edu.ec\/sitio\/wp-content\/uploads\/2023\/04\/V-JORNADA-INVESTIGACION-FEMINISTA-03-300x200.jpg",300,200,true],"medium_large":["https:\/\/www.uartes.edu.ec\/sitio\/wp-content\/uploads\/2023\/04\/V-JORNADA-INVESTIGACION-FEMINISTA-03-768x512.jpg",768,512,true],"large":["https:\/\/www.uartes.edu.ec\/sitio\/wp-content\/uploads\/2023\/04\/V-JORNADA-INVESTIGACION-FEMINISTA-03-644x429.jpg",644,429,true],"1536x1536":["https:\/\/www.uartes.edu.ec\/sitio\/wp-content\/uploads\/2023\/04\/V-JORNADA-INVESTIGACION-FEMINISTA-03-1536x1024.jpg",1536,1024,true],"2048x2048":["https:\/\/www.uartes.edu.ec\/sitio\/wp-content\/uploads\/2023\/04\/V-JORNADA-INVESTIGACION-FEMINISTA-03.jpg",2000,1333,false],"trp-custom-language-flag":["https:\/\/www.uartes.edu.ec\/sitio\/wp-content\/uploads\/2023\/04\/V-JORNADA-INVESTIGACION-FEMINISTA-03.jpg",18,12,false],"htmega_size_585x295":["https:\/\/www.uartes.edu.ec\/sitio\/wp-content\/uploads\/2023\/04\/V-JORNADA-INVESTIGACION-FEMINISTA-03-585x295.jpg",585,295,true],"htmega_size_1170x536":["https:\/\/www.uartes.edu.ec\/sitio\/wp-content\/uploads\/2023\/04\/V-JORNADA-INVESTIGACION-FEMINISTA-03-1170x536.jpg",1170,536,true],"htmega_size_396x360":["https:\/\/www.uartes.edu.ec\/sitio\/wp-content\/uploads\/2023\/04\/V-JORNADA-INVESTIGACION-FEMINISTA-03-396x360.jpg",396,360,true],"gb-block-post-grid-landscape":["https:\/\/www.uartes.edu.ec\/sitio\/wp-content\/uploads\/2023\/04\/V-JORNADA-INVESTIGACION-FEMINISTA-03-600x400.jpg",600,400,true],"gb-block-post-grid-square":["https:\/\/www.uartes.edu.ec\/sitio\/wp-content\/uploads\/2023\/04\/V-JORNADA-INVESTIGACION-FEMINISTA-03-600x600.jpg",600,600,true],"university-hub-thumb":["https:\/\/www.uartes.edu.ec\/sitio\/wp-content\/uploads\/2023\/04\/V-JORNADA-INVESTIGACION-FEMINISTA-03-400x267.jpg",400,267,true]},"uagb_author_info":{"display_name":"ccortez","author_link":"https:\/\/www.uartes.edu.ec\/sitio\/fr\/blog\/author\/ccortez\/"},"uagb_comment_info":0,"uagb_excerpt":"Cuatro docentes, 13 estudiantes, cinco egresados\/as y un funcionario de apoyo acad\u00e9mico integraron la delegaci\u00f3n de la Universidad de las Artes en las IV Jornadas de Investigaci\u00f3n Feminista de FLACSO, que tuvieron lugar en Quito. En la actividad, efectuada en el marco del 25 aniversario de su programa de Estudios de G\u00e9nero, hubo m\u00e1s de\u2026","featured_image_src":"https:\/\/www.uartes.edu.ec\/sitio\/wp-content\/uploads\/2023\/04\/V-JORNADA-INVESTIGACION-FEMINISTA-03-600x400.jpg","featured_image_src_square":"https:\/\/www.uartes.edu.ec\/sitio\/wp-content\/uploads\/2023\/04\/V-JORNADA-INVESTIGACION-FEMINISTA-03-600x600.jpg","author_info":{"display_name":"ccortez","author_link":"https:\/\/www.uartes.edu.ec\/sitio\/fr\/blog\/author\/ccortez\/"},"publishpress_future_workflow_manual_trigger":{"enabledWorkflows":[]},"distributor_meta":false,"distributor_terms":false,"distributor_media":false,"distributor_original_site_name":"Universidad de las Artes","distributor_original_site_url":"https:\/\/www.uartes.edu.ec\/sitio\/fr","push-errors":false,"_links":{"self":[{"href":"https:\/\/www.uartes.edu.ec\/sitio\/fr\/wp-json\/wp\/v2\/posts\/40905","targetHints":{"allow":["GET"]}}],"collection":[{"href":"https:\/\/www.uartes.edu.ec\/sitio\/fr\/wp-json\/wp\/v2\/posts"}],"about":[{"href":"https:\/\/www.uartes.edu.ec\/sitio\/fr\/wp-json\/wp\/v2\/types\/post"}],"author":[{"embeddable":true,"href":"https:\/\/www.uartes.edu.ec\/sitio\/fr\/wp-json\/wp\/v2\/users\/10"}],"replies":[{"embeddable":true,"href":"https:\/\/www.uartes.edu.ec\/sitio\/fr\/wp-json\/wp\/v2\/comments?post=40905"}],"version-history":[{"count":12,"href":"https:\/\/www.uartes.edu.ec\/sitio\/fr\/wp-json\/wp\/v2\/posts\/40905\/revisions"}],"predecessor-version":[{"id":44303,"href":"https:\/\/www.uartes.edu.ec\/sitio\/fr\/wp-json\/wp\/v2\/posts\/40905\/revisions\/44303"}],"wp:featuredmedia":[{"embeddable":true,"href":"https:\/\/www.uartes.edu.ec\/sitio\/fr\/wp-json\/wp\/v2\/media\/40907"}],"wp:attachment":[{"href":"https:\/\/www.uartes.edu.ec\/sitio\/fr\/wp-json\/wp\/v2\/media?parent=40905"}],"wp:term":[{"taxonomy":"category","embeddable":true,"href":"https:\/\/www.uartes.edu.ec\/sitio\/fr\/wp-json\/wp\/v2\/categories?post=40905"},{"taxonomy":"post_tag","embeddable":true,"href":"https:\/\/www.uartes.edu.ec\/sitio\/fr\/wp-json\/wp\/v2\/tags?post=40905"},{"taxonomy":"infouartes","embeddable":true,"href":"https:\/\/www.uartes.edu.ec\/sitio\/fr\/wp-json\/wp\/v2\/infouartes?post=40905"}],"curies":[{"name":"wp","href":"https:\/\/api.w.org\/{rel}","templated":true}]}}