{"id":41086,"date":"2023-04-14T10:20:46","date_gmt":"2023-04-14T15:20:46","guid":{"rendered":"https:\/\/www.uartes.edu.ec\/sitio\/?p=41086"},"modified":"2024-07-04T11:21:18","modified_gmt":"2024-07-04T16:21:18","slug":"la-importancia-de-acudir-y-recibir-a-tiempo-la-consejeria-academica","status":"publish","type":"post","link":"https:\/\/www.uartes.edu.ec\/sitio\/fr\/blog\/2023\/04\/14\/la-importancia-de-acudir-y-recibir-a-tiempo-la-consejeria-academica\/","title":{"rendered":"La importancia de acudir y recibir a tiempo la Consejer\u00eda Acad\u00e9mica"},"content":{"rendered":"<p>\u201cDurante casi toda mi carrera nunca cre\u00ed necesario asistir a una tutor\u00eda. A veces porque se cruzaba con otros horarios o porque cre\u00eda que lo que me pod\u00edan ense\u00f1ar lo hab\u00eda recibido en clases\u201d. El testimonio lo comparte una estudiante UArtes, quien confiesa no estim\u00f3 importante antes acudir al tutor asignado ni haberse sentido motivada a tomar parte de las jornadas de Consejer\u00eda Acad\u00e9mica que se desarrollan al inicio de cada semestre. Su decisi\u00f3n le pas\u00f3 factura, reconoce, pues no se inform\u00f3 a tiempo de las materias ni de las horas de v\u00ednculo y de pr\u00e1cticas preprofesionales que deb\u00eda realizar. \u00bfEl resultado? Sus compa\u00f1eros se graduaron el a\u00f1o pasado y ella en este 2023 reci\u00e9n entrar\u00eda a titulaci\u00f3n.\u00a0<\/p>\n\n\n\n<p>Organizada por la Direcci\u00f3n de Acompa\u00f1amiento al \u00c9xito Acad\u00e9mico, el pasado 10 de abril se dio inici\u00f3 a la Semana de Consejer\u00eda Acad\u00e9mica, la cual concluye hoy, viernes 14. \u201cRe\u00fanete con tu consejero\u201d es la invitaci\u00f3n que la UArtes ha venido haciendo desde sus medios informativos a la comunidad estudiantil, indicando, adem\u00e1s, que junto al tutor se puede revisar la malla curricular, conocer de los avances de las pr\u00e1cticas preprofesionales y del proceso de titulaci\u00f3n, entre otras dudas acad\u00e9micas\u00a0que se pudieran tener.<\/p>\n\n\n\n<p>Justamente, el prop\u00f3sito de la Consejer\u00eda Acad\u00e9mica es orientar a cada estudiante a lo largo de su estad\u00eda universitaria para que pueda alcanzar sus metas acad\u00e9micas, encuentre informaci\u00f3n y recursos importantes acerca de los procesos universitarios, asesoramiento sobre las formas m\u00e1s efectivas de estudio y acercamiento al mundo art\u00edstico profesional.&nbsp;<\/p>\n\n\n<div class=\"wp-block-image\">\n<figure class=\"aligncenter size-large\"><img fetchpriority=\"high\" decoding=\"async\" width=\"644\" height=\"429\" src=\"https:\/\/www.uartes.edu.ec\/sitio\/wp-content\/uploads\/2023\/04\/01-CONSEJERIA-MEINING-01-2023-644x429.jpg\" alt=\"\" class=\"wp-image-41088\" srcset=\"https:\/\/www.uartes.edu.ec\/sitio\/wp-content\/uploads\/2023\/04\/01-CONSEJERIA-MEINING-01-2023-644x429.jpg 644w, https:\/\/www.uartes.edu.ec\/sitio\/wp-content\/uploads\/2023\/04\/01-CONSEJERIA-MEINING-01-2023-768x511.jpg 768w, https:\/\/www.uartes.edu.ec\/sitio\/wp-content\/uploads\/2023\/04\/01-CONSEJERIA-MEINING-01-2023.jpg 2000w, https:\/\/www.uartes.edu.ec\/sitio\/wp-content\/uploads\/2023\/04\/01-CONSEJERIA-MEINING-01-2023-600x399.jpg 600w, https:\/\/www.uartes.edu.ec\/sitio\/wp-content\/uploads\/2023\/04\/01-CONSEJERIA-MEINING-01-2023-272x182.jpg 272w\" sizes=\"(max-width: 644px) 100vw, 644px\" \/><\/figure>\n<\/div>\n\n\n<p>En un di\u00e1logo anterior con InfoUArtes, la directora de Acompa\u00f1amiento al \u00c9xito Acad\u00e9mico, Meining Cheung, indic\u00f3 que el origen de la Consejer\u00eda Acad\u00e9mica est\u00e1 en el manual org\u00e1nico por procesos y que las unidades ejecutoras son las escuelas y sus docentes.\u00a0<\/p>\n\n\n\n<p>De su experiencia como tutora, indic\u00f3 haber tenido estudiantes que le han consultado qu\u00e9 materia pueden tomar porque est\u00e1n trabajando, lo cual es una realidad del alumnado universitario, \u201cy se los puede direccionar porque uno conoce c\u00f3mo va la carrera y se tiene un poco m\u00e1s de criterio para decirle qu\u00e9 puede coger en el caso de que no pueda tomar toda la materia\u201d.&nbsp;<\/p>\n\n\n\n<p>El ingl\u00e9s o segundo idioma es quiz\u00e1s el requisito m\u00e1s fuerte, expres\u00f3 Cheung. \u201cSiempre digo que es como tocar un instrumento; se baja un video de YouTube y se aprender\u00e1 tres acordes, pero no se va a poder interpretar una pieza entera. Es de practicar mucho y de leer\u201d. &nbsp;<\/p>\n\n\n<div class=\"wp-block-image\">\n<figure class=\"aligncenter size-large\"><img decoding=\"async\" width=\"644\" height=\"429\" src=\"https:\/\/www.uartes.edu.ec\/sitio\/wp-content\/uploads\/2023\/04\/02-MATRICULACIONES-ANTIGUAS-644x429.jpg\" alt=\"\" class=\"wp-image-41089\" srcset=\"https:\/\/www.uartes.edu.ec\/sitio\/wp-content\/uploads\/2023\/04\/02-MATRICULACIONES-ANTIGUAS-644x429.jpg 644w, https:\/\/www.uartes.edu.ec\/sitio\/wp-content\/uploads\/2023\/04\/02-MATRICULACIONES-ANTIGUAS-768x511.jpg 768w, https:\/\/www.uartes.edu.ec\/sitio\/wp-content\/uploads\/2023\/04\/02-MATRICULACIONES-ANTIGUAS.jpg 2000w, https:\/\/www.uartes.edu.ec\/sitio\/wp-content\/uploads\/2023\/04\/02-MATRICULACIONES-ANTIGUAS-600x399.jpg 600w, https:\/\/www.uartes.edu.ec\/sitio\/wp-content\/uploads\/2023\/04\/02-MATRICULACIONES-ANTIGUAS-272x182.jpg 272w\" sizes=\"(max-width: 644px) 100vw, 644px\" \/><\/figure>\n<\/div>\n\n\n<p>Conocer otro idioma desde el punto del conocimiento te expande en la literatura, anot\u00f3 y record\u00f3 que.consta entre los requisitos para graduarse. \u201cSe puede tomar todas las materias, pero llega un momento en que no est\u00e1 el idioma, entonces deber\u00e1 inscribirse en m\u00f3dulos intensivos de m\u00ednimo seis meses o un a\u00f1o\u201d. La Consejer\u00eda Acad\u00e9mica, agreg\u00f3 Cheung, \u201ces como punto de informaci\u00f3n y los tutores estamos para ayudarlos, para direccionarlos, para asesorarlos\u201d.\u00a0<\/p>\n\n\n\n<p>El objetivo es tambi\u00e9n evitar la deserci\u00f3n y que el estudiante llegue con todo completo a la hora de titularse. Son esfuerzos conjuntos. Las escuelas y sus docentes, el Vicerrectorado Acad\u00e9mico, donde est\u00e1 un m\u00f3dulo que permite conocer del avance del estudiante, quien puede acercarse y consultar. \u201cEs cuesti\u00f3n de actitud, de ser receptivo. Ser estudiante de artes no es f\u00e1cil, hay que ver tambi\u00e9n sus condiciones, podemos dar una mano porque todos hemos pasado por la situaci\u00f3n de estudiantes. Queremos que se grad\u00faen y que sean exitosos\u201d, manifest\u00f3 Cheung.&nbsp;<\/p>\n\n\n\n<p>Asimismo, de su experiencia como tutor, en una anterior jornada de Consejer\u00eda Acad\u00e9mica el artista y docente Cristian Villavicencio coment\u00f3 haber realizado inducciones colectivas e individualizadas para abordar dudas particulares. Explic\u00f3 que los temas abordados tienen que ver mayoritariamente con explicar y contextualizar las mallas curriculares, aclarar dudas sobre sus procesos de matriculaci\u00f3n, informar sobre los distintos departamentos de la UArtes y d\u00f3nde y de qu\u00e9 manera pod\u00edan ponerse en contacto con estas unidades, como Secretar\u00eda Acad\u00e9mica, Nivelaci\u00f3n, Asuntos Estudiantiles, entre otros.\u00a0<\/p>\n\n\n\n<p>Es necesario, recomend\u00f3 Villavicencio, que los estudiantes est\u00e9n atentos al programa de Consejer\u00edas Acad\u00e9micas.\u00a0<\/p>\n\n\n<div class=\"wp-block-image\">\n<figure class=\"aligncenter size-large\"><img decoding=\"async\" width=\"644\" height=\"429\" src=\"https:\/\/www.uartes.edu.ec\/sitio\/wp-content\/uploads\/2023\/04\/03-MATRICULACIONES-ANTIGUAS-644x429.jpg\" alt=\"\" class=\"wp-image-41090\" srcset=\"https:\/\/www.uartes.edu.ec\/sitio\/wp-content\/uploads\/2023\/04\/03-MATRICULACIONES-ANTIGUAS-644x429.jpg 644w, https:\/\/www.uartes.edu.ec\/sitio\/wp-content\/uploads\/2023\/04\/03-MATRICULACIONES-ANTIGUAS-768x511.jpg 768w, https:\/\/www.uartes.edu.ec\/sitio\/wp-content\/uploads\/2023\/04\/03-MATRICULACIONES-ANTIGUAS.jpg 2000w, https:\/\/www.uartes.edu.ec\/sitio\/wp-content\/uploads\/2023\/04\/03-MATRICULACIONES-ANTIGUAS-600x399.jpg 600w, https:\/\/www.uartes.edu.ec\/sitio\/wp-content\/uploads\/2023\/04\/03-MATRICULACIONES-ANTIGUAS-272x182.jpg 272w\" sizes=\"(max-width: 644px) 100vw, 644px\" \/><\/figure>\n<\/div>\n\n\n<p>Desde la Direcci\u00f3n de Acompa\u00f1amiento al \u00c9xito Acad\u00e9mico se se\u00f1al\u00f3 que la Consejer\u00eda Acad\u00e9mica est\u00e1 dirigida a todo el cuerpo estudiantil de pregrado, desde que inicia el primer semestre hasta culminar la licenciatura. Adem\u00e1s de la consejer\u00eda, a quienes est\u00e9n cursando una segunda y tercera matr\u00edcula se les asigna un miembro del personal docente que se encargar\u00e1 de monitorear su desempe\u00f1o a lo largo del semestre, manteniendo contacto con cada docente de las respectivas asignaturas.\u00a0\u00a0<\/p>\n\n\n\n<p>Establecidas est\u00e1n las obligaciones del consejero tutor y del estudiante, se preci\u00f3 y mencion\u00f3, entre otras, que el personal docente asignado a la consejer\u00eda debe ofrecerla a cada estudiante asignado por la coordinaci\u00f3n acad\u00e9mica. Deber\u00e1 tambi\u00e9n definir la lista de materias que el estudiante debe cursar en el semestre inmediato. Y, en ning\u00fan caso, el estudiante podr\u00e1 tener m\u00e1s de veinte horas semanales en actividades que se realizan en contacto con el docente.\u00a0<\/p>\n\n\n\n<p>El estudiantado, por su parte, deber\u00e1 asistir puntualmente a la consejer\u00eda al inicio de semestre. Para quienes cursan una materia por segunda o tercera ocasi\u00f3n, deber\u00e1n asistir a las sesiones de seguimiento y tutor\u00eda. Seguir las indicaciones o sugerencias del personal docente. Interesarse y conocer los procedimientos necesarios para culminar su carrera. Llenar la encuesta de evaluaci\u00f3n de la consejer\u00eda cuando est\u00e9 disponible. Y comunicarse con coordinaci\u00f3n acad\u00e9mica en el caso de querer un cambio de consejero.<\/p>\n\n\n\n<p>Texto: Carmen Cortez<\/p>\n\n\n<div class=\"wp-block-image\">\n<figure class=\"aligncenter size-large\"><img loading=\"lazy\" decoding=\"async\" width=\"644\" height=\"429\" src=\"https:\/\/www.uartes.edu.ec\/sitio\/wp-content\/uploads\/2023\/04\/04-MATRICULACIONES-ANTIGUAS-644x429.jpg\" alt=\"\" class=\"wp-image-41091\" srcset=\"https:\/\/www.uartes.edu.ec\/sitio\/wp-content\/uploads\/2023\/04\/04-MATRICULACIONES-ANTIGUAS-644x429.jpg 644w, https:\/\/www.uartes.edu.ec\/sitio\/wp-content\/uploads\/2023\/04\/04-MATRICULACIONES-ANTIGUAS-768x511.jpg 768w, https:\/\/www.uartes.edu.ec\/sitio\/wp-content\/uploads\/2023\/04\/04-MATRICULACIONES-ANTIGUAS.jpg 2000w, https:\/\/www.uartes.edu.ec\/sitio\/wp-content\/uploads\/2023\/04\/04-MATRICULACIONES-ANTIGUAS-600x399.jpg 600w, https:\/\/www.uartes.edu.ec\/sitio\/wp-content\/uploads\/2023\/04\/04-MATRICULACIONES-ANTIGUAS-272x182.jpg 272w\" sizes=\"(max-width: 644px) 100vw, 644px\" \/><\/figure>\n<\/div>\n\n\n<p>En las im\u00e1genes, jornadas anteriores de Consejer\u00eda Acad\u00e9mica. Constan docentes tutores brindando gu\u00eda a los estudiantes.<\/p>","protected":false},"excerpt":{"rendered":"<p>Su prop\u00f3sito es orientar a cada estudiante para que pueda alcanzar sus metas acad\u00e9micas, encuentre informaci\u00f3n y recursos importantes acerca de los procesos universitarios, asesoramiento sobre las formas m\u00e1s efectivas de estudio y acercamiento al mundo art\u00edstico profesional. Organizada por la Direcci\u00f3n de Acompa\u00f1amiento al \u00c9xito Acad\u00e9mico, el lunes inici\u00f3 la Semana de Consejer\u00eda Acad\u00e9mica, la cual concluye hoy. \u00bfYa te reuniste con tu consejero?<\/p>","protected":false},"author":10,"featured_media":41087,"comment_status":"open","ping_status":"open","sticky":false,"template":"","format":"standard","meta":{"_acf_changed":false,"_uag_custom_page_level_css":"","_monsterinsights_skip_tracking":false,"_monsterinsights_sitenote_active":false,"_monsterinsights_sitenote_note":"","_monsterinsights_sitenote_category":0,"cybocfi_hide_featured_image":"","footnotes":""},"categories":[714,80,159,150,157,147,75,76,175],"tags":[],"infouartes":[],"class_list":["post-41086","post","type-post","status-publish","format-standard","has-post-thumbnail","hentry","category-2b","category-academico","category-artes-escenicas","category-artes-sonoras","category-artes-visuales","category-cine","category-docentes","category-estudiantes","category-literatura"],"acf":[],"yoast_head":"<!-- This site is optimized with the Yoast SEO plugin v27.4 - https:\/\/yoast.com\/product\/yoast-seo-wordpress\/ -->\n<title>Universidad de las Artes - La importancia de acudir y recibir a tiempo la Consejer\u00eda Acad\u00e9mica<\/title>\n<meta name=\"description\" content=\"Universidad de las Artes - La importancia de acudir y recibir a tiempo la Consejer\u00eda Acad\u00e9mica\" \/>\n<meta name=\"robots\" content=\"index, follow, max-snippet:-1, max-image-preview:large, max-video-preview:-1\" \/>\n<link rel=\"canonical\" href=\"https:\/\/www.uartes.edu.ec\/sitio\/fr\/blog\/2023\/04\/14\/la-importancia-de-acudir-y-recibir-a-tiempo-la-consejeria-academica\/\" \/>\n<meta property=\"og:locale\" content=\"fr_FR\" \/>\n<meta property=\"og:type\" content=\"article\" \/>\n<meta property=\"og:title\" content=\"Universidad de las Artes - La importancia de acudir y recibir a tiempo la Consejer\u00eda Acad\u00e9mica\" \/>\n<meta property=\"og:description\" content=\"Universidad de las Artes - La importancia de acudir y recibir a tiempo la Consejer\u00eda Acad\u00e9mica\" \/>\n<meta property=\"og:url\" content=\"https:\/\/www.uartes.edu.ec\/sitio\/fr\/blog\/2023\/04\/14\/la-importancia-de-acudir-y-recibir-a-tiempo-la-consejeria-academica\/\" \/>\n<meta property=\"og:site_name\" content=\"Universidad de las Artes\" \/>\n<meta property=\"article:publisher\" content=\"https:\/\/www.facebook.com\/uartesec\" \/>\n<meta property=\"article:published_time\" content=\"2023-04-14T15:20:46+00:00\" \/>\n<meta property=\"article:modified_time\" content=\"2024-07-04T16:21:18+00:00\" \/>\n<meta property=\"og:image\" content=\"https:\/\/www.uartes.edu.ec\/sitio\/wp-content\/uploads\/2023\/04\/05-MATRICULACIONES-ANTIGUAS.jpg\" \/>\n\t<meta property=\"og:image:width\" content=\"2000\" \/>\n\t<meta property=\"og:image:height\" content=\"1333\" \/>\n\t<meta property=\"og:image:type\" content=\"image\/jpeg\" \/>\n<meta name=\"author\" content=\"ccortez\" \/>\n<meta name=\"twitter:card\" content=\"summary_large_image\" \/>\n<meta name=\"twitter:creator\" content=\"@uartesec\" \/>\n<meta name=\"twitter:site\" content=\"@uartesec\" \/>\n<meta name=\"twitter:label1\" content=\"\u00c9crit par\" \/>\n\t<meta name=\"twitter:data1\" content=\"ccortez\" \/>\n\t<meta name=\"twitter:label2\" content=\"Dur\u00e9e de lecture estim\u00e9e\" \/>\n\t<meta name=\"twitter:data2\" content=\"5 minutes\" \/>\n<script type=\"application\/ld+json\" class=\"yoast-schema-graph\">{\"@context\":\"https:\\\/\\\/schema.org\",\"@graph\":[{\"@type\":\"Article\",\"@id\":\"https:\\\/\\\/www.uartes.edu.ec\\\/sitio\\\/fr\\\/blog\\\/2023\\\/04\\\/14\\\/la-importancia-de-acudir-y-recibir-a-tiempo-la-consejeria-academica\\\/#article\",\"isPartOf\":{\"@id\":\"https:\\\/\\\/www.uartes.edu.ec\\\/sitio\\\/fr\\\/blog\\\/2023\\\/04\\\/14\\\/la-importancia-de-acudir-y-recibir-a-tiempo-la-consejeria-academica\\\/\"},\"author\":{\"name\":\"ccortez\",\"@id\":\"https:\\\/\\\/www.uartes.edu.ec\\\/sitio\\\/fr\\\/#\\\/schema\\\/person\\\/efa1b8275797664fd7f13a79ccc0b1f4\"},\"headline\":\"La importancia de acudir y recibir a tiempo la Consejer\u00eda Acad\u00e9mica\",\"datePublished\":\"2023-04-14T15:20:46+00:00\",\"dateModified\":\"2024-07-04T16:21:18+00:00\",\"mainEntityOfPage\":{\"@id\":\"https:\\\/\\\/www.uartes.edu.ec\\\/sitio\\\/fr\\\/blog\\\/2023\\\/04\\\/14\\\/la-importancia-de-acudir-y-recibir-a-tiempo-la-consejeria-academica\\\/\"},\"wordCount\":1024,\"commentCount\":0,\"publisher\":{\"@id\":\"https:\\\/\\\/www.uartes.edu.ec\\\/sitio\\\/fr\\\/#organization\"},\"image\":{\"@id\":\"https:\\\/\\\/www.uartes.edu.ec\\\/sitio\\\/fr\\\/blog\\\/2023\\\/04\\\/14\\\/la-importancia-de-acudir-y-recibir-a-tiempo-la-consejeria-academica\\\/#primaryimage\"},\"thumbnailUrl\":\"https:\\\/\\\/www.uartes.edu.ec\\\/sitio\\\/wp-content\\\/uploads\\\/2023\\\/04\\\/05-MATRICULACIONES-ANTIGUAS.jpg\",\"articleSection\":[\"2B\",\"Acad\u00e9mico\",\"Artes Esc\u00e9nicas\",\"Artes Sonoras\",\"Artes Visuales\",\"Cine\",\"Docentes\",\"Estudiantes\",\"Literatura\"],\"inLanguage\":\"fr-FR\",\"potentialAction\":[{\"@type\":\"CommentAction\",\"name\":\"Comment\",\"target\":[\"https:\\\/\\\/www.uartes.edu.ec\\\/sitio\\\/fr\\\/blog\\\/2023\\\/04\\\/14\\\/la-importancia-de-acudir-y-recibir-a-tiempo-la-consejeria-academica\\\/#respond\"]}]},{\"@type\":[\"WebPage\",\"ItemPage\"],\"@id\":\"https:\\\/\\\/www.uartes.edu.ec\\\/sitio\\\/fr\\\/blog\\\/2023\\\/04\\\/14\\\/la-importancia-de-acudir-y-recibir-a-tiempo-la-consejeria-academica\\\/\",\"url\":\"https:\\\/\\\/www.uartes.edu.ec\\\/sitio\\\/fr\\\/blog\\\/2023\\\/04\\\/14\\\/la-importancia-de-acudir-y-recibir-a-tiempo-la-consejeria-academica\\\/\",\"name\":\"Universidad de las Artes - La importancia de acudir y recibir a tiempo la Consejer\u00eda Acad\u00e9mica\",\"isPartOf\":{\"@id\":\"https:\\\/\\\/www.uartes.edu.ec\\\/sitio\\\/fr\\\/#website\"},\"primaryImageOfPage\":{\"@id\":\"https:\\\/\\\/www.uartes.edu.ec\\\/sitio\\\/fr\\\/blog\\\/2023\\\/04\\\/14\\\/la-importancia-de-acudir-y-recibir-a-tiempo-la-consejeria-academica\\\/#primaryimage\"},\"image\":{\"@id\":\"https:\\\/\\\/www.uartes.edu.ec\\\/sitio\\\/fr\\\/blog\\\/2023\\\/04\\\/14\\\/la-importancia-de-acudir-y-recibir-a-tiempo-la-consejeria-academica\\\/#primaryimage\"},\"thumbnailUrl\":\"https:\\\/\\\/www.uartes.edu.ec\\\/sitio\\\/wp-content\\\/uploads\\\/2023\\\/04\\\/05-MATRICULACIONES-ANTIGUAS.jpg\",\"datePublished\":\"2023-04-14T15:20:46+00:00\",\"dateModified\":\"2024-07-04T16:21:18+00:00\",\"description\":\"Universidad de las Artes - La importancia de acudir y recibir a tiempo la Consejer\u00eda Acad\u00e9mica\",\"breadcrumb\":{\"@id\":\"https:\\\/\\\/www.uartes.edu.ec\\\/sitio\\\/fr\\\/blog\\\/2023\\\/04\\\/14\\\/la-importancia-de-acudir-y-recibir-a-tiempo-la-consejeria-academica\\\/#breadcrumb\"},\"inLanguage\":\"fr-FR\",\"potentialAction\":[{\"@type\":\"ReadAction\",\"target\":[\"https:\\\/\\\/www.uartes.edu.ec\\\/sitio\\\/fr\\\/blog\\\/2023\\\/04\\\/14\\\/la-importancia-de-acudir-y-recibir-a-tiempo-la-consejeria-academica\\\/\"]}]},{\"@type\":\"ImageObject\",\"inLanguage\":\"fr-FR\",\"@id\":\"https:\\\/\\\/www.uartes.edu.ec\\\/sitio\\\/fr\\\/blog\\\/2023\\\/04\\\/14\\\/la-importancia-de-acudir-y-recibir-a-tiempo-la-consejeria-academica\\\/#primaryimage\",\"url\":\"https:\\\/\\\/www.uartes.edu.ec\\\/sitio\\\/wp-content\\\/uploads\\\/2023\\\/04\\\/05-MATRICULACIONES-ANTIGUAS.jpg\",\"contentUrl\":\"https:\\\/\\\/www.uartes.edu.ec\\\/sitio\\\/wp-content\\\/uploads\\\/2023\\\/04\\\/05-MATRICULACIONES-ANTIGUAS.jpg\",\"width\":2000,\"height\":1333},{\"@type\":\"BreadcrumbList\",\"@id\":\"https:\\\/\\\/www.uartes.edu.ec\\\/sitio\\\/fr\\\/blog\\\/2023\\\/04\\\/14\\\/la-importancia-de-acudir-y-recibir-a-tiempo-la-consejeria-academica\\\/#breadcrumb\",\"itemListElement\":[{\"@type\":\"ListItem\",\"position\":1,\"name\":\"Inicio\",\"item\":\"https:\\\/\\\/www.uartes.edu.ec\\\/sitio\\\/\"},{\"@type\":\"ListItem\",\"position\":2,\"name\":\"La importancia de acudir y recibir a tiempo la Consejer\u00eda Acad\u00e9mica\"}]},{\"@type\":\"WebSite\",\"@id\":\"https:\\\/\\\/www.uartes.edu.ec\\\/sitio\\\/fr\\\/#website\",\"url\":\"https:\\\/\\\/www.uartes.edu.ec\\\/sitio\\\/fr\\\/\",\"name\":\"Universidad de las Artes\",\"description\":\"Sitio oficial de la Universidad Nacional de las Artes del Ecuador\",\"publisher\":{\"@id\":\"https:\\\/\\\/www.uartes.edu.ec\\\/sitio\\\/fr\\\/#organization\"},\"potentialAction\":[{\"@type\":\"SearchAction\",\"target\":{\"@type\":\"EntryPoint\",\"urlTemplate\":\"https:\\\/\\\/www.uartes.edu.ec\\\/sitio\\\/fr\\\/?s={search_term_string}\"},\"query-input\":{\"@type\":\"PropertyValueSpecification\",\"valueRequired\":true,\"valueName\":\"search_term_string\"}}],\"inLanguage\":\"fr-FR\"},{\"@type\":\"Organization\",\"@id\":\"https:\\\/\\\/www.uartes.edu.ec\\\/sitio\\\/fr\\\/#organization\",\"name\":\"Universidad de las Artes\",\"url\":\"https:\\\/\\\/www.uartes.edu.ec\\\/sitio\\\/fr\\\/\",\"logo\":{\"@type\":\"ImageObject\",\"inLanguage\":\"fr-FR\",\"@id\":\"https:\\\/\\\/www.uartes.edu.ec\\\/sitio\\\/fr\\\/#\\\/schema\\\/logo\\\/image\\\/\",\"url\":\"https:\\\/\\\/www.uartes.edu.ec\\\/sitio\\\/wp-content\\\/uploads\\\/2022\\\/07\\\/logo-ua-horizontal.png\",\"contentUrl\":\"https:\\\/\\\/www.uartes.edu.ec\\\/sitio\\\/wp-content\\\/uploads\\\/2022\\\/07\\\/logo-ua-horizontal.png\",\"width\":800,\"height\":276,\"caption\":\"Universidad de las Artes\"},\"image\":{\"@id\":\"https:\\\/\\\/www.uartes.edu.ec\\\/sitio\\\/fr\\\/#\\\/schema\\\/logo\\\/image\\\/\"},\"sameAs\":[\"https:\\\/\\\/www.facebook.com\\\/uartesec\",\"https:\\\/\\\/x.com\\\/uartesec\",\"https:\\\/\\\/www.tiktok.com\\\/@uartesec\"]},{\"@type\":\"Person\",\"@id\":\"https:\\\/\\\/www.uartes.edu.ec\\\/sitio\\\/fr\\\/#\\\/schema\\\/person\\\/efa1b8275797664fd7f13a79ccc0b1f4\",\"name\":\"ccortez\",\"image\":{\"@type\":\"ImageObject\",\"inLanguage\":\"fr-FR\",\"@id\":\"https:\\\/\\\/secure.gravatar.com\\\/avatar\\\/b2a6f664a3ae8e074346ef91775736c5ec479e637ecced6842de9dc98b5da9cd?s=96&d=mm&r=g\",\"url\":\"https:\\\/\\\/secure.gravatar.com\\\/avatar\\\/b2a6f664a3ae8e074346ef91775736c5ec479e637ecced6842de9dc98b5da9cd?s=96&d=mm&r=g\",\"contentUrl\":\"https:\\\/\\\/secure.gravatar.com\\\/avatar\\\/b2a6f664a3ae8e074346ef91775736c5ec479e637ecced6842de9dc98b5da9cd?s=96&d=mm&r=g\",\"caption\":\"ccortez\"},\"url\":\"https:\\\/\\\/www.uartes.edu.ec\\\/sitio\\\/fr\\\/blog\\\/author\\\/ccortez\\\/\"}]}<\/script>\n<!-- \/ Yoast SEO plugin. -->","yoast_head_json":{"title":"Universidad de las Artes - La importancia de acudir y recibir a tiempo la Consejer\u00eda Acad\u00e9mica","description":"Universidad de las Artes - La importancia de acudir y recibir a tiempo la Consejer\u00eda Acad\u00e9mica","robots":{"index":"index","follow":"follow","max-snippet":"max-snippet:-1","max-image-preview":"max-image-preview:large","max-video-preview":"max-video-preview:-1"},"canonical":"https:\/\/www.uartes.edu.ec\/sitio\/fr\/blog\/2023\/04\/14\/la-importancia-de-acudir-y-recibir-a-tiempo-la-consejeria-academica\/","og_locale":"fr_FR","og_type":"article","og_title":"Universidad de las Artes - La importancia de acudir y recibir a tiempo la Consejer\u00eda Acad\u00e9mica","og_description":"Universidad de las Artes - La importancia de acudir y recibir a tiempo la Consejer\u00eda Acad\u00e9mica","og_url":"https:\/\/www.uartes.edu.ec\/sitio\/fr\/blog\/2023\/04\/14\/la-importancia-de-acudir-y-recibir-a-tiempo-la-consejeria-academica\/","og_site_name":"Universidad de las Artes","article_publisher":"https:\/\/www.facebook.com\/uartesec","article_published_time":"2023-04-14T15:20:46+00:00","article_modified_time":"2024-07-04T16:21:18+00:00","og_image":[{"width":2000,"height":1333,"url":"https:\/\/www.uartes.edu.ec\/sitio\/wp-content\/uploads\/2023\/04\/05-MATRICULACIONES-ANTIGUAS.jpg","type":"image\/jpeg"}],"author":"ccortez","twitter_card":"summary_large_image","twitter_creator":"@uartesec","twitter_site":"@uartesec","twitter_misc":{"\u00c9crit par":"ccortez","Dur\u00e9e de lecture estim\u00e9e":"5 minutes"},"schema":{"@context":"https:\/\/schema.org","@graph":[{"@type":"Article","@id":"https:\/\/www.uartes.edu.ec\/sitio\/fr\/blog\/2023\/04\/14\/la-importancia-de-acudir-y-recibir-a-tiempo-la-consejeria-academica\/#article","isPartOf":{"@id":"https:\/\/www.uartes.edu.ec\/sitio\/fr\/blog\/2023\/04\/14\/la-importancia-de-acudir-y-recibir-a-tiempo-la-consejeria-academica\/"},"author":{"name":"ccortez","@id":"https:\/\/www.uartes.edu.ec\/sitio\/fr\/#\/schema\/person\/efa1b8275797664fd7f13a79ccc0b1f4"},"headline":"La importancia de acudir y recibir a tiempo la Consejer\u00eda Acad\u00e9mica","datePublished":"2023-04-14T15:20:46+00:00","dateModified":"2024-07-04T16:21:18+00:00","mainEntityOfPage":{"@id":"https:\/\/www.uartes.edu.ec\/sitio\/fr\/blog\/2023\/04\/14\/la-importancia-de-acudir-y-recibir-a-tiempo-la-consejeria-academica\/"},"wordCount":1024,"commentCount":0,"publisher":{"@id":"https:\/\/www.uartes.edu.ec\/sitio\/fr\/#organization"},"image":{"@id":"https:\/\/www.uartes.edu.ec\/sitio\/fr\/blog\/2023\/04\/14\/la-importancia-de-acudir-y-recibir-a-tiempo-la-consejeria-academica\/#primaryimage"},"thumbnailUrl":"https:\/\/www.uartes.edu.ec\/sitio\/wp-content\/uploads\/2023\/04\/05-MATRICULACIONES-ANTIGUAS.jpg","articleSection":["2B","Acad\u00e9mico","Artes Esc\u00e9nicas","Artes Sonoras","Artes Visuales","Cine","Docentes","Estudiantes","Literatura"],"inLanguage":"fr-FR","potentialAction":[{"@type":"CommentAction","name":"Comment","target":["https:\/\/www.uartes.edu.ec\/sitio\/fr\/blog\/2023\/04\/14\/la-importancia-de-acudir-y-recibir-a-tiempo-la-consejeria-academica\/#respond"]}]},{"@type":["WebPage","ItemPage"],"@id":"https:\/\/www.uartes.edu.ec\/sitio\/fr\/blog\/2023\/04\/14\/la-importancia-de-acudir-y-recibir-a-tiempo-la-consejeria-academica\/","url":"https:\/\/www.uartes.edu.ec\/sitio\/fr\/blog\/2023\/04\/14\/la-importancia-de-acudir-y-recibir-a-tiempo-la-consejeria-academica\/","name":"Universidad de las Artes - La importancia de acudir y recibir a tiempo la Consejer\u00eda Acad\u00e9mica","isPartOf":{"@id":"https:\/\/www.uartes.edu.ec\/sitio\/fr\/#website"},"primaryImageOfPage":{"@id":"https:\/\/www.uartes.edu.ec\/sitio\/fr\/blog\/2023\/04\/14\/la-importancia-de-acudir-y-recibir-a-tiempo-la-consejeria-academica\/#primaryimage"},"image":{"@id":"https:\/\/www.uartes.edu.ec\/sitio\/fr\/blog\/2023\/04\/14\/la-importancia-de-acudir-y-recibir-a-tiempo-la-consejeria-academica\/#primaryimage"},"thumbnailUrl":"https:\/\/www.uartes.edu.ec\/sitio\/wp-content\/uploads\/2023\/04\/05-MATRICULACIONES-ANTIGUAS.jpg","datePublished":"2023-04-14T15:20:46+00:00","dateModified":"2024-07-04T16:21:18+00:00","description":"Universidad de las Artes - La importancia de acudir y recibir a tiempo la Consejer\u00eda Acad\u00e9mica","breadcrumb":{"@id":"https:\/\/www.uartes.edu.ec\/sitio\/fr\/blog\/2023\/04\/14\/la-importancia-de-acudir-y-recibir-a-tiempo-la-consejeria-academica\/#breadcrumb"},"inLanguage":"fr-FR","potentialAction":[{"@type":"ReadAction","target":["https:\/\/www.uartes.edu.ec\/sitio\/fr\/blog\/2023\/04\/14\/la-importancia-de-acudir-y-recibir-a-tiempo-la-consejeria-academica\/"]}]},{"@type":"ImageObject","inLanguage":"fr-FR","@id":"https:\/\/www.uartes.edu.ec\/sitio\/fr\/blog\/2023\/04\/14\/la-importancia-de-acudir-y-recibir-a-tiempo-la-consejeria-academica\/#primaryimage","url":"https:\/\/www.uartes.edu.ec\/sitio\/wp-content\/uploads\/2023\/04\/05-MATRICULACIONES-ANTIGUAS.jpg","contentUrl":"https:\/\/www.uartes.edu.ec\/sitio\/wp-content\/uploads\/2023\/04\/05-MATRICULACIONES-ANTIGUAS.jpg","width":2000,"height":1333},{"@type":"BreadcrumbList","@id":"https:\/\/www.uartes.edu.ec\/sitio\/fr\/blog\/2023\/04\/14\/la-importancia-de-acudir-y-recibir-a-tiempo-la-consejeria-academica\/#breadcrumb","itemListElement":[{"@type":"ListItem","position":1,"name":"Inicio","item":"https:\/\/www.uartes.edu.ec\/sitio\/"},{"@type":"ListItem","position":2,"name":"La importancia de acudir y recibir a tiempo la Consejer\u00eda Acad\u00e9mica"}]},{"@type":"WebSite","@id":"https:\/\/www.uartes.edu.ec\/sitio\/fr\/#website","url":"https:\/\/www.uartes.edu.ec\/sitio\/fr\/","name":"Universidad de las Artes","description":"Sitio oficial de la Universidad Nacional de las Artes del Ecuador","publisher":{"@id":"https:\/\/www.uartes.edu.ec\/sitio\/fr\/#organization"},"potentialAction":[{"@type":"SearchAction","target":{"@type":"EntryPoint","urlTemplate":"https:\/\/www.uartes.edu.ec\/sitio\/fr\/?s={search_term_string}"},"query-input":{"@type":"PropertyValueSpecification","valueRequired":true,"valueName":"search_term_string"}}],"inLanguage":"fr-FR"},{"@type":"Organization","@id":"https:\/\/www.uartes.edu.ec\/sitio\/fr\/#organization","name":"Universidad de las Artes","url":"https:\/\/www.uartes.edu.ec\/sitio\/fr\/","logo":{"@type":"ImageObject","inLanguage":"fr-FR","@id":"https:\/\/www.uartes.edu.ec\/sitio\/fr\/#\/schema\/logo\/image\/","url":"https:\/\/www.uartes.edu.ec\/sitio\/wp-content\/uploads\/2022\/07\/logo-ua-horizontal.png","contentUrl":"https:\/\/www.uartes.edu.ec\/sitio\/wp-content\/uploads\/2022\/07\/logo-ua-horizontal.png","width":800,"height":276,"caption":"Universidad de las Artes"},"image":{"@id":"https:\/\/www.uartes.edu.ec\/sitio\/fr\/#\/schema\/logo\/image\/"},"sameAs":["https:\/\/www.facebook.com\/uartesec","https:\/\/x.com\/uartesec","https:\/\/www.tiktok.com\/@uartesec"]},{"@type":"Person","@id":"https:\/\/www.uartes.edu.ec\/sitio\/fr\/#\/schema\/person\/efa1b8275797664fd7f13a79ccc0b1f4","name":"ccortez","image":{"@type":"ImageObject","inLanguage":"fr-FR","@id":"https:\/\/secure.gravatar.com\/avatar\/b2a6f664a3ae8e074346ef91775736c5ec479e637ecced6842de9dc98b5da9cd?s=96&d=mm&r=g","url":"https:\/\/secure.gravatar.com\/avatar\/b2a6f664a3ae8e074346ef91775736c5ec479e637ecced6842de9dc98b5da9cd?s=96&d=mm&r=g","contentUrl":"https:\/\/secure.gravatar.com\/avatar\/b2a6f664a3ae8e074346ef91775736c5ec479e637ecced6842de9dc98b5da9cd?s=96&d=mm&r=g","caption":"ccortez"},"url":"https:\/\/www.uartes.edu.ec\/sitio\/fr\/blog\/author\/ccortez\/"}]}},"uagb_featured_image_src":{"full":["https:\/\/www.uartes.edu.ec\/sitio\/wp-content\/uploads\/2023\/04\/05-MATRICULACIONES-ANTIGUAS.jpg",2000,1333,false],"thumbnail":["https:\/\/www.uartes.edu.ec\/sitio\/wp-content\/uploads\/2023\/04\/05-MATRICULACIONES-ANTIGUAS-150x150.jpg",150,150,true],"medium":["https:\/\/www.uartes.edu.ec\/sitio\/wp-content\/uploads\/2023\/04\/05-MATRICULACIONES-ANTIGUAS-300x200.jpg",300,200,true],"medium_large":["https:\/\/www.uartes.edu.ec\/sitio\/wp-content\/uploads\/2023\/04\/05-MATRICULACIONES-ANTIGUAS-768x512.jpg",768,512,true],"large":["https:\/\/www.uartes.edu.ec\/sitio\/wp-content\/uploads\/2023\/04\/05-MATRICULACIONES-ANTIGUAS-644x429.jpg",644,429,true],"1536x1536":["https:\/\/www.uartes.edu.ec\/sitio\/wp-content\/uploads\/2023\/04\/05-MATRICULACIONES-ANTIGUAS-1536x1024.jpg",1536,1024,true],"2048x2048":["https:\/\/www.uartes.edu.ec\/sitio\/wp-content\/uploads\/2023\/04\/05-MATRICULACIONES-ANTIGUAS.jpg",2000,1333,false],"trp-custom-language-flag":["https:\/\/www.uartes.edu.ec\/sitio\/wp-content\/uploads\/2023\/04\/05-MATRICULACIONES-ANTIGUAS.jpg",18,12,false],"htmega_size_585x295":["https:\/\/www.uartes.edu.ec\/sitio\/wp-content\/uploads\/2023\/04\/05-MATRICULACIONES-ANTIGUAS-585x295.jpg",585,295,true],"htmega_size_1170x536":["https:\/\/www.uartes.edu.ec\/sitio\/wp-content\/uploads\/2023\/04\/05-MATRICULACIONES-ANTIGUAS-1170x536.jpg",1170,536,true],"htmega_size_396x360":["https:\/\/www.uartes.edu.ec\/sitio\/wp-content\/uploads\/2023\/04\/05-MATRICULACIONES-ANTIGUAS-396x360.jpg",396,360,true],"gb-block-post-grid-landscape":["https:\/\/www.uartes.edu.ec\/sitio\/wp-content\/uploads\/2023\/04\/05-MATRICULACIONES-ANTIGUAS-600x400.jpg",600,400,true],"gb-block-post-grid-square":["https:\/\/www.uartes.edu.ec\/sitio\/wp-content\/uploads\/2023\/04\/05-MATRICULACIONES-ANTIGUAS-600x600.jpg",600,600,true],"university-hub-thumb":["https:\/\/www.uartes.edu.ec\/sitio\/wp-content\/uploads\/2023\/04\/05-MATRICULACIONES-ANTIGUAS-400x267.jpg",400,267,true],"mailpoet_newsletter_max":["https:\/\/www.uartes.edu.ec\/sitio\/wp-content\/uploads\/2023\/04\/05-MATRICULACIONES-ANTIGUAS.jpg",1320,880,false]},"uagb_author_info":{"display_name":"ccortez","author_link":"https:\/\/www.uartes.edu.ec\/sitio\/fr\/blog\/author\/ccortez\/"},"uagb_comment_info":0,"uagb_excerpt":"Su prop\u00f3sito es orientar a cada estudiante para que pueda alcanzar sus metas acad\u00e9micas, encuentre informaci\u00f3n y recursos importantes acerca de los procesos universitarios, asesoramiento sobre las formas m\u00e1s efectivas de estudio y acercamiento al mundo art\u00edstico profesional. Organizada por la Direcci\u00f3n de Acompa\u00f1amiento al \u00c9xito Acad\u00e9mico, el lunes inici\u00f3 la Semana de Consejer\u00eda Acad\u00e9mica,\u2026","featured_image_src":"https:\/\/www.uartes.edu.ec\/sitio\/wp-content\/uploads\/2023\/04\/05-MATRICULACIONES-ANTIGUAS-600x400.jpg","featured_image_src_square":"https:\/\/www.uartes.edu.ec\/sitio\/wp-content\/uploads\/2023\/04\/05-MATRICULACIONES-ANTIGUAS-600x600.jpg","author_info":{"display_name":"ccortez","author_link":"https:\/\/www.uartes.edu.ec\/sitio\/fr\/blog\/author\/ccortez\/"},"publishpress_future_workflow_manual_trigger":{"enabledWorkflows":[]},"distributor_meta":false,"distributor_terms":false,"distributor_media":false,"distributor_original_site_name":"Universidad de las Artes","distributor_original_site_url":"https:\/\/www.uartes.edu.ec\/sitio\/fr","push-errors":false,"_links":{"self":[{"href":"https:\/\/www.uartes.edu.ec\/sitio\/fr\/wp-json\/wp\/v2\/posts\/41086","targetHints":{"allow":["GET"]}}],"collection":[{"href":"https:\/\/www.uartes.edu.ec\/sitio\/fr\/wp-json\/wp\/v2\/posts"}],"about":[{"href":"https:\/\/www.uartes.edu.ec\/sitio\/fr\/wp-json\/wp\/v2\/types\/post"}],"author":[{"embeddable":true,"href":"https:\/\/www.uartes.edu.ec\/sitio\/fr\/wp-json\/wp\/v2\/users\/10"}],"replies":[{"embeddable":true,"href":"https:\/\/www.uartes.edu.ec\/sitio\/fr\/wp-json\/wp\/v2\/comments?post=41086"}],"version-history":[{"count":5,"href":"https:\/\/www.uartes.edu.ec\/sitio\/fr\/wp-json\/wp\/v2\/posts\/41086\/revisions"}],"predecessor-version":[{"id":41103,"href":"https:\/\/www.uartes.edu.ec\/sitio\/fr\/wp-json\/wp\/v2\/posts\/41086\/revisions\/41103"}],"wp:featuredmedia":[{"embeddable":true,"href":"https:\/\/www.uartes.edu.ec\/sitio\/fr\/wp-json\/wp\/v2\/media\/41087"}],"wp:attachment":[{"href":"https:\/\/www.uartes.edu.ec\/sitio\/fr\/wp-json\/wp\/v2\/media?parent=41086"}],"wp:term":[{"taxonomy":"category","embeddable":true,"href":"https:\/\/www.uartes.edu.ec\/sitio\/fr\/wp-json\/wp\/v2\/categories?post=41086"},{"taxonomy":"post_tag","embeddable":true,"href":"https:\/\/www.uartes.edu.ec\/sitio\/fr\/wp-json\/wp\/v2\/tags?post=41086"},{"taxonomy":"infouartes","embeddable":true,"href":"https:\/\/www.uartes.edu.ec\/sitio\/fr\/wp-json\/wp\/v2\/infouartes?post=41086"}],"curies":[{"name":"wp","href":"https:\/\/api.w.org\/{rel}","templated":true}]}}