{"id":41238,"date":"2023-04-21T13:55:54","date_gmt":"2023-04-21T18:55:54","guid":{"rendered":"https:\/\/www.uartes.edu.ec\/sitio\/?p=41238"},"modified":"2024-07-04T11:21:17","modified_gmt":"2024-07-04T16:21:17","slug":"biblioteca-de-las-artes-realizara-del-24-al-29-de-abril-la-segunda-edicion-de-lanfor-abierta","status":"publish","type":"post","link":"https:\/\/www.uartes.edu.ec\/sitio\/fr\/blog\/2023\/04\/21\/biblioteca-de-las-artes-realizara-del-24-al-29-de-abril-la-segunda-edicion-de-lanfor-abierta\/","title":{"rendered":"Seis d\u00edas de actividades e intercambio de libros tendr\u00e1 2da edici\u00f3n de Lanfor Abierta de la Biblioteca de las Artes"},"content":{"rendered":"<p>La Biblioteca de las Artes dar\u00e1 inicio este lunes 24 de abril a la segunda edici\u00f3n de Lanfor Abierta, iniciativa que surgi\u00f3 en 2022 para fortalecer la lectura y constituirse en punto de encuentro con la comunidad universitaria y el p\u00fablico en general. Tal como el a\u00f1o anterior, en este 2023 se han programado actividades culturales y art\u00edsticas de variada tem\u00e1tica, las cuales se desarrollar\u00e1n durante seis d\u00edas \u2013hasta el s\u00e1bado 29\u2013, conjuntamente con el intercambio de libros.<\/p>\n\n\n\n<p>Durante dos semanas, desde el 10 de abril, el repositorio de la Universidad de las Artes ha venido invitando a los usuarios y colectividad a donar libros (hasta hoy) que ya no se necesiten y est\u00e1n a\u00fan en buen estado, a fin de que puedan ser intercambiados. Es la base para el trueque, indica Soraya Campos, directora de la Biblioteca de las Artes.<\/p>\n\n\n\n<p>Agrega que la mayor\u00eda de las donaciones recibidas son de literatura, que es lo que m\u00e1s se consume. Desde el lunes 24 estas publicaciones se ubicar\u00e1n en un stand junto a las entregadas por instituciones y otras bibliotecas, con las cuales incluso se mantienen convenios, as\u00ed como por UArtes Ediciones. Campos recuerda que con Lanfor Abierta se conmemora el D\u00eda Mundial del Libro y de los Derechos de Autor,&nbsp;establecido por la Unesco cada 23 de abril.<\/p>\n\n\n\n<p>Justamente, dentro de las actividades est\u00e1 programada una conferencia acerca de los Derechos de Autor. Ser\u00e1 el mi\u00e9rcoles 26, de 15:00 a 16:00, en el tercer piso de la Biblioteca de las Artes. La dictar\u00e1 el abogado y m\u00e1ster en Derecho del Georgetown University, Flavio Arosemena, cuyo ejercicio profesional est\u00e1 dedicado al Derecho de Propiedad Intelectual. Es de autor\u00eda la obra \u00abDerecho de Autor para Autores y Empresarios\u00bb (IEPI, 2011) y es el primer ecuatoriano en ser invitado al \u00abColoquio de Profesores de Propiedad Intelectual\u00bb, anualmente realizado por la Organizaci\u00f3n Mundial de Propiedad Intelectual (OMPI) y la Organizaci\u00f3n Mundial de Comercio (OMC), en Ginebra, Suiza.<\/p>\n\n\n<div class=\"wp-block-image\">\n<figure class=\"aligncenter size-large\"><img fetchpriority=\"high\" decoding=\"async\" width=\"644\" height=\"429\" src=\"https:\/\/www.uartes.edu.ec\/sitio\/wp-content\/uploads\/2023\/04\/DONACION-LIBROS-2-WEB-644x429.jpg\" alt=\"\" class=\"wp-image-41240\" srcset=\"https:\/\/www.uartes.edu.ec\/sitio\/wp-content\/uploads\/2023\/04\/DONACION-LIBROS-2-WEB-644x429.jpg 644w, https:\/\/www.uartes.edu.ec\/sitio\/wp-content\/uploads\/2023\/04\/DONACION-LIBROS-2-WEB-768x511.jpg 768w, https:\/\/www.uartes.edu.ec\/sitio\/wp-content\/uploads\/2023\/04\/DONACION-LIBROS-2-WEB.jpg 2000w, https:\/\/www.uartes.edu.ec\/sitio\/wp-content\/uploads\/2023\/04\/DONACION-LIBROS-2-WEB-600x399.jpg 600w, https:\/\/www.uartes.edu.ec\/sitio\/wp-content\/uploads\/2023\/04\/DONACION-LIBROS-2-WEB-272x182.jpg 272w\" sizes=\"(max-width: 644px) 100vw, 644px\" \/><\/figure>\n<\/div>\n\n\n<h3 class=\"wp-block-heading\"><strong>Agenda de actividades culturales y art\u00edsticas<\/strong><\/h3>\n\n\n\n<p>A continuaci\u00f3n, las dem\u00e1s actividades de Lanfor Abierta; se desarrollar\u00e1n en varios de los espacios de la Biblioteca de las Artes, como el tercer piso y la terraza, y en el campus centro de la UArtes:<br>Los d\u00edas 24, 26 y 28 de abril tendr\u00e1n lugar, de 10:00 a 12:00 en el pabell\u00f3n Araceli Gilbert, el curso de ofim\u00e1ticas para personas de la tercera edad. Lo dictar\u00e1 Jimmy Malag\u00f3n Mera y cuenta con el apoyo del Ministerio de Telecomunicaciones y de la Sociedad de la Informaci\u00f3n.<\/p>\n\n\n\n<p>El 24 de abril se realizar\u00e1, de 13:30 a 17:00 en la sala multifuncional ubicada en la terraza, el taller \u201cIntroducci\u00f3n al 3D y exportaci\u00f3n de im\u00e1genes a diferentes plataformas virtuales\u201d. A cargo de Isa\u00edas Isaac Meza, la capacitaci\u00f3n est\u00e1 dirigida a quienes deseen incursionar en la animaci\u00f3n 3D. \u00a0<\/p>\n\n\n\n<p>El 25 de abril, de 16:00 a 17:00, en el tercer piso habr\u00e1 una charla de cine acerca del documental \u201cCabeza m\u00e1gica\u201d, de los directores Juan Pablo de la Roche y Geovanny Pozo. Ellos hablar\u00e1n del proyecto, desde su concepci\u00f3n hasta el proceso investigativo que llevaron, entre otros puntos. Y, dirigidas por Khrystel Ortiz, el 26 y el 27 de abril, de 17h00 a 19:00, habr\u00e1 las sesiones \u201cAl son de la salsa y la bachata\u201d; su escenario ser\u00e1 la terraza.<\/p>\n\n\n<div class=\"wp-block-image\">\n<figure class=\"aligncenter size-large\"><img decoding=\"async\" width=\"531\" height=\"385\" src=\"https:\/\/www.uartes.edu.ec\/sitio\/wp-content\/uploads\/2023\/04\/lanfor4-531x385.png\" alt=\"\" class=\"wp-image-41247\" \/><\/figure>\n<\/div>\n\n\n<p>Tambi\u00e9n en la terraza, el 27 de abril, de 10:00 a 12:00, se efectuar\u00e1 el taller de gesti\u00f3n de biblioteca comunitaria. La inscripci\u00f3n es gratuita y se entregar\u00e1 certificado y kit de anotaci\u00f3n.<\/p>\n\n\n\n<p>El 27 de abril, de 14:00 a 15:00, en el tercer piso, se realizar\u00e1 \u201cMicr\u00f3fono abierto\u201d y la premiaci\u00f3n del concurso de poes\u00eda, el primero de Lanfor Abierta. Zully Ord\u00f3\u00f1ez, auxiliar de Bibliotecolog\u00eda que estuvo al frente de su organizaci\u00f3n, destaca la acogida y que hubo participantes de varias ciudades, como Quito, Loja y Guayaquil.<\/p>\n\n\n\n<p>A\u00f1ade que la convocatoria estuvo dirigida a j\u00f3venes ecuatorianos o extranjeros que residan en Ecuador, con edades entre los 15 y 18 a\u00f1os. Debido al inter\u00e9s por participar, se ampli\u00f3 el l\u00edmite de edad \u2013hasta los 25\u2013 y pudieron tomar parte tambi\u00e9n los estudiantes UArtes. Para seleccionar a los ganadores se conform\u00f3 un comit\u00e9, cuyos miembros se conocer\u00e1n conjuntamente con los finalistas el d\u00eda de la premiaci\u00f3n. \u201cTenemos contemplados tres premios y siete menciones de honor; tarjetas de Mr. Book de $50, para el primer lugar; y de $20 y $10, para segundo y tercero\u201d.<\/p>\n\n\n<div class=\"wp-block-image\">\n<figure class=\"aligncenter size-large\"><img decoding=\"async\" width=\"535\" height=\"386\" src=\"https:\/\/www.uartes.edu.ec\/sitio\/wp-content\/uploads\/2023\/04\/lanfor7-535x386.png\" alt=\"\" class=\"wp-image-41270\" \/><\/figure>\n<\/div>\n\n\n<p>Para el 28 de abril, de 10:00 a 17:00, se ha programado una feria de material did\u00e1ctico y educativo en la Sala R\u00eda. All\u00ed se podr\u00e1 conocer a quienes los fabrican y los procesos de producci\u00f3n.<\/p>\n\n\n\n<p>En el mismo espacio de la Biblioteca de las Artes y el mismo d\u00eda, se realizar\u00e1 a las 15:30 el lanzamiento del libro \u201cLas Manchas, una historia roja rojita\u201d, de la autor\u00eda de Mariuxi Alem\u00e1n y Eduarda D\u00e1valos, graduada y alumna UArtes, respectivamente, con ilustraciones de Alisa Pincay. Dirigido para lectores de todas las edades y g\u00e9neros, la obra busca con su contenido resignificar el proceso natural del ciclo menstrual.<\/p>\n\n\n\n<p>Los d\u00edas 28 y 29 de abril, desde las 13:00, Olmedo Guerra dictar\u00e1 en la terraza el taller \u201cPalabreo: laboratorio de exploraci\u00f3n sobre el uso de la palabra en la escritura y en su puesta en voz\u201d.<\/p>\n\n\n\n<p>Tambi\u00e9n el 28 de abril, de 15:30 a 16:30, Andrea Cede\u00f1o y Gonzalo Venegas, haciendo d\u00fao de voz y guitarra, brindar\u00e1n en la terraza el Concierto de la Escuela de Artes Sonoras. Y, en el tercer piso, se presentar\u00e1 de 16:45 a 18:00 el libro \u201cLas distancias olvidadas\u201d de Jeovanny Benavides.<\/p>\n\n\n<div class=\"wp-block-image\">\n<figure class=\"aligncenter size-large\"><img loading=\"lazy\" decoding=\"async\" width=\"535\" height=\"386\" src=\"https:\/\/www.uartes.edu.ec\/sitio\/wp-content\/uploads\/2023\/04\/lanfor1-535x386.png\" alt=\"\" class=\"wp-image-41248\" \/><\/figure>\n<\/div>\n\n\n<p>Otro libro que tendr\u00e1 su presentaci\u00f3n en Lanfor Abierta es \u201cUn tesoro de sabidur\u00eda compilado en 3.100 libros para la humanidad\u201d del autor japon\u00e9s Ryuho Okawa. Suceder\u00e1 el 29 de abril, de 10:00 a 12:00, en el tercer piso de la Biblioteca de las Artes.<\/p>\n\n\n\n<p>Ryuho Okawa es fundador de Happy Science, ha publicado m\u00e1s de 3.100 libros y producido 27 pel\u00edculas basadas en sus ense\u00f1anzas, con el ferviente deseo de dejar un legado de felicidad en la humanidad. En 2010 public\u00f3 52 ejemplares en un solo a\u00f1o y obtuvo el Record Guinness por \u201cla mayor cantidad de libros escritos en un a\u00f1o por un individuo\u201d.<\/p>\n\n\n\n<p>En el lanzamiento se dar\u00e1 a conocer la trayectoria de Ryuho Okawa y dos de sus obras ic\u00f3nicas: \u201cLas Leyes del Sol\u201d y \u201cEl Verdadero Noble Camino \u00d3ctuple\u201d, que ofrecen valiosas ense\u00f1anzas para cultivar la espiritualidad y construir una mejor sociedad.<\/p>\n\n\n\n<p>*La Biblioteca de las Artes le dio el nombre de Lanfor Abierta a su propuesta por el sentido de abrir las puertas met\u00e1licas al p\u00fablico (lanfor es sin\u00f3nimo de puertas enrollables).<\/p>","protected":false},"excerpt":{"rendered":"<p>La Biblioteca de las Artes dar\u00e1 inicio este lunes 24 de abril a la segunda edici\u00f3n de Lanfor Abierta, iniciativa que surgi\u00f3 en 2022 para fortalecer la lectura y ser punto de encuentro con la comunidad universitaria y el p\u00fablico en general. En este 2023 se han programado actividades culturales y art\u00edsticas de variada tem\u00e1tica, las cuales se desarrollar\u00e1n durante seis d\u00edas \u2013hasta el s\u00e1bado 29\u2013, junto con el intercambio de libros.<\/p>","protected":false},"author":10,"featured_media":41239,"comment_status":"open","ping_status":"open","sticky":false,"template":"","format":"standard","meta":{"_acf_changed":false,"_uag_custom_page_level_css":"","_monsterinsights_skip_tracking":false,"_monsterinsights_sitenote_active":false,"_monsterinsights_sitenote_note":"","_monsterinsights_sitenote_category":0,"cybocfi_hide_featured_image":"","footnotes":""},"categories":[490,82,75,76,77,175],"tags":[665],"infouartes":[],"class_list":["post-41238","post","type-post","status-publish","format-standard","has-post-thumbnail","hentry","category-alumni","category-artes","category-docentes","category-estudiantes","category-gestion","category-literatura","tag-celebracion"],"acf":[],"yoast_head":"<!-- This site is optimized with the Yoast SEO plugin v27.4 - https:\/\/yoast.com\/product\/yoast-seo-wordpress\/ -->\n<title>Universidad de las Artes - Seis d\u00edas de actividades e intercambio de libros tendr\u00e1 2da edici\u00f3n de Lanfor Abierta de la Biblioteca de las Artes<\/title>\n<meta name=\"description\" content=\"Universidad de las Artes - Seis d\u00edas de actividades e intercambio de libros tendr\u00e1 2da edici\u00f3n de Lanfor Abierta de la Biblioteca de las Artes\" \/>\n<meta name=\"robots\" content=\"index, follow, max-snippet:-1, max-image-preview:large, max-video-preview:-1\" \/>\n<link rel=\"canonical\" href=\"https:\/\/www.uartes.edu.ec\/sitio\/fr\/blog\/2023\/04\/21\/biblioteca-de-las-artes-realizara-del-24-al-29-de-abril-la-segunda-edicion-de-lanfor-abierta\/\" \/>\n<meta property=\"og:locale\" content=\"fr_FR\" \/>\n<meta property=\"og:type\" content=\"article\" \/>\n<meta property=\"og:title\" content=\"Universidad de las Artes - Seis d\u00edas de actividades e intercambio de libros tendr\u00e1 2da edici\u00f3n de Lanfor Abierta de la Biblioteca de las Artes\" \/>\n<meta property=\"og:description\" content=\"Universidad de las Artes - Seis d\u00edas de actividades e intercambio de libros tendr\u00e1 2da edici\u00f3n de Lanfor Abierta de la Biblioteca de las Artes\" \/>\n<meta property=\"og:url\" content=\"https:\/\/www.uartes.edu.ec\/sitio\/fr\/blog\/2023\/04\/21\/biblioteca-de-las-artes-realizara-del-24-al-29-de-abril-la-segunda-edicion-de-lanfor-abierta\/\" \/>\n<meta property=\"og:site_name\" content=\"Universidad de las Artes\" \/>\n<meta property=\"article:publisher\" content=\"https:\/\/www.facebook.com\/uartesec\" \/>\n<meta property=\"article:published_time\" content=\"2023-04-21T18:55:54+00:00\" \/>\n<meta property=\"article:modified_time\" content=\"2024-07-04T16:21:17+00:00\" \/>\n<meta property=\"og:image\" content=\"https:\/\/www.uartes.edu.ec\/sitio\/wp-content\/uploads\/2023\/04\/DONACION-LIBROS-CARLOS-FIGUEROA-WEB.jpg\" \/>\n\t<meta property=\"og:image:width\" content=\"2000\" \/>\n\t<meta property=\"og:image:height\" content=\"1333\" \/>\n\t<meta property=\"og:image:type\" content=\"image\/jpeg\" \/>\n<meta name=\"author\" content=\"ccortez\" \/>\n<meta name=\"twitter:card\" content=\"summary_large_image\" \/>\n<meta name=\"twitter:creator\" content=\"@uartesec\" \/>\n<meta name=\"twitter:site\" content=\"@uartesec\" \/>\n<meta name=\"twitter:label1\" content=\"\u00c9crit par\" \/>\n\t<meta name=\"twitter:data1\" content=\"ccortez\" \/>\n\t<meta name=\"twitter:label2\" content=\"Dur\u00e9e de lecture estim\u00e9e\" \/>\n\t<meta name=\"twitter:data2\" content=\"6 minutes\" \/>\n<script type=\"application\/ld+json\" class=\"yoast-schema-graph\">{\"@context\":\"https:\\\/\\\/schema.org\",\"@graph\":[{\"@type\":\"Article\",\"@id\":\"https:\\\/\\\/www.uartes.edu.ec\\\/sitio\\\/fr\\\/blog\\\/2023\\\/04\\\/21\\\/biblioteca-de-las-artes-realizara-del-24-al-29-de-abril-la-segunda-edicion-de-lanfor-abierta\\\/#article\",\"isPartOf\":{\"@id\":\"https:\\\/\\\/www.uartes.edu.ec\\\/sitio\\\/fr\\\/blog\\\/2023\\\/04\\\/21\\\/biblioteca-de-las-artes-realizara-del-24-al-29-de-abril-la-segunda-edicion-de-lanfor-abierta\\\/\"},\"author\":{\"name\":\"ccortez\",\"@id\":\"https:\\\/\\\/www.uartes.edu.ec\\\/sitio\\\/fr\\\/#\\\/schema\\\/person\\\/efa1b8275797664fd7f13a79ccc0b1f4\"},\"headline\":\"Seis d\u00edas de actividades e intercambio de libros tendr\u00e1 2da edici\u00f3n de Lanfor Abierta de la Biblioteca de las Artes\",\"datePublished\":\"2023-04-21T18:55:54+00:00\",\"dateModified\":\"2024-07-04T16:21:17+00:00\",\"mainEntityOfPage\":{\"@id\":\"https:\\\/\\\/www.uartes.edu.ec\\\/sitio\\\/fr\\\/blog\\\/2023\\\/04\\\/21\\\/biblioteca-de-las-artes-realizara-del-24-al-29-de-abril-la-segunda-edicion-de-lanfor-abierta\\\/\"},\"wordCount\":1150,\"commentCount\":0,\"publisher\":{\"@id\":\"https:\\\/\\\/www.uartes.edu.ec\\\/sitio\\\/fr\\\/#organization\"},\"image\":{\"@id\":\"https:\\\/\\\/www.uartes.edu.ec\\\/sitio\\\/fr\\\/blog\\\/2023\\\/04\\\/21\\\/biblioteca-de-las-artes-realizara-del-24-al-29-de-abril-la-segunda-edicion-de-lanfor-abierta\\\/#primaryimage\"},\"thumbnailUrl\":\"https:\\\/\\\/www.uartes.edu.ec\\\/sitio\\\/wp-content\\\/uploads\\\/2023\\\/04\\\/DONACION-LIBROS-CARLOS-FIGUEROA-WEB.jpg\",\"keywords\":[\"celebraci\u00f3n\"],\"articleSection\":[\"Alumni\",\"Artes\",\"Docentes\",\"Estudiantes\",\"Gesti\u00f3n\",\"Literatura\"],\"inLanguage\":\"fr-FR\",\"potentialAction\":[{\"@type\":\"CommentAction\",\"name\":\"Comment\",\"target\":[\"https:\\\/\\\/www.uartes.edu.ec\\\/sitio\\\/fr\\\/blog\\\/2023\\\/04\\\/21\\\/biblioteca-de-las-artes-realizara-del-24-al-29-de-abril-la-segunda-edicion-de-lanfor-abierta\\\/#respond\"]}]},{\"@type\":[\"WebPage\",\"ItemPage\"],\"@id\":\"https:\\\/\\\/www.uartes.edu.ec\\\/sitio\\\/fr\\\/blog\\\/2023\\\/04\\\/21\\\/biblioteca-de-las-artes-realizara-del-24-al-29-de-abril-la-segunda-edicion-de-lanfor-abierta\\\/\",\"url\":\"https:\\\/\\\/www.uartes.edu.ec\\\/sitio\\\/fr\\\/blog\\\/2023\\\/04\\\/21\\\/biblioteca-de-las-artes-realizara-del-24-al-29-de-abril-la-segunda-edicion-de-lanfor-abierta\\\/\",\"name\":\"Universidad de las Artes - Seis d\u00edas de actividades e intercambio de libros tendr\u00e1 2da edici\u00f3n de Lanfor Abierta de la Biblioteca de las Artes\",\"isPartOf\":{\"@id\":\"https:\\\/\\\/www.uartes.edu.ec\\\/sitio\\\/fr\\\/#website\"},\"primaryImageOfPage\":{\"@id\":\"https:\\\/\\\/www.uartes.edu.ec\\\/sitio\\\/fr\\\/blog\\\/2023\\\/04\\\/21\\\/biblioteca-de-las-artes-realizara-del-24-al-29-de-abril-la-segunda-edicion-de-lanfor-abierta\\\/#primaryimage\"},\"image\":{\"@id\":\"https:\\\/\\\/www.uartes.edu.ec\\\/sitio\\\/fr\\\/blog\\\/2023\\\/04\\\/21\\\/biblioteca-de-las-artes-realizara-del-24-al-29-de-abril-la-segunda-edicion-de-lanfor-abierta\\\/#primaryimage\"},\"thumbnailUrl\":\"https:\\\/\\\/www.uartes.edu.ec\\\/sitio\\\/wp-content\\\/uploads\\\/2023\\\/04\\\/DONACION-LIBROS-CARLOS-FIGUEROA-WEB.jpg\",\"datePublished\":\"2023-04-21T18:55:54+00:00\",\"dateModified\":\"2024-07-04T16:21:17+00:00\",\"description\":\"Universidad de las Artes - Seis d\u00edas de actividades e intercambio de libros tendr\u00e1 2da edici\u00f3n de Lanfor Abierta de la Biblioteca de las Artes\",\"breadcrumb\":{\"@id\":\"https:\\\/\\\/www.uartes.edu.ec\\\/sitio\\\/fr\\\/blog\\\/2023\\\/04\\\/21\\\/biblioteca-de-las-artes-realizara-del-24-al-29-de-abril-la-segunda-edicion-de-lanfor-abierta\\\/#breadcrumb\"},\"inLanguage\":\"fr-FR\",\"potentialAction\":[{\"@type\":\"ReadAction\",\"target\":[\"https:\\\/\\\/www.uartes.edu.ec\\\/sitio\\\/fr\\\/blog\\\/2023\\\/04\\\/21\\\/biblioteca-de-las-artes-realizara-del-24-al-29-de-abril-la-segunda-edicion-de-lanfor-abierta\\\/\"]}]},{\"@type\":\"ImageObject\",\"inLanguage\":\"fr-FR\",\"@id\":\"https:\\\/\\\/www.uartes.edu.ec\\\/sitio\\\/fr\\\/blog\\\/2023\\\/04\\\/21\\\/biblioteca-de-las-artes-realizara-del-24-al-29-de-abril-la-segunda-edicion-de-lanfor-abierta\\\/#primaryimage\",\"url\":\"https:\\\/\\\/www.uartes.edu.ec\\\/sitio\\\/wp-content\\\/uploads\\\/2023\\\/04\\\/DONACION-LIBROS-CARLOS-FIGUEROA-WEB.jpg\",\"contentUrl\":\"https:\\\/\\\/www.uartes.edu.ec\\\/sitio\\\/wp-content\\\/uploads\\\/2023\\\/04\\\/DONACION-LIBROS-CARLOS-FIGUEROA-WEB.jpg\",\"width\":2000,\"height\":1333},{\"@type\":\"BreadcrumbList\",\"@id\":\"https:\\\/\\\/www.uartes.edu.ec\\\/sitio\\\/fr\\\/blog\\\/2023\\\/04\\\/21\\\/biblioteca-de-las-artes-realizara-del-24-al-29-de-abril-la-segunda-edicion-de-lanfor-abierta\\\/#breadcrumb\",\"itemListElement\":[{\"@type\":\"ListItem\",\"position\":1,\"name\":\"Inicio\",\"item\":\"https:\\\/\\\/www.uartes.edu.ec\\\/sitio\\\/\"},{\"@type\":\"ListItem\",\"position\":2,\"name\":\"Seis d\u00edas de actividades e intercambio de libros tendr\u00e1 2da edici\u00f3n de Lanfor Abierta de la Biblioteca de las Artes\"}]},{\"@type\":\"WebSite\",\"@id\":\"https:\\\/\\\/www.uartes.edu.ec\\\/sitio\\\/fr\\\/#website\",\"url\":\"https:\\\/\\\/www.uartes.edu.ec\\\/sitio\\\/fr\\\/\",\"name\":\"Universidad de las Artes\",\"description\":\"Sitio oficial de la Universidad Nacional de las Artes del Ecuador\",\"publisher\":{\"@id\":\"https:\\\/\\\/www.uartes.edu.ec\\\/sitio\\\/fr\\\/#organization\"},\"potentialAction\":[{\"@type\":\"SearchAction\",\"target\":{\"@type\":\"EntryPoint\",\"urlTemplate\":\"https:\\\/\\\/www.uartes.edu.ec\\\/sitio\\\/fr\\\/?s={search_term_string}\"},\"query-input\":{\"@type\":\"PropertyValueSpecification\",\"valueRequired\":true,\"valueName\":\"search_term_string\"}}],\"inLanguage\":\"fr-FR\"},{\"@type\":\"Organization\",\"@id\":\"https:\\\/\\\/www.uartes.edu.ec\\\/sitio\\\/fr\\\/#organization\",\"name\":\"Universidad de las Artes\",\"url\":\"https:\\\/\\\/www.uartes.edu.ec\\\/sitio\\\/fr\\\/\",\"logo\":{\"@type\":\"ImageObject\",\"inLanguage\":\"fr-FR\",\"@id\":\"https:\\\/\\\/www.uartes.edu.ec\\\/sitio\\\/fr\\\/#\\\/schema\\\/logo\\\/image\\\/\",\"url\":\"https:\\\/\\\/www.uartes.edu.ec\\\/sitio\\\/wp-content\\\/uploads\\\/2022\\\/07\\\/logo-ua-horizontal.png\",\"contentUrl\":\"https:\\\/\\\/www.uartes.edu.ec\\\/sitio\\\/wp-content\\\/uploads\\\/2022\\\/07\\\/logo-ua-horizontal.png\",\"width\":800,\"height\":276,\"caption\":\"Universidad de las Artes\"},\"image\":{\"@id\":\"https:\\\/\\\/www.uartes.edu.ec\\\/sitio\\\/fr\\\/#\\\/schema\\\/logo\\\/image\\\/\"},\"sameAs\":[\"https:\\\/\\\/www.facebook.com\\\/uartesec\",\"https:\\\/\\\/x.com\\\/uartesec\",\"https:\\\/\\\/www.tiktok.com\\\/@uartesec\"]},{\"@type\":\"Person\",\"@id\":\"https:\\\/\\\/www.uartes.edu.ec\\\/sitio\\\/fr\\\/#\\\/schema\\\/person\\\/efa1b8275797664fd7f13a79ccc0b1f4\",\"name\":\"ccortez\",\"image\":{\"@type\":\"ImageObject\",\"inLanguage\":\"fr-FR\",\"@id\":\"https:\\\/\\\/secure.gravatar.com\\\/avatar\\\/b2a6f664a3ae8e074346ef91775736c5ec479e637ecced6842de9dc98b5da9cd?s=96&d=mm&r=g\",\"url\":\"https:\\\/\\\/secure.gravatar.com\\\/avatar\\\/b2a6f664a3ae8e074346ef91775736c5ec479e637ecced6842de9dc98b5da9cd?s=96&d=mm&r=g\",\"contentUrl\":\"https:\\\/\\\/secure.gravatar.com\\\/avatar\\\/b2a6f664a3ae8e074346ef91775736c5ec479e637ecced6842de9dc98b5da9cd?s=96&d=mm&r=g\",\"caption\":\"ccortez\"},\"url\":\"https:\\\/\\\/www.uartes.edu.ec\\\/sitio\\\/fr\\\/blog\\\/author\\\/ccortez\\\/\"}]}<\/script>\n<!-- \/ Yoast SEO plugin. -->","yoast_head_json":{"title":"Universidad de las Artes - Seis d\u00edas de actividades e intercambio de libros tendr\u00e1 2da edici\u00f3n de Lanfor Abierta de la Biblioteca de las Artes","description":"Universidad de las Artes - Seis d\u00edas de actividades e intercambio de libros tendr\u00e1 2da edici\u00f3n de Lanfor Abierta de la Biblioteca de las Artes","robots":{"index":"index","follow":"follow","max-snippet":"max-snippet:-1","max-image-preview":"max-image-preview:large","max-video-preview":"max-video-preview:-1"},"canonical":"https:\/\/www.uartes.edu.ec\/sitio\/fr\/blog\/2023\/04\/21\/biblioteca-de-las-artes-realizara-del-24-al-29-de-abril-la-segunda-edicion-de-lanfor-abierta\/","og_locale":"fr_FR","og_type":"article","og_title":"Universidad de las Artes - Seis d\u00edas de actividades e intercambio de libros tendr\u00e1 2da edici\u00f3n de Lanfor Abierta de la Biblioteca de las Artes","og_description":"Universidad de las Artes - Seis d\u00edas de actividades e intercambio de libros tendr\u00e1 2da edici\u00f3n de Lanfor Abierta de la Biblioteca de las Artes","og_url":"https:\/\/www.uartes.edu.ec\/sitio\/fr\/blog\/2023\/04\/21\/biblioteca-de-las-artes-realizara-del-24-al-29-de-abril-la-segunda-edicion-de-lanfor-abierta\/","og_site_name":"Universidad de las Artes","article_publisher":"https:\/\/www.facebook.com\/uartesec","article_published_time":"2023-04-21T18:55:54+00:00","article_modified_time":"2024-07-04T16:21:17+00:00","og_image":[{"width":2000,"height":1333,"url":"https:\/\/www.uartes.edu.ec\/sitio\/wp-content\/uploads\/2023\/04\/DONACION-LIBROS-CARLOS-FIGUEROA-WEB.jpg","type":"image\/jpeg"}],"author":"ccortez","twitter_card":"summary_large_image","twitter_creator":"@uartesec","twitter_site":"@uartesec","twitter_misc":{"\u00c9crit par":"ccortez","Dur\u00e9e de lecture estim\u00e9e":"6 minutes"},"schema":{"@context":"https:\/\/schema.org","@graph":[{"@type":"Article","@id":"https:\/\/www.uartes.edu.ec\/sitio\/fr\/blog\/2023\/04\/21\/biblioteca-de-las-artes-realizara-del-24-al-29-de-abril-la-segunda-edicion-de-lanfor-abierta\/#article","isPartOf":{"@id":"https:\/\/www.uartes.edu.ec\/sitio\/fr\/blog\/2023\/04\/21\/biblioteca-de-las-artes-realizara-del-24-al-29-de-abril-la-segunda-edicion-de-lanfor-abierta\/"},"author":{"name":"ccortez","@id":"https:\/\/www.uartes.edu.ec\/sitio\/fr\/#\/schema\/person\/efa1b8275797664fd7f13a79ccc0b1f4"},"headline":"Seis d\u00edas de actividades e intercambio de libros tendr\u00e1 2da edici\u00f3n de Lanfor Abierta de la Biblioteca de las Artes","datePublished":"2023-04-21T18:55:54+00:00","dateModified":"2024-07-04T16:21:17+00:00","mainEntityOfPage":{"@id":"https:\/\/www.uartes.edu.ec\/sitio\/fr\/blog\/2023\/04\/21\/biblioteca-de-las-artes-realizara-del-24-al-29-de-abril-la-segunda-edicion-de-lanfor-abierta\/"},"wordCount":1150,"commentCount":0,"publisher":{"@id":"https:\/\/www.uartes.edu.ec\/sitio\/fr\/#organization"},"image":{"@id":"https:\/\/www.uartes.edu.ec\/sitio\/fr\/blog\/2023\/04\/21\/biblioteca-de-las-artes-realizara-del-24-al-29-de-abril-la-segunda-edicion-de-lanfor-abierta\/#primaryimage"},"thumbnailUrl":"https:\/\/www.uartes.edu.ec\/sitio\/wp-content\/uploads\/2023\/04\/DONACION-LIBROS-CARLOS-FIGUEROA-WEB.jpg","keywords":["celebraci\u00f3n"],"articleSection":["Alumni","Artes","Docentes","Estudiantes","Gesti\u00f3n","Literatura"],"inLanguage":"fr-FR","potentialAction":[{"@type":"CommentAction","name":"Comment","target":["https:\/\/www.uartes.edu.ec\/sitio\/fr\/blog\/2023\/04\/21\/biblioteca-de-las-artes-realizara-del-24-al-29-de-abril-la-segunda-edicion-de-lanfor-abierta\/#respond"]}]},{"@type":["WebPage","ItemPage"],"@id":"https:\/\/www.uartes.edu.ec\/sitio\/fr\/blog\/2023\/04\/21\/biblioteca-de-las-artes-realizara-del-24-al-29-de-abril-la-segunda-edicion-de-lanfor-abierta\/","url":"https:\/\/www.uartes.edu.ec\/sitio\/fr\/blog\/2023\/04\/21\/biblioteca-de-las-artes-realizara-del-24-al-29-de-abril-la-segunda-edicion-de-lanfor-abierta\/","name":"Universidad de las Artes - Seis d\u00edas de actividades e intercambio de libros tendr\u00e1 2da edici\u00f3n de Lanfor Abierta de la Biblioteca de las Artes","isPartOf":{"@id":"https:\/\/www.uartes.edu.ec\/sitio\/fr\/#website"},"primaryImageOfPage":{"@id":"https:\/\/www.uartes.edu.ec\/sitio\/fr\/blog\/2023\/04\/21\/biblioteca-de-las-artes-realizara-del-24-al-29-de-abril-la-segunda-edicion-de-lanfor-abierta\/#primaryimage"},"image":{"@id":"https:\/\/www.uartes.edu.ec\/sitio\/fr\/blog\/2023\/04\/21\/biblioteca-de-las-artes-realizara-del-24-al-29-de-abril-la-segunda-edicion-de-lanfor-abierta\/#primaryimage"},"thumbnailUrl":"https:\/\/www.uartes.edu.ec\/sitio\/wp-content\/uploads\/2023\/04\/DONACION-LIBROS-CARLOS-FIGUEROA-WEB.jpg","datePublished":"2023-04-21T18:55:54+00:00","dateModified":"2024-07-04T16:21:17+00:00","description":"Universidad de las Artes - Seis d\u00edas de actividades e intercambio de libros tendr\u00e1 2da edici\u00f3n de Lanfor Abierta de la Biblioteca de las Artes","breadcrumb":{"@id":"https:\/\/www.uartes.edu.ec\/sitio\/fr\/blog\/2023\/04\/21\/biblioteca-de-las-artes-realizara-del-24-al-29-de-abril-la-segunda-edicion-de-lanfor-abierta\/#breadcrumb"},"inLanguage":"fr-FR","potentialAction":[{"@type":"ReadAction","target":["https:\/\/www.uartes.edu.ec\/sitio\/fr\/blog\/2023\/04\/21\/biblioteca-de-las-artes-realizara-del-24-al-29-de-abril-la-segunda-edicion-de-lanfor-abierta\/"]}]},{"@type":"ImageObject","inLanguage":"fr-FR","@id":"https:\/\/www.uartes.edu.ec\/sitio\/fr\/blog\/2023\/04\/21\/biblioteca-de-las-artes-realizara-del-24-al-29-de-abril-la-segunda-edicion-de-lanfor-abierta\/#primaryimage","url":"https:\/\/www.uartes.edu.ec\/sitio\/wp-content\/uploads\/2023\/04\/DONACION-LIBROS-CARLOS-FIGUEROA-WEB.jpg","contentUrl":"https:\/\/www.uartes.edu.ec\/sitio\/wp-content\/uploads\/2023\/04\/DONACION-LIBROS-CARLOS-FIGUEROA-WEB.jpg","width":2000,"height":1333},{"@type":"BreadcrumbList","@id":"https:\/\/www.uartes.edu.ec\/sitio\/fr\/blog\/2023\/04\/21\/biblioteca-de-las-artes-realizara-del-24-al-29-de-abril-la-segunda-edicion-de-lanfor-abierta\/#breadcrumb","itemListElement":[{"@type":"ListItem","position":1,"name":"Inicio","item":"https:\/\/www.uartes.edu.ec\/sitio\/"},{"@type":"ListItem","position":2,"name":"Seis d\u00edas de actividades e intercambio de libros tendr\u00e1 2da edici\u00f3n de Lanfor Abierta de la Biblioteca de las Artes"}]},{"@type":"WebSite","@id":"https:\/\/www.uartes.edu.ec\/sitio\/fr\/#website","url":"https:\/\/www.uartes.edu.ec\/sitio\/fr\/","name":"Universidad de las Artes","description":"Sitio oficial de la Universidad Nacional de las Artes del Ecuador","publisher":{"@id":"https:\/\/www.uartes.edu.ec\/sitio\/fr\/#organization"},"potentialAction":[{"@type":"SearchAction","target":{"@type":"EntryPoint","urlTemplate":"https:\/\/www.uartes.edu.ec\/sitio\/fr\/?s={search_term_string}"},"query-input":{"@type":"PropertyValueSpecification","valueRequired":true,"valueName":"search_term_string"}}],"inLanguage":"fr-FR"},{"@type":"Organization","@id":"https:\/\/www.uartes.edu.ec\/sitio\/fr\/#organization","name":"Universidad de las Artes","url":"https:\/\/www.uartes.edu.ec\/sitio\/fr\/","logo":{"@type":"ImageObject","inLanguage":"fr-FR","@id":"https:\/\/www.uartes.edu.ec\/sitio\/fr\/#\/schema\/logo\/image\/","url":"https:\/\/www.uartes.edu.ec\/sitio\/wp-content\/uploads\/2022\/07\/logo-ua-horizontal.png","contentUrl":"https:\/\/www.uartes.edu.ec\/sitio\/wp-content\/uploads\/2022\/07\/logo-ua-horizontal.png","width":800,"height":276,"caption":"Universidad de las Artes"},"image":{"@id":"https:\/\/www.uartes.edu.ec\/sitio\/fr\/#\/schema\/logo\/image\/"},"sameAs":["https:\/\/www.facebook.com\/uartesec","https:\/\/x.com\/uartesec","https:\/\/www.tiktok.com\/@uartesec"]},{"@type":"Person","@id":"https:\/\/www.uartes.edu.ec\/sitio\/fr\/#\/schema\/person\/efa1b8275797664fd7f13a79ccc0b1f4","name":"ccortez","image":{"@type":"ImageObject","inLanguage":"fr-FR","@id":"https:\/\/secure.gravatar.com\/avatar\/b2a6f664a3ae8e074346ef91775736c5ec479e637ecced6842de9dc98b5da9cd?s=96&d=mm&r=g","url":"https:\/\/secure.gravatar.com\/avatar\/b2a6f664a3ae8e074346ef91775736c5ec479e637ecced6842de9dc98b5da9cd?s=96&d=mm&r=g","contentUrl":"https:\/\/secure.gravatar.com\/avatar\/b2a6f664a3ae8e074346ef91775736c5ec479e637ecced6842de9dc98b5da9cd?s=96&d=mm&r=g","caption":"ccortez"},"url":"https:\/\/www.uartes.edu.ec\/sitio\/fr\/blog\/author\/ccortez\/"}]}},"uagb_featured_image_src":{"full":["https:\/\/www.uartes.edu.ec\/sitio\/wp-content\/uploads\/2023\/04\/DONACION-LIBROS-CARLOS-FIGUEROA-WEB.jpg",2000,1333,false],"thumbnail":["https:\/\/www.uartes.edu.ec\/sitio\/wp-content\/uploads\/2023\/04\/DONACION-LIBROS-CARLOS-FIGUEROA-WEB-150x150.jpg",150,150,true],"medium":["https:\/\/www.uartes.edu.ec\/sitio\/wp-content\/uploads\/2023\/04\/DONACION-LIBROS-CARLOS-FIGUEROA-WEB-300x200.jpg",300,200,true],"medium_large":["https:\/\/www.uartes.edu.ec\/sitio\/wp-content\/uploads\/2023\/04\/DONACION-LIBROS-CARLOS-FIGUEROA-WEB-768x512.jpg",768,512,true],"large":["https:\/\/www.uartes.edu.ec\/sitio\/wp-content\/uploads\/2023\/04\/DONACION-LIBROS-CARLOS-FIGUEROA-WEB-644x429.jpg",644,429,true],"1536x1536":["https:\/\/www.uartes.edu.ec\/sitio\/wp-content\/uploads\/2023\/04\/DONACION-LIBROS-CARLOS-FIGUEROA-WEB-1536x1024.jpg",1536,1024,true],"2048x2048":["https:\/\/www.uartes.edu.ec\/sitio\/wp-content\/uploads\/2023\/04\/DONACION-LIBROS-CARLOS-FIGUEROA-WEB.jpg",2000,1333,false],"trp-custom-language-flag":["https:\/\/www.uartes.edu.ec\/sitio\/wp-content\/uploads\/2023\/04\/DONACION-LIBROS-CARLOS-FIGUEROA-WEB.jpg",18,12,false],"htmega_size_585x295":["https:\/\/www.uartes.edu.ec\/sitio\/wp-content\/uploads\/2023\/04\/DONACION-LIBROS-CARLOS-FIGUEROA-WEB-585x295.jpg",585,295,true],"htmega_size_1170x536":["https:\/\/www.uartes.edu.ec\/sitio\/wp-content\/uploads\/2023\/04\/DONACION-LIBROS-CARLOS-FIGUEROA-WEB-1170x536.jpg",1170,536,true],"htmega_size_396x360":["https:\/\/www.uartes.edu.ec\/sitio\/wp-content\/uploads\/2023\/04\/DONACION-LIBROS-CARLOS-FIGUEROA-WEB-396x360.jpg",396,360,true],"gb-block-post-grid-landscape":["https:\/\/www.uartes.edu.ec\/sitio\/wp-content\/uploads\/2023\/04\/DONACION-LIBROS-CARLOS-FIGUEROA-WEB-600x400.jpg",600,400,true],"gb-block-post-grid-square":["https:\/\/www.uartes.edu.ec\/sitio\/wp-content\/uploads\/2023\/04\/DONACION-LIBROS-CARLOS-FIGUEROA-WEB-600x600.jpg",600,600,true],"university-hub-thumb":["https:\/\/www.uartes.edu.ec\/sitio\/wp-content\/uploads\/2023\/04\/DONACION-LIBROS-CARLOS-FIGUEROA-WEB-400x267.jpg",400,267,true],"mailpoet_newsletter_max":["https:\/\/www.uartes.edu.ec\/sitio\/wp-content\/uploads\/2023\/04\/DONACION-LIBROS-CARLOS-FIGUEROA-WEB.jpg",1320,880,false]},"uagb_author_info":{"display_name":"ccortez","author_link":"https:\/\/www.uartes.edu.ec\/sitio\/fr\/blog\/author\/ccortez\/"},"uagb_comment_info":0,"uagb_excerpt":"La Biblioteca de las Artes dar\u00e1 inicio este lunes 24 de abril a la segunda edici\u00f3n de Lanfor Abierta, iniciativa que surgi\u00f3 en 2022 para fortalecer la lectura y ser punto de encuentro con la comunidad universitaria y el p\u00fablico en general. En este 2023 se han programado actividades culturales y art\u00edsticas de variada tem\u00e1tica,\u2026","featured_image_src":"https:\/\/www.uartes.edu.ec\/sitio\/wp-content\/uploads\/2023\/04\/DONACION-LIBROS-CARLOS-FIGUEROA-WEB-600x400.jpg","featured_image_src_square":"https:\/\/www.uartes.edu.ec\/sitio\/wp-content\/uploads\/2023\/04\/DONACION-LIBROS-CARLOS-FIGUEROA-WEB-600x600.jpg","author_info":{"display_name":"ccortez","author_link":"https:\/\/www.uartes.edu.ec\/sitio\/fr\/blog\/author\/ccortez\/"},"publishpress_future_workflow_manual_trigger":{"enabledWorkflows":[]},"distributor_meta":false,"distributor_terms":false,"distributor_media":false,"distributor_original_site_name":"Universidad de las Artes","distributor_original_site_url":"https:\/\/www.uartes.edu.ec\/sitio\/fr","push-errors":false,"_links":{"self":[{"href":"https:\/\/www.uartes.edu.ec\/sitio\/fr\/wp-json\/wp\/v2\/posts\/41238","targetHints":{"allow":["GET"]}}],"collection":[{"href":"https:\/\/www.uartes.edu.ec\/sitio\/fr\/wp-json\/wp\/v2\/posts"}],"about":[{"href":"https:\/\/www.uartes.edu.ec\/sitio\/fr\/wp-json\/wp\/v2\/types\/post"}],"author":[{"embeddable":true,"href":"https:\/\/www.uartes.edu.ec\/sitio\/fr\/wp-json\/wp\/v2\/users\/10"}],"replies":[{"embeddable":true,"href":"https:\/\/www.uartes.edu.ec\/sitio\/fr\/wp-json\/wp\/v2\/comments?post=41238"}],"version-history":[{"count":11,"href":"https:\/\/www.uartes.edu.ec\/sitio\/fr\/wp-json\/wp\/v2\/posts\/41238\/revisions"}],"predecessor-version":[{"id":41329,"href":"https:\/\/www.uartes.edu.ec\/sitio\/fr\/wp-json\/wp\/v2\/posts\/41238\/revisions\/41329"}],"wp:featuredmedia":[{"embeddable":true,"href":"https:\/\/www.uartes.edu.ec\/sitio\/fr\/wp-json\/wp\/v2\/media\/41239"}],"wp:attachment":[{"href":"https:\/\/www.uartes.edu.ec\/sitio\/fr\/wp-json\/wp\/v2\/media?parent=41238"}],"wp:term":[{"taxonomy":"category","embeddable":true,"href":"https:\/\/www.uartes.edu.ec\/sitio\/fr\/wp-json\/wp\/v2\/categories?post=41238"},{"taxonomy":"post_tag","embeddable":true,"href":"https:\/\/www.uartes.edu.ec\/sitio\/fr\/wp-json\/wp\/v2\/tags?post=41238"},{"taxonomy":"infouartes","embeddable":true,"href":"https:\/\/www.uartes.edu.ec\/sitio\/fr\/wp-json\/wp\/v2\/infouartes?post=41238"}],"curies":[{"name":"wp","href":"https:\/\/api.w.org\/{rel}","templated":true}]}}