{"id":41385,"date":"2023-04-24T15:16:00","date_gmt":"2023-04-24T20:16:00","guid":{"rendered":"https:\/\/www.uartes.edu.ec\/sitio\/?p=41385"},"modified":"2024-07-04T11:21:17","modified_gmt":"2024-07-04T16:21:17","slug":"en-los-inicios-de-leua-el-laboratorio-escenico-de-la-universidad-de-las-artes","status":"publish","type":"post","link":"https:\/\/www.uartes.edu.ec\/sitio\/fr\/blog\/2023\/04\/24\/en-los-inicios-de-leua-el-laboratorio-escenico-de-la-universidad-de-las-artes\/","title":{"rendered":"En los inicios de LEUA, el Laboratorio Esc\u00e9nico de Universidad de las Artes"},"content":{"rendered":"<p>Original de Benjam\u00edn Cort\u00e9s, la obra \u201cWhy a kill o de c\u00f3mo las iguanas aprendieron a sobrevivir\u201d tuvo ocho funciones en el MZ14 Centro de Producci\u00f3n e Innovaci\u00f3n UArtes, desde finales de marzo hasta el 22 del presente mes, \u201ccon un elenco formado por egresados y estudiantes de la Universidad de las Artes, as\u00ed como por personas ajenas a la instituci\u00f3n, pero con un inter\u00e9s en el quehacer esc\u00e9nico\u201d, anota el docente de la carrera de Creaci\u00f3n Teatral.<\/p>\n\n\n\n<p>Surge de las entra\u00f1as del semillero de investigaci\u00f3n, agrega Cort\u00e9s, quien revela a continuaci\u00f3n la g\u00e9nesis del Laboratorio Esc\u00e9nico de la Universidad de las Artes (LEUA, por sus iniciales), la sementera de donde germin\u00f3 la pieza did\u00e1ctica de un acto y XV escenas Par\u00e1frasis de \u201cLa excepci\u00f3n y la regla\u201d de B. Brecht.<\/p>\n\n\n\n<p>El Laboratorio Esc\u00e9nico de la Universidad de las Artes nace en 2016 gracias a la iniciativa de Benjam\u00edn Cort\u00e9s y Juli\u00e1n Mart\u00ednez, docentes de la Escuela de Artes Esc\u00e9nicas de la UArtes, en un af\u00e1n por encontrar un lugar com\u00fan para la convergencia de sus experiencias, metodolog\u00edas e investigaciones en torno al arte esc\u00e9nico y todo aquello que se deriva del mismo.<\/p>\n\n\n<div class=\"wp-block-image\">\n<figure class=\"aligncenter size-large\"><img fetchpriority=\"high\" decoding=\"async\" width=\"644\" height=\"429\" src=\"https:\/\/www.uartes.edu.ec\/sitio\/wp-content\/uploads\/2023\/04\/WHYKILL-01-644x429.jpg\" alt=\"\" class=\"wp-image-41503\" srcset=\"https:\/\/www.uartes.edu.ec\/sitio\/wp-content\/uploads\/2023\/04\/WHYKILL-01-644x429.jpg 644w, https:\/\/www.uartes.edu.ec\/sitio\/wp-content\/uploads\/2023\/04\/WHYKILL-01-768x511.jpg 768w, https:\/\/www.uartes.edu.ec\/sitio\/wp-content\/uploads\/2023\/04\/WHYKILL-01.jpg 2000w, https:\/\/www.uartes.edu.ec\/sitio\/wp-content\/uploads\/2023\/04\/WHYKILL-01-600x399.jpg 600w, https:\/\/www.uartes.edu.ec\/sitio\/wp-content\/uploads\/2023\/04\/WHYKILL-01-272x182.jpg 272w\" sizes=\"(max-width: 644px) 100vw, 644px\" \/><\/figure>\n<\/div>\n\n\n<p>Es as\u00ed como se construyeron obras art\u00edsticas de relevancia, como \u201cLa casa del perro\u201d, de Mart\u00ednez, la cual observ\u00f3 una buena acogida con el p\u00fablico local, teniendo cuatro temporadas en Guayaquil (Foro La f\u00e1brica, Estudio Paulsen, Teatro La Bota y auditorio de la Alianza Francesa) y una participaci\u00f3n en el Festival Teatro Muestras, en 2018. A nivel internacional estuvo presente en las II Jornadas de Teatro Comparado y I Jornadas Latinoamericanas de Investigaci\u00f3n Teatral en la ciudad de San Juan, en Argentina, y cumpli\u00f3 una peque\u00f1a gira que abarc\u00f3 otras tres ciudades argentinas y dos mexicanas.<\/p>\n\n\n\n<p>Cort\u00e9s se\u00f1ala que otro de los grandes proyectos que surgi\u00f3 de LEUA fue \u201cLas ciudades del fin del mundo\u201d, idea original suya, basada en el texto \u201cLas ciudades invisibles\u201d de \u00cdtalo Calvino. Participaron m\u00e1s de 60 artistas entre actores y actrices, m\u00fasicos, artistas visuales y audiovisuales, dando como resultado un espect\u00e1culo itinerante que tuvo presentaciones en el Parque Forestal de Guayaquil y el MAAC, en el marco del 1er. Encuentro Nacional de Teatro Universitario \u201cENTU LAICA 2017\u201d, y como parte de las actividades estudiantiles del Festival Internacional de Artes Vivas de Loja.<\/p>\n\n\n\n<p>En 2022 se plane\u00f3 el establecimiento oficial del Laboratorio Esc\u00e9nico en el marco institucional y como semillero de investigaci\u00f3n, pues cada proyecto que emana de \u00e9l es una investigaci\u00f3n llevada al campo de la creaci\u00f3n, cuyos resultados conclusivos han derivado no solo en la producci\u00f3n art\u00edstica, sino en la generaci\u00f3n de insumos acad\u00e9micos, como publicaciones en revistas de divulgaci\u00f3n, participaci\u00f3n en diversos congresos, encuentros y coloquios a nivel internacional y la publicaci\u00f3n de un libro: \u201cTeatro; ideas, experiencias y reflexiones\u201d, que re\u00fane los resultados de investigaci\u00f3n de cada uno de los proyectos.<\/p>\n\n\n<div class=\"wp-block-image\">\n<figure class=\"aligncenter size-large\"><img decoding=\"async\" width=\"644\" height=\"429\" src=\"https:\/\/www.uartes.edu.ec\/sitio\/wp-content\/uploads\/2023\/04\/WHYKILL-02-644x429.jpg\" alt=\"\" class=\"wp-image-41504\" srcset=\"https:\/\/www.uartes.edu.ec\/sitio\/wp-content\/uploads\/2023\/04\/WHYKILL-02-644x429.jpg 644w, https:\/\/www.uartes.edu.ec\/sitio\/wp-content\/uploads\/2023\/04\/WHYKILL-02-768x511.jpg 768w, https:\/\/www.uartes.edu.ec\/sitio\/wp-content\/uploads\/2023\/04\/WHYKILL-02.jpg 2000w, https:\/\/www.uartes.edu.ec\/sitio\/wp-content\/uploads\/2023\/04\/WHYKILL-02-600x399.jpg 600w, https:\/\/www.uartes.edu.ec\/sitio\/wp-content\/uploads\/2023\/04\/WHYKILL-02-272x182.jpg 272w\" sizes=\"(max-width: 644px) 100vw, 644px\" \/><\/figure>\n<\/div>\n\n\n<p>Justamente, el trabajo investigativo arroj\u00f3 \u201cWhy a kill o de c\u00f3mo las iguanas aprendieron a sobrevivir\u201d. Como indica Cort\u00e9s al inicio del texto, es una pieza did\u00e1ctica de un acto y XV escenas Par\u00e1frasis de \u201cLa excepci\u00f3n y la regla\u201d que Bertolt Brecht escribi\u00f3 en 1930.<\/p>\n\n\n\n<p>Se trata de la expresi\u00f3n m\u00e1s lograda de un conjunto de obras denominadas Lehrt\u00fccke o piezas did\u00e1cticas que ten\u00edan sus ra\u00edces en una tradici\u00f3n empleada \u201cpor los humanistas alemanes del siglo XVI para inculcar en sus alumnos un comportamiento conforme a las ideas de la burgues\u00eda ascendente\u201d. Brecht postula junto con otros artistas de su generaci\u00f3n el rescate de las t\u00e9cnicas de este modelo did\u00e1ctico para aplicarlas a una nueva forma de arte, un arte comprometido que, antes de despertar la compasi\u00f3n, despierte en el espectador la conciencia por medio del ejercicio del raciocinio, la l\u00f3gica deductiva y el materialismo dial\u00e9ctico sustentados a su vez, por el marxismo.<\/p>\n\n\n\n<p>El gran talento como poeta de Brecht trasciende, y con mucho, estos estrechos par\u00e1metros y limitaciones conceptuales. Nada m\u00e1s evidente que \u201cLa excepci\u00f3n y la regla\u201d donde su talento po\u00e9tico conecta con la percepci\u00f3n m\u00e1s profunda del espectador.<\/p>\n\n\n<div class=\"wp-block-image\">\n<figure class=\"aligncenter size-large\"><img decoding=\"async\" width=\"644\" height=\"429\" src=\"https:\/\/www.uartes.edu.ec\/sitio\/wp-content\/uploads\/2023\/04\/WHYKILL-04-644x429.jpg\" alt=\"\" class=\"wp-image-41505\" srcset=\"https:\/\/www.uartes.edu.ec\/sitio\/wp-content\/uploads\/2023\/04\/WHYKILL-04-644x429.jpg 644w, https:\/\/www.uartes.edu.ec\/sitio\/wp-content\/uploads\/2023\/04\/WHYKILL-04-768x511.jpg 768w, https:\/\/www.uartes.edu.ec\/sitio\/wp-content\/uploads\/2023\/04\/WHYKILL-04.jpg 2000w, https:\/\/www.uartes.edu.ec\/sitio\/wp-content\/uploads\/2023\/04\/WHYKILL-04-600x399.jpg 600w, https:\/\/www.uartes.edu.ec\/sitio\/wp-content\/uploads\/2023\/04\/WHYKILL-04-272x182.jpg 272w\" sizes=\"(max-width: 644px) 100vw, 644px\" \/><\/figure>\n<\/div>\n\n\n<p>\u201cUna par\u00e1frasis dram\u00e1tica se define en primera instancia como una interpretaci\u00f3n amplificada de una determinada l\u00ednea tem\u00e1tica insertada en una obra, que genera la propia par\u00e1frasis. En resumidas cuentas, par\u00e1frasis es ampliar reflexivamente un tema determinado. Por lo tanto, la par\u00e1frasis que sustenta esta puesta en escena toma exclusivamente el tema y, por extensi\u00f3n, el g\u00e9nero de la obra de Brecht como estructura interna y externa respectivamente, an\u00e9cdota, personajes y di\u00e1logos son nuestros, aunque se cita en ocasiones al texto brechtiano\u201d, indica el docente UArtes, citando a David Quintero.<\/p>\n\n\n\n<p>En el reparto de \u201cWhy a kill o de c\u00f3mo las iguanas aprendieron a sobrevivir\u201d estuvieron: Jes\u00fas S\u00e1nchez\/Alessandro Loor, encarnando a Dar\u00edo; Nathaly Toapanta\/Ariana Balla, a \u00darsula; Geovanny Ch\u00e1vez, al Ldo. Albertito; y, Dix\u00f3n Tapia, al guardia personal\/Germ\u00e1n.<\/p>\n\n\n\n<p>En el equipo t\u00e9cnico, Nahomi Ramos, asistente de producci\u00f3n; Juan Fajardo y Pablo Flores, escenograf\u00eda y tramoya; Juliana Quille y Mar\u00eda Aspiazu, vestuario y utiler\u00eda; Dana Rosado, Sharmila Ulloa y Fanny Nieto, maquillaje y peinados; Remigio V\u00e1sconez, Otty Palma y Dayanna Gonz\u00e1lez, iluminaci\u00f3n; Elizabeth Medina, coreograf\u00eda; y, Michelle Zamudio, asistente de direcci\u00f3n.<\/p>\n\n\n\n<p>Benjam\u00edn Cort\u00e9s, quien asumi\u00f3 la dramaturgia y direcci\u00f3n de la obra, expresa agradecimientos a los docentes Bernarda Ubidia, Andrey Astaiza y Rub\u00e9n Riera, al MZ14 Centro de Producci\u00f3n e Innovaci\u00f3n y a la Dircom UArtes.<\/p>\n\n\n\n<p>En im\u00e1genes varias de las escenas de la obra \u201cWhy a kill o de c\u00f3mo las iguanas aprendieron a sobrevivir\u201d.<\/p>","protected":false},"excerpt":{"rendered":"<p>Original de Benjam\u00edn Cort\u00e9s, la obra \u201cWhy a kill o de c\u00f3mo las iguanas aprendieron a sobrevivir\u201d tuvo ocho funciones en el MZ14 Centro de Producci\u00f3n e Innovaci\u00f3n UArtes, desde finales de marzo hasta el 22 de abril, \u201ccon un elenco formado por egresados y estudiantes de la Universidad de las Artes, as\u00ed como por personas ajenas a la instituci\u00f3n, pero con un inter\u00e9s en el quehacer esc\u00e9nico\u201d, anota el docente de la carrera de Creaci\u00f3n Teatral. <\/p>","protected":false},"author":10,"featured_media":41502,"comment_status":"open","ping_status":"open","sticky":false,"template":"","format":"standard","meta":{"_acf_changed":false,"_uag_custom_page_level_css":"","_monsterinsights_skip_tracking":false,"_monsterinsights_sitenote_active":false,"_monsterinsights_sitenote_note":"","_monsterinsights_sitenote_category":0,"cybocfi_hide_featured_image":"","footnotes":""},"categories":[718,80,159,75,284],"tags":[748],"infouartes":[],"class_list":["post-41385","post","type-post","status-publish","format-standard","has-post-thumbnail","hentry","category-2d","category-academico","category-artes-escenicas","category-docentes","category-investigacion","tag-laboratorio"],"acf":[],"yoast_head":"<!-- This site is optimized with the Yoast SEO plugin v27.4 - https:\/\/yoast.com\/product\/yoast-seo-wordpress\/ -->\n<title>Universidad de las Artes - En los inicios de LEUA, el Laboratorio Esc\u00e9nico de Universidad de las Artes<\/title>\n<meta name=\"description\" content=\"Universidad de las Artes - En los inicios de LEUA, el Laboratorio Esc\u00e9nico de Universidad de las Artes\" \/>\n<meta name=\"robots\" content=\"index, follow, max-snippet:-1, max-image-preview:large, max-video-preview:-1\" \/>\n<link rel=\"canonical\" href=\"https:\/\/www.uartes.edu.ec\/sitio\/fr\/blog\/2023\/04\/24\/en-los-inicios-de-leua-el-laboratorio-escenico-de-la-universidad-de-las-artes\/\" \/>\n<meta property=\"og:locale\" content=\"fr_FR\" \/>\n<meta property=\"og:type\" content=\"article\" \/>\n<meta property=\"og:title\" content=\"Universidad de las Artes - En los inicios de LEUA, el Laboratorio Esc\u00e9nico de Universidad de las Artes\" \/>\n<meta property=\"og:description\" content=\"Universidad de las Artes - En los inicios de LEUA, el Laboratorio Esc\u00e9nico de Universidad de las Artes\" \/>\n<meta property=\"og:url\" content=\"https:\/\/www.uartes.edu.ec\/sitio\/fr\/blog\/2023\/04\/24\/en-los-inicios-de-leua-el-laboratorio-escenico-de-la-universidad-de-las-artes\/\" \/>\n<meta property=\"og:site_name\" content=\"Universidad de las Artes\" \/>\n<meta property=\"article:publisher\" content=\"https:\/\/www.facebook.com\/uartesec\" \/>\n<meta property=\"article:published_time\" content=\"2023-04-24T20:16:00+00:00\" \/>\n<meta property=\"article:modified_time\" content=\"2024-07-04T16:21:17+00:00\" \/>\n<meta property=\"og:image\" content=\"https:\/\/www.uartes.edu.ec\/sitio\/wp-content\/uploads\/2023\/04\/WHYKILL-06.jpg\" \/>\n\t<meta property=\"og:image:width\" content=\"2000\" \/>\n\t<meta property=\"og:image:height\" content=\"1333\" \/>\n\t<meta property=\"og:image:type\" content=\"image\/jpeg\" \/>\n<meta name=\"author\" content=\"ccortez\" \/>\n<meta name=\"twitter:card\" content=\"summary_large_image\" \/>\n<meta name=\"twitter:creator\" content=\"@uartesec\" \/>\n<meta name=\"twitter:site\" content=\"@uartesec\" \/>\n<meta name=\"twitter:label1\" content=\"\u00c9crit par\" \/>\n\t<meta name=\"twitter:data1\" content=\"ccortez\" \/>\n\t<meta name=\"twitter:label2\" content=\"Dur\u00e9e de lecture estim\u00e9e\" \/>\n\t<meta name=\"twitter:data2\" content=\"5 minutes\" \/>\n<script type=\"application\/ld+json\" class=\"yoast-schema-graph\">{\"@context\":\"https:\\\/\\\/schema.org\",\"@graph\":[{\"@type\":\"Article\",\"@id\":\"https:\\\/\\\/www.uartes.edu.ec\\\/sitio\\\/fr\\\/blog\\\/2023\\\/04\\\/24\\\/en-los-inicios-de-leua-el-laboratorio-escenico-de-la-universidad-de-las-artes\\\/#article\",\"isPartOf\":{\"@id\":\"https:\\\/\\\/www.uartes.edu.ec\\\/sitio\\\/fr\\\/blog\\\/2023\\\/04\\\/24\\\/en-los-inicios-de-leua-el-laboratorio-escenico-de-la-universidad-de-las-artes\\\/\"},\"author\":{\"name\":\"ccortez\",\"@id\":\"https:\\\/\\\/www.uartes.edu.ec\\\/sitio\\\/fr\\\/#\\\/schema\\\/person\\\/efa1b8275797664fd7f13a79ccc0b1f4\"},\"headline\":\"En los inicios de LEUA, el Laboratorio Esc\u00e9nico de Universidad de las Artes\",\"datePublished\":\"2023-04-24T20:16:00+00:00\",\"dateModified\":\"2024-07-04T16:21:17+00:00\",\"mainEntityOfPage\":{\"@id\":\"https:\\\/\\\/www.uartes.edu.ec\\\/sitio\\\/fr\\\/blog\\\/2023\\\/04\\\/24\\\/en-los-inicios-de-leua-el-laboratorio-escenico-de-la-universidad-de-las-artes\\\/\"},\"wordCount\":1024,\"commentCount\":0,\"publisher\":{\"@id\":\"https:\\\/\\\/www.uartes.edu.ec\\\/sitio\\\/fr\\\/#organization\"},\"image\":{\"@id\":\"https:\\\/\\\/www.uartes.edu.ec\\\/sitio\\\/fr\\\/blog\\\/2023\\\/04\\\/24\\\/en-los-inicios-de-leua-el-laboratorio-escenico-de-la-universidad-de-las-artes\\\/#primaryimage\"},\"thumbnailUrl\":\"https:\\\/\\\/www.uartes.edu.ec\\\/sitio\\\/wp-content\\\/uploads\\\/2023\\\/04\\\/WHYKILL-06.jpg\",\"keywords\":[\"laboratorio\"],\"articleSection\":[\"2D\",\"Acad\u00e9mico\",\"Artes Esc\u00e9nicas\",\"Docentes\",\"Investigaci\u00f3n\"],\"inLanguage\":\"fr-FR\",\"potentialAction\":[{\"@type\":\"CommentAction\",\"name\":\"Comment\",\"target\":[\"https:\\\/\\\/www.uartes.edu.ec\\\/sitio\\\/fr\\\/blog\\\/2023\\\/04\\\/24\\\/en-los-inicios-de-leua-el-laboratorio-escenico-de-la-universidad-de-las-artes\\\/#respond\"]}]},{\"@type\":[\"WebPage\",\"ItemPage\"],\"@id\":\"https:\\\/\\\/www.uartes.edu.ec\\\/sitio\\\/fr\\\/blog\\\/2023\\\/04\\\/24\\\/en-los-inicios-de-leua-el-laboratorio-escenico-de-la-universidad-de-las-artes\\\/\",\"url\":\"https:\\\/\\\/www.uartes.edu.ec\\\/sitio\\\/fr\\\/blog\\\/2023\\\/04\\\/24\\\/en-los-inicios-de-leua-el-laboratorio-escenico-de-la-universidad-de-las-artes\\\/\",\"name\":\"Universidad de las Artes - En los inicios de LEUA, el Laboratorio Esc\u00e9nico de Universidad de las Artes\",\"isPartOf\":{\"@id\":\"https:\\\/\\\/www.uartes.edu.ec\\\/sitio\\\/fr\\\/#website\"},\"primaryImageOfPage\":{\"@id\":\"https:\\\/\\\/www.uartes.edu.ec\\\/sitio\\\/fr\\\/blog\\\/2023\\\/04\\\/24\\\/en-los-inicios-de-leua-el-laboratorio-escenico-de-la-universidad-de-las-artes\\\/#primaryimage\"},\"image\":{\"@id\":\"https:\\\/\\\/www.uartes.edu.ec\\\/sitio\\\/fr\\\/blog\\\/2023\\\/04\\\/24\\\/en-los-inicios-de-leua-el-laboratorio-escenico-de-la-universidad-de-las-artes\\\/#primaryimage\"},\"thumbnailUrl\":\"https:\\\/\\\/www.uartes.edu.ec\\\/sitio\\\/wp-content\\\/uploads\\\/2023\\\/04\\\/WHYKILL-06.jpg\",\"datePublished\":\"2023-04-24T20:16:00+00:00\",\"dateModified\":\"2024-07-04T16:21:17+00:00\",\"description\":\"Universidad de las Artes - En los inicios de LEUA, el Laboratorio Esc\u00e9nico de Universidad de las Artes\",\"breadcrumb\":{\"@id\":\"https:\\\/\\\/www.uartes.edu.ec\\\/sitio\\\/fr\\\/blog\\\/2023\\\/04\\\/24\\\/en-los-inicios-de-leua-el-laboratorio-escenico-de-la-universidad-de-las-artes\\\/#breadcrumb\"},\"inLanguage\":\"fr-FR\",\"potentialAction\":[{\"@type\":\"ReadAction\",\"target\":[\"https:\\\/\\\/www.uartes.edu.ec\\\/sitio\\\/fr\\\/blog\\\/2023\\\/04\\\/24\\\/en-los-inicios-de-leua-el-laboratorio-escenico-de-la-universidad-de-las-artes\\\/\"]}]},{\"@type\":\"ImageObject\",\"inLanguage\":\"fr-FR\",\"@id\":\"https:\\\/\\\/www.uartes.edu.ec\\\/sitio\\\/fr\\\/blog\\\/2023\\\/04\\\/24\\\/en-los-inicios-de-leua-el-laboratorio-escenico-de-la-universidad-de-las-artes\\\/#primaryimage\",\"url\":\"https:\\\/\\\/www.uartes.edu.ec\\\/sitio\\\/wp-content\\\/uploads\\\/2023\\\/04\\\/WHYKILL-06.jpg\",\"contentUrl\":\"https:\\\/\\\/www.uartes.edu.ec\\\/sitio\\\/wp-content\\\/uploads\\\/2023\\\/04\\\/WHYKILL-06.jpg\",\"width\":2000,\"height\":1333},{\"@type\":\"BreadcrumbList\",\"@id\":\"https:\\\/\\\/www.uartes.edu.ec\\\/sitio\\\/fr\\\/blog\\\/2023\\\/04\\\/24\\\/en-los-inicios-de-leua-el-laboratorio-escenico-de-la-universidad-de-las-artes\\\/#breadcrumb\",\"itemListElement\":[{\"@type\":\"ListItem\",\"position\":1,\"name\":\"Inicio\",\"item\":\"https:\\\/\\\/www.uartes.edu.ec\\\/sitio\\\/\"},{\"@type\":\"ListItem\",\"position\":2,\"name\":\"En los inicios de LEUA, el Laboratorio Esc\u00e9nico de Universidad de las Artes\"}]},{\"@type\":\"WebSite\",\"@id\":\"https:\\\/\\\/www.uartes.edu.ec\\\/sitio\\\/fr\\\/#website\",\"url\":\"https:\\\/\\\/www.uartes.edu.ec\\\/sitio\\\/fr\\\/\",\"name\":\"Universidad de las Artes\",\"description\":\"Sitio oficial de la Universidad Nacional de las Artes del Ecuador\",\"publisher\":{\"@id\":\"https:\\\/\\\/www.uartes.edu.ec\\\/sitio\\\/fr\\\/#organization\"},\"potentialAction\":[{\"@type\":\"SearchAction\",\"target\":{\"@type\":\"EntryPoint\",\"urlTemplate\":\"https:\\\/\\\/www.uartes.edu.ec\\\/sitio\\\/fr\\\/?s={search_term_string}\"},\"query-input\":{\"@type\":\"PropertyValueSpecification\",\"valueRequired\":true,\"valueName\":\"search_term_string\"}}],\"inLanguage\":\"fr-FR\"},{\"@type\":\"Organization\",\"@id\":\"https:\\\/\\\/www.uartes.edu.ec\\\/sitio\\\/fr\\\/#organization\",\"name\":\"Universidad de las Artes\",\"url\":\"https:\\\/\\\/www.uartes.edu.ec\\\/sitio\\\/fr\\\/\",\"logo\":{\"@type\":\"ImageObject\",\"inLanguage\":\"fr-FR\",\"@id\":\"https:\\\/\\\/www.uartes.edu.ec\\\/sitio\\\/fr\\\/#\\\/schema\\\/logo\\\/image\\\/\",\"url\":\"https:\\\/\\\/www.uartes.edu.ec\\\/sitio\\\/wp-content\\\/uploads\\\/2022\\\/07\\\/logo-ua-horizontal.png\",\"contentUrl\":\"https:\\\/\\\/www.uartes.edu.ec\\\/sitio\\\/wp-content\\\/uploads\\\/2022\\\/07\\\/logo-ua-horizontal.png\",\"width\":800,\"height\":276,\"caption\":\"Universidad de las Artes\"},\"image\":{\"@id\":\"https:\\\/\\\/www.uartes.edu.ec\\\/sitio\\\/fr\\\/#\\\/schema\\\/logo\\\/image\\\/\"},\"sameAs\":[\"https:\\\/\\\/www.facebook.com\\\/uartesec\",\"https:\\\/\\\/x.com\\\/uartesec\",\"https:\\\/\\\/www.tiktok.com\\\/@uartesec\"]},{\"@type\":\"Person\",\"@id\":\"https:\\\/\\\/www.uartes.edu.ec\\\/sitio\\\/fr\\\/#\\\/schema\\\/person\\\/efa1b8275797664fd7f13a79ccc0b1f4\",\"name\":\"ccortez\",\"image\":{\"@type\":\"ImageObject\",\"inLanguage\":\"fr-FR\",\"@id\":\"https:\\\/\\\/secure.gravatar.com\\\/avatar\\\/b2a6f664a3ae8e074346ef91775736c5ec479e637ecced6842de9dc98b5da9cd?s=96&d=mm&r=g\",\"url\":\"https:\\\/\\\/secure.gravatar.com\\\/avatar\\\/b2a6f664a3ae8e074346ef91775736c5ec479e637ecced6842de9dc98b5da9cd?s=96&d=mm&r=g\",\"contentUrl\":\"https:\\\/\\\/secure.gravatar.com\\\/avatar\\\/b2a6f664a3ae8e074346ef91775736c5ec479e637ecced6842de9dc98b5da9cd?s=96&d=mm&r=g\",\"caption\":\"ccortez\"},\"url\":\"https:\\\/\\\/www.uartes.edu.ec\\\/sitio\\\/fr\\\/blog\\\/author\\\/ccortez\\\/\"}]}<\/script>\n<!-- \/ Yoast SEO plugin. -->","yoast_head_json":{"title":"Universidad de las Artes - En los inicios de LEUA, el Laboratorio Esc\u00e9nico de Universidad de las Artes","description":"Universidad de las Artes - En los inicios de LEUA, el Laboratorio Esc\u00e9nico de Universidad de las Artes","robots":{"index":"index","follow":"follow","max-snippet":"max-snippet:-1","max-image-preview":"max-image-preview:large","max-video-preview":"max-video-preview:-1"},"canonical":"https:\/\/www.uartes.edu.ec\/sitio\/fr\/blog\/2023\/04\/24\/en-los-inicios-de-leua-el-laboratorio-escenico-de-la-universidad-de-las-artes\/","og_locale":"fr_FR","og_type":"article","og_title":"Universidad de las Artes - En los inicios de LEUA, el Laboratorio Esc\u00e9nico de Universidad de las Artes","og_description":"Universidad de las Artes - En los inicios de LEUA, el Laboratorio Esc\u00e9nico de Universidad de las Artes","og_url":"https:\/\/www.uartes.edu.ec\/sitio\/fr\/blog\/2023\/04\/24\/en-los-inicios-de-leua-el-laboratorio-escenico-de-la-universidad-de-las-artes\/","og_site_name":"Universidad de las Artes","article_publisher":"https:\/\/www.facebook.com\/uartesec","article_published_time":"2023-04-24T20:16:00+00:00","article_modified_time":"2024-07-04T16:21:17+00:00","og_image":[{"width":2000,"height":1333,"url":"https:\/\/www.uartes.edu.ec\/sitio\/wp-content\/uploads\/2023\/04\/WHYKILL-06.jpg","type":"image\/jpeg"}],"author":"ccortez","twitter_card":"summary_large_image","twitter_creator":"@uartesec","twitter_site":"@uartesec","twitter_misc":{"\u00c9crit par":"ccortez","Dur\u00e9e de lecture estim\u00e9e":"5 minutes"},"schema":{"@context":"https:\/\/schema.org","@graph":[{"@type":"Article","@id":"https:\/\/www.uartes.edu.ec\/sitio\/fr\/blog\/2023\/04\/24\/en-los-inicios-de-leua-el-laboratorio-escenico-de-la-universidad-de-las-artes\/#article","isPartOf":{"@id":"https:\/\/www.uartes.edu.ec\/sitio\/fr\/blog\/2023\/04\/24\/en-los-inicios-de-leua-el-laboratorio-escenico-de-la-universidad-de-las-artes\/"},"author":{"name":"ccortez","@id":"https:\/\/www.uartes.edu.ec\/sitio\/fr\/#\/schema\/person\/efa1b8275797664fd7f13a79ccc0b1f4"},"headline":"En los inicios de LEUA, el Laboratorio Esc\u00e9nico de Universidad de las Artes","datePublished":"2023-04-24T20:16:00+00:00","dateModified":"2024-07-04T16:21:17+00:00","mainEntityOfPage":{"@id":"https:\/\/www.uartes.edu.ec\/sitio\/fr\/blog\/2023\/04\/24\/en-los-inicios-de-leua-el-laboratorio-escenico-de-la-universidad-de-las-artes\/"},"wordCount":1024,"commentCount":0,"publisher":{"@id":"https:\/\/www.uartes.edu.ec\/sitio\/fr\/#organization"},"image":{"@id":"https:\/\/www.uartes.edu.ec\/sitio\/fr\/blog\/2023\/04\/24\/en-los-inicios-de-leua-el-laboratorio-escenico-de-la-universidad-de-las-artes\/#primaryimage"},"thumbnailUrl":"https:\/\/www.uartes.edu.ec\/sitio\/wp-content\/uploads\/2023\/04\/WHYKILL-06.jpg","keywords":["laboratorio"],"articleSection":["2D","Acad\u00e9mico","Artes Esc\u00e9nicas","Docentes","Investigaci\u00f3n"],"inLanguage":"fr-FR","potentialAction":[{"@type":"CommentAction","name":"Comment","target":["https:\/\/www.uartes.edu.ec\/sitio\/fr\/blog\/2023\/04\/24\/en-los-inicios-de-leua-el-laboratorio-escenico-de-la-universidad-de-las-artes\/#respond"]}]},{"@type":["WebPage","ItemPage"],"@id":"https:\/\/www.uartes.edu.ec\/sitio\/fr\/blog\/2023\/04\/24\/en-los-inicios-de-leua-el-laboratorio-escenico-de-la-universidad-de-las-artes\/","url":"https:\/\/www.uartes.edu.ec\/sitio\/fr\/blog\/2023\/04\/24\/en-los-inicios-de-leua-el-laboratorio-escenico-de-la-universidad-de-las-artes\/","name":"Universidad de las Artes - En los inicios de LEUA, el Laboratorio Esc\u00e9nico de Universidad de las Artes","isPartOf":{"@id":"https:\/\/www.uartes.edu.ec\/sitio\/fr\/#website"},"primaryImageOfPage":{"@id":"https:\/\/www.uartes.edu.ec\/sitio\/fr\/blog\/2023\/04\/24\/en-los-inicios-de-leua-el-laboratorio-escenico-de-la-universidad-de-las-artes\/#primaryimage"},"image":{"@id":"https:\/\/www.uartes.edu.ec\/sitio\/fr\/blog\/2023\/04\/24\/en-los-inicios-de-leua-el-laboratorio-escenico-de-la-universidad-de-las-artes\/#primaryimage"},"thumbnailUrl":"https:\/\/www.uartes.edu.ec\/sitio\/wp-content\/uploads\/2023\/04\/WHYKILL-06.jpg","datePublished":"2023-04-24T20:16:00+00:00","dateModified":"2024-07-04T16:21:17+00:00","description":"Universidad de las Artes - En los inicios de LEUA, el Laboratorio Esc\u00e9nico de Universidad de las Artes","breadcrumb":{"@id":"https:\/\/www.uartes.edu.ec\/sitio\/fr\/blog\/2023\/04\/24\/en-los-inicios-de-leua-el-laboratorio-escenico-de-la-universidad-de-las-artes\/#breadcrumb"},"inLanguage":"fr-FR","potentialAction":[{"@type":"ReadAction","target":["https:\/\/www.uartes.edu.ec\/sitio\/fr\/blog\/2023\/04\/24\/en-los-inicios-de-leua-el-laboratorio-escenico-de-la-universidad-de-las-artes\/"]}]},{"@type":"ImageObject","inLanguage":"fr-FR","@id":"https:\/\/www.uartes.edu.ec\/sitio\/fr\/blog\/2023\/04\/24\/en-los-inicios-de-leua-el-laboratorio-escenico-de-la-universidad-de-las-artes\/#primaryimage","url":"https:\/\/www.uartes.edu.ec\/sitio\/wp-content\/uploads\/2023\/04\/WHYKILL-06.jpg","contentUrl":"https:\/\/www.uartes.edu.ec\/sitio\/wp-content\/uploads\/2023\/04\/WHYKILL-06.jpg","width":2000,"height":1333},{"@type":"BreadcrumbList","@id":"https:\/\/www.uartes.edu.ec\/sitio\/fr\/blog\/2023\/04\/24\/en-los-inicios-de-leua-el-laboratorio-escenico-de-la-universidad-de-las-artes\/#breadcrumb","itemListElement":[{"@type":"ListItem","position":1,"name":"Inicio","item":"https:\/\/www.uartes.edu.ec\/sitio\/"},{"@type":"ListItem","position":2,"name":"En los inicios de LEUA, el Laboratorio Esc\u00e9nico de Universidad de las Artes"}]},{"@type":"WebSite","@id":"https:\/\/www.uartes.edu.ec\/sitio\/fr\/#website","url":"https:\/\/www.uartes.edu.ec\/sitio\/fr\/","name":"Universidad de las Artes","description":"Sitio oficial de la Universidad Nacional de las Artes del Ecuador","publisher":{"@id":"https:\/\/www.uartes.edu.ec\/sitio\/fr\/#organization"},"potentialAction":[{"@type":"SearchAction","target":{"@type":"EntryPoint","urlTemplate":"https:\/\/www.uartes.edu.ec\/sitio\/fr\/?s={search_term_string}"},"query-input":{"@type":"PropertyValueSpecification","valueRequired":true,"valueName":"search_term_string"}}],"inLanguage":"fr-FR"},{"@type":"Organization","@id":"https:\/\/www.uartes.edu.ec\/sitio\/fr\/#organization","name":"Universidad de las Artes","url":"https:\/\/www.uartes.edu.ec\/sitio\/fr\/","logo":{"@type":"ImageObject","inLanguage":"fr-FR","@id":"https:\/\/www.uartes.edu.ec\/sitio\/fr\/#\/schema\/logo\/image\/","url":"https:\/\/www.uartes.edu.ec\/sitio\/wp-content\/uploads\/2022\/07\/logo-ua-horizontal.png","contentUrl":"https:\/\/www.uartes.edu.ec\/sitio\/wp-content\/uploads\/2022\/07\/logo-ua-horizontal.png","width":800,"height":276,"caption":"Universidad de las Artes"},"image":{"@id":"https:\/\/www.uartes.edu.ec\/sitio\/fr\/#\/schema\/logo\/image\/"},"sameAs":["https:\/\/www.facebook.com\/uartesec","https:\/\/x.com\/uartesec","https:\/\/www.tiktok.com\/@uartesec"]},{"@type":"Person","@id":"https:\/\/www.uartes.edu.ec\/sitio\/fr\/#\/schema\/person\/efa1b8275797664fd7f13a79ccc0b1f4","name":"ccortez","image":{"@type":"ImageObject","inLanguage":"fr-FR","@id":"https:\/\/secure.gravatar.com\/avatar\/b2a6f664a3ae8e074346ef91775736c5ec479e637ecced6842de9dc98b5da9cd?s=96&d=mm&r=g","url":"https:\/\/secure.gravatar.com\/avatar\/b2a6f664a3ae8e074346ef91775736c5ec479e637ecced6842de9dc98b5da9cd?s=96&d=mm&r=g","contentUrl":"https:\/\/secure.gravatar.com\/avatar\/b2a6f664a3ae8e074346ef91775736c5ec479e637ecced6842de9dc98b5da9cd?s=96&d=mm&r=g","caption":"ccortez"},"url":"https:\/\/www.uartes.edu.ec\/sitio\/fr\/blog\/author\/ccortez\/"}]}},"uagb_featured_image_src":{"full":["https:\/\/www.uartes.edu.ec\/sitio\/wp-content\/uploads\/2023\/04\/WHYKILL-06.jpg",2000,1333,false],"thumbnail":["https:\/\/www.uartes.edu.ec\/sitio\/wp-content\/uploads\/2023\/04\/WHYKILL-06-150x150.jpg",150,150,true],"medium":["https:\/\/www.uartes.edu.ec\/sitio\/wp-content\/uploads\/2023\/04\/WHYKILL-06-300x200.jpg",300,200,true],"medium_large":["https:\/\/www.uartes.edu.ec\/sitio\/wp-content\/uploads\/2023\/04\/WHYKILL-06-768x512.jpg",768,512,true],"large":["https:\/\/www.uartes.edu.ec\/sitio\/wp-content\/uploads\/2023\/04\/WHYKILL-06-644x429.jpg",644,429,true],"1536x1536":["https:\/\/www.uartes.edu.ec\/sitio\/wp-content\/uploads\/2023\/04\/WHYKILL-06-1536x1024.jpg",1536,1024,true],"2048x2048":["https:\/\/www.uartes.edu.ec\/sitio\/wp-content\/uploads\/2023\/04\/WHYKILL-06.jpg",2000,1333,false],"trp-custom-language-flag":["https:\/\/www.uartes.edu.ec\/sitio\/wp-content\/uploads\/2023\/04\/WHYKILL-06.jpg",18,12,false],"htmega_size_585x295":["https:\/\/www.uartes.edu.ec\/sitio\/wp-content\/uploads\/2023\/04\/WHYKILL-06-585x295.jpg",585,295,true],"htmega_size_1170x536":["https:\/\/www.uartes.edu.ec\/sitio\/wp-content\/uploads\/2023\/04\/WHYKILL-06-1170x536.jpg",1170,536,true],"htmega_size_396x360":["https:\/\/www.uartes.edu.ec\/sitio\/wp-content\/uploads\/2023\/04\/WHYKILL-06-396x360.jpg",396,360,true],"gb-block-post-grid-landscape":["https:\/\/www.uartes.edu.ec\/sitio\/wp-content\/uploads\/2023\/04\/WHYKILL-06-600x400.jpg",600,400,true],"gb-block-post-grid-square":["https:\/\/www.uartes.edu.ec\/sitio\/wp-content\/uploads\/2023\/04\/WHYKILL-06-600x600.jpg",600,600,true],"university-hub-thumb":["https:\/\/www.uartes.edu.ec\/sitio\/wp-content\/uploads\/2023\/04\/WHYKILL-06-400x267.jpg",400,267,true],"mailpoet_newsletter_max":["https:\/\/www.uartes.edu.ec\/sitio\/wp-content\/uploads\/2023\/04\/WHYKILL-06.jpg",1320,880,false]},"uagb_author_info":{"display_name":"ccortez","author_link":"https:\/\/www.uartes.edu.ec\/sitio\/fr\/blog\/author\/ccortez\/"},"uagb_comment_info":0,"uagb_excerpt":"Original de Benjam\u00edn Cort\u00e9s, la obra \u201cWhy a kill o de c\u00f3mo las iguanas aprendieron a sobrevivir\u201d tuvo ocho funciones en el MZ14 Centro de Producci\u00f3n e Innovaci\u00f3n UArtes, desde finales de marzo hasta el 22 de abril, \u201ccon un elenco formado por egresados y estudiantes de la Universidad de las Artes, as\u00ed como por\u2026","featured_image_src":"https:\/\/www.uartes.edu.ec\/sitio\/wp-content\/uploads\/2023\/04\/WHYKILL-06-600x400.jpg","featured_image_src_square":"https:\/\/www.uartes.edu.ec\/sitio\/wp-content\/uploads\/2023\/04\/WHYKILL-06-600x600.jpg","author_info":{"display_name":"ccortez","author_link":"https:\/\/www.uartes.edu.ec\/sitio\/fr\/blog\/author\/ccortez\/"},"publishpress_future_workflow_manual_trigger":{"enabledWorkflows":[]},"distributor_meta":false,"distributor_terms":false,"distributor_media":false,"distributor_original_site_name":"Universidad de las Artes","distributor_original_site_url":"https:\/\/www.uartes.edu.ec\/sitio\/fr","push-errors":false,"_links":{"self":[{"href":"https:\/\/www.uartes.edu.ec\/sitio\/fr\/wp-json\/wp\/v2\/posts\/41385","targetHints":{"allow":["GET"]}}],"collection":[{"href":"https:\/\/www.uartes.edu.ec\/sitio\/fr\/wp-json\/wp\/v2\/posts"}],"about":[{"href":"https:\/\/www.uartes.edu.ec\/sitio\/fr\/wp-json\/wp\/v2\/types\/post"}],"author":[{"embeddable":true,"href":"https:\/\/www.uartes.edu.ec\/sitio\/fr\/wp-json\/wp\/v2\/users\/10"}],"replies":[{"embeddable":true,"href":"https:\/\/www.uartes.edu.ec\/sitio\/fr\/wp-json\/wp\/v2\/comments?post=41385"}],"version-history":[{"count":4,"href":"https:\/\/www.uartes.edu.ec\/sitio\/fr\/wp-json\/wp\/v2\/posts\/41385\/revisions"}],"predecessor-version":[{"id":46654,"href":"https:\/\/www.uartes.edu.ec\/sitio\/fr\/wp-json\/wp\/v2\/posts\/41385\/revisions\/46654"}],"wp:featuredmedia":[{"embeddable":true,"href":"https:\/\/www.uartes.edu.ec\/sitio\/fr\/wp-json\/wp\/v2\/media\/41502"}],"wp:attachment":[{"href":"https:\/\/www.uartes.edu.ec\/sitio\/fr\/wp-json\/wp\/v2\/media?parent=41385"}],"wp:term":[{"taxonomy":"category","embeddable":true,"href":"https:\/\/www.uartes.edu.ec\/sitio\/fr\/wp-json\/wp\/v2\/categories?post=41385"},{"taxonomy":"post_tag","embeddable":true,"href":"https:\/\/www.uartes.edu.ec\/sitio\/fr\/wp-json\/wp\/v2\/tags?post=41385"},{"taxonomy":"infouartes","embeddable":true,"href":"https:\/\/www.uartes.edu.ec\/sitio\/fr\/wp-json\/wp\/v2\/infouartes?post=41385"}],"curies":[{"name":"wp","href":"https:\/\/api.w.org\/{rel}","templated":true}]}}