{"id":41388,"date":"2023-04-26T16:03:00","date_gmt":"2023-04-26T21:03:00","guid":{"rendered":"https:\/\/www.uartes.edu.ec\/sitio\/?p=41388"},"modified":"2024-07-04T11:21:16","modified_gmt":"2024-07-04T16:21:16","slug":"performance-reflexiona-sobre-la-inseguridad-incertidumbre-y-violencia-social-que-vivimos","status":"publish","type":"post","link":"https:\/\/www.uartes.edu.ec\/sitio\/fr\/blog\/2023\/04\/26\/performance-reflexiona-sobre-la-inseguridad-incertidumbre-y-violencia-social-que-vivimos\/","title":{"rendered":"Recorrido y performance para reflexionar sobre inseguridad, incertidumbre y violencia social"},"content":{"rendered":"<p>\u201cLa performance est\u00e1 relacionada con mi investigaci\u00f3n acerca de las performatividades ecocr\u00edticas dentro del arte de acci\u00f3n ecuatoriano\u201d. La docente Amalina Bomnin lo menciona en la invitaci\u00f3n que ha extendido a la comunidad universitaria y al p\u00fablico en general para el recorrido que iniciar\u00e1 en las calles Pedro Carbo y 10 de Agosto y avanzar\u00e1 hasta las intersecciones de Aguirre y Pichincha.<\/p>\n\n\n\n<p>Se trata de una performance, programada para este viernes 28 de abril, de 16:00 a 18:00. La ha titulado \u201cEstado de litio\u201d y pertenece a la serie \u00abSecuelas de franqueza\u00bb. La misma reflexiona sobre el estado de inseguridad, incertidumbre y violencia social, acrecentada con el decreto de la tenencia y porte de armas para la poblaci\u00f3n civil.<\/p>\n\n\n\n<p>Indica Bomnin que el t\u00edtulo de su propuesta juega con el t\u00e9rmino \u201cEstado de sitio\u201d, tan cercano a lo que experimentamos en el contexto ecuatoriano actual. \u201cUsar litio, en lugar de sitio, ser\u00eda as\u00ed una manera de contrarrestar el estado de insatisfacci\u00f3n generalizado. Por otra parte, este mineral se est\u00e1 usando en ciertas econom\u00edas avanzadas para sustituir el uso del petr\u00f3leo\u201d.<\/p>\n\n\n\n<p>En cambio, en Ecuador, anota la docente, siguen siendo latentes los continuos usos y abusos en torno a la miner\u00eda y el petr\u00f3leo, por solo mencionar los rubros m\u00e1s socorridos. La existencia de litio en el cuerpo humano resulta beneficiosa, pues contribuye favorablemente en nuestra estabilidad emocional.<\/p>\n\n\n\n<p>\u201cUna serie de episodios sociales e \u00edntimos (que ajenos a mi voluntad se tornaron p\u00fablicos) repercuten en la construcci\u00f3n de esta pieza donde la asunci\u00f3n de nuevas o renovadas posturas respecto a la relaciones, la religi\u00f3n, la familia y el amor son tenidas en cuenta como un laboratorio de exorcismos\u201d, se\u00f1ala.<\/p>\n\n\n\n<p>La MSc. Amalina Bomnin (Cuba, 1971), docente de la Unidad Transversal de Teor\u00edas cr\u00edticas y Pr\u00e1cticas Experimentales, es performer, escritora, curadora y sobreviviente de un agujero negro. En el \u00faltimo lustro ha investigado en el arte de acci\u00f3n, explorando sus posibilidades de activaci\u00f3n social. Sus tres patrias son Cuba, la noche y Guayaquil.<\/p>\n\n\n\n<p>Texto: \u201cEstado de litio\u201d, performance por Amy Bomnin<br>Registro: Jimmy Rockerto Franco y Ricardo Boh\u00f3rquez<\/p>","protected":false},"excerpt":{"rendered":"<p>Amalina Bomnin: La performance est\u00e1 relacionada con mi investigaci\u00f3n acerca de las performatividades ecocr\u00edticas dentro del arte de acci\u00f3n ecuatoriano. La docente UArtes lo menciona en la invitaci\u00f3n que ha extendido a la comunidad para el recorrido que iniciar\u00e1 en Pedro Carbo y 10 de Agosto y avanzar\u00e1 hasta Aguirre y Pichincha, una performance que reflexiona sobre inseguridad, incertidumbre y violencia social.<\/p>","protected":false},"author":10,"featured_media":41389,"comment_status":"open","ping_status":"open","sticky":false,"template":"","format":"standard","meta":{"_acf_changed":false,"_uag_custom_page_level_css":"","_monsterinsights_skip_tracking":false,"_monsterinsights_sitenote_active":false,"_monsterinsights_sitenote_note":"","_monsterinsights_sitenote_category":0,"cybocfi_hide_featured_image":"","footnotes":""},"categories":[719,80,75,284,174],"tags":[842],"infouartes":[],"class_list":["post-41388","post","type-post","status-publish","format-standard","has-post-thumbnail","hentry","category-4d","category-academico","category-docentes","category-investigacion","category-transversal","tag-performance"],"acf":[],"yoast_head":"<!-- This site is optimized with the Yoast SEO plugin v27.4 - https:\/\/yoast.com\/product\/yoast-seo-wordpress\/ -->\n<title>Universidad de las Artes - Recorrido y performance para reflexionar sobre inseguridad, incertidumbre y violencia social<\/title>\n<meta name=\"description\" content=\"Universidad de las Artes - Recorrido y performance para reflexionar sobre inseguridad, incertidumbre y violencia social\" \/>\n<meta name=\"robots\" content=\"index, follow, max-snippet:-1, max-image-preview:large, max-video-preview:-1\" \/>\n<link rel=\"canonical\" href=\"https:\/\/www.uartes.edu.ec\/sitio\/fr\/blog\/2023\/04\/26\/performance-reflexiona-sobre-la-inseguridad-incertidumbre-y-violencia-social-que-vivimos\/\" \/>\n<meta property=\"og:locale\" content=\"fr_FR\" \/>\n<meta property=\"og:type\" content=\"article\" \/>\n<meta property=\"og:title\" content=\"Universidad de las Artes - Recorrido y performance para reflexionar sobre inseguridad, incertidumbre y violencia social\" \/>\n<meta property=\"og:description\" content=\"Universidad de las Artes - Recorrido y performance para reflexionar sobre inseguridad, incertidumbre y violencia social\" \/>\n<meta property=\"og:url\" content=\"https:\/\/www.uartes.edu.ec\/sitio\/fr\/blog\/2023\/04\/26\/performance-reflexiona-sobre-la-inseguridad-incertidumbre-y-violencia-social-que-vivimos\/\" \/>\n<meta property=\"og:site_name\" content=\"Universidad de las Artes\" \/>\n<meta property=\"article:publisher\" content=\"https:\/\/www.facebook.com\/uartesec\" \/>\n<meta property=\"article:published_time\" content=\"2023-04-26T21:03:00+00:00\" \/>\n<meta property=\"article:modified_time\" content=\"2024-07-04T16:21:16+00:00\" \/>\n<meta property=\"og:image\" content=\"https:\/\/www.uartes.edu.ec\/sitio\/wp-content\/uploads\/2023\/04\/ESTADO-DE-LITIO-WEB.jpg\" \/>\n\t<meta property=\"og:image:width\" content=\"2000\" \/>\n\t<meta property=\"og:image:height\" content=\"1333\" \/>\n\t<meta property=\"og:image:type\" content=\"image\/jpeg\" \/>\n<meta name=\"author\" content=\"ccortez\" \/>\n<meta name=\"twitter:card\" content=\"summary_large_image\" \/>\n<meta name=\"twitter:creator\" content=\"@uartesec\" \/>\n<meta name=\"twitter:site\" content=\"@uartesec\" \/>\n<meta name=\"twitter:label1\" content=\"\u00c9crit par\" \/>\n\t<meta name=\"twitter:data1\" content=\"ccortez\" \/>\n\t<meta name=\"twitter:label2\" content=\"Dur\u00e9e de lecture estim\u00e9e\" \/>\n\t<meta name=\"twitter:data2\" content=\"2 minutes\" \/>\n<script type=\"application\/ld+json\" class=\"yoast-schema-graph\">{\"@context\":\"https:\\\/\\\/schema.org\",\"@graph\":[{\"@type\":\"Article\",\"@id\":\"https:\\\/\\\/www.uartes.edu.ec\\\/sitio\\\/fr\\\/blog\\\/2023\\\/04\\\/26\\\/performance-reflexiona-sobre-la-inseguridad-incertidumbre-y-violencia-social-que-vivimos\\\/#article\",\"isPartOf\":{\"@id\":\"https:\\\/\\\/www.uartes.edu.ec\\\/sitio\\\/fr\\\/blog\\\/2023\\\/04\\\/26\\\/performance-reflexiona-sobre-la-inseguridad-incertidumbre-y-violencia-social-que-vivimos\\\/\"},\"author\":{\"name\":\"ccortez\",\"@id\":\"https:\\\/\\\/www.uartes.edu.ec\\\/sitio\\\/fr\\\/#\\\/schema\\\/person\\\/efa1b8275797664fd7f13a79ccc0b1f4\"},\"headline\":\"Recorrido y performance para reflexionar sobre inseguridad, incertidumbre y violencia social\",\"datePublished\":\"2023-04-26T21:03:00+00:00\",\"dateModified\":\"2024-07-04T16:21:16+00:00\",\"mainEntityOfPage\":{\"@id\":\"https:\\\/\\\/www.uartes.edu.ec\\\/sitio\\\/fr\\\/blog\\\/2023\\\/04\\\/26\\\/performance-reflexiona-sobre-la-inseguridad-incertidumbre-y-violencia-social-que-vivimos\\\/\"},\"wordCount\":377,\"commentCount\":0,\"publisher\":{\"@id\":\"https:\\\/\\\/www.uartes.edu.ec\\\/sitio\\\/fr\\\/#organization\"},\"image\":{\"@id\":\"https:\\\/\\\/www.uartes.edu.ec\\\/sitio\\\/fr\\\/blog\\\/2023\\\/04\\\/26\\\/performance-reflexiona-sobre-la-inseguridad-incertidumbre-y-violencia-social-que-vivimos\\\/#primaryimage\"},\"thumbnailUrl\":\"https:\\\/\\\/www.uartes.edu.ec\\\/sitio\\\/wp-content\\\/uploads\\\/2023\\\/04\\\/ESTADO-DE-LITIO-WEB.jpg\",\"keywords\":[\"performance\"],\"articleSection\":[\"4D\",\"Acad\u00e9mico\",\"Docentes\",\"Investigaci\u00f3n\",\"Transversal\"],\"inLanguage\":\"fr-FR\",\"potentialAction\":[{\"@type\":\"CommentAction\",\"name\":\"Comment\",\"target\":[\"https:\\\/\\\/www.uartes.edu.ec\\\/sitio\\\/fr\\\/blog\\\/2023\\\/04\\\/26\\\/performance-reflexiona-sobre-la-inseguridad-incertidumbre-y-violencia-social-que-vivimos\\\/#respond\"]}]},{\"@type\":[\"WebPage\",\"ItemPage\"],\"@id\":\"https:\\\/\\\/www.uartes.edu.ec\\\/sitio\\\/fr\\\/blog\\\/2023\\\/04\\\/26\\\/performance-reflexiona-sobre-la-inseguridad-incertidumbre-y-violencia-social-que-vivimos\\\/\",\"url\":\"https:\\\/\\\/www.uartes.edu.ec\\\/sitio\\\/fr\\\/blog\\\/2023\\\/04\\\/26\\\/performance-reflexiona-sobre-la-inseguridad-incertidumbre-y-violencia-social-que-vivimos\\\/\",\"name\":\"Universidad de las Artes - Recorrido y performance para reflexionar sobre inseguridad, incertidumbre y violencia social\",\"isPartOf\":{\"@id\":\"https:\\\/\\\/www.uartes.edu.ec\\\/sitio\\\/fr\\\/#website\"},\"primaryImageOfPage\":{\"@id\":\"https:\\\/\\\/www.uartes.edu.ec\\\/sitio\\\/fr\\\/blog\\\/2023\\\/04\\\/26\\\/performance-reflexiona-sobre-la-inseguridad-incertidumbre-y-violencia-social-que-vivimos\\\/#primaryimage\"},\"image\":{\"@id\":\"https:\\\/\\\/www.uartes.edu.ec\\\/sitio\\\/fr\\\/blog\\\/2023\\\/04\\\/26\\\/performance-reflexiona-sobre-la-inseguridad-incertidumbre-y-violencia-social-que-vivimos\\\/#primaryimage\"},\"thumbnailUrl\":\"https:\\\/\\\/www.uartes.edu.ec\\\/sitio\\\/wp-content\\\/uploads\\\/2023\\\/04\\\/ESTADO-DE-LITIO-WEB.jpg\",\"datePublished\":\"2023-04-26T21:03:00+00:00\",\"dateModified\":\"2024-07-04T16:21:16+00:00\",\"description\":\"Universidad de las Artes - Recorrido y performance para reflexionar sobre inseguridad, incertidumbre y violencia social\",\"breadcrumb\":{\"@id\":\"https:\\\/\\\/www.uartes.edu.ec\\\/sitio\\\/fr\\\/blog\\\/2023\\\/04\\\/26\\\/performance-reflexiona-sobre-la-inseguridad-incertidumbre-y-violencia-social-que-vivimos\\\/#breadcrumb\"},\"inLanguage\":\"fr-FR\",\"potentialAction\":[{\"@type\":\"ReadAction\",\"target\":[\"https:\\\/\\\/www.uartes.edu.ec\\\/sitio\\\/fr\\\/blog\\\/2023\\\/04\\\/26\\\/performance-reflexiona-sobre-la-inseguridad-incertidumbre-y-violencia-social-que-vivimos\\\/\"]}]},{\"@type\":\"ImageObject\",\"inLanguage\":\"fr-FR\",\"@id\":\"https:\\\/\\\/www.uartes.edu.ec\\\/sitio\\\/fr\\\/blog\\\/2023\\\/04\\\/26\\\/performance-reflexiona-sobre-la-inseguridad-incertidumbre-y-violencia-social-que-vivimos\\\/#primaryimage\",\"url\":\"https:\\\/\\\/www.uartes.edu.ec\\\/sitio\\\/wp-content\\\/uploads\\\/2023\\\/04\\\/ESTADO-DE-LITIO-WEB.jpg\",\"contentUrl\":\"https:\\\/\\\/www.uartes.edu.ec\\\/sitio\\\/wp-content\\\/uploads\\\/2023\\\/04\\\/ESTADO-DE-LITIO-WEB.jpg\",\"width\":2000,\"height\":1333},{\"@type\":\"BreadcrumbList\",\"@id\":\"https:\\\/\\\/www.uartes.edu.ec\\\/sitio\\\/fr\\\/blog\\\/2023\\\/04\\\/26\\\/performance-reflexiona-sobre-la-inseguridad-incertidumbre-y-violencia-social-que-vivimos\\\/#breadcrumb\",\"itemListElement\":[{\"@type\":\"ListItem\",\"position\":1,\"name\":\"Inicio\",\"item\":\"https:\\\/\\\/www.uartes.edu.ec\\\/sitio\\\/\"},{\"@type\":\"ListItem\",\"position\":2,\"name\":\"Recorrido y performance para reflexionar sobre inseguridad, incertidumbre y violencia social\"}]},{\"@type\":\"WebSite\",\"@id\":\"https:\\\/\\\/www.uartes.edu.ec\\\/sitio\\\/fr\\\/#website\",\"url\":\"https:\\\/\\\/www.uartes.edu.ec\\\/sitio\\\/fr\\\/\",\"name\":\"Universidad de las Artes\",\"description\":\"Sitio oficial de la Universidad Nacional de las Artes del Ecuador\",\"publisher\":{\"@id\":\"https:\\\/\\\/www.uartes.edu.ec\\\/sitio\\\/fr\\\/#organization\"},\"potentialAction\":[{\"@type\":\"SearchAction\",\"target\":{\"@type\":\"EntryPoint\",\"urlTemplate\":\"https:\\\/\\\/www.uartes.edu.ec\\\/sitio\\\/fr\\\/?s={search_term_string}\"},\"query-input\":{\"@type\":\"PropertyValueSpecification\",\"valueRequired\":true,\"valueName\":\"search_term_string\"}}],\"inLanguage\":\"fr-FR\"},{\"@type\":\"Organization\",\"@id\":\"https:\\\/\\\/www.uartes.edu.ec\\\/sitio\\\/fr\\\/#organization\",\"name\":\"Universidad de las Artes\",\"url\":\"https:\\\/\\\/www.uartes.edu.ec\\\/sitio\\\/fr\\\/\",\"logo\":{\"@type\":\"ImageObject\",\"inLanguage\":\"fr-FR\",\"@id\":\"https:\\\/\\\/www.uartes.edu.ec\\\/sitio\\\/fr\\\/#\\\/schema\\\/logo\\\/image\\\/\",\"url\":\"https:\\\/\\\/www.uartes.edu.ec\\\/sitio\\\/wp-content\\\/uploads\\\/2022\\\/07\\\/logo-ua-horizontal.png\",\"contentUrl\":\"https:\\\/\\\/www.uartes.edu.ec\\\/sitio\\\/wp-content\\\/uploads\\\/2022\\\/07\\\/logo-ua-horizontal.png\",\"width\":800,\"height\":276,\"caption\":\"Universidad de las Artes\"},\"image\":{\"@id\":\"https:\\\/\\\/www.uartes.edu.ec\\\/sitio\\\/fr\\\/#\\\/schema\\\/logo\\\/image\\\/\"},\"sameAs\":[\"https:\\\/\\\/www.facebook.com\\\/uartesec\",\"https:\\\/\\\/x.com\\\/uartesec\",\"https:\\\/\\\/www.tiktok.com\\\/@uartesec\"]},{\"@type\":\"Person\",\"@id\":\"https:\\\/\\\/www.uartes.edu.ec\\\/sitio\\\/fr\\\/#\\\/schema\\\/person\\\/efa1b8275797664fd7f13a79ccc0b1f4\",\"name\":\"ccortez\",\"image\":{\"@type\":\"ImageObject\",\"inLanguage\":\"fr-FR\",\"@id\":\"https:\\\/\\\/secure.gravatar.com\\\/avatar\\\/b2a6f664a3ae8e074346ef91775736c5ec479e637ecced6842de9dc98b5da9cd?s=96&d=mm&r=g\",\"url\":\"https:\\\/\\\/secure.gravatar.com\\\/avatar\\\/b2a6f664a3ae8e074346ef91775736c5ec479e637ecced6842de9dc98b5da9cd?s=96&d=mm&r=g\",\"contentUrl\":\"https:\\\/\\\/secure.gravatar.com\\\/avatar\\\/b2a6f664a3ae8e074346ef91775736c5ec479e637ecced6842de9dc98b5da9cd?s=96&d=mm&r=g\",\"caption\":\"ccortez\"},\"url\":\"https:\\\/\\\/www.uartes.edu.ec\\\/sitio\\\/fr\\\/blog\\\/author\\\/ccortez\\\/\"}]}<\/script>\n<!-- \/ Yoast SEO plugin. -->","yoast_head_json":{"title":"Universidad de las Artes - Recorrido y performance para reflexionar sobre inseguridad, incertidumbre y violencia social","description":"Universidad de las Artes - Recorrido y performance para reflexionar sobre inseguridad, incertidumbre y violencia social","robots":{"index":"index","follow":"follow","max-snippet":"max-snippet:-1","max-image-preview":"max-image-preview:large","max-video-preview":"max-video-preview:-1"},"canonical":"https:\/\/www.uartes.edu.ec\/sitio\/fr\/blog\/2023\/04\/26\/performance-reflexiona-sobre-la-inseguridad-incertidumbre-y-violencia-social-que-vivimos\/","og_locale":"fr_FR","og_type":"article","og_title":"Universidad de las Artes - Recorrido y performance para reflexionar sobre inseguridad, incertidumbre y violencia social","og_description":"Universidad de las Artes - Recorrido y performance para reflexionar sobre inseguridad, incertidumbre y violencia social","og_url":"https:\/\/www.uartes.edu.ec\/sitio\/fr\/blog\/2023\/04\/26\/performance-reflexiona-sobre-la-inseguridad-incertidumbre-y-violencia-social-que-vivimos\/","og_site_name":"Universidad de las Artes","article_publisher":"https:\/\/www.facebook.com\/uartesec","article_published_time":"2023-04-26T21:03:00+00:00","article_modified_time":"2024-07-04T16:21:16+00:00","og_image":[{"width":2000,"height":1333,"url":"https:\/\/www.uartes.edu.ec\/sitio\/wp-content\/uploads\/2023\/04\/ESTADO-DE-LITIO-WEB.jpg","type":"image\/jpeg"}],"author":"ccortez","twitter_card":"summary_large_image","twitter_creator":"@uartesec","twitter_site":"@uartesec","twitter_misc":{"\u00c9crit par":"ccortez","Dur\u00e9e de lecture estim\u00e9e":"2 minutes"},"schema":{"@context":"https:\/\/schema.org","@graph":[{"@type":"Article","@id":"https:\/\/www.uartes.edu.ec\/sitio\/fr\/blog\/2023\/04\/26\/performance-reflexiona-sobre-la-inseguridad-incertidumbre-y-violencia-social-que-vivimos\/#article","isPartOf":{"@id":"https:\/\/www.uartes.edu.ec\/sitio\/fr\/blog\/2023\/04\/26\/performance-reflexiona-sobre-la-inseguridad-incertidumbre-y-violencia-social-que-vivimos\/"},"author":{"name":"ccortez","@id":"https:\/\/www.uartes.edu.ec\/sitio\/fr\/#\/schema\/person\/efa1b8275797664fd7f13a79ccc0b1f4"},"headline":"Recorrido y performance para reflexionar sobre inseguridad, incertidumbre y violencia social","datePublished":"2023-04-26T21:03:00+00:00","dateModified":"2024-07-04T16:21:16+00:00","mainEntityOfPage":{"@id":"https:\/\/www.uartes.edu.ec\/sitio\/fr\/blog\/2023\/04\/26\/performance-reflexiona-sobre-la-inseguridad-incertidumbre-y-violencia-social-que-vivimos\/"},"wordCount":377,"commentCount":0,"publisher":{"@id":"https:\/\/www.uartes.edu.ec\/sitio\/fr\/#organization"},"image":{"@id":"https:\/\/www.uartes.edu.ec\/sitio\/fr\/blog\/2023\/04\/26\/performance-reflexiona-sobre-la-inseguridad-incertidumbre-y-violencia-social-que-vivimos\/#primaryimage"},"thumbnailUrl":"https:\/\/www.uartes.edu.ec\/sitio\/wp-content\/uploads\/2023\/04\/ESTADO-DE-LITIO-WEB.jpg","keywords":["performance"],"articleSection":["4D","Acad\u00e9mico","Docentes","Investigaci\u00f3n","Transversal"],"inLanguage":"fr-FR","potentialAction":[{"@type":"CommentAction","name":"Comment","target":["https:\/\/www.uartes.edu.ec\/sitio\/fr\/blog\/2023\/04\/26\/performance-reflexiona-sobre-la-inseguridad-incertidumbre-y-violencia-social-que-vivimos\/#respond"]}]},{"@type":["WebPage","ItemPage"],"@id":"https:\/\/www.uartes.edu.ec\/sitio\/fr\/blog\/2023\/04\/26\/performance-reflexiona-sobre-la-inseguridad-incertidumbre-y-violencia-social-que-vivimos\/","url":"https:\/\/www.uartes.edu.ec\/sitio\/fr\/blog\/2023\/04\/26\/performance-reflexiona-sobre-la-inseguridad-incertidumbre-y-violencia-social-que-vivimos\/","name":"Universidad de las Artes - Recorrido y performance para reflexionar sobre inseguridad, incertidumbre y violencia social","isPartOf":{"@id":"https:\/\/www.uartes.edu.ec\/sitio\/fr\/#website"},"primaryImageOfPage":{"@id":"https:\/\/www.uartes.edu.ec\/sitio\/fr\/blog\/2023\/04\/26\/performance-reflexiona-sobre-la-inseguridad-incertidumbre-y-violencia-social-que-vivimos\/#primaryimage"},"image":{"@id":"https:\/\/www.uartes.edu.ec\/sitio\/fr\/blog\/2023\/04\/26\/performance-reflexiona-sobre-la-inseguridad-incertidumbre-y-violencia-social-que-vivimos\/#primaryimage"},"thumbnailUrl":"https:\/\/www.uartes.edu.ec\/sitio\/wp-content\/uploads\/2023\/04\/ESTADO-DE-LITIO-WEB.jpg","datePublished":"2023-04-26T21:03:00+00:00","dateModified":"2024-07-04T16:21:16+00:00","description":"Universidad de las Artes - Recorrido y performance para reflexionar sobre inseguridad, incertidumbre y violencia social","breadcrumb":{"@id":"https:\/\/www.uartes.edu.ec\/sitio\/fr\/blog\/2023\/04\/26\/performance-reflexiona-sobre-la-inseguridad-incertidumbre-y-violencia-social-que-vivimos\/#breadcrumb"},"inLanguage":"fr-FR","potentialAction":[{"@type":"ReadAction","target":["https:\/\/www.uartes.edu.ec\/sitio\/fr\/blog\/2023\/04\/26\/performance-reflexiona-sobre-la-inseguridad-incertidumbre-y-violencia-social-que-vivimos\/"]}]},{"@type":"ImageObject","inLanguage":"fr-FR","@id":"https:\/\/www.uartes.edu.ec\/sitio\/fr\/blog\/2023\/04\/26\/performance-reflexiona-sobre-la-inseguridad-incertidumbre-y-violencia-social-que-vivimos\/#primaryimage","url":"https:\/\/www.uartes.edu.ec\/sitio\/wp-content\/uploads\/2023\/04\/ESTADO-DE-LITIO-WEB.jpg","contentUrl":"https:\/\/www.uartes.edu.ec\/sitio\/wp-content\/uploads\/2023\/04\/ESTADO-DE-LITIO-WEB.jpg","width":2000,"height":1333},{"@type":"BreadcrumbList","@id":"https:\/\/www.uartes.edu.ec\/sitio\/fr\/blog\/2023\/04\/26\/performance-reflexiona-sobre-la-inseguridad-incertidumbre-y-violencia-social-que-vivimos\/#breadcrumb","itemListElement":[{"@type":"ListItem","position":1,"name":"Inicio","item":"https:\/\/www.uartes.edu.ec\/sitio\/"},{"@type":"ListItem","position":2,"name":"Recorrido y performance para reflexionar sobre inseguridad, incertidumbre y violencia social"}]},{"@type":"WebSite","@id":"https:\/\/www.uartes.edu.ec\/sitio\/fr\/#website","url":"https:\/\/www.uartes.edu.ec\/sitio\/fr\/","name":"Universidad de las Artes","description":"Sitio oficial de la Universidad Nacional de las Artes del Ecuador","publisher":{"@id":"https:\/\/www.uartes.edu.ec\/sitio\/fr\/#organization"},"potentialAction":[{"@type":"SearchAction","target":{"@type":"EntryPoint","urlTemplate":"https:\/\/www.uartes.edu.ec\/sitio\/fr\/?s={search_term_string}"},"query-input":{"@type":"PropertyValueSpecification","valueRequired":true,"valueName":"search_term_string"}}],"inLanguage":"fr-FR"},{"@type":"Organization","@id":"https:\/\/www.uartes.edu.ec\/sitio\/fr\/#organization","name":"Universidad de las Artes","url":"https:\/\/www.uartes.edu.ec\/sitio\/fr\/","logo":{"@type":"ImageObject","inLanguage":"fr-FR","@id":"https:\/\/www.uartes.edu.ec\/sitio\/fr\/#\/schema\/logo\/image\/","url":"https:\/\/www.uartes.edu.ec\/sitio\/wp-content\/uploads\/2022\/07\/logo-ua-horizontal.png","contentUrl":"https:\/\/www.uartes.edu.ec\/sitio\/wp-content\/uploads\/2022\/07\/logo-ua-horizontal.png","width":800,"height":276,"caption":"Universidad de las Artes"},"image":{"@id":"https:\/\/www.uartes.edu.ec\/sitio\/fr\/#\/schema\/logo\/image\/"},"sameAs":["https:\/\/www.facebook.com\/uartesec","https:\/\/x.com\/uartesec","https:\/\/www.tiktok.com\/@uartesec"]},{"@type":"Person","@id":"https:\/\/www.uartes.edu.ec\/sitio\/fr\/#\/schema\/person\/efa1b8275797664fd7f13a79ccc0b1f4","name":"ccortez","image":{"@type":"ImageObject","inLanguage":"fr-FR","@id":"https:\/\/secure.gravatar.com\/avatar\/b2a6f664a3ae8e074346ef91775736c5ec479e637ecced6842de9dc98b5da9cd?s=96&d=mm&r=g","url":"https:\/\/secure.gravatar.com\/avatar\/b2a6f664a3ae8e074346ef91775736c5ec479e637ecced6842de9dc98b5da9cd?s=96&d=mm&r=g","contentUrl":"https:\/\/secure.gravatar.com\/avatar\/b2a6f664a3ae8e074346ef91775736c5ec479e637ecced6842de9dc98b5da9cd?s=96&d=mm&r=g","caption":"ccortez"},"url":"https:\/\/www.uartes.edu.ec\/sitio\/fr\/blog\/author\/ccortez\/"}]}},"uagb_featured_image_src":{"full":["https:\/\/www.uartes.edu.ec\/sitio\/wp-content\/uploads\/2023\/04\/ESTADO-DE-LITIO-WEB.jpg",2000,1333,false],"thumbnail":["https:\/\/www.uartes.edu.ec\/sitio\/wp-content\/uploads\/2023\/04\/ESTADO-DE-LITIO-WEB-150x150.jpg",150,150,true],"medium":["https:\/\/www.uartes.edu.ec\/sitio\/wp-content\/uploads\/2023\/04\/ESTADO-DE-LITIO-WEB-300x200.jpg",300,200,true],"medium_large":["https:\/\/www.uartes.edu.ec\/sitio\/wp-content\/uploads\/2023\/04\/ESTADO-DE-LITIO-WEB-768x512.jpg",768,512,true],"large":["https:\/\/www.uartes.edu.ec\/sitio\/wp-content\/uploads\/2023\/04\/ESTADO-DE-LITIO-WEB-644x429.jpg",644,429,true],"1536x1536":["https:\/\/www.uartes.edu.ec\/sitio\/wp-content\/uploads\/2023\/04\/ESTADO-DE-LITIO-WEB-1536x1024.jpg",1536,1024,true],"2048x2048":["https:\/\/www.uartes.edu.ec\/sitio\/wp-content\/uploads\/2023\/04\/ESTADO-DE-LITIO-WEB.jpg",2000,1333,false],"trp-custom-language-flag":["https:\/\/www.uartes.edu.ec\/sitio\/wp-content\/uploads\/2023\/04\/ESTADO-DE-LITIO-WEB.jpg",18,12,false],"htmega_size_585x295":["https:\/\/www.uartes.edu.ec\/sitio\/wp-content\/uploads\/2023\/04\/ESTADO-DE-LITIO-WEB-585x295.jpg",585,295,true],"htmega_size_1170x536":["https:\/\/www.uartes.edu.ec\/sitio\/wp-content\/uploads\/2023\/04\/ESTADO-DE-LITIO-WEB-1170x536.jpg",1170,536,true],"htmega_size_396x360":["https:\/\/www.uartes.edu.ec\/sitio\/wp-content\/uploads\/2023\/04\/ESTADO-DE-LITIO-WEB-396x360.jpg",396,360,true],"gb-block-post-grid-landscape":["https:\/\/www.uartes.edu.ec\/sitio\/wp-content\/uploads\/2023\/04\/ESTADO-DE-LITIO-WEB-600x400.jpg",600,400,true],"gb-block-post-grid-square":["https:\/\/www.uartes.edu.ec\/sitio\/wp-content\/uploads\/2023\/04\/ESTADO-DE-LITIO-WEB-600x600.jpg",600,600,true],"university-hub-thumb":["https:\/\/www.uartes.edu.ec\/sitio\/wp-content\/uploads\/2023\/04\/ESTADO-DE-LITIO-WEB-400x267.jpg",400,267,true],"mailpoet_newsletter_max":["https:\/\/www.uartes.edu.ec\/sitio\/wp-content\/uploads\/2023\/04\/ESTADO-DE-LITIO-WEB.jpg",1320,880,false]},"uagb_author_info":{"display_name":"ccortez","author_link":"https:\/\/www.uartes.edu.ec\/sitio\/fr\/blog\/author\/ccortez\/"},"uagb_comment_info":0,"uagb_excerpt":"Amalina Bomnin: La performance est\u00e1 relacionada con mi investigaci\u00f3n acerca de las performatividades ecocr\u00edticas dentro del arte de acci\u00f3n ecuatoriano. La docente UArtes lo menciona en la invitaci\u00f3n que ha extendido a la comunidad para el recorrido que iniciar\u00e1 en Pedro Carbo y 10 de Agosto y avanzar\u00e1 hasta Aguirre y Pichincha, una performance que\u2026","featured_image_src":"https:\/\/www.uartes.edu.ec\/sitio\/wp-content\/uploads\/2023\/04\/ESTADO-DE-LITIO-WEB-600x400.jpg","featured_image_src_square":"https:\/\/www.uartes.edu.ec\/sitio\/wp-content\/uploads\/2023\/04\/ESTADO-DE-LITIO-WEB-600x600.jpg","author_info":{"display_name":"ccortez","author_link":"https:\/\/www.uartes.edu.ec\/sitio\/fr\/blog\/author\/ccortez\/"},"publishpress_future_workflow_manual_trigger":{"enabledWorkflows":[]},"distributor_meta":false,"distributor_terms":false,"distributor_media":false,"distributor_original_site_name":"Universidad de las Artes","distributor_original_site_url":"https:\/\/www.uartes.edu.ec\/sitio\/fr","push-errors":false,"_links":{"self":[{"href":"https:\/\/www.uartes.edu.ec\/sitio\/fr\/wp-json\/wp\/v2\/posts\/41388","targetHints":{"allow":["GET"]}}],"collection":[{"href":"https:\/\/www.uartes.edu.ec\/sitio\/fr\/wp-json\/wp\/v2\/posts"}],"about":[{"href":"https:\/\/www.uartes.edu.ec\/sitio\/fr\/wp-json\/wp\/v2\/types\/post"}],"author":[{"embeddable":true,"href":"https:\/\/www.uartes.edu.ec\/sitio\/fr\/wp-json\/wp\/v2\/users\/10"}],"replies":[{"embeddable":true,"href":"https:\/\/www.uartes.edu.ec\/sitio\/fr\/wp-json\/wp\/v2\/comments?post=41388"}],"version-history":[{"count":5,"href":"https:\/\/www.uartes.edu.ec\/sitio\/fr\/wp-json\/wp\/v2\/posts\/41388\/revisions"}],"predecessor-version":[{"id":41399,"href":"https:\/\/www.uartes.edu.ec\/sitio\/fr\/wp-json\/wp\/v2\/posts\/41388\/revisions\/41399"}],"wp:featuredmedia":[{"embeddable":true,"href":"https:\/\/www.uartes.edu.ec\/sitio\/fr\/wp-json\/wp\/v2\/media\/41389"}],"wp:attachment":[{"href":"https:\/\/www.uartes.edu.ec\/sitio\/fr\/wp-json\/wp\/v2\/media?parent=41388"}],"wp:term":[{"taxonomy":"category","embeddable":true,"href":"https:\/\/www.uartes.edu.ec\/sitio\/fr\/wp-json\/wp\/v2\/categories?post=41388"},{"taxonomy":"post_tag","embeddable":true,"href":"https:\/\/www.uartes.edu.ec\/sitio\/fr\/wp-json\/wp\/v2\/tags?post=41388"},{"taxonomy":"infouartes","embeddable":true,"href":"https:\/\/www.uartes.edu.ec\/sitio\/fr\/wp-json\/wp\/v2\/infouartes?post=41388"}],"curies":[{"name":"wp","href":"https:\/\/api.w.org\/{rel}","templated":true}]}}