{"id":41427,"date":"2023-04-28T10:08:00","date_gmt":"2023-04-28T15:08:00","guid":{"rendered":"https:\/\/www.uartes.edu.ec\/sitio\/?p=41427"},"modified":"2024-07-04T11:21:15","modified_gmt":"2024-07-04T16:21:15","slug":"tres-de-los-seis-estudiantes-uartes-que-cursaron-un-ciclo-academico-en-la-una-comparten-la-experiencia","status":"publish","type":"post","link":"https:\/\/www.uartes.edu.ec\/sitio\/fr\/blog\/2023\/04\/28\/tres-de-los-seis-estudiantes-uartes-que-cursaron-un-ciclo-academico-en-la-una-comparten-la-experiencia\/","title":{"rendered":"Tres de los seis estudiantes UArtes que cursaron un ciclo acad\u00e9mico en la UNA de Argentina comparten la experiencia"},"content":{"rendered":"<p>Cursaron un ciclo acad\u00e9mico en la Universidad Nacional de las Artes de Argentina, en el marco del convenio que esa instituci\u00f3n de educaci\u00f3n superior internacional mantiene con la UArtes. Kristel Mu\u00f1oz y Sebasti\u00e1n \u00c1vila, de la Escuela de Cine, y Valquiria Barros, de la Escuela de Artes Esc\u00e9nicas, son tres de los seis estudiantes que realizaron el semestre 2022B en la UNA y que comparten con InfoUArtes la experiencia.<\/p>\n\n\n\n<p>El contacto con ellos se dio en colaboraci\u00f3n con la Direcci\u00f3n de Relaciones Internacionales de la Universidad de las Artes, que con su par argentina impulsaron esta movilidad estudiantil fuera del pa\u00eds; los otros tres estudiantes que tomaron parte son Dom\u00e9nica Jim\u00e9nez, de la Escuela Cine; Cristina D\u00edaz, de la Escuela de Artes Visuales; y Marcelo L\u00f3pez, de la Escuela de Artes Sonoras.<\/p>\n\n\n\n<p>Kristel Mu\u00f1oz expresa que se sinti\u00f3 motivada a participar en la movilidad acad\u00e9mica internacional por el af\u00e1n de conocer la cultura de otro pa\u00eds, \u201cde poder establecer nuevos contactos para mi carrera y de adquirir conocimientos adicionales a nivel educativo y art\u00edstico\u201d.<\/p>\n\n\n\n<p>Sebasti\u00e1n \u00c1vila coincide y abona que era uno de sus sue\u00f1os universitarios. Postul\u00f3 para el intercambio acad\u00e9mico internacional movido por las ganas de conocer otras culturas, tener la experiencia de estudiar y vivir en otro pa\u00eds, ver c\u00f3mo se mueve una universidad en artes p\u00fablica en otra parte del mundo. \u201cLo vi como una oportunidad que genera nuevas relaciones y abre puertas laborales a futuro\u201d.<\/p>\n\n\n<div class=\"wp-block-image\">\n<figure class=\"aligncenter size-large\"><img fetchpriority=\"high\" decoding=\"async\" width=\"644\" height=\"429\" src=\"https:\/\/www.uartes.edu.ec\/sitio\/wp-content\/uploads\/2023\/04\/ESTUDIANTES-UNA-UARTES-02-644x429.jpg\" alt=\"\" class=\"wp-image-41446\" srcset=\"https:\/\/www.uartes.edu.ec\/sitio\/wp-content\/uploads\/2023\/04\/ESTUDIANTES-UNA-UARTES-02-644x429.jpg 644w, https:\/\/www.uartes.edu.ec\/sitio\/wp-content\/uploads\/2023\/04\/ESTUDIANTES-UNA-UARTES-02-768x511.jpg 768w, https:\/\/www.uartes.edu.ec\/sitio\/wp-content\/uploads\/2023\/04\/ESTUDIANTES-UNA-UARTES-02.jpg 2000w, https:\/\/www.uartes.edu.ec\/sitio\/wp-content\/uploads\/2023\/04\/ESTUDIANTES-UNA-UARTES-02-600x399.jpg 600w, https:\/\/www.uartes.edu.ec\/sitio\/wp-content\/uploads\/2023\/04\/ESTUDIANTES-UNA-UARTES-02-272x182.jpg 272w\" sizes=\"(max-width: 644px) 100vw, 644px\" \/><\/figure>\n<\/div>\n\n\n<p>A Valquiria Barros la motiv\u00f3 la posibilidad de explorar c\u00f3mo se desarrolla y mueve la danza desde una cultura diferente. \u201cMi principal inter\u00e9s era averiguar si tendr\u00eda posibilidades de encontrar puertas laborales y profesionales en ese lugar y c\u00f3mo podr\u00eda adaptarme a ese sistema. Me gust\u00f3 mucho la experiencia, fue muy provechosa, oportuna y ayud\u00f3 a guiar mis senderos de estudios en mi carrera\u201d.<\/p>\n\n\n\n<p>Los estudiantes UArtes arribaron y establecieron en Buenos Aires, donde se encuentra la UNA. Mu\u00f1oz estuvo seis meses y estudi\u00f3 las materias Direcci\u00f3n de Actores 1, Equipo de Trabajo 1 y Taller Proyectual de Iluminaci\u00f3n y C\u00e1mara 2. \u00c1vila se qued\u00f3 cinco meses y estudi\u00f3 las asignaturas Direcci\u00f3n de Actores I, Ciencia y T\u00e9cnica del Color en la Direcci\u00f3n de Fotograf\u00eda, Taller Proyectual de Iluminaci\u00f3n y C\u00e1mara III y Equipo de Trabajo II. Barros permaneci\u00f3 en la ciudad argentina cuatro meses y tom\u00f3 clases de Maquillaje y Caracterizaci\u00f3n, Vestuario, Organizaci\u00f3n y Producci\u00f3n de Espect\u00e1culos, M\u00e9todos de Investigaci\u00f3n, Composici\u00f3n Coreogr\u00e1fica y Taller Coreogr\u00e1fico V y Escenograf\u00eda y Luminotecnia.<\/p>\n\n\n\n<p>Desde Relaciones Internacionales UArtes se les pregunt\u00f3 lo que la movilidad acad\u00e9mica al exterior les aport\u00f3 a nivel art\u00edstico, acad\u00e9mico, profesional y personal. Mu\u00f1oz responde: \u201cAprend\u00ed del funcionamiento de un rodaje, ya que lo viv\u00ed en persona por primera vez, y tambi\u00e9n de muchas de las costumbres argentinas; me aport\u00f3 la capacidad de trabajar en equipo y, as\u00ed mismo, mantener la cordura en casos de desacuerdos con compa\u00f1eros. Sin duda volver\u00eda a tener esa experiencia, ya que el hecho de conocer nuevas cosas incrementa las ganas de recorrer m\u00e1s pa\u00edses y de realizar intercambios tanto de culturas, como de conocimientos\u201d.<\/p>\n\n\n<div class=\"wp-block-image\">\n<figure class=\"aligncenter size-large\"><img decoding=\"async\" width=\"644\" height=\"429\" src=\"https:\/\/www.uartes.edu.ec\/sitio\/wp-content\/uploads\/2023\/04\/ESTUDIANTES-UNA-UARTES-03-644x429.jpg\" alt=\"\" class=\"wp-image-41447\" srcset=\"https:\/\/www.uartes.edu.ec\/sitio\/wp-content\/uploads\/2023\/04\/ESTUDIANTES-UNA-UARTES-03-644x429.jpg 644w, https:\/\/www.uartes.edu.ec\/sitio\/wp-content\/uploads\/2023\/04\/ESTUDIANTES-UNA-UARTES-03-768x511.jpg 768w, https:\/\/www.uartes.edu.ec\/sitio\/wp-content\/uploads\/2023\/04\/ESTUDIANTES-UNA-UARTES-03.jpg 2000w, https:\/\/www.uartes.edu.ec\/sitio\/wp-content\/uploads\/2023\/04\/ESTUDIANTES-UNA-UARTES-03-600x399.jpg 600w, https:\/\/www.uartes.edu.ec\/sitio\/wp-content\/uploads\/2023\/04\/ESTUDIANTES-UNA-UARTES-03-272x182.jpg 272w\" sizes=\"(max-width: 644px) 100vw, 644px\" \/><\/figure>\n<\/div>\n\n\n<p>\u00c1vila, por su parte, se\u00f1ala que la experiencia fue completa \u201cno solo a nivel estudiantil o profesional, sino tambi\u00e9n personal, cultural y art\u00edstico. Me enfrent\u00e9 a desaf\u00edos universitarios en las clases y tuve que aprender a moverme solo en una ciudad nueva para m\u00ed. Conocer gente y aprender de diferentes perspectivas y opiniones es algo que aporta a mi crecimiento profesional y personal. Tuve la suerte de encontrarme con excelentes profesores que expandieron conocimientos que ya hab\u00eda tenido ac\u00e1\u201d.<\/p>\n\n\n\n<p>Agrega que, en lo acad\u00e9mico y profesional, el aporte fue grande porque regres\u00f3 con muchas m\u00e1s pr\u00e1cticas. \u201cTuve dos rodajes en los que fui director de fotograf\u00eda, un corto documental y un corto de ficci\u00f3n. Haber tenido la experiencia de trabajar en otro pa\u00eds con otras personas fue algo muy enriquecedor profesionalmente y un desaf\u00edo para m\u00ed al poner a prueba mis conocimientos\u201d.<\/p>\n\n\n\n<p>Art\u00edstica y culturalmente Buenos Aires est\u00e1 llena de conciertos, museos y exposiciones de todo tipo, lo cual lo anima, dice \u00c1vila, a aplicar mucho de lo que vio all\u00e1 en Guayaquil. \u201c(\u2026) Regres\u00e9 con nuevas ideas y formas de ver el mundo\u201d. Sin pensarlo, \u00e9l volver\u00eda a vivir una experiencia similar. \u201cEstar en otro pa\u00eds teniendo la facilidad de estudiar y de todo lo que esto conlleva, como conocer gente nueva y el mismo pa\u00eds, vale experimentarlo y vivirlo al m\u00e1ximo\u201d.<\/p>\n\n\n\n<p>Barros destaca que la experiencia le ha permitido madurar, ser m\u00e1s independiente, organizada y ahorrativa. Pudo, adem\u00e1s, hacer amigos con quienes sigue en contacto. En lo acad\u00e9mico se enriqueci\u00f3 de temas antes desconocidos y del maquillaje y vestuario, de c\u00f3mo organizar y producir un espect\u00e1culo\u2026, lo cual pondr\u00e1 en pr\u00e1ctica en la obra de tesis que prepara. \u201cAprend\u00ed c\u00f3mo se mueve el mundo de la danza en Buenos Aires (\u2026). Adquir\u00ed muchos contactos y amigos en el medio, lo cual es buen\u00edsimo porque ya que s\u00e9 c\u00f3mo llegar, gestionar y tratar con ellos y, qui\u00e9n sabe, armar propuestas laborales a futuro. Qued\u00e9 enamorada de Buenos Aires, tanto que aprovech\u00e9 el viaje para aplicar una vacante y estudiar una maestr\u00eda en una de sus universidades\u201d.<\/p>","protected":false},"excerpt":{"rendered":"<p>Cursaron un ciclo acad\u00e9mico en la Universidad Nacional de las Artes de Argentina, en el marco del convenio que esa instituci\u00f3n de educaci\u00f3n superior internacional mantiene con la UArtes. Kristel Mu\u00f1oz y Sebasti\u00e1n \u00c1vila, de la Escuela de Cine, y Valquiria Barros, de la Escuela de Artes Esc\u00e9nicas, son tres de los seis estudiantes que realizaron el semestre 2022B en la UNA y que hoy comparten la experiencia.<\/p>","protected":false},"author":10,"featured_media":41445,"comment_status":"open","ping_status":"open","sticky":false,"template":"","format":"standard","meta":{"_acf_changed":false,"_uag_custom_page_level_css":"","_monsterinsights_skip_tracking":false,"_monsterinsights_sitenote_active":false,"_monsterinsights_sitenote_note":"","_monsterinsights_sitenote_category":0,"cybocfi_hide_featured_image":"","footnotes":""},"categories":[722,159,150,157,147,76,175],"tags":[970,279],"infouartes":[],"class_list":["post-41427","post","type-post","status-publish","format-standard","has-post-thumbnail","hentry","category-1f","category-artes-escenicas","category-artes-sonoras","category-artes-visuales","category-cine","category-estudiantes","category-literatura","tag-movilidad","tag-relaciones-internacionales"],"acf":[],"yoast_head":"<!-- This site is optimized with the Yoast SEO plugin v27.4 - https:\/\/yoast.com\/product\/yoast-seo-wordpress\/ -->\n<title>Universidad de las Artes - Tres de los seis estudiantes UArtes que cursaron un ciclo acad\u00e9mico en la UNA de Argentina comparten la experiencia<\/title>\n<meta name=\"description\" content=\"Universidad de las Artes - Tres de los seis estudiantes UArtes que cursaron un ciclo acad\u00e9mico en la UNA de Argentina comparten la experiencia\" \/>\n<meta name=\"robots\" content=\"index, follow, max-snippet:-1, max-image-preview:large, max-video-preview:-1\" \/>\n<link rel=\"canonical\" href=\"https:\/\/www.uartes.edu.ec\/sitio\/fr\/blog\/2023\/04\/28\/tres-de-los-seis-estudiantes-uartes-que-cursaron-un-ciclo-academico-en-la-una-comparten-la-experiencia\/\" \/>\n<meta property=\"og:locale\" content=\"fr_FR\" \/>\n<meta property=\"og:type\" content=\"article\" \/>\n<meta property=\"og:title\" content=\"Universidad de las Artes - Tres de los seis estudiantes UArtes que cursaron un ciclo acad\u00e9mico en la UNA de Argentina comparten la experiencia\" \/>\n<meta property=\"og:description\" content=\"Universidad de las Artes - Tres de los seis estudiantes UArtes que cursaron un ciclo acad\u00e9mico en la UNA de Argentina comparten la experiencia\" \/>\n<meta property=\"og:url\" content=\"https:\/\/www.uartes.edu.ec\/sitio\/fr\/blog\/2023\/04\/28\/tres-de-los-seis-estudiantes-uartes-que-cursaron-un-ciclo-academico-en-la-una-comparten-la-experiencia\/\" \/>\n<meta property=\"og:site_name\" content=\"Universidad de las Artes\" \/>\n<meta property=\"article:publisher\" content=\"https:\/\/www.facebook.com\/uartesec\" \/>\n<meta property=\"article:published_time\" content=\"2023-04-28T15:08:00+00:00\" \/>\n<meta property=\"article:modified_time\" content=\"2024-07-04T16:21:15+00:00\" \/>\n<meta property=\"og:image\" content=\"https:\/\/www.uartes.edu.ec\/sitio\/wp-content\/uploads\/2023\/04\/ESTUDIANTES-UNA-UARTES-01.jpg\" \/>\n\t<meta property=\"og:image:width\" content=\"2000\" \/>\n\t<meta property=\"og:image:height\" content=\"1333\" \/>\n\t<meta property=\"og:image:type\" content=\"image\/jpeg\" \/>\n<meta name=\"author\" content=\"ccortez\" \/>\n<meta name=\"twitter:card\" content=\"summary_large_image\" \/>\n<meta name=\"twitter:creator\" content=\"@uartesec\" \/>\n<meta name=\"twitter:site\" content=\"@uartesec\" \/>\n<meta name=\"twitter:label1\" content=\"\u00c9crit par\" \/>\n\t<meta name=\"twitter:data1\" content=\"ccortez\" \/>\n\t<meta name=\"twitter:label2\" content=\"Dur\u00e9e de lecture estim\u00e9e\" \/>\n\t<meta name=\"twitter:data2\" content=\"5 minutes\" \/>\n<script type=\"application\/ld+json\" class=\"yoast-schema-graph\">{\"@context\":\"https:\\\/\\\/schema.org\",\"@graph\":[{\"@type\":\"Article\",\"@id\":\"https:\\\/\\\/www.uartes.edu.ec\\\/sitio\\\/fr\\\/blog\\\/2023\\\/04\\\/28\\\/tres-de-los-seis-estudiantes-uartes-que-cursaron-un-ciclo-academico-en-la-una-comparten-la-experiencia\\\/#article\",\"isPartOf\":{\"@id\":\"https:\\\/\\\/www.uartes.edu.ec\\\/sitio\\\/fr\\\/blog\\\/2023\\\/04\\\/28\\\/tres-de-los-seis-estudiantes-uartes-que-cursaron-un-ciclo-academico-en-la-una-comparten-la-experiencia\\\/\"},\"author\":{\"name\":\"ccortez\",\"@id\":\"https:\\\/\\\/www.uartes.edu.ec\\\/sitio\\\/fr\\\/#\\\/schema\\\/person\\\/efa1b8275797664fd7f13a79ccc0b1f4\"},\"headline\":\"Tres de los seis estudiantes UArtes que cursaron un ciclo acad\u00e9mico en la UNA de Argentina comparten la experiencia\",\"datePublished\":\"2023-04-28T15:08:00+00:00\",\"dateModified\":\"2024-07-04T16:21:15+00:00\",\"mainEntityOfPage\":{\"@id\":\"https:\\\/\\\/www.uartes.edu.ec\\\/sitio\\\/fr\\\/blog\\\/2023\\\/04\\\/28\\\/tres-de-los-seis-estudiantes-uartes-que-cursaron-un-ciclo-academico-en-la-una-comparten-la-experiencia\\\/\"},\"wordCount\":958,\"commentCount\":0,\"publisher\":{\"@id\":\"https:\\\/\\\/www.uartes.edu.ec\\\/sitio\\\/fr\\\/#organization\"},\"image\":{\"@id\":\"https:\\\/\\\/www.uartes.edu.ec\\\/sitio\\\/fr\\\/blog\\\/2023\\\/04\\\/28\\\/tres-de-los-seis-estudiantes-uartes-que-cursaron-un-ciclo-academico-en-la-una-comparten-la-experiencia\\\/#primaryimage\"},\"thumbnailUrl\":\"https:\\\/\\\/www.uartes.edu.ec\\\/sitio\\\/wp-content\\\/uploads\\\/2023\\\/04\\\/ESTUDIANTES-UNA-UARTES-01.jpg\",\"keywords\":[\"movilidad\",\"relaciones internacionales\"],\"articleSection\":[\"1F\",\"Artes Esc\u00e9nicas\",\"Artes Sonoras\",\"Artes Visuales\",\"Cine\",\"Estudiantes\",\"Literatura\"],\"inLanguage\":\"fr-FR\",\"potentialAction\":[{\"@type\":\"CommentAction\",\"name\":\"Comment\",\"target\":[\"https:\\\/\\\/www.uartes.edu.ec\\\/sitio\\\/fr\\\/blog\\\/2023\\\/04\\\/28\\\/tres-de-los-seis-estudiantes-uartes-que-cursaron-un-ciclo-academico-en-la-una-comparten-la-experiencia\\\/#respond\"]}]},{\"@type\":[\"WebPage\",\"ItemPage\"],\"@id\":\"https:\\\/\\\/www.uartes.edu.ec\\\/sitio\\\/fr\\\/blog\\\/2023\\\/04\\\/28\\\/tres-de-los-seis-estudiantes-uartes-que-cursaron-un-ciclo-academico-en-la-una-comparten-la-experiencia\\\/\",\"url\":\"https:\\\/\\\/www.uartes.edu.ec\\\/sitio\\\/fr\\\/blog\\\/2023\\\/04\\\/28\\\/tres-de-los-seis-estudiantes-uartes-que-cursaron-un-ciclo-academico-en-la-una-comparten-la-experiencia\\\/\",\"name\":\"Universidad de las Artes - Tres de los seis estudiantes UArtes que cursaron un ciclo acad\u00e9mico en la UNA de Argentina comparten la experiencia\",\"isPartOf\":{\"@id\":\"https:\\\/\\\/www.uartes.edu.ec\\\/sitio\\\/fr\\\/#website\"},\"primaryImageOfPage\":{\"@id\":\"https:\\\/\\\/www.uartes.edu.ec\\\/sitio\\\/fr\\\/blog\\\/2023\\\/04\\\/28\\\/tres-de-los-seis-estudiantes-uartes-que-cursaron-un-ciclo-academico-en-la-una-comparten-la-experiencia\\\/#primaryimage\"},\"image\":{\"@id\":\"https:\\\/\\\/www.uartes.edu.ec\\\/sitio\\\/fr\\\/blog\\\/2023\\\/04\\\/28\\\/tres-de-los-seis-estudiantes-uartes-que-cursaron-un-ciclo-academico-en-la-una-comparten-la-experiencia\\\/#primaryimage\"},\"thumbnailUrl\":\"https:\\\/\\\/www.uartes.edu.ec\\\/sitio\\\/wp-content\\\/uploads\\\/2023\\\/04\\\/ESTUDIANTES-UNA-UARTES-01.jpg\",\"datePublished\":\"2023-04-28T15:08:00+00:00\",\"dateModified\":\"2024-07-04T16:21:15+00:00\",\"description\":\"Universidad de las Artes - Tres de los seis estudiantes UArtes que cursaron un ciclo acad\u00e9mico en la UNA de Argentina comparten la experiencia\",\"breadcrumb\":{\"@id\":\"https:\\\/\\\/www.uartes.edu.ec\\\/sitio\\\/fr\\\/blog\\\/2023\\\/04\\\/28\\\/tres-de-los-seis-estudiantes-uartes-que-cursaron-un-ciclo-academico-en-la-una-comparten-la-experiencia\\\/#breadcrumb\"},\"inLanguage\":\"fr-FR\",\"potentialAction\":[{\"@type\":\"ReadAction\",\"target\":[\"https:\\\/\\\/www.uartes.edu.ec\\\/sitio\\\/fr\\\/blog\\\/2023\\\/04\\\/28\\\/tres-de-los-seis-estudiantes-uartes-que-cursaron-un-ciclo-academico-en-la-una-comparten-la-experiencia\\\/\"]}]},{\"@type\":\"ImageObject\",\"inLanguage\":\"fr-FR\",\"@id\":\"https:\\\/\\\/www.uartes.edu.ec\\\/sitio\\\/fr\\\/blog\\\/2023\\\/04\\\/28\\\/tres-de-los-seis-estudiantes-uartes-que-cursaron-un-ciclo-academico-en-la-una-comparten-la-experiencia\\\/#primaryimage\",\"url\":\"https:\\\/\\\/www.uartes.edu.ec\\\/sitio\\\/wp-content\\\/uploads\\\/2023\\\/04\\\/ESTUDIANTES-UNA-UARTES-01.jpg\",\"contentUrl\":\"https:\\\/\\\/www.uartes.edu.ec\\\/sitio\\\/wp-content\\\/uploads\\\/2023\\\/04\\\/ESTUDIANTES-UNA-UARTES-01.jpg\",\"width\":2000,\"height\":1333},{\"@type\":\"BreadcrumbList\",\"@id\":\"https:\\\/\\\/www.uartes.edu.ec\\\/sitio\\\/fr\\\/blog\\\/2023\\\/04\\\/28\\\/tres-de-los-seis-estudiantes-uartes-que-cursaron-un-ciclo-academico-en-la-una-comparten-la-experiencia\\\/#breadcrumb\",\"itemListElement\":[{\"@type\":\"ListItem\",\"position\":1,\"name\":\"Inicio\",\"item\":\"https:\\\/\\\/www.uartes.edu.ec\\\/sitio\\\/\"},{\"@type\":\"ListItem\",\"position\":2,\"name\":\"Tres de los seis estudiantes UArtes que cursaron un ciclo acad\u00e9mico en la UNA de Argentina comparten la experiencia\"}]},{\"@type\":\"WebSite\",\"@id\":\"https:\\\/\\\/www.uartes.edu.ec\\\/sitio\\\/fr\\\/#website\",\"url\":\"https:\\\/\\\/www.uartes.edu.ec\\\/sitio\\\/fr\\\/\",\"name\":\"Universidad de las Artes\",\"description\":\"Sitio oficial de la Universidad Nacional de las Artes del Ecuador\",\"publisher\":{\"@id\":\"https:\\\/\\\/www.uartes.edu.ec\\\/sitio\\\/fr\\\/#organization\"},\"potentialAction\":[{\"@type\":\"SearchAction\",\"target\":{\"@type\":\"EntryPoint\",\"urlTemplate\":\"https:\\\/\\\/www.uartes.edu.ec\\\/sitio\\\/fr\\\/?s={search_term_string}\"},\"query-input\":{\"@type\":\"PropertyValueSpecification\",\"valueRequired\":true,\"valueName\":\"search_term_string\"}}],\"inLanguage\":\"fr-FR\"},{\"@type\":\"Organization\",\"@id\":\"https:\\\/\\\/www.uartes.edu.ec\\\/sitio\\\/fr\\\/#organization\",\"name\":\"Universidad de las Artes\",\"url\":\"https:\\\/\\\/www.uartes.edu.ec\\\/sitio\\\/fr\\\/\",\"logo\":{\"@type\":\"ImageObject\",\"inLanguage\":\"fr-FR\",\"@id\":\"https:\\\/\\\/www.uartes.edu.ec\\\/sitio\\\/fr\\\/#\\\/schema\\\/logo\\\/image\\\/\",\"url\":\"https:\\\/\\\/www.uartes.edu.ec\\\/sitio\\\/wp-content\\\/uploads\\\/2022\\\/07\\\/logo-ua-horizontal.png\",\"contentUrl\":\"https:\\\/\\\/www.uartes.edu.ec\\\/sitio\\\/wp-content\\\/uploads\\\/2022\\\/07\\\/logo-ua-horizontal.png\",\"width\":800,\"height\":276,\"caption\":\"Universidad de las Artes\"},\"image\":{\"@id\":\"https:\\\/\\\/www.uartes.edu.ec\\\/sitio\\\/fr\\\/#\\\/schema\\\/logo\\\/image\\\/\"},\"sameAs\":[\"https:\\\/\\\/www.facebook.com\\\/uartesec\",\"https:\\\/\\\/x.com\\\/uartesec\",\"https:\\\/\\\/www.tiktok.com\\\/@uartesec\"]},{\"@type\":\"Person\",\"@id\":\"https:\\\/\\\/www.uartes.edu.ec\\\/sitio\\\/fr\\\/#\\\/schema\\\/person\\\/efa1b8275797664fd7f13a79ccc0b1f4\",\"name\":\"ccortez\",\"image\":{\"@type\":\"ImageObject\",\"inLanguage\":\"fr-FR\",\"@id\":\"https:\\\/\\\/secure.gravatar.com\\\/avatar\\\/b2a6f664a3ae8e074346ef91775736c5ec479e637ecced6842de9dc98b5da9cd?s=96&d=mm&r=g\",\"url\":\"https:\\\/\\\/secure.gravatar.com\\\/avatar\\\/b2a6f664a3ae8e074346ef91775736c5ec479e637ecced6842de9dc98b5da9cd?s=96&d=mm&r=g\",\"contentUrl\":\"https:\\\/\\\/secure.gravatar.com\\\/avatar\\\/b2a6f664a3ae8e074346ef91775736c5ec479e637ecced6842de9dc98b5da9cd?s=96&d=mm&r=g\",\"caption\":\"ccortez\"},\"url\":\"https:\\\/\\\/www.uartes.edu.ec\\\/sitio\\\/fr\\\/blog\\\/author\\\/ccortez\\\/\"}]}<\/script>\n<!-- \/ Yoast SEO plugin. -->","yoast_head_json":{"title":"Universidad de las Artes - Tres de los seis estudiantes UArtes que cursaron un ciclo acad\u00e9mico en la UNA de Argentina comparten la experiencia","description":"Universidad de las Artes - Tres de los seis estudiantes UArtes que cursaron un ciclo acad\u00e9mico en la UNA de Argentina comparten la experiencia","robots":{"index":"index","follow":"follow","max-snippet":"max-snippet:-1","max-image-preview":"max-image-preview:large","max-video-preview":"max-video-preview:-1"},"canonical":"https:\/\/www.uartes.edu.ec\/sitio\/fr\/blog\/2023\/04\/28\/tres-de-los-seis-estudiantes-uartes-que-cursaron-un-ciclo-academico-en-la-una-comparten-la-experiencia\/","og_locale":"fr_FR","og_type":"article","og_title":"Universidad de las Artes - Tres de los seis estudiantes UArtes que cursaron un ciclo acad\u00e9mico en la UNA de Argentina comparten la experiencia","og_description":"Universidad de las Artes - Tres de los seis estudiantes UArtes que cursaron un ciclo acad\u00e9mico en la UNA de Argentina comparten la experiencia","og_url":"https:\/\/www.uartes.edu.ec\/sitio\/fr\/blog\/2023\/04\/28\/tres-de-los-seis-estudiantes-uartes-que-cursaron-un-ciclo-academico-en-la-una-comparten-la-experiencia\/","og_site_name":"Universidad de las Artes","article_publisher":"https:\/\/www.facebook.com\/uartesec","article_published_time":"2023-04-28T15:08:00+00:00","article_modified_time":"2024-07-04T16:21:15+00:00","og_image":[{"width":2000,"height":1333,"url":"https:\/\/www.uartes.edu.ec\/sitio\/wp-content\/uploads\/2023\/04\/ESTUDIANTES-UNA-UARTES-01.jpg","type":"image\/jpeg"}],"author":"ccortez","twitter_card":"summary_large_image","twitter_creator":"@uartesec","twitter_site":"@uartesec","twitter_misc":{"\u00c9crit par":"ccortez","Dur\u00e9e de lecture estim\u00e9e":"5 minutes"},"schema":{"@context":"https:\/\/schema.org","@graph":[{"@type":"Article","@id":"https:\/\/www.uartes.edu.ec\/sitio\/fr\/blog\/2023\/04\/28\/tres-de-los-seis-estudiantes-uartes-que-cursaron-un-ciclo-academico-en-la-una-comparten-la-experiencia\/#article","isPartOf":{"@id":"https:\/\/www.uartes.edu.ec\/sitio\/fr\/blog\/2023\/04\/28\/tres-de-los-seis-estudiantes-uartes-que-cursaron-un-ciclo-academico-en-la-una-comparten-la-experiencia\/"},"author":{"name":"ccortez","@id":"https:\/\/www.uartes.edu.ec\/sitio\/fr\/#\/schema\/person\/efa1b8275797664fd7f13a79ccc0b1f4"},"headline":"Tres de los seis estudiantes UArtes que cursaron un ciclo acad\u00e9mico en la UNA de Argentina comparten la experiencia","datePublished":"2023-04-28T15:08:00+00:00","dateModified":"2024-07-04T16:21:15+00:00","mainEntityOfPage":{"@id":"https:\/\/www.uartes.edu.ec\/sitio\/fr\/blog\/2023\/04\/28\/tres-de-los-seis-estudiantes-uartes-que-cursaron-un-ciclo-academico-en-la-una-comparten-la-experiencia\/"},"wordCount":958,"commentCount":0,"publisher":{"@id":"https:\/\/www.uartes.edu.ec\/sitio\/fr\/#organization"},"image":{"@id":"https:\/\/www.uartes.edu.ec\/sitio\/fr\/blog\/2023\/04\/28\/tres-de-los-seis-estudiantes-uartes-que-cursaron-un-ciclo-academico-en-la-una-comparten-la-experiencia\/#primaryimage"},"thumbnailUrl":"https:\/\/www.uartes.edu.ec\/sitio\/wp-content\/uploads\/2023\/04\/ESTUDIANTES-UNA-UARTES-01.jpg","keywords":["movilidad","relaciones internacionales"],"articleSection":["1F","Artes Esc\u00e9nicas","Artes Sonoras","Artes Visuales","Cine","Estudiantes","Literatura"],"inLanguage":"fr-FR","potentialAction":[{"@type":"CommentAction","name":"Comment","target":["https:\/\/www.uartes.edu.ec\/sitio\/fr\/blog\/2023\/04\/28\/tres-de-los-seis-estudiantes-uartes-que-cursaron-un-ciclo-academico-en-la-una-comparten-la-experiencia\/#respond"]}]},{"@type":["WebPage","ItemPage"],"@id":"https:\/\/www.uartes.edu.ec\/sitio\/fr\/blog\/2023\/04\/28\/tres-de-los-seis-estudiantes-uartes-que-cursaron-un-ciclo-academico-en-la-una-comparten-la-experiencia\/","url":"https:\/\/www.uartes.edu.ec\/sitio\/fr\/blog\/2023\/04\/28\/tres-de-los-seis-estudiantes-uartes-que-cursaron-un-ciclo-academico-en-la-una-comparten-la-experiencia\/","name":"Universidad de las Artes - Tres de los seis estudiantes UArtes que cursaron un ciclo acad\u00e9mico en la UNA de Argentina comparten la experiencia","isPartOf":{"@id":"https:\/\/www.uartes.edu.ec\/sitio\/fr\/#website"},"primaryImageOfPage":{"@id":"https:\/\/www.uartes.edu.ec\/sitio\/fr\/blog\/2023\/04\/28\/tres-de-los-seis-estudiantes-uartes-que-cursaron-un-ciclo-academico-en-la-una-comparten-la-experiencia\/#primaryimage"},"image":{"@id":"https:\/\/www.uartes.edu.ec\/sitio\/fr\/blog\/2023\/04\/28\/tres-de-los-seis-estudiantes-uartes-que-cursaron-un-ciclo-academico-en-la-una-comparten-la-experiencia\/#primaryimage"},"thumbnailUrl":"https:\/\/www.uartes.edu.ec\/sitio\/wp-content\/uploads\/2023\/04\/ESTUDIANTES-UNA-UARTES-01.jpg","datePublished":"2023-04-28T15:08:00+00:00","dateModified":"2024-07-04T16:21:15+00:00","description":"Universidad de las Artes - Tres de los seis estudiantes UArtes que cursaron un ciclo acad\u00e9mico en la UNA de Argentina comparten la experiencia","breadcrumb":{"@id":"https:\/\/www.uartes.edu.ec\/sitio\/fr\/blog\/2023\/04\/28\/tres-de-los-seis-estudiantes-uartes-que-cursaron-un-ciclo-academico-en-la-una-comparten-la-experiencia\/#breadcrumb"},"inLanguage":"fr-FR","potentialAction":[{"@type":"ReadAction","target":["https:\/\/www.uartes.edu.ec\/sitio\/fr\/blog\/2023\/04\/28\/tres-de-los-seis-estudiantes-uartes-que-cursaron-un-ciclo-academico-en-la-una-comparten-la-experiencia\/"]}]},{"@type":"ImageObject","inLanguage":"fr-FR","@id":"https:\/\/www.uartes.edu.ec\/sitio\/fr\/blog\/2023\/04\/28\/tres-de-los-seis-estudiantes-uartes-que-cursaron-un-ciclo-academico-en-la-una-comparten-la-experiencia\/#primaryimage","url":"https:\/\/www.uartes.edu.ec\/sitio\/wp-content\/uploads\/2023\/04\/ESTUDIANTES-UNA-UARTES-01.jpg","contentUrl":"https:\/\/www.uartes.edu.ec\/sitio\/wp-content\/uploads\/2023\/04\/ESTUDIANTES-UNA-UARTES-01.jpg","width":2000,"height":1333},{"@type":"BreadcrumbList","@id":"https:\/\/www.uartes.edu.ec\/sitio\/fr\/blog\/2023\/04\/28\/tres-de-los-seis-estudiantes-uartes-que-cursaron-un-ciclo-academico-en-la-una-comparten-la-experiencia\/#breadcrumb","itemListElement":[{"@type":"ListItem","position":1,"name":"Inicio","item":"https:\/\/www.uartes.edu.ec\/sitio\/"},{"@type":"ListItem","position":2,"name":"Tres de los seis estudiantes UArtes que cursaron un ciclo acad\u00e9mico en la UNA de Argentina comparten la experiencia"}]},{"@type":"WebSite","@id":"https:\/\/www.uartes.edu.ec\/sitio\/fr\/#website","url":"https:\/\/www.uartes.edu.ec\/sitio\/fr\/","name":"Universidad de las Artes","description":"Sitio oficial de la Universidad Nacional de las Artes del Ecuador","publisher":{"@id":"https:\/\/www.uartes.edu.ec\/sitio\/fr\/#organization"},"potentialAction":[{"@type":"SearchAction","target":{"@type":"EntryPoint","urlTemplate":"https:\/\/www.uartes.edu.ec\/sitio\/fr\/?s={search_term_string}"},"query-input":{"@type":"PropertyValueSpecification","valueRequired":true,"valueName":"search_term_string"}}],"inLanguage":"fr-FR"},{"@type":"Organization","@id":"https:\/\/www.uartes.edu.ec\/sitio\/fr\/#organization","name":"Universidad de las Artes","url":"https:\/\/www.uartes.edu.ec\/sitio\/fr\/","logo":{"@type":"ImageObject","inLanguage":"fr-FR","@id":"https:\/\/www.uartes.edu.ec\/sitio\/fr\/#\/schema\/logo\/image\/","url":"https:\/\/www.uartes.edu.ec\/sitio\/wp-content\/uploads\/2022\/07\/logo-ua-horizontal.png","contentUrl":"https:\/\/www.uartes.edu.ec\/sitio\/wp-content\/uploads\/2022\/07\/logo-ua-horizontal.png","width":800,"height":276,"caption":"Universidad de las Artes"},"image":{"@id":"https:\/\/www.uartes.edu.ec\/sitio\/fr\/#\/schema\/logo\/image\/"},"sameAs":["https:\/\/www.facebook.com\/uartesec","https:\/\/x.com\/uartesec","https:\/\/www.tiktok.com\/@uartesec"]},{"@type":"Person","@id":"https:\/\/www.uartes.edu.ec\/sitio\/fr\/#\/schema\/person\/efa1b8275797664fd7f13a79ccc0b1f4","name":"ccortez","image":{"@type":"ImageObject","inLanguage":"fr-FR","@id":"https:\/\/secure.gravatar.com\/avatar\/b2a6f664a3ae8e074346ef91775736c5ec479e637ecced6842de9dc98b5da9cd?s=96&d=mm&r=g","url":"https:\/\/secure.gravatar.com\/avatar\/b2a6f664a3ae8e074346ef91775736c5ec479e637ecced6842de9dc98b5da9cd?s=96&d=mm&r=g","contentUrl":"https:\/\/secure.gravatar.com\/avatar\/b2a6f664a3ae8e074346ef91775736c5ec479e637ecced6842de9dc98b5da9cd?s=96&d=mm&r=g","caption":"ccortez"},"url":"https:\/\/www.uartes.edu.ec\/sitio\/fr\/blog\/author\/ccortez\/"}]}},"uagb_featured_image_src":{"full":["https:\/\/www.uartes.edu.ec\/sitio\/wp-content\/uploads\/2023\/04\/ESTUDIANTES-UNA-UARTES-01.jpg",2000,1333,false],"thumbnail":["https:\/\/www.uartes.edu.ec\/sitio\/wp-content\/uploads\/2023\/04\/ESTUDIANTES-UNA-UARTES-01-150x150.jpg",150,150,true],"medium":["https:\/\/www.uartes.edu.ec\/sitio\/wp-content\/uploads\/2023\/04\/ESTUDIANTES-UNA-UARTES-01-300x200.jpg",300,200,true],"medium_large":["https:\/\/www.uartes.edu.ec\/sitio\/wp-content\/uploads\/2023\/04\/ESTUDIANTES-UNA-UARTES-01-768x512.jpg",768,512,true],"large":["https:\/\/www.uartes.edu.ec\/sitio\/wp-content\/uploads\/2023\/04\/ESTUDIANTES-UNA-UARTES-01-644x429.jpg",644,429,true],"1536x1536":["https:\/\/www.uartes.edu.ec\/sitio\/wp-content\/uploads\/2023\/04\/ESTUDIANTES-UNA-UARTES-01-1536x1024.jpg",1536,1024,true],"2048x2048":["https:\/\/www.uartes.edu.ec\/sitio\/wp-content\/uploads\/2023\/04\/ESTUDIANTES-UNA-UARTES-01.jpg",2000,1333,false],"trp-custom-language-flag":["https:\/\/www.uartes.edu.ec\/sitio\/wp-content\/uploads\/2023\/04\/ESTUDIANTES-UNA-UARTES-01.jpg",18,12,false],"htmega_size_585x295":["https:\/\/www.uartes.edu.ec\/sitio\/wp-content\/uploads\/2023\/04\/ESTUDIANTES-UNA-UARTES-01-585x295.jpg",585,295,true],"htmega_size_1170x536":["https:\/\/www.uartes.edu.ec\/sitio\/wp-content\/uploads\/2023\/04\/ESTUDIANTES-UNA-UARTES-01-1170x536.jpg",1170,536,true],"htmega_size_396x360":["https:\/\/www.uartes.edu.ec\/sitio\/wp-content\/uploads\/2023\/04\/ESTUDIANTES-UNA-UARTES-01-396x360.jpg",396,360,true],"gb-block-post-grid-landscape":["https:\/\/www.uartes.edu.ec\/sitio\/wp-content\/uploads\/2023\/04\/ESTUDIANTES-UNA-UARTES-01-600x400.jpg",600,400,true],"gb-block-post-grid-square":["https:\/\/www.uartes.edu.ec\/sitio\/wp-content\/uploads\/2023\/04\/ESTUDIANTES-UNA-UARTES-01-600x600.jpg",600,600,true],"university-hub-thumb":["https:\/\/www.uartes.edu.ec\/sitio\/wp-content\/uploads\/2023\/04\/ESTUDIANTES-UNA-UARTES-01-400x267.jpg",400,267,true],"mailpoet_newsletter_max":["https:\/\/www.uartes.edu.ec\/sitio\/wp-content\/uploads\/2023\/04\/ESTUDIANTES-UNA-UARTES-01.jpg",1320,880,false]},"uagb_author_info":{"display_name":"ccortez","author_link":"https:\/\/www.uartes.edu.ec\/sitio\/fr\/blog\/author\/ccortez\/"},"uagb_comment_info":0,"uagb_excerpt":"Cursaron un ciclo acad\u00e9mico en la Universidad Nacional de las Artes de Argentina, en el marco del convenio que esa instituci\u00f3n de educaci\u00f3n superior internacional mantiene con la UArtes. Kristel Mu\u00f1oz y Sebasti\u00e1n \u00c1vila, de la Escuela de Cine, y Valquiria Barros, de la Escuela de Artes Esc\u00e9nicas, son tres de los seis estudiantes que\u2026","featured_image_src":"https:\/\/www.uartes.edu.ec\/sitio\/wp-content\/uploads\/2023\/04\/ESTUDIANTES-UNA-UARTES-01-600x400.jpg","featured_image_src_square":"https:\/\/www.uartes.edu.ec\/sitio\/wp-content\/uploads\/2023\/04\/ESTUDIANTES-UNA-UARTES-01-600x600.jpg","author_info":{"display_name":"ccortez","author_link":"https:\/\/www.uartes.edu.ec\/sitio\/fr\/blog\/author\/ccortez\/"},"publishpress_future_workflow_manual_trigger":{"enabledWorkflows":[]},"distributor_meta":false,"distributor_terms":false,"distributor_media":false,"distributor_original_site_name":"Universidad de las Artes","distributor_original_site_url":"https:\/\/www.uartes.edu.ec\/sitio\/fr","push-errors":false,"_links":{"self":[{"href":"https:\/\/www.uartes.edu.ec\/sitio\/fr\/wp-json\/wp\/v2\/posts\/41427","targetHints":{"allow":["GET"]}}],"collection":[{"href":"https:\/\/www.uartes.edu.ec\/sitio\/fr\/wp-json\/wp\/v2\/posts"}],"about":[{"href":"https:\/\/www.uartes.edu.ec\/sitio\/fr\/wp-json\/wp\/v2\/types\/post"}],"author":[{"embeddable":true,"href":"https:\/\/www.uartes.edu.ec\/sitio\/fr\/wp-json\/wp\/v2\/users\/10"}],"replies":[{"embeddable":true,"href":"https:\/\/www.uartes.edu.ec\/sitio\/fr\/wp-json\/wp\/v2\/comments?post=41427"}],"version-history":[{"count":8,"href":"https:\/\/www.uartes.edu.ec\/sitio\/fr\/wp-json\/wp\/v2\/posts\/41427\/revisions"}],"predecessor-version":[{"id":43136,"href":"https:\/\/www.uartes.edu.ec\/sitio\/fr\/wp-json\/wp\/v2\/posts\/41427\/revisions\/43136"}],"wp:featuredmedia":[{"embeddable":true,"href":"https:\/\/www.uartes.edu.ec\/sitio\/fr\/wp-json\/wp\/v2\/media\/41445"}],"wp:attachment":[{"href":"https:\/\/www.uartes.edu.ec\/sitio\/fr\/wp-json\/wp\/v2\/media?parent=41427"}],"wp:term":[{"taxonomy":"category","embeddable":true,"href":"https:\/\/www.uartes.edu.ec\/sitio\/fr\/wp-json\/wp\/v2\/categories?post=41427"},{"taxonomy":"post_tag","embeddable":true,"href":"https:\/\/www.uartes.edu.ec\/sitio\/fr\/wp-json\/wp\/v2\/tags?post=41427"},{"taxonomy":"infouartes","embeddable":true,"href":"https:\/\/www.uartes.edu.ec\/sitio\/fr\/wp-json\/wp\/v2\/infouartes?post=41427"}],"curies":[{"name":"wp","href":"https:\/\/api.w.org\/{rel}","templated":true}]}}