{"id":41429,"date":"2023-04-28T09:34:04","date_gmt":"2023-04-28T14:34:04","guid":{"rendered":"https:\/\/www.uartes.edu.ec\/sitio\/?p=41429"},"modified":"2024-07-04T11:21:15","modified_gmt":"2024-07-04T16:21:15","slug":"feria-de-servicios-de-la-daescu-respondio-inquietudes-de-la-comunidad-estudiantil","status":"publish","type":"post","link":"https:\/\/www.uartes.edu.ec\/sitio\/fr\/blog\/2023\/04\/28\/feria-de-servicios-de-la-daescu-respondio-inquietudes-de-la-comunidad-estudiantil\/","title":{"rendered":"Feria de servicios que organiz\u00f3 la DAESCU respondi\u00f3 inquietudes y dio informaci\u00f3n a la comunidad UArtes"},"content":{"rendered":"<p>Como en semestres anteriores, la Direcci\u00f3n de Asuntos Estudiantiles y Comunidad Universitaria (DAESCU) organiz\u00f3 para el inicio del Semestre A 2023 una feria de servicios estudiantiles, a fin de informarlos acerca de todos los beneficios con los que cuentan. Tuvo lugar dos d\u00edas, mi\u00e9rcoles 26 y jueves 27 de abril, en el Pasaje Illingworth, campus centro de la UArtes.<\/p>\n\n\n\n<p>All\u00ed se instalaron varios stands pertenecientes a \u00e1reas como el Departamento de Lenguas Extranjeras, Bienestar Estudiantil y Servicios Asistenciales de Salud, mismos que fueron visitados por alumnos de las varias carreras de la UArtes, \u00e1vidos por conocerlos a profundidad.<\/p>\n\n\n\n<p>Las jornadas se iniciaron a las 09:00 y concluyeron al mediod\u00eda. Si bien se registr\u00f3 al principio un tibio acercamiento por parte de los estudiantes, el haber tenido cerca la celebraci\u00f3n del D\u00eda Mundial del Libro \u2013cada 23 de abril\u2013 propici\u00f3 que se obsequiaran varias de las publicaciones de UArtes Ediciones, lo cual incentivo m\u00e1s a los alumnos a visitar los stands.<\/p>\n\n\n<div class=\"wp-block-image\">\n<figure class=\"aligncenter size-large\"><img fetchpriority=\"high\" decoding=\"async\" width=\"644\" height=\"429\" src=\"https:\/\/www.uartes.edu.ec\/sitio\/wp-content\/uploads\/2023\/04\/FERIA-DAESCU-04-644x429.jpg\" alt=\"\" class=\"wp-image-41433\" srcset=\"https:\/\/www.uartes.edu.ec\/sitio\/wp-content\/uploads\/2023\/04\/FERIA-DAESCU-04-644x429.jpg 644w, https:\/\/www.uartes.edu.ec\/sitio\/wp-content\/uploads\/2023\/04\/FERIA-DAESCU-04-768x511.jpg 768w, https:\/\/www.uartes.edu.ec\/sitio\/wp-content\/uploads\/2023\/04\/FERIA-DAESCU-04.jpg 2000w, https:\/\/www.uartes.edu.ec\/sitio\/wp-content\/uploads\/2023\/04\/FERIA-DAESCU-04-600x399.jpg 600w, https:\/\/www.uartes.edu.ec\/sitio\/wp-content\/uploads\/2023\/04\/FERIA-DAESCU-04-272x182.jpg 272w\" sizes=\"(max-width: 644px) 100vw, 644px\" \/><\/figure>\n<\/div>\n\n<div class=\"wp-block-image\">\n<figure class=\"aligncenter size-large\"><img decoding=\"async\" width=\"644\" height=\"429\" src=\"https:\/\/www.uartes.edu.ec\/sitio\/wp-content\/uploads\/2023\/04\/FERIA-DAESCU-01-644x429.jpg\" alt=\"\" class=\"wp-image-41431\" srcset=\"https:\/\/www.uartes.edu.ec\/sitio\/wp-content\/uploads\/2023\/04\/FERIA-DAESCU-01-644x429.jpg 644w, https:\/\/www.uartes.edu.ec\/sitio\/wp-content\/uploads\/2023\/04\/FERIA-DAESCU-01-768x511.jpg 768w, https:\/\/www.uartes.edu.ec\/sitio\/wp-content\/uploads\/2023\/04\/FERIA-DAESCU-01.jpg 2000w, https:\/\/www.uartes.edu.ec\/sitio\/wp-content\/uploads\/2023\/04\/FERIA-DAESCU-01-600x399.jpg 600w, https:\/\/www.uartes.edu.ec\/sitio\/wp-content\/uploads\/2023\/04\/FERIA-DAESCU-01-272x182.jpg 272w\" sizes=\"(max-width: 644px) 100vw, 644px\" \/><\/figure>\n<\/div>\n\n\n<p>La licenciada en enfermer\u00eda Evelin Correa coment\u00f3 que el \u00e1rea de salud de nuestra instituci\u00f3n provee a los estudiantes una amplia orientaci\u00f3n sobre sus servicios asistenciales. Record\u00f3 que entre las atenciones que se brindan a la comunidad universitaria est\u00e1 tambi\u00e9n la psicol\u00f3gica. Como futuros artistas, precis\u00f3, es necesario cuidar la salud mental y considerarlo incluso como parte de una campa\u00f1a preventiva.<\/p>\n\n\n\n<p>El docente Mario Madro\u00f1ero, quien se encontraba en el stand de la Jefatura de Pr\u00e1cticas PreProfesionales, presente tambi\u00e9n en la feria, destac\u00f3 de esta la difusi\u00f3n de los procesos que tiene la universidad. \u201cLa din\u00e1mica de comunicaci\u00f3n entre docentes y estudiantes, \u00e1reas administrativas y acad\u00e9micas va mejorando en el proceso\u201d, anot\u00f3 y estim\u00f3 que la afluencia regular a la actividad por parte de la comunidad estudiantil, que a ratos se incrementaba, se deb\u00eda a su desarrollo en horario de clases; no obstante, se iba fortaleciendo gracias a la informaci\u00f3n brindada mediante correos electr\u00f3nicos y compartida en otros medios digitales.<\/p>\n\n\n<div class=\"wp-block-image\">\n<figure class=\"aligncenter size-large\"><img decoding=\"async\" width=\"644\" height=\"429\" src=\"https:\/\/www.uartes.edu.ec\/sitio\/wp-content\/uploads\/2023\/04\/FERIA-DAESCU-02-644x429.jpg\" alt=\"\" class=\"wp-image-41432\" srcset=\"https:\/\/www.uartes.edu.ec\/sitio\/wp-content\/uploads\/2023\/04\/FERIA-DAESCU-02-644x429.jpg 644w, https:\/\/www.uartes.edu.ec\/sitio\/wp-content\/uploads\/2023\/04\/FERIA-DAESCU-02-768x511.jpg 768w, https:\/\/www.uartes.edu.ec\/sitio\/wp-content\/uploads\/2023\/04\/FERIA-DAESCU-02.jpg 2000w, https:\/\/www.uartes.edu.ec\/sitio\/wp-content\/uploads\/2023\/04\/FERIA-DAESCU-02-600x399.jpg 600w, https:\/\/www.uartes.edu.ec\/sitio\/wp-content\/uploads\/2023\/04\/FERIA-DAESCU-02-272x182.jpg 272w\" sizes=\"(max-width: 644px) 100vw, 644px\" \/><\/figure>\n<\/div>\n\n\n<p>Notorias fueron las expresiones de satisfacci\u00f3n de los estudiantes al visitar los stands, pues hab\u00edan obtenido la informaci\u00f3n requerida y las respuestas a sus inquietudes, lo cual ser\u00e1 de gran ayuda a la hora de continuar con \u00e9xito sus carreras universitarias.<\/p>\n\n\n\n<p>Texto y fotos: Michael Medina, estudiante de la Escuela de Literatura.<\/p>","protected":false},"excerpt":{"rendered":"<p>Como en semestres anteriores, la Direcci\u00f3n de Asuntos Estudiantiles y Comunidad Universitaria (DAESCU) organiz\u00f3 para el inicio de este una feria de servicios estudiantiles, a fin de informarlos de los beneficios con los que cuentan. Tuvo lugar dos d\u00edas, mi\u00e9rcoles 26 y jueves 27, en el Pasaje Illingworth. All\u00ed se instalaron stands de varios departamentos y \u00e1reas, como Lenguas Extranjeras y Salud.<\/p>","protected":false},"author":10,"featured_media":41430,"comment_status":"open","ping_status":"open","sticky":false,"template":"","format":"standard","meta":{"_acf_changed":false,"_uag_custom_page_level_css":"","_monsterinsights_skip_tracking":false,"_monsterinsights_sitenote_active":false,"_monsterinsights_sitenote_note":"","_monsterinsights_sitenote_category":0,"cybocfi_hide_featured_image":"","footnotes":""},"categories":[265,76,85],"tags":[971],"infouartes":[],"class_list":["post-41429","post","type-post","status-publish","format-standard","has-post-thumbnail","hentry","category-bienestar-universitario","category-estudiantes","category-servicios","tag-feria-de-servicios"],"acf":[],"yoast_head":"<!-- This site is optimized with the Yoast SEO plugin v27.4 - https:\/\/yoast.com\/product\/yoast-seo-wordpress\/ -->\n<title>Universidad de las Artes - Feria de servicios que organiz\u00f3 la DAESCU respondi\u00f3 inquietudes y dio informaci\u00f3n a la comunidad UArtes<\/title>\n<meta name=\"description\" content=\"Universidad de las Artes - Feria de servicios que organiz\u00f3 la DAESCU respondi\u00f3 inquietudes y dio informaci\u00f3n a la comunidad UArtes\" \/>\n<meta name=\"robots\" content=\"index, follow, max-snippet:-1, max-image-preview:large, max-video-preview:-1\" \/>\n<link rel=\"canonical\" href=\"https:\/\/www.uartes.edu.ec\/sitio\/fr\/blog\/2023\/04\/28\/feria-de-servicios-de-la-daescu-respondio-inquietudes-de-la-comunidad-estudiantil\/\" \/>\n<meta property=\"og:locale\" content=\"fr_FR\" \/>\n<meta property=\"og:type\" content=\"article\" \/>\n<meta property=\"og:title\" content=\"Universidad de las Artes - Feria de servicios que organiz\u00f3 la DAESCU respondi\u00f3 inquietudes y dio informaci\u00f3n a la comunidad UArtes\" \/>\n<meta property=\"og:description\" content=\"Universidad de las Artes - Feria de servicios que organiz\u00f3 la DAESCU respondi\u00f3 inquietudes y dio informaci\u00f3n a la comunidad UArtes\" \/>\n<meta property=\"og:url\" content=\"https:\/\/www.uartes.edu.ec\/sitio\/fr\/blog\/2023\/04\/28\/feria-de-servicios-de-la-daescu-respondio-inquietudes-de-la-comunidad-estudiantil\/\" \/>\n<meta property=\"og:site_name\" content=\"Universidad de las Artes\" \/>\n<meta property=\"article:publisher\" content=\"https:\/\/www.facebook.com\/uartesec\" \/>\n<meta property=\"article:published_time\" content=\"2023-04-28T14:34:04+00:00\" \/>\n<meta property=\"article:modified_time\" content=\"2024-07-04T16:21:15+00:00\" \/>\n<meta property=\"og:image\" content=\"https:\/\/www.uartes.edu.ec\/sitio\/wp-content\/uploads\/2023\/04\/PORTADA-FERIA-DAESCU-03.jpg\" \/>\n\t<meta property=\"og:image:width\" content=\"2000\" \/>\n\t<meta property=\"og:image:height\" content=\"1333\" \/>\n\t<meta property=\"og:image:type\" content=\"image\/jpeg\" \/>\n<meta name=\"author\" content=\"ccortez\" \/>\n<meta name=\"twitter:card\" content=\"summary_large_image\" \/>\n<meta name=\"twitter:creator\" content=\"@uartesec\" \/>\n<meta name=\"twitter:site\" content=\"@uartesec\" \/>\n<meta name=\"twitter:label1\" content=\"\u00c9crit par\" \/>\n\t<meta name=\"twitter:data1\" content=\"ccortez\" \/>\n\t<meta name=\"twitter:label2\" content=\"Dur\u00e9e de lecture estim\u00e9e\" \/>\n\t<meta name=\"twitter:data2\" content=\"3 minutes\" \/>\n<script type=\"application\/ld+json\" class=\"yoast-schema-graph\">{\"@context\":\"https:\\\/\\\/schema.org\",\"@graph\":[{\"@type\":\"Article\",\"@id\":\"https:\\\/\\\/www.uartes.edu.ec\\\/sitio\\\/fr\\\/blog\\\/2023\\\/04\\\/28\\\/feria-de-servicios-de-la-daescu-respondio-inquietudes-de-la-comunidad-estudiantil\\\/#article\",\"isPartOf\":{\"@id\":\"https:\\\/\\\/www.uartes.edu.ec\\\/sitio\\\/fr\\\/blog\\\/2023\\\/04\\\/28\\\/feria-de-servicios-de-la-daescu-respondio-inquietudes-de-la-comunidad-estudiantil\\\/\"},\"author\":{\"name\":\"ccortez\",\"@id\":\"https:\\\/\\\/www.uartes.edu.ec\\\/sitio\\\/fr\\\/#\\\/schema\\\/person\\\/efa1b8275797664fd7f13a79ccc0b1f4\"},\"headline\":\"Feria de servicios que organiz\u00f3 la DAESCU respondi\u00f3 inquietudes y dio informaci\u00f3n a la comunidad UArtes\",\"datePublished\":\"2023-04-28T14:34:04+00:00\",\"dateModified\":\"2024-07-04T16:21:15+00:00\",\"mainEntityOfPage\":{\"@id\":\"https:\\\/\\\/www.uartes.edu.ec\\\/sitio\\\/fr\\\/blog\\\/2023\\\/04\\\/28\\\/feria-de-servicios-de-la-daescu-respondio-inquietudes-de-la-comunidad-estudiantil\\\/\"},\"wordCount\":410,\"commentCount\":0,\"publisher\":{\"@id\":\"https:\\\/\\\/www.uartes.edu.ec\\\/sitio\\\/fr\\\/#organization\"},\"image\":{\"@id\":\"https:\\\/\\\/www.uartes.edu.ec\\\/sitio\\\/fr\\\/blog\\\/2023\\\/04\\\/28\\\/feria-de-servicios-de-la-daescu-respondio-inquietudes-de-la-comunidad-estudiantil\\\/#primaryimage\"},\"thumbnailUrl\":\"https:\\\/\\\/www.uartes.edu.ec\\\/sitio\\\/wp-content\\\/uploads\\\/2023\\\/04\\\/PORTADA-FERIA-DAESCU-03.jpg\",\"keywords\":[\"feria de servicios\"],\"articleSection\":[\"Bienestar Universitario\",\"Estudiantes\",\"Servicios\"],\"inLanguage\":\"fr-FR\",\"potentialAction\":[{\"@type\":\"CommentAction\",\"name\":\"Comment\",\"target\":[\"https:\\\/\\\/www.uartes.edu.ec\\\/sitio\\\/fr\\\/blog\\\/2023\\\/04\\\/28\\\/feria-de-servicios-de-la-daescu-respondio-inquietudes-de-la-comunidad-estudiantil\\\/#respond\"]}]},{\"@type\":[\"WebPage\",\"ItemPage\"],\"@id\":\"https:\\\/\\\/www.uartes.edu.ec\\\/sitio\\\/fr\\\/blog\\\/2023\\\/04\\\/28\\\/feria-de-servicios-de-la-daescu-respondio-inquietudes-de-la-comunidad-estudiantil\\\/\",\"url\":\"https:\\\/\\\/www.uartes.edu.ec\\\/sitio\\\/fr\\\/blog\\\/2023\\\/04\\\/28\\\/feria-de-servicios-de-la-daescu-respondio-inquietudes-de-la-comunidad-estudiantil\\\/\",\"name\":\"Universidad de las Artes - Feria de servicios que organiz\u00f3 la DAESCU respondi\u00f3 inquietudes y dio informaci\u00f3n a la comunidad UArtes\",\"isPartOf\":{\"@id\":\"https:\\\/\\\/www.uartes.edu.ec\\\/sitio\\\/fr\\\/#website\"},\"primaryImageOfPage\":{\"@id\":\"https:\\\/\\\/www.uartes.edu.ec\\\/sitio\\\/fr\\\/blog\\\/2023\\\/04\\\/28\\\/feria-de-servicios-de-la-daescu-respondio-inquietudes-de-la-comunidad-estudiantil\\\/#primaryimage\"},\"image\":{\"@id\":\"https:\\\/\\\/www.uartes.edu.ec\\\/sitio\\\/fr\\\/blog\\\/2023\\\/04\\\/28\\\/feria-de-servicios-de-la-daescu-respondio-inquietudes-de-la-comunidad-estudiantil\\\/#primaryimage\"},\"thumbnailUrl\":\"https:\\\/\\\/www.uartes.edu.ec\\\/sitio\\\/wp-content\\\/uploads\\\/2023\\\/04\\\/PORTADA-FERIA-DAESCU-03.jpg\",\"datePublished\":\"2023-04-28T14:34:04+00:00\",\"dateModified\":\"2024-07-04T16:21:15+00:00\",\"description\":\"Universidad de las Artes - Feria de servicios que organiz\u00f3 la DAESCU respondi\u00f3 inquietudes y dio informaci\u00f3n a la comunidad UArtes\",\"breadcrumb\":{\"@id\":\"https:\\\/\\\/www.uartes.edu.ec\\\/sitio\\\/fr\\\/blog\\\/2023\\\/04\\\/28\\\/feria-de-servicios-de-la-daescu-respondio-inquietudes-de-la-comunidad-estudiantil\\\/#breadcrumb\"},\"inLanguage\":\"fr-FR\",\"potentialAction\":[{\"@type\":\"ReadAction\",\"target\":[\"https:\\\/\\\/www.uartes.edu.ec\\\/sitio\\\/fr\\\/blog\\\/2023\\\/04\\\/28\\\/feria-de-servicios-de-la-daescu-respondio-inquietudes-de-la-comunidad-estudiantil\\\/\"]}]},{\"@type\":\"ImageObject\",\"inLanguage\":\"fr-FR\",\"@id\":\"https:\\\/\\\/www.uartes.edu.ec\\\/sitio\\\/fr\\\/blog\\\/2023\\\/04\\\/28\\\/feria-de-servicios-de-la-daescu-respondio-inquietudes-de-la-comunidad-estudiantil\\\/#primaryimage\",\"url\":\"https:\\\/\\\/www.uartes.edu.ec\\\/sitio\\\/wp-content\\\/uploads\\\/2023\\\/04\\\/PORTADA-FERIA-DAESCU-03.jpg\",\"contentUrl\":\"https:\\\/\\\/www.uartes.edu.ec\\\/sitio\\\/wp-content\\\/uploads\\\/2023\\\/04\\\/PORTADA-FERIA-DAESCU-03.jpg\",\"width\":2000,\"height\":1333},{\"@type\":\"BreadcrumbList\",\"@id\":\"https:\\\/\\\/www.uartes.edu.ec\\\/sitio\\\/fr\\\/blog\\\/2023\\\/04\\\/28\\\/feria-de-servicios-de-la-daescu-respondio-inquietudes-de-la-comunidad-estudiantil\\\/#breadcrumb\",\"itemListElement\":[{\"@type\":\"ListItem\",\"position\":1,\"name\":\"Inicio\",\"item\":\"https:\\\/\\\/www.uartes.edu.ec\\\/sitio\\\/\"},{\"@type\":\"ListItem\",\"position\":2,\"name\":\"Feria de servicios que organiz\u00f3 la DAESCU respondi\u00f3 inquietudes y dio informaci\u00f3n a la comunidad UArtes\"}]},{\"@type\":\"WebSite\",\"@id\":\"https:\\\/\\\/www.uartes.edu.ec\\\/sitio\\\/fr\\\/#website\",\"url\":\"https:\\\/\\\/www.uartes.edu.ec\\\/sitio\\\/fr\\\/\",\"name\":\"Universidad de las Artes\",\"description\":\"Sitio oficial de la Universidad Nacional de las Artes del Ecuador\",\"publisher\":{\"@id\":\"https:\\\/\\\/www.uartes.edu.ec\\\/sitio\\\/fr\\\/#organization\"},\"potentialAction\":[{\"@type\":\"SearchAction\",\"target\":{\"@type\":\"EntryPoint\",\"urlTemplate\":\"https:\\\/\\\/www.uartes.edu.ec\\\/sitio\\\/fr\\\/?s={search_term_string}\"},\"query-input\":{\"@type\":\"PropertyValueSpecification\",\"valueRequired\":true,\"valueName\":\"search_term_string\"}}],\"inLanguage\":\"fr-FR\"},{\"@type\":\"Organization\",\"@id\":\"https:\\\/\\\/www.uartes.edu.ec\\\/sitio\\\/fr\\\/#organization\",\"name\":\"Universidad de las Artes\",\"url\":\"https:\\\/\\\/www.uartes.edu.ec\\\/sitio\\\/fr\\\/\",\"logo\":{\"@type\":\"ImageObject\",\"inLanguage\":\"fr-FR\",\"@id\":\"https:\\\/\\\/www.uartes.edu.ec\\\/sitio\\\/fr\\\/#\\\/schema\\\/logo\\\/image\\\/\",\"url\":\"https:\\\/\\\/www.uartes.edu.ec\\\/sitio\\\/wp-content\\\/uploads\\\/2022\\\/07\\\/logo-ua-horizontal.png\",\"contentUrl\":\"https:\\\/\\\/www.uartes.edu.ec\\\/sitio\\\/wp-content\\\/uploads\\\/2022\\\/07\\\/logo-ua-horizontal.png\",\"width\":800,\"height\":276,\"caption\":\"Universidad de las Artes\"},\"image\":{\"@id\":\"https:\\\/\\\/www.uartes.edu.ec\\\/sitio\\\/fr\\\/#\\\/schema\\\/logo\\\/image\\\/\"},\"sameAs\":[\"https:\\\/\\\/www.facebook.com\\\/uartesec\",\"https:\\\/\\\/x.com\\\/uartesec\",\"https:\\\/\\\/www.tiktok.com\\\/@uartesec\"]},{\"@type\":\"Person\",\"@id\":\"https:\\\/\\\/www.uartes.edu.ec\\\/sitio\\\/fr\\\/#\\\/schema\\\/person\\\/efa1b8275797664fd7f13a79ccc0b1f4\",\"name\":\"ccortez\",\"image\":{\"@type\":\"ImageObject\",\"inLanguage\":\"fr-FR\",\"@id\":\"https:\\\/\\\/secure.gravatar.com\\\/avatar\\\/b2a6f664a3ae8e074346ef91775736c5ec479e637ecced6842de9dc98b5da9cd?s=96&d=mm&r=g\",\"url\":\"https:\\\/\\\/secure.gravatar.com\\\/avatar\\\/b2a6f664a3ae8e074346ef91775736c5ec479e637ecced6842de9dc98b5da9cd?s=96&d=mm&r=g\",\"contentUrl\":\"https:\\\/\\\/secure.gravatar.com\\\/avatar\\\/b2a6f664a3ae8e074346ef91775736c5ec479e637ecced6842de9dc98b5da9cd?s=96&d=mm&r=g\",\"caption\":\"ccortez\"},\"url\":\"https:\\\/\\\/www.uartes.edu.ec\\\/sitio\\\/fr\\\/blog\\\/author\\\/ccortez\\\/\"}]}<\/script>\n<!-- \/ Yoast SEO plugin. -->","yoast_head_json":{"title":"Universidad de las Artes - Feria de servicios que organiz\u00f3 la DAESCU respondi\u00f3 inquietudes y dio informaci\u00f3n a la comunidad UArtes","description":"Universidad de las Artes - Feria de servicios que organiz\u00f3 la DAESCU respondi\u00f3 inquietudes y dio informaci\u00f3n a la comunidad UArtes","robots":{"index":"index","follow":"follow","max-snippet":"max-snippet:-1","max-image-preview":"max-image-preview:large","max-video-preview":"max-video-preview:-1"},"canonical":"https:\/\/www.uartes.edu.ec\/sitio\/fr\/blog\/2023\/04\/28\/feria-de-servicios-de-la-daescu-respondio-inquietudes-de-la-comunidad-estudiantil\/","og_locale":"fr_FR","og_type":"article","og_title":"Universidad de las Artes - Feria de servicios que organiz\u00f3 la DAESCU respondi\u00f3 inquietudes y dio informaci\u00f3n a la comunidad UArtes","og_description":"Universidad de las Artes - Feria de servicios que organiz\u00f3 la DAESCU respondi\u00f3 inquietudes y dio informaci\u00f3n a la comunidad UArtes","og_url":"https:\/\/www.uartes.edu.ec\/sitio\/fr\/blog\/2023\/04\/28\/feria-de-servicios-de-la-daescu-respondio-inquietudes-de-la-comunidad-estudiantil\/","og_site_name":"Universidad de las Artes","article_publisher":"https:\/\/www.facebook.com\/uartesec","article_published_time":"2023-04-28T14:34:04+00:00","article_modified_time":"2024-07-04T16:21:15+00:00","og_image":[{"width":2000,"height":1333,"url":"https:\/\/www.uartes.edu.ec\/sitio\/wp-content\/uploads\/2023\/04\/PORTADA-FERIA-DAESCU-03.jpg","type":"image\/jpeg"}],"author":"ccortez","twitter_card":"summary_large_image","twitter_creator":"@uartesec","twitter_site":"@uartesec","twitter_misc":{"\u00c9crit par":"ccortez","Dur\u00e9e de lecture estim\u00e9e":"3 minutes"},"schema":{"@context":"https:\/\/schema.org","@graph":[{"@type":"Article","@id":"https:\/\/www.uartes.edu.ec\/sitio\/fr\/blog\/2023\/04\/28\/feria-de-servicios-de-la-daescu-respondio-inquietudes-de-la-comunidad-estudiantil\/#article","isPartOf":{"@id":"https:\/\/www.uartes.edu.ec\/sitio\/fr\/blog\/2023\/04\/28\/feria-de-servicios-de-la-daescu-respondio-inquietudes-de-la-comunidad-estudiantil\/"},"author":{"name":"ccortez","@id":"https:\/\/www.uartes.edu.ec\/sitio\/fr\/#\/schema\/person\/efa1b8275797664fd7f13a79ccc0b1f4"},"headline":"Feria de servicios que organiz\u00f3 la DAESCU respondi\u00f3 inquietudes y dio informaci\u00f3n a la comunidad UArtes","datePublished":"2023-04-28T14:34:04+00:00","dateModified":"2024-07-04T16:21:15+00:00","mainEntityOfPage":{"@id":"https:\/\/www.uartes.edu.ec\/sitio\/fr\/blog\/2023\/04\/28\/feria-de-servicios-de-la-daescu-respondio-inquietudes-de-la-comunidad-estudiantil\/"},"wordCount":410,"commentCount":0,"publisher":{"@id":"https:\/\/www.uartes.edu.ec\/sitio\/fr\/#organization"},"image":{"@id":"https:\/\/www.uartes.edu.ec\/sitio\/fr\/blog\/2023\/04\/28\/feria-de-servicios-de-la-daescu-respondio-inquietudes-de-la-comunidad-estudiantil\/#primaryimage"},"thumbnailUrl":"https:\/\/www.uartes.edu.ec\/sitio\/wp-content\/uploads\/2023\/04\/PORTADA-FERIA-DAESCU-03.jpg","keywords":["feria de servicios"],"articleSection":["Bienestar Universitario","Estudiantes","Servicios"],"inLanguage":"fr-FR","potentialAction":[{"@type":"CommentAction","name":"Comment","target":["https:\/\/www.uartes.edu.ec\/sitio\/fr\/blog\/2023\/04\/28\/feria-de-servicios-de-la-daescu-respondio-inquietudes-de-la-comunidad-estudiantil\/#respond"]}]},{"@type":["WebPage","ItemPage"],"@id":"https:\/\/www.uartes.edu.ec\/sitio\/fr\/blog\/2023\/04\/28\/feria-de-servicios-de-la-daescu-respondio-inquietudes-de-la-comunidad-estudiantil\/","url":"https:\/\/www.uartes.edu.ec\/sitio\/fr\/blog\/2023\/04\/28\/feria-de-servicios-de-la-daescu-respondio-inquietudes-de-la-comunidad-estudiantil\/","name":"Universidad de las Artes - Feria de servicios que organiz\u00f3 la DAESCU respondi\u00f3 inquietudes y dio informaci\u00f3n a la comunidad UArtes","isPartOf":{"@id":"https:\/\/www.uartes.edu.ec\/sitio\/fr\/#website"},"primaryImageOfPage":{"@id":"https:\/\/www.uartes.edu.ec\/sitio\/fr\/blog\/2023\/04\/28\/feria-de-servicios-de-la-daescu-respondio-inquietudes-de-la-comunidad-estudiantil\/#primaryimage"},"image":{"@id":"https:\/\/www.uartes.edu.ec\/sitio\/fr\/blog\/2023\/04\/28\/feria-de-servicios-de-la-daescu-respondio-inquietudes-de-la-comunidad-estudiantil\/#primaryimage"},"thumbnailUrl":"https:\/\/www.uartes.edu.ec\/sitio\/wp-content\/uploads\/2023\/04\/PORTADA-FERIA-DAESCU-03.jpg","datePublished":"2023-04-28T14:34:04+00:00","dateModified":"2024-07-04T16:21:15+00:00","description":"Universidad de las Artes - Feria de servicios que organiz\u00f3 la DAESCU respondi\u00f3 inquietudes y dio informaci\u00f3n a la comunidad UArtes","breadcrumb":{"@id":"https:\/\/www.uartes.edu.ec\/sitio\/fr\/blog\/2023\/04\/28\/feria-de-servicios-de-la-daescu-respondio-inquietudes-de-la-comunidad-estudiantil\/#breadcrumb"},"inLanguage":"fr-FR","potentialAction":[{"@type":"ReadAction","target":["https:\/\/www.uartes.edu.ec\/sitio\/fr\/blog\/2023\/04\/28\/feria-de-servicios-de-la-daescu-respondio-inquietudes-de-la-comunidad-estudiantil\/"]}]},{"@type":"ImageObject","inLanguage":"fr-FR","@id":"https:\/\/www.uartes.edu.ec\/sitio\/fr\/blog\/2023\/04\/28\/feria-de-servicios-de-la-daescu-respondio-inquietudes-de-la-comunidad-estudiantil\/#primaryimage","url":"https:\/\/www.uartes.edu.ec\/sitio\/wp-content\/uploads\/2023\/04\/PORTADA-FERIA-DAESCU-03.jpg","contentUrl":"https:\/\/www.uartes.edu.ec\/sitio\/wp-content\/uploads\/2023\/04\/PORTADA-FERIA-DAESCU-03.jpg","width":2000,"height":1333},{"@type":"BreadcrumbList","@id":"https:\/\/www.uartes.edu.ec\/sitio\/fr\/blog\/2023\/04\/28\/feria-de-servicios-de-la-daescu-respondio-inquietudes-de-la-comunidad-estudiantil\/#breadcrumb","itemListElement":[{"@type":"ListItem","position":1,"name":"Inicio","item":"https:\/\/www.uartes.edu.ec\/sitio\/"},{"@type":"ListItem","position":2,"name":"Feria de servicios que organiz\u00f3 la DAESCU respondi\u00f3 inquietudes y dio informaci\u00f3n a la comunidad UArtes"}]},{"@type":"WebSite","@id":"https:\/\/www.uartes.edu.ec\/sitio\/fr\/#website","url":"https:\/\/www.uartes.edu.ec\/sitio\/fr\/","name":"Universidad de las Artes","description":"Sitio oficial de la Universidad Nacional de las Artes del Ecuador","publisher":{"@id":"https:\/\/www.uartes.edu.ec\/sitio\/fr\/#organization"},"potentialAction":[{"@type":"SearchAction","target":{"@type":"EntryPoint","urlTemplate":"https:\/\/www.uartes.edu.ec\/sitio\/fr\/?s={search_term_string}"},"query-input":{"@type":"PropertyValueSpecification","valueRequired":true,"valueName":"search_term_string"}}],"inLanguage":"fr-FR"},{"@type":"Organization","@id":"https:\/\/www.uartes.edu.ec\/sitio\/fr\/#organization","name":"Universidad de las Artes","url":"https:\/\/www.uartes.edu.ec\/sitio\/fr\/","logo":{"@type":"ImageObject","inLanguage":"fr-FR","@id":"https:\/\/www.uartes.edu.ec\/sitio\/fr\/#\/schema\/logo\/image\/","url":"https:\/\/www.uartes.edu.ec\/sitio\/wp-content\/uploads\/2022\/07\/logo-ua-horizontal.png","contentUrl":"https:\/\/www.uartes.edu.ec\/sitio\/wp-content\/uploads\/2022\/07\/logo-ua-horizontal.png","width":800,"height":276,"caption":"Universidad de las Artes"},"image":{"@id":"https:\/\/www.uartes.edu.ec\/sitio\/fr\/#\/schema\/logo\/image\/"},"sameAs":["https:\/\/www.facebook.com\/uartesec","https:\/\/x.com\/uartesec","https:\/\/www.tiktok.com\/@uartesec"]},{"@type":"Person","@id":"https:\/\/www.uartes.edu.ec\/sitio\/fr\/#\/schema\/person\/efa1b8275797664fd7f13a79ccc0b1f4","name":"ccortez","image":{"@type":"ImageObject","inLanguage":"fr-FR","@id":"https:\/\/secure.gravatar.com\/avatar\/b2a6f664a3ae8e074346ef91775736c5ec479e637ecced6842de9dc98b5da9cd?s=96&d=mm&r=g","url":"https:\/\/secure.gravatar.com\/avatar\/b2a6f664a3ae8e074346ef91775736c5ec479e637ecced6842de9dc98b5da9cd?s=96&d=mm&r=g","contentUrl":"https:\/\/secure.gravatar.com\/avatar\/b2a6f664a3ae8e074346ef91775736c5ec479e637ecced6842de9dc98b5da9cd?s=96&d=mm&r=g","caption":"ccortez"},"url":"https:\/\/www.uartes.edu.ec\/sitio\/fr\/blog\/author\/ccortez\/"}]}},"uagb_featured_image_src":{"full":["https:\/\/www.uartes.edu.ec\/sitio\/wp-content\/uploads\/2023\/04\/PORTADA-FERIA-DAESCU-03.jpg",2000,1333,false],"thumbnail":["https:\/\/www.uartes.edu.ec\/sitio\/wp-content\/uploads\/2023\/04\/PORTADA-FERIA-DAESCU-03-150x150.jpg",150,150,true],"medium":["https:\/\/www.uartes.edu.ec\/sitio\/wp-content\/uploads\/2023\/04\/PORTADA-FERIA-DAESCU-03-300x200.jpg",300,200,true],"medium_large":["https:\/\/www.uartes.edu.ec\/sitio\/wp-content\/uploads\/2023\/04\/PORTADA-FERIA-DAESCU-03-768x512.jpg",768,512,true],"large":["https:\/\/www.uartes.edu.ec\/sitio\/wp-content\/uploads\/2023\/04\/PORTADA-FERIA-DAESCU-03-644x429.jpg",644,429,true],"1536x1536":["https:\/\/www.uartes.edu.ec\/sitio\/wp-content\/uploads\/2023\/04\/PORTADA-FERIA-DAESCU-03-1536x1024.jpg",1536,1024,true],"2048x2048":["https:\/\/www.uartes.edu.ec\/sitio\/wp-content\/uploads\/2023\/04\/PORTADA-FERIA-DAESCU-03.jpg",2000,1333,false],"trp-custom-language-flag":["https:\/\/www.uartes.edu.ec\/sitio\/wp-content\/uploads\/2023\/04\/PORTADA-FERIA-DAESCU-03.jpg",18,12,false],"htmega_size_585x295":["https:\/\/www.uartes.edu.ec\/sitio\/wp-content\/uploads\/2023\/04\/PORTADA-FERIA-DAESCU-03-585x295.jpg",585,295,true],"htmega_size_1170x536":["https:\/\/www.uartes.edu.ec\/sitio\/wp-content\/uploads\/2023\/04\/PORTADA-FERIA-DAESCU-03-1170x536.jpg",1170,536,true],"htmega_size_396x360":["https:\/\/www.uartes.edu.ec\/sitio\/wp-content\/uploads\/2023\/04\/PORTADA-FERIA-DAESCU-03-396x360.jpg",396,360,true],"gb-block-post-grid-landscape":["https:\/\/www.uartes.edu.ec\/sitio\/wp-content\/uploads\/2023\/04\/PORTADA-FERIA-DAESCU-03-600x400.jpg",600,400,true],"gb-block-post-grid-square":["https:\/\/www.uartes.edu.ec\/sitio\/wp-content\/uploads\/2023\/04\/PORTADA-FERIA-DAESCU-03-600x600.jpg",600,600,true],"university-hub-thumb":["https:\/\/www.uartes.edu.ec\/sitio\/wp-content\/uploads\/2023\/04\/PORTADA-FERIA-DAESCU-03-400x267.jpg",400,267,true]},"uagb_author_info":{"display_name":"ccortez","author_link":"https:\/\/www.uartes.edu.ec\/sitio\/fr\/blog\/author\/ccortez\/"},"uagb_comment_info":0,"uagb_excerpt":"Como en semestres anteriores, la Direcci\u00f3n de Asuntos Estudiantiles y Comunidad Universitaria (DAESCU) organiz\u00f3 para el inicio de este una feria de servicios estudiantiles, a fin de informarlos de los beneficios con los que cuentan. Tuvo lugar dos d\u00edas, mi\u00e9rcoles 26 y jueves 27, en el Pasaje Illingworth. All\u00ed se instalaron stands de varios departamentos\u2026","featured_image_src":"https:\/\/www.uartes.edu.ec\/sitio\/wp-content\/uploads\/2023\/04\/PORTADA-FERIA-DAESCU-03-600x400.jpg","featured_image_src_square":"https:\/\/www.uartes.edu.ec\/sitio\/wp-content\/uploads\/2023\/04\/PORTADA-FERIA-DAESCU-03-600x600.jpg","author_info":{"display_name":"ccortez","author_link":"https:\/\/www.uartes.edu.ec\/sitio\/fr\/blog\/author\/ccortez\/"},"publishpress_future_workflow_manual_trigger":{"enabledWorkflows":[]},"distributor_meta":false,"distributor_terms":false,"distributor_media":false,"distributor_original_site_name":"Universidad de las Artes","distributor_original_site_url":"https:\/\/www.uartes.edu.ec\/sitio\/fr","push-errors":false,"_links":{"self":[{"href":"https:\/\/www.uartes.edu.ec\/sitio\/fr\/wp-json\/wp\/v2\/posts\/41429","targetHints":{"allow":["GET"]}}],"collection":[{"href":"https:\/\/www.uartes.edu.ec\/sitio\/fr\/wp-json\/wp\/v2\/posts"}],"about":[{"href":"https:\/\/www.uartes.edu.ec\/sitio\/fr\/wp-json\/wp\/v2\/types\/post"}],"author":[{"embeddable":true,"href":"https:\/\/www.uartes.edu.ec\/sitio\/fr\/wp-json\/wp\/v2\/users\/10"}],"replies":[{"embeddable":true,"href":"https:\/\/www.uartes.edu.ec\/sitio\/fr\/wp-json\/wp\/v2\/comments?post=41429"}],"version-history":[{"count":5,"href":"https:\/\/www.uartes.edu.ec\/sitio\/fr\/wp-json\/wp\/v2\/posts\/41429\/revisions"}],"predecessor-version":[{"id":41443,"href":"https:\/\/www.uartes.edu.ec\/sitio\/fr\/wp-json\/wp\/v2\/posts\/41429\/revisions\/41443"}],"wp:featuredmedia":[{"embeddable":true,"href":"https:\/\/www.uartes.edu.ec\/sitio\/fr\/wp-json\/wp\/v2\/media\/41430"}],"wp:attachment":[{"href":"https:\/\/www.uartes.edu.ec\/sitio\/fr\/wp-json\/wp\/v2\/media?parent=41429"}],"wp:term":[{"taxonomy":"category","embeddable":true,"href":"https:\/\/www.uartes.edu.ec\/sitio\/fr\/wp-json\/wp\/v2\/categories?post=41429"},{"taxonomy":"post_tag","embeddable":true,"href":"https:\/\/www.uartes.edu.ec\/sitio\/fr\/wp-json\/wp\/v2\/tags?post=41429"},{"taxonomy":"infouartes","embeddable":true,"href":"https:\/\/www.uartes.edu.ec\/sitio\/fr\/wp-json\/wp\/v2\/infouartes?post=41429"}],"curies":[{"name":"wp","href":"https:\/\/api.w.org\/{rel}","templated":true}]}}