{"id":41592,"date":"2023-05-02T18:00:58","date_gmt":"2023-05-02T23:00:58","guid":{"rendered":"https:\/\/www.uartes.edu.ec\/sitio\/?p=41592"},"modified":"2024-07-04T11:21:15","modified_gmt":"2024-07-04T16:21:15","slug":"uapk-se-sumo-al-proyecto-amiguitos-del-oceano-y-trabajo-talleres-en-ayangue","status":"publish","type":"post","link":"https:\/\/www.uartes.edu.ec\/sitio\/fr\/blog\/2023\/05\/02\/uapk-se-sumo-al-proyecto-amiguitos-del-oceano-y-trabajo-talleres-en-ayangue\/","title":{"rendered":"UAPK se suma a otras iniciativas en territorio y coopera con Amiguitos del Oc\u00e9ano en la Comuna de Ayangue"},"content":{"rendered":"<p>El proyecto de Vinculaci\u00f3n con la Comunidad UAProyectKids, de la Universidad de las Artes, contin\u00faa generando lazos de cooperaci\u00f3n para impulsar una educaci\u00f3n intercultural biling\u00fce de calidad. Adem\u00e1s, siempre a partir del cumplimiento de las horas de pr\u00e1cticas preprofesionales requeridas para graduarse, los estudiantes que intervienen en la propuesta apuestan tambi\u00e9n a convertirse en un referente de material art\u00edstico-l\u00fadico-pedag\u00f3gico para lograr el empoderamiento en la ni\u00f1ez y la adolescencia con un enfoque local.<\/p>\n\n\n\n<p>Es por eso que el proyecto se suma a otras iniciativas en territorio, que est\u00e9n cultivando el surgimiento de agentes de cambio dentro de comunidades de aprendizaje, con el fin de incidir en soluciones socioambientales a trav\u00e9s de las artes. Tal es el caso de cooperaci\u00f3n con la Fundaci\u00f3n Amiguitos del Oc\u00e9ano, una organizaci\u00f3n sin fines de lucro que ejecuta un Programa de Educaci\u00f3n Oce\u00e1nica para Comunidades Costeras en Ayangue, Ecuador.<\/p>\n\n\n\n<p>Habitantes de esta zona han dedicado recursos en comunidad para desarrollar este espacio para que ni\u00f1os y ni\u00f1as puedan empoderarse en su lucha para proteger el mar mediante la educaci\u00f3n oce\u00e1nica.<\/p>\n\n\n<div class=\"wp-block-image\">\n<figure class=\"aligncenter size-large\"><img fetchpriority=\"high\" decoding=\"async\" width=\"644\" height=\"429\" src=\"https:\/\/www.uartes.edu.ec\/sitio\/wp-content\/uploads\/2023\/05\/AMIGOS-OCEANO-04-644x429.jpg\" alt=\"\" class=\"wp-image-41594\" srcset=\"https:\/\/www.uartes.edu.ec\/sitio\/wp-content\/uploads\/2023\/05\/AMIGOS-OCEANO-04-644x429.jpg 644w, https:\/\/www.uartes.edu.ec\/sitio\/wp-content\/uploads\/2023\/05\/AMIGOS-OCEANO-04-768x511.jpg 768w, https:\/\/www.uartes.edu.ec\/sitio\/wp-content\/uploads\/2023\/05\/AMIGOS-OCEANO-04.jpg 2000w, https:\/\/www.uartes.edu.ec\/sitio\/wp-content\/uploads\/2023\/05\/AMIGOS-OCEANO-04-600x399.jpg 600w, https:\/\/www.uartes.edu.ec\/sitio\/wp-content\/uploads\/2023\/05\/AMIGOS-OCEANO-04-272x182.jpg 272w\" sizes=\"(max-width: 644px) 100vw, 644px\" \/><\/figure>\n<\/div>\n\n\n<p>Bea Almonacil, educadora de la fundaci\u00f3n, manifest\u00f3 que este proyecto de vinculaci\u00f3n ha sido algo muy motivador para los ni\u00f1os del ecoclub Ayangue Limpio.<\/p>\n\n\n\n<p>\u201cAdem\u00e1s de reforzar los aprendizajes y comportamientos proambientales que queremos mejorar en nuestros destinatarios, el proyecto ha permitido vincular a otros ni\u00f1os\/as de la comunidad a ser la voz que el oc\u00e9ano necesita. Sinceramente, me sigo emocionando cada vez que escucho a los ni\u00f1os\/as de la comunidad cantar<em><strong> <\/strong><\/em>&#8216;recoge la basura aunque no sea tuya&#8217;, una canci\u00f3n superpoderosa y que nace con ayuda de este proyecto para poder poner palabras a los anhelos de los ni\u00f1os\u201d, dijo.<\/p>\n\n\n\n<p>Otra de sus guardianas, Daniela Hill, agreg\u00f3: \u201cUno de los pilares de nuestra fundaci\u00f3n es la Educaci\u00f3n Oce\u00e1nica y para nosotros el &#8216;compartir oc\u00e9ano&#8217; no es solo posible a trav\u00e9s de la educaci\u00f3n, sino tambi\u00e9n a trav\u00e9s del arte y de la cultura, que nos permite remembrar a nuestros antepasados y reconocer su conexi\u00f3n, respeto y amor por el mar. La cultura oce\u00e1nica nos hace entender esta interconexi\u00f3n que tenemos con el oc\u00e9ano y que el oc\u00e9ano tiene con nosotros, por ende, el explorar nuevas formas de vincularnos y acercarnos al mar con m\u00fasica, movimiento, pintura y otros siempre es una aventura que emociona a la fundaci\u00f3n y a nuestros ni\u00f1os y ni\u00f1as\u201d.<\/p>\n\n\n\n<p>Hill expres\u00f3 su agradecimiento a la UArtes, \u201ca sus profesores, estudiantes y, sobre todo, a quienes han vivido junto a nosotros la experiencia de compartir el oc\u00e9ano en nuestra querida Comuna de Ayangue, a trav\u00e9s de sus dones art\u00edsticos. Esperamos que este sea el inicio de m\u00e1s colaboraciones, que revolucionen la expresi\u00f3n y comunicaci\u00f3n ambiental mediante el arte y la cultura\u201d.<\/p>\n\n\n<div class=\"wp-block-image\">\n<figure class=\"aligncenter size-large\"><img decoding=\"async\" width=\"644\" height=\"429\" src=\"https:\/\/www.uartes.edu.ec\/sitio\/wp-content\/uploads\/2023\/05\/AMIGOS-OCEANO-05-644x429.jpg\" alt=\"\" class=\"wp-image-41595\" srcset=\"https:\/\/www.uartes.edu.ec\/sitio\/wp-content\/uploads\/2023\/05\/AMIGOS-OCEANO-05-644x429.jpg 644w, https:\/\/www.uartes.edu.ec\/sitio\/wp-content\/uploads\/2023\/05\/AMIGOS-OCEANO-05-768x511.jpg 768w, https:\/\/www.uartes.edu.ec\/sitio\/wp-content\/uploads\/2023\/05\/AMIGOS-OCEANO-05.jpg 2000w, https:\/\/www.uartes.edu.ec\/sitio\/wp-content\/uploads\/2023\/05\/AMIGOS-OCEANO-05-600x399.jpg 600w, https:\/\/www.uartes.edu.ec\/sitio\/wp-content\/uploads\/2023\/05\/AMIGOS-OCEANO-05-272x182.jpg 272w\" sizes=\"(max-width: 644px) 100vw, 644px\" \/><\/figure>\n<\/div>\n\n\n<p>UAProyectkids coincidi\u00f3 con Amiguitos del Oc\u00e9ano cuando justamente Daniela Hill acudi\u00f3 a la universidad para generar una cooperaci\u00f3n educativa a trav\u00e9s de las artes. El administrador del proyecto, el docente Fernando Intriago, incluy\u00f3 a la comunidad de Ayangue como uno de los puntos de incidencia para el proyecto. Sus miembros artistas han venido visitando once comunidades para el aprendizaje, dentro de las provincias de Guayas, Santa Elena y Manab\u00ed, con el fin de recopilar suficientes testimonios, sonoridades y paisajes para crear los productos UAPK; actualmente trabaja en la conformaci\u00f3n del programa b\u00e1sico de ingl\u00e9s junto con la Universidad Nacional de Educaci\u00f3n (UNAE).<\/p>\n\n\n\n<p>Esta cooperaci\u00f3n entre universidades hermanas pretende pilotar un programa llamado Kuyay: English through Arts, basado en el Modelo Chango que est\u00e1 siendo promovido por la Fundaci\u00f3n Vueltas y Unidos por la Educaci\u00f3n, otras organizaciones con las que UAPK ha colaborado para lograr cumplir con esta misi\u00f3n educativa muy necesaria para la mejora de la educaci\u00f3n en el pa\u00eds.<\/p>\n\n\n\n<p>Se pretende ense\u00f1ar ingl\u00e9s, pero lo verdaderamente innovador de estos productos es su potencial para educar socioambientalmente a la poblaci\u00f3n en valores como ecolog\u00eda, derechos de la ni\u00f1ez, enfoques de g\u00e9nero e interculturalidad.<\/p>\n\n\n\n<p>El 4 de febrero del 2023, UAPK visit\u00f3 a la comunidad de Ol\u00f3n y se reuni\u00f3 con los Amiguitos del Oc\u00e9ano para realizar una minga de limpieza junto con otros miembros de varias comunidades en la Costa ecuatoriana. Los ni\u00f1os y las ni\u00f1as, proclamados guardianes de este ecosistema, lideraron la limpieza de varios kil\u00f3metros.<\/p>\n\n\n<div class=\"wp-block-image\">\n<figure class=\"aligncenter size-large\"><img decoding=\"async\" width=\"644\" height=\"429\" src=\"https:\/\/www.uartes.edu.ec\/sitio\/wp-content\/uploads\/2023\/05\/AMIGOS-OCEANO-02-644x429.jpg\" alt=\"\" class=\"wp-image-41596\" srcset=\"https:\/\/www.uartes.edu.ec\/sitio\/wp-content\/uploads\/2023\/05\/AMIGOS-OCEANO-02-644x429.jpg 644w, https:\/\/www.uartes.edu.ec\/sitio\/wp-content\/uploads\/2023\/05\/AMIGOS-OCEANO-02-768x511.jpg 768w, https:\/\/www.uartes.edu.ec\/sitio\/wp-content\/uploads\/2023\/05\/AMIGOS-OCEANO-02.jpg 2000w, https:\/\/www.uartes.edu.ec\/sitio\/wp-content\/uploads\/2023\/05\/AMIGOS-OCEANO-02-600x399.jpg 600w, https:\/\/www.uartes.edu.ec\/sitio\/wp-content\/uploads\/2023\/05\/AMIGOS-OCEANO-02-272x182.jpg 272w\" sizes=\"(max-width: 644px) 100vw, 644px\" \/><\/figure>\n<\/div>\n\n\n<p>Pasantes de UAPK realizaron la investigaci\u00f3n de campo para productos de la Unidad 1 del programa y se interesaron profundamente por la acci\u00f3n ec\u00f3logo pol\u00edtica de este grupo de ni\u00f1os y ni\u00f1as, quienes los guiaron hacia su comunidad en Ayangue para, en una reuni\u00f3n, determinar en qu\u00e9 podr\u00edan ayudar los y las artistas del proyecto de Vinculaci\u00f3n con la Comunidad de la UArtes. Fue un intercambio ameno y de gran admiraci\u00f3n entre las partes que result\u00f3 en una puerta abierta para colaborar a futuro.<\/p>\n\n\n\n<p>Posteriormente, se dio la primera misi\u00f3n solicitada por Amiguitos del Oc\u00e9ano para UAPK, la cual fue asumida exitosamente por el estudiante Adri\u00e1n Ram\u00edrez, quien cursa el noveno semestre de la carrera de Artes Visuales. De c\u00f3mo lleg\u00f3 al proyecto y de la experiencia, \u00e9l indic\u00f3: \u201cMi v\u00ednculo con UAPK empez\u00f3 en 2022 con el inter\u00e9s propio de realizar mis practicas comunitarias. Empec\u00e9 trabajando afiches y documentos para el CEAT, luego apareci\u00f3 esta oportunidad y fui invitado para participar en una reuni\u00f3n v\u00eda Zoom con Amiguitos del Oc\u00e9ano. Nos explicaron c\u00f3mo se manejaba y sus necesidades, y como siempre he trabajado en la comunidad, y desde los 19 a\u00f1os con ni\u00f1os, dije este proyecto es para m\u00ed\u201d.<\/p>\n\n\n\n<p>Ram\u00edrez a\u00f1adi\u00f3 haber dado a conocer su experiencia y lo que pod\u00eda aportar. As\u00ed fue c\u00f3mo vincul\u00f3 sus horas de PPP con Amiguitos del Oc\u00e9ano. \u201cSe hizo una planificaci\u00f3n muy interesante, pues eran talleres en los cuales yo trabajar\u00eda con los chicos. Instrumentos, m\u00e1scaras y gorros, con materiales recolectados por ellos durante las mingas que realizan en la playa. (\u2026) Viajaba una vez a la semana y quedaba en la comuna tres d\u00edas trabajando los talleres. Tuve el privilegio de realizar dos murales, uno principal y otro secundario en la casa de la fundaci\u00f3n, la Casa Marina, como la llaman. Me gust\u00f3 mucho que mis pr\u00e1cticas se dieran en territorio; salir de la ciudad a una comuna, conectar con gente comprometida y lo que hacen, una experiencia que repetir\u00eda y recomendar\u00eda a m\u00e1s pasantes\u201d.<\/p>\n\n\n<div class=\"wp-block-image\">\n<figure class=\"aligncenter size-large\"><img loading=\"lazy\" decoding=\"async\" width=\"644\" height=\"429\" src=\"https:\/\/www.uartes.edu.ec\/sitio\/wp-content\/uploads\/2023\/05\/AMIGOS-OCEANO-03-644x429.jpg\" alt=\"\" class=\"wp-image-41597\" srcset=\"https:\/\/www.uartes.edu.ec\/sitio\/wp-content\/uploads\/2023\/05\/AMIGOS-OCEANO-03-644x429.jpg 644w, https:\/\/www.uartes.edu.ec\/sitio\/wp-content\/uploads\/2023\/05\/AMIGOS-OCEANO-03-768x511.jpg 768w, https:\/\/www.uartes.edu.ec\/sitio\/wp-content\/uploads\/2023\/05\/AMIGOS-OCEANO-03.jpg 2000w, https:\/\/www.uartes.edu.ec\/sitio\/wp-content\/uploads\/2023\/05\/AMIGOS-OCEANO-03-600x399.jpg 600w, https:\/\/www.uartes.edu.ec\/sitio\/wp-content\/uploads\/2023\/05\/AMIGOS-OCEANO-03-272x182.jpg 272w\" sizes=\"(max-width: 644px) 100vw, 644px\" \/><\/figure>\n<\/div>\n\n\n<p>A los resultados Ram\u00edrez los calific\u00f3 como alentadores: instrumentos elaborados con material reciclado, m\u00e1scaras y gorros muy creativos; dos murales que retratan la identidad de la fundaci\u00f3n. \u201cLlegamos a premiar a uno de los ni\u00f1os que mejor decor\u00f3 su maraca. Esto como un aporte de mi parte para motivarlo durante los talleres y lograr as\u00ed mejores desempe\u00f1os\u201d, precis\u00f3 e indic\u00f3 que lo elaborado en los talleres fueron utilizados en el Festival del Bongo Pescador.<\/p>\n\n\n\n<p>En el marco del proyecto se compuso una canci\u00f3n. Ram\u00edrez comparti\u00f3 su l\u00edrica y el docente Fernando Intriago revel\u00f3 que pasantes del equipo sonoro apuntan a musicalizarla en g\u00e9nero reggaet\u00f3n: Los ni\u00f1os de Ayangue tenemos un mensaje: \/Queremos un futuro con aire puro, oc\u00e9ano limpio por todo el mundo. Recoge la basura, aunque no se tuya (coro). El oc\u00e9ano es hermoso y lo debemos cuidar \/si botas la basura me siento muy mal. Recoge la basura, aunque no se tuya (coro). \/\u00a1Por el mar, con la recolecci\u00f3n nos ponemos en acci\u00f3n!\u201d.<\/p>\n\n\n\n<p>La UArtes desea cooperar con fundaciones e instituciones educativas en territorio para brindar a ni\u00f1os, ni\u00f1as y adolescentes experiencias similares a la que se ha logrado con Amiguitos del Oc\u00e9ano. Para quienes desean dise\u00f1ar y trabajar con UAPK en sus territorios, sea creando programas de educaci\u00f3n biling\u00fce o creando para la educaci\u00f3n socioambiental a trav\u00e9s de las artes, no duden en contactar a los y las pasantes de este proyecto de Vinculaci\u00f3n con la Comunidad a proyect.kids@uartes.edu.ec o al encargado actual del proyecto fernando.intriago@uartes.edu.ec<\/p>\n\n\n\n<p>Texto y fotos: Proyecto de Vinculaci\u00f3n con la Comunidad UAProyectKids.<\/p>","protected":false},"excerpt":{"rendered":"<p>UAProyectKids (UAPK) es un proyecto de Vinculaci\u00f3n con la Comunidad de la UArtes que genera lazos de cooperaci\u00f3n para impulsar una educaci\u00f3n intercultural biling\u00fce de calidad en el Ecuador; se suma tambi\u00e9n a otras iniciativas en territorio, con la finalidad de incidir en soluciones socioambientales a trav\u00e9s de las artes. Una de estas propuestas ha sido con la Fundaci\u00f3n Amiguitos del Oc\u00e9ano.  <\/p>","protected":false},"author":10,"featured_media":41593,"comment_status":"open","ping_status":"open","sticky":false,"template":"","format":"standard","meta":{"_acf_changed":false,"_uag_custom_page_level_css":"","_monsterinsights_skip_tracking":false,"_monsterinsights_sitenote_active":false,"_monsterinsights_sitenote_note":"","_monsterinsights_sitenote_category":0,"cybocfi_hide_featured_image":"","footnotes":""},"categories":[714,159,150,157,147,75,76,77,175,79],"tags":[540],"infouartes":[],"class_list":["post-41592","post","type-post","status-publish","format-standard","has-post-thumbnail","hentry","category-2b","category-artes-escenicas","category-artes-sonoras","category-artes-visuales","category-cine","category-docentes","category-estudiantes","category-gestion","category-literatura","category-vinculo","tag-proyecto"],"acf":[],"yoast_head":"<!-- This site is optimized with the Yoast SEO plugin v27.4 - https:\/\/yoast.com\/product\/yoast-seo-wordpress\/ -->\n<title>Universidad de las Artes - UAPK se suma a otras iniciativas en territorio y coopera con Amiguitos del Oc\u00e9ano en la Comuna de Ayangue<\/title>\n<meta name=\"description\" content=\"Universidad de las Artes - UAPK se suma a otras iniciativas en territorio y coopera con Amiguitos del Oc\u00e9ano en la Comuna de Ayangue\" \/>\n<meta name=\"robots\" content=\"index, follow, max-snippet:-1, max-image-preview:large, max-video-preview:-1\" \/>\n<link rel=\"canonical\" href=\"https:\/\/www.uartes.edu.ec\/sitio\/fr\/blog\/2023\/05\/02\/uapk-se-sumo-al-proyecto-amiguitos-del-oceano-y-trabajo-talleres-en-ayangue\/\" \/>\n<meta property=\"og:locale\" content=\"fr_FR\" \/>\n<meta property=\"og:type\" content=\"article\" \/>\n<meta property=\"og:title\" content=\"Universidad de las Artes - UAPK se suma a otras iniciativas en territorio y coopera con Amiguitos del Oc\u00e9ano en la Comuna de Ayangue\" \/>\n<meta property=\"og:description\" content=\"Universidad de las Artes - UAPK se suma a otras iniciativas en territorio y coopera con Amiguitos del Oc\u00e9ano en la Comuna de Ayangue\" \/>\n<meta property=\"og:url\" content=\"https:\/\/www.uartes.edu.ec\/sitio\/fr\/blog\/2023\/05\/02\/uapk-se-sumo-al-proyecto-amiguitos-del-oceano-y-trabajo-talleres-en-ayangue\/\" \/>\n<meta property=\"og:site_name\" content=\"Universidad de las Artes\" \/>\n<meta property=\"article:publisher\" content=\"https:\/\/www.facebook.com\/uartesec\" \/>\n<meta property=\"article:published_time\" content=\"2023-05-02T23:00:58+00:00\" \/>\n<meta property=\"article:modified_time\" content=\"2024-07-04T16:21:15+00:00\" \/>\n<meta property=\"og:image\" content=\"https:\/\/www.uartes.edu.ec\/sitio\/wp-content\/uploads\/2023\/05\/AMIGOS-OCEANO-01.jpg\" \/>\n\t<meta property=\"og:image:width\" content=\"2000\" \/>\n\t<meta property=\"og:image:height\" content=\"1333\" \/>\n\t<meta property=\"og:image:type\" content=\"image\/jpeg\" \/>\n<meta name=\"author\" content=\"ccortez\" \/>\n<meta name=\"twitter:card\" content=\"summary_large_image\" \/>\n<meta name=\"twitter:creator\" content=\"@uartesec\" \/>\n<meta name=\"twitter:site\" content=\"@uartesec\" \/>\n<meta name=\"twitter:label1\" content=\"\u00c9crit par\" \/>\n\t<meta name=\"twitter:data1\" content=\"ccortez\" \/>\n\t<meta name=\"twitter:label2\" content=\"Dur\u00e9e de lecture estim\u00e9e\" \/>\n\t<meta name=\"twitter:data2\" content=\"7 minutes\" \/>\n<script type=\"application\/ld+json\" class=\"yoast-schema-graph\">{\"@context\":\"https:\\\/\\\/schema.org\",\"@graph\":[{\"@type\":\"Article\",\"@id\":\"https:\\\/\\\/www.uartes.edu.ec\\\/sitio\\\/fr\\\/blog\\\/2023\\\/05\\\/02\\\/uapk-se-sumo-al-proyecto-amiguitos-del-oceano-y-trabajo-talleres-en-ayangue\\\/#article\",\"isPartOf\":{\"@id\":\"https:\\\/\\\/www.uartes.edu.ec\\\/sitio\\\/fr\\\/blog\\\/2023\\\/05\\\/02\\\/uapk-se-sumo-al-proyecto-amiguitos-del-oceano-y-trabajo-talleres-en-ayangue\\\/\"},\"author\":{\"name\":\"ccortez\",\"@id\":\"https:\\\/\\\/www.uartes.edu.ec\\\/sitio\\\/fr\\\/#\\\/schema\\\/person\\\/efa1b8275797664fd7f13a79ccc0b1f4\"},\"headline\":\"UAPK se suma a otras iniciativas en territorio y coopera con Amiguitos del Oc\u00e9ano en la Comuna de Ayangue\",\"datePublished\":\"2023-05-02T23:00:58+00:00\",\"dateModified\":\"2024-07-04T16:21:15+00:00\",\"mainEntityOfPage\":{\"@id\":\"https:\\\/\\\/www.uartes.edu.ec\\\/sitio\\\/fr\\\/blog\\\/2023\\\/05\\\/02\\\/uapk-se-sumo-al-proyecto-amiguitos-del-oceano-y-trabajo-talleres-en-ayangue\\\/\"},\"wordCount\":1456,\"commentCount\":0,\"publisher\":{\"@id\":\"https:\\\/\\\/www.uartes.edu.ec\\\/sitio\\\/fr\\\/#organization\"},\"image\":{\"@id\":\"https:\\\/\\\/www.uartes.edu.ec\\\/sitio\\\/fr\\\/blog\\\/2023\\\/05\\\/02\\\/uapk-se-sumo-al-proyecto-amiguitos-del-oceano-y-trabajo-talleres-en-ayangue\\\/#primaryimage\"},\"thumbnailUrl\":\"https:\\\/\\\/www.uartes.edu.ec\\\/sitio\\\/wp-content\\\/uploads\\\/2023\\\/05\\\/AMIGOS-OCEANO-01.jpg\",\"keywords\":[\"proyecto\"],\"articleSection\":[\"2B\",\"Artes Esc\u00e9nicas\",\"Artes Sonoras\",\"Artes Visuales\",\"Cine\",\"Docentes\",\"Estudiantes\",\"Gesti\u00f3n\",\"Literatura\",\"V\u00ednculo\"],\"inLanguage\":\"fr-FR\",\"potentialAction\":[{\"@type\":\"CommentAction\",\"name\":\"Comment\",\"target\":[\"https:\\\/\\\/www.uartes.edu.ec\\\/sitio\\\/fr\\\/blog\\\/2023\\\/05\\\/02\\\/uapk-se-sumo-al-proyecto-amiguitos-del-oceano-y-trabajo-talleres-en-ayangue\\\/#respond\"]}]},{\"@type\":[\"WebPage\",\"ItemPage\"],\"@id\":\"https:\\\/\\\/www.uartes.edu.ec\\\/sitio\\\/fr\\\/blog\\\/2023\\\/05\\\/02\\\/uapk-se-sumo-al-proyecto-amiguitos-del-oceano-y-trabajo-talleres-en-ayangue\\\/\",\"url\":\"https:\\\/\\\/www.uartes.edu.ec\\\/sitio\\\/fr\\\/blog\\\/2023\\\/05\\\/02\\\/uapk-se-sumo-al-proyecto-amiguitos-del-oceano-y-trabajo-talleres-en-ayangue\\\/\",\"name\":\"Universidad de las Artes - UAPK se suma a otras iniciativas en territorio y coopera con Amiguitos del Oc\u00e9ano en la Comuna de Ayangue\",\"isPartOf\":{\"@id\":\"https:\\\/\\\/www.uartes.edu.ec\\\/sitio\\\/fr\\\/#website\"},\"primaryImageOfPage\":{\"@id\":\"https:\\\/\\\/www.uartes.edu.ec\\\/sitio\\\/fr\\\/blog\\\/2023\\\/05\\\/02\\\/uapk-se-sumo-al-proyecto-amiguitos-del-oceano-y-trabajo-talleres-en-ayangue\\\/#primaryimage\"},\"image\":{\"@id\":\"https:\\\/\\\/www.uartes.edu.ec\\\/sitio\\\/fr\\\/blog\\\/2023\\\/05\\\/02\\\/uapk-se-sumo-al-proyecto-amiguitos-del-oceano-y-trabajo-talleres-en-ayangue\\\/#primaryimage\"},\"thumbnailUrl\":\"https:\\\/\\\/www.uartes.edu.ec\\\/sitio\\\/wp-content\\\/uploads\\\/2023\\\/05\\\/AMIGOS-OCEANO-01.jpg\",\"datePublished\":\"2023-05-02T23:00:58+00:00\",\"dateModified\":\"2024-07-04T16:21:15+00:00\",\"description\":\"Universidad de las Artes - UAPK se suma a otras iniciativas en territorio y coopera con Amiguitos del Oc\u00e9ano en la Comuna de Ayangue\",\"breadcrumb\":{\"@id\":\"https:\\\/\\\/www.uartes.edu.ec\\\/sitio\\\/fr\\\/blog\\\/2023\\\/05\\\/02\\\/uapk-se-sumo-al-proyecto-amiguitos-del-oceano-y-trabajo-talleres-en-ayangue\\\/#breadcrumb\"},\"inLanguage\":\"fr-FR\",\"potentialAction\":[{\"@type\":\"ReadAction\",\"target\":[\"https:\\\/\\\/www.uartes.edu.ec\\\/sitio\\\/fr\\\/blog\\\/2023\\\/05\\\/02\\\/uapk-se-sumo-al-proyecto-amiguitos-del-oceano-y-trabajo-talleres-en-ayangue\\\/\"]}]},{\"@type\":\"ImageObject\",\"inLanguage\":\"fr-FR\",\"@id\":\"https:\\\/\\\/www.uartes.edu.ec\\\/sitio\\\/fr\\\/blog\\\/2023\\\/05\\\/02\\\/uapk-se-sumo-al-proyecto-amiguitos-del-oceano-y-trabajo-talleres-en-ayangue\\\/#primaryimage\",\"url\":\"https:\\\/\\\/www.uartes.edu.ec\\\/sitio\\\/wp-content\\\/uploads\\\/2023\\\/05\\\/AMIGOS-OCEANO-01.jpg\",\"contentUrl\":\"https:\\\/\\\/www.uartes.edu.ec\\\/sitio\\\/wp-content\\\/uploads\\\/2023\\\/05\\\/AMIGOS-OCEANO-01.jpg\",\"width\":2000,\"height\":1333},{\"@type\":\"BreadcrumbList\",\"@id\":\"https:\\\/\\\/www.uartes.edu.ec\\\/sitio\\\/fr\\\/blog\\\/2023\\\/05\\\/02\\\/uapk-se-sumo-al-proyecto-amiguitos-del-oceano-y-trabajo-talleres-en-ayangue\\\/#breadcrumb\",\"itemListElement\":[{\"@type\":\"ListItem\",\"position\":1,\"name\":\"Inicio\",\"item\":\"https:\\\/\\\/www.uartes.edu.ec\\\/sitio\\\/\"},{\"@type\":\"ListItem\",\"position\":2,\"name\":\"UAPK se suma a otras iniciativas en territorio y coopera con Amiguitos del Oc\u00e9ano en la Comuna de Ayangue\"}]},{\"@type\":\"WebSite\",\"@id\":\"https:\\\/\\\/www.uartes.edu.ec\\\/sitio\\\/fr\\\/#website\",\"url\":\"https:\\\/\\\/www.uartes.edu.ec\\\/sitio\\\/fr\\\/\",\"name\":\"Universidad de las Artes\",\"description\":\"Sitio oficial de la Universidad Nacional de las Artes del Ecuador\",\"publisher\":{\"@id\":\"https:\\\/\\\/www.uartes.edu.ec\\\/sitio\\\/fr\\\/#organization\"},\"potentialAction\":[{\"@type\":\"SearchAction\",\"target\":{\"@type\":\"EntryPoint\",\"urlTemplate\":\"https:\\\/\\\/www.uartes.edu.ec\\\/sitio\\\/fr\\\/?s={search_term_string}\"},\"query-input\":{\"@type\":\"PropertyValueSpecification\",\"valueRequired\":true,\"valueName\":\"search_term_string\"}}],\"inLanguage\":\"fr-FR\"},{\"@type\":\"Organization\",\"@id\":\"https:\\\/\\\/www.uartes.edu.ec\\\/sitio\\\/fr\\\/#organization\",\"name\":\"Universidad de las Artes\",\"url\":\"https:\\\/\\\/www.uartes.edu.ec\\\/sitio\\\/fr\\\/\",\"logo\":{\"@type\":\"ImageObject\",\"inLanguage\":\"fr-FR\",\"@id\":\"https:\\\/\\\/www.uartes.edu.ec\\\/sitio\\\/fr\\\/#\\\/schema\\\/logo\\\/image\\\/\",\"url\":\"https:\\\/\\\/www.uartes.edu.ec\\\/sitio\\\/wp-content\\\/uploads\\\/2022\\\/07\\\/logo-ua-horizontal.png\",\"contentUrl\":\"https:\\\/\\\/www.uartes.edu.ec\\\/sitio\\\/wp-content\\\/uploads\\\/2022\\\/07\\\/logo-ua-horizontal.png\",\"width\":800,\"height\":276,\"caption\":\"Universidad de las Artes\"},\"image\":{\"@id\":\"https:\\\/\\\/www.uartes.edu.ec\\\/sitio\\\/fr\\\/#\\\/schema\\\/logo\\\/image\\\/\"},\"sameAs\":[\"https:\\\/\\\/www.facebook.com\\\/uartesec\",\"https:\\\/\\\/x.com\\\/uartesec\",\"https:\\\/\\\/www.tiktok.com\\\/@uartesec\"]},{\"@type\":\"Person\",\"@id\":\"https:\\\/\\\/www.uartes.edu.ec\\\/sitio\\\/fr\\\/#\\\/schema\\\/person\\\/efa1b8275797664fd7f13a79ccc0b1f4\",\"name\":\"ccortez\",\"image\":{\"@type\":\"ImageObject\",\"inLanguage\":\"fr-FR\",\"@id\":\"https:\\\/\\\/secure.gravatar.com\\\/avatar\\\/b2a6f664a3ae8e074346ef91775736c5ec479e637ecced6842de9dc98b5da9cd?s=96&d=mm&r=g\",\"url\":\"https:\\\/\\\/secure.gravatar.com\\\/avatar\\\/b2a6f664a3ae8e074346ef91775736c5ec479e637ecced6842de9dc98b5da9cd?s=96&d=mm&r=g\",\"contentUrl\":\"https:\\\/\\\/secure.gravatar.com\\\/avatar\\\/b2a6f664a3ae8e074346ef91775736c5ec479e637ecced6842de9dc98b5da9cd?s=96&d=mm&r=g\",\"caption\":\"ccortez\"},\"url\":\"https:\\\/\\\/www.uartes.edu.ec\\\/sitio\\\/fr\\\/blog\\\/author\\\/ccortez\\\/\"}]}<\/script>\n<!-- \/ Yoast SEO plugin. -->","yoast_head_json":{"title":"Universidad de las Artes - UAPK se suma a otras iniciativas en territorio y coopera con Amiguitos del Oc\u00e9ano en la Comuna de Ayangue","description":"Universidad de las Artes - UAPK se suma a otras iniciativas en territorio y coopera con Amiguitos del Oc\u00e9ano en la Comuna de Ayangue","robots":{"index":"index","follow":"follow","max-snippet":"max-snippet:-1","max-image-preview":"max-image-preview:large","max-video-preview":"max-video-preview:-1"},"canonical":"https:\/\/www.uartes.edu.ec\/sitio\/fr\/blog\/2023\/05\/02\/uapk-se-sumo-al-proyecto-amiguitos-del-oceano-y-trabajo-talleres-en-ayangue\/","og_locale":"fr_FR","og_type":"article","og_title":"Universidad de las Artes - UAPK se suma a otras iniciativas en territorio y coopera con Amiguitos del Oc\u00e9ano en la Comuna de Ayangue","og_description":"Universidad de las Artes - UAPK se suma a otras iniciativas en territorio y coopera con Amiguitos del Oc\u00e9ano en la Comuna de Ayangue","og_url":"https:\/\/www.uartes.edu.ec\/sitio\/fr\/blog\/2023\/05\/02\/uapk-se-sumo-al-proyecto-amiguitos-del-oceano-y-trabajo-talleres-en-ayangue\/","og_site_name":"Universidad de las Artes","article_publisher":"https:\/\/www.facebook.com\/uartesec","article_published_time":"2023-05-02T23:00:58+00:00","article_modified_time":"2024-07-04T16:21:15+00:00","og_image":[{"width":2000,"height":1333,"url":"https:\/\/www.uartes.edu.ec\/sitio\/wp-content\/uploads\/2023\/05\/AMIGOS-OCEANO-01.jpg","type":"image\/jpeg"}],"author":"ccortez","twitter_card":"summary_large_image","twitter_creator":"@uartesec","twitter_site":"@uartesec","twitter_misc":{"\u00c9crit par":"ccortez","Dur\u00e9e de lecture estim\u00e9e":"7 minutes"},"schema":{"@context":"https:\/\/schema.org","@graph":[{"@type":"Article","@id":"https:\/\/www.uartes.edu.ec\/sitio\/fr\/blog\/2023\/05\/02\/uapk-se-sumo-al-proyecto-amiguitos-del-oceano-y-trabajo-talleres-en-ayangue\/#article","isPartOf":{"@id":"https:\/\/www.uartes.edu.ec\/sitio\/fr\/blog\/2023\/05\/02\/uapk-se-sumo-al-proyecto-amiguitos-del-oceano-y-trabajo-talleres-en-ayangue\/"},"author":{"name":"ccortez","@id":"https:\/\/www.uartes.edu.ec\/sitio\/fr\/#\/schema\/person\/efa1b8275797664fd7f13a79ccc0b1f4"},"headline":"UAPK se suma a otras iniciativas en territorio y coopera con Amiguitos del Oc\u00e9ano en la Comuna de Ayangue","datePublished":"2023-05-02T23:00:58+00:00","dateModified":"2024-07-04T16:21:15+00:00","mainEntityOfPage":{"@id":"https:\/\/www.uartes.edu.ec\/sitio\/fr\/blog\/2023\/05\/02\/uapk-se-sumo-al-proyecto-amiguitos-del-oceano-y-trabajo-talleres-en-ayangue\/"},"wordCount":1456,"commentCount":0,"publisher":{"@id":"https:\/\/www.uartes.edu.ec\/sitio\/fr\/#organization"},"image":{"@id":"https:\/\/www.uartes.edu.ec\/sitio\/fr\/blog\/2023\/05\/02\/uapk-se-sumo-al-proyecto-amiguitos-del-oceano-y-trabajo-talleres-en-ayangue\/#primaryimage"},"thumbnailUrl":"https:\/\/www.uartes.edu.ec\/sitio\/wp-content\/uploads\/2023\/05\/AMIGOS-OCEANO-01.jpg","keywords":["proyecto"],"articleSection":["2B","Artes Esc\u00e9nicas","Artes Sonoras","Artes Visuales","Cine","Docentes","Estudiantes","Gesti\u00f3n","Literatura","V\u00ednculo"],"inLanguage":"fr-FR","potentialAction":[{"@type":"CommentAction","name":"Comment","target":["https:\/\/www.uartes.edu.ec\/sitio\/fr\/blog\/2023\/05\/02\/uapk-se-sumo-al-proyecto-amiguitos-del-oceano-y-trabajo-talleres-en-ayangue\/#respond"]}]},{"@type":["WebPage","ItemPage"],"@id":"https:\/\/www.uartes.edu.ec\/sitio\/fr\/blog\/2023\/05\/02\/uapk-se-sumo-al-proyecto-amiguitos-del-oceano-y-trabajo-talleres-en-ayangue\/","url":"https:\/\/www.uartes.edu.ec\/sitio\/fr\/blog\/2023\/05\/02\/uapk-se-sumo-al-proyecto-amiguitos-del-oceano-y-trabajo-talleres-en-ayangue\/","name":"Universidad de las Artes - UAPK se suma a otras iniciativas en territorio y coopera con Amiguitos del Oc\u00e9ano en la Comuna de Ayangue","isPartOf":{"@id":"https:\/\/www.uartes.edu.ec\/sitio\/fr\/#website"},"primaryImageOfPage":{"@id":"https:\/\/www.uartes.edu.ec\/sitio\/fr\/blog\/2023\/05\/02\/uapk-se-sumo-al-proyecto-amiguitos-del-oceano-y-trabajo-talleres-en-ayangue\/#primaryimage"},"image":{"@id":"https:\/\/www.uartes.edu.ec\/sitio\/fr\/blog\/2023\/05\/02\/uapk-se-sumo-al-proyecto-amiguitos-del-oceano-y-trabajo-talleres-en-ayangue\/#primaryimage"},"thumbnailUrl":"https:\/\/www.uartes.edu.ec\/sitio\/wp-content\/uploads\/2023\/05\/AMIGOS-OCEANO-01.jpg","datePublished":"2023-05-02T23:00:58+00:00","dateModified":"2024-07-04T16:21:15+00:00","description":"Universidad de las Artes - UAPK se suma a otras iniciativas en territorio y coopera con Amiguitos del Oc\u00e9ano en la Comuna de Ayangue","breadcrumb":{"@id":"https:\/\/www.uartes.edu.ec\/sitio\/fr\/blog\/2023\/05\/02\/uapk-se-sumo-al-proyecto-amiguitos-del-oceano-y-trabajo-talleres-en-ayangue\/#breadcrumb"},"inLanguage":"fr-FR","potentialAction":[{"@type":"ReadAction","target":["https:\/\/www.uartes.edu.ec\/sitio\/fr\/blog\/2023\/05\/02\/uapk-se-sumo-al-proyecto-amiguitos-del-oceano-y-trabajo-talleres-en-ayangue\/"]}]},{"@type":"ImageObject","inLanguage":"fr-FR","@id":"https:\/\/www.uartes.edu.ec\/sitio\/fr\/blog\/2023\/05\/02\/uapk-se-sumo-al-proyecto-amiguitos-del-oceano-y-trabajo-talleres-en-ayangue\/#primaryimage","url":"https:\/\/www.uartes.edu.ec\/sitio\/wp-content\/uploads\/2023\/05\/AMIGOS-OCEANO-01.jpg","contentUrl":"https:\/\/www.uartes.edu.ec\/sitio\/wp-content\/uploads\/2023\/05\/AMIGOS-OCEANO-01.jpg","width":2000,"height":1333},{"@type":"BreadcrumbList","@id":"https:\/\/www.uartes.edu.ec\/sitio\/fr\/blog\/2023\/05\/02\/uapk-se-sumo-al-proyecto-amiguitos-del-oceano-y-trabajo-talleres-en-ayangue\/#breadcrumb","itemListElement":[{"@type":"ListItem","position":1,"name":"Inicio","item":"https:\/\/www.uartes.edu.ec\/sitio\/"},{"@type":"ListItem","position":2,"name":"UAPK se suma a otras iniciativas en territorio y coopera con Amiguitos del Oc\u00e9ano en la Comuna de Ayangue"}]},{"@type":"WebSite","@id":"https:\/\/www.uartes.edu.ec\/sitio\/fr\/#website","url":"https:\/\/www.uartes.edu.ec\/sitio\/fr\/","name":"Universidad de las Artes","description":"Sitio oficial de la Universidad Nacional de las Artes del Ecuador","publisher":{"@id":"https:\/\/www.uartes.edu.ec\/sitio\/fr\/#organization"},"potentialAction":[{"@type":"SearchAction","target":{"@type":"EntryPoint","urlTemplate":"https:\/\/www.uartes.edu.ec\/sitio\/fr\/?s={search_term_string}"},"query-input":{"@type":"PropertyValueSpecification","valueRequired":true,"valueName":"search_term_string"}}],"inLanguage":"fr-FR"},{"@type":"Organization","@id":"https:\/\/www.uartes.edu.ec\/sitio\/fr\/#organization","name":"Universidad de las Artes","url":"https:\/\/www.uartes.edu.ec\/sitio\/fr\/","logo":{"@type":"ImageObject","inLanguage":"fr-FR","@id":"https:\/\/www.uartes.edu.ec\/sitio\/fr\/#\/schema\/logo\/image\/","url":"https:\/\/www.uartes.edu.ec\/sitio\/wp-content\/uploads\/2022\/07\/logo-ua-horizontal.png","contentUrl":"https:\/\/www.uartes.edu.ec\/sitio\/wp-content\/uploads\/2022\/07\/logo-ua-horizontal.png","width":800,"height":276,"caption":"Universidad de las Artes"},"image":{"@id":"https:\/\/www.uartes.edu.ec\/sitio\/fr\/#\/schema\/logo\/image\/"},"sameAs":["https:\/\/www.facebook.com\/uartesec","https:\/\/x.com\/uartesec","https:\/\/www.tiktok.com\/@uartesec"]},{"@type":"Person","@id":"https:\/\/www.uartes.edu.ec\/sitio\/fr\/#\/schema\/person\/efa1b8275797664fd7f13a79ccc0b1f4","name":"ccortez","image":{"@type":"ImageObject","inLanguage":"fr-FR","@id":"https:\/\/secure.gravatar.com\/avatar\/b2a6f664a3ae8e074346ef91775736c5ec479e637ecced6842de9dc98b5da9cd?s=96&d=mm&r=g","url":"https:\/\/secure.gravatar.com\/avatar\/b2a6f664a3ae8e074346ef91775736c5ec479e637ecced6842de9dc98b5da9cd?s=96&d=mm&r=g","contentUrl":"https:\/\/secure.gravatar.com\/avatar\/b2a6f664a3ae8e074346ef91775736c5ec479e637ecced6842de9dc98b5da9cd?s=96&d=mm&r=g","caption":"ccortez"},"url":"https:\/\/www.uartes.edu.ec\/sitio\/fr\/blog\/author\/ccortez\/"}]}},"uagb_featured_image_src":{"full":["https:\/\/www.uartes.edu.ec\/sitio\/wp-content\/uploads\/2023\/05\/AMIGOS-OCEANO-01.jpg",2000,1333,false],"thumbnail":["https:\/\/www.uartes.edu.ec\/sitio\/wp-content\/uploads\/2023\/05\/AMIGOS-OCEANO-01-150x150.jpg",150,150,true],"medium":["https:\/\/www.uartes.edu.ec\/sitio\/wp-content\/uploads\/2023\/05\/AMIGOS-OCEANO-01-300x200.jpg",300,200,true],"medium_large":["https:\/\/www.uartes.edu.ec\/sitio\/wp-content\/uploads\/2023\/05\/AMIGOS-OCEANO-01-768x512.jpg",768,512,true],"large":["https:\/\/www.uartes.edu.ec\/sitio\/wp-content\/uploads\/2023\/05\/AMIGOS-OCEANO-01-644x429.jpg",644,429,true],"1536x1536":["https:\/\/www.uartes.edu.ec\/sitio\/wp-content\/uploads\/2023\/05\/AMIGOS-OCEANO-01-1536x1024.jpg",1536,1024,true],"2048x2048":["https:\/\/www.uartes.edu.ec\/sitio\/wp-content\/uploads\/2023\/05\/AMIGOS-OCEANO-01.jpg",2000,1333,false],"trp-custom-language-flag":["https:\/\/www.uartes.edu.ec\/sitio\/wp-content\/uploads\/2023\/05\/AMIGOS-OCEANO-01.jpg",18,12,false],"htmega_size_585x295":["https:\/\/www.uartes.edu.ec\/sitio\/wp-content\/uploads\/2023\/05\/AMIGOS-OCEANO-01-585x295.jpg",585,295,true],"htmega_size_1170x536":["https:\/\/www.uartes.edu.ec\/sitio\/wp-content\/uploads\/2023\/05\/AMIGOS-OCEANO-01-1170x536.jpg",1170,536,true],"htmega_size_396x360":["https:\/\/www.uartes.edu.ec\/sitio\/wp-content\/uploads\/2023\/05\/AMIGOS-OCEANO-01-396x360.jpg",396,360,true],"gb-block-post-grid-landscape":["https:\/\/www.uartes.edu.ec\/sitio\/wp-content\/uploads\/2023\/05\/AMIGOS-OCEANO-01-600x400.jpg",600,400,true],"gb-block-post-grid-square":["https:\/\/www.uartes.edu.ec\/sitio\/wp-content\/uploads\/2023\/05\/AMIGOS-OCEANO-01-600x600.jpg",600,600,true],"university-hub-thumb":["https:\/\/www.uartes.edu.ec\/sitio\/wp-content\/uploads\/2023\/05\/AMIGOS-OCEANO-01-400x267.jpg",400,267,true],"mailpoet_newsletter_max":["https:\/\/www.uartes.edu.ec\/sitio\/wp-content\/uploads\/2023\/05\/AMIGOS-OCEANO-01.jpg",1320,880,false]},"uagb_author_info":{"display_name":"ccortez","author_link":"https:\/\/www.uartes.edu.ec\/sitio\/fr\/blog\/author\/ccortez\/"},"uagb_comment_info":0,"uagb_excerpt":"UAProyectKids (UAPK) es un proyecto de Vinculaci\u00f3n con la Comunidad de la UArtes que genera lazos de cooperaci\u00f3n para impulsar una educaci\u00f3n intercultural biling\u00fce de calidad en el Ecuador; se suma tambi\u00e9n a otras iniciativas en territorio, con la finalidad de incidir en soluciones socioambientales a trav\u00e9s de las artes. Una de estas propuestas ha\u2026","featured_image_src":"https:\/\/www.uartes.edu.ec\/sitio\/wp-content\/uploads\/2023\/05\/AMIGOS-OCEANO-01-600x400.jpg","featured_image_src_square":"https:\/\/www.uartes.edu.ec\/sitio\/wp-content\/uploads\/2023\/05\/AMIGOS-OCEANO-01-600x600.jpg","author_info":{"display_name":"ccortez","author_link":"https:\/\/www.uartes.edu.ec\/sitio\/fr\/blog\/author\/ccortez\/"},"publishpress_future_workflow_manual_trigger":{"enabledWorkflows":[]},"distributor_meta":false,"distributor_terms":false,"distributor_media":false,"distributor_original_site_name":"Universidad de las Artes","distributor_original_site_url":"https:\/\/www.uartes.edu.ec\/sitio\/fr","push-errors":false,"_links":{"self":[{"href":"https:\/\/www.uartes.edu.ec\/sitio\/fr\/wp-json\/wp\/v2\/posts\/41592","targetHints":{"allow":["GET"]}}],"collection":[{"href":"https:\/\/www.uartes.edu.ec\/sitio\/fr\/wp-json\/wp\/v2\/posts"}],"about":[{"href":"https:\/\/www.uartes.edu.ec\/sitio\/fr\/wp-json\/wp\/v2\/types\/post"}],"author":[{"embeddable":true,"href":"https:\/\/www.uartes.edu.ec\/sitio\/fr\/wp-json\/wp\/v2\/users\/10"}],"replies":[{"embeddable":true,"href":"https:\/\/www.uartes.edu.ec\/sitio\/fr\/wp-json\/wp\/v2\/comments?post=41592"}],"version-history":[{"count":7,"href":"https:\/\/www.uartes.edu.ec\/sitio\/fr\/wp-json\/wp\/v2\/posts\/41592\/revisions"}],"predecessor-version":[{"id":43049,"href":"https:\/\/www.uartes.edu.ec\/sitio\/fr\/wp-json\/wp\/v2\/posts\/41592\/revisions\/43049"}],"wp:featuredmedia":[{"embeddable":true,"href":"https:\/\/www.uartes.edu.ec\/sitio\/fr\/wp-json\/wp\/v2\/media\/41593"}],"wp:attachment":[{"href":"https:\/\/www.uartes.edu.ec\/sitio\/fr\/wp-json\/wp\/v2\/media?parent=41592"}],"wp:term":[{"taxonomy":"category","embeddable":true,"href":"https:\/\/www.uartes.edu.ec\/sitio\/fr\/wp-json\/wp\/v2\/categories?post=41592"},{"taxonomy":"post_tag","embeddable":true,"href":"https:\/\/www.uartes.edu.ec\/sitio\/fr\/wp-json\/wp\/v2\/tags?post=41592"},{"taxonomy":"infouartes","embeddable":true,"href":"https:\/\/www.uartes.edu.ec\/sitio\/fr\/wp-json\/wp\/v2\/infouartes?post=41592"}],"curies":[{"name":"wp","href":"https:\/\/api.w.org\/{rel}","templated":true}]}}