{"id":4192,"date":"2019-08-14T15:49:52","date_gmt":"2019-08-14T20:49:52","guid":{"rendered":"http:\/\/www.uartes.edu.ec\/sitio\/?p=4192"},"modified":"2024-07-04T11:50:34","modified_gmt":"2024-07-04T16:50:34","slug":"uartes-firma-acuerdo-de-cooperacion-con-la-universidad-de-caldas","status":"publish","type":"post","link":"https:\/\/www.uartes.edu.ec\/sitio\/fr\/blog\/2019\/08\/14\/uartes-firma-acuerdo-de-cooperacion-con-la-universidad-de-caldas\/","title":{"rendered":"UArtes firma acuerdo de cooperaci\u00f3n con la Universidad de Caldas"},"content":{"rendered":"<p>El pasado jueves 8 de agosto el rector de la\nUniversidad de las Artes, Dr. Ramiro Noriega, firm\u00f3 un convenio marco de\ncooperaci\u00f3n con la Universidad de Caldas, Colombia. El acuerdo favorecer\u00e1 a la\nconstrucci\u00f3n de alianzas y redes estrat\u00e9gicas para el desarrollo de programas,\nproyectos y actividades internacionales, as\u00ed como tambi\u00e9n al intercambio\nestudiantil, acad\u00e9mico y cultural.<\/p>\n\n\n\n<p>Entre las primeras acciones a realizar se considera\nla participaci\u00f3n de la docente de la Escuela de Cine, Priscila Aguirre, quien\nha sido invitada como conferencista en el Festival Internacional de la Imagen-\nII Coloquio Internacional de Investigaci\u00f3n- Creaci\u00f3n en Artes Esc\u00e9nicas, que se\nrealizar\u00e1 del 16 al 19 de septiembre del a\u00f1o en curso en la ciudad de\nManizales, Colombia. La conferencia se referir\u00e1 al trabajo de investigaci\u00f3n\n\u201cReconstrucci\u00f3n de la identidad femenina: Metodolog\u00edas desde el arte, para un\nproceso de reinserci\u00f3n en el Centro de Rehabilitaci\u00f3n Social Femenino del\nGuayas-Ecuador\u201d. En el marco de esta visita, Priscila Aguirre tambi\u00e9n formar\u00e1\nparte del jurado de defensa de una tesis de titulaci\u00f3n de maestr\u00eda en Artes de\nla Universidad de Caldas y estar\u00e1 presente en la exhibici\u00f3n p\u00fablica del\nproyecto final del estudiante.&nbsp;&nbsp;&nbsp; <\/p>\n\n\n\n<p>La Universidad de Caldas es una instituci\u00f3n\nacad\u00e9mica p\u00fablica que cuenta con una acreditaci\u00f3n de alta calidad. La Facultad\nde Artes y Humanidades, principalmente el Departamento de Artes Esc\u00e9nicas,\ncuenta con una amplia trayectoria en el campo art\u00edstico y en el campo de la\ninvestigaci\u00f3n en artes. En el marco de este convenio, se espera recibir la\nvisita del Dr. Daniel Ariza G\u00f3mez, investigador, creador y docente en Artes\nEsc\u00e9nicas de la Universidad de Caldas, quien ha recibido menci\u00f3n de honor del\nPremio Nacional de Investigaci\u00f3n Teatral del Ministerio de Cultura de Colombia\nen el 2017.<\/p>","protected":false},"excerpt":{"rendered":"<p>El pasado jueves 8 de agosto el rector de la Universidad de las Artes, Dr. Ramiro Noriega, firm\u00f3 un convenio marco de cooperaci\u00f3n con la Universidad de Caldas, Colombia. El acuerdo favorecer\u00e1 a la construcci\u00f3n de alianzas y redes estrat\u00e9gicas para el desarrollo de programas, proyectos y actividades internacionales, as\u00ed como tambi\u00e9n al intercambio estudiantil, [&hellip;]<\/p>\n","protected":false},"author":1,"featured_media":4193,"comment_status":"closed","ping_status":"closed","sticky":false,"template":"","format":"standard","meta":{"_acf_changed":false,"_uag_custom_page_level_css":"","_monsterinsights_skip_tracking":false,"_monsterinsights_sitenote_active":false,"_monsterinsights_sitenote_note":"","_monsterinsights_sitenote_category":0,"cybocfi_hide_featured_image":"","footnotes":""},"categories":[77,84],"tags":[],"infouartes":[],"class_list":["post-4192","post","type-post","status-publish","format-standard","has-post-thumbnail","hentry","category-gestion","category-rectorado"],"acf":[],"yoast_head":"<!-- This site is optimized with the Yoast SEO plugin v27.4 - https:\/\/yoast.com\/product\/yoast-seo-wordpress\/ -->\n<title>Universidad de las Artes - UArtes firma acuerdo de cooperaci\u00f3n con la Universidad de Caldas<\/title>\n<meta name=\"description\" content=\"Universidad de las Artes - UArtes firma acuerdo de cooperaci\u00f3n con la Universidad de Caldas\" \/>\n<meta name=\"robots\" content=\"index, follow, max-snippet:-1, max-image-preview:large, max-video-preview:-1\" \/>\n<link rel=\"canonical\" href=\"https:\/\/www.uartes.edu.ec\/sitio\/fr\/blog\/2019\/08\/14\/uartes-firma-acuerdo-de-cooperacion-con-la-universidad-de-caldas\/\" \/>\n<meta property=\"og:locale\" content=\"fr_FR\" \/>\n<meta property=\"og:type\" content=\"article\" \/>\n<meta property=\"og:title\" content=\"Universidad de las Artes - UArtes firma acuerdo de cooperaci\u00f3n con la Universidad de Caldas\" \/>\n<meta property=\"og:description\" content=\"Universidad de las Artes - UArtes firma acuerdo de cooperaci\u00f3n con la Universidad de Caldas\" \/>\n<meta property=\"og:url\" content=\"https:\/\/www.uartes.edu.ec\/sitio\/fr\/blog\/2019\/08\/14\/uartes-firma-acuerdo-de-cooperacion-con-la-universidad-de-caldas\/\" \/>\n<meta property=\"og:site_name\" content=\"Universidad de las Artes\" \/>\n<meta property=\"article:publisher\" content=\"https:\/\/www.facebook.com\/uartesec\" \/>\n<meta property=\"article:published_time\" content=\"2019-08-14T20:49:52+00:00\" \/>\n<meta property=\"article:modified_time\" content=\"2024-07-04T16:50:34+00:00\" \/>\n<meta property=\"og:image\" content=\"https:\/\/www.uartes.edu.ec\/sitio\/wp-content\/uploads\/2019\/08\/Estudiantes-Biblioteca-Artes.jpg\" \/>\n\t<meta property=\"og:image:width\" content=\"1500\" \/>\n\t<meta property=\"og:image:height\" content=\"1000\" \/>\n\t<meta property=\"og:image:type\" content=\"image\/jpeg\" \/>\n<meta name=\"author\" content=\"Universidad de las Artes\" \/>\n<meta name=\"twitter:card\" content=\"summary_large_image\" \/>\n<meta name=\"twitter:creator\" content=\"@uartesec\" \/>\n<meta name=\"twitter:site\" content=\"@uartesec\" \/>\n<meta name=\"twitter:label1\" content=\"\u00c9crit par\" \/>\n\t<meta name=\"twitter:data1\" content=\"Universidad de las Artes\" \/>\n\t<meta name=\"twitter:label2\" content=\"Dur\u00e9e de lecture estim\u00e9e\" \/>\n\t<meta name=\"twitter:data2\" content=\"2 minutes\" \/>\n<script type=\"application\/ld+json\" class=\"yoast-schema-graph\">{\"@context\":\"https:\\\/\\\/schema.org\",\"@graph\":[{\"@type\":\"Article\",\"@id\":\"https:\\\/\\\/www.uartes.edu.ec\\\/sitio\\\/fr\\\/blog\\\/2019\\\/08\\\/14\\\/uartes-firma-acuerdo-de-cooperacion-con-la-universidad-de-caldas\\\/#article\",\"isPartOf\":{\"@id\":\"https:\\\/\\\/www.uartes.edu.ec\\\/sitio\\\/fr\\\/blog\\\/2019\\\/08\\\/14\\\/uartes-firma-acuerdo-de-cooperacion-con-la-universidad-de-caldas\\\/\"},\"author\":{\"name\":\"Universidad de las Artes\",\"@id\":\"https:\\\/\\\/www.uartes.edu.ec\\\/sitio\\\/fr\\\/#\\\/schema\\\/person\\\/f33f8c1d2af0d5c80a38c8abf458184a\"},\"headline\":\"UArtes firma acuerdo de cooperaci\u00f3n con la Universidad de Caldas\",\"datePublished\":\"2019-08-14T20:49:52+00:00\",\"dateModified\":\"2024-07-04T16:50:34+00:00\",\"mainEntityOfPage\":{\"@id\":\"https:\\\/\\\/www.uartes.edu.ec\\\/sitio\\\/fr\\\/blog\\\/2019\\\/08\\\/14\\\/uartes-firma-acuerdo-de-cooperacion-con-la-universidad-de-caldas\\\/\"},\"wordCount\":328,\"publisher\":{\"@id\":\"https:\\\/\\\/www.uartes.edu.ec\\\/sitio\\\/fr\\\/#organization\"},\"image\":{\"@id\":\"https:\\\/\\\/www.uartes.edu.ec\\\/sitio\\\/fr\\\/blog\\\/2019\\\/08\\\/14\\\/uartes-firma-acuerdo-de-cooperacion-con-la-universidad-de-caldas\\\/#primaryimage\"},\"thumbnailUrl\":\"https:\\\/\\\/www.uartes.edu.ec\\\/sitio\\\/wp-content\\\/uploads\\\/2019\\\/08\\\/Estudiantes-Biblioteca-Artes.jpg\",\"articleSection\":[\"Gesti\u00f3n\",\"Rectorado\"],\"inLanguage\":\"fr-FR\"},{\"@type\":[\"WebPage\",\"ItemPage\"],\"@id\":\"https:\\\/\\\/www.uartes.edu.ec\\\/sitio\\\/fr\\\/blog\\\/2019\\\/08\\\/14\\\/uartes-firma-acuerdo-de-cooperacion-con-la-universidad-de-caldas\\\/\",\"url\":\"https:\\\/\\\/www.uartes.edu.ec\\\/sitio\\\/fr\\\/blog\\\/2019\\\/08\\\/14\\\/uartes-firma-acuerdo-de-cooperacion-con-la-universidad-de-caldas\\\/\",\"name\":\"Universidad de las Artes - UArtes firma acuerdo de cooperaci\u00f3n con la Universidad de Caldas\",\"isPartOf\":{\"@id\":\"https:\\\/\\\/www.uartes.edu.ec\\\/sitio\\\/fr\\\/#website\"},\"primaryImageOfPage\":{\"@id\":\"https:\\\/\\\/www.uartes.edu.ec\\\/sitio\\\/fr\\\/blog\\\/2019\\\/08\\\/14\\\/uartes-firma-acuerdo-de-cooperacion-con-la-universidad-de-caldas\\\/#primaryimage\"},\"image\":{\"@id\":\"https:\\\/\\\/www.uartes.edu.ec\\\/sitio\\\/fr\\\/blog\\\/2019\\\/08\\\/14\\\/uartes-firma-acuerdo-de-cooperacion-con-la-universidad-de-caldas\\\/#primaryimage\"},\"thumbnailUrl\":\"https:\\\/\\\/www.uartes.edu.ec\\\/sitio\\\/wp-content\\\/uploads\\\/2019\\\/08\\\/Estudiantes-Biblioteca-Artes.jpg\",\"datePublished\":\"2019-08-14T20:49:52+00:00\",\"dateModified\":\"2024-07-04T16:50:34+00:00\",\"description\":\"Universidad de las Artes - UArtes firma acuerdo de cooperaci\u00f3n con la Universidad de Caldas\",\"breadcrumb\":{\"@id\":\"https:\\\/\\\/www.uartes.edu.ec\\\/sitio\\\/fr\\\/blog\\\/2019\\\/08\\\/14\\\/uartes-firma-acuerdo-de-cooperacion-con-la-universidad-de-caldas\\\/#breadcrumb\"},\"inLanguage\":\"fr-FR\",\"potentialAction\":[{\"@type\":\"ReadAction\",\"target\":[\"https:\\\/\\\/www.uartes.edu.ec\\\/sitio\\\/fr\\\/blog\\\/2019\\\/08\\\/14\\\/uartes-firma-acuerdo-de-cooperacion-con-la-universidad-de-caldas\\\/\"]}]},{\"@type\":\"ImageObject\",\"inLanguage\":\"fr-FR\",\"@id\":\"https:\\\/\\\/www.uartes.edu.ec\\\/sitio\\\/fr\\\/blog\\\/2019\\\/08\\\/14\\\/uartes-firma-acuerdo-de-cooperacion-con-la-universidad-de-caldas\\\/#primaryimage\",\"url\":\"https:\\\/\\\/www.uartes.edu.ec\\\/sitio\\\/wp-content\\\/uploads\\\/2019\\\/08\\\/Estudiantes-Biblioteca-Artes.jpg\",\"contentUrl\":\"https:\\\/\\\/www.uartes.edu.ec\\\/sitio\\\/wp-content\\\/uploads\\\/2019\\\/08\\\/Estudiantes-Biblioteca-Artes.jpg\",\"width\":1500,\"height\":1000},{\"@type\":\"BreadcrumbList\",\"@id\":\"https:\\\/\\\/www.uartes.edu.ec\\\/sitio\\\/fr\\\/blog\\\/2019\\\/08\\\/14\\\/uartes-firma-acuerdo-de-cooperacion-con-la-universidad-de-caldas\\\/#breadcrumb\",\"itemListElement\":[{\"@type\":\"ListItem\",\"position\":1,\"name\":\"Inicio\",\"item\":\"https:\\\/\\\/www.uartes.edu.ec\\\/sitio\\\/\"},{\"@type\":\"ListItem\",\"position\":2,\"name\":\"UArtes firma acuerdo de cooperaci\u00f3n con la Universidad de Caldas\"}]},{\"@type\":\"WebSite\",\"@id\":\"https:\\\/\\\/www.uartes.edu.ec\\\/sitio\\\/fr\\\/#website\",\"url\":\"https:\\\/\\\/www.uartes.edu.ec\\\/sitio\\\/fr\\\/\",\"name\":\"Universidad de las Artes\",\"description\":\"Sitio oficial de la Universidad Nacional de las Artes del Ecuador\",\"publisher\":{\"@id\":\"https:\\\/\\\/www.uartes.edu.ec\\\/sitio\\\/fr\\\/#organization\"},\"potentialAction\":[{\"@type\":\"SearchAction\",\"target\":{\"@type\":\"EntryPoint\",\"urlTemplate\":\"https:\\\/\\\/www.uartes.edu.ec\\\/sitio\\\/fr\\\/?s={search_term_string}\"},\"query-input\":{\"@type\":\"PropertyValueSpecification\",\"valueRequired\":true,\"valueName\":\"search_term_string\"}}],\"inLanguage\":\"fr-FR\"},{\"@type\":\"Organization\",\"@id\":\"https:\\\/\\\/www.uartes.edu.ec\\\/sitio\\\/fr\\\/#organization\",\"name\":\"Universidad de las Artes\",\"url\":\"https:\\\/\\\/www.uartes.edu.ec\\\/sitio\\\/fr\\\/\",\"logo\":{\"@type\":\"ImageObject\",\"inLanguage\":\"fr-FR\",\"@id\":\"https:\\\/\\\/www.uartes.edu.ec\\\/sitio\\\/fr\\\/#\\\/schema\\\/logo\\\/image\\\/\",\"url\":\"https:\\\/\\\/www.uartes.edu.ec\\\/sitio\\\/wp-content\\\/uploads\\\/2022\\\/07\\\/logo-ua-horizontal.png\",\"contentUrl\":\"https:\\\/\\\/www.uartes.edu.ec\\\/sitio\\\/wp-content\\\/uploads\\\/2022\\\/07\\\/logo-ua-horizontal.png\",\"width\":800,\"height\":276,\"caption\":\"Universidad de las Artes\"},\"image\":{\"@id\":\"https:\\\/\\\/www.uartes.edu.ec\\\/sitio\\\/fr\\\/#\\\/schema\\\/logo\\\/image\\\/\"},\"sameAs\":[\"https:\\\/\\\/www.facebook.com\\\/uartesec\",\"https:\\\/\\\/x.com\\\/uartesec\",\"https:\\\/\\\/www.tiktok.com\\\/@uartesec\"]},{\"@type\":\"Person\",\"@id\":\"https:\\\/\\\/www.uartes.edu.ec\\\/sitio\\\/fr\\\/#\\\/schema\\\/person\\\/f33f8c1d2af0d5c80a38c8abf458184a\",\"name\":\"Universidad de las Artes\",\"image\":{\"@type\":\"ImageObject\",\"inLanguage\":\"fr-FR\",\"@id\":\"https:\\\/\\\/secure.gravatar.com\\\/avatar\\\/52e4757902f5cfa5ac52d020e5be83cae5487519154b6c35482fe08d589f3c13?s=96&d=mm&r=g\",\"url\":\"https:\\\/\\\/secure.gravatar.com\\\/avatar\\\/52e4757902f5cfa5ac52d020e5be83cae5487519154b6c35482fe08d589f3c13?s=96&d=mm&r=g\",\"contentUrl\":\"https:\\\/\\\/secure.gravatar.com\\\/avatar\\\/52e4757902f5cfa5ac52d020e5be83cae5487519154b6c35482fe08d589f3c13?s=96&d=mm&r=g\",\"caption\":\"Universidad de las Artes\"},\"url\":\"https:\\\/\\\/www.uartes.edu.ec\\\/sitio\\\/fr\\\/blog\\\/author\\\/dircomadm\\\/\"}]}<\/script>\n<!-- \/ Yoast SEO plugin. -->","yoast_head_json":{"title":"Universidad de las Artes - UArtes firma acuerdo de cooperaci\u00f3n con la Universidad de Caldas","description":"Universidad de las Artes - UArtes firma acuerdo de cooperaci\u00f3n con la Universidad de Caldas","robots":{"index":"index","follow":"follow","max-snippet":"max-snippet:-1","max-image-preview":"max-image-preview:large","max-video-preview":"max-video-preview:-1"},"canonical":"https:\/\/www.uartes.edu.ec\/sitio\/fr\/blog\/2019\/08\/14\/uartes-firma-acuerdo-de-cooperacion-con-la-universidad-de-caldas\/","og_locale":"fr_FR","og_type":"article","og_title":"Universidad de las Artes - UArtes firma acuerdo de cooperaci\u00f3n con la Universidad de Caldas","og_description":"Universidad de las Artes - UArtes firma acuerdo de cooperaci\u00f3n con la Universidad de Caldas","og_url":"https:\/\/www.uartes.edu.ec\/sitio\/fr\/blog\/2019\/08\/14\/uartes-firma-acuerdo-de-cooperacion-con-la-universidad-de-caldas\/","og_site_name":"Universidad de las Artes","article_publisher":"https:\/\/www.facebook.com\/uartesec","article_published_time":"2019-08-14T20:49:52+00:00","article_modified_time":"2024-07-04T16:50:34+00:00","og_image":[{"width":1500,"height":1000,"url":"https:\/\/www.uartes.edu.ec\/sitio\/wp-content\/uploads\/2019\/08\/Estudiantes-Biblioteca-Artes.jpg","type":"image\/jpeg"}],"author":"Universidad de las Artes","twitter_card":"summary_large_image","twitter_creator":"@uartesec","twitter_site":"@uartesec","twitter_misc":{"\u00c9crit par":"Universidad de las Artes","Dur\u00e9e de lecture estim\u00e9e":"2 minutes"},"schema":{"@context":"https:\/\/schema.org","@graph":[{"@type":"Article","@id":"https:\/\/www.uartes.edu.ec\/sitio\/fr\/blog\/2019\/08\/14\/uartes-firma-acuerdo-de-cooperacion-con-la-universidad-de-caldas\/#article","isPartOf":{"@id":"https:\/\/www.uartes.edu.ec\/sitio\/fr\/blog\/2019\/08\/14\/uartes-firma-acuerdo-de-cooperacion-con-la-universidad-de-caldas\/"},"author":{"name":"Universidad de las Artes","@id":"https:\/\/www.uartes.edu.ec\/sitio\/fr\/#\/schema\/person\/f33f8c1d2af0d5c80a38c8abf458184a"},"headline":"UArtes firma acuerdo de cooperaci\u00f3n con la Universidad de Caldas","datePublished":"2019-08-14T20:49:52+00:00","dateModified":"2024-07-04T16:50:34+00:00","mainEntityOfPage":{"@id":"https:\/\/www.uartes.edu.ec\/sitio\/fr\/blog\/2019\/08\/14\/uartes-firma-acuerdo-de-cooperacion-con-la-universidad-de-caldas\/"},"wordCount":328,"publisher":{"@id":"https:\/\/www.uartes.edu.ec\/sitio\/fr\/#organization"},"image":{"@id":"https:\/\/www.uartes.edu.ec\/sitio\/fr\/blog\/2019\/08\/14\/uartes-firma-acuerdo-de-cooperacion-con-la-universidad-de-caldas\/#primaryimage"},"thumbnailUrl":"https:\/\/www.uartes.edu.ec\/sitio\/wp-content\/uploads\/2019\/08\/Estudiantes-Biblioteca-Artes.jpg","articleSection":["Gesti\u00f3n","Rectorado"],"inLanguage":"fr-FR"},{"@type":["WebPage","ItemPage"],"@id":"https:\/\/www.uartes.edu.ec\/sitio\/fr\/blog\/2019\/08\/14\/uartes-firma-acuerdo-de-cooperacion-con-la-universidad-de-caldas\/","url":"https:\/\/www.uartes.edu.ec\/sitio\/fr\/blog\/2019\/08\/14\/uartes-firma-acuerdo-de-cooperacion-con-la-universidad-de-caldas\/","name":"Universidad de las Artes - UArtes firma acuerdo de cooperaci\u00f3n con la Universidad de Caldas","isPartOf":{"@id":"https:\/\/www.uartes.edu.ec\/sitio\/fr\/#website"},"primaryImageOfPage":{"@id":"https:\/\/www.uartes.edu.ec\/sitio\/fr\/blog\/2019\/08\/14\/uartes-firma-acuerdo-de-cooperacion-con-la-universidad-de-caldas\/#primaryimage"},"image":{"@id":"https:\/\/www.uartes.edu.ec\/sitio\/fr\/blog\/2019\/08\/14\/uartes-firma-acuerdo-de-cooperacion-con-la-universidad-de-caldas\/#primaryimage"},"thumbnailUrl":"https:\/\/www.uartes.edu.ec\/sitio\/wp-content\/uploads\/2019\/08\/Estudiantes-Biblioteca-Artes.jpg","datePublished":"2019-08-14T20:49:52+00:00","dateModified":"2024-07-04T16:50:34+00:00","description":"Universidad de las Artes - UArtes firma acuerdo de cooperaci\u00f3n con la Universidad de Caldas","breadcrumb":{"@id":"https:\/\/www.uartes.edu.ec\/sitio\/fr\/blog\/2019\/08\/14\/uartes-firma-acuerdo-de-cooperacion-con-la-universidad-de-caldas\/#breadcrumb"},"inLanguage":"fr-FR","potentialAction":[{"@type":"ReadAction","target":["https:\/\/www.uartes.edu.ec\/sitio\/fr\/blog\/2019\/08\/14\/uartes-firma-acuerdo-de-cooperacion-con-la-universidad-de-caldas\/"]}]},{"@type":"ImageObject","inLanguage":"fr-FR","@id":"https:\/\/www.uartes.edu.ec\/sitio\/fr\/blog\/2019\/08\/14\/uartes-firma-acuerdo-de-cooperacion-con-la-universidad-de-caldas\/#primaryimage","url":"https:\/\/www.uartes.edu.ec\/sitio\/wp-content\/uploads\/2019\/08\/Estudiantes-Biblioteca-Artes.jpg","contentUrl":"https:\/\/www.uartes.edu.ec\/sitio\/wp-content\/uploads\/2019\/08\/Estudiantes-Biblioteca-Artes.jpg","width":1500,"height":1000},{"@type":"BreadcrumbList","@id":"https:\/\/www.uartes.edu.ec\/sitio\/fr\/blog\/2019\/08\/14\/uartes-firma-acuerdo-de-cooperacion-con-la-universidad-de-caldas\/#breadcrumb","itemListElement":[{"@type":"ListItem","position":1,"name":"Inicio","item":"https:\/\/www.uartes.edu.ec\/sitio\/"},{"@type":"ListItem","position":2,"name":"UArtes firma acuerdo de cooperaci\u00f3n con la Universidad de Caldas"}]},{"@type":"WebSite","@id":"https:\/\/www.uartes.edu.ec\/sitio\/fr\/#website","url":"https:\/\/www.uartes.edu.ec\/sitio\/fr\/","name":"Universidad de las Artes","description":"Sitio oficial de la Universidad Nacional de las Artes del Ecuador","publisher":{"@id":"https:\/\/www.uartes.edu.ec\/sitio\/fr\/#organization"},"potentialAction":[{"@type":"SearchAction","target":{"@type":"EntryPoint","urlTemplate":"https:\/\/www.uartes.edu.ec\/sitio\/fr\/?s={search_term_string}"},"query-input":{"@type":"PropertyValueSpecification","valueRequired":true,"valueName":"search_term_string"}}],"inLanguage":"fr-FR"},{"@type":"Organization","@id":"https:\/\/www.uartes.edu.ec\/sitio\/fr\/#organization","name":"Universidad de las Artes","url":"https:\/\/www.uartes.edu.ec\/sitio\/fr\/","logo":{"@type":"ImageObject","inLanguage":"fr-FR","@id":"https:\/\/www.uartes.edu.ec\/sitio\/fr\/#\/schema\/logo\/image\/","url":"https:\/\/www.uartes.edu.ec\/sitio\/wp-content\/uploads\/2022\/07\/logo-ua-horizontal.png","contentUrl":"https:\/\/www.uartes.edu.ec\/sitio\/wp-content\/uploads\/2022\/07\/logo-ua-horizontal.png","width":800,"height":276,"caption":"Universidad de las Artes"},"image":{"@id":"https:\/\/www.uartes.edu.ec\/sitio\/fr\/#\/schema\/logo\/image\/"},"sameAs":["https:\/\/www.facebook.com\/uartesec","https:\/\/x.com\/uartesec","https:\/\/www.tiktok.com\/@uartesec"]},{"@type":"Person","@id":"https:\/\/www.uartes.edu.ec\/sitio\/fr\/#\/schema\/person\/f33f8c1d2af0d5c80a38c8abf458184a","name":"Universidad de las Artes","image":{"@type":"ImageObject","inLanguage":"fr-FR","@id":"https:\/\/secure.gravatar.com\/avatar\/52e4757902f5cfa5ac52d020e5be83cae5487519154b6c35482fe08d589f3c13?s=96&d=mm&r=g","url":"https:\/\/secure.gravatar.com\/avatar\/52e4757902f5cfa5ac52d020e5be83cae5487519154b6c35482fe08d589f3c13?s=96&d=mm&r=g","contentUrl":"https:\/\/secure.gravatar.com\/avatar\/52e4757902f5cfa5ac52d020e5be83cae5487519154b6c35482fe08d589f3c13?s=96&d=mm&r=g","caption":"Universidad de las Artes"},"url":"https:\/\/www.uartes.edu.ec\/sitio\/fr\/blog\/author\/dircomadm\/"}]}},"uagb_featured_image_src":{"full":["https:\/\/www.uartes.edu.ec\/sitio\/wp-content\/uploads\/2019\/08\/Estudiantes-Biblioteca-Artes.jpg",1500,1000,false],"thumbnail":["https:\/\/www.uartes.edu.ec\/sitio\/wp-content\/uploads\/2019\/08\/Estudiantes-Biblioteca-Artes-150x150.jpg",150,150,true],"medium":["https:\/\/www.uartes.edu.ec\/sitio\/wp-content\/uploads\/2019\/08\/Estudiantes-Biblioteca-Artes-250x167.jpg",250,167,true],"medium_large":["https:\/\/www.uartes.edu.ec\/sitio\/wp-content\/uploads\/2019\/08\/Estudiantes-Biblioteca-Artes-768x512.jpg",768,512,true],"large":["https:\/\/www.uartes.edu.ec\/sitio\/wp-content\/uploads\/2019\/08\/Estudiantes-Biblioteca-Artes-700x467.jpg",644,430,true],"1536x1536":["https:\/\/www.uartes.edu.ec\/sitio\/wp-content\/uploads\/2019\/08\/Estudiantes-Biblioteca-Artes.jpg",1500,1000,false],"2048x2048":["https:\/\/www.uartes.edu.ec\/sitio\/wp-content\/uploads\/2019\/08\/Estudiantes-Biblioteca-Artes.jpg",1500,1000,false],"trp-custom-language-flag":["https:\/\/www.uartes.edu.ec\/sitio\/wp-content\/uploads\/2019\/08\/Estudiantes-Biblioteca-Artes.jpg",18,12,false],"htmega_size_585x295":["https:\/\/www.uartes.edu.ec\/sitio\/wp-content\/uploads\/2019\/08\/Estudiantes-Biblioteca-Artes.jpg",443,295,false],"htmega_size_1170x536":["https:\/\/www.uartes.edu.ec\/sitio\/wp-content\/uploads\/2019\/08\/Estudiantes-Biblioteca-Artes.jpg",804,536,false],"htmega_size_396x360":["https:\/\/www.uartes.edu.ec\/sitio\/wp-content\/uploads\/2019\/08\/Estudiantes-Biblioteca-Artes.jpg",396,264,false],"gb-block-post-grid-landscape":["https:\/\/www.uartes.edu.ec\/sitio\/wp-content\/uploads\/2019\/08\/Estudiantes-Biblioteca-Artes.jpg",600,400,false],"gb-block-post-grid-square":["https:\/\/www.uartes.edu.ec\/sitio\/wp-content\/uploads\/2019\/08\/Estudiantes-Biblioteca-Artes.jpg",600,400,false],"university-hub-thumb":["https:\/\/www.uartes.edu.ec\/sitio\/wp-content\/uploads\/2019\/08\/Estudiantes-Biblioteca-Artes.jpg",400,267,false]},"uagb_author_info":{"display_name":"Universidad de las Artes","author_link":"https:\/\/www.uartes.edu.ec\/sitio\/fr\/blog\/author\/dircomadm\/"},"uagb_comment_info":0,"uagb_excerpt":"El pasado jueves 8 de agosto el rector de la Universidad de las Artes, Dr. Ramiro Noriega, firm\u00f3 un convenio marco de cooperaci\u00f3n con la Universidad de Caldas, Colombia. El acuerdo favorecer\u00e1 a la construcci\u00f3n de alianzas y redes estrat\u00e9gicas para el desarrollo de programas, proyectos y actividades internacionales, as\u00ed como tambi\u00e9n al intercambio estudiantil,\u2026","featured_image_src":"https:\/\/www.uartes.edu.ec\/sitio\/wp-content\/uploads\/2019\/08\/Estudiantes-Biblioteca-Artes.jpg","featured_image_src_square":"https:\/\/www.uartes.edu.ec\/sitio\/wp-content\/uploads\/2019\/08\/Estudiantes-Biblioteca-Artes.jpg","author_info":{"display_name":"Universidad de las Artes","author_link":"https:\/\/www.uartes.edu.ec\/sitio\/fr\/blog\/author\/dircomadm\/"},"publishpress_future_workflow_manual_trigger":{"enabledWorkflows":[]},"distributor_meta":false,"distributor_terms":false,"distributor_media":false,"distributor_original_site_name":"Universidad de las Artes","distributor_original_site_url":"https:\/\/www.uartes.edu.ec\/sitio\/fr","push-errors":false,"_links":{"self":[{"href":"https:\/\/www.uartes.edu.ec\/sitio\/fr\/wp-json\/wp\/v2\/posts\/4192","targetHints":{"allow":["GET"]}}],"collection":[{"href":"https:\/\/www.uartes.edu.ec\/sitio\/fr\/wp-json\/wp\/v2\/posts"}],"about":[{"href":"https:\/\/www.uartes.edu.ec\/sitio\/fr\/wp-json\/wp\/v2\/types\/post"}],"author":[{"embeddable":true,"href":"https:\/\/www.uartes.edu.ec\/sitio\/fr\/wp-json\/wp\/v2\/users\/1"}],"replies":[{"embeddable":true,"href":"https:\/\/www.uartes.edu.ec\/sitio\/fr\/wp-json\/wp\/v2\/comments?post=4192"}],"version-history":[{"count":1,"href":"https:\/\/www.uartes.edu.ec\/sitio\/fr\/wp-json\/wp\/v2\/posts\/4192\/revisions"}],"predecessor-version":[{"id":4194,"href":"https:\/\/www.uartes.edu.ec\/sitio\/fr\/wp-json\/wp\/v2\/posts\/4192\/revisions\/4194"}],"wp:featuredmedia":[{"embeddable":true,"href":"https:\/\/www.uartes.edu.ec\/sitio\/fr\/wp-json\/wp\/v2\/media\/4193"}],"wp:attachment":[{"href":"https:\/\/www.uartes.edu.ec\/sitio\/fr\/wp-json\/wp\/v2\/media?parent=4192"}],"wp:term":[{"taxonomy":"category","embeddable":true,"href":"https:\/\/www.uartes.edu.ec\/sitio\/fr\/wp-json\/wp\/v2\/categories?post=4192"},{"taxonomy":"post_tag","embeddable":true,"href":"https:\/\/www.uartes.edu.ec\/sitio\/fr\/wp-json\/wp\/v2\/tags?post=4192"},{"taxonomy":"infouartes","embeddable":true,"href":"https:\/\/www.uartes.edu.ec\/sitio\/fr\/wp-json\/wp\/v2\/infouartes?post=4192"}],"curies":[{"name":"wp","href":"https:\/\/api.w.org\/{rel}","templated":true}]}}