{"id":42221,"date":"2023-05-15T15:18:00","date_gmt":"2023-05-15T20:18:00","guid":{"rendered":"https:\/\/www.uartes.edu.ec\/sitio\/?p=42221"},"modified":"2024-07-04T11:21:11","modified_gmt":"2024-07-04T16:21:11","slug":"serena-morena-el-videoclip-que-la-artista-rafaela-medina-trabajo-en-residencia-de-case","status":"publish","type":"post","link":"https:\/\/www.uartes.edu.ec\/sitio\/fr\/blog\/2023\/05\/15\/serena-morena-el-videoclip-que-la-artista-rafaela-medina-trabajo-en-residencia-de-case\/","title":{"rendered":"\u201cSerena Morena\u201d, el videoclip que la cantautora Rafaela Medina trabaj\u00f3 en la residencia art\u00edstica de CASE 2022"},"content":{"rendered":"<p>La comunidad UArtes presenci\u00f3 el 10 de mayo, en la Sala de Cine del MZ14, el estreno del nuevo videoclip de la cantante y compositora quite\u00f1a Rafaela Medina. Su sencillo se titula \u201cSerena Morena\u201d, una canci\u00f3n muy especial que refleja el deseo de crecer, la esperanza de que vendr\u00e1n tiempos mejores y de tener la confianza en dejar fluir las cosas; adem\u00e1s, es ese recordatorio de que el miedo siempre va a estar, ya sea en forma de muro que limita la mente o de cobard\u00eda que hace retroceder el cuerpo.<\/p>\n\n\n\n<p>La presentaci\u00f3n de \u201cSerena Morena\u201d se dio en el segundo d\u00eda de la VI edici\u00f3n de las Conferencias de Audio y Sonido del Ecuador (CASE), programada por la Escuela de Artes Sonoras de la Universidad de las Artes del 9 al 11 de mayo. Agradecida y complacida con el videoclip, la artista cont\u00f3 que su realizaci\u00f3n es el resultado de la residencia que realiz\u00f3 el a\u00f1o pasado en CASE. \u201cSignific\u00f3 un punto de partida, un quiebre en muchos sentidos, desde lo musical hasta lo personal\u201d, expres\u00f3. &nbsp;<\/p>\n\n\n<div class=\"wp-block-image\">\n<figure class=\"aligncenter size-large\"><img fetchpriority=\"high\" decoding=\"async\" width=\"644\" height=\"429\" src=\"https:\/\/www.uartes.edu.ec\/sitio\/wp-content\/uploads\/2023\/05\/ANDRES-BRACERO-Y-RAFAELA-5-1-644x429.jpg\" alt=\"\" class=\"wp-image-42235\" srcset=\"https:\/\/www.uartes.edu.ec\/sitio\/wp-content\/uploads\/2023\/05\/ANDRES-BRACERO-Y-RAFAELA-5-1-644x429.jpg 644w, https:\/\/www.uartes.edu.ec\/sitio\/wp-content\/uploads\/2023\/05\/ANDRES-BRACERO-Y-RAFAELA-5-1-768x511.jpg 768w, https:\/\/www.uartes.edu.ec\/sitio\/wp-content\/uploads\/2023\/05\/ANDRES-BRACERO-Y-RAFAELA-5-1.jpg 2000w, https:\/\/www.uartes.edu.ec\/sitio\/wp-content\/uploads\/2023\/05\/ANDRES-BRACERO-Y-RAFAELA-5-1-600x399.jpg 600w, https:\/\/www.uartes.edu.ec\/sitio\/wp-content\/uploads\/2023\/05\/ANDRES-BRACERO-Y-RAFAELA-5-1-272x182.jpg 272w\" sizes=\"(max-width: 644px) 100vw, 644px\" \/><\/figure>\n<\/div>\n\n\n<p>Tambi\u00e9n revel\u00f3 que la grabaci\u00f3n de \u201cSerena Morena\u201d no se hizo realidad hasta cuatro a\u00f1os despu\u00e9s de su creaci\u00f3n, que fue cuando la Universidad de las Artes la invit\u00f3 a participar en la residencia de CASE. El proyecto se construy\u00f3 a lo largo del 2022. Su proceso de preparaci\u00f3n y desarrollo fue emocionante, dijo la artista quite\u00f1a.<\/p>\n\n\n\n<p>Le signific\u00f3 poder empoderarse, pues las ideas sobre el video, el guion, la letra y el vestuario fueron de su autor\u00eda, asimismo, el concepto que quer\u00eda conseguir con el audiovisual se lo represent\u00f3 acertadamente. \u201cEl dolor siempre nos limpia, para as\u00ed renacer\u201d, manifest\u00f3 respecto a la letra de su segunda canci\u00f3n, en un acto de amor hacia sus hijas y hacia ella misma, poniendo melod\u00eda a esas palabras de aliento que muchas veces se necesita escuchar y ese recordatorio de que el dolor es pasajero.<\/p>\n\n\n<div class=\"wp-block-image\">\n<figure class=\"aligncenter size-large\"><img decoding=\"async\" width=\"644\" height=\"429\" src=\"https:\/\/www.uartes.edu.ec\/sitio\/wp-content\/uploads\/2023\/05\/ANDRES-BRACERO-Y-RAFAELA-3-1-644x429.jpg\" alt=\"\" class=\"wp-image-42236\" srcset=\"https:\/\/www.uartes.edu.ec\/sitio\/wp-content\/uploads\/2023\/05\/ANDRES-BRACERO-Y-RAFAELA-3-1-644x429.jpg 644w, https:\/\/www.uartes.edu.ec\/sitio\/wp-content\/uploads\/2023\/05\/ANDRES-BRACERO-Y-RAFAELA-3-1-768x511.jpg 768w, https:\/\/www.uartes.edu.ec\/sitio\/wp-content\/uploads\/2023\/05\/ANDRES-BRACERO-Y-RAFAELA-3-1.jpg 2000w, https:\/\/www.uartes.edu.ec\/sitio\/wp-content\/uploads\/2023\/05\/ANDRES-BRACERO-Y-RAFAELA-3-1-600x399.jpg 600w, https:\/\/www.uartes.edu.ec\/sitio\/wp-content\/uploads\/2023\/05\/ANDRES-BRACERO-Y-RAFAELA-3-1-272x182.jpg 272w\" sizes=\"(max-width: 644px) 100vw, 644px\" \/><\/figure>\n<\/div>\n\n<div class=\"wp-block-image\">\n<figure class=\"aligncenter size-large\"><img decoding=\"async\" width=\"644\" height=\"429\" src=\"https:\/\/www.uartes.edu.ec\/sitio\/wp-content\/uploads\/2023\/05\/ANDRES-BRACERO-Y-RAFAELA-4-644x429.jpg\" alt=\"\" class=\"wp-image-42237\" srcset=\"https:\/\/www.uartes.edu.ec\/sitio\/wp-content\/uploads\/2023\/05\/ANDRES-BRACERO-Y-RAFAELA-4-644x429.jpg 644w, https:\/\/www.uartes.edu.ec\/sitio\/wp-content\/uploads\/2023\/05\/ANDRES-BRACERO-Y-RAFAELA-4-768x511.jpg 768w, https:\/\/www.uartes.edu.ec\/sitio\/wp-content\/uploads\/2023\/05\/ANDRES-BRACERO-Y-RAFAELA-4.jpg 2000w, https:\/\/www.uartes.edu.ec\/sitio\/wp-content\/uploads\/2023\/05\/ANDRES-BRACERO-Y-RAFAELA-4-600x399.jpg 600w, https:\/\/www.uartes.edu.ec\/sitio\/wp-content\/uploads\/2023\/05\/ANDRES-BRACERO-Y-RAFAELA-4-272x182.jpg 272w\" sizes=\"(max-width: 644px) 100vw, 644px\" \/><\/figure>\n<\/div>\n\n\n<p>Volviendo al producto obtenido, Rafaela Medina anot\u00f3 que este se grab\u00f3 y edit\u00f3 en la residencia 2022 de CASE y que los estudiantes involucrados jugaron con los colores, los sonidos e instrumentos. Aunque le hubiera encantado ser parte de nuestra comunidad, la artista confes\u00f3 que su relaci\u00f3n con los docentes y estudiantes UArtes es excelente y que el aprendizaje adquirido contribuy\u00f3 grandemente para sus conocimientos en las artes sonoras y futuros proyectos. Junto con su banda, ella compone, canta y presenta en vivo; sus trabajos y creaciones se los pueden encontrar en plataformas y redes sociales.<\/p>\n\n\n\n<p>A trav\u00e9s del comp\u00e1s de \u201cSerena Morena\u201d se percibe el valor, el empoderamiento y la perspectiva de que los momentos imperfectos pueden ser perfectos si se los mira desde otro plano. Nos da un mensaje de que el ser humano est\u00e1 lleno de miedos e incertidumbres de los que no tiene dominio sobre ellos, pero s\u00ed tiene el poder de decidir si se paraliza ante ellos o se libera.<\/p>\n\n\n\n<p>Texto: Romina Ram\u00edrez, estudiante de la Escuela de Literatura. Edici\u00f3n: Carmen Cortez<\/p>","protected":false},"excerpt":{"rendered":"<p>La comunidad UArtes presenci\u00f3 el 10 de mayo, en la Sala de Cine del MZ14, el estreno del nuevo videoclip de la cantante y compositora quite\u00f1a Rafaela Medina. Su sencillo se titula \u201cSerena Morena\u201d y su realizaci\u00f3n es el resultado de la residencia art\u00edstica que realiz\u00f3 el a\u00f1o pasado en CASE. Lo dio a conocer, justamente, en el segundo d\u00eda de la edici\u00f3n de este 2023, la VI de la cita, cuyo similar proceso cumpli\u00f3 La Banda Brava.<\/p>","protected":false},"author":10,"featured_media":42231,"comment_status":"open","ping_status":"open","sticky":false,"template":"","format":"standard","meta":{"_acf_changed":false,"_uag_custom_page_level_css":"","_monsterinsights_skip_tracking":false,"_monsterinsights_sitenote_active":false,"_monsterinsights_sitenote_note":"","_monsterinsights_sitenote_category":0,"cybocfi_hide_featured_image":"","footnotes":""},"categories":[82,150,77,79],"tags":[943],"infouartes":[],"class_list":["post-42221","post","type-post","status-publish","format-standard","has-post-thumbnail","hentry","category-artes","category-artes-sonoras","category-gestion","category-vinculo","tag-residencia"],"acf":[],"yoast_head":"<!-- This site is optimized with the Yoast SEO plugin v27.4 - https:\/\/yoast.com\/product\/yoast-seo-wordpress\/ -->\n<title>Universidad de las Artes - \u201cSerena Morena\u201d, el videoclip que la cantautora Rafaela Medina trabaj\u00f3 en la residencia art\u00edstica de CASE 2022<\/title>\n<meta name=\"description\" content=\"Universidad de las Artes - \u201cSerena Morena\u201d, el videoclip que la cantautora Rafaela Medina trabaj\u00f3 en la residencia art\u00edstica de CASE 2022\" \/>\n<meta name=\"robots\" content=\"index, follow, max-snippet:-1, max-image-preview:large, max-video-preview:-1\" \/>\n<link rel=\"canonical\" href=\"https:\/\/www.uartes.edu.ec\/sitio\/fr\/blog\/2023\/05\/15\/serena-morena-el-videoclip-que-la-artista-rafaela-medina-trabajo-en-residencia-de-case\/\" \/>\n<meta property=\"og:locale\" content=\"fr_FR\" \/>\n<meta property=\"og:type\" content=\"article\" \/>\n<meta property=\"og:title\" content=\"Universidad de las Artes - \u201cSerena Morena\u201d, el videoclip que la cantautora Rafaela Medina trabaj\u00f3 en la residencia art\u00edstica de CASE 2022\" \/>\n<meta property=\"og:description\" content=\"Universidad de las Artes - \u201cSerena Morena\u201d, el videoclip que la cantautora Rafaela Medina trabaj\u00f3 en la residencia art\u00edstica de CASE 2022\" \/>\n<meta property=\"og:url\" content=\"https:\/\/www.uartes.edu.ec\/sitio\/fr\/blog\/2023\/05\/15\/serena-morena-el-videoclip-que-la-artista-rafaela-medina-trabajo-en-residencia-de-case\/\" \/>\n<meta property=\"og:site_name\" content=\"Universidad de las Artes\" \/>\n<meta property=\"article:publisher\" content=\"https:\/\/www.facebook.com\/uartesec\" \/>\n<meta property=\"article:published_time\" content=\"2023-05-15T20:18:00+00:00\" \/>\n<meta property=\"article:modified_time\" content=\"2024-07-04T16:21:11+00:00\" \/>\n<meta property=\"og:image\" content=\"https:\/\/www.uartes.edu.ec\/sitio\/wp-content\/uploads\/2023\/05\/ANDRES-BRACERO-Y-RAFAELA-2.jpg\" \/>\n\t<meta property=\"og:image:width\" content=\"2000\" \/>\n\t<meta property=\"og:image:height\" content=\"1333\" \/>\n\t<meta property=\"og:image:type\" content=\"image\/jpeg\" \/>\n<meta name=\"author\" content=\"ccortez\" \/>\n<meta name=\"twitter:card\" content=\"summary_large_image\" \/>\n<meta name=\"twitter:creator\" content=\"@uartesec\" \/>\n<meta name=\"twitter:site\" content=\"@uartesec\" \/>\n<meta name=\"twitter:label1\" content=\"\u00c9crit par\" \/>\n\t<meta name=\"twitter:data1\" content=\"ccortez\" \/>\n\t<meta name=\"twitter:label2\" content=\"Dur\u00e9e de lecture estim\u00e9e\" \/>\n\t<meta name=\"twitter:data2\" content=\"3 minutes\" \/>\n<script type=\"application\/ld+json\" class=\"yoast-schema-graph\">{\"@context\":\"https:\\\/\\\/schema.org\",\"@graph\":[{\"@type\":\"Article\",\"@id\":\"https:\\\/\\\/www.uartes.edu.ec\\\/sitio\\\/fr\\\/blog\\\/2023\\\/05\\\/15\\\/serena-morena-el-videoclip-que-la-artista-rafaela-medina-trabajo-en-residencia-de-case\\\/#article\",\"isPartOf\":{\"@id\":\"https:\\\/\\\/www.uartes.edu.ec\\\/sitio\\\/fr\\\/blog\\\/2023\\\/05\\\/15\\\/serena-morena-el-videoclip-que-la-artista-rafaela-medina-trabajo-en-residencia-de-case\\\/\"},\"author\":{\"name\":\"ccortez\",\"@id\":\"https:\\\/\\\/www.uartes.edu.ec\\\/sitio\\\/fr\\\/#\\\/schema\\\/person\\\/efa1b8275797664fd7f13a79ccc0b1f4\"},\"headline\":\"\u201cSerena Morena\u201d, el videoclip que la cantautora Rafaela Medina trabaj\u00f3 en la residencia art\u00edstica de CASE 2022\",\"datePublished\":\"2023-05-15T20:18:00+00:00\",\"dateModified\":\"2024-07-04T16:21:11+00:00\",\"mainEntityOfPage\":{\"@id\":\"https:\\\/\\\/www.uartes.edu.ec\\\/sitio\\\/fr\\\/blog\\\/2023\\\/05\\\/15\\\/serena-morena-el-videoclip-que-la-artista-rafaela-medina-trabajo-en-residencia-de-case\\\/\"},\"wordCount\":535,\"commentCount\":0,\"publisher\":{\"@id\":\"https:\\\/\\\/www.uartes.edu.ec\\\/sitio\\\/fr\\\/#organization\"},\"image\":{\"@id\":\"https:\\\/\\\/www.uartes.edu.ec\\\/sitio\\\/fr\\\/blog\\\/2023\\\/05\\\/15\\\/serena-morena-el-videoclip-que-la-artista-rafaela-medina-trabajo-en-residencia-de-case\\\/#primaryimage\"},\"thumbnailUrl\":\"https:\\\/\\\/www.uartes.edu.ec\\\/sitio\\\/wp-content\\\/uploads\\\/2023\\\/05\\\/ANDRES-BRACERO-Y-RAFAELA-2.jpg\",\"keywords\":[\"residencia\"],\"articleSection\":[\"Artes\",\"Artes Sonoras\",\"Gesti\u00f3n\",\"V\u00ednculo\"],\"inLanguage\":\"fr-FR\",\"potentialAction\":[{\"@type\":\"CommentAction\",\"name\":\"Comment\",\"target\":[\"https:\\\/\\\/www.uartes.edu.ec\\\/sitio\\\/fr\\\/blog\\\/2023\\\/05\\\/15\\\/serena-morena-el-videoclip-que-la-artista-rafaela-medina-trabajo-en-residencia-de-case\\\/#respond\"]}]},{\"@type\":[\"WebPage\",\"ItemPage\"],\"@id\":\"https:\\\/\\\/www.uartes.edu.ec\\\/sitio\\\/fr\\\/blog\\\/2023\\\/05\\\/15\\\/serena-morena-el-videoclip-que-la-artista-rafaela-medina-trabajo-en-residencia-de-case\\\/\",\"url\":\"https:\\\/\\\/www.uartes.edu.ec\\\/sitio\\\/fr\\\/blog\\\/2023\\\/05\\\/15\\\/serena-morena-el-videoclip-que-la-artista-rafaela-medina-trabajo-en-residencia-de-case\\\/\",\"name\":\"Universidad de las Artes - \u201cSerena Morena\u201d, el videoclip que la cantautora Rafaela Medina trabaj\u00f3 en la residencia art\u00edstica de CASE 2022\",\"isPartOf\":{\"@id\":\"https:\\\/\\\/www.uartes.edu.ec\\\/sitio\\\/fr\\\/#website\"},\"primaryImageOfPage\":{\"@id\":\"https:\\\/\\\/www.uartes.edu.ec\\\/sitio\\\/fr\\\/blog\\\/2023\\\/05\\\/15\\\/serena-morena-el-videoclip-que-la-artista-rafaela-medina-trabajo-en-residencia-de-case\\\/#primaryimage\"},\"image\":{\"@id\":\"https:\\\/\\\/www.uartes.edu.ec\\\/sitio\\\/fr\\\/blog\\\/2023\\\/05\\\/15\\\/serena-morena-el-videoclip-que-la-artista-rafaela-medina-trabajo-en-residencia-de-case\\\/#primaryimage\"},\"thumbnailUrl\":\"https:\\\/\\\/www.uartes.edu.ec\\\/sitio\\\/wp-content\\\/uploads\\\/2023\\\/05\\\/ANDRES-BRACERO-Y-RAFAELA-2.jpg\",\"datePublished\":\"2023-05-15T20:18:00+00:00\",\"dateModified\":\"2024-07-04T16:21:11+00:00\",\"description\":\"Universidad de las Artes - \u201cSerena Morena\u201d, el videoclip que la cantautora Rafaela Medina trabaj\u00f3 en la residencia art\u00edstica de CASE 2022\",\"breadcrumb\":{\"@id\":\"https:\\\/\\\/www.uartes.edu.ec\\\/sitio\\\/fr\\\/blog\\\/2023\\\/05\\\/15\\\/serena-morena-el-videoclip-que-la-artista-rafaela-medina-trabajo-en-residencia-de-case\\\/#breadcrumb\"},\"inLanguage\":\"fr-FR\",\"potentialAction\":[{\"@type\":\"ReadAction\",\"target\":[\"https:\\\/\\\/www.uartes.edu.ec\\\/sitio\\\/fr\\\/blog\\\/2023\\\/05\\\/15\\\/serena-morena-el-videoclip-que-la-artista-rafaela-medina-trabajo-en-residencia-de-case\\\/\"]}]},{\"@type\":\"ImageObject\",\"inLanguage\":\"fr-FR\",\"@id\":\"https:\\\/\\\/www.uartes.edu.ec\\\/sitio\\\/fr\\\/blog\\\/2023\\\/05\\\/15\\\/serena-morena-el-videoclip-que-la-artista-rafaela-medina-trabajo-en-residencia-de-case\\\/#primaryimage\",\"url\":\"https:\\\/\\\/www.uartes.edu.ec\\\/sitio\\\/wp-content\\\/uploads\\\/2023\\\/05\\\/ANDRES-BRACERO-Y-RAFAELA-2.jpg\",\"contentUrl\":\"https:\\\/\\\/www.uartes.edu.ec\\\/sitio\\\/wp-content\\\/uploads\\\/2023\\\/05\\\/ANDRES-BRACERO-Y-RAFAELA-2.jpg\",\"width\":2000,\"height\":1333},{\"@type\":\"BreadcrumbList\",\"@id\":\"https:\\\/\\\/www.uartes.edu.ec\\\/sitio\\\/fr\\\/blog\\\/2023\\\/05\\\/15\\\/serena-morena-el-videoclip-que-la-artista-rafaela-medina-trabajo-en-residencia-de-case\\\/#breadcrumb\",\"itemListElement\":[{\"@type\":\"ListItem\",\"position\":1,\"name\":\"Inicio\",\"item\":\"https:\\\/\\\/www.uartes.edu.ec\\\/sitio\\\/\"},{\"@type\":\"ListItem\",\"position\":2,\"name\":\"\u201cSerena Morena\u201d, el videoclip que la cantautora Rafaela Medina trabaj\u00f3 en la residencia art\u00edstica de CASE 2022\"}]},{\"@type\":\"WebSite\",\"@id\":\"https:\\\/\\\/www.uartes.edu.ec\\\/sitio\\\/fr\\\/#website\",\"url\":\"https:\\\/\\\/www.uartes.edu.ec\\\/sitio\\\/fr\\\/\",\"name\":\"Universidad de las Artes\",\"description\":\"Sitio oficial de la Universidad Nacional de las Artes del Ecuador\",\"publisher\":{\"@id\":\"https:\\\/\\\/www.uartes.edu.ec\\\/sitio\\\/fr\\\/#organization\"},\"potentialAction\":[{\"@type\":\"SearchAction\",\"target\":{\"@type\":\"EntryPoint\",\"urlTemplate\":\"https:\\\/\\\/www.uartes.edu.ec\\\/sitio\\\/fr\\\/?s={search_term_string}\"},\"query-input\":{\"@type\":\"PropertyValueSpecification\",\"valueRequired\":true,\"valueName\":\"search_term_string\"}}],\"inLanguage\":\"fr-FR\"},{\"@type\":\"Organization\",\"@id\":\"https:\\\/\\\/www.uartes.edu.ec\\\/sitio\\\/fr\\\/#organization\",\"name\":\"Universidad de las Artes\",\"url\":\"https:\\\/\\\/www.uartes.edu.ec\\\/sitio\\\/fr\\\/\",\"logo\":{\"@type\":\"ImageObject\",\"inLanguage\":\"fr-FR\",\"@id\":\"https:\\\/\\\/www.uartes.edu.ec\\\/sitio\\\/fr\\\/#\\\/schema\\\/logo\\\/image\\\/\",\"url\":\"https:\\\/\\\/www.uartes.edu.ec\\\/sitio\\\/wp-content\\\/uploads\\\/2022\\\/07\\\/logo-ua-horizontal.png\",\"contentUrl\":\"https:\\\/\\\/www.uartes.edu.ec\\\/sitio\\\/wp-content\\\/uploads\\\/2022\\\/07\\\/logo-ua-horizontal.png\",\"width\":800,\"height\":276,\"caption\":\"Universidad de las Artes\"},\"image\":{\"@id\":\"https:\\\/\\\/www.uartes.edu.ec\\\/sitio\\\/fr\\\/#\\\/schema\\\/logo\\\/image\\\/\"},\"sameAs\":[\"https:\\\/\\\/www.facebook.com\\\/uartesec\",\"https:\\\/\\\/x.com\\\/uartesec\",\"https:\\\/\\\/www.tiktok.com\\\/@uartesec\"]},{\"@type\":\"Person\",\"@id\":\"https:\\\/\\\/www.uartes.edu.ec\\\/sitio\\\/fr\\\/#\\\/schema\\\/person\\\/efa1b8275797664fd7f13a79ccc0b1f4\",\"name\":\"ccortez\",\"image\":{\"@type\":\"ImageObject\",\"inLanguage\":\"fr-FR\",\"@id\":\"https:\\\/\\\/secure.gravatar.com\\\/avatar\\\/b2a6f664a3ae8e074346ef91775736c5ec479e637ecced6842de9dc98b5da9cd?s=96&d=mm&r=g\",\"url\":\"https:\\\/\\\/secure.gravatar.com\\\/avatar\\\/b2a6f664a3ae8e074346ef91775736c5ec479e637ecced6842de9dc98b5da9cd?s=96&d=mm&r=g\",\"contentUrl\":\"https:\\\/\\\/secure.gravatar.com\\\/avatar\\\/b2a6f664a3ae8e074346ef91775736c5ec479e637ecced6842de9dc98b5da9cd?s=96&d=mm&r=g\",\"caption\":\"ccortez\"},\"url\":\"https:\\\/\\\/www.uartes.edu.ec\\\/sitio\\\/fr\\\/blog\\\/author\\\/ccortez\\\/\"}]}<\/script>\n<!-- \/ Yoast SEO plugin. -->","yoast_head_json":{"title":"Universidad de las Artes - \u201cSerena Morena\u201d, el videoclip que la cantautora Rafaela Medina trabaj\u00f3 en la residencia art\u00edstica de CASE 2022","description":"Universidad de las Artes - \u201cSerena Morena\u201d, el videoclip que la cantautora Rafaela Medina trabaj\u00f3 en la residencia art\u00edstica de CASE 2022","robots":{"index":"index","follow":"follow","max-snippet":"max-snippet:-1","max-image-preview":"max-image-preview:large","max-video-preview":"max-video-preview:-1"},"canonical":"https:\/\/www.uartes.edu.ec\/sitio\/fr\/blog\/2023\/05\/15\/serena-morena-el-videoclip-que-la-artista-rafaela-medina-trabajo-en-residencia-de-case\/","og_locale":"fr_FR","og_type":"article","og_title":"Universidad de las Artes - \u201cSerena Morena\u201d, el videoclip que la cantautora Rafaela Medina trabaj\u00f3 en la residencia art\u00edstica de CASE 2022","og_description":"Universidad de las Artes - \u201cSerena Morena\u201d, el videoclip que la cantautora Rafaela Medina trabaj\u00f3 en la residencia art\u00edstica de CASE 2022","og_url":"https:\/\/www.uartes.edu.ec\/sitio\/fr\/blog\/2023\/05\/15\/serena-morena-el-videoclip-que-la-artista-rafaela-medina-trabajo-en-residencia-de-case\/","og_site_name":"Universidad de las Artes","article_publisher":"https:\/\/www.facebook.com\/uartesec","article_published_time":"2023-05-15T20:18:00+00:00","article_modified_time":"2024-07-04T16:21:11+00:00","og_image":[{"width":2000,"height":1333,"url":"https:\/\/www.uartes.edu.ec\/sitio\/wp-content\/uploads\/2023\/05\/ANDRES-BRACERO-Y-RAFAELA-2.jpg","type":"image\/jpeg"}],"author":"ccortez","twitter_card":"summary_large_image","twitter_creator":"@uartesec","twitter_site":"@uartesec","twitter_misc":{"\u00c9crit par":"ccortez","Dur\u00e9e de lecture estim\u00e9e":"3 minutes"},"schema":{"@context":"https:\/\/schema.org","@graph":[{"@type":"Article","@id":"https:\/\/www.uartes.edu.ec\/sitio\/fr\/blog\/2023\/05\/15\/serena-morena-el-videoclip-que-la-artista-rafaela-medina-trabajo-en-residencia-de-case\/#article","isPartOf":{"@id":"https:\/\/www.uartes.edu.ec\/sitio\/fr\/blog\/2023\/05\/15\/serena-morena-el-videoclip-que-la-artista-rafaela-medina-trabajo-en-residencia-de-case\/"},"author":{"name":"ccortez","@id":"https:\/\/www.uartes.edu.ec\/sitio\/fr\/#\/schema\/person\/efa1b8275797664fd7f13a79ccc0b1f4"},"headline":"\u201cSerena Morena\u201d, el videoclip que la cantautora Rafaela Medina trabaj\u00f3 en la residencia art\u00edstica de CASE 2022","datePublished":"2023-05-15T20:18:00+00:00","dateModified":"2024-07-04T16:21:11+00:00","mainEntityOfPage":{"@id":"https:\/\/www.uartes.edu.ec\/sitio\/fr\/blog\/2023\/05\/15\/serena-morena-el-videoclip-que-la-artista-rafaela-medina-trabajo-en-residencia-de-case\/"},"wordCount":535,"commentCount":0,"publisher":{"@id":"https:\/\/www.uartes.edu.ec\/sitio\/fr\/#organization"},"image":{"@id":"https:\/\/www.uartes.edu.ec\/sitio\/fr\/blog\/2023\/05\/15\/serena-morena-el-videoclip-que-la-artista-rafaela-medina-trabajo-en-residencia-de-case\/#primaryimage"},"thumbnailUrl":"https:\/\/www.uartes.edu.ec\/sitio\/wp-content\/uploads\/2023\/05\/ANDRES-BRACERO-Y-RAFAELA-2.jpg","keywords":["residencia"],"articleSection":["Artes","Artes Sonoras","Gesti\u00f3n","V\u00ednculo"],"inLanguage":"fr-FR","potentialAction":[{"@type":"CommentAction","name":"Comment","target":["https:\/\/www.uartes.edu.ec\/sitio\/fr\/blog\/2023\/05\/15\/serena-morena-el-videoclip-que-la-artista-rafaela-medina-trabajo-en-residencia-de-case\/#respond"]}]},{"@type":["WebPage","ItemPage"],"@id":"https:\/\/www.uartes.edu.ec\/sitio\/fr\/blog\/2023\/05\/15\/serena-morena-el-videoclip-que-la-artista-rafaela-medina-trabajo-en-residencia-de-case\/","url":"https:\/\/www.uartes.edu.ec\/sitio\/fr\/blog\/2023\/05\/15\/serena-morena-el-videoclip-que-la-artista-rafaela-medina-trabajo-en-residencia-de-case\/","name":"Universidad de las Artes - \u201cSerena Morena\u201d, el videoclip que la cantautora Rafaela Medina trabaj\u00f3 en la residencia art\u00edstica de CASE 2022","isPartOf":{"@id":"https:\/\/www.uartes.edu.ec\/sitio\/fr\/#website"},"primaryImageOfPage":{"@id":"https:\/\/www.uartes.edu.ec\/sitio\/fr\/blog\/2023\/05\/15\/serena-morena-el-videoclip-que-la-artista-rafaela-medina-trabajo-en-residencia-de-case\/#primaryimage"},"image":{"@id":"https:\/\/www.uartes.edu.ec\/sitio\/fr\/blog\/2023\/05\/15\/serena-morena-el-videoclip-que-la-artista-rafaela-medina-trabajo-en-residencia-de-case\/#primaryimage"},"thumbnailUrl":"https:\/\/www.uartes.edu.ec\/sitio\/wp-content\/uploads\/2023\/05\/ANDRES-BRACERO-Y-RAFAELA-2.jpg","datePublished":"2023-05-15T20:18:00+00:00","dateModified":"2024-07-04T16:21:11+00:00","description":"Universidad de las Artes - \u201cSerena Morena\u201d, el videoclip que la cantautora Rafaela Medina trabaj\u00f3 en la residencia art\u00edstica de CASE 2022","breadcrumb":{"@id":"https:\/\/www.uartes.edu.ec\/sitio\/fr\/blog\/2023\/05\/15\/serena-morena-el-videoclip-que-la-artista-rafaela-medina-trabajo-en-residencia-de-case\/#breadcrumb"},"inLanguage":"fr-FR","potentialAction":[{"@type":"ReadAction","target":["https:\/\/www.uartes.edu.ec\/sitio\/fr\/blog\/2023\/05\/15\/serena-morena-el-videoclip-que-la-artista-rafaela-medina-trabajo-en-residencia-de-case\/"]}]},{"@type":"ImageObject","inLanguage":"fr-FR","@id":"https:\/\/www.uartes.edu.ec\/sitio\/fr\/blog\/2023\/05\/15\/serena-morena-el-videoclip-que-la-artista-rafaela-medina-trabajo-en-residencia-de-case\/#primaryimage","url":"https:\/\/www.uartes.edu.ec\/sitio\/wp-content\/uploads\/2023\/05\/ANDRES-BRACERO-Y-RAFAELA-2.jpg","contentUrl":"https:\/\/www.uartes.edu.ec\/sitio\/wp-content\/uploads\/2023\/05\/ANDRES-BRACERO-Y-RAFAELA-2.jpg","width":2000,"height":1333},{"@type":"BreadcrumbList","@id":"https:\/\/www.uartes.edu.ec\/sitio\/fr\/blog\/2023\/05\/15\/serena-morena-el-videoclip-que-la-artista-rafaela-medina-trabajo-en-residencia-de-case\/#breadcrumb","itemListElement":[{"@type":"ListItem","position":1,"name":"Inicio","item":"https:\/\/www.uartes.edu.ec\/sitio\/"},{"@type":"ListItem","position":2,"name":"\u201cSerena Morena\u201d, el videoclip que la cantautora Rafaela Medina trabaj\u00f3 en la residencia art\u00edstica de CASE 2022"}]},{"@type":"WebSite","@id":"https:\/\/www.uartes.edu.ec\/sitio\/fr\/#website","url":"https:\/\/www.uartes.edu.ec\/sitio\/fr\/","name":"Universidad de las Artes","description":"Sitio oficial de la Universidad Nacional de las Artes del Ecuador","publisher":{"@id":"https:\/\/www.uartes.edu.ec\/sitio\/fr\/#organization"},"potentialAction":[{"@type":"SearchAction","target":{"@type":"EntryPoint","urlTemplate":"https:\/\/www.uartes.edu.ec\/sitio\/fr\/?s={search_term_string}"},"query-input":{"@type":"PropertyValueSpecification","valueRequired":true,"valueName":"search_term_string"}}],"inLanguage":"fr-FR"},{"@type":"Organization","@id":"https:\/\/www.uartes.edu.ec\/sitio\/fr\/#organization","name":"Universidad de las Artes","url":"https:\/\/www.uartes.edu.ec\/sitio\/fr\/","logo":{"@type":"ImageObject","inLanguage":"fr-FR","@id":"https:\/\/www.uartes.edu.ec\/sitio\/fr\/#\/schema\/logo\/image\/","url":"https:\/\/www.uartes.edu.ec\/sitio\/wp-content\/uploads\/2022\/07\/logo-ua-horizontal.png","contentUrl":"https:\/\/www.uartes.edu.ec\/sitio\/wp-content\/uploads\/2022\/07\/logo-ua-horizontal.png","width":800,"height":276,"caption":"Universidad de las Artes"},"image":{"@id":"https:\/\/www.uartes.edu.ec\/sitio\/fr\/#\/schema\/logo\/image\/"},"sameAs":["https:\/\/www.facebook.com\/uartesec","https:\/\/x.com\/uartesec","https:\/\/www.tiktok.com\/@uartesec"]},{"@type":"Person","@id":"https:\/\/www.uartes.edu.ec\/sitio\/fr\/#\/schema\/person\/efa1b8275797664fd7f13a79ccc0b1f4","name":"ccortez","image":{"@type":"ImageObject","inLanguage":"fr-FR","@id":"https:\/\/secure.gravatar.com\/avatar\/b2a6f664a3ae8e074346ef91775736c5ec479e637ecced6842de9dc98b5da9cd?s=96&d=mm&r=g","url":"https:\/\/secure.gravatar.com\/avatar\/b2a6f664a3ae8e074346ef91775736c5ec479e637ecced6842de9dc98b5da9cd?s=96&d=mm&r=g","contentUrl":"https:\/\/secure.gravatar.com\/avatar\/b2a6f664a3ae8e074346ef91775736c5ec479e637ecced6842de9dc98b5da9cd?s=96&d=mm&r=g","caption":"ccortez"},"url":"https:\/\/www.uartes.edu.ec\/sitio\/fr\/blog\/author\/ccortez\/"}]}},"uagb_featured_image_src":{"full":["https:\/\/www.uartes.edu.ec\/sitio\/wp-content\/uploads\/2023\/05\/ANDRES-BRACERO-Y-RAFAELA-2.jpg",2000,1333,false],"thumbnail":["https:\/\/www.uartes.edu.ec\/sitio\/wp-content\/uploads\/2023\/05\/ANDRES-BRACERO-Y-RAFAELA-2-150x150.jpg",150,150,true],"medium":["https:\/\/www.uartes.edu.ec\/sitio\/wp-content\/uploads\/2023\/05\/ANDRES-BRACERO-Y-RAFAELA-2-300x200.jpg",300,200,true],"medium_large":["https:\/\/www.uartes.edu.ec\/sitio\/wp-content\/uploads\/2023\/05\/ANDRES-BRACERO-Y-RAFAELA-2-768x512.jpg",768,512,true],"large":["https:\/\/www.uartes.edu.ec\/sitio\/wp-content\/uploads\/2023\/05\/ANDRES-BRACERO-Y-RAFAELA-2-644x429.jpg",644,429,true],"1536x1536":["https:\/\/www.uartes.edu.ec\/sitio\/wp-content\/uploads\/2023\/05\/ANDRES-BRACERO-Y-RAFAELA-2-1536x1024.jpg",1536,1024,true],"2048x2048":["https:\/\/www.uartes.edu.ec\/sitio\/wp-content\/uploads\/2023\/05\/ANDRES-BRACERO-Y-RAFAELA-2.jpg",2000,1333,false],"trp-custom-language-flag":["https:\/\/www.uartes.edu.ec\/sitio\/wp-content\/uploads\/2023\/05\/ANDRES-BRACERO-Y-RAFAELA-2.jpg",18,12,false],"htmega_size_585x295":["https:\/\/www.uartes.edu.ec\/sitio\/wp-content\/uploads\/2023\/05\/ANDRES-BRACERO-Y-RAFAELA-2-585x295.jpg",585,295,true],"htmega_size_1170x536":["https:\/\/www.uartes.edu.ec\/sitio\/wp-content\/uploads\/2023\/05\/ANDRES-BRACERO-Y-RAFAELA-2-1170x536.jpg",1170,536,true],"htmega_size_396x360":["https:\/\/www.uartes.edu.ec\/sitio\/wp-content\/uploads\/2023\/05\/ANDRES-BRACERO-Y-RAFAELA-2-396x360.jpg",396,360,true],"gb-block-post-grid-landscape":["https:\/\/www.uartes.edu.ec\/sitio\/wp-content\/uploads\/2023\/05\/ANDRES-BRACERO-Y-RAFAELA-2-600x400.jpg",600,400,true],"gb-block-post-grid-square":["https:\/\/www.uartes.edu.ec\/sitio\/wp-content\/uploads\/2023\/05\/ANDRES-BRACERO-Y-RAFAELA-2-600x600.jpg",600,600,true],"university-hub-thumb":["https:\/\/www.uartes.edu.ec\/sitio\/wp-content\/uploads\/2023\/05\/ANDRES-BRACERO-Y-RAFAELA-2-400x267.jpg",400,267,true],"mailpoet_newsletter_max":["https:\/\/www.uartes.edu.ec\/sitio\/wp-content\/uploads\/2023\/05\/ANDRES-BRACERO-Y-RAFAELA-2.jpg",1320,880,false]},"uagb_author_info":{"display_name":"ccortez","author_link":"https:\/\/www.uartes.edu.ec\/sitio\/fr\/blog\/author\/ccortez\/"},"uagb_comment_info":0,"uagb_excerpt":"La comunidad UArtes presenci\u00f3 el 10 de mayo, en la Sala de Cine del MZ14, el estreno del nuevo videoclip de la cantante y compositora quite\u00f1a Rafaela Medina. Su sencillo se titula \u201cSerena Morena\u201d y su realizaci\u00f3n es el resultado de la residencia art\u00edstica que realiz\u00f3 el a\u00f1o pasado en CASE. Lo dio a conocer,\u2026","featured_image_src":"https:\/\/www.uartes.edu.ec\/sitio\/wp-content\/uploads\/2023\/05\/ANDRES-BRACERO-Y-RAFAELA-2-600x400.jpg","featured_image_src_square":"https:\/\/www.uartes.edu.ec\/sitio\/wp-content\/uploads\/2023\/05\/ANDRES-BRACERO-Y-RAFAELA-2-600x600.jpg","author_info":{"display_name":"ccortez","author_link":"https:\/\/www.uartes.edu.ec\/sitio\/fr\/blog\/author\/ccortez\/"},"publishpress_future_workflow_manual_trigger":{"enabledWorkflows":[]},"distributor_meta":false,"distributor_terms":false,"distributor_media":false,"distributor_original_site_name":"Universidad de las Artes","distributor_original_site_url":"https:\/\/www.uartes.edu.ec\/sitio\/fr","push-errors":false,"_links":{"self":[{"href":"https:\/\/www.uartes.edu.ec\/sitio\/fr\/wp-json\/wp\/v2\/posts\/42221","targetHints":{"allow":["GET"]}}],"collection":[{"href":"https:\/\/www.uartes.edu.ec\/sitio\/fr\/wp-json\/wp\/v2\/posts"}],"about":[{"href":"https:\/\/www.uartes.edu.ec\/sitio\/fr\/wp-json\/wp\/v2\/types\/post"}],"author":[{"embeddable":true,"href":"https:\/\/www.uartes.edu.ec\/sitio\/fr\/wp-json\/wp\/v2\/users\/10"}],"replies":[{"embeddable":true,"href":"https:\/\/www.uartes.edu.ec\/sitio\/fr\/wp-json\/wp\/v2\/comments?post=42221"}],"version-history":[{"count":5,"href":"https:\/\/www.uartes.edu.ec\/sitio\/fr\/wp-json\/wp\/v2\/posts\/42221\/revisions"}],"predecessor-version":[{"id":42243,"href":"https:\/\/www.uartes.edu.ec\/sitio\/fr\/wp-json\/wp\/v2\/posts\/42221\/revisions\/42243"}],"wp:featuredmedia":[{"embeddable":true,"href":"https:\/\/www.uartes.edu.ec\/sitio\/fr\/wp-json\/wp\/v2\/media\/42231"}],"wp:attachment":[{"href":"https:\/\/www.uartes.edu.ec\/sitio\/fr\/wp-json\/wp\/v2\/media?parent=42221"}],"wp:term":[{"taxonomy":"category","embeddable":true,"href":"https:\/\/www.uartes.edu.ec\/sitio\/fr\/wp-json\/wp\/v2\/categories?post=42221"},{"taxonomy":"post_tag","embeddable":true,"href":"https:\/\/www.uartes.edu.ec\/sitio\/fr\/wp-json\/wp\/v2\/tags?post=42221"},{"taxonomy":"infouartes","embeddable":true,"href":"https:\/\/www.uartes.edu.ec\/sitio\/fr\/wp-json\/wp\/v2\/infouartes?post=42221"}],"curies":[{"name":"wp","href":"https:\/\/api.w.org\/{rel}","templated":true}]}}