{"id":42333,"date":"2023-05-30T17:26:35","date_gmt":"2023-05-30T22:26:35","guid":{"rendered":"https:\/\/www.uartes.edu.ec\/sitio\/?p=42333"},"modified":"2024-07-04T11:21:09","modified_gmt":"2024-07-04T16:21:09","slug":"en-informe-de-rendicion-de-cuentas-la-uartes-ratifica-su-compromiso-con-procesos-educativos-y-formacion-artistica","status":"publish","type":"post","link":"https:\/\/www.uartes.edu.ec\/sitio\/fr\/blog\/2023\/05\/30\/en-informe-de-rendicion-de-cuentas-la-uartes-ratifica-su-compromiso-con-procesos-educativos-y-formacion-artistica\/","title":{"rendered":"En la rendici\u00f3n de cuentas, la UArtes ratifica su compromiso con procesos educativos y formaci\u00f3n art\u00edstica"},"content":{"rendered":"<p>El rector de la Universidad de las Artes, doctor William Herrera, present\u00f3 el jueves 25 de mayo el informe de rendici\u00f3n de cuentas de la instituci\u00f3n, correspondiente a enero-diciembre 2022. Se hac\u00eda, dijo, en apego a lo establecido en la Ley y las disposiciones del Consejo de Participaci\u00f3n Ciudadana y Control Social (CPCCS), pero, sobre todo, como un ejercicio que permite a la UArtes y su comunidad detenerse y evaluar de manera cr\u00edtica lo realizado y planteado en las agendas de trabajo para este a\u00f1o y los siguientes a\u00f1os de gesti\u00f3n.<\/p>\n\n\n\n<p>Su intervenci\u00f3n se dio luego de que la concurrencia entonara el Himno Nacional del Ecuador, interpretado por Sara Le\u00f3n y Mayda Molestina con el acompa\u00f1amiento en el piano del docente de la Escuela de Artes Sonoras Omar Dom\u00ednguez, y se presentara un video institucional.<\/p>\n\n\n\n<p>Tras agradecer la presencia de los vicerrectores Acad\u00e9mico y de Posgrado e Investigaci\u00f3n en Artes, doctores Bradley Hilgert y Olga L\u00f3pez; del personal y de las autoridades de las \u00e1reas acad\u00e9micas y administrativas, de funcionarios y de todos los equipos que conforman la UArtes, as\u00ed como de los miembros del OCS y del comit\u00e9 de rendici\u00f3n de cuentas, William Herrera dio las gracias tambi\u00e9n por la asistencia al acto de la vicealcaldesa de Guayaquil, Blanca L\u00f3pez.<\/p>\n\n\n<div class=\"wp-block-image\">\n<figure class=\"aligncenter size-large\"><img fetchpriority=\"high\" decoding=\"async\" width=\"644\" height=\"429\" src=\"https:\/\/www.uartes.edu.ec\/sitio\/wp-content\/uploads\/2023\/05\/03-RENDICION-DE-CUENTAS-2022-WEB-644x429.jpg\" alt=\"\" class=\"wp-image-42336\" srcset=\"https:\/\/www.uartes.edu.ec\/sitio\/wp-content\/uploads\/2023\/05\/03-RENDICION-DE-CUENTAS-2022-WEB-644x429.jpg 644w, https:\/\/www.uartes.edu.ec\/sitio\/wp-content\/uploads\/2023\/05\/03-RENDICION-DE-CUENTAS-2022-WEB-768x511.jpg 768w, https:\/\/www.uartes.edu.ec\/sitio\/wp-content\/uploads\/2023\/05\/03-RENDICION-DE-CUENTAS-2022-WEB.jpg 2000w, https:\/\/www.uartes.edu.ec\/sitio\/wp-content\/uploads\/2023\/05\/03-RENDICION-DE-CUENTAS-2022-WEB-600x399.jpg 600w, https:\/\/www.uartes.edu.ec\/sitio\/wp-content\/uploads\/2023\/05\/03-RENDICION-DE-CUENTAS-2022-WEB-272x182.jpg 272w\" sizes=\"(max-width: 644px) 100vw, 644px\" \/><\/figure>\n<\/div>\n\n\n<p>Dese\u00e1ndole \u00e9xitos en su gesti\u00f3n, el rector se\u00f1al\u00f3 a la autoridad municipal que estaba en una universidad que a lo largo de sus casi diez a\u00f1os de historia \u2013los cumplir\u00e1 en diciembre pr\u00f3ximo\u2013 ha apostado por los liderazgos que vienen de la juventud. \u201cTienen a una instituci\u00f3n aliada que est\u00e1 dispuesta a trabajar por la ciudad, la educaci\u00f3n art\u00edstica y los procesos de transformaci\u00f3n social\u201d.<\/p>\n\n\n\n<p>En una pantalla, la audiencia observ\u00f3 las primeras diapositivas de una informaci\u00f3n que, sostuvo el rector, resum\u00eda brevemente un informe de m\u00e1s de 40 p\u00e1ginas, que se encontraba ya en el sitio web de la UArtes y conten\u00eda resultados de la gesti\u00f3n de las distintas unidades de la universidad. Anot\u00f3 tambi\u00e9n que al pensar en la rendici\u00f3n de cuentas se busca que todo tenga sentido. El a\u00f1o pasado el informe se rindi\u00f3 en el Palacio de la Gobernaci\u00f3n tras un largo periodo de aislamiento, teletrabajo y clase en l\u00ednea; se hizo all\u00ed por ser el lugar donde naci\u00f3 el proyecto universitario.<\/p>\n\n\n\n<p>En este 2023, se decidi\u00f3 hacerlo en la Sala R\u00eda, espacio de creaci\u00f3n y educaci\u00f3n en artes para ni\u00f1as y ni\u00f1os de la Biblioteca de las Artes, \u201cporque nos llena de ilusi\u00f3n, recuerda y conduce a la raz\u00f3n de ser de la universidad, pues ratifica el compromiso con los procesos educativos y la formaci\u00f3n art\u00edstica\u201d. Se ha convertido en el principal dispositivo de vinculaci\u00f3n, que nos abre hacia las comunidades y la familia. \u201cEsperamos que lo que trabajamos aqu\u00ed, con mucho cari\u00f1o y dedicaci\u00f3n podamos siempre llevarlo a otros territorios de la ciudad y de las provincias\u201d, expres\u00f3.<\/p>\n\n\n<div class=\"wp-block-image\">\n<figure class=\"aligncenter size-large\"><img decoding=\"async\" width=\"644\" height=\"429\" src=\"https:\/\/www.uartes.edu.ec\/sitio\/wp-content\/uploads\/2023\/05\/02-RENDICION-DE-CUENTAS-2022-WEB-644x429.jpg\" alt=\"\" class=\"wp-image-42338\" srcset=\"https:\/\/www.uartes.edu.ec\/sitio\/wp-content\/uploads\/2023\/05\/02-RENDICION-DE-CUENTAS-2022-WEB-644x429.jpg 644w, https:\/\/www.uartes.edu.ec\/sitio\/wp-content\/uploads\/2023\/05\/02-RENDICION-DE-CUENTAS-2022-WEB-768x511.jpg 768w, https:\/\/www.uartes.edu.ec\/sitio\/wp-content\/uploads\/2023\/05\/02-RENDICION-DE-CUENTAS-2022-WEB.jpg 2000w, https:\/\/www.uartes.edu.ec\/sitio\/wp-content\/uploads\/2023\/05\/02-RENDICION-DE-CUENTAS-2022-WEB-600x399.jpg 600w, https:\/\/www.uartes.edu.ec\/sitio\/wp-content\/uploads\/2023\/05\/02-RENDICION-DE-CUENTAS-2022-WEB-272x182.jpg 272w\" sizes=\"(max-width: 644px) 100vw, 644px\" \/><\/figure>\n<\/div>\n\n\n<p>Adelant\u00f3 que el informe ten\u00eda cuatro ejes. Los tres primeros relacionados con las funciones sustantivas del Sistema de Educaci\u00f3n Superior: docencia, vinculaci\u00f3n e investigaci\u00f3n, e informaci\u00f3n de lo que ha sido la gesti\u00f3n institucional. El rector UArtes habl\u00f3 de la oferta acad\u00e9mica de pregrado y posgrado.<\/p>\n\n\n\n<p>Un tema fundamental, sobre todo a ra\u00edz de la pandemia que gener\u00f3 procesos de deterioro de las condiciones de vida de las familias, son las becas, pieza fundamental para el funcionamiento pedag\u00f3gico y educativo de las artes. El doctor Herrera manifest\u00f3 que la LOES plantea que las IES deben garantizar un 10% para los estudiantes regulares; la UArtes procura superar ese n\u00famero.<\/p>\n\n\n\n<p>Agreg\u00f3 que para este a\u00f1o se plante\u00f3 trabajar de manera intensa en la consolidaci\u00f3n o apertura de nuevos espacios para el bienestar e integraci\u00f3n de la comunidad estudiantil. \u201cTenemos que pensar en c\u00f3mo desde la comunidad universitaria trabajamos m\u00e1s espacios para los estudiantes, en programas e iniciativas en torno al cuidado de la vida; c\u00f3mo podemos responder y enfrentar la situaci\u00f3n actual de violencia que atraviesa la ciudad por medio de proyectos de vinculaci\u00f3n y de espacios que permitan recibir a la ciudadan\u00eda\u201d.<\/p>\n\n\n\n<p>Seguidamente, el rector de la UArtes fue dando a conocer el contenido del informe de rendici\u00f3n de cuentas 2022. Constaron, entre otros puntos, los ejes del Plan de Igualdad Institucional que se cumple anualmente en cada actividad y gesti\u00f3n, siendo estos: g\u00e9nero, interculturalidad y migraci\u00f3n, salud y discapacidades y retenci\u00f3n y permanencia estudiantil.<\/p>\n\n\n<div class=\"wp-block-image\">\n<figure class=\"aligncenter size-large\"><img decoding=\"async\" width=\"644\" height=\"429\" src=\"https:\/\/www.uartes.edu.ec\/sitio\/wp-content\/uploads\/2023\/05\/04-RENDICION-DE-CUENTAS-2022-WEB-644x429.jpg\" alt=\"\" class=\"wp-image-42339\" srcset=\"https:\/\/www.uartes.edu.ec\/sitio\/wp-content\/uploads\/2023\/05\/04-RENDICION-DE-CUENTAS-2022-WEB-644x429.jpg 644w, https:\/\/www.uartes.edu.ec\/sitio\/wp-content\/uploads\/2023\/05\/04-RENDICION-DE-CUENTAS-2022-WEB-768x511.jpg 768w, https:\/\/www.uartes.edu.ec\/sitio\/wp-content\/uploads\/2023\/05\/04-RENDICION-DE-CUENTAS-2022-WEB.jpg 2000w, https:\/\/www.uartes.edu.ec\/sitio\/wp-content\/uploads\/2023\/05\/04-RENDICION-DE-CUENTAS-2022-WEB-600x399.jpg 600w, https:\/\/www.uartes.edu.ec\/sitio\/wp-content\/uploads\/2023\/05\/04-RENDICION-DE-CUENTAS-2022-WEB-272x182.jpg 272w\" sizes=\"(max-width: 644px) 100vw, 644px\" \/><\/figure>\n<\/div>\n\n\n<p>Tambi\u00e9n, que seactualiz\u00f3 el modelo educativo y pedag\u00f3gico y que acorde al Reglamento para la Validaci\u00f3n de Trayectoria Profesionales Art\u00edsticas o Culturales emitido por el CES se cumpli\u00f3 con el proceso 2021-2022 para tercer nivel de grado, en el marco de un convenio con el Ministerio de Cultura y Patrimonio (MCyP).<\/p>\n\n\n\n<p>La tasa de retenci\u00f3n estudiantil que la UArtes registr\u00f3 el 2022 se ubic\u00f3 en 94,7%. Este alto porcentaje se debe a las consejer\u00edas acad\u00e9micas y tutor\u00edas desarrolladas, contempladas en nuestro Programa de Acompa\u00f1amiento al \u00c9xito Acad\u00e9mico.<\/p>\n\n\n\n<p>Los docentes de la UArtes realizaron en 2022 doce publicaciones en revistas cient\u00edficas con los avances y resultados de sus investigaciones. Tambi\u00e9n se ejecutaron 50 proyectos de investigaci\u00f3n. A la fecha son 29 los grupos de investigaci\u00f3n que nuestra universidad ha registrado.<\/p>\n\n\n\n<p>La Direcci\u00f3n de Vinculaci\u00f3n con la Sociedad UArtes ha trabajado, entre 2021 y 2022, con m\u00e1s de 90 instituciones y organizaciones para la realizaci\u00f3n de proyectos y actividades, de los que se beneficiaron y participaron activamente 7.963 ni\u00f1as, ni\u00f1os y adolescentes provenientes de sectores en condici\u00f3n de vulnerabilidad.<\/p>\n\n\n\n<p>En 2022, en el MZ14 Centro de Producci\u00f3n e Innovaci\u00f3n se desarrollaron 296 eventos entre presenciales e h\u00edbridos, con 19.312 participantes. La Biblioteca de las Artes, por su parte, recibi\u00f3 48.466 visitas y su Sala R\u00eda a m\u00e1s de 20.000 usuarios. La UArtes mantiene 30 convenios vigentes a nivel internacional, once de ellos suscritos en 2022. Se realizaron 15 eventos internacionales y se gestion\u00f3 la movilidad acad\u00e9mica internacional de seis estudiantes de pregrado a la UNA de Argentina. &nbsp;<\/p>\n\n\n<div class=\"wp-block-image\">\n<figure class=\"aligncenter size-large\"><img loading=\"lazy\" decoding=\"async\" width=\"644\" height=\"429\" src=\"https:\/\/www.uartes.edu.ec\/sitio\/wp-content\/uploads\/2023\/05\/01-RENDICION-DE-CUENTAS-2022-WEB-644x429.jpg\" alt=\"\" class=\"wp-image-42337\" srcset=\"https:\/\/www.uartes.edu.ec\/sitio\/wp-content\/uploads\/2023\/05\/01-RENDICION-DE-CUENTAS-2022-WEB-644x429.jpg 644w, https:\/\/www.uartes.edu.ec\/sitio\/wp-content\/uploads\/2023\/05\/01-RENDICION-DE-CUENTAS-2022-WEB-768x511.jpg 768w, https:\/\/www.uartes.edu.ec\/sitio\/wp-content\/uploads\/2023\/05\/01-RENDICION-DE-CUENTAS-2022-WEB.jpg 2000w, https:\/\/www.uartes.edu.ec\/sitio\/wp-content\/uploads\/2023\/05\/01-RENDICION-DE-CUENTAS-2022-WEB-600x399.jpg 600w, https:\/\/www.uartes.edu.ec\/sitio\/wp-content\/uploads\/2023\/05\/01-RENDICION-DE-CUENTAS-2022-WEB-272x182.jpg 272w\" sizes=\"(max-width: 644px) 100vw, 644px\" \/><\/figure>\n<\/div>\n\n\n<p>Durante el 2022, la Universidad de las Artes recibi\u00f3 78 invitados internacionales, quienes participaron en diferentes actividades. Tambi\u00e9n el a\u00f1o anterior el OCS emiti\u00f3 10 resoluciones de naturaleza administrativa, 77 acad\u00e9micas, 1 estudiantil. &nbsp;<\/p>\n\n\n\n<p>Una vez presentado el informe, se conformaron tres mesas de trabajo en las que se trataron los temas: \u201cServicios externos y vinculaci\u00f3n con la sociedad\u201d, que tuvo participantes internos y externos; \u201cDocencia\u201d, e \u201cInvestigaci\u00f3n y posgrados\u201d, las cuales contaron con participantes internos.<\/p>\n\n\n\n<p>El resultado de los di\u00e1logos y debates propiciados se dieron a conocer luego en una plenaria y de all\u00ed nuestras autoridades universitarias establecieron acuerdos con la ciudadan\u00eda.<\/p>\n\n\n\n<p>El informe de la rendici\u00f3n de cuentas de la UArtes concluy\u00f3 con la entonaci\u00f3n del Himno a Guayaquil con Dom\u00ednguez en el piano y la interpretaci\u00f3n de Le\u00f3n y Molestina.<\/p>\n\n\n<div class=\"wp-block-image\">\n<figure class=\"aligncenter size-large\"><img loading=\"lazy\" decoding=\"async\" width=\"644\" height=\"429\" src=\"https:\/\/www.uartes.edu.ec\/sitio\/wp-content\/uploads\/2023\/05\/06-RENDICION-DE-CUENTAS-2022-WEB-644x429.jpg\" alt=\"\" class=\"wp-image-42340\" srcset=\"https:\/\/www.uartes.edu.ec\/sitio\/wp-content\/uploads\/2023\/05\/06-RENDICION-DE-CUENTAS-2022-WEB-644x429.jpg 644w, https:\/\/www.uartes.edu.ec\/sitio\/wp-content\/uploads\/2023\/05\/06-RENDICION-DE-CUENTAS-2022-WEB-768x511.jpg 768w, https:\/\/www.uartes.edu.ec\/sitio\/wp-content\/uploads\/2023\/05\/06-RENDICION-DE-CUENTAS-2022-WEB.jpg 2000w, https:\/\/www.uartes.edu.ec\/sitio\/wp-content\/uploads\/2023\/05\/06-RENDICION-DE-CUENTAS-2022-WEB-600x399.jpg 600w, https:\/\/www.uartes.edu.ec\/sitio\/wp-content\/uploads\/2023\/05\/06-RENDICION-DE-CUENTAS-2022-WEB-272x182.jpg 272w\" sizes=\"(max-width: 644px) 100vw, 644px\" \/><\/figure>\n<\/div>\n\n\n<p>En im\u00e1genes superiores, la comunidad universitaria y el p\u00fablico que acudi\u00f3 a la rendici\u00f3n de cuentas de la UArtes; consta la vicealcaldesa de Guayaquil, Blanca L\u00f3pez. Tambi\u00e9n, el rector William Herrera y los vicerrectores Olga L\u00f3pez y Bradley Hilgert. Sobre estas l\u00edneas, la intervenci\u00f3n de los estudiantes de la carrera de Danza de la Escuela de Artes Esc\u00e9nicas.<\/p>","protected":false},"excerpt":{"rendered":"<p>El rector William Herrera present\u00f3 el informe ante la comunidad universitaria y p\u00fablico en general. Acudi\u00f3 la vicealcaldesa de Guayaquil, Blanca L\u00f3pez, a quien dijo: la UArtes est\u00e1 dispuesta a trabajar por la ciudad, la educaci\u00f3n art\u00edstica y la transformaci\u00f3n social. Es necesario pensar en m\u00e1s espacios y programas en torno al cuidado de la vida y de c\u00f3mo enfrentar la violencia mediante proyectos de vinculaci\u00f3n, anot\u00f3.<\/p>","protected":false},"author":10,"featured_media":42335,"comment_status":"open","ping_status":"open","sticky":false,"template":"","format":"standard","meta":{"_acf_changed":false,"_uag_custom_page_level_css":"","_monsterinsights_skip_tracking":false,"_monsterinsights_sitenote_active":false,"_monsterinsights_sitenote_note":"","_monsterinsights_sitenote_category":0,"cybocfi_hide_featured_image":"","footnotes":""},"categories":[80,438,75,76,77,284,84,83,85],"tags":[1204,987],"infouartes":[],"class_list":["post-42333","post","type-post","status-publish","format-standard","has-post-thumbnail","hentry","category-academico","category-administrativos","category-docentes","category-estudiantes","category-gestion","category-investigacion","category-rectorado","category-sedes","category-servicios","tag-educacion-artistica-intercultural","tag-informe"],"acf":[],"yoast_head":"<!-- This site is optimized with the Yoast SEO plugin v27.4 - https:\/\/yoast.com\/product\/yoast-seo-wordpress\/ -->\n<title>Universidad de las Artes - En la rendici\u00f3n de cuentas, la UArtes ratifica su compromiso con procesos educativos y formaci\u00f3n art\u00edstica<\/title>\n<meta name=\"description\" content=\"Universidad de las Artes - En la rendici\u00f3n de cuentas, la UArtes ratifica su compromiso con procesos educativos y formaci\u00f3n art\u00edstica\" \/>\n<meta name=\"robots\" content=\"index, follow, max-snippet:-1, max-image-preview:large, max-video-preview:-1\" \/>\n<link rel=\"canonical\" href=\"https:\/\/www.uartes.edu.ec\/sitio\/fr\/blog\/2023\/05\/30\/en-informe-de-rendicion-de-cuentas-la-uartes-ratifica-su-compromiso-con-procesos-educativos-y-formacion-artistica\/\" \/>\n<meta property=\"og:locale\" content=\"fr_FR\" \/>\n<meta property=\"og:type\" content=\"article\" \/>\n<meta property=\"og:title\" content=\"Universidad de las Artes - En la rendici\u00f3n de cuentas, la UArtes ratifica su compromiso con procesos educativos y formaci\u00f3n art\u00edstica\" \/>\n<meta property=\"og:description\" content=\"Universidad de las Artes - En la rendici\u00f3n de cuentas, la UArtes ratifica su compromiso con procesos educativos y formaci\u00f3n art\u00edstica\" \/>\n<meta property=\"og:url\" content=\"https:\/\/www.uartes.edu.ec\/sitio\/fr\/blog\/2023\/05\/30\/en-informe-de-rendicion-de-cuentas-la-uartes-ratifica-su-compromiso-con-procesos-educativos-y-formacion-artistica\/\" \/>\n<meta property=\"og:site_name\" content=\"Universidad de las Artes\" \/>\n<meta property=\"article:publisher\" content=\"https:\/\/www.facebook.com\/uartesec\" \/>\n<meta property=\"article:published_time\" content=\"2023-05-30T22:26:35+00:00\" \/>\n<meta property=\"article:modified_time\" content=\"2024-07-04T16:21:09+00:00\" \/>\n<meta property=\"og:image\" content=\"https:\/\/www.uartes.edu.ec\/sitio\/wp-content\/uploads\/2023\/05\/05-RENDICION-DE-CUENTAS-2022-WEB.jpg\" \/>\n\t<meta property=\"og:image:width\" content=\"2000\" \/>\n\t<meta property=\"og:image:height\" content=\"1333\" \/>\n\t<meta property=\"og:image:type\" content=\"image\/jpeg\" \/>\n<meta name=\"author\" content=\"ccortez\" \/>\n<meta name=\"twitter:card\" content=\"summary_large_image\" \/>\n<meta name=\"twitter:creator\" content=\"@uartesec\" \/>\n<meta name=\"twitter:site\" content=\"@uartesec\" \/>\n<meta name=\"twitter:label1\" content=\"\u00c9crit par\" \/>\n\t<meta name=\"twitter:data1\" content=\"ccortez\" \/>\n\t<meta name=\"twitter:label2\" content=\"Dur\u00e9e de lecture estim\u00e9e\" \/>\n\t<meta name=\"twitter:data2\" content=\"7 minutes\" \/>\n<script type=\"application\/ld+json\" class=\"yoast-schema-graph\">{\"@context\":\"https:\\\/\\\/schema.org\",\"@graph\":[{\"@type\":\"Article\",\"@id\":\"https:\\\/\\\/www.uartes.edu.ec\\\/sitio\\\/fr\\\/blog\\\/2023\\\/05\\\/30\\\/en-informe-de-rendicion-de-cuentas-la-uartes-ratifica-su-compromiso-con-procesos-educativos-y-formacion-artistica\\\/#article\",\"isPartOf\":{\"@id\":\"https:\\\/\\\/www.uartes.edu.ec\\\/sitio\\\/fr\\\/blog\\\/2023\\\/05\\\/30\\\/en-informe-de-rendicion-de-cuentas-la-uartes-ratifica-su-compromiso-con-procesos-educativos-y-formacion-artistica\\\/\"},\"author\":{\"name\":\"ccortez\",\"@id\":\"https:\\\/\\\/www.uartes.edu.ec\\\/sitio\\\/fr\\\/#\\\/schema\\\/person\\\/efa1b8275797664fd7f13a79ccc0b1f4\"},\"headline\":\"En la rendici\u00f3n de cuentas, la UArtes ratifica su compromiso con procesos educativos y formaci\u00f3n art\u00edstica\",\"datePublished\":\"2023-05-30T22:26:35+00:00\",\"dateModified\":\"2024-07-04T16:21:09+00:00\",\"mainEntityOfPage\":{\"@id\":\"https:\\\/\\\/www.uartes.edu.ec\\\/sitio\\\/fr\\\/blog\\\/2023\\\/05\\\/30\\\/en-informe-de-rendicion-de-cuentas-la-uartes-ratifica-su-compromiso-con-procesos-educativos-y-formacion-artistica\\\/\"},\"wordCount\":1280,\"commentCount\":0,\"publisher\":{\"@id\":\"https:\\\/\\\/www.uartes.edu.ec\\\/sitio\\\/fr\\\/#organization\"},\"image\":{\"@id\":\"https:\\\/\\\/www.uartes.edu.ec\\\/sitio\\\/fr\\\/blog\\\/2023\\\/05\\\/30\\\/en-informe-de-rendicion-de-cuentas-la-uartes-ratifica-su-compromiso-con-procesos-educativos-y-formacion-artistica\\\/#primaryimage\"},\"thumbnailUrl\":\"https:\\\/\\\/www.uartes.edu.ec\\\/sitio\\\/wp-content\\\/uploads\\\/2023\\\/05\\\/05-RENDICION-DE-CUENTAS-2022-WEB.jpg\",\"keywords\":[\"educaci\u00f3n art\u00edstica intercultural\",\"informe\"],\"articleSection\":[\"Acad\u00e9mico\",\"Administrativos\",\"Docentes\",\"Estudiantes\",\"Gesti\u00f3n\",\"Investigaci\u00f3n\",\"Rectorado\",\"Sedes\",\"Servicios\"],\"inLanguage\":\"fr-FR\",\"potentialAction\":[{\"@type\":\"CommentAction\",\"name\":\"Comment\",\"target\":[\"https:\\\/\\\/www.uartes.edu.ec\\\/sitio\\\/fr\\\/blog\\\/2023\\\/05\\\/30\\\/en-informe-de-rendicion-de-cuentas-la-uartes-ratifica-su-compromiso-con-procesos-educativos-y-formacion-artistica\\\/#respond\"]}]},{\"@type\":[\"WebPage\",\"ItemPage\"],\"@id\":\"https:\\\/\\\/www.uartes.edu.ec\\\/sitio\\\/fr\\\/blog\\\/2023\\\/05\\\/30\\\/en-informe-de-rendicion-de-cuentas-la-uartes-ratifica-su-compromiso-con-procesos-educativos-y-formacion-artistica\\\/\",\"url\":\"https:\\\/\\\/www.uartes.edu.ec\\\/sitio\\\/fr\\\/blog\\\/2023\\\/05\\\/30\\\/en-informe-de-rendicion-de-cuentas-la-uartes-ratifica-su-compromiso-con-procesos-educativos-y-formacion-artistica\\\/\",\"name\":\"Universidad de las Artes - En la rendici\u00f3n de cuentas, la UArtes ratifica su compromiso con procesos educativos y formaci\u00f3n art\u00edstica\",\"isPartOf\":{\"@id\":\"https:\\\/\\\/www.uartes.edu.ec\\\/sitio\\\/fr\\\/#website\"},\"primaryImageOfPage\":{\"@id\":\"https:\\\/\\\/www.uartes.edu.ec\\\/sitio\\\/fr\\\/blog\\\/2023\\\/05\\\/30\\\/en-informe-de-rendicion-de-cuentas-la-uartes-ratifica-su-compromiso-con-procesos-educativos-y-formacion-artistica\\\/#primaryimage\"},\"image\":{\"@id\":\"https:\\\/\\\/www.uartes.edu.ec\\\/sitio\\\/fr\\\/blog\\\/2023\\\/05\\\/30\\\/en-informe-de-rendicion-de-cuentas-la-uartes-ratifica-su-compromiso-con-procesos-educativos-y-formacion-artistica\\\/#primaryimage\"},\"thumbnailUrl\":\"https:\\\/\\\/www.uartes.edu.ec\\\/sitio\\\/wp-content\\\/uploads\\\/2023\\\/05\\\/05-RENDICION-DE-CUENTAS-2022-WEB.jpg\",\"datePublished\":\"2023-05-30T22:26:35+00:00\",\"dateModified\":\"2024-07-04T16:21:09+00:00\",\"description\":\"Universidad de las Artes - En la rendici\u00f3n de cuentas, la UArtes ratifica su compromiso con procesos educativos y formaci\u00f3n art\u00edstica\",\"breadcrumb\":{\"@id\":\"https:\\\/\\\/www.uartes.edu.ec\\\/sitio\\\/fr\\\/blog\\\/2023\\\/05\\\/30\\\/en-informe-de-rendicion-de-cuentas-la-uartes-ratifica-su-compromiso-con-procesos-educativos-y-formacion-artistica\\\/#breadcrumb\"},\"inLanguage\":\"fr-FR\",\"potentialAction\":[{\"@type\":\"ReadAction\",\"target\":[\"https:\\\/\\\/www.uartes.edu.ec\\\/sitio\\\/fr\\\/blog\\\/2023\\\/05\\\/30\\\/en-informe-de-rendicion-de-cuentas-la-uartes-ratifica-su-compromiso-con-procesos-educativos-y-formacion-artistica\\\/\"]}]},{\"@type\":\"ImageObject\",\"inLanguage\":\"fr-FR\",\"@id\":\"https:\\\/\\\/www.uartes.edu.ec\\\/sitio\\\/fr\\\/blog\\\/2023\\\/05\\\/30\\\/en-informe-de-rendicion-de-cuentas-la-uartes-ratifica-su-compromiso-con-procesos-educativos-y-formacion-artistica\\\/#primaryimage\",\"url\":\"https:\\\/\\\/www.uartes.edu.ec\\\/sitio\\\/wp-content\\\/uploads\\\/2023\\\/05\\\/05-RENDICION-DE-CUENTAS-2022-WEB.jpg\",\"contentUrl\":\"https:\\\/\\\/www.uartes.edu.ec\\\/sitio\\\/wp-content\\\/uploads\\\/2023\\\/05\\\/05-RENDICION-DE-CUENTAS-2022-WEB.jpg\",\"width\":2000,\"height\":1333},{\"@type\":\"BreadcrumbList\",\"@id\":\"https:\\\/\\\/www.uartes.edu.ec\\\/sitio\\\/fr\\\/blog\\\/2023\\\/05\\\/30\\\/en-informe-de-rendicion-de-cuentas-la-uartes-ratifica-su-compromiso-con-procesos-educativos-y-formacion-artistica\\\/#breadcrumb\",\"itemListElement\":[{\"@type\":\"ListItem\",\"position\":1,\"name\":\"Inicio\",\"item\":\"https:\\\/\\\/www.uartes.edu.ec\\\/sitio\\\/\"},{\"@type\":\"ListItem\",\"position\":2,\"name\":\"En la rendici\u00f3n de cuentas, la UArtes ratifica su compromiso con procesos educativos y formaci\u00f3n art\u00edstica\"}]},{\"@type\":\"WebSite\",\"@id\":\"https:\\\/\\\/www.uartes.edu.ec\\\/sitio\\\/fr\\\/#website\",\"url\":\"https:\\\/\\\/www.uartes.edu.ec\\\/sitio\\\/fr\\\/\",\"name\":\"Universidad de las Artes\",\"description\":\"Sitio oficial de la Universidad Nacional de las Artes del Ecuador\",\"publisher\":{\"@id\":\"https:\\\/\\\/www.uartes.edu.ec\\\/sitio\\\/fr\\\/#organization\"},\"potentialAction\":[{\"@type\":\"SearchAction\",\"target\":{\"@type\":\"EntryPoint\",\"urlTemplate\":\"https:\\\/\\\/www.uartes.edu.ec\\\/sitio\\\/fr\\\/?s={search_term_string}\"},\"query-input\":{\"@type\":\"PropertyValueSpecification\",\"valueRequired\":true,\"valueName\":\"search_term_string\"}}],\"inLanguage\":\"fr-FR\"},{\"@type\":\"Organization\",\"@id\":\"https:\\\/\\\/www.uartes.edu.ec\\\/sitio\\\/fr\\\/#organization\",\"name\":\"Universidad de las Artes\",\"url\":\"https:\\\/\\\/www.uartes.edu.ec\\\/sitio\\\/fr\\\/\",\"logo\":{\"@type\":\"ImageObject\",\"inLanguage\":\"fr-FR\",\"@id\":\"https:\\\/\\\/www.uartes.edu.ec\\\/sitio\\\/fr\\\/#\\\/schema\\\/logo\\\/image\\\/\",\"url\":\"https:\\\/\\\/www.uartes.edu.ec\\\/sitio\\\/wp-content\\\/uploads\\\/2022\\\/07\\\/logo-ua-horizontal.png\",\"contentUrl\":\"https:\\\/\\\/www.uartes.edu.ec\\\/sitio\\\/wp-content\\\/uploads\\\/2022\\\/07\\\/logo-ua-horizontal.png\",\"width\":800,\"height\":276,\"caption\":\"Universidad de las Artes\"},\"image\":{\"@id\":\"https:\\\/\\\/www.uartes.edu.ec\\\/sitio\\\/fr\\\/#\\\/schema\\\/logo\\\/image\\\/\"},\"sameAs\":[\"https:\\\/\\\/www.facebook.com\\\/uartesec\",\"https:\\\/\\\/x.com\\\/uartesec\",\"https:\\\/\\\/www.tiktok.com\\\/@uartesec\"]},{\"@type\":\"Person\",\"@id\":\"https:\\\/\\\/www.uartes.edu.ec\\\/sitio\\\/fr\\\/#\\\/schema\\\/person\\\/efa1b8275797664fd7f13a79ccc0b1f4\",\"name\":\"ccortez\",\"image\":{\"@type\":\"ImageObject\",\"inLanguage\":\"fr-FR\",\"@id\":\"https:\\\/\\\/secure.gravatar.com\\\/avatar\\\/b2a6f664a3ae8e074346ef91775736c5ec479e637ecced6842de9dc98b5da9cd?s=96&d=mm&r=g\",\"url\":\"https:\\\/\\\/secure.gravatar.com\\\/avatar\\\/b2a6f664a3ae8e074346ef91775736c5ec479e637ecced6842de9dc98b5da9cd?s=96&d=mm&r=g\",\"contentUrl\":\"https:\\\/\\\/secure.gravatar.com\\\/avatar\\\/b2a6f664a3ae8e074346ef91775736c5ec479e637ecced6842de9dc98b5da9cd?s=96&d=mm&r=g\",\"caption\":\"ccortez\"},\"url\":\"https:\\\/\\\/www.uartes.edu.ec\\\/sitio\\\/fr\\\/blog\\\/author\\\/ccortez\\\/\"}]}<\/script>\n<!-- \/ Yoast SEO plugin. -->","yoast_head_json":{"title":"Universidad de las Artes - En la rendici\u00f3n de cuentas, la UArtes ratifica su compromiso con procesos educativos y formaci\u00f3n art\u00edstica","description":"Universidad de las Artes - En la rendici\u00f3n de cuentas, la UArtes ratifica su compromiso con procesos educativos y formaci\u00f3n art\u00edstica","robots":{"index":"index","follow":"follow","max-snippet":"max-snippet:-1","max-image-preview":"max-image-preview:large","max-video-preview":"max-video-preview:-1"},"canonical":"https:\/\/www.uartes.edu.ec\/sitio\/fr\/blog\/2023\/05\/30\/en-informe-de-rendicion-de-cuentas-la-uartes-ratifica-su-compromiso-con-procesos-educativos-y-formacion-artistica\/","og_locale":"fr_FR","og_type":"article","og_title":"Universidad de las Artes - En la rendici\u00f3n de cuentas, la UArtes ratifica su compromiso con procesos educativos y formaci\u00f3n art\u00edstica","og_description":"Universidad de las Artes - En la rendici\u00f3n de cuentas, la UArtes ratifica su compromiso con procesos educativos y formaci\u00f3n art\u00edstica","og_url":"https:\/\/www.uartes.edu.ec\/sitio\/fr\/blog\/2023\/05\/30\/en-informe-de-rendicion-de-cuentas-la-uartes-ratifica-su-compromiso-con-procesos-educativos-y-formacion-artistica\/","og_site_name":"Universidad de las Artes","article_publisher":"https:\/\/www.facebook.com\/uartesec","article_published_time":"2023-05-30T22:26:35+00:00","article_modified_time":"2024-07-04T16:21:09+00:00","og_image":[{"width":2000,"height":1333,"url":"https:\/\/www.uartes.edu.ec\/sitio\/wp-content\/uploads\/2023\/05\/05-RENDICION-DE-CUENTAS-2022-WEB.jpg","type":"image\/jpeg"}],"author":"ccortez","twitter_card":"summary_large_image","twitter_creator":"@uartesec","twitter_site":"@uartesec","twitter_misc":{"\u00c9crit par":"ccortez","Dur\u00e9e de lecture estim\u00e9e":"7 minutes"},"schema":{"@context":"https:\/\/schema.org","@graph":[{"@type":"Article","@id":"https:\/\/www.uartes.edu.ec\/sitio\/fr\/blog\/2023\/05\/30\/en-informe-de-rendicion-de-cuentas-la-uartes-ratifica-su-compromiso-con-procesos-educativos-y-formacion-artistica\/#article","isPartOf":{"@id":"https:\/\/www.uartes.edu.ec\/sitio\/fr\/blog\/2023\/05\/30\/en-informe-de-rendicion-de-cuentas-la-uartes-ratifica-su-compromiso-con-procesos-educativos-y-formacion-artistica\/"},"author":{"name":"ccortez","@id":"https:\/\/www.uartes.edu.ec\/sitio\/fr\/#\/schema\/person\/efa1b8275797664fd7f13a79ccc0b1f4"},"headline":"En la rendici\u00f3n de cuentas, la UArtes ratifica su compromiso con procesos educativos y formaci\u00f3n art\u00edstica","datePublished":"2023-05-30T22:26:35+00:00","dateModified":"2024-07-04T16:21:09+00:00","mainEntityOfPage":{"@id":"https:\/\/www.uartes.edu.ec\/sitio\/fr\/blog\/2023\/05\/30\/en-informe-de-rendicion-de-cuentas-la-uartes-ratifica-su-compromiso-con-procesos-educativos-y-formacion-artistica\/"},"wordCount":1280,"commentCount":0,"publisher":{"@id":"https:\/\/www.uartes.edu.ec\/sitio\/fr\/#organization"},"image":{"@id":"https:\/\/www.uartes.edu.ec\/sitio\/fr\/blog\/2023\/05\/30\/en-informe-de-rendicion-de-cuentas-la-uartes-ratifica-su-compromiso-con-procesos-educativos-y-formacion-artistica\/#primaryimage"},"thumbnailUrl":"https:\/\/www.uartes.edu.ec\/sitio\/wp-content\/uploads\/2023\/05\/05-RENDICION-DE-CUENTAS-2022-WEB.jpg","keywords":["educaci\u00f3n art\u00edstica intercultural","informe"],"articleSection":["Acad\u00e9mico","Administrativos","Docentes","Estudiantes","Gesti\u00f3n","Investigaci\u00f3n","Rectorado","Sedes","Servicios"],"inLanguage":"fr-FR","potentialAction":[{"@type":"CommentAction","name":"Comment","target":["https:\/\/www.uartes.edu.ec\/sitio\/fr\/blog\/2023\/05\/30\/en-informe-de-rendicion-de-cuentas-la-uartes-ratifica-su-compromiso-con-procesos-educativos-y-formacion-artistica\/#respond"]}]},{"@type":["WebPage","ItemPage"],"@id":"https:\/\/www.uartes.edu.ec\/sitio\/fr\/blog\/2023\/05\/30\/en-informe-de-rendicion-de-cuentas-la-uartes-ratifica-su-compromiso-con-procesos-educativos-y-formacion-artistica\/","url":"https:\/\/www.uartes.edu.ec\/sitio\/fr\/blog\/2023\/05\/30\/en-informe-de-rendicion-de-cuentas-la-uartes-ratifica-su-compromiso-con-procesos-educativos-y-formacion-artistica\/","name":"Universidad de las Artes - En la rendici\u00f3n de cuentas, la UArtes ratifica su compromiso con procesos educativos y formaci\u00f3n art\u00edstica","isPartOf":{"@id":"https:\/\/www.uartes.edu.ec\/sitio\/fr\/#website"},"primaryImageOfPage":{"@id":"https:\/\/www.uartes.edu.ec\/sitio\/fr\/blog\/2023\/05\/30\/en-informe-de-rendicion-de-cuentas-la-uartes-ratifica-su-compromiso-con-procesos-educativos-y-formacion-artistica\/#primaryimage"},"image":{"@id":"https:\/\/www.uartes.edu.ec\/sitio\/fr\/blog\/2023\/05\/30\/en-informe-de-rendicion-de-cuentas-la-uartes-ratifica-su-compromiso-con-procesos-educativos-y-formacion-artistica\/#primaryimage"},"thumbnailUrl":"https:\/\/www.uartes.edu.ec\/sitio\/wp-content\/uploads\/2023\/05\/05-RENDICION-DE-CUENTAS-2022-WEB.jpg","datePublished":"2023-05-30T22:26:35+00:00","dateModified":"2024-07-04T16:21:09+00:00","description":"Universidad de las Artes - En la rendici\u00f3n de cuentas, la UArtes ratifica su compromiso con procesos educativos y formaci\u00f3n art\u00edstica","breadcrumb":{"@id":"https:\/\/www.uartes.edu.ec\/sitio\/fr\/blog\/2023\/05\/30\/en-informe-de-rendicion-de-cuentas-la-uartes-ratifica-su-compromiso-con-procesos-educativos-y-formacion-artistica\/#breadcrumb"},"inLanguage":"fr-FR","potentialAction":[{"@type":"ReadAction","target":["https:\/\/www.uartes.edu.ec\/sitio\/fr\/blog\/2023\/05\/30\/en-informe-de-rendicion-de-cuentas-la-uartes-ratifica-su-compromiso-con-procesos-educativos-y-formacion-artistica\/"]}]},{"@type":"ImageObject","inLanguage":"fr-FR","@id":"https:\/\/www.uartes.edu.ec\/sitio\/fr\/blog\/2023\/05\/30\/en-informe-de-rendicion-de-cuentas-la-uartes-ratifica-su-compromiso-con-procesos-educativos-y-formacion-artistica\/#primaryimage","url":"https:\/\/www.uartes.edu.ec\/sitio\/wp-content\/uploads\/2023\/05\/05-RENDICION-DE-CUENTAS-2022-WEB.jpg","contentUrl":"https:\/\/www.uartes.edu.ec\/sitio\/wp-content\/uploads\/2023\/05\/05-RENDICION-DE-CUENTAS-2022-WEB.jpg","width":2000,"height":1333},{"@type":"BreadcrumbList","@id":"https:\/\/www.uartes.edu.ec\/sitio\/fr\/blog\/2023\/05\/30\/en-informe-de-rendicion-de-cuentas-la-uartes-ratifica-su-compromiso-con-procesos-educativos-y-formacion-artistica\/#breadcrumb","itemListElement":[{"@type":"ListItem","position":1,"name":"Inicio","item":"https:\/\/www.uartes.edu.ec\/sitio\/"},{"@type":"ListItem","position":2,"name":"En la rendici\u00f3n de cuentas, la UArtes ratifica su compromiso con procesos educativos y formaci\u00f3n art\u00edstica"}]},{"@type":"WebSite","@id":"https:\/\/www.uartes.edu.ec\/sitio\/fr\/#website","url":"https:\/\/www.uartes.edu.ec\/sitio\/fr\/","name":"Universidad de las Artes","description":"Sitio oficial de la Universidad Nacional de las Artes del Ecuador","publisher":{"@id":"https:\/\/www.uartes.edu.ec\/sitio\/fr\/#organization"},"potentialAction":[{"@type":"SearchAction","target":{"@type":"EntryPoint","urlTemplate":"https:\/\/www.uartes.edu.ec\/sitio\/fr\/?s={search_term_string}"},"query-input":{"@type":"PropertyValueSpecification","valueRequired":true,"valueName":"search_term_string"}}],"inLanguage":"fr-FR"},{"@type":"Organization","@id":"https:\/\/www.uartes.edu.ec\/sitio\/fr\/#organization","name":"Universidad de las Artes","url":"https:\/\/www.uartes.edu.ec\/sitio\/fr\/","logo":{"@type":"ImageObject","inLanguage":"fr-FR","@id":"https:\/\/www.uartes.edu.ec\/sitio\/fr\/#\/schema\/logo\/image\/","url":"https:\/\/www.uartes.edu.ec\/sitio\/wp-content\/uploads\/2022\/07\/logo-ua-horizontal.png","contentUrl":"https:\/\/www.uartes.edu.ec\/sitio\/wp-content\/uploads\/2022\/07\/logo-ua-horizontal.png","width":800,"height":276,"caption":"Universidad de las Artes"},"image":{"@id":"https:\/\/www.uartes.edu.ec\/sitio\/fr\/#\/schema\/logo\/image\/"},"sameAs":["https:\/\/www.facebook.com\/uartesec","https:\/\/x.com\/uartesec","https:\/\/www.tiktok.com\/@uartesec"]},{"@type":"Person","@id":"https:\/\/www.uartes.edu.ec\/sitio\/fr\/#\/schema\/person\/efa1b8275797664fd7f13a79ccc0b1f4","name":"ccortez","image":{"@type":"ImageObject","inLanguage":"fr-FR","@id":"https:\/\/secure.gravatar.com\/avatar\/b2a6f664a3ae8e074346ef91775736c5ec479e637ecced6842de9dc98b5da9cd?s=96&d=mm&r=g","url":"https:\/\/secure.gravatar.com\/avatar\/b2a6f664a3ae8e074346ef91775736c5ec479e637ecced6842de9dc98b5da9cd?s=96&d=mm&r=g","contentUrl":"https:\/\/secure.gravatar.com\/avatar\/b2a6f664a3ae8e074346ef91775736c5ec479e637ecced6842de9dc98b5da9cd?s=96&d=mm&r=g","caption":"ccortez"},"url":"https:\/\/www.uartes.edu.ec\/sitio\/fr\/blog\/author\/ccortez\/"}]}},"uagb_featured_image_src":{"full":["https:\/\/www.uartes.edu.ec\/sitio\/wp-content\/uploads\/2023\/05\/05-RENDICION-DE-CUENTAS-2022-WEB.jpg",2000,1333,false],"thumbnail":["https:\/\/www.uartes.edu.ec\/sitio\/wp-content\/uploads\/2023\/05\/05-RENDICION-DE-CUENTAS-2022-WEB-150x150.jpg",150,150,true],"medium":["https:\/\/www.uartes.edu.ec\/sitio\/wp-content\/uploads\/2023\/05\/05-RENDICION-DE-CUENTAS-2022-WEB-300x200.jpg",300,200,true],"medium_large":["https:\/\/www.uartes.edu.ec\/sitio\/wp-content\/uploads\/2023\/05\/05-RENDICION-DE-CUENTAS-2022-WEB-768x512.jpg",768,512,true],"large":["https:\/\/www.uartes.edu.ec\/sitio\/wp-content\/uploads\/2023\/05\/05-RENDICION-DE-CUENTAS-2022-WEB-644x429.jpg",644,429,true],"1536x1536":["https:\/\/www.uartes.edu.ec\/sitio\/wp-content\/uploads\/2023\/05\/05-RENDICION-DE-CUENTAS-2022-WEB-1536x1024.jpg",1536,1024,true],"2048x2048":["https:\/\/www.uartes.edu.ec\/sitio\/wp-content\/uploads\/2023\/05\/05-RENDICION-DE-CUENTAS-2022-WEB.jpg",2000,1333,false],"trp-custom-language-flag":["https:\/\/www.uartes.edu.ec\/sitio\/wp-content\/uploads\/2023\/05\/05-RENDICION-DE-CUENTAS-2022-WEB.jpg",18,12,false],"htmega_size_585x295":["https:\/\/www.uartes.edu.ec\/sitio\/wp-content\/uploads\/2023\/05\/05-RENDICION-DE-CUENTAS-2022-WEB-585x295.jpg",585,295,true],"htmega_size_1170x536":["https:\/\/www.uartes.edu.ec\/sitio\/wp-content\/uploads\/2023\/05\/05-RENDICION-DE-CUENTAS-2022-WEB-1170x536.jpg",1170,536,true],"htmega_size_396x360":["https:\/\/www.uartes.edu.ec\/sitio\/wp-content\/uploads\/2023\/05\/05-RENDICION-DE-CUENTAS-2022-WEB-396x360.jpg",396,360,true],"gb-block-post-grid-landscape":["https:\/\/www.uartes.edu.ec\/sitio\/wp-content\/uploads\/2023\/05\/05-RENDICION-DE-CUENTAS-2022-WEB-600x400.jpg",600,400,true],"gb-block-post-grid-square":["https:\/\/www.uartes.edu.ec\/sitio\/wp-content\/uploads\/2023\/05\/05-RENDICION-DE-CUENTAS-2022-WEB-600x600.jpg",600,600,true],"university-hub-thumb":["https:\/\/www.uartes.edu.ec\/sitio\/wp-content\/uploads\/2023\/05\/05-RENDICION-DE-CUENTAS-2022-WEB-400x267.jpg",400,267,true]},"uagb_author_info":{"display_name":"ccortez","author_link":"https:\/\/www.uartes.edu.ec\/sitio\/fr\/blog\/author\/ccortez\/"},"uagb_comment_info":0,"uagb_excerpt":"El rector William Herrera present\u00f3 el informe ante la comunidad universitaria y p\u00fablico en general. Acudi\u00f3 la vicealcaldesa de Guayaquil, Blanca L\u00f3pez, a quien dijo: la UArtes est\u00e1 dispuesta a trabajar por la ciudad, la educaci\u00f3n art\u00edstica y la transformaci\u00f3n social. Es necesario pensar en m\u00e1s espacios y programas en torno al cuidado de la\u2026","featured_image_src":"https:\/\/www.uartes.edu.ec\/sitio\/wp-content\/uploads\/2023\/05\/05-RENDICION-DE-CUENTAS-2022-WEB-600x400.jpg","featured_image_src_square":"https:\/\/www.uartes.edu.ec\/sitio\/wp-content\/uploads\/2023\/05\/05-RENDICION-DE-CUENTAS-2022-WEB-600x600.jpg","author_info":{"display_name":"ccortez","author_link":"https:\/\/www.uartes.edu.ec\/sitio\/fr\/blog\/author\/ccortez\/"},"publishpress_future_workflow_manual_trigger":{"enabledWorkflows":[]},"distributor_meta":false,"distributor_terms":false,"distributor_media":false,"distributor_original_site_name":"Universidad de las Artes","distributor_original_site_url":"https:\/\/www.uartes.edu.ec\/sitio\/fr","push-errors":false,"_links":{"self":[{"href":"https:\/\/www.uartes.edu.ec\/sitio\/fr\/wp-json\/wp\/v2\/posts\/42333","targetHints":{"allow":["GET"]}}],"collection":[{"href":"https:\/\/www.uartes.edu.ec\/sitio\/fr\/wp-json\/wp\/v2\/posts"}],"about":[{"href":"https:\/\/www.uartes.edu.ec\/sitio\/fr\/wp-json\/wp\/v2\/types\/post"}],"author":[{"embeddable":true,"href":"https:\/\/www.uartes.edu.ec\/sitio\/fr\/wp-json\/wp\/v2\/users\/10"}],"replies":[{"embeddable":true,"href":"https:\/\/www.uartes.edu.ec\/sitio\/fr\/wp-json\/wp\/v2\/comments?post=42333"}],"version-history":[{"count":17,"href":"https:\/\/www.uartes.edu.ec\/sitio\/fr\/wp-json\/wp\/v2\/posts\/42333\/revisions"}],"predecessor-version":[{"id":43042,"href":"https:\/\/www.uartes.edu.ec\/sitio\/fr\/wp-json\/wp\/v2\/posts\/42333\/revisions\/43042"}],"wp:featuredmedia":[{"embeddable":true,"href":"https:\/\/www.uartes.edu.ec\/sitio\/fr\/wp-json\/wp\/v2\/media\/42335"}],"wp:attachment":[{"href":"https:\/\/www.uartes.edu.ec\/sitio\/fr\/wp-json\/wp\/v2\/media?parent=42333"}],"wp:term":[{"taxonomy":"category","embeddable":true,"href":"https:\/\/www.uartes.edu.ec\/sitio\/fr\/wp-json\/wp\/v2\/categories?post=42333"},{"taxonomy":"post_tag","embeddable":true,"href":"https:\/\/www.uartes.edu.ec\/sitio\/fr\/wp-json\/wp\/v2\/tags?post=42333"},{"taxonomy":"infouartes","embeddable":true,"href":"https:\/\/www.uartes.edu.ec\/sitio\/fr\/wp-json\/wp\/v2\/infouartes?post=42333"}],"curies":[{"name":"wp","href":"https:\/\/api.w.org\/{rel}","templated":true}]}}