{"id":42377,"date":"2023-05-30T19:15:00","date_gmt":"2023-05-31T00:15:00","guid":{"rendered":"https:\/\/www.uartes.edu.ec\/sitio\/?p=42377"},"modified":"2024-07-04T11:21:09","modified_gmt":"2024-07-04T16:21:09","slug":"resultado-de-las-mesas-de-trabajo-conformadas-tras-informe-de-rendicion-de-cuentas-de-la-uartes","status":"publish","type":"post","link":"https:\/\/www.uartes.edu.ec\/sitio\/fr\/blog\/2023\/05\/30\/resultado-de-las-mesas-de-trabajo-conformadas-tras-informe-de-rendicion-de-cuentas-de-la-uartes\/","title":{"rendered":"Resultado de las mesas de trabajo conformadas tras presentaci\u00f3n del informe de la rendici\u00f3n de cuentas"},"content":{"rendered":"<p>\u201cServicios externos y vinculaci\u00f3n con la sociedad\u201d, \u201cDocencia\u201d e \u201cInvestigaci\u00f3n y posgrados\u201d. Son los temas que se abordaron en las mesas de trabajo conformadas luego de la presentaci\u00f3n que el rector William Herrera hizo del informe de rendici\u00f3n de cuentas de la Universidad de las Artes, a\u00f1o 2022. Tuvo lugar el jueves 25 de mayo en la Sala R\u00eda de la Biblioteca de las Artes.<\/p>\n\n\n\n<p>Las mesas de trabajo la integraron participantes externos e internos. Los primeros, de organizaciones y comunidades con las cuales la UArtes ha venido trabajando en varios sectores de la ciudad; los internos, de docentes, funcionarios y autoridades acad\u00e9micas y administrativas. &nbsp;<\/p>\n\n\n\n<p>Tras los di\u00e1logos y debates propiciados se dieron a conocer los resultados en una plenaria. Por la mesa que trat\u00f3 los \u201cServicios externos y vinculaci\u00f3n con la sociedad\u201d, Patricio S\u00e1nchez, de la Direcci\u00f3n de Vinculaci\u00f3n con la Sociedad UArtes, indic\u00f3 se analizaron fortalezas y logros de la gesti\u00f3n 2022 y plantearon propuestas y desaf\u00edos en funci\u00f3n del informe presentado.<\/p>\n\n\n\n<p>Anot\u00f3 que un par de organizaciones que trabajan con proyectos de Vinculaci\u00f3n con la Comunidad UArtes \u2013desde hace igualmente un par de a\u00f1os\u2013 revel\u00f3 que j\u00f3venes de las zonas intervenidas, en especial de Monte Sina\u00ed, son ahora estudiantes de la Universidad de las Artes, decisi\u00f3n que justamente naci\u00f3 de las relaciones de los proyectos.<\/p>\n\n\n<div class=\"wp-block-image\">\n<figure class=\"aligncenter size-large\"><img fetchpriority=\"high\" decoding=\"async\" width=\"644\" height=\"429\" src=\"https:\/\/www.uartes.edu.ec\/sitio\/wp-content\/uploads\/2023\/05\/10-RENDICION-DE-CUENTAS-2022-WEB-644x429.jpg\" alt=\"\" class=\"wp-image-42379\" srcset=\"https:\/\/www.uartes.edu.ec\/sitio\/wp-content\/uploads\/2023\/05\/10-RENDICION-DE-CUENTAS-2022-WEB-644x429.jpg 644w, https:\/\/www.uartes.edu.ec\/sitio\/wp-content\/uploads\/2023\/05\/10-RENDICION-DE-CUENTAS-2022-WEB-768x511.jpg 768w, https:\/\/www.uartes.edu.ec\/sitio\/wp-content\/uploads\/2023\/05\/10-RENDICION-DE-CUENTAS-2022-WEB.jpg 2000w, https:\/\/www.uartes.edu.ec\/sitio\/wp-content\/uploads\/2023\/05\/10-RENDICION-DE-CUENTAS-2022-WEB-600x399.jpg 600w, https:\/\/www.uartes.edu.ec\/sitio\/wp-content\/uploads\/2023\/05\/10-RENDICION-DE-CUENTAS-2022-WEB-272x182.jpg 272w\" sizes=\"(max-width: 644px) 100vw, 644px\" \/><\/figure>\n<\/div>\n\n\n<p>S\u00e1nchez acot\u00f3 tambi\u00e9n que en el di\u00e1logo se destac\u00f3 que la UArtes se presenta como un espacio abierto para la ciudadan\u00eda por la disponibilidad del uso de la infraestructura. Destac\u00f3 el trabajo con las organizaciones a trav\u00e9s de proyectos art\u00edsticos y culturales, lo cual les permite ser parte de su planificaci\u00f3n y como muestra record\u00f3 la publicaci\u00f3n del libro \u201cHistorias de vida de las trabajadoras remuneradas del hogar\u201d, de la colecci\u00f3n Territorios de UArtes Ediciones, trabajada en conjunto con la UNTHA (Uni\u00f3n Nacional de Trabajadoras del Hogar y Afines).<\/p>\n\n\n\n<p>Como propuestas y desaf\u00edos se\u00f1al\u00f3 la necesidad de divulgar los objetivos y resultados de los proyectos de la UArtes, interrelacionarlos e interactuarlos con las organizaciones; hacer uso de espacios p\u00fablicos con eventos y pr\u00e1cticas art\u00edsticas que sean tomados por j\u00f3venes y generar una nueva imagen de estos sectores. \u201cCambiar la mentalidad que tienen estos espacios urbano marginales sobre la violencia y la criminalidad. Tomarnos el espacio p\u00fablico y generar esa imagen de vida digna y de bienestar para la comunidad\u201d.<\/p>\n\n\n\n<p>Anot\u00f3 la realizaci\u00f3n de encuentros e intercambios de experiencias y metodolog\u00edas, y no mirar a la universidad como eje hegem\u00f3nico de conocimiento. La mesa concluy\u00f3 que en barrios y comunidades no se da importancia al arte y la cultura, una debilidad que ocurre en sectores donde est\u00e1n identificadas las organizaciones sociales y ONG\u00b4s con las que tambi\u00e9n trabaja la UArtes. El desaf\u00edo es promover la pol\u00edtica p\u00fablica e irse tomando los espacios. La interrelaci\u00f3n de la actividad art\u00edstica como desarrollo econ\u00f3mico es vital. Necesitamos visibilizarla como generadora de ingreso para mejorar las condiciones de vida de la gente, expuso S\u00e1nchez.<\/p>\n\n\n\n<p>Gabriela Romero, de la mesa de \u201cInvestigaci\u00f3n y posgrado\u201d integrada por docentes, administrativos y estudiantes, anot\u00f3 que hablaron de focalizar los objetivos de la investigaci\u00f3n a trav\u00e9s de los lineamientos de pol\u00edticas y procedimientos reflexivos, de incluir la memoria social y la necesidad del pa\u00eds desde la investigaci\u00f3n y relacionarla con su entorno y pr\u00e1ctica viva.<\/p>\n\n\n<div class=\"wp-block-image\">\n<figure class=\"aligncenter size-large\"><img decoding=\"async\" width=\"644\" height=\"429\" src=\"https:\/\/www.uartes.edu.ec\/sitio\/wp-content\/uploads\/2023\/05\/09-RENDICION-DE-CUENTAS-2022-WEB-644x429.jpg\" alt=\"\" class=\"wp-image-42380\" srcset=\"https:\/\/www.uartes.edu.ec\/sitio\/wp-content\/uploads\/2023\/05\/09-RENDICION-DE-CUENTAS-2022-WEB-644x429.jpg 644w, https:\/\/www.uartes.edu.ec\/sitio\/wp-content\/uploads\/2023\/05\/09-RENDICION-DE-CUENTAS-2022-WEB-768x511.jpg 768w, https:\/\/www.uartes.edu.ec\/sitio\/wp-content\/uploads\/2023\/05\/09-RENDICION-DE-CUENTAS-2022-WEB.jpg 2000w, https:\/\/www.uartes.edu.ec\/sitio\/wp-content\/uploads\/2023\/05\/09-RENDICION-DE-CUENTAS-2022-WEB-600x399.jpg 600w, https:\/\/www.uartes.edu.ec\/sitio\/wp-content\/uploads\/2023\/05\/09-RENDICION-DE-CUENTAS-2022-WEB-272x182.jpg 272w\" sizes=\"(max-width: 644px) 100vw, 644px\" \/><\/figure>\n<\/div>\n\n\n<p>La participaci\u00f3n estudiantil es indispensable en el proceso de investigaci\u00f3n, dijo, subrayando en los aportes que se hacen desde los semilleros, grupos y proyectos. Que hay que generar interrelaciones entre las diferentes \u00e1reas, conectando las relaciones internacionales, la participaci\u00f3n estudiantil y la academia, para el beneficio de un pa\u00eds que tanto lo necesita.<\/p>\n\n\n\n<p>Analy de la Vera, integrante de la mesa que abord\u00f3 como eje tem\u00e1tico la \u201cDocencia\u201d y que la integr\u00f3 personal docente y administrativo, expres\u00f3 las preocupaciones que tienen autoridades, directores de departamentos y escuelas sobre los concursos, proyectos de investigaci\u00f3n y v\u00ednculo.<\/p>\n\n\n\n<p>Del tema de los concursos preocupa, dijo, que no se puedan completar y tengan que postergar y detenerse y que por ello debe haber una normativa para los procesos regulados, a fin de dejarlos por sentado. En el caso de procesos de investigaci\u00f3n, la desaz\u00f3n se debe a las cargas laborales de los docentes, lo cual hace que no se puedan completar las propuestas que se han hecho. &nbsp;<\/p>\n\n\n\n<p>En el tema de Nivelaci\u00f3n, la preocupaci\u00f3n es porque el n\u00famero es mayor al de otras ocasiones y que son solo nueve los docentes. Surge, entonces, la preocupaci\u00f3n de no lograr pasar la escritura acad\u00e9mica, de all\u00ed la necesidad de que (Nivelaci\u00f3n) sea un acompa\u00f1amiento para los estudiantes a lo largo de la carrera.&nbsp; &nbsp;&nbsp;<\/p>\n\n\n\n<p>Concluida la plenaria se invit\u00f3 a intervenir al rector y a los vicerrectores. La doctora Olga L\u00f3pez sostuvo que en su mesa se enfatiz\u00f3 en el debate entre patrimonio e investigaci\u00f3n y la relaci\u00f3n y el significado de los derechos patrimoniales, ante lo cual la academia tiene una deuda.<\/p>\n\n\n<div class=\"wp-block-image\">\n<figure class=\"aligncenter size-large\"><img decoding=\"async\" width=\"644\" height=\"429\" src=\"https:\/\/www.uartes.edu.ec\/sitio\/wp-content\/uploads\/2023\/05\/08-RENDICION-DE-CUENTAS-2022-WEB-644x429.jpg\" alt=\"\" class=\"wp-image-42381\" srcset=\"https:\/\/www.uartes.edu.ec\/sitio\/wp-content\/uploads\/2023\/05\/08-RENDICION-DE-CUENTAS-2022-WEB-644x429.jpg 644w, https:\/\/www.uartes.edu.ec\/sitio\/wp-content\/uploads\/2023\/05\/08-RENDICION-DE-CUENTAS-2022-WEB-768x511.jpg 768w, https:\/\/www.uartes.edu.ec\/sitio\/wp-content\/uploads\/2023\/05\/08-RENDICION-DE-CUENTAS-2022-WEB.jpg 2000w, https:\/\/www.uartes.edu.ec\/sitio\/wp-content\/uploads\/2023\/05\/08-RENDICION-DE-CUENTAS-2022-WEB-600x399.jpg 600w, https:\/\/www.uartes.edu.ec\/sitio\/wp-content\/uploads\/2023\/05\/08-RENDICION-DE-CUENTAS-2022-WEB-272x182.jpg 272w\" sizes=\"(max-width: 644px) 100vw, 644px\" \/><\/figure>\n<\/div>\n\n\n<p>\u201cEs interesante porque permite pensar en que la investigaci\u00f3n tiene grandes aportes y que no hay una reflexi\u00f3n de la investigaci\u00f3n en diferentes tipos de derechos\u201d, expres\u00f3 la vicerrectora, quien record\u00f3 el di\u00e1logo desarrollado el viernes pasado en la Plaza P\u00fablica del MZ14 sobre la Ley Org\u00e1nica Animal. \u201cHablamos de los derechos de los animales, de la naturaleza, de la salud, de la educaci\u00f3n\u2026 y de la memoria social y los derechos patrimoniales, el debate se enfatiz\u00f3 all\u00ed\u201d.<\/p>\n\n\n\n<p>La Biblioteca de las Artes es una gran memoria exteriorizada y el patrimonio qu\u00e9 significa, c\u00f3mo nos relacionamos con el que tenemos, hablamos sobre edificios patrimoniales, pero qu\u00e9 reflexi\u00f3n tenemos sobre el concepto de patrimonio, cuestion\u00f3 L\u00f3pez y a\u00f1adi\u00f3 que en la mesa estuvo tambi\u00e9n Janina Su\u00e1rez, jefa de Pr\u00e1cticas PreProfesionales, y que se habl\u00f3 de visibilizar m\u00e1s las PPP en relaci\u00f3n con la investigaci\u00f3n. &nbsp;<\/p>\n\n\n\n<p>El vicerrector Acad\u00e9mico Bradley Hilgert manifest\u00f3 que en la mesa donde intervino llegaron a acuerdos de c\u00f3mo seguir implementando procesos y de c\u00f3mo afianzar el trabajo docente con las tablas de distributivo laboral. Se refiri\u00f3 al debate institucional sobre el modelo pedag\u00f3gico, para lo cual hay que generar m\u00e1s espacios de di\u00e1logo.<\/p>\n\n\n\n<p>El rector William Herrera, por su parte, se refiri\u00f3 a la vinculaci\u00f3n con la comunidad que mantiene la UArtes y que ha llevado al trabajo en territorio. Record\u00f3 que en 2021 se desarroll\u00f3 en Socio Vivienda una actividad que dej\u00f3 lecciones valiosas para los proyectos y que hay que llevar las agendas de programaci\u00f3n art\u00edstica que tienen las escuelas a otros espacios.<\/p>\n\n\n\n<p>Hizo menci\u00f3n de la necesidad de articular m\u00e1s \u00e1reas en cuanto a proyectos de vinculaci\u00f3n y a generar m\u00e1s puentes de di\u00e1logo entre la comunidad acad\u00e9mica y la administrativa.<\/p>","protected":false},"excerpt":{"rendered":"<p>\u201cServicios externos y vinculaci\u00f3n con la sociedad\u201d, \u201cDocencia\u201d e \u201cInvestigaci\u00f3n y posgrados\u201d. Son los temas que se abordaron en las mesas de trabajo conformadas tras la presentaci\u00f3n que el rector William Herrera R\u00edos hizo del informe de rendici\u00f3n de cuentas de la UArtes, a\u00f1o 2022. Las integraron participantes externos e internos, como organizaciones, comunidades, docentes, funcionarios y autoridades.  <\/p>","protected":false},"author":10,"featured_media":42378,"comment_status":"open","ping_status":"open","sticky":false,"template":"","format":"standard","meta":{"_acf_changed":false,"_uag_custom_page_level_css":"","_monsterinsights_skip_tracking":false,"_monsterinsights_sitenote_active":false,"_monsterinsights_sitenote_note":"","_monsterinsights_sitenote_category":0,"cybocfi_hide_featured_image":"","footnotes":""},"categories":[714,80,438,490,82,75,76,77,84,83],"tags":[655],"infouartes":[],"class_list":["post-42377","post","type-post","status-publish","format-standard","has-post-thumbnail","hentry","category-2b","category-academico","category-administrativos","category-alumni","category-artes","category-docentes","category-estudiantes","category-gestion","category-rectorado","category-sedes","tag-rendicion-de-cuentas-2"],"acf":[],"yoast_head":"<!-- This site is optimized with the Yoast SEO plugin v27.4 - https:\/\/yoast.com\/product\/yoast-seo-wordpress\/ -->\n<title>Universidad de las Artes - Resultado de las mesas de trabajo conformadas tras presentaci\u00f3n del informe de la rendici\u00f3n de cuentas<\/title>\n<meta name=\"description\" content=\"Universidad de las Artes - Resultado de las mesas de trabajo conformadas tras presentaci\u00f3n del informe de la rendici\u00f3n de cuentas\" \/>\n<meta name=\"robots\" content=\"index, follow, max-snippet:-1, max-image-preview:large, max-video-preview:-1\" \/>\n<link rel=\"canonical\" href=\"https:\/\/www.uartes.edu.ec\/sitio\/fr\/blog\/2023\/05\/30\/resultado-de-las-mesas-de-trabajo-conformadas-tras-informe-de-rendicion-de-cuentas-de-la-uartes\/\" \/>\n<meta property=\"og:locale\" content=\"fr_FR\" \/>\n<meta property=\"og:type\" content=\"article\" \/>\n<meta property=\"og:title\" content=\"Universidad de las Artes - Resultado de las mesas de trabajo conformadas tras presentaci\u00f3n del informe de la rendici\u00f3n de cuentas\" \/>\n<meta property=\"og:description\" content=\"Universidad de las Artes - Resultado de las mesas de trabajo conformadas tras presentaci\u00f3n del informe de la rendici\u00f3n de cuentas\" \/>\n<meta property=\"og:url\" content=\"https:\/\/www.uartes.edu.ec\/sitio\/fr\/blog\/2023\/05\/30\/resultado-de-las-mesas-de-trabajo-conformadas-tras-informe-de-rendicion-de-cuentas-de-la-uartes\/\" \/>\n<meta property=\"og:site_name\" content=\"Universidad de las Artes\" \/>\n<meta property=\"article:publisher\" content=\"https:\/\/www.facebook.com\/uartesec\" \/>\n<meta property=\"article:published_time\" content=\"2023-05-31T00:15:00+00:00\" \/>\n<meta property=\"article:modified_time\" content=\"2024-07-04T16:21:09+00:00\" \/>\n<meta property=\"og:image\" content=\"https:\/\/www.uartes.edu.ec\/sitio\/wp-content\/uploads\/2023\/05\/11-RENDICION-DE-CUENTAS-2022-WEB.jpg\" \/>\n\t<meta property=\"og:image:width\" content=\"2000\" \/>\n\t<meta property=\"og:image:height\" content=\"1333\" \/>\n\t<meta property=\"og:image:type\" content=\"image\/jpeg\" \/>\n<meta name=\"author\" content=\"ccortez\" \/>\n<meta name=\"twitter:card\" content=\"summary_large_image\" \/>\n<meta name=\"twitter:creator\" content=\"@uartesec\" \/>\n<meta name=\"twitter:site\" content=\"@uartesec\" \/>\n<meta name=\"twitter:label1\" content=\"\u00c9crit par\" \/>\n\t<meta name=\"twitter:data1\" content=\"ccortez\" \/>\n\t<meta name=\"twitter:label2\" content=\"Dur\u00e9e de lecture estim\u00e9e\" \/>\n\t<meta name=\"twitter:data2\" content=\"6 minutes\" \/>\n<script type=\"application\/ld+json\" class=\"yoast-schema-graph\">{\"@context\":\"https:\\\/\\\/schema.org\",\"@graph\":[{\"@type\":\"Article\",\"@id\":\"https:\\\/\\\/www.uartes.edu.ec\\\/sitio\\\/fr\\\/blog\\\/2023\\\/05\\\/30\\\/resultado-de-las-mesas-de-trabajo-conformadas-tras-informe-de-rendicion-de-cuentas-de-la-uartes\\\/#article\",\"isPartOf\":{\"@id\":\"https:\\\/\\\/www.uartes.edu.ec\\\/sitio\\\/fr\\\/blog\\\/2023\\\/05\\\/30\\\/resultado-de-las-mesas-de-trabajo-conformadas-tras-informe-de-rendicion-de-cuentas-de-la-uartes\\\/\"},\"author\":{\"name\":\"ccortez\",\"@id\":\"https:\\\/\\\/www.uartes.edu.ec\\\/sitio\\\/fr\\\/#\\\/schema\\\/person\\\/efa1b8275797664fd7f13a79ccc0b1f4\"},\"headline\":\"Resultado de las mesas de trabajo conformadas tras presentaci\u00f3n del informe de la rendici\u00f3n de cuentas\",\"datePublished\":\"2023-05-31T00:15:00+00:00\",\"dateModified\":\"2024-07-04T16:21:09+00:00\",\"mainEntityOfPage\":{\"@id\":\"https:\\\/\\\/www.uartes.edu.ec\\\/sitio\\\/fr\\\/blog\\\/2023\\\/05\\\/30\\\/resultado-de-las-mesas-de-trabajo-conformadas-tras-informe-de-rendicion-de-cuentas-de-la-uartes\\\/\"},\"wordCount\":1222,\"commentCount\":0,\"publisher\":{\"@id\":\"https:\\\/\\\/www.uartes.edu.ec\\\/sitio\\\/fr\\\/#organization\"},\"image\":{\"@id\":\"https:\\\/\\\/www.uartes.edu.ec\\\/sitio\\\/fr\\\/blog\\\/2023\\\/05\\\/30\\\/resultado-de-las-mesas-de-trabajo-conformadas-tras-informe-de-rendicion-de-cuentas-de-la-uartes\\\/#primaryimage\"},\"thumbnailUrl\":\"https:\\\/\\\/www.uartes.edu.ec\\\/sitio\\\/wp-content\\\/uploads\\\/2023\\\/05\\\/11-RENDICION-DE-CUENTAS-2022-WEB.jpg\",\"keywords\":[\"rendici\u00f3n de cuentas\"],\"articleSection\":[\"2B\",\"Acad\u00e9mico\",\"Administrativos\",\"Alumni\",\"Artes\",\"Docentes\",\"Estudiantes\",\"Gesti\u00f3n\",\"Rectorado\",\"Sedes\"],\"inLanguage\":\"fr-FR\",\"potentialAction\":[{\"@type\":\"CommentAction\",\"name\":\"Comment\",\"target\":[\"https:\\\/\\\/www.uartes.edu.ec\\\/sitio\\\/fr\\\/blog\\\/2023\\\/05\\\/30\\\/resultado-de-las-mesas-de-trabajo-conformadas-tras-informe-de-rendicion-de-cuentas-de-la-uartes\\\/#respond\"]}]},{\"@type\":[\"WebPage\",\"ItemPage\"],\"@id\":\"https:\\\/\\\/www.uartes.edu.ec\\\/sitio\\\/fr\\\/blog\\\/2023\\\/05\\\/30\\\/resultado-de-las-mesas-de-trabajo-conformadas-tras-informe-de-rendicion-de-cuentas-de-la-uartes\\\/\",\"url\":\"https:\\\/\\\/www.uartes.edu.ec\\\/sitio\\\/fr\\\/blog\\\/2023\\\/05\\\/30\\\/resultado-de-las-mesas-de-trabajo-conformadas-tras-informe-de-rendicion-de-cuentas-de-la-uartes\\\/\",\"name\":\"Universidad de las Artes - Resultado de las mesas de trabajo conformadas tras presentaci\u00f3n del informe de la rendici\u00f3n de cuentas\",\"isPartOf\":{\"@id\":\"https:\\\/\\\/www.uartes.edu.ec\\\/sitio\\\/fr\\\/#website\"},\"primaryImageOfPage\":{\"@id\":\"https:\\\/\\\/www.uartes.edu.ec\\\/sitio\\\/fr\\\/blog\\\/2023\\\/05\\\/30\\\/resultado-de-las-mesas-de-trabajo-conformadas-tras-informe-de-rendicion-de-cuentas-de-la-uartes\\\/#primaryimage\"},\"image\":{\"@id\":\"https:\\\/\\\/www.uartes.edu.ec\\\/sitio\\\/fr\\\/blog\\\/2023\\\/05\\\/30\\\/resultado-de-las-mesas-de-trabajo-conformadas-tras-informe-de-rendicion-de-cuentas-de-la-uartes\\\/#primaryimage\"},\"thumbnailUrl\":\"https:\\\/\\\/www.uartes.edu.ec\\\/sitio\\\/wp-content\\\/uploads\\\/2023\\\/05\\\/11-RENDICION-DE-CUENTAS-2022-WEB.jpg\",\"datePublished\":\"2023-05-31T00:15:00+00:00\",\"dateModified\":\"2024-07-04T16:21:09+00:00\",\"description\":\"Universidad de las Artes - Resultado de las mesas de trabajo conformadas tras presentaci\u00f3n del informe de la rendici\u00f3n de cuentas\",\"breadcrumb\":{\"@id\":\"https:\\\/\\\/www.uartes.edu.ec\\\/sitio\\\/fr\\\/blog\\\/2023\\\/05\\\/30\\\/resultado-de-las-mesas-de-trabajo-conformadas-tras-informe-de-rendicion-de-cuentas-de-la-uartes\\\/#breadcrumb\"},\"inLanguage\":\"fr-FR\",\"potentialAction\":[{\"@type\":\"ReadAction\",\"target\":[\"https:\\\/\\\/www.uartes.edu.ec\\\/sitio\\\/fr\\\/blog\\\/2023\\\/05\\\/30\\\/resultado-de-las-mesas-de-trabajo-conformadas-tras-informe-de-rendicion-de-cuentas-de-la-uartes\\\/\"]}]},{\"@type\":\"ImageObject\",\"inLanguage\":\"fr-FR\",\"@id\":\"https:\\\/\\\/www.uartes.edu.ec\\\/sitio\\\/fr\\\/blog\\\/2023\\\/05\\\/30\\\/resultado-de-las-mesas-de-trabajo-conformadas-tras-informe-de-rendicion-de-cuentas-de-la-uartes\\\/#primaryimage\",\"url\":\"https:\\\/\\\/www.uartes.edu.ec\\\/sitio\\\/wp-content\\\/uploads\\\/2023\\\/05\\\/11-RENDICION-DE-CUENTAS-2022-WEB.jpg\",\"contentUrl\":\"https:\\\/\\\/www.uartes.edu.ec\\\/sitio\\\/wp-content\\\/uploads\\\/2023\\\/05\\\/11-RENDICION-DE-CUENTAS-2022-WEB.jpg\",\"width\":2000,\"height\":1333},{\"@type\":\"BreadcrumbList\",\"@id\":\"https:\\\/\\\/www.uartes.edu.ec\\\/sitio\\\/fr\\\/blog\\\/2023\\\/05\\\/30\\\/resultado-de-las-mesas-de-trabajo-conformadas-tras-informe-de-rendicion-de-cuentas-de-la-uartes\\\/#breadcrumb\",\"itemListElement\":[{\"@type\":\"ListItem\",\"position\":1,\"name\":\"Inicio\",\"item\":\"https:\\\/\\\/www.uartes.edu.ec\\\/sitio\\\/\"},{\"@type\":\"ListItem\",\"position\":2,\"name\":\"Resultado de las mesas de trabajo conformadas tras presentaci\u00f3n del informe de la rendici\u00f3n de cuentas\"}]},{\"@type\":\"WebSite\",\"@id\":\"https:\\\/\\\/www.uartes.edu.ec\\\/sitio\\\/fr\\\/#website\",\"url\":\"https:\\\/\\\/www.uartes.edu.ec\\\/sitio\\\/fr\\\/\",\"name\":\"Universidad de las Artes\",\"description\":\"Sitio oficial de la Universidad Nacional de las Artes del Ecuador\",\"publisher\":{\"@id\":\"https:\\\/\\\/www.uartes.edu.ec\\\/sitio\\\/fr\\\/#organization\"},\"potentialAction\":[{\"@type\":\"SearchAction\",\"target\":{\"@type\":\"EntryPoint\",\"urlTemplate\":\"https:\\\/\\\/www.uartes.edu.ec\\\/sitio\\\/fr\\\/?s={search_term_string}\"},\"query-input\":{\"@type\":\"PropertyValueSpecification\",\"valueRequired\":true,\"valueName\":\"search_term_string\"}}],\"inLanguage\":\"fr-FR\"},{\"@type\":\"Organization\",\"@id\":\"https:\\\/\\\/www.uartes.edu.ec\\\/sitio\\\/fr\\\/#organization\",\"name\":\"Universidad de las Artes\",\"url\":\"https:\\\/\\\/www.uartes.edu.ec\\\/sitio\\\/fr\\\/\",\"logo\":{\"@type\":\"ImageObject\",\"inLanguage\":\"fr-FR\",\"@id\":\"https:\\\/\\\/www.uartes.edu.ec\\\/sitio\\\/fr\\\/#\\\/schema\\\/logo\\\/image\\\/\",\"url\":\"https:\\\/\\\/www.uartes.edu.ec\\\/sitio\\\/wp-content\\\/uploads\\\/2022\\\/07\\\/logo-ua-horizontal.png\",\"contentUrl\":\"https:\\\/\\\/www.uartes.edu.ec\\\/sitio\\\/wp-content\\\/uploads\\\/2022\\\/07\\\/logo-ua-horizontal.png\",\"width\":800,\"height\":276,\"caption\":\"Universidad de las Artes\"},\"image\":{\"@id\":\"https:\\\/\\\/www.uartes.edu.ec\\\/sitio\\\/fr\\\/#\\\/schema\\\/logo\\\/image\\\/\"},\"sameAs\":[\"https:\\\/\\\/www.facebook.com\\\/uartesec\",\"https:\\\/\\\/x.com\\\/uartesec\",\"https:\\\/\\\/www.tiktok.com\\\/@uartesec\"]},{\"@type\":\"Person\",\"@id\":\"https:\\\/\\\/www.uartes.edu.ec\\\/sitio\\\/fr\\\/#\\\/schema\\\/person\\\/efa1b8275797664fd7f13a79ccc0b1f4\",\"name\":\"ccortez\",\"image\":{\"@type\":\"ImageObject\",\"inLanguage\":\"fr-FR\",\"@id\":\"https:\\\/\\\/secure.gravatar.com\\\/avatar\\\/b2a6f664a3ae8e074346ef91775736c5ec479e637ecced6842de9dc98b5da9cd?s=96&d=mm&r=g\",\"url\":\"https:\\\/\\\/secure.gravatar.com\\\/avatar\\\/b2a6f664a3ae8e074346ef91775736c5ec479e637ecced6842de9dc98b5da9cd?s=96&d=mm&r=g\",\"contentUrl\":\"https:\\\/\\\/secure.gravatar.com\\\/avatar\\\/b2a6f664a3ae8e074346ef91775736c5ec479e637ecced6842de9dc98b5da9cd?s=96&d=mm&r=g\",\"caption\":\"ccortez\"},\"url\":\"https:\\\/\\\/www.uartes.edu.ec\\\/sitio\\\/fr\\\/blog\\\/author\\\/ccortez\\\/\"}]}<\/script>\n<!-- \/ Yoast SEO plugin. -->","yoast_head_json":{"title":"Universidad de las Artes - Resultado de las mesas de trabajo conformadas tras presentaci\u00f3n del informe de la rendici\u00f3n de cuentas","description":"Universidad de las Artes - Resultado de las mesas de trabajo conformadas tras presentaci\u00f3n del informe de la rendici\u00f3n de cuentas","robots":{"index":"index","follow":"follow","max-snippet":"max-snippet:-1","max-image-preview":"max-image-preview:large","max-video-preview":"max-video-preview:-1"},"canonical":"https:\/\/www.uartes.edu.ec\/sitio\/fr\/blog\/2023\/05\/30\/resultado-de-las-mesas-de-trabajo-conformadas-tras-informe-de-rendicion-de-cuentas-de-la-uartes\/","og_locale":"fr_FR","og_type":"article","og_title":"Universidad de las Artes - Resultado de las mesas de trabajo conformadas tras presentaci\u00f3n del informe de la rendici\u00f3n de cuentas","og_description":"Universidad de las Artes - Resultado de las mesas de trabajo conformadas tras presentaci\u00f3n del informe de la rendici\u00f3n de cuentas","og_url":"https:\/\/www.uartes.edu.ec\/sitio\/fr\/blog\/2023\/05\/30\/resultado-de-las-mesas-de-trabajo-conformadas-tras-informe-de-rendicion-de-cuentas-de-la-uartes\/","og_site_name":"Universidad de las Artes","article_publisher":"https:\/\/www.facebook.com\/uartesec","article_published_time":"2023-05-31T00:15:00+00:00","article_modified_time":"2024-07-04T16:21:09+00:00","og_image":[{"width":2000,"height":1333,"url":"https:\/\/www.uartes.edu.ec\/sitio\/wp-content\/uploads\/2023\/05\/11-RENDICION-DE-CUENTAS-2022-WEB.jpg","type":"image\/jpeg"}],"author":"ccortez","twitter_card":"summary_large_image","twitter_creator":"@uartesec","twitter_site":"@uartesec","twitter_misc":{"\u00c9crit par":"ccortez","Dur\u00e9e de lecture estim\u00e9e":"6 minutes"},"schema":{"@context":"https:\/\/schema.org","@graph":[{"@type":"Article","@id":"https:\/\/www.uartes.edu.ec\/sitio\/fr\/blog\/2023\/05\/30\/resultado-de-las-mesas-de-trabajo-conformadas-tras-informe-de-rendicion-de-cuentas-de-la-uartes\/#article","isPartOf":{"@id":"https:\/\/www.uartes.edu.ec\/sitio\/fr\/blog\/2023\/05\/30\/resultado-de-las-mesas-de-trabajo-conformadas-tras-informe-de-rendicion-de-cuentas-de-la-uartes\/"},"author":{"name":"ccortez","@id":"https:\/\/www.uartes.edu.ec\/sitio\/fr\/#\/schema\/person\/efa1b8275797664fd7f13a79ccc0b1f4"},"headline":"Resultado de las mesas de trabajo conformadas tras presentaci\u00f3n del informe de la rendici\u00f3n de cuentas","datePublished":"2023-05-31T00:15:00+00:00","dateModified":"2024-07-04T16:21:09+00:00","mainEntityOfPage":{"@id":"https:\/\/www.uartes.edu.ec\/sitio\/fr\/blog\/2023\/05\/30\/resultado-de-las-mesas-de-trabajo-conformadas-tras-informe-de-rendicion-de-cuentas-de-la-uartes\/"},"wordCount":1222,"commentCount":0,"publisher":{"@id":"https:\/\/www.uartes.edu.ec\/sitio\/fr\/#organization"},"image":{"@id":"https:\/\/www.uartes.edu.ec\/sitio\/fr\/blog\/2023\/05\/30\/resultado-de-las-mesas-de-trabajo-conformadas-tras-informe-de-rendicion-de-cuentas-de-la-uartes\/#primaryimage"},"thumbnailUrl":"https:\/\/www.uartes.edu.ec\/sitio\/wp-content\/uploads\/2023\/05\/11-RENDICION-DE-CUENTAS-2022-WEB.jpg","keywords":["rendici\u00f3n de cuentas"],"articleSection":["2B","Acad\u00e9mico","Administrativos","Alumni","Artes","Docentes","Estudiantes","Gesti\u00f3n","Rectorado","Sedes"],"inLanguage":"fr-FR","potentialAction":[{"@type":"CommentAction","name":"Comment","target":["https:\/\/www.uartes.edu.ec\/sitio\/fr\/blog\/2023\/05\/30\/resultado-de-las-mesas-de-trabajo-conformadas-tras-informe-de-rendicion-de-cuentas-de-la-uartes\/#respond"]}]},{"@type":["WebPage","ItemPage"],"@id":"https:\/\/www.uartes.edu.ec\/sitio\/fr\/blog\/2023\/05\/30\/resultado-de-las-mesas-de-trabajo-conformadas-tras-informe-de-rendicion-de-cuentas-de-la-uartes\/","url":"https:\/\/www.uartes.edu.ec\/sitio\/fr\/blog\/2023\/05\/30\/resultado-de-las-mesas-de-trabajo-conformadas-tras-informe-de-rendicion-de-cuentas-de-la-uartes\/","name":"Universidad de las Artes - Resultado de las mesas de trabajo conformadas tras presentaci\u00f3n del informe de la rendici\u00f3n de cuentas","isPartOf":{"@id":"https:\/\/www.uartes.edu.ec\/sitio\/fr\/#website"},"primaryImageOfPage":{"@id":"https:\/\/www.uartes.edu.ec\/sitio\/fr\/blog\/2023\/05\/30\/resultado-de-las-mesas-de-trabajo-conformadas-tras-informe-de-rendicion-de-cuentas-de-la-uartes\/#primaryimage"},"image":{"@id":"https:\/\/www.uartes.edu.ec\/sitio\/fr\/blog\/2023\/05\/30\/resultado-de-las-mesas-de-trabajo-conformadas-tras-informe-de-rendicion-de-cuentas-de-la-uartes\/#primaryimage"},"thumbnailUrl":"https:\/\/www.uartes.edu.ec\/sitio\/wp-content\/uploads\/2023\/05\/11-RENDICION-DE-CUENTAS-2022-WEB.jpg","datePublished":"2023-05-31T00:15:00+00:00","dateModified":"2024-07-04T16:21:09+00:00","description":"Universidad de las Artes - Resultado de las mesas de trabajo conformadas tras presentaci\u00f3n del informe de la rendici\u00f3n de cuentas","breadcrumb":{"@id":"https:\/\/www.uartes.edu.ec\/sitio\/fr\/blog\/2023\/05\/30\/resultado-de-las-mesas-de-trabajo-conformadas-tras-informe-de-rendicion-de-cuentas-de-la-uartes\/#breadcrumb"},"inLanguage":"fr-FR","potentialAction":[{"@type":"ReadAction","target":["https:\/\/www.uartes.edu.ec\/sitio\/fr\/blog\/2023\/05\/30\/resultado-de-las-mesas-de-trabajo-conformadas-tras-informe-de-rendicion-de-cuentas-de-la-uartes\/"]}]},{"@type":"ImageObject","inLanguage":"fr-FR","@id":"https:\/\/www.uartes.edu.ec\/sitio\/fr\/blog\/2023\/05\/30\/resultado-de-las-mesas-de-trabajo-conformadas-tras-informe-de-rendicion-de-cuentas-de-la-uartes\/#primaryimage","url":"https:\/\/www.uartes.edu.ec\/sitio\/wp-content\/uploads\/2023\/05\/11-RENDICION-DE-CUENTAS-2022-WEB.jpg","contentUrl":"https:\/\/www.uartes.edu.ec\/sitio\/wp-content\/uploads\/2023\/05\/11-RENDICION-DE-CUENTAS-2022-WEB.jpg","width":2000,"height":1333},{"@type":"BreadcrumbList","@id":"https:\/\/www.uartes.edu.ec\/sitio\/fr\/blog\/2023\/05\/30\/resultado-de-las-mesas-de-trabajo-conformadas-tras-informe-de-rendicion-de-cuentas-de-la-uartes\/#breadcrumb","itemListElement":[{"@type":"ListItem","position":1,"name":"Inicio","item":"https:\/\/www.uartes.edu.ec\/sitio\/"},{"@type":"ListItem","position":2,"name":"Resultado de las mesas de trabajo conformadas tras presentaci\u00f3n del informe de la rendici\u00f3n de cuentas"}]},{"@type":"WebSite","@id":"https:\/\/www.uartes.edu.ec\/sitio\/fr\/#website","url":"https:\/\/www.uartes.edu.ec\/sitio\/fr\/","name":"Universidad de las Artes","description":"Sitio oficial de la Universidad Nacional de las Artes del Ecuador","publisher":{"@id":"https:\/\/www.uartes.edu.ec\/sitio\/fr\/#organization"},"potentialAction":[{"@type":"SearchAction","target":{"@type":"EntryPoint","urlTemplate":"https:\/\/www.uartes.edu.ec\/sitio\/fr\/?s={search_term_string}"},"query-input":{"@type":"PropertyValueSpecification","valueRequired":true,"valueName":"search_term_string"}}],"inLanguage":"fr-FR"},{"@type":"Organization","@id":"https:\/\/www.uartes.edu.ec\/sitio\/fr\/#organization","name":"Universidad de las Artes","url":"https:\/\/www.uartes.edu.ec\/sitio\/fr\/","logo":{"@type":"ImageObject","inLanguage":"fr-FR","@id":"https:\/\/www.uartes.edu.ec\/sitio\/fr\/#\/schema\/logo\/image\/","url":"https:\/\/www.uartes.edu.ec\/sitio\/wp-content\/uploads\/2022\/07\/logo-ua-horizontal.png","contentUrl":"https:\/\/www.uartes.edu.ec\/sitio\/wp-content\/uploads\/2022\/07\/logo-ua-horizontal.png","width":800,"height":276,"caption":"Universidad de las Artes"},"image":{"@id":"https:\/\/www.uartes.edu.ec\/sitio\/fr\/#\/schema\/logo\/image\/"},"sameAs":["https:\/\/www.facebook.com\/uartesec","https:\/\/x.com\/uartesec","https:\/\/www.tiktok.com\/@uartesec"]},{"@type":"Person","@id":"https:\/\/www.uartes.edu.ec\/sitio\/fr\/#\/schema\/person\/efa1b8275797664fd7f13a79ccc0b1f4","name":"ccortez","image":{"@type":"ImageObject","inLanguage":"fr-FR","@id":"https:\/\/secure.gravatar.com\/avatar\/b2a6f664a3ae8e074346ef91775736c5ec479e637ecced6842de9dc98b5da9cd?s=96&d=mm&r=g","url":"https:\/\/secure.gravatar.com\/avatar\/b2a6f664a3ae8e074346ef91775736c5ec479e637ecced6842de9dc98b5da9cd?s=96&d=mm&r=g","contentUrl":"https:\/\/secure.gravatar.com\/avatar\/b2a6f664a3ae8e074346ef91775736c5ec479e637ecced6842de9dc98b5da9cd?s=96&d=mm&r=g","caption":"ccortez"},"url":"https:\/\/www.uartes.edu.ec\/sitio\/fr\/blog\/author\/ccortez\/"}]}},"uagb_featured_image_src":{"full":["https:\/\/www.uartes.edu.ec\/sitio\/wp-content\/uploads\/2023\/05\/11-RENDICION-DE-CUENTAS-2022-WEB.jpg",2000,1333,false],"thumbnail":["https:\/\/www.uartes.edu.ec\/sitio\/wp-content\/uploads\/2023\/05\/11-RENDICION-DE-CUENTAS-2022-WEB-150x150.jpg",150,150,true],"medium":["https:\/\/www.uartes.edu.ec\/sitio\/wp-content\/uploads\/2023\/05\/11-RENDICION-DE-CUENTAS-2022-WEB-300x200.jpg",300,200,true],"medium_large":["https:\/\/www.uartes.edu.ec\/sitio\/wp-content\/uploads\/2023\/05\/11-RENDICION-DE-CUENTAS-2022-WEB-768x512.jpg",768,512,true],"large":["https:\/\/www.uartes.edu.ec\/sitio\/wp-content\/uploads\/2023\/05\/11-RENDICION-DE-CUENTAS-2022-WEB-644x429.jpg",644,429,true],"1536x1536":["https:\/\/www.uartes.edu.ec\/sitio\/wp-content\/uploads\/2023\/05\/11-RENDICION-DE-CUENTAS-2022-WEB-1536x1024.jpg",1536,1024,true],"2048x2048":["https:\/\/www.uartes.edu.ec\/sitio\/wp-content\/uploads\/2023\/05\/11-RENDICION-DE-CUENTAS-2022-WEB.jpg",2000,1333,false],"trp-custom-language-flag":["https:\/\/www.uartes.edu.ec\/sitio\/wp-content\/uploads\/2023\/05\/11-RENDICION-DE-CUENTAS-2022-WEB.jpg",18,12,false],"htmega_size_585x295":["https:\/\/www.uartes.edu.ec\/sitio\/wp-content\/uploads\/2023\/05\/11-RENDICION-DE-CUENTAS-2022-WEB-585x295.jpg",585,295,true],"htmega_size_1170x536":["https:\/\/www.uartes.edu.ec\/sitio\/wp-content\/uploads\/2023\/05\/11-RENDICION-DE-CUENTAS-2022-WEB-1170x536.jpg",1170,536,true],"htmega_size_396x360":["https:\/\/www.uartes.edu.ec\/sitio\/wp-content\/uploads\/2023\/05\/11-RENDICION-DE-CUENTAS-2022-WEB-396x360.jpg",396,360,true],"gb-block-post-grid-landscape":["https:\/\/www.uartes.edu.ec\/sitio\/wp-content\/uploads\/2023\/05\/11-RENDICION-DE-CUENTAS-2022-WEB-600x400.jpg",600,400,true],"gb-block-post-grid-square":["https:\/\/www.uartes.edu.ec\/sitio\/wp-content\/uploads\/2023\/05\/11-RENDICION-DE-CUENTAS-2022-WEB-600x600.jpg",600,600,true],"university-hub-thumb":["https:\/\/www.uartes.edu.ec\/sitio\/wp-content\/uploads\/2023\/05\/11-RENDICION-DE-CUENTAS-2022-WEB-400x267.jpg",400,267,true],"mailpoet_newsletter_max":["https:\/\/www.uartes.edu.ec\/sitio\/wp-content\/uploads\/2023\/05\/11-RENDICION-DE-CUENTAS-2022-WEB.jpg",1320,880,false]},"uagb_author_info":{"display_name":"ccortez","author_link":"https:\/\/www.uartes.edu.ec\/sitio\/fr\/blog\/author\/ccortez\/"},"uagb_comment_info":0,"uagb_excerpt":"\u201cServicios externos y vinculaci\u00f3n con la sociedad\u201d, \u201cDocencia\u201d e \u201cInvestigaci\u00f3n y posgrados\u201d. Son los temas que se abordaron en las mesas de trabajo conformadas tras la presentaci\u00f3n que el rector William Herrera R\u00edos hizo del informe de rendici\u00f3n de cuentas de la UArtes, a\u00f1o 2022. Las integraron participantes externos e internos, como organizaciones, comunidades, docentes,\u2026","featured_image_src":"https:\/\/www.uartes.edu.ec\/sitio\/wp-content\/uploads\/2023\/05\/11-RENDICION-DE-CUENTAS-2022-WEB-600x400.jpg","featured_image_src_square":"https:\/\/www.uartes.edu.ec\/sitio\/wp-content\/uploads\/2023\/05\/11-RENDICION-DE-CUENTAS-2022-WEB-600x600.jpg","author_info":{"display_name":"ccortez","author_link":"https:\/\/www.uartes.edu.ec\/sitio\/fr\/blog\/author\/ccortez\/"},"publishpress_future_workflow_manual_trigger":{"enabledWorkflows":[]},"distributor_meta":false,"distributor_terms":false,"distributor_media":false,"distributor_original_site_name":"Universidad de las Artes","distributor_original_site_url":"https:\/\/www.uartes.edu.ec\/sitio\/fr","push-errors":false,"_links":{"self":[{"href":"https:\/\/www.uartes.edu.ec\/sitio\/fr\/wp-json\/wp\/v2\/posts\/42377","targetHints":{"allow":["GET"]}}],"collection":[{"href":"https:\/\/www.uartes.edu.ec\/sitio\/fr\/wp-json\/wp\/v2\/posts"}],"about":[{"href":"https:\/\/www.uartes.edu.ec\/sitio\/fr\/wp-json\/wp\/v2\/types\/post"}],"author":[{"embeddable":true,"href":"https:\/\/www.uartes.edu.ec\/sitio\/fr\/wp-json\/wp\/v2\/users\/10"}],"replies":[{"embeddable":true,"href":"https:\/\/www.uartes.edu.ec\/sitio\/fr\/wp-json\/wp\/v2\/comments?post=42377"}],"version-history":[{"count":9,"href":"https:\/\/www.uartes.edu.ec\/sitio\/fr\/wp-json\/wp\/v2\/posts\/42377\/revisions"}],"predecessor-version":[{"id":43051,"href":"https:\/\/www.uartes.edu.ec\/sitio\/fr\/wp-json\/wp\/v2\/posts\/42377\/revisions\/43051"}],"wp:featuredmedia":[{"embeddable":true,"href":"https:\/\/www.uartes.edu.ec\/sitio\/fr\/wp-json\/wp\/v2\/media\/42378"}],"wp:attachment":[{"href":"https:\/\/www.uartes.edu.ec\/sitio\/fr\/wp-json\/wp\/v2\/media?parent=42377"}],"wp:term":[{"taxonomy":"category","embeddable":true,"href":"https:\/\/www.uartes.edu.ec\/sitio\/fr\/wp-json\/wp\/v2\/categories?post=42377"},{"taxonomy":"post_tag","embeddable":true,"href":"https:\/\/www.uartes.edu.ec\/sitio\/fr\/wp-json\/wp\/v2\/tags?post=42377"},{"taxonomy":"infouartes","embeddable":true,"href":"https:\/\/www.uartes.edu.ec\/sitio\/fr\/wp-json\/wp\/v2\/infouartes?post=42377"}],"curies":[{"name":"wp","href":"https:\/\/api.w.org\/{rel}","templated":true}]}}