{"id":4247,"date":"2019-08-26T16:46:11","date_gmt":"2019-08-26T21:46:11","guid":{"rendered":"http:\/\/www.uartes.edu.ec\/sitio\/?p=4247"},"modified":"2024-07-04T11:50:32","modified_gmt":"2024-07-04T16:50:32","slug":"jonathan-chafla-gana-el-primer-lugar-en-competencia-de-grabacion-estudiantil-de-aes-colombia","status":"publish","type":"post","link":"https:\/\/www.uartes.edu.ec\/sitio\/fr\/blog\/2019\/08\/26\/jonathan-chafla-gana-el-primer-lugar-en-competencia-de-grabacion-estudiantil-de-aes-colombia\/","title":{"rendered":"Primer lugar gan\u00f3 Jonathan Chafla en la competencia internacional de grabaci\u00f3n estudiantil AES Colombia"},"content":{"rendered":"<p style=\"text-align:right\"><em>El estudiante de la carrera de Producci\u00f3n Musical de Escuela de Artes Sonoras de la Universidad de las Artes particip\u00f3 en la Categor\u00eda 2: Grabaci\u00f3n Ac\u00fastica Tradicional en Estudio.<\/em><\/p>\n\n\n\n<p>Jonathan\nChafla, estudiante de la carrera de Producci\u00f3n Musical de la Escuela de Artes\nSonoras de la Universidad de la Artes, se adjudic\u00f3 el primer lugar en la\nCompetencia de Grabaci\u00f3n Estudiantil Audio Engineering Society (AES) Colombia,\nen la Categor\u00eda 2: Grabaci\u00f3n Ac\u00fastica Tradicional en Estudio. En este apartado\nse calificaron las t\u00e9cnicas de microfoneo, posicionamiento de artistas y audio\nest\u00e9reo. <\/p>\n\n\n\n<p>En este\n2019, AES Colombia extendi\u00f3 su convocatoria a los miembros estudiantiles de AES\nEcuador. Jonathan Chafla envi\u00f3 la mezcla que realiz\u00f3 en la materia T\u00e9cnicas de\nGrabaci\u00f3n II, realizada con Jazz Voices, un coro de jazz dirigido por Jenny\nVillafuerte, docente de la Escuela de Artes Sonoras. En los estudios de grabaci\u00f3n\nde la UArtes, el estudiante grab\u00f3 a dos sopranos, un tenor, un alto, un\nbar\u00edtono y un bajo. <\/p>\n\n\n\n<p>&nbsp;\u201cJonathan Chafla respondi\u00f3 junto a otros\nestudiantes de la Escuela de Artes Sonoras a la convocatoria que extendi\u00f3 AES\nColombia a los miembros de la Asociaci\u00f3n en Ecuador y logr\u00f3 llevarse el premio\ncon un trabajo realizado en una materia impartida en las aulas de clase de\nnuestra universidad\u201d, indica Daniel Orejuela Flores, docente de la UArtes. <\/p>\n\n\n\n<div class=\"wp-block-image\"><figure class=\"aligncenter\"><img fetchpriority=\"high\" decoding=\"async\" width=\"700\" height=\"466\" src=\"http:\/\/www.uartes.edu.ec\/sitio\/wp-content\/uploads\/2019\/08\/Jonathan-Ch-OK1-700x466.jpg\" alt=\"\" class=\"wp-image-4248\" srcset=\"https:\/\/www.uartes.edu.ec\/sitio\/wp-content\/uploads\/2019\/08\/Jonathan-Ch-OK1-700x466.jpg 700w, https:\/\/www.uartes.edu.ec\/sitio\/wp-content\/uploads\/2019\/08\/Jonathan-Ch-OK1-250x167.jpg 250w, https:\/\/www.uartes.edu.ec\/sitio\/wp-content\/uploads\/2019\/08\/Jonathan-Ch-OK1-768x512.jpg 768w, https:\/\/www.uartes.edu.ec\/sitio\/wp-content\/uploads\/2019\/08\/Jonathan-Ch-OK1-120x80.jpg 120w, https:\/\/www.uartes.edu.ec\/sitio\/wp-content\/uploads\/2019\/08\/Jonathan-Ch-OK1-272x182.jpg 272w, https:\/\/www.uartes.edu.ec\/sitio\/wp-content\/uploads\/2019\/08\/Jonathan-Ch-OK1.jpg 1088w\" sizes=\"(max-width: 700px) 100vw, 700px\" \/><\/figure><\/div>\n\n\n\n<p>Jonathan\nChafla viaj\u00f3 a Colombia el 23 y 24 de agosto del 2019 para sustentar su trabajo\ny, posteriormente, recibir el galard\u00f3n luego de la respectiva deliberaci\u00f3n de\nlos miembros del jurado. Tambi\u00e9n como parte de su visita, el estudiante de\nProducci\u00f3n Musical de la UArtes recibi\u00f3 un taller dictado por Tony Maserati,\nreconocido productor musical ganador de un premio Grammy y un Grammy Latino.<\/p>\n\n\n\n<p>\u201cEl\nreconocimiento obtenido por Jonathan Chafla es el segundo que la Escuela de\nArtes Sonoras recibe de la AES. En la segunda edici\u00f3n de las Conferencias de\nAudio y Sonido del Ecuador (CASE), organizado por la UArtes en Guayaquil en\njunio del 2019, el alumno V\u00edctor Manuel Espinosa Mart\u00ednez gan\u00f3 la Competencia\nNacional de Grabaci\u00f3n Estudiantil en la categor\u00eda Remix\u201d, se\u00f1ala Andrey\nAstaiza, director y docente de la Escuela de Artes Sonoras de la UArtes. <\/p>","protected":false},"excerpt":{"rendered":"<p>Jonathan Chafla, estudiante de la carrera de Producci\u00f3n Musical de la Escuela de Artes Sonoras de la UArtes, gan\u00f3 el primer lugar en la Competencia de Grabaci\u00f3n Estudiantil Audio Engineering Society (AES) Colombia, en la Categor\u00eda 2: Grabaci\u00f3n Ac\u00fastica Tradicional en Estudio. En este apartado se calificaron las t\u00e9cnicas de microfoneo, posicionamiento de artistas y audio est\u00e9reo.<\/p>","protected":false},"author":1,"featured_media":4249,"comment_status":"closed","ping_status":"closed","sticky":false,"template":"","format":"standard","meta":{"_acf_changed":false,"_uag_custom_page_level_css":"","_monsterinsights_skip_tracking":false,"_monsterinsights_sitenote_active":false,"_monsterinsights_sitenote_note":"","_monsterinsights_sitenote_category":0,"cybocfi_hide_featured_image":"","footnotes":""},"categories":[76],"tags":[],"infouartes":[],"class_list":["post-4247","post","type-post","status-publish","format-standard","has-post-thumbnail","hentry","category-estudiantes"],"acf":[],"yoast_head":"<!-- This site is optimized with the Yoast SEO plugin v27.4 - https:\/\/yoast.com\/product\/yoast-seo-wordpress\/ -->\n<title>Universidad de las Artes - Primer lugar gan\u00f3 Jonathan Chafla en la competencia internacional de grabaci\u00f3n estudiantil AES Colombia<\/title>\n<meta name=\"description\" content=\"Universidad de las Artes - Primer lugar gan\u00f3 Jonathan Chafla en la competencia internacional de grabaci\u00f3n estudiantil AES Colombia\" \/>\n<meta name=\"robots\" content=\"index, follow, max-snippet:-1, max-image-preview:large, max-video-preview:-1\" \/>\n<link rel=\"canonical\" href=\"https:\/\/www.uartes.edu.ec\/sitio\/fr\/blog\/2019\/08\/26\/jonathan-chafla-gana-el-primer-lugar-en-competencia-de-grabacion-estudiantil-de-aes-colombia\/\" \/>\n<meta property=\"og:locale\" content=\"fr_FR\" \/>\n<meta property=\"og:type\" content=\"article\" \/>\n<meta property=\"og:title\" content=\"Universidad de las Artes - Primer lugar gan\u00f3 Jonathan Chafla en la competencia internacional de grabaci\u00f3n estudiantil AES Colombia\" \/>\n<meta property=\"og:description\" content=\"Universidad de las Artes - Primer lugar gan\u00f3 Jonathan Chafla en la competencia internacional de grabaci\u00f3n estudiantil AES Colombia\" \/>\n<meta property=\"og:url\" content=\"https:\/\/www.uartes.edu.ec\/sitio\/fr\/blog\/2019\/08\/26\/jonathan-chafla-gana-el-primer-lugar-en-competencia-de-grabacion-estudiantil-de-aes-colombia\/\" \/>\n<meta property=\"og:site_name\" content=\"Universidad de las Artes\" \/>\n<meta property=\"article:publisher\" content=\"https:\/\/www.facebook.com\/uartesec\" \/>\n<meta property=\"article:published_time\" content=\"2019-08-26T21:46:11+00:00\" \/>\n<meta property=\"article:modified_time\" content=\"2024-07-04T16:50:32+00:00\" \/>\n<meta property=\"og:image\" content=\"https:\/\/www.uartes.edu.ec\/sitio\/wp-content\/uploads\/2019\/08\/Jonathan-Ch-OK3.jpg\" \/>\n\t<meta property=\"og:image:width\" content=\"1217\" \/>\n\t<meta property=\"og:image:height\" content=\"811\" \/>\n\t<meta property=\"og:image:type\" content=\"image\/jpeg\" \/>\n<meta name=\"author\" content=\"Universidad de las Artes\" \/>\n<meta name=\"twitter:card\" content=\"summary_large_image\" \/>\n<meta name=\"twitter:creator\" content=\"@uartesec\" \/>\n<meta name=\"twitter:site\" content=\"@uartesec\" \/>\n<meta name=\"twitter:label1\" content=\"\u00c9crit par\" \/>\n\t<meta name=\"twitter:data1\" content=\"Universidad de las Artes\" \/>\n\t<meta name=\"twitter:label2\" content=\"Dur\u00e9e de lecture estim\u00e9e\" \/>\n\t<meta name=\"twitter:data2\" content=\"2 minutes\" \/>\n<script type=\"application\/ld+json\" class=\"yoast-schema-graph\">{\"@context\":\"https:\\\/\\\/schema.org\",\"@graph\":[{\"@type\":\"Article\",\"@id\":\"https:\\\/\\\/www.uartes.edu.ec\\\/sitio\\\/fr\\\/blog\\\/2019\\\/08\\\/26\\\/jonathan-chafla-gana-el-primer-lugar-en-competencia-de-grabacion-estudiantil-de-aes-colombia\\\/#article\",\"isPartOf\":{\"@id\":\"https:\\\/\\\/www.uartes.edu.ec\\\/sitio\\\/fr\\\/blog\\\/2019\\\/08\\\/26\\\/jonathan-chafla-gana-el-primer-lugar-en-competencia-de-grabacion-estudiantil-de-aes-colombia\\\/\"},\"author\":{\"name\":\"Universidad de las Artes\",\"@id\":\"https:\\\/\\\/www.uartes.edu.ec\\\/sitio\\\/fr\\\/#\\\/schema\\\/person\\\/f33f8c1d2af0d5c80a38c8abf458184a\"},\"headline\":\"Primer lugar gan\u00f3 Jonathan Chafla en la competencia internacional de grabaci\u00f3n estudiantil AES Colombia\",\"datePublished\":\"2019-08-26T21:46:11+00:00\",\"dateModified\":\"2024-07-04T16:50:32+00:00\",\"mainEntityOfPage\":{\"@id\":\"https:\\\/\\\/www.uartes.edu.ec\\\/sitio\\\/fr\\\/blog\\\/2019\\\/08\\\/26\\\/jonathan-chafla-gana-el-primer-lugar-en-competencia-de-grabacion-estudiantil-de-aes-colombia\\\/\"},\"wordCount\":393,\"publisher\":{\"@id\":\"https:\\\/\\\/www.uartes.edu.ec\\\/sitio\\\/fr\\\/#organization\"},\"image\":{\"@id\":\"https:\\\/\\\/www.uartes.edu.ec\\\/sitio\\\/fr\\\/blog\\\/2019\\\/08\\\/26\\\/jonathan-chafla-gana-el-primer-lugar-en-competencia-de-grabacion-estudiantil-de-aes-colombia\\\/#primaryimage\"},\"thumbnailUrl\":\"https:\\\/\\\/www.uartes.edu.ec\\\/sitio\\\/wp-content\\\/uploads\\\/2019\\\/08\\\/Jonathan-Ch-OK3.jpg\",\"articleSection\":[\"Estudiantes\"],\"inLanguage\":\"fr-FR\"},{\"@type\":[\"WebPage\",\"ItemPage\"],\"@id\":\"https:\\\/\\\/www.uartes.edu.ec\\\/sitio\\\/fr\\\/blog\\\/2019\\\/08\\\/26\\\/jonathan-chafla-gana-el-primer-lugar-en-competencia-de-grabacion-estudiantil-de-aes-colombia\\\/\",\"url\":\"https:\\\/\\\/www.uartes.edu.ec\\\/sitio\\\/fr\\\/blog\\\/2019\\\/08\\\/26\\\/jonathan-chafla-gana-el-primer-lugar-en-competencia-de-grabacion-estudiantil-de-aes-colombia\\\/\",\"name\":\"Universidad de las Artes - Primer lugar gan\u00f3 Jonathan Chafla en la competencia internacional de grabaci\u00f3n estudiantil AES Colombia\",\"isPartOf\":{\"@id\":\"https:\\\/\\\/www.uartes.edu.ec\\\/sitio\\\/fr\\\/#website\"},\"primaryImageOfPage\":{\"@id\":\"https:\\\/\\\/www.uartes.edu.ec\\\/sitio\\\/fr\\\/blog\\\/2019\\\/08\\\/26\\\/jonathan-chafla-gana-el-primer-lugar-en-competencia-de-grabacion-estudiantil-de-aes-colombia\\\/#primaryimage\"},\"image\":{\"@id\":\"https:\\\/\\\/www.uartes.edu.ec\\\/sitio\\\/fr\\\/blog\\\/2019\\\/08\\\/26\\\/jonathan-chafla-gana-el-primer-lugar-en-competencia-de-grabacion-estudiantil-de-aes-colombia\\\/#primaryimage\"},\"thumbnailUrl\":\"https:\\\/\\\/www.uartes.edu.ec\\\/sitio\\\/wp-content\\\/uploads\\\/2019\\\/08\\\/Jonathan-Ch-OK3.jpg\",\"datePublished\":\"2019-08-26T21:46:11+00:00\",\"dateModified\":\"2024-07-04T16:50:32+00:00\",\"description\":\"Universidad de las Artes - Primer lugar gan\u00f3 Jonathan Chafla en la competencia internacional de grabaci\u00f3n estudiantil AES Colombia\",\"breadcrumb\":{\"@id\":\"https:\\\/\\\/www.uartes.edu.ec\\\/sitio\\\/fr\\\/blog\\\/2019\\\/08\\\/26\\\/jonathan-chafla-gana-el-primer-lugar-en-competencia-de-grabacion-estudiantil-de-aes-colombia\\\/#breadcrumb\"},\"inLanguage\":\"fr-FR\",\"potentialAction\":[{\"@type\":\"ReadAction\",\"target\":[\"https:\\\/\\\/www.uartes.edu.ec\\\/sitio\\\/fr\\\/blog\\\/2019\\\/08\\\/26\\\/jonathan-chafla-gana-el-primer-lugar-en-competencia-de-grabacion-estudiantil-de-aes-colombia\\\/\"]}]},{\"@type\":\"ImageObject\",\"inLanguage\":\"fr-FR\",\"@id\":\"https:\\\/\\\/www.uartes.edu.ec\\\/sitio\\\/fr\\\/blog\\\/2019\\\/08\\\/26\\\/jonathan-chafla-gana-el-primer-lugar-en-competencia-de-grabacion-estudiantil-de-aes-colombia\\\/#primaryimage\",\"url\":\"https:\\\/\\\/www.uartes.edu.ec\\\/sitio\\\/wp-content\\\/uploads\\\/2019\\\/08\\\/Jonathan-Ch-OK3.jpg\",\"contentUrl\":\"https:\\\/\\\/www.uartes.edu.ec\\\/sitio\\\/wp-content\\\/uploads\\\/2019\\\/08\\\/Jonathan-Ch-OK3.jpg\",\"width\":1217,\"height\":811},{\"@type\":\"BreadcrumbList\",\"@id\":\"https:\\\/\\\/www.uartes.edu.ec\\\/sitio\\\/fr\\\/blog\\\/2019\\\/08\\\/26\\\/jonathan-chafla-gana-el-primer-lugar-en-competencia-de-grabacion-estudiantil-de-aes-colombia\\\/#breadcrumb\",\"itemListElement\":[{\"@type\":\"ListItem\",\"position\":1,\"name\":\"Inicio\",\"item\":\"https:\\\/\\\/www.uartes.edu.ec\\\/sitio\\\/\"},{\"@type\":\"ListItem\",\"position\":2,\"name\":\"Primer lugar gan\u00f3 Jonathan Chafla en la competencia internacional de grabaci\u00f3n estudiantil AES Colombia\"}]},{\"@type\":\"WebSite\",\"@id\":\"https:\\\/\\\/www.uartes.edu.ec\\\/sitio\\\/fr\\\/#website\",\"url\":\"https:\\\/\\\/www.uartes.edu.ec\\\/sitio\\\/fr\\\/\",\"name\":\"Universidad de las Artes\",\"description\":\"Sitio oficial de la Universidad Nacional de las Artes del Ecuador\",\"publisher\":{\"@id\":\"https:\\\/\\\/www.uartes.edu.ec\\\/sitio\\\/fr\\\/#organization\"},\"potentialAction\":[{\"@type\":\"SearchAction\",\"target\":{\"@type\":\"EntryPoint\",\"urlTemplate\":\"https:\\\/\\\/www.uartes.edu.ec\\\/sitio\\\/fr\\\/?s={search_term_string}\"},\"query-input\":{\"@type\":\"PropertyValueSpecification\",\"valueRequired\":true,\"valueName\":\"search_term_string\"}}],\"inLanguage\":\"fr-FR\"},{\"@type\":\"Organization\",\"@id\":\"https:\\\/\\\/www.uartes.edu.ec\\\/sitio\\\/fr\\\/#organization\",\"name\":\"Universidad de las Artes\",\"url\":\"https:\\\/\\\/www.uartes.edu.ec\\\/sitio\\\/fr\\\/\",\"logo\":{\"@type\":\"ImageObject\",\"inLanguage\":\"fr-FR\",\"@id\":\"https:\\\/\\\/www.uartes.edu.ec\\\/sitio\\\/fr\\\/#\\\/schema\\\/logo\\\/image\\\/\",\"url\":\"https:\\\/\\\/www.uartes.edu.ec\\\/sitio\\\/wp-content\\\/uploads\\\/2022\\\/07\\\/logo-ua-horizontal.png\",\"contentUrl\":\"https:\\\/\\\/www.uartes.edu.ec\\\/sitio\\\/wp-content\\\/uploads\\\/2022\\\/07\\\/logo-ua-horizontal.png\",\"width\":800,\"height\":276,\"caption\":\"Universidad de las Artes\"},\"image\":{\"@id\":\"https:\\\/\\\/www.uartes.edu.ec\\\/sitio\\\/fr\\\/#\\\/schema\\\/logo\\\/image\\\/\"},\"sameAs\":[\"https:\\\/\\\/www.facebook.com\\\/uartesec\",\"https:\\\/\\\/x.com\\\/uartesec\",\"https:\\\/\\\/www.tiktok.com\\\/@uartesec\"]},{\"@type\":\"Person\",\"@id\":\"https:\\\/\\\/www.uartes.edu.ec\\\/sitio\\\/fr\\\/#\\\/schema\\\/person\\\/f33f8c1d2af0d5c80a38c8abf458184a\",\"name\":\"Universidad de las Artes\",\"image\":{\"@type\":\"ImageObject\",\"inLanguage\":\"fr-FR\",\"@id\":\"https:\\\/\\\/secure.gravatar.com\\\/avatar\\\/52e4757902f5cfa5ac52d020e5be83cae5487519154b6c35482fe08d589f3c13?s=96&d=mm&r=g\",\"url\":\"https:\\\/\\\/secure.gravatar.com\\\/avatar\\\/52e4757902f5cfa5ac52d020e5be83cae5487519154b6c35482fe08d589f3c13?s=96&d=mm&r=g\",\"contentUrl\":\"https:\\\/\\\/secure.gravatar.com\\\/avatar\\\/52e4757902f5cfa5ac52d020e5be83cae5487519154b6c35482fe08d589f3c13?s=96&d=mm&r=g\",\"caption\":\"Universidad de las Artes\"},\"url\":\"https:\\\/\\\/www.uartes.edu.ec\\\/sitio\\\/fr\\\/blog\\\/author\\\/dircomadm\\\/\"}]}<\/script>\n<!-- \/ Yoast SEO plugin. -->","yoast_head_json":{"title":"Universidad de las Artes - Primer lugar gan\u00f3 Jonathan Chafla en la competencia internacional de grabaci\u00f3n estudiantil AES Colombia","description":"Universidad de las Artes - Primer lugar gan\u00f3 Jonathan Chafla en la competencia internacional de grabaci\u00f3n estudiantil AES Colombia","robots":{"index":"index","follow":"follow","max-snippet":"max-snippet:-1","max-image-preview":"max-image-preview:large","max-video-preview":"max-video-preview:-1"},"canonical":"https:\/\/www.uartes.edu.ec\/sitio\/fr\/blog\/2019\/08\/26\/jonathan-chafla-gana-el-primer-lugar-en-competencia-de-grabacion-estudiantil-de-aes-colombia\/","og_locale":"fr_FR","og_type":"article","og_title":"Universidad de las Artes - Primer lugar gan\u00f3 Jonathan Chafla en la competencia internacional de grabaci\u00f3n estudiantil AES Colombia","og_description":"Universidad de las Artes - Primer lugar gan\u00f3 Jonathan Chafla en la competencia internacional de grabaci\u00f3n estudiantil AES Colombia","og_url":"https:\/\/www.uartes.edu.ec\/sitio\/fr\/blog\/2019\/08\/26\/jonathan-chafla-gana-el-primer-lugar-en-competencia-de-grabacion-estudiantil-de-aes-colombia\/","og_site_name":"Universidad de las Artes","article_publisher":"https:\/\/www.facebook.com\/uartesec","article_published_time":"2019-08-26T21:46:11+00:00","article_modified_time":"2024-07-04T16:50:32+00:00","og_image":[{"width":1217,"height":811,"url":"https:\/\/www.uartes.edu.ec\/sitio\/wp-content\/uploads\/2019\/08\/Jonathan-Ch-OK3.jpg","type":"image\/jpeg"}],"author":"Universidad de las Artes","twitter_card":"summary_large_image","twitter_creator":"@uartesec","twitter_site":"@uartesec","twitter_misc":{"\u00c9crit par":"Universidad de las Artes","Dur\u00e9e de lecture estim\u00e9e":"2 minutes"},"schema":{"@context":"https:\/\/schema.org","@graph":[{"@type":"Article","@id":"https:\/\/www.uartes.edu.ec\/sitio\/fr\/blog\/2019\/08\/26\/jonathan-chafla-gana-el-primer-lugar-en-competencia-de-grabacion-estudiantil-de-aes-colombia\/#article","isPartOf":{"@id":"https:\/\/www.uartes.edu.ec\/sitio\/fr\/blog\/2019\/08\/26\/jonathan-chafla-gana-el-primer-lugar-en-competencia-de-grabacion-estudiantil-de-aes-colombia\/"},"author":{"name":"Universidad de las Artes","@id":"https:\/\/www.uartes.edu.ec\/sitio\/fr\/#\/schema\/person\/f33f8c1d2af0d5c80a38c8abf458184a"},"headline":"Primer lugar gan\u00f3 Jonathan Chafla en la competencia internacional de grabaci\u00f3n estudiantil AES Colombia","datePublished":"2019-08-26T21:46:11+00:00","dateModified":"2024-07-04T16:50:32+00:00","mainEntityOfPage":{"@id":"https:\/\/www.uartes.edu.ec\/sitio\/fr\/blog\/2019\/08\/26\/jonathan-chafla-gana-el-primer-lugar-en-competencia-de-grabacion-estudiantil-de-aes-colombia\/"},"wordCount":393,"publisher":{"@id":"https:\/\/www.uartes.edu.ec\/sitio\/fr\/#organization"},"image":{"@id":"https:\/\/www.uartes.edu.ec\/sitio\/fr\/blog\/2019\/08\/26\/jonathan-chafla-gana-el-primer-lugar-en-competencia-de-grabacion-estudiantil-de-aes-colombia\/#primaryimage"},"thumbnailUrl":"https:\/\/www.uartes.edu.ec\/sitio\/wp-content\/uploads\/2019\/08\/Jonathan-Ch-OK3.jpg","articleSection":["Estudiantes"],"inLanguage":"fr-FR"},{"@type":["WebPage","ItemPage"],"@id":"https:\/\/www.uartes.edu.ec\/sitio\/fr\/blog\/2019\/08\/26\/jonathan-chafla-gana-el-primer-lugar-en-competencia-de-grabacion-estudiantil-de-aes-colombia\/","url":"https:\/\/www.uartes.edu.ec\/sitio\/fr\/blog\/2019\/08\/26\/jonathan-chafla-gana-el-primer-lugar-en-competencia-de-grabacion-estudiantil-de-aes-colombia\/","name":"Universidad de las Artes - Primer lugar gan\u00f3 Jonathan Chafla en la competencia internacional de grabaci\u00f3n estudiantil AES Colombia","isPartOf":{"@id":"https:\/\/www.uartes.edu.ec\/sitio\/fr\/#website"},"primaryImageOfPage":{"@id":"https:\/\/www.uartes.edu.ec\/sitio\/fr\/blog\/2019\/08\/26\/jonathan-chafla-gana-el-primer-lugar-en-competencia-de-grabacion-estudiantil-de-aes-colombia\/#primaryimage"},"image":{"@id":"https:\/\/www.uartes.edu.ec\/sitio\/fr\/blog\/2019\/08\/26\/jonathan-chafla-gana-el-primer-lugar-en-competencia-de-grabacion-estudiantil-de-aes-colombia\/#primaryimage"},"thumbnailUrl":"https:\/\/www.uartes.edu.ec\/sitio\/wp-content\/uploads\/2019\/08\/Jonathan-Ch-OK3.jpg","datePublished":"2019-08-26T21:46:11+00:00","dateModified":"2024-07-04T16:50:32+00:00","description":"Universidad de las Artes - Primer lugar gan\u00f3 Jonathan Chafla en la competencia internacional de grabaci\u00f3n estudiantil AES Colombia","breadcrumb":{"@id":"https:\/\/www.uartes.edu.ec\/sitio\/fr\/blog\/2019\/08\/26\/jonathan-chafla-gana-el-primer-lugar-en-competencia-de-grabacion-estudiantil-de-aes-colombia\/#breadcrumb"},"inLanguage":"fr-FR","potentialAction":[{"@type":"ReadAction","target":["https:\/\/www.uartes.edu.ec\/sitio\/fr\/blog\/2019\/08\/26\/jonathan-chafla-gana-el-primer-lugar-en-competencia-de-grabacion-estudiantil-de-aes-colombia\/"]}]},{"@type":"ImageObject","inLanguage":"fr-FR","@id":"https:\/\/www.uartes.edu.ec\/sitio\/fr\/blog\/2019\/08\/26\/jonathan-chafla-gana-el-primer-lugar-en-competencia-de-grabacion-estudiantil-de-aes-colombia\/#primaryimage","url":"https:\/\/www.uartes.edu.ec\/sitio\/wp-content\/uploads\/2019\/08\/Jonathan-Ch-OK3.jpg","contentUrl":"https:\/\/www.uartes.edu.ec\/sitio\/wp-content\/uploads\/2019\/08\/Jonathan-Ch-OK3.jpg","width":1217,"height":811},{"@type":"BreadcrumbList","@id":"https:\/\/www.uartes.edu.ec\/sitio\/fr\/blog\/2019\/08\/26\/jonathan-chafla-gana-el-primer-lugar-en-competencia-de-grabacion-estudiantil-de-aes-colombia\/#breadcrumb","itemListElement":[{"@type":"ListItem","position":1,"name":"Inicio","item":"https:\/\/www.uartes.edu.ec\/sitio\/"},{"@type":"ListItem","position":2,"name":"Primer lugar gan\u00f3 Jonathan Chafla en la competencia internacional de grabaci\u00f3n estudiantil AES Colombia"}]},{"@type":"WebSite","@id":"https:\/\/www.uartes.edu.ec\/sitio\/fr\/#website","url":"https:\/\/www.uartes.edu.ec\/sitio\/fr\/","name":"Universidad de las Artes","description":"Sitio oficial de la Universidad Nacional de las Artes del Ecuador","publisher":{"@id":"https:\/\/www.uartes.edu.ec\/sitio\/fr\/#organization"},"potentialAction":[{"@type":"SearchAction","target":{"@type":"EntryPoint","urlTemplate":"https:\/\/www.uartes.edu.ec\/sitio\/fr\/?s={search_term_string}"},"query-input":{"@type":"PropertyValueSpecification","valueRequired":true,"valueName":"search_term_string"}}],"inLanguage":"fr-FR"},{"@type":"Organization","@id":"https:\/\/www.uartes.edu.ec\/sitio\/fr\/#organization","name":"Universidad de las Artes","url":"https:\/\/www.uartes.edu.ec\/sitio\/fr\/","logo":{"@type":"ImageObject","inLanguage":"fr-FR","@id":"https:\/\/www.uartes.edu.ec\/sitio\/fr\/#\/schema\/logo\/image\/","url":"https:\/\/www.uartes.edu.ec\/sitio\/wp-content\/uploads\/2022\/07\/logo-ua-horizontal.png","contentUrl":"https:\/\/www.uartes.edu.ec\/sitio\/wp-content\/uploads\/2022\/07\/logo-ua-horizontal.png","width":800,"height":276,"caption":"Universidad de las Artes"},"image":{"@id":"https:\/\/www.uartes.edu.ec\/sitio\/fr\/#\/schema\/logo\/image\/"},"sameAs":["https:\/\/www.facebook.com\/uartesec","https:\/\/x.com\/uartesec","https:\/\/www.tiktok.com\/@uartesec"]},{"@type":"Person","@id":"https:\/\/www.uartes.edu.ec\/sitio\/fr\/#\/schema\/person\/f33f8c1d2af0d5c80a38c8abf458184a","name":"Universidad de las Artes","image":{"@type":"ImageObject","inLanguage":"fr-FR","@id":"https:\/\/secure.gravatar.com\/avatar\/52e4757902f5cfa5ac52d020e5be83cae5487519154b6c35482fe08d589f3c13?s=96&d=mm&r=g","url":"https:\/\/secure.gravatar.com\/avatar\/52e4757902f5cfa5ac52d020e5be83cae5487519154b6c35482fe08d589f3c13?s=96&d=mm&r=g","contentUrl":"https:\/\/secure.gravatar.com\/avatar\/52e4757902f5cfa5ac52d020e5be83cae5487519154b6c35482fe08d589f3c13?s=96&d=mm&r=g","caption":"Universidad de las Artes"},"url":"https:\/\/www.uartes.edu.ec\/sitio\/fr\/blog\/author\/dircomadm\/"}]}},"uagb_featured_image_src":{"full":["https:\/\/www.uartes.edu.ec\/sitio\/wp-content\/uploads\/2019\/08\/Jonathan-Ch-OK3.jpg",1217,811,false],"thumbnail":["https:\/\/www.uartes.edu.ec\/sitio\/wp-content\/uploads\/2019\/08\/Jonathan-Ch-OK3-150x150.jpg",150,150,true],"medium":["https:\/\/www.uartes.edu.ec\/sitio\/wp-content\/uploads\/2019\/08\/Jonathan-Ch-OK3-250x167.jpg",250,167,true],"medium_large":["https:\/\/www.uartes.edu.ec\/sitio\/wp-content\/uploads\/2019\/08\/Jonathan-Ch-OK3-768x512.jpg",768,512,true],"large":["https:\/\/www.uartes.edu.ec\/sitio\/wp-content\/uploads\/2019\/08\/Jonathan-Ch-OK3-700x466.jpg",644,429,true],"1536x1536":["https:\/\/www.uartes.edu.ec\/sitio\/wp-content\/uploads\/2019\/08\/Jonathan-Ch-OK3.jpg",1217,811,false],"2048x2048":["https:\/\/www.uartes.edu.ec\/sitio\/wp-content\/uploads\/2019\/08\/Jonathan-Ch-OK3.jpg",1217,811,false],"trp-custom-language-flag":["https:\/\/www.uartes.edu.ec\/sitio\/wp-content\/uploads\/2019\/08\/Jonathan-Ch-OK3.jpg",18,12,false],"htmega_size_585x295":["https:\/\/www.uartes.edu.ec\/sitio\/wp-content\/uploads\/2019\/08\/Jonathan-Ch-OK3.jpg",443,295,false],"htmega_size_1170x536":["https:\/\/www.uartes.edu.ec\/sitio\/wp-content\/uploads\/2019\/08\/Jonathan-Ch-OK3.jpg",804,536,false],"htmega_size_396x360":["https:\/\/www.uartes.edu.ec\/sitio\/wp-content\/uploads\/2019\/08\/Jonathan-Ch-OK3.jpg",396,264,false],"gb-block-post-grid-landscape":["https:\/\/www.uartes.edu.ec\/sitio\/wp-content\/uploads\/2019\/08\/Jonathan-Ch-OK3.jpg",600,400,false],"gb-block-post-grid-square":["https:\/\/www.uartes.edu.ec\/sitio\/wp-content\/uploads\/2019\/08\/Jonathan-Ch-OK3.jpg",600,400,false],"university-hub-thumb":["https:\/\/www.uartes.edu.ec\/sitio\/wp-content\/uploads\/2019\/08\/Jonathan-Ch-OK3.jpg",400,267,false]},"uagb_author_info":{"display_name":"Universidad de las Artes","author_link":"https:\/\/www.uartes.edu.ec\/sitio\/fr\/blog\/author\/dircomadm\/"},"uagb_comment_info":0,"uagb_excerpt":"Jonathan Chafla, estudiante de la carrera de Producci\u00f3n Musical de la Escuela de Artes Sonoras de la UArtes, gan\u00f3 el primer lugar en la Competencia de Grabaci\u00f3n Estudiantil Audio Engineering Society (AES) Colombia, en la Categor\u00eda 2: Grabaci\u00f3n Ac\u00fastica Tradicional en Estudio. En este apartado se calificaron las t\u00e9cnicas de microfoneo, posicionamiento de artistas y\u2026","featured_image_src":"https:\/\/www.uartes.edu.ec\/sitio\/wp-content\/uploads\/2019\/08\/Jonathan-Ch-OK3.jpg","featured_image_src_square":"https:\/\/www.uartes.edu.ec\/sitio\/wp-content\/uploads\/2019\/08\/Jonathan-Ch-OK3.jpg","author_info":{"display_name":"Universidad de las Artes","author_link":"https:\/\/www.uartes.edu.ec\/sitio\/fr\/blog\/author\/dircomadm\/"},"publishpress_future_workflow_manual_trigger":{"enabledWorkflows":[]},"distributor_meta":false,"distributor_terms":false,"distributor_media":false,"distributor_original_site_name":"Universidad de las Artes","distributor_original_site_url":"https:\/\/www.uartes.edu.ec\/sitio\/fr","push-errors":false,"_links":{"self":[{"href":"https:\/\/www.uartes.edu.ec\/sitio\/fr\/wp-json\/wp\/v2\/posts\/4247","targetHints":{"allow":["GET"]}}],"collection":[{"href":"https:\/\/www.uartes.edu.ec\/sitio\/fr\/wp-json\/wp\/v2\/posts"}],"about":[{"href":"https:\/\/www.uartes.edu.ec\/sitio\/fr\/wp-json\/wp\/v2\/types\/post"}],"author":[{"embeddable":true,"href":"https:\/\/www.uartes.edu.ec\/sitio\/fr\/wp-json\/wp\/v2\/users\/1"}],"replies":[{"embeddable":true,"href":"https:\/\/www.uartes.edu.ec\/sitio\/fr\/wp-json\/wp\/v2\/comments?post=4247"}],"version-history":[{"count":6,"href":"https:\/\/www.uartes.edu.ec\/sitio\/fr\/wp-json\/wp\/v2\/posts\/4247\/revisions"}],"predecessor-version":[{"id":49994,"href":"https:\/\/www.uartes.edu.ec\/sitio\/fr\/wp-json\/wp\/v2\/posts\/4247\/revisions\/49994"}],"wp:featuredmedia":[{"embeddable":true,"href":"https:\/\/www.uartes.edu.ec\/sitio\/fr\/wp-json\/wp\/v2\/media\/4249"}],"wp:attachment":[{"href":"https:\/\/www.uartes.edu.ec\/sitio\/fr\/wp-json\/wp\/v2\/media?parent=4247"}],"wp:term":[{"taxonomy":"category","embeddable":true,"href":"https:\/\/www.uartes.edu.ec\/sitio\/fr\/wp-json\/wp\/v2\/categories?post=4247"},{"taxonomy":"post_tag","embeddable":true,"href":"https:\/\/www.uartes.edu.ec\/sitio\/fr\/wp-json\/wp\/v2\/tags?post=4247"},{"taxonomy":"infouartes","embeddable":true,"href":"https:\/\/www.uartes.edu.ec\/sitio\/fr\/wp-json\/wp\/v2\/infouartes?post=4247"}],"curies":[{"name":"wp","href":"https:\/\/api.w.org\/{rel}","templated":true}]}}