{"id":4252,"date":"2019-08-26T16:47:20","date_gmt":"2019-08-26T21:47:20","guid":{"rendered":"http:\/\/www.uartes.edu.ec\/sitio\/?p=4252"},"modified":"2024-07-04T11:50:32","modified_gmt":"2024-07-04T16:50:32","slug":"uartes-propone-analizar-el-arte-contemporaneo-en-procesos-sociales-y-como-figura-de-accion","status":"publish","type":"post","link":"https:\/\/www.uartes.edu.ec\/sitio\/fr\/blog\/2019\/08\/26\/uartes-propone-analizar-el-arte-contemporaneo-en-procesos-sociales-y-como-figura-de-accion\/","title":{"rendered":"UArtes propone analizar el arte contempor\u00e1neo en procesos sociales y como figura de acci\u00f3n"},"content":{"rendered":"<p style=\"text-align:right\"><em>El curador Jorge Sep\u00falveda y la investigadora en artes Guillermina Bustos participar\u00e1n desde hoy hasta el jueves en la charla y el seminario que, organizados por la UArtes, tienen lugar\u00a0\u00a0 en el MAAC. <\/em><\/p>\n\n\n\n<p>En el marco\nde los acuerdos de cooperaci\u00f3n interinstitucional entre el Museo Antropol\u00f3gico\ny de Arte Contempor\u00e1neo y la Universidad de las Artes, desde hoy, lunes 26 de\nagosto del 2019, hasta el jueves 29, se desarrollar\u00e1 en las instalaciones del\nMAAC la charla abierta \u201cArte Contempor\u00e1neo y Procesos Sociales\u201d, as\u00ed como el seminario\n\u201cArte Contempor\u00e1neo como Figura de Acci\u00f3n\u201d. <\/p>\n\n\n\n<p>Organizadas\npor la Universidad de las Artes, ambas actividades se enmarcan en la Curator\u00eda\nForense-Latinoam\u00e9rica y contar\u00e1n con la participaci\u00f3n de los expositores\ninternacionales Guillermina Bustos y Jorge Sep\u00falveda. La charla abierta es solo\nhoy, de 18h00 a 20h00, y el seminario tendr\u00e1 tres d\u00edas de duraci\u00f3n \u2013martes 27,\nmi\u00e9rcoles 28 y jueves 29\u2013, de 16h00 a 20h00.<\/p>\n\n\n\n<p>Marco\nAlvarado L\u00f3pez, docente de la Escuela de Artes Visuales de la UArtes, indica\nque tanto la charla como el seminario est\u00e1n enfocados a reflexionar sobre la\nescena art\u00edstica local. \u201cSi bien tenemos un creciente n\u00famero de artistas\negresados y emergentes, no podemos pensar que todos ser\u00e1n productores de\nobjetos. Por esa raz\u00f3n, se abordar\u00e1n temas de mucha importancia, como, por\nejemplo,&nbsp;las diferencias entre arte y cultura; la utilidad y el sentido\ndel arte contempor\u00e1neo; y c\u00f3mo las pr\u00e1cticas art\u00edsticas contempor\u00e1neas act\u00faan\ncomo dispositivos cr\u00edticos que nos ofrecen formas de repensar y enfrentar la\nviolencia y discriminaci\u00f3n\u201d. <\/p>\n\n\n\n<p>El docente\nagrega que en las citas se dialogar\u00e1 tambi\u00e9n acerca de c\u00f3mo entendemos la\nrelaci\u00f3n entre comunidad, cultura y arte, y c\u00f3mo abordar una historia del arte\nbasada en el estudio de los procesos de conceptualizaci\u00f3n, producci\u00f3n y\ncirculaci\u00f3n. Se abordar\u00e1n, asimismo, \u201cproblem\u00e1ticas derivadas de la econom\u00eda y\nmercados de arte en Latinoam\u00e9rica, las posibles alianzas y estrategias que\npodemos implementar en el presente, pensando en el futuro\u201d.<\/p>\n\n\n\n<p>El inter\u00e9s,\nindica Marco Alvarado, es que asistan artistas, estudiantes, coleccionistas, gestores\ne investigadores. \u201cAunque este evento est\u00e1 dirigido a quienes deseen enterarse\no dialogar sobre las din\u00e1micas y problem\u00e1ticas del campo art\u00edstico, nuestro\nobjetivo es activar iniciativas de investigaci\u00f3n y cr\u00edtica propositiva\u201d.<\/p>\n\n\n\n<p>Explica\ntambi\u00e9n que Curator\u00eda Forense cre\u00f3 la plataforma VADB, que re\u00fane a una\ncomunidad de investigadores que constantemente incorporan y actualizan\narchivos, que a su vez enlazan, relacionan y difunden informaci\u00f3n sobre\npersonas, obras, publicaciones, organizaciones y eventos de arte contempor\u00e1neo\nen Am\u00e9rica Latina. \u201cA la UArtes le interesa participar en esta red, porque,\nadem\u00e1s de informar y compartir, brinda la posibilidad de ir contrastando\npermanentemente nuestra producci\u00f3n\u201d. &nbsp;&nbsp;<\/p>\n\n\n\n<p><strong>LOS EXPOSITORES<\/strong><\/p>\n\n\n\n<p><strong>Jorge Sep\u00falveda<\/strong> es un connotado curador,\ninvestigador y cr\u00edtico de arte contempor\u00e1neo. Es quien fund\u00f3 Curator\u00eda Forense\nen el 2005, un proyecto que fue creciendo y ampli\u00e1ndose hasta formar una red\nque hoy la integran una editorial, una cooperativa de arte, el centro Uberbau\nHouse en Sao Paulo y la comunidad VADB.<\/p>\n\n\n\n<p><strong>Guillermina Bustos,<\/strong> artista e investigadora\nargentina. Licenciada en Arte con especialidad en Pintura por la Universidad\nNacional de C\u00f3rdoba. Ha recibido becas y premios para investigaci\u00f3n en artes.\nActualmente cursa el Magister en Artes con Menci\u00f3n Artes Visuales, en la\nUniversidad de Chile.<\/p>","protected":false},"excerpt":{"rendered":"<p>El curador Jorge Sep\u00falveda y la investigadora en artes Guillermina Bustos participar\u00e1n desde hoy hasta el jueves en la charla y el seminario que, organizados por la UArtes, tienen lugar\u00a0\u00a0 en el MAAC. En el marco de los acuerdos de cooperaci\u00f3n interinstitucional entre el Museo Antropol\u00f3gico y de Arte Contempor\u00e1neo y la Universidad de las [&hellip;]<\/p>\n","protected":false},"author":1,"featured_media":4250,"comment_status":"closed","ping_status":"closed","sticky":false,"template":"","format":"standard","meta":{"_acf_changed":false,"_uag_custom_page_level_css":"","_monsterinsights_skip_tracking":false,"_monsterinsights_sitenote_active":false,"_monsterinsights_sitenote_note":"","_monsterinsights_sitenote_category":0,"cybocfi_hide_featured_image":"","footnotes":""},"categories":[80,82],"tags":[],"infouartes":[],"class_list":["post-4252","post","type-post","status-publish","format-standard","has-post-thumbnail","hentry","category-academico","category-artes"],"acf":[],"yoast_head":"<!-- This site is optimized with the Yoast SEO plugin v27.4 - https:\/\/yoast.com\/product\/yoast-seo-wordpress\/ -->\n<title>Universidad de las Artes - UArtes propone analizar el arte contempor\u00e1neo en procesos sociales y como figura de acci\u00f3n<\/title>\n<meta name=\"description\" content=\"Universidad de las Artes - UArtes propone analizar el arte contempor\u00e1neo en procesos sociales y como figura de acci\u00f3n\" \/>\n<meta name=\"robots\" content=\"index, follow, max-snippet:-1, max-image-preview:large, max-video-preview:-1\" \/>\n<link rel=\"canonical\" href=\"https:\/\/www.uartes.edu.ec\/sitio\/fr\/blog\/2019\/08\/26\/uartes-propone-analizar-el-arte-contemporaneo-en-procesos-sociales-y-como-figura-de-accion\/\" \/>\n<meta property=\"og:locale\" content=\"fr_FR\" \/>\n<meta property=\"og:type\" content=\"article\" \/>\n<meta property=\"og:title\" content=\"Universidad de las Artes - UArtes propone analizar el arte contempor\u00e1neo en procesos sociales y como figura de acci\u00f3n\" \/>\n<meta property=\"og:description\" content=\"Universidad de las Artes - UArtes propone analizar el arte contempor\u00e1neo en procesos sociales y como figura de acci\u00f3n\" \/>\n<meta property=\"og:url\" content=\"https:\/\/www.uartes.edu.ec\/sitio\/fr\/blog\/2019\/08\/26\/uartes-propone-analizar-el-arte-contemporaneo-en-procesos-sociales-y-como-figura-de-accion\/\" \/>\n<meta property=\"og:site_name\" content=\"Universidad de las Artes\" \/>\n<meta property=\"article:publisher\" content=\"https:\/\/www.facebook.com\/uartesec\" \/>\n<meta property=\"article:published_time\" content=\"2019-08-26T21:47:20+00:00\" \/>\n<meta property=\"article:modified_time\" content=\"2024-07-04T16:50:32+00:00\" \/>\n<meta property=\"og:image\" content=\"https:\/\/www.uartes.edu.ec\/sitio\/wp-content\/uploads\/2019\/08\/jorge-sepuleda-para-web.jpg\" \/>\n\t<meta property=\"og:image:width\" content=\"1500\" \/>\n\t<meta property=\"og:image:height\" content=\"999\" \/>\n\t<meta property=\"og:image:type\" content=\"image\/jpeg\" \/>\n<meta name=\"author\" content=\"Universidad de las Artes\" \/>\n<meta name=\"twitter:card\" content=\"summary_large_image\" \/>\n<meta name=\"twitter:creator\" content=\"@uartesec\" \/>\n<meta name=\"twitter:site\" content=\"@uartesec\" \/>\n<meta name=\"twitter:label1\" content=\"\u00c9crit par\" \/>\n\t<meta name=\"twitter:data1\" content=\"Universidad de las Artes\" \/>\n\t<meta name=\"twitter:label2\" content=\"Dur\u00e9e de lecture estim\u00e9e\" \/>\n\t<meta name=\"twitter:data2\" content=\"3 minutes\" \/>\n<script type=\"application\/ld+json\" class=\"yoast-schema-graph\">{\"@context\":\"https:\\\/\\\/schema.org\",\"@graph\":[{\"@type\":\"Article\",\"@id\":\"https:\\\/\\\/www.uartes.edu.ec\\\/sitio\\\/fr\\\/blog\\\/2019\\\/08\\\/26\\\/uartes-propone-analizar-el-arte-contemporaneo-en-procesos-sociales-y-como-figura-de-accion\\\/#article\",\"isPartOf\":{\"@id\":\"https:\\\/\\\/www.uartes.edu.ec\\\/sitio\\\/fr\\\/blog\\\/2019\\\/08\\\/26\\\/uartes-propone-analizar-el-arte-contemporaneo-en-procesos-sociales-y-como-figura-de-accion\\\/\"},\"author\":{\"name\":\"Universidad de las Artes\",\"@id\":\"https:\\\/\\\/www.uartes.edu.ec\\\/sitio\\\/fr\\\/#\\\/schema\\\/person\\\/f33f8c1d2af0d5c80a38c8abf458184a\"},\"headline\":\"UArtes propone analizar el arte contempor\u00e1neo en procesos sociales y como figura de acci\u00f3n\",\"datePublished\":\"2019-08-26T21:47:20+00:00\",\"dateModified\":\"2024-07-04T16:50:32+00:00\",\"mainEntityOfPage\":{\"@id\":\"https:\\\/\\\/www.uartes.edu.ec\\\/sitio\\\/fr\\\/blog\\\/2019\\\/08\\\/26\\\/uartes-propone-analizar-el-arte-contemporaneo-en-procesos-sociales-y-como-figura-de-accion\\\/\"},\"wordCount\":602,\"publisher\":{\"@id\":\"https:\\\/\\\/www.uartes.edu.ec\\\/sitio\\\/fr\\\/#organization\"},\"image\":{\"@id\":\"https:\\\/\\\/www.uartes.edu.ec\\\/sitio\\\/fr\\\/blog\\\/2019\\\/08\\\/26\\\/uartes-propone-analizar-el-arte-contemporaneo-en-procesos-sociales-y-como-figura-de-accion\\\/#primaryimage\"},\"thumbnailUrl\":\"https:\\\/\\\/www.uartes.edu.ec\\\/sitio\\\/wp-content\\\/uploads\\\/2019\\\/08\\\/jorge-sepuleda-para-web.jpg\",\"articleSection\":[\"Acad\u00e9mico\",\"Artes\"],\"inLanguage\":\"fr-FR\"},{\"@type\":[\"WebPage\",\"ItemPage\"],\"@id\":\"https:\\\/\\\/www.uartes.edu.ec\\\/sitio\\\/fr\\\/blog\\\/2019\\\/08\\\/26\\\/uartes-propone-analizar-el-arte-contemporaneo-en-procesos-sociales-y-como-figura-de-accion\\\/\",\"url\":\"https:\\\/\\\/www.uartes.edu.ec\\\/sitio\\\/fr\\\/blog\\\/2019\\\/08\\\/26\\\/uartes-propone-analizar-el-arte-contemporaneo-en-procesos-sociales-y-como-figura-de-accion\\\/\",\"name\":\"Universidad de las Artes - UArtes propone analizar el arte contempor\u00e1neo en procesos sociales y como figura de acci\u00f3n\",\"isPartOf\":{\"@id\":\"https:\\\/\\\/www.uartes.edu.ec\\\/sitio\\\/fr\\\/#website\"},\"primaryImageOfPage\":{\"@id\":\"https:\\\/\\\/www.uartes.edu.ec\\\/sitio\\\/fr\\\/blog\\\/2019\\\/08\\\/26\\\/uartes-propone-analizar-el-arte-contemporaneo-en-procesos-sociales-y-como-figura-de-accion\\\/#primaryimage\"},\"image\":{\"@id\":\"https:\\\/\\\/www.uartes.edu.ec\\\/sitio\\\/fr\\\/blog\\\/2019\\\/08\\\/26\\\/uartes-propone-analizar-el-arte-contemporaneo-en-procesos-sociales-y-como-figura-de-accion\\\/#primaryimage\"},\"thumbnailUrl\":\"https:\\\/\\\/www.uartes.edu.ec\\\/sitio\\\/wp-content\\\/uploads\\\/2019\\\/08\\\/jorge-sepuleda-para-web.jpg\",\"datePublished\":\"2019-08-26T21:47:20+00:00\",\"dateModified\":\"2024-07-04T16:50:32+00:00\",\"description\":\"Universidad de las Artes - UArtes propone analizar el arte contempor\u00e1neo en procesos sociales y como figura de acci\u00f3n\",\"breadcrumb\":{\"@id\":\"https:\\\/\\\/www.uartes.edu.ec\\\/sitio\\\/fr\\\/blog\\\/2019\\\/08\\\/26\\\/uartes-propone-analizar-el-arte-contemporaneo-en-procesos-sociales-y-como-figura-de-accion\\\/#breadcrumb\"},\"inLanguage\":\"fr-FR\",\"potentialAction\":[{\"@type\":\"ReadAction\",\"target\":[\"https:\\\/\\\/www.uartes.edu.ec\\\/sitio\\\/fr\\\/blog\\\/2019\\\/08\\\/26\\\/uartes-propone-analizar-el-arte-contemporaneo-en-procesos-sociales-y-como-figura-de-accion\\\/\"]}]},{\"@type\":\"ImageObject\",\"inLanguage\":\"fr-FR\",\"@id\":\"https:\\\/\\\/www.uartes.edu.ec\\\/sitio\\\/fr\\\/blog\\\/2019\\\/08\\\/26\\\/uartes-propone-analizar-el-arte-contemporaneo-en-procesos-sociales-y-como-figura-de-accion\\\/#primaryimage\",\"url\":\"https:\\\/\\\/www.uartes.edu.ec\\\/sitio\\\/wp-content\\\/uploads\\\/2019\\\/08\\\/jorge-sepuleda-para-web.jpg\",\"contentUrl\":\"https:\\\/\\\/www.uartes.edu.ec\\\/sitio\\\/wp-content\\\/uploads\\\/2019\\\/08\\\/jorge-sepuleda-para-web.jpg\",\"width\":1500,\"height\":999},{\"@type\":\"BreadcrumbList\",\"@id\":\"https:\\\/\\\/www.uartes.edu.ec\\\/sitio\\\/fr\\\/blog\\\/2019\\\/08\\\/26\\\/uartes-propone-analizar-el-arte-contemporaneo-en-procesos-sociales-y-como-figura-de-accion\\\/#breadcrumb\",\"itemListElement\":[{\"@type\":\"ListItem\",\"position\":1,\"name\":\"Inicio\",\"item\":\"https:\\\/\\\/www.uartes.edu.ec\\\/sitio\\\/\"},{\"@type\":\"ListItem\",\"position\":2,\"name\":\"UArtes propone analizar el arte contempor\u00e1neo en procesos sociales y como figura de acci\u00f3n\"}]},{\"@type\":\"WebSite\",\"@id\":\"https:\\\/\\\/www.uartes.edu.ec\\\/sitio\\\/fr\\\/#website\",\"url\":\"https:\\\/\\\/www.uartes.edu.ec\\\/sitio\\\/fr\\\/\",\"name\":\"Universidad de las Artes\",\"description\":\"Sitio oficial de la Universidad Nacional de las Artes del Ecuador\",\"publisher\":{\"@id\":\"https:\\\/\\\/www.uartes.edu.ec\\\/sitio\\\/fr\\\/#organization\"},\"potentialAction\":[{\"@type\":\"SearchAction\",\"target\":{\"@type\":\"EntryPoint\",\"urlTemplate\":\"https:\\\/\\\/www.uartes.edu.ec\\\/sitio\\\/fr\\\/?s={search_term_string}\"},\"query-input\":{\"@type\":\"PropertyValueSpecification\",\"valueRequired\":true,\"valueName\":\"search_term_string\"}}],\"inLanguage\":\"fr-FR\"},{\"@type\":\"Organization\",\"@id\":\"https:\\\/\\\/www.uartes.edu.ec\\\/sitio\\\/fr\\\/#organization\",\"name\":\"Universidad de las Artes\",\"url\":\"https:\\\/\\\/www.uartes.edu.ec\\\/sitio\\\/fr\\\/\",\"logo\":{\"@type\":\"ImageObject\",\"inLanguage\":\"fr-FR\",\"@id\":\"https:\\\/\\\/www.uartes.edu.ec\\\/sitio\\\/fr\\\/#\\\/schema\\\/logo\\\/image\\\/\",\"url\":\"https:\\\/\\\/www.uartes.edu.ec\\\/sitio\\\/wp-content\\\/uploads\\\/2022\\\/07\\\/logo-ua-horizontal.png\",\"contentUrl\":\"https:\\\/\\\/www.uartes.edu.ec\\\/sitio\\\/wp-content\\\/uploads\\\/2022\\\/07\\\/logo-ua-horizontal.png\",\"width\":800,\"height\":276,\"caption\":\"Universidad de las Artes\"},\"image\":{\"@id\":\"https:\\\/\\\/www.uartes.edu.ec\\\/sitio\\\/fr\\\/#\\\/schema\\\/logo\\\/image\\\/\"},\"sameAs\":[\"https:\\\/\\\/www.facebook.com\\\/uartesec\",\"https:\\\/\\\/x.com\\\/uartesec\",\"https:\\\/\\\/www.tiktok.com\\\/@uartesec\"]},{\"@type\":\"Person\",\"@id\":\"https:\\\/\\\/www.uartes.edu.ec\\\/sitio\\\/fr\\\/#\\\/schema\\\/person\\\/f33f8c1d2af0d5c80a38c8abf458184a\",\"name\":\"Universidad de las Artes\",\"image\":{\"@type\":\"ImageObject\",\"inLanguage\":\"fr-FR\",\"@id\":\"https:\\\/\\\/secure.gravatar.com\\\/avatar\\\/52e4757902f5cfa5ac52d020e5be83cae5487519154b6c35482fe08d589f3c13?s=96&d=mm&r=g\",\"url\":\"https:\\\/\\\/secure.gravatar.com\\\/avatar\\\/52e4757902f5cfa5ac52d020e5be83cae5487519154b6c35482fe08d589f3c13?s=96&d=mm&r=g\",\"contentUrl\":\"https:\\\/\\\/secure.gravatar.com\\\/avatar\\\/52e4757902f5cfa5ac52d020e5be83cae5487519154b6c35482fe08d589f3c13?s=96&d=mm&r=g\",\"caption\":\"Universidad de las Artes\"},\"url\":\"https:\\\/\\\/www.uartes.edu.ec\\\/sitio\\\/fr\\\/blog\\\/author\\\/dircomadm\\\/\"}]}<\/script>\n<!-- \/ Yoast SEO plugin. -->","yoast_head_json":{"title":"Universidad de las Artes - UArtes propone analizar el arte contempor\u00e1neo en procesos sociales y como figura de acci\u00f3n","description":"Universidad de las Artes - UArtes propone analizar el arte contempor\u00e1neo en procesos sociales y como figura de acci\u00f3n","robots":{"index":"index","follow":"follow","max-snippet":"max-snippet:-1","max-image-preview":"max-image-preview:large","max-video-preview":"max-video-preview:-1"},"canonical":"https:\/\/www.uartes.edu.ec\/sitio\/fr\/blog\/2019\/08\/26\/uartes-propone-analizar-el-arte-contemporaneo-en-procesos-sociales-y-como-figura-de-accion\/","og_locale":"fr_FR","og_type":"article","og_title":"Universidad de las Artes - UArtes propone analizar el arte contempor\u00e1neo en procesos sociales y como figura de acci\u00f3n","og_description":"Universidad de las Artes - UArtes propone analizar el arte contempor\u00e1neo en procesos sociales y como figura de acci\u00f3n","og_url":"https:\/\/www.uartes.edu.ec\/sitio\/fr\/blog\/2019\/08\/26\/uartes-propone-analizar-el-arte-contemporaneo-en-procesos-sociales-y-como-figura-de-accion\/","og_site_name":"Universidad de las Artes","article_publisher":"https:\/\/www.facebook.com\/uartesec","article_published_time":"2019-08-26T21:47:20+00:00","article_modified_time":"2024-07-04T16:50:32+00:00","og_image":[{"width":1500,"height":999,"url":"https:\/\/www.uartes.edu.ec\/sitio\/wp-content\/uploads\/2019\/08\/jorge-sepuleda-para-web.jpg","type":"image\/jpeg"}],"author":"Universidad de las Artes","twitter_card":"summary_large_image","twitter_creator":"@uartesec","twitter_site":"@uartesec","twitter_misc":{"\u00c9crit par":"Universidad de las Artes","Dur\u00e9e de lecture estim\u00e9e":"3 minutes"},"schema":{"@context":"https:\/\/schema.org","@graph":[{"@type":"Article","@id":"https:\/\/www.uartes.edu.ec\/sitio\/fr\/blog\/2019\/08\/26\/uartes-propone-analizar-el-arte-contemporaneo-en-procesos-sociales-y-como-figura-de-accion\/#article","isPartOf":{"@id":"https:\/\/www.uartes.edu.ec\/sitio\/fr\/blog\/2019\/08\/26\/uartes-propone-analizar-el-arte-contemporaneo-en-procesos-sociales-y-como-figura-de-accion\/"},"author":{"name":"Universidad de las Artes","@id":"https:\/\/www.uartes.edu.ec\/sitio\/fr\/#\/schema\/person\/f33f8c1d2af0d5c80a38c8abf458184a"},"headline":"UArtes propone analizar el arte contempor\u00e1neo en procesos sociales y como figura de acci\u00f3n","datePublished":"2019-08-26T21:47:20+00:00","dateModified":"2024-07-04T16:50:32+00:00","mainEntityOfPage":{"@id":"https:\/\/www.uartes.edu.ec\/sitio\/fr\/blog\/2019\/08\/26\/uartes-propone-analizar-el-arte-contemporaneo-en-procesos-sociales-y-como-figura-de-accion\/"},"wordCount":602,"publisher":{"@id":"https:\/\/www.uartes.edu.ec\/sitio\/fr\/#organization"},"image":{"@id":"https:\/\/www.uartes.edu.ec\/sitio\/fr\/blog\/2019\/08\/26\/uartes-propone-analizar-el-arte-contemporaneo-en-procesos-sociales-y-como-figura-de-accion\/#primaryimage"},"thumbnailUrl":"https:\/\/www.uartes.edu.ec\/sitio\/wp-content\/uploads\/2019\/08\/jorge-sepuleda-para-web.jpg","articleSection":["Acad\u00e9mico","Artes"],"inLanguage":"fr-FR"},{"@type":["WebPage","ItemPage"],"@id":"https:\/\/www.uartes.edu.ec\/sitio\/fr\/blog\/2019\/08\/26\/uartes-propone-analizar-el-arte-contemporaneo-en-procesos-sociales-y-como-figura-de-accion\/","url":"https:\/\/www.uartes.edu.ec\/sitio\/fr\/blog\/2019\/08\/26\/uartes-propone-analizar-el-arte-contemporaneo-en-procesos-sociales-y-como-figura-de-accion\/","name":"Universidad de las Artes - UArtes propone analizar el arte contempor\u00e1neo en procesos sociales y como figura de acci\u00f3n","isPartOf":{"@id":"https:\/\/www.uartes.edu.ec\/sitio\/fr\/#website"},"primaryImageOfPage":{"@id":"https:\/\/www.uartes.edu.ec\/sitio\/fr\/blog\/2019\/08\/26\/uartes-propone-analizar-el-arte-contemporaneo-en-procesos-sociales-y-como-figura-de-accion\/#primaryimage"},"image":{"@id":"https:\/\/www.uartes.edu.ec\/sitio\/fr\/blog\/2019\/08\/26\/uartes-propone-analizar-el-arte-contemporaneo-en-procesos-sociales-y-como-figura-de-accion\/#primaryimage"},"thumbnailUrl":"https:\/\/www.uartes.edu.ec\/sitio\/wp-content\/uploads\/2019\/08\/jorge-sepuleda-para-web.jpg","datePublished":"2019-08-26T21:47:20+00:00","dateModified":"2024-07-04T16:50:32+00:00","description":"Universidad de las Artes - UArtes propone analizar el arte contempor\u00e1neo en procesos sociales y como figura de acci\u00f3n","breadcrumb":{"@id":"https:\/\/www.uartes.edu.ec\/sitio\/fr\/blog\/2019\/08\/26\/uartes-propone-analizar-el-arte-contemporaneo-en-procesos-sociales-y-como-figura-de-accion\/#breadcrumb"},"inLanguage":"fr-FR","potentialAction":[{"@type":"ReadAction","target":["https:\/\/www.uartes.edu.ec\/sitio\/fr\/blog\/2019\/08\/26\/uartes-propone-analizar-el-arte-contemporaneo-en-procesos-sociales-y-como-figura-de-accion\/"]}]},{"@type":"ImageObject","inLanguage":"fr-FR","@id":"https:\/\/www.uartes.edu.ec\/sitio\/fr\/blog\/2019\/08\/26\/uartes-propone-analizar-el-arte-contemporaneo-en-procesos-sociales-y-como-figura-de-accion\/#primaryimage","url":"https:\/\/www.uartes.edu.ec\/sitio\/wp-content\/uploads\/2019\/08\/jorge-sepuleda-para-web.jpg","contentUrl":"https:\/\/www.uartes.edu.ec\/sitio\/wp-content\/uploads\/2019\/08\/jorge-sepuleda-para-web.jpg","width":1500,"height":999},{"@type":"BreadcrumbList","@id":"https:\/\/www.uartes.edu.ec\/sitio\/fr\/blog\/2019\/08\/26\/uartes-propone-analizar-el-arte-contemporaneo-en-procesos-sociales-y-como-figura-de-accion\/#breadcrumb","itemListElement":[{"@type":"ListItem","position":1,"name":"Inicio","item":"https:\/\/www.uartes.edu.ec\/sitio\/"},{"@type":"ListItem","position":2,"name":"UArtes propone analizar el arte contempor\u00e1neo en procesos sociales y como figura de acci\u00f3n"}]},{"@type":"WebSite","@id":"https:\/\/www.uartes.edu.ec\/sitio\/fr\/#website","url":"https:\/\/www.uartes.edu.ec\/sitio\/fr\/","name":"Universidad de las Artes","description":"Sitio oficial de la Universidad Nacional de las Artes del Ecuador","publisher":{"@id":"https:\/\/www.uartes.edu.ec\/sitio\/fr\/#organization"},"potentialAction":[{"@type":"SearchAction","target":{"@type":"EntryPoint","urlTemplate":"https:\/\/www.uartes.edu.ec\/sitio\/fr\/?s={search_term_string}"},"query-input":{"@type":"PropertyValueSpecification","valueRequired":true,"valueName":"search_term_string"}}],"inLanguage":"fr-FR"},{"@type":"Organization","@id":"https:\/\/www.uartes.edu.ec\/sitio\/fr\/#organization","name":"Universidad de las Artes","url":"https:\/\/www.uartes.edu.ec\/sitio\/fr\/","logo":{"@type":"ImageObject","inLanguage":"fr-FR","@id":"https:\/\/www.uartes.edu.ec\/sitio\/fr\/#\/schema\/logo\/image\/","url":"https:\/\/www.uartes.edu.ec\/sitio\/wp-content\/uploads\/2022\/07\/logo-ua-horizontal.png","contentUrl":"https:\/\/www.uartes.edu.ec\/sitio\/wp-content\/uploads\/2022\/07\/logo-ua-horizontal.png","width":800,"height":276,"caption":"Universidad de las Artes"},"image":{"@id":"https:\/\/www.uartes.edu.ec\/sitio\/fr\/#\/schema\/logo\/image\/"},"sameAs":["https:\/\/www.facebook.com\/uartesec","https:\/\/x.com\/uartesec","https:\/\/www.tiktok.com\/@uartesec"]},{"@type":"Person","@id":"https:\/\/www.uartes.edu.ec\/sitio\/fr\/#\/schema\/person\/f33f8c1d2af0d5c80a38c8abf458184a","name":"Universidad de las Artes","image":{"@type":"ImageObject","inLanguage":"fr-FR","@id":"https:\/\/secure.gravatar.com\/avatar\/52e4757902f5cfa5ac52d020e5be83cae5487519154b6c35482fe08d589f3c13?s=96&d=mm&r=g","url":"https:\/\/secure.gravatar.com\/avatar\/52e4757902f5cfa5ac52d020e5be83cae5487519154b6c35482fe08d589f3c13?s=96&d=mm&r=g","contentUrl":"https:\/\/secure.gravatar.com\/avatar\/52e4757902f5cfa5ac52d020e5be83cae5487519154b6c35482fe08d589f3c13?s=96&d=mm&r=g","caption":"Universidad de las Artes"},"url":"https:\/\/www.uartes.edu.ec\/sitio\/fr\/blog\/author\/dircomadm\/"}]}},"uagb_featured_image_src":{"full":["https:\/\/www.uartes.edu.ec\/sitio\/wp-content\/uploads\/2019\/08\/jorge-sepuleda-para-web.jpg",1500,999,false],"thumbnail":["https:\/\/www.uartes.edu.ec\/sitio\/wp-content\/uploads\/2019\/08\/jorge-sepuleda-para-web-150x150.jpg",150,150,true],"medium":["https:\/\/www.uartes.edu.ec\/sitio\/wp-content\/uploads\/2019\/08\/jorge-sepuleda-para-web-250x167.jpg",250,167,true],"medium_large":["https:\/\/www.uartes.edu.ec\/sitio\/wp-content\/uploads\/2019\/08\/jorge-sepuleda-para-web-768x511.jpg",768,511,true],"large":["https:\/\/www.uartes.edu.ec\/sitio\/wp-content\/uploads\/2019\/08\/jorge-sepuleda-para-web-700x466.jpg",644,429,true],"1536x1536":["https:\/\/www.uartes.edu.ec\/sitio\/wp-content\/uploads\/2019\/08\/jorge-sepuleda-para-web.jpg",1500,999,false],"2048x2048":["https:\/\/www.uartes.edu.ec\/sitio\/wp-content\/uploads\/2019\/08\/jorge-sepuleda-para-web.jpg",1500,999,false],"trp-custom-language-flag":["https:\/\/www.uartes.edu.ec\/sitio\/wp-content\/uploads\/2019\/08\/jorge-sepuleda-para-web.jpg",18,12,false],"htmega_size_585x295":["https:\/\/www.uartes.edu.ec\/sitio\/wp-content\/uploads\/2019\/08\/jorge-sepuleda-para-web.jpg",443,295,false],"htmega_size_1170x536":["https:\/\/www.uartes.edu.ec\/sitio\/wp-content\/uploads\/2019\/08\/jorge-sepuleda-para-web.jpg",805,536,false],"htmega_size_396x360":["https:\/\/www.uartes.edu.ec\/sitio\/wp-content\/uploads\/2019\/08\/jorge-sepuleda-para-web.jpg",396,264,false],"gb-block-post-grid-landscape":["https:\/\/www.uartes.edu.ec\/sitio\/wp-content\/uploads\/2019\/08\/jorge-sepuleda-para-web.jpg",600,400,false],"gb-block-post-grid-square":["https:\/\/www.uartes.edu.ec\/sitio\/wp-content\/uploads\/2019\/08\/jorge-sepuleda-para-web.jpg",600,400,false],"university-hub-thumb":["https:\/\/www.uartes.edu.ec\/sitio\/wp-content\/uploads\/2019\/08\/jorge-sepuleda-para-web.jpg",400,266,false]},"uagb_author_info":{"display_name":"Universidad de las Artes","author_link":"https:\/\/www.uartes.edu.ec\/sitio\/fr\/blog\/author\/dircomadm\/"},"uagb_comment_info":0,"uagb_excerpt":"El curador Jorge Sep\u00falveda y la investigadora en artes Guillermina Bustos participar\u00e1n desde hoy hasta el jueves en la charla y el seminario que, organizados por la UArtes, tienen lugar\u00a0\u00a0 en el MAAC. En el marco de los acuerdos de cooperaci\u00f3n interinstitucional entre el Museo Antropol\u00f3gico y de Arte Contempor\u00e1neo y la Universidad de las\u2026","featured_image_src":"https:\/\/www.uartes.edu.ec\/sitio\/wp-content\/uploads\/2019\/08\/jorge-sepuleda-para-web.jpg","featured_image_src_square":"https:\/\/www.uartes.edu.ec\/sitio\/wp-content\/uploads\/2019\/08\/jorge-sepuleda-para-web.jpg","author_info":{"display_name":"Universidad de las Artes","author_link":"https:\/\/www.uartes.edu.ec\/sitio\/fr\/blog\/author\/dircomadm\/"},"publishpress_future_workflow_manual_trigger":{"enabledWorkflows":[]},"distributor_meta":false,"distributor_terms":false,"distributor_media":false,"distributor_original_site_name":"Universidad de las Artes","distributor_original_site_url":"https:\/\/www.uartes.edu.ec\/sitio\/fr","push-errors":false,"_links":{"self":[{"href":"https:\/\/www.uartes.edu.ec\/sitio\/fr\/wp-json\/wp\/v2\/posts\/4252","targetHints":{"allow":["GET"]}}],"collection":[{"href":"https:\/\/www.uartes.edu.ec\/sitio\/fr\/wp-json\/wp\/v2\/posts"}],"about":[{"href":"https:\/\/www.uartes.edu.ec\/sitio\/fr\/wp-json\/wp\/v2\/types\/post"}],"author":[{"embeddable":true,"href":"https:\/\/www.uartes.edu.ec\/sitio\/fr\/wp-json\/wp\/v2\/users\/1"}],"replies":[{"embeddable":true,"href":"https:\/\/www.uartes.edu.ec\/sitio\/fr\/wp-json\/wp\/v2\/comments?post=4252"}],"version-history":[{"count":1,"href":"https:\/\/www.uartes.edu.ec\/sitio\/fr\/wp-json\/wp\/v2\/posts\/4252\/revisions"}],"predecessor-version":[{"id":4253,"href":"https:\/\/www.uartes.edu.ec\/sitio\/fr\/wp-json\/wp\/v2\/posts\/4252\/revisions\/4253"}],"wp:featuredmedia":[{"embeddable":true,"href":"https:\/\/www.uartes.edu.ec\/sitio\/fr\/wp-json\/wp\/v2\/media\/4250"}],"wp:attachment":[{"href":"https:\/\/www.uartes.edu.ec\/sitio\/fr\/wp-json\/wp\/v2\/media?parent=4252"}],"wp:term":[{"taxonomy":"category","embeddable":true,"href":"https:\/\/www.uartes.edu.ec\/sitio\/fr\/wp-json\/wp\/v2\/categories?post=4252"},{"taxonomy":"post_tag","embeddable":true,"href":"https:\/\/www.uartes.edu.ec\/sitio\/fr\/wp-json\/wp\/v2\/tags?post=4252"},{"taxonomy":"infouartes","embeddable":true,"href":"https:\/\/www.uartes.edu.ec\/sitio\/fr\/wp-json\/wp\/v2\/infouartes?post=4252"}],"curies":[{"name":"wp","href":"https:\/\/api.w.org\/{rel}","templated":true}]}}