{"id":42854,"date":"2023-06-07T14:15:46","date_gmt":"2023-06-07T19:15:46","guid":{"rendered":"https:\/\/www.uartes.edu.ec\/sitio\/?p=42854"},"modified":"2024-07-04T11:21:07","modified_gmt":"2024-07-04T16:21:07","slug":"el-encuentro-de-ninas-y-ninos-con-la-uartes-llega-a-su-iv-edicion-actividades-el-8-y-9-de-junio-en-la-sala-ria","status":"publish","type":"post","link":"https:\/\/www.uartes.edu.ec\/sitio\/fr\/blog\/2023\/06\/07\/el-encuentro-de-ninas-y-ninos-con-la-uartes-llega-a-su-iv-edicion-actividades-el-8-y-9-de-junio-en-la-sala-ria\/","title":{"rendered":"Encuentro de ni\u00f1as y ni\u00f1os con la UArtes llega a su cuarta edici\u00f3n; actividades el 8 y 9 de junio en R\u00eda"},"content":{"rendered":"<p>Un recorrido guiado por la Biblioteca de las Artes es la actividad que inaugura este jueves 8 de junio el IV Encuentro de Ni\u00f1as y Ni\u00f1os con la Universidad de las Artes, organizado por la Sala R\u00eda, con apoyo de la Direcci\u00f3n de Vinculaci\u00f3n con la Comunidad y el MZ14 Centro de Producci\u00f3n e Innovaci\u00f3n de la UArtes.<\/p>\n\n\n\n<p>Luego del recorrido inaugural se invitar\u00e1 al p\u00fablico a las estaciones de creaci\u00f3n que, con sus propuestas de variada tem\u00e1tica, estar\u00e1n en la Sala R\u00eda (de 10:00 a 11:00), lo cual dar\u00e1 seguidamente paso a la proyecci\u00f3n de cortos creados por ni\u00f1as y ni\u00f1os en los diferentes proyectos que lleva adelante Vinculaci\u00f3n con la Comunidad de la UArtes con organizaciones sociales.<\/p>\n\n\n\n<p>De 14:00 a 16:00 est\u00e1 programado un \u201cPaste Up por los derechos culturales de las ni\u00f1as, los ni\u00f1os y adolescentes\u201d y, de 16:00 a 17:00, en el cierre de la primera de las dos jornadas del encuentro: \u201cCuento Concierto Improvisado\u201d, con el ensamble l\u00fadico experimental.<\/p>\n\n\n\n<p>Las actividades del segundo d\u00eda de la cita, este 9 de junio, continuar\u00e1n con UAPK For Fun English Learning, de 09:00 a 10:00. El docente Fernando Intriago, director del CEAT (Centro de Escritura Acad\u00e9mica y Traducci\u00f3n) y quien est\u00e1 al frente de este proyecto de vinculaci\u00f3n con la comunidad, indica que los estudiantes que lo integran estar\u00e1n participando con algunas estaciones de trabajo pedag\u00f3gico a trav\u00e9s de las artes del encuentro y que sus alumnos de la clase English Intro intervendr\u00e1n con actividades para el fomento de la interculturalidad, la educaci\u00f3n cultural y art\u00edstica, as\u00ed como la pr\u00e1ctica del ingl\u00e9s en ni\u00f1os y ni\u00f1as.<\/p>\n\n\n\n<p>\u201cTanto UAPK como CEAT for kids apuestan por estos encuentros para brindar una educaci\u00f3n de calidad en artes, permitiendo mejorar destrezas acad\u00e9micas y promulgando la pr\u00e1ctica preprofesional de nuestros estudiantes artistas\u201d, expres\u00f3 Intriago.<\/p>\n\n\n\n<p>A UAPK For Fun English Learning le seguir\u00e1, de 10:00 a 12:00, el taller \u201cInstrucciones para leer el mundo\u201d y simult\u00e1neamente la actividad: \u201cComun\u00f3polis, presentaci\u00f3n de juego mesa\u201d. Las jornadas del encuentro concluir\u00e1n con el Concierto Did\u00e1ctico de la Orquesta Sinf\u00f3nica de Guayaquil, programado de 15:30 a 16:30.<\/p>","protected":false},"excerpt":{"rendered":"<p>El IV Encuentro de Ni\u00f1as y Ni\u00f1os con la Universidad de las Artes se desarrollar\u00e1 los d\u00edas 8 y 9 de junio en la Sala R\u00eda. All\u00ed, tras un recorrido por la Biblioteca como acto inaugural, habr\u00e1 en su primera jornada estaciones de creaci\u00f3n, proyecci\u00f3n de cortos creados por ni\u00f1os en los diferentes proyectos de Vinculaci\u00f3n con la Comunidad, paste up por derechos culturales de ni\u00f1os y adolescentes y cuento concierto improvisado.<\/p>","protected":false},"author":10,"featured_media":42855,"comment_status":"open","ping_status":"open","sticky":false,"template":"","format":"standard","meta":{"_acf_changed":false,"_uag_custom_page_level_css":"","_monsterinsights_skip_tracking":false,"_monsterinsights_sitenote_active":false,"_monsterinsights_sitenote_note":"","_monsterinsights_sitenote_category":0,"cybocfi_hide_featured_image":"","footnotes":""},"categories":[159,150,157,147,75,76,77,175,79],"tags":[521],"infouartes":[],"class_list":["post-42854","post","type-post","status-publish","format-standard","has-post-thumbnail","hentry","category-artes-escenicas","category-artes-sonoras","category-artes-visuales","category-cine","category-docentes","category-estudiantes","category-gestion","category-literatura","category-vinculo","tag-encuentro"],"acf":[],"yoast_head":"<!-- This site is optimized with the Yoast SEO plugin v27.4 - https:\/\/yoast.com\/product\/yoast-seo-wordpress\/ -->\n<title>Universidad de las Artes - Encuentro de ni\u00f1as y ni\u00f1os con la UArtes llega a su cuarta edici\u00f3n; actividades el 8 y 9 de junio en R\u00eda<\/title>\n<meta name=\"description\" content=\"Universidad de las Artes - Encuentro de ni\u00f1as y ni\u00f1os con la UArtes llega a su cuarta edici\u00f3n; actividades el 8 y 9 de junio en R\u00eda\" \/>\n<meta name=\"robots\" content=\"index, follow, max-snippet:-1, max-image-preview:large, max-video-preview:-1\" \/>\n<link rel=\"canonical\" href=\"https:\/\/www.uartes.edu.ec\/sitio\/fr\/blog\/2023\/06\/07\/el-encuentro-de-ninas-y-ninos-con-la-uartes-llega-a-su-iv-edicion-actividades-el-8-y-9-de-junio-en-la-sala-ria\/\" \/>\n<meta property=\"og:locale\" content=\"fr_FR\" \/>\n<meta property=\"og:type\" content=\"article\" \/>\n<meta property=\"og:title\" content=\"Universidad de las Artes - Encuentro de ni\u00f1as y ni\u00f1os con la UArtes llega a su cuarta edici\u00f3n; actividades el 8 y 9 de junio en R\u00eda\" \/>\n<meta property=\"og:description\" content=\"Universidad de las Artes - Encuentro de ni\u00f1as y ni\u00f1os con la UArtes llega a su cuarta edici\u00f3n; actividades el 8 y 9 de junio en R\u00eda\" \/>\n<meta property=\"og:url\" content=\"https:\/\/www.uartes.edu.ec\/sitio\/fr\/blog\/2023\/06\/07\/el-encuentro-de-ninas-y-ninos-con-la-uartes-llega-a-su-iv-edicion-actividades-el-8-y-9-de-junio-en-la-sala-ria\/\" \/>\n<meta property=\"og:site_name\" content=\"Universidad de las Artes\" \/>\n<meta property=\"article:publisher\" content=\"https:\/\/www.facebook.com\/uartesec\" \/>\n<meta property=\"article:published_time\" content=\"2023-06-07T19:15:46+00:00\" \/>\n<meta property=\"article:modified_time\" content=\"2024-07-04T16:21:07+00:00\" \/>\n<meta property=\"og:image\" content=\"https:\/\/www.uartes.edu.ec\/sitio\/wp-content\/uploads\/2023\/06\/Formato-2000-x-1333-ninas-y-ninos-2023.png\" \/>\n\t<meta property=\"og:image:width\" content=\"2000\" \/>\n\t<meta property=\"og:image:height\" content=\"1333\" \/>\n\t<meta property=\"og:image:type\" content=\"image\/png\" \/>\n<meta name=\"author\" content=\"ccortez\" \/>\n<meta name=\"twitter:card\" content=\"summary_large_image\" \/>\n<meta name=\"twitter:creator\" content=\"@uartesec\" \/>\n<meta name=\"twitter:site\" content=\"@uartesec\" \/>\n<meta name=\"twitter:label1\" content=\"\u00c9crit par\" \/>\n\t<meta name=\"twitter:data1\" content=\"ccortez\" \/>\n\t<meta name=\"twitter:label2\" content=\"Dur\u00e9e de lecture estim\u00e9e\" \/>\n\t<meta name=\"twitter:data2\" content=\"2 minutes\" \/>\n<script type=\"application\/ld+json\" class=\"yoast-schema-graph\">{\"@context\":\"https:\\\/\\\/schema.org\",\"@graph\":[{\"@type\":\"Article\",\"@id\":\"https:\\\/\\\/www.uartes.edu.ec\\\/sitio\\\/fr\\\/blog\\\/2023\\\/06\\\/07\\\/el-encuentro-de-ninas-y-ninos-con-la-uartes-llega-a-su-iv-edicion-actividades-el-8-y-9-de-junio-en-la-sala-ria\\\/#article\",\"isPartOf\":{\"@id\":\"https:\\\/\\\/www.uartes.edu.ec\\\/sitio\\\/fr\\\/blog\\\/2023\\\/06\\\/07\\\/el-encuentro-de-ninas-y-ninos-con-la-uartes-llega-a-su-iv-edicion-actividades-el-8-y-9-de-junio-en-la-sala-ria\\\/\"},\"author\":{\"name\":\"ccortez\",\"@id\":\"https:\\\/\\\/www.uartes.edu.ec\\\/sitio\\\/fr\\\/#\\\/schema\\\/person\\\/efa1b8275797664fd7f13a79ccc0b1f4\"},\"headline\":\"Encuentro de ni\u00f1as y ni\u00f1os con la UArtes llega a su cuarta edici\u00f3n; actividades el 8 y 9 de junio en R\u00eda\",\"datePublished\":\"2023-06-07T19:15:46+00:00\",\"dateModified\":\"2024-07-04T16:21:07+00:00\",\"mainEntityOfPage\":{\"@id\":\"https:\\\/\\\/www.uartes.edu.ec\\\/sitio\\\/fr\\\/blog\\\/2023\\\/06\\\/07\\\/el-encuentro-de-ninas-y-ninos-con-la-uartes-llega-a-su-iv-edicion-actividades-el-8-y-9-de-junio-en-la-sala-ria\\\/\"},\"wordCount\":402,\"commentCount\":0,\"publisher\":{\"@id\":\"https:\\\/\\\/www.uartes.edu.ec\\\/sitio\\\/fr\\\/#organization\"},\"image\":{\"@id\":\"https:\\\/\\\/www.uartes.edu.ec\\\/sitio\\\/fr\\\/blog\\\/2023\\\/06\\\/07\\\/el-encuentro-de-ninas-y-ninos-con-la-uartes-llega-a-su-iv-edicion-actividades-el-8-y-9-de-junio-en-la-sala-ria\\\/#primaryimage\"},\"thumbnailUrl\":\"https:\\\/\\\/www.uartes.edu.ec\\\/sitio\\\/wp-content\\\/uploads\\\/2023\\\/06\\\/Formato-2000-x-1333-ninas-y-ninos-2023.png\",\"keywords\":[\"encuentro\"],\"articleSection\":[\"Artes Esc\u00e9nicas\",\"Artes Sonoras\",\"Artes Visuales\",\"Cine\",\"Docentes\",\"Estudiantes\",\"Gesti\u00f3n\",\"Literatura\",\"V\u00ednculo\"],\"inLanguage\":\"fr-FR\",\"potentialAction\":[{\"@type\":\"CommentAction\",\"name\":\"Comment\",\"target\":[\"https:\\\/\\\/www.uartes.edu.ec\\\/sitio\\\/fr\\\/blog\\\/2023\\\/06\\\/07\\\/el-encuentro-de-ninas-y-ninos-con-la-uartes-llega-a-su-iv-edicion-actividades-el-8-y-9-de-junio-en-la-sala-ria\\\/#respond\"]}]},{\"@type\":[\"WebPage\",\"ItemPage\"],\"@id\":\"https:\\\/\\\/www.uartes.edu.ec\\\/sitio\\\/fr\\\/blog\\\/2023\\\/06\\\/07\\\/el-encuentro-de-ninas-y-ninos-con-la-uartes-llega-a-su-iv-edicion-actividades-el-8-y-9-de-junio-en-la-sala-ria\\\/\",\"url\":\"https:\\\/\\\/www.uartes.edu.ec\\\/sitio\\\/fr\\\/blog\\\/2023\\\/06\\\/07\\\/el-encuentro-de-ninas-y-ninos-con-la-uartes-llega-a-su-iv-edicion-actividades-el-8-y-9-de-junio-en-la-sala-ria\\\/\",\"name\":\"Universidad de las Artes - Encuentro de ni\u00f1as y ni\u00f1os con la UArtes llega a su cuarta edici\u00f3n; actividades el 8 y 9 de junio en R\u00eda\",\"isPartOf\":{\"@id\":\"https:\\\/\\\/www.uartes.edu.ec\\\/sitio\\\/fr\\\/#website\"},\"primaryImageOfPage\":{\"@id\":\"https:\\\/\\\/www.uartes.edu.ec\\\/sitio\\\/fr\\\/blog\\\/2023\\\/06\\\/07\\\/el-encuentro-de-ninas-y-ninos-con-la-uartes-llega-a-su-iv-edicion-actividades-el-8-y-9-de-junio-en-la-sala-ria\\\/#primaryimage\"},\"image\":{\"@id\":\"https:\\\/\\\/www.uartes.edu.ec\\\/sitio\\\/fr\\\/blog\\\/2023\\\/06\\\/07\\\/el-encuentro-de-ninas-y-ninos-con-la-uartes-llega-a-su-iv-edicion-actividades-el-8-y-9-de-junio-en-la-sala-ria\\\/#primaryimage\"},\"thumbnailUrl\":\"https:\\\/\\\/www.uartes.edu.ec\\\/sitio\\\/wp-content\\\/uploads\\\/2023\\\/06\\\/Formato-2000-x-1333-ninas-y-ninos-2023.png\",\"datePublished\":\"2023-06-07T19:15:46+00:00\",\"dateModified\":\"2024-07-04T16:21:07+00:00\",\"description\":\"Universidad de las Artes - Encuentro de ni\u00f1as y ni\u00f1os con la UArtes llega a su cuarta edici\u00f3n; actividades el 8 y 9 de junio en R\u00eda\",\"breadcrumb\":{\"@id\":\"https:\\\/\\\/www.uartes.edu.ec\\\/sitio\\\/fr\\\/blog\\\/2023\\\/06\\\/07\\\/el-encuentro-de-ninas-y-ninos-con-la-uartes-llega-a-su-iv-edicion-actividades-el-8-y-9-de-junio-en-la-sala-ria\\\/#breadcrumb\"},\"inLanguage\":\"fr-FR\",\"potentialAction\":[{\"@type\":\"ReadAction\",\"target\":[\"https:\\\/\\\/www.uartes.edu.ec\\\/sitio\\\/fr\\\/blog\\\/2023\\\/06\\\/07\\\/el-encuentro-de-ninas-y-ninos-con-la-uartes-llega-a-su-iv-edicion-actividades-el-8-y-9-de-junio-en-la-sala-ria\\\/\"]}]},{\"@type\":\"ImageObject\",\"inLanguage\":\"fr-FR\",\"@id\":\"https:\\\/\\\/www.uartes.edu.ec\\\/sitio\\\/fr\\\/blog\\\/2023\\\/06\\\/07\\\/el-encuentro-de-ninas-y-ninos-con-la-uartes-llega-a-su-iv-edicion-actividades-el-8-y-9-de-junio-en-la-sala-ria\\\/#primaryimage\",\"url\":\"https:\\\/\\\/www.uartes.edu.ec\\\/sitio\\\/wp-content\\\/uploads\\\/2023\\\/06\\\/Formato-2000-x-1333-ninas-y-ninos-2023.png\",\"contentUrl\":\"https:\\\/\\\/www.uartes.edu.ec\\\/sitio\\\/wp-content\\\/uploads\\\/2023\\\/06\\\/Formato-2000-x-1333-ninas-y-ninos-2023.png\",\"width\":2000,\"height\":1333},{\"@type\":\"BreadcrumbList\",\"@id\":\"https:\\\/\\\/www.uartes.edu.ec\\\/sitio\\\/fr\\\/blog\\\/2023\\\/06\\\/07\\\/el-encuentro-de-ninas-y-ninos-con-la-uartes-llega-a-su-iv-edicion-actividades-el-8-y-9-de-junio-en-la-sala-ria\\\/#breadcrumb\",\"itemListElement\":[{\"@type\":\"ListItem\",\"position\":1,\"name\":\"Inicio\",\"item\":\"https:\\\/\\\/www.uartes.edu.ec\\\/sitio\\\/\"},{\"@type\":\"ListItem\",\"position\":2,\"name\":\"Encuentro de ni\u00f1as y ni\u00f1os con la UArtes llega a su cuarta edici\u00f3n; actividades el 8 y 9 de junio en R\u00eda\"}]},{\"@type\":\"WebSite\",\"@id\":\"https:\\\/\\\/www.uartes.edu.ec\\\/sitio\\\/fr\\\/#website\",\"url\":\"https:\\\/\\\/www.uartes.edu.ec\\\/sitio\\\/fr\\\/\",\"name\":\"Universidad de las Artes\",\"description\":\"Sitio oficial de la Universidad Nacional de las Artes del Ecuador\",\"publisher\":{\"@id\":\"https:\\\/\\\/www.uartes.edu.ec\\\/sitio\\\/fr\\\/#organization\"},\"potentialAction\":[{\"@type\":\"SearchAction\",\"target\":{\"@type\":\"EntryPoint\",\"urlTemplate\":\"https:\\\/\\\/www.uartes.edu.ec\\\/sitio\\\/fr\\\/?s={search_term_string}\"},\"query-input\":{\"@type\":\"PropertyValueSpecification\",\"valueRequired\":true,\"valueName\":\"search_term_string\"}}],\"inLanguage\":\"fr-FR\"},{\"@type\":\"Organization\",\"@id\":\"https:\\\/\\\/www.uartes.edu.ec\\\/sitio\\\/fr\\\/#organization\",\"name\":\"Universidad de las Artes\",\"url\":\"https:\\\/\\\/www.uartes.edu.ec\\\/sitio\\\/fr\\\/\",\"logo\":{\"@type\":\"ImageObject\",\"inLanguage\":\"fr-FR\",\"@id\":\"https:\\\/\\\/www.uartes.edu.ec\\\/sitio\\\/fr\\\/#\\\/schema\\\/logo\\\/image\\\/\",\"url\":\"https:\\\/\\\/www.uartes.edu.ec\\\/sitio\\\/wp-content\\\/uploads\\\/2022\\\/07\\\/logo-ua-horizontal.png\",\"contentUrl\":\"https:\\\/\\\/www.uartes.edu.ec\\\/sitio\\\/wp-content\\\/uploads\\\/2022\\\/07\\\/logo-ua-horizontal.png\",\"width\":800,\"height\":276,\"caption\":\"Universidad de las Artes\"},\"image\":{\"@id\":\"https:\\\/\\\/www.uartes.edu.ec\\\/sitio\\\/fr\\\/#\\\/schema\\\/logo\\\/image\\\/\"},\"sameAs\":[\"https:\\\/\\\/www.facebook.com\\\/uartesec\",\"https:\\\/\\\/x.com\\\/uartesec\",\"https:\\\/\\\/www.tiktok.com\\\/@uartesec\"]},{\"@type\":\"Person\",\"@id\":\"https:\\\/\\\/www.uartes.edu.ec\\\/sitio\\\/fr\\\/#\\\/schema\\\/person\\\/efa1b8275797664fd7f13a79ccc0b1f4\",\"name\":\"ccortez\",\"image\":{\"@type\":\"ImageObject\",\"inLanguage\":\"fr-FR\",\"@id\":\"https:\\\/\\\/secure.gravatar.com\\\/avatar\\\/b2a6f664a3ae8e074346ef91775736c5ec479e637ecced6842de9dc98b5da9cd?s=96&d=mm&r=g\",\"url\":\"https:\\\/\\\/secure.gravatar.com\\\/avatar\\\/b2a6f664a3ae8e074346ef91775736c5ec479e637ecced6842de9dc98b5da9cd?s=96&d=mm&r=g\",\"contentUrl\":\"https:\\\/\\\/secure.gravatar.com\\\/avatar\\\/b2a6f664a3ae8e074346ef91775736c5ec479e637ecced6842de9dc98b5da9cd?s=96&d=mm&r=g\",\"caption\":\"ccortez\"},\"url\":\"https:\\\/\\\/www.uartes.edu.ec\\\/sitio\\\/fr\\\/blog\\\/author\\\/ccortez\\\/\"}]}<\/script>\n<!-- \/ Yoast SEO plugin. -->","yoast_head_json":{"title":"Universidad de las Artes - Encuentro de ni\u00f1as y ni\u00f1os con la UArtes llega a su cuarta edici\u00f3n; actividades el 8 y 9 de junio en R\u00eda","description":"Universidad de las Artes - Encuentro de ni\u00f1as y ni\u00f1os con la UArtes llega a su cuarta edici\u00f3n; actividades el 8 y 9 de junio en R\u00eda","robots":{"index":"index","follow":"follow","max-snippet":"max-snippet:-1","max-image-preview":"max-image-preview:large","max-video-preview":"max-video-preview:-1"},"canonical":"https:\/\/www.uartes.edu.ec\/sitio\/fr\/blog\/2023\/06\/07\/el-encuentro-de-ninas-y-ninos-con-la-uartes-llega-a-su-iv-edicion-actividades-el-8-y-9-de-junio-en-la-sala-ria\/","og_locale":"fr_FR","og_type":"article","og_title":"Universidad de las Artes - Encuentro de ni\u00f1as y ni\u00f1os con la UArtes llega a su cuarta edici\u00f3n; actividades el 8 y 9 de junio en R\u00eda","og_description":"Universidad de las Artes - Encuentro de ni\u00f1as y ni\u00f1os con la UArtes llega a su cuarta edici\u00f3n; actividades el 8 y 9 de junio en R\u00eda","og_url":"https:\/\/www.uartes.edu.ec\/sitio\/fr\/blog\/2023\/06\/07\/el-encuentro-de-ninas-y-ninos-con-la-uartes-llega-a-su-iv-edicion-actividades-el-8-y-9-de-junio-en-la-sala-ria\/","og_site_name":"Universidad de las Artes","article_publisher":"https:\/\/www.facebook.com\/uartesec","article_published_time":"2023-06-07T19:15:46+00:00","article_modified_time":"2024-07-04T16:21:07+00:00","og_image":[{"width":2000,"height":1333,"url":"https:\/\/www.uartes.edu.ec\/sitio\/wp-content\/uploads\/2023\/06\/Formato-2000-x-1333-ninas-y-ninos-2023.png","type":"image\/png"}],"author":"ccortez","twitter_card":"summary_large_image","twitter_creator":"@uartesec","twitter_site":"@uartesec","twitter_misc":{"\u00c9crit par":"ccortez","Dur\u00e9e de lecture estim\u00e9e":"2 minutes"},"schema":{"@context":"https:\/\/schema.org","@graph":[{"@type":"Article","@id":"https:\/\/www.uartes.edu.ec\/sitio\/fr\/blog\/2023\/06\/07\/el-encuentro-de-ninas-y-ninos-con-la-uartes-llega-a-su-iv-edicion-actividades-el-8-y-9-de-junio-en-la-sala-ria\/#article","isPartOf":{"@id":"https:\/\/www.uartes.edu.ec\/sitio\/fr\/blog\/2023\/06\/07\/el-encuentro-de-ninas-y-ninos-con-la-uartes-llega-a-su-iv-edicion-actividades-el-8-y-9-de-junio-en-la-sala-ria\/"},"author":{"name":"ccortez","@id":"https:\/\/www.uartes.edu.ec\/sitio\/fr\/#\/schema\/person\/efa1b8275797664fd7f13a79ccc0b1f4"},"headline":"Encuentro de ni\u00f1as y ni\u00f1os con la UArtes llega a su cuarta edici\u00f3n; actividades el 8 y 9 de junio en R\u00eda","datePublished":"2023-06-07T19:15:46+00:00","dateModified":"2024-07-04T16:21:07+00:00","mainEntityOfPage":{"@id":"https:\/\/www.uartes.edu.ec\/sitio\/fr\/blog\/2023\/06\/07\/el-encuentro-de-ninas-y-ninos-con-la-uartes-llega-a-su-iv-edicion-actividades-el-8-y-9-de-junio-en-la-sala-ria\/"},"wordCount":402,"commentCount":0,"publisher":{"@id":"https:\/\/www.uartes.edu.ec\/sitio\/fr\/#organization"},"image":{"@id":"https:\/\/www.uartes.edu.ec\/sitio\/fr\/blog\/2023\/06\/07\/el-encuentro-de-ninas-y-ninos-con-la-uartes-llega-a-su-iv-edicion-actividades-el-8-y-9-de-junio-en-la-sala-ria\/#primaryimage"},"thumbnailUrl":"https:\/\/www.uartes.edu.ec\/sitio\/wp-content\/uploads\/2023\/06\/Formato-2000-x-1333-ninas-y-ninos-2023.png","keywords":["encuentro"],"articleSection":["Artes Esc\u00e9nicas","Artes Sonoras","Artes Visuales","Cine","Docentes","Estudiantes","Gesti\u00f3n","Literatura","V\u00ednculo"],"inLanguage":"fr-FR","potentialAction":[{"@type":"CommentAction","name":"Comment","target":["https:\/\/www.uartes.edu.ec\/sitio\/fr\/blog\/2023\/06\/07\/el-encuentro-de-ninas-y-ninos-con-la-uartes-llega-a-su-iv-edicion-actividades-el-8-y-9-de-junio-en-la-sala-ria\/#respond"]}]},{"@type":["WebPage","ItemPage"],"@id":"https:\/\/www.uartes.edu.ec\/sitio\/fr\/blog\/2023\/06\/07\/el-encuentro-de-ninas-y-ninos-con-la-uartes-llega-a-su-iv-edicion-actividades-el-8-y-9-de-junio-en-la-sala-ria\/","url":"https:\/\/www.uartes.edu.ec\/sitio\/fr\/blog\/2023\/06\/07\/el-encuentro-de-ninas-y-ninos-con-la-uartes-llega-a-su-iv-edicion-actividades-el-8-y-9-de-junio-en-la-sala-ria\/","name":"Universidad de las Artes - Encuentro de ni\u00f1as y ni\u00f1os con la UArtes llega a su cuarta edici\u00f3n; actividades el 8 y 9 de junio en R\u00eda","isPartOf":{"@id":"https:\/\/www.uartes.edu.ec\/sitio\/fr\/#website"},"primaryImageOfPage":{"@id":"https:\/\/www.uartes.edu.ec\/sitio\/fr\/blog\/2023\/06\/07\/el-encuentro-de-ninas-y-ninos-con-la-uartes-llega-a-su-iv-edicion-actividades-el-8-y-9-de-junio-en-la-sala-ria\/#primaryimage"},"image":{"@id":"https:\/\/www.uartes.edu.ec\/sitio\/fr\/blog\/2023\/06\/07\/el-encuentro-de-ninas-y-ninos-con-la-uartes-llega-a-su-iv-edicion-actividades-el-8-y-9-de-junio-en-la-sala-ria\/#primaryimage"},"thumbnailUrl":"https:\/\/www.uartes.edu.ec\/sitio\/wp-content\/uploads\/2023\/06\/Formato-2000-x-1333-ninas-y-ninos-2023.png","datePublished":"2023-06-07T19:15:46+00:00","dateModified":"2024-07-04T16:21:07+00:00","description":"Universidad de las Artes - Encuentro de ni\u00f1as y ni\u00f1os con la UArtes llega a su cuarta edici\u00f3n; actividades el 8 y 9 de junio en R\u00eda","breadcrumb":{"@id":"https:\/\/www.uartes.edu.ec\/sitio\/fr\/blog\/2023\/06\/07\/el-encuentro-de-ninas-y-ninos-con-la-uartes-llega-a-su-iv-edicion-actividades-el-8-y-9-de-junio-en-la-sala-ria\/#breadcrumb"},"inLanguage":"fr-FR","potentialAction":[{"@type":"ReadAction","target":["https:\/\/www.uartes.edu.ec\/sitio\/fr\/blog\/2023\/06\/07\/el-encuentro-de-ninas-y-ninos-con-la-uartes-llega-a-su-iv-edicion-actividades-el-8-y-9-de-junio-en-la-sala-ria\/"]}]},{"@type":"ImageObject","inLanguage":"fr-FR","@id":"https:\/\/www.uartes.edu.ec\/sitio\/fr\/blog\/2023\/06\/07\/el-encuentro-de-ninas-y-ninos-con-la-uartes-llega-a-su-iv-edicion-actividades-el-8-y-9-de-junio-en-la-sala-ria\/#primaryimage","url":"https:\/\/www.uartes.edu.ec\/sitio\/wp-content\/uploads\/2023\/06\/Formato-2000-x-1333-ninas-y-ninos-2023.png","contentUrl":"https:\/\/www.uartes.edu.ec\/sitio\/wp-content\/uploads\/2023\/06\/Formato-2000-x-1333-ninas-y-ninos-2023.png","width":2000,"height":1333},{"@type":"BreadcrumbList","@id":"https:\/\/www.uartes.edu.ec\/sitio\/fr\/blog\/2023\/06\/07\/el-encuentro-de-ninas-y-ninos-con-la-uartes-llega-a-su-iv-edicion-actividades-el-8-y-9-de-junio-en-la-sala-ria\/#breadcrumb","itemListElement":[{"@type":"ListItem","position":1,"name":"Inicio","item":"https:\/\/www.uartes.edu.ec\/sitio\/"},{"@type":"ListItem","position":2,"name":"Encuentro de ni\u00f1as y ni\u00f1os con la UArtes llega a su cuarta edici\u00f3n; actividades el 8 y 9 de junio en R\u00eda"}]},{"@type":"WebSite","@id":"https:\/\/www.uartes.edu.ec\/sitio\/fr\/#website","url":"https:\/\/www.uartes.edu.ec\/sitio\/fr\/","name":"Universidad de las Artes","description":"Sitio oficial de la Universidad Nacional de las Artes del Ecuador","publisher":{"@id":"https:\/\/www.uartes.edu.ec\/sitio\/fr\/#organization"},"potentialAction":[{"@type":"SearchAction","target":{"@type":"EntryPoint","urlTemplate":"https:\/\/www.uartes.edu.ec\/sitio\/fr\/?s={search_term_string}"},"query-input":{"@type":"PropertyValueSpecification","valueRequired":true,"valueName":"search_term_string"}}],"inLanguage":"fr-FR"},{"@type":"Organization","@id":"https:\/\/www.uartes.edu.ec\/sitio\/fr\/#organization","name":"Universidad de las Artes","url":"https:\/\/www.uartes.edu.ec\/sitio\/fr\/","logo":{"@type":"ImageObject","inLanguage":"fr-FR","@id":"https:\/\/www.uartes.edu.ec\/sitio\/fr\/#\/schema\/logo\/image\/","url":"https:\/\/www.uartes.edu.ec\/sitio\/wp-content\/uploads\/2022\/07\/logo-ua-horizontal.png","contentUrl":"https:\/\/www.uartes.edu.ec\/sitio\/wp-content\/uploads\/2022\/07\/logo-ua-horizontal.png","width":800,"height":276,"caption":"Universidad de las Artes"},"image":{"@id":"https:\/\/www.uartes.edu.ec\/sitio\/fr\/#\/schema\/logo\/image\/"},"sameAs":["https:\/\/www.facebook.com\/uartesec","https:\/\/x.com\/uartesec","https:\/\/www.tiktok.com\/@uartesec"]},{"@type":"Person","@id":"https:\/\/www.uartes.edu.ec\/sitio\/fr\/#\/schema\/person\/efa1b8275797664fd7f13a79ccc0b1f4","name":"ccortez","image":{"@type":"ImageObject","inLanguage":"fr-FR","@id":"https:\/\/secure.gravatar.com\/avatar\/b2a6f664a3ae8e074346ef91775736c5ec479e637ecced6842de9dc98b5da9cd?s=96&d=mm&r=g","url":"https:\/\/secure.gravatar.com\/avatar\/b2a6f664a3ae8e074346ef91775736c5ec479e637ecced6842de9dc98b5da9cd?s=96&d=mm&r=g","contentUrl":"https:\/\/secure.gravatar.com\/avatar\/b2a6f664a3ae8e074346ef91775736c5ec479e637ecced6842de9dc98b5da9cd?s=96&d=mm&r=g","caption":"ccortez"},"url":"https:\/\/www.uartes.edu.ec\/sitio\/fr\/blog\/author\/ccortez\/"}]}},"uagb_featured_image_src":{"full":["https:\/\/www.uartes.edu.ec\/sitio\/wp-content\/uploads\/2023\/06\/Formato-2000-x-1333-ninas-y-ninos-2023.png",2000,1333,false],"thumbnail":["https:\/\/www.uartes.edu.ec\/sitio\/wp-content\/uploads\/2023\/06\/Formato-2000-x-1333-ninas-y-ninos-2023-150x150.png",150,150,true],"medium":["https:\/\/www.uartes.edu.ec\/sitio\/wp-content\/uploads\/2023\/06\/Formato-2000-x-1333-ninas-y-ninos-2023-300x200.png",300,200,true],"medium_large":["https:\/\/www.uartes.edu.ec\/sitio\/wp-content\/uploads\/2023\/06\/Formato-2000-x-1333-ninas-y-ninos-2023-768x512.png",768,512,true],"large":["https:\/\/www.uartes.edu.ec\/sitio\/wp-content\/uploads\/2023\/06\/Formato-2000-x-1333-ninas-y-ninos-2023-644x429.png",644,429,true],"1536x1536":["https:\/\/www.uartes.edu.ec\/sitio\/wp-content\/uploads\/2023\/06\/Formato-2000-x-1333-ninas-y-ninos-2023-1536x1024.png",1536,1024,true],"2048x2048":["https:\/\/www.uartes.edu.ec\/sitio\/wp-content\/uploads\/2023\/06\/Formato-2000-x-1333-ninas-y-ninos-2023.png",2000,1333,false],"trp-custom-language-flag":["https:\/\/www.uartes.edu.ec\/sitio\/wp-content\/uploads\/2023\/06\/Formato-2000-x-1333-ninas-y-ninos-2023.png",18,12,false],"htmega_size_585x295":["https:\/\/www.uartes.edu.ec\/sitio\/wp-content\/uploads\/2023\/06\/Formato-2000-x-1333-ninas-y-ninos-2023-585x295.png",585,295,true],"htmega_size_1170x536":["https:\/\/www.uartes.edu.ec\/sitio\/wp-content\/uploads\/2023\/06\/Formato-2000-x-1333-ninas-y-ninos-2023-1170x536.png",1170,536,true],"htmega_size_396x360":["https:\/\/www.uartes.edu.ec\/sitio\/wp-content\/uploads\/2023\/06\/Formato-2000-x-1333-ninas-y-ninos-2023-396x360.png",396,360,true],"gb-block-post-grid-landscape":["https:\/\/www.uartes.edu.ec\/sitio\/wp-content\/uploads\/2023\/06\/Formato-2000-x-1333-ninas-y-ninos-2023-600x400.png",600,400,true],"gb-block-post-grid-square":["https:\/\/www.uartes.edu.ec\/sitio\/wp-content\/uploads\/2023\/06\/Formato-2000-x-1333-ninas-y-ninos-2023-600x600.png",600,600,true],"university-hub-thumb":["https:\/\/www.uartes.edu.ec\/sitio\/wp-content\/uploads\/2023\/06\/Formato-2000-x-1333-ninas-y-ninos-2023-400x267.png",400,267,true]},"uagb_author_info":{"display_name":"ccortez","author_link":"https:\/\/www.uartes.edu.ec\/sitio\/fr\/blog\/author\/ccortez\/"},"uagb_comment_info":0,"uagb_excerpt":"El IV Encuentro de Ni\u00f1as y Ni\u00f1os con la Universidad de las Artes se desarrollar\u00e1 los d\u00edas 8 y 9 de junio en la Sala R\u00eda. All\u00ed, tras un recorrido por la Biblioteca como acto inaugural, habr\u00e1 en su primera jornada estaciones de creaci\u00f3n, proyecci\u00f3n de cortos creados por ni\u00f1os en los diferentes proyectos de\u2026","featured_image_src":"https:\/\/www.uartes.edu.ec\/sitio\/wp-content\/uploads\/2023\/06\/Formato-2000-x-1333-ninas-y-ninos-2023-600x400.png","featured_image_src_square":"https:\/\/www.uartes.edu.ec\/sitio\/wp-content\/uploads\/2023\/06\/Formato-2000-x-1333-ninas-y-ninos-2023-600x600.png","author_info":{"display_name":"ccortez","author_link":"https:\/\/www.uartes.edu.ec\/sitio\/fr\/blog\/author\/ccortez\/"},"publishpress_future_workflow_manual_trigger":{"enabledWorkflows":[]},"distributor_meta":false,"distributor_terms":false,"distributor_media":false,"distributor_original_site_name":"Universidad de las Artes","distributor_original_site_url":"https:\/\/www.uartes.edu.ec\/sitio\/fr","push-errors":false,"_links":{"self":[{"href":"https:\/\/www.uartes.edu.ec\/sitio\/fr\/wp-json\/wp\/v2\/posts\/42854","targetHints":{"allow":["GET"]}}],"collection":[{"href":"https:\/\/www.uartes.edu.ec\/sitio\/fr\/wp-json\/wp\/v2\/posts"}],"about":[{"href":"https:\/\/www.uartes.edu.ec\/sitio\/fr\/wp-json\/wp\/v2\/types\/post"}],"author":[{"embeddable":true,"href":"https:\/\/www.uartes.edu.ec\/sitio\/fr\/wp-json\/wp\/v2\/users\/10"}],"replies":[{"embeddable":true,"href":"https:\/\/www.uartes.edu.ec\/sitio\/fr\/wp-json\/wp\/v2\/comments?post=42854"}],"version-history":[{"count":10,"href":"https:\/\/www.uartes.edu.ec\/sitio\/fr\/wp-json\/wp\/v2\/posts\/42854\/revisions"}],"predecessor-version":[{"id":42874,"href":"https:\/\/www.uartes.edu.ec\/sitio\/fr\/wp-json\/wp\/v2\/posts\/42854\/revisions\/42874"}],"wp:featuredmedia":[{"embeddable":true,"href":"https:\/\/www.uartes.edu.ec\/sitio\/fr\/wp-json\/wp\/v2\/media\/42855"}],"wp:attachment":[{"href":"https:\/\/www.uartes.edu.ec\/sitio\/fr\/wp-json\/wp\/v2\/media?parent=42854"}],"wp:term":[{"taxonomy":"category","embeddable":true,"href":"https:\/\/www.uartes.edu.ec\/sitio\/fr\/wp-json\/wp\/v2\/categories?post=42854"},{"taxonomy":"post_tag","embeddable":true,"href":"https:\/\/www.uartes.edu.ec\/sitio\/fr\/wp-json\/wp\/v2\/tags?post=42854"},{"taxonomy":"infouartes","embeddable":true,"href":"https:\/\/www.uartes.edu.ec\/sitio\/fr\/wp-json\/wp\/v2\/infouartes?post=42854"}],"curies":[{"name":"wp","href":"https:\/\/api.w.org\/{rel}","templated":true}]}}