{"id":43003,"date":"2023-06-07T15:32:00","date_gmt":"2023-06-07T20:32:00","guid":{"rendered":"https:\/\/www.uartes.edu.ec\/sitio\/?p=43003"},"modified":"2024-07-04T11:21:06","modified_gmt":"2024-07-04T16:21:06","slug":"en-cac-se-desarrolla-el-primer-haciendo-calle-de-quito-docente-maria-fernanda-lopez-participa-en-las-jornadas","status":"publish","type":"post","link":"https:\/\/www.uartes.edu.ec\/sitio\/fr\/blog\/2023\/06\/07\/en-cac-se-desarrolla-el-primer-haciendo-calle-de-quito-docente-maria-fernanda-lopez-participa-en-las-jornadas\/","title":{"rendered":"En el CAC se desarrolla el primer \u201cHaciendo Calle\u201d de Quito; docente Mar\u00eda Fernanda L\u00f3pez en las jornadas"},"content":{"rendered":"<p>La Universidad de las Artes est\u00e1 presente en las Jornadas de Arte Contempor\u00e1neo que, concebidas para dialogar y pensar el arte en el espacio p\u00fablico, se desarrollan en el Centro de Arte Contempor\u00e1neo Quito (CAC). La docente Mar\u00eda Fernanda L\u00f3pez, del Departamento&nbsp;Transversal&nbsp;de Teor\u00edas Cr\u00edticas y Pr\u00e1cticas Experimentales en&nbsp;Artes, interviene en la cita, que se inici\u00f3 este martes 6 de junio con el conversatorio \u201cLa ciudad contempor\u00e1nea como estrategia y metodolog\u00eda\u201d.<\/p>\n\n\n\n<p>En sus redes sociales, los organizadores se\u00f1alan las jornadas como un primer \u201cHaciendo Calle\u201d en la capital, junto a Estudio Retina Punzante, Emergencias Curatoriales, Ultra Vandal y la docente UArtes, quien en 2015 dio ese nombre al trabajo y l\u00ednea de investigaci\u00f3n de sus estudios doctorales y a la Bienal de Arte Urbano que desarroll\u00f3 despu\u00e9s.<\/p>\n\n\n\n<p>Son doce los conversatorios sobre tem\u00e1ticas de arte urbano contempor\u00e1neo local, regional e internacional que se efectuar\u00e1n, as\u00ed como cuatro talleres y una cl\u00ednica de curadur\u00eda y museograf\u00eda aplicada al arte urbano, se\u00f1al\u00f3 v\u00eda telef\u00f3nica desde la capital L\u00f3pez.<\/p>\n\n\n<div class=\"wp-block-image\">\n<figure class=\"aligncenter size-large\"><img fetchpriority=\"high\" decoding=\"async\" width=\"644\" height=\"429\" src=\"https:\/\/www.uartes.edu.ec\/sitio\/wp-content\/uploads\/2023\/06\/CARTOGRAFIAS-EN-MAFO-LOPEZ-WEB-644x429.jpg\" alt=\"\" class=\"wp-image-43004\" srcset=\"https:\/\/www.uartes.edu.ec\/sitio\/wp-content\/uploads\/2023\/06\/CARTOGRAFIAS-EN-MAFO-LOPEZ-WEB-644x429.jpg 644w, https:\/\/www.uartes.edu.ec\/sitio\/wp-content\/uploads\/2023\/06\/CARTOGRAFIAS-EN-MAFO-LOPEZ-WEB-768x511.jpg 768w, https:\/\/www.uartes.edu.ec\/sitio\/wp-content\/uploads\/2023\/06\/CARTOGRAFIAS-EN-MAFO-LOPEZ-WEB.jpg 2001w, https:\/\/www.uartes.edu.ec\/sitio\/wp-content\/uploads\/2023\/06\/CARTOGRAFIAS-EN-MAFO-LOPEZ-WEB-600x399.jpg 600w, https:\/\/www.uartes.edu.ec\/sitio\/wp-content\/uploads\/2023\/06\/CARTOGRAFIAS-EN-MAFO-LOPEZ-WEB-272x182.jpg 272w\" sizes=\"(max-width: 644px) 100vw, 644px\" \/><\/figure>\n<\/div>\n\n\n<p>Para la acad\u00e9mica, investigadora, curadora y gestora cultural que el arte urbano tenga presencia en las jornadas que se desarrollan en el CAC de Quito es un hito.<\/p>\n\n\n\n<p>Indic\u00f3 tambi\u00e9n que el pr\u00f3ximo 13 de junio se realizar\u00e1 en el 8choymedio la proyecci\u00f3n del documental \u201cCartograf\u00edas del Encierro\u201d, de la ic\u00f3nica muestra que impuls\u00f3, cur\u00f3 y realiz\u00f3 en abril del 2022 en el Museo Antropol\u00f3gico y de Arte Contempor\u00e1neo de Guayaquil (MAAC) y en la que participaron 43 artistas de Centro, Norte y Sudam\u00e9rica, de quienes, en el audiovisual, se da cuenta del trabajo que desarrollaron en plena pandemia. A la proyecci\u00f3n le seguir\u00e1 un conversatorio, en el que L\u00f3pez compartir\u00e1 criterios con las artistas C de Caro, Pame Pinto, Ana Fern\u00e1ndez y Luc\u00eda Silva.<\/p>\n\n\n\n<h3 class=\"wp-block-heading\">En M\u00e9xico, invitada al congreso Est\u00e9ticas de la Calle<\/h3>\n\n\n\n<p>Cabe anotar que la proyecci\u00f3n de \u201cCartograf\u00edas del Encierro\u201d fue una de las propuestas que L\u00f3pez, conocida art\u00edsticamente como <em>Mafo,<\/em> llev\u00f3 a las actividades acad\u00e9micas que cumpli\u00f3 en M\u00e9xico, en el marco del 9no Congreso Transdisciplinario Est\u00e9ticas de la Calle al que fue invitada por la Universidad Nacional Aut\u00f3noma de M\u00e9xico (UNAM).<\/p>\n\n\n<div class=\"wp-block-image\">\n<figure class=\"aligncenter size-large\"><img decoding=\"async\" width=\"644\" height=\"429\" src=\"https:\/\/www.uartes.edu.ec\/sitio\/wp-content\/uploads\/2023\/06\/MAFO-LOPEZ-644x429.jpg\" alt=\"\" class=\"wp-image-43005\" srcset=\"https:\/\/www.uartes.edu.ec\/sitio\/wp-content\/uploads\/2023\/06\/MAFO-LOPEZ-644x429.jpg 644w, https:\/\/www.uartes.edu.ec\/sitio\/wp-content\/uploads\/2023\/06\/MAFO-LOPEZ-768x511.jpg 768w, https:\/\/www.uartes.edu.ec\/sitio\/wp-content\/uploads\/2023\/06\/MAFO-LOPEZ.jpg 2000w, https:\/\/www.uartes.edu.ec\/sitio\/wp-content\/uploads\/2023\/06\/MAFO-LOPEZ-600x399.jpg 600w, https:\/\/www.uartes.edu.ec\/sitio\/wp-content\/uploads\/2023\/06\/MAFO-LOPEZ-272x182.jpg 272w\" sizes=\"(max-width: 644px) 100vw, 644px\" \/><\/figure>\n<\/div>\n\n\n<p>El congreso se realiz\u00f3 del 16 al 20 de mayo pasado y tuvo varias sedes, as\u00ed como diferentes abordajes. \u201cViaj\u00e9 a M\u00e9xico gracias a lo que se viene realizando en el marco de la investigaci\u00f3n del arte urbano y el graffiti\u201d, cont\u00f3 y agreg\u00f3 que en la UNAM organiz\u00f3 la cita el Instituto de Est\u00e9ticas; los conversatorios, ponencias y charlas tuvieron lugar en la Unidad de Posgrado, la Escuela Nacional de Antropolog\u00eda e Historia y la Escuela Nacional de Conservaci\u00f3n, Restauraci\u00f3n y Museograf\u00eda.<\/p>\n\n\n\n<h3 class=\"wp-block-heading\">Su participaci\u00f3n tuvo dos grandes momentos<\/h3>\n\n\n\n<p>De su participaci\u00f3n en el congreso mexicano, L\u00f3pez destac\u00f3 dos momentos. Su ponencia en la mesa \u201cImplicaci\u00f3n de dimensiones emotivo-afectivas entre los escritores de graffiti y sus entornos inmediatos\u201d, en la que comparti\u00f3 la exposici\u00f3n con Atala, la mam\u00e1 de Axel Rodr\u00edguez, el joven de 18 a\u00f1os conocido como Sic, quien fue asesinado a golpes en M\u00e9xico.<\/p>\n\n\n\n<p>El tema que propuso <em>Mafo<\/em> fue \u201cEl graffiti como espacio de resiliencia y testimonio Sic Forever, un legado de amor\u201d. Y es que, coment\u00f3 la docente, tras la muerte de Sic su madre \u201ctom\u00f3 su cuaderno y se puso en la tarea de eternizar su nombre rayando ella como Sic en las calles\u201d.<\/p>\n\n\n\n<p>Agreg\u00f3 que conoci\u00f3 a Atala en 2022 cuando estuvo en M\u00e9xico, asimismo, por actividades acad\u00e9micas, \u201cy su historia me cambi\u00f3 la percepci\u00f3n de lo que entendemos como graffiti y arte de calle. Me dediqu\u00e9 a explorar e investigar sobre la dimensi\u00f3n afectiva de esta pr\u00e1ctica\u201d.<\/p>\n\n\n<div class=\"wp-block-image\">\n<figure class=\"aligncenter size-large\"><img decoding=\"async\" width=\"644\" height=\"429\" src=\"https:\/\/www.uartes.edu.ec\/sitio\/wp-content\/uploads\/2023\/06\/MAFO-2-1-644x429.jpg\" alt=\"\" class=\"wp-image-43006\" srcset=\"https:\/\/www.uartes.edu.ec\/sitio\/wp-content\/uploads\/2023\/06\/MAFO-2-1-644x429.jpg 644w, https:\/\/www.uartes.edu.ec\/sitio\/wp-content\/uploads\/2023\/06\/MAFO-2-1-768x511.jpg 768w, https:\/\/www.uartes.edu.ec\/sitio\/wp-content\/uploads\/2023\/06\/MAFO-2-1.jpg 2000w, https:\/\/www.uartes.edu.ec\/sitio\/wp-content\/uploads\/2023\/06\/MAFO-2-1-600x399.jpg 600w, https:\/\/www.uartes.edu.ec\/sitio\/wp-content\/uploads\/2023\/06\/MAFO-2-1-272x182.jpg 272w\" sizes=\"(max-width: 644px) 100vw, 644px\" \/><\/figure>\n<\/div>\n\n\n<p>Su l\u00ednea como acad\u00e9mica y pensadora es la decolonialidad, de all\u00ed que <em>Mafo<\/em> invitara Atala en una ponencia a doble mano, lo cual es in\u00e9dito en su trabajo y marco acad\u00e9mico.<\/p>\n\n\n\n<p>El segundo momento del congreso fue la presentaci\u00f3n del documental \u201cCartograf\u00edas del Encierro\u201d. \u201cSomos un puntal en la regi\u00f3n en cuanto al estudio de arte urbano y graffiti con nuestra c\u00e1tedra de Arte Urbano, que este 2023 cumplir\u00e1 7 a\u00f1os\u201d, anot\u00f3 en relaci\u00f3n a la asignatura que dicta y que naci\u00f3 con ella en la UArtes. Refiri\u00f3 tambi\u00e9n que los procesos curatoriales en torno al arte urbano han sido recibidos por los colegas mexicanos con buenos ojos, ya que son pocos los estudios serios al respecto.<\/p>\n\n\n\n<p>En la Universidad Aut\u00f3noma de Michoac\u00e1n, Morelia, <em>Mafo<\/em> L\u00f3pez present\u00f3, en el Centro Cultural de la UNAM, el libro \u201c400 metros\u201d, el cual a\u00fan, anot\u00f3, sigue circul\u00e1ndolo. En su contenido revisa las cuatro vertientes de su trabajo como pilar del estudio de arte urbano en el pa\u00eds. &nbsp;<\/p>\n\n\n<div class=\"wp-block-image\">\n<figure class=\"aligncenter size-large\"><img loading=\"lazy\" decoding=\"async\" width=\"644\" height=\"429\" src=\"https:\/\/www.uartes.edu.ec\/sitio\/wp-content\/uploads\/2023\/06\/MAFO-ARTE-MUJER-Y-ESPACIO-PUBLICO-644x429.jpg\" alt=\"\" class=\"wp-image-43007\" srcset=\"https:\/\/www.uartes.edu.ec\/sitio\/wp-content\/uploads\/2023\/06\/MAFO-ARTE-MUJER-Y-ESPACIO-PUBLICO-644x429.jpg 644w, https:\/\/www.uartes.edu.ec\/sitio\/wp-content\/uploads\/2023\/06\/MAFO-ARTE-MUJER-Y-ESPACIO-PUBLICO-768x511.jpg 768w, https:\/\/www.uartes.edu.ec\/sitio\/wp-content\/uploads\/2023\/06\/MAFO-ARTE-MUJER-Y-ESPACIO-PUBLICO.jpg 2000w, https:\/\/www.uartes.edu.ec\/sitio\/wp-content\/uploads\/2023\/06\/MAFO-ARTE-MUJER-Y-ESPACIO-PUBLICO-600x399.jpg 600w, https:\/\/www.uartes.edu.ec\/sitio\/wp-content\/uploads\/2023\/06\/MAFO-ARTE-MUJER-Y-ESPACIO-PUBLICO-272x182.jpg 272w\" sizes=\"(max-width: 644px) 100vw, 644px\" \/><\/figure>\n<\/div>\n\n\n<h3 class=\"wp-block-heading\">\u00abArte, mujeres y espacio p\u00fablico\u00bb edici\u00f3n mexicana <\/h3>\n\n\n\n<p>Tras la charla y exposici\u00f3n ef\u00edmera sobre \u201cCartograf\u00edas del Encierro\u201d, que tuvo lugar en el Plantel Centro Hist\u00f3rico-UACM, <em>Mafo<\/em> L\u00f3pez intervino en la tercera edici\u00f3n de \u201cIlustra o Muere\u201d. Lo hizo como curadora de la muestra colectiva \u201cMujeres del Arte, Dise\u00f1o e Ilustraci\u00f3n\u201d, en la que participaron como creadoras: Con C de Caro, Ailyn Wong, Carolinaquilart, Fabs, Gabienchicha, Just Sawness, Lamora.monx, de Ecuador; Ni\u00f1a Tigre, de Colombia; AmelieSunne, de EEUU; Araxandthemoon, HWKNS, Lorena R.M., Nadya, Nidis8, RALEK, Roc\u00edo Paradoja, Estefanoni, Thaya &nbsp;y Valentinaenlatina.<\/p>\n\n\n\n<p>De igual forma, L\u00f3pez inaugur\u00f3 una muestra en M\u00e9xico. Fue en CDMX, en la edici\u00f3n de \u201cArte, mujeres y espacio p\u00fablico\u201d, con las intervenciones de las compatriotas Con C de Caro, Ailyng Wong, Carolina Quil Art, Gablenchicha, Just Sawness y Lamora.monx, la mexicana Nube Jaguar Ch y la colombiana Ni\u00f1a Tigre.<\/p>\n\n\n\n<p>Antes de retornar al pa\u00eds, la docente UArtes estuvo preparando ya la apertura de un ep\u00edlogo de esta exposici\u00f3n colectiva, que en 2024 tendr\u00e1 su quinta edici\u00f3n y quiere convertirla en binacional con los colegas de M\u00e9xico. \u201cEstamos en di\u00e1logo con la UNAM, con la cual la UArtes tiene un convenio, y del Departamento de Cultura de la Universidad Aut\u00f3noma Ciudad de M\u00e9xico hay la voluntad pol\u00edtica de colaborar en ello, pues hay un reconocimiento a la labor realizada.<\/p>","protected":false},"excerpt":{"rendered":"<p>La UArtes est\u00e1 presente en las Jornadas de Arte Contempor\u00e1neo que, concebidas para dialogar y pensar el arte en el espacio p\u00fablico, se desarrollan en el Centro de Arte Contempor\u00e1neo (CAC) de Quito. La docente Mar\u00eda Fernanda L\u00f3pez, del Departamento Transversal, interviene en la cita que se inici\u00f3 este martes 6 de junio con el conversatorio \u201cLa ciudad contempor\u00e1nea como estrategia y metodolog\u00eda\u201d.<\/p>","protected":false},"author":10,"featured_media":43008,"comment_status":"open","ping_status":"open","sticky":false,"template":"","format":"standard","meta":{"_acf_changed":false,"_uag_custom_page_level_css":"","_monsterinsights_skip_tracking":false,"_monsterinsights_sitenote_active":false,"_monsterinsights_sitenote_note":"","_monsterinsights_sitenote_category":0,"cybocfi_hide_featured_image":"","footnotes":""},"categories":[715,82,75,77,284,174],"tags":[444],"infouartes":[],"class_list":["post-43003","post","type-post","status-publish","format-standard","has-post-thumbnail","hentry","category-2c","category-artes","category-docentes","category-gestion","category-investigacion","category-transversal","tag-arte-urbano"],"acf":[],"yoast_head":"<!-- This site is optimized with the Yoast SEO plugin v27.4 - https:\/\/yoast.com\/product\/yoast-seo-wordpress\/ -->\n<title>Universidad de las Artes - En el CAC se desarrolla el primer \u201cHaciendo Calle\u201d de Quito; docente Mar\u00eda Fernanda L\u00f3pez en las jornadas<\/title>\n<meta name=\"description\" content=\"Universidad de las Artes - En el CAC se desarrolla el primer \u201cHaciendo Calle\u201d de Quito; docente Mar\u00eda Fernanda L\u00f3pez en las jornadas\" \/>\n<meta name=\"robots\" content=\"index, follow, max-snippet:-1, max-image-preview:large, max-video-preview:-1\" \/>\n<link rel=\"canonical\" href=\"https:\/\/www.uartes.edu.ec\/sitio\/fr\/blog\/2023\/06\/07\/en-cac-se-desarrolla-el-primer-haciendo-calle-de-quito-docente-maria-fernanda-lopez-participa-en-las-jornadas\/\" \/>\n<meta property=\"og:locale\" content=\"fr_FR\" \/>\n<meta property=\"og:type\" content=\"article\" \/>\n<meta property=\"og:title\" content=\"Universidad de las Artes - En el CAC se desarrolla el primer \u201cHaciendo Calle\u201d de Quito; docente Mar\u00eda Fernanda L\u00f3pez en las jornadas\" \/>\n<meta property=\"og:description\" content=\"Universidad de las Artes - En el CAC se desarrolla el primer \u201cHaciendo Calle\u201d de Quito; docente Mar\u00eda Fernanda L\u00f3pez en las jornadas\" \/>\n<meta property=\"og:url\" content=\"https:\/\/www.uartes.edu.ec\/sitio\/fr\/blog\/2023\/06\/07\/en-cac-se-desarrolla-el-primer-haciendo-calle-de-quito-docente-maria-fernanda-lopez-participa-en-las-jornadas\/\" \/>\n<meta property=\"og:site_name\" content=\"Universidad de las Artes\" \/>\n<meta property=\"article:publisher\" content=\"https:\/\/www.facebook.com\/uartesec\" \/>\n<meta property=\"article:published_time\" content=\"2023-06-07T20:32:00+00:00\" \/>\n<meta property=\"article:modified_time\" content=\"2024-07-04T16:21:06+00:00\" \/>\n<meta property=\"og:image\" content=\"https:\/\/www.uartes.edu.ec\/sitio\/wp-content\/uploads\/2023\/06\/MAFO-WEB-QUITO.jpg\" \/>\n\t<meta property=\"og:image:width\" content=\"2000\" \/>\n\t<meta property=\"og:image:height\" content=\"1333\" \/>\n\t<meta property=\"og:image:type\" content=\"image\/jpeg\" \/>\n<meta name=\"author\" content=\"ccortez\" \/>\n<meta name=\"twitter:card\" content=\"summary_large_image\" \/>\n<meta name=\"twitter:creator\" content=\"@uartesec\" \/>\n<meta name=\"twitter:site\" content=\"@uartesec\" \/>\n<meta name=\"twitter:label1\" content=\"\u00c9crit par\" \/>\n\t<meta name=\"twitter:data1\" content=\"ccortez\" \/>\n\t<meta name=\"twitter:label2\" content=\"Dur\u00e9e de lecture estim\u00e9e\" \/>\n\t<meta name=\"twitter:data2\" content=\"6 minutes\" \/>\n<script type=\"application\/ld+json\" class=\"yoast-schema-graph\">{\"@context\":\"https:\\\/\\\/schema.org\",\"@graph\":[{\"@type\":\"Article\",\"@id\":\"https:\\\/\\\/www.uartes.edu.ec\\\/sitio\\\/fr\\\/blog\\\/2023\\\/06\\\/07\\\/en-cac-se-desarrolla-el-primer-haciendo-calle-de-quito-docente-maria-fernanda-lopez-participa-en-las-jornadas\\\/#article\",\"isPartOf\":{\"@id\":\"https:\\\/\\\/www.uartes.edu.ec\\\/sitio\\\/fr\\\/blog\\\/2023\\\/06\\\/07\\\/en-cac-se-desarrolla-el-primer-haciendo-calle-de-quito-docente-maria-fernanda-lopez-participa-en-las-jornadas\\\/\"},\"author\":{\"name\":\"ccortez\",\"@id\":\"https:\\\/\\\/www.uartes.edu.ec\\\/sitio\\\/fr\\\/#\\\/schema\\\/person\\\/efa1b8275797664fd7f13a79ccc0b1f4\"},\"headline\":\"En el CAC se desarrolla el primer \u201cHaciendo Calle\u201d de Quito; docente Mar\u00eda Fernanda L\u00f3pez en las jornadas\",\"datePublished\":\"2023-06-07T20:32:00+00:00\",\"dateModified\":\"2024-07-04T16:21:06+00:00\",\"mainEntityOfPage\":{\"@id\":\"https:\\\/\\\/www.uartes.edu.ec\\\/sitio\\\/fr\\\/blog\\\/2023\\\/06\\\/07\\\/en-cac-se-desarrolla-el-primer-haciendo-calle-de-quito-docente-maria-fernanda-lopez-participa-en-las-jornadas\\\/\"},\"wordCount\":1108,\"commentCount\":0,\"publisher\":{\"@id\":\"https:\\\/\\\/www.uartes.edu.ec\\\/sitio\\\/fr\\\/#organization\"},\"image\":{\"@id\":\"https:\\\/\\\/www.uartes.edu.ec\\\/sitio\\\/fr\\\/blog\\\/2023\\\/06\\\/07\\\/en-cac-se-desarrolla-el-primer-haciendo-calle-de-quito-docente-maria-fernanda-lopez-participa-en-las-jornadas\\\/#primaryimage\"},\"thumbnailUrl\":\"https:\\\/\\\/www.uartes.edu.ec\\\/sitio\\\/wp-content\\\/uploads\\\/2023\\\/06\\\/MAFO-WEB-QUITO.jpg\",\"keywords\":[\"arte urbano\"],\"articleSection\":[\"2C\",\"Artes\",\"Docentes\",\"Gesti\u00f3n\",\"Investigaci\u00f3n\",\"Transversal\"],\"inLanguage\":\"fr-FR\",\"potentialAction\":[{\"@type\":\"CommentAction\",\"name\":\"Comment\",\"target\":[\"https:\\\/\\\/www.uartes.edu.ec\\\/sitio\\\/fr\\\/blog\\\/2023\\\/06\\\/07\\\/en-cac-se-desarrolla-el-primer-haciendo-calle-de-quito-docente-maria-fernanda-lopez-participa-en-las-jornadas\\\/#respond\"]}]},{\"@type\":[\"WebPage\",\"ItemPage\"],\"@id\":\"https:\\\/\\\/www.uartes.edu.ec\\\/sitio\\\/fr\\\/blog\\\/2023\\\/06\\\/07\\\/en-cac-se-desarrolla-el-primer-haciendo-calle-de-quito-docente-maria-fernanda-lopez-participa-en-las-jornadas\\\/\",\"url\":\"https:\\\/\\\/www.uartes.edu.ec\\\/sitio\\\/fr\\\/blog\\\/2023\\\/06\\\/07\\\/en-cac-se-desarrolla-el-primer-haciendo-calle-de-quito-docente-maria-fernanda-lopez-participa-en-las-jornadas\\\/\",\"name\":\"Universidad de las Artes - En el CAC se desarrolla el primer \u201cHaciendo Calle\u201d de Quito; docente Mar\u00eda Fernanda L\u00f3pez en las jornadas\",\"isPartOf\":{\"@id\":\"https:\\\/\\\/www.uartes.edu.ec\\\/sitio\\\/fr\\\/#website\"},\"primaryImageOfPage\":{\"@id\":\"https:\\\/\\\/www.uartes.edu.ec\\\/sitio\\\/fr\\\/blog\\\/2023\\\/06\\\/07\\\/en-cac-se-desarrolla-el-primer-haciendo-calle-de-quito-docente-maria-fernanda-lopez-participa-en-las-jornadas\\\/#primaryimage\"},\"image\":{\"@id\":\"https:\\\/\\\/www.uartes.edu.ec\\\/sitio\\\/fr\\\/blog\\\/2023\\\/06\\\/07\\\/en-cac-se-desarrolla-el-primer-haciendo-calle-de-quito-docente-maria-fernanda-lopez-participa-en-las-jornadas\\\/#primaryimage\"},\"thumbnailUrl\":\"https:\\\/\\\/www.uartes.edu.ec\\\/sitio\\\/wp-content\\\/uploads\\\/2023\\\/06\\\/MAFO-WEB-QUITO.jpg\",\"datePublished\":\"2023-06-07T20:32:00+00:00\",\"dateModified\":\"2024-07-04T16:21:06+00:00\",\"description\":\"Universidad de las Artes - En el CAC se desarrolla el primer \u201cHaciendo Calle\u201d de Quito; docente Mar\u00eda Fernanda L\u00f3pez en las jornadas\",\"breadcrumb\":{\"@id\":\"https:\\\/\\\/www.uartes.edu.ec\\\/sitio\\\/fr\\\/blog\\\/2023\\\/06\\\/07\\\/en-cac-se-desarrolla-el-primer-haciendo-calle-de-quito-docente-maria-fernanda-lopez-participa-en-las-jornadas\\\/#breadcrumb\"},\"inLanguage\":\"fr-FR\",\"potentialAction\":[{\"@type\":\"ReadAction\",\"target\":[\"https:\\\/\\\/www.uartes.edu.ec\\\/sitio\\\/fr\\\/blog\\\/2023\\\/06\\\/07\\\/en-cac-se-desarrolla-el-primer-haciendo-calle-de-quito-docente-maria-fernanda-lopez-participa-en-las-jornadas\\\/\"]}]},{\"@type\":\"ImageObject\",\"inLanguage\":\"fr-FR\",\"@id\":\"https:\\\/\\\/www.uartes.edu.ec\\\/sitio\\\/fr\\\/blog\\\/2023\\\/06\\\/07\\\/en-cac-se-desarrolla-el-primer-haciendo-calle-de-quito-docente-maria-fernanda-lopez-participa-en-las-jornadas\\\/#primaryimage\",\"url\":\"https:\\\/\\\/www.uartes.edu.ec\\\/sitio\\\/wp-content\\\/uploads\\\/2023\\\/06\\\/MAFO-WEB-QUITO.jpg\",\"contentUrl\":\"https:\\\/\\\/www.uartes.edu.ec\\\/sitio\\\/wp-content\\\/uploads\\\/2023\\\/06\\\/MAFO-WEB-QUITO.jpg\",\"width\":2000,\"height\":1333},{\"@type\":\"BreadcrumbList\",\"@id\":\"https:\\\/\\\/www.uartes.edu.ec\\\/sitio\\\/fr\\\/blog\\\/2023\\\/06\\\/07\\\/en-cac-se-desarrolla-el-primer-haciendo-calle-de-quito-docente-maria-fernanda-lopez-participa-en-las-jornadas\\\/#breadcrumb\",\"itemListElement\":[{\"@type\":\"ListItem\",\"position\":1,\"name\":\"Inicio\",\"item\":\"https:\\\/\\\/www.uartes.edu.ec\\\/sitio\\\/\"},{\"@type\":\"ListItem\",\"position\":2,\"name\":\"En el CAC se desarrolla el primer \u201cHaciendo Calle\u201d de Quito; docente Mar\u00eda Fernanda L\u00f3pez en las jornadas\"}]},{\"@type\":\"WebSite\",\"@id\":\"https:\\\/\\\/www.uartes.edu.ec\\\/sitio\\\/fr\\\/#website\",\"url\":\"https:\\\/\\\/www.uartes.edu.ec\\\/sitio\\\/fr\\\/\",\"name\":\"Universidad de las Artes\",\"description\":\"Sitio oficial de la Universidad Nacional de las Artes del Ecuador\",\"publisher\":{\"@id\":\"https:\\\/\\\/www.uartes.edu.ec\\\/sitio\\\/fr\\\/#organization\"},\"potentialAction\":[{\"@type\":\"SearchAction\",\"target\":{\"@type\":\"EntryPoint\",\"urlTemplate\":\"https:\\\/\\\/www.uartes.edu.ec\\\/sitio\\\/fr\\\/?s={search_term_string}\"},\"query-input\":{\"@type\":\"PropertyValueSpecification\",\"valueRequired\":true,\"valueName\":\"search_term_string\"}}],\"inLanguage\":\"fr-FR\"},{\"@type\":\"Organization\",\"@id\":\"https:\\\/\\\/www.uartes.edu.ec\\\/sitio\\\/fr\\\/#organization\",\"name\":\"Universidad de las Artes\",\"url\":\"https:\\\/\\\/www.uartes.edu.ec\\\/sitio\\\/fr\\\/\",\"logo\":{\"@type\":\"ImageObject\",\"inLanguage\":\"fr-FR\",\"@id\":\"https:\\\/\\\/www.uartes.edu.ec\\\/sitio\\\/fr\\\/#\\\/schema\\\/logo\\\/image\\\/\",\"url\":\"https:\\\/\\\/www.uartes.edu.ec\\\/sitio\\\/wp-content\\\/uploads\\\/2022\\\/07\\\/logo-ua-horizontal.png\",\"contentUrl\":\"https:\\\/\\\/www.uartes.edu.ec\\\/sitio\\\/wp-content\\\/uploads\\\/2022\\\/07\\\/logo-ua-horizontal.png\",\"width\":800,\"height\":276,\"caption\":\"Universidad de las Artes\"},\"image\":{\"@id\":\"https:\\\/\\\/www.uartes.edu.ec\\\/sitio\\\/fr\\\/#\\\/schema\\\/logo\\\/image\\\/\"},\"sameAs\":[\"https:\\\/\\\/www.facebook.com\\\/uartesec\",\"https:\\\/\\\/x.com\\\/uartesec\",\"https:\\\/\\\/www.tiktok.com\\\/@uartesec\"]},{\"@type\":\"Person\",\"@id\":\"https:\\\/\\\/www.uartes.edu.ec\\\/sitio\\\/fr\\\/#\\\/schema\\\/person\\\/efa1b8275797664fd7f13a79ccc0b1f4\",\"name\":\"ccortez\",\"image\":{\"@type\":\"ImageObject\",\"inLanguage\":\"fr-FR\",\"@id\":\"https:\\\/\\\/secure.gravatar.com\\\/avatar\\\/b2a6f664a3ae8e074346ef91775736c5ec479e637ecced6842de9dc98b5da9cd?s=96&d=mm&r=g\",\"url\":\"https:\\\/\\\/secure.gravatar.com\\\/avatar\\\/b2a6f664a3ae8e074346ef91775736c5ec479e637ecced6842de9dc98b5da9cd?s=96&d=mm&r=g\",\"contentUrl\":\"https:\\\/\\\/secure.gravatar.com\\\/avatar\\\/b2a6f664a3ae8e074346ef91775736c5ec479e637ecced6842de9dc98b5da9cd?s=96&d=mm&r=g\",\"caption\":\"ccortez\"},\"url\":\"https:\\\/\\\/www.uartes.edu.ec\\\/sitio\\\/fr\\\/blog\\\/author\\\/ccortez\\\/\"}]}<\/script>\n<!-- \/ Yoast SEO plugin. -->","yoast_head_json":{"title":"Universidad de las Artes - En el CAC se desarrolla el primer \u201cHaciendo Calle\u201d de Quito; docente Mar\u00eda Fernanda L\u00f3pez en las jornadas","description":"Universidad de las Artes - En el CAC se desarrolla el primer \u201cHaciendo Calle\u201d de Quito; docente Mar\u00eda Fernanda L\u00f3pez en las jornadas","robots":{"index":"index","follow":"follow","max-snippet":"max-snippet:-1","max-image-preview":"max-image-preview:large","max-video-preview":"max-video-preview:-1"},"canonical":"https:\/\/www.uartes.edu.ec\/sitio\/fr\/blog\/2023\/06\/07\/en-cac-se-desarrolla-el-primer-haciendo-calle-de-quito-docente-maria-fernanda-lopez-participa-en-las-jornadas\/","og_locale":"fr_FR","og_type":"article","og_title":"Universidad de las Artes - En el CAC se desarrolla el primer \u201cHaciendo Calle\u201d de Quito; docente Mar\u00eda Fernanda L\u00f3pez en las jornadas","og_description":"Universidad de las Artes - En el CAC se desarrolla el primer \u201cHaciendo Calle\u201d de Quito; docente Mar\u00eda Fernanda L\u00f3pez en las jornadas","og_url":"https:\/\/www.uartes.edu.ec\/sitio\/fr\/blog\/2023\/06\/07\/en-cac-se-desarrolla-el-primer-haciendo-calle-de-quito-docente-maria-fernanda-lopez-participa-en-las-jornadas\/","og_site_name":"Universidad de las Artes","article_publisher":"https:\/\/www.facebook.com\/uartesec","article_published_time":"2023-06-07T20:32:00+00:00","article_modified_time":"2024-07-04T16:21:06+00:00","og_image":[{"width":2000,"height":1333,"url":"https:\/\/www.uartes.edu.ec\/sitio\/wp-content\/uploads\/2023\/06\/MAFO-WEB-QUITO.jpg","type":"image\/jpeg"}],"author":"ccortez","twitter_card":"summary_large_image","twitter_creator":"@uartesec","twitter_site":"@uartesec","twitter_misc":{"\u00c9crit par":"ccortez","Dur\u00e9e de lecture estim\u00e9e":"6 minutes"},"schema":{"@context":"https:\/\/schema.org","@graph":[{"@type":"Article","@id":"https:\/\/www.uartes.edu.ec\/sitio\/fr\/blog\/2023\/06\/07\/en-cac-se-desarrolla-el-primer-haciendo-calle-de-quito-docente-maria-fernanda-lopez-participa-en-las-jornadas\/#article","isPartOf":{"@id":"https:\/\/www.uartes.edu.ec\/sitio\/fr\/blog\/2023\/06\/07\/en-cac-se-desarrolla-el-primer-haciendo-calle-de-quito-docente-maria-fernanda-lopez-participa-en-las-jornadas\/"},"author":{"name":"ccortez","@id":"https:\/\/www.uartes.edu.ec\/sitio\/fr\/#\/schema\/person\/efa1b8275797664fd7f13a79ccc0b1f4"},"headline":"En el CAC se desarrolla el primer \u201cHaciendo Calle\u201d de Quito; docente Mar\u00eda Fernanda L\u00f3pez en las jornadas","datePublished":"2023-06-07T20:32:00+00:00","dateModified":"2024-07-04T16:21:06+00:00","mainEntityOfPage":{"@id":"https:\/\/www.uartes.edu.ec\/sitio\/fr\/blog\/2023\/06\/07\/en-cac-se-desarrolla-el-primer-haciendo-calle-de-quito-docente-maria-fernanda-lopez-participa-en-las-jornadas\/"},"wordCount":1108,"commentCount":0,"publisher":{"@id":"https:\/\/www.uartes.edu.ec\/sitio\/fr\/#organization"},"image":{"@id":"https:\/\/www.uartes.edu.ec\/sitio\/fr\/blog\/2023\/06\/07\/en-cac-se-desarrolla-el-primer-haciendo-calle-de-quito-docente-maria-fernanda-lopez-participa-en-las-jornadas\/#primaryimage"},"thumbnailUrl":"https:\/\/www.uartes.edu.ec\/sitio\/wp-content\/uploads\/2023\/06\/MAFO-WEB-QUITO.jpg","keywords":["arte urbano"],"articleSection":["2C","Artes","Docentes","Gesti\u00f3n","Investigaci\u00f3n","Transversal"],"inLanguage":"fr-FR","potentialAction":[{"@type":"CommentAction","name":"Comment","target":["https:\/\/www.uartes.edu.ec\/sitio\/fr\/blog\/2023\/06\/07\/en-cac-se-desarrolla-el-primer-haciendo-calle-de-quito-docente-maria-fernanda-lopez-participa-en-las-jornadas\/#respond"]}]},{"@type":["WebPage","ItemPage"],"@id":"https:\/\/www.uartes.edu.ec\/sitio\/fr\/blog\/2023\/06\/07\/en-cac-se-desarrolla-el-primer-haciendo-calle-de-quito-docente-maria-fernanda-lopez-participa-en-las-jornadas\/","url":"https:\/\/www.uartes.edu.ec\/sitio\/fr\/blog\/2023\/06\/07\/en-cac-se-desarrolla-el-primer-haciendo-calle-de-quito-docente-maria-fernanda-lopez-participa-en-las-jornadas\/","name":"Universidad de las Artes - En el CAC se desarrolla el primer \u201cHaciendo Calle\u201d de Quito; docente Mar\u00eda Fernanda L\u00f3pez en las jornadas","isPartOf":{"@id":"https:\/\/www.uartes.edu.ec\/sitio\/fr\/#website"},"primaryImageOfPage":{"@id":"https:\/\/www.uartes.edu.ec\/sitio\/fr\/blog\/2023\/06\/07\/en-cac-se-desarrolla-el-primer-haciendo-calle-de-quito-docente-maria-fernanda-lopez-participa-en-las-jornadas\/#primaryimage"},"image":{"@id":"https:\/\/www.uartes.edu.ec\/sitio\/fr\/blog\/2023\/06\/07\/en-cac-se-desarrolla-el-primer-haciendo-calle-de-quito-docente-maria-fernanda-lopez-participa-en-las-jornadas\/#primaryimage"},"thumbnailUrl":"https:\/\/www.uartes.edu.ec\/sitio\/wp-content\/uploads\/2023\/06\/MAFO-WEB-QUITO.jpg","datePublished":"2023-06-07T20:32:00+00:00","dateModified":"2024-07-04T16:21:06+00:00","description":"Universidad de las Artes - En el CAC se desarrolla el primer \u201cHaciendo Calle\u201d de Quito; docente Mar\u00eda Fernanda L\u00f3pez en las jornadas","breadcrumb":{"@id":"https:\/\/www.uartes.edu.ec\/sitio\/fr\/blog\/2023\/06\/07\/en-cac-se-desarrolla-el-primer-haciendo-calle-de-quito-docente-maria-fernanda-lopez-participa-en-las-jornadas\/#breadcrumb"},"inLanguage":"fr-FR","potentialAction":[{"@type":"ReadAction","target":["https:\/\/www.uartes.edu.ec\/sitio\/fr\/blog\/2023\/06\/07\/en-cac-se-desarrolla-el-primer-haciendo-calle-de-quito-docente-maria-fernanda-lopez-participa-en-las-jornadas\/"]}]},{"@type":"ImageObject","inLanguage":"fr-FR","@id":"https:\/\/www.uartes.edu.ec\/sitio\/fr\/blog\/2023\/06\/07\/en-cac-se-desarrolla-el-primer-haciendo-calle-de-quito-docente-maria-fernanda-lopez-participa-en-las-jornadas\/#primaryimage","url":"https:\/\/www.uartes.edu.ec\/sitio\/wp-content\/uploads\/2023\/06\/MAFO-WEB-QUITO.jpg","contentUrl":"https:\/\/www.uartes.edu.ec\/sitio\/wp-content\/uploads\/2023\/06\/MAFO-WEB-QUITO.jpg","width":2000,"height":1333},{"@type":"BreadcrumbList","@id":"https:\/\/www.uartes.edu.ec\/sitio\/fr\/blog\/2023\/06\/07\/en-cac-se-desarrolla-el-primer-haciendo-calle-de-quito-docente-maria-fernanda-lopez-participa-en-las-jornadas\/#breadcrumb","itemListElement":[{"@type":"ListItem","position":1,"name":"Inicio","item":"https:\/\/www.uartes.edu.ec\/sitio\/"},{"@type":"ListItem","position":2,"name":"En el CAC se desarrolla el primer \u201cHaciendo Calle\u201d de Quito; docente Mar\u00eda Fernanda L\u00f3pez en las jornadas"}]},{"@type":"WebSite","@id":"https:\/\/www.uartes.edu.ec\/sitio\/fr\/#website","url":"https:\/\/www.uartes.edu.ec\/sitio\/fr\/","name":"Universidad de las Artes","description":"Sitio oficial de la Universidad Nacional de las Artes del Ecuador","publisher":{"@id":"https:\/\/www.uartes.edu.ec\/sitio\/fr\/#organization"},"potentialAction":[{"@type":"SearchAction","target":{"@type":"EntryPoint","urlTemplate":"https:\/\/www.uartes.edu.ec\/sitio\/fr\/?s={search_term_string}"},"query-input":{"@type":"PropertyValueSpecification","valueRequired":true,"valueName":"search_term_string"}}],"inLanguage":"fr-FR"},{"@type":"Organization","@id":"https:\/\/www.uartes.edu.ec\/sitio\/fr\/#organization","name":"Universidad de las Artes","url":"https:\/\/www.uartes.edu.ec\/sitio\/fr\/","logo":{"@type":"ImageObject","inLanguage":"fr-FR","@id":"https:\/\/www.uartes.edu.ec\/sitio\/fr\/#\/schema\/logo\/image\/","url":"https:\/\/www.uartes.edu.ec\/sitio\/wp-content\/uploads\/2022\/07\/logo-ua-horizontal.png","contentUrl":"https:\/\/www.uartes.edu.ec\/sitio\/wp-content\/uploads\/2022\/07\/logo-ua-horizontal.png","width":800,"height":276,"caption":"Universidad de las Artes"},"image":{"@id":"https:\/\/www.uartes.edu.ec\/sitio\/fr\/#\/schema\/logo\/image\/"},"sameAs":["https:\/\/www.facebook.com\/uartesec","https:\/\/x.com\/uartesec","https:\/\/www.tiktok.com\/@uartesec"]},{"@type":"Person","@id":"https:\/\/www.uartes.edu.ec\/sitio\/fr\/#\/schema\/person\/efa1b8275797664fd7f13a79ccc0b1f4","name":"ccortez","image":{"@type":"ImageObject","inLanguage":"fr-FR","@id":"https:\/\/secure.gravatar.com\/avatar\/b2a6f664a3ae8e074346ef91775736c5ec479e637ecced6842de9dc98b5da9cd?s=96&d=mm&r=g","url":"https:\/\/secure.gravatar.com\/avatar\/b2a6f664a3ae8e074346ef91775736c5ec479e637ecced6842de9dc98b5da9cd?s=96&d=mm&r=g","contentUrl":"https:\/\/secure.gravatar.com\/avatar\/b2a6f664a3ae8e074346ef91775736c5ec479e637ecced6842de9dc98b5da9cd?s=96&d=mm&r=g","caption":"ccortez"},"url":"https:\/\/www.uartes.edu.ec\/sitio\/fr\/blog\/author\/ccortez\/"}]}},"uagb_featured_image_src":{"full":["https:\/\/www.uartes.edu.ec\/sitio\/wp-content\/uploads\/2023\/06\/MAFO-WEB-QUITO.jpg",2000,1333,false],"thumbnail":["https:\/\/www.uartes.edu.ec\/sitio\/wp-content\/uploads\/2023\/06\/MAFO-WEB-QUITO-150x150.jpg",150,150,true],"medium":["https:\/\/www.uartes.edu.ec\/sitio\/wp-content\/uploads\/2023\/06\/MAFO-WEB-QUITO-300x200.jpg",300,200,true],"medium_large":["https:\/\/www.uartes.edu.ec\/sitio\/wp-content\/uploads\/2023\/06\/MAFO-WEB-QUITO-768x512.jpg",768,512,true],"large":["https:\/\/www.uartes.edu.ec\/sitio\/wp-content\/uploads\/2023\/06\/MAFO-WEB-QUITO-644x429.jpg",644,429,true],"1536x1536":["https:\/\/www.uartes.edu.ec\/sitio\/wp-content\/uploads\/2023\/06\/MAFO-WEB-QUITO-1536x1024.jpg",1536,1024,true],"2048x2048":["https:\/\/www.uartes.edu.ec\/sitio\/wp-content\/uploads\/2023\/06\/MAFO-WEB-QUITO.jpg",2000,1333,false],"trp-custom-language-flag":["https:\/\/www.uartes.edu.ec\/sitio\/wp-content\/uploads\/2023\/06\/MAFO-WEB-QUITO.jpg",18,12,false],"htmega_size_585x295":["https:\/\/www.uartes.edu.ec\/sitio\/wp-content\/uploads\/2023\/06\/MAFO-WEB-QUITO-585x295.jpg",585,295,true],"htmega_size_1170x536":["https:\/\/www.uartes.edu.ec\/sitio\/wp-content\/uploads\/2023\/06\/MAFO-WEB-QUITO-1170x536.jpg",1170,536,true],"htmega_size_396x360":["https:\/\/www.uartes.edu.ec\/sitio\/wp-content\/uploads\/2023\/06\/MAFO-WEB-QUITO-396x360.jpg",396,360,true],"gb-block-post-grid-landscape":["https:\/\/www.uartes.edu.ec\/sitio\/wp-content\/uploads\/2023\/06\/MAFO-WEB-QUITO-600x400.jpg",600,400,true],"gb-block-post-grid-square":["https:\/\/www.uartes.edu.ec\/sitio\/wp-content\/uploads\/2023\/06\/MAFO-WEB-QUITO-600x600.jpg",600,600,true],"university-hub-thumb":["https:\/\/www.uartes.edu.ec\/sitio\/wp-content\/uploads\/2023\/06\/MAFO-WEB-QUITO-400x267.jpg",400,267,true]},"uagb_author_info":{"display_name":"ccortez","author_link":"https:\/\/www.uartes.edu.ec\/sitio\/fr\/blog\/author\/ccortez\/"},"uagb_comment_info":0,"uagb_excerpt":"La UArtes est\u00e1 presente en las Jornadas de Arte Contempor\u00e1neo que, concebidas para dialogar y pensar el arte en el espacio p\u00fablico, se desarrollan en el Centro de Arte Contempor\u00e1neo (CAC) de Quito. La docente Mar\u00eda Fernanda L\u00f3pez, del Departamento Transversal, interviene en la cita que se inici\u00f3 este martes 6 de junio con el\u2026","featured_image_src":"https:\/\/www.uartes.edu.ec\/sitio\/wp-content\/uploads\/2023\/06\/MAFO-WEB-QUITO-600x400.jpg","featured_image_src_square":"https:\/\/www.uartes.edu.ec\/sitio\/wp-content\/uploads\/2023\/06\/MAFO-WEB-QUITO-600x600.jpg","author_info":{"display_name":"ccortez","author_link":"https:\/\/www.uartes.edu.ec\/sitio\/fr\/blog\/author\/ccortez\/"},"publishpress_future_workflow_manual_trigger":{"enabledWorkflows":[]},"distributor_meta":false,"distributor_terms":false,"distributor_media":false,"distributor_original_site_name":"Universidad de las Artes","distributor_original_site_url":"https:\/\/www.uartes.edu.ec\/sitio\/fr","push-errors":false,"_links":{"self":[{"href":"https:\/\/www.uartes.edu.ec\/sitio\/fr\/wp-json\/wp\/v2\/posts\/43003","targetHints":{"allow":["GET"]}}],"collection":[{"href":"https:\/\/www.uartes.edu.ec\/sitio\/fr\/wp-json\/wp\/v2\/posts"}],"about":[{"href":"https:\/\/www.uartes.edu.ec\/sitio\/fr\/wp-json\/wp\/v2\/types\/post"}],"author":[{"embeddable":true,"href":"https:\/\/www.uartes.edu.ec\/sitio\/fr\/wp-json\/wp\/v2\/users\/10"}],"replies":[{"embeddable":true,"href":"https:\/\/www.uartes.edu.ec\/sitio\/fr\/wp-json\/wp\/v2\/comments?post=43003"}],"version-history":[{"count":6,"href":"https:\/\/www.uartes.edu.ec\/sitio\/fr\/wp-json\/wp\/v2\/posts\/43003\/revisions"}],"predecessor-version":[{"id":43061,"href":"https:\/\/www.uartes.edu.ec\/sitio\/fr\/wp-json\/wp\/v2\/posts\/43003\/revisions\/43061"}],"wp:featuredmedia":[{"embeddable":true,"href":"https:\/\/www.uartes.edu.ec\/sitio\/fr\/wp-json\/wp\/v2\/media\/43008"}],"wp:attachment":[{"href":"https:\/\/www.uartes.edu.ec\/sitio\/fr\/wp-json\/wp\/v2\/media?parent=43003"}],"wp:term":[{"taxonomy":"category","embeddable":true,"href":"https:\/\/www.uartes.edu.ec\/sitio\/fr\/wp-json\/wp\/v2\/categories?post=43003"},{"taxonomy":"post_tag","embeddable":true,"href":"https:\/\/www.uartes.edu.ec\/sitio\/fr\/wp-json\/wp\/v2\/tags?post=43003"},{"taxonomy":"infouartes","embeddable":true,"href":"https:\/\/www.uartes.edu.ec\/sitio\/fr\/wp-json\/wp\/v2\/infouartes?post=43003"}],"curies":[{"name":"wp","href":"https:\/\/api.w.org\/{rel}","templated":true}]}}