{"id":43080,"date":"2023-06-09T18:33:00","date_gmt":"2023-06-09T23:33:00","guid":{"rendered":"https:\/\/www.uartes.edu.ec\/sitio\/?p=43080"},"modified":"2024-07-04T11:21:06","modified_gmt":"2024-07-04T16:21:06","slug":"daniel-ochoa-llega-con-sus-territorios-indomables-a-cuenca-luego-ira-a-quito","status":"publish","type":"post","link":"https:\/\/www.uartes.edu.ec\/sitio\/fr\/blog\/2023\/06\/09\/daniel-ochoa-llega-con-sus-territorios-indomables-a-cuenca-luego-ira-a-quito\/","title":{"rendered":"Daniel Ochoa llega con sus \u201cTerritorios Indomables\u201d a Cuenca, luego a Quito"},"content":{"rendered":"<p>Pr\u00f3ximo a entrar a titulaci\u00f3n, el estudiante Daniel Ochoa de la Escuela de Artes Visuales cumple una gira itinerante por varias ciudades del pa\u00eds con \u201cTerritorios Indomables\u201d, un proyecto expositivo en cuyas obras superpone im\u00e1genes para construir escenarios posibles de una geograf\u00eda apocal\u00edptica del caos.<\/p>\n\n\n\n<p>El patinador y artista visual, quien en la UArtes cursa el noveno semestre y firma art\u00edsticamente como 8A, inaugur\u00f3 su muestra este jueves 8 de junio en Cuenca, en el espacio cultural multifuncional Saladentro, donde permanecer\u00e1 abierta hasta el s\u00e1bado 1 de julio.<\/p>\n\n\n\n<p>De \u201cTerritorios Indomables\u201d su curador, Hern\u00e1n Pacurucu, indica que las composiciones de 8\u00aa confrontan con pinturas e instalaciones pict\u00f3ricas que hablan de la debacle social y pol\u00edtica en torno al estallido social. A trav\u00e9s del simbolismo que extrae de un acervo de informaci\u00f3n e im\u00e1genes a las que es expuesto a trav\u00e9s de los medios, la cotidianidad, libros, las enciclopedias y los recorridos en patineta, lo cual propone una perspectiva desde la cultura del skateboarding.<\/p>\n\n\n\n<p>La muestra \u201cTerritorios Indomables\u201d est\u00e1 compuesta por una selecci\u00f3n de obras que su autor realiz\u00f3 entre 2020 y 2023. El proyecto expositivo fue coproducido por 8A Studio (que dirige Ochoa) y Sociedad An\u00f3mica (dirigida por Eduardo V\u00e9lez).<\/p>\n\n\n<div class=\"wp-block-image\">\n<figure class=\"aligncenter size-large\"><img fetchpriority=\"high\" decoding=\"async\" width=\"644\" height=\"429\" src=\"https:\/\/www.uartes.edu.ec\/sitio\/wp-content\/uploads\/2023\/06\/05-DO-WEB-644x429.jpg\" alt=\"\" class=\"wp-image-43082\" srcset=\"https:\/\/www.uartes.edu.ec\/sitio\/wp-content\/uploads\/2023\/06\/05-DO-WEB-644x429.jpg 644w, https:\/\/www.uartes.edu.ec\/sitio\/wp-content\/uploads\/2023\/06\/05-DO-WEB-768x511.jpg 768w, https:\/\/www.uartes.edu.ec\/sitio\/wp-content\/uploads\/2023\/06\/05-DO-WEB.jpg 2000w, https:\/\/www.uartes.edu.ec\/sitio\/wp-content\/uploads\/2023\/06\/05-DO-WEB-600x399.jpg 600w, https:\/\/www.uartes.edu.ec\/sitio\/wp-content\/uploads\/2023\/06\/05-DO-WEB-272x182.jpg 272w\" sizes=\"(max-width: 644px) 100vw, 644px\" \/><\/figure>\n<\/div>\n\n\n<p>Antes de la inauguraci\u00f3n en Cuenca, \u201cTerritorios Indomables\u201d tuvo una primera visualizaci\u00f3n en el Museo Nahim Isa\u00edas de Guayaquil, entre marzo y abril pasado. Durante ese tiempo, la muestra desbord\u00f3 en una relaci\u00f3n din\u00e1mica de su contenido, debido a las acciones pedag\u00f3gicas e intervenciones en el espacio p\u00fablico que la atraviesan y la vinculan con la cultura del skateboarding. La segunda es la que tiene lugar en la capital azuaya y la tercera se desarrollar\u00e1 en Quito en la galer\u00eda TCC el pr\u00f3ximo 22 de Julio.<\/p>\n\n\n\n<p>Conjuntamente con la muestra, Ochoa cumplir\u00e1 varias actividades culturales y art\u00edsticas, como un conversatorio y performance de skate en el museo Pumapungo, denominado \u201cEl skateboarding en el museo, nuevas maneras de habitar los espacios p\u00fablicos\u201d; ser\u00e1 el viernes 23 de junio, a las 16:00, e intervendr\u00e1n tambi\u00e9n V\u00e9lez y Pacuruco, actual director de la Bienal de Cuenca. En el performance: Skaters de Cuenca y Guayaquil y el artista del Rap K-MADA.<\/p>\n\n\n\n<p>Por el d\u00eda del skateboarding estar\u00e1 el viernes 30 de junio, a las 19:00, en el evento \u201cVideos Ind\u00f3mitos\u201d que se desarrollar\u00e1 en el auditorio del MAAC. Esta actividad es multidisciplinar, pues junto con la selecci\u00f3n de videos cortos tipo documentales habr\u00e1 una presentaci\u00f3n musical y un performance de skate.&nbsp;El prop\u00f3sito es crear un ambiente propicio donde se puedan congregar distintas comunidades interesadas en el quehacer cultural y urbano de la ciudad.<\/p>\n\n\n<div class=\"wp-block-image\">\n<figure class=\"aligncenter size-large\"><img decoding=\"async\" width=\"644\" height=\"429\" src=\"https:\/\/www.uartes.edu.ec\/sitio\/wp-content\/uploads\/2023\/06\/02-DO-WEB-644x429.jpg\" alt=\"\" class=\"wp-image-43083\" srcset=\"https:\/\/www.uartes.edu.ec\/sitio\/wp-content\/uploads\/2023\/06\/02-DO-WEB-644x429.jpg 644w, https:\/\/www.uartes.edu.ec\/sitio\/wp-content\/uploads\/2023\/06\/02-DO-WEB-768x511.jpg 768w, https:\/\/www.uartes.edu.ec\/sitio\/wp-content\/uploads\/2023\/06\/02-DO-WEB.jpg 2000w, https:\/\/www.uartes.edu.ec\/sitio\/wp-content\/uploads\/2023\/06\/02-DO-WEB-600x399.jpg 600w, https:\/\/www.uartes.edu.ec\/sitio\/wp-content\/uploads\/2023\/06\/02-DO-WEB-272x182.jpg 272w\" sizes=\"(max-width: 644px) 100vw, 644px\" \/><\/figure>\n<\/div>\n\n<div class=\"wp-block-image\">\n<figure class=\"aligncenter size-large\"><img decoding=\"async\" width=\"644\" height=\"429\" src=\"https:\/\/www.uartes.edu.ec\/sitio\/wp-content\/uploads\/2023\/06\/03-DO-WEB-644x429.jpg\" alt=\"\" class=\"wp-image-43084\" srcset=\"https:\/\/www.uartes.edu.ec\/sitio\/wp-content\/uploads\/2023\/06\/03-DO-WEB-644x429.jpg 644w, https:\/\/www.uartes.edu.ec\/sitio\/wp-content\/uploads\/2023\/06\/03-DO-WEB-768x511.jpg 768w, https:\/\/www.uartes.edu.ec\/sitio\/wp-content\/uploads\/2023\/06\/03-DO-WEB.jpg 2000w, https:\/\/www.uartes.edu.ec\/sitio\/wp-content\/uploads\/2023\/06\/03-DO-WEB-600x399.jpg 600w, https:\/\/www.uartes.edu.ec\/sitio\/wp-content\/uploads\/2023\/06\/03-DO-WEB-272x182.jpg 272w\" sizes=\"(max-width: 644px) 100vw, 644px\" \/><\/figure>\n<\/div>","protected":false},"excerpt":{"rendered":"<p>Pr\u00f3ximo a entrar a titulaci\u00f3n, el estudiante Daniel Ochoa de la Escuela de Artes Visuales cumple una gira itinerante con \u201cTerritorios Indomables\u201d, proyecto expositivo cuyo autor superpone im\u00e1genes para construir escenarios posibles de una geograf\u00eda apocal\u00edptica del caos. El patinador y artista visual, quien en la UArtes cursa el noveno semestre, inaugur\u00f3 su muestra este 8 de junio en Cuenca, en el espacio cultural Saladentro, donde estar\u00e1 hasta el 1 de julio.<\/p>","protected":false},"author":10,"featured_media":43081,"comment_status":"open","ping_status":"open","sticky":false,"template":"","format":"standard","meta":{"_acf_changed":false,"_uag_custom_page_level_css":"","_monsterinsights_skip_tracking":false,"_monsterinsights_sitenote_active":false,"_monsterinsights_sitenote_note":"","_monsterinsights_sitenote_category":0,"cybocfi_hide_featured_image":"","footnotes":""},"categories":[157,76],"tags":[999],"infouartes":[],"class_list":["post-43080","post","type-post","status-publish","format-standard","has-post-thumbnail","hentry","category-artes-visuales","category-estudiantes","tag-proyecto-expositivo"],"acf":[],"yoast_head":"<!-- This site is optimized with the Yoast SEO plugin v27.4 - https:\/\/yoast.com\/product\/yoast-seo-wordpress\/ -->\n<title>Universidad de las Artes - Daniel Ochoa llega con sus \u201cTerritorios Indomables\u201d a Cuenca, luego a Quito<\/title>\n<meta name=\"description\" content=\"Universidad de las Artes - Daniel Ochoa llega con sus \u201cTerritorios Indomables\u201d a Cuenca, luego a Quito\" \/>\n<meta name=\"robots\" content=\"index, follow, max-snippet:-1, max-image-preview:large, max-video-preview:-1\" \/>\n<link rel=\"canonical\" href=\"https:\/\/www.uartes.edu.ec\/sitio\/fr\/blog\/2023\/06\/09\/daniel-ochoa-llega-con-sus-territorios-indomables-a-cuenca-luego-ira-a-quito\/\" \/>\n<meta property=\"og:locale\" content=\"fr_FR\" \/>\n<meta property=\"og:type\" content=\"article\" \/>\n<meta property=\"og:title\" content=\"Universidad de las Artes - Daniel Ochoa llega con sus \u201cTerritorios Indomables\u201d a Cuenca, luego a Quito\" \/>\n<meta property=\"og:description\" content=\"Universidad de las Artes - Daniel Ochoa llega con sus \u201cTerritorios Indomables\u201d a Cuenca, luego a Quito\" \/>\n<meta property=\"og:url\" content=\"https:\/\/www.uartes.edu.ec\/sitio\/fr\/blog\/2023\/06\/09\/daniel-ochoa-llega-con-sus-territorios-indomables-a-cuenca-luego-ira-a-quito\/\" \/>\n<meta property=\"og:site_name\" content=\"Universidad de las Artes\" \/>\n<meta property=\"article:publisher\" content=\"https:\/\/www.facebook.com\/uartesec\" \/>\n<meta property=\"article:published_time\" content=\"2023-06-09T23:33:00+00:00\" \/>\n<meta property=\"article:modified_time\" content=\"2024-07-04T16:21:06+00:00\" \/>\n<meta property=\"og:image\" content=\"https:\/\/www.uartes.edu.ec\/sitio\/wp-content\/uploads\/2023\/06\/04-DO-WEB.jpg\" \/>\n\t<meta property=\"og:image:width\" content=\"2000\" \/>\n\t<meta property=\"og:image:height\" content=\"1333\" \/>\n\t<meta property=\"og:image:type\" content=\"image\/jpeg\" \/>\n<meta name=\"author\" content=\"ccortez\" \/>\n<meta name=\"twitter:card\" content=\"summary_large_image\" \/>\n<meta name=\"twitter:creator\" content=\"@uartesec\" \/>\n<meta name=\"twitter:site\" content=\"@uartesec\" \/>\n<meta name=\"twitter:label1\" content=\"\u00c9crit par\" \/>\n\t<meta name=\"twitter:data1\" content=\"ccortez\" \/>\n\t<meta name=\"twitter:label2\" content=\"Dur\u00e9e de lecture estim\u00e9e\" \/>\n\t<meta name=\"twitter:data2\" content=\"3 minutes\" \/>\n<script type=\"application\/ld+json\" class=\"yoast-schema-graph\">{\"@context\":\"https:\\\/\\\/schema.org\",\"@graph\":[{\"@type\":\"Article\",\"@id\":\"https:\\\/\\\/www.uartes.edu.ec\\\/sitio\\\/fr\\\/blog\\\/2023\\\/06\\\/09\\\/daniel-ochoa-llega-con-sus-territorios-indomables-a-cuenca-luego-ira-a-quito\\\/#article\",\"isPartOf\":{\"@id\":\"https:\\\/\\\/www.uartes.edu.ec\\\/sitio\\\/fr\\\/blog\\\/2023\\\/06\\\/09\\\/daniel-ochoa-llega-con-sus-territorios-indomables-a-cuenca-luego-ira-a-quito\\\/\"},\"author\":{\"name\":\"ccortez\",\"@id\":\"https:\\\/\\\/www.uartes.edu.ec\\\/sitio\\\/fr\\\/#\\\/schema\\\/person\\\/efa1b8275797664fd7f13a79ccc0b1f4\"},\"headline\":\"Daniel Ochoa llega con sus \u201cTerritorios Indomables\u201d a Cuenca, luego a Quito\",\"datePublished\":\"2023-06-09T23:33:00+00:00\",\"dateModified\":\"2024-07-04T16:21:06+00:00\",\"mainEntityOfPage\":{\"@id\":\"https:\\\/\\\/www.uartes.edu.ec\\\/sitio\\\/fr\\\/blog\\\/2023\\\/06\\\/09\\\/daniel-ochoa-llega-con-sus-territorios-indomables-a-cuenca-luego-ira-a-quito\\\/\"},\"wordCount\":470,\"commentCount\":0,\"publisher\":{\"@id\":\"https:\\\/\\\/www.uartes.edu.ec\\\/sitio\\\/fr\\\/#organization\"},\"image\":{\"@id\":\"https:\\\/\\\/www.uartes.edu.ec\\\/sitio\\\/fr\\\/blog\\\/2023\\\/06\\\/09\\\/daniel-ochoa-llega-con-sus-territorios-indomables-a-cuenca-luego-ira-a-quito\\\/#primaryimage\"},\"thumbnailUrl\":\"https:\\\/\\\/www.uartes.edu.ec\\\/sitio\\\/wp-content\\\/uploads\\\/2023\\\/06\\\/04-DO-WEB.jpg\",\"keywords\":[\"proyecto expositivo\"],\"articleSection\":[\"Artes Visuales\",\"Estudiantes\"],\"inLanguage\":\"fr-FR\",\"potentialAction\":[{\"@type\":\"CommentAction\",\"name\":\"Comment\",\"target\":[\"https:\\\/\\\/www.uartes.edu.ec\\\/sitio\\\/fr\\\/blog\\\/2023\\\/06\\\/09\\\/daniel-ochoa-llega-con-sus-territorios-indomables-a-cuenca-luego-ira-a-quito\\\/#respond\"]}]},{\"@type\":[\"WebPage\",\"ItemPage\"],\"@id\":\"https:\\\/\\\/www.uartes.edu.ec\\\/sitio\\\/fr\\\/blog\\\/2023\\\/06\\\/09\\\/daniel-ochoa-llega-con-sus-territorios-indomables-a-cuenca-luego-ira-a-quito\\\/\",\"url\":\"https:\\\/\\\/www.uartes.edu.ec\\\/sitio\\\/fr\\\/blog\\\/2023\\\/06\\\/09\\\/daniel-ochoa-llega-con-sus-territorios-indomables-a-cuenca-luego-ira-a-quito\\\/\",\"name\":\"Universidad de las Artes - Daniel Ochoa llega con sus \u201cTerritorios Indomables\u201d a Cuenca, luego a Quito\",\"isPartOf\":{\"@id\":\"https:\\\/\\\/www.uartes.edu.ec\\\/sitio\\\/fr\\\/#website\"},\"primaryImageOfPage\":{\"@id\":\"https:\\\/\\\/www.uartes.edu.ec\\\/sitio\\\/fr\\\/blog\\\/2023\\\/06\\\/09\\\/daniel-ochoa-llega-con-sus-territorios-indomables-a-cuenca-luego-ira-a-quito\\\/#primaryimage\"},\"image\":{\"@id\":\"https:\\\/\\\/www.uartes.edu.ec\\\/sitio\\\/fr\\\/blog\\\/2023\\\/06\\\/09\\\/daniel-ochoa-llega-con-sus-territorios-indomables-a-cuenca-luego-ira-a-quito\\\/#primaryimage\"},\"thumbnailUrl\":\"https:\\\/\\\/www.uartes.edu.ec\\\/sitio\\\/wp-content\\\/uploads\\\/2023\\\/06\\\/04-DO-WEB.jpg\",\"datePublished\":\"2023-06-09T23:33:00+00:00\",\"dateModified\":\"2024-07-04T16:21:06+00:00\",\"description\":\"Universidad de las Artes - Daniel Ochoa llega con sus \u201cTerritorios Indomables\u201d a Cuenca, luego a Quito\",\"breadcrumb\":{\"@id\":\"https:\\\/\\\/www.uartes.edu.ec\\\/sitio\\\/fr\\\/blog\\\/2023\\\/06\\\/09\\\/daniel-ochoa-llega-con-sus-territorios-indomables-a-cuenca-luego-ira-a-quito\\\/#breadcrumb\"},\"inLanguage\":\"fr-FR\",\"potentialAction\":[{\"@type\":\"ReadAction\",\"target\":[\"https:\\\/\\\/www.uartes.edu.ec\\\/sitio\\\/fr\\\/blog\\\/2023\\\/06\\\/09\\\/daniel-ochoa-llega-con-sus-territorios-indomables-a-cuenca-luego-ira-a-quito\\\/\"]}]},{\"@type\":\"ImageObject\",\"inLanguage\":\"fr-FR\",\"@id\":\"https:\\\/\\\/www.uartes.edu.ec\\\/sitio\\\/fr\\\/blog\\\/2023\\\/06\\\/09\\\/daniel-ochoa-llega-con-sus-territorios-indomables-a-cuenca-luego-ira-a-quito\\\/#primaryimage\",\"url\":\"https:\\\/\\\/www.uartes.edu.ec\\\/sitio\\\/wp-content\\\/uploads\\\/2023\\\/06\\\/04-DO-WEB.jpg\",\"contentUrl\":\"https:\\\/\\\/www.uartes.edu.ec\\\/sitio\\\/wp-content\\\/uploads\\\/2023\\\/06\\\/04-DO-WEB.jpg\",\"width\":2000,\"height\":1333},{\"@type\":\"BreadcrumbList\",\"@id\":\"https:\\\/\\\/www.uartes.edu.ec\\\/sitio\\\/fr\\\/blog\\\/2023\\\/06\\\/09\\\/daniel-ochoa-llega-con-sus-territorios-indomables-a-cuenca-luego-ira-a-quito\\\/#breadcrumb\",\"itemListElement\":[{\"@type\":\"ListItem\",\"position\":1,\"name\":\"Inicio\",\"item\":\"https:\\\/\\\/www.uartes.edu.ec\\\/sitio\\\/\"},{\"@type\":\"ListItem\",\"position\":2,\"name\":\"Daniel Ochoa llega con sus \u201cTerritorios Indomables\u201d a Cuenca, luego a Quito\"}]},{\"@type\":\"WebSite\",\"@id\":\"https:\\\/\\\/www.uartes.edu.ec\\\/sitio\\\/fr\\\/#website\",\"url\":\"https:\\\/\\\/www.uartes.edu.ec\\\/sitio\\\/fr\\\/\",\"name\":\"Universidad de las Artes\",\"description\":\"Sitio oficial de la Universidad Nacional de las Artes del Ecuador\",\"publisher\":{\"@id\":\"https:\\\/\\\/www.uartes.edu.ec\\\/sitio\\\/fr\\\/#organization\"},\"potentialAction\":[{\"@type\":\"SearchAction\",\"target\":{\"@type\":\"EntryPoint\",\"urlTemplate\":\"https:\\\/\\\/www.uartes.edu.ec\\\/sitio\\\/fr\\\/?s={search_term_string}\"},\"query-input\":{\"@type\":\"PropertyValueSpecification\",\"valueRequired\":true,\"valueName\":\"search_term_string\"}}],\"inLanguage\":\"fr-FR\"},{\"@type\":\"Organization\",\"@id\":\"https:\\\/\\\/www.uartes.edu.ec\\\/sitio\\\/fr\\\/#organization\",\"name\":\"Universidad de las Artes\",\"url\":\"https:\\\/\\\/www.uartes.edu.ec\\\/sitio\\\/fr\\\/\",\"logo\":{\"@type\":\"ImageObject\",\"inLanguage\":\"fr-FR\",\"@id\":\"https:\\\/\\\/www.uartes.edu.ec\\\/sitio\\\/fr\\\/#\\\/schema\\\/logo\\\/image\\\/\",\"url\":\"https:\\\/\\\/www.uartes.edu.ec\\\/sitio\\\/wp-content\\\/uploads\\\/2022\\\/07\\\/logo-ua-horizontal.png\",\"contentUrl\":\"https:\\\/\\\/www.uartes.edu.ec\\\/sitio\\\/wp-content\\\/uploads\\\/2022\\\/07\\\/logo-ua-horizontal.png\",\"width\":800,\"height\":276,\"caption\":\"Universidad de las Artes\"},\"image\":{\"@id\":\"https:\\\/\\\/www.uartes.edu.ec\\\/sitio\\\/fr\\\/#\\\/schema\\\/logo\\\/image\\\/\"},\"sameAs\":[\"https:\\\/\\\/www.facebook.com\\\/uartesec\",\"https:\\\/\\\/x.com\\\/uartesec\",\"https:\\\/\\\/www.tiktok.com\\\/@uartesec\"]},{\"@type\":\"Person\",\"@id\":\"https:\\\/\\\/www.uartes.edu.ec\\\/sitio\\\/fr\\\/#\\\/schema\\\/person\\\/efa1b8275797664fd7f13a79ccc0b1f4\",\"name\":\"ccortez\",\"image\":{\"@type\":\"ImageObject\",\"inLanguage\":\"fr-FR\",\"@id\":\"https:\\\/\\\/secure.gravatar.com\\\/avatar\\\/b2a6f664a3ae8e074346ef91775736c5ec479e637ecced6842de9dc98b5da9cd?s=96&d=mm&r=g\",\"url\":\"https:\\\/\\\/secure.gravatar.com\\\/avatar\\\/b2a6f664a3ae8e074346ef91775736c5ec479e637ecced6842de9dc98b5da9cd?s=96&d=mm&r=g\",\"contentUrl\":\"https:\\\/\\\/secure.gravatar.com\\\/avatar\\\/b2a6f664a3ae8e074346ef91775736c5ec479e637ecced6842de9dc98b5da9cd?s=96&d=mm&r=g\",\"caption\":\"ccortez\"},\"url\":\"https:\\\/\\\/www.uartes.edu.ec\\\/sitio\\\/fr\\\/blog\\\/author\\\/ccortez\\\/\"}]}<\/script>\n<!-- \/ Yoast SEO plugin. -->","yoast_head_json":{"title":"Universidad de las Artes - Daniel Ochoa llega con sus \u201cTerritorios Indomables\u201d a Cuenca, luego a Quito","description":"Universidad de las Artes - Daniel Ochoa llega con sus \u201cTerritorios Indomables\u201d a Cuenca, luego a Quito","robots":{"index":"index","follow":"follow","max-snippet":"max-snippet:-1","max-image-preview":"max-image-preview:large","max-video-preview":"max-video-preview:-1"},"canonical":"https:\/\/www.uartes.edu.ec\/sitio\/fr\/blog\/2023\/06\/09\/daniel-ochoa-llega-con-sus-territorios-indomables-a-cuenca-luego-ira-a-quito\/","og_locale":"fr_FR","og_type":"article","og_title":"Universidad de las Artes - Daniel Ochoa llega con sus \u201cTerritorios Indomables\u201d a Cuenca, luego a Quito","og_description":"Universidad de las Artes - Daniel Ochoa llega con sus \u201cTerritorios Indomables\u201d a Cuenca, luego a Quito","og_url":"https:\/\/www.uartes.edu.ec\/sitio\/fr\/blog\/2023\/06\/09\/daniel-ochoa-llega-con-sus-territorios-indomables-a-cuenca-luego-ira-a-quito\/","og_site_name":"Universidad de las Artes","article_publisher":"https:\/\/www.facebook.com\/uartesec","article_published_time":"2023-06-09T23:33:00+00:00","article_modified_time":"2024-07-04T16:21:06+00:00","og_image":[{"width":2000,"height":1333,"url":"https:\/\/www.uartes.edu.ec\/sitio\/wp-content\/uploads\/2023\/06\/04-DO-WEB.jpg","type":"image\/jpeg"}],"author":"ccortez","twitter_card":"summary_large_image","twitter_creator":"@uartesec","twitter_site":"@uartesec","twitter_misc":{"\u00c9crit par":"ccortez","Dur\u00e9e de lecture estim\u00e9e":"3 minutes"},"schema":{"@context":"https:\/\/schema.org","@graph":[{"@type":"Article","@id":"https:\/\/www.uartes.edu.ec\/sitio\/fr\/blog\/2023\/06\/09\/daniel-ochoa-llega-con-sus-territorios-indomables-a-cuenca-luego-ira-a-quito\/#article","isPartOf":{"@id":"https:\/\/www.uartes.edu.ec\/sitio\/fr\/blog\/2023\/06\/09\/daniel-ochoa-llega-con-sus-territorios-indomables-a-cuenca-luego-ira-a-quito\/"},"author":{"name":"ccortez","@id":"https:\/\/www.uartes.edu.ec\/sitio\/fr\/#\/schema\/person\/efa1b8275797664fd7f13a79ccc0b1f4"},"headline":"Daniel Ochoa llega con sus \u201cTerritorios Indomables\u201d a Cuenca, luego a Quito","datePublished":"2023-06-09T23:33:00+00:00","dateModified":"2024-07-04T16:21:06+00:00","mainEntityOfPage":{"@id":"https:\/\/www.uartes.edu.ec\/sitio\/fr\/blog\/2023\/06\/09\/daniel-ochoa-llega-con-sus-territorios-indomables-a-cuenca-luego-ira-a-quito\/"},"wordCount":470,"commentCount":0,"publisher":{"@id":"https:\/\/www.uartes.edu.ec\/sitio\/fr\/#organization"},"image":{"@id":"https:\/\/www.uartes.edu.ec\/sitio\/fr\/blog\/2023\/06\/09\/daniel-ochoa-llega-con-sus-territorios-indomables-a-cuenca-luego-ira-a-quito\/#primaryimage"},"thumbnailUrl":"https:\/\/www.uartes.edu.ec\/sitio\/wp-content\/uploads\/2023\/06\/04-DO-WEB.jpg","keywords":["proyecto expositivo"],"articleSection":["Artes Visuales","Estudiantes"],"inLanguage":"fr-FR","potentialAction":[{"@type":"CommentAction","name":"Comment","target":["https:\/\/www.uartes.edu.ec\/sitio\/fr\/blog\/2023\/06\/09\/daniel-ochoa-llega-con-sus-territorios-indomables-a-cuenca-luego-ira-a-quito\/#respond"]}]},{"@type":["WebPage","ItemPage"],"@id":"https:\/\/www.uartes.edu.ec\/sitio\/fr\/blog\/2023\/06\/09\/daniel-ochoa-llega-con-sus-territorios-indomables-a-cuenca-luego-ira-a-quito\/","url":"https:\/\/www.uartes.edu.ec\/sitio\/fr\/blog\/2023\/06\/09\/daniel-ochoa-llega-con-sus-territorios-indomables-a-cuenca-luego-ira-a-quito\/","name":"Universidad de las Artes - Daniel Ochoa llega con sus \u201cTerritorios Indomables\u201d a Cuenca, luego a Quito","isPartOf":{"@id":"https:\/\/www.uartes.edu.ec\/sitio\/fr\/#website"},"primaryImageOfPage":{"@id":"https:\/\/www.uartes.edu.ec\/sitio\/fr\/blog\/2023\/06\/09\/daniel-ochoa-llega-con-sus-territorios-indomables-a-cuenca-luego-ira-a-quito\/#primaryimage"},"image":{"@id":"https:\/\/www.uartes.edu.ec\/sitio\/fr\/blog\/2023\/06\/09\/daniel-ochoa-llega-con-sus-territorios-indomables-a-cuenca-luego-ira-a-quito\/#primaryimage"},"thumbnailUrl":"https:\/\/www.uartes.edu.ec\/sitio\/wp-content\/uploads\/2023\/06\/04-DO-WEB.jpg","datePublished":"2023-06-09T23:33:00+00:00","dateModified":"2024-07-04T16:21:06+00:00","description":"Universidad de las Artes - Daniel Ochoa llega con sus \u201cTerritorios Indomables\u201d a Cuenca, luego a Quito","breadcrumb":{"@id":"https:\/\/www.uartes.edu.ec\/sitio\/fr\/blog\/2023\/06\/09\/daniel-ochoa-llega-con-sus-territorios-indomables-a-cuenca-luego-ira-a-quito\/#breadcrumb"},"inLanguage":"fr-FR","potentialAction":[{"@type":"ReadAction","target":["https:\/\/www.uartes.edu.ec\/sitio\/fr\/blog\/2023\/06\/09\/daniel-ochoa-llega-con-sus-territorios-indomables-a-cuenca-luego-ira-a-quito\/"]}]},{"@type":"ImageObject","inLanguage":"fr-FR","@id":"https:\/\/www.uartes.edu.ec\/sitio\/fr\/blog\/2023\/06\/09\/daniel-ochoa-llega-con-sus-territorios-indomables-a-cuenca-luego-ira-a-quito\/#primaryimage","url":"https:\/\/www.uartes.edu.ec\/sitio\/wp-content\/uploads\/2023\/06\/04-DO-WEB.jpg","contentUrl":"https:\/\/www.uartes.edu.ec\/sitio\/wp-content\/uploads\/2023\/06\/04-DO-WEB.jpg","width":2000,"height":1333},{"@type":"BreadcrumbList","@id":"https:\/\/www.uartes.edu.ec\/sitio\/fr\/blog\/2023\/06\/09\/daniel-ochoa-llega-con-sus-territorios-indomables-a-cuenca-luego-ira-a-quito\/#breadcrumb","itemListElement":[{"@type":"ListItem","position":1,"name":"Inicio","item":"https:\/\/www.uartes.edu.ec\/sitio\/"},{"@type":"ListItem","position":2,"name":"Daniel Ochoa llega con sus \u201cTerritorios Indomables\u201d a Cuenca, luego a Quito"}]},{"@type":"WebSite","@id":"https:\/\/www.uartes.edu.ec\/sitio\/fr\/#website","url":"https:\/\/www.uartes.edu.ec\/sitio\/fr\/","name":"Universidad de las Artes","description":"Sitio oficial de la Universidad Nacional de las Artes del Ecuador","publisher":{"@id":"https:\/\/www.uartes.edu.ec\/sitio\/fr\/#organization"},"potentialAction":[{"@type":"SearchAction","target":{"@type":"EntryPoint","urlTemplate":"https:\/\/www.uartes.edu.ec\/sitio\/fr\/?s={search_term_string}"},"query-input":{"@type":"PropertyValueSpecification","valueRequired":true,"valueName":"search_term_string"}}],"inLanguage":"fr-FR"},{"@type":"Organization","@id":"https:\/\/www.uartes.edu.ec\/sitio\/fr\/#organization","name":"Universidad de las Artes","url":"https:\/\/www.uartes.edu.ec\/sitio\/fr\/","logo":{"@type":"ImageObject","inLanguage":"fr-FR","@id":"https:\/\/www.uartes.edu.ec\/sitio\/fr\/#\/schema\/logo\/image\/","url":"https:\/\/www.uartes.edu.ec\/sitio\/wp-content\/uploads\/2022\/07\/logo-ua-horizontal.png","contentUrl":"https:\/\/www.uartes.edu.ec\/sitio\/wp-content\/uploads\/2022\/07\/logo-ua-horizontal.png","width":800,"height":276,"caption":"Universidad de las Artes"},"image":{"@id":"https:\/\/www.uartes.edu.ec\/sitio\/fr\/#\/schema\/logo\/image\/"},"sameAs":["https:\/\/www.facebook.com\/uartesec","https:\/\/x.com\/uartesec","https:\/\/www.tiktok.com\/@uartesec"]},{"@type":"Person","@id":"https:\/\/www.uartes.edu.ec\/sitio\/fr\/#\/schema\/person\/efa1b8275797664fd7f13a79ccc0b1f4","name":"ccortez","image":{"@type":"ImageObject","inLanguage":"fr-FR","@id":"https:\/\/secure.gravatar.com\/avatar\/b2a6f664a3ae8e074346ef91775736c5ec479e637ecced6842de9dc98b5da9cd?s=96&d=mm&r=g","url":"https:\/\/secure.gravatar.com\/avatar\/b2a6f664a3ae8e074346ef91775736c5ec479e637ecced6842de9dc98b5da9cd?s=96&d=mm&r=g","contentUrl":"https:\/\/secure.gravatar.com\/avatar\/b2a6f664a3ae8e074346ef91775736c5ec479e637ecced6842de9dc98b5da9cd?s=96&d=mm&r=g","caption":"ccortez"},"url":"https:\/\/www.uartes.edu.ec\/sitio\/fr\/blog\/author\/ccortez\/"}]}},"uagb_featured_image_src":{"full":["https:\/\/www.uartes.edu.ec\/sitio\/wp-content\/uploads\/2023\/06\/04-DO-WEB.jpg",2000,1333,false],"thumbnail":["https:\/\/www.uartes.edu.ec\/sitio\/wp-content\/uploads\/2023\/06\/04-DO-WEB-150x150.jpg",150,150,true],"medium":["https:\/\/www.uartes.edu.ec\/sitio\/wp-content\/uploads\/2023\/06\/04-DO-WEB-300x200.jpg",300,200,true],"medium_large":["https:\/\/www.uartes.edu.ec\/sitio\/wp-content\/uploads\/2023\/06\/04-DO-WEB-768x512.jpg",768,512,true],"large":["https:\/\/www.uartes.edu.ec\/sitio\/wp-content\/uploads\/2023\/06\/04-DO-WEB-644x429.jpg",644,429,true],"1536x1536":["https:\/\/www.uartes.edu.ec\/sitio\/wp-content\/uploads\/2023\/06\/04-DO-WEB-1536x1024.jpg",1536,1024,true],"2048x2048":["https:\/\/www.uartes.edu.ec\/sitio\/wp-content\/uploads\/2023\/06\/04-DO-WEB.jpg",2000,1333,false],"trp-custom-language-flag":["https:\/\/www.uartes.edu.ec\/sitio\/wp-content\/uploads\/2023\/06\/04-DO-WEB.jpg",18,12,false],"htmega_size_585x295":["https:\/\/www.uartes.edu.ec\/sitio\/wp-content\/uploads\/2023\/06\/04-DO-WEB-585x295.jpg",585,295,true],"htmega_size_1170x536":["https:\/\/www.uartes.edu.ec\/sitio\/wp-content\/uploads\/2023\/06\/04-DO-WEB-1170x536.jpg",1170,536,true],"htmega_size_396x360":["https:\/\/www.uartes.edu.ec\/sitio\/wp-content\/uploads\/2023\/06\/04-DO-WEB-396x360.jpg",396,360,true],"gb-block-post-grid-landscape":["https:\/\/www.uartes.edu.ec\/sitio\/wp-content\/uploads\/2023\/06\/04-DO-WEB-600x400.jpg",600,400,true],"gb-block-post-grid-square":["https:\/\/www.uartes.edu.ec\/sitio\/wp-content\/uploads\/2023\/06\/04-DO-WEB-600x600.jpg",600,600,true],"university-hub-thumb":["https:\/\/www.uartes.edu.ec\/sitio\/wp-content\/uploads\/2023\/06\/04-DO-WEB-400x267.jpg",400,267,true]},"uagb_author_info":{"display_name":"ccortez","author_link":"https:\/\/www.uartes.edu.ec\/sitio\/fr\/blog\/author\/ccortez\/"},"uagb_comment_info":0,"uagb_excerpt":"Pr\u00f3ximo a entrar a titulaci\u00f3n, el estudiante Daniel Ochoa de la Escuela de Artes Visuales cumple una gira itinerante con \u201cTerritorios Indomables\u201d, proyecto expositivo cuyo autor superpone im\u00e1genes para construir escenarios posibles de una geograf\u00eda apocal\u00edptica del caos. El patinador y artista visual, quien en la UArtes cursa el noveno semestre, inaugur\u00f3 su muestra este\u2026","featured_image_src":"https:\/\/www.uartes.edu.ec\/sitio\/wp-content\/uploads\/2023\/06\/04-DO-WEB-600x400.jpg","featured_image_src_square":"https:\/\/www.uartes.edu.ec\/sitio\/wp-content\/uploads\/2023\/06\/04-DO-WEB-600x600.jpg","author_info":{"display_name":"ccortez","author_link":"https:\/\/www.uartes.edu.ec\/sitio\/fr\/blog\/author\/ccortez\/"},"publishpress_future_workflow_manual_trigger":{"enabledWorkflows":[]},"distributor_meta":false,"distributor_terms":false,"distributor_media":false,"distributor_original_site_name":"Universidad de las Artes","distributor_original_site_url":"https:\/\/www.uartes.edu.ec\/sitio\/fr","push-errors":false,"_links":{"self":[{"href":"https:\/\/www.uartes.edu.ec\/sitio\/fr\/wp-json\/wp\/v2\/posts\/43080","targetHints":{"allow":["GET"]}}],"collection":[{"href":"https:\/\/www.uartes.edu.ec\/sitio\/fr\/wp-json\/wp\/v2\/posts"}],"about":[{"href":"https:\/\/www.uartes.edu.ec\/sitio\/fr\/wp-json\/wp\/v2\/types\/post"}],"author":[{"embeddable":true,"href":"https:\/\/www.uartes.edu.ec\/sitio\/fr\/wp-json\/wp\/v2\/users\/10"}],"replies":[{"embeddable":true,"href":"https:\/\/www.uartes.edu.ec\/sitio\/fr\/wp-json\/wp\/v2\/comments?post=43080"}],"version-history":[{"count":4,"href":"https:\/\/www.uartes.edu.ec\/sitio\/fr\/wp-json\/wp\/v2\/posts\/43080\/revisions"}],"predecessor-version":[{"id":43092,"href":"https:\/\/www.uartes.edu.ec\/sitio\/fr\/wp-json\/wp\/v2\/posts\/43080\/revisions\/43092"}],"wp:featuredmedia":[{"embeddable":true,"href":"https:\/\/www.uartes.edu.ec\/sitio\/fr\/wp-json\/wp\/v2\/media\/43081"}],"wp:attachment":[{"href":"https:\/\/www.uartes.edu.ec\/sitio\/fr\/wp-json\/wp\/v2\/media?parent=43080"}],"wp:term":[{"taxonomy":"category","embeddable":true,"href":"https:\/\/www.uartes.edu.ec\/sitio\/fr\/wp-json\/wp\/v2\/categories?post=43080"},{"taxonomy":"post_tag","embeddable":true,"href":"https:\/\/www.uartes.edu.ec\/sitio\/fr\/wp-json\/wp\/v2\/tags?post=43080"},{"taxonomy":"infouartes","embeddable":true,"href":"https:\/\/www.uartes.edu.ec\/sitio\/fr\/wp-json\/wp\/v2\/infouartes?post=43080"}],"curies":[{"name":"wp","href":"https:\/\/api.w.org\/{rel}","templated":true}]}}