{"id":43639,"date":"2023-06-23T12:22:12","date_gmt":"2023-06-23T17:22:12","guid":{"rendered":"https:\/\/www.uartes.edu.ec\/sitio\/?p=43639"},"modified":"2024-07-04T11:21:03","modified_gmt":"2024-07-04T16:21:03","slug":"la-academia-en-especial-la-uartes-es-fundamental-para-la-politica-publica-cultural-en-la-que-trabaja-el-municipio","status":"publish","type":"post","link":"https:\/\/www.uartes.edu.ec\/sitio\/fr\/blog\/2023\/06\/23\/la-academia-en-especial-la-uartes-es-fundamental-para-la-politica-publica-cultural-en-la-que-trabaja-el-municipio\/","title":{"rendered":"La academia, en especial la UArtes, es fundamental para la pol\u00edtica p\u00fablica cultural en la que trabaja el Municipio"},"content":{"rendered":"<p>Desde la nueva administraci\u00f3n de la Alcald\u00eda Ciudadana de Guayaquil se est\u00e1 trabajando en un nuevo concepto de cultura. Lo revel\u00f3 la vicealcadesa de Guayaquil, Blanca L\u00f3pez, en su intervenci\u00f3n en el acto inaugural del 3er Encuentro de Pol\u00edticas y Econom\u00eda de la Cultura al que fue invitada. Tuvo lugar este mi\u00e9rcoles 21 de junio en la Plaza P\u00fablica del MZ14. La cita de tres d\u00edas la organiza el Observatorio de la Universidad de las Artes. &nbsp;<\/p>\n\n\n\n<p>L\u00f3pez indic\u00f3 que en anteriores ocasiones ha dialogado con el rector de la UArtes, doctor William Herrera, respecto a unas acciones que se tomar\u00e1n de manera conjunta. Agradeci\u00f3 al director del Observatorio y del ILIA, Pablo Cardoso, por la invitaci\u00f3n a ser parte de este gran proyecto y, sobre todo, a quienes viven y sienten a Guayaquil y forman parte del encuentro.<\/p>\n\n\n\n<p>Cont\u00f3 que con su equipo de trabajo coinciden en que la cultura es esencial para el desarrollo de nuestra sociedad. Hablamos de una cultura que puede ser integradora y nos permite entender la diversidad y en esa l\u00f3gica como Alcald\u00eda Ciudadana de Guayaquil han asumido y enfrentado uno de los mayores retos: construir un nuevo concepto de cultura que por muchos a\u00f1os ha sido mal interpretado. Despu\u00e9s de 31 a\u00f1os de una misma administraci\u00f3n y visi\u00f3n sobre la cultura, la han definido como una cultura limitante y disociadora.<\/p>\n\n\n<div class=\"wp-block-image\">\n<figure class=\"aligncenter size-large\"><img fetchpriority=\"high\" decoding=\"async\" width=\"644\" height=\"429\" src=\"https:\/\/www.uartes.edu.ec\/sitio\/wp-content\/uploads\/2023\/06\/06-TERCER-ENCUENTRO-POLITICAS-Y-ECONOMIA-644x429.jpg\" alt=\"\" class=\"wp-image-43644\" srcset=\"https:\/\/www.uartes.edu.ec\/sitio\/wp-content\/uploads\/2023\/06\/06-TERCER-ENCUENTRO-POLITICAS-Y-ECONOMIA-644x429.jpg 644w, https:\/\/www.uartes.edu.ec\/sitio\/wp-content\/uploads\/2023\/06\/06-TERCER-ENCUENTRO-POLITICAS-Y-ECONOMIA-768x511.jpg 768w, https:\/\/www.uartes.edu.ec\/sitio\/wp-content\/uploads\/2023\/06\/06-TERCER-ENCUENTRO-POLITICAS-Y-ECONOMIA.jpg 2000w, https:\/\/www.uartes.edu.ec\/sitio\/wp-content\/uploads\/2023\/06\/06-TERCER-ENCUENTRO-POLITICAS-Y-ECONOMIA-600x399.jpg 600w, https:\/\/www.uartes.edu.ec\/sitio\/wp-content\/uploads\/2023\/06\/06-TERCER-ENCUENTRO-POLITICAS-Y-ECONOMIA-272x182.jpg 272w\" sizes=\"(max-width: 644px) 100vw, 644px\" \/><\/figure>\n<\/div>\n\n\n<p>La vicealcaldesa L\u00f3pez lament\u00f3 haber encontrado, despu\u00e9s de 31 a\u00f1os de una misma administraci\u00f3n, que no se ha considerado la diversidad que existe en Guayaquil, que se haya relegada un segundo plano trabajar a la cultura desde donde se debe: en territorio, con la gente. Se han propuesto, anot\u00f3, trabajarlo en coordinaci\u00f3n con la academia y los diferentes actores culturales que forman parte de la ciudad.<\/p>\n\n\n\n<p>Manifest\u00f3 tambi\u00e9n que la nueva administraci\u00f3n considera que la cultura debe llevar consigo una generaci\u00f3n que trabaje en generar una identidad cantonal, que abra el di\u00e1logo y comprenda la diversidad y ofrezca a las nuevas generaciones oportunidades de desarrollo integral.<\/p>\n\n\n\n<p>Que compart\u00eda con el rector, dijo, que la cultura es fundamental para lograr \u201cque nuestra generaci\u00f3n, la de los j\u00f3venes, la de los adultos y la de los ni\u00f1os y adolescentes puedan crecer en una ciudad y pa\u00eds donde se consideren sus expresiones art\u00edsticas, que se los escuche y puedan interrelacionar. Creemos firmemente que la cultura no se debe tratar al margen de otros ejes, como el econ\u00f3mico, de movilidad, de seguridad. La sentimos como un eje transversal de desarrollo ciudadano, como un catalizador de desarrollo social y consideramos que se construye y fortalece desde lo m\u00e1s importante que tenemos: la participaci\u00f3n ciudadana\u201d.<\/p>\n\n\n\n<p>La construimos junto a cada ciudadano que vive y siente en Guayaquil, precis\u00f3 y se\u00f1al\u00f3 que desde la Alcald\u00eda Ciudadana se est\u00e1 trabajando en una pol\u00edtica p\u00fablica cultural y no solo con el apoyo del equipo t\u00e9cnico de directores asesores, tambi\u00e9n con el apoyo de los artistas, gestores y trabajadores de la cultura que han formado parte de las mesas t\u00e9cnicas.<\/p>\n\n\n\n<p>La academia, en especial la Universidad de las Artes, es fundamental para el desarrollo de la pol\u00edtica p\u00fablica cultural que trabajan.<\/p>\n\n\n<div class=\"wp-block-image\">\n<figure class=\"aligncenter size-large\"><img decoding=\"async\" width=\"644\" height=\"429\" src=\"https:\/\/www.uartes.edu.ec\/sitio\/wp-content\/uploads\/2023\/06\/12-TERCER-ENCUENTRO-POLITICAS-Y-ECONOMIA-644x429.jpg\" alt=\"\" class=\"wp-image-43648\" srcset=\"https:\/\/www.uartes.edu.ec\/sitio\/wp-content\/uploads\/2023\/06\/12-TERCER-ENCUENTRO-POLITICAS-Y-ECONOMIA-644x429.jpg 644w, https:\/\/www.uartes.edu.ec\/sitio\/wp-content\/uploads\/2023\/06\/12-TERCER-ENCUENTRO-POLITICAS-Y-ECONOMIA-768x511.jpg 768w, https:\/\/www.uartes.edu.ec\/sitio\/wp-content\/uploads\/2023\/06\/12-TERCER-ENCUENTRO-POLITICAS-Y-ECONOMIA.jpg 2000w, https:\/\/www.uartes.edu.ec\/sitio\/wp-content\/uploads\/2023\/06\/12-TERCER-ENCUENTRO-POLITICAS-Y-ECONOMIA-600x399.jpg 600w, https:\/\/www.uartes.edu.ec\/sitio\/wp-content\/uploads\/2023\/06\/12-TERCER-ENCUENTRO-POLITICAS-Y-ECONOMIA-272x182.jpg 272w\" sizes=\"(max-width: 644px) 100vw, 644px\" \/><\/figure>\n<\/div>\n\n\n<p>Bajo esta l\u00ednea resalt\u00f3 que en sinergia con el territorio local desde la alcald\u00eda trabajan en reformar la ordenanza de reordenamiento territorial, cuyo principal objetivo es descentralizar la gesti\u00f3n municipal y acercar sus servicios a los guayaquile\u00f1os. C\u00f3mo se desarrolla esto con la cultura, plante\u00f3 como interrogante y se respondi\u00f3 que el rol importante que jugamos quienes tenemos una nueva visi\u00f3n de ella. \u201cPor ello trabajamos en un pol\u00edgono destinado a la cultura, que nos permite incluir toda la informaci\u00f3n relevante tanto en patrimonio como en cultura y que al gener\u00e1rsela se logre integrarla con el desarrollo tur\u00edstico que merece a la ciudad\u201d.<\/p>\n\n\n\n<p>Es imperativo llevar a territorio expresiones art\u00edsticas y culturales, \u201ccreemos que una de las mayores disputas que han tenido los gestores y en especial la academia, a trav\u00e9s de la UArtes, ha sido el espacio p\u00fablico como un lugar de socializaci\u00f3n, interrelaci\u00f3n y expresi\u00f3n cultural, por muchos a\u00f1os negados.<\/p>\n\n\n\n<p>Queremos que los artistas y estudiantes puedan hacer uso de los espacios p\u00fablicos para sus expresiones, poder trabajar en conjunto entre el Municipio, las organizaciones, los gestores culturales y la academia. Lo estamos construyendo paso a paso, manifest\u00f3 la vicealcaldesa de Guayaquil, quien felicit\u00f3 el espacio generado por el Observatorio de la UArtes.<\/p>\n\n\n\n<p>Mencion\u00f3 que no se puede desde la comodidad de una oficina generar soluciones para atender las necesidades de la gente. \u201cEl mayor objetivo que tenemos es que Guayaquil vuelva a ser de los guayaquile\u00f1os, que sea un ejemplo de cultura, de patrimonio y que rescate la memoria hist\u00f3rica de su ciudad y ciudadanos\u201d.<\/p>\n\n\n\n<p>Cobertura\/Texto: Carmen Cortez<\/p>","protected":false},"excerpt":{"rendered":"<p>Desde la nueva administraci\u00f3n de la Alcald\u00eda Ciudadana de Guayaquil se est\u00e1 trabajando en un nuevo concepto de cultura. Lo revel\u00f3 la vicealcadesa de Guayaquil, Blanca L\u00f3pez, en su intervenci\u00f3n en el acto inaugural del 3er Encuentro de Pol\u00edticas y Econom\u00eda de la Cultura al que fue invitada. Tuvo lugar este mi\u00e9rcoles 21 de junio en la Plaza P\u00fablica del MZ14. La cita de tres d\u00edas la organiza el Observatorio.  <\/p>","protected":false},"author":10,"featured_media":43643,"comment_status":"open","ping_status":"open","sticky":false,"template":"","format":"standard","meta":{"_acf_changed":false,"_uag_custom_page_level_css":"","_monsterinsights_skip_tracking":false,"_monsterinsights_sitenote_active":false,"_monsterinsights_sitenote_note":"","_monsterinsights_sitenote_category":0,"cybocfi_hide_featured_image":"","footnotes":""},"categories":[80,490,75,76,77,284,83],"tags":[1005],"infouartes":[],"class_list":["post-43639","post","type-post","status-publish","format-standard","has-post-thumbnail","hentry","category-academico","category-alumni","category-docentes","category-estudiantes","category-gestion","category-investigacion","category-sedes","tag-encuentro-del-observatorio"],"acf":[],"yoast_head":"<!-- This site is optimized with the Yoast SEO plugin v27.4 - https:\/\/yoast.com\/product\/yoast-seo-wordpress\/ -->\n<title>Universidad de las Artes - La academia, en especial la UArtes, es fundamental para la pol\u00edtica p\u00fablica cultural en la que trabaja el Municipio<\/title>\n<meta name=\"description\" content=\"Universidad de las Artes - La academia, en especial la UArtes, es fundamental para la pol\u00edtica p\u00fablica cultural en la que trabaja el Municipio\" \/>\n<meta name=\"robots\" content=\"index, follow, max-snippet:-1, max-image-preview:large, max-video-preview:-1\" \/>\n<link rel=\"canonical\" href=\"https:\/\/www.uartes.edu.ec\/sitio\/fr\/blog\/2023\/06\/23\/la-academia-en-especial-la-uartes-es-fundamental-para-la-politica-publica-cultural-en-la-que-trabaja-el-municipio\/\" \/>\n<meta property=\"og:locale\" content=\"fr_FR\" \/>\n<meta property=\"og:type\" content=\"article\" \/>\n<meta property=\"og:title\" content=\"Universidad de las Artes - La academia, en especial la UArtes, es fundamental para la pol\u00edtica p\u00fablica cultural en la que trabaja el Municipio\" \/>\n<meta property=\"og:description\" content=\"Universidad de las Artes - La academia, en especial la UArtes, es fundamental para la pol\u00edtica p\u00fablica cultural en la que trabaja el Municipio\" \/>\n<meta property=\"og:url\" content=\"https:\/\/www.uartes.edu.ec\/sitio\/fr\/blog\/2023\/06\/23\/la-academia-en-especial-la-uartes-es-fundamental-para-la-politica-publica-cultural-en-la-que-trabaja-el-municipio\/\" \/>\n<meta property=\"og:site_name\" content=\"Universidad de las Artes\" \/>\n<meta property=\"article:publisher\" content=\"https:\/\/www.facebook.com\/uartesec\" \/>\n<meta property=\"article:published_time\" content=\"2023-06-23T17:22:12+00:00\" \/>\n<meta property=\"article:modified_time\" content=\"2024-07-04T16:21:03+00:00\" \/>\n<meta property=\"og:image\" content=\"https:\/\/www.uartes.edu.ec\/sitio\/wp-content\/uploads\/2023\/06\/05-TERCER-ENCUENTRO-POLITICAS-Y-ECONOMIA.jpg\" \/>\n\t<meta property=\"og:image:width\" content=\"2000\" \/>\n\t<meta property=\"og:image:height\" content=\"1333\" \/>\n\t<meta property=\"og:image:type\" content=\"image\/jpeg\" \/>\n<meta name=\"author\" content=\"ccortez\" \/>\n<meta name=\"twitter:card\" content=\"summary_large_image\" \/>\n<meta name=\"twitter:creator\" content=\"@uartesec\" \/>\n<meta name=\"twitter:site\" content=\"@uartesec\" \/>\n<meta name=\"twitter:label1\" content=\"\u00c9crit par\" \/>\n\t<meta name=\"twitter:data1\" content=\"ccortez\" \/>\n\t<meta name=\"twitter:label2\" content=\"Dur\u00e9e de lecture estim\u00e9e\" \/>\n\t<meta name=\"twitter:data2\" content=\"4 minutes\" \/>\n<script type=\"application\/ld+json\" class=\"yoast-schema-graph\">{\"@context\":\"https:\\\/\\\/schema.org\",\"@graph\":[{\"@type\":\"Article\",\"@id\":\"https:\\\/\\\/www.uartes.edu.ec\\\/sitio\\\/fr\\\/blog\\\/2023\\\/06\\\/23\\\/la-academia-en-especial-la-uartes-es-fundamental-para-la-politica-publica-cultural-en-la-que-trabaja-el-municipio\\\/#article\",\"isPartOf\":{\"@id\":\"https:\\\/\\\/www.uartes.edu.ec\\\/sitio\\\/fr\\\/blog\\\/2023\\\/06\\\/23\\\/la-academia-en-especial-la-uartes-es-fundamental-para-la-politica-publica-cultural-en-la-que-trabaja-el-municipio\\\/\"},\"author\":{\"name\":\"ccortez\",\"@id\":\"https:\\\/\\\/www.uartes.edu.ec\\\/sitio\\\/fr\\\/#\\\/schema\\\/person\\\/efa1b8275797664fd7f13a79ccc0b1f4\"},\"headline\":\"La academia, en especial la UArtes, es fundamental para la pol\u00edtica p\u00fablica cultural en la que trabaja el Municipio\",\"datePublished\":\"2023-06-23T17:22:12+00:00\",\"dateModified\":\"2024-07-04T16:21:03+00:00\",\"mainEntityOfPage\":{\"@id\":\"https:\\\/\\\/www.uartes.edu.ec\\\/sitio\\\/fr\\\/blog\\\/2023\\\/06\\\/23\\\/la-academia-en-especial-la-uartes-es-fundamental-para-la-politica-publica-cultural-en-la-que-trabaja-el-municipio\\\/\"},\"wordCount\":864,\"commentCount\":0,\"publisher\":{\"@id\":\"https:\\\/\\\/www.uartes.edu.ec\\\/sitio\\\/fr\\\/#organization\"},\"image\":{\"@id\":\"https:\\\/\\\/www.uartes.edu.ec\\\/sitio\\\/fr\\\/blog\\\/2023\\\/06\\\/23\\\/la-academia-en-especial-la-uartes-es-fundamental-para-la-politica-publica-cultural-en-la-que-trabaja-el-municipio\\\/#primaryimage\"},\"thumbnailUrl\":\"https:\\\/\\\/www.uartes.edu.ec\\\/sitio\\\/wp-content\\\/uploads\\\/2023\\\/06\\\/05-TERCER-ENCUENTRO-POLITICAS-Y-ECONOMIA.jpg\",\"keywords\":[\"encuentro del Observatorio\"],\"articleSection\":[\"Acad\u00e9mico\",\"Alumni\",\"Docentes\",\"Estudiantes\",\"Gesti\u00f3n\",\"Investigaci\u00f3n\",\"Sedes\"],\"inLanguage\":\"fr-FR\",\"potentialAction\":[{\"@type\":\"CommentAction\",\"name\":\"Comment\",\"target\":[\"https:\\\/\\\/www.uartes.edu.ec\\\/sitio\\\/fr\\\/blog\\\/2023\\\/06\\\/23\\\/la-academia-en-especial-la-uartes-es-fundamental-para-la-politica-publica-cultural-en-la-que-trabaja-el-municipio\\\/#respond\"]}]},{\"@type\":[\"WebPage\",\"ItemPage\"],\"@id\":\"https:\\\/\\\/www.uartes.edu.ec\\\/sitio\\\/fr\\\/blog\\\/2023\\\/06\\\/23\\\/la-academia-en-especial-la-uartes-es-fundamental-para-la-politica-publica-cultural-en-la-que-trabaja-el-municipio\\\/\",\"url\":\"https:\\\/\\\/www.uartes.edu.ec\\\/sitio\\\/fr\\\/blog\\\/2023\\\/06\\\/23\\\/la-academia-en-especial-la-uartes-es-fundamental-para-la-politica-publica-cultural-en-la-que-trabaja-el-municipio\\\/\",\"name\":\"Universidad de las Artes - La academia, en especial la UArtes, es fundamental para la pol\u00edtica p\u00fablica cultural en la que trabaja el Municipio\",\"isPartOf\":{\"@id\":\"https:\\\/\\\/www.uartes.edu.ec\\\/sitio\\\/fr\\\/#website\"},\"primaryImageOfPage\":{\"@id\":\"https:\\\/\\\/www.uartes.edu.ec\\\/sitio\\\/fr\\\/blog\\\/2023\\\/06\\\/23\\\/la-academia-en-especial-la-uartes-es-fundamental-para-la-politica-publica-cultural-en-la-que-trabaja-el-municipio\\\/#primaryimage\"},\"image\":{\"@id\":\"https:\\\/\\\/www.uartes.edu.ec\\\/sitio\\\/fr\\\/blog\\\/2023\\\/06\\\/23\\\/la-academia-en-especial-la-uartes-es-fundamental-para-la-politica-publica-cultural-en-la-que-trabaja-el-municipio\\\/#primaryimage\"},\"thumbnailUrl\":\"https:\\\/\\\/www.uartes.edu.ec\\\/sitio\\\/wp-content\\\/uploads\\\/2023\\\/06\\\/05-TERCER-ENCUENTRO-POLITICAS-Y-ECONOMIA.jpg\",\"datePublished\":\"2023-06-23T17:22:12+00:00\",\"dateModified\":\"2024-07-04T16:21:03+00:00\",\"description\":\"Universidad de las Artes - La academia, en especial la UArtes, es fundamental para la pol\u00edtica p\u00fablica cultural en la que trabaja el Municipio\",\"breadcrumb\":{\"@id\":\"https:\\\/\\\/www.uartes.edu.ec\\\/sitio\\\/fr\\\/blog\\\/2023\\\/06\\\/23\\\/la-academia-en-especial-la-uartes-es-fundamental-para-la-politica-publica-cultural-en-la-que-trabaja-el-municipio\\\/#breadcrumb\"},\"inLanguage\":\"fr-FR\",\"potentialAction\":[{\"@type\":\"ReadAction\",\"target\":[\"https:\\\/\\\/www.uartes.edu.ec\\\/sitio\\\/fr\\\/blog\\\/2023\\\/06\\\/23\\\/la-academia-en-especial-la-uartes-es-fundamental-para-la-politica-publica-cultural-en-la-que-trabaja-el-municipio\\\/\"]}]},{\"@type\":\"ImageObject\",\"inLanguage\":\"fr-FR\",\"@id\":\"https:\\\/\\\/www.uartes.edu.ec\\\/sitio\\\/fr\\\/blog\\\/2023\\\/06\\\/23\\\/la-academia-en-especial-la-uartes-es-fundamental-para-la-politica-publica-cultural-en-la-que-trabaja-el-municipio\\\/#primaryimage\",\"url\":\"https:\\\/\\\/www.uartes.edu.ec\\\/sitio\\\/wp-content\\\/uploads\\\/2023\\\/06\\\/05-TERCER-ENCUENTRO-POLITICAS-Y-ECONOMIA.jpg\",\"contentUrl\":\"https:\\\/\\\/www.uartes.edu.ec\\\/sitio\\\/wp-content\\\/uploads\\\/2023\\\/06\\\/05-TERCER-ENCUENTRO-POLITICAS-Y-ECONOMIA.jpg\",\"width\":2000,\"height\":1333},{\"@type\":\"BreadcrumbList\",\"@id\":\"https:\\\/\\\/www.uartes.edu.ec\\\/sitio\\\/fr\\\/blog\\\/2023\\\/06\\\/23\\\/la-academia-en-especial-la-uartes-es-fundamental-para-la-politica-publica-cultural-en-la-que-trabaja-el-municipio\\\/#breadcrumb\",\"itemListElement\":[{\"@type\":\"ListItem\",\"position\":1,\"name\":\"Inicio\",\"item\":\"https:\\\/\\\/www.uartes.edu.ec\\\/sitio\\\/\"},{\"@type\":\"ListItem\",\"position\":2,\"name\":\"La academia, en especial la UArtes, es fundamental para la pol\u00edtica p\u00fablica cultural en la que trabaja el Municipio\"}]},{\"@type\":\"WebSite\",\"@id\":\"https:\\\/\\\/www.uartes.edu.ec\\\/sitio\\\/fr\\\/#website\",\"url\":\"https:\\\/\\\/www.uartes.edu.ec\\\/sitio\\\/fr\\\/\",\"name\":\"Universidad de las Artes\",\"description\":\"Sitio oficial de la Universidad Nacional de las Artes del Ecuador\",\"publisher\":{\"@id\":\"https:\\\/\\\/www.uartes.edu.ec\\\/sitio\\\/fr\\\/#organization\"},\"potentialAction\":[{\"@type\":\"SearchAction\",\"target\":{\"@type\":\"EntryPoint\",\"urlTemplate\":\"https:\\\/\\\/www.uartes.edu.ec\\\/sitio\\\/fr\\\/?s={search_term_string}\"},\"query-input\":{\"@type\":\"PropertyValueSpecification\",\"valueRequired\":true,\"valueName\":\"search_term_string\"}}],\"inLanguage\":\"fr-FR\"},{\"@type\":\"Organization\",\"@id\":\"https:\\\/\\\/www.uartes.edu.ec\\\/sitio\\\/fr\\\/#organization\",\"name\":\"Universidad de las Artes\",\"url\":\"https:\\\/\\\/www.uartes.edu.ec\\\/sitio\\\/fr\\\/\",\"logo\":{\"@type\":\"ImageObject\",\"inLanguage\":\"fr-FR\",\"@id\":\"https:\\\/\\\/www.uartes.edu.ec\\\/sitio\\\/fr\\\/#\\\/schema\\\/logo\\\/image\\\/\",\"url\":\"https:\\\/\\\/www.uartes.edu.ec\\\/sitio\\\/wp-content\\\/uploads\\\/2022\\\/07\\\/logo-ua-horizontal.png\",\"contentUrl\":\"https:\\\/\\\/www.uartes.edu.ec\\\/sitio\\\/wp-content\\\/uploads\\\/2022\\\/07\\\/logo-ua-horizontal.png\",\"width\":800,\"height\":276,\"caption\":\"Universidad de las Artes\"},\"image\":{\"@id\":\"https:\\\/\\\/www.uartes.edu.ec\\\/sitio\\\/fr\\\/#\\\/schema\\\/logo\\\/image\\\/\"},\"sameAs\":[\"https:\\\/\\\/www.facebook.com\\\/uartesec\",\"https:\\\/\\\/x.com\\\/uartesec\",\"https:\\\/\\\/www.tiktok.com\\\/@uartesec\"]},{\"@type\":\"Person\",\"@id\":\"https:\\\/\\\/www.uartes.edu.ec\\\/sitio\\\/fr\\\/#\\\/schema\\\/person\\\/efa1b8275797664fd7f13a79ccc0b1f4\",\"name\":\"ccortez\",\"image\":{\"@type\":\"ImageObject\",\"inLanguage\":\"fr-FR\",\"@id\":\"https:\\\/\\\/secure.gravatar.com\\\/avatar\\\/b2a6f664a3ae8e074346ef91775736c5ec479e637ecced6842de9dc98b5da9cd?s=96&d=mm&r=g\",\"url\":\"https:\\\/\\\/secure.gravatar.com\\\/avatar\\\/b2a6f664a3ae8e074346ef91775736c5ec479e637ecced6842de9dc98b5da9cd?s=96&d=mm&r=g\",\"contentUrl\":\"https:\\\/\\\/secure.gravatar.com\\\/avatar\\\/b2a6f664a3ae8e074346ef91775736c5ec479e637ecced6842de9dc98b5da9cd?s=96&d=mm&r=g\",\"caption\":\"ccortez\"},\"url\":\"https:\\\/\\\/www.uartes.edu.ec\\\/sitio\\\/fr\\\/blog\\\/author\\\/ccortez\\\/\"}]}<\/script>\n<!-- \/ Yoast SEO plugin. -->","yoast_head_json":{"title":"Universidad de las Artes - La academia, en especial la UArtes, es fundamental para la pol\u00edtica p\u00fablica cultural en la que trabaja el Municipio","description":"Universidad de las Artes - La academia, en especial la UArtes, es fundamental para la pol\u00edtica p\u00fablica cultural en la que trabaja el Municipio","robots":{"index":"index","follow":"follow","max-snippet":"max-snippet:-1","max-image-preview":"max-image-preview:large","max-video-preview":"max-video-preview:-1"},"canonical":"https:\/\/www.uartes.edu.ec\/sitio\/fr\/blog\/2023\/06\/23\/la-academia-en-especial-la-uartes-es-fundamental-para-la-politica-publica-cultural-en-la-que-trabaja-el-municipio\/","og_locale":"fr_FR","og_type":"article","og_title":"Universidad de las Artes - La academia, en especial la UArtes, es fundamental para la pol\u00edtica p\u00fablica cultural en la que trabaja el Municipio","og_description":"Universidad de las Artes - La academia, en especial la UArtes, es fundamental para la pol\u00edtica p\u00fablica cultural en la que trabaja el Municipio","og_url":"https:\/\/www.uartes.edu.ec\/sitio\/fr\/blog\/2023\/06\/23\/la-academia-en-especial-la-uartes-es-fundamental-para-la-politica-publica-cultural-en-la-que-trabaja-el-municipio\/","og_site_name":"Universidad de las Artes","article_publisher":"https:\/\/www.facebook.com\/uartesec","article_published_time":"2023-06-23T17:22:12+00:00","article_modified_time":"2024-07-04T16:21:03+00:00","og_image":[{"width":2000,"height":1333,"url":"https:\/\/www.uartes.edu.ec\/sitio\/wp-content\/uploads\/2023\/06\/05-TERCER-ENCUENTRO-POLITICAS-Y-ECONOMIA.jpg","type":"image\/jpeg"}],"author":"ccortez","twitter_card":"summary_large_image","twitter_creator":"@uartesec","twitter_site":"@uartesec","twitter_misc":{"\u00c9crit par":"ccortez","Dur\u00e9e de lecture estim\u00e9e":"4 minutes"},"schema":{"@context":"https:\/\/schema.org","@graph":[{"@type":"Article","@id":"https:\/\/www.uartes.edu.ec\/sitio\/fr\/blog\/2023\/06\/23\/la-academia-en-especial-la-uartes-es-fundamental-para-la-politica-publica-cultural-en-la-que-trabaja-el-municipio\/#article","isPartOf":{"@id":"https:\/\/www.uartes.edu.ec\/sitio\/fr\/blog\/2023\/06\/23\/la-academia-en-especial-la-uartes-es-fundamental-para-la-politica-publica-cultural-en-la-que-trabaja-el-municipio\/"},"author":{"name":"ccortez","@id":"https:\/\/www.uartes.edu.ec\/sitio\/fr\/#\/schema\/person\/efa1b8275797664fd7f13a79ccc0b1f4"},"headline":"La academia, en especial la UArtes, es fundamental para la pol\u00edtica p\u00fablica cultural en la que trabaja el Municipio","datePublished":"2023-06-23T17:22:12+00:00","dateModified":"2024-07-04T16:21:03+00:00","mainEntityOfPage":{"@id":"https:\/\/www.uartes.edu.ec\/sitio\/fr\/blog\/2023\/06\/23\/la-academia-en-especial-la-uartes-es-fundamental-para-la-politica-publica-cultural-en-la-que-trabaja-el-municipio\/"},"wordCount":864,"commentCount":0,"publisher":{"@id":"https:\/\/www.uartes.edu.ec\/sitio\/fr\/#organization"},"image":{"@id":"https:\/\/www.uartes.edu.ec\/sitio\/fr\/blog\/2023\/06\/23\/la-academia-en-especial-la-uartes-es-fundamental-para-la-politica-publica-cultural-en-la-que-trabaja-el-municipio\/#primaryimage"},"thumbnailUrl":"https:\/\/www.uartes.edu.ec\/sitio\/wp-content\/uploads\/2023\/06\/05-TERCER-ENCUENTRO-POLITICAS-Y-ECONOMIA.jpg","keywords":["encuentro del Observatorio"],"articleSection":["Acad\u00e9mico","Alumni","Docentes","Estudiantes","Gesti\u00f3n","Investigaci\u00f3n","Sedes"],"inLanguage":"fr-FR","potentialAction":[{"@type":"CommentAction","name":"Comment","target":["https:\/\/www.uartes.edu.ec\/sitio\/fr\/blog\/2023\/06\/23\/la-academia-en-especial-la-uartes-es-fundamental-para-la-politica-publica-cultural-en-la-que-trabaja-el-municipio\/#respond"]}]},{"@type":["WebPage","ItemPage"],"@id":"https:\/\/www.uartes.edu.ec\/sitio\/fr\/blog\/2023\/06\/23\/la-academia-en-especial-la-uartes-es-fundamental-para-la-politica-publica-cultural-en-la-que-trabaja-el-municipio\/","url":"https:\/\/www.uartes.edu.ec\/sitio\/fr\/blog\/2023\/06\/23\/la-academia-en-especial-la-uartes-es-fundamental-para-la-politica-publica-cultural-en-la-que-trabaja-el-municipio\/","name":"Universidad de las Artes - La academia, en especial la UArtes, es fundamental para la pol\u00edtica p\u00fablica cultural en la que trabaja el Municipio","isPartOf":{"@id":"https:\/\/www.uartes.edu.ec\/sitio\/fr\/#website"},"primaryImageOfPage":{"@id":"https:\/\/www.uartes.edu.ec\/sitio\/fr\/blog\/2023\/06\/23\/la-academia-en-especial-la-uartes-es-fundamental-para-la-politica-publica-cultural-en-la-que-trabaja-el-municipio\/#primaryimage"},"image":{"@id":"https:\/\/www.uartes.edu.ec\/sitio\/fr\/blog\/2023\/06\/23\/la-academia-en-especial-la-uartes-es-fundamental-para-la-politica-publica-cultural-en-la-que-trabaja-el-municipio\/#primaryimage"},"thumbnailUrl":"https:\/\/www.uartes.edu.ec\/sitio\/wp-content\/uploads\/2023\/06\/05-TERCER-ENCUENTRO-POLITICAS-Y-ECONOMIA.jpg","datePublished":"2023-06-23T17:22:12+00:00","dateModified":"2024-07-04T16:21:03+00:00","description":"Universidad de las Artes - La academia, en especial la UArtes, es fundamental para la pol\u00edtica p\u00fablica cultural en la que trabaja el Municipio","breadcrumb":{"@id":"https:\/\/www.uartes.edu.ec\/sitio\/fr\/blog\/2023\/06\/23\/la-academia-en-especial-la-uartes-es-fundamental-para-la-politica-publica-cultural-en-la-que-trabaja-el-municipio\/#breadcrumb"},"inLanguage":"fr-FR","potentialAction":[{"@type":"ReadAction","target":["https:\/\/www.uartes.edu.ec\/sitio\/fr\/blog\/2023\/06\/23\/la-academia-en-especial-la-uartes-es-fundamental-para-la-politica-publica-cultural-en-la-que-trabaja-el-municipio\/"]}]},{"@type":"ImageObject","inLanguage":"fr-FR","@id":"https:\/\/www.uartes.edu.ec\/sitio\/fr\/blog\/2023\/06\/23\/la-academia-en-especial-la-uartes-es-fundamental-para-la-politica-publica-cultural-en-la-que-trabaja-el-municipio\/#primaryimage","url":"https:\/\/www.uartes.edu.ec\/sitio\/wp-content\/uploads\/2023\/06\/05-TERCER-ENCUENTRO-POLITICAS-Y-ECONOMIA.jpg","contentUrl":"https:\/\/www.uartes.edu.ec\/sitio\/wp-content\/uploads\/2023\/06\/05-TERCER-ENCUENTRO-POLITICAS-Y-ECONOMIA.jpg","width":2000,"height":1333},{"@type":"BreadcrumbList","@id":"https:\/\/www.uartes.edu.ec\/sitio\/fr\/blog\/2023\/06\/23\/la-academia-en-especial-la-uartes-es-fundamental-para-la-politica-publica-cultural-en-la-que-trabaja-el-municipio\/#breadcrumb","itemListElement":[{"@type":"ListItem","position":1,"name":"Inicio","item":"https:\/\/www.uartes.edu.ec\/sitio\/"},{"@type":"ListItem","position":2,"name":"La academia, en especial la UArtes, es fundamental para la pol\u00edtica p\u00fablica cultural en la que trabaja el Municipio"}]},{"@type":"WebSite","@id":"https:\/\/www.uartes.edu.ec\/sitio\/fr\/#website","url":"https:\/\/www.uartes.edu.ec\/sitio\/fr\/","name":"Universidad de las Artes","description":"Sitio oficial de la Universidad Nacional de las Artes del Ecuador","publisher":{"@id":"https:\/\/www.uartes.edu.ec\/sitio\/fr\/#organization"},"potentialAction":[{"@type":"SearchAction","target":{"@type":"EntryPoint","urlTemplate":"https:\/\/www.uartes.edu.ec\/sitio\/fr\/?s={search_term_string}"},"query-input":{"@type":"PropertyValueSpecification","valueRequired":true,"valueName":"search_term_string"}}],"inLanguage":"fr-FR"},{"@type":"Organization","@id":"https:\/\/www.uartes.edu.ec\/sitio\/fr\/#organization","name":"Universidad de las Artes","url":"https:\/\/www.uartes.edu.ec\/sitio\/fr\/","logo":{"@type":"ImageObject","inLanguage":"fr-FR","@id":"https:\/\/www.uartes.edu.ec\/sitio\/fr\/#\/schema\/logo\/image\/","url":"https:\/\/www.uartes.edu.ec\/sitio\/wp-content\/uploads\/2022\/07\/logo-ua-horizontal.png","contentUrl":"https:\/\/www.uartes.edu.ec\/sitio\/wp-content\/uploads\/2022\/07\/logo-ua-horizontal.png","width":800,"height":276,"caption":"Universidad de las Artes"},"image":{"@id":"https:\/\/www.uartes.edu.ec\/sitio\/fr\/#\/schema\/logo\/image\/"},"sameAs":["https:\/\/www.facebook.com\/uartesec","https:\/\/x.com\/uartesec","https:\/\/www.tiktok.com\/@uartesec"]},{"@type":"Person","@id":"https:\/\/www.uartes.edu.ec\/sitio\/fr\/#\/schema\/person\/efa1b8275797664fd7f13a79ccc0b1f4","name":"ccortez","image":{"@type":"ImageObject","inLanguage":"fr-FR","@id":"https:\/\/secure.gravatar.com\/avatar\/b2a6f664a3ae8e074346ef91775736c5ec479e637ecced6842de9dc98b5da9cd?s=96&d=mm&r=g","url":"https:\/\/secure.gravatar.com\/avatar\/b2a6f664a3ae8e074346ef91775736c5ec479e637ecced6842de9dc98b5da9cd?s=96&d=mm&r=g","contentUrl":"https:\/\/secure.gravatar.com\/avatar\/b2a6f664a3ae8e074346ef91775736c5ec479e637ecced6842de9dc98b5da9cd?s=96&d=mm&r=g","caption":"ccortez"},"url":"https:\/\/www.uartes.edu.ec\/sitio\/fr\/blog\/author\/ccortez\/"}]}},"uagb_featured_image_src":{"full":["https:\/\/www.uartes.edu.ec\/sitio\/wp-content\/uploads\/2023\/06\/05-TERCER-ENCUENTRO-POLITICAS-Y-ECONOMIA.jpg",2000,1333,false],"thumbnail":["https:\/\/www.uartes.edu.ec\/sitio\/wp-content\/uploads\/2023\/06\/05-TERCER-ENCUENTRO-POLITICAS-Y-ECONOMIA-150x150.jpg",150,150,true],"medium":["https:\/\/www.uartes.edu.ec\/sitio\/wp-content\/uploads\/2023\/06\/05-TERCER-ENCUENTRO-POLITICAS-Y-ECONOMIA-300x200.jpg",300,200,true],"medium_large":["https:\/\/www.uartes.edu.ec\/sitio\/wp-content\/uploads\/2023\/06\/05-TERCER-ENCUENTRO-POLITICAS-Y-ECONOMIA-768x512.jpg",768,512,true],"large":["https:\/\/www.uartes.edu.ec\/sitio\/wp-content\/uploads\/2023\/06\/05-TERCER-ENCUENTRO-POLITICAS-Y-ECONOMIA-644x429.jpg",644,429,true],"1536x1536":["https:\/\/www.uartes.edu.ec\/sitio\/wp-content\/uploads\/2023\/06\/05-TERCER-ENCUENTRO-POLITICAS-Y-ECONOMIA-1536x1024.jpg",1536,1024,true],"2048x2048":["https:\/\/www.uartes.edu.ec\/sitio\/wp-content\/uploads\/2023\/06\/05-TERCER-ENCUENTRO-POLITICAS-Y-ECONOMIA.jpg",2000,1333,false],"trp-custom-language-flag":["https:\/\/www.uartes.edu.ec\/sitio\/wp-content\/uploads\/2023\/06\/05-TERCER-ENCUENTRO-POLITICAS-Y-ECONOMIA.jpg",18,12,false],"htmega_size_585x295":["https:\/\/www.uartes.edu.ec\/sitio\/wp-content\/uploads\/2023\/06\/05-TERCER-ENCUENTRO-POLITICAS-Y-ECONOMIA-585x295.jpg",585,295,true],"htmega_size_1170x536":["https:\/\/www.uartes.edu.ec\/sitio\/wp-content\/uploads\/2023\/06\/05-TERCER-ENCUENTRO-POLITICAS-Y-ECONOMIA-1170x536.jpg",1170,536,true],"htmega_size_396x360":["https:\/\/www.uartes.edu.ec\/sitio\/wp-content\/uploads\/2023\/06\/05-TERCER-ENCUENTRO-POLITICAS-Y-ECONOMIA-396x360.jpg",396,360,true],"gb-block-post-grid-landscape":["https:\/\/www.uartes.edu.ec\/sitio\/wp-content\/uploads\/2023\/06\/05-TERCER-ENCUENTRO-POLITICAS-Y-ECONOMIA-600x400.jpg",600,400,true],"gb-block-post-grid-square":["https:\/\/www.uartes.edu.ec\/sitio\/wp-content\/uploads\/2023\/06\/05-TERCER-ENCUENTRO-POLITICAS-Y-ECONOMIA-600x600.jpg",600,600,true],"university-hub-thumb":["https:\/\/www.uartes.edu.ec\/sitio\/wp-content\/uploads\/2023\/06\/05-TERCER-ENCUENTRO-POLITICAS-Y-ECONOMIA-400x267.jpg",400,267,true]},"uagb_author_info":{"display_name":"ccortez","author_link":"https:\/\/www.uartes.edu.ec\/sitio\/fr\/blog\/author\/ccortez\/"},"uagb_comment_info":0,"uagb_excerpt":"Desde la nueva administraci\u00f3n de la Alcald\u00eda Ciudadana de Guayaquil se est\u00e1 trabajando en un nuevo concepto de cultura. Lo revel\u00f3 la vicealcadesa de Guayaquil, Blanca L\u00f3pez, en su intervenci\u00f3n en el acto inaugural del 3er Encuentro de Pol\u00edticas y Econom\u00eda de la Cultura al que fue invitada. Tuvo lugar este mi\u00e9rcoles 21 de junio\u2026","featured_image_src":"https:\/\/www.uartes.edu.ec\/sitio\/wp-content\/uploads\/2023\/06\/05-TERCER-ENCUENTRO-POLITICAS-Y-ECONOMIA-600x400.jpg","featured_image_src_square":"https:\/\/www.uartes.edu.ec\/sitio\/wp-content\/uploads\/2023\/06\/05-TERCER-ENCUENTRO-POLITICAS-Y-ECONOMIA-600x600.jpg","author_info":{"display_name":"ccortez","author_link":"https:\/\/www.uartes.edu.ec\/sitio\/fr\/blog\/author\/ccortez\/"},"publishpress_future_workflow_manual_trigger":{"enabledWorkflows":[]},"distributor_meta":false,"distributor_terms":false,"distributor_media":false,"distributor_original_site_name":"Universidad de las Artes","distributor_original_site_url":"https:\/\/www.uartes.edu.ec\/sitio\/fr","push-errors":false,"_links":{"self":[{"href":"https:\/\/www.uartes.edu.ec\/sitio\/fr\/wp-json\/wp\/v2\/posts\/43639","targetHints":{"allow":["GET"]}}],"collection":[{"href":"https:\/\/www.uartes.edu.ec\/sitio\/fr\/wp-json\/wp\/v2\/posts"}],"about":[{"href":"https:\/\/www.uartes.edu.ec\/sitio\/fr\/wp-json\/wp\/v2\/types\/post"}],"author":[{"embeddable":true,"href":"https:\/\/www.uartes.edu.ec\/sitio\/fr\/wp-json\/wp\/v2\/users\/10"}],"replies":[{"embeddable":true,"href":"https:\/\/www.uartes.edu.ec\/sitio\/fr\/wp-json\/wp\/v2\/comments?post=43639"}],"version-history":[{"count":4,"href":"https:\/\/www.uartes.edu.ec\/sitio\/fr\/wp-json\/wp\/v2\/posts\/43639\/revisions"}],"predecessor-version":[{"id":43923,"href":"https:\/\/www.uartes.edu.ec\/sitio\/fr\/wp-json\/wp\/v2\/posts\/43639\/revisions\/43923"}],"wp:featuredmedia":[{"embeddable":true,"href":"https:\/\/www.uartes.edu.ec\/sitio\/fr\/wp-json\/wp\/v2\/media\/43643"}],"wp:attachment":[{"href":"https:\/\/www.uartes.edu.ec\/sitio\/fr\/wp-json\/wp\/v2\/media?parent=43639"}],"wp:term":[{"taxonomy":"category","embeddable":true,"href":"https:\/\/www.uartes.edu.ec\/sitio\/fr\/wp-json\/wp\/v2\/categories?post=43639"},{"taxonomy":"post_tag","embeddable":true,"href":"https:\/\/www.uartes.edu.ec\/sitio\/fr\/wp-json\/wp\/v2\/tags?post=43639"},{"taxonomy":"infouartes","embeddable":true,"href":"https:\/\/www.uartes.edu.ec\/sitio\/fr\/wp-json\/wp\/v2\/infouartes?post=43639"}],"curies":[{"name":"wp","href":"https:\/\/api.w.org\/{rel}","templated":true}]}}