{"id":43732,"date":"2023-06-23T13:03:00","date_gmt":"2023-06-23T18:03:00","guid":{"rendered":"https:\/\/www.uartes.edu.ec\/sitio\/?p=43732"},"modified":"2024-07-04T11:21:03","modified_gmt":"2024-07-04T16:21:03","slug":"politicas-publicas-para-arte-y-cultura-en-guayaquil-perspectivas-desde-los-nuevos-gobiernos-locales","status":"publish","type":"post","link":"https:\/\/www.uartes.edu.ec\/sitio\/fr\/blog\/2023\/06\/23\/politicas-publicas-para-arte-y-cultura-en-guayaquil-perspectivas-desde-los-nuevos-gobiernos-locales\/","title":{"rendered":"Di\u00e1logo \u201cPol\u00edticas p\u00fablicas para arte y cultura en Guayaquil: perspectivas desde los nuevos gobiernos locales\u201d"},"content":{"rendered":"<p>\u201cPol\u00edticas p\u00fablicas para arte y cultura en Guayaquil: perspectivas desde los nuevos gobiernos locales\u201d. El tema se abord\u00f3 en la mesa de di\u00e1logo de la jornada inaugural del 3er Encuentro de Pol\u00edticas y Econom\u00eda de la Cultura, cumplida la tarde de este 21 de junio. Participaron representantes de las unidades y direcciones que tienen competencia de cultura en la alcald\u00eda ciudadana guayaquile\u00f1a.<\/p>\n\n\n\n<p>Michelli Valladares, en representaci\u00f3n de la Empresa P\u00fablica de Turismo del Municipio de Guayaquil; Isabel Silva, directora de la Unidad de Patrimonio Cultural; y, Carlos Hidalgo, por la Direcci\u00f3n de Gesti\u00f3n y Promoci\u00f3n Cultural.&nbsp; Pablo Cardoso, director del Observatorio y del ILIA, quien intervino como moderador, pidi\u00f3 a los panelistas hacer un balance de c\u00f3mo fueron recibidas las dependencias municipales que trabajan la cultura y las acciones para los pr\u00f3ximos cuatro a\u00f1os. Seguidamente, dijo, se analizar\u00edan las perspectivas de los planes de trabajo, lo que se puede hacer y c\u00f3mo colaborar entre instituciones.<\/p>\n\n\n\n<p>Para responder, Silva analiz\u00f3 los dos modelos de gesti\u00f3n de los 30 a\u00f1os de administraci\u00f3n municipal socialcristiana: Le\u00f3n Febrero-Cordero reorganiz\u00f3 el Municipio, utilizando el sistema tributario para conseguir dinero, lo cual fortaleci\u00f3 la instituci\u00f3n. En la alcald\u00eda de Jaime Nebot, se incorporaron fundaciones al manejo de ciertas \u00e1reas municipales, lo cual lo debilit\u00f3 internamente. \u201cEn adelante no pasa nada y lo que recibimos es una dependencia debilitada, donde las direcciones municipales no tienen capacidad de gesti\u00f3n ni de manejo en relaci\u00f3n al poder que tienen las fundaciones\u201d.<\/p>\n\n\n\n<p>En las \u00faltimas etapas de la administraci\u00f3n de Nebot se trat\u00f3 de incorporar a las empresas p\u00fablicas, agreg\u00f3 Silva. \u201cLo que tenemos son fundaciones completamente debilitadas porque no ha habido dinero para que funcionen. En este momento estamos en transici\u00f3n y tratando de salir de las fundaciones \u2013que son privadas\u2013 a la empresa p\u00fablica, que es otro tipo de funcionamiento\u201d.<\/p>\n\n\n<div class=\"wp-block-image\">\n<figure class=\"aligncenter size-large\"><img fetchpriority=\"high\" decoding=\"async\" width=\"644\" height=\"429\" src=\"https:\/\/www.uartes.edu.ec\/sitio\/wp-content\/uploads\/2023\/06\/14-MESA-1-TERCER-ENCUENTRO-POLITICAS-Y-ECONOMIA-1-644x429.jpg\" alt=\"\" class=\"wp-image-43735\" srcset=\"https:\/\/www.uartes.edu.ec\/sitio\/wp-content\/uploads\/2023\/06\/14-MESA-1-TERCER-ENCUENTRO-POLITICAS-Y-ECONOMIA-1-644x429.jpg 644w, https:\/\/www.uartes.edu.ec\/sitio\/wp-content\/uploads\/2023\/06\/14-MESA-1-TERCER-ENCUENTRO-POLITICAS-Y-ECONOMIA-1-768x511.jpg 768w, https:\/\/www.uartes.edu.ec\/sitio\/wp-content\/uploads\/2023\/06\/14-MESA-1-TERCER-ENCUENTRO-POLITICAS-Y-ECONOMIA-1.jpg 2000w, https:\/\/www.uartes.edu.ec\/sitio\/wp-content\/uploads\/2023\/06\/14-MESA-1-TERCER-ENCUENTRO-POLITICAS-Y-ECONOMIA-1-600x399.jpg 600w, https:\/\/www.uartes.edu.ec\/sitio\/wp-content\/uploads\/2023\/06\/14-MESA-1-TERCER-ENCUENTRO-POLITICAS-Y-ECONOMIA-1-272x182.jpg 272w\" sizes=\"(max-width: 644px) 100vw, 644px\" \/><\/figure>\n<\/div>\n\n\n<p>De la Unidad de Patrimonio y Cultura depende el patrimonio de Guayaquil y hay 25 edificios en peligro de caerse o de destrucci\u00f3n. Hay todo un legado intangible no tocado y que ni siquiera se entiende muy bien cu\u00e1l es, dijo. \u201cUna unidad que no tiene t\u00e9cnicos ni programadores ni un organigrama. A todo nivel tampoco hay orden. Est\u00e1 todo por hacer y lo haremos porque Guayaquil merece un sistema de cultura que realmente funciona\u201d, anot\u00f3 Silva.<\/p>\n\n\n\n<p>En su intervenci\u00f3n, Hidalgo indic\u00f3 que, a la Direcci\u00f3n de Gesti\u00f3n y Promoci\u00f3n Cultural de Guayaquil, que generalmente se entiende como el \u00e1rea con mayor nivel de competencias en relaci\u00f3n a cultura y patrimonio, la recibieron en desorden y que tienen un gran trabajo por hacer, empezando por reestructurar el organigrama. \u201cNo es posible que patrimonio est\u00e9 separado de cultura y que existan competencias de turismo que son de cultura\u201d.<\/p>\n\n\n\n<p>Hacer un nuevo modelo de gesti\u00f3n que responda a las necesidades actuales y no a creer que cultura es un escenario-espect\u00e1culo, sino que es primordial para el eje y la sostenibilidad de la ciudad es el prop\u00f3sito. Coincidi\u00f3 con lo anotado en una anterior cita del Observatorio de la UArtes de que si se invierte $1 en cultura se ahorran $7 en seguridad, \u201cconsidero que la forma de acabar con la violencia no es la misma violencia, sino la cultura\u201d.<\/p>\n\n\n\n<p>En cuanto al tema de cultura y turismo, Cardoso pregunt\u00f3 a Valladares por las perspectivas de la Empresa P\u00fablica de Turismo del Municipio de Guayaquil. La funcionaria expres\u00f3 que saben de todos los errores que se han cometido y que buscan soluciones. Como ciudadana consider\u00f3 importante vivir en un lugar donde se pueda caminar por las calles y respirar arte. Recordando el tiempo que vivi\u00f3 en China cit\u00f3 el proverbio de que de cada persona siempre se puede sacar grandeza. \u201cDe cada ciudadano podemos encontrar esa grandeza\u201d.<\/p>\n\n\n<div class=\"wp-block-image\">\n<figure class=\"aligncenter size-large\"><img decoding=\"async\" width=\"644\" height=\"429\" src=\"https:\/\/www.uartes.edu.ec\/sitio\/wp-content\/uploads\/2023\/06\/13-MESA-1-TERCER-ENCUENTRO-POLITICAS-Y-ECONOMIA-644x429.jpg\" alt=\"\" class=\"wp-image-43736\" srcset=\"https:\/\/www.uartes.edu.ec\/sitio\/wp-content\/uploads\/2023\/06\/13-MESA-1-TERCER-ENCUENTRO-POLITICAS-Y-ECONOMIA-644x429.jpg 644w, https:\/\/www.uartes.edu.ec\/sitio\/wp-content\/uploads\/2023\/06\/13-MESA-1-TERCER-ENCUENTRO-POLITICAS-Y-ECONOMIA-768x511.jpg 768w, https:\/\/www.uartes.edu.ec\/sitio\/wp-content\/uploads\/2023\/06\/13-MESA-1-TERCER-ENCUENTRO-POLITICAS-Y-ECONOMIA.jpg 2000w, https:\/\/www.uartes.edu.ec\/sitio\/wp-content\/uploads\/2023\/06\/13-MESA-1-TERCER-ENCUENTRO-POLITICAS-Y-ECONOMIA-600x399.jpg 600w, https:\/\/www.uartes.edu.ec\/sitio\/wp-content\/uploads\/2023\/06\/13-MESA-1-TERCER-ENCUENTRO-POLITICAS-Y-ECONOMIA-272x182.jpg 272w\" sizes=\"(max-width: 644px) 100vw, 644px\" \/><\/figure>\n<\/div>\n\n\n<p>A\u00f1adi\u00f3 como tarea la reactivaci\u00f3n de todas las zonas que tienen a cargo, como el Malec\u00f3n del Salado. \u201cRecibimos Guayarte con muchos da\u00f1os, igual otros sitios de la ciudad. Estamos activando la calle Panam\u00e1, a pesar del corto tiempo hemos hecho cambios, colocado luces, inspeccionado Las Pe\u00f1as (\u2026); estamos actuando con los recursos que contamos\u201d.<\/p>\n\n\n\n<p>Se tiene la visi\u00f3n de abrir la ciudad para que no solo los guayaquile\u00f1os visiten los espacios, sino (que vengan) de otras provincias. En proyecto est\u00e1 crear espacios culturales e integrar comunidades, como chinas e italianas. \u201cEn nuestra provincia y en Guayaquil hay muchos extranjeros y creemos que mientras se creen estos espacios donde se sientan seguros van atraer a m\u00e1s personas. Hay pa\u00edses que viven del turismo, nuestra visi\u00f3n es positiva y queremos empezar a trabajar con los otros departamentos de cultura y arte. Actualmente tenemos el evento Libro por Libro, que trata del intercambio para que el conocimiento no sea para unos pocos\u201d.<\/p>\n\n\n\n<p>A prop\u00f3sito de Guayarte, Cardoso pregunt\u00f3 respecto a este proyecto y por qu\u00e9 un espacio funciona o no. Valladares anot\u00f3 que los espacios p\u00fablicos culturales son necesarios para la poblaci\u00f3n. Al lugar lo recibieron en estado lamentable y esperan la inspecci\u00f3n de Contralor\u00eda para ver qu\u00e9 pasos seguir. Hay un cronograma para cuando est\u00e9 listo, entre tanto, ejecutan en otros puntos. Se prev\u00e9 tomar la calle Los R\u00edos, donde habitan unas 20 familias mexicanas, a fin de hacer lugares tur\u00edsticos como la calle Panam\u00e1. \u201cQueremos trabajar en esta administraci\u00f3n de mano con la empresa privada y la academia\u201d.<\/p>\n\n\n\n<p>Silva hizo notar que no se cuenta con una ordenanza municipal de patrimonio cultural para la ciudad. \u201cTenemos riqueza cultural como en ninguna otra ciudad. Esto nos hace repensar en qu\u00e9 es ser guayaquile\u00f1o y en la memoria cultural que nos hace de un sitio. La importancia de saber de d\u00f3nde somos no es un clich\u00e9. Guayaquil es m\u00e1s que madera de guerrero. Guayarte es un espacio p\u00fablico donde est\u00e1n los colectivos culturales y art\u00edsticos. Es un peque\u00f1o mall mal manejado\u201d.<\/p>\n\n\n\n<p>Hidalgo propuso hacer una reconciliaci\u00f3n con los espacios p\u00fablicos. \u201cHa habido mucha represi\u00f3n con los artistas, hay que impulsar la participaci\u00f3n ciudadana, que no sea una agenda impuesta por una direcci\u00f3n. Lo mejor es ver los an\u00e1lisis y saber cu\u00e1les son las necesidades y partir de all\u00ed. Hay una agenda cultural, pero hay que involucrar a los dem\u00e1s, democratizar la cultura, mediante convocatorias y otras herramientas\u201d.<\/p>\n\n\n\n<p>Silva cont\u00f3 que Guayaquil ha tenido seis declaratorias patrimoniales: cementerio, centro, barrio Orellana\u2026 \u201cEs interesante que pese a ello no tengamos ordenanzas municipales relacionadas a patrimonio y cultura\u201d.<\/p>\n\n\n<div class=\"wp-block-image\">\n<figure class=\"aligncenter size-large\"><img decoding=\"async\" width=\"644\" height=\"429\" src=\"https:\/\/www.uartes.edu.ec\/sitio\/wp-content\/uploads\/2023\/06\/12-TERCER-ENCUENTRO-POLITICAS-Y-ECONOMIA-1-644x429.jpg\" alt=\"\" class=\"wp-image-43737\" srcset=\"https:\/\/www.uartes.edu.ec\/sitio\/wp-content\/uploads\/2023\/06\/12-TERCER-ENCUENTRO-POLITICAS-Y-ECONOMIA-1-644x429.jpg 644w, https:\/\/www.uartes.edu.ec\/sitio\/wp-content\/uploads\/2023\/06\/12-TERCER-ENCUENTRO-POLITICAS-Y-ECONOMIA-1-768x511.jpg 768w, https:\/\/www.uartes.edu.ec\/sitio\/wp-content\/uploads\/2023\/06\/12-TERCER-ENCUENTRO-POLITICAS-Y-ECONOMIA-1.jpg 2000w, https:\/\/www.uartes.edu.ec\/sitio\/wp-content\/uploads\/2023\/06\/12-TERCER-ENCUENTRO-POLITICAS-Y-ECONOMIA-1-600x399.jpg 600w, https:\/\/www.uartes.edu.ec\/sitio\/wp-content\/uploads\/2023\/06\/12-TERCER-ENCUENTRO-POLITICAS-Y-ECONOMIA-1-272x182.jpg 272w\" sizes=\"(max-width: 644px) 100vw, 644px\" \/><\/figure>\n<\/div>\n\n\n<p>La vicealcaldesa Blanca L\u00f3pez, quien particip\u00f3 en el acto inaugural del 3er Encuentro de Pol\u00edticas y Econom\u00eda de la Cultura que antecedi\u00f3 a la mesa de di\u00e1logo, intervino y se refiri\u00f3 a la ordenanza de fomento a la cultura. Revisada hace un mes con gestores culturales coincidieron en que el fomento era nulo, se estaba segmentando a ciertos fondos para promover la cultura en Guayaquil. Que se hizo la derogatoria, anot\u00f3, y trabajan en la construcci\u00f3n de una nueva ordenanza que permita democratizar la cultura y llevarla hacia el territorio. \u201cNo queremos tener cultura solo en el Municipio y el centro de Guayaquil\u201d. Esa ordenanza ser\u00e1 socializada, a\u00f1adi\u00f3.<\/p>\n\n\n\n<p>El rector de la UArtes, doctor William Herrera, coment\u00f3 que el ejercicio propuesto era complejo y en cierta medida injusto por el poco tiempo que tiene la nueva administraci\u00f3n municipal. Hay, sin duda, expectativas de la ciudadan\u00eda y hay necesidad de se\u00f1ales de cambio. Por ello invit\u00f3 para dentro de seis meses volver a convocarse y retomar los temas. Habr\u00e1 discusiones estructuradas en funci\u00f3n de unos ejes definidos y propuestas de las que veremos la reacci\u00f3n de la ciudadan\u00eda. Hay una necesidad de saber pronto cu\u00e1l es el enfoque, la agenda que apunta a los derechos culturales, a trabajar con los territorios, a descentralizar las propuestas que tiene el Municipio. Ser\u00eda importante saber c\u00f3mo trabajar con esos territorios, con sectores donde m\u00e1s se necesitan iniciativas, dijo.<\/p>\n\n\n\n<h3 class=\"wp-block-heading\">Los panelistas<\/h3>\n\n\n\n<p>Michelli Valladares es polit\u00f3loga graduada en la Universidad Casa Grande; se ha desempe\u00f1ado como analista pol\u00edtica en el consulado de Ecuador en China e hizo pasant\u00edas en la Embajada de Ecuador en Corea del Sur.<\/p>\n\n\n\n<p>Mar\u00eda Isabel Silva Iturralde es antrop\u00f3loga visual, PHD en Estudios Culturales con experiencia en cine, fotograf\u00eda y medios visuales, tambi\u00e9n en museos y turismo comunitarios; es miembro del Movimiento Comunitario Tumbala Vuelve y presidenta de la Corporaci\u00f3n Ciudad Alfaro.<\/p>\n\n\n\n<p>Carlos Hidalgo tiene una maestr\u00eda de Pol\u00edticas Culturales y Gesti\u00f3n de las Artes que curs\u00f3 en la UArtes, es un representante de la industria musical en Guayaquil y tiene su propio proyecto de gesti\u00f3n cultural en el campo de la m\u00fasica.<\/p>\n\n\n\n<p>Cobertura\/Texto: Carmen Cortez<\/p>","protected":false},"excerpt":{"rendered":"<p>Tras el acto inaugural del 3er Encuentro de Pol\u00edticas y Econom\u00eda de la Cultura, se conform\u00f3 una mesa de di\u00e1logo sobre \u201cPol\u00edticas p\u00fablicas para arte y cultura en Guayaquil\u201d. Intervinieron: Michelli Valladares, por la Empresa P\u00fablica de Turismo del Municipio de Guayaquil; Isabel Silva, directora de la Unidad de Patrimonio Cultural; y, Carlos Hidalgo, por la Direcci\u00f3n de Gesti\u00f3n y Promoci\u00f3n Cultural. <\/p>","protected":false},"author":10,"featured_media":43733,"comment_status":"open","ping_status":"open","sticky":false,"template":"","format":"standard","meta":{"_acf_changed":false,"_uag_custom_page_level_css":"","_monsterinsights_skip_tracking":false,"_monsterinsights_sitenote_active":false,"_monsterinsights_sitenote_note":"","_monsterinsights_sitenote_category":0,"cybocfi_hide_featured_image":"","footnotes":""},"categories":[80,82,75,76,77,284,83],"tags":[521],"infouartes":[],"class_list":["post-43732","post","type-post","status-publish","format-standard","has-post-thumbnail","hentry","category-academico","category-artes","category-docentes","category-estudiantes","category-gestion","category-investigacion","category-sedes","tag-encuentro"],"acf":[],"yoast_head":"<!-- This site is optimized with the Yoast SEO plugin v27.4 - https:\/\/yoast.com\/product\/yoast-seo-wordpress\/ -->\n<title>Universidad de las Artes - Di\u00e1logo \u201cPol\u00edticas p\u00fablicas para arte y cultura en Guayaquil: perspectivas desde los nuevos gobiernos locales\u201d<\/title>\n<meta name=\"description\" content=\"Universidad de las Artes - Di\u00e1logo \u201cPol\u00edticas p\u00fablicas para arte y cultura en Guayaquil: perspectivas desde los nuevos gobiernos locales\u201d\" \/>\n<meta name=\"robots\" content=\"index, follow, max-snippet:-1, max-image-preview:large, max-video-preview:-1\" \/>\n<link rel=\"canonical\" href=\"https:\/\/www.uartes.edu.ec\/sitio\/fr\/blog\/2023\/06\/23\/politicas-publicas-para-arte-y-cultura-en-guayaquil-perspectivas-desde-los-nuevos-gobiernos-locales\/\" \/>\n<meta property=\"og:locale\" content=\"fr_FR\" \/>\n<meta property=\"og:type\" content=\"article\" \/>\n<meta property=\"og:title\" content=\"Universidad de las Artes - Di\u00e1logo \u201cPol\u00edticas p\u00fablicas para arte y cultura en Guayaquil: perspectivas desde los nuevos gobiernos locales\u201d\" \/>\n<meta property=\"og:description\" content=\"Universidad de las Artes - Di\u00e1logo \u201cPol\u00edticas p\u00fablicas para arte y cultura en Guayaquil: perspectivas desde los nuevos gobiernos locales\u201d\" \/>\n<meta property=\"og:url\" content=\"https:\/\/www.uartes.edu.ec\/sitio\/fr\/blog\/2023\/06\/23\/politicas-publicas-para-arte-y-cultura-en-guayaquil-perspectivas-desde-los-nuevos-gobiernos-locales\/\" \/>\n<meta property=\"og:site_name\" content=\"Universidad de las Artes\" \/>\n<meta property=\"article:publisher\" content=\"https:\/\/www.facebook.com\/uartesec\" \/>\n<meta property=\"article:published_time\" content=\"2023-06-23T18:03:00+00:00\" \/>\n<meta property=\"article:modified_time\" content=\"2024-07-04T16:21:03+00:00\" \/>\n<meta property=\"og:image\" content=\"https:\/\/www.uartes.edu.ec\/sitio\/wp-content\/uploads\/2023\/06\/15-MESA-1-TERCER-ENCUENTRO-POLITICAS-Y-ECONOMIA.jpg\" \/>\n\t<meta property=\"og:image:width\" content=\"2000\" \/>\n\t<meta property=\"og:image:height\" content=\"1333\" \/>\n\t<meta property=\"og:image:type\" content=\"image\/jpeg\" \/>\n<meta name=\"author\" content=\"ccortez\" \/>\n<meta name=\"twitter:card\" content=\"summary_large_image\" \/>\n<meta name=\"twitter:creator\" content=\"@uartesec\" \/>\n<meta name=\"twitter:site\" content=\"@uartesec\" \/>\n<meta name=\"twitter:label1\" content=\"\u00c9crit par\" \/>\n\t<meta name=\"twitter:data1\" content=\"ccortez\" \/>\n\t<meta name=\"twitter:label2\" content=\"Dur\u00e9e de lecture estim\u00e9e\" \/>\n\t<meta name=\"twitter:data2\" content=\"8 minutes\" \/>\n<script type=\"application\/ld+json\" class=\"yoast-schema-graph\">{\"@context\":\"https:\\\/\\\/schema.org\",\"@graph\":[{\"@type\":\"Article\",\"@id\":\"https:\\\/\\\/www.uartes.edu.ec\\\/sitio\\\/fr\\\/blog\\\/2023\\\/06\\\/23\\\/politicas-publicas-para-arte-y-cultura-en-guayaquil-perspectivas-desde-los-nuevos-gobiernos-locales\\\/#article\",\"isPartOf\":{\"@id\":\"https:\\\/\\\/www.uartes.edu.ec\\\/sitio\\\/fr\\\/blog\\\/2023\\\/06\\\/23\\\/politicas-publicas-para-arte-y-cultura-en-guayaquil-perspectivas-desde-los-nuevos-gobiernos-locales\\\/\"},\"author\":{\"name\":\"ccortez\",\"@id\":\"https:\\\/\\\/www.uartes.edu.ec\\\/sitio\\\/fr\\\/#\\\/schema\\\/person\\\/efa1b8275797664fd7f13a79ccc0b1f4\"},\"headline\":\"Di\u00e1logo \u201cPol\u00edticas p\u00fablicas para arte y cultura en Guayaquil: perspectivas desde los nuevos gobiernos locales\u201d\",\"datePublished\":\"2023-06-23T18:03:00+00:00\",\"dateModified\":\"2024-07-04T16:21:03+00:00\",\"mainEntityOfPage\":{\"@id\":\"https:\\\/\\\/www.uartes.edu.ec\\\/sitio\\\/fr\\\/blog\\\/2023\\\/06\\\/23\\\/politicas-publicas-para-arte-y-cultura-en-guayaquil-perspectivas-desde-los-nuevos-gobiernos-locales\\\/\"},\"wordCount\":1520,\"commentCount\":0,\"publisher\":{\"@id\":\"https:\\\/\\\/www.uartes.edu.ec\\\/sitio\\\/fr\\\/#organization\"},\"image\":{\"@id\":\"https:\\\/\\\/www.uartes.edu.ec\\\/sitio\\\/fr\\\/blog\\\/2023\\\/06\\\/23\\\/politicas-publicas-para-arte-y-cultura-en-guayaquil-perspectivas-desde-los-nuevos-gobiernos-locales\\\/#primaryimage\"},\"thumbnailUrl\":\"https:\\\/\\\/www.uartes.edu.ec\\\/sitio\\\/wp-content\\\/uploads\\\/2023\\\/06\\\/15-MESA-1-TERCER-ENCUENTRO-POLITICAS-Y-ECONOMIA.jpg\",\"keywords\":[\"encuentro\"],\"articleSection\":[\"Acad\u00e9mico\",\"Artes\",\"Docentes\",\"Estudiantes\",\"Gesti\u00f3n\",\"Investigaci\u00f3n\",\"Sedes\"],\"inLanguage\":\"fr-FR\",\"potentialAction\":[{\"@type\":\"CommentAction\",\"name\":\"Comment\",\"target\":[\"https:\\\/\\\/www.uartes.edu.ec\\\/sitio\\\/fr\\\/blog\\\/2023\\\/06\\\/23\\\/politicas-publicas-para-arte-y-cultura-en-guayaquil-perspectivas-desde-los-nuevos-gobiernos-locales\\\/#respond\"]}]},{\"@type\":[\"WebPage\",\"ItemPage\"],\"@id\":\"https:\\\/\\\/www.uartes.edu.ec\\\/sitio\\\/fr\\\/blog\\\/2023\\\/06\\\/23\\\/politicas-publicas-para-arte-y-cultura-en-guayaquil-perspectivas-desde-los-nuevos-gobiernos-locales\\\/\",\"url\":\"https:\\\/\\\/www.uartes.edu.ec\\\/sitio\\\/fr\\\/blog\\\/2023\\\/06\\\/23\\\/politicas-publicas-para-arte-y-cultura-en-guayaquil-perspectivas-desde-los-nuevos-gobiernos-locales\\\/\",\"name\":\"Universidad de las Artes - Di\u00e1logo \u201cPol\u00edticas p\u00fablicas para arte y cultura en Guayaquil: perspectivas desde los nuevos gobiernos locales\u201d\",\"isPartOf\":{\"@id\":\"https:\\\/\\\/www.uartes.edu.ec\\\/sitio\\\/fr\\\/#website\"},\"primaryImageOfPage\":{\"@id\":\"https:\\\/\\\/www.uartes.edu.ec\\\/sitio\\\/fr\\\/blog\\\/2023\\\/06\\\/23\\\/politicas-publicas-para-arte-y-cultura-en-guayaquil-perspectivas-desde-los-nuevos-gobiernos-locales\\\/#primaryimage\"},\"image\":{\"@id\":\"https:\\\/\\\/www.uartes.edu.ec\\\/sitio\\\/fr\\\/blog\\\/2023\\\/06\\\/23\\\/politicas-publicas-para-arte-y-cultura-en-guayaquil-perspectivas-desde-los-nuevos-gobiernos-locales\\\/#primaryimage\"},\"thumbnailUrl\":\"https:\\\/\\\/www.uartes.edu.ec\\\/sitio\\\/wp-content\\\/uploads\\\/2023\\\/06\\\/15-MESA-1-TERCER-ENCUENTRO-POLITICAS-Y-ECONOMIA.jpg\",\"datePublished\":\"2023-06-23T18:03:00+00:00\",\"dateModified\":\"2024-07-04T16:21:03+00:00\",\"description\":\"Universidad de las Artes - Di\u00e1logo \u201cPol\u00edticas p\u00fablicas para arte y cultura en Guayaquil: perspectivas desde los nuevos gobiernos locales\u201d\",\"breadcrumb\":{\"@id\":\"https:\\\/\\\/www.uartes.edu.ec\\\/sitio\\\/fr\\\/blog\\\/2023\\\/06\\\/23\\\/politicas-publicas-para-arte-y-cultura-en-guayaquil-perspectivas-desde-los-nuevos-gobiernos-locales\\\/#breadcrumb\"},\"inLanguage\":\"fr-FR\",\"potentialAction\":[{\"@type\":\"ReadAction\",\"target\":[\"https:\\\/\\\/www.uartes.edu.ec\\\/sitio\\\/fr\\\/blog\\\/2023\\\/06\\\/23\\\/politicas-publicas-para-arte-y-cultura-en-guayaquil-perspectivas-desde-los-nuevos-gobiernos-locales\\\/\"]}]},{\"@type\":\"ImageObject\",\"inLanguage\":\"fr-FR\",\"@id\":\"https:\\\/\\\/www.uartes.edu.ec\\\/sitio\\\/fr\\\/blog\\\/2023\\\/06\\\/23\\\/politicas-publicas-para-arte-y-cultura-en-guayaquil-perspectivas-desde-los-nuevos-gobiernos-locales\\\/#primaryimage\",\"url\":\"https:\\\/\\\/www.uartes.edu.ec\\\/sitio\\\/wp-content\\\/uploads\\\/2023\\\/06\\\/15-MESA-1-TERCER-ENCUENTRO-POLITICAS-Y-ECONOMIA.jpg\",\"contentUrl\":\"https:\\\/\\\/www.uartes.edu.ec\\\/sitio\\\/wp-content\\\/uploads\\\/2023\\\/06\\\/15-MESA-1-TERCER-ENCUENTRO-POLITICAS-Y-ECONOMIA.jpg\",\"width\":2000,\"height\":1333},{\"@type\":\"BreadcrumbList\",\"@id\":\"https:\\\/\\\/www.uartes.edu.ec\\\/sitio\\\/fr\\\/blog\\\/2023\\\/06\\\/23\\\/politicas-publicas-para-arte-y-cultura-en-guayaquil-perspectivas-desde-los-nuevos-gobiernos-locales\\\/#breadcrumb\",\"itemListElement\":[{\"@type\":\"ListItem\",\"position\":1,\"name\":\"Inicio\",\"item\":\"https:\\\/\\\/www.uartes.edu.ec\\\/sitio\\\/\"},{\"@type\":\"ListItem\",\"position\":2,\"name\":\"Di\u00e1logo \u201cPol\u00edticas p\u00fablicas para arte y cultura en Guayaquil: perspectivas desde los nuevos gobiernos locales\u201d\"}]},{\"@type\":\"WebSite\",\"@id\":\"https:\\\/\\\/www.uartes.edu.ec\\\/sitio\\\/fr\\\/#website\",\"url\":\"https:\\\/\\\/www.uartes.edu.ec\\\/sitio\\\/fr\\\/\",\"name\":\"Universidad de las Artes\",\"description\":\"Sitio oficial de la Universidad Nacional de las Artes del Ecuador\",\"publisher\":{\"@id\":\"https:\\\/\\\/www.uartes.edu.ec\\\/sitio\\\/fr\\\/#organization\"},\"potentialAction\":[{\"@type\":\"SearchAction\",\"target\":{\"@type\":\"EntryPoint\",\"urlTemplate\":\"https:\\\/\\\/www.uartes.edu.ec\\\/sitio\\\/fr\\\/?s={search_term_string}\"},\"query-input\":{\"@type\":\"PropertyValueSpecification\",\"valueRequired\":true,\"valueName\":\"search_term_string\"}}],\"inLanguage\":\"fr-FR\"},{\"@type\":\"Organization\",\"@id\":\"https:\\\/\\\/www.uartes.edu.ec\\\/sitio\\\/fr\\\/#organization\",\"name\":\"Universidad de las Artes\",\"url\":\"https:\\\/\\\/www.uartes.edu.ec\\\/sitio\\\/fr\\\/\",\"logo\":{\"@type\":\"ImageObject\",\"inLanguage\":\"fr-FR\",\"@id\":\"https:\\\/\\\/www.uartes.edu.ec\\\/sitio\\\/fr\\\/#\\\/schema\\\/logo\\\/image\\\/\",\"url\":\"https:\\\/\\\/www.uartes.edu.ec\\\/sitio\\\/wp-content\\\/uploads\\\/2022\\\/07\\\/logo-ua-horizontal.png\",\"contentUrl\":\"https:\\\/\\\/www.uartes.edu.ec\\\/sitio\\\/wp-content\\\/uploads\\\/2022\\\/07\\\/logo-ua-horizontal.png\",\"width\":800,\"height\":276,\"caption\":\"Universidad de las Artes\"},\"image\":{\"@id\":\"https:\\\/\\\/www.uartes.edu.ec\\\/sitio\\\/fr\\\/#\\\/schema\\\/logo\\\/image\\\/\"},\"sameAs\":[\"https:\\\/\\\/www.facebook.com\\\/uartesec\",\"https:\\\/\\\/x.com\\\/uartesec\",\"https:\\\/\\\/www.tiktok.com\\\/@uartesec\"]},{\"@type\":\"Person\",\"@id\":\"https:\\\/\\\/www.uartes.edu.ec\\\/sitio\\\/fr\\\/#\\\/schema\\\/person\\\/efa1b8275797664fd7f13a79ccc0b1f4\",\"name\":\"ccortez\",\"image\":{\"@type\":\"ImageObject\",\"inLanguage\":\"fr-FR\",\"@id\":\"https:\\\/\\\/secure.gravatar.com\\\/avatar\\\/b2a6f664a3ae8e074346ef91775736c5ec479e637ecced6842de9dc98b5da9cd?s=96&d=mm&r=g\",\"url\":\"https:\\\/\\\/secure.gravatar.com\\\/avatar\\\/b2a6f664a3ae8e074346ef91775736c5ec479e637ecced6842de9dc98b5da9cd?s=96&d=mm&r=g\",\"contentUrl\":\"https:\\\/\\\/secure.gravatar.com\\\/avatar\\\/b2a6f664a3ae8e074346ef91775736c5ec479e637ecced6842de9dc98b5da9cd?s=96&d=mm&r=g\",\"caption\":\"ccortez\"},\"url\":\"https:\\\/\\\/www.uartes.edu.ec\\\/sitio\\\/fr\\\/blog\\\/author\\\/ccortez\\\/\"}]}<\/script>\n<!-- \/ Yoast SEO plugin. -->","yoast_head_json":{"title":"Universidad de las Artes - Di\u00e1logo \u201cPol\u00edticas p\u00fablicas para arte y cultura en Guayaquil: perspectivas desde los nuevos gobiernos locales\u201d","description":"Universidad de las Artes - Di\u00e1logo \u201cPol\u00edticas p\u00fablicas para arte y cultura en Guayaquil: perspectivas desde los nuevos gobiernos locales\u201d","robots":{"index":"index","follow":"follow","max-snippet":"max-snippet:-1","max-image-preview":"max-image-preview:large","max-video-preview":"max-video-preview:-1"},"canonical":"https:\/\/www.uartes.edu.ec\/sitio\/fr\/blog\/2023\/06\/23\/politicas-publicas-para-arte-y-cultura-en-guayaquil-perspectivas-desde-los-nuevos-gobiernos-locales\/","og_locale":"fr_FR","og_type":"article","og_title":"Universidad de las Artes - Di\u00e1logo \u201cPol\u00edticas p\u00fablicas para arte y cultura en Guayaquil: perspectivas desde los nuevos gobiernos locales\u201d","og_description":"Universidad de las Artes - Di\u00e1logo \u201cPol\u00edticas p\u00fablicas para arte y cultura en Guayaquil: perspectivas desde los nuevos gobiernos locales\u201d","og_url":"https:\/\/www.uartes.edu.ec\/sitio\/fr\/blog\/2023\/06\/23\/politicas-publicas-para-arte-y-cultura-en-guayaquil-perspectivas-desde-los-nuevos-gobiernos-locales\/","og_site_name":"Universidad de las Artes","article_publisher":"https:\/\/www.facebook.com\/uartesec","article_published_time":"2023-06-23T18:03:00+00:00","article_modified_time":"2024-07-04T16:21:03+00:00","og_image":[{"width":2000,"height":1333,"url":"https:\/\/www.uartes.edu.ec\/sitio\/wp-content\/uploads\/2023\/06\/15-MESA-1-TERCER-ENCUENTRO-POLITICAS-Y-ECONOMIA.jpg","type":"image\/jpeg"}],"author":"ccortez","twitter_card":"summary_large_image","twitter_creator":"@uartesec","twitter_site":"@uartesec","twitter_misc":{"\u00c9crit par":"ccortez","Dur\u00e9e de lecture estim\u00e9e":"8 minutes"},"schema":{"@context":"https:\/\/schema.org","@graph":[{"@type":"Article","@id":"https:\/\/www.uartes.edu.ec\/sitio\/fr\/blog\/2023\/06\/23\/politicas-publicas-para-arte-y-cultura-en-guayaquil-perspectivas-desde-los-nuevos-gobiernos-locales\/#article","isPartOf":{"@id":"https:\/\/www.uartes.edu.ec\/sitio\/fr\/blog\/2023\/06\/23\/politicas-publicas-para-arte-y-cultura-en-guayaquil-perspectivas-desde-los-nuevos-gobiernos-locales\/"},"author":{"name":"ccortez","@id":"https:\/\/www.uartes.edu.ec\/sitio\/fr\/#\/schema\/person\/efa1b8275797664fd7f13a79ccc0b1f4"},"headline":"Di\u00e1logo \u201cPol\u00edticas p\u00fablicas para arte y cultura en Guayaquil: perspectivas desde los nuevos gobiernos locales\u201d","datePublished":"2023-06-23T18:03:00+00:00","dateModified":"2024-07-04T16:21:03+00:00","mainEntityOfPage":{"@id":"https:\/\/www.uartes.edu.ec\/sitio\/fr\/blog\/2023\/06\/23\/politicas-publicas-para-arte-y-cultura-en-guayaquil-perspectivas-desde-los-nuevos-gobiernos-locales\/"},"wordCount":1520,"commentCount":0,"publisher":{"@id":"https:\/\/www.uartes.edu.ec\/sitio\/fr\/#organization"},"image":{"@id":"https:\/\/www.uartes.edu.ec\/sitio\/fr\/blog\/2023\/06\/23\/politicas-publicas-para-arte-y-cultura-en-guayaquil-perspectivas-desde-los-nuevos-gobiernos-locales\/#primaryimage"},"thumbnailUrl":"https:\/\/www.uartes.edu.ec\/sitio\/wp-content\/uploads\/2023\/06\/15-MESA-1-TERCER-ENCUENTRO-POLITICAS-Y-ECONOMIA.jpg","keywords":["encuentro"],"articleSection":["Acad\u00e9mico","Artes","Docentes","Estudiantes","Gesti\u00f3n","Investigaci\u00f3n","Sedes"],"inLanguage":"fr-FR","potentialAction":[{"@type":"CommentAction","name":"Comment","target":["https:\/\/www.uartes.edu.ec\/sitio\/fr\/blog\/2023\/06\/23\/politicas-publicas-para-arte-y-cultura-en-guayaquil-perspectivas-desde-los-nuevos-gobiernos-locales\/#respond"]}]},{"@type":["WebPage","ItemPage"],"@id":"https:\/\/www.uartes.edu.ec\/sitio\/fr\/blog\/2023\/06\/23\/politicas-publicas-para-arte-y-cultura-en-guayaquil-perspectivas-desde-los-nuevos-gobiernos-locales\/","url":"https:\/\/www.uartes.edu.ec\/sitio\/fr\/blog\/2023\/06\/23\/politicas-publicas-para-arte-y-cultura-en-guayaquil-perspectivas-desde-los-nuevos-gobiernos-locales\/","name":"Universidad de las Artes - Di\u00e1logo \u201cPol\u00edticas p\u00fablicas para arte y cultura en Guayaquil: perspectivas desde los nuevos gobiernos locales\u201d","isPartOf":{"@id":"https:\/\/www.uartes.edu.ec\/sitio\/fr\/#website"},"primaryImageOfPage":{"@id":"https:\/\/www.uartes.edu.ec\/sitio\/fr\/blog\/2023\/06\/23\/politicas-publicas-para-arte-y-cultura-en-guayaquil-perspectivas-desde-los-nuevos-gobiernos-locales\/#primaryimage"},"image":{"@id":"https:\/\/www.uartes.edu.ec\/sitio\/fr\/blog\/2023\/06\/23\/politicas-publicas-para-arte-y-cultura-en-guayaquil-perspectivas-desde-los-nuevos-gobiernos-locales\/#primaryimage"},"thumbnailUrl":"https:\/\/www.uartes.edu.ec\/sitio\/wp-content\/uploads\/2023\/06\/15-MESA-1-TERCER-ENCUENTRO-POLITICAS-Y-ECONOMIA.jpg","datePublished":"2023-06-23T18:03:00+00:00","dateModified":"2024-07-04T16:21:03+00:00","description":"Universidad de las Artes - Di\u00e1logo \u201cPol\u00edticas p\u00fablicas para arte y cultura en Guayaquil: perspectivas desde los nuevos gobiernos locales\u201d","breadcrumb":{"@id":"https:\/\/www.uartes.edu.ec\/sitio\/fr\/blog\/2023\/06\/23\/politicas-publicas-para-arte-y-cultura-en-guayaquil-perspectivas-desde-los-nuevos-gobiernos-locales\/#breadcrumb"},"inLanguage":"fr-FR","potentialAction":[{"@type":"ReadAction","target":["https:\/\/www.uartes.edu.ec\/sitio\/fr\/blog\/2023\/06\/23\/politicas-publicas-para-arte-y-cultura-en-guayaquil-perspectivas-desde-los-nuevos-gobiernos-locales\/"]}]},{"@type":"ImageObject","inLanguage":"fr-FR","@id":"https:\/\/www.uartes.edu.ec\/sitio\/fr\/blog\/2023\/06\/23\/politicas-publicas-para-arte-y-cultura-en-guayaquil-perspectivas-desde-los-nuevos-gobiernos-locales\/#primaryimage","url":"https:\/\/www.uartes.edu.ec\/sitio\/wp-content\/uploads\/2023\/06\/15-MESA-1-TERCER-ENCUENTRO-POLITICAS-Y-ECONOMIA.jpg","contentUrl":"https:\/\/www.uartes.edu.ec\/sitio\/wp-content\/uploads\/2023\/06\/15-MESA-1-TERCER-ENCUENTRO-POLITICAS-Y-ECONOMIA.jpg","width":2000,"height":1333},{"@type":"BreadcrumbList","@id":"https:\/\/www.uartes.edu.ec\/sitio\/fr\/blog\/2023\/06\/23\/politicas-publicas-para-arte-y-cultura-en-guayaquil-perspectivas-desde-los-nuevos-gobiernos-locales\/#breadcrumb","itemListElement":[{"@type":"ListItem","position":1,"name":"Inicio","item":"https:\/\/www.uartes.edu.ec\/sitio\/"},{"@type":"ListItem","position":2,"name":"Di\u00e1logo \u201cPol\u00edticas p\u00fablicas para arte y cultura en Guayaquil: perspectivas desde los nuevos gobiernos locales\u201d"}]},{"@type":"WebSite","@id":"https:\/\/www.uartes.edu.ec\/sitio\/fr\/#website","url":"https:\/\/www.uartes.edu.ec\/sitio\/fr\/","name":"Universidad de las Artes","description":"Sitio oficial de la Universidad Nacional de las Artes del Ecuador","publisher":{"@id":"https:\/\/www.uartes.edu.ec\/sitio\/fr\/#organization"},"potentialAction":[{"@type":"SearchAction","target":{"@type":"EntryPoint","urlTemplate":"https:\/\/www.uartes.edu.ec\/sitio\/fr\/?s={search_term_string}"},"query-input":{"@type":"PropertyValueSpecification","valueRequired":true,"valueName":"search_term_string"}}],"inLanguage":"fr-FR"},{"@type":"Organization","@id":"https:\/\/www.uartes.edu.ec\/sitio\/fr\/#organization","name":"Universidad de las Artes","url":"https:\/\/www.uartes.edu.ec\/sitio\/fr\/","logo":{"@type":"ImageObject","inLanguage":"fr-FR","@id":"https:\/\/www.uartes.edu.ec\/sitio\/fr\/#\/schema\/logo\/image\/","url":"https:\/\/www.uartes.edu.ec\/sitio\/wp-content\/uploads\/2022\/07\/logo-ua-horizontal.png","contentUrl":"https:\/\/www.uartes.edu.ec\/sitio\/wp-content\/uploads\/2022\/07\/logo-ua-horizontal.png","width":800,"height":276,"caption":"Universidad de las Artes"},"image":{"@id":"https:\/\/www.uartes.edu.ec\/sitio\/fr\/#\/schema\/logo\/image\/"},"sameAs":["https:\/\/www.facebook.com\/uartesec","https:\/\/x.com\/uartesec","https:\/\/www.tiktok.com\/@uartesec"]},{"@type":"Person","@id":"https:\/\/www.uartes.edu.ec\/sitio\/fr\/#\/schema\/person\/efa1b8275797664fd7f13a79ccc0b1f4","name":"ccortez","image":{"@type":"ImageObject","inLanguage":"fr-FR","@id":"https:\/\/secure.gravatar.com\/avatar\/b2a6f664a3ae8e074346ef91775736c5ec479e637ecced6842de9dc98b5da9cd?s=96&d=mm&r=g","url":"https:\/\/secure.gravatar.com\/avatar\/b2a6f664a3ae8e074346ef91775736c5ec479e637ecced6842de9dc98b5da9cd?s=96&d=mm&r=g","contentUrl":"https:\/\/secure.gravatar.com\/avatar\/b2a6f664a3ae8e074346ef91775736c5ec479e637ecced6842de9dc98b5da9cd?s=96&d=mm&r=g","caption":"ccortez"},"url":"https:\/\/www.uartes.edu.ec\/sitio\/fr\/blog\/author\/ccortez\/"}]}},"uagb_featured_image_src":{"full":["https:\/\/www.uartes.edu.ec\/sitio\/wp-content\/uploads\/2023\/06\/15-MESA-1-TERCER-ENCUENTRO-POLITICAS-Y-ECONOMIA.jpg",2000,1333,false],"thumbnail":["https:\/\/www.uartes.edu.ec\/sitio\/wp-content\/uploads\/2023\/06\/15-MESA-1-TERCER-ENCUENTRO-POLITICAS-Y-ECONOMIA-150x150.jpg",150,150,true],"medium":["https:\/\/www.uartes.edu.ec\/sitio\/wp-content\/uploads\/2023\/06\/15-MESA-1-TERCER-ENCUENTRO-POLITICAS-Y-ECONOMIA-300x200.jpg",300,200,true],"medium_large":["https:\/\/www.uartes.edu.ec\/sitio\/wp-content\/uploads\/2023\/06\/15-MESA-1-TERCER-ENCUENTRO-POLITICAS-Y-ECONOMIA-768x512.jpg",768,512,true],"large":["https:\/\/www.uartes.edu.ec\/sitio\/wp-content\/uploads\/2023\/06\/15-MESA-1-TERCER-ENCUENTRO-POLITICAS-Y-ECONOMIA-644x429.jpg",644,429,true],"1536x1536":["https:\/\/www.uartes.edu.ec\/sitio\/wp-content\/uploads\/2023\/06\/15-MESA-1-TERCER-ENCUENTRO-POLITICAS-Y-ECONOMIA-1536x1024.jpg",1536,1024,true],"2048x2048":["https:\/\/www.uartes.edu.ec\/sitio\/wp-content\/uploads\/2023\/06\/15-MESA-1-TERCER-ENCUENTRO-POLITICAS-Y-ECONOMIA.jpg",2000,1333,false],"trp-custom-language-flag":["https:\/\/www.uartes.edu.ec\/sitio\/wp-content\/uploads\/2023\/06\/15-MESA-1-TERCER-ENCUENTRO-POLITICAS-Y-ECONOMIA.jpg",18,12,false],"htmega_size_585x295":["https:\/\/www.uartes.edu.ec\/sitio\/wp-content\/uploads\/2023\/06\/15-MESA-1-TERCER-ENCUENTRO-POLITICAS-Y-ECONOMIA-585x295.jpg",585,295,true],"htmega_size_1170x536":["https:\/\/www.uartes.edu.ec\/sitio\/wp-content\/uploads\/2023\/06\/15-MESA-1-TERCER-ENCUENTRO-POLITICAS-Y-ECONOMIA-1170x536.jpg",1170,536,true],"htmega_size_396x360":["https:\/\/www.uartes.edu.ec\/sitio\/wp-content\/uploads\/2023\/06\/15-MESA-1-TERCER-ENCUENTRO-POLITICAS-Y-ECONOMIA-396x360.jpg",396,360,true],"gb-block-post-grid-landscape":["https:\/\/www.uartes.edu.ec\/sitio\/wp-content\/uploads\/2023\/06\/15-MESA-1-TERCER-ENCUENTRO-POLITICAS-Y-ECONOMIA-600x400.jpg",600,400,true],"gb-block-post-grid-square":["https:\/\/www.uartes.edu.ec\/sitio\/wp-content\/uploads\/2023\/06\/15-MESA-1-TERCER-ENCUENTRO-POLITICAS-Y-ECONOMIA-600x600.jpg",600,600,true],"university-hub-thumb":["https:\/\/www.uartes.edu.ec\/sitio\/wp-content\/uploads\/2023\/06\/15-MESA-1-TERCER-ENCUENTRO-POLITICAS-Y-ECONOMIA-400x267.jpg",400,267,true]},"uagb_author_info":{"display_name":"ccortez","author_link":"https:\/\/www.uartes.edu.ec\/sitio\/fr\/blog\/author\/ccortez\/"},"uagb_comment_info":0,"uagb_excerpt":"Tras el acto inaugural del 3er Encuentro de Pol\u00edticas y Econom\u00eda de la Cultura, se conform\u00f3 una mesa de di\u00e1logo sobre \u201cPol\u00edticas p\u00fablicas para arte y cultura en Guayaquil\u201d. Intervinieron: Michelli Valladares, por la Empresa P\u00fablica de Turismo del Municipio de Guayaquil; Isabel Silva, directora de la Unidad de Patrimonio Cultural; y, Carlos Hidalgo, por\u2026","featured_image_src":"https:\/\/www.uartes.edu.ec\/sitio\/wp-content\/uploads\/2023\/06\/15-MESA-1-TERCER-ENCUENTRO-POLITICAS-Y-ECONOMIA-600x400.jpg","featured_image_src_square":"https:\/\/www.uartes.edu.ec\/sitio\/wp-content\/uploads\/2023\/06\/15-MESA-1-TERCER-ENCUENTRO-POLITICAS-Y-ECONOMIA-600x600.jpg","author_info":{"display_name":"ccortez","author_link":"https:\/\/www.uartes.edu.ec\/sitio\/fr\/blog\/author\/ccortez\/"},"publishpress_future_workflow_manual_trigger":{"enabledWorkflows":[]},"distributor_meta":false,"distributor_terms":false,"distributor_media":false,"distributor_original_site_name":"Universidad de las Artes","distributor_original_site_url":"https:\/\/www.uartes.edu.ec\/sitio\/fr","push-errors":false,"_links":{"self":[{"href":"https:\/\/www.uartes.edu.ec\/sitio\/fr\/wp-json\/wp\/v2\/posts\/43732","targetHints":{"allow":["GET"]}}],"collection":[{"href":"https:\/\/www.uartes.edu.ec\/sitio\/fr\/wp-json\/wp\/v2\/posts"}],"about":[{"href":"https:\/\/www.uartes.edu.ec\/sitio\/fr\/wp-json\/wp\/v2\/types\/post"}],"author":[{"embeddable":true,"href":"https:\/\/www.uartes.edu.ec\/sitio\/fr\/wp-json\/wp\/v2\/users\/10"}],"replies":[{"embeddable":true,"href":"https:\/\/www.uartes.edu.ec\/sitio\/fr\/wp-json\/wp\/v2\/comments?post=43732"}],"version-history":[{"count":12,"href":"https:\/\/www.uartes.edu.ec\/sitio\/fr\/wp-json\/wp\/v2\/posts\/43732\/revisions"}],"predecessor-version":[{"id":43927,"href":"https:\/\/www.uartes.edu.ec\/sitio\/fr\/wp-json\/wp\/v2\/posts\/43732\/revisions\/43927"}],"wp:featuredmedia":[{"embeddable":true,"href":"https:\/\/www.uartes.edu.ec\/sitio\/fr\/wp-json\/wp\/v2\/media\/43733"}],"wp:attachment":[{"href":"https:\/\/www.uartes.edu.ec\/sitio\/fr\/wp-json\/wp\/v2\/media?parent=43732"}],"wp:term":[{"taxonomy":"category","embeddable":true,"href":"https:\/\/www.uartes.edu.ec\/sitio\/fr\/wp-json\/wp\/v2\/categories?post=43732"},{"taxonomy":"post_tag","embeddable":true,"href":"https:\/\/www.uartes.edu.ec\/sitio\/fr\/wp-json\/wp\/v2\/tags?post=43732"},{"taxonomy":"infouartes","embeddable":true,"href":"https:\/\/www.uartes.edu.ec\/sitio\/fr\/wp-json\/wp\/v2\/infouartes?post=43732"}],"curies":[{"name":"wp","href":"https:\/\/api.w.org\/{rel}","templated":true}]}}