{"id":43799,"date":"2023-06-26T17:39:00","date_gmt":"2023-06-26T22:39:00","guid":{"rendered":"https:\/\/www.uartes.edu.ec\/sitio\/?p=43799"},"modified":"2024-07-04T11:21:02","modified_gmt":"2024-07-04T16:21:02","slug":"la-cultura-desde-la-institucionalidad-en-guayaquil","status":"publish","type":"post","link":"https:\/\/www.uartes.edu.ec\/sitio\/fr\/blog\/2023\/06\/26\/la-cultura-desde-la-institucionalidad-en-guayaquil\/","title":{"rendered":"Directores de los museos Municipal, del Cacao y de M\u00fasica Popular hablan de cultura desde la institucionalidad"},"content":{"rendered":"<p>Con el Micr\u00f3fono Abierto y en el marco del 3er Encuentro de Pol\u00edticas y Econom\u00eda de la Cultura organizado por el Observatorio de la UArtes, los directores del Museo del Cacao, Stephanie Garc\u00eda; del Museo Municipal, Joaqu\u00edn Moscoso; y, del Museo de M\u00fasica Popular Julio Jaramillo, Hugo Idrovo, fueron convocados a dialogar sobre la cultura desde la institucionalidad en Guayaquil. La moderaci\u00f3n corri\u00f3 a cargo de la periodista cultural y docente J\u00e9ssica Zambrano.<\/p>\n\n\n\n<p>Invitados a resumir el enfoque institucional de las entidades que representan, Garc\u00eda habl\u00f3 de \u201ccrear innovaci\u00f3n comunitaria a trav\u00e9s de la historia y del arte nacional\u201d. Idrovo mencion\u00f3 que la tradici\u00f3n no es el pasado, sino lo que va a quedar para el futuro y record\u00f3 que el pasillo fue declarado el 14 de diciembre de 2021 como patrimonio intangible de la humanidad. Moscoso se refiri\u00f3 a la calidad del museo y de los servicios p\u00fablicos culturales, \u201chacia all\u00e1 deber\u00eda enfocarse\u201d.<\/p>\n\n\n\n<p>Zambrano pregunt\u00f3 sobre los presupuestos de estas entidades y si se ha hecho una revisi\u00f3n al respecto. El Museo del Cacao y la Sala Mucao (galer\u00eda de arte y eventos) siempre est\u00e1n movi\u00e9ndose y gestionando fondos privados, revel\u00f3 Garc\u00eda. \u201cLos fondos p\u00fablicos fueron al proyecto de la calle Panam\u00e1, la renovaci\u00f3n de la casa y todo lo que se ve museogr\u00e1ficamente de la exposici\u00f3n permanente de la historia del cacao, pero el movimiento que hay desde hace dos a\u00f1os ha sido gestionado con fondos privados\u201d. Ella y el personal est\u00e1n contratados por la entidad privada y no recibe fondos del Municipio ni es parte del fondo publico cultural.<\/p>\n\n\n<div class=\"wp-block-image\">\n<figure class=\"aligncenter size-large\"><img fetchpriority=\"high\" decoding=\"async\" width=\"644\" height=\"429\" src=\"https:\/\/www.uartes.edu.ec\/sitio\/wp-content\/uploads\/2023\/06\/08-MICROFONO-ABIERTO-TERCER-ENCUENTRO-644x429.jpg\" alt=\"\" class=\"wp-image-43775\" srcset=\"https:\/\/www.uartes.edu.ec\/sitio\/wp-content\/uploads\/2023\/06\/08-MICROFONO-ABIERTO-TERCER-ENCUENTRO-644x429.jpg 644w, https:\/\/www.uartes.edu.ec\/sitio\/wp-content\/uploads\/2023\/06\/08-MICROFONO-ABIERTO-TERCER-ENCUENTRO-300x200.jpg 300w, https:\/\/www.uartes.edu.ec\/sitio\/wp-content\/uploads\/2023\/06\/08-MICROFONO-ABIERTO-TERCER-ENCUENTRO-768x512.jpg 768w, https:\/\/www.uartes.edu.ec\/sitio\/wp-content\/uploads\/2023\/06\/08-MICROFONO-ABIERTO-TERCER-ENCUENTRO-1536x1024.jpg 1536w, https:\/\/www.uartes.edu.ec\/sitio\/wp-content\/uploads\/2023\/06\/08-MICROFONO-ABIERTO-TERCER-ENCUENTRO-600x400.jpg 600w, https:\/\/www.uartes.edu.ec\/sitio\/wp-content\/uploads\/2023\/06\/08-MICROFONO-ABIERTO-TERCER-ENCUENTRO-400x267.jpg 400w, https:\/\/www.uartes.edu.ec\/sitio\/wp-content\/uploads\/2023\/06\/08-MICROFONO-ABIERTO-TERCER-ENCUENTRO-272x182.jpg 272w, https:\/\/www.uartes.edu.ec\/sitio\/wp-content\/uploads\/2023\/06\/08-MICROFONO-ABIERTO-TERCER-ENCUENTRO.jpg 2000w\" sizes=\"(max-width: 644px) 100vw, 644px\" \/><\/figure>\n<\/div>\n\n\n<p>Idrovo revel\u00f3 que el Museo de la M\u00fasica Popular y la Escuela de la M\u00fasica Nicasio Safadi depende por completo de la Direcci\u00f3n de Gesti\u00f3n de Cultura de Guayaquil y que justamente el d\u00eda del di\u00e1logo se desarmaron unos maniqu\u00edes que representan a los m\u00fasicos populares due\u00f1os de la tradici\u00f3n m\u00e1s representativa de la ciudad: los largateros, para lavar en su casa sus ropas. \u201cEnfrentamos un cambio desde ya comprometido, vamos a trabajar considerando que la cultura no engloba exclusivamente a las artes, las letras y la m\u00fasica, son el conjunto de rasgos que caracterizan a una sociedad, a un conglomerado, a un pa\u00eds. (\u2026) Las cosas se hacen con pasi\u00f3n, lo cual genera compromiso y de este, resultados. El momento es dif\u00edcil, pero lo vamos a conseguir\u201d.<\/p>\n\n\n\n<p>Moscoso coincidi\u00f3 con Idrovo en la dif\u00edcil pregunta. No solo hay falta de financiamiento, sino de decisi\u00f3n pol\u00edtica. Quienes tienen que ver con fondos p\u00fablicos establecen no invertir en el sector cultural, \u201csiguen coincidiendo en la visi\u00f3n decimon\u00f3nica de que la cultura es un tema de diversi\u00f3n o de evento, una cultura solo para las \u00e9lites y hay que entender que este rato es la amalgama de toda la sociedad\u201d.<\/p>\n\n\n\n<p>No existe un sistema de cultura cantonal ni municipal, tampoco existe una pol\u00edtica p\u00fablica local ni fondos, agreg\u00f3 Moscoso. Cualquier tipo de ejecuci\u00f3n ha mirado la coyuntura y las fiestas del momento, \u201cpero no tenemos una red de museos municipales realmente fortalecida, no hay capacidad ni siquiera de hacer mantenimiento de los dispositivos museogr\u00e1ficos, no han sido renovadas las muestras museogr\u00e1ficas hace m\u00e1s de 30 a\u00f1os (\u2026)\u201d. De all\u00ed, se\u00f1al\u00f3, que es fundamental la renovaci\u00f3n de las narrativas en los museos, sobre todo, del municipal.<\/p>\n\n\n<div class=\"wp-block-image\">\n<figure class=\"aligncenter size-large\"><img decoding=\"async\" width=\"644\" height=\"429\" src=\"https:\/\/www.uartes.edu.ec\/sitio\/wp-content\/uploads\/2023\/06\/RESTANTES-MICRO-03-644x429.jpg\" alt=\"\" class=\"wp-image-43990\" srcset=\"https:\/\/www.uartes.edu.ec\/sitio\/wp-content\/uploads\/2023\/06\/RESTANTES-MICRO-03-644x429.jpg 644w, https:\/\/www.uartes.edu.ec\/sitio\/wp-content\/uploads\/2023\/06\/RESTANTES-MICRO-03-768x511.jpg 768w, https:\/\/www.uartes.edu.ec\/sitio\/wp-content\/uploads\/2023\/06\/RESTANTES-MICRO-03.jpg 2000w, https:\/\/www.uartes.edu.ec\/sitio\/wp-content\/uploads\/2023\/06\/RESTANTES-MICRO-03-600x399.jpg 600w, https:\/\/www.uartes.edu.ec\/sitio\/wp-content\/uploads\/2023\/06\/RESTANTES-MICRO-03-272x182.jpg 272w\" sizes=\"(max-width: 644px) 100vw, 644px\" \/><\/figure>\n<\/div>\n\n\n<p>El proceso de institucionalizaci\u00f3n de las competencias en cultura y patrimonio en Guayaquil est\u00e1n en cero. No se puede ni siquiera hablar de reconstruir, sino de construir desde cero un proceso institucional que mire la inversi\u00f3n en temas culturales, patrimoniales, memoria social, pol\u00edtica p\u00fablica, normativa, ordenanzas, la generaci\u00f3n de acuerdos con las sociedades y el tejido comunitario, de actores y gestores culturales. Hay much\u00edsimo por hacer, expres\u00f3 Moscoso. &nbsp;<\/p>\n\n\n\n<p>Garc\u00eda a\u00f1adi\u00f3 que junto con Idrovo y Moscoso representan a espacios municipales, pero no conversan ni tienen una agenda compartida ni hay sincron\u00eda en lo que est\u00e1n haciendo. \u201cQu\u00e9 ideal ser\u00eda hacer una exposici\u00f3n en el Museo del Cacao y que simult\u00e1neamente se haga en los otros espacios. Internamente nos apoyamos, mas no hay una red\u201d. En lo personal, a\u00f1adi\u00f3, se siente abandonada en el \u00e1mbito cultural municipal porque no ha tenido un apoyo para gestionar ni crear algo juntos e intercambiar ideas para que se mueva de otra forma la agenda cultural de la ciudad. &nbsp;<\/p>\n\n\n\n<p>Zambrano pregunt\u00f3 cu\u00e1l ser\u00eda la propuesta para crear ese tejido como instituciones. Garc\u00eda confes\u00f3 que le preocupa lo que pas\u00e9 en dos a\u00f1os, que es la duraci\u00f3n de su contrato; a d\u00f3nde va todo lo creado y la base de datos, por ello confes\u00f3 que le gustar\u00eda desde ya juntarse con los otros museos para contar lo que se viene.<\/p>\n\n\n\n<p>Idrovo refiri\u00f3 que el Instituto Nacional de Patrimonio Cultural (INPC) ha levantado a nivel nacional un inventario del pasillo incorporado al sistema de informaci\u00f3n cultural del Ecuador; adicionalmente, la Unesco en sus declaratorias estableci\u00f3 que el gobierno se compromete a la salvaguarda del pasillo. \u201cEste compromiso ha creado ya en marzo de 2023 la conformaci\u00f3n de un comit\u00e9 de gesti\u00f3n de esta salvaguarda\u201d, sostuvo y revel\u00f3 la alianza estrat\u00e9gica establecida con la UArte tras una reuni\u00f3n en la Direcci\u00f3n Cultural del Municipio.<\/p>\n\n\n<div class=\"wp-block-image\">\n<figure class=\"aligncenter size-large\"><img decoding=\"async\" width=\"644\" height=\"429\" src=\"https:\/\/www.uartes.edu.ec\/sitio\/wp-content\/uploads\/2023\/06\/RESTANTES-MICRO-01-644x429.jpg\" alt=\"\" class=\"wp-image-43992\" srcset=\"https:\/\/www.uartes.edu.ec\/sitio\/wp-content\/uploads\/2023\/06\/RESTANTES-MICRO-01-644x429.jpg 644w, https:\/\/www.uartes.edu.ec\/sitio\/wp-content\/uploads\/2023\/06\/RESTANTES-MICRO-01-768x511.jpg 768w, https:\/\/www.uartes.edu.ec\/sitio\/wp-content\/uploads\/2023\/06\/RESTANTES-MICRO-01.jpg 2000w, https:\/\/www.uartes.edu.ec\/sitio\/wp-content\/uploads\/2023\/06\/RESTANTES-MICRO-01-600x399.jpg 600w, https:\/\/www.uartes.edu.ec\/sitio\/wp-content\/uploads\/2023\/06\/RESTANTES-MICRO-01-272x182.jpg 272w\" sizes=\"(max-width: 644px) 100vw, 644px\" \/><\/figure>\n<\/div>\n\n\n<p>As\u00ed, uno de los funcionarios del Museo de M\u00fasica Popular Julio Jaramillo asiste desde mayo a las clases de Producci\u00f3n Musical y los estudiantes en proceso de evaluaci\u00f3n y de selecci\u00f3n por excelencia est\u00e1n bajo la c\u00e1tedra de canto con la leyenda viva del pasillo ecuatoriano Fresia Saavedra y en la c\u00e1tedra de guitarra y requinto con el maestro de fama internacional Naldo Campos. \u201cSon momentos de mucha entereza y optimismo. Este espacio (refiri\u00e9ndose a la UArtes) fue creado por un proceso pol\u00edtico identitario y \u00fanico en la historia del Ecuador despu\u00e9s de Eloy Alfaro, y si ya dimos el primer paso seguiremos\u201d.<\/p>\n\n\n\n<p>Moscoso anot\u00f3 que los desaf\u00edos son muchos. \u201cHay desaf\u00edos intramuros importantes, desde el manejo de las colecciones, inventarios, registros que no existen. La mayor parte de las colecciones del Museo Municipal se encuentran afectadas e infectadas con hongos. La situaci\u00f3n es grave, una infraestructura deteriorada (\u2026). Me parece que es fundamental repensarla. Estamos frente a un proceso que no tiene manual ni regulaciones ni protocolos, hay que inventar todo desde cero (\u2026) y todo requiere de presupuesto y decisi\u00f3n pol\u00edtica\u201d.<\/p>\n\n\n\n<p>El desaf\u00edo tambi\u00e9n es extramuros. Hay que reconciliarse con la sociedad, la cultura, las comunidades, los artistas y gestores. Moscoso anot\u00f3 que siente una desconexi\u00f3n en la percepci\u00f3n de las personas sobre su patrimonio cultural porque no ha existido una inversi\u00f3n real para ello (\u2026). Se est\u00e1 haciendo un levantamiento de informaci\u00f3n, a fin de ir construyendo a mediano plazo las decisiones que nos ayuden a superar los problemas encontrados.<\/p>\n\n\n\n<p>Cobertura\/Texto: Carmen Cortez<\/p>","protected":false},"excerpt":{"rendered":"<p>Con el Micr\u00f3fono Abierto, en el marco del tercer encuentro del Observatorio de Pol\u00edticas y Econom\u00eda de la Cultura de la UArtes, los directores del Museo Municipal, Joaqu\u00edn Moscoso; del Museo del Cacao, Stephanie Garc\u00eda; y, del Museo de M\u00fasica Popular Julio Jaramillo, Hugo Idrovo, analizaron la cultura desde la institucionalidad en Guayaquil. Los funcionarios hicieron un balance de las entidades.  <\/p>","protected":false},"author":10,"featured_media":43776,"comment_status":"open","ping_status":"open","sticky":false,"template":"","format":"standard","meta":{"_acf_changed":false,"_uag_custom_page_level_css":"","_monsterinsights_skip_tracking":false,"_monsterinsights_sitenote_active":false,"_monsterinsights_sitenote_note":"","_monsterinsights_sitenote_category":0,"cybocfi_hide_featured_image":"","footnotes":""},"categories":[80,438,490,82,75,76,77,284],"tags":[1005],"infouartes":[],"class_list":["post-43799","post","type-post","status-publish","format-standard","has-post-thumbnail","hentry","category-academico","category-administrativos","category-alumni","category-artes","category-docentes","category-estudiantes","category-gestion","category-investigacion","tag-encuentro-del-observatorio"],"acf":[],"yoast_head":"<!-- This site is optimized with the Yoast SEO plugin v27.4 - https:\/\/yoast.com\/product\/yoast-seo-wordpress\/ -->\n<title>Universidad de las Artes - Directores de los museos Municipal, del Cacao y de M\u00fasica Popular hablan de cultura desde la institucionalidad<\/title>\n<meta name=\"description\" content=\"Universidad de las Artes - Directores de los museos Municipal, del Cacao y de M\u00fasica Popular hablan de cultura desde la institucionalidad\" \/>\n<meta name=\"robots\" content=\"index, follow, max-snippet:-1, max-image-preview:large, max-video-preview:-1\" \/>\n<link rel=\"canonical\" href=\"https:\/\/www.uartes.edu.ec\/sitio\/fr\/blog\/2023\/06\/26\/la-cultura-desde-la-institucionalidad-en-guayaquil\/\" \/>\n<meta property=\"og:locale\" content=\"fr_FR\" \/>\n<meta property=\"og:type\" content=\"article\" \/>\n<meta property=\"og:title\" content=\"Universidad de las Artes - Directores de los museos Municipal, del Cacao y de M\u00fasica Popular hablan de cultura desde la institucionalidad\" \/>\n<meta property=\"og:description\" content=\"Universidad de las Artes - Directores de los museos Municipal, del Cacao y de M\u00fasica Popular hablan de cultura desde la institucionalidad\" \/>\n<meta property=\"og:url\" content=\"https:\/\/www.uartes.edu.ec\/sitio\/fr\/blog\/2023\/06\/26\/la-cultura-desde-la-institucionalidad-en-guayaquil\/\" \/>\n<meta property=\"og:site_name\" content=\"Universidad de las Artes\" \/>\n<meta property=\"article:publisher\" content=\"https:\/\/www.facebook.com\/uartesec\" \/>\n<meta property=\"article:published_time\" content=\"2023-06-26T22:39:00+00:00\" \/>\n<meta property=\"article:modified_time\" content=\"2024-07-04T16:21:02+00:00\" \/>\n<meta property=\"og:image\" content=\"https:\/\/www.uartes.edu.ec\/sitio\/wp-content\/uploads\/2023\/06\/09-MICROFONO-ABIERTO-TERCER-ENCUENTRO.jpg\" \/>\n\t<meta property=\"og:image:width\" content=\"2000\" \/>\n\t<meta property=\"og:image:height\" content=\"1333\" \/>\n\t<meta property=\"og:image:type\" content=\"image\/jpeg\" \/>\n<meta name=\"author\" content=\"ccortez\" \/>\n<meta name=\"twitter:card\" content=\"summary_large_image\" \/>\n<meta name=\"twitter:creator\" content=\"@uartesec\" \/>\n<meta name=\"twitter:site\" content=\"@uartesec\" \/>\n<meta name=\"twitter:label1\" content=\"\u00c9crit par\" \/>\n\t<meta name=\"twitter:data1\" content=\"ccortez\" \/>\n\t<meta name=\"twitter:label2\" content=\"Dur\u00e9e de lecture estim\u00e9e\" \/>\n\t<meta name=\"twitter:data2\" content=\"6 minutes\" \/>\n<script type=\"application\/ld+json\" class=\"yoast-schema-graph\">{\"@context\":\"https:\\\/\\\/schema.org\",\"@graph\":[{\"@type\":\"Article\",\"@id\":\"https:\\\/\\\/www.uartes.edu.ec\\\/sitio\\\/fr\\\/blog\\\/2023\\\/06\\\/26\\\/la-cultura-desde-la-institucionalidad-en-guayaquil\\\/#article\",\"isPartOf\":{\"@id\":\"https:\\\/\\\/www.uartes.edu.ec\\\/sitio\\\/fr\\\/blog\\\/2023\\\/06\\\/26\\\/la-cultura-desde-la-institucionalidad-en-guayaquil\\\/\"},\"author\":{\"name\":\"ccortez\",\"@id\":\"https:\\\/\\\/www.uartes.edu.ec\\\/sitio\\\/fr\\\/#\\\/schema\\\/person\\\/efa1b8275797664fd7f13a79ccc0b1f4\"},\"headline\":\"Directores de los museos Municipal, del Cacao y de M\u00fasica Popular hablan de cultura desde la institucionalidad\",\"datePublished\":\"2023-06-26T22:39:00+00:00\",\"dateModified\":\"2024-07-04T16:21:02+00:00\",\"mainEntityOfPage\":{\"@id\":\"https:\\\/\\\/www.uartes.edu.ec\\\/sitio\\\/fr\\\/blog\\\/2023\\\/06\\\/26\\\/la-cultura-desde-la-institucionalidad-en-guayaquil\\\/\"},\"wordCount\":1224,\"commentCount\":0,\"publisher\":{\"@id\":\"https:\\\/\\\/www.uartes.edu.ec\\\/sitio\\\/fr\\\/#organization\"},\"image\":{\"@id\":\"https:\\\/\\\/www.uartes.edu.ec\\\/sitio\\\/fr\\\/blog\\\/2023\\\/06\\\/26\\\/la-cultura-desde-la-institucionalidad-en-guayaquil\\\/#primaryimage\"},\"thumbnailUrl\":\"https:\\\/\\\/www.uartes.edu.ec\\\/sitio\\\/wp-content\\\/uploads\\\/2023\\\/06\\\/09-MICROFONO-ABIERTO-TERCER-ENCUENTRO.jpg\",\"keywords\":[\"encuentro del Observatorio\"],\"articleSection\":[\"Acad\u00e9mico\",\"Administrativos\",\"Alumni\",\"Artes\",\"Docentes\",\"Estudiantes\",\"Gesti\u00f3n\",\"Investigaci\u00f3n\"],\"inLanguage\":\"fr-FR\",\"potentialAction\":[{\"@type\":\"CommentAction\",\"name\":\"Comment\",\"target\":[\"https:\\\/\\\/www.uartes.edu.ec\\\/sitio\\\/fr\\\/blog\\\/2023\\\/06\\\/26\\\/la-cultura-desde-la-institucionalidad-en-guayaquil\\\/#respond\"]}]},{\"@type\":[\"WebPage\",\"ItemPage\"],\"@id\":\"https:\\\/\\\/www.uartes.edu.ec\\\/sitio\\\/fr\\\/blog\\\/2023\\\/06\\\/26\\\/la-cultura-desde-la-institucionalidad-en-guayaquil\\\/\",\"url\":\"https:\\\/\\\/www.uartes.edu.ec\\\/sitio\\\/fr\\\/blog\\\/2023\\\/06\\\/26\\\/la-cultura-desde-la-institucionalidad-en-guayaquil\\\/\",\"name\":\"Universidad de las Artes - Directores de los museos Municipal, del Cacao y de M\u00fasica Popular hablan de cultura desde la institucionalidad\",\"isPartOf\":{\"@id\":\"https:\\\/\\\/www.uartes.edu.ec\\\/sitio\\\/fr\\\/#website\"},\"primaryImageOfPage\":{\"@id\":\"https:\\\/\\\/www.uartes.edu.ec\\\/sitio\\\/fr\\\/blog\\\/2023\\\/06\\\/26\\\/la-cultura-desde-la-institucionalidad-en-guayaquil\\\/#primaryimage\"},\"image\":{\"@id\":\"https:\\\/\\\/www.uartes.edu.ec\\\/sitio\\\/fr\\\/blog\\\/2023\\\/06\\\/26\\\/la-cultura-desde-la-institucionalidad-en-guayaquil\\\/#primaryimage\"},\"thumbnailUrl\":\"https:\\\/\\\/www.uartes.edu.ec\\\/sitio\\\/wp-content\\\/uploads\\\/2023\\\/06\\\/09-MICROFONO-ABIERTO-TERCER-ENCUENTRO.jpg\",\"datePublished\":\"2023-06-26T22:39:00+00:00\",\"dateModified\":\"2024-07-04T16:21:02+00:00\",\"description\":\"Universidad de las Artes - Directores de los museos Municipal, del Cacao y de M\u00fasica Popular hablan de cultura desde la institucionalidad\",\"breadcrumb\":{\"@id\":\"https:\\\/\\\/www.uartes.edu.ec\\\/sitio\\\/fr\\\/blog\\\/2023\\\/06\\\/26\\\/la-cultura-desde-la-institucionalidad-en-guayaquil\\\/#breadcrumb\"},\"inLanguage\":\"fr-FR\",\"potentialAction\":[{\"@type\":\"ReadAction\",\"target\":[\"https:\\\/\\\/www.uartes.edu.ec\\\/sitio\\\/fr\\\/blog\\\/2023\\\/06\\\/26\\\/la-cultura-desde-la-institucionalidad-en-guayaquil\\\/\"]}]},{\"@type\":\"ImageObject\",\"inLanguage\":\"fr-FR\",\"@id\":\"https:\\\/\\\/www.uartes.edu.ec\\\/sitio\\\/fr\\\/blog\\\/2023\\\/06\\\/26\\\/la-cultura-desde-la-institucionalidad-en-guayaquil\\\/#primaryimage\",\"url\":\"https:\\\/\\\/www.uartes.edu.ec\\\/sitio\\\/wp-content\\\/uploads\\\/2023\\\/06\\\/09-MICROFONO-ABIERTO-TERCER-ENCUENTRO.jpg\",\"contentUrl\":\"https:\\\/\\\/www.uartes.edu.ec\\\/sitio\\\/wp-content\\\/uploads\\\/2023\\\/06\\\/09-MICROFONO-ABIERTO-TERCER-ENCUENTRO.jpg\",\"width\":2000,\"height\":1333},{\"@type\":\"BreadcrumbList\",\"@id\":\"https:\\\/\\\/www.uartes.edu.ec\\\/sitio\\\/fr\\\/blog\\\/2023\\\/06\\\/26\\\/la-cultura-desde-la-institucionalidad-en-guayaquil\\\/#breadcrumb\",\"itemListElement\":[{\"@type\":\"ListItem\",\"position\":1,\"name\":\"Inicio\",\"item\":\"https:\\\/\\\/www.uartes.edu.ec\\\/sitio\\\/\"},{\"@type\":\"ListItem\",\"position\":2,\"name\":\"Directores de los museos Municipal, del Cacao y de M\u00fasica Popular hablan de cultura desde la institucionalidad\"}]},{\"@type\":\"WebSite\",\"@id\":\"https:\\\/\\\/www.uartes.edu.ec\\\/sitio\\\/fr\\\/#website\",\"url\":\"https:\\\/\\\/www.uartes.edu.ec\\\/sitio\\\/fr\\\/\",\"name\":\"Universidad de las Artes\",\"description\":\"Sitio oficial de la Universidad Nacional de las Artes del Ecuador\",\"publisher\":{\"@id\":\"https:\\\/\\\/www.uartes.edu.ec\\\/sitio\\\/fr\\\/#organization\"},\"potentialAction\":[{\"@type\":\"SearchAction\",\"target\":{\"@type\":\"EntryPoint\",\"urlTemplate\":\"https:\\\/\\\/www.uartes.edu.ec\\\/sitio\\\/fr\\\/?s={search_term_string}\"},\"query-input\":{\"@type\":\"PropertyValueSpecification\",\"valueRequired\":true,\"valueName\":\"search_term_string\"}}],\"inLanguage\":\"fr-FR\"},{\"@type\":\"Organization\",\"@id\":\"https:\\\/\\\/www.uartes.edu.ec\\\/sitio\\\/fr\\\/#organization\",\"name\":\"Universidad de las Artes\",\"url\":\"https:\\\/\\\/www.uartes.edu.ec\\\/sitio\\\/fr\\\/\",\"logo\":{\"@type\":\"ImageObject\",\"inLanguage\":\"fr-FR\",\"@id\":\"https:\\\/\\\/www.uartes.edu.ec\\\/sitio\\\/fr\\\/#\\\/schema\\\/logo\\\/image\\\/\",\"url\":\"https:\\\/\\\/www.uartes.edu.ec\\\/sitio\\\/wp-content\\\/uploads\\\/2022\\\/07\\\/logo-ua-horizontal.png\",\"contentUrl\":\"https:\\\/\\\/www.uartes.edu.ec\\\/sitio\\\/wp-content\\\/uploads\\\/2022\\\/07\\\/logo-ua-horizontal.png\",\"width\":800,\"height\":276,\"caption\":\"Universidad de las Artes\"},\"image\":{\"@id\":\"https:\\\/\\\/www.uartes.edu.ec\\\/sitio\\\/fr\\\/#\\\/schema\\\/logo\\\/image\\\/\"},\"sameAs\":[\"https:\\\/\\\/www.facebook.com\\\/uartesec\",\"https:\\\/\\\/x.com\\\/uartesec\",\"https:\\\/\\\/www.tiktok.com\\\/@uartesec\"]},{\"@type\":\"Person\",\"@id\":\"https:\\\/\\\/www.uartes.edu.ec\\\/sitio\\\/fr\\\/#\\\/schema\\\/person\\\/efa1b8275797664fd7f13a79ccc0b1f4\",\"name\":\"ccortez\",\"image\":{\"@type\":\"ImageObject\",\"inLanguage\":\"fr-FR\",\"@id\":\"https:\\\/\\\/secure.gravatar.com\\\/avatar\\\/b2a6f664a3ae8e074346ef91775736c5ec479e637ecced6842de9dc98b5da9cd?s=96&d=mm&r=g\",\"url\":\"https:\\\/\\\/secure.gravatar.com\\\/avatar\\\/b2a6f664a3ae8e074346ef91775736c5ec479e637ecced6842de9dc98b5da9cd?s=96&d=mm&r=g\",\"contentUrl\":\"https:\\\/\\\/secure.gravatar.com\\\/avatar\\\/b2a6f664a3ae8e074346ef91775736c5ec479e637ecced6842de9dc98b5da9cd?s=96&d=mm&r=g\",\"caption\":\"ccortez\"},\"url\":\"https:\\\/\\\/www.uartes.edu.ec\\\/sitio\\\/fr\\\/blog\\\/author\\\/ccortez\\\/\"}]}<\/script>\n<!-- \/ Yoast SEO plugin. -->","yoast_head_json":{"title":"Universidad de las Artes - Directores de los museos Municipal, del Cacao y de M\u00fasica Popular hablan de cultura desde la institucionalidad","description":"Universidad de las Artes - Directores de los museos Municipal, del Cacao y de M\u00fasica Popular hablan de cultura desde la institucionalidad","robots":{"index":"index","follow":"follow","max-snippet":"max-snippet:-1","max-image-preview":"max-image-preview:large","max-video-preview":"max-video-preview:-1"},"canonical":"https:\/\/www.uartes.edu.ec\/sitio\/fr\/blog\/2023\/06\/26\/la-cultura-desde-la-institucionalidad-en-guayaquil\/","og_locale":"fr_FR","og_type":"article","og_title":"Universidad de las Artes - Directores de los museos Municipal, del Cacao y de M\u00fasica Popular hablan de cultura desde la institucionalidad","og_description":"Universidad de las Artes - Directores de los museos Municipal, del Cacao y de M\u00fasica Popular hablan de cultura desde la institucionalidad","og_url":"https:\/\/www.uartes.edu.ec\/sitio\/fr\/blog\/2023\/06\/26\/la-cultura-desde-la-institucionalidad-en-guayaquil\/","og_site_name":"Universidad de las Artes","article_publisher":"https:\/\/www.facebook.com\/uartesec","article_published_time":"2023-06-26T22:39:00+00:00","article_modified_time":"2024-07-04T16:21:02+00:00","og_image":[{"width":2000,"height":1333,"url":"https:\/\/www.uartes.edu.ec\/sitio\/wp-content\/uploads\/2023\/06\/09-MICROFONO-ABIERTO-TERCER-ENCUENTRO.jpg","type":"image\/jpeg"}],"author":"ccortez","twitter_card":"summary_large_image","twitter_creator":"@uartesec","twitter_site":"@uartesec","twitter_misc":{"\u00c9crit par":"ccortez","Dur\u00e9e de lecture estim\u00e9e":"6 minutes"},"schema":{"@context":"https:\/\/schema.org","@graph":[{"@type":"Article","@id":"https:\/\/www.uartes.edu.ec\/sitio\/fr\/blog\/2023\/06\/26\/la-cultura-desde-la-institucionalidad-en-guayaquil\/#article","isPartOf":{"@id":"https:\/\/www.uartes.edu.ec\/sitio\/fr\/blog\/2023\/06\/26\/la-cultura-desde-la-institucionalidad-en-guayaquil\/"},"author":{"name":"ccortez","@id":"https:\/\/www.uartes.edu.ec\/sitio\/fr\/#\/schema\/person\/efa1b8275797664fd7f13a79ccc0b1f4"},"headline":"Directores de los museos Municipal, del Cacao y de M\u00fasica Popular hablan de cultura desde la institucionalidad","datePublished":"2023-06-26T22:39:00+00:00","dateModified":"2024-07-04T16:21:02+00:00","mainEntityOfPage":{"@id":"https:\/\/www.uartes.edu.ec\/sitio\/fr\/blog\/2023\/06\/26\/la-cultura-desde-la-institucionalidad-en-guayaquil\/"},"wordCount":1224,"commentCount":0,"publisher":{"@id":"https:\/\/www.uartes.edu.ec\/sitio\/fr\/#organization"},"image":{"@id":"https:\/\/www.uartes.edu.ec\/sitio\/fr\/blog\/2023\/06\/26\/la-cultura-desde-la-institucionalidad-en-guayaquil\/#primaryimage"},"thumbnailUrl":"https:\/\/www.uartes.edu.ec\/sitio\/wp-content\/uploads\/2023\/06\/09-MICROFONO-ABIERTO-TERCER-ENCUENTRO.jpg","keywords":["encuentro del Observatorio"],"articleSection":["Acad\u00e9mico","Administrativos","Alumni","Artes","Docentes","Estudiantes","Gesti\u00f3n","Investigaci\u00f3n"],"inLanguage":"fr-FR","potentialAction":[{"@type":"CommentAction","name":"Comment","target":["https:\/\/www.uartes.edu.ec\/sitio\/fr\/blog\/2023\/06\/26\/la-cultura-desde-la-institucionalidad-en-guayaquil\/#respond"]}]},{"@type":["WebPage","ItemPage"],"@id":"https:\/\/www.uartes.edu.ec\/sitio\/fr\/blog\/2023\/06\/26\/la-cultura-desde-la-institucionalidad-en-guayaquil\/","url":"https:\/\/www.uartes.edu.ec\/sitio\/fr\/blog\/2023\/06\/26\/la-cultura-desde-la-institucionalidad-en-guayaquil\/","name":"Universidad de las Artes - Directores de los museos Municipal, del Cacao y de M\u00fasica Popular hablan de cultura desde la institucionalidad","isPartOf":{"@id":"https:\/\/www.uartes.edu.ec\/sitio\/fr\/#website"},"primaryImageOfPage":{"@id":"https:\/\/www.uartes.edu.ec\/sitio\/fr\/blog\/2023\/06\/26\/la-cultura-desde-la-institucionalidad-en-guayaquil\/#primaryimage"},"image":{"@id":"https:\/\/www.uartes.edu.ec\/sitio\/fr\/blog\/2023\/06\/26\/la-cultura-desde-la-institucionalidad-en-guayaquil\/#primaryimage"},"thumbnailUrl":"https:\/\/www.uartes.edu.ec\/sitio\/wp-content\/uploads\/2023\/06\/09-MICROFONO-ABIERTO-TERCER-ENCUENTRO.jpg","datePublished":"2023-06-26T22:39:00+00:00","dateModified":"2024-07-04T16:21:02+00:00","description":"Universidad de las Artes - Directores de los museos Municipal, del Cacao y de M\u00fasica Popular hablan de cultura desde la institucionalidad","breadcrumb":{"@id":"https:\/\/www.uartes.edu.ec\/sitio\/fr\/blog\/2023\/06\/26\/la-cultura-desde-la-institucionalidad-en-guayaquil\/#breadcrumb"},"inLanguage":"fr-FR","potentialAction":[{"@type":"ReadAction","target":["https:\/\/www.uartes.edu.ec\/sitio\/fr\/blog\/2023\/06\/26\/la-cultura-desde-la-institucionalidad-en-guayaquil\/"]}]},{"@type":"ImageObject","inLanguage":"fr-FR","@id":"https:\/\/www.uartes.edu.ec\/sitio\/fr\/blog\/2023\/06\/26\/la-cultura-desde-la-institucionalidad-en-guayaquil\/#primaryimage","url":"https:\/\/www.uartes.edu.ec\/sitio\/wp-content\/uploads\/2023\/06\/09-MICROFONO-ABIERTO-TERCER-ENCUENTRO.jpg","contentUrl":"https:\/\/www.uartes.edu.ec\/sitio\/wp-content\/uploads\/2023\/06\/09-MICROFONO-ABIERTO-TERCER-ENCUENTRO.jpg","width":2000,"height":1333},{"@type":"BreadcrumbList","@id":"https:\/\/www.uartes.edu.ec\/sitio\/fr\/blog\/2023\/06\/26\/la-cultura-desde-la-institucionalidad-en-guayaquil\/#breadcrumb","itemListElement":[{"@type":"ListItem","position":1,"name":"Inicio","item":"https:\/\/www.uartes.edu.ec\/sitio\/"},{"@type":"ListItem","position":2,"name":"Directores de los museos Municipal, del Cacao y de M\u00fasica Popular hablan de cultura desde la institucionalidad"}]},{"@type":"WebSite","@id":"https:\/\/www.uartes.edu.ec\/sitio\/fr\/#website","url":"https:\/\/www.uartes.edu.ec\/sitio\/fr\/","name":"Universidad de las Artes","description":"Sitio oficial de la Universidad Nacional de las Artes del Ecuador","publisher":{"@id":"https:\/\/www.uartes.edu.ec\/sitio\/fr\/#organization"},"potentialAction":[{"@type":"SearchAction","target":{"@type":"EntryPoint","urlTemplate":"https:\/\/www.uartes.edu.ec\/sitio\/fr\/?s={search_term_string}"},"query-input":{"@type":"PropertyValueSpecification","valueRequired":true,"valueName":"search_term_string"}}],"inLanguage":"fr-FR"},{"@type":"Organization","@id":"https:\/\/www.uartes.edu.ec\/sitio\/fr\/#organization","name":"Universidad de las Artes","url":"https:\/\/www.uartes.edu.ec\/sitio\/fr\/","logo":{"@type":"ImageObject","inLanguage":"fr-FR","@id":"https:\/\/www.uartes.edu.ec\/sitio\/fr\/#\/schema\/logo\/image\/","url":"https:\/\/www.uartes.edu.ec\/sitio\/wp-content\/uploads\/2022\/07\/logo-ua-horizontal.png","contentUrl":"https:\/\/www.uartes.edu.ec\/sitio\/wp-content\/uploads\/2022\/07\/logo-ua-horizontal.png","width":800,"height":276,"caption":"Universidad de las Artes"},"image":{"@id":"https:\/\/www.uartes.edu.ec\/sitio\/fr\/#\/schema\/logo\/image\/"},"sameAs":["https:\/\/www.facebook.com\/uartesec","https:\/\/x.com\/uartesec","https:\/\/www.tiktok.com\/@uartesec"]},{"@type":"Person","@id":"https:\/\/www.uartes.edu.ec\/sitio\/fr\/#\/schema\/person\/efa1b8275797664fd7f13a79ccc0b1f4","name":"ccortez","image":{"@type":"ImageObject","inLanguage":"fr-FR","@id":"https:\/\/secure.gravatar.com\/avatar\/b2a6f664a3ae8e074346ef91775736c5ec479e637ecced6842de9dc98b5da9cd?s=96&d=mm&r=g","url":"https:\/\/secure.gravatar.com\/avatar\/b2a6f664a3ae8e074346ef91775736c5ec479e637ecced6842de9dc98b5da9cd?s=96&d=mm&r=g","contentUrl":"https:\/\/secure.gravatar.com\/avatar\/b2a6f664a3ae8e074346ef91775736c5ec479e637ecced6842de9dc98b5da9cd?s=96&d=mm&r=g","caption":"ccortez"},"url":"https:\/\/www.uartes.edu.ec\/sitio\/fr\/blog\/author\/ccortez\/"}]}},"uagb_featured_image_src":{"full":["https:\/\/www.uartes.edu.ec\/sitio\/wp-content\/uploads\/2023\/06\/09-MICROFONO-ABIERTO-TERCER-ENCUENTRO.jpg",2000,1333,false],"thumbnail":["https:\/\/www.uartes.edu.ec\/sitio\/wp-content\/uploads\/2023\/06\/09-MICROFONO-ABIERTO-TERCER-ENCUENTRO-150x150.jpg",150,150,true],"medium":["https:\/\/www.uartes.edu.ec\/sitio\/wp-content\/uploads\/2023\/06\/09-MICROFONO-ABIERTO-TERCER-ENCUENTRO-300x300.jpg",300,300,true],"medium_large":["https:\/\/www.uartes.edu.ec\/sitio\/wp-content\/uploads\/2023\/06\/09-MICROFONO-ABIERTO-TERCER-ENCUENTRO-768x511.jpg",768,511,true],"large":["https:\/\/www.uartes.edu.ec\/sitio\/wp-content\/uploads\/2023\/06\/09-MICROFONO-ABIERTO-TERCER-ENCUENTRO-644x429.jpg",644,429,true],"1536x1536":["https:\/\/www.uartes.edu.ec\/sitio\/wp-content\/uploads\/2023\/06\/09-MICROFONO-ABIERTO-TERCER-ENCUENTRO-1536x1536.jpg",1536,1536,true],"2048x2048":["https:\/\/www.uartes.edu.ec\/sitio\/wp-content\/uploads\/2023\/06\/09-MICROFONO-ABIERTO-TERCER-ENCUENTRO-2000x1333.jpg",2000,1333,true],"trp-custom-language-flag":["https:\/\/www.uartes.edu.ec\/sitio\/wp-content\/uploads\/2023\/06\/09-MICROFONO-ABIERTO-TERCER-ENCUENTRO.jpg",18,12,false],"htmega_size_585x295":["https:\/\/www.uartes.edu.ec\/sitio\/wp-content\/uploads\/2023\/06\/09-MICROFONO-ABIERTO-TERCER-ENCUENTRO-585x295.jpg",585,295,true],"htmega_size_1170x536":["https:\/\/www.uartes.edu.ec\/sitio\/wp-content\/uploads\/2023\/06\/09-MICROFONO-ABIERTO-TERCER-ENCUENTRO-1170x536.jpg",1170,536,true],"htmega_size_396x360":["https:\/\/www.uartes.edu.ec\/sitio\/wp-content\/uploads\/2023\/06\/09-MICROFONO-ABIERTO-TERCER-ENCUENTRO-396x360.jpg",396,360,true],"gb-block-post-grid-landscape":["https:\/\/www.uartes.edu.ec\/sitio\/wp-content\/uploads\/2023\/06\/09-MICROFONO-ABIERTO-TERCER-ENCUENTRO-600x400.jpg",600,400,true],"gb-block-post-grid-square":["https:\/\/www.uartes.edu.ec\/sitio\/wp-content\/uploads\/2023\/06\/09-MICROFONO-ABIERTO-TERCER-ENCUENTRO-600x600.jpg",600,600,true],"university-hub-thumb":["https:\/\/www.uartes.edu.ec\/sitio\/wp-content\/uploads\/2023\/06\/09-MICROFONO-ABIERTO-TERCER-ENCUENTRO-400x300.jpg",400,300,true]},"uagb_author_info":{"display_name":"ccortez","author_link":"https:\/\/www.uartes.edu.ec\/sitio\/fr\/blog\/author\/ccortez\/"},"uagb_comment_info":0,"uagb_excerpt":"Con el Micr\u00f3fono Abierto, en el marco del tercer encuentro del Observatorio de Pol\u00edticas y Econom\u00eda de la Cultura de la UArtes, los directores del Museo Municipal, Joaqu\u00edn Moscoso; del Museo del Cacao, Stephanie Garc\u00eda; y, del Museo de M\u00fasica Popular Julio Jaramillo, Hugo Idrovo, analizaron la cultura desde la institucionalidad en Guayaquil. Los funcionarios\u2026","featured_image_src":"https:\/\/www.uartes.edu.ec\/sitio\/wp-content\/uploads\/2023\/06\/09-MICROFONO-ABIERTO-TERCER-ENCUENTRO-600x400.jpg","featured_image_src_square":"https:\/\/www.uartes.edu.ec\/sitio\/wp-content\/uploads\/2023\/06\/09-MICROFONO-ABIERTO-TERCER-ENCUENTRO-600x600.jpg","author_info":{"display_name":"ccortez","author_link":"https:\/\/www.uartes.edu.ec\/sitio\/fr\/blog\/author\/ccortez\/"},"publishpress_future_workflow_manual_trigger":{"enabledWorkflows":[]},"distributor_meta":false,"distributor_terms":false,"distributor_media":false,"distributor_original_site_name":"Universidad de las Artes","distributor_original_site_url":"https:\/\/www.uartes.edu.ec\/sitio\/fr","push-errors":false,"_links":{"self":[{"href":"https:\/\/www.uartes.edu.ec\/sitio\/fr\/wp-json\/wp\/v2\/posts\/43799","targetHints":{"allow":["GET"]}}],"collection":[{"href":"https:\/\/www.uartes.edu.ec\/sitio\/fr\/wp-json\/wp\/v2\/posts"}],"about":[{"href":"https:\/\/www.uartes.edu.ec\/sitio\/fr\/wp-json\/wp\/v2\/types\/post"}],"author":[{"embeddable":true,"href":"https:\/\/www.uartes.edu.ec\/sitio\/fr\/wp-json\/wp\/v2\/users\/10"}],"replies":[{"embeddable":true,"href":"https:\/\/www.uartes.edu.ec\/sitio\/fr\/wp-json\/wp\/v2\/comments?post=43799"}],"version-history":[{"count":26,"href":"https:\/\/www.uartes.edu.ec\/sitio\/fr\/wp-json\/wp\/v2\/posts\/43799\/revisions"}],"predecessor-version":[{"id":45775,"href":"https:\/\/www.uartes.edu.ec\/sitio\/fr\/wp-json\/wp\/v2\/posts\/43799\/revisions\/45775"}],"wp:featuredmedia":[{"embeddable":true,"href":"https:\/\/www.uartes.edu.ec\/sitio\/fr\/wp-json\/wp\/v2\/media\/43776"}],"wp:attachment":[{"href":"https:\/\/www.uartes.edu.ec\/sitio\/fr\/wp-json\/wp\/v2\/media?parent=43799"}],"wp:term":[{"taxonomy":"category","embeddable":true,"href":"https:\/\/www.uartes.edu.ec\/sitio\/fr\/wp-json\/wp\/v2\/categories?post=43799"},{"taxonomy":"post_tag","embeddable":true,"href":"https:\/\/www.uartes.edu.ec\/sitio\/fr\/wp-json\/wp\/v2\/tags?post=43799"},{"taxonomy":"infouartes","embeddable":true,"href":"https:\/\/www.uartes.edu.ec\/sitio\/fr\/wp-json\/wp\/v2\/infouartes?post=43799"}],"curies":[{"name":"wp","href":"https:\/\/api.w.org\/{rel}","templated":true}]}}