{"id":45299,"date":"2023-07-20T20:38:00","date_gmt":"2023-07-21T01:38:00","guid":{"rendered":"https:\/\/www.uartes.edu.ec\/sitio\/?p=45299"},"modified":"2024-07-04T11:20:55","modified_gmt":"2024-07-04T16:20:55","slug":"rectora-de-la-ucuenca-maria-augusta-hermida-hablo-en-congreso-de-los-desafios-de-la-universidad-del-siglo-xxi","status":"publish","type":"post","link":"https:\/\/www.uartes.edu.ec\/sitio\/fr\/blog\/2023\/07\/20\/rectora-de-la-ucuenca-maria-augusta-hermida-hablo-en-congreso-de-los-desafios-de-la-universidad-del-siglo-xxi\/","title":{"rendered":"Rectora de la UCuenca, Mar\u00eda Augusta Hermida, expuso en congreso desaf\u00edos de las universidades del siglo XXI"},"content":{"rendered":"<p>Tras agradecer por el c\u00e1lido recibimiento de la UArtes, sus autoridades y comunidad, la rectora de la Universidad de Cuenca, arquitecta Mar\u00eda Augusta Hermida, dio tambi\u00e9n las gracias por pensar siempre en la educaci\u00f3n superior y p\u00fablica. Lo dijo esta ma\u00f1ana durante su participaci\u00f3n en la jornada inaugural del I Congreso Internacional de Educaci\u00f3n Art\u00edstica e Interculturalidad, donde expuso sobre los desaf\u00edos de las universidades del siglo XXI.<\/p>\n\n\n\n<p>Que la universidad p\u00fablica permitir\u00e1 cambiar las cosas y la educaci\u00f3n en artes es lo que nos permitir\u00e1 construir estos sentidos colectivos que tanta falta nos est\u00e1n haciendo en este momento, expres\u00f3 al reflexionar sobre \u00bfc\u00f3mo queremos vivir? \u201cHoy quiero hablar un poquito sobre esa universidad p\u00fablica porque creo que es un momento en el que tenemos que dejar de hacer las cosas tal y como las ven\u00edamos haciendo, porque esa manera de hacer nos ha tra\u00eddo al momento en el que estamos, que es de crisis generalizada\u201d.<\/p>\n\n\n<div class=\"wp-block-image\">\n<figure class=\"aligncenter size-large\"><img fetchpriority=\"high\" decoding=\"async\" width=\"644\" height=\"429\" src=\"https:\/\/www.uartes.edu.ec\/sitio\/wp-content\/uploads\/2023\/07\/10-MANGLAR-644x429.jpg\" alt=\"\" class=\"wp-image-45288\" srcset=\"https:\/\/www.uartes.edu.ec\/sitio\/wp-content\/uploads\/2023\/07\/10-MANGLAR-644x429.jpg 644w, https:\/\/www.uartes.edu.ec\/sitio\/wp-content\/uploads\/2023\/07\/10-MANGLAR-300x200.jpg 300w, https:\/\/www.uartes.edu.ec\/sitio\/wp-content\/uploads\/2023\/07\/10-MANGLAR-768x512.jpg 768w, https:\/\/www.uartes.edu.ec\/sitio\/wp-content\/uploads\/2023\/07\/10-MANGLAR-1536x1024.jpg 1536w, https:\/\/www.uartes.edu.ec\/sitio\/wp-content\/uploads\/2023\/07\/10-MANGLAR-2048x1365.jpg 2048w, https:\/\/www.uartes.edu.ec\/sitio\/wp-content\/uploads\/2023\/07\/10-MANGLAR-600x400.jpg 600w, https:\/\/www.uartes.edu.ec\/sitio\/wp-content\/uploads\/2023\/07\/10-MANGLAR-400x267.jpg 400w, https:\/\/www.uartes.edu.ec\/sitio\/wp-content\/uploads\/2023\/07\/10-MANGLAR-272x182.jpg 272w\" sizes=\"(max-width: 644px) 100vw, 644px\" \/><\/figure>\n<\/div>\n\n\n<p>Que es necesario empezar a hacer las cosas de otra forma y empezar a pensar sobre c\u00f3mo queremos vivir, dijo, reflexionando en la \u00e9poca desconcertante en la que estamos. No significa que en otros momentos de la historia de la humanidad no hayan existido grandes desaf\u00edos y tambi\u00e9n planteamientos o situaciones en las que los seres humanos estaban al l\u00edmite, \u201cpero ahora estamos en esta \u00e9poca desconcertante, en donde todo lo que hagamos o dejemos de hacer como humanidad incide en el planeta entero. (\u2026) El problema es que estamos metidos en un modo de producci\u00f3n que se basa en el h\u00edper consumo en un planeta finito en el que es imposible mantener un modo de producci\u00f3n que se basa en el consumo infinito. Es matem\u00e1ticamente imposible y, sin embargo, estamos ah\u00ed y seguimos ah\u00ed\u201d.<\/p>\n\n\n\n<p>La arquitecta Hermida hizo alusi\u00f3n a la pandemia y al confinamiento; la crisis clim\u00e1tica, la crisis socioecon\u00f3mica, las grandes inequidades, la concentraci\u00f3n de recursos en muy pocas manos y las grandes mayor\u00edas casi como poblaci\u00f3n desechable. Tambi\u00e9n habl\u00f3 de la inteligencia artificial, los datos, la virtualidad, toda la digitalizaci\u00f3n que ya se viene desarrollando en las \u00faltimas d\u00e9cadas, pero en este \u00faltimo a\u00f1o ha tenido un desarrollo exponencial.<\/p>\n\n\n\n<p>Se refiri\u00f3, adem\u00e1s, a los problemas de salud y bienestar generados por este modo de vivir urbano, mayoritariamente sedentario, con comida chatarra. A pesar de que en nuestro pa\u00eds tenemos todav\u00eda desnutrici\u00f3n infantil, es impresionante y contradictorio el nivel de obesidad en nuestros ni\u00f1os. El crecimiento indiscriminado de las ciudades que van a ocupando todo el posible suelo agr\u00edcola, la falta de soberan\u00eda alimentaria, la importaci\u00f3n de alimentos tra\u00eddos desde China y c\u00f3mo valoramos estas redes locales de distribuci\u00f3n. Son algunos de los desaf\u00edos que enfrentamos, todos complejos y que tienen que ser abordados de distintas formas.<\/p>\n\n\n<div class=\"wp-block-image\">\n<figure class=\"aligncenter size-large\"><img decoding=\"async\" width=\"644\" height=\"429\" src=\"https:\/\/www.uartes.edu.ec\/sitio\/wp-content\/uploads\/2023\/07\/11-MANGLAR-644x429.jpg\" alt=\"\" class=\"wp-image-45301\" srcset=\"https:\/\/www.uartes.edu.ec\/sitio\/wp-content\/uploads\/2023\/07\/11-MANGLAR-644x429.jpg 644w, https:\/\/www.uartes.edu.ec\/sitio\/wp-content\/uploads\/2023\/07\/11-MANGLAR-768x512.jpg 768w, https:\/\/www.uartes.edu.ec\/sitio\/wp-content\/uploads\/2023\/07\/11-MANGLAR-600x400.jpg 600w, https:\/\/www.uartes.edu.ec\/sitio\/wp-content\/uploads\/2023\/07\/11-MANGLAR-272x182.jpg 272w\" sizes=\"(max-width: 644px) 100vw, 644px\" \/><\/figure>\n<\/div>\n\n\n<p>Necesitamos complejizar el an\u00e1lisis, entender que estos problemas complejos necesitan distintas miradas locales, precis\u00f3. \u201c(\u2026) Necesitamos preguntarnos c\u00f3mo queremos vivir y esa pregunta que parece sencilla no lo es. (\u2026) \u00bfY qu\u00e9 pasa con el espacio p\u00fablico? Este deber\u00eda ser de encuentro, de expresi\u00f3n, de relaci\u00f3n con el otro. En Guayaquil he visto muchos casos de espacio p\u00fablico privatizado donde se controla entrada, salida, horario y, obviamente, genera un desencuentro entre la gente, es donde me encuentro con el otro y no con mi propia burbuja. As\u00ed como la calidad y pertinencia est\u00e1 en disputa en el sistema de educaci\u00f3n superior, as\u00ed tambi\u00e9n el espacio p\u00fablico est\u00e1 en disputa\u201d.<\/p>\n\n\n\n<p>Hay que pensar en la gente que habita la casa, los barrios, los espacios p\u00fablicos, el tejido social que se va estructurando alrededor de los espacios construidos, dijo la rectora de la Universidad de Cuenca. \u201cNecesitamos conocer las realidades de todos los sectores sociales que los ocupan. Desde la academia, lamentablemente, hemos ido tomando decisiones desde burbujas tambi\u00e9n, ense\u00f1amos a nuestros alumnos como si la realidad de nuestro pa\u00eds es compleja y, por lo tanto, la gente tiene que ser copart\u00edcipe del dise\u00f1o de su casa, de su barrio de su espacio p\u00fablico\u201d.<\/p>\n\n\n\n<p>La pol\u00edtica p\u00fablica necesita ser diversa dependiendo del sector al que se dirija. Tiene que, adem\u00e1s, liberarse de esa ceguera de clase y de g\u00e9nero. Necesitamos repensarlo desde las miradas sociales, econ\u00f3micas, territoriales y espaciales. Todo lo que estamos haciendo en tema de ciudad est\u00e1 equivocado. Aqu\u00ed entra el tema de las universidades, \u00bfqu\u00e9 vamos a hacer y m\u00e1s como IES p\u00fablicas frente a esta realidad? Es fundamental que seamos capaces de proyectarnos al futuro\u201d.<\/p>\n\n\n<div class=\"wp-block-image\">\n<figure class=\"aligncenter size-large\"><img decoding=\"async\" width=\"644\" height=\"429\" src=\"https:\/\/www.uartes.edu.ec\/sitio\/wp-content\/uploads\/2023\/07\/13-MANGLAR-644x429.jpg\" alt=\"\" class=\"wp-image-45302\" srcset=\"https:\/\/www.uartes.edu.ec\/sitio\/wp-content\/uploads\/2023\/07\/13-MANGLAR-644x429.jpg 644w, https:\/\/www.uartes.edu.ec\/sitio\/wp-content\/uploads\/2023\/07\/13-MANGLAR-768x512.jpg 768w, https:\/\/www.uartes.edu.ec\/sitio\/wp-content\/uploads\/2023\/07\/13-MANGLAR-600x400.jpg 600w, https:\/\/www.uartes.edu.ec\/sitio\/wp-content\/uploads\/2023\/07\/13-MANGLAR-272x182.jpg 272w\" sizes=\"(max-width: 644px) 100vw, 644px\" \/><\/figure>\n<\/div>\n\n\n<p>En la Universidad de Cuenca, explic\u00f3, se hizo el ejercicio de construir una prospectiva, que es una mirada de c\u00f3mo queremos el ser en 2050. \u00bfQu\u00e9 va a pasar con la universidad ecuatoriana? nos planteamos, porque para que sea como nos proyectamos en 30 a\u00f1os tenemos que ir haciendo los cambios ahora. \u201cLos cambios institucionales en el sistema de educaci\u00f3n superior son muy lentos. Necesitamos proyectarnos hacia el futuro y como academia comprometernos con ese futuro. Este se construye y depende de lo que hagamos hoy entonces. Aunque tenemos este panorama complejo con desaf\u00edos inmensos, podemos construir escenarios deseables\u201d.<\/p>\n\n\n\n<p>A\u00f1adi\u00f3 que depender\u00e1 de lo que haga la Universidad de las Artes para saber qu\u00e9 pasa con el arte y la cultura en Guayaquil y Ecuador. Va a depender de los cursos que demos, los proyectos de vinculaci\u00f3n que hagamos, de las personas que podamos atraer a nuestras aulas, de la posibilidad de que quienes han llegado se queden.<\/p>\n\n\n\n<p>\u201c(\u2026) Si queremos proyectarnos hacia el futuro hay que repensar todo. Desde 2020 hemos recibido un recorte sistem\u00e1tico que no se ha revertido. Estamos lejos del nivel de ingresos que ten\u00edamos en 2019. Cuando hicimos las prospectivas vimos que hacia el 2050 surgen temas fundamentales. Hay una reflexi\u00f3n posCOVID importante: qu\u00e9 pasa con el crecimiento demogr\u00e1fico de nuestro pa\u00eds, qu\u00e9 pasa con las tecnolog\u00edas de la ense\u00f1anza aprendizaje, las grandes brechas digitales, qu\u00e9 pasa con la crisis clim\u00e1tica, la internacionalizaci\u00f3n, la interculturalidad, la igualdad de oportunidades\u201d.<\/p>\n\n\n<div class=\"wp-block-image\">\n<figure class=\"aligncenter size-large\"><img loading=\"lazy\" decoding=\"async\" width=\"644\" height=\"429\" src=\"https:\/\/www.uartes.edu.ec\/sitio\/wp-content\/uploads\/2023\/07\/15-MANGLAR-644x429.jpg\" alt=\"\" class=\"wp-image-45303\" srcset=\"https:\/\/www.uartes.edu.ec\/sitio\/wp-content\/uploads\/2023\/07\/15-MANGLAR-644x429.jpg 644w, https:\/\/www.uartes.edu.ec\/sitio\/wp-content\/uploads\/2023\/07\/15-MANGLAR-768x512.jpg 768w, https:\/\/www.uartes.edu.ec\/sitio\/wp-content\/uploads\/2023\/07\/15-MANGLAR-600x400.jpg 600w, https:\/\/www.uartes.edu.ec\/sitio\/wp-content\/uploads\/2023\/07\/15-MANGLAR-272x182.jpg 272w\" sizes=\"(max-width: 644px) 100vw, 644px\" \/><\/figure>\n<\/div>\n\n\n<p>Hermida habl\u00f3 tambi\u00e9n de la igualdad de oportunidades y se refiri\u00f3 a lo anotado por el rector UArtes respecto a las rectoras mujeres en Am\u00e9rica Latina. En Ecuador, de m\u00e1s de 60 universidades solo hay 13 rectoras. \u201cEn Cuenca durante m\u00e1s de 100 a\u00f1os las mujeres han estado en la universidad abriendo espacios con mucha dificultad desde las primeras estudiante, profesora, investigadora, decana, vicerrectora. Para poder llegar a una primera rectora el m\u00e9rito es colectivo. Me encanta ser rectora porque es un espacio donde se puede hacer cosas y proyectarse, pero es una responsabilidad gigante y al ser mujer es mayor porque nadie dir\u00e1 Mar\u00eda Augusta fue una p\u00e9sima rectora, sino que las mujeres no sirven para el cargo\u201d.<\/p>\n\n\n\n<p>Igual sucede con otras minor\u00edas, manifest\u00f3. \u201cLlegamos porque hay algunas otras mujeres que est\u00e1n sosteni\u00e9ndonos, ayud\u00e1ndonos en casa. Todav\u00eda no hay esa distribuci\u00f3n equitativa, tampoco entre hombres y mujeres y las sociedades. Hay mucho por hacer y creo que el futuro, justamente, habla de seguir profundizando en los temas de igualdad de oportunidades en todos. Hemos dado pasos en la Universidad de Cuenca que en este momento tiene un plan de transversalizaci\u00f3n del enfoque de g\u00e9nero, estamos fortaleciendo el tema de la interculturalidad con departamentos de investigaci\u00f3n para transversalizar estos conceptos (\u2026)\u201d.<\/p>\n\n\n\n<p>La rectora de la Universidad de Cuenca pidi\u00f3 ver con un cierto optimismo desde la academia si podemos hacer cosas. \u201cHay que repensar este modo de producci\u00f3n, que tiene que ser una transformaci\u00f3n eco social. Tenemos con esperanza seguir construyendo estas miradas y pr\u00e1cticas que nos permitan vivir mejor como seres humanos y seguir pensando en todas las otras especies que cohabitan con nosotros de este planeta\u201d.<\/p>","protected":false},"excerpt":{"rendered":"<p>La autoridad universitaria fue una de las ponentes invitadas a la jornada inaugural de Manglar: I Congreso Internacional de Educaci\u00f3n Art\u00edstica e Interculturalidad. En su intervenci\u00f3n reflexion\u00f3 sobre la necesidad de hacer las cosas de otra forma y empezar a pensar sobre c\u00f3mo queremos vivir. Un tema que nos involucra a todos, dijo y se\u00f1al\u00f3 como fundamental ser capaces de proyectarnos al futuro.<\/p>","protected":false},"author":10,"featured_media":45300,"comment_status":"open","ping_status":"open","sticky":false,"template":"","format":"standard","meta":{"_acf_changed":false,"_uag_custom_page_level_css":"","_monsterinsights_skip_tracking":false,"_monsterinsights_sitenote_active":false,"_monsterinsights_sitenote_note":"","_monsterinsights_sitenote_category":0,"cybocfi_hide_featured_image":"","footnotes":""},"categories":[80,490,82,75,76,77,284,175,83],"tags":[822],"infouartes":[],"class_list":["post-45299","post","type-post","status-publish","format-standard","has-post-thumbnail","hentry","category-academico","category-alumni","category-artes","category-docentes","category-estudiantes","category-gestion","category-investigacion","category-literatura","category-sedes","tag-manglar"],"acf":[],"yoast_head":"<!-- This site is optimized with the Yoast SEO plugin v27.4 - https:\/\/yoast.com\/product\/yoast-seo-wordpress\/ -->\n<title>Universidad de las Artes - Rectora de la UCuenca, Mar\u00eda Augusta Hermida, expuso en congreso desaf\u00edos de las universidades del siglo XXI<\/title>\n<meta name=\"description\" content=\"Universidad de las Artes - Rectora de la UCuenca, Mar\u00eda Augusta Hermida, expuso en congreso desaf\u00edos de las universidades del siglo XXI\" \/>\n<meta name=\"robots\" content=\"index, follow, max-snippet:-1, max-image-preview:large, max-video-preview:-1\" \/>\n<link rel=\"canonical\" href=\"https:\/\/www.uartes.edu.ec\/sitio\/fr\/blog\/2023\/07\/20\/rectora-de-la-ucuenca-maria-augusta-hermida-hablo-en-congreso-de-los-desafios-de-la-universidad-del-siglo-xxi\/\" \/>\n<meta property=\"og:locale\" content=\"fr_FR\" \/>\n<meta property=\"og:type\" content=\"article\" \/>\n<meta property=\"og:title\" content=\"Universidad de las Artes - Rectora de la UCuenca, Mar\u00eda Augusta Hermida, expuso en congreso desaf\u00edos de las universidades del siglo XXI\" \/>\n<meta property=\"og:description\" content=\"Universidad de las Artes - Rectora de la UCuenca, Mar\u00eda Augusta Hermida, expuso en congreso desaf\u00edos de las universidades del siglo XXI\" \/>\n<meta property=\"og:url\" content=\"https:\/\/www.uartes.edu.ec\/sitio\/fr\/blog\/2023\/07\/20\/rectora-de-la-ucuenca-maria-augusta-hermida-hablo-en-congreso-de-los-desafios-de-la-universidad-del-siglo-xxi\/\" \/>\n<meta property=\"og:site_name\" content=\"Universidad de las Artes\" \/>\n<meta property=\"article:publisher\" content=\"https:\/\/www.facebook.com\/uartesec\" \/>\n<meta property=\"article:published_time\" content=\"2023-07-21T01:38:00+00:00\" \/>\n<meta property=\"article:modified_time\" content=\"2024-07-04T16:20:55+00:00\" \/>\n<meta property=\"og:image\" content=\"https:\/\/www.uartes.edu.ec\/sitio\/wp-content\/uploads\/2023\/07\/12-MANGLAR-scaled.jpg\" \/>\n\t<meta property=\"og:image:width\" content=\"2560\" \/>\n\t<meta property=\"og:image:height\" content=\"1707\" \/>\n\t<meta property=\"og:image:type\" content=\"image\/jpeg\" \/>\n<meta name=\"author\" content=\"ccortez\" \/>\n<meta name=\"twitter:card\" content=\"summary_large_image\" \/>\n<meta name=\"twitter:creator\" content=\"@uartesec\" \/>\n<meta name=\"twitter:site\" content=\"@uartesec\" \/>\n<meta name=\"twitter:label1\" content=\"\u00c9crit par\" \/>\n\t<meta name=\"twitter:data1\" content=\"ccortez\" \/>\n\t<meta name=\"twitter:label2\" content=\"Dur\u00e9e de lecture estim\u00e9e\" \/>\n\t<meta name=\"twitter:data2\" content=\"7 minutes\" \/>\n<script type=\"application\/ld+json\" class=\"yoast-schema-graph\">{\"@context\":\"https:\\\/\\\/schema.org\",\"@graph\":[{\"@type\":\"Article\",\"@id\":\"https:\\\/\\\/www.uartes.edu.ec\\\/sitio\\\/fr\\\/blog\\\/2023\\\/07\\\/20\\\/rectora-de-la-ucuenca-maria-augusta-hermida-hablo-en-congreso-de-los-desafios-de-la-universidad-del-siglo-xxi\\\/#article\",\"isPartOf\":{\"@id\":\"https:\\\/\\\/www.uartes.edu.ec\\\/sitio\\\/fr\\\/blog\\\/2023\\\/07\\\/20\\\/rectora-de-la-ucuenca-maria-augusta-hermida-hablo-en-congreso-de-los-desafios-de-la-universidad-del-siglo-xxi\\\/\"},\"author\":{\"name\":\"ccortez\",\"@id\":\"https:\\\/\\\/www.uartes.edu.ec\\\/sitio\\\/fr\\\/#\\\/schema\\\/person\\\/efa1b8275797664fd7f13a79ccc0b1f4\"},\"headline\":\"Rectora de la UCuenca, Mar\u00eda Augusta Hermida, expuso en congreso desaf\u00edos de las universidades del siglo XXI\",\"datePublished\":\"2023-07-21T01:38:00+00:00\",\"dateModified\":\"2024-07-04T16:20:55+00:00\",\"mainEntityOfPage\":{\"@id\":\"https:\\\/\\\/www.uartes.edu.ec\\\/sitio\\\/fr\\\/blog\\\/2023\\\/07\\\/20\\\/rectora-de-la-ucuenca-maria-augusta-hermida-hablo-en-congreso-de-los-desafios-de-la-universidad-del-siglo-xxi\\\/\"},\"wordCount\":1367,\"commentCount\":0,\"publisher\":{\"@id\":\"https:\\\/\\\/www.uartes.edu.ec\\\/sitio\\\/fr\\\/#organization\"},\"image\":{\"@id\":\"https:\\\/\\\/www.uartes.edu.ec\\\/sitio\\\/fr\\\/blog\\\/2023\\\/07\\\/20\\\/rectora-de-la-ucuenca-maria-augusta-hermida-hablo-en-congreso-de-los-desafios-de-la-universidad-del-siglo-xxi\\\/#primaryimage\"},\"thumbnailUrl\":\"https:\\\/\\\/www.uartes.edu.ec\\\/sitio\\\/wp-content\\\/uploads\\\/2023\\\/07\\\/12-MANGLAR-scaled.jpg\",\"keywords\":[\"Manglar\"],\"articleSection\":[\"Acad\u00e9mico\",\"Alumni\",\"Artes\",\"Docentes\",\"Estudiantes\",\"Gesti\u00f3n\",\"Investigaci\u00f3n\",\"Literatura\",\"Sedes\"],\"inLanguage\":\"fr-FR\",\"potentialAction\":[{\"@type\":\"CommentAction\",\"name\":\"Comment\",\"target\":[\"https:\\\/\\\/www.uartes.edu.ec\\\/sitio\\\/fr\\\/blog\\\/2023\\\/07\\\/20\\\/rectora-de-la-ucuenca-maria-augusta-hermida-hablo-en-congreso-de-los-desafios-de-la-universidad-del-siglo-xxi\\\/#respond\"]}]},{\"@type\":[\"WebPage\",\"ItemPage\"],\"@id\":\"https:\\\/\\\/www.uartes.edu.ec\\\/sitio\\\/fr\\\/blog\\\/2023\\\/07\\\/20\\\/rectora-de-la-ucuenca-maria-augusta-hermida-hablo-en-congreso-de-los-desafios-de-la-universidad-del-siglo-xxi\\\/\",\"url\":\"https:\\\/\\\/www.uartes.edu.ec\\\/sitio\\\/fr\\\/blog\\\/2023\\\/07\\\/20\\\/rectora-de-la-ucuenca-maria-augusta-hermida-hablo-en-congreso-de-los-desafios-de-la-universidad-del-siglo-xxi\\\/\",\"name\":\"Universidad de las Artes - Rectora de la UCuenca, Mar\u00eda Augusta Hermida, expuso en congreso desaf\u00edos de las universidades del siglo XXI\",\"isPartOf\":{\"@id\":\"https:\\\/\\\/www.uartes.edu.ec\\\/sitio\\\/fr\\\/#website\"},\"primaryImageOfPage\":{\"@id\":\"https:\\\/\\\/www.uartes.edu.ec\\\/sitio\\\/fr\\\/blog\\\/2023\\\/07\\\/20\\\/rectora-de-la-ucuenca-maria-augusta-hermida-hablo-en-congreso-de-los-desafios-de-la-universidad-del-siglo-xxi\\\/#primaryimage\"},\"image\":{\"@id\":\"https:\\\/\\\/www.uartes.edu.ec\\\/sitio\\\/fr\\\/blog\\\/2023\\\/07\\\/20\\\/rectora-de-la-ucuenca-maria-augusta-hermida-hablo-en-congreso-de-los-desafios-de-la-universidad-del-siglo-xxi\\\/#primaryimage\"},\"thumbnailUrl\":\"https:\\\/\\\/www.uartes.edu.ec\\\/sitio\\\/wp-content\\\/uploads\\\/2023\\\/07\\\/12-MANGLAR-scaled.jpg\",\"datePublished\":\"2023-07-21T01:38:00+00:00\",\"dateModified\":\"2024-07-04T16:20:55+00:00\",\"description\":\"Universidad de las Artes - Rectora de la UCuenca, Mar\u00eda Augusta Hermida, expuso en congreso desaf\u00edos de las universidades del siglo XXI\",\"breadcrumb\":{\"@id\":\"https:\\\/\\\/www.uartes.edu.ec\\\/sitio\\\/fr\\\/blog\\\/2023\\\/07\\\/20\\\/rectora-de-la-ucuenca-maria-augusta-hermida-hablo-en-congreso-de-los-desafios-de-la-universidad-del-siglo-xxi\\\/#breadcrumb\"},\"inLanguage\":\"fr-FR\",\"potentialAction\":[{\"@type\":\"ReadAction\",\"target\":[\"https:\\\/\\\/www.uartes.edu.ec\\\/sitio\\\/fr\\\/blog\\\/2023\\\/07\\\/20\\\/rectora-de-la-ucuenca-maria-augusta-hermida-hablo-en-congreso-de-los-desafios-de-la-universidad-del-siglo-xxi\\\/\"]}]},{\"@type\":\"ImageObject\",\"inLanguage\":\"fr-FR\",\"@id\":\"https:\\\/\\\/www.uartes.edu.ec\\\/sitio\\\/fr\\\/blog\\\/2023\\\/07\\\/20\\\/rectora-de-la-ucuenca-maria-augusta-hermida-hablo-en-congreso-de-los-desafios-de-la-universidad-del-siglo-xxi\\\/#primaryimage\",\"url\":\"https:\\\/\\\/www.uartes.edu.ec\\\/sitio\\\/wp-content\\\/uploads\\\/2023\\\/07\\\/12-MANGLAR-scaled.jpg\",\"contentUrl\":\"https:\\\/\\\/www.uartes.edu.ec\\\/sitio\\\/wp-content\\\/uploads\\\/2023\\\/07\\\/12-MANGLAR-scaled.jpg\",\"width\":2560,\"height\":1707},{\"@type\":\"BreadcrumbList\",\"@id\":\"https:\\\/\\\/www.uartes.edu.ec\\\/sitio\\\/fr\\\/blog\\\/2023\\\/07\\\/20\\\/rectora-de-la-ucuenca-maria-augusta-hermida-hablo-en-congreso-de-los-desafios-de-la-universidad-del-siglo-xxi\\\/#breadcrumb\",\"itemListElement\":[{\"@type\":\"ListItem\",\"position\":1,\"name\":\"Inicio\",\"item\":\"https:\\\/\\\/www.uartes.edu.ec\\\/sitio\\\/\"},{\"@type\":\"ListItem\",\"position\":2,\"name\":\"Rectora de la UCuenca, Mar\u00eda Augusta Hermida, expuso en congreso desaf\u00edos de las universidades del siglo XXI\"}]},{\"@type\":\"WebSite\",\"@id\":\"https:\\\/\\\/www.uartes.edu.ec\\\/sitio\\\/fr\\\/#website\",\"url\":\"https:\\\/\\\/www.uartes.edu.ec\\\/sitio\\\/fr\\\/\",\"name\":\"Universidad de las Artes\",\"description\":\"Sitio oficial de la Universidad Nacional de las Artes del Ecuador\",\"publisher\":{\"@id\":\"https:\\\/\\\/www.uartes.edu.ec\\\/sitio\\\/fr\\\/#organization\"},\"potentialAction\":[{\"@type\":\"SearchAction\",\"target\":{\"@type\":\"EntryPoint\",\"urlTemplate\":\"https:\\\/\\\/www.uartes.edu.ec\\\/sitio\\\/fr\\\/?s={search_term_string}\"},\"query-input\":{\"@type\":\"PropertyValueSpecification\",\"valueRequired\":true,\"valueName\":\"search_term_string\"}}],\"inLanguage\":\"fr-FR\"},{\"@type\":\"Organization\",\"@id\":\"https:\\\/\\\/www.uartes.edu.ec\\\/sitio\\\/fr\\\/#organization\",\"name\":\"Universidad de las Artes\",\"url\":\"https:\\\/\\\/www.uartes.edu.ec\\\/sitio\\\/fr\\\/\",\"logo\":{\"@type\":\"ImageObject\",\"inLanguage\":\"fr-FR\",\"@id\":\"https:\\\/\\\/www.uartes.edu.ec\\\/sitio\\\/fr\\\/#\\\/schema\\\/logo\\\/image\\\/\",\"url\":\"https:\\\/\\\/www.uartes.edu.ec\\\/sitio\\\/wp-content\\\/uploads\\\/2022\\\/07\\\/logo-ua-horizontal.png\",\"contentUrl\":\"https:\\\/\\\/www.uartes.edu.ec\\\/sitio\\\/wp-content\\\/uploads\\\/2022\\\/07\\\/logo-ua-horizontal.png\",\"width\":800,\"height\":276,\"caption\":\"Universidad de las Artes\"},\"image\":{\"@id\":\"https:\\\/\\\/www.uartes.edu.ec\\\/sitio\\\/fr\\\/#\\\/schema\\\/logo\\\/image\\\/\"},\"sameAs\":[\"https:\\\/\\\/www.facebook.com\\\/uartesec\",\"https:\\\/\\\/x.com\\\/uartesec\",\"https:\\\/\\\/www.tiktok.com\\\/@uartesec\"]},{\"@type\":\"Person\",\"@id\":\"https:\\\/\\\/www.uartes.edu.ec\\\/sitio\\\/fr\\\/#\\\/schema\\\/person\\\/efa1b8275797664fd7f13a79ccc0b1f4\",\"name\":\"ccortez\",\"image\":{\"@type\":\"ImageObject\",\"inLanguage\":\"fr-FR\",\"@id\":\"https:\\\/\\\/secure.gravatar.com\\\/avatar\\\/b2a6f664a3ae8e074346ef91775736c5ec479e637ecced6842de9dc98b5da9cd?s=96&d=mm&r=g\",\"url\":\"https:\\\/\\\/secure.gravatar.com\\\/avatar\\\/b2a6f664a3ae8e074346ef91775736c5ec479e637ecced6842de9dc98b5da9cd?s=96&d=mm&r=g\",\"contentUrl\":\"https:\\\/\\\/secure.gravatar.com\\\/avatar\\\/b2a6f664a3ae8e074346ef91775736c5ec479e637ecced6842de9dc98b5da9cd?s=96&d=mm&r=g\",\"caption\":\"ccortez\"},\"url\":\"https:\\\/\\\/www.uartes.edu.ec\\\/sitio\\\/fr\\\/blog\\\/author\\\/ccortez\\\/\"}]}<\/script>\n<!-- \/ Yoast SEO plugin. -->","yoast_head_json":{"title":"Universidad de las Artes - Rectora de la UCuenca, Mar\u00eda Augusta Hermida, expuso en congreso desaf\u00edos de las universidades del siglo XXI","description":"Universidad de las Artes - Rectora de la UCuenca, Mar\u00eda Augusta Hermida, expuso en congreso desaf\u00edos de las universidades del siglo XXI","robots":{"index":"index","follow":"follow","max-snippet":"max-snippet:-1","max-image-preview":"max-image-preview:large","max-video-preview":"max-video-preview:-1"},"canonical":"https:\/\/www.uartes.edu.ec\/sitio\/fr\/blog\/2023\/07\/20\/rectora-de-la-ucuenca-maria-augusta-hermida-hablo-en-congreso-de-los-desafios-de-la-universidad-del-siglo-xxi\/","og_locale":"fr_FR","og_type":"article","og_title":"Universidad de las Artes - Rectora de la UCuenca, Mar\u00eda Augusta Hermida, expuso en congreso desaf\u00edos de las universidades del siglo XXI","og_description":"Universidad de las Artes - Rectora de la UCuenca, Mar\u00eda Augusta Hermida, expuso en congreso desaf\u00edos de las universidades del siglo XXI","og_url":"https:\/\/www.uartes.edu.ec\/sitio\/fr\/blog\/2023\/07\/20\/rectora-de-la-ucuenca-maria-augusta-hermida-hablo-en-congreso-de-los-desafios-de-la-universidad-del-siglo-xxi\/","og_site_name":"Universidad de las Artes","article_publisher":"https:\/\/www.facebook.com\/uartesec","article_published_time":"2023-07-21T01:38:00+00:00","article_modified_time":"2024-07-04T16:20:55+00:00","og_image":[{"width":2560,"height":1707,"url":"https:\/\/www.uartes.edu.ec\/sitio\/wp-content\/uploads\/2023\/07\/12-MANGLAR-scaled.jpg","type":"image\/jpeg"}],"author":"ccortez","twitter_card":"summary_large_image","twitter_creator":"@uartesec","twitter_site":"@uartesec","twitter_misc":{"\u00c9crit par":"ccortez","Dur\u00e9e de lecture estim\u00e9e":"7 minutes"},"schema":{"@context":"https:\/\/schema.org","@graph":[{"@type":"Article","@id":"https:\/\/www.uartes.edu.ec\/sitio\/fr\/blog\/2023\/07\/20\/rectora-de-la-ucuenca-maria-augusta-hermida-hablo-en-congreso-de-los-desafios-de-la-universidad-del-siglo-xxi\/#article","isPartOf":{"@id":"https:\/\/www.uartes.edu.ec\/sitio\/fr\/blog\/2023\/07\/20\/rectora-de-la-ucuenca-maria-augusta-hermida-hablo-en-congreso-de-los-desafios-de-la-universidad-del-siglo-xxi\/"},"author":{"name":"ccortez","@id":"https:\/\/www.uartes.edu.ec\/sitio\/fr\/#\/schema\/person\/efa1b8275797664fd7f13a79ccc0b1f4"},"headline":"Rectora de la UCuenca, Mar\u00eda Augusta Hermida, expuso en congreso desaf\u00edos de las universidades del siglo XXI","datePublished":"2023-07-21T01:38:00+00:00","dateModified":"2024-07-04T16:20:55+00:00","mainEntityOfPage":{"@id":"https:\/\/www.uartes.edu.ec\/sitio\/fr\/blog\/2023\/07\/20\/rectora-de-la-ucuenca-maria-augusta-hermida-hablo-en-congreso-de-los-desafios-de-la-universidad-del-siglo-xxi\/"},"wordCount":1367,"commentCount":0,"publisher":{"@id":"https:\/\/www.uartes.edu.ec\/sitio\/fr\/#organization"},"image":{"@id":"https:\/\/www.uartes.edu.ec\/sitio\/fr\/blog\/2023\/07\/20\/rectora-de-la-ucuenca-maria-augusta-hermida-hablo-en-congreso-de-los-desafios-de-la-universidad-del-siglo-xxi\/#primaryimage"},"thumbnailUrl":"https:\/\/www.uartes.edu.ec\/sitio\/wp-content\/uploads\/2023\/07\/12-MANGLAR-scaled.jpg","keywords":["Manglar"],"articleSection":["Acad\u00e9mico","Alumni","Artes","Docentes","Estudiantes","Gesti\u00f3n","Investigaci\u00f3n","Literatura","Sedes"],"inLanguage":"fr-FR","potentialAction":[{"@type":"CommentAction","name":"Comment","target":["https:\/\/www.uartes.edu.ec\/sitio\/fr\/blog\/2023\/07\/20\/rectora-de-la-ucuenca-maria-augusta-hermida-hablo-en-congreso-de-los-desafios-de-la-universidad-del-siglo-xxi\/#respond"]}]},{"@type":["WebPage","ItemPage"],"@id":"https:\/\/www.uartes.edu.ec\/sitio\/fr\/blog\/2023\/07\/20\/rectora-de-la-ucuenca-maria-augusta-hermida-hablo-en-congreso-de-los-desafios-de-la-universidad-del-siglo-xxi\/","url":"https:\/\/www.uartes.edu.ec\/sitio\/fr\/blog\/2023\/07\/20\/rectora-de-la-ucuenca-maria-augusta-hermida-hablo-en-congreso-de-los-desafios-de-la-universidad-del-siglo-xxi\/","name":"Universidad de las Artes - Rectora de la UCuenca, Mar\u00eda Augusta Hermida, expuso en congreso desaf\u00edos de las universidades del siglo XXI","isPartOf":{"@id":"https:\/\/www.uartes.edu.ec\/sitio\/fr\/#website"},"primaryImageOfPage":{"@id":"https:\/\/www.uartes.edu.ec\/sitio\/fr\/blog\/2023\/07\/20\/rectora-de-la-ucuenca-maria-augusta-hermida-hablo-en-congreso-de-los-desafios-de-la-universidad-del-siglo-xxi\/#primaryimage"},"image":{"@id":"https:\/\/www.uartes.edu.ec\/sitio\/fr\/blog\/2023\/07\/20\/rectora-de-la-ucuenca-maria-augusta-hermida-hablo-en-congreso-de-los-desafios-de-la-universidad-del-siglo-xxi\/#primaryimage"},"thumbnailUrl":"https:\/\/www.uartes.edu.ec\/sitio\/wp-content\/uploads\/2023\/07\/12-MANGLAR-scaled.jpg","datePublished":"2023-07-21T01:38:00+00:00","dateModified":"2024-07-04T16:20:55+00:00","description":"Universidad de las Artes - Rectora de la UCuenca, Mar\u00eda Augusta Hermida, expuso en congreso desaf\u00edos de las universidades del siglo XXI","breadcrumb":{"@id":"https:\/\/www.uartes.edu.ec\/sitio\/fr\/blog\/2023\/07\/20\/rectora-de-la-ucuenca-maria-augusta-hermida-hablo-en-congreso-de-los-desafios-de-la-universidad-del-siglo-xxi\/#breadcrumb"},"inLanguage":"fr-FR","potentialAction":[{"@type":"ReadAction","target":["https:\/\/www.uartes.edu.ec\/sitio\/fr\/blog\/2023\/07\/20\/rectora-de-la-ucuenca-maria-augusta-hermida-hablo-en-congreso-de-los-desafios-de-la-universidad-del-siglo-xxi\/"]}]},{"@type":"ImageObject","inLanguage":"fr-FR","@id":"https:\/\/www.uartes.edu.ec\/sitio\/fr\/blog\/2023\/07\/20\/rectora-de-la-ucuenca-maria-augusta-hermida-hablo-en-congreso-de-los-desafios-de-la-universidad-del-siglo-xxi\/#primaryimage","url":"https:\/\/www.uartes.edu.ec\/sitio\/wp-content\/uploads\/2023\/07\/12-MANGLAR-scaled.jpg","contentUrl":"https:\/\/www.uartes.edu.ec\/sitio\/wp-content\/uploads\/2023\/07\/12-MANGLAR-scaled.jpg","width":2560,"height":1707},{"@type":"BreadcrumbList","@id":"https:\/\/www.uartes.edu.ec\/sitio\/fr\/blog\/2023\/07\/20\/rectora-de-la-ucuenca-maria-augusta-hermida-hablo-en-congreso-de-los-desafios-de-la-universidad-del-siglo-xxi\/#breadcrumb","itemListElement":[{"@type":"ListItem","position":1,"name":"Inicio","item":"https:\/\/www.uartes.edu.ec\/sitio\/"},{"@type":"ListItem","position":2,"name":"Rectora de la UCuenca, Mar\u00eda Augusta Hermida, expuso en congreso desaf\u00edos de las universidades del siglo XXI"}]},{"@type":"WebSite","@id":"https:\/\/www.uartes.edu.ec\/sitio\/fr\/#website","url":"https:\/\/www.uartes.edu.ec\/sitio\/fr\/","name":"Universidad de las Artes","description":"Sitio oficial de la Universidad Nacional de las Artes del Ecuador","publisher":{"@id":"https:\/\/www.uartes.edu.ec\/sitio\/fr\/#organization"},"potentialAction":[{"@type":"SearchAction","target":{"@type":"EntryPoint","urlTemplate":"https:\/\/www.uartes.edu.ec\/sitio\/fr\/?s={search_term_string}"},"query-input":{"@type":"PropertyValueSpecification","valueRequired":true,"valueName":"search_term_string"}}],"inLanguage":"fr-FR"},{"@type":"Organization","@id":"https:\/\/www.uartes.edu.ec\/sitio\/fr\/#organization","name":"Universidad de las Artes","url":"https:\/\/www.uartes.edu.ec\/sitio\/fr\/","logo":{"@type":"ImageObject","inLanguage":"fr-FR","@id":"https:\/\/www.uartes.edu.ec\/sitio\/fr\/#\/schema\/logo\/image\/","url":"https:\/\/www.uartes.edu.ec\/sitio\/wp-content\/uploads\/2022\/07\/logo-ua-horizontal.png","contentUrl":"https:\/\/www.uartes.edu.ec\/sitio\/wp-content\/uploads\/2022\/07\/logo-ua-horizontal.png","width":800,"height":276,"caption":"Universidad de las Artes"},"image":{"@id":"https:\/\/www.uartes.edu.ec\/sitio\/fr\/#\/schema\/logo\/image\/"},"sameAs":["https:\/\/www.facebook.com\/uartesec","https:\/\/x.com\/uartesec","https:\/\/www.tiktok.com\/@uartesec"]},{"@type":"Person","@id":"https:\/\/www.uartes.edu.ec\/sitio\/fr\/#\/schema\/person\/efa1b8275797664fd7f13a79ccc0b1f4","name":"ccortez","image":{"@type":"ImageObject","inLanguage":"fr-FR","@id":"https:\/\/secure.gravatar.com\/avatar\/b2a6f664a3ae8e074346ef91775736c5ec479e637ecced6842de9dc98b5da9cd?s=96&d=mm&r=g","url":"https:\/\/secure.gravatar.com\/avatar\/b2a6f664a3ae8e074346ef91775736c5ec479e637ecced6842de9dc98b5da9cd?s=96&d=mm&r=g","contentUrl":"https:\/\/secure.gravatar.com\/avatar\/b2a6f664a3ae8e074346ef91775736c5ec479e637ecced6842de9dc98b5da9cd?s=96&d=mm&r=g","caption":"ccortez"},"url":"https:\/\/www.uartes.edu.ec\/sitio\/fr\/blog\/author\/ccortez\/"}]}},"uagb_featured_image_src":{"full":["https:\/\/www.uartes.edu.ec\/sitio\/wp-content\/uploads\/2023\/07\/12-MANGLAR-scaled.jpg",2560,1707,false],"thumbnail":["https:\/\/www.uartes.edu.ec\/sitio\/wp-content\/uploads\/2023\/07\/12-MANGLAR-150x150.jpg",150,150,true],"medium":["https:\/\/www.uartes.edu.ec\/sitio\/wp-content\/uploads\/2023\/07\/12-MANGLAR-300x200.jpg",300,200,true],"medium_large":["https:\/\/www.uartes.edu.ec\/sitio\/wp-content\/uploads\/2023\/07\/12-MANGLAR-768x512.jpg",768,512,true],"large":["https:\/\/www.uartes.edu.ec\/sitio\/wp-content\/uploads\/2023\/07\/12-MANGLAR-644x429.jpg",644,429,true],"1536x1536":["https:\/\/www.uartes.edu.ec\/sitio\/wp-content\/uploads\/2023\/07\/12-MANGLAR-1536x1024.jpg",1536,1024,true],"2048x2048":["https:\/\/www.uartes.edu.ec\/sitio\/wp-content\/uploads\/2023\/07\/12-MANGLAR-2048x1365.jpg",2048,1365,true],"trp-custom-language-flag":["https:\/\/www.uartes.edu.ec\/sitio\/wp-content\/uploads\/2023\/07\/12-MANGLAR-scaled.jpg",18,12,false],"htmega_size_585x295":["https:\/\/www.uartes.edu.ec\/sitio\/wp-content\/uploads\/2023\/07\/12-MANGLAR-585x295.jpg",585,295,true],"htmega_size_1170x536":["https:\/\/www.uartes.edu.ec\/sitio\/wp-content\/uploads\/2023\/07\/12-MANGLAR-1170x536.jpg",1170,536,true],"htmega_size_396x360":["https:\/\/www.uartes.edu.ec\/sitio\/wp-content\/uploads\/2023\/07\/12-MANGLAR-396x360.jpg",396,360,true],"gb-block-post-grid-landscape":["https:\/\/www.uartes.edu.ec\/sitio\/wp-content\/uploads\/2023\/07\/12-MANGLAR-600x400.jpg",600,400,true],"gb-block-post-grid-square":["https:\/\/www.uartes.edu.ec\/sitio\/wp-content\/uploads\/2023\/07\/12-MANGLAR-600x600.jpg",600,600,true],"university-hub-thumb":["https:\/\/www.uartes.edu.ec\/sitio\/wp-content\/uploads\/2023\/07\/12-MANGLAR-400x267.jpg",400,267,true]},"uagb_author_info":{"display_name":"ccortez","author_link":"https:\/\/www.uartes.edu.ec\/sitio\/fr\/blog\/author\/ccortez\/"},"uagb_comment_info":0,"uagb_excerpt":"La autoridad universitaria fue una de las ponentes invitadas a la jornada inaugural de Manglar: I Congreso Internacional de Educaci\u00f3n Art\u00edstica e Interculturalidad. En su intervenci\u00f3n reflexion\u00f3 sobre la necesidad de hacer las cosas de otra forma y empezar a pensar sobre c\u00f3mo queremos vivir. Un tema que nos involucra a todos, dijo y se\u00f1al\u00f3\u2026","featured_image_src":"https:\/\/www.uartes.edu.ec\/sitio\/wp-content\/uploads\/2023\/07\/12-MANGLAR-600x400.jpg","featured_image_src_square":"https:\/\/www.uartes.edu.ec\/sitio\/wp-content\/uploads\/2023\/07\/12-MANGLAR-600x600.jpg","author_info":{"display_name":"ccortez","author_link":"https:\/\/www.uartes.edu.ec\/sitio\/fr\/blog\/author\/ccortez\/"},"publishpress_future_workflow_manual_trigger":{"enabledWorkflows":[]},"distributor_meta":false,"distributor_terms":false,"distributor_media":false,"distributor_original_site_name":"Universidad de las Artes","distributor_original_site_url":"https:\/\/www.uartes.edu.ec\/sitio\/fr","push-errors":false,"_links":{"self":[{"href":"https:\/\/www.uartes.edu.ec\/sitio\/fr\/wp-json\/wp\/v2\/posts\/45299","targetHints":{"allow":["GET"]}}],"collection":[{"href":"https:\/\/www.uartes.edu.ec\/sitio\/fr\/wp-json\/wp\/v2\/posts"}],"about":[{"href":"https:\/\/www.uartes.edu.ec\/sitio\/fr\/wp-json\/wp\/v2\/types\/post"}],"author":[{"embeddable":true,"href":"https:\/\/www.uartes.edu.ec\/sitio\/fr\/wp-json\/wp\/v2\/users\/10"}],"replies":[{"embeddable":true,"href":"https:\/\/www.uartes.edu.ec\/sitio\/fr\/wp-json\/wp\/v2\/comments?post=45299"}],"version-history":[{"count":6,"href":"https:\/\/www.uartes.edu.ec\/sitio\/fr\/wp-json\/wp\/v2\/posts\/45299\/revisions"}],"predecessor-version":[{"id":45470,"href":"https:\/\/www.uartes.edu.ec\/sitio\/fr\/wp-json\/wp\/v2\/posts\/45299\/revisions\/45470"}],"wp:featuredmedia":[{"embeddable":true,"href":"https:\/\/www.uartes.edu.ec\/sitio\/fr\/wp-json\/wp\/v2\/media\/45300"}],"wp:attachment":[{"href":"https:\/\/www.uartes.edu.ec\/sitio\/fr\/wp-json\/wp\/v2\/media?parent=45299"}],"wp:term":[{"taxonomy":"category","embeddable":true,"href":"https:\/\/www.uartes.edu.ec\/sitio\/fr\/wp-json\/wp\/v2\/categories?post=45299"},{"taxonomy":"post_tag","embeddable":true,"href":"https:\/\/www.uartes.edu.ec\/sitio\/fr\/wp-json\/wp\/v2\/tags?post=45299"},{"taxonomy":"infouartes","embeddable":true,"href":"https:\/\/www.uartes.edu.ec\/sitio\/fr\/wp-json\/wp\/v2\/infouartes?post=45299"}],"curies":[{"name":"wp","href":"https:\/\/api.w.org\/{rel}","templated":true}]}}