{"id":45358,"date":"2023-07-26T16:13:20","date_gmt":"2023-07-26T21:13:20","guid":{"rendered":"https:\/\/www.uartes.edu.ec\/sitio\/?p=45358"},"modified":"2024-09-25T15:16:28","modified_gmt":"2024-09-25T20:16:28","slug":"unidad-educativa-stabile-logro-con-perla-que-renace-primer-lugar-en-ua-festival-cole-2023","status":"publish","type":"post","link":"https:\/\/www.uartes.edu.ec\/sitio\/fr\/blog\/2023\/07\/26\/unidad-educativa-stabile-logro-con-perla-que-renace-primer-lugar-en-ua-festival-cole-2023\/","title":{"rendered":"Unidad Educativa Stabile logr\u00f3 con la canci\u00f3n in\u00e9dita \u201cPerla que renace\u201d el primer lugar en UA Festival Cole 2023"},"content":{"rendered":"<p>Nerviosos, emocionados, sin poderlo creer y ovacionados por un p\u00fablico numeroso, en especial por profesores, autoridades y compa\u00f1eros del plantel al que representaban, quienes los acompa\u00f1aron y no cesaron de hacerles barra. Leslie Encalada (voz), Myriam Medina (voz), Giuliana Vel\u00e1zquez (viol\u00edn) y Christian Salas (guitarra), de la Escuela de Educaci\u00f3n B\u00e1sica Particular Stabile, lograron con el tema in\u00e9dito \u201cPerla que renace\u201d ganar el primer lugar del tambi\u00e9n primer intercolegial de m\u00fasica organizado por la Universidad de las Artes.<\/p>\n\n\n\n<p>La gran final tuvo lugar este 21 de julio en el Pabell\u00f3n Illingworth de la Gobernaci\u00f3n. Acompa\u00f1ando a los solistas, d\u00faos, grupos, bandas y ensambles de las ocho instituciones educativas seleccionadas estuvieron nuestras autoridades, los doctores William Herrera, rector, y Olga L\u00f3pez y Bradley Hilgert, vicerrectores, y como invitada de honor la vicealcaldesa de Guayaquil, Blanca L\u00f3pez.<\/p>\n\n\n<div class=\"wp-block-image\">\n<figure class=\"aligncenter size-large\"><img fetchpriority=\"high\" decoding=\"async\" width=\"644\" height=\"429\" src=\"https:\/\/www.uartes.edu.ec\/sitio\/wp-content\/uploads\/2023\/07\/24-INTERCOLEGIAL-644x429.jpg\" alt=\"\" class=\"wp-image-45391\" srcset=\"https:\/\/www.uartes.edu.ec\/sitio\/wp-content\/uploads\/2023\/07\/24-INTERCOLEGIAL-644x429.jpg 644w, https:\/\/www.uartes.edu.ec\/sitio\/wp-content\/uploads\/2023\/07\/24-INTERCOLEGIAL-768x511.jpg 768w, https:\/\/www.uartes.edu.ec\/sitio\/wp-content\/uploads\/2023\/07\/24-INTERCOLEGIAL.jpg 2000w, https:\/\/www.uartes.edu.ec\/sitio\/wp-content\/uploads\/2023\/07\/24-INTERCOLEGIAL-600x399.jpg 600w, https:\/\/www.uartes.edu.ec\/sitio\/wp-content\/uploads\/2023\/07\/24-INTERCOLEGIAL-272x182.jpg 272w\" sizes=\"(max-width: 644px) 100vw, 644px\" \/><\/figure>\n<\/div>\n\n\t\t\t\t\t<div\n\t\t\t\t\t\tclass=\"wp-block-uagb-image-gallery uagb-block-c932fa6c\"\n\t\t\t\t\t\tstyle=\"\"\n\t\t\t\t\t>\n\t\t\t\t\t\t\t\t\t\t\t<div class=\"spectra-image-gallery spectra-image-gallery__layout--grid spectra-image-gallery__layout--grid-col-2 spectra-image-gallery__layout--grid-col-tab-2 spectra-image-gallery__layout--grid-col-mob-2\">\n\t\t\t\t\t\t\t\t\t\t\t<div class='spectra-image-gallery__media-wrapper' data-spectra-gallery-image-id='45393' tabindex=\"0\">\n\t\t\t\t\t\t\t<div class=\"spectra-image-gallery__media spectra-image-gallery__media--grid\">\n\t\t\t\t<picture>\n\t\t\t\t\t<source media=\"(min-width: 1024px)\" srcset=\"https:\/\/www.uartes.edu.ec\/sitio\/wp-content\/uploads\/2023\/07\/23-INTERCOLEGIAL-644x429.jpg\">\n\t\t\t\t\t<source media=\"(min-width: 768px)\" srcset=\"https:\/\/www.uartes.edu.ec\/sitio\/wp-content\/uploads\/2023\/07\/23-INTERCOLEGIAL-644x429.jpg\">\n\t\t\t\t\t<img decoding=\"async\" class=\"spectra-image-gallery__media-thumbnail spectra-image-gallery__media-thumbnail--grid\" src=\"https:\/\/www.uartes.edu.ec\/sitio\/wp-content\/uploads\/2023\/07\/23-INTERCOLEGIAL-300x200.jpg\" alt=\"\" loading=\"lazy\" \/>\n\t\t\t\t<\/picture>\n\t\t\t\t<div class=\"spectra-image-gallery__media-thumbnail-blurrer\"><\/div>\n\t\t\t\t\t\t\t\t\t\t\t<div class=\"spectra-image-gallery__media-thumbnail-caption-wrapper spectra-image-gallery__media-thumbnail-caption-wrapper--overlay\">\n\t\t\t\t\t\t\t\t\t\t\t<div class=\"spectra-image-gallery__media-thumbnail-caption spectra-image-gallery__media-thumbnail-caption--overlay\">\n\t\t\t\t\tAucune l\u00e9gende\t\t\t\t<\/div>\n\t\t\t\t\t\t\t\t\t\t<\/div>\n\t\t\t\t\t\t\t\t\t<\/div>\n\t\t\t\t\t\t<\/div>\n\t\t\t\t\t\t<div class='spectra-image-gallery__media-wrapper' data-spectra-gallery-image-id='45392' tabindex=\"0\">\n\t\t\t\t\t\t\t<div class=\"spectra-image-gallery__media spectra-image-gallery__media--grid\">\n\t\t\t\t<picture>\n\t\t\t\t\t<source media=\"(min-width: 1024px)\" srcset=\"https:\/\/www.uartes.edu.ec\/sitio\/wp-content\/uploads\/2023\/07\/22-INTERCOLEGIAL-644x429.jpg\">\n\t\t\t\t\t<source media=\"(min-width: 768px)\" srcset=\"https:\/\/www.uartes.edu.ec\/sitio\/wp-content\/uploads\/2023\/07\/22-INTERCOLEGIAL-644x429.jpg\">\n\t\t\t\t\t<img decoding=\"async\" class=\"spectra-image-gallery__media-thumbnail spectra-image-gallery__media-thumbnail--grid\" src=\"https:\/\/www.uartes.edu.ec\/sitio\/wp-content\/uploads\/2023\/07\/22-INTERCOLEGIAL-300x200.jpg\" alt=\"\" loading=\"lazy\" \/>\n\t\t\t\t<\/picture>\n\t\t\t\t<div class=\"spectra-image-gallery__media-thumbnail-blurrer\"><\/div>\n\t\t\t\t\t\t\t\t\t\t\t<div class=\"spectra-image-gallery__media-thumbnail-caption-wrapper spectra-image-gallery__media-thumbnail-caption-wrapper--overlay\">\n\t\t\t\t\t\t\t\t\t\t\t<div class=\"spectra-image-gallery__media-thumbnail-caption spectra-image-gallery__media-thumbnail-caption--overlay\">\n\t\t\t\t\tAucune l\u00e9gende\t\t\t\t<\/div>\n\t\t\t\t\t\t\t\t\t\t<\/div>\n\t\t\t\t\t\t\t\t\t<\/div>\n\t\t\t\t\t\t<\/div>\n\t\t\t\t\t\t\t\t\t\t<\/div>\n\t\t\t\t\t\t\t\t\t\t\t\t\t\t\t\t\t\t<\/div>\n\t\t\t\t\t\t\t\t\t\n\n\n<p><\/p>\n\n\n\n<p>\u201cLo dimos todo en el escenario\u201d, dijo Leslie, mientras Myriam reconoci\u00f3 llorosa que le sorprendi\u00f3 el primer lugar por el poco tiempo para ensayar que tuvieron, sin embargo, \u201ccada uno dio lo mejor de s\u00ed y ganamos\u201d. Christian agradeci\u00f3 la oportunidad de participar en eventos como el \u201cUA Festival Cole 2023\u201d y pidi\u00f3 hayan m\u00e1s para que los j\u00f3venes puedan demostrar sus talentos y enrumbarse en sus vocaciones; en su caso, ser\u00e1 m\u00fasico profesional. Giuliana s\u00ed pens\u00f3 en que ganar\u00edan porque en el mes de ensayo que tuvieron se esforzaron al m\u00e1ximo.<\/p>\n\n\n\n<p>Melanie Le\u00f3n, quien en la Escuela de Educaci\u00f3n B\u00e1sica Particular \u201cStabile\u201d dicta la asignatura de Educaci\u00f3n Cultural y Art\u00edstica, dirigi\u00f3 al Ensamble Stabilino. Fue su primera experiencia como docente y la asumi\u00f3 como un reto, anot\u00f3. \u201cSembrar una semilla en ellos fue muy grato y que ganaran, incre\u00edble. El proceso fue honesto y dedicado\u201d, agreg\u00f3.<\/p>\n\n\n\n<h3 class=\"wp-block-heading\">El inicio de una emotiva jornada<\/h3>\n\n\n\n<p>Las opiniones de los integrantes del ensamble ganador y de su profesora se dieron al t\u00e9rmino de la competencia y premiaci\u00f3n, en una jornada de grandes expectativas y emociones desbordantes. Nuestro director administrativo Jos\u00e9 Carabajo fue quien, junto a Janina Su\u00e1rez, docente y jefa de Pr\u00e1cticas PreProfesionales, asumi\u00f3 la conducci\u00f3n del evento; lo hizo con espontaneidad, dominio esc\u00e9nico y animando en todo momento al p\u00fablico y a las barras.<\/p>\n\n\n\t\t\t\t\t<div\n\t\t\t\t\t\tclass=\"wp-block-uagb-image-gallery uagb-block-b2a8d423\"\n\t\t\t\t\t\tstyle=\"\"\n\t\t\t\t\t>\n\t\t\t\t\t\t\t\t\t\t\t<div class=\"spectra-image-gallery spectra-image-gallery__layout--grid spectra-image-gallery__layout--grid-col-2 spectra-image-gallery__layout--grid-col-tab-2 spectra-image-gallery__layout--grid-col-mob-2\">\n\t\t\t\t\t\t\t\t\t\t\t<div class='spectra-image-gallery__media-wrapper' data-spectra-gallery-image-id='45400' tabindex=\"0\">\n\t\t\t\t\t\t\t<div class=\"spectra-image-gallery__media spectra-image-gallery__media--grid\">\n\t\t\t\t<picture>\n\t\t\t\t\t<source media=\"(min-width: 1024px)\" srcset=\"https:\/\/www.uartes.edu.ec\/sitio\/wp-content\/uploads\/2023\/07\/03-INTERCOLEGIAL-644x429.jpg\">\n\t\t\t\t\t<source media=\"(min-width: 768px)\" srcset=\"https:\/\/www.uartes.edu.ec\/sitio\/wp-content\/uploads\/2023\/07\/03-INTERCOLEGIAL-644x429.jpg\">\n\t\t\t\t\t<img decoding=\"async\" class=\"spectra-image-gallery__media-thumbnail spectra-image-gallery__media-thumbnail--grid\" src=\"https:\/\/www.uartes.edu.ec\/sitio\/wp-content\/uploads\/2023\/07\/03-INTERCOLEGIAL-300x200.jpg\" alt=\"\" loading=\"lazy\" \/>\n\t\t\t\t<\/picture>\n\t\t\t\t<div class=\"spectra-image-gallery__media-thumbnail-blurrer\"><\/div>\n\t\t\t\t\t\t\t\t\t\t\t<div class=\"spectra-image-gallery__media-thumbnail-caption-wrapper spectra-image-gallery__media-thumbnail-caption-wrapper--overlay\">\n\t\t\t\t\t\t\t\t\t\t\t<div class=\"spectra-image-gallery__media-thumbnail-caption spectra-image-gallery__media-thumbnail-caption--overlay\">\n\t\t\t\t\tAucune l\u00e9gende\t\t\t\t<\/div>\n\t\t\t\t\t\t\t\t\t\t<\/div>\n\t\t\t\t\t\t\t\t\t<\/div>\n\t\t\t\t\t\t<\/div>\n\t\t\t\t\t\t<div class='spectra-image-gallery__media-wrapper' data-spectra-gallery-image-id='45399' tabindex=\"0\">\n\t\t\t\t\t\t\t<div class=\"spectra-image-gallery__media spectra-image-gallery__media--grid\">\n\t\t\t\t<picture>\n\t\t\t\t\t<source media=\"(min-width: 1024px)\" srcset=\"https:\/\/www.uartes.edu.ec\/sitio\/wp-content\/uploads\/2023\/07\/02-INTERCOLEGIAL-644x429.jpg\">\n\t\t\t\t\t<source media=\"(min-width: 768px)\" srcset=\"https:\/\/www.uartes.edu.ec\/sitio\/wp-content\/uploads\/2023\/07\/02-INTERCOLEGIAL-644x429.jpg\">\n\t\t\t\t\t<img decoding=\"async\" class=\"spectra-image-gallery__media-thumbnail spectra-image-gallery__media-thumbnail--grid\" src=\"https:\/\/www.uartes.edu.ec\/sitio\/wp-content\/uploads\/2023\/07\/02-INTERCOLEGIAL-300x200.jpg\" alt=\"\" loading=\"lazy\" \/>\n\t\t\t\t<\/picture>\n\t\t\t\t<div class=\"spectra-image-gallery__media-thumbnail-blurrer\"><\/div>\n\t\t\t\t\t\t\t\t\t\t\t<div class=\"spectra-image-gallery__media-thumbnail-caption-wrapper spectra-image-gallery__media-thumbnail-caption-wrapper--overlay\">\n\t\t\t\t\t\t\t\t\t\t\t<div class=\"spectra-image-gallery__media-thumbnail-caption spectra-image-gallery__media-thumbnail-caption--overlay\">\n\t\t\t\t\tAucune l\u00e9gende\t\t\t\t<\/div>\n\t\t\t\t\t\t\t\t\t\t<\/div>\n\t\t\t\t\t\t\t\t\t<\/div>\n\t\t\t\t\t\t<\/div>\n\t\t\t\t\t\t\t\t\t\t<\/div>\n\t\t\t\t\t\t\t\t\t\t\t\t\t\t\t\t\t\t<\/div>\n\t\t\t\t\t\t\t\t\t\n\n\n<p><\/p>\n\n\n\n<p>La final del intercolegial se inici\u00f3 a las 17:00 \u2013concluy\u00f3 pasadas las 19:00\u2013 con la bienvenida del rector UArtes. \u201cNos alegra contar con la presencia de la juventud de Guayaquil y de la provincia y que puedan formar parte estas ocho unidades educativas seleccionadas del primer intercolegial de la UArtes\u201d, anot\u00f3 agradeciendo a los participantes y presentes. Esta es la forma como siempre estamos construyendo comunidades art\u00edsticas, agreg\u00f3. \u201cEl arte funciona en colectivos, en interacci\u00f3n con la ciudadan\u00eda y no hay lugar m\u00e1s id\u00f3neo que en la misma universidad\u201d, expres\u00f3 y anunci\u00f3 el estreno de la cuenta de TicTock UArtes.&nbsp;<\/p>\n\n\n\n<p>La vicealcaldesa Blanca L\u00f3pez tuvo tambi\u00e9n palabras emotivas. Tras agradecer la invitaci\u00f3n record\u00f3 que el 30 de junio se dio la primera toma simb\u00f3lica del espacio p\u00fablico en la Plaza de la Administraci\u00f3n con los estudiantes de la UArtes. Una muestra del cambio social y cultural al que se apuesta, teniendo como mejor aliada a la universidad. Es importante apoyar este tipo de iniciativas dirigida a los j\u00f3venes desde el espacio cultural, para que puedan demostrar su arte \u201cy podamos brindarles oportunidades para que sean los trabajadores de la cultura\u201d. Felicit\u00f3 a la universidad por su apuesta al talento guayaquile\u00f1o. \u201cCuenten siempre con la Alcald\u00eda Ciudadana de Guayaquil\u201d, concluy\u00f3.&nbsp;&nbsp; &nbsp;<\/p>\n\n\n<div class=\"wp-block-image\">\n<figure class=\"aligncenter size-large\"><img decoding=\"async\" width=\"644\" height=\"429\" src=\"https:\/\/www.uartes.edu.ec\/sitio\/wp-content\/uploads\/2023\/07\/14-INTERCOLEGIAL-1-644x429.jpg\" alt=\"\" class=\"wp-image-45405\" srcset=\"https:\/\/www.uartes.edu.ec\/sitio\/wp-content\/uploads\/2023\/07\/14-INTERCOLEGIAL-1-644x429.jpg 644w, https:\/\/www.uartes.edu.ec\/sitio\/wp-content\/uploads\/2023\/07\/14-INTERCOLEGIAL-1-768x511.jpg 768w, https:\/\/www.uartes.edu.ec\/sitio\/wp-content\/uploads\/2023\/07\/14-INTERCOLEGIAL-1.jpg 2000w, https:\/\/www.uartes.edu.ec\/sitio\/wp-content\/uploads\/2023\/07\/14-INTERCOLEGIAL-1-600x399.jpg 600w, https:\/\/www.uartes.edu.ec\/sitio\/wp-content\/uploads\/2023\/07\/14-INTERCOLEGIAL-1-272x182.jpg 272w\" sizes=\"(max-width: 644px) 100vw, 644px\" \/><\/figure>\n<\/div>\n\n<div class=\"wp-block-image\">\n<figure class=\"aligncenter size-large\"><img decoding=\"async\" width=\"644\" height=\"429\" src=\"https:\/\/www.uartes.edu.ec\/sitio\/wp-content\/uploads\/2023\/07\/05-INTERCOLEGIAL-644x429.jpg\" alt=\"\" class=\"wp-image-45409\" srcset=\"https:\/\/www.uartes.edu.ec\/sitio\/wp-content\/uploads\/2023\/07\/05-INTERCOLEGIAL-644x429.jpg 644w, https:\/\/www.uartes.edu.ec\/sitio\/wp-content\/uploads\/2023\/07\/05-INTERCOLEGIAL-768x511.jpg 768w, https:\/\/www.uartes.edu.ec\/sitio\/wp-content\/uploads\/2023\/07\/05-INTERCOLEGIAL.jpg 2000w, https:\/\/www.uartes.edu.ec\/sitio\/wp-content\/uploads\/2023\/07\/05-INTERCOLEGIAL-600x399.jpg 600w, https:\/\/www.uartes.edu.ec\/sitio\/wp-content\/uploads\/2023\/07\/05-INTERCOLEGIAL-272x182.jpg 272w\" sizes=\"(max-width: 644px) 100vw, 644px\" \/><\/figure>\n<\/div>\n\n\n<p>Los miembros del jurado fueron presentados: el doctor Andrey Astaiza, director de la Escuela de Artes Sonoras, la artista y alumni Shalom Mendieta y la reconocida cantante ecuatoriana Juanita C\u00f3rdova, viceprefecta del Guayas. Seguidamente, Daniel Morales, estudiante de la EAS, interpret\u00f3 el tema in\u00e9dito \u201cRayo de luz\u201d, pronto en plataformas digitales.<\/p>\n\n\n\n<p>Entonces se dieron las participaciones de los planteles seleccionados. De cada uno y de sus representantes musicales Su\u00e1rez comparti\u00f3 sus perfiles. La Banda Instrumental UEAP de la Unidad Educativa Adventista del Pac\u00edfico fue la primera en subir al escenario. Daniel Franco, Beverly Arellano, Andr\u00e9 Avelino, Isabella Avelino, Hanna Valencia y Vanessa Monserrate, sus integrantes, interpretaron un cover de \u00abGuayaquil p\u00f3rtico de oro\u00bb.<\/p>\n\n\n\n<p>Le sigui\u00f3 la Unidad Educativa Particular Polit\u00e9cnico Copol con The Copol Camus Disciples, conformada por Mar\u00eda Arreaga, Pablo Mora, Lionso Pacheco, Mellanie Solano, Emilio Esteves, Andrea Bastidas y Felipe Toapanta, quienes hicieron suyo el tema \u201cGuayaquile\u00f1a\u201d.<\/p>\n\n\n\t\t\t\t\t<div\n\t\t\t\t\t\tclass=\"wp-block-uagb-image-gallery uagb-block-8cab8378\"\n\t\t\t\t\t\tstyle=\"\"\n\t\t\t\t\t>\n\t\t\t\t\t\t\t\t\t\t\t<div class=\"spectra-image-gallery spectra-image-gallery__layout--grid spectra-image-gallery__layout--grid-col-2 spectra-image-gallery__layout--grid-col-tab-2 spectra-image-gallery__layout--grid-col-mob-2\">\n\t\t\t\t\t\t\t\t\t\t\t<div class='spectra-image-gallery__media-wrapper' data-spectra-gallery-image-id='45402' tabindex=\"0\">\n\t\t\t\t\t\t\t<div class=\"spectra-image-gallery__media spectra-image-gallery__media--grid\">\n\t\t\t\t<picture>\n\t\t\t\t\t<source media=\"(min-width: 1024px)\" srcset=\"https:\/\/www.uartes.edu.ec\/sitio\/wp-content\/uploads\/2023\/07\/06-INTERCOLEGIAL-1-644x429.jpg\">\n\t\t\t\t\t<source media=\"(min-width: 768px)\" srcset=\"https:\/\/www.uartes.edu.ec\/sitio\/wp-content\/uploads\/2023\/07\/06-INTERCOLEGIAL-1-644x429.jpg\">\n\t\t\t\t\t<img decoding=\"async\" class=\"spectra-image-gallery__media-thumbnail spectra-image-gallery__media-thumbnail--grid\" src=\"https:\/\/www.uartes.edu.ec\/sitio\/wp-content\/uploads\/2023\/07\/06-INTERCOLEGIAL-1-300x200.jpg\" alt=\"\" loading=\"lazy\" \/>\n\t\t\t\t<\/picture>\n\t\t\t\t<div class=\"spectra-image-gallery__media-thumbnail-blurrer\"><\/div>\n\t\t\t\t\t\t\t\t\t\t\t<div class=\"spectra-image-gallery__media-thumbnail-caption-wrapper spectra-image-gallery__media-thumbnail-caption-wrapper--overlay\">\n\t\t\t\t\t\t\t\t\t\t\t<div class=\"spectra-image-gallery__media-thumbnail-caption spectra-image-gallery__media-thumbnail-caption--overlay\">\n\t\t\t\t\tAucune l\u00e9gende\t\t\t\t<\/div>\n\t\t\t\t\t\t\t\t\t\t<\/div>\n\t\t\t\t\t\t\t\t\t<\/div>\n\t\t\t\t\t\t<\/div>\n\t\t\t\t\t\t<div class='spectra-image-gallery__media-wrapper' data-spectra-gallery-image-id='45403' tabindex=\"0\">\n\t\t\t\t\t\t\t<div class=\"spectra-image-gallery__media spectra-image-gallery__media--grid\">\n\t\t\t\t<picture>\n\t\t\t\t\t<source media=\"(min-width: 1024px)\" srcset=\"https:\/\/www.uartes.edu.ec\/sitio\/wp-content\/uploads\/2023\/07\/09-INTERCOLEGIAL-644x429.jpg\">\n\t\t\t\t\t<source media=\"(min-width: 768px)\" srcset=\"https:\/\/www.uartes.edu.ec\/sitio\/wp-content\/uploads\/2023\/07\/09-INTERCOLEGIAL-644x429.jpg\">\n\t\t\t\t\t<img decoding=\"async\" class=\"spectra-image-gallery__media-thumbnail spectra-image-gallery__media-thumbnail--grid\" src=\"https:\/\/www.uartes.edu.ec\/sitio\/wp-content\/uploads\/2023\/07\/09-INTERCOLEGIAL-300x200.jpg\" alt=\"\" loading=\"lazy\" \/>\n\t\t\t\t<\/picture>\n\t\t\t\t<div class=\"spectra-image-gallery__media-thumbnail-blurrer\"><\/div>\n\t\t\t\t\t\t\t\t\t\t\t<div class=\"spectra-image-gallery__media-thumbnail-caption-wrapper spectra-image-gallery__media-thumbnail-caption-wrapper--overlay\">\n\t\t\t\t\t\t\t\t\t\t\t<div class=\"spectra-image-gallery__media-thumbnail-caption spectra-image-gallery__media-thumbnail-caption--overlay\">\n\t\t\t\t\tAucune l\u00e9gende\t\t\t\t<\/div>\n\t\t\t\t\t\t\t\t\t\t<\/div>\n\t\t\t\t\t\t\t\t\t<\/div>\n\t\t\t\t\t\t<\/div>\n\t\t\t\t\t\t\t\t\t\t<\/div>\n\t\t\t\t\t\t\t\t\t\t\t\t\t\t\t\t\t\t<\/div>\n\t\t\t\t\t\t\t\t\t\n\n\t\t\t\t\t<div\n\t\t\t\t\t\tclass=\"wp-block-uagb-image-gallery uagb-block-dc671df7\"\n\t\t\t\t\t\tstyle=\"\"\n\t\t\t\t\t>\n\t\t\t\t\t\t\t\t\t\t\t<div class=\"spectra-image-gallery spectra-image-gallery__layout--grid spectra-image-gallery__layout--grid-col-2 spectra-image-gallery__layout--grid-col-tab-2 spectra-image-gallery__layout--grid-col-mob-2\">\n\t\t\t\t\t\t\t\t\t\t\t<div class='spectra-image-gallery__media-wrapper' data-spectra-gallery-image-id='45398' tabindex=\"0\">\n\t\t\t\t\t\t\t<div class=\"spectra-image-gallery__media spectra-image-gallery__media--grid\">\n\t\t\t\t<picture>\n\t\t\t\t\t<source media=\"(min-width: 1024px)\" srcset=\"https:\/\/www.uartes.edu.ec\/sitio\/wp-content\/uploads\/2023\/07\/12-INTERCOLEGIAL-644x429.jpg\">\n\t\t\t\t\t<source media=\"(min-width: 768px)\" srcset=\"https:\/\/www.uartes.edu.ec\/sitio\/wp-content\/uploads\/2023\/07\/12-INTERCOLEGIAL-644x429.jpg\">\n\t\t\t\t\t<img decoding=\"async\" class=\"spectra-image-gallery__media-thumbnail spectra-image-gallery__media-thumbnail--grid\" src=\"https:\/\/www.uartes.edu.ec\/sitio\/wp-content\/uploads\/2023\/07\/12-INTERCOLEGIAL-300x300.jpg\" alt=\"\" loading=\"lazy\" \/>\n\t\t\t\t<\/picture>\n\t\t\t\t<div class=\"spectra-image-gallery__media-thumbnail-blurrer\"><\/div>\n\t\t\t\t\t\t\t\t\t\t\t<div class=\"spectra-image-gallery__media-thumbnail-caption-wrapper spectra-image-gallery__media-thumbnail-caption-wrapper--overlay\">\n\t\t\t\t\t\t\t\t\t\t\t<div class=\"spectra-image-gallery__media-thumbnail-caption spectra-image-gallery__media-thumbnail-caption--overlay\">\n\t\t\t\t\tAucune l\u00e9gende\t\t\t\t<\/div>\n\t\t\t\t\t\t\t\t\t\t<\/div>\n\t\t\t\t\t\t\t\t\t<\/div>\n\t\t\t\t\t\t<\/div>\n\t\t\t\t\t\t<div class='spectra-image-gallery__media-wrapper' data-spectra-gallery-image-id='45404' tabindex=\"0\">\n\t\t\t\t\t\t\t<div class=\"spectra-image-gallery__media spectra-image-gallery__media--grid\">\n\t\t\t\t<picture>\n\t\t\t\t\t<source media=\"(min-width: 1024px)\" srcset=\"https:\/\/www.uartes.edu.ec\/sitio\/wp-content\/uploads\/2023\/07\/13-INTERCOLEGIAL-644x429.jpg\">\n\t\t\t\t\t<source media=\"(min-width: 768px)\" srcset=\"https:\/\/www.uartes.edu.ec\/sitio\/wp-content\/uploads\/2023\/07\/13-INTERCOLEGIAL-644x429.jpg\">\n\t\t\t\t\t<img decoding=\"async\" class=\"spectra-image-gallery__media-thumbnail spectra-image-gallery__media-thumbnail--grid\" src=\"https:\/\/www.uartes.edu.ec\/sitio\/wp-content\/uploads\/2023\/07\/13-INTERCOLEGIAL-300x200.jpg\" alt=\"\" loading=\"lazy\" \/>\n\t\t\t\t<\/picture>\n\t\t\t\t<div class=\"spectra-image-gallery__media-thumbnail-blurrer\"><\/div>\n\t\t\t\t\t\t\t\t\t\t\t<div class=\"spectra-image-gallery__media-thumbnail-caption-wrapper spectra-image-gallery__media-thumbnail-caption-wrapper--overlay\">\n\t\t\t\t\t\t\t\t\t\t\t<div class=\"spectra-image-gallery__media-thumbnail-caption spectra-image-gallery__media-thumbnail-caption--overlay\">\n\t\t\t\t\tAucune l\u00e9gende\t\t\t\t<\/div>\n\t\t\t\t\t\t\t\t\t\t<\/div>\n\t\t\t\t\t\t\t\t\t<\/div>\n\t\t\t\t\t\t<\/div>\n\t\t\t\t\t\t\t\t\t\t<\/div>\n\t\t\t\t\t\t\t\t\t\t\t\t\t\t\t\t\t\t<\/div>\n\t\t\t\t\t\t\t\t\t\n\n\n<p><\/p>\n\n\n\n<p>Tras ellos: la Unidad Educativa Los Vergeles con \u201cChica linda\u201d, a cargo de estudiantes de tercero de bachillerato; la Escuela de Educaci\u00f3n B\u00e1sica Particular \u201cStabile\u201d; y la Unidad Educativa Biling\u00fce Thomas More con Juan Paul Montalv\u00e1n, quien a ritmo de salsa cant\u00f3 \u201cSomos Guayaquil\u201d.<\/p>\n\n\n\n<p>Tambi\u00e9n, la Unidad Educativa Vida Nueva con el tema in\u00e9dito \u201cGuayaquil, rinconcito del Ecuador\u201d, interpretado por Math\u00edas Beltr\u00e1n y Mar\u00eda Brito, en la guitarra; Moroni Zambrano, en el teclado; Math\u00edas Quezada, en la bater\u00eda; El\u00edas Zambrano, en las casta\u00f1uelas; y Ana, en la voz.<\/p>\n\n\n\n<p>La Unidad Educativa Ezra Taft Benson con la Banda Musical E.T.B., integrada por Braulio Cellavos Tovar, guitarra el\u00e9ctrica; Marco Calder\u00f3n, bajo; Jes\u00fas Berrones, Joaqu\u00edn Mart\u00ednez y Samuel \u00c1lvarez, teclados; Sebasti\u00e1n Zambrano, bater\u00eda; y Alisson Torres y Rebeca Rivera, voces. Ellos interpretaron \u201cYo quiero paz\u201d.<\/p>\n\n\n\n<p>La Unidad Educativa Particular Presidente Carlos Julio Arosemena Tola con el ensamble de m\u00fasica nacional hom\u00f3nimo integrado por Cristhian Balla, piano; Slayner Saltos, guitarra; y Angie Vargas y Scarlett Salazar, voces. Dirigidos por el profesor Jorge Marlon cantaron \u201cFatalidad y algo m\u00e1s\u201d.<\/p>\n\n\n<div class=\"wp-block-image\">\n<figure class=\"aligncenter size-large\"><img loading=\"lazy\" decoding=\"async\" width=\"644\" height=\"429\" src=\"https:\/\/www.uartes.edu.ec\/sitio\/wp-content\/uploads\/2023\/07\/07-INTERCOLEGIAL-644x429.jpg\" alt=\"\" class=\"wp-image-45407\" srcset=\"https:\/\/www.uartes.edu.ec\/sitio\/wp-content\/uploads\/2023\/07\/07-INTERCOLEGIAL-644x429.jpg 644w, https:\/\/www.uartes.edu.ec\/sitio\/wp-content\/uploads\/2023\/07\/07-INTERCOLEGIAL-768x511.jpg 768w, https:\/\/www.uartes.edu.ec\/sitio\/wp-content\/uploads\/2023\/07\/07-INTERCOLEGIAL.jpg 2000w, https:\/\/www.uartes.edu.ec\/sitio\/wp-content\/uploads\/2023\/07\/07-INTERCOLEGIAL-600x399.jpg 600w, https:\/\/www.uartes.edu.ec\/sitio\/wp-content\/uploads\/2023\/07\/07-INTERCOLEGIAL-272x182.jpg 272w\" sizes=\"(max-width: 644px) 100vw, 644px\" \/><\/figure>\n<\/div>\n\n\n<p>Jos\u00e9 Carabajo, quien no solo estuvo en el escenario, sino que se mezcl\u00f3 entre el p\u00fablico, convers\u00f3 con las barras, las autoridades y los jueces, pregunt\u00f3 a la vicerrectora Olga L\u00f3pez sobre el \u201cUA Festival Cole 2023\u201d; dijo estar encantada por la hermosa jornada, por la gente y por la creatividad y el talento de los participantes.<\/p>\n\n\n\n<p>Busc\u00f3, asimismo, la opini\u00f3n del rector, quien coment\u00f3 que la iniciativa del \u201cUA Festival Cole 2023\u201d fue de Soraya Campos, directora de la Biblioteca de las Artes, y Jonathan Pilay, t\u00e9cnico audiovisual del MZ14 Centro de Producci\u00f3n e Innovaci\u00f3n UArtes. Les dio todo el apoyo pensando en los j\u00f3venes, el arte, la cultura y los espacios que propicia nuestra universidad. Carabajo abord\u00f3 igualmente a la vicealcaldesa Blanca L\u00f3pez, quien hizo notorios la creatividad, el compromiso y el trabajo en equipo y reiter\u00f3 la decisi\u00f3n desde la Alcald\u00eda Ciudadana de Guayaquil de abrir m\u00e1s espacios para el arte y la cultura.<\/p>\n\n\n\n<p>Luego de que Shalom Mendieta brindara a la audiencia su tema \u201cTranqui\u201d, por lo cual fue ovacionada, y ya con los dem\u00e1s jurados en el escenario, as\u00ed como las autoridades UArtes y la vicealcaldesa, se anunciaron a las unidades educativas ganadoras: Vida Nueva, quinto lugar; Ezra Taft Benson, cuarto; Biling\u00fce Thomas More, tercero; Copol, segundo; y Stabile, primero.<\/p>\n\n\n<div class=\"wp-block-image\">\n<figure class=\"aligncenter size-large\"><img loading=\"lazy\" decoding=\"async\" width=\"644\" height=\"429\" src=\"https:\/\/www.uartes.edu.ec\/sitio\/wp-content\/uploads\/2023\/07\/16-INTERCOLEGIAL-644x429.jpg\" alt=\"\" class=\"wp-image-45406\" srcset=\"https:\/\/www.uartes.edu.ec\/sitio\/wp-content\/uploads\/2023\/07\/16-INTERCOLEGIAL-644x429.jpg 644w, https:\/\/www.uartes.edu.ec\/sitio\/wp-content\/uploads\/2023\/07\/16-INTERCOLEGIAL-768x511.jpg 768w, https:\/\/www.uartes.edu.ec\/sitio\/wp-content\/uploads\/2023\/07\/16-INTERCOLEGIAL.jpg 2000w, https:\/\/www.uartes.edu.ec\/sitio\/wp-content\/uploads\/2023\/07\/16-INTERCOLEGIAL-600x399.jpg 600w, https:\/\/www.uartes.edu.ec\/sitio\/wp-content\/uploads\/2023\/07\/16-INTERCOLEGIAL-272x182.jpg 272w\" sizes=\"(max-width: 644px) 100vw, 644px\" \/><\/figure>\n<\/div>\n\n<div class=\"wp-block-image\">\n<figure class=\"aligncenter size-large\"><img loading=\"lazy\" decoding=\"async\" width=\"644\" height=\"429\" src=\"https:\/\/www.uartes.edu.ec\/sitio\/wp-content\/uploads\/2023\/07\/21-INTERCOLEGIAL-644x429.jpg\" alt=\"\" class=\"wp-image-45408\" srcset=\"https:\/\/www.uartes.edu.ec\/sitio\/wp-content\/uploads\/2023\/07\/21-INTERCOLEGIAL-644x429.jpg 644w, https:\/\/www.uartes.edu.ec\/sitio\/wp-content\/uploads\/2023\/07\/21-INTERCOLEGIAL-768x511.jpg 768w, https:\/\/www.uartes.edu.ec\/sitio\/wp-content\/uploads\/2023\/07\/21-INTERCOLEGIAL.jpg 2000w, https:\/\/www.uartes.edu.ec\/sitio\/wp-content\/uploads\/2023\/07\/21-INTERCOLEGIAL-600x399.jpg 600w, https:\/\/www.uartes.edu.ec\/sitio\/wp-content\/uploads\/2023\/07\/21-INTERCOLEGIAL-272x182.jpg 272w\" sizes=\"(max-width: 644px) 100vw, 644px\" \/><\/figure>\n<\/div>","protected":false},"excerpt":{"rendered":"<p>En homenaje a Guayaquil y para brindar a los j\u00f3venes un espacio donde sus talentos sean reconocidos, la UArtes organiz\u00f3 el \u201cUA Festival Cole 2023\u201d cuya final fue el 21 de julio. La jornada cont\u00f3 con la presencia de nuestras autoridades, la vicealcaldesa de la ciudad y los directivos, profesores y padres de familia de los planteles participantes. De 8 seleccionados, 5 pasaron a la final; el Ensamble Stabilino gan\u00f3 el primer lugar.<\/p>","protected":false},"author":10,"featured_media":45390,"comment_status":"open","ping_status":"open","sticky":false,"template":"","format":"standard","meta":{"_acf_changed":false,"_uag_custom_page_level_css":"","_monsterinsights_skip_tracking":false,"_monsterinsights_sitenote_active":false,"_monsterinsights_sitenote_note":"","_monsterinsights_sitenote_category":0,"cybocfi_hide_featured_image":"","footnotes":""},"categories":[77,83,79],"tags":[975],"infouartes":[],"class_list":["post-45358","post","type-post","status-publish","format-standard","has-post-thumbnail","hentry","category-gestion","category-sedes","category-vinculo","tag-intercolegial"],"acf":[],"yoast_head":"<!-- This site is optimized with the Yoast SEO plugin v27.4 - https:\/\/yoast.com\/product\/yoast-seo-wordpress\/ -->\n<title>Universidad de las Artes - Unidad Educativa Stabile logr\u00f3 con la canci\u00f3n in\u00e9dita \u201cPerla que renace\u201d el primer lugar en UA Festival Cole 2023<\/title>\n<meta name=\"description\" content=\"Universidad de las Artes - Unidad Educativa Stabile logr\u00f3 con la canci\u00f3n in\u00e9dita \u201cPerla que renace\u201d el primer lugar en UA Festival Cole 2023\" \/>\n<meta name=\"robots\" content=\"index, follow, max-snippet:-1, max-image-preview:large, max-video-preview:-1\" \/>\n<link rel=\"canonical\" href=\"https:\/\/www.uartes.edu.ec\/sitio\/fr\/blog\/2023\/07\/26\/unidad-educativa-stabile-logro-con-perla-que-renace-primer-lugar-en-ua-festival-cole-2023\/\" \/>\n<meta property=\"og:locale\" content=\"fr_FR\" \/>\n<meta property=\"og:type\" content=\"article\" \/>\n<meta property=\"og:title\" content=\"Universidad de las Artes - Unidad Educativa Stabile logr\u00f3 con la canci\u00f3n in\u00e9dita \u201cPerla que renace\u201d el primer lugar en UA Festival Cole 2023\" \/>\n<meta property=\"og:description\" content=\"Universidad de las Artes - Unidad Educativa Stabile logr\u00f3 con la canci\u00f3n in\u00e9dita \u201cPerla que renace\u201d el primer lugar en UA Festival Cole 2023\" \/>\n<meta property=\"og:url\" content=\"https:\/\/www.uartes.edu.ec\/sitio\/fr\/blog\/2023\/07\/26\/unidad-educativa-stabile-logro-con-perla-que-renace-primer-lugar-en-ua-festival-cole-2023\/\" \/>\n<meta property=\"og:site_name\" content=\"Universidad de las Artes\" \/>\n<meta property=\"article:publisher\" content=\"https:\/\/www.facebook.com\/uartesec\" \/>\n<meta property=\"article:published_time\" content=\"2023-07-26T21:13:20+00:00\" \/>\n<meta property=\"article:modified_time\" content=\"2024-09-25T20:16:28+00:00\" \/>\n<meta property=\"og:image\" content=\"https:\/\/www.uartes.edu.ec\/sitio\/wp-content\/uploads\/2023\/07\/25-INTERCOLEGIAL.jpg\" \/>\n\t<meta property=\"og:image:width\" content=\"2000\" \/>\n\t<meta property=\"og:image:height\" content=\"1333\" \/>\n\t<meta property=\"og:image:type\" content=\"image\/jpeg\" \/>\n<meta name=\"author\" content=\"ccortez\" \/>\n<meta name=\"twitter:card\" content=\"summary_large_image\" \/>\n<meta name=\"twitter:creator\" content=\"@uartesec\" \/>\n<meta name=\"twitter:site\" content=\"@uartesec\" \/>\n<meta name=\"twitter:label1\" content=\"\u00c9crit par\" \/>\n\t<meta name=\"twitter:data1\" content=\"ccortez\" \/>\n\t<meta name=\"twitter:label2\" content=\"Dur\u00e9e de lecture estim\u00e9e\" \/>\n\t<meta name=\"twitter:data2\" content=\"7 minutes\" \/>\n<script type=\"application\/ld+json\" class=\"yoast-schema-graph\">{\"@context\":\"https:\\\/\\\/schema.org\",\"@graph\":[{\"@type\":\"Article\",\"@id\":\"https:\\\/\\\/www.uartes.edu.ec\\\/sitio\\\/fr\\\/blog\\\/2023\\\/07\\\/26\\\/unidad-educativa-stabile-logro-con-perla-que-renace-primer-lugar-en-ua-festival-cole-2023\\\/#article\",\"isPartOf\":{\"@id\":\"https:\\\/\\\/www.uartes.edu.ec\\\/sitio\\\/fr\\\/blog\\\/2023\\\/07\\\/26\\\/unidad-educativa-stabile-logro-con-perla-que-renace-primer-lugar-en-ua-festival-cole-2023\\\/\"},\"author\":{\"name\":\"ccortez\",\"@id\":\"https:\\\/\\\/www.uartes.edu.ec\\\/sitio\\\/fr\\\/#\\\/schema\\\/person\\\/efa1b8275797664fd7f13a79ccc0b1f4\"},\"headline\":\"Unidad Educativa Stabile logr\u00f3 con la canci\u00f3n in\u00e9dita \u201cPerla que renace\u201d el primer lugar en UA Festival Cole 2023\",\"datePublished\":\"2023-07-26T21:13:20+00:00\",\"dateModified\":\"2024-09-25T20:16:28+00:00\",\"mainEntityOfPage\":{\"@id\":\"https:\\\/\\\/www.uartes.edu.ec\\\/sitio\\\/fr\\\/blog\\\/2023\\\/07\\\/26\\\/unidad-educativa-stabile-logro-con-perla-que-renace-primer-lugar-en-ua-festival-cole-2023\\\/\"},\"wordCount\":1215,\"commentCount\":0,\"publisher\":{\"@id\":\"https:\\\/\\\/www.uartes.edu.ec\\\/sitio\\\/fr\\\/#organization\"},\"image\":{\"@id\":\"https:\\\/\\\/www.uartes.edu.ec\\\/sitio\\\/fr\\\/blog\\\/2023\\\/07\\\/26\\\/unidad-educativa-stabile-logro-con-perla-que-renace-primer-lugar-en-ua-festival-cole-2023\\\/#primaryimage\"},\"thumbnailUrl\":\"https:\\\/\\\/www.uartes.edu.ec\\\/sitio\\\/wp-content\\\/uploads\\\/2023\\\/07\\\/25-INTERCOLEGIAL.jpg\",\"keywords\":[\"intercolegial\"],\"articleSection\":[\"Gesti\u00f3n\",\"Sedes\",\"V\u00ednculo\"],\"inLanguage\":\"fr-FR\",\"potentialAction\":[{\"@type\":\"CommentAction\",\"name\":\"Comment\",\"target\":[\"https:\\\/\\\/www.uartes.edu.ec\\\/sitio\\\/fr\\\/blog\\\/2023\\\/07\\\/26\\\/unidad-educativa-stabile-logro-con-perla-que-renace-primer-lugar-en-ua-festival-cole-2023\\\/#respond\"]}]},{\"@type\":[\"WebPage\",\"ItemPage\"],\"@id\":\"https:\\\/\\\/www.uartes.edu.ec\\\/sitio\\\/fr\\\/blog\\\/2023\\\/07\\\/26\\\/unidad-educativa-stabile-logro-con-perla-que-renace-primer-lugar-en-ua-festival-cole-2023\\\/\",\"url\":\"https:\\\/\\\/www.uartes.edu.ec\\\/sitio\\\/fr\\\/blog\\\/2023\\\/07\\\/26\\\/unidad-educativa-stabile-logro-con-perla-que-renace-primer-lugar-en-ua-festival-cole-2023\\\/\",\"name\":\"Universidad de las Artes - Unidad Educativa Stabile logr\u00f3 con la canci\u00f3n in\u00e9dita \u201cPerla que renace\u201d el primer lugar en UA Festival Cole 2023\",\"isPartOf\":{\"@id\":\"https:\\\/\\\/www.uartes.edu.ec\\\/sitio\\\/fr\\\/#website\"},\"primaryImageOfPage\":{\"@id\":\"https:\\\/\\\/www.uartes.edu.ec\\\/sitio\\\/fr\\\/blog\\\/2023\\\/07\\\/26\\\/unidad-educativa-stabile-logro-con-perla-que-renace-primer-lugar-en-ua-festival-cole-2023\\\/#primaryimage\"},\"image\":{\"@id\":\"https:\\\/\\\/www.uartes.edu.ec\\\/sitio\\\/fr\\\/blog\\\/2023\\\/07\\\/26\\\/unidad-educativa-stabile-logro-con-perla-que-renace-primer-lugar-en-ua-festival-cole-2023\\\/#primaryimage\"},\"thumbnailUrl\":\"https:\\\/\\\/www.uartes.edu.ec\\\/sitio\\\/wp-content\\\/uploads\\\/2023\\\/07\\\/25-INTERCOLEGIAL.jpg\",\"datePublished\":\"2023-07-26T21:13:20+00:00\",\"dateModified\":\"2024-09-25T20:16:28+00:00\",\"description\":\"Universidad de las Artes - Unidad Educativa Stabile logr\u00f3 con la canci\u00f3n in\u00e9dita \u201cPerla que renace\u201d el primer lugar en UA Festival Cole 2023\",\"breadcrumb\":{\"@id\":\"https:\\\/\\\/www.uartes.edu.ec\\\/sitio\\\/fr\\\/blog\\\/2023\\\/07\\\/26\\\/unidad-educativa-stabile-logro-con-perla-que-renace-primer-lugar-en-ua-festival-cole-2023\\\/#breadcrumb\"},\"inLanguage\":\"fr-FR\",\"potentialAction\":[{\"@type\":\"ReadAction\",\"target\":[\"https:\\\/\\\/www.uartes.edu.ec\\\/sitio\\\/fr\\\/blog\\\/2023\\\/07\\\/26\\\/unidad-educativa-stabile-logro-con-perla-que-renace-primer-lugar-en-ua-festival-cole-2023\\\/\"]}]},{\"@type\":\"ImageObject\",\"inLanguage\":\"fr-FR\",\"@id\":\"https:\\\/\\\/www.uartes.edu.ec\\\/sitio\\\/fr\\\/blog\\\/2023\\\/07\\\/26\\\/unidad-educativa-stabile-logro-con-perla-que-renace-primer-lugar-en-ua-festival-cole-2023\\\/#primaryimage\",\"url\":\"https:\\\/\\\/www.uartes.edu.ec\\\/sitio\\\/wp-content\\\/uploads\\\/2023\\\/07\\\/25-INTERCOLEGIAL.jpg\",\"contentUrl\":\"https:\\\/\\\/www.uartes.edu.ec\\\/sitio\\\/wp-content\\\/uploads\\\/2023\\\/07\\\/25-INTERCOLEGIAL.jpg\",\"width\":2000,\"height\":1333},{\"@type\":\"BreadcrumbList\",\"@id\":\"https:\\\/\\\/www.uartes.edu.ec\\\/sitio\\\/fr\\\/blog\\\/2023\\\/07\\\/26\\\/unidad-educativa-stabile-logro-con-perla-que-renace-primer-lugar-en-ua-festival-cole-2023\\\/#breadcrumb\",\"itemListElement\":[{\"@type\":\"ListItem\",\"position\":1,\"name\":\"Inicio\",\"item\":\"https:\\\/\\\/www.uartes.edu.ec\\\/sitio\\\/\"},{\"@type\":\"ListItem\",\"position\":2,\"name\":\"Unidad Educativa Stabile logr\u00f3 con la canci\u00f3n in\u00e9dita \u201cPerla que renace\u201d el primer lugar en UA Festival Cole 2023\"}]},{\"@type\":\"WebSite\",\"@id\":\"https:\\\/\\\/www.uartes.edu.ec\\\/sitio\\\/fr\\\/#website\",\"url\":\"https:\\\/\\\/www.uartes.edu.ec\\\/sitio\\\/fr\\\/\",\"name\":\"Universidad de las Artes\",\"description\":\"Sitio oficial de la Universidad Nacional de las Artes del Ecuador\",\"publisher\":{\"@id\":\"https:\\\/\\\/www.uartes.edu.ec\\\/sitio\\\/fr\\\/#organization\"},\"potentialAction\":[{\"@type\":\"SearchAction\",\"target\":{\"@type\":\"EntryPoint\",\"urlTemplate\":\"https:\\\/\\\/www.uartes.edu.ec\\\/sitio\\\/fr\\\/?s={search_term_string}\"},\"query-input\":{\"@type\":\"PropertyValueSpecification\",\"valueRequired\":true,\"valueName\":\"search_term_string\"}}],\"inLanguage\":\"fr-FR\"},{\"@type\":\"Organization\",\"@id\":\"https:\\\/\\\/www.uartes.edu.ec\\\/sitio\\\/fr\\\/#organization\",\"name\":\"Universidad de las Artes\",\"url\":\"https:\\\/\\\/www.uartes.edu.ec\\\/sitio\\\/fr\\\/\",\"logo\":{\"@type\":\"ImageObject\",\"inLanguage\":\"fr-FR\",\"@id\":\"https:\\\/\\\/www.uartes.edu.ec\\\/sitio\\\/fr\\\/#\\\/schema\\\/logo\\\/image\\\/\",\"url\":\"https:\\\/\\\/www.uartes.edu.ec\\\/sitio\\\/wp-content\\\/uploads\\\/2022\\\/07\\\/logo-ua-horizontal.png\",\"contentUrl\":\"https:\\\/\\\/www.uartes.edu.ec\\\/sitio\\\/wp-content\\\/uploads\\\/2022\\\/07\\\/logo-ua-horizontal.png\",\"width\":800,\"height\":276,\"caption\":\"Universidad de las Artes\"},\"image\":{\"@id\":\"https:\\\/\\\/www.uartes.edu.ec\\\/sitio\\\/fr\\\/#\\\/schema\\\/logo\\\/image\\\/\"},\"sameAs\":[\"https:\\\/\\\/www.facebook.com\\\/uartesec\",\"https:\\\/\\\/x.com\\\/uartesec\",\"https:\\\/\\\/www.tiktok.com\\\/@uartesec\"]},{\"@type\":\"Person\",\"@id\":\"https:\\\/\\\/www.uartes.edu.ec\\\/sitio\\\/fr\\\/#\\\/schema\\\/person\\\/efa1b8275797664fd7f13a79ccc0b1f4\",\"name\":\"ccortez\",\"image\":{\"@type\":\"ImageObject\",\"inLanguage\":\"fr-FR\",\"@id\":\"https:\\\/\\\/secure.gravatar.com\\\/avatar\\\/b2a6f664a3ae8e074346ef91775736c5ec479e637ecced6842de9dc98b5da9cd?s=96&d=mm&r=g\",\"url\":\"https:\\\/\\\/secure.gravatar.com\\\/avatar\\\/b2a6f664a3ae8e074346ef91775736c5ec479e637ecced6842de9dc98b5da9cd?s=96&d=mm&r=g\",\"contentUrl\":\"https:\\\/\\\/secure.gravatar.com\\\/avatar\\\/b2a6f664a3ae8e074346ef91775736c5ec479e637ecced6842de9dc98b5da9cd?s=96&d=mm&r=g\",\"caption\":\"ccortez\"},\"url\":\"https:\\\/\\\/www.uartes.edu.ec\\\/sitio\\\/fr\\\/blog\\\/author\\\/ccortez\\\/\"}]}<\/script>\n<!-- \/ Yoast SEO plugin. -->","yoast_head_json":{"title":"Universidad de las Artes - Unidad Educativa Stabile logr\u00f3 con la canci\u00f3n in\u00e9dita \u201cPerla que renace\u201d el primer lugar en UA Festival Cole 2023","description":"Universidad de las Artes - Unidad Educativa Stabile logr\u00f3 con la canci\u00f3n in\u00e9dita \u201cPerla que renace\u201d el primer lugar en UA Festival Cole 2023","robots":{"index":"index","follow":"follow","max-snippet":"max-snippet:-1","max-image-preview":"max-image-preview:large","max-video-preview":"max-video-preview:-1"},"canonical":"https:\/\/www.uartes.edu.ec\/sitio\/fr\/blog\/2023\/07\/26\/unidad-educativa-stabile-logro-con-perla-que-renace-primer-lugar-en-ua-festival-cole-2023\/","og_locale":"fr_FR","og_type":"article","og_title":"Universidad de las Artes - Unidad Educativa Stabile logr\u00f3 con la canci\u00f3n in\u00e9dita \u201cPerla que renace\u201d el primer lugar en UA Festival Cole 2023","og_description":"Universidad de las Artes - Unidad Educativa Stabile logr\u00f3 con la canci\u00f3n in\u00e9dita \u201cPerla que renace\u201d el primer lugar en UA Festival Cole 2023","og_url":"https:\/\/www.uartes.edu.ec\/sitio\/fr\/blog\/2023\/07\/26\/unidad-educativa-stabile-logro-con-perla-que-renace-primer-lugar-en-ua-festival-cole-2023\/","og_site_name":"Universidad de las Artes","article_publisher":"https:\/\/www.facebook.com\/uartesec","article_published_time":"2023-07-26T21:13:20+00:00","article_modified_time":"2024-09-25T20:16:28+00:00","og_image":[{"width":2000,"height":1333,"url":"https:\/\/www.uartes.edu.ec\/sitio\/wp-content\/uploads\/2023\/07\/25-INTERCOLEGIAL.jpg","type":"image\/jpeg"}],"author":"ccortez","twitter_card":"summary_large_image","twitter_creator":"@uartesec","twitter_site":"@uartesec","twitter_misc":{"\u00c9crit par":"ccortez","Dur\u00e9e de lecture estim\u00e9e":"7 minutes"},"schema":{"@context":"https:\/\/schema.org","@graph":[{"@type":"Article","@id":"https:\/\/www.uartes.edu.ec\/sitio\/fr\/blog\/2023\/07\/26\/unidad-educativa-stabile-logro-con-perla-que-renace-primer-lugar-en-ua-festival-cole-2023\/#article","isPartOf":{"@id":"https:\/\/www.uartes.edu.ec\/sitio\/fr\/blog\/2023\/07\/26\/unidad-educativa-stabile-logro-con-perla-que-renace-primer-lugar-en-ua-festival-cole-2023\/"},"author":{"name":"ccortez","@id":"https:\/\/www.uartes.edu.ec\/sitio\/fr\/#\/schema\/person\/efa1b8275797664fd7f13a79ccc0b1f4"},"headline":"Unidad Educativa Stabile logr\u00f3 con la canci\u00f3n in\u00e9dita \u201cPerla que renace\u201d el primer lugar en UA Festival Cole 2023","datePublished":"2023-07-26T21:13:20+00:00","dateModified":"2024-09-25T20:16:28+00:00","mainEntityOfPage":{"@id":"https:\/\/www.uartes.edu.ec\/sitio\/fr\/blog\/2023\/07\/26\/unidad-educativa-stabile-logro-con-perla-que-renace-primer-lugar-en-ua-festival-cole-2023\/"},"wordCount":1215,"commentCount":0,"publisher":{"@id":"https:\/\/www.uartes.edu.ec\/sitio\/fr\/#organization"},"image":{"@id":"https:\/\/www.uartes.edu.ec\/sitio\/fr\/blog\/2023\/07\/26\/unidad-educativa-stabile-logro-con-perla-que-renace-primer-lugar-en-ua-festival-cole-2023\/#primaryimage"},"thumbnailUrl":"https:\/\/www.uartes.edu.ec\/sitio\/wp-content\/uploads\/2023\/07\/25-INTERCOLEGIAL.jpg","keywords":["intercolegial"],"articleSection":["Gesti\u00f3n","Sedes","V\u00ednculo"],"inLanguage":"fr-FR","potentialAction":[{"@type":"CommentAction","name":"Comment","target":["https:\/\/www.uartes.edu.ec\/sitio\/fr\/blog\/2023\/07\/26\/unidad-educativa-stabile-logro-con-perla-que-renace-primer-lugar-en-ua-festival-cole-2023\/#respond"]}]},{"@type":["WebPage","ItemPage"],"@id":"https:\/\/www.uartes.edu.ec\/sitio\/fr\/blog\/2023\/07\/26\/unidad-educativa-stabile-logro-con-perla-que-renace-primer-lugar-en-ua-festival-cole-2023\/","url":"https:\/\/www.uartes.edu.ec\/sitio\/fr\/blog\/2023\/07\/26\/unidad-educativa-stabile-logro-con-perla-que-renace-primer-lugar-en-ua-festival-cole-2023\/","name":"Universidad de las Artes - Unidad Educativa Stabile logr\u00f3 con la canci\u00f3n in\u00e9dita \u201cPerla que renace\u201d el primer lugar en UA Festival Cole 2023","isPartOf":{"@id":"https:\/\/www.uartes.edu.ec\/sitio\/fr\/#website"},"primaryImageOfPage":{"@id":"https:\/\/www.uartes.edu.ec\/sitio\/fr\/blog\/2023\/07\/26\/unidad-educativa-stabile-logro-con-perla-que-renace-primer-lugar-en-ua-festival-cole-2023\/#primaryimage"},"image":{"@id":"https:\/\/www.uartes.edu.ec\/sitio\/fr\/blog\/2023\/07\/26\/unidad-educativa-stabile-logro-con-perla-que-renace-primer-lugar-en-ua-festival-cole-2023\/#primaryimage"},"thumbnailUrl":"https:\/\/www.uartes.edu.ec\/sitio\/wp-content\/uploads\/2023\/07\/25-INTERCOLEGIAL.jpg","datePublished":"2023-07-26T21:13:20+00:00","dateModified":"2024-09-25T20:16:28+00:00","description":"Universidad de las Artes - Unidad Educativa Stabile logr\u00f3 con la canci\u00f3n in\u00e9dita \u201cPerla que renace\u201d el primer lugar en UA Festival Cole 2023","breadcrumb":{"@id":"https:\/\/www.uartes.edu.ec\/sitio\/fr\/blog\/2023\/07\/26\/unidad-educativa-stabile-logro-con-perla-que-renace-primer-lugar-en-ua-festival-cole-2023\/#breadcrumb"},"inLanguage":"fr-FR","potentialAction":[{"@type":"ReadAction","target":["https:\/\/www.uartes.edu.ec\/sitio\/fr\/blog\/2023\/07\/26\/unidad-educativa-stabile-logro-con-perla-que-renace-primer-lugar-en-ua-festival-cole-2023\/"]}]},{"@type":"ImageObject","inLanguage":"fr-FR","@id":"https:\/\/www.uartes.edu.ec\/sitio\/fr\/blog\/2023\/07\/26\/unidad-educativa-stabile-logro-con-perla-que-renace-primer-lugar-en-ua-festival-cole-2023\/#primaryimage","url":"https:\/\/www.uartes.edu.ec\/sitio\/wp-content\/uploads\/2023\/07\/25-INTERCOLEGIAL.jpg","contentUrl":"https:\/\/www.uartes.edu.ec\/sitio\/wp-content\/uploads\/2023\/07\/25-INTERCOLEGIAL.jpg","width":2000,"height":1333},{"@type":"BreadcrumbList","@id":"https:\/\/www.uartes.edu.ec\/sitio\/fr\/blog\/2023\/07\/26\/unidad-educativa-stabile-logro-con-perla-que-renace-primer-lugar-en-ua-festival-cole-2023\/#breadcrumb","itemListElement":[{"@type":"ListItem","position":1,"name":"Inicio","item":"https:\/\/www.uartes.edu.ec\/sitio\/"},{"@type":"ListItem","position":2,"name":"Unidad Educativa Stabile logr\u00f3 con la canci\u00f3n in\u00e9dita \u201cPerla que renace\u201d el primer lugar en UA Festival Cole 2023"}]},{"@type":"WebSite","@id":"https:\/\/www.uartes.edu.ec\/sitio\/fr\/#website","url":"https:\/\/www.uartes.edu.ec\/sitio\/fr\/","name":"Universidad de las Artes","description":"Sitio oficial de la Universidad Nacional de las Artes del Ecuador","publisher":{"@id":"https:\/\/www.uartes.edu.ec\/sitio\/fr\/#organization"},"potentialAction":[{"@type":"SearchAction","target":{"@type":"EntryPoint","urlTemplate":"https:\/\/www.uartes.edu.ec\/sitio\/fr\/?s={search_term_string}"},"query-input":{"@type":"PropertyValueSpecification","valueRequired":true,"valueName":"search_term_string"}}],"inLanguage":"fr-FR"},{"@type":"Organization","@id":"https:\/\/www.uartes.edu.ec\/sitio\/fr\/#organization","name":"Universidad de las Artes","url":"https:\/\/www.uartes.edu.ec\/sitio\/fr\/","logo":{"@type":"ImageObject","inLanguage":"fr-FR","@id":"https:\/\/www.uartes.edu.ec\/sitio\/fr\/#\/schema\/logo\/image\/","url":"https:\/\/www.uartes.edu.ec\/sitio\/wp-content\/uploads\/2022\/07\/logo-ua-horizontal.png","contentUrl":"https:\/\/www.uartes.edu.ec\/sitio\/wp-content\/uploads\/2022\/07\/logo-ua-horizontal.png","width":800,"height":276,"caption":"Universidad de las Artes"},"image":{"@id":"https:\/\/www.uartes.edu.ec\/sitio\/fr\/#\/schema\/logo\/image\/"},"sameAs":["https:\/\/www.facebook.com\/uartesec","https:\/\/x.com\/uartesec","https:\/\/www.tiktok.com\/@uartesec"]},{"@type":"Person","@id":"https:\/\/www.uartes.edu.ec\/sitio\/fr\/#\/schema\/person\/efa1b8275797664fd7f13a79ccc0b1f4","name":"ccortez","image":{"@type":"ImageObject","inLanguage":"fr-FR","@id":"https:\/\/secure.gravatar.com\/avatar\/b2a6f664a3ae8e074346ef91775736c5ec479e637ecced6842de9dc98b5da9cd?s=96&d=mm&r=g","url":"https:\/\/secure.gravatar.com\/avatar\/b2a6f664a3ae8e074346ef91775736c5ec479e637ecced6842de9dc98b5da9cd?s=96&d=mm&r=g","contentUrl":"https:\/\/secure.gravatar.com\/avatar\/b2a6f664a3ae8e074346ef91775736c5ec479e637ecced6842de9dc98b5da9cd?s=96&d=mm&r=g","caption":"ccortez"},"url":"https:\/\/www.uartes.edu.ec\/sitio\/fr\/blog\/author\/ccortez\/"}]}},"uagb_featured_image_src":{"full":["https:\/\/www.uartes.edu.ec\/sitio\/wp-content\/uploads\/2023\/07\/25-INTERCOLEGIAL.jpg",2000,1333,false],"thumbnail":["https:\/\/www.uartes.edu.ec\/sitio\/wp-content\/uploads\/2023\/07\/25-INTERCOLEGIAL-150x150.jpg",150,150,true],"medium":["https:\/\/www.uartes.edu.ec\/sitio\/wp-content\/uploads\/2023\/07\/25-INTERCOLEGIAL-300x200.jpg",300,200,true],"medium_large":["https:\/\/www.uartes.edu.ec\/sitio\/wp-content\/uploads\/2023\/07\/25-INTERCOLEGIAL-768x512.jpg",768,512,true],"large":["https:\/\/www.uartes.edu.ec\/sitio\/wp-content\/uploads\/2023\/07\/25-INTERCOLEGIAL-644x429.jpg",644,429,true],"1536x1536":["https:\/\/www.uartes.edu.ec\/sitio\/wp-content\/uploads\/2023\/07\/25-INTERCOLEGIAL-1536x1024.jpg",1536,1024,true],"2048x2048":["https:\/\/www.uartes.edu.ec\/sitio\/wp-content\/uploads\/2023\/07\/25-INTERCOLEGIAL.jpg",2000,1333,false],"trp-custom-language-flag":["https:\/\/www.uartes.edu.ec\/sitio\/wp-content\/uploads\/2023\/07\/25-INTERCOLEGIAL.jpg",18,12,false],"htmega_size_585x295":["https:\/\/www.uartes.edu.ec\/sitio\/wp-content\/uploads\/2023\/07\/25-INTERCOLEGIAL-585x295.jpg",585,295,true],"htmega_size_1170x536":["https:\/\/www.uartes.edu.ec\/sitio\/wp-content\/uploads\/2023\/07\/25-INTERCOLEGIAL-1170x536.jpg",1170,536,true],"htmega_size_396x360":["https:\/\/www.uartes.edu.ec\/sitio\/wp-content\/uploads\/2023\/07\/25-INTERCOLEGIAL-396x360.jpg",396,360,true],"gb-block-post-grid-landscape":["https:\/\/www.uartes.edu.ec\/sitio\/wp-content\/uploads\/2023\/07\/25-INTERCOLEGIAL-600x400.jpg",600,400,true],"gb-block-post-grid-square":["https:\/\/www.uartes.edu.ec\/sitio\/wp-content\/uploads\/2023\/07\/25-INTERCOLEGIAL-600x600.jpg",600,600,true],"university-hub-thumb":["https:\/\/www.uartes.edu.ec\/sitio\/wp-content\/uploads\/2023\/07\/25-INTERCOLEGIAL-400x267.jpg",400,267,true],"mailpoet_newsletter_max":["https:\/\/www.uartes.edu.ec\/sitio\/wp-content\/uploads\/2023\/07\/25-INTERCOLEGIAL.jpg",1320,880,false]},"uagb_author_info":{"display_name":"ccortez","author_link":"https:\/\/www.uartes.edu.ec\/sitio\/fr\/blog\/author\/ccortez\/"},"uagb_comment_info":0,"uagb_excerpt":"En homenaje a Guayaquil y para brindar a los j\u00f3venes un espacio donde sus talentos sean reconocidos, la UArtes organiz\u00f3 el \u201cUA Festival Cole 2023\u201d cuya final fue el 21 de julio. La jornada cont\u00f3 con la presencia de nuestras autoridades, la vicealcaldesa de la ciudad y los directivos, profesores y padres de familia de\u2026","featured_image_src":"https:\/\/www.uartes.edu.ec\/sitio\/wp-content\/uploads\/2023\/07\/25-INTERCOLEGIAL-600x400.jpg","featured_image_src_square":"https:\/\/www.uartes.edu.ec\/sitio\/wp-content\/uploads\/2023\/07\/25-INTERCOLEGIAL-600x600.jpg","author_info":{"display_name":"ccortez","author_link":"https:\/\/www.uartes.edu.ec\/sitio\/fr\/blog\/author\/ccortez\/"},"publishpress_future_workflow_manual_trigger":{"enabledWorkflows":[]},"distributor_meta":false,"distributor_terms":false,"distributor_media":false,"distributor_original_site_name":"Universidad de las Artes","distributor_original_site_url":"https:\/\/www.uartes.edu.ec\/sitio\/fr","push-errors":false,"_links":{"self":[{"href":"https:\/\/www.uartes.edu.ec\/sitio\/fr\/wp-json\/wp\/v2\/posts\/45358","targetHints":{"allow":["GET"]}}],"collection":[{"href":"https:\/\/www.uartes.edu.ec\/sitio\/fr\/wp-json\/wp\/v2\/posts"}],"about":[{"href":"https:\/\/www.uartes.edu.ec\/sitio\/fr\/wp-json\/wp\/v2\/types\/post"}],"author":[{"embeddable":true,"href":"https:\/\/www.uartes.edu.ec\/sitio\/fr\/wp-json\/wp\/v2\/users\/10"}],"replies":[{"embeddable":true,"href":"https:\/\/www.uartes.edu.ec\/sitio\/fr\/wp-json\/wp\/v2\/comments?post=45358"}],"version-history":[{"count":14,"href":"https:\/\/www.uartes.edu.ec\/sitio\/fr\/wp-json\/wp\/v2\/posts\/45358\/revisions"}],"predecessor-version":[{"id":62217,"href":"https:\/\/www.uartes.edu.ec\/sitio\/fr\/wp-json\/wp\/v2\/posts\/45358\/revisions\/62217"}],"wp:featuredmedia":[{"embeddable":true,"href":"https:\/\/www.uartes.edu.ec\/sitio\/fr\/wp-json\/wp\/v2\/media\/45390"}],"wp:attachment":[{"href":"https:\/\/www.uartes.edu.ec\/sitio\/fr\/wp-json\/wp\/v2\/media?parent=45358"}],"wp:term":[{"taxonomy":"category","embeddable":true,"href":"https:\/\/www.uartes.edu.ec\/sitio\/fr\/wp-json\/wp\/v2\/categories?post=45358"},{"taxonomy":"post_tag","embeddable":true,"href":"https:\/\/www.uartes.edu.ec\/sitio\/fr\/wp-json\/wp\/v2\/tags?post=45358"},{"taxonomy":"infouartes","embeddable":true,"href":"https:\/\/www.uartes.edu.ec\/sitio\/fr\/wp-json\/wp\/v2\/infouartes?post=45358"}],"curies":[{"name":"wp","href":"https:\/\/api.w.org\/{rel}","templated":true}]}}