{"id":4610,"date":"2019-10-17T17:08:47","date_gmt":"2019-10-17T22:08:47","guid":{"rendered":"http:\/\/www.uartes.edu.ec\/sitio\/?p=4610"},"modified":"2024-07-04T11:49:08","modified_gmt":"2024-07-04T16:49:08","slug":"111-actividades-tendra-la-cuarta-edicion-de-interactos-los-encuentros-publicos-de-artes","status":"publish","type":"post","link":"https:\/\/www.uartes.edu.ec\/sitio\/fr\/blog\/2019\/10\/17\/111-actividades-tendra-la-cuarta-edicion-de-interactos-los-encuentros-publicos-de-artes\/","title":{"rendered":"111 actividades tendr\u00e1 la cuarta edici\u00f3n de Inter[\u2022]actos, los Encuentros P\u00fablicos de Artes"},"content":{"rendered":"\n<p style=\"text-align:right\"><em>Se desarrollar\u00e1 del 22 al 26 de octubre en la UArtes y varios\nescenarios inmersos en la actividad cultural y art\u00edstica de Guayaquil. Habr\u00e1\nexposiciones, recitales, presentaciones musicales y esc\u00e9nicas, muestras de\nartes visuales y fotograf\u00eda, conversatorios, mesas de debate y talleres.<\/em><\/p>\n\n\n\n<p>La Universidad de las Artes present\u00f3 oficialmente hoy,\njueves 17 de octubre, la programaci\u00f3n de Inter[\u2022]actos, los Encuentros P\u00fablicos\nde Artes que en este 2019 llega a su cuarta edici\u00f3n con 111 actividades que\npropician un intercambio de experiencias en el \u00e1mbito acad\u00e9mico, cultural y\nart\u00edstico.<\/p>\n\n\n\n<p>La presentaci\u00f3n se dio con una rueda de prensa, la cual tuvo\nlugar en la terraza de la Biblioteca de las Artes. All\u00ed, el rector de la\nUArtes, Ramiro Noriega; la vicerrectora acad\u00e9mica, Mar\u00eda Paulina Soto; y Daniel\nMerch\u00e1n, productor de Inter[\u2022]actos, destacaron la importancia de los Encuentros\nP\u00fablicos de Artes que los pr\u00f3ximos 22, 23, 24, 25 y 26 de octubre congregar\u00e1n\nen sus instalaciones y en varios espacios culturales ic\u00f3nicos de Guayaquil a 35\nartistas internacionales \u2013provenientes de doce pa\u00edses\u2013 y a 25 nacionales, con\npropuestas cinematogr\u00e1ficas, esc\u00e9nicas, musicales, visuales, literarias e\ninterdisciplinarias. &nbsp;&nbsp;<\/p>\n\n\n\n<p>La inauguraci\u00f3n de Inter[\u2022]actos est\u00e1 programada para el\nmi\u00e9rcoles 23 de octubre, a las 18h00, en la Plaza P\u00fablica del Centro de\nProducci\u00f3n e Innovaci\u00f3n MZ14 (Panam\u00e1 y 9 de Octubre) de la Universidad de las\nArtes. <\/p>\n\n\n\n<p>\u201cInter[\u2022]actos no es una iniciativa que solo suscita, sino\nque desarrolla y transforma. Un espacio concebido para ayudar a transformar la\neducaci\u00f3n en artes, hacer lo posible para que sea una educaci\u00f3n, org\u00e1nica,\ncr\u00edtica, inteligente, feliz; una educaci\u00f3n de puertas abiertas\u201d, expres\u00f3 Ramiro\nNoriega y a\u00f1adi\u00f3 que \u201cuno de los problemas que hemos observado en las\ninstituciones de educaci\u00f3n \u2013no todas\u2013 es que se han encerrado mucho y nosotros\nopinamos que la cultura y las artes suceden en lo p\u00fablico y con lo p\u00fablico. Son\nuna plataforma, una invitaci\u00f3n para que la ciudadan\u00eda pueda encontrar una conexi\u00f3n\u201d.<\/p>\n\n\n\n<p>La UArtes es una universidad ciudadana, pues est\u00e1 conectada\ncon la ciudad, dijo el rector y ante el bicentenario de su independencia, que\nGuayaquil celebrar\u00e1 en el 2020, anot\u00f3 que Inter(\u2022)actos abre la puerta con una\nagenda cultural y art\u00edstica potente. Guayaquil es una de las capitales\nculturales de Am\u00e9rica Latina, una ciudad verdaderamente inteligente, refiri\u00f3.<\/p>\n\n\n\n<p>En Inter[\u2022]actos habr\u00e1 exposiciones, recitales,\npresentaciones musicales y esc\u00e9nicas, muestras de artes visuales y fotograf\u00eda,\nconversatorios, mesas de debate y talleres, adelant\u00f3 Daniel Merch\u00e1n y mencion\u00f3\nentre los invitados internacionales a Alika &amp; Nueva Alianza (Uruguay),\nJairo Cuero (Colombia), Rubens Mano (Brasil), Andrea Joschk (Chile) y Mar\u00eda\nGalindo (Bolivia). Tendr\u00e1n, asimismo, destacada presencia los invitados\nnacionales Enrique Males, Ganjah Roots, Curare, el Ballet Neo Cl\u00e1sico de ESPOL,\nLyzbeth Badaraco Quartet, A2H, Killa, entre otros. <\/p>\n\n\n\n<p>En la rueda de prensa estuvieron tambi\u00e9n docentes y\ndirectores de las escuelas de la UArtes, inmersas todas \u2013con propuestas\ninterdisciplinarias\u2013 en las actividades culturales y art\u00edsticas de Inter[\u2022]actos.\nCon ellos, los integrantes del Grupo Ojo de M\u00e9xico, H\u00e9ctor Bourges, Fernanda\nVillegas y Patricio Villarreal, quienes participar\u00e1n en los encuentros p\u00fablicos\nde artes con la charla \u201cDesorganizar la M\u00edmesis\u201d y el performance \u201cDeus Ex\nmachina\u201d. <\/p>\n\n\n\n<p>Las actividades son gratuitas, pero el d\u00eda de la\ninauguraci\u00f3n de Inter[\u2022]actos \u2013el 22 de octubre\u2013 y el ingreso a los conciertos\nde Ensamble Killa, Curare, A2H, DJ set Bernarda Ubidia, Ganjah Roots y Alika\n&amp; Nueva Alianza \u2013programados el 26, desde 16h15 hasta las 23h00\u2013 tendr\u00e1 un\ncosto simb\u00f3lico: la entrega de vituallas, alimentos no perecibles o componentes\nelectr\u00f3nicos de segunda mano, los cuales ser\u00e1n entregados al Cuerpo de Bomberos\ny a la Fundaci\u00f3n Ed\u00facate como donaci\u00f3n.<\/p>\n\n\n\n<p>\u00a1Cultura para todas y todos!<\/p>\n","protected":false},"excerpt":{"rendered":"<p>Se desarrollar\u00e1 del 22 al 26 de octubre en la UArtes y varios escenarios inmersos en la actividad cultural y art\u00edstica de Guayaquil. Habr\u00e1 exposiciones, recitales, presentaciones musicales y esc\u00e9nicas, muestras de artes visuales y fotograf\u00eda, conversatorios, mesas de debate y talleres.<\/p>","protected":false},"author":1,"featured_media":4611,"comment_status":"closed","ping_status":"closed","sticky":false,"template":"","format":"standard","meta":{"_acf_changed":false,"_uag_custom_page_level_css":"","_monsterinsights_skip_tracking":false,"_monsterinsights_sitenote_active":false,"_monsterinsights_sitenote_note":"","_monsterinsights_sitenote_category":0,"cybocfi_hide_featured_image":"","footnotes":""},"categories":[82,79],"tags":[52],"infouartes":[],"class_list":["post-4610","post","type-post","status-publish","format-standard","has-post-thumbnail","hentry","category-artes","category-vinculo","tag-interactos"],"acf":[],"yoast_head":"<!-- This site is optimized with the Yoast SEO plugin v27.4 - https:\/\/yoast.com\/product\/yoast-seo-wordpress\/ -->\n<title>Universidad de las Artes - 111 actividades tendr\u00e1 la cuarta edici\u00f3n de Inter[\u2022]actos, los Encuentros P\u00fablicos de Artes<\/title>\n<meta name=\"description\" content=\"Universidad de las Artes - 111 actividades tendr\u00e1 la cuarta edici\u00f3n de Inter[\u2022]actos, los Encuentros P\u00fablicos de Artes\" \/>\n<meta name=\"robots\" content=\"index, follow, max-snippet:-1, max-image-preview:large, max-video-preview:-1\" \/>\n<link rel=\"canonical\" href=\"https:\/\/www.uartes.edu.ec\/sitio\/fr\/blog\/2019\/10\/17\/111-actividades-tendra-la-cuarta-edicion-de-interactos-los-encuentros-publicos-de-artes\/\" \/>\n<meta property=\"og:locale\" content=\"fr_FR\" \/>\n<meta property=\"og:type\" content=\"article\" \/>\n<meta property=\"og:title\" content=\"Universidad de las Artes - 111 actividades tendr\u00e1 la cuarta edici\u00f3n de Inter[\u2022]actos, los Encuentros P\u00fablicos de Artes\" \/>\n<meta property=\"og:description\" content=\"Universidad de las Artes - 111 actividades tendr\u00e1 la cuarta edici\u00f3n de Inter[\u2022]actos, los Encuentros P\u00fablicos de Artes\" \/>\n<meta property=\"og:url\" content=\"https:\/\/www.uartes.edu.ec\/sitio\/fr\/blog\/2019\/10\/17\/111-actividades-tendra-la-cuarta-edicion-de-interactos-los-encuentros-publicos-de-artes\/\" \/>\n<meta property=\"og:site_name\" content=\"Universidad de las Artes\" \/>\n<meta property=\"article:publisher\" content=\"https:\/\/www.facebook.com\/uartesec\" \/>\n<meta property=\"article:published_time\" content=\"2019-10-17T22:08:47+00:00\" \/>\n<meta property=\"article:modified_time\" content=\"2024-07-04T16:49:08+00:00\" \/>\n<meta property=\"og:image\" content=\"https:\/\/www.uartes.edu.ec\/sitio\/wp-content\/uploads\/2019\/10\/foto-rueda-de-prensa.jpg\" \/>\n\t<meta property=\"og:image:width\" content=\"1040\" \/>\n\t<meta property=\"og:image:height\" content=\"693\" \/>\n\t<meta property=\"og:image:type\" content=\"image\/jpeg\" \/>\n<meta name=\"author\" content=\"Universidad de las Artes\" \/>\n<meta name=\"twitter:card\" content=\"summary_large_image\" \/>\n<meta name=\"twitter:creator\" content=\"@uartesec\" \/>\n<meta name=\"twitter:site\" content=\"@uartesec\" \/>\n<meta name=\"twitter:label1\" content=\"\u00c9crit par\" \/>\n\t<meta name=\"twitter:data1\" content=\"Universidad de las Artes\" \/>\n\t<meta name=\"twitter:label2\" content=\"Dur\u00e9e de lecture estim\u00e9e\" \/>\n\t<meta name=\"twitter:data2\" content=\"3 minutes\" \/>\n<script type=\"application\/ld+json\" class=\"yoast-schema-graph\">{\"@context\":\"https:\\\/\\\/schema.org\",\"@graph\":[{\"@type\":\"Article\",\"@id\":\"https:\\\/\\\/www.uartes.edu.ec\\\/sitio\\\/fr\\\/blog\\\/2019\\\/10\\\/17\\\/111-actividades-tendra-la-cuarta-edicion-de-interactos-los-encuentros-publicos-de-artes\\\/#article\",\"isPartOf\":{\"@id\":\"https:\\\/\\\/www.uartes.edu.ec\\\/sitio\\\/fr\\\/blog\\\/2019\\\/10\\\/17\\\/111-actividades-tendra-la-cuarta-edicion-de-interactos-los-encuentros-publicos-de-artes\\\/\"},\"author\":{\"name\":\"Universidad de las Artes\",\"@id\":\"https:\\\/\\\/www.uartes.edu.ec\\\/sitio\\\/fr\\\/#\\\/schema\\\/person\\\/f33f8c1d2af0d5c80a38c8abf458184a\"},\"headline\":\"111 actividades tendr\u00e1 la cuarta edici\u00f3n de Inter[\u2022]actos, los Encuentros P\u00fablicos de Artes\",\"datePublished\":\"2019-10-17T22:08:47+00:00\",\"dateModified\":\"2024-07-04T16:49:08+00:00\",\"mainEntityOfPage\":{\"@id\":\"https:\\\/\\\/www.uartes.edu.ec\\\/sitio\\\/fr\\\/blog\\\/2019\\\/10\\\/17\\\/111-actividades-tendra-la-cuarta-edicion-de-interactos-los-encuentros-publicos-de-artes\\\/\"},\"wordCount\":664,\"publisher\":{\"@id\":\"https:\\\/\\\/www.uartes.edu.ec\\\/sitio\\\/fr\\\/#organization\"},\"image\":{\"@id\":\"https:\\\/\\\/www.uartes.edu.ec\\\/sitio\\\/fr\\\/blog\\\/2019\\\/10\\\/17\\\/111-actividades-tendra-la-cuarta-edicion-de-interactos-los-encuentros-publicos-de-artes\\\/#primaryimage\"},\"thumbnailUrl\":\"https:\\\/\\\/www.uartes.edu.ec\\\/sitio\\\/wp-content\\\/uploads\\\/2019\\\/10\\\/foto-rueda-de-prensa.jpg\",\"keywords\":[\"interactos\"],\"articleSection\":[\"Artes\",\"V\u00ednculo\"],\"inLanguage\":\"fr-FR\"},{\"@type\":[\"WebPage\",\"ItemPage\"],\"@id\":\"https:\\\/\\\/www.uartes.edu.ec\\\/sitio\\\/fr\\\/blog\\\/2019\\\/10\\\/17\\\/111-actividades-tendra-la-cuarta-edicion-de-interactos-los-encuentros-publicos-de-artes\\\/\",\"url\":\"https:\\\/\\\/www.uartes.edu.ec\\\/sitio\\\/fr\\\/blog\\\/2019\\\/10\\\/17\\\/111-actividades-tendra-la-cuarta-edicion-de-interactos-los-encuentros-publicos-de-artes\\\/\",\"name\":\"Universidad de las Artes - 111 actividades tendr\u00e1 la cuarta edici\u00f3n de Inter[\u2022]actos, los Encuentros P\u00fablicos de Artes\",\"isPartOf\":{\"@id\":\"https:\\\/\\\/www.uartes.edu.ec\\\/sitio\\\/fr\\\/#website\"},\"primaryImageOfPage\":{\"@id\":\"https:\\\/\\\/www.uartes.edu.ec\\\/sitio\\\/fr\\\/blog\\\/2019\\\/10\\\/17\\\/111-actividades-tendra-la-cuarta-edicion-de-interactos-los-encuentros-publicos-de-artes\\\/#primaryimage\"},\"image\":{\"@id\":\"https:\\\/\\\/www.uartes.edu.ec\\\/sitio\\\/fr\\\/blog\\\/2019\\\/10\\\/17\\\/111-actividades-tendra-la-cuarta-edicion-de-interactos-los-encuentros-publicos-de-artes\\\/#primaryimage\"},\"thumbnailUrl\":\"https:\\\/\\\/www.uartes.edu.ec\\\/sitio\\\/wp-content\\\/uploads\\\/2019\\\/10\\\/foto-rueda-de-prensa.jpg\",\"datePublished\":\"2019-10-17T22:08:47+00:00\",\"dateModified\":\"2024-07-04T16:49:08+00:00\",\"description\":\"Universidad de las Artes - 111 actividades tendr\u00e1 la cuarta edici\u00f3n de Inter[\u2022]actos, los Encuentros P\u00fablicos de Artes\",\"breadcrumb\":{\"@id\":\"https:\\\/\\\/www.uartes.edu.ec\\\/sitio\\\/fr\\\/blog\\\/2019\\\/10\\\/17\\\/111-actividades-tendra-la-cuarta-edicion-de-interactos-los-encuentros-publicos-de-artes\\\/#breadcrumb\"},\"inLanguage\":\"fr-FR\",\"potentialAction\":[{\"@type\":\"ReadAction\",\"target\":[\"https:\\\/\\\/www.uartes.edu.ec\\\/sitio\\\/fr\\\/blog\\\/2019\\\/10\\\/17\\\/111-actividades-tendra-la-cuarta-edicion-de-interactos-los-encuentros-publicos-de-artes\\\/\"]}]},{\"@type\":\"ImageObject\",\"inLanguage\":\"fr-FR\",\"@id\":\"https:\\\/\\\/www.uartes.edu.ec\\\/sitio\\\/fr\\\/blog\\\/2019\\\/10\\\/17\\\/111-actividades-tendra-la-cuarta-edicion-de-interactos-los-encuentros-publicos-de-artes\\\/#primaryimage\",\"url\":\"https:\\\/\\\/www.uartes.edu.ec\\\/sitio\\\/wp-content\\\/uploads\\\/2019\\\/10\\\/foto-rueda-de-prensa.jpg\",\"contentUrl\":\"https:\\\/\\\/www.uartes.edu.ec\\\/sitio\\\/wp-content\\\/uploads\\\/2019\\\/10\\\/foto-rueda-de-prensa.jpg\",\"width\":1040,\"height\":693},{\"@type\":\"BreadcrumbList\",\"@id\":\"https:\\\/\\\/www.uartes.edu.ec\\\/sitio\\\/fr\\\/blog\\\/2019\\\/10\\\/17\\\/111-actividades-tendra-la-cuarta-edicion-de-interactos-los-encuentros-publicos-de-artes\\\/#breadcrumb\",\"itemListElement\":[{\"@type\":\"ListItem\",\"position\":1,\"name\":\"Inicio\",\"item\":\"https:\\\/\\\/www.uartes.edu.ec\\\/sitio\\\/\"},{\"@type\":\"ListItem\",\"position\":2,\"name\":\"111 actividades tendr\u00e1 la cuarta edici\u00f3n de Inter[\u2022]actos, los Encuentros P\u00fablicos de Artes\"}]},{\"@type\":\"WebSite\",\"@id\":\"https:\\\/\\\/www.uartes.edu.ec\\\/sitio\\\/fr\\\/#website\",\"url\":\"https:\\\/\\\/www.uartes.edu.ec\\\/sitio\\\/fr\\\/\",\"name\":\"Universidad de las Artes\",\"description\":\"Sitio oficial de la Universidad Nacional de las Artes del Ecuador\",\"publisher\":{\"@id\":\"https:\\\/\\\/www.uartes.edu.ec\\\/sitio\\\/fr\\\/#organization\"},\"potentialAction\":[{\"@type\":\"SearchAction\",\"target\":{\"@type\":\"EntryPoint\",\"urlTemplate\":\"https:\\\/\\\/www.uartes.edu.ec\\\/sitio\\\/fr\\\/?s={search_term_string}\"},\"query-input\":{\"@type\":\"PropertyValueSpecification\",\"valueRequired\":true,\"valueName\":\"search_term_string\"}}],\"inLanguage\":\"fr-FR\"},{\"@type\":\"Organization\",\"@id\":\"https:\\\/\\\/www.uartes.edu.ec\\\/sitio\\\/fr\\\/#organization\",\"name\":\"Universidad de las Artes\",\"url\":\"https:\\\/\\\/www.uartes.edu.ec\\\/sitio\\\/fr\\\/\",\"logo\":{\"@type\":\"ImageObject\",\"inLanguage\":\"fr-FR\",\"@id\":\"https:\\\/\\\/www.uartes.edu.ec\\\/sitio\\\/fr\\\/#\\\/schema\\\/logo\\\/image\\\/\",\"url\":\"https:\\\/\\\/www.uartes.edu.ec\\\/sitio\\\/wp-content\\\/uploads\\\/2022\\\/07\\\/logo-ua-horizontal.png\",\"contentUrl\":\"https:\\\/\\\/www.uartes.edu.ec\\\/sitio\\\/wp-content\\\/uploads\\\/2022\\\/07\\\/logo-ua-horizontal.png\",\"width\":800,\"height\":276,\"caption\":\"Universidad de las Artes\"},\"image\":{\"@id\":\"https:\\\/\\\/www.uartes.edu.ec\\\/sitio\\\/fr\\\/#\\\/schema\\\/logo\\\/image\\\/\"},\"sameAs\":[\"https:\\\/\\\/www.facebook.com\\\/uartesec\",\"https:\\\/\\\/x.com\\\/uartesec\",\"https:\\\/\\\/www.tiktok.com\\\/@uartesec\"]},{\"@type\":\"Person\",\"@id\":\"https:\\\/\\\/www.uartes.edu.ec\\\/sitio\\\/fr\\\/#\\\/schema\\\/person\\\/f33f8c1d2af0d5c80a38c8abf458184a\",\"name\":\"Universidad de las Artes\",\"image\":{\"@type\":\"ImageObject\",\"inLanguage\":\"fr-FR\",\"@id\":\"https:\\\/\\\/secure.gravatar.com\\\/avatar\\\/52e4757902f5cfa5ac52d020e5be83cae5487519154b6c35482fe08d589f3c13?s=96&d=mm&r=g\",\"url\":\"https:\\\/\\\/secure.gravatar.com\\\/avatar\\\/52e4757902f5cfa5ac52d020e5be83cae5487519154b6c35482fe08d589f3c13?s=96&d=mm&r=g\",\"contentUrl\":\"https:\\\/\\\/secure.gravatar.com\\\/avatar\\\/52e4757902f5cfa5ac52d020e5be83cae5487519154b6c35482fe08d589f3c13?s=96&d=mm&r=g\",\"caption\":\"Universidad de las Artes\"},\"url\":\"https:\\\/\\\/www.uartes.edu.ec\\\/sitio\\\/fr\\\/blog\\\/author\\\/dircomadm\\\/\"}]}<\/script>\n<!-- \/ Yoast SEO plugin. -->","yoast_head_json":{"title":"Universidad de las Artes - 111 actividades tendr\u00e1 la cuarta edici\u00f3n de Inter[\u2022]actos, los Encuentros P\u00fablicos de Artes","description":"Universidad de las Artes - 111 actividades tendr\u00e1 la cuarta edici\u00f3n de Inter[\u2022]actos, los Encuentros P\u00fablicos de Artes","robots":{"index":"index","follow":"follow","max-snippet":"max-snippet:-1","max-image-preview":"max-image-preview:large","max-video-preview":"max-video-preview:-1"},"canonical":"https:\/\/www.uartes.edu.ec\/sitio\/fr\/blog\/2019\/10\/17\/111-actividades-tendra-la-cuarta-edicion-de-interactos-los-encuentros-publicos-de-artes\/","og_locale":"fr_FR","og_type":"article","og_title":"Universidad de las Artes - 111 actividades tendr\u00e1 la cuarta edici\u00f3n de Inter[\u2022]actos, los Encuentros P\u00fablicos de Artes","og_description":"Universidad de las Artes - 111 actividades tendr\u00e1 la cuarta edici\u00f3n de Inter[\u2022]actos, los Encuentros P\u00fablicos de Artes","og_url":"https:\/\/www.uartes.edu.ec\/sitio\/fr\/blog\/2019\/10\/17\/111-actividades-tendra-la-cuarta-edicion-de-interactos-los-encuentros-publicos-de-artes\/","og_site_name":"Universidad de las Artes","article_publisher":"https:\/\/www.facebook.com\/uartesec","article_published_time":"2019-10-17T22:08:47+00:00","article_modified_time":"2024-07-04T16:49:08+00:00","og_image":[{"width":1040,"height":693,"url":"https:\/\/www.uartes.edu.ec\/sitio\/wp-content\/uploads\/2019\/10\/foto-rueda-de-prensa.jpg","type":"image\/jpeg"}],"author":"Universidad de las Artes","twitter_card":"summary_large_image","twitter_creator":"@uartesec","twitter_site":"@uartesec","twitter_misc":{"\u00c9crit par":"Universidad de las Artes","Dur\u00e9e de lecture estim\u00e9e":"3 minutes"},"schema":{"@context":"https:\/\/schema.org","@graph":[{"@type":"Article","@id":"https:\/\/www.uartes.edu.ec\/sitio\/fr\/blog\/2019\/10\/17\/111-actividades-tendra-la-cuarta-edicion-de-interactos-los-encuentros-publicos-de-artes\/#article","isPartOf":{"@id":"https:\/\/www.uartes.edu.ec\/sitio\/fr\/blog\/2019\/10\/17\/111-actividades-tendra-la-cuarta-edicion-de-interactos-los-encuentros-publicos-de-artes\/"},"author":{"name":"Universidad de las Artes","@id":"https:\/\/www.uartes.edu.ec\/sitio\/fr\/#\/schema\/person\/f33f8c1d2af0d5c80a38c8abf458184a"},"headline":"111 actividades tendr\u00e1 la cuarta edici\u00f3n de Inter[\u2022]actos, los Encuentros P\u00fablicos de Artes","datePublished":"2019-10-17T22:08:47+00:00","dateModified":"2024-07-04T16:49:08+00:00","mainEntityOfPage":{"@id":"https:\/\/www.uartes.edu.ec\/sitio\/fr\/blog\/2019\/10\/17\/111-actividades-tendra-la-cuarta-edicion-de-interactos-los-encuentros-publicos-de-artes\/"},"wordCount":664,"publisher":{"@id":"https:\/\/www.uartes.edu.ec\/sitio\/fr\/#organization"},"image":{"@id":"https:\/\/www.uartes.edu.ec\/sitio\/fr\/blog\/2019\/10\/17\/111-actividades-tendra-la-cuarta-edicion-de-interactos-los-encuentros-publicos-de-artes\/#primaryimage"},"thumbnailUrl":"https:\/\/www.uartes.edu.ec\/sitio\/wp-content\/uploads\/2019\/10\/foto-rueda-de-prensa.jpg","keywords":["interactos"],"articleSection":["Artes","V\u00ednculo"],"inLanguage":"fr-FR"},{"@type":["WebPage","ItemPage"],"@id":"https:\/\/www.uartes.edu.ec\/sitio\/fr\/blog\/2019\/10\/17\/111-actividades-tendra-la-cuarta-edicion-de-interactos-los-encuentros-publicos-de-artes\/","url":"https:\/\/www.uartes.edu.ec\/sitio\/fr\/blog\/2019\/10\/17\/111-actividades-tendra-la-cuarta-edicion-de-interactos-los-encuentros-publicos-de-artes\/","name":"Universidad de las Artes - 111 actividades tendr\u00e1 la cuarta edici\u00f3n de Inter[\u2022]actos, los Encuentros P\u00fablicos de Artes","isPartOf":{"@id":"https:\/\/www.uartes.edu.ec\/sitio\/fr\/#website"},"primaryImageOfPage":{"@id":"https:\/\/www.uartes.edu.ec\/sitio\/fr\/blog\/2019\/10\/17\/111-actividades-tendra-la-cuarta-edicion-de-interactos-los-encuentros-publicos-de-artes\/#primaryimage"},"image":{"@id":"https:\/\/www.uartes.edu.ec\/sitio\/fr\/blog\/2019\/10\/17\/111-actividades-tendra-la-cuarta-edicion-de-interactos-los-encuentros-publicos-de-artes\/#primaryimage"},"thumbnailUrl":"https:\/\/www.uartes.edu.ec\/sitio\/wp-content\/uploads\/2019\/10\/foto-rueda-de-prensa.jpg","datePublished":"2019-10-17T22:08:47+00:00","dateModified":"2024-07-04T16:49:08+00:00","description":"Universidad de las Artes - 111 actividades tendr\u00e1 la cuarta edici\u00f3n de Inter[\u2022]actos, los Encuentros P\u00fablicos de Artes","breadcrumb":{"@id":"https:\/\/www.uartes.edu.ec\/sitio\/fr\/blog\/2019\/10\/17\/111-actividades-tendra-la-cuarta-edicion-de-interactos-los-encuentros-publicos-de-artes\/#breadcrumb"},"inLanguage":"fr-FR","potentialAction":[{"@type":"ReadAction","target":["https:\/\/www.uartes.edu.ec\/sitio\/fr\/blog\/2019\/10\/17\/111-actividades-tendra-la-cuarta-edicion-de-interactos-los-encuentros-publicos-de-artes\/"]}]},{"@type":"ImageObject","inLanguage":"fr-FR","@id":"https:\/\/www.uartes.edu.ec\/sitio\/fr\/blog\/2019\/10\/17\/111-actividades-tendra-la-cuarta-edicion-de-interactos-los-encuentros-publicos-de-artes\/#primaryimage","url":"https:\/\/www.uartes.edu.ec\/sitio\/wp-content\/uploads\/2019\/10\/foto-rueda-de-prensa.jpg","contentUrl":"https:\/\/www.uartes.edu.ec\/sitio\/wp-content\/uploads\/2019\/10\/foto-rueda-de-prensa.jpg","width":1040,"height":693},{"@type":"BreadcrumbList","@id":"https:\/\/www.uartes.edu.ec\/sitio\/fr\/blog\/2019\/10\/17\/111-actividades-tendra-la-cuarta-edicion-de-interactos-los-encuentros-publicos-de-artes\/#breadcrumb","itemListElement":[{"@type":"ListItem","position":1,"name":"Inicio","item":"https:\/\/www.uartes.edu.ec\/sitio\/"},{"@type":"ListItem","position":2,"name":"111 actividades tendr\u00e1 la cuarta edici\u00f3n de Inter[\u2022]actos, los Encuentros P\u00fablicos de Artes"}]},{"@type":"WebSite","@id":"https:\/\/www.uartes.edu.ec\/sitio\/fr\/#website","url":"https:\/\/www.uartes.edu.ec\/sitio\/fr\/","name":"Universidad de las Artes","description":"Sitio oficial de la Universidad Nacional de las Artes del Ecuador","publisher":{"@id":"https:\/\/www.uartes.edu.ec\/sitio\/fr\/#organization"},"potentialAction":[{"@type":"SearchAction","target":{"@type":"EntryPoint","urlTemplate":"https:\/\/www.uartes.edu.ec\/sitio\/fr\/?s={search_term_string}"},"query-input":{"@type":"PropertyValueSpecification","valueRequired":true,"valueName":"search_term_string"}}],"inLanguage":"fr-FR"},{"@type":"Organization","@id":"https:\/\/www.uartes.edu.ec\/sitio\/fr\/#organization","name":"Universidad de las Artes","url":"https:\/\/www.uartes.edu.ec\/sitio\/fr\/","logo":{"@type":"ImageObject","inLanguage":"fr-FR","@id":"https:\/\/www.uartes.edu.ec\/sitio\/fr\/#\/schema\/logo\/image\/","url":"https:\/\/www.uartes.edu.ec\/sitio\/wp-content\/uploads\/2022\/07\/logo-ua-horizontal.png","contentUrl":"https:\/\/www.uartes.edu.ec\/sitio\/wp-content\/uploads\/2022\/07\/logo-ua-horizontal.png","width":800,"height":276,"caption":"Universidad de las Artes"},"image":{"@id":"https:\/\/www.uartes.edu.ec\/sitio\/fr\/#\/schema\/logo\/image\/"},"sameAs":["https:\/\/www.facebook.com\/uartesec","https:\/\/x.com\/uartesec","https:\/\/www.tiktok.com\/@uartesec"]},{"@type":"Person","@id":"https:\/\/www.uartes.edu.ec\/sitio\/fr\/#\/schema\/person\/f33f8c1d2af0d5c80a38c8abf458184a","name":"Universidad de las Artes","image":{"@type":"ImageObject","inLanguage":"fr-FR","@id":"https:\/\/secure.gravatar.com\/avatar\/52e4757902f5cfa5ac52d020e5be83cae5487519154b6c35482fe08d589f3c13?s=96&d=mm&r=g","url":"https:\/\/secure.gravatar.com\/avatar\/52e4757902f5cfa5ac52d020e5be83cae5487519154b6c35482fe08d589f3c13?s=96&d=mm&r=g","contentUrl":"https:\/\/secure.gravatar.com\/avatar\/52e4757902f5cfa5ac52d020e5be83cae5487519154b6c35482fe08d589f3c13?s=96&d=mm&r=g","caption":"Universidad de las Artes"},"url":"https:\/\/www.uartes.edu.ec\/sitio\/fr\/blog\/author\/dircomadm\/"}]}},"uagb_featured_image_src":{"full":["https:\/\/www.uartes.edu.ec\/sitio\/wp-content\/uploads\/2019\/10\/foto-rueda-de-prensa.jpg",1040,693,false],"thumbnail":["https:\/\/www.uartes.edu.ec\/sitio\/wp-content\/uploads\/2019\/10\/foto-rueda-de-prensa-150x150.jpg",150,150,true],"medium":["https:\/\/www.uartes.edu.ec\/sitio\/wp-content\/uploads\/2019\/10\/foto-rueda-de-prensa-300x200.jpg",300,200,true],"medium_large":["https:\/\/www.uartes.edu.ec\/sitio\/wp-content\/uploads\/2019\/10\/foto-rueda-de-prensa-768x512.jpg",768,512,true],"large":["https:\/\/www.uartes.edu.ec\/sitio\/wp-content\/uploads\/2019\/10\/foto-rueda-de-prensa-644x429.jpg",644,429,true],"1536x1536":["https:\/\/www.uartes.edu.ec\/sitio\/wp-content\/uploads\/2019\/10\/foto-rueda-de-prensa.jpg",1040,693,false],"2048x2048":["https:\/\/www.uartes.edu.ec\/sitio\/wp-content\/uploads\/2019\/10\/foto-rueda-de-prensa.jpg",1040,693,false],"trp-custom-language-flag":["https:\/\/www.uartes.edu.ec\/sitio\/wp-content\/uploads\/2019\/10\/foto-rueda-de-prensa.jpg",18,12,false],"htmega_size_585x295":["https:\/\/www.uartes.edu.ec\/sitio\/wp-content\/uploads\/2019\/10\/foto-rueda-de-prensa.jpg",443,295,false],"htmega_size_1170x536":["https:\/\/www.uartes.edu.ec\/sitio\/wp-content\/uploads\/2019\/10\/foto-rueda-de-prensa.jpg",804,536,false],"htmega_size_396x360":["https:\/\/www.uartes.edu.ec\/sitio\/wp-content\/uploads\/2019\/10\/foto-rueda-de-prensa.jpg",396,264,false],"gb-block-post-grid-landscape":["https:\/\/www.uartes.edu.ec\/sitio\/wp-content\/uploads\/2019\/10\/foto-rueda-de-prensa.jpg",600,400,false],"gb-block-post-grid-square":["https:\/\/www.uartes.edu.ec\/sitio\/wp-content\/uploads\/2019\/10\/foto-rueda-de-prensa.jpg",600,400,false],"university-hub-thumb":["https:\/\/www.uartes.edu.ec\/sitio\/wp-content\/uploads\/2019\/10\/foto-rueda-de-prensa-400x267.jpg",400,267,true],"mailpoet_newsletter_max":["https:\/\/www.uartes.edu.ec\/sitio\/wp-content\/uploads\/2019\/10\/foto-rueda-de-prensa.jpg",1040,693,false]},"uagb_author_info":{"display_name":"Universidad de las Artes","author_link":"https:\/\/www.uartes.edu.ec\/sitio\/fr\/blog\/author\/dircomadm\/"},"uagb_comment_info":0,"uagb_excerpt":"Se desarrollar\u00e1 del 22 al 26 de octubre en la UArtes y varios escenarios inmersos en la actividad cultural y art\u00edstica de Guayaquil. Habr\u00e1 exposiciones, recitales, presentaciones musicales y esc\u00e9nicas, muestras de artes visuales y fotograf\u00eda, conversatorios, mesas de debate y talleres.","featured_image_src":"https:\/\/www.uartes.edu.ec\/sitio\/wp-content\/uploads\/2019\/10\/foto-rueda-de-prensa.jpg","featured_image_src_square":"https:\/\/www.uartes.edu.ec\/sitio\/wp-content\/uploads\/2019\/10\/foto-rueda-de-prensa.jpg","author_info":{"display_name":"Universidad de las Artes","author_link":"https:\/\/www.uartes.edu.ec\/sitio\/fr\/blog\/author\/dircomadm\/"},"publishpress_future_workflow_manual_trigger":{"enabledWorkflows":[]},"distributor_meta":false,"distributor_terms":false,"distributor_media":false,"distributor_original_site_name":"Universidad de las Artes","distributor_original_site_url":"https:\/\/www.uartes.edu.ec\/sitio\/fr","push-errors":false,"_links":{"self":[{"href":"https:\/\/www.uartes.edu.ec\/sitio\/fr\/wp-json\/wp\/v2\/posts\/4610","targetHints":{"allow":["GET"]}}],"collection":[{"href":"https:\/\/www.uartes.edu.ec\/sitio\/fr\/wp-json\/wp\/v2\/posts"}],"about":[{"href":"https:\/\/www.uartes.edu.ec\/sitio\/fr\/wp-json\/wp\/v2\/types\/post"}],"author":[{"embeddable":true,"href":"https:\/\/www.uartes.edu.ec\/sitio\/fr\/wp-json\/wp\/v2\/users\/1"}],"replies":[{"embeddable":true,"href":"https:\/\/www.uartes.edu.ec\/sitio\/fr\/wp-json\/wp\/v2\/comments?post=4610"}],"version-history":[{"count":2,"href":"https:\/\/www.uartes.edu.ec\/sitio\/fr\/wp-json\/wp\/v2\/posts\/4610\/revisions"}],"predecessor-version":[{"id":4613,"href":"https:\/\/www.uartes.edu.ec\/sitio\/fr\/wp-json\/wp\/v2\/posts\/4610\/revisions\/4613"}],"wp:featuredmedia":[{"embeddable":true,"href":"https:\/\/www.uartes.edu.ec\/sitio\/fr\/wp-json\/wp\/v2\/media\/4611"}],"wp:attachment":[{"href":"https:\/\/www.uartes.edu.ec\/sitio\/fr\/wp-json\/wp\/v2\/media?parent=4610"}],"wp:term":[{"taxonomy":"category","embeddable":true,"href":"https:\/\/www.uartes.edu.ec\/sitio\/fr\/wp-json\/wp\/v2\/categories?post=4610"},{"taxonomy":"post_tag","embeddable":true,"href":"https:\/\/www.uartes.edu.ec\/sitio\/fr\/wp-json\/wp\/v2\/tags?post=4610"},{"taxonomy":"infouartes","embeddable":true,"href":"https:\/\/www.uartes.edu.ec\/sitio\/fr\/wp-json\/wp\/v2\/infouartes?post=4610"}],"curies":[{"name":"wp","href":"https:\/\/api.w.org\/{rel}","templated":true}]}}